{"id":474053,"date":"2024-08-30T10:00:00","date_gmt":"2024-08-30T02:00:00","guid":{"rendered":"https:\/\/www.ipim.gov.mo\/noticias-do-ipim\/2024-08-30-o-ccac-a-convite-do-ipim-realiza-palestra-sobre-integridade\/"},"modified":"2024-08-30T10:00:00","modified_gmt":"2024-08-30T02:00:00","slug":"2024-08-30-o-ccac-a-convite-do-ipim-realiza-palestra-sobre-integridade","status":"publish","type":"post","link":"https:\/\/www.ipim.gov.mo\/pt-pt\/noticias-do-ipim\/2024-08-30-o-ccac-a-convite-do-ipim-realiza-palestra-sobre-integridade\/","title":{"rendered":"[2024\/08\/30] O CCAC, a convite do IPIM, realiza palestra sobre integridade"},"content":{"rendered":"<p style=\"text-align:justify\">Com o intuito de consolidar a consci&ecirc;ncia sobre a integridade e o cumprimento da lei, o Instituto de Promo&ccedil;&atilde;o do Com&eacute;rcio e do Investimento (IPIM) convidou o Comissariado contra a Corrup&ccedil;&atilde;o (CCAC) para realizar, no dia 27 de Agosto, uma palestra sob o tema de \u201cLideran&ccedil;a &Eacute;tica\u201d. Por esta ocasi&atilde;o, o pessoal da direc&ccedil;&atilde;o e chefia e os funcion&aacute;rios do IPIM marcaram presen&ccedil;a.<\/p>\n<p style=\"text-align:justify\">Em torno do conceito nuclear \u201clideran&ccedil;a &eacute;tica\u201d, os representantes do CCAC procederam a uma an&aacute;lise profunda sobre casos de conduta profissional, deveres legais e crime funcional, aspectos intimamente relacionados com os funcion&aacute;rios p&uacute;blicos, em conjuga&ccedil;&atilde;o com a discuss&atilde;o de casos concretos. O objectivo passa por intensificar em pleno o respeito pela integridade e pelas leis e regulamentos vigentes por parte do pessoal do IPIM.<\/p>\n<p style=\"text-align:justify\">A realiza&ccedil;&atilde;o de palestras sobre integridade constitui uma parte integrante de grande import&acirc;ncia na promo&ccedil;&atilde;o da cultura de integridade pelo IPIM. Trata-se da primeira vez em que o IPIM convidou o CCAC para partilhar informa&ccedil;&otilde;es sobre integridade ap&oacute;s a sua fus&atilde;o, em Julho, com o Gabinete de Apoio ao Secretariado Permanente do F&oacute;rum para a Coopera&ccedil;&atilde;o Econ&oacute;mica e Comercial entre a China e os Pa&iacute;ses de L&iacute;ngua Portuguesa. Em paralelo, &eacute; tamb&eacute;m a sexta palestra desta natureza que o CCAC realizou, a convite do IPIM, desde 2019. Al&eacute;m disso, o IPIM tamb&eacute;m convidou a Direc&ccedil;&atilde;o dos Servi&ccedil;os de Administra&ccedil;&atilde;o e Fun&ccedil;&atilde;o P&uacute;blica e o Minist&eacute;rio P&uacute;blico, entre outras entidades, para a realiza&ccedil;&atilde;o de cursos sobre diversas mat&eacute;rias jur&iacute;dicas, como processos disciplinares, regime de impedimento e dever de sigilo, responsabilidades penais, assim como leis no dom&iacute;nio do procedimento administrativo. O IPIM, por sua vez, tem enviado mensalmente <em>e-mail<\/em>s de aviso para todo o pessoal, a fim de consolidar a consci&ecirc;ncia do pessoal sobre a integridade, a honestidade e o cumprimento da lei.<\/p>\n<div class=\"wp-caption alignnone\">\n                <a href=\"https:\/\/cdn.gcs.gov.mo\/api\/resource\/ibs\/P24HdepSah\" data-component=\"Popup\" data-fancybox=\"gallery\" data-caption=\"O pessoal da direc\u00e7\u00e3o e chefia e os funcion\u00e1rios do IPIM participaram na palestra tem\u00e1tica sobre \u201clideran\u00e7a \u00e9tica\u201d.\" data-type=\"image\"><br \/>\n                <img decoding=\"async\" class=\"size-large\" src=\"https:\/\/cdn.gcs.gov.mo\/api\/resource\/ibs\/P24HdepSah\" title=\"O pessoal da direc\u00e7\u00e3o e chefia e os funcion\u00e1rios do IPIM participaram na palestra tem\u00e1tica sobre \u201clideran\u00e7a \u00e9tica\u201d.\" alt=\"O pessoal da direc\u00e7\u00e3o e chefia e os funcion\u00e1rios do IPIM participaram na palestra tem\u00e1tica sobre \u201clideran\u00e7a \u00e9tica\u201d.\" width=\"1024\"><br \/>\n                <\/a><\/p>\n<p class=\"wp-caption-text\">O pessoal da direc\u00e7\u00e3o e chefia e os funcion\u00e1rios do IPIM participaram na palestra tem\u00e1tica sobre \u201clideran\u00e7a \u00e9tica\u201d.<\/p>\n<\/p><\/div>\n","protected":false},"excerpt":{"rendered":"<p>Com o intuito de consolidar a consci&ecirc;ncia sobre a integridade e o cumprimento da lei, o Instituto de Promo&ccedil;&atilde;o do Com&eacute;rcio e do Investimento (IPIM) [&hellip;]<\/p>\n","protected":false},"author":1,"featured_media":467868,"comment_status":"closed","ping_status":"closed","sticky":false,"template":"","format":"standard","meta":{"_acf_changed":false,"inline_featured_image":false,"advgb_blocks_editor_width":"","advgb_blocks_columns_visual_guide":"","footnotes":""},"categories":[12],"tags":[],"class_list":["post-474053","post","type-post","status-publish","format-standard","has-post-thumbnail","hentry","category-noticias-do-ipim"],"acf":[],"yoast_head":"<!-- This site is optimized with the Yoast SEO plugin v26.2 - https:\/\/yoast.com\/wordpress\/plugins\/seo\/ -->\r\n<title>[2024\/08\/30] O CCAC, a convite do IPIM, realiza palestra sobre integridade | Commerce and Investment Promotion Institute<\/title>\r\n<meta name=\"robots\" content=\"index, follow, max-snippet:-1, max-image-preview:large, max-video-preview:-1\" \/>\r\n<link rel=\"canonical\" href=\"https:\/\/www.ipim.gov.mo\/pt-pt\/noticias-do-ipim\/2024-08-30-o-ccac-a-convite-do-ipim-realiza-palestra-sobre-integridade\/\" \/>\r\n<meta property=\"og:locale\" content=\"pt_PT\" \/>\r\n<meta property=\"og:type\" content=\"article\" \/>\r\n<meta property=\"og:title\" content=\"[2024\/08\/30] O CCAC, a convite do IPIM, realiza palestra sobre integridade | Commerce and Investment Promotion Institute\" \/>\r\n<meta property=\"og:description\" content=\"Com o intuito de consolidar a consci&ecirc;ncia sobre a integridade e o cumprimento da lei, o Instituto de Promo&ccedil;&atilde;o do Com&eacute;rcio e do Investimento (IPIM) [&hellip;]\" \/>\r\n<meta property=\"og:url\" content=\"https:\/\/www.ipim.gov.mo\/pt-pt\/noticias-do-ipim\/2024-08-30-o-ccac-a-convite-do-ipim-realiza-palestra-sobre-integridade\/\" \/>\r\n<meta property=\"og:site_name\" content=\"Commerce and Investment Promotion Institute\" \/>\r\n<meta property=\"article:published_time\" content=\"2024-08-30T02:00:00+00:00\" \/>\r\n<meta property=\"og:image\" content=\"https:\/\/www.ipim.gov.mo\/wp-content\/uploads\/2024\/07\/ipim-post-default.jpg\" \/>\r\n\t<meta property=\"og:image:width\" content=\"1024\" \/>\r\n\t<meta property=\"og:image:height\" content=\"768\" \/>\r\n\t<meta property=\"og:image:type\" content=\"image\/jpeg\" \/>\r\n<meta name=\"author\" content=\"admin\" \/>\r\n<meta name=\"twitter:card\" content=\"summary_large_image\" \/>\r\n<meta name=\"twitter:label1\" content=\"Written by\" \/>\n\t<meta name=\"twitter:data1\" content=\"admin\" \/>\n\t<meta name=\"twitter:label2\" content=\"Est. reading time\" \/>\n\t<meta name=\"twitter:data2\" content=\"2 minutes\" \/>\r\n<script type=\"application\/ld+json\" class=\"yoast-schema-graph\">{\"@context\":\"https:\/\/schema.org\",\"@graph\":[{\"@type\":\"WebPage\",\"@id\":\"https:\/\/www.ipim.gov.mo\/pt-pt\/noticias-do-ipim\/2024-08-30-o-ccac-a-convite-do-ipim-realiza-palestra-sobre-integridade\/\",\"url\":\"https:\/\/www.ipim.gov.mo\/pt-pt\/noticias-do-ipim\/2024-08-30-o-ccac-a-convite-do-ipim-realiza-palestra-sobre-integridade\/\",\"name\":\"[2024\/08\/30] O CCAC, a convite do IPIM, realiza palestra sobre integridade | Commerce and Investment Promotion Institute\",\"isPartOf\":{\"@id\":\"https:\/\/www.ipim.gov.mo\/zh-hans\/#website\"},\"primaryImageOfPage\":{\"@id\":\"https:\/\/www.ipim.gov.mo\/pt-pt\/noticias-do-ipim\/2024-08-30-o-ccac-a-convite-do-ipim-realiza-palestra-sobre-integridade\/#primaryimage\"},\"image\":{\"@id\":\"https:\/\/www.ipim.gov.mo\/pt-pt\/noticias-do-ipim\/2024-08-30-o-ccac-a-convite-do-ipim-realiza-palestra-sobre-integridade\/#primaryimage\"},\"thumbnailUrl\":\"https:\/\/www.ipim.gov.mo\/wp-content\/uploads\/2024\/07\/ipim-post-default.jpg\",\"datePublished\":\"2024-08-30T02:00:00+00:00\",\"breadcrumb\":{\"@id\":\"https:\/\/www.ipim.gov.mo\/pt-pt\/noticias-do-ipim\/2024-08-30-o-ccac-a-convite-do-ipim-realiza-palestra-sobre-integridade\/#breadcrumb\"},\"inLanguage\":\"pt-PT\",\"potentialAction\":[{\"@type\":\"ReadAction\",\"target\":[\"https:\/\/www.ipim.gov.mo\/pt-pt\/noticias-do-ipim\/2024-08-30-o-ccac-a-convite-do-ipim-realiza-palestra-sobre-integridade\/\"]}]},{\"@type\":\"ImageObject\",\"inLanguage\":\"pt-PT\",\"@id\":\"https:\/\/www.ipim.gov.mo\/pt-pt\/noticias-do-ipim\/2024-08-30-o-ccac-a-convite-do-ipim-realiza-palestra-sobre-integridade\/#primaryimage\",\"url\":\"https:\/\/www.ipim.gov.mo\/wp-content\/uploads\/2024\/07\/ipim-post-default.jpg\",\"contentUrl\":\"https:\/\/www.ipim.gov.mo\/wp-content\/uploads\/2024\/07\/ipim-post-default.jpg\",\"width\":1024,\"height\":768},{\"@type\":\"BreadcrumbList\",\"@id\":\"https:\/\/www.ipim.gov.mo\/pt-pt\/noticias-do-ipim\/2024-08-30-o-ccac-a-convite-do-ipim-realiza-palestra-sobre-integridade\/#breadcrumb\",\"itemListElement\":[{\"@type\":\"ListItem\",\"position\":1,\"name\":\"Home\",\"item\":\"https:\/\/www.ipim.gov.mo\/pt-pt\/\"},{\"@type\":\"ListItem\",\"position\":2,\"name\":\"[2024\/08\/30] O CCAC, a convite do IPIM, realiza palestra sobre integridade\"}]},{\"@type\":\"WebSite\",\"@id\":\"https:\/\/www.ipim.gov.mo\/zh-hans\/#website\",\"url\":\"https:\/\/www.ipim.gov.mo\/zh-hans\/\",\"name\":\"Commerce and Investment Promotion Institute\",\"description\":\"Commerce and Investment Promotion Institute\",\"publisher\":{\"@id\":\"https:\/\/www.ipim.gov.mo\/zh-hans\/#organization\"},\"potentialAction\":[{\"@type\":\"SearchAction\",\"target\":{\"@type\":\"EntryPoint\",\"urlTemplate\":\"https:\/\/www.ipim.gov.mo\/zh-hans\/?s={search_term_string}\"},\"query-input\":{\"@type\":\"PropertyValueSpecification\",\"valueRequired\":true,\"valueName\":\"search_term_string\"}}],\"inLanguage\":\"pt-PT\"},{\"@type\":\"Organization\",\"@id\":\"https:\/\/www.ipim.gov.mo\/zh-hans\/#organization\",\"name\":\"IPIM\",\"url\":\"https:\/\/www.ipim.gov.mo\/zh-hans\/\",\"logo\":{\"@type\":\"ImageObject\",\"inLanguage\":\"pt-PT\",\"@id\":\"https:\/\/www.ipim.gov.mo\/zh-hans\/#\/schema\/logo\/image\/\",\"url\":\"https:\/\/www.ipim.gov.mo\/wp-content\/uploads\/2022\/10\/default-post-thumbnail-ipim-logo.png\",\"contentUrl\":\"https:\/\/www.ipim.gov.mo\/wp-content\/uploads\/2022\/10\/default-post-thumbnail-ipim-logo.png\",\"width\":1024,\"height\":768,\"caption\":\"IPIM\"},\"image\":{\"@id\":\"https:\/\/www.ipim.gov.mo\/zh-hans\/#\/schema\/logo\/image\/\"}}]}<\/script>\r\n<!-- \/ Yoast SEO plugin. -->","yoast_head_json":{"title":"[2024\/08\/30] O CCAC, a convite do IPIM, realiza palestra sobre integridade | Commerce and Investment Promotion Institute","robots":{"index":"index","follow":"follow","max-snippet":"max-snippet:-1","max-image-preview":"max-image-preview:large","max-video-preview":"max-video-preview:-1"},"canonical":"https:\/\/www.ipim.gov.mo\/pt-pt\/noticias-do-ipim\/2024-08-30-o-ccac-a-convite-do-ipim-realiza-palestra-sobre-integridade\/","og_locale":"pt_PT","og_type":"article","og_title":"[2024\/08\/30] O CCAC, a convite do IPIM, realiza palestra sobre integridade | Commerce and Investment Promotion Institute","og_description":"Com o intuito de consolidar a consci&ecirc;ncia sobre a integridade e o cumprimento da lei, o Instituto de Promo&ccedil;&atilde;o do Com&eacute;rcio e do Investimento (IPIM) [&hellip;]","og_url":"https:\/\/www.ipim.gov.mo\/pt-pt\/noticias-do-ipim\/2024-08-30-o-ccac-a-convite-do-ipim-realiza-palestra-sobre-integridade\/","og_site_name":"Commerce and Investment Promotion Institute","article_published_time":"2024-08-30T02:00:00+00:00","og_image":[{"width":1024,"height":768,"url":"https:\/\/www.ipim.gov.mo\/wp-content\/uploads\/2024\/07\/ipim-post-default.jpg","type":"image\/jpeg"}],"author":"admin","twitter_card":"summary_large_image","twitter_misc":{"Written by":"admin","Est. reading time":"2 minutes"},"schema":{"@context":"https:\/\/schema.org","@graph":[{"@type":"WebPage","@id":"https:\/\/www.ipim.gov.mo\/pt-pt\/noticias-do-ipim\/2024-08-30-o-ccac-a-convite-do-ipim-realiza-palestra-sobre-integridade\/","url":"https:\/\/www.ipim.gov.mo\/pt-pt\/noticias-do-ipim\/2024-08-30-o-ccac-a-convite-do-ipim-realiza-palestra-sobre-integridade\/","name":"[2024\/08\/30] O CCAC, a convite do IPIM, realiza palestra sobre integridade | Commerce and Investment Promotion Institute","isPartOf":{"@id":"https:\/\/www.ipim.gov.mo\/zh-hans\/#website"},"primaryImageOfPage":{"@id":"https:\/\/www.ipim.gov.mo\/pt-pt\/noticias-do-ipim\/2024-08-30-o-ccac-a-convite-do-ipim-realiza-palestra-sobre-integridade\/#primaryimage"},"image":{"@id":"https:\/\/www.ipim.gov.mo\/pt-pt\/noticias-do-ipim\/2024-08-30-o-ccac-a-convite-do-ipim-realiza-palestra-sobre-integridade\/#primaryimage"},"thumbnailUrl":"https:\/\/www.ipim.gov.mo\/wp-content\/uploads\/2024\/07\/ipim-post-default.jpg","datePublished":"2024-08-30T02:00:00+00:00","breadcrumb":{"@id":"https:\/\/www.ipim.gov.mo\/pt-pt\/noticias-do-ipim\/2024-08-30-o-ccac-a-convite-do-ipim-realiza-palestra-sobre-integridade\/#breadcrumb"},"inLanguage":"pt-PT","potentialAction":[{"@type":"ReadAction","target":["https:\/\/www.ipim.gov.mo\/pt-pt\/noticias-do-ipim\/2024-08-30-o-ccac-a-convite-do-ipim-realiza-palestra-sobre-integridade\/"]}]},{"@type":"ImageObject","inLanguage":"pt-PT","@id":"https:\/\/www.ipim.gov.mo\/pt-pt\/noticias-do-ipim\/2024-08-30-o-ccac-a-convite-do-ipim-realiza-palestra-sobre-integridade\/#primaryimage","url":"https:\/\/www.ipim.gov.mo\/wp-content\/uploads\/2024\/07\/ipim-post-default.jpg","contentUrl":"https:\/\/www.ipim.gov.mo\/wp-content\/uploads\/2024\/07\/ipim-post-default.jpg","width":1024,"height":768},{"@type":"BreadcrumbList","@id":"https:\/\/www.ipim.gov.mo\/pt-pt\/noticias-do-ipim\/2024-08-30-o-ccac-a-convite-do-ipim-realiza-palestra-sobre-integridade\/#breadcrumb","itemListElement":[{"@type":"ListItem","position":1,"name":"Home","item":"https:\/\/www.ipim.gov.mo\/pt-pt\/"},{"@type":"ListItem","position":2,"name":"[2024\/08\/30] O CCAC, a convite do IPIM, realiza palestra sobre integridade"}]},{"@type":"WebSite","@id":"https:\/\/www.ipim.gov.mo\/zh-hans\/#website","url":"https:\/\/www.ipim.gov.mo\/zh-hans\/","name":"Commerce and Investment Promotion Institute","description":"Commerce and Investment Promotion Institute","publisher":{"@id":"https:\/\/www.ipim.gov.mo\/zh-hans\/#organization"},"potentialAction":[{"@type":"SearchAction","target":{"@type":"EntryPoint","urlTemplate":"https:\/\/www.ipim.gov.mo\/zh-hans\/?s={search_term_string}"},"query-input":{"@type":"PropertyValueSpecification","valueRequired":true,"valueName":"search_term_string"}}],"inLanguage":"pt-PT"},{"@type":"Organization","@id":"https:\/\/www.ipim.gov.mo\/zh-hans\/#organization","name":"IPIM","url":"https:\/\/www.ipim.gov.mo\/zh-hans\/","logo":{"@type":"ImageObject","inLanguage":"pt-PT","@id":"https:\/\/www.ipim.gov.mo\/zh-hans\/#\/schema\/logo\/image\/","url":"https:\/\/www.ipim.gov.mo\/wp-content\/uploads\/2022\/10\/default-post-thumbnail-ipim-logo.png","contentUrl":"https:\/\/www.ipim.gov.mo\/wp-content\/uploads\/2022\/10\/default-post-thumbnail-ipim-logo.png","width":1024,"height":768,"caption":"IPIM"},"image":{"@id":"https:\/\/www.ipim.gov.mo\/zh-hans\/#\/schema\/logo\/image\/"}}]}},"author_meta":{"display_name":"admin","author_link":"https:\/\/www.ipim.gov.mo\/pt-pt\/author\/admin\/"},"featured_img":"https:\/\/www.ipim.gov.mo\/wp-content\/uploads\/2024\/07\/ipim-post-default-300x225.jpg","coauthors":[],"tax_additional":{"categories":{"linked":["<a href=\"https:\/\/www.ipim.gov.mo\/pt-pt\/category\/noticias-do-ipim\/\" class=\"advgb-post-tax-term\">Not\u00edcias do IPIM<\/a>"],"unlinked":["<span class=\"advgb-post-tax-term\">Not\u00edcias do IPIM<\/span>"]}},"comment_count":"0","relative_dates":{"created":"Posted 2 years ago","modified":"Updated 2 years ago"},"absolute_dates":{"created":"Posted on Agosto 30, 2024","modified":"Updated on Agosto 30, 2024"},"absolute_dates_time":{"created":"Posted on Agosto 30, 2024 10:00 am","modified":"Updated on Agosto 30, 2024 10:00 am"},"featured_img_caption":"","series_order":"","_links":{"self":[{"href":"https:\/\/www.ipim.gov.mo\/pt-pt\/wp-json\/wp\/v2\/posts\/474053","targetHints":{"allow":["GET"]}}],"collection":[{"href":"https:\/\/www.ipim.gov.mo\/pt-pt\/wp-json\/wp\/v2\/posts"}],"about":[{"href":"https:\/\/www.ipim.gov.mo\/pt-pt\/wp-json\/wp\/v2\/types\/post"}],"author":[{"embeddable":true,"href":"https:\/\/www.ipim.gov.mo\/pt-pt\/wp-json\/wp\/v2\/users\/1"}],"replies":[{"embeddable":true,"href":"https:\/\/www.ipim.gov.mo\/pt-pt\/wp-json\/wp\/v2\/comments?post=474053"}],"version-history":[{"count":0,"href":"https:\/\/www.ipim.gov.mo\/pt-pt\/wp-json\/wp\/v2\/posts\/474053\/revisions"}],"wp:featuredmedia":[{"embeddable":true,"href":"https:\/\/www.ipim.gov.mo\/pt-pt\/wp-json\/wp\/v2\/media\/467868"}],"wp:attachment":[{"href":"https:\/\/www.ipim.gov.mo\/pt-pt\/wp-json\/wp\/v2\/media?parent=474053"}],"wp:term":[{"taxonomy":"category","embeddable":true,"href":"https:\/\/www.ipim.gov.mo\/pt-pt\/wp-json\/wp\/v2\/categories?post=474053"},{"taxonomy":"post_tag","embeddable":true,"href":"https:\/\/www.ipim.gov.mo\/pt-pt\/wp-json\/wp\/v2\/tags?post=474053"}],"curies":[{"name":"wp","href":"https:\/\/api.w.org\/{rel}","templated":true}]}}