{"id":472758,"date":"2024-08-19T19:01:00","date_gmt":"2024-08-19T11:01:00","guid":{"rendered":"https:\/\/www.ipim.gov.mo\/noticias-do-ipim\/2024-08-19-exploracao-de-oportunidades-de-negocios-o-ipim-coordena-a-participacao-de-delegacoes-na-semana-de-macau-em-xianshaanxi-para-promover-produtos-de-marcas-de-m\/"},"modified":"2024-08-19T19:01:00","modified_gmt":"2024-08-19T11:01:00","slug":"2024-08-19-exploracao-de-oportunidades-de-negocios-o-ipim-coordena-a-participacao-de-delegacoes-na-semana-de-macau-em-xianshaanxi-para-promover-produtos-de-marcas-de-m","status":"publish","type":"post","link":"https:\/\/www.ipim.gov.mo\/pt-pt\/noticias-do-ipim\/2024-08-19-exploracao-de-oportunidades-de-negocios-o-ipim-coordena-a-participacao-de-delegacoes-na-semana-de-macau-em-xianshaanxi-para-promover-produtos-de-marcas-de-m\/","title":{"rendered":"[2024\/08\/19] [Explora\u00e7\u00e3o de oportunidades de neg\u00f3cios] O IPIM coordena a participa\u00e7\u00e3o de delega\u00e7\u00f5es na \u201cSemana de Macau em Xi&#8217;an\u2022Shaanxi\u201d para promover produtos de marcas de Macau e dos pa\u00edses de l\u00edngua portuguesa"},"content":{"rendered":"<p style=\"text-align:justify\">Na sequ&ecirc;ncia de adi&ccedil;&atilde;o de Xi&#8217;an, prov&iacute;ncia de Shaanxi, &agrave; lista de cidades do Interior da China com \u201cvistos individuais\u201d para Macau em 2024, a cidade ir&aacute; albergar a realiza&ccedil;&atilde;o da primeira paragem da \u201cSemana de Macau\u201d deste ano, entre 22 e 26 de Agosto, na <em>Zhonghe Square, Qujiang Lake Heritage Park<\/em>. Neste contexto, o Instituto de Promo&ccedil;&atilde;o do Com&eacute;rcio e do Investimento (IPIM) da Regi&atilde;o Administrativa Especial de Macau ir&aacute; organizar uma delega&ccedil;&atilde;o composta por 28 pequenas e m&eacute;dias empresas de Macau, incluindo, pela primeira vez, 10 empresas com certifica&ccedil;&atilde;o Halal para participar na \u201cSemana de Macau em Xi&#8217;an\u2022Shaanxi\u201d, cujo objectivo passa por oferecer aos residentes locais e turistas, uma feira de produtos de qualidade \u201cfabricados em Macau\u201d, de \u201cmarcas de Macau\u201d e dos pa&iacute;ses de l&iacute;ngua portuguesa, em cincos dias consecutivos.<\/p>\n<p style=\"text-align:justify\">Em paralelo, uma delega&ccedil;&atilde;o empresarial de Macau com quase 50 elementos ir&aacute; marcar presen&ccedil;a nas Sess&otilde;es de Bolsas de Contactos Xi&#8217;an-Macau e na Sess&atilde;o de Promo&ccedil;&atilde;o da Marca \u201cMICE&sup2; Macao x Hengqin\u201d em Xi&#8217;an, para al&eacute;m das actividades da \u201cSemana de Macau\u201d, com o prop&oacute;sito de apresentar, junto dos sectores comerciais e tur&iacute;sticos da prov&iacute;ncia de Shaanxi, as vantagens de Macau em termos de ambiente de neg&oacute;cio, conven&ccedil;&otilde;es e exposi&ccedil;&otilde;es, com&eacute;rcio, produtos dos pa&iacute;ses lus&oacute;fonos e produtos com caracter&iacute;sticas pr&oacute;prias de Macau, no sentido de intensificar as ac&ccedil;&otilde;es de capta&ccedil;&atilde;o de neg&oacute;cios e de investimento, bem como refor&ccedil;ar o desenvolvimento integrado entre as ind&uacute;strias de Macau e Hengqin.<\/p>\n<p style=\"text-align:justify\"><strong>Tr&ecirc;s zonas de exposi&ccedil;&atilde;o e venda exp&otilde;e produtos caracter&iacute;sticos de Macau e dos pa&iacute;ses lus&oacute;fonos e produtos Halal<\/strong><\/p>\n<p style=\"text-align:justify\">Sob o planeamento e a organiza&ccedil;&atilde;o do IPIM, a presente iniciativa abrange elementos de B2B e B2C, com conte&uacute;do atractivo para comerciantes, consumidores e visitantes. Ser&atilde;o instaladas, numa &aacute;rea de 320 metros quadrados, tr&ecirc;s zonas de exposi&ccedil;&atilde;o e venda tem&aacute;ticas de produtos \u201cfabricados em Macau\u201d, de \u201cmarcas de Macau\u201d e dos pa&iacute;ses de l&iacute;ngua portuguesa.<\/p>\n<p style=\"text-align:justify\">As zonas de exposi&ccedil;&atilde;o e venda re&uacute;nem produtos caracter&iacute;sticos e produtos Halal, nomeadamente lembran&ccedil;as de comida t&iacute;pica, molhos, alimentos saud&aacute;veis, bebidas alco&oacute;licas, caf&eacute;, vestu&aacute;rio, &oacute;leos essenciais e produtos de higiene pessoal. Entre os 28 expositores, cerca de 11% s&atilde;o participantes novos, incluindo uma empresa do Interior da China que abriu f&aacute;brica de bebidas em Macau e empresas de marcas antigas de Macau. Al&eacute;m disso, vale a pena mencionar a estreia de 10 empresas de Macau com certifica&ccedil;&atilde;o Halal na \u201cSemana de Macau\u201d.<\/p>\n<p style=\"text-align:justify\">A zona de exposi&ccedil;&atilde;o, por sua vez, exibir&aacute; um total de 77 produtos reconhecidos pelo \u201cPrograma de Certifica&ccedil;&atilde;o da Qualidade dos Produtos de Macau\u201d (tamb&eacute;m conhecido por Programa \u201cM-Mark\u201d) trazidos por 30 empresas de Macau, assim como produtos provenientes dos nove pa&iacute;ses de l&iacute;ngua portuguesa, de modo a evidenciar o papel de Macau enquanto Plataforma de Servi&ccedil;os para a Coopera&ccedil;&atilde;o Comercial entre a China e os Pa&iacute;ses de L&iacute;ngua Portuguesa.<\/p>\n<p style=\"text-align:justify\"><strong>Exibi&ccedil;&atilde;o e venda <em>online<\/em> e <em>offline<\/em> ajudam os expositores a abrirem a porta de neg&oacute;cios<\/strong><\/p>\n<p style=\"text-align:justify\">Com vista a adicionar elementos de divers&atilde;o e entretenimento para estimular a visita e o consumo, ser&atilde;o criados pontos de fotografias interessantes que integram a mascote do \u201cVamos Desfrutar\u201d com as singularidades de Xi&#8217;an e realizado o \u201cPr&eacute;mio para Consumo \u2014 Raspadinha\u201d, respectivamente. Est&atilde;o ainda programadas visitas guiadas e sess&otilde;es de transmiss&atilde;o ao vivo com apresenta&ccedil;&otilde;es e vendas de produtos, realizadas pelos influenciadores da Internet.<\/p>\n<p style=\"text-align:justify\">A combina&ccedil;&atilde;o dos canais e meios de exibi&ccedil;&atilde;o e venda em vertentes f&iacute;sica e virtual n&atilde;o s&oacute; proporcionar&aacute; aos residentes de visitantes de Xi&#8217;an uma oportunidade de desfrutar as particularidades de Macau em termos de gastronomia, turismo, compra e divers&atilde;o durante o evento de 5 dias, mas tamb&eacute;m facilitar&aacute; a explora&ccedil;&atilde;o de oportunidades de neg&oacute;cios no mercado de Xi&#8217;an, sobretudo no seu segmento Halal, por parte das PMEs participantes de Macau. Trata-se de uma iniciativa de implementar a estrat&eacute;gia do desenvolvimento da diversifica&ccedil;&atilde;o adequada da economia \u201c1+4\u201d e uma tentativa de injectar nova din&acirc;mica ao mercado comercial da RAEM.<\/p>\n<p style=\"text-align:justify\"><strong>Facilita&ccedil;&atilde;o da explora&ccedil;&atilde;o do mercado de Xi&#8217;an dos empres&aacute;rios de Macau<\/strong><\/p>\n<p style=\"text-align:justify\">A referida delega&ccedil;&atilde;o empresarial de Macau tem como membros empresas nos dom&iacute;nios industriais \u201c1+4\u201d e como objectivo aceder &agrave;s informa&ccedil;&otilde;es mais recentes das suas ind&uacute;strias e explorar oportunidades de neg&oacute;cios, atrav&eacute;s de contactos e interc&acirc;mbios realizados com os seus hom&oacute;logos em Xi&#8217;an durante as actividades da \u201cSemana de Macau\u201d e as duas sess&otilde;es de promo&ccedil;&atilde;o e de bolsas de contactos.<\/p>\n<div class=\"wp-caption alignnone\">\n                <a href=\"https:\/\/cdn.gcs.gov.mo\/api\/resource\/ibs\/P24HSHNwK0\" data-component=\"Popup\" data-fancybox=\"gallery\" data-caption=\"Tr\u00eas zonas de exposi\u00e7\u00e3o e venda, criadas pelo IPIM, para produtos \u201cfabricados em Macau\u201d, de \u201cmarcas de Macau\u201d e dos pa\u00edses de l\u00edngua portuguesa\" data-type=\"image\"><br \/>\n                <img decoding=\"async\" class=\"size-large\" src=\"https:\/\/cdn.gcs.gov.mo\/api\/resource\/ibs\/P24HSHNwK0\" title=\"Tr\u00eas zonas de exposi\u00e7\u00e3o e venda, criadas pelo IPIM, para produtos \u201cfabricados em Macau\u201d, de \u201cmarcas de Macau\u201d e dos pa\u00edses de l\u00edngua portuguesa\" alt=\"Tr\u00eas zonas de exposi\u00e7\u00e3o e venda, criadas pelo IPIM, para produtos \u201cfabricados em Macau\u201d, de \u201cmarcas de Macau\u201d e dos pa\u00edses de l\u00edngua portuguesa\" width=\"1024\"><br \/>\n                <\/a><\/p>\n<p class=\"wp-caption-text\">Tr\u00eas zonas de exposi\u00e7\u00e3o e venda, criadas pelo IPIM, para produtos \u201cfabricados em Macau\u201d, de \u201cmarcas de Macau\u201d e dos pa\u00edses de l\u00edngua portuguesa<\/p>\n<\/p><\/div>\n<div class=\"wp-caption alignnone\">\n                <a href=\"https:\/\/cdn.gcs.gov.mo\/api\/resource\/ibs\/P24HSTCu2s\" data-component=\"Popup\" data-fancybox=\"gallery\" data-caption=\"Tr\u00eas zonas de exposi\u00e7\u00e3o e venda, criadas pelo IPIM, para produtos \u201cfabricados em Macau\u201d, de \u201cmarcas de Macau\u201d e dos pa\u00edses de l\u00edngua portuguesa\" data-type=\"image\"><br \/>\n                <img decoding=\"async\" class=\"size-large\" src=\"https:\/\/cdn.gcs.gov.mo\/api\/resource\/ibs\/P24HSTCu2s\" title=\"Tr\u00eas zonas de exposi\u00e7\u00e3o e venda, criadas pelo IPIM, para produtos \u201cfabricados em Macau\u201d, de \u201cmarcas de Macau\u201d e dos pa\u00edses de l\u00edngua portuguesa\" alt=\"Tr\u00eas zonas de exposi\u00e7\u00e3o e venda, criadas pelo IPIM, para produtos \u201cfabricados em Macau\u201d, de \u201cmarcas de Macau\u201d e dos pa\u00edses de l\u00edngua portuguesa\" width=\"1024\"><br \/>\n                <\/a><\/p>\n<p class=\"wp-caption-text\">Tr\u00eas zonas de exposi\u00e7\u00e3o e venda, criadas pelo IPIM, para produtos \u201cfabricados em Macau\u201d, de \u201cmarcas de Macau\u201d e dos pa\u00edses de l\u00edngua portuguesa<\/p>\n<\/p><\/div>\n<div class=\"wp-caption alignnone\">\n                <a href=\"https:\/\/cdn.gcs.gov.mo\/api\/resource\/ibs\/P24HSSANnm\" data-component=\"Popup\" data-fancybox=\"gallery\" data-caption=\"As zonas de exposi\u00e7\u00e3o e venda no \u00e2mbito da \u201cSemana de Macau\u201d s\u00e3o bem acolhidas pelo p\u00fablico do Interior da China\" data-type=\"image\"><br \/>\n                <img decoding=\"async\" class=\"size-large\" src=\"https:\/\/cdn.gcs.gov.mo\/api\/resource\/ibs\/P24HSSANnm\" title=\"As zonas de exposi\u00e7\u00e3o e venda no \u00e2mbito da \u201cSemana de Macau\u201d s\u00e3o bem acolhidas pelo p\u00fablico do Interior da China\" alt=\"As zonas de exposi\u00e7\u00e3o e venda no \u00e2mbito da \u201cSemana de Macau\u201d s\u00e3o bem acolhidas pelo p\u00fablico do Interior da China\" width=\"1024\"><br \/>\n                <\/a><\/p>\n<p class=\"wp-caption-text\">As zonas de exposi\u00e7\u00e3o e venda no \u00e2mbito da \u201cSemana de Macau\u201d s\u00e3o bem acolhidas pelo p\u00fablico do Interior da China<\/p>\n<\/p><\/div>\n<div class=\"wp-caption alignnone\">\n                <a href=\"https:\/\/cdn.gcs.gov.mo\/api\/resource\/ibs\/P24HSUj0u1\" data-component=\"Popup\" data-fancybox=\"gallery\" data-caption=\"As zonas de exposi\u00e7\u00e3o e venda no \u00e2mbito da \u201cSemana de Macau\u201d s\u00e3o bem acolhidas pelo p\u00fablico do Interior da China\" data-type=\"image\"><br \/>\n                <img decoding=\"async\" class=\"size-large\" src=\"https:\/\/cdn.gcs.gov.mo\/api\/resource\/ibs\/P24HSUj0u1\" title=\"As zonas de exposi\u00e7\u00e3o e venda no \u00e2mbito da \u201cSemana de Macau\u201d s\u00e3o bem acolhidas pelo p\u00fablico do Interior da China\" alt=\"As zonas de exposi\u00e7\u00e3o e venda no \u00e2mbito da \u201cSemana de Macau\u201d s\u00e3o bem acolhidas pelo p\u00fablico do Interior da China\" width=\"1024\"><br \/>\n                <\/a><\/p>\n<p class=\"wp-caption-text\">As zonas de exposi\u00e7\u00e3o e venda no \u00e2mbito da \u201cSemana de Macau\u201d s\u00e3o bem acolhidas pelo p\u00fablico do Interior da China<\/p>\n<\/p><\/div>\n","protected":false},"excerpt":{"rendered":"<p>Na sequ&ecirc;ncia de adi&ccedil;&atilde;o de Xi&#8217;an, prov&iacute;ncia de Shaanxi, &agrave; lista de cidades do Interior da China com \u201cvistos individuais\u201d para Macau em 2024, a [&hellip;]<\/p>\n","protected":false},"author":1,"featured_media":467868,"comment_status":"closed","ping_status":"closed","sticky":false,"template":"","format":"standard","meta":{"_acf_changed":false,"inline_featured_image":false,"advgb_blocks_editor_width":"","advgb_blocks_columns_visual_guide":"","footnotes":""},"categories":[12],"tags":[],"class_list":["post-472758","post","type-post","status-publish","format-standard","has-post-thumbnail","hentry","category-noticias-do-ipim"],"acf":[],"yoast_head":"<!-- This site is optimized with the Yoast SEO plugin v26.2 - https:\/\/yoast.com\/wordpress\/plugins\/seo\/ -->\r\n<title>[2024\/08\/19] [Explora\u00e7\u00e3o de oportunidades de neg\u00f3cios] O IPIM coordena a participa\u00e7\u00e3o de delega\u00e7\u00f5es na \u201cSemana de Macau em Xi&#039;an\u2022Shaanxi\u201d para promover produtos de marcas de Macau e dos pa\u00edses de l\u00edngua portuguesa | Commerce and Investment Promotion Institute<\/title>\r\n<meta name=\"robots\" content=\"index, follow, max-snippet:-1, max-image-preview:large, max-video-preview:-1\" \/>\r\n<link rel=\"canonical\" href=\"https:\/\/www.ipim.gov.mo\/pt-pt\/noticias-do-ipim\/2024-08-19-exploracao-de-oportunidades-de-negocios-o-ipim-coordena-a-participacao-de-delegacoes-na-semana-de-macau-em-xianshaanxi-para-promover-produtos-de-marcas-de-m\/\" \/>\r\n<meta property=\"og:locale\" content=\"pt_PT\" \/>\r\n<meta property=\"og:type\" content=\"article\" \/>\r\n<meta property=\"og:title\" content=\"[2024\/08\/19] [Explora\u00e7\u00e3o de oportunidades de neg\u00f3cios] O IPIM coordena a participa\u00e7\u00e3o de delega\u00e7\u00f5es na \u201cSemana de Macau em Xi&#039;an\u2022Shaanxi\u201d para promover produtos de marcas de Macau e dos pa\u00edses de l\u00edngua portuguesa | Commerce and Investment Promotion Institute\" \/>\r\n<meta property=\"og:description\" content=\"Na sequ&ecirc;ncia de adi&ccedil;&atilde;o de Xi&#8217;an, prov&iacute;ncia de Shaanxi, &agrave; lista de cidades do Interior da China com \u201cvistos individuais\u201d para Macau em 2024, a [&hellip;]\" \/>\r\n<meta property=\"og:url\" content=\"https:\/\/www.ipim.gov.mo\/pt-pt\/noticias-do-ipim\/2024-08-19-exploracao-de-oportunidades-de-negocios-o-ipim-coordena-a-participacao-de-delegacoes-na-semana-de-macau-em-xianshaanxi-para-promover-produtos-de-marcas-de-m\/\" \/>\r\n<meta property=\"og:site_name\" content=\"Commerce and Investment Promotion Institute\" \/>\r\n<meta property=\"article:published_time\" content=\"2024-08-19T11:01:00+00:00\" \/>\r\n<meta property=\"og:image\" content=\"https:\/\/www.ipim.gov.mo\/wp-content\/uploads\/2024\/07\/ipim-post-default.jpg\" \/>\r\n\t<meta property=\"og:image:width\" content=\"1024\" \/>\r\n\t<meta property=\"og:image:height\" content=\"768\" \/>\r\n\t<meta property=\"og:image:type\" content=\"image\/jpeg\" \/>\r\n<meta name=\"author\" content=\"admin\" \/>\r\n<meta name=\"twitter:card\" content=\"summary_large_image\" \/>\r\n<meta name=\"twitter:label1\" content=\"Written by\" \/>\n\t<meta name=\"twitter:data1\" content=\"admin\" \/>\n\t<meta name=\"twitter:label2\" content=\"Est. reading time\" \/>\n\t<meta name=\"twitter:data2\" content=\"5 minutes\" \/>\r\n<script type=\"application\/ld+json\" class=\"yoast-schema-graph\">{\"@context\":\"https:\/\/schema.org\",\"@graph\":[{\"@type\":\"WebPage\",\"@id\":\"https:\/\/www.ipim.gov.mo\/pt-pt\/noticias-do-ipim\/2024-08-19-exploracao-de-oportunidades-de-negocios-o-ipim-coordena-a-participacao-de-delegacoes-na-semana-de-macau-em-xianshaanxi-para-promover-produtos-de-marcas-de-m\/\",\"url\":\"https:\/\/www.ipim.gov.mo\/pt-pt\/noticias-do-ipim\/2024-08-19-exploracao-de-oportunidades-de-negocios-o-ipim-coordena-a-participacao-de-delegacoes-na-semana-de-macau-em-xianshaanxi-para-promover-produtos-de-marcas-de-m\/\",\"name\":\"[2024\/08\/19] [Explora\u00e7\u00e3o de oportunidades de neg\u00f3cios] O IPIM coordena a participa\u00e7\u00e3o de delega\u00e7\u00f5es na \u201cSemana de Macau em Xi'an\u2022Shaanxi\u201d para promover produtos de marcas de Macau e dos pa\u00edses de l\u00edngua portuguesa | Commerce and Investment Promotion Institute\",\"isPartOf\":{\"@id\":\"https:\/\/www.ipim.gov.mo\/zh-hans\/#website\"},\"primaryImageOfPage\":{\"@id\":\"https:\/\/www.ipim.gov.mo\/pt-pt\/noticias-do-ipim\/2024-08-19-exploracao-de-oportunidades-de-negocios-o-ipim-coordena-a-participacao-de-delegacoes-na-semana-de-macau-em-xianshaanxi-para-promover-produtos-de-marcas-de-m\/#primaryimage\"},\"image\":{\"@id\":\"https:\/\/www.ipim.gov.mo\/pt-pt\/noticias-do-ipim\/2024-08-19-exploracao-de-oportunidades-de-negocios-o-ipim-coordena-a-participacao-de-delegacoes-na-semana-de-macau-em-xianshaanxi-para-promover-produtos-de-marcas-de-m\/#primaryimage\"},\"thumbnailUrl\":\"https:\/\/www.ipim.gov.mo\/wp-content\/uploads\/2024\/07\/ipim-post-default.jpg\",\"datePublished\":\"2024-08-19T11:01:00+00:00\",\"breadcrumb\":{\"@id\":\"https:\/\/www.ipim.gov.mo\/pt-pt\/noticias-do-ipim\/2024-08-19-exploracao-de-oportunidades-de-negocios-o-ipim-coordena-a-participacao-de-delegacoes-na-semana-de-macau-em-xianshaanxi-para-promover-produtos-de-marcas-de-m\/#breadcrumb\"},\"inLanguage\":\"pt-PT\",\"potentialAction\":[{\"@type\":\"ReadAction\",\"target\":[\"https:\/\/www.ipim.gov.mo\/pt-pt\/noticias-do-ipim\/2024-08-19-exploracao-de-oportunidades-de-negocios-o-ipim-coordena-a-participacao-de-delegacoes-na-semana-de-macau-em-xianshaanxi-para-promover-produtos-de-marcas-de-m\/\"]}]},{\"@type\":\"ImageObject\",\"inLanguage\":\"pt-PT\",\"@id\":\"https:\/\/www.ipim.gov.mo\/pt-pt\/noticias-do-ipim\/2024-08-19-exploracao-de-oportunidades-de-negocios-o-ipim-coordena-a-participacao-de-delegacoes-na-semana-de-macau-em-xianshaanxi-para-promover-produtos-de-marcas-de-m\/#primaryimage\",\"url\":\"https:\/\/www.ipim.gov.mo\/wp-content\/uploads\/2024\/07\/ipim-post-default.jpg\",\"contentUrl\":\"https:\/\/www.ipim.gov.mo\/wp-content\/uploads\/2024\/07\/ipim-post-default.jpg\",\"width\":1024,\"height\":768},{\"@type\":\"BreadcrumbList\",\"@id\":\"https:\/\/www.ipim.gov.mo\/pt-pt\/noticias-do-ipim\/2024-08-19-exploracao-de-oportunidades-de-negocios-o-ipim-coordena-a-participacao-de-delegacoes-na-semana-de-macau-em-xianshaanxi-para-promover-produtos-de-marcas-de-m\/#breadcrumb\",\"itemListElement\":[{\"@type\":\"ListItem\",\"position\":1,\"name\":\"Home\",\"item\":\"https:\/\/www.ipim.gov.mo\/pt-pt\/\"},{\"@type\":\"ListItem\",\"position\":2,\"name\":\"[2024\/08\/19] [Explora\u00e7\u00e3o de oportunidades de neg\u00f3cios] O IPIM coordena a participa\u00e7\u00e3o de delega\u00e7\u00f5es na \u201cSemana de Macau em Xi&#8217;an\u2022Shaanxi\u201d para promover produtos de marcas de Macau e dos pa\u00edses de l\u00edngua portuguesa\"}]},{\"@type\":\"WebSite\",\"@id\":\"https:\/\/www.ipim.gov.mo\/zh-hans\/#website\",\"url\":\"https:\/\/www.ipim.gov.mo\/zh-hans\/\",\"name\":\"Commerce and Investment Promotion Institute\",\"description\":\"Commerce and Investment Promotion Institute\",\"publisher\":{\"@id\":\"https:\/\/www.ipim.gov.mo\/zh-hans\/#organization\"},\"potentialAction\":[{\"@type\":\"SearchAction\",\"target\":{\"@type\":\"EntryPoint\",\"urlTemplate\":\"https:\/\/www.ipim.gov.mo\/zh-hans\/?s={search_term_string}\"},\"query-input\":{\"@type\":\"PropertyValueSpecification\",\"valueRequired\":true,\"valueName\":\"search_term_string\"}}],\"inLanguage\":\"pt-PT\"},{\"@type\":\"Organization\",\"@id\":\"https:\/\/www.ipim.gov.mo\/zh-hans\/#organization\",\"name\":\"IPIM\",\"url\":\"https:\/\/www.ipim.gov.mo\/zh-hans\/\",\"logo\":{\"@type\":\"ImageObject\",\"inLanguage\":\"pt-PT\",\"@id\":\"https:\/\/www.ipim.gov.mo\/zh-hans\/#\/schema\/logo\/image\/\",\"url\":\"https:\/\/www.ipim.gov.mo\/wp-content\/uploads\/2022\/10\/default-post-thumbnail-ipim-logo.png\",\"contentUrl\":\"https:\/\/www.ipim.gov.mo\/wp-content\/uploads\/2022\/10\/default-post-thumbnail-ipim-logo.png\",\"width\":1024,\"height\":768,\"caption\":\"IPIM\"},\"image\":{\"@id\":\"https:\/\/www.ipim.gov.mo\/zh-hans\/#\/schema\/logo\/image\/\"}}]}<\/script>\r\n<!-- \/ Yoast SEO plugin. -->","yoast_head_json":{"title":"[2024\/08\/19] [Explora\u00e7\u00e3o de oportunidades de neg\u00f3cios] O IPIM coordena a participa\u00e7\u00e3o de delega\u00e7\u00f5es na \u201cSemana de Macau em Xi'an\u2022Shaanxi\u201d para promover produtos de marcas de Macau e dos pa\u00edses de l\u00edngua portuguesa | Commerce and Investment Promotion Institute","robots":{"index":"index","follow":"follow","max-snippet":"max-snippet:-1","max-image-preview":"max-image-preview:large","max-video-preview":"max-video-preview:-1"},"canonical":"https:\/\/www.ipim.gov.mo\/pt-pt\/noticias-do-ipim\/2024-08-19-exploracao-de-oportunidades-de-negocios-o-ipim-coordena-a-participacao-de-delegacoes-na-semana-de-macau-em-xianshaanxi-para-promover-produtos-de-marcas-de-m\/","og_locale":"pt_PT","og_type":"article","og_title":"[2024\/08\/19] [Explora\u00e7\u00e3o de oportunidades de neg\u00f3cios] O IPIM coordena a participa\u00e7\u00e3o de delega\u00e7\u00f5es na \u201cSemana de Macau em Xi'an\u2022Shaanxi\u201d para promover produtos de marcas de Macau e dos pa\u00edses de l\u00edngua portuguesa | Commerce and Investment Promotion Institute","og_description":"Na sequ&ecirc;ncia de adi&ccedil;&atilde;o de Xi&#8217;an, prov&iacute;ncia de Shaanxi, &agrave; lista de cidades do Interior da China com \u201cvistos individuais\u201d para Macau em 2024, a [&hellip;]","og_url":"https:\/\/www.ipim.gov.mo\/pt-pt\/noticias-do-ipim\/2024-08-19-exploracao-de-oportunidades-de-negocios-o-ipim-coordena-a-participacao-de-delegacoes-na-semana-de-macau-em-xianshaanxi-para-promover-produtos-de-marcas-de-m\/","og_site_name":"Commerce and Investment Promotion Institute","article_published_time":"2024-08-19T11:01:00+00:00","og_image":[{"width":1024,"height":768,"url":"https:\/\/www.ipim.gov.mo\/wp-content\/uploads\/2024\/07\/ipim-post-default.jpg","type":"image\/jpeg"}],"author":"admin","twitter_card":"summary_large_image","twitter_misc":{"Written by":"admin","Est. reading time":"5 minutes"},"schema":{"@context":"https:\/\/schema.org","@graph":[{"@type":"WebPage","@id":"https:\/\/www.ipim.gov.mo\/pt-pt\/noticias-do-ipim\/2024-08-19-exploracao-de-oportunidades-de-negocios-o-ipim-coordena-a-participacao-de-delegacoes-na-semana-de-macau-em-xianshaanxi-para-promover-produtos-de-marcas-de-m\/","url":"https:\/\/www.ipim.gov.mo\/pt-pt\/noticias-do-ipim\/2024-08-19-exploracao-de-oportunidades-de-negocios-o-ipim-coordena-a-participacao-de-delegacoes-na-semana-de-macau-em-xianshaanxi-para-promover-produtos-de-marcas-de-m\/","name":"[2024\/08\/19] [Explora\u00e7\u00e3o de oportunidades de neg\u00f3cios] O IPIM coordena a participa\u00e7\u00e3o de delega\u00e7\u00f5es na \u201cSemana de Macau em Xi'an\u2022Shaanxi\u201d para promover produtos de marcas de Macau e dos pa\u00edses de l\u00edngua portuguesa | Commerce and Investment Promotion Institute","isPartOf":{"@id":"https:\/\/www.ipim.gov.mo\/zh-hans\/#website"},"primaryImageOfPage":{"@id":"https:\/\/www.ipim.gov.mo\/pt-pt\/noticias-do-ipim\/2024-08-19-exploracao-de-oportunidades-de-negocios-o-ipim-coordena-a-participacao-de-delegacoes-na-semana-de-macau-em-xianshaanxi-para-promover-produtos-de-marcas-de-m\/#primaryimage"},"image":{"@id":"https:\/\/www.ipim.gov.mo\/pt-pt\/noticias-do-ipim\/2024-08-19-exploracao-de-oportunidades-de-negocios-o-ipim-coordena-a-participacao-de-delegacoes-na-semana-de-macau-em-xianshaanxi-para-promover-produtos-de-marcas-de-m\/#primaryimage"},"thumbnailUrl":"https:\/\/www.ipim.gov.mo\/wp-content\/uploads\/2024\/07\/ipim-post-default.jpg","datePublished":"2024-08-19T11:01:00+00:00","breadcrumb":{"@id":"https:\/\/www.ipim.gov.mo\/pt-pt\/noticias-do-ipim\/2024-08-19-exploracao-de-oportunidades-de-negocios-o-ipim-coordena-a-participacao-de-delegacoes-na-semana-de-macau-em-xianshaanxi-para-promover-produtos-de-marcas-de-m\/#breadcrumb"},"inLanguage":"pt-PT","potentialAction":[{"@type":"ReadAction","target":["https:\/\/www.ipim.gov.mo\/pt-pt\/noticias-do-ipim\/2024-08-19-exploracao-de-oportunidades-de-negocios-o-ipim-coordena-a-participacao-de-delegacoes-na-semana-de-macau-em-xianshaanxi-para-promover-produtos-de-marcas-de-m\/"]}]},{"@type":"ImageObject","inLanguage":"pt-PT","@id":"https:\/\/www.ipim.gov.mo\/pt-pt\/noticias-do-ipim\/2024-08-19-exploracao-de-oportunidades-de-negocios-o-ipim-coordena-a-participacao-de-delegacoes-na-semana-de-macau-em-xianshaanxi-para-promover-produtos-de-marcas-de-m\/#primaryimage","url":"https:\/\/www.ipim.gov.mo\/wp-content\/uploads\/2024\/07\/ipim-post-default.jpg","contentUrl":"https:\/\/www.ipim.gov.mo\/wp-content\/uploads\/2024\/07\/ipim-post-default.jpg","width":1024,"height":768},{"@type":"BreadcrumbList","@id":"https:\/\/www.ipim.gov.mo\/pt-pt\/noticias-do-ipim\/2024-08-19-exploracao-de-oportunidades-de-negocios-o-ipim-coordena-a-participacao-de-delegacoes-na-semana-de-macau-em-xianshaanxi-para-promover-produtos-de-marcas-de-m\/#breadcrumb","itemListElement":[{"@type":"ListItem","position":1,"name":"Home","item":"https:\/\/www.ipim.gov.mo\/pt-pt\/"},{"@type":"ListItem","position":2,"name":"[2024\/08\/19] [Explora\u00e7\u00e3o de oportunidades de neg\u00f3cios] O IPIM coordena a participa\u00e7\u00e3o de delega\u00e7\u00f5es na \u201cSemana de Macau em Xi&#8217;an\u2022Shaanxi\u201d para promover produtos de marcas de Macau e dos pa\u00edses de l\u00edngua portuguesa"}]},{"@type":"WebSite","@id":"https:\/\/www.ipim.gov.mo\/zh-hans\/#website","url":"https:\/\/www.ipim.gov.mo\/zh-hans\/","name":"Commerce and Investment Promotion Institute","description":"Commerce and Investment Promotion Institute","publisher":{"@id":"https:\/\/www.ipim.gov.mo\/zh-hans\/#organization"},"potentialAction":[{"@type":"SearchAction","target":{"@type":"EntryPoint","urlTemplate":"https:\/\/www.ipim.gov.mo\/zh-hans\/?s={search_term_string}"},"query-input":{"@type":"PropertyValueSpecification","valueRequired":true,"valueName":"search_term_string"}}],"inLanguage":"pt-PT"},{"@type":"Organization","@id":"https:\/\/www.ipim.gov.mo\/zh-hans\/#organization","name":"IPIM","url":"https:\/\/www.ipim.gov.mo\/zh-hans\/","logo":{"@type":"ImageObject","inLanguage":"pt-PT","@id":"https:\/\/www.ipim.gov.mo\/zh-hans\/#\/schema\/logo\/image\/","url":"https:\/\/www.ipim.gov.mo\/wp-content\/uploads\/2022\/10\/default-post-thumbnail-ipim-logo.png","contentUrl":"https:\/\/www.ipim.gov.mo\/wp-content\/uploads\/2022\/10\/default-post-thumbnail-ipim-logo.png","width":1024,"height":768,"caption":"IPIM"},"image":{"@id":"https:\/\/www.ipim.gov.mo\/zh-hans\/#\/schema\/logo\/image\/"}}]}},"author_meta":{"display_name":"admin","author_link":"https:\/\/www.ipim.gov.mo\/pt-pt\/author\/admin\/"},"featured_img":"https:\/\/www.ipim.gov.mo\/wp-content\/uploads\/2024\/07\/ipim-post-default-300x225.jpg","coauthors":[],"tax_additional":{"categories":{"linked":["<a href=\"https:\/\/www.ipim.gov.mo\/pt-pt\/category\/noticias-do-ipim\/\" class=\"advgb-post-tax-term\">Not\u00edcias do IPIM<\/a>"],"unlinked":["<span class=\"advgb-post-tax-term\">Not\u00edcias do IPIM<\/span>"]}},"comment_count":"0","relative_dates":{"created":"Posted 2 years ago","modified":"Updated 2 years ago"},"absolute_dates":{"created":"Posted on Agosto 19, 2024","modified":"Updated on Agosto 19, 2024"},"absolute_dates_time":{"created":"Posted on Agosto 19, 2024 7:01 pm","modified":"Updated on Agosto 19, 2024 7:01 pm"},"featured_img_caption":"","series_order":"","_links":{"self":[{"href":"https:\/\/www.ipim.gov.mo\/pt-pt\/wp-json\/wp\/v2\/posts\/472758","targetHints":{"allow":["GET"]}}],"collection":[{"href":"https:\/\/www.ipim.gov.mo\/pt-pt\/wp-json\/wp\/v2\/posts"}],"about":[{"href":"https:\/\/www.ipim.gov.mo\/pt-pt\/wp-json\/wp\/v2\/types\/post"}],"author":[{"embeddable":true,"href":"https:\/\/www.ipim.gov.mo\/pt-pt\/wp-json\/wp\/v2\/users\/1"}],"replies":[{"embeddable":true,"href":"https:\/\/www.ipim.gov.mo\/pt-pt\/wp-json\/wp\/v2\/comments?post=472758"}],"version-history":[{"count":0,"href":"https:\/\/www.ipim.gov.mo\/pt-pt\/wp-json\/wp\/v2\/posts\/472758\/revisions"}],"wp:featuredmedia":[{"embeddable":true,"href":"https:\/\/www.ipim.gov.mo\/pt-pt\/wp-json\/wp\/v2\/media\/467868"}],"wp:attachment":[{"href":"https:\/\/www.ipim.gov.mo\/pt-pt\/wp-json\/wp\/v2\/media?parent=472758"}],"wp:term":[{"taxonomy":"category","embeddable":true,"href":"https:\/\/www.ipim.gov.mo\/pt-pt\/wp-json\/wp\/v2\/categories?post=472758"},{"taxonomy":"post_tag","embeddable":true,"href":"https:\/\/www.ipim.gov.mo\/pt-pt\/wp-json\/wp\/v2\/tags?post=472758"}],"curies":[{"name":"wp","href":"https:\/\/api.w.org\/{rel}","templated":true}]}}