{"id":472498,"date":"2024-08-15T09:30:00","date_gmt":"2024-08-15T01:30:00","guid":{"rendered":"https:\/\/www.ipim.gov.mo\/noticias-do-ipim\/2024-08-15-%e3%80%90cooperacao-interdepartamental-para-atrair-visitantes-para-os-bairros-comunitarios-durante-as-ferias-de-verao%e3%80%91-instalacoes-para-tirar-fotografias-e-serie-de-actividades-pr\/"},"modified":"2024-08-15T09:30:00","modified_gmt":"2024-08-15T01:30:00","slug":"2024-08-15-%e3%80%90cooperacao-interdepartamental-para-atrair-visitantes-para-os-bairros-comunitarios-durante-as-ferias-de-verao%e3%80%91-instalacoes-para-tirar-fotografias-e-serie-de-actividades-pr","status":"publish","type":"post","link":"https:\/\/www.ipim.gov.mo\/pt-pt\/noticias-do-ipim\/2024-08-15-%e3%80%90cooperacao-interdepartamental-para-atrair-visitantes-para-os-bairros-comunitarios-durante-as-ferias-de-verao%e3%80%91-instalacoes-para-tirar-fotografias-e-serie-de-actividades-pr\/","title":{"rendered":"[2024\/08\/15] \u3010Coopera\u00e7\u00e3o interdepartamental para atrair visitantes para os bairros comunit\u00e1rios durante as f\u00e9rias de Ver\u00e3o\u3011 Instala\u00e7\u00f5es para tirar fotografias e s\u00e9rie de actividades promocionais bem recebidas"},"content":{"rendered":"<p style=\"text-align:justify\"><span style=\"text-decoration:none\">O Governo da Regi&atilde;o Administrativa Especial de Macau aproveita bem a &eacute;poca alta de turismo do Ver&atilde;o, utiliza as medidas de apoio do Governo Central a Macau e organiza, em conjunto com os servi&ccedil;os competentes, diversas actividades e promo&ccedil;&otilde;es online e presenciais, com vista a atrair visitantes para os bairros comunit&aacute;rios e promover o desenvolvimento tur&iacute;stico e a economia comunit&aacute;ria. Uma s&eacute;rie de instala&ccedil;&otilde;es para tirar fotografias e actividades promocionais foram bem recebidas, ajudando a estimular o consumo nos bairros comunit&aacute;rios.<\/span>&nbsp;&nbsp;<\/p>\n<p style=\"text-align:justify\"><strong><span style=\"text-decoration:none\">Aproveitar medidas de apoio do Governo Central para dinamizar economia comunit&aacute;ria<\/span><\/strong><\/p>\n<p style=\"text-align:justify\"><span style=\"text-decoration:none\">Este ano, com a implementa&ccedil;&atilde;o sucessiva de v&aacute;rias medidas de apoio do Governo Central a Macau, a Direc&ccedil;&atilde;o dos Servi&ccedil;os de Turismo (DST) e a Direc&ccedil;&atilde;o dos Servi&ccedil;os de Economia e Desenvolvimento Tecnol&oacute;gico (DSEDT) continuam a acompanhar os diversos trabalhos em sintonia. Empenhando-se em aproveitar bem as medidas de apoio a Macau, t&ecirc;m organizado e apoiado v&aacute;rias actividades de atrac&ccedil;&atilde;o para atrair os visitantes a diferentes bairros comunit&aacute;rios e enriquecerem a sua experi&ecirc;ncia tur&iacute;stica.<\/span><\/p>\n<p style=\"text-align:justify\"><span style=\"text-decoration:none\">Para continuar a promover o desenvolvimento da economia comunit&aacute;ria, atraindo mais visitantes a entrarem e consumirem nas zonas comunit&aacute;rias, a Direc&ccedil;&atilde;o dos Servi&ccedil;os de Economia (DSEDT) e a Direc&ccedil;&atilde;o dos Servi&ccedil;os de Turismo (DST) lan&ccedil;aram, em conjunto, na Zona Norte, uma s&eacute;rie de actividades de \u201cDivers&atilde;o e Gastronomia na Zona Norte\u201d, interligando v&aacute;rias actividades que promovem a economia da Zona Norte para produzir efeito multiplicador, e promover a vitalidade e as carater&iacute;sticas pr&oacute;prias da Zona Norte de Macau junto do p&uacute;blico e dos turistas mediante coopera&ccedil;&atilde;o com as associa&ccedil;&otilde;es comerciais zonais, tudo isto, para revitalizar, em conjunto, a atmosfera de consumo na Zona Norte.<\/span><\/p>\n<p style=\"text-align:justify\"><strong><span style=\"text-decoration:none\">O \u201cArraial de Flores na Zona Norte\u201d da DSEDT interliga a gastronomia da Zona Norte para atrair os turistas a consumirem nesta zona<\/span><\/strong><\/p>\n<p style=\"text-align:justify\"><span style=\"text-decoration:none\">A fim de promover o fluxo de pessoas nos bairros comunit&aacute;rios, a DSEDT lan&ccedil;ou, em meados de Junho, a actividade \u201cArraial de Flores na Zona Norte\u201d, no qual foram instalados 8 conjuntos de dispositivos de check-in de grande dimens&atilde;o com o tema \u201cflor\u201d. Em colabora&ccedil;&atilde;o com as associa&ccedil;&otilde;es comerciais, estabeleceu-se um <\/span><span style=\"text-decoration:none\">\u201cMapa de roteiro de passeio, gastronomia e&nbsp;<\/span><span style=\"text-decoration:none\">check-in<\/span><span style=\"text-decoration:none\">&nbsp;na Zona Norte de Macau\u201d que interliga as lojas de comidas da Zona Norte<\/span><span style=\"text-decoration:none\">, convidando influenciadores digitais locais e do Interior da China a comer e consumir as lojas ao longo do roteiro do \u201cArraial de Flores na Zona Norte\u201d, produzindo mais de 150 v&iacute;deos curtos e 50 notas sobre as visitas &agrave;s lojas, e os mesmos v&iacute;deos receberam quase 33 milh&otilde;es de visualiza&ccedil;&otilde;es desde que foram publicados na plataforma &quot;Douyin&quot;.<\/span><\/p>\n<p style=\"text-align:justify\"><span style=\"text-decoration:none\">De acordo com o question&aacute;rio electr&oacute;nico, cerca de 80% dos entrevistados prolongaram a sua estadia nos bairros comunit&aacute;rios e 70% aumentaram o consumo.<\/span><\/p>\n<p style=\"text-align:justify\"><strong><span style=\"text-decoration:none\">A DSEDT e a \u201cMango TV\u201d colaboraram na produ&ccedil;&atilde;o do mini programa de variedades para promover as caracter&iacute;sticas comunit&aacute;rias<\/span><\/strong><\/p>\n<p style=\"text-align:justify\"><span style=\"text-decoration:none\">Para atrair mais turistas a consumirem nos bairros comunit&aacute;rios de Macau, este ano, a DSEDT e a Mango TV voltaram a trabalhar em conjunto, lan&ccedil;ando o mini programa de variedades &quot;Novas estrat&eacute;gias para explora&ccedil;&atilde;o de Macau\u201d durante o per&iacute;odo das F&eacute;rias de Ver&atilde;o, e atrav&eacute;s de percursos de celebridades e artistas em v&aacute;rios pontos tur&iacute;sticos e lojas com caracter&iacute;sticas pr&oacute;prias de Macau, mostrar ao p&uacute;blico as estrat&eacute;gias de consumo nos bairros comunit&aacute;rios de Macau.<\/span><\/p>\n<p style=\"text-align:justify\"><span style=\"text-decoration:none\">Desde lan&ccedil;amento online, em 5 de Agosto, at&eacute; &agrave; presente data, o programa registou mais de 32 milh&otilde;es de visualiza&ccedil;&otilde;es, continuando ainda a aumentar o entusiasmo e a aten&ccedil;&atilde;o, o que apoia as PME a atrair visitantes na <\/span><span style=\"text-decoration:none\">&eacute;poca alta&nbsp;do&nbsp;turismo&nbsp;nas f&eacute;rias de&nbsp;Ver&atilde;o<span style=\"text-decoration:none\"> <\/span>e a ocasi&atilde;o da&nbsp;Semana Dourada pelo 1 de Outubro, que vem a seguir, atraindo assim, mais turistas a planearem os seus itiner&aacute;rios de visita e consumo nas lojas dos bairros comunit&aacute;rios.<\/span><\/p>\n<p style=\"text-align:justify\"><strong><span style=\"text-decoration:none\">\u201cDescontrai-te, Diverte-te \u2013 Macau!\u201d cria novos pontos para tirar fotografias<\/span><\/strong><\/p>\n<p style=\"text-align:justify\"><span style=\"text-decoration:none\">O projecto \u201cDescontrai-te, Diverte-te \u2013 Macau!\u201d, organizado pela DST, instalou pontos para tirar fotografias nos bairros comunit&aacute;rios. Tendo em conta a &eacute;poca alta das f&eacute;rias de Ver&atilde;o, na segunda fase do projecto \u201cDescontrai-te, Diverte-te \u2013 Macau!\u201d, foi erguido no edif&iacute;cio Ritz, no Largo do Senado, uma grande instala&ccedil;&atilde;o tem&aacute;tica da mascote do turismo de Macau \u201cMak Mak\u201d, criando um novo ponto de atrac&ccedil;&atilde;o para tirar fotografias e promovendo ainda mais o turismo comunit&aacute;rio.<\/span><\/p>\n<p style=\"text-align:justify\"><span style=\"text-decoration:none\">V&aacute;rias actividades em sintonia tamb&eacute;m tiveram in&iacute;cio em Julho, incluindo a \u201cFeira \u2013 Descontrai-te, Diverte-te \u2013 Macau!\u201d, que tem lugar na sala de exposi&ccedil;&otilde;es do Edif&iacute;cio Ritz, com tendas de produtos culturais e criativos, artesanato e comida ligeira. Durante a actividade, s&atilde;o realizados espect&aacute;culos, workshops, encontro com a \u201cMak Mak\u201d, entre outros, enriquecendo a experi&ecirc;ncia de visita a Macau.<\/span><\/p>\n<p style=\"text-align:justify\"><span style=\"text-decoration:none\">As \u201cOfertas de Ver&atilde;o \u2013 Descontrai-te, Diverte-te \u2013 Macau!\u201d tamb&eacute;m foram muito bem recebidas. Para participar, o p&uacute;blico, tem de apresentar recibo de compras de valor igual ou superior a 100 patacas feitas nesse dia em qualquer loja de Macau, tirar fotografias junto das instala&ccedil;&otilde;es do \u201cDescontrai-te, Diverte-te \u2013 Macau!\u201d, para em local e data determinados, poder trocar gratuitamente por um gelado em forma de \u201cMak Mak\u201d ou com caracter&iacute;sticas de Macau, de quantidade limitada, estendendo o efeito do turismo comunit&aacute;rio e promovendo a economia comunit&aacute;ria.<\/span><\/p>\n<p style=\"text-align:justify\"><span style=\"text-decoration:none\">Os interessados podem obter as informa&ccedil;&otilde;es mais recentes sobre \u201cDescontrai-te, Diverte-te \u2013 Macau!\u201d atrav&eacute;s da p&aacute;gina electr&oacute;nica de promo&ccedil;&atilde;o tur&iacute;stica de Macau em <\/span><span style=\"text-decoration:underline\">http:\/\/www.macaotourism.gov.mo<\/span><span style=\"text-decoration:none\"> e da conta oficial no Wechat da DST.<\/span><\/p>\n<p style=\"text-align:justify\"><strong><span style=\"text-decoration:none\">Quase mil entusiastas de trajes tradicionais chineses levaram as tend&ecirc;ncias nacionais at&eacute; aos bairros comunit&aacute;rios durante a GMBPF<\/span><\/strong><\/p>\n<p style=\"text-align:justify\"><span style=\"text-decoration:none\">Durante a \u201cCelebra&ccedil;&atilde;o do 75.&ordm; Anivers&aacute;rio da Funda&ccedil;&atilde;o da Rep&uacute;blica Popular da China e do 25.&ordm; Anivers&aacute;rio do Regresso de Macau &agrave; P&aacute;tria \u2027 Feira de Produtos de Marca da Prov&iacute;ncia de Guangdong e Macau 2024 (GMBPF, na sigla inglesa)\u201d, co-organizada pelo Instituto de Promo&ccedil;&atilde;o do Com&eacute;rcio e do Investimento (IPIM) da Regi&atilde;o Administrativa Especial de Macau e pelos Servi&ccedil;os do Com&eacute;rcio da Prov&iacute;ncia de Guangdong, quase mil entusiastas de trajes chineses marcaram presen&ccedil;a em diversos locais de Macau, para melhor conhecer a cultura das comunidades locais e fazer compras. De acordo com as pequenas e m&eacute;dias empresas locais, a presen&ccedil;a das tend&ecirc;ncias nacionais nas zonas comunit&aacute;rias atraiu a aten&ccedil;&atilde;o de outros turistas, trazendo um maior fluxo de pessoas. Os empres&aacute;rios locais reconhecem que as tend&ecirc;ncias nacionais s&atilde;o a nova moda do turismo, por isso, esperam aproveitar as tend&ecirc;ncias nacionais para atrair para o territ&oacute;rio diferentes grupos de turistas, especialmente os mais jovens, gerando simultaneamente oportunidades de neg&oacute;cio relacionadas e estimulando o crescimento econ&oacute;mico.<\/span>&nbsp;&nbsp;&nbsp;<\/p>\n<div class=\"wp-caption alignnone\">\n                <a href=\"https:\/\/cdn.gcs.gov.mo\/api\/resource\/ibs\/P24HO1ZJfn\" data-component=\"Popup\" data-fancybox=\"gallery\" data-caption=\"A DSEDT lan\u00e7a o dispositivo de check-in de grande dimens\u00e3o \u2013 \u201cZona Norte da Flower\u201d para atrair os visitantes a entrar na zona\" data-type=\"image\"><br \/>\n                <img decoding=\"async\" class=\"size-large\" src=\"https:\/\/cdn.gcs.gov.mo\/api\/resource\/ibs\/P24HO1ZJfn\" title=\"A DSEDT lan\u00e7a o dispositivo de check-in de grande dimens\u00e3o \u2013 \u201cZona Norte da Flower\u201d para atrair os visitantes a entrar na zona\" alt=\"A DSEDT lan\u00e7a o dispositivo de check-in de grande dimens\u00e3o \u2013 \u201cZona Norte da Flower\u201d para atrair os visitantes a entrar na zona\" width=\"1024\"><br \/>\n                <\/a><\/p>\n<p class=\"wp-caption-text\">A DSEDT lan\u00e7a o dispositivo de check-in de grande dimens\u00e3o \u2013 \u201cZona Norte da Flower\u201d para atrair os visitantes a entrar na zona<\/p>\n<\/p><\/div>\n<div class=\"wp-caption alignnone\">\n                <a href=\"https:\/\/cdn.gcs.gov.mo\/api\/resource\/ibs\/P24HO6S427\" data-component=\"Popup\" data-fancybox=\"gallery\" data-caption=\"O dispositivo \u201cDescontrai-te, Diverte-te \u2013 Macau!\u201d da DST leva os residentes e turistas a explorar as \u201cOito Novas Paisagens de Macau\u201d\" data-type=\"image\"><br \/>\n                <img decoding=\"async\" class=\"size-large\" src=\"https:\/\/cdn.gcs.gov.mo\/api\/resource\/ibs\/P24HO6S427\" title=\"O dispositivo \u201cDescontrai-te, Diverte-te \u2013 Macau!\u201d da DST leva os residentes e turistas a explorar as \u201cOito Novas Paisagens de Macau\u201d\" alt=\"O dispositivo \u201cDescontrai-te, Diverte-te \u2013 Macau!\u201d da DST leva os residentes e turistas a explorar as \u201cOito Novas Paisagens de Macau\u201d\" width=\"1024\"><br \/>\n                <\/a><\/p>\n<p class=\"wp-caption-text\">O dispositivo \u201cDescontrai-te, Diverte-te \u2013 Macau!\u201d da DST leva os residentes e turistas a explorar as \u201cOito Novas Paisagens de Macau\u201d<\/p>\n<\/p><\/div>\n<div class=\"wp-caption alignnone\">\n                <a href=\"https:\/\/cdn.gcs.gov.mo\/api\/resource\/ibs\/P24HOlNrco\" data-component=\"Popup\" data-fancybox=\"gallery\" data-caption=\"A DSEDT lan\u00e7a o dispositivo de check-in de grande dimens\u00e3o \u2013 \u201cZona Norte da Flower\u201d para atrair os visitantes a entrar na zona\" data-type=\"image\"><br \/>\n                <img decoding=\"async\" class=\"size-large\" src=\"https:\/\/cdn.gcs.gov.mo\/api\/resource\/ibs\/P24HOlNrco\" title=\"A DSEDT lan\u00e7a o dispositivo de check-in de grande dimens\u00e3o \u2013 \u201cZona Norte da Flower\u201d para atrair os visitantes a entrar na zona\" alt=\"A DSEDT lan\u00e7a o dispositivo de check-in de grande dimens\u00e3o \u2013 \u201cZona Norte da Flower\u201d para atrair os visitantes a entrar na zona\" width=\"1024\"><br \/>\n                <\/a><\/p>\n<p class=\"wp-caption-text\">A DSEDT lan\u00e7a o dispositivo de check-in de grande dimens\u00e3o \u2013 \u201cZona Norte da Flower\u201d para atrair os visitantes a entrar na zona<\/p>\n<\/p><\/div>\n<div class=\"wp-caption alignnone\">\n                <a href=\"https:\/\/cdn.gcs.gov.mo\/api\/resource\/ibs\/P24HOp5eYl\" data-component=\"Popup\" data-fancybox=\"gallery\" data-caption=\"A DSEDT lan\u00e7a o dispositivo de check-in de grande dimens\u00e3o \u2013 \u201cZona Norte da Flower\u201d para atrair os visitantes a entrar na zona\" data-type=\"image\"><br \/>\n                <img decoding=\"async\" class=\"size-large\" src=\"https:\/\/cdn.gcs.gov.mo\/api\/resource\/ibs\/P24HOp5eYl\" title=\"A DSEDT lan\u00e7a o dispositivo de check-in de grande dimens\u00e3o \u2013 \u201cZona Norte da Flower\u201d para atrair os visitantes a entrar na zona\" alt=\"A DSEDT lan\u00e7a o dispositivo de check-in de grande dimens\u00e3o \u2013 \u201cZona Norte da Flower\u201d para atrair os visitantes a entrar na zona\" width=\"1024\"><br \/>\n                <\/a><\/p>\n<p class=\"wp-caption-text\">A DSEDT lan\u00e7a o dispositivo de check-in de grande dimens\u00e3o \u2013 \u201cZona Norte da Flower\u201d para atrair os visitantes a entrar na zona<\/p>\n<\/p><\/div>\n<div class=\"wp-caption alignnone\">\n                <a href=\"https:\/\/cdn.gcs.gov.mo\/api\/resource\/ibs\/P24HOPdxac\" data-component=\"Popup\" data-fancybox=\"gallery\" data-caption=\"Quase mil entusiastas de trajes tradicionais chineses viajaram e consumiram em diversos locais de Macau durante a \u201cFeira de Produtos de Marca da Prov\u00edncia de Guangdong e Macau 2024\u201d\" data-type=\"image\"><br \/>\n                <img decoding=\"async\" class=\"size-large\" src=\"https:\/\/cdn.gcs.gov.mo\/api\/resource\/ibs\/P24HOPdxac\" title=\"Quase mil entusiastas de trajes tradicionais chineses viajaram e consumiram em diversos locais de Macau durante a \u201cFeira de Produtos de Marca da Prov\u00edncia de Guangdong e Macau 2024\u201d\" alt=\"Quase mil entusiastas de trajes tradicionais chineses viajaram e consumiram em diversos locais de Macau durante a \u201cFeira de Produtos de Marca da Prov\u00edncia de Guangdong e Macau 2024\u201d\" width=\"1024\"><br \/>\n                <\/a><\/p>\n<p class=\"wp-caption-text\">Quase mil entusiastas de trajes tradicionais chineses viajaram e consumiram em diversos locais de Macau durante a \u201cFeira de Produtos de Marca da Prov\u00edncia de Guangdong e Macau 2024\u201d<\/p>\n<\/p><\/div>\n<div class=\"wp-caption alignnone\">\n                <a href=\"https:\/\/cdn.gcs.gov.mo\/api\/resource\/ibs\/P24HO1p04W\" data-component=\"Popup\" data-fancybox=\"gallery\" data-caption=\"O mini programa \u201cNovas estrat\u00e9gias para explora\u00e7\u00e3o de Macau\u201d est\u00e1 a transmitir na Mango TV\" data-type=\"image\"><br \/>\n                <img decoding=\"async\" class=\"size-large\" src=\"https:\/\/cdn.gcs.gov.mo\/api\/resource\/ibs\/P24HO1p04W\" title=\"O mini programa \u201cNovas estrat\u00e9gias para explora\u00e7\u00e3o de Macau\u201d est\u00e1 a transmitir na Mango TV\" alt=\"O mini programa \u201cNovas estrat\u00e9gias para explora\u00e7\u00e3o de Macau\u201d est\u00e1 a transmitir na Mango TV\" width=\"1024\"><br \/>\n                <\/a><\/p>\n<p class=\"wp-caption-text\">O mini programa \u201cNovas estrat\u00e9gias para explora\u00e7\u00e3o de Macau\u201d est\u00e1 a transmitir na Mango TV<\/p>\n<\/p><\/div>\n<div class=\"wp-caption alignnone\">\n                <a href=\"https:\/\/cdn.gcs.gov.mo\/api\/resource\/ibs\/P24HO7BPIz\" data-component=\"Popup\" data-fancybox=\"gallery\" data-caption=\"Instala\u00e7\u00e3o de grande dimens\u00e3o com o tema da mascote do turismo de Macau \u201cMak Mak\u201d do \u201cDescontrai-te, Diverte-te \u2013 Macau!\u201d chama a aten\u00e7\u00e3o\" data-type=\"image\"><br \/>\n                <img decoding=\"async\" class=\"size-large\" src=\"https:\/\/cdn.gcs.gov.mo\/api\/resource\/ibs\/P24HO7BPIz\" title=\"Instala\u00e7\u00e3o de grande dimens\u00e3o com o tema da mascote do turismo de Macau \u201cMak Mak\u201d do \u201cDescontrai-te, Diverte-te \u2013 Macau!\u201d chama a aten\u00e7\u00e3o\" alt=\"Instala\u00e7\u00e3o de grande dimens\u00e3o com o tema da mascote do turismo de Macau \u201cMak Mak\u201d do \u201cDescontrai-te, Diverte-te \u2013 Macau!\u201d chama a aten\u00e7\u00e3o\" width=\"1024\"><br \/>\n                <\/a><\/p>\n<p class=\"wp-caption-text\">Instala\u00e7\u00e3o de grande dimens\u00e3o com o tema da mascote do turismo de Macau \u201cMak Mak\u201d do \u201cDescontrai-te, Diverte-te \u2013 Macau!\u201d chama a aten\u00e7\u00e3o<\/p>\n<\/p><\/div>\n<div class=\"wp-caption alignnone\">\n                <a href=\"https:\/\/cdn.gcs.gov.mo\/api\/resource\/ibs\/P24HOLE5sV\" data-component=\"Popup\" data-fancybox=\"gallery\" data-caption=\"Governo da RAEM aproveita f\u00e9rias de Ver\u00e3o para realizar trabalhados de alargamento das fontes de visitantes\" data-type=\"image\"><br \/>\n                <img decoding=\"async\" class=\"size-large\" src=\"https:\/\/cdn.gcs.gov.mo\/api\/resource\/ibs\/P24HOLE5sV\" title=\"Governo da RAEM aproveita f\u00e9rias de Ver\u00e3o para realizar trabalhados de alargamento das fontes de visitantes\" alt=\"Governo da RAEM aproveita f\u00e9rias de Ver\u00e3o para realizar trabalhados de alargamento das fontes de visitantes\" width=\"1024\"><br \/>\n                <\/a><\/p>\n<p class=\"wp-caption-text\">Governo da RAEM aproveita f\u00e9rias de Ver\u00e3o para realizar trabalhados de alargamento das fontes de visitantes<\/p>\n<\/p><\/div>\n<div class=\"wp-caption alignnone\">\n                <a href=\"https:\/\/cdn.gcs.gov.mo\/api\/resource\/ibs\/P24HOC9gmM\" data-component=\"Popup\" data-fancybox=\"gallery\" data-caption=\"Os turistas entram nos bairros para fazer check-in e consumir\" data-type=\"image\"><br \/>\n                <img decoding=\"async\" class=\"size-large\" src=\"https:\/\/cdn.gcs.gov.mo\/api\/resource\/ibs\/P24HOC9gmM\" title=\"Os turistas entram nos bairros para fazer check-in e consumir\" alt=\"Os turistas entram nos bairros para fazer check-in e consumir\" width=\"1024\"><br \/>\n                <\/a><\/p>\n<p class=\"wp-caption-text\">Os turistas entram nos bairros para fazer check-in e consumir<\/p>\n<\/p><\/div>\n<div class=\"wp-caption alignnone\">\n                <a href=\"https:\/\/cdn.gcs.gov.mo\/api\/resource\/ibs\/P24HOvg2EQ\" data-component=\"Popup\" data-fancybox=\"gallery\" data-caption=\"Os turistas entram nos bairros para fazer check-in e consumir\" data-type=\"image\"><br \/>\n                <img decoding=\"async\" class=\"size-large\" src=\"https:\/\/cdn.gcs.gov.mo\/api\/resource\/ibs\/P24HOvg2EQ\" title=\"Os turistas entram nos bairros para fazer check-in e consumir\" alt=\"Os turistas entram nos bairros para fazer check-in e consumir\" width=\"1024\"><br \/>\n                <\/a><\/p>\n<p class=\"wp-caption-text\">Os turistas entram nos bairros para fazer check-in e consumir<\/p>\n<\/p><\/div>\n","protected":false},"excerpt":{"rendered":"<p>O Governo da Regi&atilde;o Administrativa Especial de Macau aproveita bem a &eacute;poca alta de turismo do Ver&atilde;o, utiliza as medidas de apoio do Governo Central [&hellip;]<\/p>\n","protected":false},"author":1,"featured_media":467868,"comment_status":"closed","ping_status":"closed","sticky":false,"template":"","format":"standard","meta":{"_acf_changed":false,"inline_featured_image":false,"advgb_blocks_editor_width":"","advgb_blocks_columns_visual_guide":"","footnotes":""},"categories":[12],"tags":[],"class_list":["post-472498","post","type-post","status-publish","format-standard","has-post-thumbnail","hentry","category-noticias-do-ipim"],"acf":[],"yoast_head":"<!-- This site is optimized with the Yoast SEO plugin v26.2 - https:\/\/yoast.com\/wordpress\/plugins\/seo\/ -->\r\n<title>[2024\/08\/15] \u3010Coopera\u00e7\u00e3o interdepartamental para atrair visitantes para os bairros comunit\u00e1rios durante as f\u00e9rias de Ver\u00e3o\u3011 Instala\u00e7\u00f5es para tirar fotografias e s\u00e9rie de actividades promocionais bem recebidas | Commerce and Investment Promotion Institute<\/title>\r\n<meta name=\"robots\" content=\"index, follow, max-snippet:-1, max-image-preview:large, max-video-preview:-1\" \/>\r\n<link rel=\"canonical\" href=\"https:\/\/www.ipim.gov.mo\/pt-pt\/noticias-do-ipim\/2024-08-15-\u3010cooperacao-interdepartamental-para-atrair-visitantes-para-os-bairros-comunitarios-durante-as-ferias-de-verao\u3011-instalacoes-para-tirar-fotografias-e-serie-de-actividades-pr\/\" \/>\r\n<meta property=\"og:locale\" content=\"pt_PT\" \/>\r\n<meta property=\"og:type\" content=\"article\" \/>\r\n<meta property=\"og:title\" content=\"[2024\/08\/15] \u3010Coopera\u00e7\u00e3o interdepartamental para atrair visitantes para os bairros comunit\u00e1rios durante as f\u00e9rias de Ver\u00e3o\u3011 Instala\u00e7\u00f5es para tirar fotografias e s\u00e9rie de actividades promocionais bem recebidas | Commerce and Investment Promotion Institute\" \/>\r\n<meta property=\"og:description\" content=\"O Governo da Regi&atilde;o Administrativa Especial de Macau aproveita bem a &eacute;poca alta de turismo do Ver&atilde;o, utiliza as medidas de apoio do Governo Central [&hellip;]\" \/>\r\n<meta property=\"og:url\" content=\"https:\/\/www.ipim.gov.mo\/pt-pt\/noticias-do-ipim\/2024-08-15-\u3010cooperacao-interdepartamental-para-atrair-visitantes-para-os-bairros-comunitarios-durante-as-ferias-de-verao\u3011-instalacoes-para-tirar-fotografias-e-serie-de-actividades-pr\/\" \/>\r\n<meta property=\"og:site_name\" content=\"Commerce and Investment Promotion Institute\" \/>\r\n<meta property=\"article:published_time\" content=\"2024-08-15T01:30:00+00:00\" \/>\r\n<meta property=\"og:image\" content=\"https:\/\/www.ipim.gov.mo\/wp-content\/uploads\/2024\/07\/ipim-post-default.jpg\" \/>\r\n\t<meta property=\"og:image:width\" content=\"1024\" \/>\r\n\t<meta property=\"og:image:height\" content=\"768\" \/>\r\n\t<meta property=\"og:image:type\" content=\"image\/jpeg\" \/>\r\n<meta name=\"author\" content=\"admin\" \/>\r\n<meta name=\"twitter:card\" content=\"summary_large_image\" \/>\r\n<meta name=\"twitter:label1\" content=\"Written by\" \/>\n\t<meta name=\"twitter:data1\" content=\"admin\" \/>\n\t<meta name=\"twitter:label2\" content=\"Est. reading time\" \/>\n\t<meta name=\"twitter:data2\" content=\"8 minutes\" \/>\r\n<script type=\"application\/ld+json\" class=\"yoast-schema-graph\">{\"@context\":\"https:\/\/schema.org\",\"@graph\":[{\"@type\":\"WebPage\",\"@id\":\"https:\/\/www.ipim.gov.mo\/pt-pt\/noticias-do-ipim\/2024-08-15-%e3%80%90cooperacao-interdepartamental-para-atrair-visitantes-para-os-bairros-comunitarios-durante-as-ferias-de-verao%e3%80%91-instalacoes-para-tirar-fotografias-e-serie-de-actividades-pr\/\",\"url\":\"https:\/\/www.ipim.gov.mo\/pt-pt\/noticias-do-ipim\/2024-08-15-%e3%80%90cooperacao-interdepartamental-para-atrair-visitantes-para-os-bairros-comunitarios-durante-as-ferias-de-verao%e3%80%91-instalacoes-para-tirar-fotografias-e-serie-de-actividades-pr\/\",\"name\":\"[2024\/08\/15] \u3010Coopera\u00e7\u00e3o interdepartamental para atrair visitantes para os bairros comunit\u00e1rios durante as f\u00e9rias de Ver\u00e3o\u3011 Instala\u00e7\u00f5es para tirar fotografias e s\u00e9rie de actividades promocionais bem recebidas | Commerce and Investment Promotion Institute\",\"isPartOf\":{\"@id\":\"https:\/\/www.ipim.gov.mo\/zh-hans\/#website\"},\"primaryImageOfPage\":{\"@id\":\"https:\/\/www.ipim.gov.mo\/pt-pt\/noticias-do-ipim\/2024-08-15-%e3%80%90cooperacao-interdepartamental-para-atrair-visitantes-para-os-bairros-comunitarios-durante-as-ferias-de-verao%e3%80%91-instalacoes-para-tirar-fotografias-e-serie-de-actividades-pr\/#primaryimage\"},\"image\":{\"@id\":\"https:\/\/www.ipim.gov.mo\/pt-pt\/noticias-do-ipim\/2024-08-15-%e3%80%90cooperacao-interdepartamental-para-atrair-visitantes-para-os-bairros-comunitarios-durante-as-ferias-de-verao%e3%80%91-instalacoes-para-tirar-fotografias-e-serie-de-actividades-pr\/#primaryimage\"},\"thumbnailUrl\":\"https:\/\/www.ipim.gov.mo\/wp-content\/uploads\/2024\/07\/ipim-post-default.jpg\",\"datePublished\":\"2024-08-15T01:30:00+00:00\",\"breadcrumb\":{\"@id\":\"https:\/\/www.ipim.gov.mo\/pt-pt\/noticias-do-ipim\/2024-08-15-%e3%80%90cooperacao-interdepartamental-para-atrair-visitantes-para-os-bairros-comunitarios-durante-as-ferias-de-verao%e3%80%91-instalacoes-para-tirar-fotografias-e-serie-de-actividades-pr\/#breadcrumb\"},\"inLanguage\":\"pt-PT\",\"potentialAction\":[{\"@type\":\"ReadAction\",\"target\":[\"https:\/\/www.ipim.gov.mo\/pt-pt\/noticias-do-ipim\/2024-08-15-%e3%80%90cooperacao-interdepartamental-para-atrair-visitantes-para-os-bairros-comunitarios-durante-as-ferias-de-verao%e3%80%91-instalacoes-para-tirar-fotografias-e-serie-de-actividades-pr\/\"]}]},{\"@type\":\"ImageObject\",\"inLanguage\":\"pt-PT\",\"@id\":\"https:\/\/www.ipim.gov.mo\/pt-pt\/noticias-do-ipim\/2024-08-15-%e3%80%90cooperacao-interdepartamental-para-atrair-visitantes-para-os-bairros-comunitarios-durante-as-ferias-de-verao%e3%80%91-instalacoes-para-tirar-fotografias-e-serie-de-actividades-pr\/#primaryimage\",\"url\":\"https:\/\/www.ipim.gov.mo\/wp-content\/uploads\/2024\/07\/ipim-post-default.jpg\",\"contentUrl\":\"https:\/\/www.ipim.gov.mo\/wp-content\/uploads\/2024\/07\/ipim-post-default.jpg\",\"width\":1024,\"height\":768},{\"@type\":\"BreadcrumbList\",\"@id\":\"https:\/\/www.ipim.gov.mo\/pt-pt\/noticias-do-ipim\/2024-08-15-%e3%80%90cooperacao-interdepartamental-para-atrair-visitantes-para-os-bairros-comunitarios-durante-as-ferias-de-verao%e3%80%91-instalacoes-para-tirar-fotografias-e-serie-de-actividades-pr\/#breadcrumb\",\"itemListElement\":[{\"@type\":\"ListItem\",\"position\":1,\"name\":\"Home\",\"item\":\"https:\/\/www.ipim.gov.mo\/pt-pt\/\"},{\"@type\":\"ListItem\",\"position\":2,\"name\":\"[2024\/08\/15] \u3010Coopera\u00e7\u00e3o interdepartamental para atrair visitantes para os bairros comunit\u00e1rios durante as f\u00e9rias de Ver\u00e3o\u3011 Instala\u00e7\u00f5es para tirar fotografias e s\u00e9rie de actividades promocionais bem recebidas\"}]},{\"@type\":\"WebSite\",\"@id\":\"https:\/\/www.ipim.gov.mo\/zh-hans\/#website\",\"url\":\"https:\/\/www.ipim.gov.mo\/zh-hans\/\",\"name\":\"Commerce and Investment Promotion Institute\",\"description\":\"Commerce and Investment Promotion Institute\",\"publisher\":{\"@id\":\"https:\/\/www.ipim.gov.mo\/zh-hans\/#organization\"},\"potentialAction\":[{\"@type\":\"SearchAction\",\"target\":{\"@type\":\"EntryPoint\",\"urlTemplate\":\"https:\/\/www.ipim.gov.mo\/zh-hans\/?s={search_term_string}\"},\"query-input\":{\"@type\":\"PropertyValueSpecification\",\"valueRequired\":true,\"valueName\":\"search_term_string\"}}],\"inLanguage\":\"pt-PT\"},{\"@type\":\"Organization\",\"@id\":\"https:\/\/www.ipim.gov.mo\/zh-hans\/#organization\",\"name\":\"IPIM\",\"url\":\"https:\/\/www.ipim.gov.mo\/zh-hans\/\",\"logo\":{\"@type\":\"ImageObject\",\"inLanguage\":\"pt-PT\",\"@id\":\"https:\/\/www.ipim.gov.mo\/zh-hans\/#\/schema\/logo\/image\/\",\"url\":\"https:\/\/www.ipim.gov.mo\/wp-content\/uploads\/2022\/10\/default-post-thumbnail-ipim-logo.png\",\"contentUrl\":\"https:\/\/www.ipim.gov.mo\/wp-content\/uploads\/2022\/10\/default-post-thumbnail-ipim-logo.png\",\"width\":1024,\"height\":768,\"caption\":\"IPIM\"},\"image\":{\"@id\":\"https:\/\/www.ipim.gov.mo\/zh-hans\/#\/schema\/logo\/image\/\"}}]}<\/script>\r\n<!-- \/ Yoast SEO plugin. -->","yoast_head_json":{"title":"[2024\/08\/15] \u3010Coopera\u00e7\u00e3o interdepartamental para atrair visitantes para os bairros comunit\u00e1rios durante as f\u00e9rias de Ver\u00e3o\u3011 Instala\u00e7\u00f5es para tirar fotografias e s\u00e9rie de actividades promocionais bem recebidas | Commerce and Investment Promotion Institute","robots":{"index":"index","follow":"follow","max-snippet":"max-snippet:-1","max-image-preview":"max-image-preview:large","max-video-preview":"max-video-preview:-1"},"canonical":"https:\/\/www.ipim.gov.mo\/pt-pt\/noticias-do-ipim\/2024-08-15-\u3010cooperacao-interdepartamental-para-atrair-visitantes-para-os-bairros-comunitarios-durante-as-ferias-de-verao\u3011-instalacoes-para-tirar-fotografias-e-serie-de-actividades-pr\/","og_locale":"pt_PT","og_type":"article","og_title":"[2024\/08\/15] \u3010Coopera\u00e7\u00e3o interdepartamental para atrair visitantes para os bairros comunit\u00e1rios durante as f\u00e9rias de Ver\u00e3o\u3011 Instala\u00e7\u00f5es para tirar fotografias e s\u00e9rie de actividades promocionais bem recebidas | Commerce and Investment Promotion Institute","og_description":"O Governo da Regi&atilde;o Administrativa Especial de Macau aproveita bem a &eacute;poca alta de turismo do Ver&atilde;o, utiliza as medidas de apoio do Governo Central [&hellip;]","og_url":"https:\/\/www.ipim.gov.mo\/pt-pt\/noticias-do-ipim\/2024-08-15-\u3010cooperacao-interdepartamental-para-atrair-visitantes-para-os-bairros-comunitarios-durante-as-ferias-de-verao\u3011-instalacoes-para-tirar-fotografias-e-serie-de-actividades-pr\/","og_site_name":"Commerce and Investment Promotion Institute","article_published_time":"2024-08-15T01:30:00+00:00","og_image":[{"width":1024,"height":768,"url":"https:\/\/www.ipim.gov.mo\/wp-content\/uploads\/2024\/07\/ipim-post-default.jpg","type":"image\/jpeg"}],"author":"admin","twitter_card":"summary_large_image","twitter_misc":{"Written by":"admin","Est. reading time":"8 minutes"},"schema":{"@context":"https:\/\/schema.org","@graph":[{"@type":"WebPage","@id":"https:\/\/www.ipim.gov.mo\/pt-pt\/noticias-do-ipim\/2024-08-15-%e3%80%90cooperacao-interdepartamental-para-atrair-visitantes-para-os-bairros-comunitarios-durante-as-ferias-de-verao%e3%80%91-instalacoes-para-tirar-fotografias-e-serie-de-actividades-pr\/","url":"https:\/\/www.ipim.gov.mo\/pt-pt\/noticias-do-ipim\/2024-08-15-%e3%80%90cooperacao-interdepartamental-para-atrair-visitantes-para-os-bairros-comunitarios-durante-as-ferias-de-verao%e3%80%91-instalacoes-para-tirar-fotografias-e-serie-de-actividades-pr\/","name":"[2024\/08\/15] \u3010Coopera\u00e7\u00e3o interdepartamental para atrair visitantes para os bairros comunit\u00e1rios durante as f\u00e9rias de Ver\u00e3o\u3011 Instala\u00e7\u00f5es para tirar fotografias e s\u00e9rie de actividades promocionais bem recebidas | Commerce and Investment Promotion Institute","isPartOf":{"@id":"https:\/\/www.ipim.gov.mo\/zh-hans\/#website"},"primaryImageOfPage":{"@id":"https:\/\/www.ipim.gov.mo\/pt-pt\/noticias-do-ipim\/2024-08-15-%e3%80%90cooperacao-interdepartamental-para-atrair-visitantes-para-os-bairros-comunitarios-durante-as-ferias-de-verao%e3%80%91-instalacoes-para-tirar-fotografias-e-serie-de-actividades-pr\/#primaryimage"},"image":{"@id":"https:\/\/www.ipim.gov.mo\/pt-pt\/noticias-do-ipim\/2024-08-15-%e3%80%90cooperacao-interdepartamental-para-atrair-visitantes-para-os-bairros-comunitarios-durante-as-ferias-de-verao%e3%80%91-instalacoes-para-tirar-fotografias-e-serie-de-actividades-pr\/#primaryimage"},"thumbnailUrl":"https:\/\/www.ipim.gov.mo\/wp-content\/uploads\/2024\/07\/ipim-post-default.jpg","datePublished":"2024-08-15T01:30:00+00:00","breadcrumb":{"@id":"https:\/\/www.ipim.gov.mo\/pt-pt\/noticias-do-ipim\/2024-08-15-%e3%80%90cooperacao-interdepartamental-para-atrair-visitantes-para-os-bairros-comunitarios-durante-as-ferias-de-verao%e3%80%91-instalacoes-para-tirar-fotografias-e-serie-de-actividades-pr\/#breadcrumb"},"inLanguage":"pt-PT","potentialAction":[{"@type":"ReadAction","target":["https:\/\/www.ipim.gov.mo\/pt-pt\/noticias-do-ipim\/2024-08-15-%e3%80%90cooperacao-interdepartamental-para-atrair-visitantes-para-os-bairros-comunitarios-durante-as-ferias-de-verao%e3%80%91-instalacoes-para-tirar-fotografias-e-serie-de-actividades-pr\/"]}]},{"@type":"ImageObject","inLanguage":"pt-PT","@id":"https:\/\/www.ipim.gov.mo\/pt-pt\/noticias-do-ipim\/2024-08-15-%e3%80%90cooperacao-interdepartamental-para-atrair-visitantes-para-os-bairros-comunitarios-durante-as-ferias-de-verao%e3%80%91-instalacoes-para-tirar-fotografias-e-serie-de-actividades-pr\/#primaryimage","url":"https:\/\/www.ipim.gov.mo\/wp-content\/uploads\/2024\/07\/ipim-post-default.jpg","contentUrl":"https:\/\/www.ipim.gov.mo\/wp-content\/uploads\/2024\/07\/ipim-post-default.jpg","width":1024,"height":768},{"@type":"BreadcrumbList","@id":"https:\/\/www.ipim.gov.mo\/pt-pt\/noticias-do-ipim\/2024-08-15-%e3%80%90cooperacao-interdepartamental-para-atrair-visitantes-para-os-bairros-comunitarios-durante-as-ferias-de-verao%e3%80%91-instalacoes-para-tirar-fotografias-e-serie-de-actividades-pr\/#breadcrumb","itemListElement":[{"@type":"ListItem","position":1,"name":"Home","item":"https:\/\/www.ipim.gov.mo\/pt-pt\/"},{"@type":"ListItem","position":2,"name":"[2024\/08\/15] \u3010Coopera\u00e7\u00e3o interdepartamental para atrair visitantes para os bairros comunit\u00e1rios durante as f\u00e9rias de Ver\u00e3o\u3011 Instala\u00e7\u00f5es para tirar fotografias e s\u00e9rie de actividades promocionais bem recebidas"}]},{"@type":"WebSite","@id":"https:\/\/www.ipim.gov.mo\/zh-hans\/#website","url":"https:\/\/www.ipim.gov.mo\/zh-hans\/","name":"Commerce and Investment Promotion Institute","description":"Commerce and Investment Promotion Institute","publisher":{"@id":"https:\/\/www.ipim.gov.mo\/zh-hans\/#organization"},"potentialAction":[{"@type":"SearchAction","target":{"@type":"EntryPoint","urlTemplate":"https:\/\/www.ipim.gov.mo\/zh-hans\/?s={search_term_string}"},"query-input":{"@type":"PropertyValueSpecification","valueRequired":true,"valueName":"search_term_string"}}],"inLanguage":"pt-PT"},{"@type":"Organization","@id":"https:\/\/www.ipim.gov.mo\/zh-hans\/#organization","name":"IPIM","url":"https:\/\/www.ipim.gov.mo\/zh-hans\/","logo":{"@type":"ImageObject","inLanguage":"pt-PT","@id":"https:\/\/www.ipim.gov.mo\/zh-hans\/#\/schema\/logo\/image\/","url":"https:\/\/www.ipim.gov.mo\/wp-content\/uploads\/2022\/10\/default-post-thumbnail-ipim-logo.png","contentUrl":"https:\/\/www.ipim.gov.mo\/wp-content\/uploads\/2022\/10\/default-post-thumbnail-ipim-logo.png","width":1024,"height":768,"caption":"IPIM"},"image":{"@id":"https:\/\/www.ipim.gov.mo\/zh-hans\/#\/schema\/logo\/image\/"}}]}},"author_meta":{"display_name":"admin","author_link":"https:\/\/www.ipim.gov.mo\/pt-pt\/author\/admin\/"},"featured_img":"https:\/\/www.ipim.gov.mo\/wp-content\/uploads\/2024\/07\/ipim-post-default-300x225.jpg","coauthors":[],"tax_additional":{"categories":{"linked":["<a href=\"https:\/\/www.ipim.gov.mo\/pt-pt\/category\/noticias-do-ipim\/\" class=\"advgb-post-tax-term\">Not\u00edcias do IPIM<\/a>"],"unlinked":["<span class=\"advgb-post-tax-term\">Not\u00edcias do IPIM<\/span>"]}},"comment_count":"0","relative_dates":{"created":"Posted 2 years ago","modified":"Updated 2 years ago"},"absolute_dates":{"created":"Posted on Agosto 15, 2024","modified":"Updated on Agosto 15, 2024"},"absolute_dates_time":{"created":"Posted on Agosto 15, 2024 9:30 am","modified":"Updated on Agosto 15, 2024 9:30 am"},"featured_img_caption":"","series_order":"","_links":{"self":[{"href":"https:\/\/www.ipim.gov.mo\/pt-pt\/wp-json\/wp\/v2\/posts\/472498","targetHints":{"allow":["GET"]}}],"collection":[{"href":"https:\/\/www.ipim.gov.mo\/pt-pt\/wp-json\/wp\/v2\/posts"}],"about":[{"href":"https:\/\/www.ipim.gov.mo\/pt-pt\/wp-json\/wp\/v2\/types\/post"}],"author":[{"embeddable":true,"href":"https:\/\/www.ipim.gov.mo\/pt-pt\/wp-json\/wp\/v2\/users\/1"}],"replies":[{"embeddable":true,"href":"https:\/\/www.ipim.gov.mo\/pt-pt\/wp-json\/wp\/v2\/comments?post=472498"}],"version-history":[{"count":0,"href":"https:\/\/www.ipim.gov.mo\/pt-pt\/wp-json\/wp\/v2\/posts\/472498\/revisions"}],"wp:featuredmedia":[{"embeddable":true,"href":"https:\/\/www.ipim.gov.mo\/pt-pt\/wp-json\/wp\/v2\/media\/467868"}],"wp:attachment":[{"href":"https:\/\/www.ipim.gov.mo\/pt-pt\/wp-json\/wp\/v2\/media?parent=472498"}],"wp:term":[{"taxonomy":"category","embeddable":true,"href":"https:\/\/www.ipim.gov.mo\/pt-pt\/wp-json\/wp\/v2\/categories?post=472498"},{"taxonomy":"post_tag","embeddable":true,"href":"https:\/\/www.ipim.gov.mo\/pt-pt\/wp-json\/wp\/v2\/tags?post=472498"}],"curies":[{"name":"wp","href":"https:\/\/api.w.org\/{rel}","templated":true}]}}