{"id":469670,"date":"2024-07-17T10:30:00","date_gmt":"2024-07-17T02:30:00","guid":{"rendered":"https:\/\/www.ipim.gov.mo\/noticias-do-ipim\/2024-07-17-celebracao-conjunta-do-duplo-aniversario-a-feira-de-produtos-de-marca-da-provincia-de-guangdong-e-macau-2024-arranca-no-dia-25-de-julho-com-75-mil-presentes-a-oferecer-aos-visitantes\/"},"modified":"2024-07-17T10:30:00","modified_gmt":"2024-07-17T02:30:00","slug":"2024-07-17-celebracao-conjunta-do-duplo-aniversario-a-feira-de-produtos-de-marca-da-provincia-de-guangdong-e-macau-2024-arranca-no-dia-25-de-julho-com-75-mil-presentes-a-oferecer-aos-visitantes","status":"publish","type":"post","link":"https:\/\/www.ipim.gov.mo\/pt-pt\/noticias-do-ipim\/2024-07-17-celebracao-conjunta-do-duplo-aniversario-a-feira-de-produtos-de-marca-da-provincia-de-guangdong-e-macau-2024-arranca-no-dia-25-de-julho-com-75-mil-presentes-a-oferecer-aos-visitantes\/","title":{"rendered":"[2024\/07\/17] [Celebra\u00e7\u00e3o Conjunta do Duplo Anivers\u00e1rio] A Feira de Produtos de Marca da Prov\u00edncia de Guangdong e Macau 2024 arranca no dia 25 de Julho,  com 75 mil presentes a oferecer aos visitantes"},"content":{"rendered":"<p style=\"text-align:justify\">\u201cCelebra&ccedil;&atilde;o do 75.&ordm; Anivers&aacute;rio da Funda&ccedil;&atilde;o da Rep&uacute;blica Popular da China, do 25.&ordm; Anivers&aacute;rio do Regresso de Macau &agrave; P&aacute;tria \u2027 A Feira de Produtos de Marca da Prov&iacute;ncia de Guangdong e Macau 2024\u201d, co-organizada pelo Instituto de Promo&ccedil;&atilde;o do Com&eacute;rcio e do Investimento (IPIM) da Regi&atilde;o Administrativa Especial de Macau e pelo Departamento do Com&eacute;rcio da Prov&iacute;ncia de Guangdong, ter&aacute; lugar entre os dias 25 e 28 de Julho, no Pavilh&atilde;o D da&nbsp;<em>Cotai Expo<\/em>,&nbsp;<em>Venetian Macao<\/em>. Para partilhar a alegria da celebra&ccedil;&atilde;o do duplo anivers&aacute;rio, ser&aacute; disponibilizado, no recinto, um total de 75 mil presentes.<\/p>\n<p style=\"text-align:justify\">A edi&ccedil;&atilde;o deste ano da Feira de Produtos de Marca da Prov&iacute;ncia de Guangdong e Macau (GMBPF) &eacute; a 16.&ordf; edi&ccedil;&atilde;o. Com base nas experi&ecirc;ncias bem-sucedidas do passado e em conjuga&ccedil;&atilde;o com a estrat&eacute;gia do desenvolvimento de diversifica&ccedil;&atilde;o adequada da economia \u201c1+4\u201d do Governo da RAEM, bem como nas novas tend&ecirc;ncias do mercado, a disposi&ccedil;&atilde;o da feira e o programa ser&atilde;o ainda mais enriquecidos e diversificados. A zona de exposi&ccedil;&atilde;o ser&aacute; alargada, para incluir tr&ecirc;s novas sec&ccedil;&otilde;es, nomeadamente, dispositivos e servi&ccedil;os inteligentes, instala&ccedil;&otilde;es e servi&ccedil;os hoteleiros e \u201cChina Chic\u201d.<\/p>\n<p style=\"text-align:justify\"><strong>Impulsionar a colabora&ccedil;&atilde;o de B2B e B2C em v&aacute;rios cen&aacute;rios<\/strong><\/p>\n<p style=\"text-align:justify\">A presente edi&ccedil;&atilde;o da GMBPF estabelecer&aacute; o \u201cDia dos Visitantes Profissionais\u201d, com o intuito de convidar compradores de diferentes pa&iacute;ses e regi&otilde;es para o evento e de organizar visitas ao local de exposi&ccedil;&otilde;es para os representantes das principais associa&ccedil;&otilde;es de v&aacute;rios sectores. Isso permite a melhor integra&ccedil;&atilde;o nos cen&aacute;rios B2B e B2C, de forma a fornecer mais oportunidades para as empresas e proporcionar, assim, uma situa&ccedil;&atilde;o vantajosa para todos.<\/p>\n<p style=\"text-align:justify\"><strong>Encomendas no valor de mais de 1 milh&atilde;o de RMB, recebidas pelos expositores na edi&ccedil;&atilde;o passada evidenciam o papel facilitador da GMBPF na promo&ccedil;&atilde;o de neg&oacute;cios.<\/strong><\/p>\n<p style=\"text-align:justify\">No ano passado, muitos expositores provenientes do Interior da China expressaram o seu contentamento com a organiza&ccedil;&atilde;o das sess&otilde;es de bolsas de contacto na GMBPF, em que foram assinados acordos de venda de pratos pr&eacute;-preparados, no valor de mais de 1 milh&atilde;o de RMB. Alguns expositores de Macau tamb&eacute;m referiram que, no ano passado, tinham estabelecido rela&ccedil;&otilde;es de coopera&ccedil;&atilde;o com adegas da Prov&iacute;ncia de Guangdong, no sentido de lan&ccedil;ar novos vinhos que incorporam a cultura local de Macau, tendo em vista entrar na Grande Ba&iacute;a e no vasto mercado do Interior da China.<\/p>\n<p style=\"text-align:justify\">A GMBPF n&atilde;o &eacute; apenas um dos principais eventos de interc&acirc;mbio econ&oacute;mico e comercial entre Guangdong e Macau, mas tamb&eacute;m &eacute; uma feira profissional que foi acreditada, com sucesso, sob a supervis&atilde;o da &nbsp;Associa&ccedil;&atilde;o Global da Ind&uacute;stria de Exposi&ccedil;&otilde;es (UFI). Desde a sua cria&ccedil;&atilde;o em 2009, a GMBPF tem continuado a optimizar o planeamento das zonas de exposi&ccedil;&atilde;o, a diversificar os pontos de destaque, a aumentar o seu profissionalismo e a alargar o seu impacto na ind&uacute;stria. Em 2023, o evento atraiu mais de 430 empresas expositoras locais, da Prov&iacute;ncia de Guangdong e dos pa&iacute;ses e regi&otilde;es abrangidos pela iniciativa \u201cUma Faixa, Uma Rota\u201d. Como resultado, foram realizadas 338 sess&otilde;es de bolsas de contacto e assinados 54&nbsp;protocolos de coopera&ccedil;&atilde;o, tendo-se registado mais de 100 mil entradas de participantes e visitantes. A GMBPF est&aacute; empenhada em potenciar a din&acirc;mica de \u201cind&uacute;strias + conven&ccedil;&otilde;es e exposi&ccedil;&otilde;es\u201d, no sentido de ajudar as empresas a explorar novos mercados e, ao mesmo tempo, melhorar a experi&ecirc;ncia dos participantes e visitantes, impulsionando, efectivamente, o consumo.<\/p>\n<div class=\"wp-caption alignnone\">\n                <a href=\"https:\/\/cdn.gcs.gov.mo\/api\/resource\/ibs\/P24GQBZgfe\" data-component=\"Popup\" data-fancybox=\"gallery\" data-caption=\"A Feira de Produtos de Marca da Prov\u00edncia de Guangdong e Macau dedica-se \u00e0 explora\u00e7\u00e3o de oportunidades de neg\u00f3cio para as empresas\" data-type=\"image\"><br \/>\n                <img decoding=\"async\" class=\"size-large\" src=\"https:\/\/cdn.gcs.gov.mo\/api\/resource\/ibs\/P24GQBZgfe\" title=\"A Feira de Produtos de Marca da Prov\u00edncia de Guangdong e Macau dedica-se \u00e0 explora\u00e7\u00e3o de oportunidades de neg\u00f3cio para as empresas\" alt=\"A Feira de Produtos de Marca da Prov\u00edncia de Guangdong e Macau dedica-se \u00e0 explora\u00e7\u00e3o de oportunidades de neg\u00f3cio para as empresas\" width=\"1024\"><br \/>\n                <\/a><\/p>\n<p class=\"wp-caption-text\">A Feira de Produtos de Marca da Prov\u00edncia de Guangdong e Macau dedica-se \u00e0 explora\u00e7\u00e3o de oportunidades de neg\u00f3cio para as empresas<\/p>\n<\/p><\/div>\n<div class=\"wp-caption alignnone\">\n                <a href=\"https:\/\/cdn.gcs.gov.mo\/api\/resource\/ibs\/P24GQnyB7r\" data-component=\"Popup\" data-fancybox=\"gallery\" data-caption=\"A Feira de Produtos de Marca da Prov\u00edncia de Guangdong e Macau dedica-se \u00e0 explora\u00e7\u00e3o de oportunidades de neg\u00f3cio para as empresas\" data-type=\"image\"><br \/>\n                <img decoding=\"async\" class=\"size-large\" src=\"https:\/\/cdn.gcs.gov.mo\/api\/resource\/ibs\/P24GQnyB7r\" title=\"A Feira de Produtos de Marca da Prov\u00edncia de Guangdong e Macau dedica-se \u00e0 explora\u00e7\u00e3o de oportunidades de neg\u00f3cio para as empresas\" alt=\"A Feira de Produtos de Marca da Prov\u00edncia de Guangdong e Macau dedica-se \u00e0 explora\u00e7\u00e3o de oportunidades de neg\u00f3cio para as empresas\" width=\"1024\"><br \/>\n                <\/a><\/p>\n<p class=\"wp-caption-text\">A Feira de Produtos de Marca da Prov\u00edncia de Guangdong e Macau dedica-se \u00e0 explora\u00e7\u00e3o de oportunidades de neg\u00f3cio para as empresas<\/p>\n<\/p><\/div>\n<div class=\"wp-caption alignnone\">\n                <a href=\"https:\/\/cdn.gcs.gov.mo\/api\/resource\/ibs\/P24GQ44BGe\" data-component=\"Popup\" data-fancybox=\"gallery\" data-caption=\"A Feira de Produtos de Marca da Prov\u00edncia de Guangdong e Macau ajuda as empresas a desenvolver canais de vendas\" data-type=\"image\"><br \/>\n                <img decoding=\"async\" class=\"size-large\" src=\"https:\/\/cdn.gcs.gov.mo\/api\/resource\/ibs\/P24GQ44BGe\" title=\"A Feira de Produtos de Marca da Prov\u00edncia de Guangdong e Macau ajuda as empresas a desenvolver canais de vendas\" alt=\"A Feira de Produtos de Marca da Prov\u00edncia de Guangdong e Macau ajuda as empresas a desenvolver canais de vendas\" width=\"1024\"><br \/>\n                <\/a><\/p>\n<p class=\"wp-caption-text\">A Feira de Produtos de Marca da Prov\u00edncia de Guangdong e Macau ajuda as empresas a desenvolver canais de vendas<\/p>\n<\/p><\/div>\n<div class=\"wp-caption alignnone\">\n                <a href=\"https:\/\/cdn.gcs.gov.mo\/api\/resource\/ibs\/P24GQP4nSZ\" data-component=\"Popup\" data-fancybox=\"gallery\" data-caption=\"A Feira de Produtos de Marca da Prov\u00edncia de Guangdong e Macau 2023 registou cerca de 100 mil entradas\" data-type=\"image\"><br \/>\n                <img decoding=\"async\" class=\"size-large\" src=\"https:\/\/cdn.gcs.gov.mo\/api\/resource\/ibs\/P24GQP4nSZ\" title=\"A Feira de Produtos de Marca da Prov\u00edncia de Guangdong e Macau 2023 registou cerca de 100 mil entradas\" alt=\"A Feira de Produtos de Marca da Prov\u00edncia de Guangdong e Macau 2023 registou cerca de 100 mil entradas\" width=\"1024\"><br \/>\n                <\/a><\/p>\n<p class=\"wp-caption-text\">A Feira de Produtos de Marca da Prov\u00edncia de Guangdong e Macau 2023 registou cerca de 100 mil entradas<\/p>\n<\/p><\/div>\n","protected":false},"excerpt":{"rendered":"<p>\u201cCelebra&ccedil;&atilde;o do 75.&ordm; Anivers&aacute;rio da Funda&ccedil;&atilde;o da Rep&uacute;blica Popular da China, do 25.&ordm; Anivers&aacute;rio do Regresso de Macau &agrave; P&aacute;tria \u2027 A Feira de Produtos [&hellip;]<\/p>\n","protected":false},"author":1,"featured_media":467868,"comment_status":"closed","ping_status":"closed","sticky":false,"template":"","format":"standard","meta":{"_acf_changed":false,"inline_featured_image":false,"advgb_blocks_editor_width":"","advgb_blocks_columns_visual_guide":"","footnotes":""},"categories":[12],"tags":[],"class_list":["post-469670","post","type-post","status-publish","format-standard","has-post-thumbnail","hentry","category-noticias-do-ipim"],"acf":[],"yoast_head":"<!-- This site is optimized with the Yoast SEO plugin v26.2 - https:\/\/yoast.com\/wordpress\/plugins\/seo\/ -->\r\n<title>[2024\/07\/17] [Celebra\u00e7\u00e3o Conjunta do Duplo Anivers\u00e1rio] A Feira de Produtos de Marca da Prov\u00edncia de Guangdong e Macau 2024 arranca no dia 25 de Julho, com 75 mil presentes a oferecer aos visitantes | Commerce and Investment Promotion Institute<\/title>\r\n<meta name=\"robots\" content=\"index, follow, max-snippet:-1, max-image-preview:large, max-video-preview:-1\" \/>\r\n<link rel=\"canonical\" href=\"https:\/\/www.ipim.gov.mo\/pt-pt\/noticias-do-ipim\/2024-07-17-celebracao-conjunta-do-duplo-aniversario-a-feira-de-produtos-de-marca-da-provincia-de-guangdong-e-macau-2024-arranca-no-dia-25-de-julho-com-75-mil-presentes-a-oferecer-aos-visitantes\/\" \/>\r\n<meta property=\"og:locale\" content=\"pt_PT\" \/>\r\n<meta property=\"og:type\" content=\"article\" \/>\r\n<meta property=\"og:title\" content=\"[2024\/07\/17] [Celebra\u00e7\u00e3o Conjunta do Duplo Anivers\u00e1rio] A Feira de Produtos de Marca da Prov\u00edncia de Guangdong e Macau 2024 arranca no dia 25 de Julho, com 75 mil presentes a oferecer aos visitantes | Commerce and Investment Promotion Institute\" \/>\r\n<meta property=\"og:description\" content=\"\u201cCelebra&ccedil;&atilde;o do 75.&ordm; Anivers&aacute;rio da Funda&ccedil;&atilde;o da Rep&uacute;blica Popular da China, do 25.&ordm; Anivers&aacute;rio do Regresso de Macau &agrave; P&aacute;tria \u2027 A Feira de Produtos [&hellip;]\" \/>\r\n<meta property=\"og:url\" content=\"https:\/\/www.ipim.gov.mo\/pt-pt\/noticias-do-ipim\/2024-07-17-celebracao-conjunta-do-duplo-aniversario-a-feira-de-produtos-de-marca-da-provincia-de-guangdong-e-macau-2024-arranca-no-dia-25-de-julho-com-75-mil-presentes-a-oferecer-aos-visitantes\/\" \/>\r\n<meta property=\"og:site_name\" content=\"Commerce and Investment Promotion Institute\" \/>\r\n<meta property=\"article:published_time\" content=\"2024-07-17T02:30:00+00:00\" \/>\r\n<meta property=\"og:image\" content=\"https:\/\/www.ipim.gov.mo\/wp-content\/uploads\/2024\/07\/ipim-post-default.jpg\" \/>\r\n\t<meta property=\"og:image:width\" content=\"1024\" \/>\r\n\t<meta property=\"og:image:height\" content=\"768\" \/>\r\n\t<meta property=\"og:image:type\" content=\"image\/jpeg\" \/>\r\n<meta name=\"author\" content=\"admin\" \/>\r\n<meta name=\"twitter:card\" content=\"summary_large_image\" \/>\r\n<meta name=\"twitter:label1\" content=\"Written by\" \/>\n\t<meta name=\"twitter:data1\" content=\"admin\" \/>\n\t<meta name=\"twitter:label2\" content=\"Est. reading time\" \/>\n\t<meta name=\"twitter:data2\" content=\"4 minutes\" \/>\r\n<script type=\"application\/ld+json\" class=\"yoast-schema-graph\">{\"@context\":\"https:\/\/schema.org\",\"@graph\":[{\"@type\":\"WebPage\",\"@id\":\"https:\/\/www.ipim.gov.mo\/pt-pt\/noticias-do-ipim\/2024-07-17-celebracao-conjunta-do-duplo-aniversario-a-feira-de-produtos-de-marca-da-provincia-de-guangdong-e-macau-2024-arranca-no-dia-25-de-julho-com-75-mil-presentes-a-oferecer-aos-visitantes\/\",\"url\":\"https:\/\/www.ipim.gov.mo\/pt-pt\/noticias-do-ipim\/2024-07-17-celebracao-conjunta-do-duplo-aniversario-a-feira-de-produtos-de-marca-da-provincia-de-guangdong-e-macau-2024-arranca-no-dia-25-de-julho-com-75-mil-presentes-a-oferecer-aos-visitantes\/\",\"name\":\"[2024\/07\/17] [Celebra\u00e7\u00e3o Conjunta do Duplo Anivers\u00e1rio] A Feira de Produtos de Marca da Prov\u00edncia de Guangdong e Macau 2024 arranca no dia 25 de Julho, com 75 mil presentes a oferecer aos visitantes | Commerce and Investment Promotion Institute\",\"isPartOf\":{\"@id\":\"https:\/\/www.ipim.gov.mo\/zh-hans\/#website\"},\"primaryImageOfPage\":{\"@id\":\"https:\/\/www.ipim.gov.mo\/pt-pt\/noticias-do-ipim\/2024-07-17-celebracao-conjunta-do-duplo-aniversario-a-feira-de-produtos-de-marca-da-provincia-de-guangdong-e-macau-2024-arranca-no-dia-25-de-julho-com-75-mil-presentes-a-oferecer-aos-visitantes\/#primaryimage\"},\"image\":{\"@id\":\"https:\/\/www.ipim.gov.mo\/pt-pt\/noticias-do-ipim\/2024-07-17-celebracao-conjunta-do-duplo-aniversario-a-feira-de-produtos-de-marca-da-provincia-de-guangdong-e-macau-2024-arranca-no-dia-25-de-julho-com-75-mil-presentes-a-oferecer-aos-visitantes\/#primaryimage\"},\"thumbnailUrl\":\"https:\/\/www.ipim.gov.mo\/wp-content\/uploads\/2024\/07\/ipim-post-default.jpg\",\"datePublished\":\"2024-07-17T02:30:00+00:00\",\"breadcrumb\":{\"@id\":\"https:\/\/www.ipim.gov.mo\/pt-pt\/noticias-do-ipim\/2024-07-17-celebracao-conjunta-do-duplo-aniversario-a-feira-de-produtos-de-marca-da-provincia-de-guangdong-e-macau-2024-arranca-no-dia-25-de-julho-com-75-mil-presentes-a-oferecer-aos-visitantes\/#breadcrumb\"},\"inLanguage\":\"pt-PT\",\"potentialAction\":[{\"@type\":\"ReadAction\",\"target\":[\"https:\/\/www.ipim.gov.mo\/pt-pt\/noticias-do-ipim\/2024-07-17-celebracao-conjunta-do-duplo-aniversario-a-feira-de-produtos-de-marca-da-provincia-de-guangdong-e-macau-2024-arranca-no-dia-25-de-julho-com-75-mil-presentes-a-oferecer-aos-visitantes\/\"]}]},{\"@type\":\"ImageObject\",\"inLanguage\":\"pt-PT\",\"@id\":\"https:\/\/www.ipim.gov.mo\/pt-pt\/noticias-do-ipim\/2024-07-17-celebracao-conjunta-do-duplo-aniversario-a-feira-de-produtos-de-marca-da-provincia-de-guangdong-e-macau-2024-arranca-no-dia-25-de-julho-com-75-mil-presentes-a-oferecer-aos-visitantes\/#primaryimage\",\"url\":\"https:\/\/www.ipim.gov.mo\/wp-content\/uploads\/2024\/07\/ipim-post-default.jpg\",\"contentUrl\":\"https:\/\/www.ipim.gov.mo\/wp-content\/uploads\/2024\/07\/ipim-post-default.jpg\",\"width\":1024,\"height\":768},{\"@type\":\"BreadcrumbList\",\"@id\":\"https:\/\/www.ipim.gov.mo\/pt-pt\/noticias-do-ipim\/2024-07-17-celebracao-conjunta-do-duplo-aniversario-a-feira-de-produtos-de-marca-da-provincia-de-guangdong-e-macau-2024-arranca-no-dia-25-de-julho-com-75-mil-presentes-a-oferecer-aos-visitantes\/#breadcrumb\",\"itemListElement\":[{\"@type\":\"ListItem\",\"position\":1,\"name\":\"Home\",\"item\":\"https:\/\/www.ipim.gov.mo\/pt-pt\/\"},{\"@type\":\"ListItem\",\"position\":2,\"name\":\"[2024\/07\/17] [Celebra\u00e7\u00e3o Conjunta do Duplo Anivers\u00e1rio] A Feira de Produtos de Marca da Prov\u00edncia de Guangdong e Macau 2024 arranca no dia 25 de Julho, com 75 mil presentes a oferecer aos visitantes\"}]},{\"@type\":\"WebSite\",\"@id\":\"https:\/\/www.ipim.gov.mo\/zh-hans\/#website\",\"url\":\"https:\/\/www.ipim.gov.mo\/zh-hans\/\",\"name\":\"Commerce and Investment Promotion Institute\",\"description\":\"Commerce and Investment Promotion Institute\",\"publisher\":{\"@id\":\"https:\/\/www.ipim.gov.mo\/zh-hans\/#organization\"},\"potentialAction\":[{\"@type\":\"SearchAction\",\"target\":{\"@type\":\"EntryPoint\",\"urlTemplate\":\"https:\/\/www.ipim.gov.mo\/zh-hans\/?s={search_term_string}\"},\"query-input\":{\"@type\":\"PropertyValueSpecification\",\"valueRequired\":true,\"valueName\":\"search_term_string\"}}],\"inLanguage\":\"pt-PT\"},{\"@type\":\"Organization\",\"@id\":\"https:\/\/www.ipim.gov.mo\/zh-hans\/#organization\",\"name\":\"IPIM\",\"url\":\"https:\/\/www.ipim.gov.mo\/zh-hans\/\",\"logo\":{\"@type\":\"ImageObject\",\"inLanguage\":\"pt-PT\",\"@id\":\"https:\/\/www.ipim.gov.mo\/zh-hans\/#\/schema\/logo\/image\/\",\"url\":\"https:\/\/www.ipim.gov.mo\/wp-content\/uploads\/2022\/10\/default-post-thumbnail-ipim-logo.png\",\"contentUrl\":\"https:\/\/www.ipim.gov.mo\/wp-content\/uploads\/2022\/10\/default-post-thumbnail-ipim-logo.png\",\"width\":1024,\"height\":768,\"caption\":\"IPIM\"},\"image\":{\"@id\":\"https:\/\/www.ipim.gov.mo\/zh-hans\/#\/schema\/logo\/image\/\"}}]}<\/script>\r\n<!-- \/ Yoast SEO plugin. -->","yoast_head_json":{"title":"[2024\/07\/17] [Celebra\u00e7\u00e3o Conjunta do Duplo Anivers\u00e1rio] A Feira de Produtos de Marca da Prov\u00edncia de Guangdong e Macau 2024 arranca no dia 25 de Julho, com 75 mil presentes a oferecer aos visitantes | Commerce and Investment Promotion Institute","robots":{"index":"index","follow":"follow","max-snippet":"max-snippet:-1","max-image-preview":"max-image-preview:large","max-video-preview":"max-video-preview:-1"},"canonical":"https:\/\/www.ipim.gov.mo\/pt-pt\/noticias-do-ipim\/2024-07-17-celebracao-conjunta-do-duplo-aniversario-a-feira-de-produtos-de-marca-da-provincia-de-guangdong-e-macau-2024-arranca-no-dia-25-de-julho-com-75-mil-presentes-a-oferecer-aos-visitantes\/","og_locale":"pt_PT","og_type":"article","og_title":"[2024\/07\/17] [Celebra\u00e7\u00e3o Conjunta do Duplo Anivers\u00e1rio] A Feira de Produtos de Marca da Prov\u00edncia de Guangdong e Macau 2024 arranca no dia 25 de Julho, com 75 mil presentes a oferecer aos visitantes | Commerce and Investment Promotion Institute","og_description":"\u201cCelebra&ccedil;&atilde;o do 75.&ordm; Anivers&aacute;rio da Funda&ccedil;&atilde;o da Rep&uacute;blica Popular da China, do 25.&ordm; Anivers&aacute;rio do Regresso de Macau &agrave; P&aacute;tria \u2027 A Feira de Produtos [&hellip;]","og_url":"https:\/\/www.ipim.gov.mo\/pt-pt\/noticias-do-ipim\/2024-07-17-celebracao-conjunta-do-duplo-aniversario-a-feira-de-produtos-de-marca-da-provincia-de-guangdong-e-macau-2024-arranca-no-dia-25-de-julho-com-75-mil-presentes-a-oferecer-aos-visitantes\/","og_site_name":"Commerce and Investment Promotion Institute","article_published_time":"2024-07-17T02:30:00+00:00","og_image":[{"width":1024,"height":768,"url":"https:\/\/www.ipim.gov.mo\/wp-content\/uploads\/2024\/07\/ipim-post-default.jpg","type":"image\/jpeg"}],"author":"admin","twitter_card":"summary_large_image","twitter_misc":{"Written by":"admin","Est. reading time":"4 minutes"},"schema":{"@context":"https:\/\/schema.org","@graph":[{"@type":"WebPage","@id":"https:\/\/www.ipim.gov.mo\/pt-pt\/noticias-do-ipim\/2024-07-17-celebracao-conjunta-do-duplo-aniversario-a-feira-de-produtos-de-marca-da-provincia-de-guangdong-e-macau-2024-arranca-no-dia-25-de-julho-com-75-mil-presentes-a-oferecer-aos-visitantes\/","url":"https:\/\/www.ipim.gov.mo\/pt-pt\/noticias-do-ipim\/2024-07-17-celebracao-conjunta-do-duplo-aniversario-a-feira-de-produtos-de-marca-da-provincia-de-guangdong-e-macau-2024-arranca-no-dia-25-de-julho-com-75-mil-presentes-a-oferecer-aos-visitantes\/","name":"[2024\/07\/17] [Celebra\u00e7\u00e3o Conjunta do Duplo Anivers\u00e1rio] A Feira de Produtos de Marca da Prov\u00edncia de Guangdong e Macau 2024 arranca no dia 25 de Julho, com 75 mil presentes a oferecer aos visitantes | Commerce and Investment Promotion Institute","isPartOf":{"@id":"https:\/\/www.ipim.gov.mo\/zh-hans\/#website"},"primaryImageOfPage":{"@id":"https:\/\/www.ipim.gov.mo\/pt-pt\/noticias-do-ipim\/2024-07-17-celebracao-conjunta-do-duplo-aniversario-a-feira-de-produtos-de-marca-da-provincia-de-guangdong-e-macau-2024-arranca-no-dia-25-de-julho-com-75-mil-presentes-a-oferecer-aos-visitantes\/#primaryimage"},"image":{"@id":"https:\/\/www.ipim.gov.mo\/pt-pt\/noticias-do-ipim\/2024-07-17-celebracao-conjunta-do-duplo-aniversario-a-feira-de-produtos-de-marca-da-provincia-de-guangdong-e-macau-2024-arranca-no-dia-25-de-julho-com-75-mil-presentes-a-oferecer-aos-visitantes\/#primaryimage"},"thumbnailUrl":"https:\/\/www.ipim.gov.mo\/wp-content\/uploads\/2024\/07\/ipim-post-default.jpg","datePublished":"2024-07-17T02:30:00+00:00","breadcrumb":{"@id":"https:\/\/www.ipim.gov.mo\/pt-pt\/noticias-do-ipim\/2024-07-17-celebracao-conjunta-do-duplo-aniversario-a-feira-de-produtos-de-marca-da-provincia-de-guangdong-e-macau-2024-arranca-no-dia-25-de-julho-com-75-mil-presentes-a-oferecer-aos-visitantes\/#breadcrumb"},"inLanguage":"pt-PT","potentialAction":[{"@type":"ReadAction","target":["https:\/\/www.ipim.gov.mo\/pt-pt\/noticias-do-ipim\/2024-07-17-celebracao-conjunta-do-duplo-aniversario-a-feira-de-produtos-de-marca-da-provincia-de-guangdong-e-macau-2024-arranca-no-dia-25-de-julho-com-75-mil-presentes-a-oferecer-aos-visitantes\/"]}]},{"@type":"ImageObject","inLanguage":"pt-PT","@id":"https:\/\/www.ipim.gov.mo\/pt-pt\/noticias-do-ipim\/2024-07-17-celebracao-conjunta-do-duplo-aniversario-a-feira-de-produtos-de-marca-da-provincia-de-guangdong-e-macau-2024-arranca-no-dia-25-de-julho-com-75-mil-presentes-a-oferecer-aos-visitantes\/#primaryimage","url":"https:\/\/www.ipim.gov.mo\/wp-content\/uploads\/2024\/07\/ipim-post-default.jpg","contentUrl":"https:\/\/www.ipim.gov.mo\/wp-content\/uploads\/2024\/07\/ipim-post-default.jpg","width":1024,"height":768},{"@type":"BreadcrumbList","@id":"https:\/\/www.ipim.gov.mo\/pt-pt\/noticias-do-ipim\/2024-07-17-celebracao-conjunta-do-duplo-aniversario-a-feira-de-produtos-de-marca-da-provincia-de-guangdong-e-macau-2024-arranca-no-dia-25-de-julho-com-75-mil-presentes-a-oferecer-aos-visitantes\/#breadcrumb","itemListElement":[{"@type":"ListItem","position":1,"name":"Home","item":"https:\/\/www.ipim.gov.mo\/pt-pt\/"},{"@type":"ListItem","position":2,"name":"[2024\/07\/17] [Celebra\u00e7\u00e3o Conjunta do Duplo Anivers\u00e1rio] A Feira de Produtos de Marca da Prov\u00edncia de Guangdong e Macau 2024 arranca no dia 25 de Julho, com 75 mil presentes a oferecer aos visitantes"}]},{"@type":"WebSite","@id":"https:\/\/www.ipim.gov.mo\/zh-hans\/#website","url":"https:\/\/www.ipim.gov.mo\/zh-hans\/","name":"Commerce and Investment Promotion Institute","description":"Commerce and Investment Promotion Institute","publisher":{"@id":"https:\/\/www.ipim.gov.mo\/zh-hans\/#organization"},"potentialAction":[{"@type":"SearchAction","target":{"@type":"EntryPoint","urlTemplate":"https:\/\/www.ipim.gov.mo\/zh-hans\/?s={search_term_string}"},"query-input":{"@type":"PropertyValueSpecification","valueRequired":true,"valueName":"search_term_string"}}],"inLanguage":"pt-PT"},{"@type":"Organization","@id":"https:\/\/www.ipim.gov.mo\/zh-hans\/#organization","name":"IPIM","url":"https:\/\/www.ipim.gov.mo\/zh-hans\/","logo":{"@type":"ImageObject","inLanguage":"pt-PT","@id":"https:\/\/www.ipim.gov.mo\/zh-hans\/#\/schema\/logo\/image\/","url":"https:\/\/www.ipim.gov.mo\/wp-content\/uploads\/2022\/10\/default-post-thumbnail-ipim-logo.png","contentUrl":"https:\/\/www.ipim.gov.mo\/wp-content\/uploads\/2022\/10\/default-post-thumbnail-ipim-logo.png","width":1024,"height":768,"caption":"IPIM"},"image":{"@id":"https:\/\/www.ipim.gov.mo\/zh-hans\/#\/schema\/logo\/image\/"}}]}},"author_meta":{"display_name":"admin","author_link":"https:\/\/www.ipim.gov.mo\/pt-pt\/author\/admin\/"},"featured_img":"https:\/\/www.ipim.gov.mo\/wp-content\/uploads\/2024\/07\/ipim-post-default-300x225.jpg","coauthors":[],"tax_additional":{"categories":{"linked":["<a href=\"https:\/\/www.ipim.gov.mo\/pt-pt\/category\/noticias-do-ipim\/\" class=\"advgb-post-tax-term\">Not\u00edcias do IPIM<\/a>"],"unlinked":["<span class=\"advgb-post-tax-term\">Not\u00edcias do IPIM<\/span>"]}},"comment_count":"0","relative_dates":{"created":"Posted 2 years ago","modified":"Updated 2 years ago"},"absolute_dates":{"created":"Posted on Julho 17, 2024","modified":"Updated on Julho 17, 2024"},"absolute_dates_time":{"created":"Posted on Julho 17, 2024 10:30 am","modified":"Updated on Julho 17, 2024 10:30 am"},"featured_img_caption":"","series_order":"","_links":{"self":[{"href":"https:\/\/www.ipim.gov.mo\/pt-pt\/wp-json\/wp\/v2\/posts\/469670","targetHints":{"allow":["GET"]}}],"collection":[{"href":"https:\/\/www.ipim.gov.mo\/pt-pt\/wp-json\/wp\/v2\/posts"}],"about":[{"href":"https:\/\/www.ipim.gov.mo\/pt-pt\/wp-json\/wp\/v2\/types\/post"}],"author":[{"embeddable":true,"href":"https:\/\/www.ipim.gov.mo\/pt-pt\/wp-json\/wp\/v2\/users\/1"}],"replies":[{"embeddable":true,"href":"https:\/\/www.ipim.gov.mo\/pt-pt\/wp-json\/wp\/v2\/comments?post=469670"}],"version-history":[{"count":0,"href":"https:\/\/www.ipim.gov.mo\/pt-pt\/wp-json\/wp\/v2\/posts\/469670\/revisions"}],"wp:featuredmedia":[{"embeddable":true,"href":"https:\/\/www.ipim.gov.mo\/pt-pt\/wp-json\/wp\/v2\/media\/467868"}],"wp:attachment":[{"href":"https:\/\/www.ipim.gov.mo\/pt-pt\/wp-json\/wp\/v2\/media?parent=469670"}],"wp:term":[{"taxonomy":"category","embeddable":true,"href":"https:\/\/www.ipim.gov.mo\/pt-pt\/wp-json\/wp\/v2\/categories?post=469670"},{"taxonomy":"post_tag","embeddable":true,"href":"https:\/\/www.ipim.gov.mo\/pt-pt\/wp-json\/wp\/v2\/tags?post=469670"}],"curies":[{"name":"wp","href":"https:\/\/api.w.org\/{rel}","templated":true}]}}