{"id":468918,"date":"2024-07-09T09:23:00","date_gmt":"2024-07-09T01:23:00","guid":{"rendered":"https:\/\/www.ipim.gov.mo\/noticias-do-ipim\/2024-07-09-inscricoes-de-expositores-em-curso-inscricoes-abertas-dirigidas-as-empresas-locais-para-a-zona-de-exposicao-e-vendas-das-empresas-locais-de-macau-da-29-a-mif\/"},"modified":"2024-07-09T09:23:00","modified_gmt":"2024-07-09T01:23:00","slug":"2024-07-09-inscricoes-de-expositores-em-curso-inscricoes-abertas-dirigidas-as-empresas-locais-para-a-zona-de-exposicao-e-vendas-das-empresas-locais-de-macau-da-29-a-mif","status":"publish","type":"post","link":"https:\/\/www.ipim.gov.mo\/pt-pt\/noticias-do-ipim\/2024-07-09-inscricoes-de-expositores-em-curso-inscricoes-abertas-dirigidas-as-empresas-locais-para-a-zona-de-exposicao-e-vendas-das-empresas-locais-de-macau-da-29-a-mif\/","title":{"rendered":"[2024\/07\/09] [Inscri\u00e7\u00f5es de expositores em curso] Inscri\u00e7\u00f5es abertas dirigidas \u00e0s empresas locais para a Zona de Exposi\u00e7\u00e3o e Vendas das Empresas Locais de Macau da 29.\u00aa MIF"},"content":{"rendered":"<p style=\"text-align:justify\">A 29.&ordf; Feira Internacional de Macau (29.&ordf; MIF), organizada pelo Instituto de Promo&ccedil;&atilde;o do Com&eacute;rcio e do Investimento (IPIM), ter&aacute; lugar entre 16 e 19 de Outubro de 2024, ao abrigo do tema \u201cDiversifica&ccedil;&atilde;o da Economia e Oportunidades do Desenvolvimento\u201d. A 29.&ordf; MIF instalar&aacute; a Zona de Exposi&ccedil;&atilde;o e Vendas das Empresas Locais de Macau, com vista a reunir as empresas de Macau numa explora&ccedil;&atilde;o conjunta de oportunidades de neg&oacute;cio. A partir de hoje at&eacute; 22 de Julho, as empresas de Macau interessadas podem submeter a sua inscri&ccedil;&atilde;o atrav&eacute;s do Sistema de Inscri&ccedil;&atilde;o Online para Projectos de Eventos do IPIM (macaomice.ipim.gov.mo).<\/p>\n<p style=\"text-align:justify\">Com o intuito de ajudar as empresas de Macau a aproveitarem bem a plataforma de conven&ccedil;&otilde;es e exposi&ccedil;&otilde;es, bem como as oportunidades de neg&oacute;cio, a aumentarem a competitividade de marcas e a explorarem o mercado, a 29.&ordf; MIF criar&aacute; a Zona de Exposi&ccedil;&atilde;o e Vendas das Empresas Locais de Macau para as empresas do nosso territ&oacute;rio, proporcionando-lhes ainda incentivos para a participa&ccedil;&atilde;o na exposi&ccedil;&atilde;o. As &aacute;reas aconselh&aacute;veis para os expositores da Zona de Exposi&ccedil;&atilde;o e Vendas abrangem produtos alimentares, produtos de restaura&ccedil;&atilde;o, electrodom&eacute;sticos, artigos de uso di&aacute;rio, utens&iacute;lios na cozinha, vestu&aacute;rio e acess&oacute;rios, produtos culturais e criativos, produtos dos Pa&iacute;ses de L&iacute;ngua Portuguesa, bem como a Zona de Servi&ccedil;os Comerciais. Nesta conformidade, s&atilde;o candidatos priorit&aacute;rios as empresas titulares de produtos \u201cfabricados em Macau\u201d e \u201cmarcas de Macau\u201d, as distribuidoras de produtos dos Pa&iacute;ses de L&iacute;ngua Portuguesa e as empresas expositoras no Macao Ideas ou no Centro de Exposi&ccedil;&atilde;o dos Produtos dos Pa&iacute;ses de L&iacute;ngua Portuguesa. O pre&ccedil;o de um <em>stand<\/em> padr&atilde;o &eacute; de 2.700 patacas. Aconselha-se &agrave;s empresas interessadas que inscrevam-se na exposi&ccedil;&atilde;o o mais cedo poss&iacute;vel.<\/p>\n<p style=\"text-align:justify\">Devido ao n&uacute;mero limitado de<em> stands <\/em>de exposi&ccedil;&atilde;o, caso o n&uacute;mero de candidatos seja superior ao limite, o pedido ser&aacute; processado por meio de sorteio. A entidade organizadora reserva-se o direito de decis&atilde;o final sobre as respectivas provid&ecirc;ncias. Para mais informa&ccedil;&otilde;es, queiram contactar-nos atrav&eacute;s do n.&ordm; de telefone: +853 2882 8711 ou do e-mail: mif.sme@macauexpogroup.com.<\/p>\n<div class=\"wp-caption alignnone\">\n                <a href=\"https:\/\/cdn.gcs.gov.mo\/api\/resource\/ibs\/P24GIwmtJO\" data-component=\"Popup\" data-fancybox=\"gallery\" data-caption=\"A MIF instalar\u00e1 a Zona de Exposi\u00e7\u00e3o e Vendas das Empresas Locais de Macau, com o prop\u00f3sito de ajudar as empresas locais a aproveitarem as oportunidades de desenvolvimento atrav\u00e9s da plataforma de conven\u00e7\u00f5es e exposi\u00e7\u00f5es.\" data-type=\"image\"><br \/>\n                <img decoding=\"async\" class=\"size-large\" src=\"https:\/\/cdn.gcs.gov.mo\/api\/resource\/ibs\/P24GIwmtJO\" title=\"A MIF instalar\u00e1 a Zona de Exposi\u00e7\u00e3o e Vendas das Empresas Locais de Macau, com o prop\u00f3sito de ajudar as empresas locais a aproveitarem as oportunidades de desenvolvimento atrav\u00e9s da plataforma de conven\u00e7\u00f5es e exposi\u00e7\u00f5es.\" alt=\"A MIF instalar\u00e1 a Zona de Exposi\u00e7\u00e3o e Vendas das Empresas Locais de Macau, com o prop\u00f3sito de ajudar as empresas locais a aproveitarem as oportunidades de desenvolvimento atrav\u00e9s da plataforma de conven\u00e7\u00f5es e exposi\u00e7\u00f5es.\" width=\"1024\"><br \/>\n                <\/a><\/p>\n<p class=\"wp-caption-text\">A MIF instalar\u00e1 a Zona de Exposi\u00e7\u00e3o e Vendas das Empresas Locais de Macau, com o prop\u00f3sito de ajudar as empresas locais a aproveitarem as oportunidades de desenvolvimento atrav\u00e9s da plataforma de conven\u00e7\u00f5es e exposi\u00e7\u00f5es.<\/p>\n<\/p><\/div>\n","protected":false},"excerpt":{"rendered":"<p>A 29.&ordf; Feira Internacional de Macau (29.&ordf; MIF), organizada pelo Instituto de Promo&ccedil;&atilde;o do Com&eacute;rcio e do Investimento (IPIM), ter&aacute; lugar entre 16 e 19 [&hellip;]<\/p>\n","protected":false},"author":1,"featured_media":467868,"comment_status":"closed","ping_status":"closed","sticky":false,"template":"","format":"standard","meta":{"_acf_changed":false,"inline_featured_image":false,"advgb_blocks_editor_width":"","advgb_blocks_columns_visual_guide":"","footnotes":""},"categories":[12],"tags":[],"class_list":["post-468918","post","type-post","status-publish","format-standard","has-post-thumbnail","hentry","category-noticias-do-ipim"],"acf":[],"yoast_head":"<!-- This site is optimized with the Yoast SEO plugin v26.2 - https:\/\/yoast.com\/wordpress\/plugins\/seo\/ -->\r\n<title>[2024\/07\/09] [Inscri\u00e7\u00f5es de expositores em curso] Inscri\u00e7\u00f5es abertas dirigidas \u00e0s empresas locais para a Zona de Exposi\u00e7\u00e3o e Vendas das Empresas Locais de Macau da 29.\u00aa MIF | Commerce and Investment Promotion Institute<\/title>\r\n<meta name=\"robots\" content=\"index, follow, max-snippet:-1, max-image-preview:large, max-video-preview:-1\" \/>\r\n<link rel=\"canonical\" href=\"https:\/\/www.ipim.gov.mo\/pt-pt\/noticias-do-ipim\/2024-07-09-inscricoes-de-expositores-em-curso-inscricoes-abertas-dirigidas-as-empresas-locais-para-a-zona-de-exposicao-e-vendas-das-empresas-locais-de-macau-da-29-a-mif\/\" \/>\r\n<meta property=\"og:locale\" content=\"pt_PT\" \/>\r\n<meta property=\"og:type\" content=\"article\" \/>\r\n<meta property=\"og:title\" content=\"[2024\/07\/09] [Inscri\u00e7\u00f5es de expositores em curso] Inscri\u00e7\u00f5es abertas dirigidas \u00e0s empresas locais para a Zona de Exposi\u00e7\u00e3o e Vendas das Empresas Locais de Macau da 29.\u00aa MIF | Commerce and Investment Promotion Institute\" \/>\r\n<meta property=\"og:description\" content=\"A 29.&ordf; Feira Internacional de Macau (29.&ordf; MIF), organizada pelo Instituto de Promo&ccedil;&atilde;o do Com&eacute;rcio e do Investimento (IPIM), ter&aacute; lugar entre 16 e 19 [&hellip;]\" \/>\r\n<meta property=\"og:url\" content=\"https:\/\/www.ipim.gov.mo\/pt-pt\/noticias-do-ipim\/2024-07-09-inscricoes-de-expositores-em-curso-inscricoes-abertas-dirigidas-as-empresas-locais-para-a-zona-de-exposicao-e-vendas-das-empresas-locais-de-macau-da-29-a-mif\/\" \/>\r\n<meta property=\"og:site_name\" content=\"Commerce and Investment Promotion Institute\" \/>\r\n<meta property=\"article:published_time\" content=\"2024-07-09T01:23:00+00:00\" \/>\r\n<meta property=\"og:image\" content=\"https:\/\/www.ipim.gov.mo\/wp-content\/uploads\/2024\/07\/ipim-post-default.jpg\" \/>\r\n\t<meta property=\"og:image:width\" content=\"1024\" \/>\r\n\t<meta property=\"og:image:height\" content=\"768\" \/>\r\n\t<meta property=\"og:image:type\" content=\"image\/jpeg\" \/>\r\n<meta name=\"author\" content=\"admin\" \/>\r\n<meta name=\"twitter:card\" content=\"summary_large_image\" \/>\r\n<meta name=\"twitter:label1\" content=\"Written by\" \/>\n\t<meta name=\"twitter:data1\" content=\"admin\" \/>\n\t<meta name=\"twitter:label2\" content=\"Est. reading time\" \/>\n\t<meta name=\"twitter:data2\" content=\"2 minutes\" \/>\r\n<script type=\"application\/ld+json\" class=\"yoast-schema-graph\">{\"@context\":\"https:\/\/schema.org\",\"@graph\":[{\"@type\":\"WebPage\",\"@id\":\"https:\/\/www.ipim.gov.mo\/pt-pt\/noticias-do-ipim\/2024-07-09-inscricoes-de-expositores-em-curso-inscricoes-abertas-dirigidas-as-empresas-locais-para-a-zona-de-exposicao-e-vendas-das-empresas-locais-de-macau-da-29-a-mif\/\",\"url\":\"https:\/\/www.ipim.gov.mo\/pt-pt\/noticias-do-ipim\/2024-07-09-inscricoes-de-expositores-em-curso-inscricoes-abertas-dirigidas-as-empresas-locais-para-a-zona-de-exposicao-e-vendas-das-empresas-locais-de-macau-da-29-a-mif\/\",\"name\":\"[2024\/07\/09] [Inscri\u00e7\u00f5es de expositores em curso] Inscri\u00e7\u00f5es abertas dirigidas \u00e0s empresas locais para a Zona de Exposi\u00e7\u00e3o e Vendas das Empresas Locais de Macau da 29.\u00aa MIF | Commerce and Investment Promotion Institute\",\"isPartOf\":{\"@id\":\"https:\/\/www.ipim.gov.mo\/zh-hans\/#website\"},\"primaryImageOfPage\":{\"@id\":\"https:\/\/www.ipim.gov.mo\/pt-pt\/noticias-do-ipim\/2024-07-09-inscricoes-de-expositores-em-curso-inscricoes-abertas-dirigidas-as-empresas-locais-para-a-zona-de-exposicao-e-vendas-das-empresas-locais-de-macau-da-29-a-mif\/#primaryimage\"},\"image\":{\"@id\":\"https:\/\/www.ipim.gov.mo\/pt-pt\/noticias-do-ipim\/2024-07-09-inscricoes-de-expositores-em-curso-inscricoes-abertas-dirigidas-as-empresas-locais-para-a-zona-de-exposicao-e-vendas-das-empresas-locais-de-macau-da-29-a-mif\/#primaryimage\"},\"thumbnailUrl\":\"https:\/\/www.ipim.gov.mo\/wp-content\/uploads\/2024\/07\/ipim-post-default.jpg\",\"datePublished\":\"2024-07-09T01:23:00+00:00\",\"breadcrumb\":{\"@id\":\"https:\/\/www.ipim.gov.mo\/pt-pt\/noticias-do-ipim\/2024-07-09-inscricoes-de-expositores-em-curso-inscricoes-abertas-dirigidas-as-empresas-locais-para-a-zona-de-exposicao-e-vendas-das-empresas-locais-de-macau-da-29-a-mif\/#breadcrumb\"},\"inLanguage\":\"pt-PT\",\"potentialAction\":[{\"@type\":\"ReadAction\",\"target\":[\"https:\/\/www.ipim.gov.mo\/pt-pt\/noticias-do-ipim\/2024-07-09-inscricoes-de-expositores-em-curso-inscricoes-abertas-dirigidas-as-empresas-locais-para-a-zona-de-exposicao-e-vendas-das-empresas-locais-de-macau-da-29-a-mif\/\"]}]},{\"@type\":\"ImageObject\",\"inLanguage\":\"pt-PT\",\"@id\":\"https:\/\/www.ipim.gov.mo\/pt-pt\/noticias-do-ipim\/2024-07-09-inscricoes-de-expositores-em-curso-inscricoes-abertas-dirigidas-as-empresas-locais-para-a-zona-de-exposicao-e-vendas-das-empresas-locais-de-macau-da-29-a-mif\/#primaryimage\",\"url\":\"https:\/\/www.ipim.gov.mo\/wp-content\/uploads\/2024\/07\/ipim-post-default.jpg\",\"contentUrl\":\"https:\/\/www.ipim.gov.mo\/wp-content\/uploads\/2024\/07\/ipim-post-default.jpg\",\"width\":1024,\"height\":768},{\"@type\":\"BreadcrumbList\",\"@id\":\"https:\/\/www.ipim.gov.mo\/pt-pt\/noticias-do-ipim\/2024-07-09-inscricoes-de-expositores-em-curso-inscricoes-abertas-dirigidas-as-empresas-locais-para-a-zona-de-exposicao-e-vendas-das-empresas-locais-de-macau-da-29-a-mif\/#breadcrumb\",\"itemListElement\":[{\"@type\":\"ListItem\",\"position\":1,\"name\":\"Home\",\"item\":\"https:\/\/www.ipim.gov.mo\/pt-pt\/\"},{\"@type\":\"ListItem\",\"position\":2,\"name\":\"[2024\/07\/09] [Inscri\u00e7\u00f5es de expositores em curso] Inscri\u00e7\u00f5es abertas dirigidas \u00e0s empresas locais para a Zona de Exposi\u00e7\u00e3o e Vendas das Empresas Locais de Macau da 29.\u00aa MIF\"}]},{\"@type\":\"WebSite\",\"@id\":\"https:\/\/www.ipim.gov.mo\/zh-hans\/#website\",\"url\":\"https:\/\/www.ipim.gov.mo\/zh-hans\/\",\"name\":\"Commerce and Investment Promotion Institute\",\"description\":\"Commerce and Investment Promotion Institute\",\"publisher\":{\"@id\":\"https:\/\/www.ipim.gov.mo\/zh-hans\/#organization\"},\"potentialAction\":[{\"@type\":\"SearchAction\",\"target\":{\"@type\":\"EntryPoint\",\"urlTemplate\":\"https:\/\/www.ipim.gov.mo\/zh-hans\/?s={search_term_string}\"},\"query-input\":{\"@type\":\"PropertyValueSpecification\",\"valueRequired\":true,\"valueName\":\"search_term_string\"}}],\"inLanguage\":\"pt-PT\"},{\"@type\":\"Organization\",\"@id\":\"https:\/\/www.ipim.gov.mo\/zh-hans\/#organization\",\"name\":\"IPIM\",\"url\":\"https:\/\/www.ipim.gov.mo\/zh-hans\/\",\"logo\":{\"@type\":\"ImageObject\",\"inLanguage\":\"pt-PT\",\"@id\":\"https:\/\/www.ipim.gov.mo\/zh-hans\/#\/schema\/logo\/image\/\",\"url\":\"https:\/\/www.ipim.gov.mo\/wp-content\/uploads\/2022\/10\/default-post-thumbnail-ipim-logo.png\",\"contentUrl\":\"https:\/\/www.ipim.gov.mo\/wp-content\/uploads\/2022\/10\/default-post-thumbnail-ipim-logo.png\",\"width\":1024,\"height\":768,\"caption\":\"IPIM\"},\"image\":{\"@id\":\"https:\/\/www.ipim.gov.mo\/zh-hans\/#\/schema\/logo\/image\/\"}}]}<\/script>\r\n<!-- \/ Yoast SEO plugin. -->","yoast_head_json":{"title":"[2024\/07\/09] [Inscri\u00e7\u00f5es de expositores em curso] Inscri\u00e7\u00f5es abertas dirigidas \u00e0s empresas locais para a Zona de Exposi\u00e7\u00e3o e Vendas das Empresas Locais de Macau da 29.\u00aa MIF | Commerce and Investment Promotion Institute","robots":{"index":"index","follow":"follow","max-snippet":"max-snippet:-1","max-image-preview":"max-image-preview:large","max-video-preview":"max-video-preview:-1"},"canonical":"https:\/\/www.ipim.gov.mo\/pt-pt\/noticias-do-ipim\/2024-07-09-inscricoes-de-expositores-em-curso-inscricoes-abertas-dirigidas-as-empresas-locais-para-a-zona-de-exposicao-e-vendas-das-empresas-locais-de-macau-da-29-a-mif\/","og_locale":"pt_PT","og_type":"article","og_title":"[2024\/07\/09] [Inscri\u00e7\u00f5es de expositores em curso] Inscri\u00e7\u00f5es abertas dirigidas \u00e0s empresas locais para a Zona de Exposi\u00e7\u00e3o e Vendas das Empresas Locais de Macau da 29.\u00aa MIF | Commerce and Investment Promotion Institute","og_description":"A 29.&ordf; Feira Internacional de Macau (29.&ordf; MIF), organizada pelo Instituto de Promo&ccedil;&atilde;o do Com&eacute;rcio e do Investimento (IPIM), ter&aacute; lugar entre 16 e 19 [&hellip;]","og_url":"https:\/\/www.ipim.gov.mo\/pt-pt\/noticias-do-ipim\/2024-07-09-inscricoes-de-expositores-em-curso-inscricoes-abertas-dirigidas-as-empresas-locais-para-a-zona-de-exposicao-e-vendas-das-empresas-locais-de-macau-da-29-a-mif\/","og_site_name":"Commerce and Investment Promotion Institute","article_published_time":"2024-07-09T01:23:00+00:00","og_image":[{"width":1024,"height":768,"url":"https:\/\/www.ipim.gov.mo\/wp-content\/uploads\/2024\/07\/ipim-post-default.jpg","type":"image\/jpeg"}],"author":"admin","twitter_card":"summary_large_image","twitter_misc":{"Written by":"admin","Est. reading time":"2 minutes"},"schema":{"@context":"https:\/\/schema.org","@graph":[{"@type":"WebPage","@id":"https:\/\/www.ipim.gov.mo\/pt-pt\/noticias-do-ipim\/2024-07-09-inscricoes-de-expositores-em-curso-inscricoes-abertas-dirigidas-as-empresas-locais-para-a-zona-de-exposicao-e-vendas-das-empresas-locais-de-macau-da-29-a-mif\/","url":"https:\/\/www.ipim.gov.mo\/pt-pt\/noticias-do-ipim\/2024-07-09-inscricoes-de-expositores-em-curso-inscricoes-abertas-dirigidas-as-empresas-locais-para-a-zona-de-exposicao-e-vendas-das-empresas-locais-de-macau-da-29-a-mif\/","name":"[2024\/07\/09] [Inscri\u00e7\u00f5es de expositores em curso] Inscri\u00e7\u00f5es abertas dirigidas \u00e0s empresas locais para a Zona de Exposi\u00e7\u00e3o e Vendas das Empresas Locais de Macau da 29.\u00aa MIF | Commerce and Investment Promotion Institute","isPartOf":{"@id":"https:\/\/www.ipim.gov.mo\/zh-hans\/#website"},"primaryImageOfPage":{"@id":"https:\/\/www.ipim.gov.mo\/pt-pt\/noticias-do-ipim\/2024-07-09-inscricoes-de-expositores-em-curso-inscricoes-abertas-dirigidas-as-empresas-locais-para-a-zona-de-exposicao-e-vendas-das-empresas-locais-de-macau-da-29-a-mif\/#primaryimage"},"image":{"@id":"https:\/\/www.ipim.gov.mo\/pt-pt\/noticias-do-ipim\/2024-07-09-inscricoes-de-expositores-em-curso-inscricoes-abertas-dirigidas-as-empresas-locais-para-a-zona-de-exposicao-e-vendas-das-empresas-locais-de-macau-da-29-a-mif\/#primaryimage"},"thumbnailUrl":"https:\/\/www.ipim.gov.mo\/wp-content\/uploads\/2024\/07\/ipim-post-default.jpg","datePublished":"2024-07-09T01:23:00+00:00","breadcrumb":{"@id":"https:\/\/www.ipim.gov.mo\/pt-pt\/noticias-do-ipim\/2024-07-09-inscricoes-de-expositores-em-curso-inscricoes-abertas-dirigidas-as-empresas-locais-para-a-zona-de-exposicao-e-vendas-das-empresas-locais-de-macau-da-29-a-mif\/#breadcrumb"},"inLanguage":"pt-PT","potentialAction":[{"@type":"ReadAction","target":["https:\/\/www.ipim.gov.mo\/pt-pt\/noticias-do-ipim\/2024-07-09-inscricoes-de-expositores-em-curso-inscricoes-abertas-dirigidas-as-empresas-locais-para-a-zona-de-exposicao-e-vendas-das-empresas-locais-de-macau-da-29-a-mif\/"]}]},{"@type":"ImageObject","inLanguage":"pt-PT","@id":"https:\/\/www.ipim.gov.mo\/pt-pt\/noticias-do-ipim\/2024-07-09-inscricoes-de-expositores-em-curso-inscricoes-abertas-dirigidas-as-empresas-locais-para-a-zona-de-exposicao-e-vendas-das-empresas-locais-de-macau-da-29-a-mif\/#primaryimage","url":"https:\/\/www.ipim.gov.mo\/wp-content\/uploads\/2024\/07\/ipim-post-default.jpg","contentUrl":"https:\/\/www.ipim.gov.mo\/wp-content\/uploads\/2024\/07\/ipim-post-default.jpg","width":1024,"height":768},{"@type":"BreadcrumbList","@id":"https:\/\/www.ipim.gov.mo\/pt-pt\/noticias-do-ipim\/2024-07-09-inscricoes-de-expositores-em-curso-inscricoes-abertas-dirigidas-as-empresas-locais-para-a-zona-de-exposicao-e-vendas-das-empresas-locais-de-macau-da-29-a-mif\/#breadcrumb","itemListElement":[{"@type":"ListItem","position":1,"name":"Home","item":"https:\/\/www.ipim.gov.mo\/pt-pt\/"},{"@type":"ListItem","position":2,"name":"[2024\/07\/09] [Inscri\u00e7\u00f5es de expositores em curso] Inscri\u00e7\u00f5es abertas dirigidas \u00e0s empresas locais para a Zona de Exposi\u00e7\u00e3o e Vendas das Empresas Locais de Macau da 29.\u00aa MIF"}]},{"@type":"WebSite","@id":"https:\/\/www.ipim.gov.mo\/zh-hans\/#website","url":"https:\/\/www.ipim.gov.mo\/zh-hans\/","name":"Commerce and Investment Promotion Institute","description":"Commerce and Investment Promotion Institute","publisher":{"@id":"https:\/\/www.ipim.gov.mo\/zh-hans\/#organization"},"potentialAction":[{"@type":"SearchAction","target":{"@type":"EntryPoint","urlTemplate":"https:\/\/www.ipim.gov.mo\/zh-hans\/?s={search_term_string}"},"query-input":{"@type":"PropertyValueSpecification","valueRequired":true,"valueName":"search_term_string"}}],"inLanguage":"pt-PT"},{"@type":"Organization","@id":"https:\/\/www.ipim.gov.mo\/zh-hans\/#organization","name":"IPIM","url":"https:\/\/www.ipim.gov.mo\/zh-hans\/","logo":{"@type":"ImageObject","inLanguage":"pt-PT","@id":"https:\/\/www.ipim.gov.mo\/zh-hans\/#\/schema\/logo\/image\/","url":"https:\/\/www.ipim.gov.mo\/wp-content\/uploads\/2022\/10\/default-post-thumbnail-ipim-logo.png","contentUrl":"https:\/\/www.ipim.gov.mo\/wp-content\/uploads\/2022\/10\/default-post-thumbnail-ipim-logo.png","width":1024,"height":768,"caption":"IPIM"},"image":{"@id":"https:\/\/www.ipim.gov.mo\/zh-hans\/#\/schema\/logo\/image\/"}}]}},"author_meta":{"display_name":"admin","author_link":"https:\/\/www.ipim.gov.mo\/pt-pt\/author\/admin\/"},"featured_img":"https:\/\/www.ipim.gov.mo\/wp-content\/uploads\/2024\/07\/ipim-post-default-300x225.jpg","coauthors":[],"tax_additional":{"categories":{"linked":["<a href=\"https:\/\/www.ipim.gov.mo\/pt-pt\/category\/noticias-do-ipim\/\" class=\"advgb-post-tax-term\">Not\u00edcias do IPIM<\/a>"],"unlinked":["<span class=\"advgb-post-tax-term\">Not\u00edcias do IPIM<\/span>"]}},"comment_count":"0","relative_dates":{"created":"Posted 2 years ago","modified":"Updated 2 years ago"},"absolute_dates":{"created":"Posted on Julho 9, 2024","modified":"Updated on Julho 9, 2024"},"absolute_dates_time":{"created":"Posted on Julho 9, 2024 9:23 am","modified":"Updated on Julho 9, 2024 9:23 am"},"featured_img_caption":"","series_order":"","_links":{"self":[{"href":"https:\/\/www.ipim.gov.mo\/pt-pt\/wp-json\/wp\/v2\/posts\/468918","targetHints":{"allow":["GET"]}}],"collection":[{"href":"https:\/\/www.ipim.gov.mo\/pt-pt\/wp-json\/wp\/v2\/posts"}],"about":[{"href":"https:\/\/www.ipim.gov.mo\/pt-pt\/wp-json\/wp\/v2\/types\/post"}],"author":[{"embeddable":true,"href":"https:\/\/www.ipim.gov.mo\/pt-pt\/wp-json\/wp\/v2\/users\/1"}],"replies":[{"embeddable":true,"href":"https:\/\/www.ipim.gov.mo\/pt-pt\/wp-json\/wp\/v2\/comments?post=468918"}],"version-history":[{"count":0,"href":"https:\/\/www.ipim.gov.mo\/pt-pt\/wp-json\/wp\/v2\/posts\/468918\/revisions"}],"wp:featuredmedia":[{"embeddable":true,"href":"https:\/\/www.ipim.gov.mo\/pt-pt\/wp-json\/wp\/v2\/media\/467868"}],"wp:attachment":[{"href":"https:\/\/www.ipim.gov.mo\/pt-pt\/wp-json\/wp\/v2\/media?parent=468918"}],"wp:term":[{"taxonomy":"category","embeddable":true,"href":"https:\/\/www.ipim.gov.mo\/pt-pt\/wp-json\/wp\/v2\/categories?post=468918"},{"taxonomy":"post_tag","embeddable":true,"href":"https:\/\/www.ipim.gov.mo\/pt-pt\/wp-json\/wp\/v2\/tags?post=468918"}],"curies":[{"name":"wp","href":"https:\/\/api.w.org\/{rel}","templated":true}]}}