{"id":466150,"date":"2024-06-26T22:01:00","date_gmt":"2024-06-26T14:01:00","guid":{"rendered":"https:\/\/www.ipim.gov.mo\/noticias-do-ipim\/2024-06-27-reforco-da-internacionalizacao-da-industria-de-convencoes-e-exposicoes-de-macau-vinte-e-quatro-especialistas-e-lideres-dos-sectores-industriais-principais-sao-nomeados-embaixad\/"},"modified":"2024-06-26T22:01:00","modified_gmt":"2024-06-26T14:01:00","slug":"2024-06-27-reforco-da-internacionalizacao-da-industria-de-convencoes-e-exposicoes-de-macau-vinte-e-quatro-especialistas-e-lideres-dos-sectores-industriais-principais-sao-nomeados-embaixad","status":"publish","type":"post","link":"https:\/\/www.ipim.gov.mo\/pt-pt\/noticias-do-ipim\/2024-06-27-reforco-da-internacionalizacao-da-industria-de-convencoes-e-exposicoes-de-macau-vinte-e-quatro-especialistas-e-lideres-dos-sectores-industriais-principais-sao-nomeados-embaixad\/","title":{"rendered":"[2024\/06\/26] [Refor\u00e7o da internacionaliza\u00e7\u00e3o da ind\u00fastria de conven\u00e7\u00f5es e exposi\u00e7\u00f5es de Macau] Vinte e quatro especialistas e l\u00edderes dos sectores industriais principais s\u00e3o nomeados \u201cEmbaixadores de Conven\u00e7\u00f5es de Macau\u201d para ajudar a atrair a realiza\u00e7\u00e3o de mais conven\u00e7\u00f5es profissionais internacionais em Macau"},"content":{"rendered":"<p style=\"text-align:justify\">O Instituto de Promo&ccedil;&atilde;o do Com&eacute;rcio e do Investimento de Macau (IPIM) realizou hoje (dia 26) a cerim&oacute;nia de atribui&ccedil;&atilde;o dos \u201cEmbaixadores de Conven&ccedil;&otilde;es de Macau\u201d, convidando 24 figuras de lideran&ccedil;a e l&iacute;deres acad&eacute;micos profissionais dos sectores industriais principais para actuarem como \u201cEmbaixadores de Conven&ccedil;&otilde;es de Macau\u201d, aos quais foram atribu&iacute;das cartas de nomea&ccedil;&atilde;o. A iniciativa tem por objectivo aproveitar a rede de contactos e a influ&ecirc;ncia dos \u201cEmbaixadores de Conven&ccedil;&otilde;es de Macau\u201d nas suas respectivas ind&uacute;strias para promover a imagem de Macau como o destino de primeira escolha para a realiza&ccedil;&atilde;o de conven&ccedil;&otilde;es internacionais e para ajudar a atrair e a incentivar a licita&ccedil;&atilde;o da realiza&ccedil;&atilde;o de mais confer&ecirc;ncias regionais e internacionais nos diferentes &acirc;mbitos profissionais em Macau. Isto &eacute; realizado em articula&ccedil;&atilde;o com a estrat&eacute;gia \u201c1+4\u201d do desenvolvimento da diversifica&ccedil;&atilde;o adequada da economia implementada pelo Governo de Macau, com o intuito de impulsionar conjuntamente o desenvolvimento da ind&uacute;stria de conven&ccedil;&otilde;es e exposi&ccedil;&otilde;es de Macau.<\/p>\n<p style=\"text-align:justify\">Actualmente, os \u201cEmbaixadores de Conven&ccedil;&otilde;es de Macau\u201d est&atilde;o a planear a introdu&ccedil;&atilde;o de confer&ecirc;ncias internacionais afectas &agrave;s suas respectivas ind&uacute;strias, incluindo as dos dom&iacute;nios de Medicina Tradicional Chinesa e de equipamentos m&eacute;dicos. Os \u201cEmbaixadores de Conven&ccedil;&otilde;es de Macau\u201d ir&atilde;o apresentar as vantagens da ind&uacute;stria de conven&ccedil;&otilde;es e exposi&ccedil;&otilde;es de Macau aos seus hom&oacute;logos internacionais, incluindo as v&aacute;rias medidas lan&ccedil;adas pelo Governo Central que beneficiam Macau, os locais de conven&ccedil;&otilde;es e exposi&ccedil;&otilde;es bem equipados e a equipa profissional de conven&ccedil;&otilde;es e exposi&ccedil;&otilde;es, por forma a atrair a realiza&ccedil;&atilde;o de mais conven&ccedil;&otilde;es internacionais em Macau.<\/p>\n<p style=\"text-align:justify\"><strong>\u201cEmbaixadores de Conven&ccedil;&otilde;es de Macau\u201d promovem a introdu&ccedil;&atilde;o de conven&ccedil;&otilde;es internacionais de diversos sectores<\/strong><\/p>\n<p style=\"text-align:justify\">O Presidente do IPIM, Vincent U, referiu no seu discurso que os 24 \u201cEmbaixadores de Conven&ccedil;&otilde;es de Macau\u201d nomeados desta vez s&atilde;o todos l&iacute;deres do respectivo sector, incluindo quatro ind&uacute;strias principais, nomeadamente<em> big health<\/em>, tecnologia de ponta, conven&ccedil;&otilde;es e exposi&ccedil;&otilde;es, com&eacute;rcio, cultura e desporto, assim como a plataforma sino-lus&oacute;fona. A iniciativa em causa procura atrair a realiza&ccedil;&atilde;o de mais confer&ecirc;ncias profissionais de alta qualidade em Macau, atrav&eacute;s do papel impulsionador dessas figuras de enorme prest&iacute;gio, nomeadamente o poder profissional e a influ&ecirc;ncia social nos seus respectivos campos, de modo a materializar a estrat&eacute;gia do desenvolvimento da diversifica&ccedil;&atilde;o adequada da economia \u201c1+4\u201d.<\/p>\n<p style=\"text-align:justify\">Um \u201cEmbaixador de Conven&ccedil;&otilde;es de Macau\u201d, actual dentista, manifestou a sua determina&ccedil;&atilde;o de divulgar e promover Macau junto do mundo exterior, ap&oacute;s a aceita&ccedil;&atilde;o da nomea&ccedil;&atilde;o. Acredita-se que as instala&ccedil;&otilde;es de conven&ccedil;&otilde;es e de apoio constituem um elemento atraente que pode levar mais participantes de conven&ccedil;&otilde;es a optarem por vir a Macau com seus familiares para viagem. Quanto &agrave; sua &aacute;rea profissional, o embaixador apontou que &eacute; poss&iacute;vel refor&ccedil;ar o conhecimento do sector de Macau sobre as novas tecnologias m&eacute;dicas, atrav&eacute;s de realizar uma confer&ecirc;ncia internacional em Macau, com a presen&ccedil;a de profissionais m&eacute;dicos provenientes de todo o mundo.<\/p>\n<p style=\"text-align:justify\">Um outro \u201cEmbaixador de Conven&ccedil;&otilde;es de Macau\u201d, do sector de <em>big health<\/em>, referiu que Macau &eacute; um lugar ideal para albergar conven&ccedil;&otilde;es de car&aacute;cter internacional, especialmente no contexto de forte apoio atribu&iacute;do pelo Governo da RAEM ao desenvolvimento das ind&uacute;strias de biomedicina e de <em>big health<\/em> nos &uacute;ltimos anos. J&aacute; foi introduzida a realiza&ccedil;&atilde;o, em Macau e prevista para Agosto do ano corrente, da reuni&atilde;o anual de uma sociedade de investiga&ccedil;&atilde;o de MTC com maior influ&ecirc;ncia na Europa, que j&aacute; foi realizada por mais de dez edi&ccedil;&otilde;es. Durante a participa&ccedil;&atilde;o em conven&ccedil;&otilde;es internacionais marcadas para o pr&oacute;ximo ano no exterior, o sector deve ter como miss&atilde;o divulgar as vantagens de escolher Macau como local de realiza&ccedil;&atilde;o, no sentido de procurar assumir, no futuro, o papel de coorganizador dessas conven&ccedil;&otilde;es, para al&eacute;m de construir a imagem de Macau nesse aspecto.<\/p>\n<p style=\"text-align:justify\">O \u201cEmbaixador de Conven&ccedil;&otilde;es de Macau\u201d do sector de tecnologia de ponta mencionou que o territ&oacute;rio disp&otilde;e de ricos recursos em termos de recinto de conven&ccedil;&otilde;es e exposi&ccedil;&otilde;es e de turismo. Como resultado, nos &uacute;ltimos anos, v&aacute;rias confer&ecirc;ncias internacionais de grande escala foram realizadas sucessivamente em Macau, incluindo uma confer&ecirc;ncia internacional sobre intelig&ecirc;ncia artificial, gra&ccedil;as ao devido apoio das infraestruturas corp&oacute;reas e incorp&oacute;reas. No futuro, ir&aacute; envidado esfor&ccedil;os para concorrer em licita&ccedil;&otilde;es, no sentido de fazer Macau do local de realiza&ccedil;&atilde;o de mais eventos desta natureza.<\/p>\n<p style=\"text-align:justify\"><strong>Interc&acirc;mbio entre v&aacute;rias ind&uacute;strias para interligar a cadeia industrial<\/strong><\/p>\n<p style=\"text-align:justify\">Durante a cerim&oacute;nia de atribui&ccedil;&atilde;o dos \u201cEmbaixadores de Conven&ccedil;&otilde;es de Macau\u201d, foi programada uma sess&atilde;o de interc&acirc;mbio, em que os \u201cEmbaixadores de Conven&ccedil;&otilde;es de Macau\u201d recentemente nomeados se reuniram no local com mais de 60 representantes de associa&ccedil;&otilde;es da ind&uacute;stria de conven&ccedil;&otilde;es e exposi&ccedil;&otilde;es e de empresas de turismo e lazer integrado de Macau, que tamb&eacute;m estiveram presentes. Atrav&eacute;s desta plataforma de interc&acirc;mbio, foi promovida a comunica&ccedil;&atilde;o entre as tr&ecirc;s partes, nomeadamente as figuras l&iacute;deres das diferentes ind&uacute;strias e os prestadores de servi&ccedil;os e locais de conven&ccedil;&otilde;es e exposi&ccedil;&otilde;es. A iniciativa contribui para estimular a realiza&ccedil;&atilde;o de mais conven&ccedil;&otilde;es e eventos em Macau, ligando toda a cadeia industrial para formar uma nova conjuntura de desenvolvimento sin&eacute;rgico das ind&uacute;strias, impulsionando assim o desenvolvimento a longo prazo da ind&uacute;stria de conven&ccedil;&otilde;es e exposi&ccedil;&otilde;es de Macau e de v&aacute;rios outros sectores.<\/p>\n<p style=\"text-align:justify\">Os 24 \u201cEmbaixadores de Conven&ccedil;&otilde;es de Macau\u201d nomeados desta vez s&atilde;o provenientes principalmente de &aacute;reas de <em>big health<\/em>, tecnologia de ponta, conven&ccedil;&otilde;es e exposi&ccedil;&otilde;es, com&eacute;rcio, cultura e desposto assim como plataforma sino-portuguesa, designadamente (ordenado segundo a ordem alfab&eacute;tica):<\/p>\n<p style=\"text-align:justify\">&Aacute;rea de <em>big health<\/em>:<\/p>\n<ol>\n<li style=\"text-align:justify\">Carlos Manuel Brito Augusto, Presidente honor&aacute;rio da Associa&ccedil;&atilde;o de Estomatologia de Macau;<\/li>\n<li style=\"text-align:justify\">Deng Chuxia, Director da Faculdade de Ci&ecirc;ncias da Sa&uacute;de da Universidade de Macau;<\/li>\n<li style=\"text-align:justify\">Lee Ming Yuen, Professor catedr&aacute;tico convidado do Laborat&oacute;rio de Refer&ecirc;ncia do Estado para Investiga&ccedil;&atilde;o de Qualidade em Medicina Chinesa do Instituto de Ci&ecirc;ncias M&eacute;dicas Chinesas da Universidade de Macau;<\/li>\n<li style=\"text-align:justify\">Wang Yitao, Director do Centro de Investiga&ccedil;&atilde;o e Desenvolvimento em Medicina Chinesa de Macau;<\/li>\n<li style=\"text-align:justify\">Wong Chon Kit, Presidente da Associa&ccedil;&atilde;o de Estomatologia de Macau;<\/li>\n<li style=\"text-align:justify\">Xu Ren-He, Subdirector e professor catedr&aacute;tico distinto da Faculdade de Ci&ecirc;ncias da Sa&uacute;de da Universidade de Macau;<\/li>\n<li style=\"text-align:justify\">Zeng Li, Directora da Faculdade da Medicina Chinesa da Universidade de Ci&ecirc;ncia e Tecnologia de Macau;<\/li>\n<li style=\"text-align:justify\">Zhu Yi Zhun, Pr&oacute;-reitor da Universidade de Ci&ecirc;ncia e Tecnologia de Macau, director da Faculdade de Medicina e membro da Academia Europeia de Ci&ecirc;ncia e Arte;<\/li>\n<\/ol>\n<p style=\"text-align:justify\">&Aacute;rea de finan&ccedil;as modernas:<\/p>\n<p style=\"text-align:justify\">9. So Yuk Chow, Professor catedr&aacute;tico da Faculdade de Gest&atilde;o e Administra&ccedil;&atilde;o da Universidade de Ci&ecirc;ncia e Tecnologia de Macau;<\/p>\n<p style=\"text-align:justify\">10.Yu Jun, Director da Faculdade de Gest&atilde;o de Empresas da Universidade de Macau;<\/p>\n<p style=\"text-align:justify\">&Aacute;rea de tecnologia de ponta:<\/p>\n<p style=\"text-align:justify\">11.Li Jianqing, Director adjunto da Escola de Ci&ecirc;ncia da Computa&ccedil;&atilde;o e Engenharia da Universidade de Ci&ecirc;ncia e Tecnologia de Macau;<\/p>\n<p style=\"text-align:justify\">12.Mak Pui-In, Director do Laborat&oacute;rio de Refer&ecirc;ncia do Estado em Circuitos Integrados em Muito Larga Escala Anal&oacute;gicos e Mistos da Universidade de Macau;<\/p>\n<p style=\"text-align:justify\">13.Tam Kam Wen, Director do Centro de Promo&ccedil;&atilde;o da Ci&ecirc;ncia e Engenharia da Universidade de Macau;<\/p>\n<p style=\"text-align:justify\">14.Tang Zikang, Director do Instituto de F&iacute;sica Aplicada e Engenharia de Materiais da Universidade de Macau;<\/p>\n<p style=\"text-align:justify\">15.U Leong Hou, Director do Centro de Ci&ecirc;ncia de Dados da Universidade de Macau;<\/p>\n<p style=\"text-align:justify\">16.U Seng Pan, Presidente do Conselho Fundador do <em>Macao Institute of Industrial Technology<\/em>;<\/p>\n<p style=\"text-align:justify\">17.Wong Seng Fat, Director, substituto, do Col&eacute;gio Cheng Yu Tung da Universidade de Macau;<\/p>\n<p style=\"text-align:justify\">18.Xu Cheng-Zhong,<strong> <\/strong>Director da Faculdade de Ci&ecirc;ncias e Tecnologia da Universidade de Macau;<\/p>\n<p style=\"text-align:justify\">19.Zhang Keke, Pr&oacute;-reitor da Universidade de Ci&ecirc;ncia e Tecnologia de Macau e director do <em>Macau Institute of Space Technology and Application<\/em>;<\/p>\n<p style=\"text-align:justify\">&Aacute;rea de conven&ccedil;&otilde;es e exposi&ccedil;&otilde;es, com&eacute;rcio, cultura e desposto:<\/p>\n<p style=\"text-align:justify\">20.Tong Kai Chung, Director do Instituto de Gest&atilde;o de Macau;<\/p>\n<p style=\"text-align:justify\">21.Vong Chuk Kwan, Reitora da Universidade de Turismo de Macau;<\/p>\n<p style=\"text-align:justify\">&Aacute;rea de plataforma sino-lus&oacute;fona:<\/p>\n<p style=\"text-align:justify\">22.Carlos Cid &Aacute;lvares, Presidente da Direc&ccedil;&atilde;o da Delega&ccedil;&atilde;o de Macau da C&acirc;mara de Com&eacute;rcio e Ind&uacute;stria Luso-Chinesa;<\/p>\n<p style=\"text-align:justify\">23.Chow Y Ping, Presidente da C&acirc;mara de Com&eacute;rcio de Pequenas e M&eacute;dias Empresas Portugal-China;<\/p>\n<p>24.Ip Kuai Peng, Vice-retor da Universidade da Cidade de Macau.<\/p>\n<div class=\"wp-caption alignnone\">\n                <a href=\"https:\/\/cdn.gcs.gov.mo\/api\/resource\/ibs\/P24FZ7fojZ\" data-component=\"Popup\" data-fancybox=\"gallery\" data-caption=\"Foto de grupo com os representantes do IPIM, os convidados principais e os \u201cEmbaixadores de Conven\u00e7\u00f5es de Macau\u201d recentemente nomeados\" data-type=\"image\"><br \/>\n                <img decoding=\"async\" class=\"size-large\" src=\"https:\/\/cdn.gcs.gov.mo\/api\/resource\/ibs\/P24FZ7fojZ\" title=\"Foto de grupo com os representantes do IPIM, os convidados principais e os \u201cEmbaixadores de Conven\u00e7\u00f5es de Macau\u201d recentemente nomeados\" alt=\"Foto de grupo com os representantes do IPIM, os convidados principais e os \u201cEmbaixadores de Conven\u00e7\u00f5es de Macau\u201d recentemente nomeados\" width=\"1024\"><br \/>\n                <\/a><\/p>\n<p class=\"wp-caption-text\">Foto de grupo com os representantes do IPIM, os convidados principais e os \u201cEmbaixadores de Conven\u00e7\u00f5es de Macau\u201d recentemente nomeados<\/p>\n<\/p><\/div>\n<div class=\"wp-caption alignnone\">\n                <a href=\"https:\/\/cdn.gcs.gov.mo\/api\/resource\/ibs\/P24FZHcaid\" data-component=\"Popup\" data-fancybox=\"gallery\" data-caption=\"O IPIM atribuiu as cartas de nomea\u00e7\u00e3o aos \u201cEmbaixadores de Conven\u00e7\u00f5es de Macau\u201d\" data-type=\"image\"><br \/>\n                <img decoding=\"async\" class=\"size-large\" src=\"https:\/\/cdn.gcs.gov.mo\/api\/resource\/ibs\/P24FZHcaid\" title=\"O IPIM atribuiu as cartas de nomea\u00e7\u00e3o aos \u201cEmbaixadores de Conven\u00e7\u00f5es de Macau\u201d\" alt=\"O IPIM atribuiu as cartas de nomea\u00e7\u00e3o aos \u201cEmbaixadores de Conven\u00e7\u00f5es de Macau\u201d\" width=\"1024\"><br \/>\n                <\/a><\/p>\n<p class=\"wp-caption-text\">O IPIM atribuiu as cartas de nomea\u00e7\u00e3o aos \u201cEmbaixadores de Conven\u00e7\u00f5es de Macau\u201d<\/p>\n<\/p><\/div>\n<div class=\"wp-caption alignnone\">\n                <a href=\"https:\/\/cdn.gcs.gov.mo\/api\/resource\/ibs\/P24FZ3oqrs\" data-component=\"Popup\" data-fancybox=\"gallery\" data-caption=\"Atmosfera din\u00e2mica na sess\u00e3o de interc\u00e2mbio da cerim\u00f3nia de atribui\u00e7\u00e3o\" data-type=\"image\"><br \/>\n                <img decoding=\"async\" class=\"size-large\" src=\"https:\/\/cdn.gcs.gov.mo\/api\/resource\/ibs\/P24FZ3oqrs\" title=\"Atmosfera din\u00e2mica na sess\u00e3o de interc\u00e2mbio da cerim\u00f3nia de atribui\u00e7\u00e3o\" alt=\"Atmosfera din\u00e2mica na sess\u00e3o de interc\u00e2mbio da cerim\u00f3nia de atribui\u00e7\u00e3o\" width=\"1024\"><br \/>\n                <\/a><\/p>\n<p class=\"wp-caption-text\">Atmosfera din\u00e2mica na sess\u00e3o de interc\u00e2mbio da cerim\u00f3nia de atribui\u00e7\u00e3o<\/p>\n<\/p><\/div>\n","protected":false},"excerpt":{"rendered":"<p>O Instituto de Promo&ccedil;&atilde;o do Com&eacute;rcio e do Investimento de Macau (IPIM) realizou hoje (dia 26) a cerim&oacute;nia de atribui&ccedil;&atilde;o dos \u201cEmbaixadores de Conven&ccedil;&otilde;es de [&hellip;]<\/p>\n","protected":false},"author":1,"featured_media":467868,"comment_status":"closed","ping_status":"closed","sticky":false,"template":"","format":"standard","meta":{"_acf_changed":false,"inline_featured_image":false,"advgb_blocks_editor_width":"","advgb_blocks_columns_visual_guide":"","footnotes":""},"categories":[12],"tags":[],"class_list":["post-466150","post","type-post","status-publish","format-standard","has-post-thumbnail","hentry","category-noticias-do-ipim"],"acf":[],"yoast_head":"<!-- This site is optimized with the Yoast SEO plugin v26.2 - https:\/\/yoast.com\/wordpress\/plugins\/seo\/ -->\r\n<title>[2024\/06\/26] [Refor\u00e7o da internacionaliza\u00e7\u00e3o da ind\u00fastria de conven\u00e7\u00f5es e exposi\u00e7\u00f5es de Macau] Vinte e quatro especialistas e l\u00edderes dos sectores industriais principais s\u00e3o nomeados \u201cEmbaixadores de Conven\u00e7\u00f5es de Macau\u201d para ajudar a atrair a realiza\u00e7\u00e3o de mais conven\u00e7\u00f5es profissionais internacionais em Macau | Commerce and Investment Promotion Institute<\/title>\r\n<meta name=\"robots\" content=\"index, follow, max-snippet:-1, max-image-preview:large, max-video-preview:-1\" \/>\r\n<link rel=\"canonical\" href=\"https:\/\/www.ipim.gov.mo\/pt-pt\/noticias-do-ipim\/2024-06-27-reforco-da-internacionalizacao-da-industria-de-convencoes-e-exposicoes-de-macau-vinte-e-quatro-especialistas-e-lideres-dos-sectores-industriais-principais-sao-nomeados-embaixad\/\" \/>\r\n<meta property=\"og:locale\" content=\"pt_PT\" \/>\r\n<meta property=\"og:type\" content=\"article\" \/>\r\n<meta property=\"og:title\" content=\"[2024\/06\/26] [Refor\u00e7o da internacionaliza\u00e7\u00e3o da ind\u00fastria de conven\u00e7\u00f5es e exposi\u00e7\u00f5es de Macau] Vinte e quatro especialistas e l\u00edderes dos sectores industriais principais s\u00e3o nomeados \u201cEmbaixadores de Conven\u00e7\u00f5es de Macau\u201d para ajudar a atrair a realiza\u00e7\u00e3o de mais conven\u00e7\u00f5es profissionais internacionais em Macau | Commerce and Investment Promotion Institute\" \/>\r\n<meta property=\"og:description\" content=\"O Instituto de Promo&ccedil;&atilde;o do Com&eacute;rcio e do Investimento de Macau (IPIM) realizou hoje (dia 26) a cerim&oacute;nia de atribui&ccedil;&atilde;o dos \u201cEmbaixadores de Conven&ccedil;&otilde;es de [&hellip;]\" \/>\r\n<meta property=\"og:url\" content=\"https:\/\/www.ipim.gov.mo\/pt-pt\/noticias-do-ipim\/2024-06-27-reforco-da-internacionalizacao-da-industria-de-convencoes-e-exposicoes-de-macau-vinte-e-quatro-especialistas-e-lideres-dos-sectores-industriais-principais-sao-nomeados-embaixad\/\" \/>\r\n<meta property=\"og:site_name\" content=\"Commerce and Investment Promotion Institute\" \/>\r\n<meta property=\"article:published_time\" content=\"2024-06-26T14:01:00+00:00\" \/>\r\n<meta property=\"og:image\" content=\"https:\/\/www.ipim.gov.mo\/wp-content\/uploads\/2024\/07\/ipim-post-default.jpg\" \/>\r\n\t<meta property=\"og:image:width\" content=\"1024\" \/>\r\n\t<meta property=\"og:image:height\" content=\"768\" \/>\r\n\t<meta property=\"og:image:type\" content=\"image\/jpeg\" \/>\r\n<meta name=\"author\" content=\"admin\" \/>\r\n<meta name=\"twitter:card\" content=\"summary_large_image\" \/>\r\n<meta name=\"twitter:label1\" content=\"Written by\" \/>\n\t<meta name=\"twitter:data1\" content=\"admin\" \/>\n\t<meta name=\"twitter:label2\" content=\"Est. reading time\" \/>\n\t<meta name=\"twitter:data2\" content=\"9 minutes\" \/>\r\n<script type=\"application\/ld+json\" class=\"yoast-schema-graph\">{\"@context\":\"https:\/\/schema.org\",\"@graph\":[{\"@type\":\"WebPage\",\"@id\":\"https:\/\/www.ipim.gov.mo\/pt-pt\/noticias-do-ipim\/2024-06-27-reforco-da-internacionalizacao-da-industria-de-convencoes-e-exposicoes-de-macau-vinte-e-quatro-especialistas-e-lideres-dos-sectores-industriais-principais-sao-nomeados-embaixad\/\",\"url\":\"https:\/\/www.ipim.gov.mo\/pt-pt\/noticias-do-ipim\/2024-06-27-reforco-da-internacionalizacao-da-industria-de-convencoes-e-exposicoes-de-macau-vinte-e-quatro-especialistas-e-lideres-dos-sectores-industriais-principais-sao-nomeados-embaixad\/\",\"name\":\"[2024\/06\/26] [Refor\u00e7o da internacionaliza\u00e7\u00e3o da ind\u00fastria de conven\u00e7\u00f5es e exposi\u00e7\u00f5es de Macau] Vinte e quatro especialistas e l\u00edderes dos sectores industriais principais s\u00e3o nomeados \u201cEmbaixadores de Conven\u00e7\u00f5es de Macau\u201d para ajudar a atrair a realiza\u00e7\u00e3o de mais conven\u00e7\u00f5es profissionais internacionais em Macau | Commerce and Investment Promotion Institute\",\"isPartOf\":{\"@id\":\"https:\/\/www.ipim.gov.mo\/zh-hans\/#website\"},\"primaryImageOfPage\":{\"@id\":\"https:\/\/www.ipim.gov.mo\/pt-pt\/noticias-do-ipim\/2024-06-27-reforco-da-internacionalizacao-da-industria-de-convencoes-e-exposicoes-de-macau-vinte-e-quatro-especialistas-e-lideres-dos-sectores-industriais-principais-sao-nomeados-embaixad\/#primaryimage\"},\"image\":{\"@id\":\"https:\/\/www.ipim.gov.mo\/pt-pt\/noticias-do-ipim\/2024-06-27-reforco-da-internacionalizacao-da-industria-de-convencoes-e-exposicoes-de-macau-vinte-e-quatro-especialistas-e-lideres-dos-sectores-industriais-principais-sao-nomeados-embaixad\/#primaryimage\"},\"thumbnailUrl\":\"https:\/\/www.ipim.gov.mo\/wp-content\/uploads\/2024\/07\/ipim-post-default.jpg\",\"datePublished\":\"2024-06-26T14:01:00+00:00\",\"breadcrumb\":{\"@id\":\"https:\/\/www.ipim.gov.mo\/pt-pt\/noticias-do-ipim\/2024-06-27-reforco-da-internacionalizacao-da-industria-de-convencoes-e-exposicoes-de-macau-vinte-e-quatro-especialistas-e-lideres-dos-sectores-industriais-principais-sao-nomeados-embaixad\/#breadcrumb\"},\"inLanguage\":\"pt-PT\",\"potentialAction\":[{\"@type\":\"ReadAction\",\"target\":[\"https:\/\/www.ipim.gov.mo\/pt-pt\/noticias-do-ipim\/2024-06-27-reforco-da-internacionalizacao-da-industria-de-convencoes-e-exposicoes-de-macau-vinte-e-quatro-especialistas-e-lideres-dos-sectores-industriais-principais-sao-nomeados-embaixad\/\"]}]},{\"@type\":\"ImageObject\",\"inLanguage\":\"pt-PT\",\"@id\":\"https:\/\/www.ipim.gov.mo\/pt-pt\/noticias-do-ipim\/2024-06-27-reforco-da-internacionalizacao-da-industria-de-convencoes-e-exposicoes-de-macau-vinte-e-quatro-especialistas-e-lideres-dos-sectores-industriais-principais-sao-nomeados-embaixad\/#primaryimage\",\"url\":\"https:\/\/www.ipim.gov.mo\/wp-content\/uploads\/2024\/07\/ipim-post-default.jpg\",\"contentUrl\":\"https:\/\/www.ipim.gov.mo\/wp-content\/uploads\/2024\/07\/ipim-post-default.jpg\",\"width\":1024,\"height\":768},{\"@type\":\"BreadcrumbList\",\"@id\":\"https:\/\/www.ipim.gov.mo\/pt-pt\/noticias-do-ipim\/2024-06-27-reforco-da-internacionalizacao-da-industria-de-convencoes-e-exposicoes-de-macau-vinte-e-quatro-especialistas-e-lideres-dos-sectores-industriais-principais-sao-nomeados-embaixad\/#breadcrumb\",\"itemListElement\":[{\"@type\":\"ListItem\",\"position\":1,\"name\":\"Home\",\"item\":\"https:\/\/www.ipim.gov.mo\/pt-pt\/\"},{\"@type\":\"ListItem\",\"position\":2,\"name\":\"[2024\/06\/26] [Refor\u00e7o da internacionaliza\u00e7\u00e3o da ind\u00fastria de conven\u00e7\u00f5es e exposi\u00e7\u00f5es de Macau] Vinte e quatro especialistas e l\u00edderes dos sectores industriais principais s\u00e3o nomeados \u201cEmbaixadores de Conven\u00e7\u00f5es de Macau\u201d para ajudar a atrair a realiza\u00e7\u00e3o de mais conven\u00e7\u00f5es profissionais internacionais em Macau\"}]},{\"@type\":\"WebSite\",\"@id\":\"https:\/\/www.ipim.gov.mo\/zh-hans\/#website\",\"url\":\"https:\/\/www.ipim.gov.mo\/zh-hans\/\",\"name\":\"Commerce and Investment Promotion Institute\",\"description\":\"Commerce and Investment Promotion Institute\",\"publisher\":{\"@id\":\"https:\/\/www.ipim.gov.mo\/zh-hans\/#organization\"},\"potentialAction\":[{\"@type\":\"SearchAction\",\"target\":{\"@type\":\"EntryPoint\",\"urlTemplate\":\"https:\/\/www.ipim.gov.mo\/zh-hans\/?s={search_term_string}\"},\"query-input\":{\"@type\":\"PropertyValueSpecification\",\"valueRequired\":true,\"valueName\":\"search_term_string\"}}],\"inLanguage\":\"pt-PT\"},{\"@type\":\"Organization\",\"@id\":\"https:\/\/www.ipim.gov.mo\/zh-hans\/#organization\",\"name\":\"IPIM\",\"url\":\"https:\/\/www.ipim.gov.mo\/zh-hans\/\",\"logo\":{\"@type\":\"ImageObject\",\"inLanguage\":\"pt-PT\",\"@id\":\"https:\/\/www.ipim.gov.mo\/zh-hans\/#\/schema\/logo\/image\/\",\"url\":\"https:\/\/www.ipim.gov.mo\/wp-content\/uploads\/2022\/10\/default-post-thumbnail-ipim-logo.png\",\"contentUrl\":\"https:\/\/www.ipim.gov.mo\/wp-content\/uploads\/2022\/10\/default-post-thumbnail-ipim-logo.png\",\"width\":1024,\"height\":768,\"caption\":\"IPIM\"},\"image\":{\"@id\":\"https:\/\/www.ipim.gov.mo\/zh-hans\/#\/schema\/logo\/image\/\"}}]}<\/script>\r\n<!-- \/ Yoast SEO plugin. -->","yoast_head_json":{"title":"[2024\/06\/26] [Refor\u00e7o da internacionaliza\u00e7\u00e3o da ind\u00fastria de conven\u00e7\u00f5es e exposi\u00e7\u00f5es de Macau] Vinte e quatro especialistas e l\u00edderes dos sectores industriais principais s\u00e3o nomeados \u201cEmbaixadores de Conven\u00e7\u00f5es de Macau\u201d para ajudar a atrair a realiza\u00e7\u00e3o de mais conven\u00e7\u00f5es profissionais internacionais em Macau | Commerce and Investment Promotion Institute","robots":{"index":"index","follow":"follow","max-snippet":"max-snippet:-1","max-image-preview":"max-image-preview:large","max-video-preview":"max-video-preview:-1"},"canonical":"https:\/\/www.ipim.gov.mo\/pt-pt\/noticias-do-ipim\/2024-06-27-reforco-da-internacionalizacao-da-industria-de-convencoes-e-exposicoes-de-macau-vinte-e-quatro-especialistas-e-lideres-dos-sectores-industriais-principais-sao-nomeados-embaixad\/","og_locale":"pt_PT","og_type":"article","og_title":"[2024\/06\/26] [Refor\u00e7o da internacionaliza\u00e7\u00e3o da ind\u00fastria de conven\u00e7\u00f5es e exposi\u00e7\u00f5es de Macau] Vinte e quatro especialistas e l\u00edderes dos sectores industriais principais s\u00e3o nomeados \u201cEmbaixadores de Conven\u00e7\u00f5es de Macau\u201d para ajudar a atrair a realiza\u00e7\u00e3o de mais conven\u00e7\u00f5es profissionais internacionais em Macau | Commerce and Investment Promotion Institute","og_description":"O Instituto de Promo&ccedil;&atilde;o do Com&eacute;rcio e do Investimento de Macau (IPIM) realizou hoje (dia 26) a cerim&oacute;nia de atribui&ccedil;&atilde;o dos \u201cEmbaixadores de Conven&ccedil;&otilde;es de [&hellip;]","og_url":"https:\/\/www.ipim.gov.mo\/pt-pt\/noticias-do-ipim\/2024-06-27-reforco-da-internacionalizacao-da-industria-de-convencoes-e-exposicoes-de-macau-vinte-e-quatro-especialistas-e-lideres-dos-sectores-industriais-principais-sao-nomeados-embaixad\/","og_site_name":"Commerce and Investment Promotion Institute","article_published_time":"2024-06-26T14:01:00+00:00","og_image":[{"width":1024,"height":768,"url":"https:\/\/www.ipim.gov.mo\/wp-content\/uploads\/2024\/07\/ipim-post-default.jpg","type":"image\/jpeg"}],"author":"admin","twitter_card":"summary_large_image","twitter_misc":{"Written by":"admin","Est. reading time":"9 minutes"},"schema":{"@context":"https:\/\/schema.org","@graph":[{"@type":"WebPage","@id":"https:\/\/www.ipim.gov.mo\/pt-pt\/noticias-do-ipim\/2024-06-27-reforco-da-internacionalizacao-da-industria-de-convencoes-e-exposicoes-de-macau-vinte-e-quatro-especialistas-e-lideres-dos-sectores-industriais-principais-sao-nomeados-embaixad\/","url":"https:\/\/www.ipim.gov.mo\/pt-pt\/noticias-do-ipim\/2024-06-27-reforco-da-internacionalizacao-da-industria-de-convencoes-e-exposicoes-de-macau-vinte-e-quatro-especialistas-e-lideres-dos-sectores-industriais-principais-sao-nomeados-embaixad\/","name":"[2024\/06\/26] [Refor\u00e7o da internacionaliza\u00e7\u00e3o da ind\u00fastria de conven\u00e7\u00f5es e exposi\u00e7\u00f5es de Macau] Vinte e quatro especialistas e l\u00edderes dos sectores industriais principais s\u00e3o nomeados \u201cEmbaixadores de Conven\u00e7\u00f5es de Macau\u201d para ajudar a atrair a realiza\u00e7\u00e3o de mais conven\u00e7\u00f5es profissionais internacionais em Macau | Commerce and Investment Promotion Institute","isPartOf":{"@id":"https:\/\/www.ipim.gov.mo\/zh-hans\/#website"},"primaryImageOfPage":{"@id":"https:\/\/www.ipim.gov.mo\/pt-pt\/noticias-do-ipim\/2024-06-27-reforco-da-internacionalizacao-da-industria-de-convencoes-e-exposicoes-de-macau-vinte-e-quatro-especialistas-e-lideres-dos-sectores-industriais-principais-sao-nomeados-embaixad\/#primaryimage"},"image":{"@id":"https:\/\/www.ipim.gov.mo\/pt-pt\/noticias-do-ipim\/2024-06-27-reforco-da-internacionalizacao-da-industria-de-convencoes-e-exposicoes-de-macau-vinte-e-quatro-especialistas-e-lideres-dos-sectores-industriais-principais-sao-nomeados-embaixad\/#primaryimage"},"thumbnailUrl":"https:\/\/www.ipim.gov.mo\/wp-content\/uploads\/2024\/07\/ipim-post-default.jpg","datePublished":"2024-06-26T14:01:00+00:00","breadcrumb":{"@id":"https:\/\/www.ipim.gov.mo\/pt-pt\/noticias-do-ipim\/2024-06-27-reforco-da-internacionalizacao-da-industria-de-convencoes-e-exposicoes-de-macau-vinte-e-quatro-especialistas-e-lideres-dos-sectores-industriais-principais-sao-nomeados-embaixad\/#breadcrumb"},"inLanguage":"pt-PT","potentialAction":[{"@type":"ReadAction","target":["https:\/\/www.ipim.gov.mo\/pt-pt\/noticias-do-ipim\/2024-06-27-reforco-da-internacionalizacao-da-industria-de-convencoes-e-exposicoes-de-macau-vinte-e-quatro-especialistas-e-lideres-dos-sectores-industriais-principais-sao-nomeados-embaixad\/"]}]},{"@type":"ImageObject","inLanguage":"pt-PT","@id":"https:\/\/www.ipim.gov.mo\/pt-pt\/noticias-do-ipim\/2024-06-27-reforco-da-internacionalizacao-da-industria-de-convencoes-e-exposicoes-de-macau-vinte-e-quatro-especialistas-e-lideres-dos-sectores-industriais-principais-sao-nomeados-embaixad\/#primaryimage","url":"https:\/\/www.ipim.gov.mo\/wp-content\/uploads\/2024\/07\/ipim-post-default.jpg","contentUrl":"https:\/\/www.ipim.gov.mo\/wp-content\/uploads\/2024\/07\/ipim-post-default.jpg","width":1024,"height":768},{"@type":"BreadcrumbList","@id":"https:\/\/www.ipim.gov.mo\/pt-pt\/noticias-do-ipim\/2024-06-27-reforco-da-internacionalizacao-da-industria-de-convencoes-e-exposicoes-de-macau-vinte-e-quatro-especialistas-e-lideres-dos-sectores-industriais-principais-sao-nomeados-embaixad\/#breadcrumb","itemListElement":[{"@type":"ListItem","position":1,"name":"Home","item":"https:\/\/www.ipim.gov.mo\/pt-pt\/"},{"@type":"ListItem","position":2,"name":"[2024\/06\/26] [Refor\u00e7o da internacionaliza\u00e7\u00e3o da ind\u00fastria de conven\u00e7\u00f5es e exposi\u00e7\u00f5es de Macau] Vinte e quatro especialistas e l\u00edderes dos sectores industriais principais s\u00e3o nomeados \u201cEmbaixadores de Conven\u00e7\u00f5es de Macau\u201d para ajudar a atrair a realiza\u00e7\u00e3o de mais conven\u00e7\u00f5es profissionais internacionais em Macau"}]},{"@type":"WebSite","@id":"https:\/\/www.ipim.gov.mo\/zh-hans\/#website","url":"https:\/\/www.ipim.gov.mo\/zh-hans\/","name":"Commerce and Investment Promotion Institute","description":"Commerce and Investment Promotion Institute","publisher":{"@id":"https:\/\/www.ipim.gov.mo\/zh-hans\/#organization"},"potentialAction":[{"@type":"SearchAction","target":{"@type":"EntryPoint","urlTemplate":"https:\/\/www.ipim.gov.mo\/zh-hans\/?s={search_term_string}"},"query-input":{"@type":"PropertyValueSpecification","valueRequired":true,"valueName":"search_term_string"}}],"inLanguage":"pt-PT"},{"@type":"Organization","@id":"https:\/\/www.ipim.gov.mo\/zh-hans\/#organization","name":"IPIM","url":"https:\/\/www.ipim.gov.mo\/zh-hans\/","logo":{"@type":"ImageObject","inLanguage":"pt-PT","@id":"https:\/\/www.ipim.gov.mo\/zh-hans\/#\/schema\/logo\/image\/","url":"https:\/\/www.ipim.gov.mo\/wp-content\/uploads\/2022\/10\/default-post-thumbnail-ipim-logo.png","contentUrl":"https:\/\/www.ipim.gov.mo\/wp-content\/uploads\/2022\/10\/default-post-thumbnail-ipim-logo.png","width":1024,"height":768,"caption":"IPIM"},"image":{"@id":"https:\/\/www.ipim.gov.mo\/zh-hans\/#\/schema\/logo\/image\/"}}]}},"author_meta":{"display_name":"admin","author_link":"https:\/\/www.ipim.gov.mo\/pt-pt\/author\/admin\/"},"featured_img":"https:\/\/www.ipim.gov.mo\/wp-content\/uploads\/2024\/07\/ipim-post-default-300x225.jpg","coauthors":[],"tax_additional":{"categories":{"linked":["<a href=\"https:\/\/www.ipim.gov.mo\/pt-pt\/category\/noticias-do-ipim\/\" class=\"advgb-post-tax-term\">Not\u00edcias do IPIM<\/a>"],"unlinked":["<span class=\"advgb-post-tax-term\">Not\u00edcias do IPIM<\/span>"]}},"comment_count":"0","relative_dates":{"created":"Posted 2 years ago","modified":"Updated 2 years ago"},"absolute_dates":{"created":"Posted on Junho 26, 2024","modified":"Updated on Junho 26, 2024"},"absolute_dates_time":{"created":"Posted on Junho 26, 2024 10:01 pm","modified":"Updated on Junho 26, 2024 10:01 pm"},"featured_img_caption":"","series_order":"","_links":{"self":[{"href":"https:\/\/www.ipim.gov.mo\/pt-pt\/wp-json\/wp\/v2\/posts\/466150","targetHints":{"allow":["GET"]}}],"collection":[{"href":"https:\/\/www.ipim.gov.mo\/pt-pt\/wp-json\/wp\/v2\/posts"}],"about":[{"href":"https:\/\/www.ipim.gov.mo\/pt-pt\/wp-json\/wp\/v2\/types\/post"}],"author":[{"embeddable":true,"href":"https:\/\/www.ipim.gov.mo\/pt-pt\/wp-json\/wp\/v2\/users\/1"}],"replies":[{"embeddable":true,"href":"https:\/\/www.ipim.gov.mo\/pt-pt\/wp-json\/wp\/v2\/comments?post=466150"}],"version-history":[{"count":0,"href":"https:\/\/www.ipim.gov.mo\/pt-pt\/wp-json\/wp\/v2\/posts\/466150\/revisions"}],"wp:featuredmedia":[{"embeddable":true,"href":"https:\/\/www.ipim.gov.mo\/pt-pt\/wp-json\/wp\/v2\/media\/467868"}],"wp:attachment":[{"href":"https:\/\/www.ipim.gov.mo\/pt-pt\/wp-json\/wp\/v2\/media?parent=466150"}],"wp:term":[{"taxonomy":"category","embeddable":true,"href":"https:\/\/www.ipim.gov.mo\/pt-pt\/wp-json\/wp\/v2\/categories?post=466150"},{"taxonomy":"post_tag","embeddable":true,"href":"https:\/\/www.ipim.gov.mo\/pt-pt\/wp-json\/wp\/v2\/tags?post=466150"}],"curies":[{"name":"wp","href":"https:\/\/api.w.org\/{rel}","templated":true}]}}