{"id":465748,"date":"2024-06-20T20:57:00","date_gmt":"2024-06-20T12:57:00","guid":{"rendered":"https:\/\/www.ipim.gov.mo\/noticias-do-ipim\/2024-06-24-potencializacao-do-papel-de-plataforma-de-macau-inauguracao-solene-do-15-o-forum-internacional-sobre-o-investimento-e-construcao-de-infra-estruturas-com-a-participacao-de-mais-de-60-mi\/"},"modified":"2024-06-20T20:57:00","modified_gmt":"2024-06-20T12:57:00","slug":"2024-06-24-potencializacao-do-papel-de-plataforma-de-macau-inauguracao-solene-do-15-o-forum-internacional-sobre-o-investimento-e-construcao-de-infra-estruturas-com-a-participacao-de-mais-de-60-mi","status":"publish","type":"post","link":"https:\/\/www.ipim.gov.mo\/pt-pt\/noticias-do-ipim\/2024-06-24-potencializacao-do-papel-de-plataforma-de-macau-inauguracao-solene-do-15-o-forum-internacional-sobre-o-investimento-e-construcao-de-infra-estruturas-com-a-participacao-de-mais-de-60-mi\/","title":{"rendered":"[2024\/06\/20] [Potencializa\u00e7\u00e3o do papel de plataforma de Macau] Inaugura\u00e7\u00e3o solene do 15.\u00ba F\u00f3rum Internacional sobre o Investimento e Constru\u00e7\u00e3o de Infra-estruturas, com a participa\u00e7\u00e3o de mais de 60 ministros e 3500 convidados"},"content":{"rendered":"<p style=\"text-align:justify\">O 15.&ordm; F&oacute;rum Internacional sobre o Investimento e Constru&ccedil;&atilde;o de Infra-estruturas (IIICF) foi solenemente inaugurado hoje (dia 20). A edi&ccedil;&atilde;o deste ano conta com a participa&ccedil;&atilde;o de mais de 60 ministros e mais de 3500 figuras de elite do sector, provenientes de mais de 70 pa&iacute;ses e regi&otilde;es, para uma troca aprofundada sobre t&oacute;picos populares como inova&ccedil;&atilde;o em infra-estruturas, transforma&ccedil;&atilde;o digital e inteligente, diversifica&ccedil;&atilde;o de investimentos e financiamentos, controlo de riscos, interconectividade regional e desenvolvimento sustent&aacute;vel, com o objetivo comum de construir um futuro de \u201cInova&ccedil;&atilde;o Ecol&oacute;gica, Conectividade Digital\u201d de infra-estruturas a n&iacute;vel global.<\/p>\n<p style=\"text-align:justify\">Durante a cerim&oacute;nia de abertura, estiveram presentes diversos convidados de honra, nomeadamente o Chefe do Executivo da Regi&atilde;o Administrativa Especial de Macau, Ho Iat Seng; o Director do Gabinete de Liga&ccedil;&atilde;o do Governo Popular Central na Regi&atilde;o Administrativa Especial de Macau, Zheng Xincong; a Vice-Ministra do Minist&eacute;rio do Com&eacute;rcio da Rep&uacute;blica Popular da China, Guo Tingting; o Comiss&aacute;rio do Comissariado do Minist&eacute;rio dos Neg&oacute;cios Estrangeiros da Rep&uacute;blica Popular da China na Regi&atilde;o Administrativa Especial de Macau, Liu Xianfa; o Vice-Director do Gabinete de Liga&ccedil;&atilde;o do Governo Popular Central na Regi&atilde;o Administrativa Especial de Macau, Lu Yuyin; o Secret&aacute;rio para a Economia e Finan&ccedil;as da Regi&atilde;o Administrativa Especial de Macau, Lei Wai Nong; o Vice-Governador da Prov&iacute;ncia de Yunnan, Liu Yong; o Vice-Presidente do Comit&eacute; da Confer&ecirc;ncia Consultiva Pol&iacute;tica do Povo Chin&ecirc;s da Prov&iacute;ncia de Jiangsu, Zhang Lefu; e dezenas de ministros convidados de v&aacute;rios pa&iacute;ses e regi&otilde;es.<\/p>\n<p style=\"text-align:justify\"><strong>Promo&ccedil;&atilde;o da coopera&ccedil;&atilde;o transfronteiri&ccedil;a para impulsionar o desenvolvimento internacional de infra-estruturas<\/strong><\/p>\n<p style=\"text-align:justify\">Durante o seu discurso, a Vice-Ministra do Minist&eacute;rio do Com&eacute;rcio da China, Guo Tingting, afirmou que as empresas chinesas j&aacute; investiram mais de 350 mil milh&otilde;es de d&oacute;lares americanos em infra-estruturas estrangeiras, enquanto a conclus&atilde;o dos seus projectos desenvolvidos em 200 pa&iacute;ses e regi&otilde;es gerou uma receita superior a 2,4 bili&otilde;es de d&oacute;lares americanos. Todos estes empreendimentos contribu&iacute;ram para criar, nos pa&iacute;ses benefici&aacute;rios, uma vasta gama de projectos ecol&oacute;gicos, digitais, inteligentes, com baixo teor de carbono e que promovem o bem-estar da popula&ccedil;&atilde;o local, contribuindo com a for&ccedil;a da China para a coopera&ccedil;&atilde;o internacional em infra-estruturas. Sobre o objectivo de aprofundar a coopera&ccedil;&atilde;o internacional em infra-estruturas, a Vice-Ministra apresentou quatro propostas: primeiro, continuar a elevar o n&iacute;vel de interconectividade; segundo, aproveitar prontamente as novas oportunidades de desenvolvimento verde; terceiro, continuar a promover o novo desenvolvimento da coopera&ccedil;&atilde;o industrial; e quarto, continuar a explorar novos espa&ccedil;os para um desenvolvimento inovador.<\/p>\n<p style=\"text-align:justify\">O Secret&aacute;rio do Minist&eacute;rio de Estradas e Transportes da Rep&uacute;blica do Qu&eacute;nia, Onesimus Kipchumba Murkomen, destacou que o tema do IIICF vem no momento certo, pois d&aacute; continuidade aos resultados do 3.&ordm; F&oacute;rum da Iniciativa \u201cUma Faixa, Uma Rota\u201d para a Coopera&ccedil;&atilde;o Internacional. O secret&aacute;rio explicou que o Qu&eacute;nia se tem empenhado em desenvolver corredores de transporte multimodal que conectem v&aacute;rios pa&iacute;ses, nesse &acirc;mbito, a coopera&ccedil;&atilde;o do pa&iacute;s com o governo e as empresas da China tem resultado em progressos significativos nos projectos. No futuro, como a &aacute;rea de sistemas de interconectividade digital oferecer&aacute; ricas oportunidades de investimento, a sua expectativa &eacute; de que o IIICF deste ano possa aprofundar e estimular a coopera&ccedil;&atilde;o no sector dos transportes, trazendo resultados frut&iacute;feros e ben&eacute;ficos para todos.<\/p>\n<p style=\"text-align:justify\">O Ministro da Constru&ccedil;&atilde;o da Rep&uacute;blica da Uni&atilde;o de Myanmar, Myo Thant, referiu que o tema desta edi&ccedil;&atilde;o do IIICF est&aacute; alinhado com as mais recentes directrizes e prioridades para o investimento e a constru&ccedil;&atilde;o de infra-estruturas de v&aacute;rios pa&iacute;ses. O Myanmar, por sua vez, introduziu a energia renov&aacute;vel, o investimento verde, a protec&ccedil;&atilde;o do ecossistema, a preserva&ccedil;&atilde;o da biodiversidade e a gest&atilde;o da reciclagem de res&iacute;duos na estrat&eacute;gia de desenvolvimento nacional a longo prazo, tendo j&aacute; implementado v&aacute;rias medidas para sua concretiza&ccedil;&atilde;o. O ministro espera que o IIICF possa gerar resultados abundantes e frut&iacute;feros, a fim de permitir aos pa&iacute;ses elevarem conjuntamente o n&iacute;vel de inova&ccedil;&atilde;o verde e conectividade digital do seu sector de constru&ccedil;&atilde;o e impulsionarem o seu desenvolvimento econ&oacute;mico e social.<\/p>\n<p style=\"text-align:justify\">Durante a cerim&oacute;nia de abertura, o Presidente do Conselho de Administra&ccedil;&atilde;o e Presidente da CRSC Corporation Limited, Lou Qiliang, o Presidente da Power Construction Corporation of China, Wang Bin, o Ministro da Energia e &Aacute;guas da Rep&uacute;blica de Angola, Jo&atilde;o Baptista Borges, o Presidente da CRRC Corporation Limited, Ma Yunshuang, o Ministro do Planeamento do Territ&oacute;rio, Infra-estruturas e Manuten&ccedil;&atilde;o Rodovi&aacute;ria da Rep&uacute;blica do Congo, Jean Jacques Bouya, o Ministro da Ecologia, Protec&ccedil;&atilde;o Ambiental e Mudan&ccedil;as Clim&aacute;ticas da Rep&uacute;blica do Uzbequist&atilde;o, Aziz Abdukhakimov, e o Vice-Presidente do Banco de Exporta&ccedil;&atilde;o e Importa&ccedil;&atilde;o da China, Zhang Shaohui, tamb&eacute;m fizeram apresenta&ccedil;&otilde;es onde partilharam os progressos e os resultados dos projectos de infra-estruturas dos pa&iacute;ses e regi&otilde;es abrangidos pela iniciativa \u201cUm Fixa, Uma Rota\u201d, contribuindo conjuntamente para promover o desenvolvimento tecnol&oacute;gico e o desenvolvimento de qualidade da ind&uacute;stria.<\/p>\n<p style=\"text-align:justify\"><strong>Maior escala do IIICF robustece o desenvolvimento da diversifica&ccedil;&atilde;o adequada da economia \u201c1+4\u201d<\/strong><\/p>\n<p style=\"text-align:justify\">Ao longo de tr&ecirc;s dias do evento, as mais de 200 actividades tem&aacute;ticas e complementares realizadas reuniram mais de 3500 figuras de elite internacionais do sector de infra-estruturas, entre as quais mais de 60 convidados s&atilde;o ministros e mais de 70 s&atilde;o representantes de empresas da Fortune 500. Paralelamente, uma s&eacute;rie de actividades programadas como palestras, f&oacute;runs, confer&ecirc;ncias, exposi&ccedil;&otilde;es, semin&aacute;rios tem&aacute;ticos, <em>roadshows<\/em>, bolsas de contactos e lan&ccedil;amento de &iacute;ndices n&atilde;o s&oacute; permitiu materializar as fun&ccedil;&otilde;es do IIICF como um meio para \u201cinterc&acirc;mbios, lan&ccedil;amentos oficiais, exposi&ccedil;&atilde;o e promo&ccedil;&atilde;o de neg&oacute;cios\u201d, como tamb&eacute;m criaram uma plataforma para as partes participantes poderem encontrar oportunidades de coopera&ccedil;&atilde;o e promover colectivamente o desenvolvimento de qualidade das infra-estruturas internacionais.<\/p>\n<p style=\"text-align:justify\">Nesta edi&ccedil;&atilde;o, com um aumento da escala ainda maior, o IIICF apresentou a maior &aacute;rea de exposi&ccedil;&atilde;o e o maior n&uacute;mero de expositores de todas as edi&ccedil;&otilde;es. A n&iacute;vel de produtos de exposi&ccedil;&atilde;o, de acordo com as necessidades dos projectos de constru&ccedil;&atilde;o de Macau, o evento introduziu tecnologias e equipamentos el&eacute;ctricos e mec&acirc;nicos da vanguarda, nomeadamente sistemas de controlo inteligente de edif&iacute;cios, materiais impermeabilizantes com fun&ccedil;&otilde;es especiais e rob&ocirc;s de apoio a servi&ccedil;os de sa&uacute;de, entre outras tecnologias inovadoras do sector. Al&eacute;m disso, a &aacute;rea de exposi&ccedil;&atilde;o disp&ocirc;s de<em> stands<\/em> que mostraram recursos no &acirc;mbito da coopera&ccedil;&atilde;o sino-lus&oacute;fona e de Macau, com o intuito de fortalecer a liga&ccedil;&atilde;o e a coopera&ccedil;&atilde;o entre Macau e a ind&uacute;stria internacional de infra-estruturas, contribuindo para que aproveitem em conjunto as novas oportunidades de desenvolvimento de infra-estruturas.<\/p>\n<p style=\"text-align:justify\">O 15.&ordm; F&oacute;rum Internacional sobre o Investimento e Constru&ccedil;&atilde;o de Infra-estruturas &eacute; co-organizado pelo Instituto de Promo&ccedil;&atilde;o do Com&eacute;rcio e do Investimento de Macau e pela Associa&ccedil;&atilde;o dos Construtores Civis Internacionais da China. A exposi&ccedil;&atilde;o continua aberta ao p&uacute;blico hoje e amanh&atilde;, os interessados podem dirigir-se &agrave; Cotai Expo do <em>The Venetian Macau <\/em>para visitar a exposi&ccedil;&atilde;o. Para mais informa&ccedil;&otilde;es sobre o IIICF, visite: http:\/\/www.iiicf.org\/.<\/p>\n<div class=\"wp-caption alignnone\">\n                <a href=\"https:\/\/cdn.gcs.gov.mo\/api\/resource\/ibs\/P24FTj2E4t\" data-component=\"Popup\" data-fancybox=\"gallery\" data-caption=\"Chefe do Executivo, Ho Iat Seng , na cerim\u00f3nia de Inaugura\u00e7\u00e3o do \u201c15.\u00ba F\u00f3rum Internacional sobre o Investimento e Constru\u00e7\u00e3o de Infra-estruturas\u201d.\" data-type=\"image\"><br \/>\n                <img decoding=\"async\" class=\"size-large\" src=\"https:\/\/cdn.gcs.gov.mo\/api\/resource\/ibs\/P24FTj2E4t\" title=\"Chefe do Executivo, Ho Iat Seng , na cerim\u00f3nia de Inaugura\u00e7\u00e3o do \u201c15.\u00ba F\u00f3rum Internacional sobre o Investimento e Constru\u00e7\u00e3o de Infra-estruturas\u201d.\" alt=\"Chefe do Executivo, Ho Iat Seng , na cerim\u00f3nia de Inaugura\u00e7\u00e3o do \u201c15.\u00ba F\u00f3rum Internacional sobre o Investimento e Constru\u00e7\u00e3o de Infra-estruturas\u201d.\" width=\"1024\"><br \/>\n                <\/a><\/p>\n<p class=\"wp-caption-text\">Chefe do Executivo, Ho Iat Seng , na cerim\u00f3nia de Inaugura\u00e7\u00e3o do \u201c15.\u00ba F\u00f3rum Internacional sobre o Investimento e Constru\u00e7\u00e3o de Infra-estruturas\u201d.<\/p>\n<\/p><\/div>\n<div class=\"wp-caption alignnone\">\n                <a href=\"https:\/\/cdn.gcs.gov.mo\/api\/resource\/ibs\/P24FTFQ0Pp\" data-component=\"Popup\" data-fancybox=\"gallery\" data-caption=\"Chefe do Executivo, Ho Iat Seng e os convidados na cerim\u00f3nia de Inaugura\u00e7\u00e3o do &quot;15.\u00ba F\u00f3rum Internacional sobre o Investimento e Constru\u00e7\u00e3o de Infra-estruturas&quot;.\" data-type=\"image\"><br \/>\n                <img decoding=\"async\" class=\"size-large\" src=\"https:\/\/cdn.gcs.gov.mo\/api\/resource\/ibs\/P24FTFQ0Pp\" title=\"Chefe do Executivo, Ho Iat Seng e os convidados na cerim\u00f3nia de Inaugura\u00e7\u00e3o do &quot;15.\u00ba F\u00f3rum Internacional sobre o Investimento e Constru\u00e7\u00e3o de Infra-estruturas&quot;.\" alt=\"Chefe do Executivo, Ho Iat Seng e os convidados na cerim\u00f3nia de Inaugura\u00e7\u00e3o do &quot;15.\u00ba F\u00f3rum Internacional sobre o Investimento e Constru\u00e7\u00e3o de Infra-estruturas&quot;.\" width=\"1024\"><br \/>\n                <\/a><\/p>\n<p class=\"wp-caption-text\">Chefe do Executivo, Ho Iat Seng e os convidados na cerim\u00f3nia de Inaugura\u00e7\u00e3o do &quot;15.\u00ba F\u00f3rum Internacional sobre o Investimento e Constru\u00e7\u00e3o de Infra-estruturas&quot;.<\/p>\n<\/p><\/div>\n<div class=\"wp-caption alignnone\">\n                <a href=\"https:\/\/cdn.gcs.gov.mo\/api\/resource\/ibs\/P24FTiFGvl\" data-component=\"Popup\" data-fancybox=\"gallery\" data-caption=\"Chefe do Executivo, Ho Iat Seng , visita o pavilh\u00e3o de exposi\u00e7\u00f5es do &quot;15.\u00ba F\u00f3rum Internacional sobre o Investimento e Constru\u00e7\u00e3o de Infra-estruturas&quot;.\" data-type=\"image\"><br \/>\n                <img decoding=\"async\" class=\"size-large\" src=\"https:\/\/cdn.gcs.gov.mo\/api\/resource\/ibs\/P24FTiFGvl\" title=\"Chefe do Executivo, Ho Iat Seng , visita o pavilh\u00e3o de exposi\u00e7\u00f5es do &quot;15.\u00ba F\u00f3rum Internacional sobre o Investimento e Constru\u00e7\u00e3o de Infra-estruturas&quot;.\" alt=\"Chefe do Executivo, Ho Iat Seng , visita o pavilh\u00e3o de exposi\u00e7\u00f5es do &quot;15.\u00ba F\u00f3rum Internacional sobre o Investimento e Constru\u00e7\u00e3o de Infra-estruturas&quot;.\" width=\"1024\"><br \/>\n                <\/a><\/p>\n<p class=\"wp-caption-text\">Chefe do Executivo, Ho Iat Seng , visita o pavilh\u00e3o de exposi\u00e7\u00f5es do &quot;15.\u00ba F\u00f3rum Internacional sobre o Investimento e Constru\u00e7\u00e3o de Infra-estruturas&quot;.<\/p>\n<\/p><\/div>\n<div class=\"wp-caption alignnone\">\n                <a href=\"https:\/\/cdn.gcs.gov.mo\/api\/resource\/ibs\/P24FTh5zut\" data-component=\"Popup\" data-fancybox=\"gallery\" data-caption=\"Chefe do Executivo, Ho Iat Seng , visita o pavilh\u00e3o de exposi\u00e7\u00f5es do &quot;15.\u00ba F\u00f3rum Internacional sobre o Investimento e Constru\u00e7\u00e3o de Infra-estruturas&quot;.\" data-type=\"image\"><br \/>\n                <img decoding=\"async\" class=\"size-large\" src=\"https:\/\/cdn.gcs.gov.mo\/api\/resource\/ibs\/P24FTh5zut\" title=\"Chefe do Executivo, Ho Iat Seng , visita o pavilh\u00e3o de exposi\u00e7\u00f5es do &quot;15.\u00ba F\u00f3rum Internacional sobre o Investimento e Constru\u00e7\u00e3o de Infra-estruturas&quot;.\" alt=\"Chefe do Executivo, Ho Iat Seng , visita o pavilh\u00e3o de exposi\u00e7\u00f5es do &quot;15.\u00ba F\u00f3rum Internacional sobre o Investimento e Constru\u00e7\u00e3o de Infra-estruturas&quot;.\" width=\"1024\"><br \/>\n                <\/a><\/p>\n<p class=\"wp-caption-text\">Chefe do Executivo, Ho Iat Seng , visita o pavilh\u00e3o de exposi\u00e7\u00f5es do &quot;15.\u00ba F\u00f3rum Internacional sobre o Investimento e Constru\u00e7\u00e3o de Infra-estruturas&quot;.<\/p>\n<\/p><\/div>\n<div class=\"wp-caption alignnone\">\n                <a href=\"https:\/\/cdn.gcs.gov.mo\/api\/resource\/ibs\/P24FTxhn65\" data-component=\"Popup\" data-fancybox=\"gallery\" data-caption=\"O 15.\u00ba F\u00f3rum Internacional sobre o Investimento e Constru\u00e7\u00e3o de Infra-estruturas foi inaugurado hoje (dia 20).\" data-type=\"image\"><br \/>\n                <img decoding=\"async\" class=\"size-large\" src=\"https:\/\/cdn.gcs.gov.mo\/api\/resource\/ibs\/P24FTxhn65\" title=\"O 15.\u00ba F\u00f3rum Internacional sobre o Investimento e Constru\u00e7\u00e3o de Infra-estruturas foi inaugurado hoje (dia 20).\" alt=\"O 15.\u00ba F\u00f3rum Internacional sobre o Investimento e Constru\u00e7\u00e3o de Infra-estruturas foi inaugurado hoje (dia 20).\" width=\"1024\"><br \/>\n                <\/a><\/p>\n<p class=\"wp-caption-text\">O 15.\u00ba F\u00f3rum Internacional sobre o Investimento e Constru\u00e7\u00e3o de Infra-estruturas foi inaugurado hoje (dia 20).<\/p>\n<\/p><\/div>\n<div class=\"wp-caption alignnone\">\n                <a href=\"https:\/\/cdn.gcs.gov.mo\/api\/resource\/ibs\/P24FTnDv2A\" data-component=\"Popup\" data-fancybox=\"gallery\" data-caption=\"Mais de 200 actividades tem\u00e1ticas e complementares ser\u00e3o realizadas durante os 3 dias do IIICF.\" data-type=\"image\"><br \/>\n                <img decoding=\"async\" class=\"size-large\" src=\"https:\/\/cdn.gcs.gov.mo\/api\/resource\/ibs\/P24FTnDv2A\" title=\"Mais de 200 actividades tem\u00e1ticas e complementares ser\u00e3o realizadas durante os 3 dias do IIICF.\" alt=\"Mais de 200 actividades tem\u00e1ticas e complementares ser\u00e3o realizadas durante os 3 dias do IIICF.\" width=\"1024\"><br \/>\n                <\/a><\/p>\n<p class=\"wp-caption-text\">Mais de 200 actividades tem\u00e1ticas e complementares ser\u00e3o realizadas durante os 3 dias do IIICF.<\/p>\n<\/p><\/div>\n<div class=\"wp-caption alignnone\">\n                <a href=\"https:\/\/cdn.gcs.gov.mo\/api\/resource\/ibs\/P24FT97Cfy\" data-component=\"Popup\" data-fancybox=\"gallery\" data-caption=\"Mais de 200 actividades tem\u00e1ticas e complementares ser\u00e3o realizadas durante os 3 dias do IIICF.\" data-type=\"image\"><br \/>\n                <img decoding=\"async\" class=\"size-large\" src=\"https:\/\/cdn.gcs.gov.mo\/api\/resource\/ibs\/P24FT97Cfy\" title=\"Mais de 200 actividades tem\u00e1ticas e complementares ser\u00e3o realizadas durante os 3 dias do IIICF.\" alt=\"Mais de 200 actividades tem\u00e1ticas e complementares ser\u00e3o realizadas durante os 3 dias do IIICF.\" width=\"1024\"><br \/>\n                <\/a><\/p>\n<p class=\"wp-caption-text\">Mais de 200 actividades tem\u00e1ticas e complementares ser\u00e3o realizadas durante os 3 dias do IIICF.<\/p>\n<\/p><\/div>\n<div class=\"wp-caption alignnone\">\n                <a href=\"https:\/\/cdn.gcs.gov.mo\/api\/resource\/ibs\/P24FTW9BRR\" data-component=\"Popup\" data-fancybox=\"gallery\" data-caption=\"A \u00e1rea de exposi\u00e7\u00e3o e o n\u00famero de expositores do 15.\u00ba F\u00f3rum Internacional sobre o Investimento e Constru\u00e7\u00e3o de Infra-estruturas ser\u00e3o os maiores de sempre.\" data-type=\"image\"><br \/>\n                <img decoding=\"async\" class=\"size-large\" src=\"https:\/\/cdn.gcs.gov.mo\/api\/resource\/ibs\/P24FTW9BRR\" title=\"A \u00e1rea de exposi\u00e7\u00e3o e o n\u00famero de expositores do 15.\u00ba F\u00f3rum Internacional sobre o Investimento e Constru\u00e7\u00e3o de Infra-estruturas ser\u00e3o os maiores de sempre.\" alt=\"A \u00e1rea de exposi\u00e7\u00e3o e o n\u00famero de expositores do 15.\u00ba F\u00f3rum Internacional sobre o Investimento e Constru\u00e7\u00e3o de Infra-estruturas ser\u00e3o os maiores de sempre.\" width=\"1024\"><br \/>\n                <\/a><\/p>\n<p class=\"wp-caption-text\">A \u00e1rea de exposi\u00e7\u00e3o e o n\u00famero de expositores do 15.\u00ba F\u00f3rum Internacional sobre o Investimento e Constru\u00e7\u00e3o de Infra-estruturas ser\u00e3o os maiores de sempre.<\/p>\n<\/p><\/div>\n","protected":false},"excerpt":{"rendered":"<p>O 15.&ordm; F&oacute;rum Internacional sobre o Investimento e Constru&ccedil;&atilde;o de Infra-estruturas (IIICF) foi solenemente inaugurado hoje (dia 20). A edi&ccedil;&atilde;o deste ano conta com a [&hellip;]<\/p>\n","protected":false},"author":1,"featured_media":467868,"comment_status":"closed","ping_status":"closed","sticky":false,"template":"","format":"standard","meta":{"_acf_changed":false,"inline_featured_image":false,"advgb_blocks_editor_width":"","advgb_blocks_columns_visual_guide":"","footnotes":""},"categories":[12],"tags":[],"class_list":["post-465748","post","type-post","status-publish","format-standard","has-post-thumbnail","hentry","category-noticias-do-ipim"],"acf":[],"yoast_head":"<!-- This site is optimized with the Yoast SEO plugin v26.2 - https:\/\/yoast.com\/wordpress\/plugins\/seo\/ -->\r\n<title>[2024\/06\/20] [Potencializa\u00e7\u00e3o do papel de plataforma de Macau] Inaugura\u00e7\u00e3o solene do 15.\u00ba F\u00f3rum Internacional sobre o Investimento e Constru\u00e7\u00e3o de Infra-estruturas, com a participa\u00e7\u00e3o de mais de 60 ministros e 3500 convidados | Commerce and Investment Promotion Institute<\/title>\r\n<meta name=\"robots\" content=\"index, follow, max-snippet:-1, max-image-preview:large, max-video-preview:-1\" \/>\r\n<link rel=\"canonical\" href=\"https:\/\/www.ipim.gov.mo\/pt-pt\/noticias-do-ipim\/2024-06-24-potencializacao-do-papel-de-plataforma-de-macau-inauguracao-solene-do-15-o-forum-internacional-sobre-o-investimento-e-construcao-de-infra-estruturas-com-a-participacao-de-mais-de-60-mi\/\" \/>\r\n<meta property=\"og:locale\" content=\"pt_PT\" \/>\r\n<meta property=\"og:type\" content=\"article\" \/>\r\n<meta property=\"og:title\" content=\"[2024\/06\/20] [Potencializa\u00e7\u00e3o do papel de plataforma de Macau] Inaugura\u00e7\u00e3o solene do 15.\u00ba F\u00f3rum Internacional sobre o Investimento e Constru\u00e7\u00e3o de Infra-estruturas, com a participa\u00e7\u00e3o de mais de 60 ministros e 3500 convidados | Commerce and Investment Promotion Institute\" \/>\r\n<meta property=\"og:description\" content=\"O 15.&ordm; F&oacute;rum Internacional sobre o Investimento e Constru&ccedil;&atilde;o de Infra-estruturas (IIICF) foi solenemente inaugurado hoje (dia 20). A edi&ccedil;&atilde;o deste ano conta com a [&hellip;]\" \/>\r\n<meta property=\"og:url\" content=\"https:\/\/www.ipim.gov.mo\/pt-pt\/noticias-do-ipim\/2024-06-24-potencializacao-do-papel-de-plataforma-de-macau-inauguracao-solene-do-15-o-forum-internacional-sobre-o-investimento-e-construcao-de-infra-estruturas-com-a-participacao-de-mais-de-60-mi\/\" \/>\r\n<meta property=\"og:site_name\" content=\"Commerce and Investment Promotion Institute\" \/>\r\n<meta property=\"article:published_time\" content=\"2024-06-20T12:57:00+00:00\" \/>\r\n<meta property=\"og:image\" content=\"https:\/\/www.ipim.gov.mo\/wp-content\/uploads\/2024\/07\/ipim-post-default.jpg\" \/>\r\n\t<meta property=\"og:image:width\" content=\"1024\" \/>\r\n\t<meta property=\"og:image:height\" content=\"768\" \/>\r\n\t<meta property=\"og:image:type\" content=\"image\/jpeg\" \/>\r\n<meta name=\"author\" content=\"admin\" \/>\r\n<meta name=\"twitter:card\" content=\"summary_large_image\" \/>\r\n<meta name=\"twitter:label1\" content=\"Written by\" \/>\n\t<meta name=\"twitter:data1\" content=\"admin\" \/>\n\t<meta name=\"twitter:label2\" content=\"Est. reading time\" \/>\n\t<meta name=\"twitter:data2\" content=\"8 minutes\" \/>\r\n<script type=\"application\/ld+json\" class=\"yoast-schema-graph\">{\"@context\":\"https:\/\/schema.org\",\"@graph\":[{\"@type\":\"WebPage\",\"@id\":\"https:\/\/www.ipim.gov.mo\/pt-pt\/noticias-do-ipim\/2024-06-24-potencializacao-do-papel-de-plataforma-de-macau-inauguracao-solene-do-15-o-forum-internacional-sobre-o-investimento-e-construcao-de-infra-estruturas-com-a-participacao-de-mais-de-60-mi\/\",\"url\":\"https:\/\/www.ipim.gov.mo\/pt-pt\/noticias-do-ipim\/2024-06-24-potencializacao-do-papel-de-plataforma-de-macau-inauguracao-solene-do-15-o-forum-internacional-sobre-o-investimento-e-construcao-de-infra-estruturas-com-a-participacao-de-mais-de-60-mi\/\",\"name\":\"[2024\/06\/20] [Potencializa\u00e7\u00e3o do papel de plataforma de Macau] Inaugura\u00e7\u00e3o solene do 15.\u00ba F\u00f3rum Internacional sobre o Investimento e Constru\u00e7\u00e3o de Infra-estruturas, com a participa\u00e7\u00e3o de mais de 60 ministros e 3500 convidados | Commerce and Investment Promotion Institute\",\"isPartOf\":{\"@id\":\"https:\/\/www.ipim.gov.mo\/zh-hans\/#website\"},\"primaryImageOfPage\":{\"@id\":\"https:\/\/www.ipim.gov.mo\/pt-pt\/noticias-do-ipim\/2024-06-24-potencializacao-do-papel-de-plataforma-de-macau-inauguracao-solene-do-15-o-forum-internacional-sobre-o-investimento-e-construcao-de-infra-estruturas-com-a-participacao-de-mais-de-60-mi\/#primaryimage\"},\"image\":{\"@id\":\"https:\/\/www.ipim.gov.mo\/pt-pt\/noticias-do-ipim\/2024-06-24-potencializacao-do-papel-de-plataforma-de-macau-inauguracao-solene-do-15-o-forum-internacional-sobre-o-investimento-e-construcao-de-infra-estruturas-com-a-participacao-de-mais-de-60-mi\/#primaryimage\"},\"thumbnailUrl\":\"https:\/\/www.ipim.gov.mo\/wp-content\/uploads\/2024\/07\/ipim-post-default.jpg\",\"datePublished\":\"2024-06-20T12:57:00+00:00\",\"breadcrumb\":{\"@id\":\"https:\/\/www.ipim.gov.mo\/pt-pt\/noticias-do-ipim\/2024-06-24-potencializacao-do-papel-de-plataforma-de-macau-inauguracao-solene-do-15-o-forum-internacional-sobre-o-investimento-e-construcao-de-infra-estruturas-com-a-participacao-de-mais-de-60-mi\/#breadcrumb\"},\"inLanguage\":\"pt-PT\",\"potentialAction\":[{\"@type\":\"ReadAction\",\"target\":[\"https:\/\/www.ipim.gov.mo\/pt-pt\/noticias-do-ipim\/2024-06-24-potencializacao-do-papel-de-plataforma-de-macau-inauguracao-solene-do-15-o-forum-internacional-sobre-o-investimento-e-construcao-de-infra-estruturas-com-a-participacao-de-mais-de-60-mi\/\"]}]},{\"@type\":\"ImageObject\",\"inLanguage\":\"pt-PT\",\"@id\":\"https:\/\/www.ipim.gov.mo\/pt-pt\/noticias-do-ipim\/2024-06-24-potencializacao-do-papel-de-plataforma-de-macau-inauguracao-solene-do-15-o-forum-internacional-sobre-o-investimento-e-construcao-de-infra-estruturas-com-a-participacao-de-mais-de-60-mi\/#primaryimage\",\"url\":\"https:\/\/www.ipim.gov.mo\/wp-content\/uploads\/2024\/07\/ipim-post-default.jpg\",\"contentUrl\":\"https:\/\/www.ipim.gov.mo\/wp-content\/uploads\/2024\/07\/ipim-post-default.jpg\",\"width\":1024,\"height\":768},{\"@type\":\"BreadcrumbList\",\"@id\":\"https:\/\/www.ipim.gov.mo\/pt-pt\/noticias-do-ipim\/2024-06-24-potencializacao-do-papel-de-plataforma-de-macau-inauguracao-solene-do-15-o-forum-internacional-sobre-o-investimento-e-construcao-de-infra-estruturas-com-a-participacao-de-mais-de-60-mi\/#breadcrumb\",\"itemListElement\":[{\"@type\":\"ListItem\",\"position\":1,\"name\":\"Home\",\"item\":\"https:\/\/www.ipim.gov.mo\/pt-pt\/\"},{\"@type\":\"ListItem\",\"position\":2,\"name\":\"[2024\/06\/20] [Potencializa\u00e7\u00e3o do papel de plataforma de Macau] Inaugura\u00e7\u00e3o solene do 15.\u00ba F\u00f3rum Internacional sobre o Investimento e Constru\u00e7\u00e3o de Infra-estruturas, com a participa\u00e7\u00e3o de mais de 60 ministros e 3500 convidados\"}]},{\"@type\":\"WebSite\",\"@id\":\"https:\/\/www.ipim.gov.mo\/zh-hans\/#website\",\"url\":\"https:\/\/www.ipim.gov.mo\/zh-hans\/\",\"name\":\"Commerce and Investment Promotion Institute\",\"description\":\"Commerce and Investment Promotion Institute\",\"publisher\":{\"@id\":\"https:\/\/www.ipim.gov.mo\/zh-hans\/#organization\"},\"potentialAction\":[{\"@type\":\"SearchAction\",\"target\":{\"@type\":\"EntryPoint\",\"urlTemplate\":\"https:\/\/www.ipim.gov.mo\/zh-hans\/?s={search_term_string}\"},\"query-input\":{\"@type\":\"PropertyValueSpecification\",\"valueRequired\":true,\"valueName\":\"search_term_string\"}}],\"inLanguage\":\"pt-PT\"},{\"@type\":\"Organization\",\"@id\":\"https:\/\/www.ipim.gov.mo\/zh-hans\/#organization\",\"name\":\"IPIM\",\"url\":\"https:\/\/www.ipim.gov.mo\/zh-hans\/\",\"logo\":{\"@type\":\"ImageObject\",\"inLanguage\":\"pt-PT\",\"@id\":\"https:\/\/www.ipim.gov.mo\/zh-hans\/#\/schema\/logo\/image\/\",\"url\":\"https:\/\/www.ipim.gov.mo\/wp-content\/uploads\/2022\/10\/default-post-thumbnail-ipim-logo.png\",\"contentUrl\":\"https:\/\/www.ipim.gov.mo\/wp-content\/uploads\/2022\/10\/default-post-thumbnail-ipim-logo.png\",\"width\":1024,\"height\":768,\"caption\":\"IPIM\"},\"image\":{\"@id\":\"https:\/\/www.ipim.gov.mo\/zh-hans\/#\/schema\/logo\/image\/\"}}]}<\/script>\r\n<!-- \/ Yoast SEO plugin. -->","yoast_head_json":{"title":"[2024\/06\/20] [Potencializa\u00e7\u00e3o do papel de plataforma de Macau] Inaugura\u00e7\u00e3o solene do 15.\u00ba F\u00f3rum Internacional sobre o Investimento e Constru\u00e7\u00e3o de Infra-estruturas, com a participa\u00e7\u00e3o de mais de 60 ministros e 3500 convidados | Commerce and Investment Promotion Institute","robots":{"index":"index","follow":"follow","max-snippet":"max-snippet:-1","max-image-preview":"max-image-preview:large","max-video-preview":"max-video-preview:-1"},"canonical":"https:\/\/www.ipim.gov.mo\/pt-pt\/noticias-do-ipim\/2024-06-24-potencializacao-do-papel-de-plataforma-de-macau-inauguracao-solene-do-15-o-forum-internacional-sobre-o-investimento-e-construcao-de-infra-estruturas-com-a-participacao-de-mais-de-60-mi\/","og_locale":"pt_PT","og_type":"article","og_title":"[2024\/06\/20] [Potencializa\u00e7\u00e3o do papel de plataforma de Macau] Inaugura\u00e7\u00e3o solene do 15.\u00ba F\u00f3rum Internacional sobre o Investimento e Constru\u00e7\u00e3o de Infra-estruturas, com a participa\u00e7\u00e3o de mais de 60 ministros e 3500 convidados | Commerce and Investment Promotion Institute","og_description":"O 15.&ordm; F&oacute;rum Internacional sobre o Investimento e Constru&ccedil;&atilde;o de Infra-estruturas (IIICF) foi solenemente inaugurado hoje (dia 20). A edi&ccedil;&atilde;o deste ano conta com a [&hellip;]","og_url":"https:\/\/www.ipim.gov.mo\/pt-pt\/noticias-do-ipim\/2024-06-24-potencializacao-do-papel-de-plataforma-de-macau-inauguracao-solene-do-15-o-forum-internacional-sobre-o-investimento-e-construcao-de-infra-estruturas-com-a-participacao-de-mais-de-60-mi\/","og_site_name":"Commerce and Investment Promotion Institute","article_published_time":"2024-06-20T12:57:00+00:00","og_image":[{"width":1024,"height":768,"url":"https:\/\/www.ipim.gov.mo\/wp-content\/uploads\/2024\/07\/ipim-post-default.jpg","type":"image\/jpeg"}],"author":"admin","twitter_card":"summary_large_image","twitter_misc":{"Written by":"admin","Est. reading time":"8 minutes"},"schema":{"@context":"https:\/\/schema.org","@graph":[{"@type":"WebPage","@id":"https:\/\/www.ipim.gov.mo\/pt-pt\/noticias-do-ipim\/2024-06-24-potencializacao-do-papel-de-plataforma-de-macau-inauguracao-solene-do-15-o-forum-internacional-sobre-o-investimento-e-construcao-de-infra-estruturas-com-a-participacao-de-mais-de-60-mi\/","url":"https:\/\/www.ipim.gov.mo\/pt-pt\/noticias-do-ipim\/2024-06-24-potencializacao-do-papel-de-plataforma-de-macau-inauguracao-solene-do-15-o-forum-internacional-sobre-o-investimento-e-construcao-de-infra-estruturas-com-a-participacao-de-mais-de-60-mi\/","name":"[2024\/06\/20] [Potencializa\u00e7\u00e3o do papel de plataforma de Macau] Inaugura\u00e7\u00e3o solene do 15.\u00ba F\u00f3rum Internacional sobre o Investimento e Constru\u00e7\u00e3o de Infra-estruturas, com a participa\u00e7\u00e3o de mais de 60 ministros e 3500 convidados | Commerce and Investment Promotion Institute","isPartOf":{"@id":"https:\/\/www.ipim.gov.mo\/zh-hans\/#website"},"primaryImageOfPage":{"@id":"https:\/\/www.ipim.gov.mo\/pt-pt\/noticias-do-ipim\/2024-06-24-potencializacao-do-papel-de-plataforma-de-macau-inauguracao-solene-do-15-o-forum-internacional-sobre-o-investimento-e-construcao-de-infra-estruturas-com-a-participacao-de-mais-de-60-mi\/#primaryimage"},"image":{"@id":"https:\/\/www.ipim.gov.mo\/pt-pt\/noticias-do-ipim\/2024-06-24-potencializacao-do-papel-de-plataforma-de-macau-inauguracao-solene-do-15-o-forum-internacional-sobre-o-investimento-e-construcao-de-infra-estruturas-com-a-participacao-de-mais-de-60-mi\/#primaryimage"},"thumbnailUrl":"https:\/\/www.ipim.gov.mo\/wp-content\/uploads\/2024\/07\/ipim-post-default.jpg","datePublished":"2024-06-20T12:57:00+00:00","breadcrumb":{"@id":"https:\/\/www.ipim.gov.mo\/pt-pt\/noticias-do-ipim\/2024-06-24-potencializacao-do-papel-de-plataforma-de-macau-inauguracao-solene-do-15-o-forum-internacional-sobre-o-investimento-e-construcao-de-infra-estruturas-com-a-participacao-de-mais-de-60-mi\/#breadcrumb"},"inLanguage":"pt-PT","potentialAction":[{"@type":"ReadAction","target":["https:\/\/www.ipim.gov.mo\/pt-pt\/noticias-do-ipim\/2024-06-24-potencializacao-do-papel-de-plataforma-de-macau-inauguracao-solene-do-15-o-forum-internacional-sobre-o-investimento-e-construcao-de-infra-estruturas-com-a-participacao-de-mais-de-60-mi\/"]}]},{"@type":"ImageObject","inLanguage":"pt-PT","@id":"https:\/\/www.ipim.gov.mo\/pt-pt\/noticias-do-ipim\/2024-06-24-potencializacao-do-papel-de-plataforma-de-macau-inauguracao-solene-do-15-o-forum-internacional-sobre-o-investimento-e-construcao-de-infra-estruturas-com-a-participacao-de-mais-de-60-mi\/#primaryimage","url":"https:\/\/www.ipim.gov.mo\/wp-content\/uploads\/2024\/07\/ipim-post-default.jpg","contentUrl":"https:\/\/www.ipim.gov.mo\/wp-content\/uploads\/2024\/07\/ipim-post-default.jpg","width":1024,"height":768},{"@type":"BreadcrumbList","@id":"https:\/\/www.ipim.gov.mo\/pt-pt\/noticias-do-ipim\/2024-06-24-potencializacao-do-papel-de-plataforma-de-macau-inauguracao-solene-do-15-o-forum-internacional-sobre-o-investimento-e-construcao-de-infra-estruturas-com-a-participacao-de-mais-de-60-mi\/#breadcrumb","itemListElement":[{"@type":"ListItem","position":1,"name":"Home","item":"https:\/\/www.ipim.gov.mo\/pt-pt\/"},{"@type":"ListItem","position":2,"name":"[2024\/06\/20] [Potencializa\u00e7\u00e3o do papel de plataforma de Macau] Inaugura\u00e7\u00e3o solene do 15.\u00ba F\u00f3rum Internacional sobre o Investimento e Constru\u00e7\u00e3o de Infra-estruturas, com a participa\u00e7\u00e3o de mais de 60 ministros e 3500 convidados"}]},{"@type":"WebSite","@id":"https:\/\/www.ipim.gov.mo\/zh-hans\/#website","url":"https:\/\/www.ipim.gov.mo\/zh-hans\/","name":"Commerce and Investment Promotion Institute","description":"Commerce and Investment Promotion Institute","publisher":{"@id":"https:\/\/www.ipim.gov.mo\/zh-hans\/#organization"},"potentialAction":[{"@type":"SearchAction","target":{"@type":"EntryPoint","urlTemplate":"https:\/\/www.ipim.gov.mo\/zh-hans\/?s={search_term_string}"},"query-input":{"@type":"PropertyValueSpecification","valueRequired":true,"valueName":"search_term_string"}}],"inLanguage":"pt-PT"},{"@type":"Organization","@id":"https:\/\/www.ipim.gov.mo\/zh-hans\/#organization","name":"IPIM","url":"https:\/\/www.ipim.gov.mo\/zh-hans\/","logo":{"@type":"ImageObject","inLanguage":"pt-PT","@id":"https:\/\/www.ipim.gov.mo\/zh-hans\/#\/schema\/logo\/image\/","url":"https:\/\/www.ipim.gov.mo\/wp-content\/uploads\/2022\/10\/default-post-thumbnail-ipim-logo.png","contentUrl":"https:\/\/www.ipim.gov.mo\/wp-content\/uploads\/2022\/10\/default-post-thumbnail-ipim-logo.png","width":1024,"height":768,"caption":"IPIM"},"image":{"@id":"https:\/\/www.ipim.gov.mo\/zh-hans\/#\/schema\/logo\/image\/"}}]}},"author_meta":{"display_name":"admin","author_link":"https:\/\/www.ipim.gov.mo\/pt-pt\/author\/admin\/"},"featured_img":"https:\/\/www.ipim.gov.mo\/wp-content\/uploads\/2024\/07\/ipim-post-default-300x225.jpg","coauthors":[],"tax_additional":{"categories":{"linked":["<a href=\"https:\/\/www.ipim.gov.mo\/pt-pt\/category\/noticias-do-ipim\/\" class=\"advgb-post-tax-term\">Not\u00edcias do IPIM<\/a>"],"unlinked":["<span class=\"advgb-post-tax-term\">Not\u00edcias do IPIM<\/span>"]}},"comment_count":"0","relative_dates":{"created":"Posted 2 years ago","modified":"Updated 2 years ago"},"absolute_dates":{"created":"Posted on Junho 20, 2024","modified":"Updated on Junho 20, 2024"},"absolute_dates_time":{"created":"Posted on Junho 20, 2024 8:57 pm","modified":"Updated on Junho 20, 2024 8:57 pm"},"featured_img_caption":"","series_order":"","_links":{"self":[{"href":"https:\/\/www.ipim.gov.mo\/pt-pt\/wp-json\/wp\/v2\/posts\/465748","targetHints":{"allow":["GET"]}}],"collection":[{"href":"https:\/\/www.ipim.gov.mo\/pt-pt\/wp-json\/wp\/v2\/posts"}],"about":[{"href":"https:\/\/www.ipim.gov.mo\/pt-pt\/wp-json\/wp\/v2\/types\/post"}],"author":[{"embeddable":true,"href":"https:\/\/www.ipim.gov.mo\/pt-pt\/wp-json\/wp\/v2\/users\/1"}],"replies":[{"embeddable":true,"href":"https:\/\/www.ipim.gov.mo\/pt-pt\/wp-json\/wp\/v2\/comments?post=465748"}],"version-history":[{"count":0,"href":"https:\/\/www.ipim.gov.mo\/pt-pt\/wp-json\/wp\/v2\/posts\/465748\/revisions"}],"wp:featuredmedia":[{"embeddable":true,"href":"https:\/\/www.ipim.gov.mo\/pt-pt\/wp-json\/wp\/v2\/media\/467868"}],"wp:attachment":[{"href":"https:\/\/www.ipim.gov.mo\/pt-pt\/wp-json\/wp\/v2\/media?parent=465748"}],"wp:term":[{"taxonomy":"category","embeddable":true,"href":"https:\/\/www.ipim.gov.mo\/pt-pt\/wp-json\/wp\/v2\/categories?post=465748"},{"taxonomy":"post_tag","embeddable":true,"href":"https:\/\/www.ipim.gov.mo\/pt-pt\/wp-json\/wp\/v2\/tags?post=465748"}],"curies":[{"name":"wp","href":"https:\/\/api.w.org\/{rel}","templated":true}]}}