{"id":451805,"date":"2024-02-14T10:30:00","date_gmt":"2024-02-14T02:30:00","guid":{"rendered":"https:\/\/www.ipim.gov.mo\/noticias-do-ipim\/2024-02-14-uniao-de-forcas-sob-a-estrategia-14-macau-acolhe-no-primeiro-trimestre-a-conferencia-profissional-a-nivel-internacional-no-ambito-das-convencoes-e-exposicoes-e-o-even\/"},"modified":"2024-02-14T10:30:00","modified_gmt":"2024-02-14T02:30:00","slug":"2024-02-14-uniao-de-forcas-sob-a-estrategia-14-macau-acolhe-no-primeiro-trimestre-a-conferencia-profissional-a-nivel-internacional-no-ambito-das-convencoes-e-exposicoes-e-o-even","status":"publish","type":"post","link":"https:\/\/www.ipim.gov.mo\/pt-pt\/noticias-do-ipim\/2024-02-14-uniao-de-forcas-sob-a-estrategia-14-macau-acolhe-no-primeiro-trimestre-a-conferencia-profissional-a-nivel-internacional-no-ambito-das-convencoes-e-exposicoes-e-o-even\/","title":{"rendered":"[2024\/02\/14] [Uni\u00e3o de for\u00e7as sob a estrat\u00e9gia \u201c1+4\u201d] Macau acolhe no primeiro trimestre a confer\u00eancia profissional a n\u00edvel internacional no \u00e2mbito das conven\u00e7\u00f5es e exposi\u00e7\u00f5es e o evento com novo tema no \u00e2mbito de \u201cdesporto + com\u00e9rcio\u201d"},"content":{"rendered":"<p style=\"text-align:justify\">Dando continuidade &agrave; excelente tend&ecirc;ncia de recupera&ccedil;&atilde;o econ&oacute;mica registada em 2023, Macau ir&aacute; acolher, durante o primeiro trimestre de 2024, uma confer&ecirc;ncia profissional com elevado prest&iacute;gio a n&iacute;vel internacional no &acirc;mbito das conven&ccedil;&otilde;es e exposi&ccedil;&otilde;es e um evento com um novo tema relacionado com o sector de desporto. De acordo com os dados recolhidos pelo Servi&ccedil;o \u201cOne-Stop\u201d para Licita&ccedil;&atilde;o e Apoio em Macau de Conven&ccedil;&otilde;es e Exposi&ccedil;&otilde;es, o Instituto de Promo&ccedil;&atilde;o do Com&eacute;rcio e do Investimento de Macau (IPIM) est&aacute; a acompanhar, neste momento, cerca de 20 actividades de conven&ccedil;&otilde;es e exposi&ccedil;&otilde;es a serem realizadas no primeiro trimestre, prevendo-se a presen&ccedil;a de praticamente 33 mil visitantes e participantes. Enquanto uma das quatro ind&uacute;strias principais a ser prioritariamente desenvolvidas, o sector de conven&ccedil;&otilde;es e exposi&ccedil;&otilde;es procura assumir activamente o papel de plataforma para promover e garantir o desenvolvimento das ind&uacute;strias \u201c1+4\u201d.<\/p>\n<p style=\"text-align:justify\"><strong>Concretiza&ccedil;&atilde;o de projectos de conven&ccedil;&otilde;es e exposi&ccedil;&otilde;es de qualidade consolida o modelo \u201cind&uacute;strias + conven&ccedil;&otilde;es e exposi&ccedil;&otilde;es\u201d<\/strong><\/p>\n<p style=\"text-align:justify\">Entre as diversas actividades de conven&ccedil;&otilde;es e exposi&ccedil;&otilde;es agendadas para o primeiro trimestre, destaca-se a realiza&ccedil;&atilde;o, pela primeira vez em Macau, de um evento com um novo tema no &acirc;mbito de \u201cdesporto + com&eacute;rcio\u201d, contando com a presen&ccedil;a de gestores de alto n&iacute;vel e especialistas no &acirc;mbito de desportivo provenientes de diferentes partes do globo.<\/p>\n<p style=\"text-align:justify\">A Confer&ecirc;ncia &Aacute;sia Pac&iacute;fico da UFI, que teve sucesso na licita&ccedil;&atilde;o em Macau no ano passado, ter&aacute; lugar em Mar&ccedil;o do corrente ano. A ocasi&atilde;o, enquanto uma confer&ecirc;ncia profissional com elevado prest&iacute;gio a n&iacute;vel internacional no &acirc;mbito das conven&ccedil;&otilde;es e exposi&ccedil;&otilde;es, ir&aacute; reunir, no territ&oacute;rio, figuras l&iacute;deres do sector de todo o mundo, para discutir sobre t&oacute;picos populares relacionados com conven&ccedil;&otilde;es e exposi&ccedil;&otilde;es e oportunidades de neg&oacute;cio da regi&atilde;o &Aacute;sia-Pac&iacute;fico. No fim do mesmo m&ecirc;s, ter&aacute; tamb&eacute;m lugar o \u201cF&oacute;rum e Exposi&ccedil;&atilde;o Internacional de Coopera&ccedil;&atilde;o Ambiental de Macau 2024\u201d (2024MIECF), organizado pelo Governo da Regi&atilde;o Administrativa Especial de Macau.<\/p>\n<p style=\"text-align:justify\"><strong>Alargamento do impacto das conven&ccedil;&otilde;es e exposi&ccedil;&otilde;es para maximizar os seus efeitos dinamizadores no consumo<\/strong><\/p>\n<p style=\"text-align:justify\">Com realiza&ccedil;&atilde;o de v&aacute;rias conven&ccedil;&otilde;es e exposi&ccedil;&otilde;es conceituadas em Macau, prev&ecirc;-se que ir&aacute; trazer fluxos cont&iacute;nuos de mercadorias, visitantes, capitais neg&oacute;cios e informa&ccedil;&otilde;es. Al&eacute;m disso, os comerciantes participantes ser&atilde;o guiados aos nos bairros comunit&aacute;rios locais durante a estadia em Macau, por forma a aumentar o alcance do impacto ben&eacute;fico das conven&ccedil;&otilde;es e exposi&ccedil;&otilde;es, proporcionando oportunidades de neg&oacute;cio ao com&eacute;rcio comunit&aacute;rio e estimulando o desenvolvimento das pequenas e m&eacute;dias empresas da &aacute;rea e dos arredores.<\/p>\n<p style=\"text-align:justify\">Em adi&ccedil;&atilde;o, o IPIM, em colabora&ccedil;&atilde;o com associa&ccedil;&otilde;es comerciais de conven&ccedil;&otilde;es e exposi&ccedil;&otilde;es e empresas de complexos tur&iacute;sticos e de lazer, estabeleceu o \u201cgrupo de trabalho de apoio &agrave; licita&ccedil;&atilde;o de conven&ccedil;&otilde;es e exposi&ccedil;&otilde;es\u201d. Trata-se de um mecanismo cooperativo que visa assegurar um contacto e uma comunica&ccedil;&atilde;o estreitos com o sector, para que este esteja a par das linhas de ac&ccedil;&atilde;o governativa em vigor. Al&eacute;m disso, o mecanismo tamb&eacute;m garante um melhor planeamento dos trabalhos de naturezas diversas, nomeadamente atrair e apostar em conjunto nas actividades de conven&ccedil;&otilde;es e exposi&ccedil;&otilde;es tem&aacute;ticas de prest&iacute;gio internacional ou regional em Macau, em particular nas que est&atilde;o relacionadas com as quatro principais ind&uacute;strias; refor&ccedil;ar a sinergia da ind&uacute;stria de conven&ccedil;&otilde;es e exposi&ccedil;&otilde;es com outras principais ind&uacute;strias; encorajar o sector local a aderir a organismos internacionais e a expandir a sua rede de contactos profissionais; e fazer avan&ccedil;ar os trabalhos destinados &agrave; profissionaliza&ccedil;&atilde;o, comercializa&ccedil;&atilde;o e internacionaliza&ccedil;&atilde;o do sector de conven&ccedil;&otilde;es e exposi&ccedil;&otilde;es.<\/p>\n<p style=\"text-align:justify\">Para acompanhar o desenvolvimento do sector de conven&ccedil;&otilde;es e exposi&ccedil;&otilde;es, v&aacute;rias empresas de complexos tur&iacute;sticos e de lazer de Macau t&ecirc;m planos em expandir e renovar, em 2024, as suas instala&ccedil;&otilde;es para conven&ccedil;&otilde;es e exposi&ccedil;&otilde;es, assim como as infra-estruturas de apoio.<\/p>\n<div class=\"wp-caption alignnone\">\n                <a href=\"https:\/\/www.gcs.gov.mo\/news\/p\/P24BMERyA1\/l\" data-component=\"Popup\" data-fancybox=\"gallery\" data-caption=\"O efeito dinamizador de \u201cconven\u00e7\u00f5es e exposi\u00e7\u00f5es + turismo\u201d pode contribuir para o desenvolvimento das pequenas e m\u00e9dias empresas dos bairros comunit\u00e1rios e dos arredores\" data-type=\"image\"><br \/>\n                <img decoding=\"async\" class=\"size-large\" src=\"https:\/\/www.gcs.gov.mo\/news\/p\/P24BMERyA1\/l\" title=\"O efeito dinamizador de \u201cconven\u00e7\u00f5es e exposi\u00e7\u00f5es + turismo\u201d pode contribuir para o desenvolvimento das pequenas e m\u00e9dias empresas dos bairros comunit\u00e1rios e dos arredores\" alt=\"O efeito dinamizador de \u201cconven\u00e7\u00f5es e exposi\u00e7\u00f5es + turismo\u201d pode contribuir para o desenvolvimento das pequenas e m\u00e9dias empresas dos bairros comunit\u00e1rios e dos arredores\" width=\"1024\"><br \/>\n                <\/a><\/p>\n<p class=\"wp-caption-text\">O efeito dinamizador de \u201cconven\u00e7\u00f5es e exposi\u00e7\u00f5es + turismo\u201d pode contribuir para o desenvolvimento das pequenas e m\u00e9dias empresas dos bairros comunit\u00e1rios e dos arredores<\/p>\n<\/p><\/div>\n<div class=\"wp-caption alignnone\">\n                <a href=\"https:\/\/www.gcs.gov.mo\/news\/p\/P24BMY8N9q\/l\" data-component=\"Popup\" data-fancybox=\"gallery\" data-caption=\"O ano de 2023 testemunhou a realiza\u00e7\u00e3o de v\u00e1rias actividades de conven\u00e7\u00f5es e exposi\u00e7\u00f5es de temas novos em Macau\" data-type=\"image\"><br \/>\n                <img decoding=\"async\" class=\"size-large\" src=\"https:\/\/www.gcs.gov.mo\/news\/p\/P24BMY8N9q\/l\" title=\"O ano de 2023 testemunhou a realiza\u00e7\u00e3o de v\u00e1rias actividades de conven\u00e7\u00f5es e exposi\u00e7\u00f5es de temas novos em Macau\" alt=\"O ano de 2023 testemunhou a realiza\u00e7\u00e3o de v\u00e1rias actividades de conven\u00e7\u00f5es e exposi\u00e7\u00f5es de temas novos em Macau\" width=\"1024\"><br \/>\n                <\/a><\/p>\n<p class=\"wp-caption-text\">O ano de 2023 testemunhou a realiza\u00e7\u00e3o de v\u00e1rias actividades de conven\u00e7\u00f5es e exposi\u00e7\u00f5es de temas novos em Macau<\/p>\n<\/p><\/div>\n<div class=\"wp-caption alignnone\">\n                <a href=\"https:\/\/www.gcs.gov.mo\/news\/p\/P24BMo4fZS\/l\" data-component=\"Popup\" data-fancybox=\"gallery\" data-caption=\"O \u201cgrupo de trabalho de apoio \u00e0 licita\u00e7\u00e3o de conven\u00e7\u00f5es e exposi\u00e7\u00f5es\u201d em reuni\u00e3o de trabalho\" data-type=\"image\"><br \/>\n                <img decoding=\"async\" class=\"size-large\" src=\"https:\/\/www.gcs.gov.mo\/news\/p\/P24BMo4fZS\/l\" title=\"O \u201cgrupo de trabalho de apoio \u00e0 licita\u00e7\u00e3o de conven\u00e7\u00f5es e exposi\u00e7\u00f5es\u201d em reuni\u00e3o de trabalho\" alt=\"O \u201cgrupo de trabalho de apoio \u00e0 licita\u00e7\u00e3o de conven\u00e7\u00f5es e exposi\u00e7\u00f5es\u201d em reuni\u00e3o de trabalho\" width=\"1024\"><br \/>\n                <\/a><\/p>\n<p class=\"wp-caption-text\">O \u201cgrupo de trabalho de apoio \u00e0 licita\u00e7\u00e3o de conven\u00e7\u00f5es e exposi\u00e7\u00f5es\u201d em reuni\u00e3o de trabalho<\/p>\n<\/p><\/div>\n","protected":false},"excerpt":{"rendered":"<p>Dando continuidade &agrave; excelente tend&ecirc;ncia de recupera&ccedil;&atilde;o econ&oacute;mica registada em 2023, Macau ir&aacute; acolher, durante o primeiro trimestre de 2024, uma confer&ecirc;ncia profissional com elevado [&hellip;]<\/p>\n","protected":false},"author":1,"featured_media":467868,"comment_status":"closed","ping_status":"closed","sticky":false,"template":"","format":"standard","meta":{"_acf_changed":false,"inline_featured_image":false,"advgb_blocks_editor_width":"","advgb_blocks_columns_visual_guide":"","footnotes":""},"categories":[12],"tags":[],"class_list":["post-451805","post","type-post","status-publish","format-standard","has-post-thumbnail","hentry","category-noticias-do-ipim"],"acf":[],"yoast_head":"<!-- This site is optimized with the Yoast SEO plugin v26.2 - https:\/\/yoast.com\/wordpress\/plugins\/seo\/ -->\r\n<title>[2024\/02\/14] [Uni\u00e3o de for\u00e7as sob a estrat\u00e9gia \u201c1+4\u201d] Macau acolhe no primeiro trimestre a confer\u00eancia profissional a n\u00edvel internacional no \u00e2mbito das conven\u00e7\u00f5es e exposi\u00e7\u00f5es e o evento com novo tema no \u00e2mbito de \u201cdesporto + com\u00e9rcio\u201d | Commerce and Investment Promotion Institute<\/title>\r\n<meta name=\"robots\" content=\"index, follow, max-snippet:-1, max-image-preview:large, max-video-preview:-1\" \/>\r\n<link rel=\"canonical\" href=\"https:\/\/www.ipim.gov.mo\/pt-pt\/noticias-do-ipim\/2024-02-14-uniao-de-forcas-sob-a-estrategia-14-macau-acolhe-no-primeiro-trimestre-a-conferencia-profissional-a-nivel-internacional-no-ambito-das-convencoes-e-exposicoes-e-o-even\/\" \/>\r\n<meta property=\"og:locale\" content=\"pt_PT\" \/>\r\n<meta property=\"og:type\" content=\"article\" \/>\r\n<meta property=\"og:title\" content=\"[2024\/02\/14] [Uni\u00e3o de for\u00e7as sob a estrat\u00e9gia \u201c1+4\u201d] Macau acolhe no primeiro trimestre a confer\u00eancia profissional a n\u00edvel internacional no \u00e2mbito das conven\u00e7\u00f5es e exposi\u00e7\u00f5es e o evento com novo tema no \u00e2mbito de \u201cdesporto + com\u00e9rcio\u201d | Commerce and Investment Promotion Institute\" \/>\r\n<meta property=\"og:description\" content=\"Dando continuidade &agrave; excelente tend&ecirc;ncia de recupera&ccedil;&atilde;o econ&oacute;mica registada em 2023, Macau ir&aacute; acolher, durante o primeiro trimestre de 2024, uma confer&ecirc;ncia profissional com elevado [&hellip;]\" \/>\r\n<meta property=\"og:url\" content=\"https:\/\/www.ipim.gov.mo\/pt-pt\/noticias-do-ipim\/2024-02-14-uniao-de-forcas-sob-a-estrategia-14-macau-acolhe-no-primeiro-trimestre-a-conferencia-profissional-a-nivel-internacional-no-ambito-das-convencoes-e-exposicoes-e-o-even\/\" \/>\r\n<meta property=\"og:site_name\" content=\"Commerce and Investment Promotion Institute\" \/>\r\n<meta property=\"article:published_time\" content=\"2024-02-14T02:30:00+00:00\" \/>\r\n<meta property=\"og:image\" content=\"https:\/\/www.ipim.gov.mo\/wp-content\/uploads\/2024\/07\/ipim-post-default.jpg\" \/>\r\n\t<meta property=\"og:image:width\" content=\"1024\" \/>\r\n\t<meta property=\"og:image:height\" content=\"768\" \/>\r\n\t<meta property=\"og:image:type\" content=\"image\/jpeg\" \/>\r\n<meta name=\"author\" content=\"admin\" \/>\r\n<meta name=\"twitter:card\" content=\"summary_large_image\" \/>\r\n<meta name=\"twitter:label1\" content=\"Written by\" \/>\n\t<meta name=\"twitter:data1\" content=\"admin\" \/>\n\t<meta name=\"twitter:label2\" content=\"Est. reading time\" \/>\n\t<meta name=\"twitter:data2\" content=\"5 minutes\" \/>\r\n<script type=\"application\/ld+json\" class=\"yoast-schema-graph\">{\"@context\":\"https:\/\/schema.org\",\"@graph\":[{\"@type\":\"WebPage\",\"@id\":\"https:\/\/www.ipim.gov.mo\/pt-pt\/noticias-do-ipim\/2024-02-14-uniao-de-forcas-sob-a-estrategia-14-macau-acolhe-no-primeiro-trimestre-a-conferencia-profissional-a-nivel-internacional-no-ambito-das-convencoes-e-exposicoes-e-o-even\/\",\"url\":\"https:\/\/www.ipim.gov.mo\/pt-pt\/noticias-do-ipim\/2024-02-14-uniao-de-forcas-sob-a-estrategia-14-macau-acolhe-no-primeiro-trimestre-a-conferencia-profissional-a-nivel-internacional-no-ambito-das-convencoes-e-exposicoes-e-o-even\/\",\"name\":\"[2024\/02\/14] [Uni\u00e3o de for\u00e7as sob a estrat\u00e9gia \u201c1+4\u201d] Macau acolhe no primeiro trimestre a confer\u00eancia profissional a n\u00edvel internacional no \u00e2mbito das conven\u00e7\u00f5es e exposi\u00e7\u00f5es e o evento com novo tema no \u00e2mbito de \u201cdesporto + com\u00e9rcio\u201d | Commerce and Investment Promotion Institute\",\"isPartOf\":{\"@id\":\"https:\/\/www.ipim.gov.mo\/zh-hans\/#website\"},\"primaryImageOfPage\":{\"@id\":\"https:\/\/www.ipim.gov.mo\/pt-pt\/noticias-do-ipim\/2024-02-14-uniao-de-forcas-sob-a-estrategia-14-macau-acolhe-no-primeiro-trimestre-a-conferencia-profissional-a-nivel-internacional-no-ambito-das-convencoes-e-exposicoes-e-o-even\/#primaryimage\"},\"image\":{\"@id\":\"https:\/\/www.ipim.gov.mo\/pt-pt\/noticias-do-ipim\/2024-02-14-uniao-de-forcas-sob-a-estrategia-14-macau-acolhe-no-primeiro-trimestre-a-conferencia-profissional-a-nivel-internacional-no-ambito-das-convencoes-e-exposicoes-e-o-even\/#primaryimage\"},\"thumbnailUrl\":\"https:\/\/www.ipim.gov.mo\/wp-content\/uploads\/2024\/07\/ipim-post-default.jpg\",\"datePublished\":\"2024-02-14T02:30:00+00:00\",\"breadcrumb\":{\"@id\":\"https:\/\/www.ipim.gov.mo\/pt-pt\/noticias-do-ipim\/2024-02-14-uniao-de-forcas-sob-a-estrategia-14-macau-acolhe-no-primeiro-trimestre-a-conferencia-profissional-a-nivel-internacional-no-ambito-das-convencoes-e-exposicoes-e-o-even\/#breadcrumb\"},\"inLanguage\":\"pt-PT\",\"potentialAction\":[{\"@type\":\"ReadAction\",\"target\":[\"https:\/\/www.ipim.gov.mo\/pt-pt\/noticias-do-ipim\/2024-02-14-uniao-de-forcas-sob-a-estrategia-14-macau-acolhe-no-primeiro-trimestre-a-conferencia-profissional-a-nivel-internacional-no-ambito-das-convencoes-e-exposicoes-e-o-even\/\"]}]},{\"@type\":\"ImageObject\",\"inLanguage\":\"pt-PT\",\"@id\":\"https:\/\/www.ipim.gov.mo\/pt-pt\/noticias-do-ipim\/2024-02-14-uniao-de-forcas-sob-a-estrategia-14-macau-acolhe-no-primeiro-trimestre-a-conferencia-profissional-a-nivel-internacional-no-ambito-das-convencoes-e-exposicoes-e-o-even\/#primaryimage\",\"url\":\"https:\/\/www.ipim.gov.mo\/wp-content\/uploads\/2024\/07\/ipim-post-default.jpg\",\"contentUrl\":\"https:\/\/www.ipim.gov.mo\/wp-content\/uploads\/2024\/07\/ipim-post-default.jpg\",\"width\":1024,\"height\":768},{\"@type\":\"BreadcrumbList\",\"@id\":\"https:\/\/www.ipim.gov.mo\/pt-pt\/noticias-do-ipim\/2024-02-14-uniao-de-forcas-sob-a-estrategia-14-macau-acolhe-no-primeiro-trimestre-a-conferencia-profissional-a-nivel-internacional-no-ambito-das-convencoes-e-exposicoes-e-o-even\/#breadcrumb\",\"itemListElement\":[{\"@type\":\"ListItem\",\"position\":1,\"name\":\"Home\",\"item\":\"https:\/\/www.ipim.gov.mo\/pt-pt\/\"},{\"@type\":\"ListItem\",\"position\":2,\"name\":\"[2024\/02\/14] [Uni\u00e3o de for\u00e7as sob a estrat\u00e9gia \u201c1+4\u201d] Macau acolhe no primeiro trimestre a confer\u00eancia profissional a n\u00edvel internacional no \u00e2mbito das conven\u00e7\u00f5es e exposi\u00e7\u00f5es e o evento com novo tema no \u00e2mbito de \u201cdesporto + com\u00e9rcio\u201d\"}]},{\"@type\":\"WebSite\",\"@id\":\"https:\/\/www.ipim.gov.mo\/zh-hans\/#website\",\"url\":\"https:\/\/www.ipim.gov.mo\/zh-hans\/\",\"name\":\"Commerce and Investment Promotion Institute\",\"description\":\"Commerce and Investment Promotion Institute\",\"publisher\":{\"@id\":\"https:\/\/www.ipim.gov.mo\/zh-hans\/#organization\"},\"potentialAction\":[{\"@type\":\"SearchAction\",\"target\":{\"@type\":\"EntryPoint\",\"urlTemplate\":\"https:\/\/www.ipim.gov.mo\/zh-hans\/?s={search_term_string}\"},\"query-input\":{\"@type\":\"PropertyValueSpecification\",\"valueRequired\":true,\"valueName\":\"search_term_string\"}}],\"inLanguage\":\"pt-PT\"},{\"@type\":\"Organization\",\"@id\":\"https:\/\/www.ipim.gov.mo\/zh-hans\/#organization\",\"name\":\"IPIM\",\"url\":\"https:\/\/www.ipim.gov.mo\/zh-hans\/\",\"logo\":{\"@type\":\"ImageObject\",\"inLanguage\":\"pt-PT\",\"@id\":\"https:\/\/www.ipim.gov.mo\/zh-hans\/#\/schema\/logo\/image\/\",\"url\":\"https:\/\/www.ipim.gov.mo\/wp-content\/uploads\/2022\/10\/default-post-thumbnail-ipim-logo.png\",\"contentUrl\":\"https:\/\/www.ipim.gov.mo\/wp-content\/uploads\/2022\/10\/default-post-thumbnail-ipim-logo.png\",\"width\":1024,\"height\":768,\"caption\":\"IPIM\"},\"image\":{\"@id\":\"https:\/\/www.ipim.gov.mo\/zh-hans\/#\/schema\/logo\/image\/\"}}]}<\/script>\r\n<!-- \/ Yoast SEO plugin. -->","yoast_head_json":{"title":"[2024\/02\/14] [Uni\u00e3o de for\u00e7as sob a estrat\u00e9gia \u201c1+4\u201d] Macau acolhe no primeiro trimestre a confer\u00eancia profissional a n\u00edvel internacional no \u00e2mbito das conven\u00e7\u00f5es e exposi\u00e7\u00f5es e o evento com novo tema no \u00e2mbito de \u201cdesporto + com\u00e9rcio\u201d | Commerce and Investment Promotion Institute","robots":{"index":"index","follow":"follow","max-snippet":"max-snippet:-1","max-image-preview":"max-image-preview:large","max-video-preview":"max-video-preview:-1"},"canonical":"https:\/\/www.ipim.gov.mo\/pt-pt\/noticias-do-ipim\/2024-02-14-uniao-de-forcas-sob-a-estrategia-14-macau-acolhe-no-primeiro-trimestre-a-conferencia-profissional-a-nivel-internacional-no-ambito-das-convencoes-e-exposicoes-e-o-even\/","og_locale":"pt_PT","og_type":"article","og_title":"[2024\/02\/14] [Uni\u00e3o de for\u00e7as sob a estrat\u00e9gia \u201c1+4\u201d] Macau acolhe no primeiro trimestre a confer\u00eancia profissional a n\u00edvel internacional no \u00e2mbito das conven\u00e7\u00f5es e exposi\u00e7\u00f5es e o evento com novo tema no \u00e2mbito de \u201cdesporto + com\u00e9rcio\u201d | Commerce and Investment Promotion Institute","og_description":"Dando continuidade &agrave; excelente tend&ecirc;ncia de recupera&ccedil;&atilde;o econ&oacute;mica registada em 2023, Macau ir&aacute; acolher, durante o primeiro trimestre de 2024, uma confer&ecirc;ncia profissional com elevado [&hellip;]","og_url":"https:\/\/www.ipim.gov.mo\/pt-pt\/noticias-do-ipim\/2024-02-14-uniao-de-forcas-sob-a-estrategia-14-macau-acolhe-no-primeiro-trimestre-a-conferencia-profissional-a-nivel-internacional-no-ambito-das-convencoes-e-exposicoes-e-o-even\/","og_site_name":"Commerce and Investment Promotion Institute","article_published_time":"2024-02-14T02:30:00+00:00","og_image":[{"width":1024,"height":768,"url":"https:\/\/www.ipim.gov.mo\/wp-content\/uploads\/2024\/07\/ipim-post-default.jpg","type":"image\/jpeg"}],"author":"admin","twitter_card":"summary_large_image","twitter_misc":{"Written by":"admin","Est. reading time":"5 minutes"},"schema":{"@context":"https:\/\/schema.org","@graph":[{"@type":"WebPage","@id":"https:\/\/www.ipim.gov.mo\/pt-pt\/noticias-do-ipim\/2024-02-14-uniao-de-forcas-sob-a-estrategia-14-macau-acolhe-no-primeiro-trimestre-a-conferencia-profissional-a-nivel-internacional-no-ambito-das-convencoes-e-exposicoes-e-o-even\/","url":"https:\/\/www.ipim.gov.mo\/pt-pt\/noticias-do-ipim\/2024-02-14-uniao-de-forcas-sob-a-estrategia-14-macau-acolhe-no-primeiro-trimestre-a-conferencia-profissional-a-nivel-internacional-no-ambito-das-convencoes-e-exposicoes-e-o-even\/","name":"[2024\/02\/14] [Uni\u00e3o de for\u00e7as sob a estrat\u00e9gia \u201c1+4\u201d] Macau acolhe no primeiro trimestre a confer\u00eancia profissional a n\u00edvel internacional no \u00e2mbito das conven\u00e7\u00f5es e exposi\u00e7\u00f5es e o evento com novo tema no \u00e2mbito de \u201cdesporto + com\u00e9rcio\u201d | Commerce and Investment Promotion Institute","isPartOf":{"@id":"https:\/\/www.ipim.gov.mo\/zh-hans\/#website"},"primaryImageOfPage":{"@id":"https:\/\/www.ipim.gov.mo\/pt-pt\/noticias-do-ipim\/2024-02-14-uniao-de-forcas-sob-a-estrategia-14-macau-acolhe-no-primeiro-trimestre-a-conferencia-profissional-a-nivel-internacional-no-ambito-das-convencoes-e-exposicoes-e-o-even\/#primaryimage"},"image":{"@id":"https:\/\/www.ipim.gov.mo\/pt-pt\/noticias-do-ipim\/2024-02-14-uniao-de-forcas-sob-a-estrategia-14-macau-acolhe-no-primeiro-trimestre-a-conferencia-profissional-a-nivel-internacional-no-ambito-das-convencoes-e-exposicoes-e-o-even\/#primaryimage"},"thumbnailUrl":"https:\/\/www.ipim.gov.mo\/wp-content\/uploads\/2024\/07\/ipim-post-default.jpg","datePublished":"2024-02-14T02:30:00+00:00","breadcrumb":{"@id":"https:\/\/www.ipim.gov.mo\/pt-pt\/noticias-do-ipim\/2024-02-14-uniao-de-forcas-sob-a-estrategia-14-macau-acolhe-no-primeiro-trimestre-a-conferencia-profissional-a-nivel-internacional-no-ambito-das-convencoes-e-exposicoes-e-o-even\/#breadcrumb"},"inLanguage":"pt-PT","potentialAction":[{"@type":"ReadAction","target":["https:\/\/www.ipim.gov.mo\/pt-pt\/noticias-do-ipim\/2024-02-14-uniao-de-forcas-sob-a-estrategia-14-macau-acolhe-no-primeiro-trimestre-a-conferencia-profissional-a-nivel-internacional-no-ambito-das-convencoes-e-exposicoes-e-o-even\/"]}]},{"@type":"ImageObject","inLanguage":"pt-PT","@id":"https:\/\/www.ipim.gov.mo\/pt-pt\/noticias-do-ipim\/2024-02-14-uniao-de-forcas-sob-a-estrategia-14-macau-acolhe-no-primeiro-trimestre-a-conferencia-profissional-a-nivel-internacional-no-ambito-das-convencoes-e-exposicoes-e-o-even\/#primaryimage","url":"https:\/\/www.ipim.gov.mo\/wp-content\/uploads\/2024\/07\/ipim-post-default.jpg","contentUrl":"https:\/\/www.ipim.gov.mo\/wp-content\/uploads\/2024\/07\/ipim-post-default.jpg","width":1024,"height":768},{"@type":"BreadcrumbList","@id":"https:\/\/www.ipim.gov.mo\/pt-pt\/noticias-do-ipim\/2024-02-14-uniao-de-forcas-sob-a-estrategia-14-macau-acolhe-no-primeiro-trimestre-a-conferencia-profissional-a-nivel-internacional-no-ambito-das-convencoes-e-exposicoes-e-o-even\/#breadcrumb","itemListElement":[{"@type":"ListItem","position":1,"name":"Home","item":"https:\/\/www.ipim.gov.mo\/pt-pt\/"},{"@type":"ListItem","position":2,"name":"[2024\/02\/14] [Uni\u00e3o de for\u00e7as sob a estrat\u00e9gia \u201c1+4\u201d] Macau acolhe no primeiro trimestre a confer\u00eancia profissional a n\u00edvel internacional no \u00e2mbito das conven\u00e7\u00f5es e exposi\u00e7\u00f5es e o evento com novo tema no \u00e2mbito de \u201cdesporto + com\u00e9rcio\u201d"}]},{"@type":"WebSite","@id":"https:\/\/www.ipim.gov.mo\/zh-hans\/#website","url":"https:\/\/www.ipim.gov.mo\/zh-hans\/","name":"Commerce and Investment Promotion Institute","description":"Commerce and Investment Promotion Institute","publisher":{"@id":"https:\/\/www.ipim.gov.mo\/zh-hans\/#organization"},"potentialAction":[{"@type":"SearchAction","target":{"@type":"EntryPoint","urlTemplate":"https:\/\/www.ipim.gov.mo\/zh-hans\/?s={search_term_string}"},"query-input":{"@type":"PropertyValueSpecification","valueRequired":true,"valueName":"search_term_string"}}],"inLanguage":"pt-PT"},{"@type":"Organization","@id":"https:\/\/www.ipim.gov.mo\/zh-hans\/#organization","name":"IPIM","url":"https:\/\/www.ipim.gov.mo\/zh-hans\/","logo":{"@type":"ImageObject","inLanguage":"pt-PT","@id":"https:\/\/www.ipim.gov.mo\/zh-hans\/#\/schema\/logo\/image\/","url":"https:\/\/www.ipim.gov.mo\/wp-content\/uploads\/2022\/10\/default-post-thumbnail-ipim-logo.png","contentUrl":"https:\/\/www.ipim.gov.mo\/wp-content\/uploads\/2022\/10\/default-post-thumbnail-ipim-logo.png","width":1024,"height":768,"caption":"IPIM"},"image":{"@id":"https:\/\/www.ipim.gov.mo\/zh-hans\/#\/schema\/logo\/image\/"}}]}},"author_meta":{"display_name":"admin","author_link":"https:\/\/www.ipim.gov.mo\/pt-pt\/author\/admin\/"},"featured_img":"https:\/\/www.ipim.gov.mo\/wp-content\/uploads\/2024\/07\/ipim-post-default-300x225.jpg","coauthors":[],"tax_additional":{"categories":{"linked":["<a href=\"https:\/\/www.ipim.gov.mo\/pt-pt\/category\/noticias-do-ipim\/\" class=\"advgb-post-tax-term\">Not\u00edcias do IPIM<\/a>"],"unlinked":["<span class=\"advgb-post-tax-term\">Not\u00edcias do IPIM<\/span>"]}},"comment_count":"0","relative_dates":{"created":"Posted 2 years ago","modified":"Updated 2 years ago"},"absolute_dates":{"created":"Posted on Fevereiro 14, 2024","modified":"Updated on Fevereiro 14, 2024"},"absolute_dates_time":{"created":"Posted on Fevereiro 14, 2024 10:30 am","modified":"Updated on Fevereiro 14, 2024 10:30 am"},"featured_img_caption":"","series_order":"","_links":{"self":[{"href":"https:\/\/www.ipim.gov.mo\/pt-pt\/wp-json\/wp\/v2\/posts\/451805","targetHints":{"allow":["GET"]}}],"collection":[{"href":"https:\/\/www.ipim.gov.mo\/pt-pt\/wp-json\/wp\/v2\/posts"}],"about":[{"href":"https:\/\/www.ipim.gov.mo\/pt-pt\/wp-json\/wp\/v2\/types\/post"}],"author":[{"embeddable":true,"href":"https:\/\/www.ipim.gov.mo\/pt-pt\/wp-json\/wp\/v2\/users\/1"}],"replies":[{"embeddable":true,"href":"https:\/\/www.ipim.gov.mo\/pt-pt\/wp-json\/wp\/v2\/comments?post=451805"}],"version-history":[{"count":0,"href":"https:\/\/www.ipim.gov.mo\/pt-pt\/wp-json\/wp\/v2\/posts\/451805\/revisions"}],"wp:featuredmedia":[{"embeddable":true,"href":"https:\/\/www.ipim.gov.mo\/pt-pt\/wp-json\/wp\/v2\/media\/467868"}],"wp:attachment":[{"href":"https:\/\/www.ipim.gov.mo\/pt-pt\/wp-json\/wp\/v2\/media?parent=451805"}],"wp:term":[{"taxonomy":"category","embeddable":true,"href":"https:\/\/www.ipim.gov.mo\/pt-pt\/wp-json\/wp\/v2\/categories?post=451805"},{"taxonomy":"post_tag","embeddable":true,"href":"https:\/\/www.ipim.gov.mo\/pt-pt\/wp-json\/wp\/v2\/tags?post=451805"}],"curies":[{"name":"wp","href":"https:\/\/api.w.org\/{rel}","templated":true}]}}