{"id":451308,"date":"2024-02-07T12:17:00","date_gmt":"2024-02-07T04:17:00","guid":{"rendered":"https:\/\/www.ipim.gov.mo\/noticias-do-ipim\/2024-02-07-tomada-de-posse-da-vogal-executiva-do-conselho-de-administracao-do-ipim-wong-yee-lam\/"},"modified":"2024-02-07T12:17:00","modified_gmt":"2024-02-07T04:17:00","slug":"2024-02-07-tomada-de-posse-da-vogal-executiva-do-conselho-de-administracao-do-ipim-wong-yee-lam","status":"publish","type":"post","link":"https:\/\/www.ipim.gov.mo\/pt-pt\/noticias-do-ipim\/2024-02-07-tomada-de-posse-da-vogal-executiva-do-conselho-de-administracao-do-ipim-wong-yee-lam\/","title":{"rendered":"[2024\/02\/07] Tomada de posse da Vogal Executiva do Conselho de Administra\u00e7\u00e3o do IPIM, Wong Yee Lam"},"content":{"rendered":"<p style=\"text-align:justify\">Realizou-se hoje (7 de Fevereiro) no edif&iacute;cio de escrit&oacute;rio do Instituto de Promo&ccedil;&atilde;o do Com&eacute;rcio e do Investimento de Macau (IPIM), sito no Complexo da Plataforma de Servi&ccedil;os para a Coopera&ccedil;&atilde;o Comercial entre a China e os Pa&iacute;ses de L&iacute;ngua Portuguesa, a cerim&oacute;nia de tomada de posse da vogal executiva do Conselho de Administra&ccedil;&atilde;o do IPIM, Wong Yee Lam, testemunhada pelo Secret&aacute;rio para a Economia e Finan&ccedil;as, Lei Wai Nong, e pela chefe do Gabinete do Secret&aacute;rio para a Economia e Finan&ccedil;as, Ku Mei Leng. A cerim&oacute;nia foi presidida pelo presidente do Conselho de Administra&ccedil;&atilde;o do IPIM, Vincent U e assistida pelos dirigentes e chefias do IPIM.<\/p>\n<p style=\"text-align:justify\">Na cerim&oacute;nia, a vogal executiva, Wong Yee Lam, agradeceu a confian&ccedil;a do Governo da RAEM nela depositada, e o apoio de dirigentes e colegas do servi&ccedil;o, afirmou ainda que vai envidar todos os esfor&ccedil;os para desempenhar bem as suas fun&ccedil;&otilde;es, fazer todos os poss&iacute;veis em empenhar-se na implementa&ccedil;&atilde;o das linhas de ac&ccedil;&atilde;o governativa do Governo da RAEM, assim como, de acordo com o \u201cPlano de desenvolvimento da diversifica&ccedil;&atilde;o adequada da economia (2024-2028)\u201d, promover o desenvolvimento diversificado das ind&uacute;strias \u201c1+4\u201d e impulsionar o desenvolvimento das conven&ccedil;&otilde;es, exposi&ccedil;&otilde;es, com&eacute;rcio, cultura e desporto.<\/p>\n<p style=\"text-align:justify\">O Presidente do IPIM, Vincent U, afirmou que, no ano de 2024, o IPIM ir&aacute; optimizar os seus trabalhos com base nos trabalhos existentes, dando apoio cont&iacute;nuo &agrave;s empresas comerciais de Macau para melhor integrarem na conjuntura de desenvolvimento do nosso Pa&iacute;s, designadamente no que diz respeito ao aproveitamento das oportunidades derivadas pelo desenvolvimento da Grande Ba&iacute;a, da Zona de Coopera&ccedil;&atilde;o Aprofundada e at&eacute; das ind&uacute;strias emergentes, tendo depositado a esperan&ccedil;a de que a Wong Yee Lam possa, com vasta experi&ecirc;ncia de gest&atilde;o e capacidade profissional, desenvolver, em conjunto com a equipa do IPIM, num esp&iacute;rito de uni&atilde;o e solidariedade, os trabalhos com foco na atrac&ccedil;&atilde;o de investimentos e neg&oacute;cios, assim como capta&ccedil;&atilde;o de investimentos atrav&eacute;s de exposi&ccedil;&otilde;es, e continuar a melhorar, de forma constante, os servi&ccedil;os One-Stop, de modo a prestar os servi&ccedil;os de qualidade com profissionalismo &agrave;s empresas; em simult&acirc;neo, envidar todos os esfor&ccedil;os nos trabalhos relativos ao desenvolvimento coordenado entre as ind&uacute;strias de Macau e de Hengqin, nomeadamente no sentido de promover melhor o modelo \u201cUm Evento, Dois Locais\u201d, tendo em vista desempenhar as vantagens complementares dos dois locais.<\/p>\n<p style=\"text-align:justify\">Wong Yee Lam ingressou no IPIM como T&eacute;cnica em 2005; entre 2008 e 2017, desempenhou as fun&ccedil;&otilde;es de T&eacute;cnica Superior do Departamento de Actividades Promocionais do IPIM; de Janeiro a Abril de 2018, foi Directora-Adjunta da Divis&atilde;o de Promo&ccedil;&atilde;o de Conven&ccedil;&otilde;es e Exposi&ccedil;&otilde;es Locais do IPIM; a partir de Abril de 2018, foi Directora do Departamento de Actividades Promocionais e de Desenvolvimento de Conven&ccedil;&otilde;es e Exposi&ccedil;&otilde;es do IPIM.<\/p>\n<p style=\"text-align:justify\">Wong Yee Lam possui o grau de Master of Business Administration of the University of Portsmouth, England e o grau de Bachelor of Business Administration of the West Coast Institute of Management &amp; Technology, Australia.<\/p>\n<div class=\"wp-caption alignnone\">\n                <a href=\"https:\/\/www.gcs.gov.mo\/news\/p\/P24BGccNTo\/l\" data-component=\"Popup\" data-fancybox=\"gallery\" data-caption=\"O Secret\u00e1rio para a Economia e Finan\u00e7as, Lei Wai Nong, a chefe do Gabinete do Secret\u00e1rio para a Economia e Finan\u00e7as, Ku Mei Leng, e os dirigentes e chefias do IPIM\" data-type=\"image\"><br \/>\n                <img decoding=\"async\" class=\"size-large\" src=\"https:\/\/www.gcs.gov.mo\/news\/p\/P24BGccNTo\/l\" title=\"O Secret\u00e1rio para a Economia e Finan\u00e7as, Lei Wai Nong, a chefe do Gabinete do Secret\u00e1rio para a Economia e Finan\u00e7as, Ku Mei Leng, e os dirigentes e chefias do IPIM\" alt=\"O Secret\u00e1rio para a Economia e Finan\u00e7as, Lei Wai Nong, a chefe do Gabinete do Secret\u00e1rio para a Economia e Finan\u00e7as, Ku Mei Leng, e os dirigentes e chefias do IPIM\" width=\"1024\"><br \/>\n                <\/a><\/p>\n<p class=\"wp-caption-text\">O Secret\u00e1rio para a Economia e Finan\u00e7as, Lei Wai Nong, a chefe do Gabinete do Secret\u00e1rio para a Economia e Finan\u00e7as, Ku Mei Leng, e os dirigentes e chefias do IPIM<\/p>\n<\/p><\/div>\n<div class=\"wp-caption alignnone\">\n                <a href=\"https:\/\/www.gcs.gov.mo\/news\/p\/P24BG3U0RX\/l\" data-component=\"Popup\" data-fancybox=\"gallery\" data-caption=\"Wong Yee Lam prestou juramento e tomou posse como vogal executiva do Conselho de Administra\u00e7\u00e3o do IPIM\" data-type=\"image\"><br \/>\n                <img decoding=\"async\" class=\"size-large\" src=\"https:\/\/www.gcs.gov.mo\/news\/p\/P24BG3U0RX\/l\" title=\"Wong Yee Lam prestou juramento e tomou posse como vogal executiva do Conselho de Administra\u00e7\u00e3o do IPIM\" alt=\"Wong Yee Lam prestou juramento e tomou posse como vogal executiva do Conselho de Administra\u00e7\u00e3o do IPIM\" width=\"1024\"><br \/>\n                <\/a><\/p>\n<p class=\"wp-caption-text\">Wong Yee Lam prestou juramento e tomou posse como vogal executiva do Conselho de Administra\u00e7\u00e3o do IPIM<\/p>\n<\/p><\/div>\n<div class=\"wp-caption alignnone\">\n                <a href=\"https:\/\/www.gcs.gov.mo\/news\/p\/P24BGoLZW2\/l\" data-component=\"Popup\" data-fancybox=\"gallery\" data-caption=\"Vogal executiva do Conselho de Administra\u00e7\u00e3o do IPIM, Wong Yee Lam\" data-type=\"image\"><br \/>\n                <img decoding=\"async\" class=\"size-large\" src=\"https:\/\/www.gcs.gov.mo\/news\/p\/P24BGoLZW2\/l\" title=\"Vogal executiva do Conselho de Administra\u00e7\u00e3o do IPIM, Wong Yee Lam\" alt=\"Vogal executiva do Conselho de Administra\u00e7\u00e3o do IPIM, Wong Yee Lam\" width=\"1024\"><br \/>\n                <\/a><\/p>\n<p class=\"wp-caption-text\">Vogal executiva do Conselho de Administra\u00e7\u00e3o do IPIM, Wong Yee Lam<\/p>\n<\/p><\/div>\n","protected":false},"excerpt":{"rendered":"<p>Realizou-se hoje (7 de Fevereiro) no edif&iacute;cio de escrit&oacute;rio do Instituto de Promo&ccedil;&atilde;o do Com&eacute;rcio e do Investimento de Macau (IPIM), sito no Complexo da [&hellip;]<\/p>\n","protected":false},"author":1,"featured_media":467868,"comment_status":"closed","ping_status":"closed","sticky":false,"template":"","format":"standard","meta":{"_acf_changed":false,"inline_featured_image":false,"advgb_blocks_editor_width":"","advgb_blocks_columns_visual_guide":"","footnotes":""},"categories":[12],"tags":[],"class_list":["post-451308","post","type-post","status-publish","format-standard","has-post-thumbnail","hentry","category-noticias-do-ipim"],"acf":[],"yoast_head":"<!-- This site is optimized with the Yoast SEO plugin v26.2 - https:\/\/yoast.com\/wordpress\/plugins\/seo\/ -->\r\n<title>[2024\/02\/07] Tomada de posse da Vogal Executiva do Conselho de Administra\u00e7\u00e3o do IPIM, Wong Yee Lam | Commerce and Investment Promotion Institute<\/title>\r\n<meta name=\"robots\" content=\"index, follow, max-snippet:-1, max-image-preview:large, max-video-preview:-1\" \/>\r\n<link rel=\"canonical\" href=\"https:\/\/www.ipim.gov.mo\/pt-pt\/noticias-do-ipim\/2024-02-07-tomada-de-posse-da-vogal-executiva-do-conselho-de-administracao-do-ipim-wong-yee-lam\/\" \/>\r\n<meta property=\"og:locale\" content=\"pt_PT\" \/>\r\n<meta property=\"og:type\" content=\"article\" \/>\r\n<meta property=\"og:title\" content=\"[2024\/02\/07] Tomada de posse da Vogal Executiva do Conselho de Administra\u00e7\u00e3o do IPIM, Wong Yee Lam | Commerce and Investment Promotion Institute\" \/>\r\n<meta property=\"og:description\" content=\"Realizou-se hoje (7 de Fevereiro) no edif&iacute;cio de escrit&oacute;rio do Instituto de Promo&ccedil;&atilde;o do Com&eacute;rcio e do Investimento de Macau (IPIM), sito no Complexo da [&hellip;]\" \/>\r\n<meta property=\"og:url\" content=\"https:\/\/www.ipim.gov.mo\/pt-pt\/noticias-do-ipim\/2024-02-07-tomada-de-posse-da-vogal-executiva-do-conselho-de-administracao-do-ipim-wong-yee-lam\/\" \/>\r\n<meta property=\"og:site_name\" content=\"Commerce and Investment Promotion Institute\" \/>\r\n<meta property=\"article:published_time\" content=\"2024-02-07T04:17:00+00:00\" \/>\r\n<meta property=\"og:image\" content=\"https:\/\/www.ipim.gov.mo\/wp-content\/uploads\/2024\/07\/ipim-post-default.jpg\" \/>\r\n\t<meta property=\"og:image:width\" content=\"1024\" \/>\r\n\t<meta property=\"og:image:height\" content=\"768\" \/>\r\n\t<meta property=\"og:image:type\" content=\"image\/jpeg\" \/>\r\n<meta name=\"author\" content=\"admin\" \/>\r\n<meta name=\"twitter:card\" content=\"summary_large_image\" \/>\r\n<meta name=\"twitter:label1\" content=\"Written by\" \/>\n\t<meta name=\"twitter:data1\" content=\"admin\" \/>\n\t<meta name=\"twitter:label2\" content=\"Est. reading time\" \/>\n\t<meta name=\"twitter:data2\" content=\"3 minutes\" \/>\r\n<script type=\"application\/ld+json\" class=\"yoast-schema-graph\">{\"@context\":\"https:\/\/schema.org\",\"@graph\":[{\"@type\":\"WebPage\",\"@id\":\"https:\/\/www.ipim.gov.mo\/pt-pt\/noticias-do-ipim\/2024-02-07-tomada-de-posse-da-vogal-executiva-do-conselho-de-administracao-do-ipim-wong-yee-lam\/\",\"url\":\"https:\/\/www.ipim.gov.mo\/pt-pt\/noticias-do-ipim\/2024-02-07-tomada-de-posse-da-vogal-executiva-do-conselho-de-administracao-do-ipim-wong-yee-lam\/\",\"name\":\"[2024\/02\/07] Tomada de posse da Vogal Executiva do Conselho de Administra\u00e7\u00e3o do IPIM, Wong Yee Lam | Commerce and Investment Promotion Institute\",\"isPartOf\":{\"@id\":\"https:\/\/www.ipim.gov.mo\/zh-hans\/#website\"},\"primaryImageOfPage\":{\"@id\":\"https:\/\/www.ipim.gov.mo\/pt-pt\/noticias-do-ipim\/2024-02-07-tomada-de-posse-da-vogal-executiva-do-conselho-de-administracao-do-ipim-wong-yee-lam\/#primaryimage\"},\"image\":{\"@id\":\"https:\/\/www.ipim.gov.mo\/pt-pt\/noticias-do-ipim\/2024-02-07-tomada-de-posse-da-vogal-executiva-do-conselho-de-administracao-do-ipim-wong-yee-lam\/#primaryimage\"},\"thumbnailUrl\":\"https:\/\/www.ipim.gov.mo\/wp-content\/uploads\/2024\/07\/ipim-post-default.jpg\",\"datePublished\":\"2024-02-07T04:17:00+00:00\",\"breadcrumb\":{\"@id\":\"https:\/\/www.ipim.gov.mo\/pt-pt\/noticias-do-ipim\/2024-02-07-tomada-de-posse-da-vogal-executiva-do-conselho-de-administracao-do-ipim-wong-yee-lam\/#breadcrumb\"},\"inLanguage\":\"pt-PT\",\"potentialAction\":[{\"@type\":\"ReadAction\",\"target\":[\"https:\/\/www.ipim.gov.mo\/pt-pt\/noticias-do-ipim\/2024-02-07-tomada-de-posse-da-vogal-executiva-do-conselho-de-administracao-do-ipim-wong-yee-lam\/\"]}]},{\"@type\":\"ImageObject\",\"inLanguage\":\"pt-PT\",\"@id\":\"https:\/\/www.ipim.gov.mo\/pt-pt\/noticias-do-ipim\/2024-02-07-tomada-de-posse-da-vogal-executiva-do-conselho-de-administracao-do-ipim-wong-yee-lam\/#primaryimage\",\"url\":\"https:\/\/www.ipim.gov.mo\/wp-content\/uploads\/2024\/07\/ipim-post-default.jpg\",\"contentUrl\":\"https:\/\/www.ipim.gov.mo\/wp-content\/uploads\/2024\/07\/ipim-post-default.jpg\",\"width\":1024,\"height\":768},{\"@type\":\"BreadcrumbList\",\"@id\":\"https:\/\/www.ipim.gov.mo\/pt-pt\/noticias-do-ipim\/2024-02-07-tomada-de-posse-da-vogal-executiva-do-conselho-de-administracao-do-ipim-wong-yee-lam\/#breadcrumb\",\"itemListElement\":[{\"@type\":\"ListItem\",\"position\":1,\"name\":\"Home\",\"item\":\"https:\/\/www.ipim.gov.mo\/pt-pt\/\"},{\"@type\":\"ListItem\",\"position\":2,\"name\":\"[2024\/02\/07] Tomada de posse da Vogal Executiva do Conselho de Administra\u00e7\u00e3o do IPIM, Wong Yee Lam\"}]},{\"@type\":\"WebSite\",\"@id\":\"https:\/\/www.ipim.gov.mo\/zh-hans\/#website\",\"url\":\"https:\/\/www.ipim.gov.mo\/zh-hans\/\",\"name\":\"Commerce and Investment Promotion Institute\",\"description\":\"Commerce and Investment Promotion Institute\",\"publisher\":{\"@id\":\"https:\/\/www.ipim.gov.mo\/zh-hans\/#organization\"},\"potentialAction\":[{\"@type\":\"SearchAction\",\"target\":{\"@type\":\"EntryPoint\",\"urlTemplate\":\"https:\/\/www.ipim.gov.mo\/zh-hans\/?s={search_term_string}\"},\"query-input\":{\"@type\":\"PropertyValueSpecification\",\"valueRequired\":true,\"valueName\":\"search_term_string\"}}],\"inLanguage\":\"pt-PT\"},{\"@type\":\"Organization\",\"@id\":\"https:\/\/www.ipim.gov.mo\/zh-hans\/#organization\",\"name\":\"IPIM\",\"url\":\"https:\/\/www.ipim.gov.mo\/zh-hans\/\",\"logo\":{\"@type\":\"ImageObject\",\"inLanguage\":\"pt-PT\",\"@id\":\"https:\/\/www.ipim.gov.mo\/zh-hans\/#\/schema\/logo\/image\/\",\"url\":\"https:\/\/www.ipim.gov.mo\/wp-content\/uploads\/2022\/10\/default-post-thumbnail-ipim-logo.png\",\"contentUrl\":\"https:\/\/www.ipim.gov.mo\/wp-content\/uploads\/2022\/10\/default-post-thumbnail-ipim-logo.png\",\"width\":1024,\"height\":768,\"caption\":\"IPIM\"},\"image\":{\"@id\":\"https:\/\/www.ipim.gov.mo\/zh-hans\/#\/schema\/logo\/image\/\"}}]}<\/script>\r\n<!-- \/ Yoast SEO plugin. -->","yoast_head_json":{"title":"[2024\/02\/07] Tomada de posse da Vogal Executiva do Conselho de Administra\u00e7\u00e3o do IPIM, Wong Yee Lam | Commerce and Investment Promotion Institute","robots":{"index":"index","follow":"follow","max-snippet":"max-snippet:-1","max-image-preview":"max-image-preview:large","max-video-preview":"max-video-preview:-1"},"canonical":"https:\/\/www.ipim.gov.mo\/pt-pt\/noticias-do-ipim\/2024-02-07-tomada-de-posse-da-vogal-executiva-do-conselho-de-administracao-do-ipim-wong-yee-lam\/","og_locale":"pt_PT","og_type":"article","og_title":"[2024\/02\/07] Tomada de posse da Vogal Executiva do Conselho de Administra\u00e7\u00e3o do IPIM, Wong Yee Lam | Commerce and Investment Promotion Institute","og_description":"Realizou-se hoje (7 de Fevereiro) no edif&iacute;cio de escrit&oacute;rio do Instituto de Promo&ccedil;&atilde;o do Com&eacute;rcio e do Investimento de Macau (IPIM), sito no Complexo da [&hellip;]","og_url":"https:\/\/www.ipim.gov.mo\/pt-pt\/noticias-do-ipim\/2024-02-07-tomada-de-posse-da-vogal-executiva-do-conselho-de-administracao-do-ipim-wong-yee-lam\/","og_site_name":"Commerce and Investment Promotion Institute","article_published_time":"2024-02-07T04:17:00+00:00","og_image":[{"width":1024,"height":768,"url":"https:\/\/www.ipim.gov.mo\/wp-content\/uploads\/2024\/07\/ipim-post-default.jpg","type":"image\/jpeg"}],"author":"admin","twitter_card":"summary_large_image","twitter_misc":{"Written by":"admin","Est. reading time":"3 minutes"},"schema":{"@context":"https:\/\/schema.org","@graph":[{"@type":"WebPage","@id":"https:\/\/www.ipim.gov.mo\/pt-pt\/noticias-do-ipim\/2024-02-07-tomada-de-posse-da-vogal-executiva-do-conselho-de-administracao-do-ipim-wong-yee-lam\/","url":"https:\/\/www.ipim.gov.mo\/pt-pt\/noticias-do-ipim\/2024-02-07-tomada-de-posse-da-vogal-executiva-do-conselho-de-administracao-do-ipim-wong-yee-lam\/","name":"[2024\/02\/07] Tomada de posse da Vogal Executiva do Conselho de Administra\u00e7\u00e3o do IPIM, Wong Yee Lam | Commerce and Investment Promotion Institute","isPartOf":{"@id":"https:\/\/www.ipim.gov.mo\/zh-hans\/#website"},"primaryImageOfPage":{"@id":"https:\/\/www.ipim.gov.mo\/pt-pt\/noticias-do-ipim\/2024-02-07-tomada-de-posse-da-vogal-executiva-do-conselho-de-administracao-do-ipim-wong-yee-lam\/#primaryimage"},"image":{"@id":"https:\/\/www.ipim.gov.mo\/pt-pt\/noticias-do-ipim\/2024-02-07-tomada-de-posse-da-vogal-executiva-do-conselho-de-administracao-do-ipim-wong-yee-lam\/#primaryimage"},"thumbnailUrl":"https:\/\/www.ipim.gov.mo\/wp-content\/uploads\/2024\/07\/ipim-post-default.jpg","datePublished":"2024-02-07T04:17:00+00:00","breadcrumb":{"@id":"https:\/\/www.ipim.gov.mo\/pt-pt\/noticias-do-ipim\/2024-02-07-tomada-de-posse-da-vogal-executiva-do-conselho-de-administracao-do-ipim-wong-yee-lam\/#breadcrumb"},"inLanguage":"pt-PT","potentialAction":[{"@type":"ReadAction","target":["https:\/\/www.ipim.gov.mo\/pt-pt\/noticias-do-ipim\/2024-02-07-tomada-de-posse-da-vogal-executiva-do-conselho-de-administracao-do-ipim-wong-yee-lam\/"]}]},{"@type":"ImageObject","inLanguage":"pt-PT","@id":"https:\/\/www.ipim.gov.mo\/pt-pt\/noticias-do-ipim\/2024-02-07-tomada-de-posse-da-vogal-executiva-do-conselho-de-administracao-do-ipim-wong-yee-lam\/#primaryimage","url":"https:\/\/www.ipim.gov.mo\/wp-content\/uploads\/2024\/07\/ipim-post-default.jpg","contentUrl":"https:\/\/www.ipim.gov.mo\/wp-content\/uploads\/2024\/07\/ipim-post-default.jpg","width":1024,"height":768},{"@type":"BreadcrumbList","@id":"https:\/\/www.ipim.gov.mo\/pt-pt\/noticias-do-ipim\/2024-02-07-tomada-de-posse-da-vogal-executiva-do-conselho-de-administracao-do-ipim-wong-yee-lam\/#breadcrumb","itemListElement":[{"@type":"ListItem","position":1,"name":"Home","item":"https:\/\/www.ipim.gov.mo\/pt-pt\/"},{"@type":"ListItem","position":2,"name":"[2024\/02\/07] Tomada de posse da Vogal Executiva do Conselho de Administra\u00e7\u00e3o do IPIM, Wong Yee Lam"}]},{"@type":"WebSite","@id":"https:\/\/www.ipim.gov.mo\/zh-hans\/#website","url":"https:\/\/www.ipim.gov.mo\/zh-hans\/","name":"Commerce and Investment Promotion Institute","description":"Commerce and Investment Promotion Institute","publisher":{"@id":"https:\/\/www.ipim.gov.mo\/zh-hans\/#organization"},"potentialAction":[{"@type":"SearchAction","target":{"@type":"EntryPoint","urlTemplate":"https:\/\/www.ipim.gov.mo\/zh-hans\/?s={search_term_string}"},"query-input":{"@type":"PropertyValueSpecification","valueRequired":true,"valueName":"search_term_string"}}],"inLanguage":"pt-PT"},{"@type":"Organization","@id":"https:\/\/www.ipim.gov.mo\/zh-hans\/#organization","name":"IPIM","url":"https:\/\/www.ipim.gov.mo\/zh-hans\/","logo":{"@type":"ImageObject","inLanguage":"pt-PT","@id":"https:\/\/www.ipim.gov.mo\/zh-hans\/#\/schema\/logo\/image\/","url":"https:\/\/www.ipim.gov.mo\/wp-content\/uploads\/2022\/10\/default-post-thumbnail-ipim-logo.png","contentUrl":"https:\/\/www.ipim.gov.mo\/wp-content\/uploads\/2022\/10\/default-post-thumbnail-ipim-logo.png","width":1024,"height":768,"caption":"IPIM"},"image":{"@id":"https:\/\/www.ipim.gov.mo\/zh-hans\/#\/schema\/logo\/image\/"}}]}},"author_meta":{"display_name":"admin","author_link":"https:\/\/www.ipim.gov.mo\/pt-pt\/author\/admin\/"},"featured_img":"https:\/\/www.ipim.gov.mo\/wp-content\/uploads\/2024\/07\/ipim-post-default-300x225.jpg","coauthors":[],"tax_additional":{"categories":{"linked":["<a href=\"https:\/\/www.ipim.gov.mo\/pt-pt\/category\/noticias-do-ipim\/\" class=\"advgb-post-tax-term\">Not\u00edcias do IPIM<\/a>"],"unlinked":["<span class=\"advgb-post-tax-term\">Not\u00edcias do IPIM<\/span>"]}},"comment_count":"0","relative_dates":{"created":"Posted 2 years ago","modified":"Updated 2 years ago"},"absolute_dates":{"created":"Posted on Fevereiro 7, 2024","modified":"Updated on Fevereiro 7, 2024"},"absolute_dates_time":{"created":"Posted on Fevereiro 7, 2024 12:17 pm","modified":"Updated on Fevereiro 7, 2024 12:17 pm"},"featured_img_caption":"","series_order":"","_links":{"self":[{"href":"https:\/\/www.ipim.gov.mo\/pt-pt\/wp-json\/wp\/v2\/posts\/451308","targetHints":{"allow":["GET"]}}],"collection":[{"href":"https:\/\/www.ipim.gov.mo\/pt-pt\/wp-json\/wp\/v2\/posts"}],"about":[{"href":"https:\/\/www.ipim.gov.mo\/pt-pt\/wp-json\/wp\/v2\/types\/post"}],"author":[{"embeddable":true,"href":"https:\/\/www.ipim.gov.mo\/pt-pt\/wp-json\/wp\/v2\/users\/1"}],"replies":[{"embeddable":true,"href":"https:\/\/www.ipim.gov.mo\/pt-pt\/wp-json\/wp\/v2\/comments?post=451308"}],"version-history":[{"count":0,"href":"https:\/\/www.ipim.gov.mo\/pt-pt\/wp-json\/wp\/v2\/posts\/451308\/revisions"}],"wp:featuredmedia":[{"embeddable":true,"href":"https:\/\/www.ipim.gov.mo\/pt-pt\/wp-json\/wp\/v2\/media\/467868"}],"wp:attachment":[{"href":"https:\/\/www.ipim.gov.mo\/pt-pt\/wp-json\/wp\/v2\/media?parent=451308"}],"wp:term":[{"taxonomy":"category","embeddable":true,"href":"https:\/\/www.ipim.gov.mo\/pt-pt\/wp-json\/wp\/v2\/categories?post=451308"},{"taxonomy":"post_tag","embeddable":true,"href":"https:\/\/www.ipim.gov.mo\/pt-pt\/wp-json\/wp\/v2\/tags?post=451308"}],"curies":[{"name":"wp","href":"https:\/\/api.w.org\/{rel}","templated":true}]}}