{"id":443189,"date":"2023-11-03T09:32:00","date_gmt":"2023-11-03T01:32:00","guid":{"rendered":"https:\/\/www.ipim.gov.mo\/noticias-do-ipim\/2023-11-06-semana-de-macau-em-xiamenfujian-estreita-lacos-comerciais-e-ajuda-as-empresas-na-expansao-de-mercados\/"},"modified":"2023-11-03T09:32:00","modified_gmt":"2023-11-03T01:32:00","slug":"2023-11-06-semana-de-macau-em-xiamenfujian-estreita-lacos-comerciais-e-ajuda-as-empresas-na-expansao-de-mercados","status":"publish","type":"post","link":"https:\/\/www.ipim.gov.mo\/pt-pt\/noticias-do-ipim\/2023-11-06-semana-de-macau-em-xiamenfujian-estreita-lacos-comerciais-e-ajuda-as-empresas-na-expansao-de-mercados\/","title":{"rendered":"[2023\/11\/03] \u201cSemana de Macau em Xiamen\u2022Fujian\u201d estreita la\u00e7os comerciais e ajuda as empresas na expans\u00e3o de mercados"},"content":{"rendered":"<p style=\"text-align:justify\">A \u201cSemana de Macau em Xiamen\u2022Fujian\u201d terminou no dia 30 de Outubro, ap&oacute;s cinco dias de eventos. O IPIM convidou 28 empresas locais a exporem e venderem os seus produtos durante o evento itinerante e organizou, em conjunto com os Servi&ccedil;os de Com&eacute;rcio de Xiamen, a \u201cSess&otilde;es de Bolsas de Contactos Empresariais Xiamen-Macau\u201d, que contou com a participa&ccedil;&atilde;o de 190 representantes de empresas dos dois locais e no &acirc;mbito da qual foram coordenadas mais de 150 negocia&ccedil;&otilde;es comerciais. Uma marca de cerveja de Macau alcan&ccedil;ou inclusive um acordo de coopera&ccedil;&atilde;o com uma empresa de Xiamen, o que lhe permitir&aacute; colocar os seus produtos nas prateleiras de milhares de lojas da prov&iacute;ncia de Fujian.<\/p>\n<p style=\"text-align:justify\"><strong>Produtos de Macau e dos pa&iacute;ses de l&iacute;ngua portuguesa com boa recep&ccedil;&atilde;o dos visitantes<\/strong><\/p>\n<p style=\"text-align:justify\">Com o objectivo de aumentar a visibilidade e chamar a aten&ccedil;&atilde;o para o charme e a diversidade dos produtos de Macau, o IPIM convidou 28 empresas de fabrico local, de marcas locais e agentes de produtos dos pa&iacute;ses de l&iacute;ngua portuguesa a exporem e venderem os seus produtos durante o evento itinerante. Foi tamb&eacute;m realizada uma actividade promocional de acumula&ccedil;&atilde;o e troca de pontos para estimular o consumo. Para al&eacute;m das bancas de venda, o evento possibilitou tamb&eacute;m a promo&ccedil;&atilde;o e venda de produtos online, adicionando um elemento de com&eacute;rcio electr&oacute;nico e permitindo aos comerciantes do Interior da China fazerem uso da sala de transmiss&atilde;o ao vivo para encomendarem produtos como doces tradicionais, vinhos, produtos alimentares, molhos, vestu&aacute;rio e produtos de higiene pessoal. O evento foi divulgado atrav&eacute;s das principais plataformas electr&oacute;nicas da China, tais como Taobao, Douyin, Weibo e WeChat.<\/p>\n<p style=\"text-align:justify\">Alguns visitantes afirmaram que, atrav&eacute;s do evento, ficaram a conhecer melhor os produtos dos pa&iacute;ses de l&iacute;ngua portuguesa e de Macau, que avaliaram como de excelente qualidade, e ficaram com vontade de visitar Macau e de experimentar <em>in loco<\/em> a sua diversidade cultural. &nbsp;Algumas empresas participantes tamb&eacute;m salientaram a popularidade dos produtos e marcas de Macau entre os cidad&atilde;os de Xiamen, sendo que muitos compradores presenciais mostraram interesse em manter contacto e, em pr&oacute;ximas oportunidades, adquirir mais produtos.<\/p>\n<p style=\"text-align:justify\"><strong>Realizado um total de 3 sess&otilde;es de negocia&ccedil;&otilde;es comerciais, contando com mais 400 bolsas de contacto durante as 3 esta&ccedil;&otilde;es da \u201cSemana de Macau\u201d<\/strong><\/p>\n<p style=\"text-align:justify\">A \u201cSemana de Macau em Xiamen\u2022Fujian\u201d foi a terceira esta&ccedil;&atilde;o da \u201cSemana de Macau\u201d realizada este ano, ap&oacute;s as esta&ccedil;&otilde;es de Qingdao e Tianjin. No &acirc;mbito do evento, foi realizado um total de 3 sess&otilde;es de negocia&ccedil;&otilde;es comerciais, contando com mais de 400 bolsas de contacto durante as 3 esta&ccedil;&otilde;es da \u201cSemana de Macau\u201d, o que permitiu refor&ccedil;ar os la&ccedil;os econ&oacute;micos e comerciais e a coopera&ccedil;&atilde;o entre os dois locais. Algumas empresas participantes de Macau salientaram que os eventos de exposi&ccedil;&atilde;o e venda e as bolsas de contacto s&atilde;o um m&eacute;todo eficaz de testar a recep&ccedil;&atilde;o dos seus produtos em diferentes prov&iacute;ncias e cidades do Interior da China, o que contribui para criar estrat&eacute;gias de expans&atilde;o de neg&oacute;cios mais focalizadas. Outras empresas aproveitaram tamb&eacute;m a participa&ccedil;&atilde;o na &quot;Semana de Macau&quot; para encontrar novas parcerias locais e expandir o mercado nacional.<\/p>\n<div class=\"wp-caption alignnone\">\n                <a href=\"https:\/\/www.gcs.gov.mo\/news\/p\/P23KCeBgGh\/l\" data-component=\"Popup\" data-fancybox=\"gallery\" data-caption=\"\u201cSemana de Macau em Xiamen\u2022Fujian\u201d terminou no dia 30 de Outubro, ap\u00f3s cinco dias de eventos.\" data-type=\"image\"><br \/>\n                <img decoding=\"async\" class=\"size-large\" src=\"https:\/\/www.gcs.gov.mo\/news\/p\/P23KCeBgGh\/l\" title=\"\u201cSemana de Macau em Xiamen\u2022Fujian\u201d terminou no dia 30 de Outubro, ap\u00f3s cinco dias de eventos.\" alt=\"\u201cSemana de Macau em Xiamen\u2022Fujian\u201d terminou no dia 30 de Outubro, ap\u00f3s cinco dias de eventos.\" width=\"1024\"><br \/>\n                <\/a><\/p>\n<p class=\"wp-caption-text\">\u201cSemana de Macau em Xiamen\u2022Fujian\u201d terminou no dia 30 de Outubro, ap\u00f3s cinco dias de eventos.<\/p>\n<\/p><\/div>\n<div class=\"wp-caption alignnone\">\n                <a href=\"https:\/\/www.gcs.gov.mo\/news\/p\/P23KC2tG0S\/l\" data-component=\"Popup\" data-fancybox=\"gallery\" data-caption=\"O IPIM convidou 28 empresas de fabrico local, de marcas locais e agentes de produtos dos pa\u00edses de l\u00edngua portuguesa a exporem e venderem os seus produtos durante o evento itinerante.\" data-type=\"image\"><br \/>\n                <img decoding=\"async\" class=\"size-large\" src=\"https:\/\/www.gcs.gov.mo\/news\/p\/P23KC2tG0S\/l\" title=\"O IPIM convidou 28 empresas de fabrico local, de marcas locais e agentes de produtos dos pa\u00edses de l\u00edngua portuguesa a exporem e venderem os seus produtos durante o evento itinerante.\" alt=\"O IPIM convidou 28 empresas de fabrico local, de marcas locais e agentes de produtos dos pa\u00edses de l\u00edngua portuguesa a exporem e venderem os seus produtos durante o evento itinerante.\" width=\"1024\"><br \/>\n                <\/a><\/p>\n<p class=\"wp-caption-text\">O IPIM convidou 28 empresas de fabrico local, de marcas locais e agentes de produtos dos pa\u00edses de l\u00edngua portuguesa a exporem e venderem os seus produtos durante o evento itinerante.<\/p>\n<\/p><\/div>\n<div class=\"wp-caption alignnone\">\n                <a href=\"https:\/\/www.gcs.gov.mo\/news\/p\/P23KCXwgHb\/l\" data-component=\"Popup\" data-fancybox=\"gallery\" data-caption=\"O IPIM convidou 28 empresas de fabrico local, de marcas locais e agentes de produtos dos pa\u00edses de l\u00edngua portuguesa a exporem e venderem os seus produtos durante o evento itinerante.\" data-type=\"image\"><br \/>\n                <img decoding=\"async\" class=\"size-large\" src=\"https:\/\/www.gcs.gov.mo\/news\/p\/P23KCXwgHb\/l\" title=\"O IPIM convidou 28 empresas de fabrico local, de marcas locais e agentes de produtos dos pa\u00edses de l\u00edngua portuguesa a exporem e venderem os seus produtos durante o evento itinerante.\" alt=\"O IPIM convidou 28 empresas de fabrico local, de marcas locais e agentes de produtos dos pa\u00edses de l\u00edngua portuguesa a exporem e venderem os seus produtos durante o evento itinerante.\" width=\"1024\"><br \/>\n                <\/a><\/p>\n<p class=\"wp-caption-text\">O IPIM convidou 28 empresas de fabrico local, de marcas locais e agentes de produtos dos pa\u00edses de l\u00edngua portuguesa a exporem e venderem os seus produtos durante o evento itinerante.<\/p>\n<\/p><\/div>\n<div class=\"wp-caption alignnone\">\n                <a href=\"https:\/\/www.gcs.gov.mo\/news\/p\/P23KCDtiM7\/l\" data-component=\"Popup\" data-fancybox=\"gallery\" data-caption=\"O IPIM convidou 28 empresas de fabrico local, de marcas locais e agentes de produtos dos pa\u00edses de l\u00edngua portuguesa a exporem e venderem os seus produtos durante o evento itinerante.\" data-type=\"image\"><br \/>\n                <img decoding=\"async\" class=\"size-large\" src=\"https:\/\/www.gcs.gov.mo\/news\/p\/P23KCDtiM7\/l\" title=\"O IPIM convidou 28 empresas de fabrico local, de marcas locais e agentes de produtos dos pa\u00edses de l\u00edngua portuguesa a exporem e venderem os seus produtos durante o evento itinerante.\" alt=\"O IPIM convidou 28 empresas de fabrico local, de marcas locais e agentes de produtos dos pa\u00edses de l\u00edngua portuguesa a exporem e venderem os seus produtos durante o evento itinerante.\" width=\"1024\"><br \/>\n                <\/a><\/p>\n<p class=\"wp-caption-text\">O IPIM convidou 28 empresas de fabrico local, de marcas locais e agentes de produtos dos pa\u00edses de l\u00edngua portuguesa a exporem e venderem os seus produtos durante o evento itinerante.<\/p>\n<\/p><\/div>\n<div class=\"wp-caption alignnone\">\n                <a href=\"https:\/\/www.gcs.gov.mo\/news\/p\/P23KClVd7d\/l\" data-component=\"Popup\" data-fancybox=\"gallery\" data-caption=\"Para al\u00e9m das bancas de vendas, o evento possibilitou tamb\u00e9m a promo\u00e7\u00e3o e venda de produtos online, adicionando um elemento de com\u00e9rcio electr\u00f3nico.\" data-type=\"image\"><br \/>\n                <img decoding=\"async\" class=\"size-large\" src=\"https:\/\/www.gcs.gov.mo\/news\/p\/P23KClVd7d\/l\" title=\"Para al\u00e9m das bancas de vendas, o evento possibilitou tamb\u00e9m a promo\u00e7\u00e3o e venda de produtos online, adicionando um elemento de com\u00e9rcio electr\u00f3nico.\" alt=\"Para al\u00e9m das bancas de vendas, o evento possibilitou tamb\u00e9m a promo\u00e7\u00e3o e venda de produtos online, adicionando um elemento de com\u00e9rcio electr\u00f3nico.\" width=\"1024\"><br \/>\n                <\/a><\/p>\n<p class=\"wp-caption-text\">Para al\u00e9m das bancas de vendas, o evento possibilitou tamb\u00e9m a promo\u00e7\u00e3o e venda de produtos online, adicionando um elemento de com\u00e9rcio electr\u00f3nico.<\/p>\n<\/p><\/div>\n<div class=\"wp-caption alignnone\">\n                <a href=\"https:\/\/www.gcs.gov.mo\/news\/p\/P23KCGnfW8\/l\" data-component=\"Popup\" data-fancybox=\"gallery\" data-caption=\"Realizado uma actividade promocional de acumula\u00e7\u00e3o e troca de pontos para estimular o consumo.\" data-type=\"image\"><br \/>\n                <img decoding=\"async\" class=\"size-large\" src=\"https:\/\/www.gcs.gov.mo\/news\/p\/P23KCGnfW8\/l\" title=\"Realizado uma actividade promocional de acumula\u00e7\u00e3o e troca de pontos para estimular o consumo.\" alt=\"Realizado uma actividade promocional de acumula\u00e7\u00e3o e troca de pontos para estimular o consumo.\" width=\"1024\"><br \/>\n                <\/a><\/p>\n<p class=\"wp-caption-text\">Realizado uma actividade promocional de acumula\u00e7\u00e3o e troca de pontos para estimular o consumo.<\/p>\n<\/p><\/div>\n<div class=\"wp-caption alignnone\">\n                <a href=\"https:\/\/www.gcs.gov.mo\/news\/p\/P23KCCNMNT\/l\" data-component=\"Popup\" data-fancybox=\"gallery\" data-caption=\"Realizado um total de 3 sess\u00f5es de negocia\u00e7\u00f5es comerciais, contando com mais 400 sess\u00f5es de bolsas de contacto durante as \u201cSemanas de Macau\u201d do corrente ano.\" data-type=\"image\"><br \/>\n                <img decoding=\"async\" class=\"size-large\" src=\"https:\/\/www.gcs.gov.mo\/news\/p\/P23KCCNMNT\/l\" title=\"Realizado um total de 3 sess\u00f5es de negocia\u00e7\u00f5es comerciais, contando com mais 400 sess\u00f5es de bolsas de contacto durante as \u201cSemanas de Macau\u201d do corrente ano.\" alt=\"Realizado um total de 3 sess\u00f5es de negocia\u00e7\u00f5es comerciais, contando com mais 400 sess\u00f5es de bolsas de contacto durante as \u201cSemanas de Macau\u201d do corrente ano.\" width=\"1024\"><br \/>\n                <\/a><\/p>\n<p class=\"wp-caption-text\">Realizado um total de 3 sess\u00f5es de negocia\u00e7\u00f5es comerciais, contando com mais 400 sess\u00f5es de bolsas de contacto durante as \u201cSemanas de Macau\u201d do corrente ano.<\/p>\n<\/p><\/div>\n","protected":false},"excerpt":{"rendered":"<p>A \u201cSemana de Macau em Xiamen\u2022Fujian\u201d terminou no dia 30 de Outubro, ap&oacute;s cinco dias de eventos. O IPIM convidou 28 empresas locais a exporem [&hellip;]<\/p>\n","protected":false},"author":1,"featured_media":467868,"comment_status":"closed","ping_status":"closed","sticky":false,"template":"","format":"standard","meta":{"_acf_changed":false,"inline_featured_image":false,"advgb_blocks_editor_width":"","advgb_blocks_columns_visual_guide":"","footnotes":""},"categories":[12],"tags":[],"class_list":["post-443189","post","type-post","status-publish","format-standard","has-post-thumbnail","hentry","category-noticias-do-ipim"],"acf":[],"yoast_head":"<!-- This site is optimized with the Yoast SEO plugin v26.2 - https:\/\/yoast.com\/wordpress\/plugins\/seo\/ -->\r\n<title>[2023\/11\/03] \u201cSemana de Macau em Xiamen\u2022Fujian\u201d estreita la\u00e7os comerciais e ajuda as empresas na expans\u00e3o de mercados | Commerce and Investment Promotion Institute<\/title>\r\n<meta name=\"robots\" content=\"index, follow, max-snippet:-1, max-image-preview:large, max-video-preview:-1\" \/>\r\n<link rel=\"canonical\" href=\"https:\/\/www.ipim.gov.mo\/pt-pt\/noticias-do-ipim\/2023-11-06-semana-de-macau-em-xiamenfujian-estreita-lacos-comerciais-e-ajuda-as-empresas-na-expansao-de-mercados\/\" \/>\r\n<meta property=\"og:locale\" content=\"pt_PT\" \/>\r\n<meta property=\"og:type\" content=\"article\" \/>\r\n<meta property=\"og:title\" content=\"[2023\/11\/03] \u201cSemana de Macau em Xiamen\u2022Fujian\u201d estreita la\u00e7os comerciais e ajuda as empresas na expans\u00e3o de mercados | Commerce and Investment Promotion Institute\" \/>\r\n<meta property=\"og:description\" content=\"A \u201cSemana de Macau em Xiamen\u2022Fujian\u201d terminou no dia 30 de Outubro, ap&oacute;s cinco dias de eventos. O IPIM convidou 28 empresas locais a exporem [&hellip;]\" \/>\r\n<meta property=\"og:url\" content=\"https:\/\/www.ipim.gov.mo\/pt-pt\/noticias-do-ipim\/2023-11-06-semana-de-macau-em-xiamenfujian-estreita-lacos-comerciais-e-ajuda-as-empresas-na-expansao-de-mercados\/\" \/>\r\n<meta property=\"og:site_name\" content=\"Commerce and Investment Promotion Institute\" \/>\r\n<meta property=\"article:published_time\" content=\"2023-11-03T01:32:00+00:00\" \/>\r\n<meta property=\"og:image\" content=\"https:\/\/www.ipim.gov.mo\/wp-content\/uploads\/2024\/07\/ipim-post-default.jpg\" \/>\r\n\t<meta property=\"og:image:width\" content=\"1024\" \/>\r\n\t<meta property=\"og:image:height\" content=\"768\" \/>\r\n\t<meta property=\"og:image:type\" content=\"image\/jpeg\" \/>\r\n<meta name=\"author\" content=\"admin\" \/>\r\n<meta name=\"twitter:card\" content=\"summary_large_image\" \/>\r\n<meta name=\"twitter:label1\" content=\"Written by\" \/>\n\t<meta name=\"twitter:data1\" content=\"admin\" \/>\n\t<meta name=\"twitter:label2\" content=\"Est. reading time\" \/>\n\t<meta name=\"twitter:data2\" content=\"4 minutes\" \/>\r\n<script type=\"application\/ld+json\" class=\"yoast-schema-graph\">{\"@context\":\"https:\/\/schema.org\",\"@graph\":[{\"@type\":\"WebPage\",\"@id\":\"https:\/\/www.ipim.gov.mo\/pt-pt\/noticias-do-ipim\/2023-11-06-semana-de-macau-em-xiamenfujian-estreita-lacos-comerciais-e-ajuda-as-empresas-na-expansao-de-mercados\/\",\"url\":\"https:\/\/www.ipim.gov.mo\/pt-pt\/noticias-do-ipim\/2023-11-06-semana-de-macau-em-xiamenfujian-estreita-lacos-comerciais-e-ajuda-as-empresas-na-expansao-de-mercados\/\",\"name\":\"[2023\/11\/03] \u201cSemana de Macau em Xiamen\u2022Fujian\u201d estreita la\u00e7os comerciais e ajuda as empresas na expans\u00e3o de mercados | Commerce and Investment Promotion Institute\",\"isPartOf\":{\"@id\":\"https:\/\/www.ipim.gov.mo\/zh-hans\/#website\"},\"primaryImageOfPage\":{\"@id\":\"https:\/\/www.ipim.gov.mo\/pt-pt\/noticias-do-ipim\/2023-11-06-semana-de-macau-em-xiamenfujian-estreita-lacos-comerciais-e-ajuda-as-empresas-na-expansao-de-mercados\/#primaryimage\"},\"image\":{\"@id\":\"https:\/\/www.ipim.gov.mo\/pt-pt\/noticias-do-ipim\/2023-11-06-semana-de-macau-em-xiamenfujian-estreita-lacos-comerciais-e-ajuda-as-empresas-na-expansao-de-mercados\/#primaryimage\"},\"thumbnailUrl\":\"https:\/\/www.ipim.gov.mo\/wp-content\/uploads\/2024\/07\/ipim-post-default.jpg\",\"datePublished\":\"2023-11-03T01:32:00+00:00\",\"breadcrumb\":{\"@id\":\"https:\/\/www.ipim.gov.mo\/pt-pt\/noticias-do-ipim\/2023-11-06-semana-de-macau-em-xiamenfujian-estreita-lacos-comerciais-e-ajuda-as-empresas-na-expansao-de-mercados\/#breadcrumb\"},\"inLanguage\":\"pt-PT\",\"potentialAction\":[{\"@type\":\"ReadAction\",\"target\":[\"https:\/\/www.ipim.gov.mo\/pt-pt\/noticias-do-ipim\/2023-11-06-semana-de-macau-em-xiamenfujian-estreita-lacos-comerciais-e-ajuda-as-empresas-na-expansao-de-mercados\/\"]}]},{\"@type\":\"ImageObject\",\"inLanguage\":\"pt-PT\",\"@id\":\"https:\/\/www.ipim.gov.mo\/pt-pt\/noticias-do-ipim\/2023-11-06-semana-de-macau-em-xiamenfujian-estreita-lacos-comerciais-e-ajuda-as-empresas-na-expansao-de-mercados\/#primaryimage\",\"url\":\"https:\/\/www.ipim.gov.mo\/wp-content\/uploads\/2024\/07\/ipim-post-default.jpg\",\"contentUrl\":\"https:\/\/www.ipim.gov.mo\/wp-content\/uploads\/2024\/07\/ipim-post-default.jpg\",\"width\":1024,\"height\":768},{\"@type\":\"BreadcrumbList\",\"@id\":\"https:\/\/www.ipim.gov.mo\/pt-pt\/noticias-do-ipim\/2023-11-06-semana-de-macau-em-xiamenfujian-estreita-lacos-comerciais-e-ajuda-as-empresas-na-expansao-de-mercados\/#breadcrumb\",\"itemListElement\":[{\"@type\":\"ListItem\",\"position\":1,\"name\":\"Home\",\"item\":\"https:\/\/www.ipim.gov.mo\/pt-pt\/\"},{\"@type\":\"ListItem\",\"position\":2,\"name\":\"[2023\/11\/03] \u201cSemana de Macau em Xiamen\u2022Fujian\u201d estreita la\u00e7os comerciais e ajuda as empresas na expans\u00e3o de mercados\"}]},{\"@type\":\"WebSite\",\"@id\":\"https:\/\/www.ipim.gov.mo\/zh-hans\/#website\",\"url\":\"https:\/\/www.ipim.gov.mo\/zh-hans\/\",\"name\":\"Commerce and Investment Promotion Institute\",\"description\":\"Commerce and Investment Promotion Institute\",\"publisher\":{\"@id\":\"https:\/\/www.ipim.gov.mo\/zh-hans\/#organization\"},\"potentialAction\":[{\"@type\":\"SearchAction\",\"target\":{\"@type\":\"EntryPoint\",\"urlTemplate\":\"https:\/\/www.ipim.gov.mo\/zh-hans\/?s={search_term_string}\"},\"query-input\":{\"@type\":\"PropertyValueSpecification\",\"valueRequired\":true,\"valueName\":\"search_term_string\"}}],\"inLanguage\":\"pt-PT\"},{\"@type\":\"Organization\",\"@id\":\"https:\/\/www.ipim.gov.mo\/zh-hans\/#organization\",\"name\":\"IPIM\",\"url\":\"https:\/\/www.ipim.gov.mo\/zh-hans\/\",\"logo\":{\"@type\":\"ImageObject\",\"inLanguage\":\"pt-PT\",\"@id\":\"https:\/\/www.ipim.gov.mo\/zh-hans\/#\/schema\/logo\/image\/\",\"url\":\"https:\/\/www.ipim.gov.mo\/wp-content\/uploads\/2022\/10\/default-post-thumbnail-ipim-logo.png\",\"contentUrl\":\"https:\/\/www.ipim.gov.mo\/wp-content\/uploads\/2022\/10\/default-post-thumbnail-ipim-logo.png\",\"width\":1024,\"height\":768,\"caption\":\"IPIM\"},\"image\":{\"@id\":\"https:\/\/www.ipim.gov.mo\/zh-hans\/#\/schema\/logo\/image\/\"}}]}<\/script>\r\n<!-- \/ Yoast SEO plugin. -->","yoast_head_json":{"title":"[2023\/11\/03] \u201cSemana de Macau em Xiamen\u2022Fujian\u201d estreita la\u00e7os comerciais e ajuda as empresas na expans\u00e3o de mercados | Commerce and Investment Promotion Institute","robots":{"index":"index","follow":"follow","max-snippet":"max-snippet:-1","max-image-preview":"max-image-preview:large","max-video-preview":"max-video-preview:-1"},"canonical":"https:\/\/www.ipim.gov.mo\/pt-pt\/noticias-do-ipim\/2023-11-06-semana-de-macau-em-xiamenfujian-estreita-lacos-comerciais-e-ajuda-as-empresas-na-expansao-de-mercados\/","og_locale":"pt_PT","og_type":"article","og_title":"[2023\/11\/03] \u201cSemana de Macau em Xiamen\u2022Fujian\u201d estreita la\u00e7os comerciais e ajuda as empresas na expans\u00e3o de mercados | Commerce and Investment Promotion Institute","og_description":"A \u201cSemana de Macau em Xiamen\u2022Fujian\u201d terminou no dia 30 de Outubro, ap&oacute;s cinco dias de eventos. O IPIM convidou 28 empresas locais a exporem [&hellip;]","og_url":"https:\/\/www.ipim.gov.mo\/pt-pt\/noticias-do-ipim\/2023-11-06-semana-de-macau-em-xiamenfujian-estreita-lacos-comerciais-e-ajuda-as-empresas-na-expansao-de-mercados\/","og_site_name":"Commerce and Investment Promotion Institute","article_published_time":"2023-11-03T01:32:00+00:00","og_image":[{"width":1024,"height":768,"url":"https:\/\/www.ipim.gov.mo\/wp-content\/uploads\/2024\/07\/ipim-post-default.jpg","type":"image\/jpeg"}],"author":"admin","twitter_card":"summary_large_image","twitter_misc":{"Written by":"admin","Est. reading time":"4 minutes"},"schema":{"@context":"https:\/\/schema.org","@graph":[{"@type":"WebPage","@id":"https:\/\/www.ipim.gov.mo\/pt-pt\/noticias-do-ipim\/2023-11-06-semana-de-macau-em-xiamenfujian-estreita-lacos-comerciais-e-ajuda-as-empresas-na-expansao-de-mercados\/","url":"https:\/\/www.ipim.gov.mo\/pt-pt\/noticias-do-ipim\/2023-11-06-semana-de-macau-em-xiamenfujian-estreita-lacos-comerciais-e-ajuda-as-empresas-na-expansao-de-mercados\/","name":"[2023\/11\/03] \u201cSemana de Macau em Xiamen\u2022Fujian\u201d estreita la\u00e7os comerciais e ajuda as empresas na expans\u00e3o de mercados | Commerce and Investment Promotion Institute","isPartOf":{"@id":"https:\/\/www.ipim.gov.mo\/zh-hans\/#website"},"primaryImageOfPage":{"@id":"https:\/\/www.ipim.gov.mo\/pt-pt\/noticias-do-ipim\/2023-11-06-semana-de-macau-em-xiamenfujian-estreita-lacos-comerciais-e-ajuda-as-empresas-na-expansao-de-mercados\/#primaryimage"},"image":{"@id":"https:\/\/www.ipim.gov.mo\/pt-pt\/noticias-do-ipim\/2023-11-06-semana-de-macau-em-xiamenfujian-estreita-lacos-comerciais-e-ajuda-as-empresas-na-expansao-de-mercados\/#primaryimage"},"thumbnailUrl":"https:\/\/www.ipim.gov.mo\/wp-content\/uploads\/2024\/07\/ipim-post-default.jpg","datePublished":"2023-11-03T01:32:00+00:00","breadcrumb":{"@id":"https:\/\/www.ipim.gov.mo\/pt-pt\/noticias-do-ipim\/2023-11-06-semana-de-macau-em-xiamenfujian-estreita-lacos-comerciais-e-ajuda-as-empresas-na-expansao-de-mercados\/#breadcrumb"},"inLanguage":"pt-PT","potentialAction":[{"@type":"ReadAction","target":["https:\/\/www.ipim.gov.mo\/pt-pt\/noticias-do-ipim\/2023-11-06-semana-de-macau-em-xiamenfujian-estreita-lacos-comerciais-e-ajuda-as-empresas-na-expansao-de-mercados\/"]}]},{"@type":"ImageObject","inLanguage":"pt-PT","@id":"https:\/\/www.ipim.gov.mo\/pt-pt\/noticias-do-ipim\/2023-11-06-semana-de-macau-em-xiamenfujian-estreita-lacos-comerciais-e-ajuda-as-empresas-na-expansao-de-mercados\/#primaryimage","url":"https:\/\/www.ipim.gov.mo\/wp-content\/uploads\/2024\/07\/ipim-post-default.jpg","contentUrl":"https:\/\/www.ipim.gov.mo\/wp-content\/uploads\/2024\/07\/ipim-post-default.jpg","width":1024,"height":768},{"@type":"BreadcrumbList","@id":"https:\/\/www.ipim.gov.mo\/pt-pt\/noticias-do-ipim\/2023-11-06-semana-de-macau-em-xiamenfujian-estreita-lacos-comerciais-e-ajuda-as-empresas-na-expansao-de-mercados\/#breadcrumb","itemListElement":[{"@type":"ListItem","position":1,"name":"Home","item":"https:\/\/www.ipim.gov.mo\/pt-pt\/"},{"@type":"ListItem","position":2,"name":"[2023\/11\/03] \u201cSemana de Macau em Xiamen\u2022Fujian\u201d estreita la\u00e7os comerciais e ajuda as empresas na expans\u00e3o de mercados"}]},{"@type":"WebSite","@id":"https:\/\/www.ipim.gov.mo\/zh-hans\/#website","url":"https:\/\/www.ipim.gov.mo\/zh-hans\/","name":"Commerce and Investment Promotion Institute","description":"Commerce and Investment Promotion Institute","publisher":{"@id":"https:\/\/www.ipim.gov.mo\/zh-hans\/#organization"},"potentialAction":[{"@type":"SearchAction","target":{"@type":"EntryPoint","urlTemplate":"https:\/\/www.ipim.gov.mo\/zh-hans\/?s={search_term_string}"},"query-input":{"@type":"PropertyValueSpecification","valueRequired":true,"valueName":"search_term_string"}}],"inLanguage":"pt-PT"},{"@type":"Organization","@id":"https:\/\/www.ipim.gov.mo\/zh-hans\/#organization","name":"IPIM","url":"https:\/\/www.ipim.gov.mo\/zh-hans\/","logo":{"@type":"ImageObject","inLanguage":"pt-PT","@id":"https:\/\/www.ipim.gov.mo\/zh-hans\/#\/schema\/logo\/image\/","url":"https:\/\/www.ipim.gov.mo\/wp-content\/uploads\/2022\/10\/default-post-thumbnail-ipim-logo.png","contentUrl":"https:\/\/www.ipim.gov.mo\/wp-content\/uploads\/2022\/10\/default-post-thumbnail-ipim-logo.png","width":1024,"height":768,"caption":"IPIM"},"image":{"@id":"https:\/\/www.ipim.gov.mo\/zh-hans\/#\/schema\/logo\/image\/"}}]}},"author_meta":{"display_name":"admin","author_link":"https:\/\/www.ipim.gov.mo\/pt-pt\/author\/admin\/"},"featured_img":"https:\/\/www.ipim.gov.mo\/wp-content\/uploads\/2024\/07\/ipim-post-default-300x225.jpg","coauthors":[],"tax_additional":{"categories":{"linked":["<a href=\"https:\/\/www.ipim.gov.mo\/pt-pt\/category\/noticias-do-ipim\/\" class=\"advgb-post-tax-term\">Not\u00edcias do IPIM<\/a>"],"unlinked":["<span class=\"advgb-post-tax-term\">Not\u00edcias do IPIM<\/span>"]}},"comment_count":"0","relative_dates":{"created":"Posted 2 years ago","modified":"Updated 2 years ago"},"absolute_dates":{"created":"Posted on Novembro 3, 2023","modified":"Updated on Novembro 3, 2023"},"absolute_dates_time":{"created":"Posted on Novembro 3, 2023 9:32 am","modified":"Updated on Novembro 3, 2023 9:32 am"},"featured_img_caption":"","series_order":"","_links":{"self":[{"href":"https:\/\/www.ipim.gov.mo\/pt-pt\/wp-json\/wp\/v2\/posts\/443189","targetHints":{"allow":["GET"]}}],"collection":[{"href":"https:\/\/www.ipim.gov.mo\/pt-pt\/wp-json\/wp\/v2\/posts"}],"about":[{"href":"https:\/\/www.ipim.gov.mo\/pt-pt\/wp-json\/wp\/v2\/types\/post"}],"author":[{"embeddable":true,"href":"https:\/\/www.ipim.gov.mo\/pt-pt\/wp-json\/wp\/v2\/users\/1"}],"replies":[{"embeddable":true,"href":"https:\/\/www.ipim.gov.mo\/pt-pt\/wp-json\/wp\/v2\/comments?post=443189"}],"version-history":[{"count":0,"href":"https:\/\/www.ipim.gov.mo\/pt-pt\/wp-json\/wp\/v2\/posts\/443189\/revisions"}],"wp:featuredmedia":[{"embeddable":true,"href":"https:\/\/www.ipim.gov.mo\/pt-pt\/wp-json\/wp\/v2\/media\/467868"}],"wp:attachment":[{"href":"https:\/\/www.ipim.gov.mo\/pt-pt\/wp-json\/wp\/v2\/media?parent=443189"}],"wp:term":[{"taxonomy":"category","embeddable":true,"href":"https:\/\/www.ipim.gov.mo\/pt-pt\/wp-json\/wp\/v2\/categories?post=443189"},{"taxonomy":"post_tag","embeddable":true,"href":"https:\/\/www.ipim.gov.mo\/pt-pt\/wp-json\/wp\/v2\/tags?post=443189"}],"curies":[{"name":"wp","href":"https:\/\/api.w.org\/{rel}","templated":true}]}}