{"id":442159,"date":"2023-10-19T17:05:00","date_gmt":"2023-10-19T09:05:00","guid":{"rendered":"https:\/\/www.ipim.gov.mo\/noticias-do-ipim\/2023-10-19-grande-abertura-1-a-c-plpex-28-a-mif-e-2023mfe-inauguradas-com-a-maior-escala-de-todos-os-anos-para-potenciar-a-dinamica-de-industrias-convencoes-e-exposicoes-dur\/"},"modified":"2023-10-19T17:05:00","modified_gmt":"2023-10-19T09:05:00","slug":"2023-10-19-grande-abertura-1-a-c-plpex-28-a-mif-e-2023mfe-inauguradas-com-a-maior-escala-de-todos-os-anos-para-potenciar-a-dinamica-de-industrias-convencoes-e-exposicoes-dur","status":"publish","type":"post","link":"https:\/\/www.ipim.gov.mo\/pt-pt\/noticias-do-ipim\/2023-10-19-grande-abertura-1-a-c-plpex-28-a-mif-e-2023mfe-inauguradas-com-a-maior-escala-de-todos-os-anos-para-potenciar-a-dinamica-de-industrias-convencoes-e-exposicoes-dur\/","title":{"rendered":"[2023\/10\/19] [Grande Abertura] 1.a C-PLPEX, 28.\u00aa MIF e 2023MFE inauguradas com a maior escala de todos os anos, para potenciar a din\u00e2mica de \u201cind\u00fastrias + conven\u00e7\u00f5es e exposi\u00e7\u00f5es\u201d, durante quatro dias consecutivos"},"content":{"rendered":"<p style=\"text-align:justify\">Foram inauguradas, hoje (dia 19), a 1.&ordf; Exposi&ccedil;&atilde;o Econ&oacute;mica e Comercial China\u2013Pa&iacute;ses de L&iacute;ngua Portuguesa (Macau) (1.<sup>a <\/sup>C-PLPEX), a 28.&ordf; Feira Internacional de Macau (28.&ordf; MIF) e a Exposi&ccedil;&atilde;o de Franquia de Macau 2023 (2023MFE). Com a instala&ccedil;&atilde;o de 20 zonas de exposi&ccedil;&atilde;o e a programa&ccedil;&atilde;o de mais de 60 actividades durante quatro dias consecutivos, as tr&ecirc;s exposi&ccedil;&otilde;es procuram potenciar a din&acirc;mica de \u201cind&uacute;strias + conven&ccedil;&otilde;es e exposi&ccedil;&otilde;es\u201d e criar oportunidades de neg&oacute;cio na sua plataforma de conven&ccedil;&otilde;es e exposi&ccedil;&otilde;es, constru&iacute;da para v&aacute;rios sectores.<\/p>\n<p style=\"text-align:justify\"><strong>Convidados das esferas pol&iacute;tica e comercial reuniram-se na <\/strong><strong>1.<sup>a <\/sup><\/strong><strong>C-PLPEX<\/strong><\/p>\n<p style=\"text-align:justify\">A cerim&oacute;nia de abertura da 1.<sup>a <\/sup>C-PLPEX contou com a presen&ccedil;a dos seguintes convidados de honra: Chefe do Executivo da Regi&atilde;o Administrativa Especial de Macau, Ho Iat Seng; Director do Gabinete de Liga&ccedil;&atilde;o do Governo Popular Central na Regi&atilde;o Administrativa Especial de Macau, Zheng Xincong; Comiss&aacute;rio do Comissariado do Minist&eacute;rio dos Neg&oacute;cios Estrangeiros da Rep&uacute;blica Popular da China na Regi&atilde;o Administrativa Especial de Macau, Liu Xianfa; Ex-Vice-Ministro do Minist&eacute;rio do Com&eacute;rcio da China, Chen Jian; Representante do Minist&eacute;rio do Com&eacute;rcio da China e Director-Geral do Departamento dos Assuntos de Taiwan, Hong Kong e Macau, Fan Shijie; Ministro dos Neg&oacute;cios Estrangeiros, Coopera&ccedil;&atilde;o e Integra&ccedil;&atilde;o Regional de Cabo Verde, Rui Alberto de Figueiredo Soares; Ministra da Justi&ccedil;a, Administra&ccedil;&atilde;o P&uacute;blica e Direitos Humanos de S&atilde;o Tom&eacute; e Pr&iacute;ncipe, Ilza Maria dos Santos Amado Vaz; Ministro dos Neg&oacute;cios Estrangeiros e Coopera&ccedil;&atilde;o de Timor-Leste, Bendito dos Santos Freitas; Vice-Presidente do Comit&eacute; Permanente da Assembleia Popular Provincial de Jiangsu, Zhou Guangzhi; Vice-Presidente do Comit&eacute; Permanente da Assembleia Popular Provincial de Anhui, Han Jun; Secret&aacute;rio para a Economia e Finan&ccedil;as do Governo da Regi&atilde;o Administrativa Especial de Macau, Lei Wai Nong; Representante do Governo Popular da Prov&iacute;ncia de Shandong e Director do Gabinete de Assuntos de Taiwan, Hong Kong e Macau do Governo Popular da Prov&iacute;ncia de Shandong, Zhang Liansan; Vice-Presidente da Assembleia Legislativa da Regi&atilde;o Administrativa Especial de Macau e Presidente da Associa&ccedil;&atilde;o Comercial de Macau, Chui Sai Cheong; Vice-Ministro de Com&eacute;rcio, Ind&uacute;stria e Promo&ccedil;&atilde;o Empresarial da Guin&eacute; Equatorial, Jer&oacute;nimo Carlos Osa Osa Nzang; Secret&aacute;ria de Estado do Plano e Integra&ccedil;&atilde;o Regional da Guin&eacute;-Bissau, Mussub&aacute; Cant&eacute;; Secret&aacute;rio de Estado da Economia de Portugal, Pedro Miguel Ferreira Jorge Cil&iacute;nio; Chefe do Gabinete do Secret&aacute;rio para a Economia e Finan&ccedil;as do Governo da Regi&atilde;o Administrativa Especial de Macau, Ku Mei Leng; Representante do Presidente Ren Hongbin do Conselho Chin&ecirc;s para a Promo&ccedil;&atilde;o do Com&eacute;rcio Internacional, Cui Wenlong; Secret&aacute;rio-Geral do Secretariado Permanente do F&oacute;rum para a Coopera&ccedil;&atilde;o Econ&oacute;mica e Comercial entre a China e os Pa&iacute;ses de L&iacute;ngua Portuguesa (Macau), Ji Xianzheng; Director da Direc&ccedil;&atilde;o &Aacute;sia e Oce&acirc;nia do Minist&eacute;rio das Rela&ccedil;&otilde;es Exteriores de Angola, Miguel Dialamicua; Director do Departamento de China, R&uacute;ssia e &Aacute;sia Central do Minist&eacute;rio das Rela&ccedil;&otilde;es Exteriores do Brasil, Pedro Murilo Ortega Terra; Director Nacional de Com&eacute;rcio Externo do Minist&eacute;rio da Ind&uacute;stria e Com&eacute;rcio de Mo&ccedil;ambique, Claire Mateus Filipe Correia Zimba; e Presidente do Instituto de Promo&ccedil;&atilde;o do Com&eacute;rcio e do Investimento de Macau, U U Sang.<\/p>\n<p style=\"text-align:justify\">O Representante do Minist&eacute;rio do Com&eacute;rcio da China e Director-Geral do Departamento dos Assuntos de Taiwan, Hong Kong e Macau, Fan Shijie, referiu no seu discurso, que teve lugar hoje, como combinado, a Exposi&ccedil;&atilde;o Econ&oacute;mica e Comercial China\u2013Pa&iacute;ses de L&iacute;ngua Portuguesa, cuja realiza&ccedil;&atilde;o foi anunciada no decorrer da Reuni&atilde;o Extraordin&aacute;ria Ministerial do F&oacute;rum de Macau, em Abril de 2022. Uma vasta gama de produtos de qualidade e de servi&ccedil;os caracter&iacute;sticos dos Pa&iacute;ses de L&iacute;ngua Portuguesa &eacute; reunida no evento, o que ir&aacute; desempenhar ainda mais as vantagens &uacute;nicas de Macau, para aprofundar o interc&acirc;mbio e a coopera&ccedil;&atilde;o entre Macau e os Pa&iacute;ses de L&iacute;ngua Portuguesa em &aacute;reas como com&eacute;rcio, investimento, cultura e turismo. No futuro, ser&aacute; dado apoio &agrave; constru&ccedil;&atilde;o da Plataforma Sino-Lus&oacute;fona de Macau, em tr&ecirc;s aspectos: em primeiro lugar, persistir na constru&ccedil;&atilde;o conjunta de alta qualidade da iniciativa \u201cUma Faixa, Uma Rota\u201d, para criar novas oportunidades da coopera&ccedil;&atilde;o sino-lus&oacute;fona; em segundo lugar, elevar o n&iacute;vel do com&eacute;rcio e do investimento, para cultivar novos motores de desenvolvimento econ&oacute;mico; em terceiro lugar, desempenhar o papel de Macau como plataforma, para levar a coopera&ccedil;&atilde;o sino-lus&oacute;fona at&eacute; a um novo patamar.<\/p>\n<p style=\"text-align:justify\">A Secret&aacute;ria de Estado do Plano e Integra&ccedil;&atilde;o Regional da Guin&eacute;-Bissau, Mussub&aacute; Cant&eacute;, reiterou, no seu discurso, o papel que a Regi&atilde;o Administrativa Especial de Macau tem enquanto Plataforma Sino-Lus&oacute;fona, focando tamb&eacute;m a participa&ccedil;&atilde;o de empresas de v&aacute;rios pa&iacute;ses na 1.<sup>a <\/sup>C-PLPEX. Segundo a Secret&aacute;ria, a exposi&ccedil;&atilde;o representa uma oportunidade para diversificar os mercados de exporta&ccedil;&atilde;o de bens e servi&ccedil;os, para que, conjuntamente, se retirem vantagens e criem maiores sinergias nas rela&ccedil;&otilde;es econ&oacute;micas e comerciais entre o Interior da China, a RAEM e os Pa&iacute;ses de L&iacute;ngua Portuguesa. No quadro da iniciativa \u201cUma Faixa, Uma Rota\u201d, a China e os Pa&iacute;ses de L&iacute;ngua Portuguesa encontrar&atilde;o certamente oportunidades potenciadas pela \u201cCoopera&ccedil;&atilde;o da Capacidade Produtiva\u201d, que visam a prosperidade e o desenvolvimento comum para a promo&ccedil;&atilde;o da coopera&ccedil;&atilde;o econ&oacute;mica e comercial entre as duas partes.<\/p>\n<p style=\"text-align:justify\">O Secret&aacute;rio para a Economia e Finan&ccedil;as do Governo da Regi&atilde;o Administrativa Especial de Macau, Lei Wai Nong, afirmou, no seu discurso, que a realiza&ccedil;&atilde;o da 1.<sup>a <\/sup>C-PLPEX demonstra, mais uma vez, a elevada considera&ccedil;&atilde;o e o forte apoio concedidos pelo Estado &agrave; constru&ccedil;&atilde;o da Plataforma Sino-Lus&oacute;fona de Macau. Assente no posicionamento de desenvolvimento \u201cUm Centro, Uma Plataforma e Uma Base\u201d, Macau continuar&aacute; a aproveitar proactivamente as importantes oportunidades que tem, como a constru&ccedil;&atilde;o da iniciativa \u201cUma Faixa, Uma Rota\u201d; Macau continuar&aacute; tamb&eacute;m a desempenhar melhor o papel de ponte para a realiza&ccedil;&atilde;o de interc&acirc;mbios entre a China e os Pa&iacute;ses de L&iacute;ngua Portuguesa na nova conjuntura de desenvolvimento da \u201cDupla Circula&ccedil;&atilde;o Econ&oacute;mica\u201d do Pa&iacute;s, bem como ir&aacute; promover a constru&ccedil;&atilde;o do novo modelo de \u201cPlataforma de Macau, Recursos Internacionais, Espa&ccedil;o em Hengqin, Resultados Compartilhados\u201d, para um desenvolvimento coordenado entre as ind&uacute;strias de Macau e de Hengqin. Assim se contribuir&aacute; para as coopera&ccedil;&otilde;es econ&oacute;mico-comerciais sino-lus&oacute;fonas e a constru&ccedil;&atilde;o da Plataforma Sino-Lus&oacute;fona, com mais confian&ccedil;a, estabilidade e energias positivas.<\/p>\n<p style=\"text-align:justify\"><strong>Com a maior escala <\/strong><strong>de todos os anos, o evento conta com a participa&ccedil;&atilde;o activa das empresas e dos compradores<\/strong><\/p>\n<p style=\"text-align:justify\">Com a finalidade de acompanhar o desenvolvimento da diversifica&ccedil;&atilde;o industrial \u201c1+4\u201d e de aumentar a efic&aacute;cia do evento, as tr&ecirc;s exposi&ccedil;&otilde;es ser&atilde;o realizadas, entre os dias 19 e 22, nos Pavilh&otilde;es A, B, C e D da Cotai Expo, do <em>The Venetian Macau<\/em>. A &aacute;rea total de exposi&ccedil;&atilde;o aumentou quase 30%, para 37.000 metros quadrados, e o n&uacute;mero de expositores aumentou mais de 10%, com a participa&ccedil;&atilde;o de cerca de 1.200 empresas e organiza&ccedil;&otilde;es, das quais cerca de 430 s&atilde;o relativas a expositores de Macau e cerca de 770 s&atilde;o provenientes de 14 pa&iacute;ses e regi&otilde;es, incluindo o Interior da China, os nove Pa&iacute;ses de L&iacute;ngua Portuguesa, Tail&acirc;ndia, Jap&atilde;o, entre outros. As ind&uacute;strias abrangidas incluem <em>big health<\/em>, alta tecnologia, finan&ccedil;as modernas, cultura e criatividade, turismo integrado, com&eacute;rcio e retalho, produ&ccedil;&atilde;o de alimentos, com&eacute;rcio electr&oacute;nico transfronteiri&ccedil;o, conserva&ccedil;&atilde;o de energia e protec&ccedil;&atilde;o ambiental, entre outras. A escala do evento e o n&uacute;mero de expositores s&atilde;o os maiores, comparando com todas as edi&ccedil;&otilde;es anteriores.<\/p>\n<p style=\"text-align:justify\">O n&uacute;mero de compradores aumentou 80%, ap&oacute;s a reabertura das fronteiras de Macau, com mais de 2.000 compradores e visitantes profissionais de todo o mundo, incluindo tamb&eacute;m empresas como a Walmart (Guangdong), a JD.com, a Vipshop e a Zhejiang Tmall Technology, que procuram oportunidades de neg&oacute;cio, de forma tanto virtual como presencial.<\/p>\n<p style=\"text-align:justify\">Al&eacute;m disso, as exposi&ccedil;&otilde;es continuam a aproveitar os meios tecnol&oacute;gicos para alargar as oportunidades da plataforma e para construir uma plataforma de liga&ccedil;&atilde;o com duas vertentes, atrav&eacute;s de v&aacute;rios meios, tais como: salas de exposi&ccedil;&atilde;o <em>online<\/em>, bolsas de contactos <em>online<\/em>, servi&ccedil;o de bolsas de contactos \u201cMatching GoGo\u201d (onde os comerciantes virtualmente participantes se encontram com os expositores atrav&eacute;s dos dispositivos electr&oacute;nicos m&oacute;veis), salas de transmiss&atilde;o ao vivo, navega&ccedil;&atilde;o de exposi&ccedil;&atilde;o interior (para ajudar os comerciantes participantes a localizar e procurar <em>stands<\/em>), embaixadores de exposi&ccedil;&atilde;o de Intelig&ecirc;ncia Artificial (IA) (para fornecer informa&ccedil;&otilde;es em tempo real sobre as exposi&ccedil;&otilde;es), <em>streaming <\/em>de KOLs do Interior da China, dos Pa&iacute;ses de L&iacute;ngua Portuguesa e de Macau, entre outros elementos. O objectivo consiste em utilizar o poder da ci&ecirc;ncia e da tecnologia para divulgar o evento, atrair o fluxo de pessoas, melhorar a experi&ecirc;ncia de participa&ccedil;&atilde;o e explorar ainda mais oportunidades de neg&oacute;cio potenciais.<\/p>\n<p style=\"text-align:justify\"><strong>Uma vasta gama de actividades das tr&ecirc;s exposi&ccedil;&otilde;es <\/strong><strong>promove o desenvolvimento diversificado das ind&uacute;strias \u201c1+4\u201d<\/strong><\/p>\n<p style=\"text-align:justify\">Com o intuito de implementar a estrat&eacute;gia de desenvolvimento de diversifica&ccedil;&atilde;o adequada \u201c1+4\u201d do Governo da RAEM e aumentar a efic&aacute;cia das exposi&ccedil;&otilde;es, ser&atilde;o realizadas, durante o decorrer da MIF, da MFE e da C-PLPEX, mais de 60 actividades, em torno de <em>big health<\/em>, finan&ccedil;as modernas, tecnologia de ponta, conven&ccedil;&otilde;es e exposi&ccedil;&otilde;es e com&eacute;rcio, entre outras ind&uacute;strias principais. Estas actividades ser&atilde;o realizadas de formas diversificadas, nomeadamente, atrav&eacute;s de bolsas de contactos tem&aacute;ticas, conven&ccedil;&otilde;es e f&oacute;runs, sess&otilde;es de apresenta&ccedil;&atilde;o e interc&acirc;mbio, lan&ccedil;amento de novos produtos, um evento em dois locais, visitas guiadas a bairros comunit&aacute;rios, etc.<\/p>\n<p style=\"text-align:justify\">Ainda em rela&ccedil;&atilde;o ao programa das tr&ecirc;s exposi&ccedil;&otilde;es, ser&atilde;o realizadas nove sess&otilde;es de bolsas de contactos alusivas a diversos temas, designadamente, Pa&iacute;ses de L&iacute;ngua Portuguesa, com&eacute;rcio electr&oacute;nico transfronteiri&ccedil;o, com&eacute;rcio entre Macau e Hengqin, finan&ccedil;as modernas, Medicina Tradicional Chinesa e <em>big health<\/em>, Macao Ideas, tecnologia de ponta, oportunidades de neg&oacute;cio de marcas, turismo integrado, entre outros. Para as nove sess&otilde;es tem&aacute;ticas, j&aacute; foram marcados, antes das exposi&ccedil;&otilde;es, mais de 300 encontros comerciais para os expositores. O objectivo desta iniciativa passa por ajudar os participantes a aproveitar a plataforma de conven&ccedil;&otilde;es e exposi&ccedil;&otilde;es, para criar contactos comerciais e novas oportunidades de neg&oacute;cio. Em termos concretos, as prov&iacute;ncias e cidades do Interior da China, como Shandong, Zhuhai, Shenzhen e Anhui, ir&atilde;o aproveitar a ocasi&atilde;o para divulgar o seu ambiente de investimento e neg&oacute;cio, com a inten&ccedil;&atilde;o de aprofundar a coopera&ccedil;&atilde;o no &acirc;mbito de finan&ccedil;as e log&iacute;stica, bem como obter benef&iacute;cios e ganhos m&uacute;tuos entre v&aacute;rias partes.<\/p>\n<p style=\"text-align:justify\">A realiza&ccedil;&atilde;o da 1.&ordf; C-PLPEX procura ir ao encontro das necessidades de enriquecer, de forma cont&iacute;nua, a coopera&ccedil;&atilde;o program&aacute;tica entre a China e os Pa&iacute;ses de L&iacute;ngua Portuguesa a n&iacute;vel econ&oacute;mico e comercial. Neste sentido, com o tema \u201cCriando, em conjunto, novos motores de coopera&ccedil;&atilde;o e compartilhando novas oportunidades de desenvolvimento\u201d, ter&atilde;o lugar, durante 1.&ordf; C-PLPEX, v&aacute;rios f&oacute;runs e confer&ecirc;ncias, actividades de selec&ccedil;&atilde;o e avalia&ccedil;&atilde;o e sess&otilde;es de apresenta&ccedil;&atilde;o, no sentido de emparelhar as oportunidades de neg&oacute;cio entre os dois lados. Entre as actividades, destacam-se o FIN Business Forum Macau, a 13.&ordf; Cimeira para o Desenvolvimento Comercial e Industrial da Prov&iacute;ncia de Jiangsu, Macau e dos Pa&iacute;ses de L&iacute;ngua Portuguesa, a Sess&atilde;o de Interc&acirc;mbio Econ&oacute;mico e Comercial entre os Pa&iacute;ses de L&iacute;ngua Portuguesa, Fujian e Macau, a \u201cG100 x 1.&ordf; C-PLPEX \u2014 Cerim&oacute;nia de Entrega dos Pr&eacute;mios de Vinhos e Bebidas Espirituosas mais Promissores dos Pa&iacute;ses de L&iacute;ngua Portuguesa\u201d e a Cerim&oacute;nia de Entrega de Pr&eacute;mios para os Gr&atilde;os de Caf&eacute; dos Pa&iacute;ses de L&iacute;ngua Portuguesa da 1.&ordf; C-PLPEX.<\/p>\n<p style=\"text-align:justify\">Para al&eacute;m das referidas actividades, as tr&ecirc;s exposi&ccedil;&otilde;es trar&atilde;o ainda ao p&uacute;blico um conjunto de espect&aacute;culos e <em>workshop<\/em>s com caracter&iacute;sticas dos mundos chin&ecirc;s e lus&oacute;fono e disponibilizar&atilde;o canais diversificados para as marcas divulgarem o seu <em>charme<\/em>, nomeadamente a exibi&ccedil;&atilde;o e a comercializa&ccedil;&atilde;o dos produtos de v&aacute;rias marcas internacionais e do Interior da China no recinto, bem como a cria&ccedil;&atilde;o da Avenida de Gastronomia.<\/p>\n<p style=\"text-align:justify\"><strong>Autocarros de liga&ccedil;&atilde;o e estacionamento gratuitos<\/strong><\/p>\n<p style=\"text-align:justify\">O primeiro dia do evento (19 de Outubro) est&aacute; reservado exclusivamente para os visitantes profissionais; o segundo, terceiro e quarto dias do evento (20 e 22 de Outubro) ser&atilde;o abertos ao p&uacute;blico, com entrada gratuita. A entidade organizadora disponibilizar&aacute; ainda quatro linhas de autocarros, entre o local do evento e v&aacute;rios locais, como as Zonas Norte e Central da Pen&iacute;nsula de Macau, a Taipa, entre outros. O p&uacute;blico pode tamb&eacute;m estacionar gratuitamente durante 24 horas no parque de estacionamento do <em>The Venetian Macao<\/em>, do Parisiense Macau e do Hotel Londrino Macau.<\/p>\n<p style=\"text-align:justify\">Para mais informa&ccedil;&otilde;es recentes, subscreva a conta do WeChat: MICE_IPIM ou visite as p&aacute;ginas electr&oacute;nicas dos eventos: www.cplpex.mo, www.mif.com.mo ou www.mfe.mo.<\/p>\n<div class=\"wp-caption alignnone\">\n                <a href=\"https:\/\/www.gcs.gov.mo\/news\/p\/P23JSbuFys\/l\" data-component=\"Popup\" data-fancybox=\"gallery\" data-caption=\"Chefe do Executivo, Ho Iat Seng, e os convidados presidem \u00e0 cerim\u00f3nia de Inaugura\u00e7\u00e3o da &quot;28.\u00aa Feira Internacional de Macau\u201d.\" data-type=\"image\"><br \/>\n                <img decoding=\"async\" class=\"size-large\" src=\"https:\/\/www.gcs.gov.mo\/news\/p\/P23JSbuFys\/l\" title=\"Chefe do Executivo, Ho Iat Seng, e os convidados presidem \u00e0 cerim\u00f3nia de Inaugura\u00e7\u00e3o da &quot;28.\u00aa Feira Internacional de Macau\u201d.\" alt=\"Chefe do Executivo, Ho Iat Seng, e os convidados presidem \u00e0 cerim\u00f3nia de Inaugura\u00e7\u00e3o da &quot;28.\u00aa Feira Internacional de Macau\u201d.\" width=\"1024\"><br \/>\n                <\/a><\/p>\n<p class=\"wp-caption-text\">Chefe do Executivo, Ho Iat Seng, e os convidados presidem \u00e0 cerim\u00f3nia de Inaugura\u00e7\u00e3o da &quot;28.\u00aa Feira Internacional de Macau\u201d.<\/p>\n<\/p><\/div>\n<div class=\"wp-caption alignnone\">\n                <a href=\"https:\/\/www.gcs.gov.mo\/news\/p\/P23JSNqTvV\/l\" data-component=\"Popup\" data-fancybox=\"gallery\" data-caption=\"Chefe do Executivo, Ho Iat Seng, e os convidados em frente ao pavilh\u00e3o de Macau, no \u00e2mbito da &quot;28.\u00aa Feira Internacional de Macau\u201d.\" data-type=\"image\"><br \/>\n                <img decoding=\"async\" class=\"size-large\" src=\"https:\/\/www.gcs.gov.mo\/news\/p\/P23JSNqTvV\/l\" title=\"Chefe do Executivo, Ho Iat Seng, e os convidados em frente ao pavilh\u00e3o de Macau, no \u00e2mbito da &quot;28.\u00aa Feira Internacional de Macau\u201d.\" alt=\"Chefe do Executivo, Ho Iat Seng, e os convidados em frente ao pavilh\u00e3o de Macau, no \u00e2mbito da &quot;28.\u00aa Feira Internacional de Macau\u201d.\" width=\"1024\"><br \/>\n                <\/a><\/p>\n<p class=\"wp-caption-text\">Chefe do Executivo, Ho Iat Seng, e os convidados em frente ao pavilh\u00e3o de Macau, no \u00e2mbito da &quot;28.\u00aa Feira Internacional de Macau\u201d.<\/p>\n<\/p><\/div>\n<div class=\"wp-caption alignnone\">\n                <a href=\"https:\/\/www.gcs.gov.mo\/news\/p\/P23JSP9hzl\/l\" data-component=\"Popup\" data-fancybox=\"gallery\" data-caption=\"Chefe do Executivo, Ho Iat Seng, visita os pavilh\u00f5es da &quot;28\u00aa Feira Internacional de Macau&quot; e da \u201c1.\u00aa Exposi\u00e7\u00e3o Econ\u00f3mica e Comercial China-Pa\u00edses de L\u00edngua Portuguesa (Macau)\u201d.\" data-type=\"image\"><br \/>\n                <img decoding=\"async\" class=\"size-large\" src=\"https:\/\/www.gcs.gov.mo\/news\/p\/P23JSP9hzl\/l\" title=\"Chefe do Executivo, Ho Iat Seng, visita os pavilh\u00f5es da &quot;28\u00aa Feira Internacional de Macau&quot; e da \u201c1.\u00aa Exposi\u00e7\u00e3o Econ\u00f3mica e Comercial China-Pa\u00edses de L\u00edngua Portuguesa (Macau)\u201d.\" alt=\"Chefe do Executivo, Ho Iat Seng, visita os pavilh\u00f5es da &quot;28\u00aa Feira Internacional de Macau&quot; e da \u201c1.\u00aa Exposi\u00e7\u00e3o Econ\u00f3mica e Comercial China-Pa\u00edses de L\u00edngua Portuguesa (Macau)\u201d.\" width=\"1024\"><br \/>\n                <\/a><\/p>\n<p class=\"wp-caption-text\">Chefe do Executivo, Ho Iat Seng, visita os pavilh\u00f5es da &quot;28\u00aa Feira Internacional de Macau&quot; e da \u201c1.\u00aa Exposi\u00e7\u00e3o Econ\u00f3mica e Comercial China-Pa\u00edses de L\u00edngua Portuguesa (Macau)\u201d.<\/p>\n<\/p><\/div>\n<div class=\"wp-caption alignnone\">\n                <a href=\"https:\/\/www.gcs.gov.mo\/news\/p\/P23JSIIQgc\/l\" data-component=\"Popup\" data-fancybox=\"gallery\" data-caption=\"Chefe do Executivo, Ho Iat Seng, visita os pavilh\u00f5es da &quot;28\u00aa Feira Internacional de Macau&quot; e da \u201c1.\u00aa Exposi\u00e7\u00e3o Econ\u00f3mica e Comercial China-Pa\u00edses de L\u00edngua Portuguesa (Macau)\u201d.\" data-type=\"image\"><br \/>\n                <img decoding=\"async\" class=\"size-large\" src=\"https:\/\/www.gcs.gov.mo\/news\/p\/P23JSIIQgc\/l\" title=\"Chefe do Executivo, Ho Iat Seng, visita os pavilh\u00f5es da &quot;28\u00aa Feira Internacional de Macau&quot; e da \u201c1.\u00aa Exposi\u00e7\u00e3o Econ\u00f3mica e Comercial China-Pa\u00edses de L\u00edngua Portuguesa (Macau)\u201d.\" alt=\"Chefe do Executivo, Ho Iat Seng, visita os pavilh\u00f5es da &quot;28\u00aa Feira Internacional de Macau&quot; e da \u201c1.\u00aa Exposi\u00e7\u00e3o Econ\u00f3mica e Comercial China-Pa\u00edses de L\u00edngua Portuguesa (Macau)\u201d.\" width=\"1024\"><br \/>\n                <\/a><\/p>\n<p class=\"wp-caption-text\">Chefe do Executivo, Ho Iat Seng, visita os pavilh\u00f5es da &quot;28\u00aa Feira Internacional de Macau&quot; e da \u201c1.\u00aa Exposi\u00e7\u00e3o Econ\u00f3mica e Comercial China-Pa\u00edses de L\u00edngua Portuguesa (Macau)\u201d.<\/p>\n<\/p><\/div>\n<div class=\"wp-caption alignnone\">\n                <a href=\"https:\/\/www.gcs.gov.mo\/news\/p\/P23JSBiJUW\/l\" data-component=\"Popup\" data-fancybox=\"gallery\" data-caption=\"Chefe do Executivo, Ho Iat Seng, visita os pavilh\u00f5es da &quot;28\u00aa Feira Internacional de Macau&quot; e da \u201c1.\u00aa Exposi\u00e7\u00e3o Econ\u00f3mica e Comercial China-Pa\u00edses de L\u00edngua Portuguesa (Macau)\u201d.\" data-type=\"image\"><br \/>\n                <img decoding=\"async\" class=\"size-large\" src=\"https:\/\/www.gcs.gov.mo\/news\/p\/P23JSBiJUW\/l\" title=\"Chefe do Executivo, Ho Iat Seng, visita os pavilh\u00f5es da &quot;28\u00aa Feira Internacional de Macau&quot; e da \u201c1.\u00aa Exposi\u00e7\u00e3o Econ\u00f3mica e Comercial China-Pa\u00edses de L\u00edngua Portuguesa (Macau)\u201d.\" alt=\"Chefe do Executivo, Ho Iat Seng, visita os pavilh\u00f5es da &quot;28\u00aa Feira Internacional de Macau&quot; e da \u201c1.\u00aa Exposi\u00e7\u00e3o Econ\u00f3mica e Comercial China-Pa\u00edses de L\u00edngua Portuguesa (Macau)\u201d.\" width=\"1024\"><br \/>\n                <\/a><\/p>\n<p class=\"wp-caption-text\">Chefe do Executivo, Ho Iat Seng, visita os pavilh\u00f5es da &quot;28\u00aa Feira Internacional de Macau&quot; e da \u201c1.\u00aa Exposi\u00e7\u00e3o Econ\u00f3mica e Comercial China-Pa\u00edses de L\u00edngua Portuguesa (Macau)\u201d.<\/p>\n<\/p><\/div>\n<div class=\"wp-caption alignnone\">\n                <a href=\"https:\/\/www.gcs.gov.mo\/news\/p\/P23JSGAMvI\/l\" data-component=\"Popup\" data-fancybox=\"gallery\" data-caption=\"Chefe do Executivo, Ho Iat Seng, e os convidados presidem \u00e0 cerim\u00f3nia de Inaugura\u00e7\u00e3o da \u201c1.\u00aa Exposi\u00e7\u00e3o Econ\u00f3mica e Comercial China-Pa\u00edses de L\u00edngua Portuguesa (Macau)\u201d.\" data-type=\"image\"><br \/>\n                <img decoding=\"async\" class=\"size-large\" src=\"https:\/\/www.gcs.gov.mo\/news\/p\/P23JSGAMvI\/l\" title=\"Chefe do Executivo, Ho Iat Seng, e os convidados presidem \u00e0 cerim\u00f3nia de Inaugura\u00e7\u00e3o da \u201c1.\u00aa Exposi\u00e7\u00e3o Econ\u00f3mica e Comercial China-Pa\u00edses de L\u00edngua Portuguesa (Macau)\u201d.\" alt=\"Chefe do Executivo, Ho Iat Seng, e os convidados presidem \u00e0 cerim\u00f3nia de Inaugura\u00e7\u00e3o da \u201c1.\u00aa Exposi\u00e7\u00e3o Econ\u00f3mica e Comercial China-Pa\u00edses de L\u00edngua Portuguesa (Macau)\u201d.\" width=\"1024\"><br \/>\n                <\/a><\/p>\n<p class=\"wp-caption-text\">Chefe do Executivo, Ho Iat Seng, e os convidados presidem \u00e0 cerim\u00f3nia de Inaugura\u00e7\u00e3o da \u201c1.\u00aa Exposi\u00e7\u00e3o Econ\u00f3mica e Comercial China-Pa\u00edses de L\u00edngua Portuguesa (Macau)\u201d.<\/p>\n<\/p><\/div>\n<div class=\"wp-caption alignnone\">\n                <a href=\"https:\/\/www.gcs.gov.mo\/news\/p\/P23JSnp61b\/l\" data-component=\"Popup\" data-fancybox=\"gallery\" data-caption=\"O Representante do Minist\u00e9rio do Com\u00e9rcio da Rep\u00fablica Popular da China e Director-Geral do Departamento dos Assuntos de Taiwan, Hong Kong e Macau, Fan Shijie, proferiu um discurso.\" data-type=\"image\"><br \/>\n                <img decoding=\"async\" class=\"size-large\" src=\"https:\/\/www.gcs.gov.mo\/news\/p\/P23JSnp61b\/l\" title=\"O Representante do Minist\u00e9rio do Com\u00e9rcio da Rep\u00fablica Popular da China e Director-Geral do Departamento dos Assuntos de Taiwan, Hong Kong e Macau, Fan Shijie, proferiu um discurso.\" alt=\"O Representante do Minist\u00e9rio do Com\u00e9rcio da Rep\u00fablica Popular da China e Director-Geral do Departamento dos Assuntos de Taiwan, Hong Kong e Macau, Fan Shijie, proferiu um discurso.\" width=\"1024\"><br \/>\n                <\/a><\/p>\n<p class=\"wp-caption-text\">O Representante do Minist\u00e9rio do Com\u00e9rcio da Rep\u00fablica Popular da China e Director-Geral do Departamento dos Assuntos de Taiwan, Hong Kong e Macau, Fan Shijie, proferiu um discurso.<\/p>\n<\/p><\/div>\n<div class=\"wp-caption alignnone\">\n                <a href=\"https:\/\/www.gcs.gov.mo\/news\/p\/P23JSdxTNy\/l\" data-component=\"Popup\" data-fancybox=\"gallery\" data-caption=\"A Secret\u00e1ria de Estado do Plano e Integra\u00e7\u00e3o Regional da Guin\u00e9-Bissau, Mussub\u00e1 Cant\u00e9, proferiu um discurso.\" data-type=\"image\"><br \/>\n                <img decoding=\"async\" class=\"size-large\" src=\"https:\/\/www.gcs.gov.mo\/news\/p\/P23JSdxTNy\/l\" title=\"A Secret\u00e1ria de Estado do Plano e Integra\u00e7\u00e3o Regional da Guin\u00e9-Bissau, Mussub\u00e1 Cant\u00e9, proferiu um discurso.\" alt=\"A Secret\u00e1ria de Estado do Plano e Integra\u00e7\u00e3o Regional da Guin\u00e9-Bissau, Mussub\u00e1 Cant\u00e9, proferiu um discurso.\" width=\"1024\"><br \/>\n                <\/a><\/p>\n<p class=\"wp-caption-text\">A Secret\u00e1ria de Estado do Plano e Integra\u00e7\u00e3o Regional da Guin\u00e9-Bissau, Mussub\u00e1 Cant\u00e9, proferiu um discurso.<\/p>\n<\/p><\/div>\n<div class=\"wp-caption alignnone\">\n                <a href=\"https:\/\/www.gcs.gov.mo\/news\/p\/P23JSJZidm\/l\" data-component=\"Popup\" data-fancybox=\"gallery\" data-caption=\"O Secret\u00e1rio para a Economia e Finan\u00e7as do Governo da Regi\u00e3o Administrativa Especial de Macau, Lei Wai Nong, proferiu um discurso.\" data-type=\"image\"><br \/>\n                <img decoding=\"async\" class=\"size-large\" src=\"https:\/\/www.gcs.gov.mo\/news\/p\/P23JSJZidm\/l\" title=\"O Secret\u00e1rio para a Economia e Finan\u00e7as do Governo da Regi\u00e3o Administrativa Especial de Macau, Lei Wai Nong, proferiu um discurso.\" alt=\"O Secret\u00e1rio para a Economia e Finan\u00e7as do Governo da Regi\u00e3o Administrativa Especial de Macau, Lei Wai Nong, proferiu um discurso.\" width=\"1024\"><br \/>\n                <\/a><\/p>\n<p class=\"wp-caption-text\">O Secret\u00e1rio para a Economia e Finan\u00e7as do Governo da Regi\u00e3o Administrativa Especial de Macau, Lei Wai Nong, proferiu um discurso.<\/p>\n<\/p><\/div>\n<div class=\"wp-caption alignnone\">\n                <a href=\"https:\/\/www.gcs.gov.mo\/news\/p\/P23JSfsRn2\/l\" data-component=\"Popup\" data-fancybox=\"gallery\" data-caption=\"A 1.\u00aa C-PLPEX tem como tema \u201cCriando, em conjunto, novos motores de coopera\u00e7\u00e3o e compartilhando novas oportunidades de desenvolvimento\u201d.\" data-type=\"image\"><br \/>\n                <img decoding=\"async\" class=\"size-large\" src=\"https:\/\/www.gcs.gov.mo\/news\/p\/P23JSfsRn2\/l\" title=\"A 1.\u00aa C-PLPEX tem como tema \u201cCriando, em conjunto, novos motores de coopera\u00e7\u00e3o e compartilhando novas oportunidades de desenvolvimento\u201d.\" alt=\"A 1.\u00aa C-PLPEX tem como tema \u201cCriando, em conjunto, novos motores de coopera\u00e7\u00e3o e compartilhando novas oportunidades de desenvolvimento\u201d.\" width=\"1024\"><br \/>\n                <\/a><\/p>\n<p class=\"wp-caption-text\">A 1.\u00aa C-PLPEX tem como tema \u201cCriando, em conjunto, novos motores de coopera\u00e7\u00e3o e compartilhando novas oportunidades de desenvolvimento\u201d.<\/p>\n<\/p><\/div>\n<div class=\"wp-caption alignnone\">\n                <a href=\"https:\/\/www.gcs.gov.mo\/news\/p\/P23JSAYRdW\/l\" data-component=\"Popup\" data-fancybox=\"gallery\" data-caption=\"A 28.\u00aa MIF tem como tema \u201cMais do que neg\u00f3cios\u201d.\" data-type=\"image\"><br \/>\n                <img decoding=\"async\" class=\"size-large\" src=\"https:\/\/www.gcs.gov.mo\/news\/p\/P23JSAYRdW\/l\" title=\"A 28.\u00aa MIF tem como tema \u201cMais do que neg\u00f3cios\u201d.\" alt=\"A 28.\u00aa MIF tem como tema \u201cMais do que neg\u00f3cios\u201d.\" width=\"1024\"><br \/>\n                <\/a><\/p>\n<p class=\"wp-caption-text\">A 28.\u00aa MIF tem como tema \u201cMais do que neg\u00f3cios\u201d.<\/p>\n<\/p><\/div>\n<div class=\"wp-caption alignnone\">\n                <a href=\"https:\/\/www.gcs.gov.mo\/news\/p\/P23JSEL5kL\/l\" data-component=\"Popup\" data-fancybox=\"gallery\" data-caption=\"As tr\u00eas exposi\u00e7\u00f5es construem uma ponte de liga\u00e7\u00e3o no \u00e2mbito de neg\u00f3cio internacional para os expositores e comerciantes nacionais e estrangeiros.\" data-type=\"image\"><br \/>\n                <img decoding=\"async\" class=\"size-large\" src=\"https:\/\/www.gcs.gov.mo\/news\/p\/P23JSEL5kL\/l\" title=\"As tr\u00eas exposi\u00e7\u00f5es construem uma ponte de liga\u00e7\u00e3o no \u00e2mbito de neg\u00f3cio internacional para os expositores e comerciantes nacionais e estrangeiros.\" alt=\"As tr\u00eas exposi\u00e7\u00f5es construem uma ponte de liga\u00e7\u00e3o no \u00e2mbito de neg\u00f3cio internacional para os expositores e comerciantes nacionais e estrangeiros.\" width=\"1024\"><br \/>\n                <\/a><\/p>\n<p class=\"wp-caption-text\">As tr\u00eas exposi\u00e7\u00f5es construem uma ponte de liga\u00e7\u00e3o no \u00e2mbito de neg\u00f3cio internacional para os expositores e comerciantes nacionais e estrangeiros.<\/p>\n<\/p><\/div>\n","protected":false},"excerpt":{"rendered":"<p>Foram inauguradas, hoje (dia 19), a 1.&ordf; Exposi&ccedil;&atilde;o Econ&oacute;mica e Comercial China\u2013Pa&iacute;ses de L&iacute;ngua Portuguesa (Macau) (1.a C-PLPEX), a 28.&ordf; Feira Internacional de Macau (28.&ordf; [&hellip;]<\/p>\n","protected":false},"author":1,"featured_media":467868,"comment_status":"closed","ping_status":"closed","sticky":false,"template":"","format":"standard","meta":{"_acf_changed":false,"inline_featured_image":false,"advgb_blocks_editor_width":"","advgb_blocks_columns_visual_guide":"","footnotes":""},"categories":[12],"tags":[],"class_list":["post-442159","post","type-post","status-publish","format-standard","has-post-thumbnail","hentry","category-noticias-do-ipim"],"acf":[],"yoast_head":"<!-- This site is optimized with the Yoast SEO plugin v26.2 - https:\/\/yoast.com\/wordpress\/plugins\/seo\/ -->\r\n<title>[2023\/10\/19] [Grande Abertura] 1.a C-PLPEX, 28.\u00aa MIF e 2023MFE inauguradas com a maior escala de todos os anos, para potenciar a din\u00e2mica de \u201cind\u00fastrias + conven\u00e7\u00f5es e exposi\u00e7\u00f5es\u201d, durante quatro dias consecutivos | Commerce and Investment Promotion Institute<\/title>\r\n<meta name=\"robots\" content=\"index, follow, max-snippet:-1, max-image-preview:large, max-video-preview:-1\" \/>\r\n<link rel=\"canonical\" href=\"https:\/\/www.ipim.gov.mo\/pt-pt\/noticias-do-ipim\/2023-10-19-grande-abertura-1-a-c-plpex-28-a-mif-e-2023mfe-inauguradas-com-a-maior-escala-de-todos-os-anos-para-potenciar-a-dinamica-de-industrias-convencoes-e-exposicoes-dur\/\" \/>\r\n<meta property=\"og:locale\" content=\"pt_PT\" \/>\r\n<meta property=\"og:type\" content=\"article\" \/>\r\n<meta property=\"og:title\" content=\"[2023\/10\/19] [Grande Abertura] 1.a C-PLPEX, 28.\u00aa MIF e 2023MFE inauguradas com a maior escala de todos os anos, para potenciar a din\u00e2mica de \u201cind\u00fastrias + conven\u00e7\u00f5es e exposi\u00e7\u00f5es\u201d, durante quatro dias consecutivos | Commerce and Investment Promotion Institute\" \/>\r\n<meta property=\"og:description\" content=\"Foram inauguradas, hoje (dia 19), a 1.&ordf; Exposi&ccedil;&atilde;o Econ&oacute;mica e Comercial China\u2013Pa&iacute;ses de L&iacute;ngua Portuguesa (Macau) (1.a C-PLPEX), a 28.&ordf; Feira Internacional de Macau (28.&ordf; [&hellip;]\" \/>\r\n<meta property=\"og:url\" content=\"https:\/\/www.ipim.gov.mo\/pt-pt\/noticias-do-ipim\/2023-10-19-grande-abertura-1-a-c-plpex-28-a-mif-e-2023mfe-inauguradas-com-a-maior-escala-de-todos-os-anos-para-potenciar-a-dinamica-de-industrias-convencoes-e-exposicoes-dur\/\" \/>\r\n<meta property=\"og:site_name\" content=\"Commerce and Investment Promotion Institute\" \/>\r\n<meta property=\"article:published_time\" content=\"2023-10-19T09:05:00+00:00\" \/>\r\n<meta property=\"og:image\" content=\"https:\/\/www.ipim.gov.mo\/wp-content\/uploads\/2024\/07\/ipim-post-default.jpg\" \/>\r\n\t<meta property=\"og:image:width\" content=\"1024\" \/>\r\n\t<meta property=\"og:image:height\" content=\"768\" \/>\r\n\t<meta property=\"og:image:type\" content=\"image\/jpeg\" \/>\r\n<meta name=\"author\" content=\"admin\" \/>\r\n<meta name=\"twitter:card\" content=\"summary_large_image\" \/>\r\n<meta name=\"twitter:label1\" content=\"Written by\" \/>\n\t<meta name=\"twitter:data1\" content=\"admin\" \/>\n\t<meta name=\"twitter:label2\" content=\"Est. reading time\" \/>\n\t<meta name=\"twitter:data2\" content=\"15 minutes\" \/>\r\n<script type=\"application\/ld+json\" class=\"yoast-schema-graph\">{\"@context\":\"https:\/\/schema.org\",\"@graph\":[{\"@type\":\"WebPage\",\"@id\":\"https:\/\/www.ipim.gov.mo\/pt-pt\/noticias-do-ipim\/2023-10-19-grande-abertura-1-a-c-plpex-28-a-mif-e-2023mfe-inauguradas-com-a-maior-escala-de-todos-os-anos-para-potenciar-a-dinamica-de-industrias-convencoes-e-exposicoes-dur\/\",\"url\":\"https:\/\/www.ipim.gov.mo\/pt-pt\/noticias-do-ipim\/2023-10-19-grande-abertura-1-a-c-plpex-28-a-mif-e-2023mfe-inauguradas-com-a-maior-escala-de-todos-os-anos-para-potenciar-a-dinamica-de-industrias-convencoes-e-exposicoes-dur\/\",\"name\":\"[2023\/10\/19] [Grande Abertura] 1.a C-PLPEX, 28.\u00aa MIF e 2023MFE inauguradas com a maior escala de todos os anos, para potenciar a din\u00e2mica de \u201cind\u00fastrias + conven\u00e7\u00f5es e exposi\u00e7\u00f5es\u201d, durante quatro dias consecutivos | Commerce and Investment Promotion Institute\",\"isPartOf\":{\"@id\":\"https:\/\/www.ipim.gov.mo\/zh-hans\/#website\"},\"primaryImageOfPage\":{\"@id\":\"https:\/\/www.ipim.gov.mo\/pt-pt\/noticias-do-ipim\/2023-10-19-grande-abertura-1-a-c-plpex-28-a-mif-e-2023mfe-inauguradas-com-a-maior-escala-de-todos-os-anos-para-potenciar-a-dinamica-de-industrias-convencoes-e-exposicoes-dur\/#primaryimage\"},\"image\":{\"@id\":\"https:\/\/www.ipim.gov.mo\/pt-pt\/noticias-do-ipim\/2023-10-19-grande-abertura-1-a-c-plpex-28-a-mif-e-2023mfe-inauguradas-com-a-maior-escala-de-todos-os-anos-para-potenciar-a-dinamica-de-industrias-convencoes-e-exposicoes-dur\/#primaryimage\"},\"thumbnailUrl\":\"https:\/\/www.ipim.gov.mo\/wp-content\/uploads\/2024\/07\/ipim-post-default.jpg\",\"datePublished\":\"2023-10-19T09:05:00+00:00\",\"breadcrumb\":{\"@id\":\"https:\/\/www.ipim.gov.mo\/pt-pt\/noticias-do-ipim\/2023-10-19-grande-abertura-1-a-c-plpex-28-a-mif-e-2023mfe-inauguradas-com-a-maior-escala-de-todos-os-anos-para-potenciar-a-dinamica-de-industrias-convencoes-e-exposicoes-dur\/#breadcrumb\"},\"inLanguage\":\"pt-PT\",\"potentialAction\":[{\"@type\":\"ReadAction\",\"target\":[\"https:\/\/www.ipim.gov.mo\/pt-pt\/noticias-do-ipim\/2023-10-19-grande-abertura-1-a-c-plpex-28-a-mif-e-2023mfe-inauguradas-com-a-maior-escala-de-todos-os-anos-para-potenciar-a-dinamica-de-industrias-convencoes-e-exposicoes-dur\/\"]}]},{\"@type\":\"ImageObject\",\"inLanguage\":\"pt-PT\",\"@id\":\"https:\/\/www.ipim.gov.mo\/pt-pt\/noticias-do-ipim\/2023-10-19-grande-abertura-1-a-c-plpex-28-a-mif-e-2023mfe-inauguradas-com-a-maior-escala-de-todos-os-anos-para-potenciar-a-dinamica-de-industrias-convencoes-e-exposicoes-dur\/#primaryimage\",\"url\":\"https:\/\/www.ipim.gov.mo\/wp-content\/uploads\/2024\/07\/ipim-post-default.jpg\",\"contentUrl\":\"https:\/\/www.ipim.gov.mo\/wp-content\/uploads\/2024\/07\/ipim-post-default.jpg\",\"width\":1024,\"height\":768},{\"@type\":\"BreadcrumbList\",\"@id\":\"https:\/\/www.ipim.gov.mo\/pt-pt\/noticias-do-ipim\/2023-10-19-grande-abertura-1-a-c-plpex-28-a-mif-e-2023mfe-inauguradas-com-a-maior-escala-de-todos-os-anos-para-potenciar-a-dinamica-de-industrias-convencoes-e-exposicoes-dur\/#breadcrumb\",\"itemListElement\":[{\"@type\":\"ListItem\",\"position\":1,\"name\":\"Home\",\"item\":\"https:\/\/www.ipim.gov.mo\/pt-pt\/\"},{\"@type\":\"ListItem\",\"position\":2,\"name\":\"[2023\/10\/19] [Grande Abertura] 1.a C-PLPEX, 28.\u00aa MIF e 2023MFE inauguradas com a maior escala de todos os anos, para potenciar a din\u00e2mica de \u201cind\u00fastrias + conven\u00e7\u00f5es e exposi\u00e7\u00f5es\u201d, durante quatro dias consecutivos\"}]},{\"@type\":\"WebSite\",\"@id\":\"https:\/\/www.ipim.gov.mo\/zh-hans\/#website\",\"url\":\"https:\/\/www.ipim.gov.mo\/zh-hans\/\",\"name\":\"Commerce and Investment Promotion Institute\",\"description\":\"Commerce and Investment Promotion Institute\",\"publisher\":{\"@id\":\"https:\/\/www.ipim.gov.mo\/zh-hans\/#organization\"},\"potentialAction\":[{\"@type\":\"SearchAction\",\"target\":{\"@type\":\"EntryPoint\",\"urlTemplate\":\"https:\/\/www.ipim.gov.mo\/zh-hans\/?s={search_term_string}\"},\"query-input\":{\"@type\":\"PropertyValueSpecification\",\"valueRequired\":true,\"valueName\":\"search_term_string\"}}],\"inLanguage\":\"pt-PT\"},{\"@type\":\"Organization\",\"@id\":\"https:\/\/www.ipim.gov.mo\/zh-hans\/#organization\",\"name\":\"IPIM\",\"url\":\"https:\/\/www.ipim.gov.mo\/zh-hans\/\",\"logo\":{\"@type\":\"ImageObject\",\"inLanguage\":\"pt-PT\",\"@id\":\"https:\/\/www.ipim.gov.mo\/zh-hans\/#\/schema\/logo\/image\/\",\"url\":\"https:\/\/www.ipim.gov.mo\/wp-content\/uploads\/2022\/10\/default-post-thumbnail-ipim-logo.png\",\"contentUrl\":\"https:\/\/www.ipim.gov.mo\/wp-content\/uploads\/2022\/10\/default-post-thumbnail-ipim-logo.png\",\"width\":1024,\"height\":768,\"caption\":\"IPIM\"},\"image\":{\"@id\":\"https:\/\/www.ipim.gov.mo\/zh-hans\/#\/schema\/logo\/image\/\"}}]}<\/script>\r\n<!-- \/ Yoast SEO plugin. -->","yoast_head_json":{"title":"[2023\/10\/19] [Grande Abertura] 1.a C-PLPEX, 28.\u00aa MIF e 2023MFE inauguradas com a maior escala de todos os anos, para potenciar a din\u00e2mica de \u201cind\u00fastrias + conven\u00e7\u00f5es e exposi\u00e7\u00f5es\u201d, durante quatro dias consecutivos | Commerce and Investment Promotion Institute","robots":{"index":"index","follow":"follow","max-snippet":"max-snippet:-1","max-image-preview":"max-image-preview:large","max-video-preview":"max-video-preview:-1"},"canonical":"https:\/\/www.ipim.gov.mo\/pt-pt\/noticias-do-ipim\/2023-10-19-grande-abertura-1-a-c-plpex-28-a-mif-e-2023mfe-inauguradas-com-a-maior-escala-de-todos-os-anos-para-potenciar-a-dinamica-de-industrias-convencoes-e-exposicoes-dur\/","og_locale":"pt_PT","og_type":"article","og_title":"[2023\/10\/19] [Grande Abertura] 1.a C-PLPEX, 28.\u00aa MIF e 2023MFE inauguradas com a maior escala de todos os anos, para potenciar a din\u00e2mica de \u201cind\u00fastrias + conven\u00e7\u00f5es e exposi\u00e7\u00f5es\u201d, durante quatro dias consecutivos | Commerce and Investment Promotion Institute","og_description":"Foram inauguradas, hoje (dia 19), a 1.&ordf; Exposi&ccedil;&atilde;o Econ&oacute;mica e Comercial China\u2013Pa&iacute;ses de L&iacute;ngua Portuguesa (Macau) (1.a C-PLPEX), a 28.&ordf; Feira Internacional de Macau (28.&ordf; [&hellip;]","og_url":"https:\/\/www.ipim.gov.mo\/pt-pt\/noticias-do-ipim\/2023-10-19-grande-abertura-1-a-c-plpex-28-a-mif-e-2023mfe-inauguradas-com-a-maior-escala-de-todos-os-anos-para-potenciar-a-dinamica-de-industrias-convencoes-e-exposicoes-dur\/","og_site_name":"Commerce and Investment Promotion Institute","article_published_time":"2023-10-19T09:05:00+00:00","og_image":[{"width":1024,"height":768,"url":"https:\/\/www.ipim.gov.mo\/wp-content\/uploads\/2024\/07\/ipim-post-default.jpg","type":"image\/jpeg"}],"author":"admin","twitter_card":"summary_large_image","twitter_misc":{"Written by":"admin","Est. reading time":"15 minutes"},"schema":{"@context":"https:\/\/schema.org","@graph":[{"@type":"WebPage","@id":"https:\/\/www.ipim.gov.mo\/pt-pt\/noticias-do-ipim\/2023-10-19-grande-abertura-1-a-c-plpex-28-a-mif-e-2023mfe-inauguradas-com-a-maior-escala-de-todos-os-anos-para-potenciar-a-dinamica-de-industrias-convencoes-e-exposicoes-dur\/","url":"https:\/\/www.ipim.gov.mo\/pt-pt\/noticias-do-ipim\/2023-10-19-grande-abertura-1-a-c-plpex-28-a-mif-e-2023mfe-inauguradas-com-a-maior-escala-de-todos-os-anos-para-potenciar-a-dinamica-de-industrias-convencoes-e-exposicoes-dur\/","name":"[2023\/10\/19] [Grande Abertura] 1.a C-PLPEX, 28.\u00aa MIF e 2023MFE inauguradas com a maior escala de todos os anos, para potenciar a din\u00e2mica de \u201cind\u00fastrias + conven\u00e7\u00f5es e exposi\u00e7\u00f5es\u201d, durante quatro dias consecutivos | Commerce and Investment Promotion Institute","isPartOf":{"@id":"https:\/\/www.ipim.gov.mo\/zh-hans\/#website"},"primaryImageOfPage":{"@id":"https:\/\/www.ipim.gov.mo\/pt-pt\/noticias-do-ipim\/2023-10-19-grande-abertura-1-a-c-plpex-28-a-mif-e-2023mfe-inauguradas-com-a-maior-escala-de-todos-os-anos-para-potenciar-a-dinamica-de-industrias-convencoes-e-exposicoes-dur\/#primaryimage"},"image":{"@id":"https:\/\/www.ipim.gov.mo\/pt-pt\/noticias-do-ipim\/2023-10-19-grande-abertura-1-a-c-plpex-28-a-mif-e-2023mfe-inauguradas-com-a-maior-escala-de-todos-os-anos-para-potenciar-a-dinamica-de-industrias-convencoes-e-exposicoes-dur\/#primaryimage"},"thumbnailUrl":"https:\/\/www.ipim.gov.mo\/wp-content\/uploads\/2024\/07\/ipim-post-default.jpg","datePublished":"2023-10-19T09:05:00+00:00","breadcrumb":{"@id":"https:\/\/www.ipim.gov.mo\/pt-pt\/noticias-do-ipim\/2023-10-19-grande-abertura-1-a-c-plpex-28-a-mif-e-2023mfe-inauguradas-com-a-maior-escala-de-todos-os-anos-para-potenciar-a-dinamica-de-industrias-convencoes-e-exposicoes-dur\/#breadcrumb"},"inLanguage":"pt-PT","potentialAction":[{"@type":"ReadAction","target":["https:\/\/www.ipim.gov.mo\/pt-pt\/noticias-do-ipim\/2023-10-19-grande-abertura-1-a-c-plpex-28-a-mif-e-2023mfe-inauguradas-com-a-maior-escala-de-todos-os-anos-para-potenciar-a-dinamica-de-industrias-convencoes-e-exposicoes-dur\/"]}]},{"@type":"ImageObject","inLanguage":"pt-PT","@id":"https:\/\/www.ipim.gov.mo\/pt-pt\/noticias-do-ipim\/2023-10-19-grande-abertura-1-a-c-plpex-28-a-mif-e-2023mfe-inauguradas-com-a-maior-escala-de-todos-os-anos-para-potenciar-a-dinamica-de-industrias-convencoes-e-exposicoes-dur\/#primaryimage","url":"https:\/\/www.ipim.gov.mo\/wp-content\/uploads\/2024\/07\/ipim-post-default.jpg","contentUrl":"https:\/\/www.ipim.gov.mo\/wp-content\/uploads\/2024\/07\/ipim-post-default.jpg","width":1024,"height":768},{"@type":"BreadcrumbList","@id":"https:\/\/www.ipim.gov.mo\/pt-pt\/noticias-do-ipim\/2023-10-19-grande-abertura-1-a-c-plpex-28-a-mif-e-2023mfe-inauguradas-com-a-maior-escala-de-todos-os-anos-para-potenciar-a-dinamica-de-industrias-convencoes-e-exposicoes-dur\/#breadcrumb","itemListElement":[{"@type":"ListItem","position":1,"name":"Home","item":"https:\/\/www.ipim.gov.mo\/pt-pt\/"},{"@type":"ListItem","position":2,"name":"[2023\/10\/19] [Grande Abertura] 1.a C-PLPEX, 28.\u00aa MIF e 2023MFE inauguradas com a maior escala de todos os anos, para potenciar a din\u00e2mica de \u201cind\u00fastrias + conven\u00e7\u00f5es e exposi\u00e7\u00f5es\u201d, durante quatro dias consecutivos"}]},{"@type":"WebSite","@id":"https:\/\/www.ipim.gov.mo\/zh-hans\/#website","url":"https:\/\/www.ipim.gov.mo\/zh-hans\/","name":"Commerce and Investment Promotion Institute","description":"Commerce and Investment Promotion Institute","publisher":{"@id":"https:\/\/www.ipim.gov.mo\/zh-hans\/#organization"},"potentialAction":[{"@type":"SearchAction","target":{"@type":"EntryPoint","urlTemplate":"https:\/\/www.ipim.gov.mo\/zh-hans\/?s={search_term_string}"},"query-input":{"@type":"PropertyValueSpecification","valueRequired":true,"valueName":"search_term_string"}}],"inLanguage":"pt-PT"},{"@type":"Organization","@id":"https:\/\/www.ipim.gov.mo\/zh-hans\/#organization","name":"IPIM","url":"https:\/\/www.ipim.gov.mo\/zh-hans\/","logo":{"@type":"ImageObject","inLanguage":"pt-PT","@id":"https:\/\/www.ipim.gov.mo\/zh-hans\/#\/schema\/logo\/image\/","url":"https:\/\/www.ipim.gov.mo\/wp-content\/uploads\/2022\/10\/default-post-thumbnail-ipim-logo.png","contentUrl":"https:\/\/www.ipim.gov.mo\/wp-content\/uploads\/2022\/10\/default-post-thumbnail-ipim-logo.png","width":1024,"height":768,"caption":"IPIM"},"image":{"@id":"https:\/\/www.ipim.gov.mo\/zh-hans\/#\/schema\/logo\/image\/"}}]}},"author_meta":{"display_name":"admin","author_link":"https:\/\/www.ipim.gov.mo\/pt-pt\/author\/admin\/"},"featured_img":"https:\/\/www.ipim.gov.mo\/wp-content\/uploads\/2024\/07\/ipim-post-default-300x225.jpg","coauthors":[],"tax_additional":{"categories":{"linked":["<a href=\"https:\/\/www.ipim.gov.mo\/pt-pt\/category\/noticias-do-ipim\/\" class=\"advgb-post-tax-term\">Not\u00edcias do IPIM<\/a>"],"unlinked":["<span class=\"advgb-post-tax-term\">Not\u00edcias do IPIM<\/span>"]}},"comment_count":"0","relative_dates":{"created":"Posted 3 years ago","modified":"Updated 3 years ago"},"absolute_dates":{"created":"Posted on Outubro 19, 2023","modified":"Updated on Outubro 19, 2023"},"absolute_dates_time":{"created":"Posted on Outubro 19, 2023 5:05 pm","modified":"Updated on Outubro 19, 2023 5:05 pm"},"featured_img_caption":"","series_order":"","_links":{"self":[{"href":"https:\/\/www.ipim.gov.mo\/pt-pt\/wp-json\/wp\/v2\/posts\/442159","targetHints":{"allow":["GET"]}}],"collection":[{"href":"https:\/\/www.ipim.gov.mo\/pt-pt\/wp-json\/wp\/v2\/posts"}],"about":[{"href":"https:\/\/www.ipim.gov.mo\/pt-pt\/wp-json\/wp\/v2\/types\/post"}],"author":[{"embeddable":true,"href":"https:\/\/www.ipim.gov.mo\/pt-pt\/wp-json\/wp\/v2\/users\/1"}],"replies":[{"embeddable":true,"href":"https:\/\/www.ipim.gov.mo\/pt-pt\/wp-json\/wp\/v2\/comments?post=442159"}],"version-history":[{"count":0,"href":"https:\/\/www.ipim.gov.mo\/pt-pt\/wp-json\/wp\/v2\/posts\/442159\/revisions"}],"wp:featuredmedia":[{"embeddable":true,"href":"https:\/\/www.ipim.gov.mo\/pt-pt\/wp-json\/wp\/v2\/media\/467868"}],"wp:attachment":[{"href":"https:\/\/www.ipim.gov.mo\/pt-pt\/wp-json\/wp\/v2\/media?parent=442159"}],"wp:term":[{"taxonomy":"category","embeddable":true,"href":"https:\/\/www.ipim.gov.mo\/pt-pt\/wp-json\/wp\/v2\/categories?post=442159"},{"taxonomy":"post_tag","embeddable":true,"href":"https:\/\/www.ipim.gov.mo\/pt-pt\/wp-json\/wp\/v2\/tags?post=442159"}],"curies":[{"name":"wp","href":"https:\/\/api.w.org\/{rel}","templated":true}]}}