{"id":442148,"date":"2023-10-16T11:02:00","date_gmt":"2023-10-16T03:02:00","guid":{"rendered":"https:\/\/www.ipim.gov.mo\/noticias-do-ipim\/2023-10-18-sinergia-intersectorial-industrias-convencoes-e-exposicoes-duas-exposicoes-incorporadas-na-28-a-mif-promovem-um-maior-desenvolvimento-de-qualidade-da-big-health-e-da\/"},"modified":"2023-10-16T11:02:00","modified_gmt":"2023-10-16T03:02:00","slug":"2023-10-18-sinergia-intersectorial-industrias-convencoes-e-exposicoes-duas-exposicoes-incorporadas-na-28-a-mif-promovem-um-maior-desenvolvimento-de-qualidade-da-big-health-e-da","status":"publish","type":"post","link":"https:\/\/www.ipim.gov.mo\/pt-pt\/noticias-do-ipim\/2023-10-18-sinergia-intersectorial-industrias-convencoes-e-exposicoes-duas-exposicoes-incorporadas-na-28-a-mif-promovem-um-maior-desenvolvimento-de-qualidade-da-big-health-e-da\/","title":{"rendered":"[2023\/10\/16] [Sinergia intersectorial \u201cind\u00fastrias + conven\u00e7\u00f5es e exposi\u00e7\u00f5es\u201d] Duas exposi\u00e7\u00f5es incorporadas na 28.\u00aa MIF promovem um maior desenvolvimento de qualidade da big health e da tecnologia de ponta"},"content":{"rendered":"<p style=\"text-align:justify\">Em articula&ccedil;&atilde;o com a estrat&eacute;gia de desenvolvimento da diversifica&ccedil;&atilde;o adequada \u201c1+4\u201d, a 28.&ordf; Feira Internacional de Macau (28.&ordf; MIF), organizada pelo Instituto de Promo&ccedil;&atilde;o do Com&eacute;rcio e do Investimento de Macau (IPIM), continua a promover, sob a forma da realiza&ccedil;&atilde;o incorporada de duas exposi&ccedil;&otilde;es, o desenvolvimento da <em>big health<\/em> e da tecnologia de ponta pelo terceiro ano consecutivo.<\/p>\n<p style=\"text-align:justify\">As duas exposi&ccedil;&otilde;es incorporadas na MIF deste ano englobam a \u201c2023 Exposi&ccedil;&atilde;o de Marca de Sa&uacute;de de Medicina Tradicional Chinesa da China (Macau)\u201d e a \u201cSemana de Ci&ecirc;ncia e Tecnologia 2023 e Exposi&ccedil;&atilde;o de Resultados de Inova&ccedil;&atilde;o e Tecnologia\u201d. Com uma &aacute;rea total de exposi&ccedil;&atilde;o que ultrapassa os 5&nbsp;900 metros quadrados, as duas exposi&ccedil;&otilde;es re&uacute;nem diversas empresas de renome, institui&ccedil;&otilde;es de investiga&ccedil;&atilde;o e desenvolvimento e institui&ccedil;&otilde;es de ensino superior, para promover, atrav&eacute;s de uma s&eacute;rie de actividades complementares, a coopera&ccedil;&atilde;o no &acirc;mbito da \u201cind&uacute;stria\u2013universidade\u2013investiga&ccedil;&atilde;o\u201d e usar a plataforma criada pelas duas exposi&ccedil;&otilde;es como o promotor da moderniza&ccedil;&atilde;o e desenvolvimento das principais ind&uacute;strias, fazendo uso da sinergia intersectorial do modelo \u201cind&uacute;strias + conven&ccedil;&otilde;es e exposi&ccedil;&otilde;es\u201d.<\/p>\n<p style=\"text-align:justify\"><strong>Participa&ccedil;&atilde;o de cerca de 60 empresas de medicina tradicional chinesa ajuda a ind&uacute;stria de <em>big health<\/em> a encontrar novas oportunidades de neg&oacute;cio<\/strong><\/p>\n<p style=\"text-align:justify\">Com uma &aacute;rea de exposi&ccedil;&atilde;o de cerca de 2&nbsp;700 metros quadrados, a \u201c2023 Exposi&ccedil;&atilde;o de Marca de Sa&uacute;de de Medicina Tradicional Chinesa da China (Macau)\u201d contar&aacute; com a presen&ccedil;a de cerca de 60 empresas convidadas da &aacute;rea de Medicina Tradicional Chinesa, provenientes de Shandong, Zhejiang, Jiangsu, Guangdong e Henan, para apresentarem as seus resultados e servi&ccedil;os t&eacute;cnicos mais recentes na Zona de Exposi&ccedil;&atilde;o de <em>Big Health<\/em>. Entre os produtos expostos, est&atilde;o os produtos gen&eacute;ricos e os suplementos para a sa&uacute;de de Medicina Tradicional Chinesa, assim como os dispositivos de reabilita&ccedil;&atilde;o e de terapia e a medicina chinesa inteligente. No decorrer da exposi&ccedil;&atilde;o, ser&atilde;o ainda organizadas actividades complementares, tais como o F&oacute;rum de Inova&ccedil;&atilde;o e Desenvolvimento da Transmiss&atilde;o da Medicina Tradicional Chinesa na Grande Ba&iacute;a de Guangdong\u2013Hong Kong\u2013Macau e v&aacute;rias sess&otilde;es de promo&ccedil;&atilde;o e bolsas de contacto das diferentes prov&iacute;ncias e munic&iacute;pios, com o objectivo de permitir aos participantes conhecerem as realiza&ccedil;&otilde;es obtidas na inova&ccedil;&atilde;o e as tend&ecirc;ncias de desenvolvimento da Medicina Tradicional Chinesa e aproveitarem as oportunidades de coopera&ccedil;&atilde;o.<\/p>\n<p style=\"text-align:justify\"><strong>Promo&ccedil;&atilde;o da inova&ccedil;&atilde;o tecnol&oacute;gica e da transforma&ccedil;&atilde;o de resultados<\/strong><\/p>\n<p style=\"text-align:justify\">A \u201cSemana de Ci&ecirc;ncia e Tecnologia 2023 e Exposi&ccedil;&atilde;o de Resultados de Inova&ccedil;&atilde;o e Tecnologia\u201d ter&aacute; uma &aacute;rea de exposi&ccedil;&atilde;o de cerca de 3&nbsp;200 metros quadrados com mais de 200 <em>stands<\/em> e ser&aacute; composta por tr&ecirc;s zonas principais, nomeadamente, a Zona de Exposi&ccedil;&atilde;o das Empresas de Inova&ccedil;&atilde;o Tecnol&oacute;gica, a Zona de Exposi&ccedil;&atilde;o da Transforma&ccedil;&atilde;o de Resultados de Investiga&ccedil;&atilde;o Tecnol&oacute;gica e a Zona de Exposi&ccedil;&atilde;o da Promo&ccedil;&atilde;o de Resultados de Investiga&ccedil;&atilde;o Tecnol&oacute;gica. Nesses tr&ecirc;s espa&ccedil;os, ser&atilde;o expostos produtos como rob&ocirc;s companheiros de animais de estima&ccedil;&atilde;o, tecnologias de interac&ccedil;&atilde;o humano\u2013computador e projectos de sat&eacute;lites. Paralelamente, ser&aacute; tamb&eacute;m realizada uma s&eacute;rie de actividades complementares, como Sess&atilde;o de Roadshow e Bolsas de Contactos sobre a Coopera&ccedil;&atilde;o Industrial, Acad&eacute;mica e Investigacional entre o Interior da China e Macau; a Sess&atilde;o de Roadshow Tecnol&oacute;gico \u201cInnotech China\u201d; a Exibi&ccedil;&atilde;o dos Projectos de Investiga&ccedil;&atilde;o Cient&iacute;fica Conclu&iacute;dos e Relat&oacute;rio Acad&eacute;mico do ano 2022; e o F&oacute;rum de Inova&ccedil;&atilde;o Tecnol&oacute;gica de Macau 2023. Essas actividades t&ecirc;m como o objectivo promover o desenvolvimento da inova&ccedil;&atilde;o tecnol&oacute;gica e a divulga&ccedil;&atilde;o da ci&ecirc;ncia e da tecnologia de Macau, estabelecendo uma plataforma n&atilde;o s&oacute; para a transfora&ccedil;&atilde;o dos resultados da investiga&ccedil;&atilde;o tecnol&oacute;gica, como tamb&eacute;m para a coopera&ccedil;&atilde;o industrial, acad&eacute;mica e investigacional em Macau.<\/p>\n<p style=\"text-align:justify\"><strong>Realiza&ccedil;&atilde;o paralela dos tr&ecirc;s eventos no mesmo recinto em Outubro<\/strong><\/p>\n<p style=\"text-align:justify\">Subordinada ao tema \u201cMais do que Neg&oacute;cios\u201d, a 28.&ordf; MIF ser&aacute; realizada simultaneamente com a primeira edi&ccedil;&atilde;o da Exposi&ccedil;&atilde;o Econ&oacute;mica e Comercial China\u2013Pa&iacute;ses de L&iacute;ngua Portuguesa (Macau) (1.&ordf; C-PLPEX) e a Exposi&ccedil;&atilde;o de Franquia de Macau 2023 (2023MFE), entre os dias 19 e 22 de Outubro, no mesmo local em Macau, a fim de potenciar o efeito sin&eacute;rgico dos tr&ecirc;s eventos.<\/p>\n<div class=\"wp-caption alignnone\">\n                <a href=\"https:\/\/www.gcs.gov.mo\/news\/p\/P23JPqt1tO\/l\" data-component=\"Popup\" data-fancybox=\"gallery\" data-caption=\"A \u201c2023 Exposi\u00e7\u00e3o de Marca de Sa\u00fade de Medicina Tradicional Chinesa da China (Macau)\u201d contar\u00e1 com a participa\u00e7\u00e3o de cerca de 60 empresas convidadas da \u00e1rea de Medicina Tradicional Chinesa\" data-type=\"image\"><br \/>\n                <img decoding=\"async\" class=\"size-large\" src=\"https:\/\/www.gcs.gov.mo\/news\/p\/P23JPqt1tO\/l\" title=\"A \u201c2023 Exposi\u00e7\u00e3o de Marca de Sa\u00fade de Medicina Tradicional Chinesa da China (Macau)\u201d contar\u00e1 com a participa\u00e7\u00e3o de cerca de 60 empresas convidadas da \u00e1rea de Medicina Tradicional Chinesa\" alt=\"A \u201c2023 Exposi\u00e7\u00e3o de Marca de Sa\u00fade de Medicina Tradicional Chinesa da China (Macau)\u201d contar\u00e1 com a participa\u00e7\u00e3o de cerca de 60 empresas convidadas da \u00e1rea de Medicina Tradicional Chinesa\" width=\"1024\"><br \/>\n                <\/a><\/p>\n<p class=\"wp-caption-text\">A \u201c2023 Exposi\u00e7\u00e3o de Marca de Sa\u00fade de Medicina Tradicional Chinesa da China (Macau)\u201d contar\u00e1 com a participa\u00e7\u00e3o de cerca de 60 empresas convidadas da \u00e1rea de Medicina Tradicional Chinesa<\/p>\n<\/p><\/div>\n<div class=\"wp-caption alignnone\">\n                <a href=\"https:\/\/www.gcs.gov.mo\/news\/p\/P23JPCuzIU\/l\" data-component=\"Popup\" data-fancybox=\"gallery\" data-caption=\"A \u201cSemana de Ci\u00eancia e Tecnologia 2023 e Exposi\u00e7\u00e3o de Resultados de Inova\u00e7\u00e3o e Tecnologia\u201d ir\u00e1 criar tr\u00eas zonas expositivas, nomeadamente a Zona de Exposi\u00e7\u00e3o das Empresas de Inova\u00e7\u00e3o Tecnol\u00f3gica, a Zona de Exposi\u00e7\u00e3o da Transforma\u00e7\u00e3o de Resultados de Investiga\u00e7\u00e3o Tecnol\u00f3gica e a Zona de Exposi\u00e7\u00e3o da Promo\u00e7\u00e3o de Resultados de Investiga\u00e7\u00e3o Tecnol\u00f3gica\" data-type=\"image\"><br \/>\n                <img decoding=\"async\" class=\"size-large\" src=\"https:\/\/www.gcs.gov.mo\/news\/p\/P23JPCuzIU\/l\" title=\"A \u201cSemana de Ci\u00eancia e Tecnologia 2023 e Exposi\u00e7\u00e3o de Resultados de Inova\u00e7\u00e3o e Tecnologia\u201d ir\u00e1 criar tr\u00eas zonas expositivas, nomeadamente a Zona de Exposi\u00e7\u00e3o das Empresas de Inova\u00e7\u00e3o Tecnol\u00f3gica, a Zona de Exposi\u00e7\u00e3o da Transforma\u00e7\u00e3o de Resultados de Investiga\u00e7\u00e3o Tecnol\u00f3gica e a Zona de Exposi\u00e7\u00e3o da Promo\u00e7\u00e3o de Resultados de Investiga\u00e7\u00e3o Tecnol\u00f3gica\" alt=\"A \u201cSemana de Ci\u00eancia e Tecnologia 2023 e Exposi\u00e7\u00e3o de Resultados de Inova\u00e7\u00e3o e Tecnologia\u201d ir\u00e1 criar tr\u00eas zonas expositivas, nomeadamente a Zona de Exposi\u00e7\u00e3o das Empresas de Inova\u00e7\u00e3o Tecnol\u00f3gica, a Zona de Exposi\u00e7\u00e3o da Transforma\u00e7\u00e3o de Resultados de Investiga\u00e7\u00e3o Tecnol\u00f3gica e a Zona de Exposi\u00e7\u00e3o da Promo\u00e7\u00e3o de Resultados de Investiga\u00e7\u00e3o Tecnol\u00f3gica\" width=\"1024\"><br \/>\n                <\/a><\/p>\n<p class=\"wp-caption-text\">A \u201cSemana de Ci\u00eancia e Tecnologia 2023 e Exposi\u00e7\u00e3o de Resultados de Inova\u00e7\u00e3o e Tecnologia\u201d ir\u00e1 criar tr\u00eas zonas expositivas, nomeadamente a Zona de Exposi\u00e7\u00e3o das Empresas de Inova\u00e7\u00e3o Tecnol\u00f3gica, a Zona de Exposi\u00e7\u00e3o da Transforma\u00e7\u00e3o de Resultados de Investiga\u00e7\u00e3o Tecnol\u00f3gica e a Zona de Exposi\u00e7\u00e3o da Promo\u00e7\u00e3o de Resultados de Investiga\u00e7\u00e3o Tecnol\u00f3gica<\/p>\n<\/p><\/div>\n<div class=\"wp-caption alignnone\">\n                <a href=\"https:\/\/www.gcs.gov.mo\/news\/p\/P23JP73fOT\/l\" data-component=\"Popup\" data-fancybox=\"gallery\" data-caption=\"A MIF contribui para o desenvolvimento da ind\u00fastria de big health com a constru\u00e7\u00e3o de plataforma\" data-type=\"image\"><br \/>\n                <img decoding=\"async\" class=\"size-large\" src=\"https:\/\/www.gcs.gov.mo\/news\/p\/P23JP73fOT\/l\" title=\"A MIF contribui para o desenvolvimento da ind\u00fastria de big health com a constru\u00e7\u00e3o de plataforma\" alt=\"A MIF contribui para o desenvolvimento da ind\u00fastria de big health com a constru\u00e7\u00e3o de plataforma\" width=\"1024\"><br \/>\n                <\/a><\/p>\n<p class=\"wp-caption-text\">A MIF contribui para o desenvolvimento da ind\u00fastria de big health com a constru\u00e7\u00e3o de plataforma<\/p>\n<\/p><\/div>\n<div class=\"wp-caption alignnone\">\n                <a href=\"https:\/\/www.gcs.gov.mo\/news\/p\/P23JPcw9XT\/l\" data-component=\"Popup\" data-fancybox=\"gallery\" data-caption=\"A MIF contribui para o desenvolvimento da ind\u00fastria da tecnologia de ponta com a realiza\u00e7\u00e3o incorporada de exposi\u00e7\u00f5es\" data-type=\"image\"><br \/>\n                <img decoding=\"async\" class=\"size-large\" src=\"https:\/\/www.gcs.gov.mo\/news\/p\/P23JPcw9XT\/l\" title=\"A MIF contribui para o desenvolvimento da ind\u00fastria da tecnologia de ponta com a realiza\u00e7\u00e3o incorporada de exposi\u00e7\u00f5es\" alt=\"A MIF contribui para o desenvolvimento da ind\u00fastria da tecnologia de ponta com a realiza\u00e7\u00e3o incorporada de exposi\u00e7\u00f5es\" width=\"1024\"><br \/>\n                <\/a><\/p>\n<p class=\"wp-caption-text\">A MIF contribui para o desenvolvimento da ind\u00fastria da tecnologia de ponta com a realiza\u00e7\u00e3o incorporada de exposi\u00e7\u00f5es<\/p>\n<\/p><\/div>\n","protected":false},"excerpt":{"rendered":"<p>Em articula&ccedil;&atilde;o com a estrat&eacute;gia de desenvolvimento da diversifica&ccedil;&atilde;o adequada \u201c1+4\u201d, a 28.&ordf; Feira Internacional de Macau (28.&ordf; MIF), organizada pelo Instituto de Promo&ccedil;&atilde;o do [&hellip;]<\/p>\n","protected":false},"author":1,"featured_media":467868,"comment_status":"closed","ping_status":"closed","sticky":false,"template":"","format":"standard","meta":{"_acf_changed":false,"inline_featured_image":false,"advgb_blocks_editor_width":"","advgb_blocks_columns_visual_guide":"","footnotes":""},"categories":[12],"tags":[],"class_list":["post-442148","post","type-post","status-publish","format-standard","has-post-thumbnail","hentry","category-noticias-do-ipim"],"acf":[],"yoast_head":"<!-- This site is optimized with the Yoast SEO plugin v26.2 - https:\/\/yoast.com\/wordpress\/plugins\/seo\/ -->\r\n<title>[2023\/10\/16] [Sinergia intersectorial \u201cind\u00fastrias + conven\u00e7\u00f5es e exposi\u00e7\u00f5es\u201d] Duas exposi\u00e7\u00f5es incorporadas na 28.\u00aa MIF promovem um maior desenvolvimento de qualidade da big health e da tecnologia de ponta | Commerce and Investment Promotion Institute<\/title>\r\n<meta name=\"robots\" content=\"index, follow, max-snippet:-1, max-image-preview:large, max-video-preview:-1\" \/>\r\n<link rel=\"canonical\" href=\"https:\/\/www.ipim.gov.mo\/pt-pt\/noticias-do-ipim\/2023-10-18-sinergia-intersectorial-industrias-convencoes-e-exposicoes-duas-exposicoes-incorporadas-na-28-a-mif-promovem-um-maior-desenvolvimento-de-qualidade-da-big-health-e-da\/\" \/>\r\n<meta property=\"og:locale\" content=\"pt_PT\" \/>\r\n<meta property=\"og:type\" content=\"article\" \/>\r\n<meta property=\"og:title\" content=\"[2023\/10\/16] [Sinergia intersectorial \u201cind\u00fastrias + conven\u00e7\u00f5es e exposi\u00e7\u00f5es\u201d] Duas exposi\u00e7\u00f5es incorporadas na 28.\u00aa MIF promovem um maior desenvolvimento de qualidade da big health e da tecnologia de ponta | Commerce and Investment Promotion Institute\" \/>\r\n<meta property=\"og:description\" content=\"Em articula&ccedil;&atilde;o com a estrat&eacute;gia de desenvolvimento da diversifica&ccedil;&atilde;o adequada \u201c1+4\u201d, a 28.&ordf; Feira Internacional de Macau (28.&ordf; MIF), organizada pelo Instituto de Promo&ccedil;&atilde;o do [&hellip;]\" \/>\r\n<meta property=\"og:url\" content=\"https:\/\/www.ipim.gov.mo\/pt-pt\/noticias-do-ipim\/2023-10-18-sinergia-intersectorial-industrias-convencoes-e-exposicoes-duas-exposicoes-incorporadas-na-28-a-mif-promovem-um-maior-desenvolvimento-de-qualidade-da-big-health-e-da\/\" \/>\r\n<meta property=\"og:site_name\" content=\"Commerce and Investment Promotion Institute\" \/>\r\n<meta property=\"article:published_time\" content=\"2023-10-16T03:02:00+00:00\" \/>\r\n<meta property=\"og:image\" content=\"https:\/\/www.ipim.gov.mo\/wp-content\/uploads\/2024\/07\/ipim-post-default.jpg\" \/>\r\n\t<meta property=\"og:image:width\" content=\"1024\" \/>\r\n\t<meta property=\"og:image:height\" content=\"768\" \/>\r\n\t<meta property=\"og:image:type\" content=\"image\/jpeg\" \/>\r\n<meta name=\"author\" content=\"admin\" \/>\r\n<meta name=\"twitter:card\" content=\"summary_large_image\" \/>\r\n<meta name=\"twitter:label1\" content=\"Written by\" \/>\n\t<meta name=\"twitter:data1\" content=\"admin\" \/>\n\t<meta name=\"twitter:label2\" content=\"Est. reading time\" \/>\n\t<meta name=\"twitter:data2\" content=\"5 minutes\" \/>\r\n<script type=\"application\/ld+json\" class=\"yoast-schema-graph\">{\"@context\":\"https:\/\/schema.org\",\"@graph\":[{\"@type\":\"WebPage\",\"@id\":\"https:\/\/www.ipim.gov.mo\/pt-pt\/noticias-do-ipim\/2023-10-18-sinergia-intersectorial-industrias-convencoes-e-exposicoes-duas-exposicoes-incorporadas-na-28-a-mif-promovem-um-maior-desenvolvimento-de-qualidade-da-big-health-e-da\/\",\"url\":\"https:\/\/www.ipim.gov.mo\/pt-pt\/noticias-do-ipim\/2023-10-18-sinergia-intersectorial-industrias-convencoes-e-exposicoes-duas-exposicoes-incorporadas-na-28-a-mif-promovem-um-maior-desenvolvimento-de-qualidade-da-big-health-e-da\/\",\"name\":\"[2023\/10\/16] [Sinergia intersectorial \u201cind\u00fastrias + conven\u00e7\u00f5es e exposi\u00e7\u00f5es\u201d] Duas exposi\u00e7\u00f5es incorporadas na 28.\u00aa MIF promovem um maior desenvolvimento de qualidade da big health e da tecnologia de ponta | Commerce and Investment Promotion Institute\",\"isPartOf\":{\"@id\":\"https:\/\/www.ipim.gov.mo\/zh-hans\/#website\"},\"primaryImageOfPage\":{\"@id\":\"https:\/\/www.ipim.gov.mo\/pt-pt\/noticias-do-ipim\/2023-10-18-sinergia-intersectorial-industrias-convencoes-e-exposicoes-duas-exposicoes-incorporadas-na-28-a-mif-promovem-um-maior-desenvolvimento-de-qualidade-da-big-health-e-da\/#primaryimage\"},\"image\":{\"@id\":\"https:\/\/www.ipim.gov.mo\/pt-pt\/noticias-do-ipim\/2023-10-18-sinergia-intersectorial-industrias-convencoes-e-exposicoes-duas-exposicoes-incorporadas-na-28-a-mif-promovem-um-maior-desenvolvimento-de-qualidade-da-big-health-e-da\/#primaryimage\"},\"thumbnailUrl\":\"https:\/\/www.ipim.gov.mo\/wp-content\/uploads\/2024\/07\/ipim-post-default.jpg\",\"datePublished\":\"2023-10-16T03:02:00+00:00\",\"breadcrumb\":{\"@id\":\"https:\/\/www.ipim.gov.mo\/pt-pt\/noticias-do-ipim\/2023-10-18-sinergia-intersectorial-industrias-convencoes-e-exposicoes-duas-exposicoes-incorporadas-na-28-a-mif-promovem-um-maior-desenvolvimento-de-qualidade-da-big-health-e-da\/#breadcrumb\"},\"inLanguage\":\"pt-PT\",\"potentialAction\":[{\"@type\":\"ReadAction\",\"target\":[\"https:\/\/www.ipim.gov.mo\/pt-pt\/noticias-do-ipim\/2023-10-18-sinergia-intersectorial-industrias-convencoes-e-exposicoes-duas-exposicoes-incorporadas-na-28-a-mif-promovem-um-maior-desenvolvimento-de-qualidade-da-big-health-e-da\/\"]}]},{\"@type\":\"ImageObject\",\"inLanguage\":\"pt-PT\",\"@id\":\"https:\/\/www.ipim.gov.mo\/pt-pt\/noticias-do-ipim\/2023-10-18-sinergia-intersectorial-industrias-convencoes-e-exposicoes-duas-exposicoes-incorporadas-na-28-a-mif-promovem-um-maior-desenvolvimento-de-qualidade-da-big-health-e-da\/#primaryimage\",\"url\":\"https:\/\/www.ipim.gov.mo\/wp-content\/uploads\/2024\/07\/ipim-post-default.jpg\",\"contentUrl\":\"https:\/\/www.ipim.gov.mo\/wp-content\/uploads\/2024\/07\/ipim-post-default.jpg\",\"width\":1024,\"height\":768},{\"@type\":\"BreadcrumbList\",\"@id\":\"https:\/\/www.ipim.gov.mo\/pt-pt\/noticias-do-ipim\/2023-10-18-sinergia-intersectorial-industrias-convencoes-e-exposicoes-duas-exposicoes-incorporadas-na-28-a-mif-promovem-um-maior-desenvolvimento-de-qualidade-da-big-health-e-da\/#breadcrumb\",\"itemListElement\":[{\"@type\":\"ListItem\",\"position\":1,\"name\":\"Home\",\"item\":\"https:\/\/www.ipim.gov.mo\/pt-pt\/\"},{\"@type\":\"ListItem\",\"position\":2,\"name\":\"[2023\/10\/16] [Sinergia intersectorial \u201cind\u00fastrias + conven\u00e7\u00f5es e exposi\u00e7\u00f5es\u201d] Duas exposi\u00e7\u00f5es incorporadas na 28.\u00aa MIF promovem um maior desenvolvimento de qualidade da big health e da tecnologia de ponta\"}]},{\"@type\":\"WebSite\",\"@id\":\"https:\/\/www.ipim.gov.mo\/zh-hans\/#website\",\"url\":\"https:\/\/www.ipim.gov.mo\/zh-hans\/\",\"name\":\"Commerce and Investment Promotion Institute\",\"description\":\"Commerce and Investment Promotion Institute\",\"publisher\":{\"@id\":\"https:\/\/www.ipim.gov.mo\/zh-hans\/#organization\"},\"potentialAction\":[{\"@type\":\"SearchAction\",\"target\":{\"@type\":\"EntryPoint\",\"urlTemplate\":\"https:\/\/www.ipim.gov.mo\/zh-hans\/?s={search_term_string}\"},\"query-input\":{\"@type\":\"PropertyValueSpecification\",\"valueRequired\":true,\"valueName\":\"search_term_string\"}}],\"inLanguage\":\"pt-PT\"},{\"@type\":\"Organization\",\"@id\":\"https:\/\/www.ipim.gov.mo\/zh-hans\/#organization\",\"name\":\"IPIM\",\"url\":\"https:\/\/www.ipim.gov.mo\/zh-hans\/\",\"logo\":{\"@type\":\"ImageObject\",\"inLanguage\":\"pt-PT\",\"@id\":\"https:\/\/www.ipim.gov.mo\/zh-hans\/#\/schema\/logo\/image\/\",\"url\":\"https:\/\/www.ipim.gov.mo\/wp-content\/uploads\/2022\/10\/default-post-thumbnail-ipim-logo.png\",\"contentUrl\":\"https:\/\/www.ipim.gov.mo\/wp-content\/uploads\/2022\/10\/default-post-thumbnail-ipim-logo.png\",\"width\":1024,\"height\":768,\"caption\":\"IPIM\"},\"image\":{\"@id\":\"https:\/\/www.ipim.gov.mo\/zh-hans\/#\/schema\/logo\/image\/\"}}]}<\/script>\r\n<!-- \/ Yoast SEO plugin. -->","yoast_head_json":{"title":"[2023\/10\/16] [Sinergia intersectorial \u201cind\u00fastrias + conven\u00e7\u00f5es e exposi\u00e7\u00f5es\u201d] Duas exposi\u00e7\u00f5es incorporadas na 28.\u00aa MIF promovem um maior desenvolvimento de qualidade da big health e da tecnologia de ponta | Commerce and Investment Promotion Institute","robots":{"index":"index","follow":"follow","max-snippet":"max-snippet:-1","max-image-preview":"max-image-preview:large","max-video-preview":"max-video-preview:-1"},"canonical":"https:\/\/www.ipim.gov.mo\/pt-pt\/noticias-do-ipim\/2023-10-18-sinergia-intersectorial-industrias-convencoes-e-exposicoes-duas-exposicoes-incorporadas-na-28-a-mif-promovem-um-maior-desenvolvimento-de-qualidade-da-big-health-e-da\/","og_locale":"pt_PT","og_type":"article","og_title":"[2023\/10\/16] [Sinergia intersectorial \u201cind\u00fastrias + conven\u00e7\u00f5es e exposi\u00e7\u00f5es\u201d] Duas exposi\u00e7\u00f5es incorporadas na 28.\u00aa MIF promovem um maior desenvolvimento de qualidade da big health e da tecnologia de ponta | Commerce and Investment Promotion Institute","og_description":"Em articula&ccedil;&atilde;o com a estrat&eacute;gia de desenvolvimento da diversifica&ccedil;&atilde;o adequada \u201c1+4\u201d, a 28.&ordf; Feira Internacional de Macau (28.&ordf; MIF), organizada pelo Instituto de Promo&ccedil;&atilde;o do [&hellip;]","og_url":"https:\/\/www.ipim.gov.mo\/pt-pt\/noticias-do-ipim\/2023-10-18-sinergia-intersectorial-industrias-convencoes-e-exposicoes-duas-exposicoes-incorporadas-na-28-a-mif-promovem-um-maior-desenvolvimento-de-qualidade-da-big-health-e-da\/","og_site_name":"Commerce and Investment Promotion Institute","article_published_time":"2023-10-16T03:02:00+00:00","og_image":[{"width":1024,"height":768,"url":"https:\/\/www.ipim.gov.mo\/wp-content\/uploads\/2024\/07\/ipim-post-default.jpg","type":"image\/jpeg"}],"author":"admin","twitter_card":"summary_large_image","twitter_misc":{"Written by":"admin","Est. reading time":"5 minutes"},"schema":{"@context":"https:\/\/schema.org","@graph":[{"@type":"WebPage","@id":"https:\/\/www.ipim.gov.mo\/pt-pt\/noticias-do-ipim\/2023-10-18-sinergia-intersectorial-industrias-convencoes-e-exposicoes-duas-exposicoes-incorporadas-na-28-a-mif-promovem-um-maior-desenvolvimento-de-qualidade-da-big-health-e-da\/","url":"https:\/\/www.ipim.gov.mo\/pt-pt\/noticias-do-ipim\/2023-10-18-sinergia-intersectorial-industrias-convencoes-e-exposicoes-duas-exposicoes-incorporadas-na-28-a-mif-promovem-um-maior-desenvolvimento-de-qualidade-da-big-health-e-da\/","name":"[2023\/10\/16] [Sinergia intersectorial \u201cind\u00fastrias + conven\u00e7\u00f5es e exposi\u00e7\u00f5es\u201d] Duas exposi\u00e7\u00f5es incorporadas na 28.\u00aa MIF promovem um maior desenvolvimento de qualidade da big health e da tecnologia de ponta | Commerce and Investment Promotion Institute","isPartOf":{"@id":"https:\/\/www.ipim.gov.mo\/zh-hans\/#website"},"primaryImageOfPage":{"@id":"https:\/\/www.ipim.gov.mo\/pt-pt\/noticias-do-ipim\/2023-10-18-sinergia-intersectorial-industrias-convencoes-e-exposicoes-duas-exposicoes-incorporadas-na-28-a-mif-promovem-um-maior-desenvolvimento-de-qualidade-da-big-health-e-da\/#primaryimage"},"image":{"@id":"https:\/\/www.ipim.gov.mo\/pt-pt\/noticias-do-ipim\/2023-10-18-sinergia-intersectorial-industrias-convencoes-e-exposicoes-duas-exposicoes-incorporadas-na-28-a-mif-promovem-um-maior-desenvolvimento-de-qualidade-da-big-health-e-da\/#primaryimage"},"thumbnailUrl":"https:\/\/www.ipim.gov.mo\/wp-content\/uploads\/2024\/07\/ipim-post-default.jpg","datePublished":"2023-10-16T03:02:00+00:00","breadcrumb":{"@id":"https:\/\/www.ipim.gov.mo\/pt-pt\/noticias-do-ipim\/2023-10-18-sinergia-intersectorial-industrias-convencoes-e-exposicoes-duas-exposicoes-incorporadas-na-28-a-mif-promovem-um-maior-desenvolvimento-de-qualidade-da-big-health-e-da\/#breadcrumb"},"inLanguage":"pt-PT","potentialAction":[{"@type":"ReadAction","target":["https:\/\/www.ipim.gov.mo\/pt-pt\/noticias-do-ipim\/2023-10-18-sinergia-intersectorial-industrias-convencoes-e-exposicoes-duas-exposicoes-incorporadas-na-28-a-mif-promovem-um-maior-desenvolvimento-de-qualidade-da-big-health-e-da\/"]}]},{"@type":"ImageObject","inLanguage":"pt-PT","@id":"https:\/\/www.ipim.gov.mo\/pt-pt\/noticias-do-ipim\/2023-10-18-sinergia-intersectorial-industrias-convencoes-e-exposicoes-duas-exposicoes-incorporadas-na-28-a-mif-promovem-um-maior-desenvolvimento-de-qualidade-da-big-health-e-da\/#primaryimage","url":"https:\/\/www.ipim.gov.mo\/wp-content\/uploads\/2024\/07\/ipim-post-default.jpg","contentUrl":"https:\/\/www.ipim.gov.mo\/wp-content\/uploads\/2024\/07\/ipim-post-default.jpg","width":1024,"height":768},{"@type":"BreadcrumbList","@id":"https:\/\/www.ipim.gov.mo\/pt-pt\/noticias-do-ipim\/2023-10-18-sinergia-intersectorial-industrias-convencoes-e-exposicoes-duas-exposicoes-incorporadas-na-28-a-mif-promovem-um-maior-desenvolvimento-de-qualidade-da-big-health-e-da\/#breadcrumb","itemListElement":[{"@type":"ListItem","position":1,"name":"Home","item":"https:\/\/www.ipim.gov.mo\/pt-pt\/"},{"@type":"ListItem","position":2,"name":"[2023\/10\/16] [Sinergia intersectorial \u201cind\u00fastrias + conven\u00e7\u00f5es e exposi\u00e7\u00f5es\u201d] Duas exposi\u00e7\u00f5es incorporadas na 28.\u00aa MIF promovem um maior desenvolvimento de qualidade da big health e da tecnologia de ponta"}]},{"@type":"WebSite","@id":"https:\/\/www.ipim.gov.mo\/zh-hans\/#website","url":"https:\/\/www.ipim.gov.mo\/zh-hans\/","name":"Commerce and Investment Promotion Institute","description":"Commerce and Investment Promotion Institute","publisher":{"@id":"https:\/\/www.ipim.gov.mo\/zh-hans\/#organization"},"potentialAction":[{"@type":"SearchAction","target":{"@type":"EntryPoint","urlTemplate":"https:\/\/www.ipim.gov.mo\/zh-hans\/?s={search_term_string}"},"query-input":{"@type":"PropertyValueSpecification","valueRequired":true,"valueName":"search_term_string"}}],"inLanguage":"pt-PT"},{"@type":"Organization","@id":"https:\/\/www.ipim.gov.mo\/zh-hans\/#organization","name":"IPIM","url":"https:\/\/www.ipim.gov.mo\/zh-hans\/","logo":{"@type":"ImageObject","inLanguage":"pt-PT","@id":"https:\/\/www.ipim.gov.mo\/zh-hans\/#\/schema\/logo\/image\/","url":"https:\/\/www.ipim.gov.mo\/wp-content\/uploads\/2022\/10\/default-post-thumbnail-ipim-logo.png","contentUrl":"https:\/\/www.ipim.gov.mo\/wp-content\/uploads\/2022\/10\/default-post-thumbnail-ipim-logo.png","width":1024,"height":768,"caption":"IPIM"},"image":{"@id":"https:\/\/www.ipim.gov.mo\/zh-hans\/#\/schema\/logo\/image\/"}}]}},"author_meta":{"display_name":"admin","author_link":"https:\/\/www.ipim.gov.mo\/pt-pt\/author\/admin\/"},"featured_img":"https:\/\/www.ipim.gov.mo\/wp-content\/uploads\/2024\/07\/ipim-post-default-300x225.jpg","coauthors":[],"tax_additional":{"categories":{"linked":["<a href=\"https:\/\/www.ipim.gov.mo\/pt-pt\/category\/noticias-do-ipim\/\" class=\"advgb-post-tax-term\">Not\u00edcias do IPIM<\/a>"],"unlinked":["<span class=\"advgb-post-tax-term\">Not\u00edcias do IPIM<\/span>"]}},"comment_count":"0","relative_dates":{"created":"Posted 3 years ago","modified":"Updated 3 years ago"},"absolute_dates":{"created":"Posted on Outubro 16, 2023","modified":"Updated on Outubro 16, 2023"},"absolute_dates_time":{"created":"Posted on Outubro 16, 2023 11:02 am","modified":"Updated on Outubro 16, 2023 11:02 am"},"featured_img_caption":"","series_order":"","_links":{"self":[{"href":"https:\/\/www.ipim.gov.mo\/pt-pt\/wp-json\/wp\/v2\/posts\/442148","targetHints":{"allow":["GET"]}}],"collection":[{"href":"https:\/\/www.ipim.gov.mo\/pt-pt\/wp-json\/wp\/v2\/posts"}],"about":[{"href":"https:\/\/www.ipim.gov.mo\/pt-pt\/wp-json\/wp\/v2\/types\/post"}],"author":[{"embeddable":true,"href":"https:\/\/www.ipim.gov.mo\/pt-pt\/wp-json\/wp\/v2\/users\/1"}],"replies":[{"embeddable":true,"href":"https:\/\/www.ipim.gov.mo\/pt-pt\/wp-json\/wp\/v2\/comments?post=442148"}],"version-history":[{"count":0,"href":"https:\/\/www.ipim.gov.mo\/pt-pt\/wp-json\/wp\/v2\/posts\/442148\/revisions"}],"wp:featuredmedia":[{"embeddable":true,"href":"https:\/\/www.ipim.gov.mo\/pt-pt\/wp-json\/wp\/v2\/media\/467868"}],"wp:attachment":[{"href":"https:\/\/www.ipim.gov.mo\/pt-pt\/wp-json\/wp\/v2\/media?parent=442148"}],"wp:term":[{"taxonomy":"category","embeddable":true,"href":"https:\/\/www.ipim.gov.mo\/pt-pt\/wp-json\/wp\/v2\/categories?post=442148"},{"taxonomy":"post_tag","embeddable":true,"href":"https:\/\/www.ipim.gov.mo\/pt-pt\/wp-json\/wp\/v2\/tags?post=442148"}],"curies":[{"name":"wp","href":"https:\/\/api.w.org\/{rel}","templated":true}]}}