{"id":442146,"date":"2023-10-17T10:28:00","date_gmt":"2023-10-17T02:28:00","guid":{"rendered":"https:\/\/www.ipim.gov.mo\/noticias-do-ipim\/2023-10-18-encontro-de-negocios-de-macau-e-hengqin-estreia-do-pavilhao-de-hengqin-nas-tres-exposicoes-com-elementos-de-macau-e-hengqin-para-reforcar-o-efeito-sinergico\/"},"modified":"2023-10-17T10:28:00","modified_gmt":"2023-10-17T02:28:00","slug":"2023-10-18-encontro-de-negocios-de-macau-e-hengqin-estreia-do-pavilhao-de-hengqin-nas-tres-exposicoes-com-elementos-de-macau-e-hengqin-para-reforcar-o-efeito-sinergico","status":"publish","type":"post","link":"https:\/\/www.ipim.gov.mo\/pt-pt\/noticias-do-ipim\/2023-10-18-encontro-de-negocios-de-macau-e-hengqin-estreia-do-pavilhao-de-hengqin-nas-tres-exposicoes-com-elementos-de-macau-e-hengqin-para-reforcar-o-efeito-sinergico\/","title":{"rendered":"[2023\/10\/17] [Encontro de Neg\u00f3cios de Macau e Hengqin] Estreia do Pavilh\u00e3o de Hengqin nas tr\u00eas exposi\u00e7\u00f5es com elementos de Macau e Hengqin para refor\u00e7ar o efeito sin\u00e9rgico"},"content":{"rendered":"<p style=\"text-align:justify\">A 1.&ordf; Exposi&ccedil;&atilde;o Econ&oacute;mica e Comercial China\u2013Pa&iacute;ses de L&iacute;ngua Portuguesa (Macau) (1.&ordf; C-PLPEX), a 28.&ordf; Feira Internacional de Macau (28.&ordf; MIF) e a Exposi&ccedil;&atilde;o de Franquia de Macau 2023 (2023MFE) ter&atilde;o lugar entre os dias 19 e 22 de Outubro.<\/p>\n<p style=\"text-align:justify\">Em articula&ccedil;&atilde;o com a estrat&eacute;gia de desenvolvimento da diversifica&ccedil;&atilde;o adequada \u201c1+4\u201d de Macau e aproveitando as oportunidades de desenvolvimento da Zona de Coopera&ccedil;&atilde;o Aprofundada entre Guangdong e Macau em Hengqin (Zona de Coopera&ccedil;&atilde;o Aprofundada), &eacute; estabelecido o Pavilh&atilde;o de Hengqin este ano para se focar nas principais ind&uacute;strias de Macau e Hengqin, refor&ccedil;ar as ac&ccedil;&otilde;es de sinergia entre as duas regi&otilde;es e promover o desenvolvimento diversificado das ind&uacute;strias de Macau. Desde modo, as tr&ecirc;s exposi&ccedil;&otilde;es, atrav&eacute;s das respectivas vantagens, contribuem para reunir neg&oacute;cios e proporcionar uma plataforma de interc&acirc;mbio e coopera&ccedil;&atilde;o comercial para o desenvolvimento das empresas do Interior da China no mercado internacional e para a capta&ccedil;&atilde;o de investimento das empresas internacionais para o mercado dom&eacute;stico.<\/p>\n<p style=\"text-align:justify\"><strong>Transforma&ccedil;&atilde;o do <em>stand<\/em> da Zona de Coopera&ccedil;&atilde;o Aprofundada para o Pavilh&atilde;o de Hengqin aumenta a dimens&atilde;o de exibi&ccedil;&atilde;o <\/strong><\/p>\n<p style=\"text-align:justify\">O ano de 2023 constitui um ano crucial para aprofundar a constru&ccedil;&atilde;o da Zona de Coopera&ccedil;&atilde;o Aprofundada e alcan&ccedil;ar as metas da primeira fase. Nesse sentido, este ano, as tr&ecirc;s exposi&ccedil;&otilde;es ir&atilde;o incorporar diversos elementos da Zona de Coopera&ccedil;&atilde;o Aprofundada.<\/p>\n<p style=\"text-align:justify\">Em termos da exposi&ccedil;&atilde;o, neste ano, o antigo <em>stand<\/em> da Zona de Coopera&ccedil;&atilde;o Aprofundada transforma-se num pavilh&atilde;o de exposi&ccedil;&atilde;o independente e ser&aacute; estabelecido, sob o nome de Pavilh&atilde;o de Hengqin, na 28.&ordf; MIF. O espa&ccedil;o ocupar&aacute; uma &aacute;rea de 180 metros quadrados e contar&aacute; com a participa&ccedil;&atilde;o de 20 empresas de renome, mobilizadas pela Direc&ccedil;&atilde;o de Desenvolvimento Econ&oacute;mico da Zona de Coopera&ccedil;&atilde;o Aprofundada e provenientes de &aacute;reas como turismo, <em>big health<\/em>, tecnologia de ponta e finan&ccedil;as. O pavilh&atilde;o ser&aacute; dividido em quatro zonas de exposi&ccedil;&atilde;o, designadamente a Zona de Exposi&ccedil;&atilde;o da Ind&uacute;stria de Investiga&ccedil;&atilde;o e Desenvolvimento Cient&iacute;fico e Tecnol&oacute;gico e da Ind&uacute;stria Manufactureira do Topo da Gama; a Zona de Exposi&ccedil;&atilde;o de Medicina Tradicional Chinesa e de Outras Ind&uacute;strias de Marca de Macau; a Zona de Exposi&ccedil;&atilde;o da Ind&uacute;stria de Cultura, Turismo, Conven&ccedil;&otilde;es e Exposi&ccedil;&otilde;es e Com&eacute;rcio; e a Zona de Exposi&ccedil;&atilde;o da Ind&uacute;stria de Finan&ccedil;as Modernas. Essas zonas estar&atilde;o a demonstrar, respectivamente, as tend&ecirc;ncias mais recentes da Zona de Coopera&ccedil;&atilde;o Aprofundada e o rumo de desenvolvimento e as realiza&ccedil;&otilde;es alcan&ccedil;adas no &acirc;mbito das quatro principais ind&uacute;strias.<\/p>\n<p style=\"text-align:justify\">O pavilh&atilde;o ainda contar&aacute; com a presen&ccedil;a de funcion&aacute;rios da Direc&ccedil;&atilde;o dos Servi&ccedil;os de Assuntos Comerciais e da Direc&ccedil;&atilde;o dos Servi&ccedil;os de Desenvolvimento Financeiro da Zona de Coopera&ccedil;&atilde;o Aprofundada, para apresentar informa&ccedil;&otilde;es como o registo comercial, o desenvolvimento e as pol&iacute;ticas do sector financeiro da referida zona e realizar interc&acirc;mbio com as empresas participantes nesse sentido.<\/p>\n<p style=\"text-align:justify\">Em simult&acirc;neo, o Instituto de Promo&ccedil;&atilde;o do Com&eacute;rcio e do Investimento de Macau (IPIM), em colabora&ccedil;&atilde;o com a Direc&ccedil;&atilde;o de Desenvolvimento Econ&oacute;mico e com a Direc&ccedil;&atilde;o de Desenvolvimento Financeiro da Zona de Coopera&ccedil;&atilde;o Aprofundada, ir&aacute; realizar respectivamente no primeiro dia e no segundo dia das exposi&ccedil;&otilde;es, a Sess&atilde;o de Encontro de Empresas de Macau e Hengqin e a Sess&atilde;o de Bolsas de Contactos no &acirc;mbito de Finan&ccedil;as Modernas, no sentido de fomentar a coopera&ccedil;&atilde;o e o interc&acirc;mbio entre as empresas de Macau e de Hengqin, com vista a criar mais oportunidades de neg&oacute;cio.<\/p>\n<p style=\"text-align:justify\"><strong>Realiza&ccedil;&atilde;o de mais actividades sob o modelo \u201cUm Evento, Dois Locais\u201d<\/strong><\/p>\n<p style=\"text-align:justify\">Al&eacute;m disso, durante o decorrer das tr&ecirc;s exposi&ccedil;&otilde;es, o IPIM ir&aacute; mobilizar os comerciantes visitantes provenientes do Interior da China, dos Pa&iacute;ses de L&iacute;ngua Portuguesa e de Macau para participarem em v&aacute;rias actividades no &acirc;mbito da estrat&eacute;gia \u201cUm Evento, Dois Locais\u201d. A iniciativa visa, por meio de interc&acirc;mbios comerciais, visitas ao ambiente de neg&oacute;cio e bolsas de contactos entre as marcas, permitir aos participantes, por um lado, aprofundarem os seus conhecimentos sobre as &uacute;ltimas tend&ecirc;ncias de desenvolvimento industrial em Macau e Hengqin e, por outro, experimentarem, de forma imersiva, as condi&ccedil;&otilde;es corp&oacute;reas e incorp&oacute;reas vantajosas que a Zona de Coopera&ccedil;&atilde;o Aprofundada disp&otilde;e para a realiza&ccedil;&atilde;o das conven&ccedil;&otilde;es e exposi&ccedil;&otilde;es, fornecendo, simultaneamente, um forte apoio &agrave;s marcas para que possam estender a sua coopera&ccedil;&atilde;o at&eacute; &agrave; Zona de Coopera&ccedil;&atilde;o Aprofundada, a fim de promover mais coopera&ccedil;&otilde;es de benef&iacute;cios m&uacute;tuos entre v&aacute;rias partes.<\/p>\n<p style=\"text-align:justify\"><strong>Realiza&ccedil;&atilde;o paralela das tr&ecirc;s exposi&ccedil;&otilde;es no mesmo recinto em Outubro<\/strong><\/p>\n<p style=\"text-align:justify\">A 1.&ordf; C-PLPEX, a 28.&ordf; MIF e a 2023MFE, organizadas pelo IPIM, decorrer&atilde;o simultaneamente na Cotai Expo, <em>The Venetian Macao<\/em>, a fim de potenciar o efeito sin&eacute;rgico das tr&ecirc;s exposi&ccedil;&otilde;es.<\/p>\n<div class=\"wp-caption alignnone\">\n                <a href=\"https:\/\/www.gcs.gov.mo\/news\/p\/P23JQRKZuv\/l\" data-component=\"Popup\" data-fancybox=\"gallery\" data-caption=\"O stand da Zona de Coopera\u00e7\u00e3o Aprofundada transforma-se no Pavilh\u00e3o de Hengqin na 28.\u00aa MIF\" data-type=\"image\"><br \/>\n                <img decoding=\"async\" class=\"size-large\" src=\"https:\/\/www.gcs.gov.mo\/news\/p\/P23JQRKZuv\/l\" title=\"O stand da Zona de Coopera\u00e7\u00e3o Aprofundada transforma-se no Pavilh\u00e3o de Hengqin na 28.\u00aa MIF\" alt=\"O stand da Zona de Coopera\u00e7\u00e3o Aprofundada transforma-se no Pavilh\u00e3o de Hengqin na 28.\u00aa MIF\" width=\"1024\"><br \/>\n                <\/a><\/p>\n<p class=\"wp-caption-text\">O stand da Zona de Coopera\u00e7\u00e3o Aprofundada transforma-se no Pavilh\u00e3o de Hengqin na 28.\u00aa MIF<\/p>\n<\/p><\/div>\n<div class=\"wp-caption alignnone\">\n                <a href=\"https:\/\/www.gcs.gov.mo\/news\/p\/P23JQjyugz\/l\" data-component=\"Popup\" data-fancybox=\"gallery\" data-caption=\"Nos dois anos passados, tem-se aproveitado a plataforma das exposi\u00e7\u00f5es para divulgar as pol\u00edticas e vantagens da Zona de Coopera\u00e7\u00e3o Aprofundada entre Guangdong e Macau em Hengqin\" data-type=\"image\"><br \/>\n                <img decoding=\"async\" class=\"size-large\" src=\"https:\/\/www.gcs.gov.mo\/news\/p\/P23JQjyugz\/l\" title=\"Nos dois anos passados, tem-se aproveitado a plataforma das exposi\u00e7\u00f5es para divulgar as pol\u00edticas e vantagens da Zona de Coopera\u00e7\u00e3o Aprofundada entre Guangdong e Macau em Hengqin\" alt=\"Nos dois anos passados, tem-se aproveitado a plataforma das exposi\u00e7\u00f5es para divulgar as pol\u00edticas e vantagens da Zona de Coopera\u00e7\u00e3o Aprofundada entre Guangdong e Macau em Hengqin\" width=\"1024\"><br \/>\n                <\/a><\/p>\n<p class=\"wp-caption-text\">Nos dois anos passados, tem-se aproveitado a plataforma das exposi\u00e7\u00f5es para divulgar as pol\u00edticas e vantagens da Zona de Coopera\u00e7\u00e3o Aprofundada entre Guangdong e Macau em Hengqin<\/p>\n<\/p><\/div>\n","protected":false},"excerpt":{"rendered":"<p>A 1.&ordf; Exposi&ccedil;&atilde;o Econ&oacute;mica e Comercial China\u2013Pa&iacute;ses de L&iacute;ngua Portuguesa (Macau) (1.&ordf; C-PLPEX), a 28.&ordf; Feira Internacional de Macau (28.&ordf; MIF) e a Exposi&ccedil;&atilde;o de [&hellip;]<\/p>\n","protected":false},"author":1,"featured_media":467868,"comment_status":"closed","ping_status":"closed","sticky":false,"template":"","format":"standard","meta":{"_acf_changed":false,"inline_featured_image":false,"advgb_blocks_editor_width":"","advgb_blocks_columns_visual_guide":"","footnotes":""},"categories":[12],"tags":[],"class_list":["post-442146","post","type-post","status-publish","format-standard","has-post-thumbnail","hentry","category-noticias-do-ipim"],"acf":[],"yoast_head":"<!-- This site is optimized with the Yoast SEO plugin v26.2 - https:\/\/yoast.com\/wordpress\/plugins\/seo\/ -->\r\n<title>[2023\/10\/17] [Encontro de Neg\u00f3cios de Macau e Hengqin] Estreia do Pavilh\u00e3o de Hengqin nas tr\u00eas exposi\u00e7\u00f5es com elementos de Macau e Hengqin para refor\u00e7ar o efeito sin\u00e9rgico | Commerce and Investment Promotion Institute<\/title>\r\n<meta name=\"robots\" content=\"index, follow, max-snippet:-1, max-image-preview:large, max-video-preview:-1\" \/>\r\n<link rel=\"canonical\" href=\"https:\/\/www.ipim.gov.mo\/pt-pt\/noticias-do-ipim\/2023-10-18-encontro-de-negocios-de-macau-e-hengqin-estreia-do-pavilhao-de-hengqin-nas-tres-exposicoes-com-elementos-de-macau-e-hengqin-para-reforcar-o-efeito-sinergico\/\" \/>\r\n<meta property=\"og:locale\" content=\"pt_PT\" \/>\r\n<meta property=\"og:type\" content=\"article\" \/>\r\n<meta property=\"og:title\" content=\"[2023\/10\/17] [Encontro de Neg\u00f3cios de Macau e Hengqin] Estreia do Pavilh\u00e3o de Hengqin nas tr\u00eas exposi\u00e7\u00f5es com elementos de Macau e Hengqin para refor\u00e7ar o efeito sin\u00e9rgico | Commerce and Investment Promotion Institute\" \/>\r\n<meta property=\"og:description\" content=\"A 1.&ordf; Exposi&ccedil;&atilde;o Econ&oacute;mica e Comercial China\u2013Pa&iacute;ses de L&iacute;ngua Portuguesa (Macau) (1.&ordf; C-PLPEX), a 28.&ordf; Feira Internacional de Macau (28.&ordf; MIF) e a Exposi&ccedil;&atilde;o de [&hellip;]\" \/>\r\n<meta property=\"og:url\" content=\"https:\/\/www.ipim.gov.mo\/pt-pt\/noticias-do-ipim\/2023-10-18-encontro-de-negocios-de-macau-e-hengqin-estreia-do-pavilhao-de-hengqin-nas-tres-exposicoes-com-elementos-de-macau-e-hengqin-para-reforcar-o-efeito-sinergico\/\" \/>\r\n<meta property=\"og:site_name\" content=\"Commerce and Investment Promotion Institute\" \/>\r\n<meta property=\"article:published_time\" content=\"2023-10-17T02:28:00+00:00\" \/>\r\n<meta property=\"og:image\" content=\"https:\/\/www.ipim.gov.mo\/wp-content\/uploads\/2024\/07\/ipim-post-default.jpg\" \/>\r\n\t<meta property=\"og:image:width\" content=\"1024\" \/>\r\n\t<meta property=\"og:image:height\" content=\"768\" \/>\r\n\t<meta property=\"og:image:type\" content=\"image\/jpeg\" \/>\r\n<meta name=\"author\" content=\"admin\" \/>\r\n<meta name=\"twitter:card\" content=\"summary_large_image\" \/>\r\n<meta name=\"twitter:label1\" content=\"Written by\" \/>\n\t<meta name=\"twitter:data1\" content=\"admin\" \/>\n\t<meta name=\"twitter:label2\" content=\"Est. reading time\" \/>\n\t<meta name=\"twitter:data2\" content=\"6 minutes\" \/>\r\n<script type=\"application\/ld+json\" class=\"yoast-schema-graph\">{\"@context\":\"https:\/\/schema.org\",\"@graph\":[{\"@type\":\"WebPage\",\"@id\":\"https:\/\/www.ipim.gov.mo\/pt-pt\/noticias-do-ipim\/2023-10-18-encontro-de-negocios-de-macau-e-hengqin-estreia-do-pavilhao-de-hengqin-nas-tres-exposicoes-com-elementos-de-macau-e-hengqin-para-reforcar-o-efeito-sinergico\/\",\"url\":\"https:\/\/www.ipim.gov.mo\/pt-pt\/noticias-do-ipim\/2023-10-18-encontro-de-negocios-de-macau-e-hengqin-estreia-do-pavilhao-de-hengqin-nas-tres-exposicoes-com-elementos-de-macau-e-hengqin-para-reforcar-o-efeito-sinergico\/\",\"name\":\"[2023\/10\/17] [Encontro de Neg\u00f3cios de Macau e Hengqin] Estreia do Pavilh\u00e3o de Hengqin nas tr\u00eas exposi\u00e7\u00f5es com elementos de Macau e Hengqin para refor\u00e7ar o efeito sin\u00e9rgico | Commerce and Investment Promotion Institute\",\"isPartOf\":{\"@id\":\"https:\/\/www.ipim.gov.mo\/zh-hans\/#website\"},\"primaryImageOfPage\":{\"@id\":\"https:\/\/www.ipim.gov.mo\/pt-pt\/noticias-do-ipim\/2023-10-18-encontro-de-negocios-de-macau-e-hengqin-estreia-do-pavilhao-de-hengqin-nas-tres-exposicoes-com-elementos-de-macau-e-hengqin-para-reforcar-o-efeito-sinergico\/#primaryimage\"},\"image\":{\"@id\":\"https:\/\/www.ipim.gov.mo\/pt-pt\/noticias-do-ipim\/2023-10-18-encontro-de-negocios-de-macau-e-hengqin-estreia-do-pavilhao-de-hengqin-nas-tres-exposicoes-com-elementos-de-macau-e-hengqin-para-reforcar-o-efeito-sinergico\/#primaryimage\"},\"thumbnailUrl\":\"https:\/\/www.ipim.gov.mo\/wp-content\/uploads\/2024\/07\/ipim-post-default.jpg\",\"datePublished\":\"2023-10-17T02:28:00+00:00\",\"breadcrumb\":{\"@id\":\"https:\/\/www.ipim.gov.mo\/pt-pt\/noticias-do-ipim\/2023-10-18-encontro-de-negocios-de-macau-e-hengqin-estreia-do-pavilhao-de-hengqin-nas-tres-exposicoes-com-elementos-de-macau-e-hengqin-para-reforcar-o-efeito-sinergico\/#breadcrumb\"},\"inLanguage\":\"pt-PT\",\"potentialAction\":[{\"@type\":\"ReadAction\",\"target\":[\"https:\/\/www.ipim.gov.mo\/pt-pt\/noticias-do-ipim\/2023-10-18-encontro-de-negocios-de-macau-e-hengqin-estreia-do-pavilhao-de-hengqin-nas-tres-exposicoes-com-elementos-de-macau-e-hengqin-para-reforcar-o-efeito-sinergico\/\"]}]},{\"@type\":\"ImageObject\",\"inLanguage\":\"pt-PT\",\"@id\":\"https:\/\/www.ipim.gov.mo\/pt-pt\/noticias-do-ipim\/2023-10-18-encontro-de-negocios-de-macau-e-hengqin-estreia-do-pavilhao-de-hengqin-nas-tres-exposicoes-com-elementos-de-macau-e-hengqin-para-reforcar-o-efeito-sinergico\/#primaryimage\",\"url\":\"https:\/\/www.ipim.gov.mo\/wp-content\/uploads\/2024\/07\/ipim-post-default.jpg\",\"contentUrl\":\"https:\/\/www.ipim.gov.mo\/wp-content\/uploads\/2024\/07\/ipim-post-default.jpg\",\"width\":1024,\"height\":768},{\"@type\":\"BreadcrumbList\",\"@id\":\"https:\/\/www.ipim.gov.mo\/pt-pt\/noticias-do-ipim\/2023-10-18-encontro-de-negocios-de-macau-e-hengqin-estreia-do-pavilhao-de-hengqin-nas-tres-exposicoes-com-elementos-de-macau-e-hengqin-para-reforcar-o-efeito-sinergico\/#breadcrumb\",\"itemListElement\":[{\"@type\":\"ListItem\",\"position\":1,\"name\":\"Home\",\"item\":\"https:\/\/www.ipim.gov.mo\/pt-pt\/\"},{\"@type\":\"ListItem\",\"position\":2,\"name\":\"[2023\/10\/17] [Encontro de Neg\u00f3cios de Macau e Hengqin] Estreia do Pavilh\u00e3o de Hengqin nas tr\u00eas exposi\u00e7\u00f5es com elementos de Macau e Hengqin para refor\u00e7ar o efeito sin\u00e9rgico\"}]},{\"@type\":\"WebSite\",\"@id\":\"https:\/\/www.ipim.gov.mo\/zh-hans\/#website\",\"url\":\"https:\/\/www.ipim.gov.mo\/zh-hans\/\",\"name\":\"Commerce and Investment Promotion Institute\",\"description\":\"Commerce and Investment Promotion Institute\",\"publisher\":{\"@id\":\"https:\/\/www.ipim.gov.mo\/zh-hans\/#organization\"},\"potentialAction\":[{\"@type\":\"SearchAction\",\"target\":{\"@type\":\"EntryPoint\",\"urlTemplate\":\"https:\/\/www.ipim.gov.mo\/zh-hans\/?s={search_term_string}\"},\"query-input\":{\"@type\":\"PropertyValueSpecification\",\"valueRequired\":true,\"valueName\":\"search_term_string\"}}],\"inLanguage\":\"pt-PT\"},{\"@type\":\"Organization\",\"@id\":\"https:\/\/www.ipim.gov.mo\/zh-hans\/#organization\",\"name\":\"IPIM\",\"url\":\"https:\/\/www.ipim.gov.mo\/zh-hans\/\",\"logo\":{\"@type\":\"ImageObject\",\"inLanguage\":\"pt-PT\",\"@id\":\"https:\/\/www.ipim.gov.mo\/zh-hans\/#\/schema\/logo\/image\/\",\"url\":\"https:\/\/www.ipim.gov.mo\/wp-content\/uploads\/2022\/10\/default-post-thumbnail-ipim-logo.png\",\"contentUrl\":\"https:\/\/www.ipim.gov.mo\/wp-content\/uploads\/2022\/10\/default-post-thumbnail-ipim-logo.png\",\"width\":1024,\"height\":768,\"caption\":\"IPIM\"},\"image\":{\"@id\":\"https:\/\/www.ipim.gov.mo\/zh-hans\/#\/schema\/logo\/image\/\"}}]}<\/script>\r\n<!-- \/ Yoast SEO plugin. -->","yoast_head_json":{"title":"[2023\/10\/17] [Encontro de Neg\u00f3cios de Macau e Hengqin] Estreia do Pavilh\u00e3o de Hengqin nas tr\u00eas exposi\u00e7\u00f5es com elementos de Macau e Hengqin para refor\u00e7ar o efeito sin\u00e9rgico | Commerce and Investment Promotion Institute","robots":{"index":"index","follow":"follow","max-snippet":"max-snippet:-1","max-image-preview":"max-image-preview:large","max-video-preview":"max-video-preview:-1"},"canonical":"https:\/\/www.ipim.gov.mo\/pt-pt\/noticias-do-ipim\/2023-10-18-encontro-de-negocios-de-macau-e-hengqin-estreia-do-pavilhao-de-hengqin-nas-tres-exposicoes-com-elementos-de-macau-e-hengqin-para-reforcar-o-efeito-sinergico\/","og_locale":"pt_PT","og_type":"article","og_title":"[2023\/10\/17] [Encontro de Neg\u00f3cios de Macau e Hengqin] Estreia do Pavilh\u00e3o de Hengqin nas tr\u00eas exposi\u00e7\u00f5es com elementos de Macau e Hengqin para refor\u00e7ar o efeito sin\u00e9rgico | Commerce and Investment Promotion Institute","og_description":"A 1.&ordf; Exposi&ccedil;&atilde;o Econ&oacute;mica e Comercial China\u2013Pa&iacute;ses de L&iacute;ngua Portuguesa (Macau) (1.&ordf; C-PLPEX), a 28.&ordf; Feira Internacional de Macau (28.&ordf; MIF) e a Exposi&ccedil;&atilde;o de [&hellip;]","og_url":"https:\/\/www.ipim.gov.mo\/pt-pt\/noticias-do-ipim\/2023-10-18-encontro-de-negocios-de-macau-e-hengqin-estreia-do-pavilhao-de-hengqin-nas-tres-exposicoes-com-elementos-de-macau-e-hengqin-para-reforcar-o-efeito-sinergico\/","og_site_name":"Commerce and Investment Promotion Institute","article_published_time":"2023-10-17T02:28:00+00:00","og_image":[{"width":1024,"height":768,"url":"https:\/\/www.ipim.gov.mo\/wp-content\/uploads\/2024\/07\/ipim-post-default.jpg","type":"image\/jpeg"}],"author":"admin","twitter_card":"summary_large_image","twitter_misc":{"Written by":"admin","Est. reading time":"6 minutes"},"schema":{"@context":"https:\/\/schema.org","@graph":[{"@type":"WebPage","@id":"https:\/\/www.ipim.gov.mo\/pt-pt\/noticias-do-ipim\/2023-10-18-encontro-de-negocios-de-macau-e-hengqin-estreia-do-pavilhao-de-hengqin-nas-tres-exposicoes-com-elementos-de-macau-e-hengqin-para-reforcar-o-efeito-sinergico\/","url":"https:\/\/www.ipim.gov.mo\/pt-pt\/noticias-do-ipim\/2023-10-18-encontro-de-negocios-de-macau-e-hengqin-estreia-do-pavilhao-de-hengqin-nas-tres-exposicoes-com-elementos-de-macau-e-hengqin-para-reforcar-o-efeito-sinergico\/","name":"[2023\/10\/17] [Encontro de Neg\u00f3cios de Macau e Hengqin] Estreia do Pavilh\u00e3o de Hengqin nas tr\u00eas exposi\u00e7\u00f5es com elementos de Macau e Hengqin para refor\u00e7ar o efeito sin\u00e9rgico | Commerce and Investment Promotion Institute","isPartOf":{"@id":"https:\/\/www.ipim.gov.mo\/zh-hans\/#website"},"primaryImageOfPage":{"@id":"https:\/\/www.ipim.gov.mo\/pt-pt\/noticias-do-ipim\/2023-10-18-encontro-de-negocios-de-macau-e-hengqin-estreia-do-pavilhao-de-hengqin-nas-tres-exposicoes-com-elementos-de-macau-e-hengqin-para-reforcar-o-efeito-sinergico\/#primaryimage"},"image":{"@id":"https:\/\/www.ipim.gov.mo\/pt-pt\/noticias-do-ipim\/2023-10-18-encontro-de-negocios-de-macau-e-hengqin-estreia-do-pavilhao-de-hengqin-nas-tres-exposicoes-com-elementos-de-macau-e-hengqin-para-reforcar-o-efeito-sinergico\/#primaryimage"},"thumbnailUrl":"https:\/\/www.ipim.gov.mo\/wp-content\/uploads\/2024\/07\/ipim-post-default.jpg","datePublished":"2023-10-17T02:28:00+00:00","breadcrumb":{"@id":"https:\/\/www.ipim.gov.mo\/pt-pt\/noticias-do-ipim\/2023-10-18-encontro-de-negocios-de-macau-e-hengqin-estreia-do-pavilhao-de-hengqin-nas-tres-exposicoes-com-elementos-de-macau-e-hengqin-para-reforcar-o-efeito-sinergico\/#breadcrumb"},"inLanguage":"pt-PT","potentialAction":[{"@type":"ReadAction","target":["https:\/\/www.ipim.gov.mo\/pt-pt\/noticias-do-ipim\/2023-10-18-encontro-de-negocios-de-macau-e-hengqin-estreia-do-pavilhao-de-hengqin-nas-tres-exposicoes-com-elementos-de-macau-e-hengqin-para-reforcar-o-efeito-sinergico\/"]}]},{"@type":"ImageObject","inLanguage":"pt-PT","@id":"https:\/\/www.ipim.gov.mo\/pt-pt\/noticias-do-ipim\/2023-10-18-encontro-de-negocios-de-macau-e-hengqin-estreia-do-pavilhao-de-hengqin-nas-tres-exposicoes-com-elementos-de-macau-e-hengqin-para-reforcar-o-efeito-sinergico\/#primaryimage","url":"https:\/\/www.ipim.gov.mo\/wp-content\/uploads\/2024\/07\/ipim-post-default.jpg","contentUrl":"https:\/\/www.ipim.gov.mo\/wp-content\/uploads\/2024\/07\/ipim-post-default.jpg","width":1024,"height":768},{"@type":"BreadcrumbList","@id":"https:\/\/www.ipim.gov.mo\/pt-pt\/noticias-do-ipim\/2023-10-18-encontro-de-negocios-de-macau-e-hengqin-estreia-do-pavilhao-de-hengqin-nas-tres-exposicoes-com-elementos-de-macau-e-hengqin-para-reforcar-o-efeito-sinergico\/#breadcrumb","itemListElement":[{"@type":"ListItem","position":1,"name":"Home","item":"https:\/\/www.ipim.gov.mo\/pt-pt\/"},{"@type":"ListItem","position":2,"name":"[2023\/10\/17] [Encontro de Neg\u00f3cios de Macau e Hengqin] Estreia do Pavilh\u00e3o de Hengqin nas tr\u00eas exposi\u00e7\u00f5es com elementos de Macau e Hengqin para refor\u00e7ar o efeito sin\u00e9rgico"}]},{"@type":"WebSite","@id":"https:\/\/www.ipim.gov.mo\/zh-hans\/#website","url":"https:\/\/www.ipim.gov.mo\/zh-hans\/","name":"Commerce and Investment Promotion Institute","description":"Commerce and Investment Promotion Institute","publisher":{"@id":"https:\/\/www.ipim.gov.mo\/zh-hans\/#organization"},"potentialAction":[{"@type":"SearchAction","target":{"@type":"EntryPoint","urlTemplate":"https:\/\/www.ipim.gov.mo\/zh-hans\/?s={search_term_string}"},"query-input":{"@type":"PropertyValueSpecification","valueRequired":true,"valueName":"search_term_string"}}],"inLanguage":"pt-PT"},{"@type":"Organization","@id":"https:\/\/www.ipim.gov.mo\/zh-hans\/#organization","name":"IPIM","url":"https:\/\/www.ipim.gov.mo\/zh-hans\/","logo":{"@type":"ImageObject","inLanguage":"pt-PT","@id":"https:\/\/www.ipim.gov.mo\/zh-hans\/#\/schema\/logo\/image\/","url":"https:\/\/www.ipim.gov.mo\/wp-content\/uploads\/2022\/10\/default-post-thumbnail-ipim-logo.png","contentUrl":"https:\/\/www.ipim.gov.mo\/wp-content\/uploads\/2022\/10\/default-post-thumbnail-ipim-logo.png","width":1024,"height":768,"caption":"IPIM"},"image":{"@id":"https:\/\/www.ipim.gov.mo\/zh-hans\/#\/schema\/logo\/image\/"}}]}},"author_meta":{"display_name":"admin","author_link":"https:\/\/www.ipim.gov.mo\/pt-pt\/author\/admin\/"},"featured_img":"https:\/\/www.ipim.gov.mo\/wp-content\/uploads\/2024\/07\/ipim-post-default-300x225.jpg","coauthors":[],"tax_additional":{"categories":{"linked":["<a href=\"https:\/\/www.ipim.gov.mo\/pt-pt\/category\/noticias-do-ipim\/\" class=\"advgb-post-tax-term\">Not\u00edcias do IPIM<\/a>"],"unlinked":["<span class=\"advgb-post-tax-term\">Not\u00edcias do IPIM<\/span>"]}},"comment_count":"0","relative_dates":{"created":"Posted 3 years ago","modified":"Updated 3 years ago"},"absolute_dates":{"created":"Posted on Outubro 17, 2023","modified":"Updated on Outubro 17, 2023"},"absolute_dates_time":{"created":"Posted on Outubro 17, 2023 10:28 am","modified":"Updated on Outubro 17, 2023 10:28 am"},"featured_img_caption":"","series_order":"","_links":{"self":[{"href":"https:\/\/www.ipim.gov.mo\/pt-pt\/wp-json\/wp\/v2\/posts\/442146","targetHints":{"allow":["GET"]}}],"collection":[{"href":"https:\/\/www.ipim.gov.mo\/pt-pt\/wp-json\/wp\/v2\/posts"}],"about":[{"href":"https:\/\/www.ipim.gov.mo\/pt-pt\/wp-json\/wp\/v2\/types\/post"}],"author":[{"embeddable":true,"href":"https:\/\/www.ipim.gov.mo\/pt-pt\/wp-json\/wp\/v2\/users\/1"}],"replies":[{"embeddable":true,"href":"https:\/\/www.ipim.gov.mo\/pt-pt\/wp-json\/wp\/v2\/comments?post=442146"}],"version-history":[{"count":0,"href":"https:\/\/www.ipim.gov.mo\/pt-pt\/wp-json\/wp\/v2\/posts\/442146\/revisions"}],"wp:featuredmedia":[{"embeddable":true,"href":"https:\/\/www.ipim.gov.mo\/pt-pt\/wp-json\/wp\/v2\/media\/467868"}],"wp:attachment":[{"href":"https:\/\/www.ipim.gov.mo\/pt-pt\/wp-json\/wp\/v2\/media?parent=442146"}],"wp:term":[{"taxonomy":"category","embeddable":true,"href":"https:\/\/www.ipim.gov.mo\/pt-pt\/wp-json\/wp\/v2\/categories?post=442146"},{"taxonomy":"post_tag","embeddable":true,"href":"https:\/\/www.ipim.gov.mo\/pt-pt\/wp-json\/wp\/v2\/tags?post=442146"}],"curies":[{"name":"wp","href":"https:\/\/api.w.org\/{rel}","templated":true}]}}