{"id":441832,"date":"2023-10-15T18:00:00","date_gmt":"2023-10-15T10:00:00","guid":{"rendered":"https:\/\/www.ipim.gov.mo\/noticias-do-ipim\/2023-10-15-recepcao-de-visitantes-e-comerciantes-nacionais-e-estrangeiros-provincia-parceira-da-28-a-mif-shandong-levara-ate-a-macau-cerca-de-cem-empresas-de-marcas-reconhecidas\/"},"modified":"2023-10-15T18:00:00","modified_gmt":"2023-10-15T10:00:00","slug":"2023-10-15-recepcao-de-visitantes-e-comerciantes-nacionais-e-estrangeiros-provincia-parceira-da-28-a-mif-shandong-levara-ate-a-macau-cerca-de-cem-empresas-de-marcas-reconhecidas","status":"publish","type":"post","link":"https:\/\/www.ipim.gov.mo\/pt-pt\/noticias-do-ipim\/2023-10-15-recepcao-de-visitantes-e-comerciantes-nacionais-e-estrangeiros-provincia-parceira-da-28-a-mif-shandong-levara-ate-a-macau-cerca-de-cem-empresas-de-marcas-reconhecidas\/","title":{"rendered":"[2023\/10\/15] [Recep\u00e7\u00e3o de visitantes e comerciantes nacionais e estrangeiros] Prov\u00edncia parceira da 28.\u00aa MIF, Shandong, levar\u00e1 at\u00e9 a Macau cerca de cem empresas de marcas reconhecidas"},"content":{"rendered":"<p style=\"text-align:justify\">A prov&iacute;ncia parceira da 28.&ordf; Feira Internacional de Macau (28.&ordf; MIF), Shandong, far-se-&aacute; representar com um pavilh&atilde;o, entre 19 e 22 de Outubro de 2023. No primeiro dia do evento, ser&aacute; realizada a \u201cCompartilha de novas oportunidades de desenvolvimento aberto \u2014 Sess&atilde;o de Interc&acirc;mbio sobre a Coopera&ccedil;&atilde;o Econ&oacute;mica e Comercial entre Shandong e Macau\u201d, com o objectivo de promover e aprofundar a coopera&ccedil;&atilde;o econ&oacute;mica e comercial entre Shandong e Macau em &aacute;reas como as finan&ccedil;as e a log&iacute;stica, bem como de obter benef&iacute;cios m&uacute;tuos entre v&aacute;rias partes.<\/p>\n<p style=\"text-align:justify\"><strong>Apresenta&ccedil;&atilde;o de produtos agr&iacute;colas e do novo desenvolvimento da agricultura em Shandong aos visitantes e comerciantes internacionais, atrav&eacute;s da plataforma de conven&ccedil;&otilde;es e exposi&ccedil;&otilde;es de Macau <\/strong><\/p>\n<p style=\"text-align:justify\">Enquanto prov&iacute;ncia parceira da 28.&ordf; MIF, Shandong constituir&aacute; uma delega&ccedil;&atilde;o comercial agr&iacute;cola, composta principalmente por servi&ccedil;os governamentais, institui&ccedil;&otilde;es de investiga&ccedil;&atilde;o e empresas-l&iacute;deres, para participar na feira em Macau. Girando em torno do tema \u201cRealiza&ccedil;&otilde;es do desenvolvimento aberto e vantagens para o investimento comercial de Shandong\u201d, ser&aacute; montado, no local da MIF, o Pavilh&atilde;o de Shandong, com uma &aacute;rea de 405 metros quadrados, que ser&aacute; dividido em tr&ecirc;s zonas de exposi&ccedil;&atilde;o, nomeadamente, a Zona de Exposi&ccedil;&atilde;o de Produtos Agr&iacute;colas \u2014 \u201cProdutos de Qualidade de Shandong\u201d, a Zona de Apresenta&ccedil;&atilde;o de Avan&ccedil;os em Tecnologias Agr&iacute;colas e a Zona de Demonstra&ccedil;&atilde;o do Desenvolvimento Aberto.<\/p>\n<p style=\"text-align:justify\">A Zona de Produtos Agr&iacute;colas \u2014 \u201cProdutos de Qualidade de Shandong\u201d trar&aacute; produtos alimentares de cerca de cem marcas famosas de Shandong. A Zona de Apresenta&ccedil;&atilde;o de Avan&ccedil;os em Tecnologias Agr&iacute;colas, por sua vez, apresentar&aacute; as tecnologias de planta&ccedil;&atilde;o agr&iacute;cola, a investiga&ccedil;&atilde;o e o desenvolvimento de equipamentos, o desenvolvimento do novo sector das sementes, entre outros.<\/p>\n<p style=\"text-align:justify\"><strong>Concentra&ccedil;&atilde;o de pontos fortes de desenvolvimento de v&aacute;rias zonas de demonstra&ccedil;&atilde;o de ind&uacute;strias e alargamento de novas oportunidades para a coopera&ccedil;&atilde;o internacional no &acirc;mbito da iniciativa \u201cUma Faixa, Uma Rota\u201d<\/strong><\/p>\n<p style=\"text-align:justify\">A Zona de Demonstra&ccedil;&atilde;o do Desenvolvimento Aberto proporcionar&aacute; uma apresenta&ccedil;&atilde;o aprofundada sobre as vantagens comerciais da \u201cZona Piloto Nacional Abrangente de Weifang para o Desenvolvimento Aberto da Agricultura\u201d e as vantagens comerciais da \u201cZona de Demonstra&ccedil;&atilde;o da Ind&uacute;stria de Alta Tecnologia Agr&iacute;cola do Delta do Rio Amarelo\u201d, em termos de ind&uacute;strias, com&eacute;rcio e coopera&ccedil;&atilde;o tecnol&oacute;gica, entre outros aspectos.<\/p>\n<p style=\"text-align:justify\">Ao mesmo tempo, destacar-se-&aacute; a promo&ccedil;&atilde;o da Zona de Demonstra&ccedil;&atilde;o da Coopera&ccedil;&atilde;o Econ&oacute;mica e Comercial Local China\u2013Organiza&ccedil;&atilde;o de Coopera&ccedil;&atilde;o de Xangai (SCODA, na sigla inglesa), nesta zona de exposi&ccedil;&atilde;o. A zona de demonstra&ccedil;&atilde;o, criada em Qingdao com o apoio nacional, visa criar uma nova plataforma de coopera&ccedil;&atilde;o internacional no &acirc;mbito da iniciativa \u201cUma Faixa, Uma Rota\u201d e promover a conjuntura de abertura, em que se pode realizar a \u201cajuda m&uacute;tua bidireccional entre o leste e o oeste e a coopera&ccedil;&atilde;o entre o interior e o litoral\u201d. Os conte&uacute;dos da promo&ccedil;&atilde;o abranger&atilde;o o <em>status quo <\/em>do desenvolvimento dos quatro centros da zona de demonstra&ccedil;&atilde;o, a saber, o Centro de Log&iacute;stica Internacional, o Centro de Com&eacute;rcio Moderno, o Centro de Investimento e Coopera&ccedil;&atilde;o Bidireccional e o Centro de Interc&acirc;mbio e Desenvolvimento Comercial, Tur&iacute;stico e Cultural. Desta forma, procura-se proporcionar &agrave;s empresas oportunidades de mercado mais amplas, para participarem na constru&ccedil;&atilde;o da \u201cUma Faixa e Uma Rota\u201d.<\/p>\n<p style=\"text-align:justify\"><strong>Tr&ecirc;s eventos a realizarem em simult&acirc;neo em Outubro, no mesmo local<\/strong><\/p>\n<p style=\"text-align:justify\">A 28.&ordf; MIF, a 1.&ordf; Exposi&ccedil;&atilde;o Econ&oacute;mica e Comercial China\u2013Pa&iacute;ses de L&iacute;ngua Portuguesa (Macau) (1.&ordf; C-PLPEX) e a Exposi&ccedil;&atilde;o de Franquia de Macau 2023 (2023MFE) ser&atilde;o realizadas simultaneamente, no mesmo local, em Macau, permitindo a cria&ccedil;&atilde;o de uma sinergia entre os tr&ecirc;s eventos.&nbsp;<\/p>\n<div class=\"wp-caption alignnone\">\n                <a href=\"https:\/\/www.gcs.gov.mo\/news\/p\/P23JOFFdlA\/l\" data-component=\"Popup\" data-fancybox=\"gallery\" data-caption=\"A prov\u00edncia parceira da 28.\u00aa MIF, Shandong, instalar\u00e1 o Pavilh\u00e3o de Shandong e levar\u00e1 at\u00e9 \u00e0 feira quase cem empresas de marca reconhecidas\" data-type=\"image\"><br \/>\n                <img decoding=\"async\" class=\"size-large\" src=\"https:\/\/www.gcs.gov.mo\/news\/p\/P23JOFFdlA\/l\" title=\"A prov\u00edncia parceira da 28.\u00aa MIF, Shandong, instalar\u00e1 o Pavilh\u00e3o de Shandong e levar\u00e1 at\u00e9 \u00e0 feira quase cem empresas de marca reconhecidas\" alt=\"A prov\u00edncia parceira da 28.\u00aa MIF, Shandong, instalar\u00e1 o Pavilh\u00e3o de Shandong e levar\u00e1 at\u00e9 \u00e0 feira quase cem empresas de marca reconhecidas\" width=\"1024\"><br \/>\n                <\/a><\/p>\n<p class=\"wp-caption-text\">A prov\u00edncia parceira da 28.\u00aa MIF, Shandong, instalar\u00e1 o Pavilh\u00e3o de Shandong e levar\u00e1 at\u00e9 \u00e0 feira quase cem empresas de marca reconhecidas<\/p>\n<\/p><\/div>\n","protected":false},"excerpt":{"rendered":"<p>A prov&iacute;ncia parceira da 28.&ordf; Feira Internacional de Macau (28.&ordf; MIF), Shandong, far-se-&aacute; representar com um pavilh&atilde;o, entre 19 e 22 de Outubro de 2023. [&hellip;]<\/p>\n","protected":false},"author":1,"featured_media":467868,"comment_status":"closed","ping_status":"closed","sticky":false,"template":"","format":"standard","meta":{"_acf_changed":false,"inline_featured_image":false,"advgb_blocks_editor_width":"","advgb_blocks_columns_visual_guide":"","footnotes":""},"categories":[12],"tags":[],"class_list":["post-441832","post","type-post","status-publish","format-standard","has-post-thumbnail","hentry","category-noticias-do-ipim"],"acf":[],"yoast_head":"<!-- This site is optimized with the Yoast SEO plugin v26.2 - https:\/\/yoast.com\/wordpress\/plugins\/seo\/ -->\r\n<title>[2023\/10\/15] [Recep\u00e7\u00e3o de visitantes e comerciantes nacionais e estrangeiros] Prov\u00edncia parceira da 28.\u00aa MIF, Shandong, levar\u00e1 at\u00e9 a Macau cerca de cem empresas de marcas reconhecidas | Commerce and Investment Promotion Institute<\/title>\r\n<meta name=\"robots\" content=\"index, follow, max-snippet:-1, max-image-preview:large, max-video-preview:-1\" \/>\r\n<link rel=\"canonical\" href=\"https:\/\/www.ipim.gov.mo\/pt-pt\/noticias-do-ipim\/2023-10-15-recepcao-de-visitantes-e-comerciantes-nacionais-e-estrangeiros-provincia-parceira-da-28-a-mif-shandong-levara-ate-a-macau-cerca-de-cem-empresas-de-marcas-reconhecidas\/\" \/>\r\n<meta property=\"og:locale\" content=\"pt_PT\" \/>\r\n<meta property=\"og:type\" content=\"article\" \/>\r\n<meta property=\"og:title\" content=\"[2023\/10\/15] [Recep\u00e7\u00e3o de visitantes e comerciantes nacionais e estrangeiros] Prov\u00edncia parceira da 28.\u00aa MIF, Shandong, levar\u00e1 at\u00e9 a Macau cerca de cem empresas de marcas reconhecidas | Commerce and Investment Promotion Institute\" \/>\r\n<meta property=\"og:description\" content=\"A prov&iacute;ncia parceira da 28.&ordf; Feira Internacional de Macau (28.&ordf; MIF), Shandong, far-se-&aacute; representar com um pavilh&atilde;o, entre 19 e 22 de Outubro de 2023. [&hellip;]\" \/>\r\n<meta property=\"og:url\" content=\"https:\/\/www.ipim.gov.mo\/pt-pt\/noticias-do-ipim\/2023-10-15-recepcao-de-visitantes-e-comerciantes-nacionais-e-estrangeiros-provincia-parceira-da-28-a-mif-shandong-levara-ate-a-macau-cerca-de-cem-empresas-de-marcas-reconhecidas\/\" \/>\r\n<meta property=\"og:site_name\" content=\"Commerce and Investment Promotion Institute\" \/>\r\n<meta property=\"article:published_time\" content=\"2023-10-15T10:00:00+00:00\" \/>\r\n<meta property=\"og:image\" content=\"https:\/\/www.ipim.gov.mo\/wp-content\/uploads\/2024\/07\/ipim-post-default.jpg\" \/>\r\n\t<meta property=\"og:image:width\" content=\"1024\" \/>\r\n\t<meta property=\"og:image:height\" content=\"768\" \/>\r\n\t<meta property=\"og:image:type\" content=\"image\/jpeg\" \/>\r\n<meta name=\"author\" content=\"admin\" \/>\r\n<meta name=\"twitter:card\" content=\"summary_large_image\" \/>\r\n<meta name=\"twitter:label1\" content=\"Written by\" \/>\n\t<meta name=\"twitter:data1\" content=\"admin\" \/>\n\t<meta name=\"twitter:label2\" content=\"Est. reading time\" \/>\n\t<meta name=\"twitter:data2\" content=\"4 minutes\" \/>\r\n<script type=\"application\/ld+json\" class=\"yoast-schema-graph\">{\"@context\":\"https:\/\/schema.org\",\"@graph\":[{\"@type\":\"WebPage\",\"@id\":\"https:\/\/www.ipim.gov.mo\/pt-pt\/noticias-do-ipim\/2023-10-15-recepcao-de-visitantes-e-comerciantes-nacionais-e-estrangeiros-provincia-parceira-da-28-a-mif-shandong-levara-ate-a-macau-cerca-de-cem-empresas-de-marcas-reconhecidas\/\",\"url\":\"https:\/\/www.ipim.gov.mo\/pt-pt\/noticias-do-ipim\/2023-10-15-recepcao-de-visitantes-e-comerciantes-nacionais-e-estrangeiros-provincia-parceira-da-28-a-mif-shandong-levara-ate-a-macau-cerca-de-cem-empresas-de-marcas-reconhecidas\/\",\"name\":\"[2023\/10\/15] [Recep\u00e7\u00e3o de visitantes e comerciantes nacionais e estrangeiros] Prov\u00edncia parceira da 28.\u00aa MIF, Shandong, levar\u00e1 at\u00e9 a Macau cerca de cem empresas de marcas reconhecidas | Commerce and Investment Promotion Institute\",\"isPartOf\":{\"@id\":\"https:\/\/www.ipim.gov.mo\/zh-hans\/#website\"},\"primaryImageOfPage\":{\"@id\":\"https:\/\/www.ipim.gov.mo\/pt-pt\/noticias-do-ipim\/2023-10-15-recepcao-de-visitantes-e-comerciantes-nacionais-e-estrangeiros-provincia-parceira-da-28-a-mif-shandong-levara-ate-a-macau-cerca-de-cem-empresas-de-marcas-reconhecidas\/#primaryimage\"},\"image\":{\"@id\":\"https:\/\/www.ipim.gov.mo\/pt-pt\/noticias-do-ipim\/2023-10-15-recepcao-de-visitantes-e-comerciantes-nacionais-e-estrangeiros-provincia-parceira-da-28-a-mif-shandong-levara-ate-a-macau-cerca-de-cem-empresas-de-marcas-reconhecidas\/#primaryimage\"},\"thumbnailUrl\":\"https:\/\/www.ipim.gov.mo\/wp-content\/uploads\/2024\/07\/ipim-post-default.jpg\",\"datePublished\":\"2023-10-15T10:00:00+00:00\",\"breadcrumb\":{\"@id\":\"https:\/\/www.ipim.gov.mo\/pt-pt\/noticias-do-ipim\/2023-10-15-recepcao-de-visitantes-e-comerciantes-nacionais-e-estrangeiros-provincia-parceira-da-28-a-mif-shandong-levara-ate-a-macau-cerca-de-cem-empresas-de-marcas-reconhecidas\/#breadcrumb\"},\"inLanguage\":\"pt-PT\",\"potentialAction\":[{\"@type\":\"ReadAction\",\"target\":[\"https:\/\/www.ipim.gov.mo\/pt-pt\/noticias-do-ipim\/2023-10-15-recepcao-de-visitantes-e-comerciantes-nacionais-e-estrangeiros-provincia-parceira-da-28-a-mif-shandong-levara-ate-a-macau-cerca-de-cem-empresas-de-marcas-reconhecidas\/\"]}]},{\"@type\":\"ImageObject\",\"inLanguage\":\"pt-PT\",\"@id\":\"https:\/\/www.ipim.gov.mo\/pt-pt\/noticias-do-ipim\/2023-10-15-recepcao-de-visitantes-e-comerciantes-nacionais-e-estrangeiros-provincia-parceira-da-28-a-mif-shandong-levara-ate-a-macau-cerca-de-cem-empresas-de-marcas-reconhecidas\/#primaryimage\",\"url\":\"https:\/\/www.ipim.gov.mo\/wp-content\/uploads\/2024\/07\/ipim-post-default.jpg\",\"contentUrl\":\"https:\/\/www.ipim.gov.mo\/wp-content\/uploads\/2024\/07\/ipim-post-default.jpg\",\"width\":1024,\"height\":768},{\"@type\":\"BreadcrumbList\",\"@id\":\"https:\/\/www.ipim.gov.mo\/pt-pt\/noticias-do-ipim\/2023-10-15-recepcao-de-visitantes-e-comerciantes-nacionais-e-estrangeiros-provincia-parceira-da-28-a-mif-shandong-levara-ate-a-macau-cerca-de-cem-empresas-de-marcas-reconhecidas\/#breadcrumb\",\"itemListElement\":[{\"@type\":\"ListItem\",\"position\":1,\"name\":\"Home\",\"item\":\"https:\/\/www.ipim.gov.mo\/pt-pt\/\"},{\"@type\":\"ListItem\",\"position\":2,\"name\":\"[2023\/10\/15] [Recep\u00e7\u00e3o de visitantes e comerciantes nacionais e estrangeiros] Prov\u00edncia parceira da 28.\u00aa MIF, Shandong, levar\u00e1 at\u00e9 a Macau cerca de cem empresas de marcas reconhecidas\"}]},{\"@type\":\"WebSite\",\"@id\":\"https:\/\/www.ipim.gov.mo\/zh-hans\/#website\",\"url\":\"https:\/\/www.ipim.gov.mo\/zh-hans\/\",\"name\":\"Commerce and Investment Promotion Institute\",\"description\":\"Commerce and Investment Promotion Institute\",\"publisher\":{\"@id\":\"https:\/\/www.ipim.gov.mo\/zh-hans\/#organization\"},\"potentialAction\":[{\"@type\":\"SearchAction\",\"target\":{\"@type\":\"EntryPoint\",\"urlTemplate\":\"https:\/\/www.ipim.gov.mo\/zh-hans\/?s={search_term_string}\"},\"query-input\":{\"@type\":\"PropertyValueSpecification\",\"valueRequired\":true,\"valueName\":\"search_term_string\"}}],\"inLanguage\":\"pt-PT\"},{\"@type\":\"Organization\",\"@id\":\"https:\/\/www.ipim.gov.mo\/zh-hans\/#organization\",\"name\":\"IPIM\",\"url\":\"https:\/\/www.ipim.gov.mo\/zh-hans\/\",\"logo\":{\"@type\":\"ImageObject\",\"inLanguage\":\"pt-PT\",\"@id\":\"https:\/\/www.ipim.gov.mo\/zh-hans\/#\/schema\/logo\/image\/\",\"url\":\"https:\/\/www.ipim.gov.mo\/wp-content\/uploads\/2022\/10\/default-post-thumbnail-ipim-logo.png\",\"contentUrl\":\"https:\/\/www.ipim.gov.mo\/wp-content\/uploads\/2022\/10\/default-post-thumbnail-ipim-logo.png\",\"width\":1024,\"height\":768,\"caption\":\"IPIM\"},\"image\":{\"@id\":\"https:\/\/www.ipim.gov.mo\/zh-hans\/#\/schema\/logo\/image\/\"}}]}<\/script>\r\n<!-- \/ Yoast SEO plugin. -->","yoast_head_json":{"title":"[2023\/10\/15] [Recep\u00e7\u00e3o de visitantes e comerciantes nacionais e estrangeiros] Prov\u00edncia parceira da 28.\u00aa MIF, Shandong, levar\u00e1 at\u00e9 a Macau cerca de cem empresas de marcas reconhecidas | Commerce and Investment Promotion Institute","robots":{"index":"index","follow":"follow","max-snippet":"max-snippet:-1","max-image-preview":"max-image-preview:large","max-video-preview":"max-video-preview:-1"},"canonical":"https:\/\/www.ipim.gov.mo\/pt-pt\/noticias-do-ipim\/2023-10-15-recepcao-de-visitantes-e-comerciantes-nacionais-e-estrangeiros-provincia-parceira-da-28-a-mif-shandong-levara-ate-a-macau-cerca-de-cem-empresas-de-marcas-reconhecidas\/","og_locale":"pt_PT","og_type":"article","og_title":"[2023\/10\/15] [Recep\u00e7\u00e3o de visitantes e comerciantes nacionais e estrangeiros] Prov\u00edncia parceira da 28.\u00aa MIF, Shandong, levar\u00e1 at\u00e9 a Macau cerca de cem empresas de marcas reconhecidas | Commerce and Investment Promotion Institute","og_description":"A prov&iacute;ncia parceira da 28.&ordf; Feira Internacional de Macau (28.&ordf; MIF), Shandong, far-se-&aacute; representar com um pavilh&atilde;o, entre 19 e 22 de Outubro de 2023. [&hellip;]","og_url":"https:\/\/www.ipim.gov.mo\/pt-pt\/noticias-do-ipim\/2023-10-15-recepcao-de-visitantes-e-comerciantes-nacionais-e-estrangeiros-provincia-parceira-da-28-a-mif-shandong-levara-ate-a-macau-cerca-de-cem-empresas-de-marcas-reconhecidas\/","og_site_name":"Commerce and Investment Promotion Institute","article_published_time":"2023-10-15T10:00:00+00:00","og_image":[{"width":1024,"height":768,"url":"https:\/\/www.ipim.gov.mo\/wp-content\/uploads\/2024\/07\/ipim-post-default.jpg","type":"image\/jpeg"}],"author":"admin","twitter_card":"summary_large_image","twitter_misc":{"Written by":"admin","Est. reading time":"4 minutes"},"schema":{"@context":"https:\/\/schema.org","@graph":[{"@type":"WebPage","@id":"https:\/\/www.ipim.gov.mo\/pt-pt\/noticias-do-ipim\/2023-10-15-recepcao-de-visitantes-e-comerciantes-nacionais-e-estrangeiros-provincia-parceira-da-28-a-mif-shandong-levara-ate-a-macau-cerca-de-cem-empresas-de-marcas-reconhecidas\/","url":"https:\/\/www.ipim.gov.mo\/pt-pt\/noticias-do-ipim\/2023-10-15-recepcao-de-visitantes-e-comerciantes-nacionais-e-estrangeiros-provincia-parceira-da-28-a-mif-shandong-levara-ate-a-macau-cerca-de-cem-empresas-de-marcas-reconhecidas\/","name":"[2023\/10\/15] [Recep\u00e7\u00e3o de visitantes e comerciantes nacionais e estrangeiros] Prov\u00edncia parceira da 28.\u00aa MIF, Shandong, levar\u00e1 at\u00e9 a Macau cerca de cem empresas de marcas reconhecidas | Commerce and Investment Promotion Institute","isPartOf":{"@id":"https:\/\/www.ipim.gov.mo\/zh-hans\/#website"},"primaryImageOfPage":{"@id":"https:\/\/www.ipim.gov.mo\/pt-pt\/noticias-do-ipim\/2023-10-15-recepcao-de-visitantes-e-comerciantes-nacionais-e-estrangeiros-provincia-parceira-da-28-a-mif-shandong-levara-ate-a-macau-cerca-de-cem-empresas-de-marcas-reconhecidas\/#primaryimage"},"image":{"@id":"https:\/\/www.ipim.gov.mo\/pt-pt\/noticias-do-ipim\/2023-10-15-recepcao-de-visitantes-e-comerciantes-nacionais-e-estrangeiros-provincia-parceira-da-28-a-mif-shandong-levara-ate-a-macau-cerca-de-cem-empresas-de-marcas-reconhecidas\/#primaryimage"},"thumbnailUrl":"https:\/\/www.ipim.gov.mo\/wp-content\/uploads\/2024\/07\/ipim-post-default.jpg","datePublished":"2023-10-15T10:00:00+00:00","breadcrumb":{"@id":"https:\/\/www.ipim.gov.mo\/pt-pt\/noticias-do-ipim\/2023-10-15-recepcao-de-visitantes-e-comerciantes-nacionais-e-estrangeiros-provincia-parceira-da-28-a-mif-shandong-levara-ate-a-macau-cerca-de-cem-empresas-de-marcas-reconhecidas\/#breadcrumb"},"inLanguage":"pt-PT","potentialAction":[{"@type":"ReadAction","target":["https:\/\/www.ipim.gov.mo\/pt-pt\/noticias-do-ipim\/2023-10-15-recepcao-de-visitantes-e-comerciantes-nacionais-e-estrangeiros-provincia-parceira-da-28-a-mif-shandong-levara-ate-a-macau-cerca-de-cem-empresas-de-marcas-reconhecidas\/"]}]},{"@type":"ImageObject","inLanguage":"pt-PT","@id":"https:\/\/www.ipim.gov.mo\/pt-pt\/noticias-do-ipim\/2023-10-15-recepcao-de-visitantes-e-comerciantes-nacionais-e-estrangeiros-provincia-parceira-da-28-a-mif-shandong-levara-ate-a-macau-cerca-de-cem-empresas-de-marcas-reconhecidas\/#primaryimage","url":"https:\/\/www.ipim.gov.mo\/wp-content\/uploads\/2024\/07\/ipim-post-default.jpg","contentUrl":"https:\/\/www.ipim.gov.mo\/wp-content\/uploads\/2024\/07\/ipim-post-default.jpg","width":1024,"height":768},{"@type":"BreadcrumbList","@id":"https:\/\/www.ipim.gov.mo\/pt-pt\/noticias-do-ipim\/2023-10-15-recepcao-de-visitantes-e-comerciantes-nacionais-e-estrangeiros-provincia-parceira-da-28-a-mif-shandong-levara-ate-a-macau-cerca-de-cem-empresas-de-marcas-reconhecidas\/#breadcrumb","itemListElement":[{"@type":"ListItem","position":1,"name":"Home","item":"https:\/\/www.ipim.gov.mo\/pt-pt\/"},{"@type":"ListItem","position":2,"name":"[2023\/10\/15] [Recep\u00e7\u00e3o de visitantes e comerciantes nacionais e estrangeiros] Prov\u00edncia parceira da 28.\u00aa MIF, Shandong, levar\u00e1 at\u00e9 a Macau cerca de cem empresas de marcas reconhecidas"}]},{"@type":"WebSite","@id":"https:\/\/www.ipim.gov.mo\/zh-hans\/#website","url":"https:\/\/www.ipim.gov.mo\/zh-hans\/","name":"Commerce and Investment Promotion Institute","description":"Commerce and Investment Promotion Institute","publisher":{"@id":"https:\/\/www.ipim.gov.mo\/zh-hans\/#organization"},"potentialAction":[{"@type":"SearchAction","target":{"@type":"EntryPoint","urlTemplate":"https:\/\/www.ipim.gov.mo\/zh-hans\/?s={search_term_string}"},"query-input":{"@type":"PropertyValueSpecification","valueRequired":true,"valueName":"search_term_string"}}],"inLanguage":"pt-PT"},{"@type":"Organization","@id":"https:\/\/www.ipim.gov.mo\/zh-hans\/#organization","name":"IPIM","url":"https:\/\/www.ipim.gov.mo\/zh-hans\/","logo":{"@type":"ImageObject","inLanguage":"pt-PT","@id":"https:\/\/www.ipim.gov.mo\/zh-hans\/#\/schema\/logo\/image\/","url":"https:\/\/www.ipim.gov.mo\/wp-content\/uploads\/2022\/10\/default-post-thumbnail-ipim-logo.png","contentUrl":"https:\/\/www.ipim.gov.mo\/wp-content\/uploads\/2022\/10\/default-post-thumbnail-ipim-logo.png","width":1024,"height":768,"caption":"IPIM"},"image":{"@id":"https:\/\/www.ipim.gov.mo\/zh-hans\/#\/schema\/logo\/image\/"}}]}},"author_meta":{"display_name":"admin","author_link":"https:\/\/www.ipim.gov.mo\/pt-pt\/author\/admin\/"},"featured_img":"https:\/\/www.ipim.gov.mo\/wp-content\/uploads\/2024\/07\/ipim-post-default-300x225.jpg","coauthors":[],"tax_additional":{"categories":{"linked":["<a href=\"https:\/\/www.ipim.gov.mo\/pt-pt\/category\/noticias-do-ipim\/\" class=\"advgb-post-tax-term\">Not\u00edcias do IPIM<\/a>"],"unlinked":["<span class=\"advgb-post-tax-term\">Not\u00edcias do IPIM<\/span>"]}},"comment_count":"0","relative_dates":{"created":"Posted 3 years ago","modified":"Updated 3 years ago"},"absolute_dates":{"created":"Posted on Outubro 15, 2023","modified":"Updated on Outubro 15, 2023"},"absolute_dates_time":{"created":"Posted on Outubro 15, 2023 6:00 pm","modified":"Updated on Outubro 15, 2023 6:00 pm"},"featured_img_caption":"","series_order":"","_links":{"self":[{"href":"https:\/\/www.ipim.gov.mo\/pt-pt\/wp-json\/wp\/v2\/posts\/441832","targetHints":{"allow":["GET"]}}],"collection":[{"href":"https:\/\/www.ipim.gov.mo\/pt-pt\/wp-json\/wp\/v2\/posts"}],"about":[{"href":"https:\/\/www.ipim.gov.mo\/pt-pt\/wp-json\/wp\/v2\/types\/post"}],"author":[{"embeddable":true,"href":"https:\/\/www.ipim.gov.mo\/pt-pt\/wp-json\/wp\/v2\/users\/1"}],"replies":[{"embeddable":true,"href":"https:\/\/www.ipim.gov.mo\/pt-pt\/wp-json\/wp\/v2\/comments?post=441832"}],"version-history":[{"count":0,"href":"https:\/\/www.ipim.gov.mo\/pt-pt\/wp-json\/wp\/v2\/posts\/441832\/revisions"}],"wp:featuredmedia":[{"embeddable":true,"href":"https:\/\/www.ipim.gov.mo\/pt-pt\/wp-json\/wp\/v2\/media\/467868"}],"wp:attachment":[{"href":"https:\/\/www.ipim.gov.mo\/pt-pt\/wp-json\/wp\/v2\/media?parent=441832"}],"wp:term":[{"taxonomy":"category","embeddable":true,"href":"https:\/\/www.ipim.gov.mo\/pt-pt\/wp-json\/wp\/v2\/categories?post=441832"},{"taxonomy":"post_tag","embeddable":true,"href":"https:\/\/www.ipim.gov.mo\/pt-pt\/wp-json\/wp\/v2\/tags?post=441832"}],"curies":[{"name":"wp","href":"https:\/\/api.w.org\/{rel}","templated":true}]}}