{"id":441825,"date":"2023-10-15T17:59:00","date_gmt":"2023-10-15T09:59:00","guid":{"rendered":"https:\/\/www.ipim.gov.mo\/noticias-do-ipim\/2023-10-15-tres-exposicoes-realizadas-em-simultaneo-1-a-c-plpex-28-a-mif-e-2023mfe-serao-inauguradas-em-19-de-outubro-para-criar-em-conjunto-uma-plataforma-comercial-internacional\/"},"modified":"2023-10-15T17:59:00","modified_gmt":"2023-10-15T09:59:00","slug":"2023-10-15-tres-exposicoes-realizadas-em-simultaneo-1-a-c-plpex-28-a-mif-e-2023mfe-serao-inauguradas-em-19-de-outubro-para-criar-em-conjunto-uma-plataforma-comercial-internacional","status":"publish","type":"post","link":"https:\/\/www.ipim.gov.mo\/pt-pt\/noticias-do-ipim\/2023-10-15-tres-exposicoes-realizadas-em-simultaneo-1-a-c-plpex-28-a-mif-e-2023mfe-serao-inauguradas-em-19-de-outubro-para-criar-em-conjunto-uma-plataforma-comercial-internacional\/","title":{"rendered":"[2023\/10\/15] [Tr\u00eas exposi\u00e7\u00f5es realizadas em simult\u00e2neo] 1.\u00aa C-PLPEX, 28.\u00aa MIF e 2023MFE ser\u00e3o inauguradas em 19 de Outubro, para criar em conjunto uma plataforma comercial internacional"},"content":{"rendered":"<div style=\"width: 1280px;\" class=\"wp-video\"><!--[if lt IE 9]><script>document.createElement('video');<\/script><![endif]-->\n<video class=\"wp-video-shortcode\" id=\"video-441825-1\" width=\"1280\" height=\"720\" poster=\"https:\/\/www.ipim.gov.mo\/wp-content\/uploads\/2023\/10\/Screenshot-2023-10-16-012224.png\" preload=\"metadata\" controls=\"controls\"><source type=\"video\/mp4\" src=\"https:\/\/www.ipim.gov.mo\/wp-content\/uploads\/2023\/10\/2023_TVC_CHI_processed.mp4?_=1\" \/><a href=\"https:\/\/www.ipim.gov.mo\/wp-content\/uploads\/2023\/10\/2023_TVC_CHI_processed.mp4\">https:\/\/www.ipim.gov.mo\/wp-content\/uploads\/2023\/10\/2023_TVC_CHI_processed.mp4<\/a><\/video><\/div>\n<p>De 19 a 22 de Outubro, convidamo-lo a explorar as oportunidades de neg&oacute;cio dos tr&ecirc;s eventos!<\/p>\n<p style=\"text-align:justify\">A 1.&ordf; Exposi&ccedil;&atilde;o Econ&oacute;mica e Comercial China\u2013Pa&iacute;ses de L&iacute;ngua Portuguesa (Macau) (1.&ordf; C-PLPEX), a 28.&ordf; Feira Internacional de Macau (28.&ordf; MIF) e a Exposi&ccedil;&atilde;o de Franquia de Macau 2023 (2023MFE) ser&atilde;o realizadas em simult&acirc;neo de 19 a 22 de Outubro de 2023, no mesmo local, na Cotai Expo do <em>The Venetian Macau<\/em>.<\/p>\n<p style=\"text-align:justify\">Neste ano, as tr&ecirc;s exposi&ccedil;&otilde;es ir&atilde;o centrar-se na Plataforma Sino-Lus&oacute;fona, no desenvolvimento da diversifica&ccedil;&atilde;o industrial \u201c1+4\u201d, na \u201catrac&ccedil;&atilde;o de investimentos atrav&eacute;s de conven&ccedil;&otilde;es e exposi&ccedil;&otilde;es\u201d, na coopera&ccedil;&atilde;o regional, entre outros destaques, desempenhando a din&acirc;mica de \u201cind&uacute;strias + conven&ccedil;&otilde;es e exposi&ccedil;&otilde;es\u201d, para apoiar o desenvolvimento das principais ind&uacute;strias e para contribuir para a cria&ccedil;&atilde;o de uma nova conjuntura de desenvolvimento de \u201ccircula&ccedil;&atilde;o dupla\u201d.<\/p>\n<p style=\"text-align:justify\">Realizou-se hoje (dia 15) a respectiva confer&ecirc;ncia de imprensa, durante a qual a entidade organizadora e as organiza&ccedil;&otilde;es participantes relevantes apresentaram os conte&uacute;dos do evento deste ano.<\/p>\n<p style=\"text-align:justify\"><strong>Mais de 260 expositores dos Pa&iacute;ses de L&iacute;ngua Portuguesa ir&atilde;o reunir-se nas tr&ecirc;s exposi&ccedil;&otilde;es<\/strong><\/p>\n<p style=\"text-align:justify\">Pela quarta vez, neste ano, ser&aacute; dada continuada ao modelo de \u201crealiza&ccedil;&atilde;o simult&acirc;nea de tr&ecirc;s exposi&ccedil;&otilde;es\u201d. Com a finalidade de melhor desempenhar o efeito multiplicador, o programa virtual e f&iacute;sico tem sido continuamente melhorado neste ano. Pela primeira vez, o local das tr&ecirc;s exposi&ccedil;&otilde;es abranger&aacute; quatro pavilh&otilde;es, com 37.000 metros quadrados de &aacute;rea de exposi&ccedil;&atilde;o e mais de 2.000 <em>stands<\/em>, representando um aumento de 26% e 11%, respectivamente, em rela&ccedil;&atilde;o ao ano passado. At&eacute; 15 de Outubro, o n&uacute;mero de expositores presenciais das tr&ecirc;s exposi&ccedil;&otilde;es ultrapassou os 1.200 (mais 14% em rela&ccedil;&atilde;o ao ano anterior), dos quais mais de 260 s&atilde;o oriundos dos Pa&iacute;ses de L&iacute;ngua Portuguesa. Entre estes, 76 expositores s&atilde;o do Brasil, que regista o maior n&uacute;mero de expositores, marcas e delega&ccedil;&otilde;es, comparando com todas as edi&ccedil;&otilde;es anteriores.<\/p>\n<p style=\"text-align:justify\">Este ano, as tr&ecirc;s exposi&ccedil;&otilde;es continuar&atilde;o a ajudar as empresas a ligar-se ao mercado internacional e a desempenhar o papel da plataforma de Macau de \u201cintrodu&ccedil;&atilde;o interna e conex&atilde;o externa\u201d, atraindo expositores de 15 pa&iacute;ses e regi&otilde;es para as exposi&ccedil;&otilde;es, de forma presencial. As ind&uacute;strias envolvidas incluem <em>big health<\/em>, tecnologia de ponta, finan&ccedil;as modernas, cultura e criatividade, turismo integrado, com&eacute;rcio e retalho, produ&ccedil;&atilde;o de alimentos, com&eacute;rcio electr&oacute;nico transfronteiri&ccedil;o, conserva&ccedil;&atilde;o de energia e protec&ccedil;&atilde;o ambiental, entre outras. Al&eacute;m disso, a entidade organizadora ir&aacute; coordenar mais de 2.000 compradores e comerciantes para participarem no evento.<\/p>\n<p style=\"text-align:justify\"><strong>H&aacute; 20 zonas de exposi&ccedil;&atilde;o para desempenhar o efeito multiplicador<\/strong><\/p>\n<p style=\"text-align:justify\">As tr&ecirc;s exposi&ccedil;&otilde;es contam com um total de 20 zonas de exposi&ccedil;&atilde;o. Neste ano, continuando a aprofundar o posicionamento da Plataforma Sino-Lus&oacute;fona, a 1.&ordf; C-PLPEX conta com sete zonas de exposi&ccedil;&atilde;o, nomeadamente o \u201cPavilh&atilde;o de Exposi&ccedil;&atilde;o de Informa&ccedil;&otilde;es da China e dos Pa&iacute;ses de L&iacute;ngua Portuguesa\u201d, a \u201cZona de Exposi&ccedil;&atilde;o das Ag&ecirc;ncias de Promo&ccedil;&atilde;o Comercial e C&acirc;maras e Associa&ccedil;&otilde;es Comerciais\u201d, os \u201cZona de Exposi&ccedil;&atilde;o das Prov&iacute;ncias e Cidades do Interior da China\u201d, a \u201cZona de Exposi&ccedil;&atilde;o das Empresas dos Pa&iacute;ses de L&iacute;ngua Portuguesa\u201d, a \u201cZona de Exposi&ccedil;&atilde;o dos Produtos dos Pa&iacute;ses de L&iacute;ngua Portuguesa\u201d, a \u201cZona de Exposi&ccedil;&atilde;o de Com&eacute;rcio Electr&oacute;nico Transfronteiri&ccedil;o\u201d e a \u201cZona de Servi&ccedil;o de Exposi&ccedil;&atilde;o por Representa&ccedil;&atilde;o\u201d, reunindo mais de 300 empresas da China e dos nove Pa&iacute;ses de L&iacute;ngua Portuguesa. Entre estas, mais de 260 empresas expositoras s&atilde;o provenientes dos Pa&iacute;ses de L&iacute;ngua Portuguesa, abrangendo ind&uacute;strias como tecnologia de ponta, finan&ccedil;as modernas, turismo, criatividade cultural, comidas e bebidas, entre outras. As empresas de com&eacute;rcio electr&oacute;nico transfronteiri&ccedil;o dos pa&iacute;ses lus&oacute;fonos, como a Kwai do Brasil, participar&atilde;o, pela primeira vez, na exposi&ccedil;&atilde;o, com o objectivo de expandir o mercado internacional de vendas das empresas. No mesmo local, haver&aacute; ainda sess&otilde;es de interc&acirc;mbio, f&oacute;runs, confer&ecirc;ncias industriais, comerciais e econ&oacute;micas, selec&ccedil;&atilde;o e avalia&ccedil;&atilde;o de vinhos e de gr&atilde;os de caf&eacute;, entre outras actividades.<\/p>\n<p style=\"text-align:justify\">Com a finalidade de contribuir para a explora&ccedil;&atilde;o de novos mercados \u201c1+4\u201d, a 28.&ordf; MIF cria seis zonas de exposi&ccedil;&atilde;o: o Pavilh&atilde;o Tem&aacute;tico da Prov&iacute;ncia Parceira, os Pavilh&otilde;es Tem&aacute;ticos do Com&eacute;rcio e Investimento de Macau, os Pavilh&otilde;es do Com&eacute;rcio e Investimento das Prov&iacute;ncias e Cidades do Interior da China, os Pavilh&otilde;es do Com&eacute;rcio e Investimento Internacional, as Subexposi&ccedil;&otilde;es Tem&aacute;ticas e a Zona das Empresas Locais de Macau. As duas subexposi&ccedil;&otilde;es s&atilde;o a \u201c2023 Exposi&ccedil;&atilde;o de Marca de Sa&uacute;de de Medicina Tradicional Chinesa da China (Macau)\u201d e a \u201cSemana de Ci&ecirc;ncia e Tecnologia 2023 e Exposi&ccedil;&atilde;o de Resultados de Inova&ccedil;&atilde;o e Tecnologia\u201d. Por este meio, procura-se promover o desenvolvimento industrial. A Zona de Coopera&ccedil;&atilde;o Aprofundada entre Guangdong e Macau em Hengqin ir&aacute; instalar o \u201cPavilh&atilde;o de Hengqin\u201d no local.<\/p>\n<p style=\"text-align:justify\">A 2023MFE ajudar&aacute; a libertar o poder das marcas, havendo mais de 40 Propriedades Intelectuais (PI) e marcas de renome a participarem na exposi&ccedil;&atilde;o, incluindo anima&ccedil;&otilde;es de PI nacional original do conhecido <em>site <\/em>de partilha de v&iacute;deos do Interior da China bilibili, a saber: \u201cHeaven Official\u2019s Blessing\u201d, \u201cLink Click\u201d e \u201cA Record of a Mortal\u2019s Journey to Immortality\u201d. Estas anima&ccedil;&otilde;es far&atilde;o a sua estreia no mercado de Macau. Neste ano, a MFE cria sete zonas de exposi&ccedil;&atilde;o, incluindo o Pavilh&atilde;o de Franquia, o Pavilh&atilde;o de Marcas Famosas, o Pavilh&atilde;o de <em>Design <\/em>de Marcas, o Pavilh&atilde;o de Autoriza&ccedil;&atilde;o de PI, a Avenida de Gastronomia, o Pavilh&atilde;o de Marcas PME de Macau e o Pavilh&atilde;o de Marcas Cl&aacute;ssicas. A MFE visa ajudar as empresas a explorar oportunidades de neg&oacute;cio nas actividades de franquia e em cadeia de lojas e a estimular a actualiza&ccedil;&atilde;o e a transforma&ccedil;&atilde;o para o desenvolvimento das marcas.<\/p>\n<p style=\"text-align:justify\"><strong>Actividades virtuais e f&iacute;sicas em paralelo para alargar a plataforma de oportunidades de neg&oacute;cio das tr&ecirc;s exposi&ccedil;&otilde;es <\/strong><\/p>\n<p style=\"text-align:justify\">Com o intuito de aumentar a efic&aacute;cia do \u201cincentivo de exposi&ccedil;&otilde;es via conven&ccedil;&otilde;es\u201d e da \u201catrac&ccedil;&atilde;o de investimentos atrav&eacute;s de exposi&ccedil;&otilde;es\u201d, as tr&ecirc;s exposi&ccedil;&otilde;es ir&atilde;o organizar mais de 60 eventos, durante o per&iacute;odo de exposi&ccedil;&atilde;o, incluindo nove sess&otilde;es de bolsas de contactos tem&aacute;ticas, quatro actividades organizadas sob o modelo \u201cUm Evento, Dois Locais\u201d, em Macau e em Hengqin, bem como uma s&eacute;rie de f&oacute;runs e actividades paralelas, com vista a desempenhar o papel da plataforma comercial.<\/p>\n<p style=\"text-align:justify\">Al&eacute;m disso, as exposi&ccedil;&otilde;es deste ano t&ecirc;m vindo a promover o desenvolvimento digital. Al&eacute;m de continuar a disponibilizar salas de exposi&ccedil;&atilde;o <em>online<\/em>, bolsas de contactos <em>online<\/em>, salas transmiss&atilde;o ao vivo e outras fun&ccedil;&otilde;es <em>online, <\/em>por forma a alargar a plataforma de oportunidades de neg&oacute;cio das tr&ecirc;s exposi&ccedil;&otilde;es, ser&atilde;o aplicados v&aacute;rios elementos tecnol&oacute;gicos. Estes elementos incluem: servi&ccedil;os de navega&ccedil;&atilde;o de exposi&ccedil;&atilde;o interior (para ajudar os comerciantes participantes a localizar e procurar <em>stands<\/em>), embaixadores de exposi&ccedil;&atilde;o de Intelig&ecirc;ncia Artificial (IA) (para fornecer informa&ccedil;&otilde;es em tempo real sobre as exposi&ccedil;&otilde;es), entre outros, de modo a melhorar a experi&ecirc;ncia de participa&ccedil;&atilde;o e a aumentar a efic&aacute;cia das exposi&ccedil;&otilde;es com a ci&ecirc;ncia e a tecnologia.<\/p>\n<p style=\"text-align:justify\"><strong>Per&iacute;odo de exposi&ccedil;&atilde;o alargado para quatro dias, mobilidade verde apoiada pelo evento<\/strong><\/p>\n<p style=\"text-align:justify\">Este ano, o per&iacute;odo de exposi&ccedil;&atilde;o ser&aacute; alargado de tr&ecirc;s para quatro dias, sendo o primeiro dia do evento (19 de Outubro) reservado exclusivamente para os visitantes profissionais; o segundo, terceiro e quarto dias do evento (20 e 22 de Outubro) ser&atilde;o abertos ao p&uacute;blico, com entrada gratuita. A entidade organizadora disponibilizar&aacute; ainda quatro linhas de autocarros entre o local do evento e v&aacute;rios lugares, como as Zonas Norte e Central da Pen&iacute;nsula de Macau, a Taipa, entre outros. O p&uacute;blico est&aacute; convidado a aderir &agrave; mobilidade verde, com amigos e familiares, para experimentarem em conjunto os ricos elementos das exposi&ccedil;&otilde;es e a divers&atilde;o da visita.<\/p>\n<p style=\"text-align:justify\">A confer&ecirc;ncia de imprensa contou com a presen&ccedil;a dos seguintes convidados: Presidente do Instituto de Promo&ccedil;&atilde;o do Com&eacute;rcio e do Investimento de Macau, U U Sang; representante da Semana de Ci&ecirc;ncia e Tecnologia 2023 e Exposi&ccedil;&atilde;o de Resultados de Inova&ccedil;&atilde;o e Tecnologia e Presidente do Conselho de Administra&ccedil;&atilde;o do Fundo para o Desenvolvimento das Ci&ecirc;ncias e da Tecnologia de Macau, Che Weng Keong; Vogais Executivos do IPIM, Sam Lei; Inspector do n&iacute;vel I do Departamento de Agricultura e Assuntos Rurais da Prov&iacute;ncia Parceira \u2014 Shandong, Lin Guohua (discurso em v&iacute;deo); Presidente da Macau Chain Stores and Franchise Association, Wong Ian Man; Secret&aacute;ria-Geral da Associa&ccedil;&atilde;o Comercial de Empresas de Marca Internacional de Macau, Domi Ou; Coordenadora Geral da 1.&ordf; C-PLPEX e da 2023MFE, Moe Choi; e Coordenador Geral da 28.&ordf; MIF, He Haiming.<\/p>\n<p style=\"text-align:justify\">Para mais informa&ccedil;&otilde;es recentes, subscreva a conta do WeChat: MICE_IPIM ou visite as p&aacute;ginas electr&oacute;nicas dos eventos: www.cplpex.mo, www.mif.com.mo ou www.mfe.mo.<\/p>\n<div class=\"wp-caption alignnone\">\n                <a href=\"https:\/\/www.gcs.gov.mo\/news\/p\/P23JOBnmxk\/l\" data-component=\"Popup\" data-fancybox=\"gallery\" data-caption=\"Realizou-se hoje (dia 15) a confer\u00eancia de imprensa da 1.\u00aa Exposi\u00e7\u00e3o Econ\u00f3mica e Comercial China\u2013Pa\u00edses de L\u00edngua Portuguesa (Macau), da 28.\u00aa Feira Internacional de Macau e da Exposi\u00e7\u00e3o de Franquia de Macau 2023\" data-type=\"image\"><br \/>\n                <img decoding=\"async\" class=\"size-large\" src=\"https:\/\/www.gcs.gov.mo\/news\/p\/P23JOBnmxk\/l\" title=\"Realizou-se hoje (dia 15) a confer\u00eancia de imprensa da 1.\u00aa Exposi\u00e7\u00e3o Econ\u00f3mica e Comercial China\u2013Pa\u00edses de L\u00edngua Portuguesa (Macau), da 28.\u00aa Feira Internacional de Macau e da Exposi\u00e7\u00e3o de Franquia de Macau 2023\" alt=\"Realizou-se hoje (dia 15) a confer\u00eancia de imprensa da 1.\u00aa Exposi\u00e7\u00e3o Econ\u00f3mica e Comercial China\u2013Pa\u00edses de L\u00edngua Portuguesa (Macau), da 28.\u00aa Feira Internacional de Macau e da Exposi\u00e7\u00e3o de Franquia de Macau 2023\" width=\"1024\"><br \/>\n                <\/a><\/p>\n<p class=\"wp-caption-text\">Realizou-se hoje (dia 15) a confer\u00eancia de imprensa da 1.\u00aa Exposi\u00e7\u00e3o Econ\u00f3mica e Comercial China\u2013Pa\u00edses de L\u00edngua Portuguesa (Macau), da 28.\u00aa Feira Internacional de Macau e da Exposi\u00e7\u00e3o de Franquia de Macau 2023<\/p>\n<\/p><\/div>\n<div class=\"wp-caption alignnone\">\n                <a href=\"https:\/\/www.gcs.gov.mo\/news\/p\/P23JOwxZ6O\/l\" data-component=\"Popup\" data-fancybox=\"gallery\" data-caption=\"Realizou-se hoje (dia 15) a confer\u00eancia de imprensa da 1.\u00aa Exposi\u00e7\u00e3o Econ\u00f3mica e Comercial China\u2013Pa\u00edses de L\u00edngua Portuguesa (Macau), da 28.\u00aa Feira Internacional de Macau e da Exposi\u00e7\u00e3o de Franquia de Macau 2023\" data-type=\"image\"><br \/>\n                <img decoding=\"async\" class=\"size-large\" src=\"https:\/\/www.gcs.gov.mo\/news\/p\/P23JOwxZ6O\/l\" title=\"Realizou-se hoje (dia 15) a confer\u00eancia de imprensa da 1.\u00aa Exposi\u00e7\u00e3o Econ\u00f3mica e Comercial China\u2013Pa\u00edses de L\u00edngua Portuguesa (Macau), da 28.\u00aa Feira Internacional de Macau e da Exposi\u00e7\u00e3o de Franquia de Macau 2023\" alt=\"Realizou-se hoje (dia 15) a confer\u00eancia de imprensa da 1.\u00aa Exposi\u00e7\u00e3o Econ\u00f3mica e Comercial China\u2013Pa\u00edses de L\u00edngua Portuguesa (Macau), da 28.\u00aa Feira Internacional de Macau e da Exposi\u00e7\u00e3o de Franquia de Macau 2023\" width=\"1024\"><br \/>\n                <\/a><\/p>\n<p class=\"wp-caption-text\">Realizou-se hoje (dia 15) a confer\u00eancia de imprensa da 1.\u00aa Exposi\u00e7\u00e3o Econ\u00f3mica e Comercial China\u2013Pa\u00edses de L\u00edngua Portuguesa (Macau), da 28.\u00aa Feira Internacional de Macau e da Exposi\u00e7\u00e3o de Franquia de Macau 2023<\/p>\n<\/p><\/div>\n<div class=\"wp-caption alignnone\">\n                <a href=\"https:\/\/www.gcs.gov.mo\/news\/p\/P23JOlXTGS\/l\" data-component=\"Popup\" data-fancybox=\"gallery\" data-caption=\"Na confer\u00eancia de imprensa da 1.\u00aa Exposi\u00e7\u00e3o Econ\u00f3mica e Comercial China\u2013Pa\u00edses de L\u00edngua Portuguesa (Macau), da 28.\u00aa Feira Internacional de Macau e da Exposi\u00e7\u00e3o de Franquia de Macau 2023, foram apresentados os conte\u00fados das tr\u00eas exposi\u00e7\u00f5es\" data-type=\"image\"><br \/>\n                <img decoding=\"async\" class=\"size-large\" src=\"https:\/\/www.gcs.gov.mo\/news\/p\/P23JOlXTGS\/l\" title=\"Na confer\u00eancia de imprensa da 1.\u00aa Exposi\u00e7\u00e3o Econ\u00f3mica e Comercial China\u2013Pa\u00edses de L\u00edngua Portuguesa (Macau), da 28.\u00aa Feira Internacional de Macau e da Exposi\u00e7\u00e3o de Franquia de Macau 2023, foram apresentados os conte\u00fados das tr\u00eas exposi\u00e7\u00f5es\" alt=\"Na confer\u00eancia de imprensa da 1.\u00aa Exposi\u00e7\u00e3o Econ\u00f3mica e Comercial China\u2013Pa\u00edses de L\u00edngua Portuguesa (Macau), da 28.\u00aa Feira Internacional de Macau e da Exposi\u00e7\u00e3o de Franquia de Macau 2023, foram apresentados os conte\u00fados das tr\u00eas exposi\u00e7\u00f5es\" width=\"1024\"><br \/>\n                <\/a><\/p>\n<p class=\"wp-caption-text\">Na confer\u00eancia de imprensa da 1.\u00aa Exposi\u00e7\u00e3o Econ\u00f3mica e Comercial China\u2013Pa\u00edses de L\u00edngua Portuguesa (Macau), da 28.\u00aa Feira Internacional de Macau e da Exposi\u00e7\u00e3o de Franquia de Macau 2023, foram apresentados os conte\u00fados das tr\u00eas exposi\u00e7\u00f5es<\/p>\n<\/p><\/div>\n<div class=\"wp-caption alignnone\">\n                <a href=\"https:\/\/www.gcs.gov.mo\/news\/p\/P23JOpw87a\/l\" data-component=\"Popup\" data-fancybox=\"gallery\" data-caption=\"A entidade organizadora disponibilizar\u00e1 linhas de autocarros gratuitas\" data-type=\"image\"><br \/>\n                <img decoding=\"async\" class=\"size-large\" src=\"https:\/\/www.gcs.gov.mo\/news\/p\/P23JOpw87a\/l\" title=\"A entidade organizadora disponibilizar\u00e1 linhas de autocarros gratuitas\" alt=\"A entidade organizadora disponibilizar\u00e1 linhas de autocarros gratuitas\" width=\"1024\"><br \/>\n                <\/a><\/p>\n<p class=\"wp-caption-text\">A entidade organizadora disponibilizar\u00e1 linhas de autocarros gratuitas<\/p>\n<\/p><\/div>\n","protected":false},"excerpt":{"rendered":"<p>De 19 a 22 de Outubro, convidamo-lo a explorar as oportunidades de neg&oacute;cio dos tr&ecirc;s eventos! A 1.&ordf; Exposi&ccedil;&atilde;o Econ&oacute;mica e Comercial China\u2013Pa&iacute;ses de L&iacute;ngua [&hellip;]<\/p>\n","protected":false},"author":1,"featured_media":467868,"comment_status":"closed","ping_status":"closed","sticky":false,"template":"","format":"standard","meta":{"_acf_changed":false,"inline_featured_image":false,"advgb_blocks_editor_width":"","advgb_blocks_columns_visual_guide":"","footnotes":""},"categories":[12],"tags":[],"class_list":["post-441825","post","type-post","status-publish","format-standard","has-post-thumbnail","hentry","category-noticias-do-ipim"],"acf":[],"yoast_head":"<!-- This site is optimized with the Yoast SEO plugin v26.2 - https:\/\/yoast.com\/wordpress\/plugins\/seo\/ -->\r\n<title>[2023\/10\/15] [Tr\u00eas exposi\u00e7\u00f5es realizadas em simult\u00e2neo] 1.\u00aa C-PLPEX, 28.\u00aa MIF e 2023MFE ser\u00e3o inauguradas em 19 de Outubro, para criar em conjunto uma plataforma comercial internacional | Commerce and Investment Promotion Institute<\/title>\r\n<meta name=\"robots\" content=\"index, follow, max-snippet:-1, max-image-preview:large, max-video-preview:-1\" \/>\r\n<link rel=\"canonical\" href=\"https:\/\/www.ipim.gov.mo\/pt-pt\/noticias-do-ipim\/2023-10-15-tres-exposicoes-realizadas-em-simultaneo-1-a-c-plpex-28-a-mif-e-2023mfe-serao-inauguradas-em-19-de-outubro-para-criar-em-conjunto-uma-plataforma-comercial-internacional\/\" \/>\r\n<meta property=\"og:locale\" content=\"pt_PT\" \/>\r\n<meta property=\"og:type\" content=\"article\" \/>\r\n<meta property=\"og:title\" content=\"[2023\/10\/15] [Tr\u00eas exposi\u00e7\u00f5es realizadas em simult\u00e2neo] 1.\u00aa C-PLPEX, 28.\u00aa MIF e 2023MFE ser\u00e3o inauguradas em 19 de Outubro, para criar em conjunto uma plataforma comercial internacional | Commerce and Investment Promotion Institute\" \/>\r\n<meta property=\"og:description\" content=\"De 19 a 22 de Outubro, convidamo-lo a explorar as oportunidades de neg&oacute;cio dos tr&ecirc;s eventos! A 1.&ordf; Exposi&ccedil;&atilde;o Econ&oacute;mica e Comercial China\u2013Pa&iacute;ses de L&iacute;ngua [&hellip;]\" \/>\r\n<meta property=\"og:url\" content=\"https:\/\/www.ipim.gov.mo\/pt-pt\/noticias-do-ipim\/2023-10-15-tres-exposicoes-realizadas-em-simultaneo-1-a-c-plpex-28-a-mif-e-2023mfe-serao-inauguradas-em-19-de-outubro-para-criar-em-conjunto-uma-plataforma-comercial-internacional\/\" \/>\r\n<meta property=\"og:site_name\" content=\"Commerce and Investment Promotion Institute\" \/>\r\n<meta property=\"article:published_time\" content=\"2023-10-15T09:59:00+00:00\" \/>\r\n<meta property=\"og:image\" content=\"https:\/\/www.ipim.gov.mo\/wp-content\/uploads\/2024\/07\/ipim-post-default.jpg\" \/>\r\n\t<meta property=\"og:image:width\" content=\"1024\" \/>\r\n\t<meta property=\"og:image:height\" content=\"768\" \/>\r\n\t<meta property=\"og:image:type\" content=\"image\/jpeg\" \/>\r\n<meta name=\"author\" content=\"admin\" \/>\r\n<meta name=\"twitter:card\" content=\"summary_large_image\" \/>\r\n<meta name=\"twitter:label1\" content=\"Written by\" \/>\n\t<meta name=\"twitter:data1\" content=\"admin\" \/>\n\t<meta name=\"twitter:label2\" content=\"Est. reading time\" \/>\n\t<meta name=\"twitter:data2\" content=\"8 minutes\" \/>\r\n<script type=\"application\/ld+json\" class=\"yoast-schema-graph\">{\"@context\":\"https:\/\/schema.org\",\"@graph\":[{\"@type\":\"WebPage\",\"@id\":\"https:\/\/www.ipim.gov.mo\/pt-pt\/noticias-do-ipim\/2023-10-15-tres-exposicoes-realizadas-em-simultaneo-1-a-c-plpex-28-a-mif-e-2023mfe-serao-inauguradas-em-19-de-outubro-para-criar-em-conjunto-uma-plataforma-comercial-internacional\/\",\"url\":\"https:\/\/www.ipim.gov.mo\/pt-pt\/noticias-do-ipim\/2023-10-15-tres-exposicoes-realizadas-em-simultaneo-1-a-c-plpex-28-a-mif-e-2023mfe-serao-inauguradas-em-19-de-outubro-para-criar-em-conjunto-uma-plataforma-comercial-internacional\/\",\"name\":\"[2023\/10\/15] [Tr\u00eas exposi\u00e7\u00f5es realizadas em simult\u00e2neo] 1.\u00aa C-PLPEX, 28.\u00aa MIF e 2023MFE ser\u00e3o inauguradas em 19 de Outubro, para criar em conjunto uma plataforma comercial internacional | Commerce and Investment Promotion Institute\",\"isPartOf\":{\"@id\":\"https:\/\/www.ipim.gov.mo\/zh-hans\/#website\"},\"primaryImageOfPage\":{\"@id\":\"https:\/\/www.ipim.gov.mo\/pt-pt\/noticias-do-ipim\/2023-10-15-tres-exposicoes-realizadas-em-simultaneo-1-a-c-plpex-28-a-mif-e-2023mfe-serao-inauguradas-em-19-de-outubro-para-criar-em-conjunto-uma-plataforma-comercial-internacional\/#primaryimage\"},\"image\":{\"@id\":\"https:\/\/www.ipim.gov.mo\/pt-pt\/noticias-do-ipim\/2023-10-15-tres-exposicoes-realizadas-em-simultaneo-1-a-c-plpex-28-a-mif-e-2023mfe-serao-inauguradas-em-19-de-outubro-para-criar-em-conjunto-uma-plataforma-comercial-internacional\/#primaryimage\"},\"thumbnailUrl\":\"https:\/\/www.ipim.gov.mo\/wp-content\/uploads\/2024\/07\/ipim-post-default.jpg\",\"datePublished\":\"2023-10-15T09:59:00+00:00\",\"breadcrumb\":{\"@id\":\"https:\/\/www.ipim.gov.mo\/pt-pt\/noticias-do-ipim\/2023-10-15-tres-exposicoes-realizadas-em-simultaneo-1-a-c-plpex-28-a-mif-e-2023mfe-serao-inauguradas-em-19-de-outubro-para-criar-em-conjunto-uma-plataforma-comercial-internacional\/#breadcrumb\"},\"inLanguage\":\"pt-PT\",\"potentialAction\":[{\"@type\":\"ReadAction\",\"target\":[\"https:\/\/www.ipim.gov.mo\/pt-pt\/noticias-do-ipim\/2023-10-15-tres-exposicoes-realizadas-em-simultaneo-1-a-c-plpex-28-a-mif-e-2023mfe-serao-inauguradas-em-19-de-outubro-para-criar-em-conjunto-uma-plataforma-comercial-internacional\/\"]}]},{\"@type\":\"ImageObject\",\"inLanguage\":\"pt-PT\",\"@id\":\"https:\/\/www.ipim.gov.mo\/pt-pt\/noticias-do-ipim\/2023-10-15-tres-exposicoes-realizadas-em-simultaneo-1-a-c-plpex-28-a-mif-e-2023mfe-serao-inauguradas-em-19-de-outubro-para-criar-em-conjunto-uma-plataforma-comercial-internacional\/#primaryimage\",\"url\":\"https:\/\/www.ipim.gov.mo\/wp-content\/uploads\/2024\/07\/ipim-post-default.jpg\",\"contentUrl\":\"https:\/\/www.ipim.gov.mo\/wp-content\/uploads\/2024\/07\/ipim-post-default.jpg\",\"width\":1024,\"height\":768},{\"@type\":\"BreadcrumbList\",\"@id\":\"https:\/\/www.ipim.gov.mo\/pt-pt\/noticias-do-ipim\/2023-10-15-tres-exposicoes-realizadas-em-simultaneo-1-a-c-plpex-28-a-mif-e-2023mfe-serao-inauguradas-em-19-de-outubro-para-criar-em-conjunto-uma-plataforma-comercial-internacional\/#breadcrumb\",\"itemListElement\":[{\"@type\":\"ListItem\",\"position\":1,\"name\":\"Home\",\"item\":\"https:\/\/www.ipim.gov.mo\/pt-pt\/\"},{\"@type\":\"ListItem\",\"position\":2,\"name\":\"[2023\/10\/15] [Tr\u00eas exposi\u00e7\u00f5es realizadas em simult\u00e2neo] 1.\u00aa C-PLPEX, 28.\u00aa MIF e 2023MFE ser\u00e3o inauguradas em 19 de Outubro, para criar em conjunto uma plataforma comercial internacional\"}]},{\"@type\":\"WebSite\",\"@id\":\"https:\/\/www.ipim.gov.mo\/zh-hans\/#website\",\"url\":\"https:\/\/www.ipim.gov.mo\/zh-hans\/\",\"name\":\"Commerce and Investment Promotion Institute\",\"description\":\"Commerce and Investment Promotion Institute\",\"publisher\":{\"@id\":\"https:\/\/www.ipim.gov.mo\/zh-hans\/#organization\"},\"potentialAction\":[{\"@type\":\"SearchAction\",\"target\":{\"@type\":\"EntryPoint\",\"urlTemplate\":\"https:\/\/www.ipim.gov.mo\/zh-hans\/?s={search_term_string}\"},\"query-input\":{\"@type\":\"PropertyValueSpecification\",\"valueRequired\":true,\"valueName\":\"search_term_string\"}}],\"inLanguage\":\"pt-PT\"},{\"@type\":\"Organization\",\"@id\":\"https:\/\/www.ipim.gov.mo\/zh-hans\/#organization\",\"name\":\"IPIM\",\"url\":\"https:\/\/www.ipim.gov.mo\/zh-hans\/\",\"logo\":{\"@type\":\"ImageObject\",\"inLanguage\":\"pt-PT\",\"@id\":\"https:\/\/www.ipim.gov.mo\/zh-hans\/#\/schema\/logo\/image\/\",\"url\":\"https:\/\/www.ipim.gov.mo\/wp-content\/uploads\/2022\/10\/default-post-thumbnail-ipim-logo.png\",\"contentUrl\":\"https:\/\/www.ipim.gov.mo\/wp-content\/uploads\/2022\/10\/default-post-thumbnail-ipim-logo.png\",\"width\":1024,\"height\":768,\"caption\":\"IPIM\"},\"image\":{\"@id\":\"https:\/\/www.ipim.gov.mo\/zh-hans\/#\/schema\/logo\/image\/\"}}]}<\/script>\r\n<!-- \/ Yoast SEO plugin. -->","yoast_head_json":{"title":"[2023\/10\/15] [Tr\u00eas exposi\u00e7\u00f5es realizadas em simult\u00e2neo] 1.\u00aa C-PLPEX, 28.\u00aa MIF e 2023MFE ser\u00e3o inauguradas em 19 de Outubro, para criar em conjunto uma plataforma comercial internacional | Commerce and Investment Promotion Institute","robots":{"index":"index","follow":"follow","max-snippet":"max-snippet:-1","max-image-preview":"max-image-preview:large","max-video-preview":"max-video-preview:-1"},"canonical":"https:\/\/www.ipim.gov.mo\/pt-pt\/noticias-do-ipim\/2023-10-15-tres-exposicoes-realizadas-em-simultaneo-1-a-c-plpex-28-a-mif-e-2023mfe-serao-inauguradas-em-19-de-outubro-para-criar-em-conjunto-uma-plataforma-comercial-internacional\/","og_locale":"pt_PT","og_type":"article","og_title":"[2023\/10\/15] [Tr\u00eas exposi\u00e7\u00f5es realizadas em simult\u00e2neo] 1.\u00aa C-PLPEX, 28.\u00aa MIF e 2023MFE ser\u00e3o inauguradas em 19 de Outubro, para criar em conjunto uma plataforma comercial internacional | Commerce and Investment Promotion Institute","og_description":"De 19 a 22 de Outubro, convidamo-lo a explorar as oportunidades de neg&oacute;cio dos tr&ecirc;s eventos! A 1.&ordf; Exposi&ccedil;&atilde;o Econ&oacute;mica e Comercial China\u2013Pa&iacute;ses de L&iacute;ngua [&hellip;]","og_url":"https:\/\/www.ipim.gov.mo\/pt-pt\/noticias-do-ipim\/2023-10-15-tres-exposicoes-realizadas-em-simultaneo-1-a-c-plpex-28-a-mif-e-2023mfe-serao-inauguradas-em-19-de-outubro-para-criar-em-conjunto-uma-plataforma-comercial-internacional\/","og_site_name":"Commerce and Investment Promotion Institute","article_published_time":"2023-10-15T09:59:00+00:00","og_image":[{"width":1024,"height":768,"url":"https:\/\/www.ipim.gov.mo\/wp-content\/uploads\/2024\/07\/ipim-post-default.jpg","type":"image\/jpeg"}],"author":"admin","twitter_card":"summary_large_image","twitter_misc":{"Written by":"admin","Est. reading time":"8 minutes"},"schema":{"@context":"https:\/\/schema.org","@graph":[{"@type":"WebPage","@id":"https:\/\/www.ipim.gov.mo\/pt-pt\/noticias-do-ipim\/2023-10-15-tres-exposicoes-realizadas-em-simultaneo-1-a-c-plpex-28-a-mif-e-2023mfe-serao-inauguradas-em-19-de-outubro-para-criar-em-conjunto-uma-plataforma-comercial-internacional\/","url":"https:\/\/www.ipim.gov.mo\/pt-pt\/noticias-do-ipim\/2023-10-15-tres-exposicoes-realizadas-em-simultaneo-1-a-c-plpex-28-a-mif-e-2023mfe-serao-inauguradas-em-19-de-outubro-para-criar-em-conjunto-uma-plataforma-comercial-internacional\/","name":"[2023\/10\/15] [Tr\u00eas exposi\u00e7\u00f5es realizadas em simult\u00e2neo] 1.\u00aa C-PLPEX, 28.\u00aa MIF e 2023MFE ser\u00e3o inauguradas em 19 de Outubro, para criar em conjunto uma plataforma comercial internacional | Commerce and Investment Promotion Institute","isPartOf":{"@id":"https:\/\/www.ipim.gov.mo\/zh-hans\/#website"},"primaryImageOfPage":{"@id":"https:\/\/www.ipim.gov.mo\/pt-pt\/noticias-do-ipim\/2023-10-15-tres-exposicoes-realizadas-em-simultaneo-1-a-c-plpex-28-a-mif-e-2023mfe-serao-inauguradas-em-19-de-outubro-para-criar-em-conjunto-uma-plataforma-comercial-internacional\/#primaryimage"},"image":{"@id":"https:\/\/www.ipim.gov.mo\/pt-pt\/noticias-do-ipim\/2023-10-15-tres-exposicoes-realizadas-em-simultaneo-1-a-c-plpex-28-a-mif-e-2023mfe-serao-inauguradas-em-19-de-outubro-para-criar-em-conjunto-uma-plataforma-comercial-internacional\/#primaryimage"},"thumbnailUrl":"https:\/\/www.ipim.gov.mo\/wp-content\/uploads\/2024\/07\/ipim-post-default.jpg","datePublished":"2023-10-15T09:59:00+00:00","breadcrumb":{"@id":"https:\/\/www.ipim.gov.mo\/pt-pt\/noticias-do-ipim\/2023-10-15-tres-exposicoes-realizadas-em-simultaneo-1-a-c-plpex-28-a-mif-e-2023mfe-serao-inauguradas-em-19-de-outubro-para-criar-em-conjunto-uma-plataforma-comercial-internacional\/#breadcrumb"},"inLanguage":"pt-PT","potentialAction":[{"@type":"ReadAction","target":["https:\/\/www.ipim.gov.mo\/pt-pt\/noticias-do-ipim\/2023-10-15-tres-exposicoes-realizadas-em-simultaneo-1-a-c-plpex-28-a-mif-e-2023mfe-serao-inauguradas-em-19-de-outubro-para-criar-em-conjunto-uma-plataforma-comercial-internacional\/"]}]},{"@type":"ImageObject","inLanguage":"pt-PT","@id":"https:\/\/www.ipim.gov.mo\/pt-pt\/noticias-do-ipim\/2023-10-15-tres-exposicoes-realizadas-em-simultaneo-1-a-c-plpex-28-a-mif-e-2023mfe-serao-inauguradas-em-19-de-outubro-para-criar-em-conjunto-uma-plataforma-comercial-internacional\/#primaryimage","url":"https:\/\/www.ipim.gov.mo\/wp-content\/uploads\/2024\/07\/ipim-post-default.jpg","contentUrl":"https:\/\/www.ipim.gov.mo\/wp-content\/uploads\/2024\/07\/ipim-post-default.jpg","width":1024,"height":768},{"@type":"BreadcrumbList","@id":"https:\/\/www.ipim.gov.mo\/pt-pt\/noticias-do-ipim\/2023-10-15-tres-exposicoes-realizadas-em-simultaneo-1-a-c-plpex-28-a-mif-e-2023mfe-serao-inauguradas-em-19-de-outubro-para-criar-em-conjunto-uma-plataforma-comercial-internacional\/#breadcrumb","itemListElement":[{"@type":"ListItem","position":1,"name":"Home","item":"https:\/\/www.ipim.gov.mo\/pt-pt\/"},{"@type":"ListItem","position":2,"name":"[2023\/10\/15] [Tr\u00eas exposi\u00e7\u00f5es realizadas em simult\u00e2neo] 1.\u00aa C-PLPEX, 28.\u00aa MIF e 2023MFE ser\u00e3o inauguradas em 19 de Outubro, para criar em conjunto uma plataforma comercial internacional"}]},{"@type":"WebSite","@id":"https:\/\/www.ipim.gov.mo\/zh-hans\/#website","url":"https:\/\/www.ipim.gov.mo\/zh-hans\/","name":"Commerce and Investment Promotion Institute","description":"Commerce and Investment Promotion Institute","publisher":{"@id":"https:\/\/www.ipim.gov.mo\/zh-hans\/#organization"},"potentialAction":[{"@type":"SearchAction","target":{"@type":"EntryPoint","urlTemplate":"https:\/\/www.ipim.gov.mo\/zh-hans\/?s={search_term_string}"},"query-input":{"@type":"PropertyValueSpecification","valueRequired":true,"valueName":"search_term_string"}}],"inLanguage":"pt-PT"},{"@type":"Organization","@id":"https:\/\/www.ipim.gov.mo\/zh-hans\/#organization","name":"IPIM","url":"https:\/\/www.ipim.gov.mo\/zh-hans\/","logo":{"@type":"ImageObject","inLanguage":"pt-PT","@id":"https:\/\/www.ipim.gov.mo\/zh-hans\/#\/schema\/logo\/image\/","url":"https:\/\/www.ipim.gov.mo\/wp-content\/uploads\/2022\/10\/default-post-thumbnail-ipim-logo.png","contentUrl":"https:\/\/www.ipim.gov.mo\/wp-content\/uploads\/2022\/10\/default-post-thumbnail-ipim-logo.png","width":1024,"height":768,"caption":"IPIM"},"image":{"@id":"https:\/\/www.ipim.gov.mo\/zh-hans\/#\/schema\/logo\/image\/"}}]}},"author_meta":{"display_name":"admin","author_link":"https:\/\/www.ipim.gov.mo\/pt-pt\/author\/admin\/"},"featured_img":"https:\/\/www.ipim.gov.mo\/wp-content\/uploads\/2024\/07\/ipim-post-default-300x225.jpg","coauthors":[],"tax_additional":{"categories":{"linked":["<a href=\"https:\/\/www.ipim.gov.mo\/pt-pt\/category\/noticias-do-ipim\/\" class=\"advgb-post-tax-term\">Not\u00edcias do IPIM<\/a>"],"unlinked":["<span class=\"advgb-post-tax-term\">Not\u00edcias do IPIM<\/span>"]}},"comment_count":"0","relative_dates":{"created":"Posted 3 years ago","modified":"Updated 3 years ago"},"absolute_dates":{"created":"Posted on Outubro 15, 2023","modified":"Updated on Outubro 15, 2023"},"absolute_dates_time":{"created":"Posted on Outubro 15, 2023 5:59 pm","modified":"Updated on Outubro 15, 2023 5:59 pm"},"featured_img_caption":"","series_order":"","_links":{"self":[{"href":"https:\/\/www.ipim.gov.mo\/pt-pt\/wp-json\/wp\/v2\/posts\/441825","targetHints":{"allow":["GET"]}}],"collection":[{"href":"https:\/\/www.ipim.gov.mo\/pt-pt\/wp-json\/wp\/v2\/posts"}],"about":[{"href":"https:\/\/www.ipim.gov.mo\/pt-pt\/wp-json\/wp\/v2\/types\/post"}],"author":[{"embeddable":true,"href":"https:\/\/www.ipim.gov.mo\/pt-pt\/wp-json\/wp\/v2\/users\/1"}],"replies":[{"embeddable":true,"href":"https:\/\/www.ipim.gov.mo\/pt-pt\/wp-json\/wp\/v2\/comments?post=441825"}],"version-history":[{"count":0,"href":"https:\/\/www.ipim.gov.mo\/pt-pt\/wp-json\/wp\/v2\/posts\/441825\/revisions"}],"wp:featuredmedia":[{"embeddable":true,"href":"https:\/\/www.ipim.gov.mo\/pt-pt\/wp-json\/wp\/v2\/media\/467868"}],"wp:attachment":[{"href":"https:\/\/www.ipim.gov.mo\/pt-pt\/wp-json\/wp\/v2\/media?parent=441825"}],"wp:term":[{"taxonomy":"category","embeddable":true,"href":"https:\/\/www.ipim.gov.mo\/pt-pt\/wp-json\/wp\/v2\/categories?post=441825"},{"taxonomy":"post_tag","embeddable":true,"href":"https:\/\/www.ipim.gov.mo\/pt-pt\/wp-json\/wp\/v2\/tags?post=441825"}],"curies":[{"name":"wp","href":"https:\/\/api.w.org\/{rel}","templated":true}]}}