{"id":441604,"date":"2023-10-11T15:38:00","date_gmt":"2023-10-11T07:38:00","guid":{"rendered":"https:\/\/www.ipim.gov.mo\/noticias-do-ipim\/2023-10-12-captacao-de-investimentos-atraves-de-exposicoes-feira-internacional-de-macau-mif-decorre-entre-os-dias-19-e-22-de-outubro\/"},"modified":"2023-10-11T15:38:00","modified_gmt":"2023-10-11T07:38:00","slug":"2023-10-12-captacao-de-investimentos-atraves-de-exposicoes-feira-internacional-de-macau-mif-decorre-entre-os-dias-19-e-22-de-outubro","status":"publish","type":"post","link":"https:\/\/www.ipim.gov.mo\/pt-pt\/noticias-do-ipim\/2023-10-12-captacao-de-investimentos-atraves-de-exposicoes-feira-internacional-de-macau-mif-decorre-entre-os-dias-19-e-22-de-outubro\/","title":{"rendered":"[2023\/10\/11] [Capta\u00e7\u00e3o de investimentos atrav\u00e9s de exposi\u00e7\u00f5es] Feira Internacional de Macau (MIF) decorre entre os dias 19 e 22 de Outubro"},"content":{"rendered":"<p style=\"text-align:justify\">Subordinada ao tema \u201cMais do que Neg&oacute;cios\u201d, a 28.&ordf; Feira Internacional de Macau (28.&ordf; MIF), organizada pelo Instituto de Promo&ccedil;&atilde;o do Com&eacute;rcio e do Investimento de Macau (IPIM), ir&aacute; decorrer entre os dias 19 e 22 de Outubro, na Cotai Expo, do <em>The Venetian Macau<\/em>.<\/p>\n<p style=\"text-align:justify\">Para este ano, a MIF convidar&aacute; Shandong como a sua prov&iacute;ncia parceira e estender&aacute; o seu per&iacute;odo de realiza&ccedil;&atilde;o dos habituais tr&ecirc;s para quatro dias. Em articula&ccedil;&atilde;o com a estrat&eacute;gia de desenvolvimento de diversifica&ccedil;&atilde;o adequada \u201c1+4\u201d do Governo da RAEM, ser&atilde;o criadas, no recinto, v&aacute;rias exposi&ccedil;&otilde;es incorporadas sobre as quatro ind&uacute;strias principais, nomeadamente <em>big health<\/em>, finan&ccedil;as modernas, tecnologia de ponta, conven&ccedil;&otilde;es e exposi&ccedil;&otilde;es e com&eacute;rcio. Deste modo, ir&aacute; evidenciar-se as suas oportunidades de desenvolvimento e aprofundar-se a integra&ccedil;&atilde;o inter-sectorial \u201cind&uacute;strias + conven&ccedil;&otilde;es e exposi&ccedil;&otilde;es\u201d. Paralelamente, a presente edi&ccedil;&atilde;o da MIF ir&aacute; realizar as sess&otilde;es de interc&acirc;mbio econ&oacute;mico e comercial entre Macau e Hengqin, entre outras actividades, sob o formato de \u201cUm Evento, Dois Locais\u201d, como uma tentativa no contexto do novo modelo de desenvolvimento de liga&ccedil;&atilde;o industrial das duas regi&otilde;es, a saber, \u201cPlataforma de Macau + Recursos Internacionais + Espa&ccedil;o de Hengqin + Partilha de Conquistas\u201d. O objectivo tamb&eacute;m passa por aproveitar o efeito motriz de \u201cconven&ccedil;&otilde;es e exposi&ccedil;&otilde;es + turismo\u201d, para motivar o desenvolvimento diversificado e adequado da economia de Macau, atrav&eacute;s da realiza&ccedil;&atilde;o deste tipo de actividades.<\/p>\n<p style=\"text-align:justify\">Enquanto um evento anual no &acirc;mbito de economia e com&eacute;rcio que possui bastante influ&ecirc;ncia a n&iacute;vel internacional, ao longo dos anos, a MIF tem vindo a criar activamente uma plataforma de coopera&ccedil;&atilde;o e interc&acirc;mbio comercial para expositores e comerciantes locais, nacionais e estrangeiros, no sentido de facilitar o emparelhamento de recursos internacionais e explorar oportunidades de neg&oacute;cio por parte dos participantes, atrav&eacute;s de uma s&eacute;rie de actividades, designadamente exposi&ccedil;&otilde;es, conven&ccedil;&otilde;es e f&oacute;runs, bolsas de contactos tem&aacute;ticas e negocia&ccedil;&otilde;es, bem como sess&otilde;es de apresenta&ccedil;&atilde;o e interc&acirc;mbio.<\/p>\n<p style=\"text-align:justify\"><strong>Capta&ccedil;&atilde;o de investimentos atrav&eacute;s de exposi&ccedil;&otilde;es, explora&ccedil;&atilde;o de oportunidades de neg&oacute;cio na plataforma de Macau<\/strong><\/p>\n<p style=\"text-align:justify\">O respons&aacute;vel de uma empresa de investimento do Interior da China afirmou que a participa&ccedil;&atilde;o no \u201cEncontro de Projectos de Investimento e Financiamento Inovadores\u201d \u2014 primeira sess&atilde;o de bolsas de contactos com tema de finan&ccedil;as modernas que se realizou na &uacute;ltima MIF \u2014 permitiu-lhe conhecer intensivamente as tend&ecirc;ncias de desenvolvimento e as pol&iacute;ticas de incentivo em termos de capta&ccedil;&atilde;o de investimentos e de ind&uacute;strias principais de Macau. Actualmente, est&aacute; a acompanhar o desenvolvimento dos trabalhos preparat&oacute;rios da constitui&ccedil;&atilde;o de uma empresa de financiamento e loca&ccedil;&atilde;o financeira em Macau, atrav&eacute;s dos servi&ccedil;os \u201cOne-Stop\u201d para investidores disponibilizados pelo IPIM. Um outro respons&aacute;vel de uma empresa de tecnologia do Interior da China, por sua vez, apontou que, durante a 27.&ordf; MIF, teve o primeiro contacto com o projecto de visita de estudo a Hengqin, tendo-se apercebido do potencial de neg&oacute;cio subjacente. Agora, as duas partes est&atilde;o na fase de negocia&ccedil;&atilde;o.<\/p>\n<p style=\"text-align:justify\"><strong>Aposta no potencial do mercado do Interior da China e dos Pa&iacute;ses de L&iacute;ngua Portuguesa<\/strong><\/p>\n<p style=\"text-align:justify\">Segundo um representante de uma empresa de biotecnologia de Macau, a participa&ccedil;&atilde;o na MIF facilita a expans&atilde;o do &acirc;mbito de neg&oacute;cio e da clientela e proporciona novas perspectivas para o desenvolvimento futuro de neg&oacute;cio. Em rela&ccedil;&atilde;o &agrave; 28.&ordf; MIF, a empresa espera estabelecer mais parcerias com institui&ccedil;&otilde;es e empesas dos pa&iacute;ses lus&oacute;fonos.<\/p>\n<p style=\"text-align:justify\"><strong>Realiza&ccedil;&atilde;o paralela dos tr&ecirc;s eventos no mesmo recinto em Outubro<\/strong><\/p>\n<p style=\"text-align:justify\">A 28.&ordf; MIF ser&aacute; realizada simultaneamente com a primeira edi&ccedil;&atilde;o da Exposi&ccedil;&atilde;o Econ&oacute;mica e Comercial China\u2013Pa&iacute;ses de L&iacute;ngua Portuguesa (Macau) (1.&ordf; C-PLPEX) e a Exposi&ccedil;&atilde;o de Franquia de Macau 2023 (2023MFE), no mesmo local, em Macau, para ressaltar o efeito sin&eacute;rgico dos tr&ecirc;s eventos.<\/p>\n<div class=\"wp-caption alignnone\">\n                <a href=\"https:\/\/www.gcs.gov.mo\/news\/p\/P23JK4KE6h\/l\" data-component=\"Popup\" data-fancybox=\"gallery\" data-caption=\"A 28.\u00aa MIF ser\u00e1 realizada simultaneamente com a primeira edi\u00e7\u00e3o da Exposi\u00e7\u00e3o Econ\u00f3mica e Comercial China\u2013Pa\u00edses de L\u00edngua Portuguesa (Macau) (1.\u00aa C-PLPEX) e a Exposi\u00e7\u00e3o de Franquia de Macau 2023 (2023MFE), no mesmo local, em Macau\" data-type=\"image\"><br \/>\n                <img decoding=\"async\" class=\"size-large\" src=\"https:\/\/www.gcs.gov.mo\/news\/p\/P23JK4KE6h\/l\" title=\"A 28.\u00aa MIF ser\u00e1 realizada simultaneamente com a primeira edi\u00e7\u00e3o da Exposi\u00e7\u00e3o Econ\u00f3mica e Comercial China\u2013Pa\u00edses de L\u00edngua Portuguesa (Macau) (1.\u00aa C-PLPEX) e a Exposi\u00e7\u00e3o de Franquia de Macau 2023 (2023MFE), no mesmo local, em Macau\" alt=\"A 28.\u00aa MIF ser\u00e1 realizada simultaneamente com a primeira edi\u00e7\u00e3o da Exposi\u00e7\u00e3o Econ\u00f3mica e Comercial China\u2013Pa\u00edses de L\u00edngua Portuguesa (Macau) (1.\u00aa C-PLPEX) e a Exposi\u00e7\u00e3o de Franquia de Macau 2023 (2023MFE), no mesmo local, em Macau\" width=\"1024\"><br \/>\n                <\/a><\/p>\n<p class=\"wp-caption-text\">A 28.\u00aa MIF ser\u00e1 realizada simultaneamente com a primeira edi\u00e7\u00e3o da Exposi\u00e7\u00e3o Econ\u00f3mica e Comercial China\u2013Pa\u00edses de L\u00edngua Portuguesa (Macau) (1.\u00aa C-PLPEX) e a Exposi\u00e7\u00e3o de Franquia de Macau 2023 (2023MFE), no mesmo local, em Macau<\/p>\n<\/p><\/div>\n<div class=\"wp-caption alignnone\">\n                <a href=\"https:\/\/www.gcs.gov.mo\/news\/p\/P23JKGVvEq\/l\" data-component=\"Popup\" data-fancybox=\"gallery\" data-caption=\"A MIF apresenta as oportunidades de desenvolvimento das ind\u00fastrias-chave\" data-type=\"image\"><br \/>\n                <img decoding=\"async\" class=\"size-large\" src=\"https:\/\/www.gcs.gov.mo\/news\/p\/P23JKGVvEq\/l\" title=\"A MIF apresenta as oportunidades de desenvolvimento das ind\u00fastrias-chave\" alt=\"A MIF apresenta as oportunidades de desenvolvimento das ind\u00fastrias-chave\" width=\"1024\"><br \/>\n                <\/a><\/p>\n<p class=\"wp-caption-text\">A MIF apresenta as oportunidades de desenvolvimento das ind\u00fastrias-chave<\/p>\n<\/p><\/div>\n<div class=\"wp-caption alignnone\">\n                <a href=\"https:\/\/www.gcs.gov.mo\/news\/p\/P23JKQZfUC\/l\" data-component=\"Popup\" data-fancybox=\"gallery\" data-caption=\"A MIF apresenta as oportunidades de desenvolvimento das ind\u00fastrias-chave\" data-type=\"image\"><br \/>\n                <img decoding=\"async\" class=\"size-large\" src=\"https:\/\/www.gcs.gov.mo\/news\/p\/P23JKQZfUC\/l\" title=\"A MIF apresenta as oportunidades de desenvolvimento das ind\u00fastrias-chave\" alt=\"A MIF apresenta as oportunidades de desenvolvimento das ind\u00fastrias-chave\" width=\"1024\"><br \/>\n                <\/a><\/p>\n<p class=\"wp-caption-text\">A MIF apresenta as oportunidades de desenvolvimento das ind\u00fastrias-chave<\/p>\n<\/p><\/div>\n<div class=\"wp-caption alignnone\">\n                <a href=\"https:\/\/www.gcs.gov.mo\/news\/p\/P23JKhVQVp\/l\" data-component=\"Popup\" data-fancybox=\"gallery\" data-caption=\"A MIF apresenta as oportunidades de desenvolvimento das ind\u00fastrias-chave\" data-type=\"image\"><br \/>\n                <img decoding=\"async\" class=\"size-large\" src=\"https:\/\/www.gcs.gov.mo\/news\/p\/P23JKhVQVp\/l\" title=\"A MIF apresenta as oportunidades de desenvolvimento das ind\u00fastrias-chave\" alt=\"A MIF apresenta as oportunidades de desenvolvimento das ind\u00fastrias-chave\" width=\"1024\"><br \/>\n                <\/a><\/p>\n<p class=\"wp-caption-text\">A MIF apresenta as oportunidades de desenvolvimento das ind\u00fastrias-chave<\/p>\n<\/p><\/div>\n<div class=\"wp-caption alignnone\">\n                <a href=\"https:\/\/www.gcs.gov.mo\/news\/p\/P23JKqQ7rT\/l\" data-component=\"Popup\" data-fancybox=\"gallery\" data-caption=\"A MIF ajuda os comerciantes a tirarem partido das oportunidades de neg\u00f3cio no desenvolvimento da Zona de Coopera\u00e7\u00e3o Aprofundada entre Guangdong e Macau em Hengqin\" data-type=\"image\"><br \/>\n                <img decoding=\"async\" class=\"size-large\" src=\"https:\/\/www.gcs.gov.mo\/news\/p\/P23JKqQ7rT\/l\" title=\"A MIF ajuda os comerciantes a tirarem partido das oportunidades de neg\u00f3cio no desenvolvimento da Zona de Coopera\u00e7\u00e3o Aprofundada entre Guangdong e Macau em Hengqin\" alt=\"A MIF ajuda os comerciantes a tirarem partido das oportunidades de neg\u00f3cio no desenvolvimento da Zona de Coopera\u00e7\u00e3o Aprofundada entre Guangdong e Macau em Hengqin\" width=\"1024\"><br \/>\n                <\/a><\/p>\n<p class=\"wp-caption-text\">A MIF ajuda os comerciantes a tirarem partido das oportunidades de neg\u00f3cio no desenvolvimento da Zona de Coopera\u00e7\u00e3o Aprofundada entre Guangdong e Macau em Hengqin<\/p>\n<\/p><\/div>\n<div class=\"wp-caption alignnone\">\n                <a href=\"https:\/\/www.gcs.gov.mo\/news\/p\/P23JK0YfYv\/l\" data-component=\"Popup\" data-fancybox=\"gallery\" data-caption=\"Encontra-se na MIF uma diversifica\u00e7\u00e3o de oportunidades de neg\u00f3cio\" data-type=\"image\"><br \/>\n                <img decoding=\"async\" class=\"size-large\" src=\"https:\/\/www.gcs.gov.mo\/news\/p\/P23JK0YfYv\/l\" title=\"Encontra-se na MIF uma diversifica\u00e7\u00e3o de oportunidades de neg\u00f3cio\" alt=\"Encontra-se na MIF uma diversifica\u00e7\u00e3o de oportunidades de neg\u00f3cio\" width=\"1024\"><br \/>\n                <\/a><\/p>\n<p class=\"wp-caption-text\">Encontra-se na MIF uma diversifica\u00e7\u00e3o de oportunidades de neg\u00f3cio<\/p>\n<\/p><\/div>\n","protected":false},"excerpt":{"rendered":"<p>Subordinada ao tema \u201cMais do que Neg&oacute;cios\u201d, a 28.&ordf; Feira Internacional de Macau (28.&ordf; MIF), organizada pelo Instituto de Promo&ccedil;&atilde;o do Com&eacute;rcio e do Investimento [&hellip;]<\/p>\n","protected":false},"author":1,"featured_media":467868,"comment_status":"closed","ping_status":"closed","sticky":false,"template":"","format":"standard","meta":{"_acf_changed":false,"inline_featured_image":false,"advgb_blocks_editor_width":"","advgb_blocks_columns_visual_guide":"","footnotes":""},"categories":[12],"tags":[],"class_list":["post-441604","post","type-post","status-publish","format-standard","has-post-thumbnail","hentry","category-noticias-do-ipim"],"acf":[],"yoast_head":"<!-- This site is optimized with the Yoast SEO plugin v26.2 - https:\/\/yoast.com\/wordpress\/plugins\/seo\/ -->\r\n<title>[2023\/10\/11] [Capta\u00e7\u00e3o de investimentos atrav\u00e9s de exposi\u00e7\u00f5es] Feira Internacional de Macau (MIF) decorre entre os dias 19 e 22 de Outubro | Commerce and Investment Promotion Institute<\/title>\r\n<meta name=\"robots\" content=\"index, follow, max-snippet:-1, max-image-preview:large, max-video-preview:-1\" \/>\r\n<link rel=\"canonical\" href=\"https:\/\/www.ipim.gov.mo\/pt-pt\/noticias-do-ipim\/2023-10-12-captacao-de-investimentos-atraves-de-exposicoes-feira-internacional-de-macau-mif-decorre-entre-os-dias-19-e-22-de-outubro\/\" \/>\r\n<meta property=\"og:locale\" content=\"pt_PT\" \/>\r\n<meta property=\"og:type\" content=\"article\" \/>\r\n<meta property=\"og:title\" content=\"[2023\/10\/11] [Capta\u00e7\u00e3o de investimentos atrav\u00e9s de exposi\u00e7\u00f5es] Feira Internacional de Macau (MIF) decorre entre os dias 19 e 22 de Outubro | Commerce and Investment Promotion Institute\" \/>\r\n<meta property=\"og:description\" content=\"Subordinada ao tema \u201cMais do que Neg&oacute;cios\u201d, a 28.&ordf; Feira Internacional de Macau (28.&ordf; MIF), organizada pelo Instituto de Promo&ccedil;&atilde;o do Com&eacute;rcio e do Investimento [&hellip;]\" \/>\r\n<meta property=\"og:url\" content=\"https:\/\/www.ipim.gov.mo\/pt-pt\/noticias-do-ipim\/2023-10-12-captacao-de-investimentos-atraves-de-exposicoes-feira-internacional-de-macau-mif-decorre-entre-os-dias-19-e-22-de-outubro\/\" \/>\r\n<meta property=\"og:site_name\" content=\"Commerce and Investment Promotion Institute\" \/>\r\n<meta property=\"article:published_time\" content=\"2023-10-11T07:38:00+00:00\" \/>\r\n<meta property=\"og:image\" content=\"https:\/\/www.ipim.gov.mo\/wp-content\/uploads\/2024\/07\/ipim-post-default.jpg\" \/>\r\n\t<meta property=\"og:image:width\" content=\"1024\" \/>\r\n\t<meta property=\"og:image:height\" content=\"768\" \/>\r\n\t<meta property=\"og:image:type\" content=\"image\/jpeg\" \/>\r\n<meta name=\"author\" content=\"admin\" \/>\r\n<meta name=\"twitter:card\" content=\"summary_large_image\" \/>\r\n<meta name=\"twitter:label1\" content=\"Written by\" \/>\n\t<meta name=\"twitter:data1\" content=\"admin\" \/>\n\t<meta name=\"twitter:label2\" content=\"Est. reading time\" \/>\n\t<meta name=\"twitter:data2\" content=\"5 minutes\" \/>\r\n<script type=\"application\/ld+json\" class=\"yoast-schema-graph\">{\"@context\":\"https:\/\/schema.org\",\"@graph\":[{\"@type\":\"WebPage\",\"@id\":\"https:\/\/www.ipim.gov.mo\/pt-pt\/noticias-do-ipim\/2023-10-12-captacao-de-investimentos-atraves-de-exposicoes-feira-internacional-de-macau-mif-decorre-entre-os-dias-19-e-22-de-outubro\/\",\"url\":\"https:\/\/www.ipim.gov.mo\/pt-pt\/noticias-do-ipim\/2023-10-12-captacao-de-investimentos-atraves-de-exposicoes-feira-internacional-de-macau-mif-decorre-entre-os-dias-19-e-22-de-outubro\/\",\"name\":\"[2023\/10\/11] [Capta\u00e7\u00e3o de investimentos atrav\u00e9s de exposi\u00e7\u00f5es] Feira Internacional de Macau (MIF) decorre entre os dias 19 e 22 de Outubro | Commerce and Investment Promotion Institute\",\"isPartOf\":{\"@id\":\"https:\/\/www.ipim.gov.mo\/zh-hans\/#website\"},\"primaryImageOfPage\":{\"@id\":\"https:\/\/www.ipim.gov.mo\/pt-pt\/noticias-do-ipim\/2023-10-12-captacao-de-investimentos-atraves-de-exposicoes-feira-internacional-de-macau-mif-decorre-entre-os-dias-19-e-22-de-outubro\/#primaryimage\"},\"image\":{\"@id\":\"https:\/\/www.ipim.gov.mo\/pt-pt\/noticias-do-ipim\/2023-10-12-captacao-de-investimentos-atraves-de-exposicoes-feira-internacional-de-macau-mif-decorre-entre-os-dias-19-e-22-de-outubro\/#primaryimage\"},\"thumbnailUrl\":\"https:\/\/www.ipim.gov.mo\/wp-content\/uploads\/2024\/07\/ipim-post-default.jpg\",\"datePublished\":\"2023-10-11T07:38:00+00:00\",\"breadcrumb\":{\"@id\":\"https:\/\/www.ipim.gov.mo\/pt-pt\/noticias-do-ipim\/2023-10-12-captacao-de-investimentos-atraves-de-exposicoes-feira-internacional-de-macau-mif-decorre-entre-os-dias-19-e-22-de-outubro\/#breadcrumb\"},\"inLanguage\":\"pt-PT\",\"potentialAction\":[{\"@type\":\"ReadAction\",\"target\":[\"https:\/\/www.ipim.gov.mo\/pt-pt\/noticias-do-ipim\/2023-10-12-captacao-de-investimentos-atraves-de-exposicoes-feira-internacional-de-macau-mif-decorre-entre-os-dias-19-e-22-de-outubro\/\"]}]},{\"@type\":\"ImageObject\",\"inLanguage\":\"pt-PT\",\"@id\":\"https:\/\/www.ipim.gov.mo\/pt-pt\/noticias-do-ipim\/2023-10-12-captacao-de-investimentos-atraves-de-exposicoes-feira-internacional-de-macau-mif-decorre-entre-os-dias-19-e-22-de-outubro\/#primaryimage\",\"url\":\"https:\/\/www.ipim.gov.mo\/wp-content\/uploads\/2024\/07\/ipim-post-default.jpg\",\"contentUrl\":\"https:\/\/www.ipim.gov.mo\/wp-content\/uploads\/2024\/07\/ipim-post-default.jpg\",\"width\":1024,\"height\":768},{\"@type\":\"BreadcrumbList\",\"@id\":\"https:\/\/www.ipim.gov.mo\/pt-pt\/noticias-do-ipim\/2023-10-12-captacao-de-investimentos-atraves-de-exposicoes-feira-internacional-de-macau-mif-decorre-entre-os-dias-19-e-22-de-outubro\/#breadcrumb\",\"itemListElement\":[{\"@type\":\"ListItem\",\"position\":1,\"name\":\"Home\",\"item\":\"https:\/\/www.ipim.gov.mo\/pt-pt\/\"},{\"@type\":\"ListItem\",\"position\":2,\"name\":\"[2023\/10\/11] [Capta\u00e7\u00e3o de investimentos atrav\u00e9s de exposi\u00e7\u00f5es] Feira Internacional de Macau (MIF) decorre entre os dias 19 e 22 de Outubro\"}]},{\"@type\":\"WebSite\",\"@id\":\"https:\/\/www.ipim.gov.mo\/zh-hans\/#website\",\"url\":\"https:\/\/www.ipim.gov.mo\/zh-hans\/\",\"name\":\"Commerce and Investment Promotion Institute\",\"description\":\"Commerce and Investment Promotion Institute\",\"publisher\":{\"@id\":\"https:\/\/www.ipim.gov.mo\/zh-hans\/#organization\"},\"potentialAction\":[{\"@type\":\"SearchAction\",\"target\":{\"@type\":\"EntryPoint\",\"urlTemplate\":\"https:\/\/www.ipim.gov.mo\/zh-hans\/?s={search_term_string}\"},\"query-input\":{\"@type\":\"PropertyValueSpecification\",\"valueRequired\":true,\"valueName\":\"search_term_string\"}}],\"inLanguage\":\"pt-PT\"},{\"@type\":\"Organization\",\"@id\":\"https:\/\/www.ipim.gov.mo\/zh-hans\/#organization\",\"name\":\"IPIM\",\"url\":\"https:\/\/www.ipim.gov.mo\/zh-hans\/\",\"logo\":{\"@type\":\"ImageObject\",\"inLanguage\":\"pt-PT\",\"@id\":\"https:\/\/www.ipim.gov.mo\/zh-hans\/#\/schema\/logo\/image\/\",\"url\":\"https:\/\/www.ipim.gov.mo\/wp-content\/uploads\/2022\/10\/default-post-thumbnail-ipim-logo.png\",\"contentUrl\":\"https:\/\/www.ipim.gov.mo\/wp-content\/uploads\/2022\/10\/default-post-thumbnail-ipim-logo.png\",\"width\":1024,\"height\":768,\"caption\":\"IPIM\"},\"image\":{\"@id\":\"https:\/\/www.ipim.gov.mo\/zh-hans\/#\/schema\/logo\/image\/\"}}]}<\/script>\r\n<!-- \/ Yoast SEO plugin. -->","yoast_head_json":{"title":"[2023\/10\/11] [Capta\u00e7\u00e3o de investimentos atrav\u00e9s de exposi\u00e7\u00f5es] Feira Internacional de Macau (MIF) decorre entre os dias 19 e 22 de Outubro | Commerce and Investment Promotion Institute","robots":{"index":"index","follow":"follow","max-snippet":"max-snippet:-1","max-image-preview":"max-image-preview:large","max-video-preview":"max-video-preview:-1"},"canonical":"https:\/\/www.ipim.gov.mo\/pt-pt\/noticias-do-ipim\/2023-10-12-captacao-de-investimentos-atraves-de-exposicoes-feira-internacional-de-macau-mif-decorre-entre-os-dias-19-e-22-de-outubro\/","og_locale":"pt_PT","og_type":"article","og_title":"[2023\/10\/11] [Capta\u00e7\u00e3o de investimentos atrav\u00e9s de exposi\u00e7\u00f5es] Feira Internacional de Macau (MIF) decorre entre os dias 19 e 22 de Outubro | Commerce and Investment Promotion Institute","og_description":"Subordinada ao tema \u201cMais do que Neg&oacute;cios\u201d, a 28.&ordf; Feira Internacional de Macau (28.&ordf; MIF), organizada pelo Instituto de Promo&ccedil;&atilde;o do Com&eacute;rcio e do Investimento [&hellip;]","og_url":"https:\/\/www.ipim.gov.mo\/pt-pt\/noticias-do-ipim\/2023-10-12-captacao-de-investimentos-atraves-de-exposicoes-feira-internacional-de-macau-mif-decorre-entre-os-dias-19-e-22-de-outubro\/","og_site_name":"Commerce and Investment Promotion Institute","article_published_time":"2023-10-11T07:38:00+00:00","og_image":[{"width":1024,"height":768,"url":"https:\/\/www.ipim.gov.mo\/wp-content\/uploads\/2024\/07\/ipim-post-default.jpg","type":"image\/jpeg"}],"author":"admin","twitter_card":"summary_large_image","twitter_misc":{"Written by":"admin","Est. reading time":"5 minutes"},"schema":{"@context":"https:\/\/schema.org","@graph":[{"@type":"WebPage","@id":"https:\/\/www.ipim.gov.mo\/pt-pt\/noticias-do-ipim\/2023-10-12-captacao-de-investimentos-atraves-de-exposicoes-feira-internacional-de-macau-mif-decorre-entre-os-dias-19-e-22-de-outubro\/","url":"https:\/\/www.ipim.gov.mo\/pt-pt\/noticias-do-ipim\/2023-10-12-captacao-de-investimentos-atraves-de-exposicoes-feira-internacional-de-macau-mif-decorre-entre-os-dias-19-e-22-de-outubro\/","name":"[2023\/10\/11] [Capta\u00e7\u00e3o de investimentos atrav\u00e9s de exposi\u00e7\u00f5es] Feira Internacional de Macau (MIF) decorre entre os dias 19 e 22 de Outubro | Commerce and Investment Promotion Institute","isPartOf":{"@id":"https:\/\/www.ipim.gov.mo\/zh-hans\/#website"},"primaryImageOfPage":{"@id":"https:\/\/www.ipim.gov.mo\/pt-pt\/noticias-do-ipim\/2023-10-12-captacao-de-investimentos-atraves-de-exposicoes-feira-internacional-de-macau-mif-decorre-entre-os-dias-19-e-22-de-outubro\/#primaryimage"},"image":{"@id":"https:\/\/www.ipim.gov.mo\/pt-pt\/noticias-do-ipim\/2023-10-12-captacao-de-investimentos-atraves-de-exposicoes-feira-internacional-de-macau-mif-decorre-entre-os-dias-19-e-22-de-outubro\/#primaryimage"},"thumbnailUrl":"https:\/\/www.ipim.gov.mo\/wp-content\/uploads\/2024\/07\/ipim-post-default.jpg","datePublished":"2023-10-11T07:38:00+00:00","breadcrumb":{"@id":"https:\/\/www.ipim.gov.mo\/pt-pt\/noticias-do-ipim\/2023-10-12-captacao-de-investimentos-atraves-de-exposicoes-feira-internacional-de-macau-mif-decorre-entre-os-dias-19-e-22-de-outubro\/#breadcrumb"},"inLanguage":"pt-PT","potentialAction":[{"@type":"ReadAction","target":["https:\/\/www.ipim.gov.mo\/pt-pt\/noticias-do-ipim\/2023-10-12-captacao-de-investimentos-atraves-de-exposicoes-feira-internacional-de-macau-mif-decorre-entre-os-dias-19-e-22-de-outubro\/"]}]},{"@type":"ImageObject","inLanguage":"pt-PT","@id":"https:\/\/www.ipim.gov.mo\/pt-pt\/noticias-do-ipim\/2023-10-12-captacao-de-investimentos-atraves-de-exposicoes-feira-internacional-de-macau-mif-decorre-entre-os-dias-19-e-22-de-outubro\/#primaryimage","url":"https:\/\/www.ipim.gov.mo\/wp-content\/uploads\/2024\/07\/ipim-post-default.jpg","contentUrl":"https:\/\/www.ipim.gov.mo\/wp-content\/uploads\/2024\/07\/ipim-post-default.jpg","width":1024,"height":768},{"@type":"BreadcrumbList","@id":"https:\/\/www.ipim.gov.mo\/pt-pt\/noticias-do-ipim\/2023-10-12-captacao-de-investimentos-atraves-de-exposicoes-feira-internacional-de-macau-mif-decorre-entre-os-dias-19-e-22-de-outubro\/#breadcrumb","itemListElement":[{"@type":"ListItem","position":1,"name":"Home","item":"https:\/\/www.ipim.gov.mo\/pt-pt\/"},{"@type":"ListItem","position":2,"name":"[2023\/10\/11] [Capta\u00e7\u00e3o de investimentos atrav\u00e9s de exposi\u00e7\u00f5es] Feira Internacional de Macau (MIF) decorre entre os dias 19 e 22 de Outubro"}]},{"@type":"WebSite","@id":"https:\/\/www.ipim.gov.mo\/zh-hans\/#website","url":"https:\/\/www.ipim.gov.mo\/zh-hans\/","name":"Commerce and Investment Promotion Institute","description":"Commerce and Investment Promotion Institute","publisher":{"@id":"https:\/\/www.ipim.gov.mo\/zh-hans\/#organization"},"potentialAction":[{"@type":"SearchAction","target":{"@type":"EntryPoint","urlTemplate":"https:\/\/www.ipim.gov.mo\/zh-hans\/?s={search_term_string}"},"query-input":{"@type":"PropertyValueSpecification","valueRequired":true,"valueName":"search_term_string"}}],"inLanguage":"pt-PT"},{"@type":"Organization","@id":"https:\/\/www.ipim.gov.mo\/zh-hans\/#organization","name":"IPIM","url":"https:\/\/www.ipim.gov.mo\/zh-hans\/","logo":{"@type":"ImageObject","inLanguage":"pt-PT","@id":"https:\/\/www.ipim.gov.mo\/zh-hans\/#\/schema\/logo\/image\/","url":"https:\/\/www.ipim.gov.mo\/wp-content\/uploads\/2022\/10\/default-post-thumbnail-ipim-logo.png","contentUrl":"https:\/\/www.ipim.gov.mo\/wp-content\/uploads\/2022\/10\/default-post-thumbnail-ipim-logo.png","width":1024,"height":768,"caption":"IPIM"},"image":{"@id":"https:\/\/www.ipim.gov.mo\/zh-hans\/#\/schema\/logo\/image\/"}}]}},"author_meta":{"display_name":"admin","author_link":"https:\/\/www.ipim.gov.mo\/pt-pt\/author\/admin\/"},"featured_img":"https:\/\/www.ipim.gov.mo\/wp-content\/uploads\/2024\/07\/ipim-post-default-300x225.jpg","coauthors":[],"tax_additional":{"categories":{"linked":["<a href=\"https:\/\/www.ipim.gov.mo\/pt-pt\/category\/noticias-do-ipim\/\" class=\"advgb-post-tax-term\">Not\u00edcias do IPIM<\/a>"],"unlinked":["<span class=\"advgb-post-tax-term\">Not\u00edcias do IPIM<\/span>"]}},"comment_count":"0","relative_dates":{"created":"Posted 3 years ago","modified":"Updated 3 years ago"},"absolute_dates":{"created":"Posted on Outubro 11, 2023","modified":"Updated on Outubro 11, 2023"},"absolute_dates_time":{"created":"Posted on Outubro 11, 2023 3:38 pm","modified":"Updated on Outubro 11, 2023 3:38 pm"},"featured_img_caption":"","series_order":"","_links":{"self":[{"href":"https:\/\/www.ipim.gov.mo\/pt-pt\/wp-json\/wp\/v2\/posts\/441604","targetHints":{"allow":["GET"]}}],"collection":[{"href":"https:\/\/www.ipim.gov.mo\/pt-pt\/wp-json\/wp\/v2\/posts"}],"about":[{"href":"https:\/\/www.ipim.gov.mo\/pt-pt\/wp-json\/wp\/v2\/types\/post"}],"author":[{"embeddable":true,"href":"https:\/\/www.ipim.gov.mo\/pt-pt\/wp-json\/wp\/v2\/users\/1"}],"replies":[{"embeddable":true,"href":"https:\/\/www.ipim.gov.mo\/pt-pt\/wp-json\/wp\/v2\/comments?post=441604"}],"version-history":[{"count":0,"href":"https:\/\/www.ipim.gov.mo\/pt-pt\/wp-json\/wp\/v2\/posts\/441604\/revisions"}],"wp:featuredmedia":[{"embeddable":true,"href":"https:\/\/www.ipim.gov.mo\/pt-pt\/wp-json\/wp\/v2\/media\/467868"}],"wp:attachment":[{"href":"https:\/\/www.ipim.gov.mo\/pt-pt\/wp-json\/wp\/v2\/media?parent=441604"}],"wp:term":[{"taxonomy":"category","embeddable":true,"href":"https:\/\/www.ipim.gov.mo\/pt-pt\/wp-json\/wp\/v2\/categories?post=441604"},{"taxonomy":"post_tag","embeddable":true,"href":"https:\/\/www.ipim.gov.mo\/pt-pt\/wp-json\/wp\/v2\/tags?post=441604"}],"curies":[{"name":"wp","href":"https:\/\/api.w.org\/{rel}","templated":true}]}}