{"id":441602,"date":"2023-10-12T09:50:00","date_gmt":"2023-10-12T01:50:00","guid":{"rendered":"https:\/\/www.ipim.gov.mo\/noticias-do-ipim\/2023-10-12-expansao-de-oportunidades-de-negocio-ilimitadas-empresas-de-marcas-de-todo-o-mundo-reunem-se-na-exposicao-de-franquia-de-macau-para-explorarem-em-conjunto-mercados-locais-nacionais-e-i\/"},"modified":"2023-10-12T09:50:00","modified_gmt":"2023-10-12T01:50:00","slug":"2023-10-12-expansao-de-oportunidades-de-negocio-ilimitadas-empresas-de-marcas-de-todo-o-mundo-reunem-se-na-exposicao-de-franquia-de-macau-para-explorarem-em-conjunto-mercados-locais-nacionais-e-i","status":"publish","type":"post","link":"https:\/\/www.ipim.gov.mo\/pt-pt\/noticias-do-ipim\/2023-10-12-expansao-de-oportunidades-de-negocio-ilimitadas-empresas-de-marcas-de-todo-o-mundo-reunem-se-na-exposicao-de-franquia-de-macau-para-explorarem-em-conjunto-mercados-locais-nacionais-e-i\/","title":{"rendered":"[2023\/10\/12] [Expans\u00e3o de oportunidades de neg\u00f3cio ilimitadas] Empresas de marcas de todo o mundo re\u00fanem-se na Exposi\u00e7\u00e3o de Franquia de Macau para explorarem em conjunto mercados locais, nacionais e internacionais"},"content":{"rendered":"<p style=\"text-align:justify\">Co-organizada pelo Instituto de Promo&ccedil;&atilde;o do Com&eacute;rcio e do Investimento de Macau (IPIM), pela Macau Chain Stores and Franchise Association e pela Macao International Brand Enterprise Commercial Association (MIBA), a Exposi&ccedil;&atilde;o de Franquia de Macau 2023 (2023MFE) ter&aacute; lugar entre os dias 19 e 22 de Outubro de 2023, na Cotai Expo do <em>The Venetian Macau<\/em>, com o tema \u201cLibertar o Poder de Marcas\u201d.<\/p>\n<p style=\"text-align:justify\"><strong>Sucess&atilde;o e inova&ccedil;&atilde;o: 15.&ordm; anivers&aacute;rio da MFE apresenta conte&uacute;dos mais diversificados<\/strong><\/p>\n<p style=\"text-align:justify\">Este ano marca o 15.&ordm; anivers&aacute;rio da MFE. Por esta ocasi&atilde;o, o per&iacute;odo de realiza&ccedil;&atilde;o ser&aacute; estendido dos habituais tr&ecirc;s para quatro dias. A MFE ir&aacute;, como habitualmente, aproveitar a sua influ&ecirc;ncia enquanto um evento anual de marca para convidar empresas de marcas de cadeia, de marcas famosas e de marcas de PI cultural e criativa de todo o mundo a virem a Macau. Neste contexto, as empresas podem exibir a imagem da sua marca no recinto, bem como explorar oportunidades de neg&oacute;cio mais amplas, juntamente com os participantes locais, nacionais e estrangeiros, numa s&eacute;rie de actividades e iniciativas, tais como f&oacute;runs, sess&otilde;es de bolsas de contactos tem&aacute;ticas, sess&otilde;es de partilha e a Avenida Gourmet. Paralelamente, as entidades organizadoras levar&atilde;o a cabo diversas actividades, sob o formato de \u201cUm Evento, Dois Locais\u201d, em Macau e na Zona de Coopera&ccedil;&atilde;o Aprofundada entre Guangdong e Macau em Hengqin. O intuito &eacute; potenciar os efeitos multiplicador e sin&eacute;rgico e permitir aos participantes tirarem partido das oportunidades de desenvolvimento trazidas pela liga&ccedil;&atilde;o da ind&uacute;stria de conven&ccedil;&otilde;es e exposi&ccedil;&otilde;es de Macau e Hengqin.<\/p>\n<p style=\"text-align:justify\">Entre os expositores, &eacute; de referir que a presente edi&ccedil;&atilde;o da MFE ir&aacute; acolher empresas que se estreiam em Macau, que planeiam realizar o primeiro lan&ccedil;amento nacional do seu produto durante o decorrer do evento e que planeiam promover produtos limitados da MFE. Al&eacute;m disso, ser&aacute; introduzido ainda o elemento de brinquedo de arte (<em>art toy<\/em>), que &eacute; bem-recebido nos dias de hoje. Ser&atilde;o tamb&eacute;m oferecidas recomenda&ccedil;&otilde;es de visita aos participantes, com base nas suas caracter&iacute;sticas pessoais, de forma a enriquecer ainda mais a experi&ecirc;ncia da participa&ccedil;&atilde;o na MFE.<\/p>\n<p style=\"text-align:justify\"><strong>Empresas <\/strong><strong>e<\/strong><strong>xpandem o seu mapa de com&eacute;rcio atrav&eacute;s da MFE<\/strong><\/p>\n<p style=\"text-align:justify\">J&aacute; se registaram muitos casos em que as empresas participantes conseguiram explorar mercados novos atrav&eacute;s da MFE. Em termos concretos, o respons&aacute;vel de uma marca de cervejas artesanais de Macau afirmou que, na &uacute;ltima edi&ccedil;&atilde;o da MFE, ao ter estabelecido uma coopera&ccedil;&atilde;o com uma marca de cadeia de restaurante &amp; bar do Interior da China, ganhou reconhecimento no mercado do Interior da China. Um outro exemplo &eacute; o de duas empresas de marca de restaura&ccedil;&atilde;o da &Aacute;rea da Grande Ba&iacute;a Guangdong\u2013Hong Kong\u2013Macau. Como resultado da coopera&ccedil;&atilde;o entre ambas, foi criado um restaurante em regime de associa&ccedil;&atilde;o de marcas, o que tamb&eacute;m serve de testemunha da expans&atilde;o da rede comercial.<\/p>\n<p style=\"text-align:justify\"><strong>Realiza&ccedil;&atilde;o paralela dos tr&ecirc;s eventos no mesmo recinto em Outubro<\/strong><\/p>\n<p style=\"text-align:justify\">A 2023MFE ser&aacute; realizada simultaneamente com a primeira edi&ccedil;&atilde;o da Exposi&ccedil;&atilde;o Econ&oacute;mica e Comercial China\u2013Pa&iacute;ses de L&iacute;ngua Portuguesa (Macau) (1.&ordf; C-PLPEX) e a 28.&ordf; Feira Internacional de Macau (28.&ordf; MIF), no mesmo local, em Macau, para ressaltar o efeito sin&eacute;rgico dos tr&ecirc;s eventos.<\/p>\n<div class=\"wp-caption alignnone\">\n                <a href=\"https:\/\/www.gcs.gov.mo\/news\/p\/P23JLyfRCN\/l\" data-component=\"Popup\" data-fancybox=\"gallery\" data-caption=\"A Exposi\u00e7\u00e3o de Franquia de Macau ajuda as empresas participantes a expandir actividades de neg\u00f3cio\" data-type=\"image\"><br \/>\n                <img decoding=\"async\" class=\"size-large\" src=\"https:\/\/www.gcs.gov.mo\/news\/p\/P23JLyfRCN\/l\" title=\"A Exposi\u00e7\u00e3o de Franquia de Macau ajuda as empresas participantes a expandir actividades de neg\u00f3cio\" alt=\"A Exposi\u00e7\u00e3o de Franquia de Macau ajuda as empresas participantes a expandir actividades de neg\u00f3cio\" width=\"1024\"><br \/>\n                <\/a><\/p>\n<p class=\"wp-caption-text\">A Exposi\u00e7\u00e3o de Franquia de Macau ajuda as empresas participantes a expandir actividades de neg\u00f3cio<\/p>\n<\/p><\/div>\n<div class=\"wp-caption alignnone\">\n                <a href=\"https:\/\/www.gcs.gov.mo\/news\/p\/P23JL2s3Qx\/l\" data-component=\"Popup\" data-fancybox=\"gallery\" data-caption=\"A Avenida Gourmet da Exposi\u00e7\u00e3o de Franquia de Macau atraiu um fluxo de pessoas\" data-type=\"image\"><br \/>\n                <img decoding=\"async\" class=\"size-large\" src=\"https:\/\/www.gcs.gov.mo\/news\/p\/P23JL2s3Qx\/l\" title=\"A Avenida Gourmet da Exposi\u00e7\u00e3o de Franquia de Macau atraiu um fluxo de pessoas\" alt=\"A Avenida Gourmet da Exposi\u00e7\u00e3o de Franquia de Macau atraiu um fluxo de pessoas\" width=\"1024\"><br \/>\n                <\/a><\/p>\n<p class=\"wp-caption-text\">A Avenida Gourmet da Exposi\u00e7\u00e3o de Franquia de Macau atraiu um fluxo de pessoas<\/p>\n<\/p><\/div>\n<div class=\"wp-caption alignnone\">\n                <a href=\"https:\/\/www.gcs.gov.mo\/news\/p\/P23JLlwcuR\/l\" data-component=\"Popup\" data-fancybox=\"gallery\" data-caption=\"A Exposi\u00e7\u00e3o de Franquia de Macau introduziu o elemento da PI\" data-type=\"image\"><br \/>\n                <img decoding=\"async\" class=\"size-large\" src=\"https:\/\/www.gcs.gov.mo\/news\/p\/P23JLlwcuR\/l\" title=\"A Exposi\u00e7\u00e3o de Franquia de Macau introduziu o elemento da PI\" alt=\"A Exposi\u00e7\u00e3o de Franquia de Macau introduziu o elemento da PI\" width=\"1024\"><br \/>\n                <\/a><\/p>\n<p class=\"wp-caption-text\">A Exposi\u00e7\u00e3o de Franquia de Macau introduziu o elemento da PI<\/p>\n<\/p><\/div>\n","protected":false},"excerpt":{"rendered":"<p>Co-organizada pelo Instituto de Promo&ccedil;&atilde;o do Com&eacute;rcio e do Investimento de Macau (IPIM), pela Macau Chain Stores and Franchise Association e pela Macao International Brand [&hellip;]<\/p>\n","protected":false},"author":1,"featured_media":467868,"comment_status":"closed","ping_status":"closed","sticky":false,"template":"","format":"standard","meta":{"_acf_changed":false,"inline_featured_image":false,"advgb_blocks_editor_width":"","advgb_blocks_columns_visual_guide":"","footnotes":""},"categories":[12],"tags":[],"class_list":["post-441602","post","type-post","status-publish","format-standard","has-post-thumbnail","hentry","category-noticias-do-ipim"],"acf":[],"yoast_head":"<!-- This site is optimized with the Yoast SEO plugin v26.2 - https:\/\/yoast.com\/wordpress\/plugins\/seo\/ -->\r\n<title>[2023\/10\/12] [Expans\u00e3o de oportunidades de neg\u00f3cio ilimitadas] Empresas de marcas de todo o mundo re\u00fanem-se na Exposi\u00e7\u00e3o de Franquia de Macau para explorarem em conjunto mercados locais, nacionais e internacionais | Commerce and Investment Promotion Institute<\/title>\r\n<meta name=\"robots\" content=\"index, follow, max-snippet:-1, max-image-preview:large, max-video-preview:-1\" \/>\r\n<link rel=\"canonical\" href=\"https:\/\/www.ipim.gov.mo\/pt-pt\/noticias-do-ipim\/2023-10-12-expansao-de-oportunidades-de-negocio-ilimitadas-empresas-de-marcas-de-todo-o-mundo-reunem-se-na-exposicao-de-franquia-de-macau-para-explorarem-em-conjunto-mercados-locais-nacionais-e-i\/\" \/>\r\n<meta property=\"og:locale\" content=\"pt_PT\" \/>\r\n<meta property=\"og:type\" content=\"article\" \/>\r\n<meta property=\"og:title\" content=\"[2023\/10\/12] [Expans\u00e3o de oportunidades de neg\u00f3cio ilimitadas] Empresas de marcas de todo o mundo re\u00fanem-se na Exposi\u00e7\u00e3o de Franquia de Macau para explorarem em conjunto mercados locais, nacionais e internacionais | Commerce and Investment Promotion Institute\" \/>\r\n<meta property=\"og:description\" content=\"Co-organizada pelo Instituto de Promo&ccedil;&atilde;o do Com&eacute;rcio e do Investimento de Macau (IPIM), pela Macau Chain Stores and Franchise Association e pela Macao International Brand [&hellip;]\" \/>\r\n<meta property=\"og:url\" content=\"https:\/\/www.ipim.gov.mo\/pt-pt\/noticias-do-ipim\/2023-10-12-expansao-de-oportunidades-de-negocio-ilimitadas-empresas-de-marcas-de-todo-o-mundo-reunem-se-na-exposicao-de-franquia-de-macau-para-explorarem-em-conjunto-mercados-locais-nacionais-e-i\/\" \/>\r\n<meta property=\"og:site_name\" content=\"Commerce and Investment Promotion Institute\" \/>\r\n<meta property=\"article:published_time\" content=\"2023-10-12T01:50:00+00:00\" \/>\r\n<meta property=\"og:image\" content=\"https:\/\/www.ipim.gov.mo\/wp-content\/uploads\/2024\/07\/ipim-post-default.jpg\" \/>\r\n\t<meta property=\"og:image:width\" content=\"1024\" \/>\r\n\t<meta property=\"og:image:height\" content=\"768\" \/>\r\n\t<meta property=\"og:image:type\" content=\"image\/jpeg\" \/>\r\n<meta name=\"author\" content=\"admin\" \/>\r\n<meta name=\"twitter:card\" content=\"summary_large_image\" \/>\r\n<meta name=\"twitter:label1\" content=\"Written by\" \/>\n\t<meta name=\"twitter:data1\" content=\"admin\" \/>\n\t<meta name=\"twitter:label2\" content=\"Est. reading time\" \/>\n\t<meta name=\"twitter:data2\" content=\"3 minutes\" \/>\r\n<script type=\"application\/ld+json\" class=\"yoast-schema-graph\">{\"@context\":\"https:\/\/schema.org\",\"@graph\":[{\"@type\":\"WebPage\",\"@id\":\"https:\/\/www.ipim.gov.mo\/pt-pt\/noticias-do-ipim\/2023-10-12-expansao-de-oportunidades-de-negocio-ilimitadas-empresas-de-marcas-de-todo-o-mundo-reunem-se-na-exposicao-de-franquia-de-macau-para-explorarem-em-conjunto-mercados-locais-nacionais-e-i\/\",\"url\":\"https:\/\/www.ipim.gov.mo\/pt-pt\/noticias-do-ipim\/2023-10-12-expansao-de-oportunidades-de-negocio-ilimitadas-empresas-de-marcas-de-todo-o-mundo-reunem-se-na-exposicao-de-franquia-de-macau-para-explorarem-em-conjunto-mercados-locais-nacionais-e-i\/\",\"name\":\"[2023\/10\/12] [Expans\u00e3o de oportunidades de neg\u00f3cio ilimitadas] Empresas de marcas de todo o mundo re\u00fanem-se na Exposi\u00e7\u00e3o de Franquia de Macau para explorarem em conjunto mercados locais, nacionais e internacionais | Commerce and Investment Promotion Institute\",\"isPartOf\":{\"@id\":\"https:\/\/www.ipim.gov.mo\/zh-hans\/#website\"},\"primaryImageOfPage\":{\"@id\":\"https:\/\/www.ipim.gov.mo\/pt-pt\/noticias-do-ipim\/2023-10-12-expansao-de-oportunidades-de-negocio-ilimitadas-empresas-de-marcas-de-todo-o-mundo-reunem-se-na-exposicao-de-franquia-de-macau-para-explorarem-em-conjunto-mercados-locais-nacionais-e-i\/#primaryimage\"},\"image\":{\"@id\":\"https:\/\/www.ipim.gov.mo\/pt-pt\/noticias-do-ipim\/2023-10-12-expansao-de-oportunidades-de-negocio-ilimitadas-empresas-de-marcas-de-todo-o-mundo-reunem-se-na-exposicao-de-franquia-de-macau-para-explorarem-em-conjunto-mercados-locais-nacionais-e-i\/#primaryimage\"},\"thumbnailUrl\":\"https:\/\/www.ipim.gov.mo\/wp-content\/uploads\/2024\/07\/ipim-post-default.jpg\",\"datePublished\":\"2023-10-12T01:50:00+00:00\",\"breadcrumb\":{\"@id\":\"https:\/\/www.ipim.gov.mo\/pt-pt\/noticias-do-ipim\/2023-10-12-expansao-de-oportunidades-de-negocio-ilimitadas-empresas-de-marcas-de-todo-o-mundo-reunem-se-na-exposicao-de-franquia-de-macau-para-explorarem-em-conjunto-mercados-locais-nacionais-e-i\/#breadcrumb\"},\"inLanguage\":\"pt-PT\",\"potentialAction\":[{\"@type\":\"ReadAction\",\"target\":[\"https:\/\/www.ipim.gov.mo\/pt-pt\/noticias-do-ipim\/2023-10-12-expansao-de-oportunidades-de-negocio-ilimitadas-empresas-de-marcas-de-todo-o-mundo-reunem-se-na-exposicao-de-franquia-de-macau-para-explorarem-em-conjunto-mercados-locais-nacionais-e-i\/\"]}]},{\"@type\":\"ImageObject\",\"inLanguage\":\"pt-PT\",\"@id\":\"https:\/\/www.ipim.gov.mo\/pt-pt\/noticias-do-ipim\/2023-10-12-expansao-de-oportunidades-de-negocio-ilimitadas-empresas-de-marcas-de-todo-o-mundo-reunem-se-na-exposicao-de-franquia-de-macau-para-explorarem-em-conjunto-mercados-locais-nacionais-e-i\/#primaryimage\",\"url\":\"https:\/\/www.ipim.gov.mo\/wp-content\/uploads\/2024\/07\/ipim-post-default.jpg\",\"contentUrl\":\"https:\/\/www.ipim.gov.mo\/wp-content\/uploads\/2024\/07\/ipim-post-default.jpg\",\"width\":1024,\"height\":768},{\"@type\":\"BreadcrumbList\",\"@id\":\"https:\/\/www.ipim.gov.mo\/pt-pt\/noticias-do-ipim\/2023-10-12-expansao-de-oportunidades-de-negocio-ilimitadas-empresas-de-marcas-de-todo-o-mundo-reunem-se-na-exposicao-de-franquia-de-macau-para-explorarem-em-conjunto-mercados-locais-nacionais-e-i\/#breadcrumb\",\"itemListElement\":[{\"@type\":\"ListItem\",\"position\":1,\"name\":\"Home\",\"item\":\"https:\/\/www.ipim.gov.mo\/pt-pt\/\"},{\"@type\":\"ListItem\",\"position\":2,\"name\":\"[2023\/10\/12] [Expans\u00e3o de oportunidades de neg\u00f3cio ilimitadas] Empresas de marcas de todo o mundo re\u00fanem-se na Exposi\u00e7\u00e3o de Franquia de Macau para explorarem em conjunto mercados locais, nacionais e internacionais\"}]},{\"@type\":\"WebSite\",\"@id\":\"https:\/\/www.ipim.gov.mo\/zh-hans\/#website\",\"url\":\"https:\/\/www.ipim.gov.mo\/zh-hans\/\",\"name\":\"Commerce and Investment Promotion Institute\",\"description\":\"Commerce and Investment Promotion Institute\",\"publisher\":{\"@id\":\"https:\/\/www.ipim.gov.mo\/zh-hans\/#organization\"},\"potentialAction\":[{\"@type\":\"SearchAction\",\"target\":{\"@type\":\"EntryPoint\",\"urlTemplate\":\"https:\/\/www.ipim.gov.mo\/zh-hans\/?s={search_term_string}\"},\"query-input\":{\"@type\":\"PropertyValueSpecification\",\"valueRequired\":true,\"valueName\":\"search_term_string\"}}],\"inLanguage\":\"pt-PT\"},{\"@type\":\"Organization\",\"@id\":\"https:\/\/www.ipim.gov.mo\/zh-hans\/#organization\",\"name\":\"IPIM\",\"url\":\"https:\/\/www.ipim.gov.mo\/zh-hans\/\",\"logo\":{\"@type\":\"ImageObject\",\"inLanguage\":\"pt-PT\",\"@id\":\"https:\/\/www.ipim.gov.mo\/zh-hans\/#\/schema\/logo\/image\/\",\"url\":\"https:\/\/www.ipim.gov.mo\/wp-content\/uploads\/2022\/10\/default-post-thumbnail-ipim-logo.png\",\"contentUrl\":\"https:\/\/www.ipim.gov.mo\/wp-content\/uploads\/2022\/10\/default-post-thumbnail-ipim-logo.png\",\"width\":1024,\"height\":768,\"caption\":\"IPIM\"},\"image\":{\"@id\":\"https:\/\/www.ipim.gov.mo\/zh-hans\/#\/schema\/logo\/image\/\"}}]}<\/script>\r\n<!-- \/ Yoast SEO plugin. -->","yoast_head_json":{"title":"[2023\/10\/12] [Expans\u00e3o de oportunidades de neg\u00f3cio ilimitadas] Empresas de marcas de todo o mundo re\u00fanem-se na Exposi\u00e7\u00e3o de Franquia de Macau para explorarem em conjunto mercados locais, nacionais e internacionais | Commerce and Investment Promotion Institute","robots":{"index":"index","follow":"follow","max-snippet":"max-snippet:-1","max-image-preview":"max-image-preview:large","max-video-preview":"max-video-preview:-1"},"canonical":"https:\/\/www.ipim.gov.mo\/pt-pt\/noticias-do-ipim\/2023-10-12-expansao-de-oportunidades-de-negocio-ilimitadas-empresas-de-marcas-de-todo-o-mundo-reunem-se-na-exposicao-de-franquia-de-macau-para-explorarem-em-conjunto-mercados-locais-nacionais-e-i\/","og_locale":"pt_PT","og_type":"article","og_title":"[2023\/10\/12] [Expans\u00e3o de oportunidades de neg\u00f3cio ilimitadas] Empresas de marcas de todo o mundo re\u00fanem-se na Exposi\u00e7\u00e3o de Franquia de Macau para explorarem em conjunto mercados locais, nacionais e internacionais | Commerce and Investment Promotion Institute","og_description":"Co-organizada pelo Instituto de Promo&ccedil;&atilde;o do Com&eacute;rcio e do Investimento de Macau (IPIM), pela Macau Chain Stores and Franchise Association e pela Macao International Brand [&hellip;]","og_url":"https:\/\/www.ipim.gov.mo\/pt-pt\/noticias-do-ipim\/2023-10-12-expansao-de-oportunidades-de-negocio-ilimitadas-empresas-de-marcas-de-todo-o-mundo-reunem-se-na-exposicao-de-franquia-de-macau-para-explorarem-em-conjunto-mercados-locais-nacionais-e-i\/","og_site_name":"Commerce and Investment Promotion Institute","article_published_time":"2023-10-12T01:50:00+00:00","og_image":[{"width":1024,"height":768,"url":"https:\/\/www.ipim.gov.mo\/wp-content\/uploads\/2024\/07\/ipim-post-default.jpg","type":"image\/jpeg"}],"author":"admin","twitter_card":"summary_large_image","twitter_misc":{"Written by":"admin","Est. reading time":"3 minutes"},"schema":{"@context":"https:\/\/schema.org","@graph":[{"@type":"WebPage","@id":"https:\/\/www.ipim.gov.mo\/pt-pt\/noticias-do-ipim\/2023-10-12-expansao-de-oportunidades-de-negocio-ilimitadas-empresas-de-marcas-de-todo-o-mundo-reunem-se-na-exposicao-de-franquia-de-macau-para-explorarem-em-conjunto-mercados-locais-nacionais-e-i\/","url":"https:\/\/www.ipim.gov.mo\/pt-pt\/noticias-do-ipim\/2023-10-12-expansao-de-oportunidades-de-negocio-ilimitadas-empresas-de-marcas-de-todo-o-mundo-reunem-se-na-exposicao-de-franquia-de-macau-para-explorarem-em-conjunto-mercados-locais-nacionais-e-i\/","name":"[2023\/10\/12] [Expans\u00e3o de oportunidades de neg\u00f3cio ilimitadas] Empresas de marcas de todo o mundo re\u00fanem-se na Exposi\u00e7\u00e3o de Franquia de Macau para explorarem em conjunto mercados locais, nacionais e internacionais | Commerce and Investment Promotion Institute","isPartOf":{"@id":"https:\/\/www.ipim.gov.mo\/zh-hans\/#website"},"primaryImageOfPage":{"@id":"https:\/\/www.ipim.gov.mo\/pt-pt\/noticias-do-ipim\/2023-10-12-expansao-de-oportunidades-de-negocio-ilimitadas-empresas-de-marcas-de-todo-o-mundo-reunem-se-na-exposicao-de-franquia-de-macau-para-explorarem-em-conjunto-mercados-locais-nacionais-e-i\/#primaryimage"},"image":{"@id":"https:\/\/www.ipim.gov.mo\/pt-pt\/noticias-do-ipim\/2023-10-12-expansao-de-oportunidades-de-negocio-ilimitadas-empresas-de-marcas-de-todo-o-mundo-reunem-se-na-exposicao-de-franquia-de-macau-para-explorarem-em-conjunto-mercados-locais-nacionais-e-i\/#primaryimage"},"thumbnailUrl":"https:\/\/www.ipim.gov.mo\/wp-content\/uploads\/2024\/07\/ipim-post-default.jpg","datePublished":"2023-10-12T01:50:00+00:00","breadcrumb":{"@id":"https:\/\/www.ipim.gov.mo\/pt-pt\/noticias-do-ipim\/2023-10-12-expansao-de-oportunidades-de-negocio-ilimitadas-empresas-de-marcas-de-todo-o-mundo-reunem-se-na-exposicao-de-franquia-de-macau-para-explorarem-em-conjunto-mercados-locais-nacionais-e-i\/#breadcrumb"},"inLanguage":"pt-PT","potentialAction":[{"@type":"ReadAction","target":["https:\/\/www.ipim.gov.mo\/pt-pt\/noticias-do-ipim\/2023-10-12-expansao-de-oportunidades-de-negocio-ilimitadas-empresas-de-marcas-de-todo-o-mundo-reunem-se-na-exposicao-de-franquia-de-macau-para-explorarem-em-conjunto-mercados-locais-nacionais-e-i\/"]}]},{"@type":"ImageObject","inLanguage":"pt-PT","@id":"https:\/\/www.ipim.gov.mo\/pt-pt\/noticias-do-ipim\/2023-10-12-expansao-de-oportunidades-de-negocio-ilimitadas-empresas-de-marcas-de-todo-o-mundo-reunem-se-na-exposicao-de-franquia-de-macau-para-explorarem-em-conjunto-mercados-locais-nacionais-e-i\/#primaryimage","url":"https:\/\/www.ipim.gov.mo\/wp-content\/uploads\/2024\/07\/ipim-post-default.jpg","contentUrl":"https:\/\/www.ipim.gov.mo\/wp-content\/uploads\/2024\/07\/ipim-post-default.jpg","width":1024,"height":768},{"@type":"BreadcrumbList","@id":"https:\/\/www.ipim.gov.mo\/pt-pt\/noticias-do-ipim\/2023-10-12-expansao-de-oportunidades-de-negocio-ilimitadas-empresas-de-marcas-de-todo-o-mundo-reunem-se-na-exposicao-de-franquia-de-macau-para-explorarem-em-conjunto-mercados-locais-nacionais-e-i\/#breadcrumb","itemListElement":[{"@type":"ListItem","position":1,"name":"Home","item":"https:\/\/www.ipim.gov.mo\/pt-pt\/"},{"@type":"ListItem","position":2,"name":"[2023\/10\/12] [Expans\u00e3o de oportunidades de neg\u00f3cio ilimitadas] Empresas de marcas de todo o mundo re\u00fanem-se na Exposi\u00e7\u00e3o de Franquia de Macau para explorarem em conjunto mercados locais, nacionais e internacionais"}]},{"@type":"WebSite","@id":"https:\/\/www.ipim.gov.mo\/zh-hans\/#website","url":"https:\/\/www.ipim.gov.mo\/zh-hans\/","name":"Commerce and Investment Promotion Institute","description":"Commerce and Investment Promotion Institute","publisher":{"@id":"https:\/\/www.ipim.gov.mo\/zh-hans\/#organization"},"potentialAction":[{"@type":"SearchAction","target":{"@type":"EntryPoint","urlTemplate":"https:\/\/www.ipim.gov.mo\/zh-hans\/?s={search_term_string}"},"query-input":{"@type":"PropertyValueSpecification","valueRequired":true,"valueName":"search_term_string"}}],"inLanguage":"pt-PT"},{"@type":"Organization","@id":"https:\/\/www.ipim.gov.mo\/zh-hans\/#organization","name":"IPIM","url":"https:\/\/www.ipim.gov.mo\/zh-hans\/","logo":{"@type":"ImageObject","inLanguage":"pt-PT","@id":"https:\/\/www.ipim.gov.mo\/zh-hans\/#\/schema\/logo\/image\/","url":"https:\/\/www.ipim.gov.mo\/wp-content\/uploads\/2022\/10\/default-post-thumbnail-ipim-logo.png","contentUrl":"https:\/\/www.ipim.gov.mo\/wp-content\/uploads\/2022\/10\/default-post-thumbnail-ipim-logo.png","width":1024,"height":768,"caption":"IPIM"},"image":{"@id":"https:\/\/www.ipim.gov.mo\/zh-hans\/#\/schema\/logo\/image\/"}}]}},"author_meta":{"display_name":"admin","author_link":"https:\/\/www.ipim.gov.mo\/pt-pt\/author\/admin\/"},"featured_img":"https:\/\/www.ipim.gov.mo\/wp-content\/uploads\/2024\/07\/ipim-post-default-300x225.jpg","coauthors":[],"tax_additional":{"categories":{"linked":["<a href=\"https:\/\/www.ipim.gov.mo\/pt-pt\/category\/noticias-do-ipim\/\" class=\"advgb-post-tax-term\">Not\u00edcias do IPIM<\/a>"],"unlinked":["<span class=\"advgb-post-tax-term\">Not\u00edcias do IPIM<\/span>"]}},"comment_count":"0","relative_dates":{"created":"Posted 3 years ago","modified":"Updated 3 years ago"},"absolute_dates":{"created":"Posted on Outubro 12, 2023","modified":"Updated on Outubro 12, 2023"},"absolute_dates_time":{"created":"Posted on Outubro 12, 2023 9:50 am","modified":"Updated on Outubro 12, 2023 9:50 am"},"featured_img_caption":"","series_order":"","_links":{"self":[{"href":"https:\/\/www.ipim.gov.mo\/pt-pt\/wp-json\/wp\/v2\/posts\/441602","targetHints":{"allow":["GET"]}}],"collection":[{"href":"https:\/\/www.ipim.gov.mo\/pt-pt\/wp-json\/wp\/v2\/posts"}],"about":[{"href":"https:\/\/www.ipim.gov.mo\/pt-pt\/wp-json\/wp\/v2\/types\/post"}],"author":[{"embeddable":true,"href":"https:\/\/www.ipim.gov.mo\/pt-pt\/wp-json\/wp\/v2\/users\/1"}],"replies":[{"embeddable":true,"href":"https:\/\/www.ipim.gov.mo\/pt-pt\/wp-json\/wp\/v2\/comments?post=441602"}],"version-history":[{"count":0,"href":"https:\/\/www.ipim.gov.mo\/pt-pt\/wp-json\/wp\/v2\/posts\/441602\/revisions"}],"wp:featuredmedia":[{"embeddable":true,"href":"https:\/\/www.ipim.gov.mo\/pt-pt\/wp-json\/wp\/v2\/media\/467868"}],"wp:attachment":[{"href":"https:\/\/www.ipim.gov.mo\/pt-pt\/wp-json\/wp\/v2\/media?parent=441602"}],"wp:term":[{"taxonomy":"category","embeddable":true,"href":"https:\/\/www.ipim.gov.mo\/pt-pt\/wp-json\/wp\/v2\/categories?post=441602"},{"taxonomy":"post_tag","embeddable":true,"href":"https:\/\/www.ipim.gov.mo\/pt-pt\/wp-json\/wp\/v2\/tags?post=441602"}],"curies":[{"name":"wp","href":"https:\/\/api.w.org\/{rel}","templated":true}]}}