{"id":439717,"date":"2023-09-14T22:43:00","date_gmt":"2023-09-14T14:43:00","guid":{"rendered":"https:\/\/www.ipim.gov.mo\/noticias-do-ipim\/2023-09-15-agregacao-de-elites-oriundos-de-20-paises-e-regioes-abertura-da-1-a-conferencia-industrial-e-comercial-para-o-desenvolvimento-da-grande-baia-guangdong-hong-kong-macau\/"},"modified":"2023-09-14T22:43:00","modified_gmt":"2023-09-14T14:43:00","slug":"2023-09-15-agregacao-de-elites-oriundos-de-20-paises-e-regioes-abertura-da-1-a-conferencia-industrial-e-comercial-para-o-desenvolvimento-da-grande-baia-guangdong-hong-kong-macau","status":"publish","type":"post","link":"https:\/\/www.ipim.gov.mo\/pt-pt\/noticias-do-ipim\/2023-09-15-agregacao-de-elites-oriundos-de-20-paises-e-regioes-abertura-da-1-a-conferencia-industrial-e-comercial-para-o-desenvolvimento-da-grande-baia-guangdong-hong-kong-macau\/","title":{"rendered":"[2023\/09\/14] [Agrega\u00e7\u00e3o de Elites oriundos de 20 Pa\u00edses e Regi\u00f5es] Abertura da 1.\u00aa Confer\u00eancia Industrial e Comercial para o Desenvolvimento da Grande Ba\u00eda Guangdong-Hong Kong-Macau"},"content":{"rendered":"<div data-ytembed=\"\">\n<div style=\"width: 2560px;\" class=\"wp-video\"><!--[if lt IE 9]><script>document.createElement('video');<\/script><![endif]-->\n<video class=\"wp-video-shortcode\" id=\"video-439717-1\" width=\"2560\" height=\"1440\" poster=\"https:\/\/www.ipim.gov.mo\/wp-content\/uploads\/2023\/09\/tc_sc.jpg\" preload=\"metadata\" controls=\"controls\"><source type=\"video\/mp4\" src=\"https:\/\/www.ipim.gov.mo\/wp-content\/uploads\/2023\/09\/R-xfyEK7Ut4.mp4?_=1\" \/><a href=\"https:\/\/www.ipim.gov.mo\/wp-content\/uploads\/2023\/09\/R-xfyEK7Ut4.mp4\">https:\/\/www.ipim.gov.mo\/wp-content\/uploads\/2023\/09\/R-xfyEK7Ut4.mp4<\/a><\/video><\/div>\n<p>[Agrega\u00e7\u00e3o de Elites oriundos de 20 Pa\u00edses e Regi\u00f5es] Abertura da 1.\u00aa Confer\u00eancia Industrial e Comercial para o Desenvolvimento da Grande Ba\u00eda Guangdong-Hong Kong-Macau<\/p>\n<\/div>\n<p style=\"text-align: justify;\">Teve in\u00edcio hoje (dia 14) a 1.\u00aa edi\u00e7\u00e3o da \u201cConfer\u00eancia Industrial e Empresarial para o Desenvolvimento da Grande Ba\u00eda Guangdong-Hong Kong-Macau\u201d (doravante designada como Confer\u00eancia Industrial e Empresarial), co-patrocinada pelo Conselho Chin\u00eas para a Promo\u00e7\u00e3o do Com\u00e9rcio Internacional, Governo Popular da Prov\u00edncia de Guangdong e pelos governos das regi\u00f5es administrativas especiais de Hong Kong e de Macau. Aproximadamente 1.000 representantes dos sectores governamental e industrial, especialistas e acad\u00e9micos de mais de 20 pa\u00edses e regi\u00f5es foram convidados para participar da reuni\u00e3o, com o intuito de dar sugest\u00f5es para a constru\u00e7\u00e3o da Grande Ba\u00eda e de promover, em conjunto, um ambiente de neg\u00f3cios prop\u00edcio para as empresas da regi\u00e3o da Grande Ba\u00eda.<\/p>\n<p style=\"text-align: justify;\">A cerim\u00f3nia de abertura contou com discursos, presenciais e gravados, por parte do Vice-Presidente do Comit\u00e9 Nacional da Confer\u00eancia Consultiva Pol\u00edtica do Povo Chin\u00eas, Ho Hau Wah, do Chefe do Executivo da RAEM, Ho Iat Seng, do Chefe do Executivo da RAEHK, John Lee Ka-chiu, do Vice-Secret\u00e1rio Geral do Governo Popular da Prov\u00edncia de Guangdong, Guo Yile, do membro do Partido da Comiss\u00e3o Nacional de Desenvolvimento e Reforma, Guo Lanfeng, e da Vice-Ministra do Com\u00e9rcio, Guo Tingting. A cerim\u00f3nia de abertura foi presidida pelo Presidente do Conselho da China para a Promo\u00e7\u00e3o do Com\u00e9rcio Internacional, Ren Hongbin.<\/p>\n<p style=\"text-align: justify;\"><strong>Desempenhar proactivamente o papel de plataforma de \u201cintrodu\u00e7\u00e3o interna e conex\u00e3o externa\u201d<\/strong><\/p>\n<p style=\"text-align: justify;\">O Chefe do Executivo, Ho Iat Seng, afirmou no seu discurso que Macau est\u00e1 empenhado em trabalhar arduamente para concretizar a decis\u00e3o de posicionar Macau, em termos de desenvolvimento, como \u00abUm Centro, Uma Plataforma e Uma Base\u00bb e promover pragmaticamente a estrat\u00e9gia da diversifica\u00e7\u00e3o adequada da economia \u00ab1+4\u00bb. Referiu que, ao mesmo tempo que se promove a forma\u00e7\u00e3o de uma ind\u00fastria de turismo e lazer integrado excelente, dedicado e forte, impulsiona-se dedicadamente a ind\u00fastria de <em>big health<\/em> de medicina tradicional chinesa, a ind\u00fastria financeira moderna, a ind\u00fastria de tecnologia de ponta e a ind\u00fastria de conven\u00e7\u00f5es, exposi\u00e7\u00f5es e com\u00e9rcio, e de cultura e desporto, enriquecendo a estrutura industrial de Macau, em prol do novo desenvolvimento da Grande Ba\u00eda Guangdong-Hong Kong-Macau. Como uma das principais cidades da Grande Ba\u00eda, Macau \u00e9 dotada das vantagens de ser porto franco, com uma carga fiscal reduzida, uma extensa rede econ\u00f3mica e comercial, a par de um ambiente social harmonioso, pelo que tem desempenhado proactivamente o papel de plataforma de \u201cintrodu\u00e7\u00e3o interna e conex\u00e3o externa\u201d.<\/p>\n<p style=\"text-align: justify;\">Ho Iat Seng afirmou tamb\u00e9m que, no futuro, os governos de Guangdong e Macau refor\u00e7ar\u00e3o a coopera\u00e7\u00e3o para continuar a melhorar o novo sistema de negocia\u00e7\u00e3o, constru\u00e7\u00e3o e administra\u00e7\u00e3o conjuntas e partilha de resultados entre Guangdong e Macau, promovendo vigorosamente a constru\u00e7\u00e3o de alta qualidade da zona de coopera\u00e7\u00e3o aprofundada, com vista a torn\u00e1-la num polo de atrac\u00e7\u00e3o para o desenvolvimento na Grande Ba\u00eda Guangdong-Hong Kong-Macau. A Grande Ba\u00eda Guangdong-Hong Kong-Macau \u00e9 um excelente local para neg\u00f3cios e para viver, com grande potencial de mercado. O Chefe do Executivo disse esperar, sinceramente, que todos os convidados aproveitem para investir, estabelecer neg\u00f3cios, viver e trabalhar na Grande Ba\u00eda. Assim, em conjunto, considera que ir\u00e3o transformar a zona num importante ponto de conex\u00e3o com a nova conjuntura do desenvolvimento nacional da \u201cdupla circula\u00e7\u00e3o\u201d.<\/p>\n<p style=\"text-align: justify;\"><strong>Construir uma plataforma inclusiva de coopera\u00e7\u00e3o e desenvolvimento industrial e comercial na Grande Ba\u00eda atrav\u00e9s de medidas variadas<\/strong><\/p>\n<p style=\"text-align: justify;\">A Confer\u00eancia Industrial e Empresarial teve como tema \u201cGrande Ba\u00eda, Grande Estrat\u00e9gia, Grande Interc\u00e2mbio e Grande Desenvolvimento\u201d. Durante a cerim\u00f3nia de abertura, o Presidente do Conselho da China para a Promo\u00e7\u00e3o do Com\u00e9rcio Internacional, Ren Hongbin aproveitou para divulgar a Iniciativa de Macau para a Promo\u00e7\u00e3o da Coopera\u00e7\u00e3o Industrial e Comercial Internacional na Grande Ba\u00eda Guangdong-Hong Kong-Macau. Foi tamb\u00e9m realizada a cerim\u00f3nia de descerramento da placa do Centro de Arbitragem da Grande Ba\u00eda da Comiss\u00e3o de Arbitragem Mar\u00edtima da China (Sucursal do Sul da China). O Centro \u00e9 estabelecido pela Comiss\u00e3o de Arbitragem Mar\u00edtima da China na cidade de Guangzhou em Guangdong para servir a prov\u00edncia e a Grande Ba\u00eda em mat\u00e9ria de servi\u00e7os jur\u00eddicos e melhorar o ambiente de com\u00e9rcio externo, assim como para contribuir para a constru\u00e7\u00e3o da Grande Ba\u00eda e para o papel do pa\u00eds como pot\u00eancia mar\u00edtima.<\/p>\n<p style=\"text-align: justify;\">Ap\u00f3s a cerim\u00f3nia de abertura, realizou-se uma sess\u00e3o plen\u00e1ria subordinada ao tema \u201cConstru\u00e7\u00e3o Conjunta da Grande Ba\u00eda Guangdong-Hong Kong-Macau e Promo\u00e7\u00e3o Conjunta da Economia Mundial Aberta\u201d, durante a qual os oradores principais apresentaram as suas opini\u00f5es e sugest\u00f5es sobre um conjunto de quest\u00f5es prementes, nomeadamente o desenvolvimento industrial, as oportunidades de investimento e a necessidade de quadros qualificados na regi\u00e3o da Grande Ba\u00eda.<\/p>\n<p style=\"text-align: justify;\">Na tarde do mesmo dia, foram realizadas quatro sess\u00f5es de semin\u00e1rios tem\u00e1ticos paralelos, subordinados respectivamente aos seguintes temas: \u201cDesenvolvimento da Ind\u00fastria de Inova\u00e7\u00e3o e de Tecnologia com Economia Digital\u201d, \u201cContribui\u00e7\u00e3o das Finan\u00e7as Verdes para o Desenvolvimento Sustent\u00e1vel da Grande Ba\u00eda\u201d, \u201cSeguir Regras Econ\u00f3micas e Comerciais de Alto Padr\u00e3o Internacional para Promover a Integra\u00e7\u00e3o do Mercado\u201d e \u201cInovar o Desenvolvimento das Ind\u00fastrias de Cultura, Turismo, Conven\u00e7\u00f5es e Exposi\u00e7\u00f5es para Partilhar uma Grande Ba\u00eda Human\u00edstica\u201d. Os oradores principais discutiram oportunidades comuns de desenvolvimento na Grande da Ba\u00eda e abordaram temas relevantes para os c\u00edrculos empresariais chineses e estrangeiros, como economia digital, finan\u00e7as verdes e conectividade.<\/p>\n<p style=\"text-align: justify;\">Os participantes afirmaram que o evento contribuiu para um melhor conhecimento do estado de desenvolvimento da Grande Ba\u00eda e a constitui uma plataforma de interc\u00e2mbio e coopera\u00e7\u00e3o que permite aos c\u00edrculos empresariais nacionais e estrangeiros participar na constru\u00e7\u00e3o da regi\u00e3o. Al\u00e9m disso, o facto de esta primeira edi\u00e7\u00e3o ter ocorrido em Macau permitiu \u00e0 comunidade empresarial internacional compreender melhor as caracter\u00edsticas e vantagens do territ\u00f3rio, da\u00ed derivando potenciais oportunidades de coopera\u00e7\u00e3o para o desenvolvimento moderadamente diversificado da economia de Macau e para as empresas de Guangdong, Hong Kong e Macau.<\/p>\n<p style=\"text-align: justify;\">A Confer\u00eancia Industrial e Empresarial realizar\u00e1 tamb\u00e9m amanh\u00e3 (dia 15) sess\u00f5es de promo\u00e7\u00e3o das cidades da Grande Ba\u00eda, em que Guangdong, Hong Kong e Macau apresentar\u00e3o respectivamente o seu ambiente comercial e as suas vantagens, e realizar\u00e3o bolsas de contactos. A entidade organizadora ir\u00e1 proporcionar aos participantes visitas, respectivamente, \u00e0 Zona de Coopera\u00e7\u00e3o Aprofundada entre Guangdong e Macau em Hengqin, aos Parques de Ci\u00eancia e Tecnologia de Hong Kong e \u00e0 Zona de Demonstra\u00e7\u00e3o de Coopera\u00e7\u00e3o Abrangente entre Guangdong, Hong Kong e Macau em Nansha Guangzhou, e tamb\u00e9m disponibilizar\u00e1 visitas guiadas aos bairros comunit\u00e1rios de Macau.<\/p>\n<div class=\"wp-caption alignnone\"><a href=\"https:\/\/www.gcs.gov.mo\/news\/p\/P23INzhNDH\/l\" data-component=\"Popup\" data-fancybox=\"gallery\" data-caption=\"Abertura da 1.\u00aa \u201cConfer\u00eancia Industrial e Empresarial para o Desenvolvimento da Grande Ba\u00eda Guangdong-Hong Kong-Macau\u201d\" data-type=\"image\"><br \/>\n<img decoding=\"async\" class=\"size-large\" title=\"Abertura da 1.\u00aa \u201cConfer\u00eancia Industrial e Empresarial para o Desenvolvimento da Grande Ba\u00eda Guangdong-Hong Kong-Macau\u201d\" src=\"https:\/\/www.gcs.gov.mo\/news\/p\/P23INzhNDH\/l\" alt=\"Abertura da 1.\u00aa \u201cConfer\u00eancia Industrial e Empresarial para o Desenvolvimento da Grande Ba\u00eda Guangdong-Hong Kong-Macau\u201d\" width=\"1024\" \/><br \/>\n<\/a><\/p>\n<p class=\"wp-caption-text\">Abertura da 1.\u00aa \u201cConfer\u00eancia Industrial e Empresarial para o Desenvolvimento da Grande Ba\u00eda Guangdong-Hong Kong-Macau\u201d<\/p>\n<\/div>\n<div class=\"wp-caption alignnone\"><a href=\"https:\/\/www.gcs.gov.mo\/news\/p\/P23IN6ddBF\/l\" data-component=\"Popup\" data-fancybox=\"gallery\" data-caption=\"Foram convidados cerca de 1.000 representantes dos sectores governamental e industrial, especialistas e acad\u00e9micos de mais de 20 pa\u00edses e regi\u00f5es\" data-type=\"image\"><br \/>\n<img decoding=\"async\" class=\"size-large\" title=\"Foram convidados cerca de 1.000 representantes dos sectores governamental e industrial, especialistas e acad\u00e9micos de mais de 20 pa\u00edses e regi\u00f5es\" src=\"https:\/\/www.gcs.gov.mo\/news\/p\/P23IN6ddBF\/l\" alt=\"Foram convidados cerca de 1.000 representantes dos sectores governamental e industrial, especialistas e acad\u00e9micos de mais de 20 pa\u00edses e regi\u00f5es\" width=\"1024\" \/><br \/>\n<\/a><\/p>\n<p class=\"wp-caption-text\">Foram convidados cerca de 1.000 representantes dos sectores governamental e industrial, especialistas e acad\u00e9micos de mais de 20 pa\u00edses e regi\u00f5es<\/p>\n<\/div>\n<div class=\"wp-caption alignnone\"><a href=\"https:\/\/www.gcs.gov.mo\/news\/p\/P23INxLdU2\/l\" data-component=\"Popup\" data-fancybox=\"gallery\" data-caption=\"Sess\u00e3o plen\u00e1ria subordinada ao tema \u201cConstru\u00e7\u00e3o Conjunta da Grande Ba\u00eda Guangdong-Hong Kong-Macau e Promo\u00e7\u00e3o Conjunta da Economia Mundial Aberta\u201d\" data-type=\"image\"><br \/>\n<img decoding=\"async\" class=\"size-large\" title=\"Sess\u00e3o plen\u00e1ria subordinada ao tema \u201cConstru\u00e7\u00e3o Conjunta da Grande Ba\u00eda Guangdong-Hong Kong-Macau e Promo\u00e7\u00e3o Conjunta da Economia Mundial Aberta\u201d\" src=\"https:\/\/www.gcs.gov.mo\/news\/p\/P23INxLdU2\/l\" alt=\"Sess\u00e3o plen\u00e1ria subordinada ao tema \u201cConstru\u00e7\u00e3o Conjunta da Grande Ba\u00eda Guangdong-Hong Kong-Macau e Promo\u00e7\u00e3o Conjunta da Economia Mundial Aberta\u201d\" width=\"1024\" \/><br \/>\n<\/a><\/p>\n<p class=\"wp-caption-text\">Sess\u00e3o plen\u00e1ria subordinada ao tema \u201cConstru\u00e7\u00e3o Conjunta da Grande Ba\u00eda Guangdong-Hong Kong-Macau e Promo\u00e7\u00e3o Conjunta da Economia Mundial Aberta\u201d<\/p>\n<\/div>\n<div class=\"wp-caption alignnone\"><a href=\"https:\/\/www.gcs.gov.mo\/news\/p\/P23INHppCU\/l\" data-component=\"Popup\" data-fancybox=\"gallery\" data-caption=\"Foram realizadas quatro sess\u00f5es de semin\u00e1rios tem\u00e1ticos paralelos\" data-type=\"image\"><br \/>\n<img decoding=\"async\" class=\"size-large\" title=\"Foram realizadas quatro sess\u00f5es de semin\u00e1rios tem\u00e1ticos paralelos\" src=\"https:\/\/www.gcs.gov.mo\/news\/p\/P23INHppCU\/l\" alt=\"Foram realizadas quatro sess\u00f5es de semin\u00e1rios tem\u00e1ticos paralelos\" width=\"1024\" \/><br \/>\n<\/a><\/p>\n<p class=\"wp-caption-text\">Foram realizadas quatro sess\u00f5es de semin\u00e1rios tem\u00e1ticos paralelos<\/p>\n<\/div>\n","protected":false},"excerpt":{"rendered":"<p>[Agrega\u00e7\u00e3o de Elites oriundos de 20 Pa\u00edses e Regi\u00f5es] Abertura da 1.\u00aa Confer\u00eancia Industrial e Comercial para o Desenvolvimento da Grande Ba\u00eda Guangdong-Hong Kong-Macau Teve [&hellip;]<\/p>\n","protected":false},"author":1,"featured_media":467868,"comment_status":"closed","ping_status":"closed","sticky":false,"template":"","format":"standard","meta":{"_acf_changed":false,"inline_featured_image":false,"advgb_blocks_editor_width":"","advgb_blocks_columns_visual_guide":"","footnotes":""},"categories":[12],"tags":[],"class_list":["post-439717","post","type-post","status-publish","format-standard","has-post-thumbnail","hentry","category-noticias-do-ipim"],"acf":[],"yoast_head":"<!-- This site is optimized with the Yoast SEO plugin v26.2 - https:\/\/yoast.com\/wordpress\/plugins\/seo\/ -->\r\n<title>[2023\/09\/14] [Agrega\u00e7\u00e3o de Elites oriundos de 20 Pa\u00edses e Regi\u00f5es] Abertura da 1.\u00aa Confer\u00eancia Industrial e Comercial para o Desenvolvimento da Grande Ba\u00eda Guangdong-Hong Kong-Macau | Commerce and Investment Promotion Institute<\/title>\r\n<meta name=\"robots\" content=\"index, follow, max-snippet:-1, max-image-preview:large, max-video-preview:-1\" \/>\r\n<link rel=\"canonical\" href=\"https:\/\/www.ipim.gov.mo\/pt-pt\/noticias-do-ipim\/2023-09-15-agregacao-de-elites-oriundos-de-20-paises-e-regioes-abertura-da-1-a-conferencia-industrial-e-comercial-para-o-desenvolvimento-da-grande-baia-guangdong-hong-kong-macau\/\" \/>\r\n<meta property=\"og:locale\" content=\"pt_PT\" \/>\r\n<meta property=\"og:type\" content=\"article\" \/>\r\n<meta property=\"og:title\" content=\"[2023\/09\/14] [Agrega\u00e7\u00e3o de Elites oriundos de 20 Pa\u00edses e Regi\u00f5es] Abertura da 1.\u00aa Confer\u00eancia Industrial e Comercial para o Desenvolvimento da Grande Ba\u00eda Guangdong-Hong Kong-Macau | Commerce and Investment Promotion Institute\" \/>\r\n<meta property=\"og:description\" content=\"[Agrega\u00e7\u00e3o de Elites oriundos de 20 Pa\u00edses e Regi\u00f5es] Abertura da 1.\u00aa Confer\u00eancia Industrial e Comercial para o Desenvolvimento da Grande Ba\u00eda Guangdong-Hong Kong-Macau Teve [&hellip;]\" \/>\r\n<meta property=\"og:url\" content=\"https:\/\/www.ipim.gov.mo\/pt-pt\/noticias-do-ipim\/2023-09-15-agregacao-de-elites-oriundos-de-20-paises-e-regioes-abertura-da-1-a-conferencia-industrial-e-comercial-para-o-desenvolvimento-da-grande-baia-guangdong-hong-kong-macau\/\" \/>\r\n<meta property=\"og:site_name\" content=\"Commerce and Investment Promotion Institute\" \/>\r\n<meta property=\"article:published_time\" content=\"2023-09-14T14:43:00+00:00\" \/>\r\n<meta property=\"og:image\" content=\"https:\/\/www.ipim.gov.mo\/wp-content\/uploads\/2024\/07\/ipim-post-default.jpg\" \/>\r\n\t<meta property=\"og:image:width\" content=\"1024\" \/>\r\n\t<meta property=\"og:image:height\" content=\"768\" \/>\r\n\t<meta property=\"og:image:type\" content=\"image\/jpeg\" \/>\r\n<meta name=\"author\" content=\"admin\" \/>\r\n<meta name=\"twitter:card\" content=\"summary_large_image\" \/>\r\n<meta name=\"twitter:label1\" content=\"Written by\" \/>\n\t<meta name=\"twitter:data1\" content=\"admin\" \/>\n\t<meta name=\"twitter:label2\" content=\"Est. reading time\" \/>\n\t<meta name=\"twitter:data2\" content=\"7 minutes\" \/>\r\n<script type=\"application\/ld+json\" class=\"yoast-schema-graph\">{\"@context\":\"https:\/\/schema.org\",\"@graph\":[{\"@type\":\"WebPage\",\"@id\":\"https:\/\/www.ipim.gov.mo\/pt-pt\/noticias-do-ipim\/2023-09-15-agregacao-de-elites-oriundos-de-20-paises-e-regioes-abertura-da-1-a-conferencia-industrial-e-comercial-para-o-desenvolvimento-da-grande-baia-guangdong-hong-kong-macau\/\",\"url\":\"https:\/\/www.ipim.gov.mo\/pt-pt\/noticias-do-ipim\/2023-09-15-agregacao-de-elites-oriundos-de-20-paises-e-regioes-abertura-da-1-a-conferencia-industrial-e-comercial-para-o-desenvolvimento-da-grande-baia-guangdong-hong-kong-macau\/\",\"name\":\"[2023\/09\/14] [Agrega\u00e7\u00e3o de Elites oriundos de 20 Pa\u00edses e Regi\u00f5es] Abertura da 1.\u00aa Confer\u00eancia Industrial e Comercial para o Desenvolvimento da Grande Ba\u00eda Guangdong-Hong Kong-Macau | Commerce and Investment Promotion Institute\",\"isPartOf\":{\"@id\":\"https:\/\/www.ipim.gov.mo\/zh-hans\/#website\"},\"primaryImageOfPage\":{\"@id\":\"https:\/\/www.ipim.gov.mo\/pt-pt\/noticias-do-ipim\/2023-09-15-agregacao-de-elites-oriundos-de-20-paises-e-regioes-abertura-da-1-a-conferencia-industrial-e-comercial-para-o-desenvolvimento-da-grande-baia-guangdong-hong-kong-macau\/#primaryimage\"},\"image\":{\"@id\":\"https:\/\/www.ipim.gov.mo\/pt-pt\/noticias-do-ipim\/2023-09-15-agregacao-de-elites-oriundos-de-20-paises-e-regioes-abertura-da-1-a-conferencia-industrial-e-comercial-para-o-desenvolvimento-da-grande-baia-guangdong-hong-kong-macau\/#primaryimage\"},\"thumbnailUrl\":\"https:\/\/www.ipim.gov.mo\/wp-content\/uploads\/2024\/07\/ipim-post-default.jpg\",\"datePublished\":\"2023-09-14T14:43:00+00:00\",\"breadcrumb\":{\"@id\":\"https:\/\/www.ipim.gov.mo\/pt-pt\/noticias-do-ipim\/2023-09-15-agregacao-de-elites-oriundos-de-20-paises-e-regioes-abertura-da-1-a-conferencia-industrial-e-comercial-para-o-desenvolvimento-da-grande-baia-guangdong-hong-kong-macau\/#breadcrumb\"},\"inLanguage\":\"pt-PT\",\"potentialAction\":[{\"@type\":\"ReadAction\",\"target\":[\"https:\/\/www.ipim.gov.mo\/pt-pt\/noticias-do-ipim\/2023-09-15-agregacao-de-elites-oriundos-de-20-paises-e-regioes-abertura-da-1-a-conferencia-industrial-e-comercial-para-o-desenvolvimento-da-grande-baia-guangdong-hong-kong-macau\/\"]}]},{\"@type\":\"ImageObject\",\"inLanguage\":\"pt-PT\",\"@id\":\"https:\/\/www.ipim.gov.mo\/pt-pt\/noticias-do-ipim\/2023-09-15-agregacao-de-elites-oriundos-de-20-paises-e-regioes-abertura-da-1-a-conferencia-industrial-e-comercial-para-o-desenvolvimento-da-grande-baia-guangdong-hong-kong-macau\/#primaryimage\",\"url\":\"https:\/\/www.ipim.gov.mo\/wp-content\/uploads\/2024\/07\/ipim-post-default.jpg\",\"contentUrl\":\"https:\/\/www.ipim.gov.mo\/wp-content\/uploads\/2024\/07\/ipim-post-default.jpg\",\"width\":1024,\"height\":768},{\"@type\":\"BreadcrumbList\",\"@id\":\"https:\/\/www.ipim.gov.mo\/pt-pt\/noticias-do-ipim\/2023-09-15-agregacao-de-elites-oriundos-de-20-paises-e-regioes-abertura-da-1-a-conferencia-industrial-e-comercial-para-o-desenvolvimento-da-grande-baia-guangdong-hong-kong-macau\/#breadcrumb\",\"itemListElement\":[{\"@type\":\"ListItem\",\"position\":1,\"name\":\"Home\",\"item\":\"https:\/\/www.ipim.gov.mo\/pt-pt\/\"},{\"@type\":\"ListItem\",\"position\":2,\"name\":\"[2023\/09\/14] [Agrega\u00e7\u00e3o de Elites oriundos de 20 Pa\u00edses e Regi\u00f5es] Abertura da 1.\u00aa Confer\u00eancia Industrial e Comercial para o Desenvolvimento da Grande Ba\u00eda Guangdong-Hong Kong-Macau\"}]},{\"@type\":\"WebSite\",\"@id\":\"https:\/\/www.ipim.gov.mo\/zh-hans\/#website\",\"url\":\"https:\/\/www.ipim.gov.mo\/zh-hans\/\",\"name\":\"Commerce and Investment Promotion Institute\",\"description\":\"Commerce and Investment Promotion Institute\",\"publisher\":{\"@id\":\"https:\/\/www.ipim.gov.mo\/zh-hans\/#organization\"},\"potentialAction\":[{\"@type\":\"SearchAction\",\"target\":{\"@type\":\"EntryPoint\",\"urlTemplate\":\"https:\/\/www.ipim.gov.mo\/zh-hans\/?s={search_term_string}\"},\"query-input\":{\"@type\":\"PropertyValueSpecification\",\"valueRequired\":true,\"valueName\":\"search_term_string\"}}],\"inLanguage\":\"pt-PT\"},{\"@type\":\"Organization\",\"@id\":\"https:\/\/www.ipim.gov.mo\/zh-hans\/#organization\",\"name\":\"IPIM\",\"url\":\"https:\/\/www.ipim.gov.mo\/zh-hans\/\",\"logo\":{\"@type\":\"ImageObject\",\"inLanguage\":\"pt-PT\",\"@id\":\"https:\/\/www.ipim.gov.mo\/zh-hans\/#\/schema\/logo\/image\/\",\"url\":\"https:\/\/www.ipim.gov.mo\/wp-content\/uploads\/2022\/10\/default-post-thumbnail-ipim-logo.png\",\"contentUrl\":\"https:\/\/www.ipim.gov.mo\/wp-content\/uploads\/2022\/10\/default-post-thumbnail-ipim-logo.png\",\"width\":1024,\"height\":768,\"caption\":\"IPIM\"},\"image\":{\"@id\":\"https:\/\/www.ipim.gov.mo\/zh-hans\/#\/schema\/logo\/image\/\"}}]}<\/script>\r\n<!-- \/ Yoast SEO plugin. -->","yoast_head_json":{"title":"[2023\/09\/14] [Agrega\u00e7\u00e3o de Elites oriundos de 20 Pa\u00edses e Regi\u00f5es] Abertura da 1.\u00aa Confer\u00eancia Industrial e Comercial para o Desenvolvimento da Grande Ba\u00eda Guangdong-Hong Kong-Macau | Commerce and Investment Promotion Institute","robots":{"index":"index","follow":"follow","max-snippet":"max-snippet:-1","max-image-preview":"max-image-preview:large","max-video-preview":"max-video-preview:-1"},"canonical":"https:\/\/www.ipim.gov.mo\/pt-pt\/noticias-do-ipim\/2023-09-15-agregacao-de-elites-oriundos-de-20-paises-e-regioes-abertura-da-1-a-conferencia-industrial-e-comercial-para-o-desenvolvimento-da-grande-baia-guangdong-hong-kong-macau\/","og_locale":"pt_PT","og_type":"article","og_title":"[2023\/09\/14] [Agrega\u00e7\u00e3o de Elites oriundos de 20 Pa\u00edses e Regi\u00f5es] Abertura da 1.\u00aa Confer\u00eancia Industrial e Comercial para o Desenvolvimento da Grande Ba\u00eda Guangdong-Hong Kong-Macau | Commerce and Investment Promotion Institute","og_description":"[Agrega\u00e7\u00e3o de Elites oriundos de 20 Pa\u00edses e Regi\u00f5es] Abertura da 1.\u00aa Confer\u00eancia Industrial e Comercial para o Desenvolvimento da Grande Ba\u00eda Guangdong-Hong Kong-Macau Teve [&hellip;]","og_url":"https:\/\/www.ipim.gov.mo\/pt-pt\/noticias-do-ipim\/2023-09-15-agregacao-de-elites-oriundos-de-20-paises-e-regioes-abertura-da-1-a-conferencia-industrial-e-comercial-para-o-desenvolvimento-da-grande-baia-guangdong-hong-kong-macau\/","og_site_name":"Commerce and Investment Promotion Institute","article_published_time":"2023-09-14T14:43:00+00:00","og_image":[{"width":1024,"height":768,"url":"https:\/\/www.ipim.gov.mo\/wp-content\/uploads\/2024\/07\/ipim-post-default.jpg","type":"image\/jpeg"}],"author":"admin","twitter_card":"summary_large_image","twitter_misc":{"Written by":"admin","Est. reading time":"7 minutes"},"schema":{"@context":"https:\/\/schema.org","@graph":[{"@type":"WebPage","@id":"https:\/\/www.ipim.gov.mo\/pt-pt\/noticias-do-ipim\/2023-09-15-agregacao-de-elites-oriundos-de-20-paises-e-regioes-abertura-da-1-a-conferencia-industrial-e-comercial-para-o-desenvolvimento-da-grande-baia-guangdong-hong-kong-macau\/","url":"https:\/\/www.ipim.gov.mo\/pt-pt\/noticias-do-ipim\/2023-09-15-agregacao-de-elites-oriundos-de-20-paises-e-regioes-abertura-da-1-a-conferencia-industrial-e-comercial-para-o-desenvolvimento-da-grande-baia-guangdong-hong-kong-macau\/","name":"[2023\/09\/14] [Agrega\u00e7\u00e3o de Elites oriundos de 20 Pa\u00edses e Regi\u00f5es] Abertura da 1.\u00aa Confer\u00eancia Industrial e Comercial para o Desenvolvimento da Grande Ba\u00eda Guangdong-Hong Kong-Macau | Commerce and Investment Promotion Institute","isPartOf":{"@id":"https:\/\/www.ipim.gov.mo\/zh-hans\/#website"},"primaryImageOfPage":{"@id":"https:\/\/www.ipim.gov.mo\/pt-pt\/noticias-do-ipim\/2023-09-15-agregacao-de-elites-oriundos-de-20-paises-e-regioes-abertura-da-1-a-conferencia-industrial-e-comercial-para-o-desenvolvimento-da-grande-baia-guangdong-hong-kong-macau\/#primaryimage"},"image":{"@id":"https:\/\/www.ipim.gov.mo\/pt-pt\/noticias-do-ipim\/2023-09-15-agregacao-de-elites-oriundos-de-20-paises-e-regioes-abertura-da-1-a-conferencia-industrial-e-comercial-para-o-desenvolvimento-da-grande-baia-guangdong-hong-kong-macau\/#primaryimage"},"thumbnailUrl":"https:\/\/www.ipim.gov.mo\/wp-content\/uploads\/2024\/07\/ipim-post-default.jpg","datePublished":"2023-09-14T14:43:00+00:00","breadcrumb":{"@id":"https:\/\/www.ipim.gov.mo\/pt-pt\/noticias-do-ipim\/2023-09-15-agregacao-de-elites-oriundos-de-20-paises-e-regioes-abertura-da-1-a-conferencia-industrial-e-comercial-para-o-desenvolvimento-da-grande-baia-guangdong-hong-kong-macau\/#breadcrumb"},"inLanguage":"pt-PT","potentialAction":[{"@type":"ReadAction","target":["https:\/\/www.ipim.gov.mo\/pt-pt\/noticias-do-ipim\/2023-09-15-agregacao-de-elites-oriundos-de-20-paises-e-regioes-abertura-da-1-a-conferencia-industrial-e-comercial-para-o-desenvolvimento-da-grande-baia-guangdong-hong-kong-macau\/"]}]},{"@type":"ImageObject","inLanguage":"pt-PT","@id":"https:\/\/www.ipim.gov.mo\/pt-pt\/noticias-do-ipim\/2023-09-15-agregacao-de-elites-oriundos-de-20-paises-e-regioes-abertura-da-1-a-conferencia-industrial-e-comercial-para-o-desenvolvimento-da-grande-baia-guangdong-hong-kong-macau\/#primaryimage","url":"https:\/\/www.ipim.gov.mo\/wp-content\/uploads\/2024\/07\/ipim-post-default.jpg","contentUrl":"https:\/\/www.ipim.gov.mo\/wp-content\/uploads\/2024\/07\/ipim-post-default.jpg","width":1024,"height":768},{"@type":"BreadcrumbList","@id":"https:\/\/www.ipim.gov.mo\/pt-pt\/noticias-do-ipim\/2023-09-15-agregacao-de-elites-oriundos-de-20-paises-e-regioes-abertura-da-1-a-conferencia-industrial-e-comercial-para-o-desenvolvimento-da-grande-baia-guangdong-hong-kong-macau\/#breadcrumb","itemListElement":[{"@type":"ListItem","position":1,"name":"Home","item":"https:\/\/www.ipim.gov.mo\/pt-pt\/"},{"@type":"ListItem","position":2,"name":"[2023\/09\/14] [Agrega\u00e7\u00e3o de Elites oriundos de 20 Pa\u00edses e Regi\u00f5es] Abertura da 1.\u00aa Confer\u00eancia Industrial e Comercial para o Desenvolvimento da Grande Ba\u00eda Guangdong-Hong Kong-Macau"}]},{"@type":"WebSite","@id":"https:\/\/www.ipim.gov.mo\/zh-hans\/#website","url":"https:\/\/www.ipim.gov.mo\/zh-hans\/","name":"Commerce and Investment Promotion Institute","description":"Commerce and Investment Promotion Institute","publisher":{"@id":"https:\/\/www.ipim.gov.mo\/zh-hans\/#organization"},"potentialAction":[{"@type":"SearchAction","target":{"@type":"EntryPoint","urlTemplate":"https:\/\/www.ipim.gov.mo\/zh-hans\/?s={search_term_string}"},"query-input":{"@type":"PropertyValueSpecification","valueRequired":true,"valueName":"search_term_string"}}],"inLanguage":"pt-PT"},{"@type":"Organization","@id":"https:\/\/www.ipim.gov.mo\/zh-hans\/#organization","name":"IPIM","url":"https:\/\/www.ipim.gov.mo\/zh-hans\/","logo":{"@type":"ImageObject","inLanguage":"pt-PT","@id":"https:\/\/www.ipim.gov.mo\/zh-hans\/#\/schema\/logo\/image\/","url":"https:\/\/www.ipim.gov.mo\/wp-content\/uploads\/2022\/10\/default-post-thumbnail-ipim-logo.png","contentUrl":"https:\/\/www.ipim.gov.mo\/wp-content\/uploads\/2022\/10\/default-post-thumbnail-ipim-logo.png","width":1024,"height":768,"caption":"IPIM"},"image":{"@id":"https:\/\/www.ipim.gov.mo\/zh-hans\/#\/schema\/logo\/image\/"}}]}},"author_meta":{"display_name":"admin","author_link":"https:\/\/www.ipim.gov.mo\/pt-pt\/author\/admin\/"},"featured_img":"https:\/\/www.ipim.gov.mo\/wp-content\/uploads\/2024\/07\/ipim-post-default-300x225.jpg","coauthors":[],"tax_additional":{"categories":{"linked":["<a href=\"https:\/\/www.ipim.gov.mo\/pt-pt\/category\/noticias-do-ipim\/\" class=\"advgb-post-tax-term\">Not\u00edcias do IPIM<\/a>"],"unlinked":["<span class=\"advgb-post-tax-term\">Not\u00edcias do IPIM<\/span>"]}},"comment_count":"0","relative_dates":{"created":"Posted 3 years ago","modified":"Updated 3 years ago"},"absolute_dates":{"created":"Posted on Setembro 14, 2023","modified":"Updated on Setembro 14, 2023"},"absolute_dates_time":{"created":"Posted on Setembro 14, 2023 10:43 pm","modified":"Updated on Setembro 14, 2023 10:43 pm"},"featured_img_caption":"","series_order":"","_links":{"self":[{"href":"https:\/\/www.ipim.gov.mo\/pt-pt\/wp-json\/wp\/v2\/posts\/439717","targetHints":{"allow":["GET"]}}],"collection":[{"href":"https:\/\/www.ipim.gov.mo\/pt-pt\/wp-json\/wp\/v2\/posts"}],"about":[{"href":"https:\/\/www.ipim.gov.mo\/pt-pt\/wp-json\/wp\/v2\/types\/post"}],"author":[{"embeddable":true,"href":"https:\/\/www.ipim.gov.mo\/pt-pt\/wp-json\/wp\/v2\/users\/1"}],"replies":[{"embeddable":true,"href":"https:\/\/www.ipim.gov.mo\/pt-pt\/wp-json\/wp\/v2\/comments?post=439717"}],"version-history":[{"count":0,"href":"https:\/\/www.ipim.gov.mo\/pt-pt\/wp-json\/wp\/v2\/posts\/439717\/revisions"}],"wp:featuredmedia":[{"embeddable":true,"href":"https:\/\/www.ipim.gov.mo\/pt-pt\/wp-json\/wp\/v2\/media\/467868"}],"wp:attachment":[{"href":"https:\/\/www.ipim.gov.mo\/pt-pt\/wp-json\/wp\/v2\/media?parent=439717"}],"wp:term":[{"taxonomy":"category","embeddable":true,"href":"https:\/\/www.ipim.gov.mo\/pt-pt\/wp-json\/wp\/v2\/categories?post=439717"},{"taxonomy":"post_tag","embeddable":true,"href":"https:\/\/www.ipim.gov.mo\/pt-pt\/wp-json\/wp\/v2\/tags?post=439717"}],"curies":[{"name":"wp","href":"https:\/\/api.w.org\/{rel}","templated":true}]}}