{"id":439698,"date":"2023-09-15T10:30:00","date_gmt":"2023-09-15T02:30:00","guid":{"rendered":"https:\/\/www.ipim.gov.mo\/noticias-do-ipim\/2023-09-15-reserva-de-profissionais-de-convencoes-e-exposicoes-mais-de-30-gestores-de-exposicoes-registados-em-macau\/"},"modified":"2023-09-15T10:30:00","modified_gmt":"2023-09-15T02:30:00","slug":"2023-09-15-reserva-de-profissionais-de-convencoes-e-exposicoes-mais-de-30-gestores-de-exposicoes-registados-em-macau","status":"publish","type":"post","link":"https:\/\/www.ipim.gov.mo\/pt-pt\/noticias-do-ipim\/2023-09-15-reserva-de-profissionais-de-convencoes-e-exposicoes-mais-de-30-gestores-de-exposicoes-registados-em-macau\/","title":{"rendered":"[2023\/09\/15] [Reserva de profissionais de conven\u00e7\u00f5es e exposi\u00e7\u00f5es] Mais de 30 gestores de exposi\u00e7\u00f5es registados em Macau"},"content":{"rendered":"<p style=\"text-align:justify\">Terminou no in&iacute;cio de Setembro o 34.&ordm; Curso de Certificado em Gest&atilde;o de Exposi&ccedil;&otilde;es (CEM) da China, tendo mais de 30 participantes obtido com sucesso os seus certificados. Macau &eacute; uma das cidades da China com maior n&uacute;mero de pessoas formadas em gest&atilde;o de exposi&ccedil;&otilde;es, tendo formado at&eacute; &agrave; data 280 gestores locais.<\/p>\n<p style=\"text-align:justify\">O Curso de Certificado em Gest&atilde;o de Exposi&ccedil;&otilde;es da China, organizado pelo Conselho Chin&ecirc;s para a Promo&ccedil;&atilde;o do Com&eacute;rcio Internacional e pela Associa&ccedil;&atilde;o Internacional de Exposi&ccedil;&otilde;es e Eventos (IAEE), &eacute; um curso de conven&ccedil;&otilde;es e exposi&ccedil;&otilde;es acreditado internacionalmente, onde gestores experientes do sector partilham o seu conhecimento sobre <em>marketing<\/em>, or&ccedil;amentos, informa&ccedil;&otilde;es, gest&atilde;o de crises, gest&atilde;o operacional, selec&ccedil;&atilde;o e planeamento estrat&eacute;gico, planeamento e organiza&ccedil;&atilde;o, planeamento e escolha de recintos, entre outros aspectos respeitantes &agrave; gest&atilde;o de exposi&ccedil;&otilde;es, de forma a incrementar o conhecimento profissional do sector e a lig&aacute;-lo &agrave; rede internacional de conven&ccedil;&otilde;es e exposi&ccedil;&otilde;es.<\/p>\n<p style=\"text-align:justify\"><strong>Contributo da forma&ccedil;&atilde;o <em>online<\/em> e <em>offline<\/em> na melhoria da qualidade e no desenvolvimento do sector<\/strong><\/p>\n<p style=\"text-align:justify\">O sector de conven&ccedil;&otilde;es e exposi&ccedil;&otilde;es &eacute; um dos quatro sectores-chave previstos na estrat&eacute;gia de desenvolvimento da diversifica&ccedil;&atilde;o adequada de Macau \u201c1+4\u201d, e os recursos humanos s&atilde;o um importante elemento para o seu desenvolvimento sustent&aacute;vel e profissional. O Instituto de Promo&ccedil;&atilde;o do Com&eacute;rcio e do Investimento de Macau (IPIM) sempre se focou na import&acirc;ncia de formar quadros locais de profissionais do sector de conven&ccedil;&otilde;es e exposi&ccedil;&otilde;es. Al&eacute;m de introduzir v&aacute;rios cursos de forma&ccedil;&atilde;o internacionais, em parceria com os membros do sector, o IPIM organiza tamb&eacute;m forma&ccedil;&otilde;es e <em>workshops online<\/em> ligados &agrave; &aacute;rea.<\/p>\n<p style=\"text-align:justify\">O IPIM organizou ac&ccedil;&otilde;es de forma&ccedil;&atilde;o <em>online<\/em> sobre os temas \u201cTend&ecirc;ncias emergentes nas actividades de conven&ccedil;&otilde;es e exposi&ccedil;&otilde;es na Regi&atilde;o &Aacute;sia-Pac&iacute;fico\u201d, \u201cEstrat&eacute;gias competitivas para as actividades de conven&ccedil;&otilde;es e exposi&ccedil;&otilde;es\u201d e \u201cTecnologia de conven&ccedil;&otilde;es e exposi&ccedil;&otilde;es \u2013 O Segredo do <em>Unboxing<\/em>\u201d em Abril, Julho e Setembro do corrente ano, respectivamente. Estas atra&iacute;ram no total cerca de 127 profissionais de conven&ccedil;&otilde;es e exposi&ccedil;&otilde;es e estudantes de institui&ccedil;&otilde;es de ensino superior. Em finais de Junho e princ&iacute;pios de Julho, o IPIM organizou, em parceria com a Direc&ccedil;&atilde;o dos Servi&ccedil;os para os Assuntos Laborais (DSAL), o \u201c<em>Workshop<\/em> de Concep&ccedil;&atilde;o de <em>Stands<\/em>\u201d e o \u201c<em>Workshop<\/em> de Aplica&ccedil;&atilde;o de Tecnologias de Conven&ccedil;&otilde;es e Exposi&ccedil;&otilde;es\u201d, que combinaram conhecimento te&oacute;rico com experi&ecirc;ncias pr&aacute;ticas na ind&uacute;stria, atraindo mais de 100 participantes.<\/p>\n<p style=\"text-align:justify\">Na qualidade de respons&aacute;vel pela promo&ccedil;&atilde;o do desenvolvimento do sector de conven&ccedil;&otilde;es e exposi&ccedil;&otilde;es em Macau, o IPIM continuar&aacute; a introduzir mais tipos de ac&ccedil;&otilde;es de forma&ccedil;&atilde;o internacionalmente acreditadas, de forma a suprir as necessidades dos profissionais da &aacute;rea. Ir&aacute; ainda continuar a organizar regularmente cursos de forma&ccedil;&atilde;o, <em>online<\/em> e <em>offline<\/em>, visando apoiar o crescimento deste sector e de forma a que este possa atingir novos n&iacute;veis de qualidade.<\/p>\n<div class=\"wp-caption alignnone\">\n                <a href=\"https:\/\/www.gcs.gov.mo\/news\/p\/P23INftDmz\/l\" data-component=\"Popup\" data-fancybox=\"gallery\" data-caption=\"Mais de 30 participantes obtiveram com sucesso os seus certificados do Curso de Certificado em Gest\u00e3o de Exposi\u00e7\u00f5es da China\" data-type=\"image\"><br \/>\n                <img decoding=\"async\" class=\"size-large\" src=\"https:\/\/www.gcs.gov.mo\/news\/p\/P23INftDmz\/l\" title=\"Mais de 30 participantes obtiveram com sucesso os seus certificados do Curso de Certificado em Gest\u00e3o de Exposi\u00e7\u00f5es da China\" alt=\"Mais de 30 participantes obtiveram com sucesso os seus certificados do Curso de Certificado em Gest\u00e3o de Exposi\u00e7\u00f5es da China\" width=\"1024\"><br \/>\n                <\/a><\/p>\n<p class=\"wp-caption-text\">Mais de 30 participantes obtiveram com sucesso os seus certificados do Curso de Certificado em Gest\u00e3o de Exposi\u00e7\u00f5es da China<\/p>\n<\/p><\/div>\n<div class=\"wp-caption alignnone\">\n                <a href=\"https:\/\/www.gcs.gov.mo\/news\/p\/P23INVwjcH\/l\" data-component=\"Popup\" data-fancybox=\"gallery\" data-caption=\"O IPIM organizou ac\u00e7\u00f5es de forma\u00e7\u00e3o online de conven\u00e7\u00f5es e exposi\u00e7\u00f5es em Abril, Julho e Setembro do corrente ano\" data-type=\"image\"><br \/>\n                <img decoding=\"async\" class=\"size-large\" src=\"https:\/\/www.gcs.gov.mo\/news\/p\/P23INVwjcH\/l\" title=\"O IPIM organizou ac\u00e7\u00f5es de forma\u00e7\u00e3o online de conven\u00e7\u00f5es e exposi\u00e7\u00f5es em Abril, Julho e Setembro do corrente ano\" alt=\"O IPIM organizou ac\u00e7\u00f5es de forma\u00e7\u00e3o online de conven\u00e7\u00f5es e exposi\u00e7\u00f5es em Abril, Julho e Setembro do corrente ano\" width=\"1024\"><br \/>\n                <\/a><\/p>\n<p class=\"wp-caption-text\">O IPIM organizou ac\u00e7\u00f5es de forma\u00e7\u00e3o online de conven\u00e7\u00f5es e exposi\u00e7\u00f5es em Abril, Julho e Setembro do corrente ano<\/p>\n<\/p><\/div>\n<div class=\"wp-caption alignnone\">\n                <a href=\"https:\/\/www.gcs.gov.mo\/news\/p\/P23INIbfuH\/l\" data-component=\"Popup\" data-fancybox=\"gallery\" data-caption=\"O IPIM e a DSAL organizaram, em conjunto, o \u201cWorkshop de Concep\u00e7\u00e3o de Stands\u201d e o \u201cWorkshop de Aplica\u00e7\u00e3o de Tecnologias de Conven\u00e7\u00f5es e Exposi\u00e7\u00f5es\u201d\" data-type=\"image\"><br \/>\n                <img decoding=\"async\" class=\"size-large\" src=\"https:\/\/www.gcs.gov.mo\/news\/p\/P23INIbfuH\/l\" title=\"O IPIM e a DSAL organizaram, em conjunto, o \u201cWorkshop de Concep\u00e7\u00e3o de Stands\u201d e o \u201cWorkshop de Aplica\u00e7\u00e3o de Tecnologias de Conven\u00e7\u00f5es e Exposi\u00e7\u00f5es\u201d\" alt=\"O IPIM e a DSAL organizaram, em conjunto, o \u201cWorkshop de Concep\u00e7\u00e3o de Stands\u201d e o \u201cWorkshop de Aplica\u00e7\u00e3o de Tecnologias de Conven\u00e7\u00f5es e Exposi\u00e7\u00f5es\u201d\" width=\"1024\"><br \/>\n                <\/a><\/p>\n<p class=\"wp-caption-text\">O IPIM e a DSAL organizaram, em conjunto, o \u201cWorkshop de Concep\u00e7\u00e3o de Stands\u201d e o \u201cWorkshop de Aplica\u00e7\u00e3o de Tecnologias de Conven\u00e7\u00f5es e Exposi\u00e7\u00f5es\u201d<\/p>\n<\/p><\/div>\n","protected":false},"excerpt":{"rendered":"<p>Terminou no in&iacute;cio de Setembro o 34.&ordm; Curso de Certificado em Gest&atilde;o de Exposi&ccedil;&otilde;es (CEM) da China, tendo mais de 30 participantes obtido com sucesso [&hellip;]<\/p>\n","protected":false},"author":1,"featured_media":467868,"comment_status":"closed","ping_status":"closed","sticky":false,"template":"","format":"standard","meta":{"_acf_changed":false,"inline_featured_image":false,"advgb_blocks_editor_width":"","advgb_blocks_columns_visual_guide":"","footnotes":""},"categories":[12],"tags":[],"class_list":["post-439698","post","type-post","status-publish","format-standard","has-post-thumbnail","hentry","category-noticias-do-ipim"],"acf":[],"yoast_head":"<!-- This site is optimized with the Yoast SEO plugin v26.2 - https:\/\/yoast.com\/wordpress\/plugins\/seo\/ -->\r\n<title>[2023\/09\/15] [Reserva de profissionais de conven\u00e7\u00f5es e exposi\u00e7\u00f5es] Mais de 30 gestores de exposi\u00e7\u00f5es registados em Macau | Commerce and Investment Promotion Institute<\/title>\r\n<meta name=\"robots\" content=\"index, follow, max-snippet:-1, max-image-preview:large, max-video-preview:-1\" \/>\r\n<link rel=\"canonical\" href=\"https:\/\/www.ipim.gov.mo\/pt-pt\/noticias-do-ipim\/2023-09-15-reserva-de-profissionais-de-convencoes-e-exposicoes-mais-de-30-gestores-de-exposicoes-registados-em-macau\/\" \/>\r\n<meta property=\"og:locale\" content=\"pt_PT\" \/>\r\n<meta property=\"og:type\" content=\"article\" \/>\r\n<meta property=\"og:title\" content=\"[2023\/09\/15] [Reserva de profissionais de conven\u00e7\u00f5es e exposi\u00e7\u00f5es] Mais de 30 gestores de exposi\u00e7\u00f5es registados em Macau | Commerce and Investment Promotion Institute\" \/>\r\n<meta property=\"og:description\" content=\"Terminou no in&iacute;cio de Setembro o 34.&ordm; Curso de Certificado em Gest&atilde;o de Exposi&ccedil;&otilde;es (CEM) da China, tendo mais de 30 participantes obtido com sucesso [&hellip;]\" \/>\r\n<meta property=\"og:url\" content=\"https:\/\/www.ipim.gov.mo\/pt-pt\/noticias-do-ipim\/2023-09-15-reserva-de-profissionais-de-convencoes-e-exposicoes-mais-de-30-gestores-de-exposicoes-registados-em-macau\/\" \/>\r\n<meta property=\"og:site_name\" content=\"Commerce and Investment Promotion Institute\" \/>\r\n<meta property=\"article:published_time\" content=\"2023-09-15T02:30:00+00:00\" \/>\r\n<meta property=\"og:image\" content=\"https:\/\/www.ipim.gov.mo\/wp-content\/uploads\/2024\/07\/ipim-post-default.jpg\" \/>\r\n\t<meta property=\"og:image:width\" content=\"1024\" \/>\r\n\t<meta property=\"og:image:height\" content=\"768\" \/>\r\n\t<meta property=\"og:image:type\" content=\"image\/jpeg\" \/>\r\n<meta name=\"author\" content=\"admin\" \/>\r\n<meta name=\"twitter:card\" content=\"summary_large_image\" \/>\r\n<meta name=\"twitter:label1\" content=\"Written by\" \/>\n\t<meta name=\"twitter:data1\" content=\"admin\" \/>\n\t<meta name=\"twitter:label2\" content=\"Est. reading time\" \/>\n\t<meta name=\"twitter:data2\" content=\"4 minutes\" \/>\r\n<script type=\"application\/ld+json\" class=\"yoast-schema-graph\">{\"@context\":\"https:\/\/schema.org\",\"@graph\":[{\"@type\":\"WebPage\",\"@id\":\"https:\/\/www.ipim.gov.mo\/pt-pt\/noticias-do-ipim\/2023-09-15-reserva-de-profissionais-de-convencoes-e-exposicoes-mais-de-30-gestores-de-exposicoes-registados-em-macau\/\",\"url\":\"https:\/\/www.ipim.gov.mo\/pt-pt\/noticias-do-ipim\/2023-09-15-reserva-de-profissionais-de-convencoes-e-exposicoes-mais-de-30-gestores-de-exposicoes-registados-em-macau\/\",\"name\":\"[2023\/09\/15] [Reserva de profissionais de conven\u00e7\u00f5es e exposi\u00e7\u00f5es] Mais de 30 gestores de exposi\u00e7\u00f5es registados em Macau | Commerce and Investment Promotion Institute\",\"isPartOf\":{\"@id\":\"https:\/\/www.ipim.gov.mo\/zh-hans\/#website\"},\"primaryImageOfPage\":{\"@id\":\"https:\/\/www.ipim.gov.mo\/pt-pt\/noticias-do-ipim\/2023-09-15-reserva-de-profissionais-de-convencoes-e-exposicoes-mais-de-30-gestores-de-exposicoes-registados-em-macau\/#primaryimage\"},\"image\":{\"@id\":\"https:\/\/www.ipim.gov.mo\/pt-pt\/noticias-do-ipim\/2023-09-15-reserva-de-profissionais-de-convencoes-e-exposicoes-mais-de-30-gestores-de-exposicoes-registados-em-macau\/#primaryimage\"},\"thumbnailUrl\":\"https:\/\/www.ipim.gov.mo\/wp-content\/uploads\/2024\/07\/ipim-post-default.jpg\",\"datePublished\":\"2023-09-15T02:30:00+00:00\",\"breadcrumb\":{\"@id\":\"https:\/\/www.ipim.gov.mo\/pt-pt\/noticias-do-ipim\/2023-09-15-reserva-de-profissionais-de-convencoes-e-exposicoes-mais-de-30-gestores-de-exposicoes-registados-em-macau\/#breadcrumb\"},\"inLanguage\":\"pt-PT\",\"potentialAction\":[{\"@type\":\"ReadAction\",\"target\":[\"https:\/\/www.ipim.gov.mo\/pt-pt\/noticias-do-ipim\/2023-09-15-reserva-de-profissionais-de-convencoes-e-exposicoes-mais-de-30-gestores-de-exposicoes-registados-em-macau\/\"]}]},{\"@type\":\"ImageObject\",\"inLanguage\":\"pt-PT\",\"@id\":\"https:\/\/www.ipim.gov.mo\/pt-pt\/noticias-do-ipim\/2023-09-15-reserva-de-profissionais-de-convencoes-e-exposicoes-mais-de-30-gestores-de-exposicoes-registados-em-macau\/#primaryimage\",\"url\":\"https:\/\/www.ipim.gov.mo\/wp-content\/uploads\/2024\/07\/ipim-post-default.jpg\",\"contentUrl\":\"https:\/\/www.ipim.gov.mo\/wp-content\/uploads\/2024\/07\/ipim-post-default.jpg\",\"width\":1024,\"height\":768},{\"@type\":\"BreadcrumbList\",\"@id\":\"https:\/\/www.ipim.gov.mo\/pt-pt\/noticias-do-ipim\/2023-09-15-reserva-de-profissionais-de-convencoes-e-exposicoes-mais-de-30-gestores-de-exposicoes-registados-em-macau\/#breadcrumb\",\"itemListElement\":[{\"@type\":\"ListItem\",\"position\":1,\"name\":\"Home\",\"item\":\"https:\/\/www.ipim.gov.mo\/pt-pt\/\"},{\"@type\":\"ListItem\",\"position\":2,\"name\":\"[2023\/09\/15] [Reserva de profissionais de conven\u00e7\u00f5es e exposi\u00e7\u00f5es] Mais de 30 gestores de exposi\u00e7\u00f5es registados em Macau\"}]},{\"@type\":\"WebSite\",\"@id\":\"https:\/\/www.ipim.gov.mo\/zh-hans\/#website\",\"url\":\"https:\/\/www.ipim.gov.mo\/zh-hans\/\",\"name\":\"Commerce and Investment Promotion Institute\",\"description\":\"Commerce and Investment Promotion Institute\",\"publisher\":{\"@id\":\"https:\/\/www.ipim.gov.mo\/zh-hans\/#organization\"},\"potentialAction\":[{\"@type\":\"SearchAction\",\"target\":{\"@type\":\"EntryPoint\",\"urlTemplate\":\"https:\/\/www.ipim.gov.mo\/zh-hans\/?s={search_term_string}\"},\"query-input\":{\"@type\":\"PropertyValueSpecification\",\"valueRequired\":true,\"valueName\":\"search_term_string\"}}],\"inLanguage\":\"pt-PT\"},{\"@type\":\"Organization\",\"@id\":\"https:\/\/www.ipim.gov.mo\/zh-hans\/#organization\",\"name\":\"IPIM\",\"url\":\"https:\/\/www.ipim.gov.mo\/zh-hans\/\",\"logo\":{\"@type\":\"ImageObject\",\"inLanguage\":\"pt-PT\",\"@id\":\"https:\/\/www.ipim.gov.mo\/zh-hans\/#\/schema\/logo\/image\/\",\"url\":\"https:\/\/www.ipim.gov.mo\/wp-content\/uploads\/2022\/10\/default-post-thumbnail-ipim-logo.png\",\"contentUrl\":\"https:\/\/www.ipim.gov.mo\/wp-content\/uploads\/2022\/10\/default-post-thumbnail-ipim-logo.png\",\"width\":1024,\"height\":768,\"caption\":\"IPIM\"},\"image\":{\"@id\":\"https:\/\/www.ipim.gov.mo\/zh-hans\/#\/schema\/logo\/image\/\"}}]}<\/script>\r\n<!-- \/ Yoast SEO plugin. -->","yoast_head_json":{"title":"[2023\/09\/15] [Reserva de profissionais de conven\u00e7\u00f5es e exposi\u00e7\u00f5es] Mais de 30 gestores de exposi\u00e7\u00f5es registados em Macau | Commerce and Investment Promotion Institute","robots":{"index":"index","follow":"follow","max-snippet":"max-snippet:-1","max-image-preview":"max-image-preview:large","max-video-preview":"max-video-preview:-1"},"canonical":"https:\/\/www.ipim.gov.mo\/pt-pt\/noticias-do-ipim\/2023-09-15-reserva-de-profissionais-de-convencoes-e-exposicoes-mais-de-30-gestores-de-exposicoes-registados-em-macau\/","og_locale":"pt_PT","og_type":"article","og_title":"[2023\/09\/15] [Reserva de profissionais de conven\u00e7\u00f5es e exposi\u00e7\u00f5es] Mais de 30 gestores de exposi\u00e7\u00f5es registados em Macau | Commerce and Investment Promotion Institute","og_description":"Terminou no in&iacute;cio de Setembro o 34.&ordm; Curso de Certificado em Gest&atilde;o de Exposi&ccedil;&otilde;es (CEM) da China, tendo mais de 30 participantes obtido com sucesso [&hellip;]","og_url":"https:\/\/www.ipim.gov.mo\/pt-pt\/noticias-do-ipim\/2023-09-15-reserva-de-profissionais-de-convencoes-e-exposicoes-mais-de-30-gestores-de-exposicoes-registados-em-macau\/","og_site_name":"Commerce and Investment Promotion Institute","article_published_time":"2023-09-15T02:30:00+00:00","og_image":[{"width":1024,"height":768,"url":"https:\/\/www.ipim.gov.mo\/wp-content\/uploads\/2024\/07\/ipim-post-default.jpg","type":"image\/jpeg"}],"author":"admin","twitter_card":"summary_large_image","twitter_misc":{"Written by":"admin","Est. reading time":"4 minutes"},"schema":{"@context":"https:\/\/schema.org","@graph":[{"@type":"WebPage","@id":"https:\/\/www.ipim.gov.mo\/pt-pt\/noticias-do-ipim\/2023-09-15-reserva-de-profissionais-de-convencoes-e-exposicoes-mais-de-30-gestores-de-exposicoes-registados-em-macau\/","url":"https:\/\/www.ipim.gov.mo\/pt-pt\/noticias-do-ipim\/2023-09-15-reserva-de-profissionais-de-convencoes-e-exposicoes-mais-de-30-gestores-de-exposicoes-registados-em-macau\/","name":"[2023\/09\/15] [Reserva de profissionais de conven\u00e7\u00f5es e exposi\u00e7\u00f5es] Mais de 30 gestores de exposi\u00e7\u00f5es registados em Macau | Commerce and Investment Promotion Institute","isPartOf":{"@id":"https:\/\/www.ipim.gov.mo\/zh-hans\/#website"},"primaryImageOfPage":{"@id":"https:\/\/www.ipim.gov.mo\/pt-pt\/noticias-do-ipim\/2023-09-15-reserva-de-profissionais-de-convencoes-e-exposicoes-mais-de-30-gestores-de-exposicoes-registados-em-macau\/#primaryimage"},"image":{"@id":"https:\/\/www.ipim.gov.mo\/pt-pt\/noticias-do-ipim\/2023-09-15-reserva-de-profissionais-de-convencoes-e-exposicoes-mais-de-30-gestores-de-exposicoes-registados-em-macau\/#primaryimage"},"thumbnailUrl":"https:\/\/www.ipim.gov.mo\/wp-content\/uploads\/2024\/07\/ipim-post-default.jpg","datePublished":"2023-09-15T02:30:00+00:00","breadcrumb":{"@id":"https:\/\/www.ipim.gov.mo\/pt-pt\/noticias-do-ipim\/2023-09-15-reserva-de-profissionais-de-convencoes-e-exposicoes-mais-de-30-gestores-de-exposicoes-registados-em-macau\/#breadcrumb"},"inLanguage":"pt-PT","potentialAction":[{"@type":"ReadAction","target":["https:\/\/www.ipim.gov.mo\/pt-pt\/noticias-do-ipim\/2023-09-15-reserva-de-profissionais-de-convencoes-e-exposicoes-mais-de-30-gestores-de-exposicoes-registados-em-macau\/"]}]},{"@type":"ImageObject","inLanguage":"pt-PT","@id":"https:\/\/www.ipim.gov.mo\/pt-pt\/noticias-do-ipim\/2023-09-15-reserva-de-profissionais-de-convencoes-e-exposicoes-mais-de-30-gestores-de-exposicoes-registados-em-macau\/#primaryimage","url":"https:\/\/www.ipim.gov.mo\/wp-content\/uploads\/2024\/07\/ipim-post-default.jpg","contentUrl":"https:\/\/www.ipim.gov.mo\/wp-content\/uploads\/2024\/07\/ipim-post-default.jpg","width":1024,"height":768},{"@type":"BreadcrumbList","@id":"https:\/\/www.ipim.gov.mo\/pt-pt\/noticias-do-ipim\/2023-09-15-reserva-de-profissionais-de-convencoes-e-exposicoes-mais-de-30-gestores-de-exposicoes-registados-em-macau\/#breadcrumb","itemListElement":[{"@type":"ListItem","position":1,"name":"Home","item":"https:\/\/www.ipim.gov.mo\/pt-pt\/"},{"@type":"ListItem","position":2,"name":"[2023\/09\/15] [Reserva de profissionais de conven\u00e7\u00f5es e exposi\u00e7\u00f5es] Mais de 30 gestores de exposi\u00e7\u00f5es registados em Macau"}]},{"@type":"WebSite","@id":"https:\/\/www.ipim.gov.mo\/zh-hans\/#website","url":"https:\/\/www.ipim.gov.mo\/zh-hans\/","name":"Commerce and Investment Promotion Institute","description":"Commerce and Investment Promotion Institute","publisher":{"@id":"https:\/\/www.ipim.gov.mo\/zh-hans\/#organization"},"potentialAction":[{"@type":"SearchAction","target":{"@type":"EntryPoint","urlTemplate":"https:\/\/www.ipim.gov.mo\/zh-hans\/?s={search_term_string}"},"query-input":{"@type":"PropertyValueSpecification","valueRequired":true,"valueName":"search_term_string"}}],"inLanguage":"pt-PT"},{"@type":"Organization","@id":"https:\/\/www.ipim.gov.mo\/zh-hans\/#organization","name":"IPIM","url":"https:\/\/www.ipim.gov.mo\/zh-hans\/","logo":{"@type":"ImageObject","inLanguage":"pt-PT","@id":"https:\/\/www.ipim.gov.mo\/zh-hans\/#\/schema\/logo\/image\/","url":"https:\/\/www.ipim.gov.mo\/wp-content\/uploads\/2022\/10\/default-post-thumbnail-ipim-logo.png","contentUrl":"https:\/\/www.ipim.gov.mo\/wp-content\/uploads\/2022\/10\/default-post-thumbnail-ipim-logo.png","width":1024,"height":768,"caption":"IPIM"},"image":{"@id":"https:\/\/www.ipim.gov.mo\/zh-hans\/#\/schema\/logo\/image\/"}}]}},"author_meta":{"display_name":"admin","author_link":"https:\/\/www.ipim.gov.mo\/pt-pt\/author\/admin\/"},"featured_img":"https:\/\/www.ipim.gov.mo\/wp-content\/uploads\/2024\/07\/ipim-post-default-300x225.jpg","coauthors":[],"tax_additional":{"categories":{"linked":["<a href=\"https:\/\/www.ipim.gov.mo\/pt-pt\/category\/noticias-do-ipim\/\" class=\"advgb-post-tax-term\">Not\u00edcias do IPIM<\/a>"],"unlinked":["<span class=\"advgb-post-tax-term\">Not\u00edcias do IPIM<\/span>"]}},"comment_count":"0","relative_dates":{"created":"Posted 3 years ago","modified":"Updated 3 years ago"},"absolute_dates":{"created":"Posted on Setembro 15, 2023","modified":"Updated on Setembro 15, 2023"},"absolute_dates_time":{"created":"Posted on Setembro 15, 2023 10:30 am","modified":"Updated on Setembro 15, 2023 10:30 am"},"featured_img_caption":"","series_order":"","_links":{"self":[{"href":"https:\/\/www.ipim.gov.mo\/pt-pt\/wp-json\/wp\/v2\/posts\/439698","targetHints":{"allow":["GET"]}}],"collection":[{"href":"https:\/\/www.ipim.gov.mo\/pt-pt\/wp-json\/wp\/v2\/posts"}],"about":[{"href":"https:\/\/www.ipim.gov.mo\/pt-pt\/wp-json\/wp\/v2\/types\/post"}],"author":[{"embeddable":true,"href":"https:\/\/www.ipim.gov.mo\/pt-pt\/wp-json\/wp\/v2\/users\/1"}],"replies":[{"embeddable":true,"href":"https:\/\/www.ipim.gov.mo\/pt-pt\/wp-json\/wp\/v2\/comments?post=439698"}],"version-history":[{"count":0,"href":"https:\/\/www.ipim.gov.mo\/pt-pt\/wp-json\/wp\/v2\/posts\/439698\/revisions"}],"wp:featuredmedia":[{"embeddable":true,"href":"https:\/\/www.ipim.gov.mo\/pt-pt\/wp-json\/wp\/v2\/media\/467868"}],"wp:attachment":[{"href":"https:\/\/www.ipim.gov.mo\/pt-pt\/wp-json\/wp\/v2\/media?parent=439698"}],"wp:term":[{"taxonomy":"category","embeddable":true,"href":"https:\/\/www.ipim.gov.mo\/pt-pt\/wp-json\/wp\/v2\/categories?post=439698"},{"taxonomy":"post_tag","embeddable":true,"href":"https:\/\/www.ipim.gov.mo\/pt-pt\/wp-json\/wp\/v2\/tags?post=439698"}],"curies":[{"name":"wp","href":"https:\/\/api.w.org\/{rel}","templated":true}]}}