{"id":439364,"date":"2023-09-13T18:50:00","date_gmt":"2023-09-13T10:50:00","guid":{"rendered":"https:\/\/www.ipim.gov.mo\/noticias-do-ipim\/2023-09-14-aprofundamento-da-cooperacao-reuniao-conjunta-das-associacoes-comerciais-do-interior-da-china-e-de-macau-2023-para-discussao-da-participacao-conjunta-na-construcao-da\/"},"modified":"2023-09-13T18:50:00","modified_gmt":"2023-09-13T10:50:00","slug":"2023-09-14-aprofundamento-da-cooperacao-reuniao-conjunta-das-associacoes-comerciais-do-interior-da-china-e-de-macau-2023-para-discussao-da-participacao-conjunta-na-construcao-da","status":"publish","type":"post","link":"https:\/\/www.ipim.gov.mo\/pt-pt\/noticias-do-ipim\/2023-09-14-aprofundamento-da-cooperacao-reuniao-conjunta-das-associacoes-comerciais-do-interior-da-china-e-de-macau-2023-para-discussao-da-participacao-conjunta-na-construcao-da\/","title":{"rendered":"[2023\/09\/13] [Aprofundamento da Coopera\u00e7\u00e3o] \u201cReuni\u00e3o Conjunta das Associa\u00e7\u00f5es Comerciais do Interior da China e de Macau 2023\u201d para discuss\u00e3o da participa\u00e7\u00e3o conjunta na constru\u00e7\u00e3o da Grande Ba\u00eda"},"content":{"rendered":"<p style=\"text-align:justify\">Realizou-se hoje (13) em Macau a \u201cReuni&atilde;o Conjunta das Associa&ccedil;&otilde;es Comerciais do Interior da China e de Macau 2023\u201d, que contou com a participa&ccedil;&atilde;o de 68 representantes de institui&ccedil;&otilde;es de promo&ccedil;&atilde;o do com&eacute;rcio e de associa&ccedil;&otilde;es comerciais de ambas as partes. Tendo em vista o 20.&ordm; anivers&aacute;rio do estabelecimento do mecanismo de reuni&otilde;es conjuntas em 2024, a reuni&atilde;o aprofundou o debate sobre assuntos tais como as pr&oacute;ximas inova&ccedil;&otilde;es para o formato e conte&uacute;do do mecanismo, de forma a expandir a sua abrang&ecirc;ncia e est&iacute;mulo; al&eacute;m disso, em conjunto com a Confer&ecirc;ncia Industrial e Comercial para o Desenvolvimento da Grande Ba&iacute;a Guangdong-Hong Kong-Macau, foram levadas a cabo discuss&otilde;es sobre como melhorar a participa&ccedil;&atilde;o de Macau na constru&ccedil;&atilde;o da Grande Ba&iacute;a Guangdong-Hong Kong-Macau e como refor&ccedil;ar o interc&acirc;mbio e a coopera&ccedil;&atilde;o entre as empresas do Interior da China e de Macau.<\/p>\n<p style=\"text-align:justify\">Estiveram presentes na reuni&atilde;o o Secret&aacute;rio para a Economia e Finan&ccedil;as da RAEM, Lei Wai Nong, o Presidente do Conselho Chin&ecirc;s para a Promo&ccedil;&atilde;o do Com&eacute;rcio Internacional, Ren Hongbin, a Directora-geral do Departamento dos Assuntos Econ&oacute;micos do Gabinete de Liga&ccedil;&atilde;o do Governo Central da Rep&uacute;blica Popular da China na RAEM, Li Huaying, e o Presidente da Associa&ccedil;&atilde;o Comercial Geral dos Chineses de Macau, Chui Sai Cheong, entre outros.<\/p>\n<p style=\"text-align:justify\">No seu discurso, Lei Wai Nong apresentou as suas tr&ecirc;s expectativas para esta reuni&atilde;o conjunta, sendo a primeira a expans&atilde;o das fun&ccedil;&otilde;es e conte&uacute;do da Reuni&atilde;o Conjunta das Associa&ccedil;&otilde;es Comerciais do Interior da China e de Macau. A segunda expectativa consiste no desejo de que os sectores comercial e industrial de ambas as partes aprofundem a discuss&atilde;o sobre a participa&ccedil;&atilde;o no desenvolvimento da Grande Ba&iacute;a Guangdong-Hong Kong-Macau e da Zona de Coopera&ccedil;&atilde;o Aprofundada entre Guangdong e Macau em Hengqin. J&aacute; a sua terceira expectativa &eacute; a de que as associa&ccedil;&otilde;es comerciais de ambos os lados trabalhem em conjunto na explora&ccedil;&atilde;o de oportunidades de mercado nos Pa&iacute;ses de L&iacute;ngua Portuguesa. Al&eacute;m disso, apontou ainda que apesar de o Interior da China e Macau se encontrarem no caminho para a recupera&ccedil;&atilde;o, tamb&eacute;m se verifica um aumento da instabilidade a n&iacute;vel mundial. Face &agrave;s oportunidades e desafios, &eacute; agora mais importante do que nunca aprofundar a coopera&ccedil;&atilde;o, a v&aacute;rios n&iacute;veis, da comunidade de neg&oacute;cios do Interior da China e de Macau. Em parceria com o Conselho para a Promo&ccedil;&atilde;o do Com&eacute;rcio Internacional da China e com as maiores associa&ccedil;&otilde;es comerciais, o mecanismo de reuni&otilde;es conjuntas continuar&aacute; a ser refor&ccedil;ado de forma a criar uma plataforma de liga&ccedil;&atilde;o, interc&acirc;mbio e coopera&ccedil;&atilde;o mais eficaz.<\/p>\n<p style=\"text-align:justify\">No seu discurso, Ren Hongbin afirmou a necessidade de aproveitar oportunidades e aprofundar a coopera&ccedil;&atilde;o, contribuindo assim para o desenvolvimento de alta qualidade da coopera&ccedil;&atilde;o econ&oacute;mica e comercial entre o Interior da China e Macau. Relativamente a este aspecto, salientou quatro pontos-chave: Antes de mais, aderir ao princ&iacute;pio \u201cUm Pa&iacute;s, Dois Sistemas\u201d, promovendo cada vez mais a sustentabilidade e o desenvolvimento saud&aacute;vel da economia de Macau. Em segundo lugar, criar interliga&ccedil;&otilde;es com as estrat&eacute;gias nacionais de forma a agarrar as importantes oportunidades de desenvolvimento proporcionadas pela constru&ccedil;&atilde;o da iniciativa \u201cUma Faixa, Uma Rota\u201d e da Grande Ba&iacute;a Guangdong-Hong Kong-Macau. Em terceiro lugar, refor&ccedil;ar a constru&ccedil;&atilde;o da plataforma entre a China e os Pa&iacute;ses de L&iacute;ngua Portuguesa, expandindo as suas fun&ccedil;&otilde;es relativas a neg&oacute;cios e &agrave; coopera&ccedil;&atilde;o comercial. Em quarto lugar, enriquecer o conte&uacute;do do mecanismo de reuni&otilde;es conjuntas, aprimorando o seu vigor e coes&atilde;o. Al&eacute;m disso, o pr&oacute;ximo ano marca o 20.&ordm; anivers&aacute;rio do estabelecimento do mecanismo de Reuni&otilde;es Conjuntas das Associa&ccedil;&otilde;es Comerciais do Interior da China e de Macau. O Conselho para a Promo&ccedil;&atilde;o do Com&eacute;rcio Internacional da China e o Instituto de Promo&ccedil;&atilde;o do Com&eacute;rcio e do Investimento de Macau, ap&oacute;s consulta &agrave;s maiores associa&ccedil;&otilde;es comerciais de Macau, concordaram unanimemente em aceitar a ades&atilde;o da Associa&ccedil;&atilde;o das Empresas Chinesas de Macau como novo membro do mecanismo de reuni&otilde;es conjuntas.<\/p>\n<p style=\"text-align:justify\">Durante a reuni&atilde;o, l&iacute;deres e representantes das institui&ccedil;&otilde;es de promo&ccedil;&atilde;o do com&eacute;rcio e de associa&ccedil;&otilde;es comerciais de ambas as partes discutiram activamente os seus pontos de vista e sugest&otilde;es respeitantes a futuras inova&ccedil;&otilde;es para o mecanismo de reuni&otilde;es conjuntas, visando promover uma melhor participa&ccedil;&atilde;o de Macau na constru&ccedil;&atilde;o da &Aacute;rea da Grande Ba&iacute;a e aprofundar a coopera&ccedil;&atilde;o entre ambas as partes. Nos discursos respeitantes &agrave; coopera&ccedil;&atilde;o entre os dois locais, ouviram-se as interven&ccedil;&otilde;es do Vice-presidente da Associa&ccedil;&atilde;o Comercial Geral dos Chineses de Macau, Vong Kok Seng, do Vice-Presidente da Associa&ccedil;&atilde;o Industrial de Macau Industrial, Ian Soi Kun, do Vice-presidente da Associa&ccedil;&atilde;o dos Exportadores e Importadores de Macau, Wong I Mun, do Presidente da Associa&ccedil;&atilde;o de Comerciantes T&ecirc;xtil de Macau, Wang Sai Man, e do Director Executivo da Associa&ccedil;&atilde;o dos Fretadores de Macau, Sam Zhong.<\/p>\n<p style=\"text-align:justify\">Entre os representantes presentes na Reuni&atilde;o Conjunta contaram-se tamb&eacute;m com: O Presidente da Associa&ccedil;&atilde;o Industrial de Macau Industrial, Fong Son Kin; o Presidente da Associa&ccedil;&atilde;o dos Fretadores de Macau, Liu David Yuk Lun; e o Vice-presidente da Associa&ccedil;&atilde;o das Empresas Chinesas de Macau, Chen Li Xin.<\/p>\n<div class=\"wp-caption alignnone\">\n                <a href=\"https:\/\/www.gcs.gov.mo\/news\/p\/P23IMIbKfA\/l\" data-component=\"Popup\" data-fancybox=\"gallery\" data-caption=\"Realizou-se no dia 13, em Macau, a \u201cReuni\u00e3o Conjunta das Associa\u00e7\u00f5es Comerciais do Interior da China e de Macau 2023\u201d.\" data-type=\"image\"><br \/>\n                <img decoding=\"async\" class=\"size-large\" src=\"https:\/\/www.gcs.gov.mo\/news\/p\/P23IMIbKfA\/l\" title=\"Realizou-se no dia 13, em Macau, a \u201cReuni\u00e3o Conjunta das Associa\u00e7\u00f5es Comerciais do Interior da China e de Macau 2023\u201d.\" alt=\"Realizou-se no dia 13, em Macau, a \u201cReuni\u00e3o Conjunta das Associa\u00e7\u00f5es Comerciais do Interior da China e de Macau 2023\u201d.\" width=\"1024\"><br \/>\n                <\/a><\/p>\n<p class=\"wp-caption-text\">Realizou-se no dia 13, em Macau, a \u201cReuni\u00e3o Conjunta das Associa\u00e7\u00f5es Comerciais do Interior da China e de Macau 2023\u201d.<\/p>\n<\/p><\/div>\n<div class=\"wp-caption alignnone\">\n                <a href=\"https:\/\/www.gcs.gov.mo\/news\/p\/P23IMPPW3k\/l\" data-component=\"Popup\" data-fancybox=\"gallery\" data-caption=\"O Secret\u00e1rio para a Economia e Finan\u00e7as da RAEM, Lei Wai Nong, a proferir seu discurso na reuni\u00e3o.\" data-type=\"image\"><br \/>\n                <img decoding=\"async\" class=\"size-large\" src=\"https:\/\/www.gcs.gov.mo\/news\/p\/P23IMPPW3k\/l\" title=\"O Secret\u00e1rio para a Economia e Finan\u00e7as da RAEM, Lei Wai Nong, a proferir seu discurso na reuni\u00e3o.\" alt=\"O Secret\u00e1rio para a Economia e Finan\u00e7as da RAEM, Lei Wai Nong, a proferir seu discurso na reuni\u00e3o.\" width=\"1024\"><br \/>\n                <\/a><\/p>\n<p class=\"wp-caption-text\">O Secret\u00e1rio para a Economia e Finan\u00e7as da RAEM, Lei Wai Nong, a proferir seu discurso na reuni\u00e3o.<\/p>\n<\/p><\/div>\n<div class=\"wp-caption alignnone\">\n                <a href=\"https:\/\/www.gcs.gov.mo\/news\/p\/P23IMXvW7j\/l\" data-component=\"Popup\" data-fancybox=\"gallery\" data-caption=\"O Presidente do Conselho Chin\u00eas para a Promo\u00e7\u00e3o do Com\u00e9rcio Internacional, Ren Hongbin, a proferir seu discurso na reuni\u00e3o.\" data-type=\"image\"><br \/>\n                <img decoding=\"async\" class=\"size-large\" src=\"https:\/\/www.gcs.gov.mo\/news\/p\/P23IMXvW7j\/l\" title=\"O Presidente do Conselho Chin\u00eas para a Promo\u00e7\u00e3o do Com\u00e9rcio Internacional, Ren Hongbin, a proferir seu discurso na reuni\u00e3o.\" alt=\"O Presidente do Conselho Chin\u00eas para a Promo\u00e7\u00e3o do Com\u00e9rcio Internacional, Ren Hongbin, a proferir seu discurso na reuni\u00e3o.\" width=\"1024\"><br \/>\n                <\/a><\/p>\n<p class=\"wp-caption-text\">O Presidente do Conselho Chin\u00eas para a Promo\u00e7\u00e3o do Com\u00e9rcio Internacional, Ren Hongbin, a proferir seu discurso na reuni\u00e3o.<\/p>\n<\/p><\/div>\n","protected":false},"excerpt":{"rendered":"<p>Realizou-se hoje (13) em Macau a \u201cReuni&atilde;o Conjunta das Associa&ccedil;&otilde;es Comerciais do Interior da China e de Macau 2023\u201d, que contou com a participa&ccedil;&atilde;o de [&hellip;]<\/p>\n","protected":false},"author":1,"featured_media":467868,"comment_status":"closed","ping_status":"closed","sticky":false,"template":"","format":"standard","meta":{"_acf_changed":false,"inline_featured_image":false,"advgb_blocks_editor_width":"","advgb_blocks_columns_visual_guide":"","footnotes":""},"categories":[12],"tags":[],"class_list":["post-439364","post","type-post","status-publish","format-standard","has-post-thumbnail","hentry","category-noticias-do-ipim"],"acf":[],"yoast_head":"<!-- This site is optimized with the Yoast SEO plugin v26.2 - https:\/\/yoast.com\/wordpress\/plugins\/seo\/ -->\r\n<title>[2023\/09\/13] [Aprofundamento da Coopera\u00e7\u00e3o] \u201cReuni\u00e3o Conjunta das Associa\u00e7\u00f5es Comerciais do Interior da China e de Macau 2023\u201d para discuss\u00e3o da participa\u00e7\u00e3o conjunta na constru\u00e7\u00e3o da Grande Ba\u00eda | Commerce and Investment Promotion Institute<\/title>\r\n<meta name=\"robots\" content=\"index, follow, max-snippet:-1, max-image-preview:large, max-video-preview:-1\" \/>\r\n<link rel=\"canonical\" href=\"https:\/\/www.ipim.gov.mo\/pt-pt\/noticias-do-ipim\/2023-09-14-aprofundamento-da-cooperacao-reuniao-conjunta-das-associacoes-comerciais-do-interior-da-china-e-de-macau-2023-para-discussao-da-participacao-conjunta-na-construcao-da\/\" \/>\r\n<meta property=\"og:locale\" content=\"pt_PT\" \/>\r\n<meta property=\"og:type\" content=\"article\" \/>\r\n<meta property=\"og:title\" content=\"[2023\/09\/13] [Aprofundamento da Coopera\u00e7\u00e3o] \u201cReuni\u00e3o Conjunta das Associa\u00e7\u00f5es Comerciais do Interior da China e de Macau 2023\u201d para discuss\u00e3o da participa\u00e7\u00e3o conjunta na constru\u00e7\u00e3o da Grande Ba\u00eda | Commerce and Investment Promotion Institute\" \/>\r\n<meta property=\"og:description\" content=\"Realizou-se hoje (13) em Macau a \u201cReuni&atilde;o Conjunta das Associa&ccedil;&otilde;es Comerciais do Interior da China e de Macau 2023\u201d, que contou com a participa&ccedil;&atilde;o de [&hellip;]\" \/>\r\n<meta property=\"og:url\" content=\"https:\/\/www.ipim.gov.mo\/pt-pt\/noticias-do-ipim\/2023-09-14-aprofundamento-da-cooperacao-reuniao-conjunta-das-associacoes-comerciais-do-interior-da-china-e-de-macau-2023-para-discussao-da-participacao-conjunta-na-construcao-da\/\" \/>\r\n<meta property=\"og:site_name\" content=\"Commerce and Investment Promotion Institute\" \/>\r\n<meta property=\"article:published_time\" content=\"2023-09-13T10:50:00+00:00\" \/>\r\n<meta property=\"og:image\" content=\"https:\/\/www.ipim.gov.mo\/wp-content\/uploads\/2024\/07\/ipim-post-default.jpg\" \/>\r\n\t<meta property=\"og:image:width\" content=\"1024\" \/>\r\n\t<meta property=\"og:image:height\" content=\"768\" \/>\r\n\t<meta property=\"og:image:type\" content=\"image\/jpeg\" \/>\r\n<meta name=\"author\" content=\"admin\" \/>\r\n<meta name=\"twitter:card\" content=\"summary_large_image\" \/>\r\n<meta name=\"twitter:label1\" content=\"Written by\" \/>\n\t<meta name=\"twitter:data1\" content=\"admin\" \/>\n\t<meta name=\"twitter:label2\" content=\"Est. reading time\" \/>\n\t<meta name=\"twitter:data2\" content=\"6 minutes\" \/>\r\n<script type=\"application\/ld+json\" class=\"yoast-schema-graph\">{\"@context\":\"https:\/\/schema.org\",\"@graph\":[{\"@type\":\"WebPage\",\"@id\":\"https:\/\/www.ipim.gov.mo\/pt-pt\/noticias-do-ipim\/2023-09-14-aprofundamento-da-cooperacao-reuniao-conjunta-das-associacoes-comerciais-do-interior-da-china-e-de-macau-2023-para-discussao-da-participacao-conjunta-na-construcao-da\/\",\"url\":\"https:\/\/www.ipim.gov.mo\/pt-pt\/noticias-do-ipim\/2023-09-14-aprofundamento-da-cooperacao-reuniao-conjunta-das-associacoes-comerciais-do-interior-da-china-e-de-macau-2023-para-discussao-da-participacao-conjunta-na-construcao-da\/\",\"name\":\"[2023\/09\/13] [Aprofundamento da Coopera\u00e7\u00e3o] \u201cReuni\u00e3o Conjunta das Associa\u00e7\u00f5es Comerciais do Interior da China e de Macau 2023\u201d para discuss\u00e3o da participa\u00e7\u00e3o conjunta na constru\u00e7\u00e3o da Grande Ba\u00eda | Commerce and Investment Promotion Institute\",\"isPartOf\":{\"@id\":\"https:\/\/www.ipim.gov.mo\/zh-hans\/#website\"},\"primaryImageOfPage\":{\"@id\":\"https:\/\/www.ipim.gov.mo\/pt-pt\/noticias-do-ipim\/2023-09-14-aprofundamento-da-cooperacao-reuniao-conjunta-das-associacoes-comerciais-do-interior-da-china-e-de-macau-2023-para-discussao-da-participacao-conjunta-na-construcao-da\/#primaryimage\"},\"image\":{\"@id\":\"https:\/\/www.ipim.gov.mo\/pt-pt\/noticias-do-ipim\/2023-09-14-aprofundamento-da-cooperacao-reuniao-conjunta-das-associacoes-comerciais-do-interior-da-china-e-de-macau-2023-para-discussao-da-participacao-conjunta-na-construcao-da\/#primaryimage\"},\"thumbnailUrl\":\"https:\/\/www.ipim.gov.mo\/wp-content\/uploads\/2024\/07\/ipim-post-default.jpg\",\"datePublished\":\"2023-09-13T10:50:00+00:00\",\"breadcrumb\":{\"@id\":\"https:\/\/www.ipim.gov.mo\/pt-pt\/noticias-do-ipim\/2023-09-14-aprofundamento-da-cooperacao-reuniao-conjunta-das-associacoes-comerciais-do-interior-da-china-e-de-macau-2023-para-discussao-da-participacao-conjunta-na-construcao-da\/#breadcrumb\"},\"inLanguage\":\"pt-PT\",\"potentialAction\":[{\"@type\":\"ReadAction\",\"target\":[\"https:\/\/www.ipim.gov.mo\/pt-pt\/noticias-do-ipim\/2023-09-14-aprofundamento-da-cooperacao-reuniao-conjunta-das-associacoes-comerciais-do-interior-da-china-e-de-macau-2023-para-discussao-da-participacao-conjunta-na-construcao-da\/\"]}]},{\"@type\":\"ImageObject\",\"inLanguage\":\"pt-PT\",\"@id\":\"https:\/\/www.ipim.gov.mo\/pt-pt\/noticias-do-ipim\/2023-09-14-aprofundamento-da-cooperacao-reuniao-conjunta-das-associacoes-comerciais-do-interior-da-china-e-de-macau-2023-para-discussao-da-participacao-conjunta-na-construcao-da\/#primaryimage\",\"url\":\"https:\/\/www.ipim.gov.mo\/wp-content\/uploads\/2024\/07\/ipim-post-default.jpg\",\"contentUrl\":\"https:\/\/www.ipim.gov.mo\/wp-content\/uploads\/2024\/07\/ipim-post-default.jpg\",\"width\":1024,\"height\":768},{\"@type\":\"BreadcrumbList\",\"@id\":\"https:\/\/www.ipim.gov.mo\/pt-pt\/noticias-do-ipim\/2023-09-14-aprofundamento-da-cooperacao-reuniao-conjunta-das-associacoes-comerciais-do-interior-da-china-e-de-macau-2023-para-discussao-da-participacao-conjunta-na-construcao-da\/#breadcrumb\",\"itemListElement\":[{\"@type\":\"ListItem\",\"position\":1,\"name\":\"Home\",\"item\":\"https:\/\/www.ipim.gov.mo\/pt-pt\/\"},{\"@type\":\"ListItem\",\"position\":2,\"name\":\"[2023\/09\/13] [Aprofundamento da Coopera\u00e7\u00e3o] \u201cReuni\u00e3o Conjunta das Associa\u00e7\u00f5es Comerciais do Interior da China e de Macau 2023\u201d para discuss\u00e3o da participa\u00e7\u00e3o conjunta na constru\u00e7\u00e3o da Grande Ba\u00eda\"}]},{\"@type\":\"WebSite\",\"@id\":\"https:\/\/www.ipim.gov.mo\/zh-hans\/#website\",\"url\":\"https:\/\/www.ipim.gov.mo\/zh-hans\/\",\"name\":\"Commerce and Investment Promotion Institute\",\"description\":\"Commerce and Investment Promotion Institute\",\"publisher\":{\"@id\":\"https:\/\/www.ipim.gov.mo\/zh-hans\/#organization\"},\"potentialAction\":[{\"@type\":\"SearchAction\",\"target\":{\"@type\":\"EntryPoint\",\"urlTemplate\":\"https:\/\/www.ipim.gov.mo\/zh-hans\/?s={search_term_string}\"},\"query-input\":{\"@type\":\"PropertyValueSpecification\",\"valueRequired\":true,\"valueName\":\"search_term_string\"}}],\"inLanguage\":\"pt-PT\"},{\"@type\":\"Organization\",\"@id\":\"https:\/\/www.ipim.gov.mo\/zh-hans\/#organization\",\"name\":\"IPIM\",\"url\":\"https:\/\/www.ipim.gov.mo\/zh-hans\/\",\"logo\":{\"@type\":\"ImageObject\",\"inLanguage\":\"pt-PT\",\"@id\":\"https:\/\/www.ipim.gov.mo\/zh-hans\/#\/schema\/logo\/image\/\",\"url\":\"https:\/\/www.ipim.gov.mo\/wp-content\/uploads\/2022\/10\/default-post-thumbnail-ipim-logo.png\",\"contentUrl\":\"https:\/\/www.ipim.gov.mo\/wp-content\/uploads\/2022\/10\/default-post-thumbnail-ipim-logo.png\",\"width\":1024,\"height\":768,\"caption\":\"IPIM\"},\"image\":{\"@id\":\"https:\/\/www.ipim.gov.mo\/zh-hans\/#\/schema\/logo\/image\/\"}}]}<\/script>\r\n<!-- \/ Yoast SEO plugin. -->","yoast_head_json":{"title":"[2023\/09\/13] [Aprofundamento da Coopera\u00e7\u00e3o] \u201cReuni\u00e3o Conjunta das Associa\u00e7\u00f5es Comerciais do Interior da China e de Macau 2023\u201d para discuss\u00e3o da participa\u00e7\u00e3o conjunta na constru\u00e7\u00e3o da Grande Ba\u00eda | Commerce and Investment Promotion Institute","robots":{"index":"index","follow":"follow","max-snippet":"max-snippet:-1","max-image-preview":"max-image-preview:large","max-video-preview":"max-video-preview:-1"},"canonical":"https:\/\/www.ipim.gov.mo\/pt-pt\/noticias-do-ipim\/2023-09-14-aprofundamento-da-cooperacao-reuniao-conjunta-das-associacoes-comerciais-do-interior-da-china-e-de-macau-2023-para-discussao-da-participacao-conjunta-na-construcao-da\/","og_locale":"pt_PT","og_type":"article","og_title":"[2023\/09\/13] [Aprofundamento da Coopera\u00e7\u00e3o] \u201cReuni\u00e3o Conjunta das Associa\u00e7\u00f5es Comerciais do Interior da China e de Macau 2023\u201d para discuss\u00e3o da participa\u00e7\u00e3o conjunta na constru\u00e7\u00e3o da Grande Ba\u00eda | Commerce and Investment Promotion Institute","og_description":"Realizou-se hoje (13) em Macau a \u201cReuni&atilde;o Conjunta das Associa&ccedil;&otilde;es Comerciais do Interior da China e de Macau 2023\u201d, que contou com a participa&ccedil;&atilde;o de [&hellip;]","og_url":"https:\/\/www.ipim.gov.mo\/pt-pt\/noticias-do-ipim\/2023-09-14-aprofundamento-da-cooperacao-reuniao-conjunta-das-associacoes-comerciais-do-interior-da-china-e-de-macau-2023-para-discussao-da-participacao-conjunta-na-construcao-da\/","og_site_name":"Commerce and Investment Promotion Institute","article_published_time":"2023-09-13T10:50:00+00:00","og_image":[{"width":1024,"height":768,"url":"https:\/\/www.ipim.gov.mo\/wp-content\/uploads\/2024\/07\/ipim-post-default.jpg","type":"image\/jpeg"}],"author":"admin","twitter_card":"summary_large_image","twitter_misc":{"Written by":"admin","Est. reading time":"6 minutes"},"schema":{"@context":"https:\/\/schema.org","@graph":[{"@type":"WebPage","@id":"https:\/\/www.ipim.gov.mo\/pt-pt\/noticias-do-ipim\/2023-09-14-aprofundamento-da-cooperacao-reuniao-conjunta-das-associacoes-comerciais-do-interior-da-china-e-de-macau-2023-para-discussao-da-participacao-conjunta-na-construcao-da\/","url":"https:\/\/www.ipim.gov.mo\/pt-pt\/noticias-do-ipim\/2023-09-14-aprofundamento-da-cooperacao-reuniao-conjunta-das-associacoes-comerciais-do-interior-da-china-e-de-macau-2023-para-discussao-da-participacao-conjunta-na-construcao-da\/","name":"[2023\/09\/13] [Aprofundamento da Coopera\u00e7\u00e3o] \u201cReuni\u00e3o Conjunta das Associa\u00e7\u00f5es Comerciais do Interior da China e de Macau 2023\u201d para discuss\u00e3o da participa\u00e7\u00e3o conjunta na constru\u00e7\u00e3o da Grande Ba\u00eda | Commerce and Investment Promotion Institute","isPartOf":{"@id":"https:\/\/www.ipim.gov.mo\/zh-hans\/#website"},"primaryImageOfPage":{"@id":"https:\/\/www.ipim.gov.mo\/pt-pt\/noticias-do-ipim\/2023-09-14-aprofundamento-da-cooperacao-reuniao-conjunta-das-associacoes-comerciais-do-interior-da-china-e-de-macau-2023-para-discussao-da-participacao-conjunta-na-construcao-da\/#primaryimage"},"image":{"@id":"https:\/\/www.ipim.gov.mo\/pt-pt\/noticias-do-ipim\/2023-09-14-aprofundamento-da-cooperacao-reuniao-conjunta-das-associacoes-comerciais-do-interior-da-china-e-de-macau-2023-para-discussao-da-participacao-conjunta-na-construcao-da\/#primaryimage"},"thumbnailUrl":"https:\/\/www.ipim.gov.mo\/wp-content\/uploads\/2024\/07\/ipim-post-default.jpg","datePublished":"2023-09-13T10:50:00+00:00","breadcrumb":{"@id":"https:\/\/www.ipim.gov.mo\/pt-pt\/noticias-do-ipim\/2023-09-14-aprofundamento-da-cooperacao-reuniao-conjunta-das-associacoes-comerciais-do-interior-da-china-e-de-macau-2023-para-discussao-da-participacao-conjunta-na-construcao-da\/#breadcrumb"},"inLanguage":"pt-PT","potentialAction":[{"@type":"ReadAction","target":["https:\/\/www.ipim.gov.mo\/pt-pt\/noticias-do-ipim\/2023-09-14-aprofundamento-da-cooperacao-reuniao-conjunta-das-associacoes-comerciais-do-interior-da-china-e-de-macau-2023-para-discussao-da-participacao-conjunta-na-construcao-da\/"]}]},{"@type":"ImageObject","inLanguage":"pt-PT","@id":"https:\/\/www.ipim.gov.mo\/pt-pt\/noticias-do-ipim\/2023-09-14-aprofundamento-da-cooperacao-reuniao-conjunta-das-associacoes-comerciais-do-interior-da-china-e-de-macau-2023-para-discussao-da-participacao-conjunta-na-construcao-da\/#primaryimage","url":"https:\/\/www.ipim.gov.mo\/wp-content\/uploads\/2024\/07\/ipim-post-default.jpg","contentUrl":"https:\/\/www.ipim.gov.mo\/wp-content\/uploads\/2024\/07\/ipim-post-default.jpg","width":1024,"height":768},{"@type":"BreadcrumbList","@id":"https:\/\/www.ipim.gov.mo\/pt-pt\/noticias-do-ipim\/2023-09-14-aprofundamento-da-cooperacao-reuniao-conjunta-das-associacoes-comerciais-do-interior-da-china-e-de-macau-2023-para-discussao-da-participacao-conjunta-na-construcao-da\/#breadcrumb","itemListElement":[{"@type":"ListItem","position":1,"name":"Home","item":"https:\/\/www.ipim.gov.mo\/pt-pt\/"},{"@type":"ListItem","position":2,"name":"[2023\/09\/13] [Aprofundamento da Coopera\u00e7\u00e3o] \u201cReuni\u00e3o Conjunta das Associa\u00e7\u00f5es Comerciais do Interior da China e de Macau 2023\u201d para discuss\u00e3o da participa\u00e7\u00e3o conjunta na constru\u00e7\u00e3o da Grande Ba\u00eda"}]},{"@type":"WebSite","@id":"https:\/\/www.ipim.gov.mo\/zh-hans\/#website","url":"https:\/\/www.ipim.gov.mo\/zh-hans\/","name":"Commerce and Investment Promotion Institute","description":"Commerce and Investment Promotion Institute","publisher":{"@id":"https:\/\/www.ipim.gov.mo\/zh-hans\/#organization"},"potentialAction":[{"@type":"SearchAction","target":{"@type":"EntryPoint","urlTemplate":"https:\/\/www.ipim.gov.mo\/zh-hans\/?s={search_term_string}"},"query-input":{"@type":"PropertyValueSpecification","valueRequired":true,"valueName":"search_term_string"}}],"inLanguage":"pt-PT"},{"@type":"Organization","@id":"https:\/\/www.ipim.gov.mo\/zh-hans\/#organization","name":"IPIM","url":"https:\/\/www.ipim.gov.mo\/zh-hans\/","logo":{"@type":"ImageObject","inLanguage":"pt-PT","@id":"https:\/\/www.ipim.gov.mo\/zh-hans\/#\/schema\/logo\/image\/","url":"https:\/\/www.ipim.gov.mo\/wp-content\/uploads\/2022\/10\/default-post-thumbnail-ipim-logo.png","contentUrl":"https:\/\/www.ipim.gov.mo\/wp-content\/uploads\/2022\/10\/default-post-thumbnail-ipim-logo.png","width":1024,"height":768,"caption":"IPIM"},"image":{"@id":"https:\/\/www.ipim.gov.mo\/zh-hans\/#\/schema\/logo\/image\/"}}]}},"author_meta":{"display_name":"admin","author_link":"https:\/\/www.ipim.gov.mo\/pt-pt\/author\/admin\/"},"featured_img":"https:\/\/www.ipim.gov.mo\/wp-content\/uploads\/2024\/07\/ipim-post-default-300x225.jpg","coauthors":[],"tax_additional":{"categories":{"linked":["<a href=\"https:\/\/www.ipim.gov.mo\/pt-pt\/category\/noticias-do-ipim\/\" class=\"advgb-post-tax-term\">Not\u00edcias do IPIM<\/a>"],"unlinked":["<span class=\"advgb-post-tax-term\">Not\u00edcias do IPIM<\/span>"]}},"comment_count":"0","relative_dates":{"created":"Posted 3 years ago","modified":"Updated 3 years ago"},"absolute_dates":{"created":"Posted on Setembro 13, 2023","modified":"Updated on Setembro 13, 2023"},"absolute_dates_time":{"created":"Posted on Setembro 13, 2023 6:50 pm","modified":"Updated on Setembro 13, 2023 6:50 pm"},"featured_img_caption":"","series_order":"","_links":{"self":[{"href":"https:\/\/www.ipim.gov.mo\/pt-pt\/wp-json\/wp\/v2\/posts\/439364","targetHints":{"allow":["GET"]}}],"collection":[{"href":"https:\/\/www.ipim.gov.mo\/pt-pt\/wp-json\/wp\/v2\/posts"}],"about":[{"href":"https:\/\/www.ipim.gov.mo\/pt-pt\/wp-json\/wp\/v2\/types\/post"}],"author":[{"embeddable":true,"href":"https:\/\/www.ipim.gov.mo\/pt-pt\/wp-json\/wp\/v2\/users\/1"}],"replies":[{"embeddable":true,"href":"https:\/\/www.ipim.gov.mo\/pt-pt\/wp-json\/wp\/v2\/comments?post=439364"}],"version-history":[{"count":0,"href":"https:\/\/www.ipim.gov.mo\/pt-pt\/wp-json\/wp\/v2\/posts\/439364\/revisions"}],"wp:featuredmedia":[{"embeddable":true,"href":"https:\/\/www.ipim.gov.mo\/pt-pt\/wp-json\/wp\/v2\/media\/467868"}],"wp:attachment":[{"href":"https:\/\/www.ipim.gov.mo\/pt-pt\/wp-json\/wp\/v2\/media?parent=439364"}],"wp:term":[{"taxonomy":"category","embeddable":true,"href":"https:\/\/www.ipim.gov.mo\/pt-pt\/wp-json\/wp\/v2\/categories?post=439364"},{"taxonomy":"post_tag","embeddable":true,"href":"https:\/\/www.ipim.gov.mo\/pt-pt\/wp-json\/wp\/v2\/tags?post=439364"}],"curies":[{"name":"wp","href":"https:\/\/api.w.org\/{rel}","templated":true}]}}