{"id":439221,"date":"2023-09-12T21:27:48","date_gmt":"2023-09-12T13:27:48","guid":{"rendered":"https:\/\/www.ipim.gov.mo\/?p=439221"},"modified":"2023-09-12T21:37:55","modified_gmt":"2023-09-12T13:37:55","slug":"promocao-da-cooperacao-1-a-edicao-da-conferencia-industrial-e-comercial-para-o-desenvolvimento-da-grande-baia-guangdong-hong-kong-macau-tera-lugar-de-14-a-15-de-setembro-em-macau","status":"publish","type":"post","link":"https:\/\/www.ipim.gov.mo\/pt-pt\/noticias-do-ipim\/promocao-da-cooperacao-1-a-edicao-da-conferencia-industrial-e-comercial-para-o-desenvolvimento-da-grande-baia-guangdong-hong-kong-macau-tera-lugar-de-14-a-15-de-setembro-em-macau\/","title":{"rendered":"[2023\/09\/12]  [Promo\u00e7\u00e3o da coopera\u00e7\u00e3o] 1.\u00aa edi\u00e7\u00e3o da Confer\u00eancia Industrial e Comercial para o Desenvolvimento da Grande Ba\u00eda Guangdong-Hong Kong-Macau ter\u00e1 lugar de 14 a 15 de Setembro em Macau"},"content":{"rendered":"<div id=\"id3\" class=\"cell pt\">\n<div id=\"attachment_439222\" style=\"width: 613px\" class=\"wp-caption alignnone\"><a href=\"https:\/\/www.ipim.gov.mo\/wp-content\/uploads\/2023\/09\/pt.jpg\"><img loading=\"lazy\" decoding=\"async\" aria-describedby=\"caption-attachment-439222\" class=\"wp-image-439222 size-full\" src=\"https:\/\/www.ipim.gov.mo\/wp-content\/uploads\/2023\/09\/pt.jpg\" alt=\"\" width=\"603\" height=\"852\" srcset=\"https:\/\/www.ipim.gov.mo\/wp-content\/uploads\/2023\/09\/pt.jpg 603w, https:\/\/www.ipim.gov.mo\/wp-content\/uploads\/2023\/09\/pt-212x300.jpg 212w\" sizes=\"auto, (max-width: 603px) 100vw, 603px\" \/><\/a><p id=\"caption-attachment-439222\" class=\"wp-caption-text\">1.\u00aa edi\u00e7\u00e3o da Confer\u00eancia Industrial e Comercial para o Desenvolvimento da Grande Ba\u00eda Guangdong-Hong Kong-Macau ser\u00e1 realizada em Macau<\/p><\/div>\n<div class=\"cell grid-x\">\n<div class=\"langInfo cell grid-x\">\n<div id=\"id2\" class=\"cell baseContent baseSize text-justify content NEWS\">\n<p>Co-organizada pelo Conselho Chin\u00eas para a Promo\u00e7\u00e3o do Com\u00e9rcio Internacional (CCPIT, na sigla inglesa), pelo Governo Popular da Prov\u00edncia de Guangdong, pelo Governo da Regi\u00e3o Administrativa Especial de Hong Kong e pelo Governo da Regi\u00e3o Administrativa Especial de Macau, a 1.\u00aa edi\u00e7\u00e3o da Confer\u00eancia Industrial e Comercial para o Desenvolvimento da Grande Ba\u00eda Guangdong-Hong Kong-Macau ser\u00e1 realizada em Macau entre os dias 14 e 15 de Setembro. Cerca de 1000 convidados locais, nacionais e estrangeiras das esferas pol\u00edtica, comercial e acad\u00e9mica participar\u00e3o nesta Confer\u00eancia. Atrav\u00e9s da Confer\u00eancia, ser\u00e1 constru\u00edda uma plataforma para o sector industrial e comercial nacional e estrangeiro participar, de forma mais profunda, na Grande Ba\u00eda Guangdong-Hong Kong-Macau, a fim de promover uma coopera\u00e7\u00e3o de benef\u00edcios m\u00fatuos.<\/p>\n<p><strong>Contribuir para o contacto aprofundado entre a Grande Ba\u00eda Guangdong-Hong Kong-Macau e o sector industrial e comercial internacional<\/strong><\/p>\n<p>Subordinada ao tema \u201cGrande Ba\u00eda, Grande Estrat\u00e9gia, Grande Interc\u00e2mbio e Grande Desenvolvimento\u201d, durante os dois dias da Confer\u00eancia Industrial e Comercial ser\u00e3o realizados a cerim\u00f3nia de abertura, sess\u00e3o plen\u00e1ria, semin\u00e1rios tem\u00e1ticos paralelos, sess\u00f5es de promo\u00e7\u00e3o das cidades da Grande Ba\u00eda Guangdong-Hong Kong-Macau, sess\u00f5es de bolsas de contactos de projectos, visitas e outras actividades. A Confer\u00eancia ir\u00e1 centrar-se na discuss\u00e3o e no debate sobre economia digital, finan\u00e7as verdes, turismo cultural, conven\u00e7\u00f5es e exposi\u00e7\u00f5es, interconectividade, entre outros temas que interessam aos sectores industrial e comercial nacionais e estrangeiros. Entre as actividades, a sess\u00e3o plen\u00e1ria ter\u00e1 como tema \u201cConstru\u00e7\u00e3o Conjunta da Grande Ba\u00eda Guangdong-Hong Kong-Macau e Promo\u00e7\u00e3o Conjunta da Economia Mundial Aberta\u201d. Ser\u00e3o realizadas quatro sess\u00f5es de semin\u00e1rios tem\u00e1ticos paralelos, subordinados respectivamente aos temas seguintes: \u201cDesenvolvimento da Ind\u00fastria de Inova\u00e7\u00e3o e de Tecnologia com Economia Digital\u201d, \u201cContribui\u00e7\u00e3o das Finan\u00e7as Verdes para o Desenvolvimento Sustent\u00e1vel da Grande Ba\u00eda\u201d, \u201cSeguir Regras Econ\u00f3micas e Comerciais de Alto Padr\u00e3o Internacional para Promover a Integra\u00e7\u00e3o do Mercado\u201d e \u201cInovar o Desenvolvimento das Ind\u00fastrias de Cultura, Turismo, Conven\u00e7\u00f5es e Exposi\u00e7\u00f5es para Partilhar uma Grande Ba\u00eda Human\u00edstica\u201d. Na Confer\u00eancia, ser\u00e1 divulgada a Iniciativa de Macau para a Promo\u00e7\u00e3o da Coopera\u00e7\u00e3o Industrial e Comercial Internacional na Grande Ba\u00eda Guangdong-Hong Kong-Macau e ser\u00e1 realizada a cerim\u00f3nia de descerramento da placa do Centro da Arbitragem da Grande Ba\u00eda da Comiss\u00e3o de Arbitragem Mar\u00edtima da China (Sucursal do Sul da China).<\/p>\n<p><strong>S\u00e9rie de actividades promove vantagens de neg\u00f3cios na Grande Ba\u00eda Guangdong-Hong Kong-Macau<\/strong><\/p>\n<p>Al\u00e9m disso, durante a Confer\u00eancia Industrial e Comercial, ser\u00e3o realizadas sess\u00f5es de promo\u00e7\u00e3o das cidades da Grande Ba\u00eda Guangdong-Hong Kong-Macau e sess\u00f5es de bolsas de contactos de projectos, em que Guangdong, Hong Kong e Macau apresentar\u00e3o respectivamente o seu ambiente comercial e as suas vantagens, e realizar\u00e3o bolsas de contactos de projectos, com vista a melhorar a compreens\u00e3o dos participantes sobre a Grande Ba\u00eda Guangdong-Hong Kong-Macau, a aprofundar o interc\u00e2mbio e a coopera\u00e7\u00e3o e a aumentar ainda mais a influ\u00eancia global da Grande Ba\u00eda.<\/p>\n<p>Para proporcionar aos participantes um conhecimento mais profundo sobre o ambiente comercial da Grande Ba\u00eda Guangdong-Hong Kong-Macau, a entidade organizadora ir\u00e1 providenciar para que os participantes visitem, respectivamente, a Zona de Coopera\u00e7\u00e3o Aprofundada entre Guangdong e Macau em Hengqin, os Parques de Ci\u00eancia e Tecnologia de Hong Kong, e a Zona de Demonstra\u00e7\u00e3o de Coopera\u00e7\u00e3o Abrangente entre Guangdong, Hong Kong e Macau em Nansha Guangdong, bem como participem em visitas guiadas aos bairros comunit\u00e1rios de Macau.<\/p>\n<\/div>\n<\/div>\n<\/div>\n<div id=\"id4\">\n<div class=\"a2a_floating_style float_v show\">\n<div><\/div>\n<\/div>\n<\/div>\n<\/div>\n","protected":false},"excerpt":{"rendered":"<p>Co-organizada pelo Conselho Chin\u00eas para a Promo\u00e7\u00e3o do Com\u00e9rcio Internacional (CCPIT, na sigla inglesa), pelo Governo Popular da Prov\u00edncia de Guangdong, pelo Governo da Regi\u00e3o [&hellip;]<\/p>\n","protected":false},"author":1,"featured_media":439222,"comment_status":"closed","ping_status":"closed","sticky":false,"template":"","format":"standard","meta":{"_acf_changed":false,"inline_featured_image":false,"advgb_blocks_editor_width":"","advgb_blocks_columns_visual_guide":"","footnotes":""},"categories":[12],"tags":[],"class_list":["post-439221","post","type-post","status-publish","format-standard","has-post-thumbnail","hentry","category-noticias-do-ipim"],"acf":[],"yoast_head":"<!-- This site is optimized with the Yoast SEO plugin v26.2 - https:\/\/yoast.com\/wordpress\/plugins\/seo\/ -->\r\n<title>[2023\/09\/12] [Promo\u00e7\u00e3o da coopera\u00e7\u00e3o] 1.\u00aa edi\u00e7\u00e3o da Confer\u00eancia Industrial e Comercial para o Desenvolvimento da Grande Ba\u00eda Guangdong-Hong Kong-Macau ter\u00e1 lugar de 14 a 15 de Setembro em Macau | Commerce and Investment Promotion Institute<\/title>\r\n<meta name=\"robots\" content=\"index, follow, max-snippet:-1, max-image-preview:large, max-video-preview:-1\" \/>\r\n<link rel=\"canonical\" href=\"https:\/\/www.ipim.gov.mo\/pt-pt\/noticias-do-ipim\/promocao-da-cooperacao-1-a-edicao-da-conferencia-industrial-e-comercial-para-o-desenvolvimento-da-grande-baia-guangdong-hong-kong-macau-tera-lugar-de-14-a-15-de-setembro-em-macau\/\" \/>\r\n<meta property=\"og:locale\" content=\"pt_PT\" \/>\r\n<meta property=\"og:type\" content=\"article\" \/>\r\n<meta property=\"og:title\" content=\"[2023\/09\/12] [Promo\u00e7\u00e3o da coopera\u00e7\u00e3o] 1.\u00aa edi\u00e7\u00e3o da Confer\u00eancia Industrial e Comercial para o Desenvolvimento da Grande Ba\u00eda Guangdong-Hong Kong-Macau ter\u00e1 lugar de 14 a 15 de Setembro em Macau | Commerce and Investment Promotion Institute\" \/>\r\n<meta property=\"og:description\" content=\"Co-organizada pelo Conselho Chin\u00eas para a Promo\u00e7\u00e3o do Com\u00e9rcio Internacional (CCPIT, na sigla inglesa), pelo Governo Popular da Prov\u00edncia de Guangdong, pelo Governo da Regi\u00e3o [&hellip;]\" \/>\r\n<meta property=\"og:url\" content=\"https:\/\/www.ipim.gov.mo\/pt-pt\/noticias-do-ipim\/promocao-da-cooperacao-1-a-edicao-da-conferencia-industrial-e-comercial-para-o-desenvolvimento-da-grande-baia-guangdong-hong-kong-macau-tera-lugar-de-14-a-15-de-setembro-em-macau\/\" \/>\r\n<meta property=\"og:site_name\" content=\"Commerce and Investment Promotion Institute\" \/>\r\n<meta property=\"article:published_time\" content=\"2023-09-12T13:27:48+00:00\" \/>\r\n<meta property=\"article:modified_time\" content=\"2023-09-12T13:37:55+00:00\" \/>\r\n<meta property=\"og:image\" content=\"https:\/\/www.ipim.gov.mo\/wp-content\/uploads\/2023\/09\/pt.jpg\" \/>\r\n\t<meta property=\"og:image:width\" content=\"603\" \/>\r\n\t<meta property=\"og:image:height\" content=\"852\" \/>\r\n\t<meta property=\"og:image:type\" content=\"image\/jpeg\" \/>\r\n<meta name=\"author\" content=\"admin\" \/>\r\n<meta name=\"twitter:card\" content=\"summary_large_image\" \/>\r\n<meta name=\"twitter:label1\" content=\"Written by\" \/>\n\t<meta name=\"twitter:data1\" content=\"admin\" \/>\n\t<meta name=\"twitter:label2\" content=\"Est. reading time\" \/>\n\t<meta name=\"twitter:data2\" content=\"3 minutes\" \/>\r\n<script type=\"application\/ld+json\" class=\"yoast-schema-graph\">{\"@context\":\"https:\/\/schema.org\",\"@graph\":[{\"@type\":\"WebPage\",\"@id\":\"https:\/\/www.ipim.gov.mo\/pt-pt\/noticias-do-ipim\/promocao-da-cooperacao-1-a-edicao-da-conferencia-industrial-e-comercial-para-o-desenvolvimento-da-grande-baia-guangdong-hong-kong-macau-tera-lugar-de-14-a-15-de-setembro-em-macau\/\",\"url\":\"https:\/\/www.ipim.gov.mo\/pt-pt\/noticias-do-ipim\/promocao-da-cooperacao-1-a-edicao-da-conferencia-industrial-e-comercial-para-o-desenvolvimento-da-grande-baia-guangdong-hong-kong-macau-tera-lugar-de-14-a-15-de-setembro-em-macau\/\",\"name\":\"[2023\/09\/12] [Promo\u00e7\u00e3o da coopera\u00e7\u00e3o] 1.\u00aa edi\u00e7\u00e3o da Confer\u00eancia Industrial e Comercial para o Desenvolvimento da Grande Ba\u00eda Guangdong-Hong Kong-Macau ter\u00e1 lugar de 14 a 15 de Setembro em Macau | Commerce and Investment Promotion Institute\",\"isPartOf\":{\"@id\":\"https:\/\/www.ipim.gov.mo\/zh-hans\/#website\"},\"primaryImageOfPage\":{\"@id\":\"https:\/\/www.ipim.gov.mo\/pt-pt\/noticias-do-ipim\/promocao-da-cooperacao-1-a-edicao-da-conferencia-industrial-e-comercial-para-o-desenvolvimento-da-grande-baia-guangdong-hong-kong-macau-tera-lugar-de-14-a-15-de-setembro-em-macau\/#primaryimage\"},\"image\":{\"@id\":\"https:\/\/www.ipim.gov.mo\/pt-pt\/noticias-do-ipim\/promocao-da-cooperacao-1-a-edicao-da-conferencia-industrial-e-comercial-para-o-desenvolvimento-da-grande-baia-guangdong-hong-kong-macau-tera-lugar-de-14-a-15-de-setembro-em-macau\/#primaryimage\"},\"thumbnailUrl\":\"https:\/\/www.ipim.gov.mo\/wp-content\/uploads\/2023\/09\/pt.jpg\",\"datePublished\":\"2023-09-12T13:27:48+00:00\",\"dateModified\":\"2023-09-12T13:37:55+00:00\",\"breadcrumb\":{\"@id\":\"https:\/\/www.ipim.gov.mo\/pt-pt\/noticias-do-ipim\/promocao-da-cooperacao-1-a-edicao-da-conferencia-industrial-e-comercial-para-o-desenvolvimento-da-grande-baia-guangdong-hong-kong-macau-tera-lugar-de-14-a-15-de-setembro-em-macau\/#breadcrumb\"},\"inLanguage\":\"pt-PT\",\"potentialAction\":[{\"@type\":\"ReadAction\",\"target\":[\"https:\/\/www.ipim.gov.mo\/pt-pt\/noticias-do-ipim\/promocao-da-cooperacao-1-a-edicao-da-conferencia-industrial-e-comercial-para-o-desenvolvimento-da-grande-baia-guangdong-hong-kong-macau-tera-lugar-de-14-a-15-de-setembro-em-macau\/\"]}]},{\"@type\":\"ImageObject\",\"inLanguage\":\"pt-PT\",\"@id\":\"https:\/\/www.ipim.gov.mo\/pt-pt\/noticias-do-ipim\/promocao-da-cooperacao-1-a-edicao-da-conferencia-industrial-e-comercial-para-o-desenvolvimento-da-grande-baia-guangdong-hong-kong-macau-tera-lugar-de-14-a-15-de-setembro-em-macau\/#primaryimage\",\"url\":\"https:\/\/www.ipim.gov.mo\/wp-content\/uploads\/2023\/09\/pt.jpg\",\"contentUrl\":\"https:\/\/www.ipim.gov.mo\/wp-content\/uploads\/2023\/09\/pt.jpg\",\"width\":603,\"height\":852,\"caption\":\"1.\u00aa edi\u00e7\u00e3o da Confer\u00eancia Industrial e Comercial para o Desenvolvimento da Grande Ba\u00eda Guangdong-Hong Kong-Macau ser\u00e1 realizada em Macau\"},{\"@type\":\"BreadcrumbList\",\"@id\":\"https:\/\/www.ipim.gov.mo\/pt-pt\/noticias-do-ipim\/promocao-da-cooperacao-1-a-edicao-da-conferencia-industrial-e-comercial-para-o-desenvolvimento-da-grande-baia-guangdong-hong-kong-macau-tera-lugar-de-14-a-15-de-setembro-em-macau\/#breadcrumb\",\"itemListElement\":[{\"@type\":\"ListItem\",\"position\":1,\"name\":\"Home\",\"item\":\"https:\/\/www.ipim.gov.mo\/pt-pt\/\"},{\"@type\":\"ListItem\",\"position\":2,\"name\":\"[2023\/09\/12] [Promo\u00e7\u00e3o da coopera\u00e7\u00e3o] 1.\u00aa edi\u00e7\u00e3o da Confer\u00eancia Industrial e Comercial para o Desenvolvimento da Grande Ba\u00eda Guangdong-Hong Kong-Macau ter\u00e1 lugar de 14 a 15 de Setembro em Macau\"}]},{\"@type\":\"WebSite\",\"@id\":\"https:\/\/www.ipim.gov.mo\/zh-hans\/#website\",\"url\":\"https:\/\/www.ipim.gov.mo\/zh-hans\/\",\"name\":\"Commerce and Investment Promotion Institute\",\"description\":\"Commerce and Investment Promotion Institute\",\"publisher\":{\"@id\":\"https:\/\/www.ipim.gov.mo\/zh-hans\/#organization\"},\"potentialAction\":[{\"@type\":\"SearchAction\",\"target\":{\"@type\":\"EntryPoint\",\"urlTemplate\":\"https:\/\/www.ipim.gov.mo\/zh-hans\/?s={search_term_string}\"},\"query-input\":{\"@type\":\"PropertyValueSpecification\",\"valueRequired\":true,\"valueName\":\"search_term_string\"}}],\"inLanguage\":\"pt-PT\"},{\"@type\":\"Organization\",\"@id\":\"https:\/\/www.ipim.gov.mo\/zh-hans\/#organization\",\"name\":\"IPIM\",\"url\":\"https:\/\/www.ipim.gov.mo\/zh-hans\/\",\"logo\":{\"@type\":\"ImageObject\",\"inLanguage\":\"pt-PT\",\"@id\":\"https:\/\/www.ipim.gov.mo\/zh-hans\/#\/schema\/logo\/image\/\",\"url\":\"https:\/\/www.ipim.gov.mo\/wp-content\/uploads\/2022\/10\/default-post-thumbnail-ipim-logo.png\",\"contentUrl\":\"https:\/\/www.ipim.gov.mo\/wp-content\/uploads\/2022\/10\/default-post-thumbnail-ipim-logo.png\",\"width\":1024,\"height\":768,\"caption\":\"IPIM\"},\"image\":{\"@id\":\"https:\/\/www.ipim.gov.mo\/zh-hans\/#\/schema\/logo\/image\/\"}}]}<\/script>\r\n<!-- \/ Yoast SEO plugin. -->","yoast_head_json":{"title":"[2023\/09\/12] [Promo\u00e7\u00e3o da coopera\u00e7\u00e3o] 1.\u00aa edi\u00e7\u00e3o da Confer\u00eancia Industrial e Comercial para o Desenvolvimento da Grande Ba\u00eda Guangdong-Hong Kong-Macau ter\u00e1 lugar de 14 a 15 de Setembro em Macau | Commerce and Investment Promotion Institute","robots":{"index":"index","follow":"follow","max-snippet":"max-snippet:-1","max-image-preview":"max-image-preview:large","max-video-preview":"max-video-preview:-1"},"canonical":"https:\/\/www.ipim.gov.mo\/pt-pt\/noticias-do-ipim\/promocao-da-cooperacao-1-a-edicao-da-conferencia-industrial-e-comercial-para-o-desenvolvimento-da-grande-baia-guangdong-hong-kong-macau-tera-lugar-de-14-a-15-de-setembro-em-macau\/","og_locale":"pt_PT","og_type":"article","og_title":"[2023\/09\/12] [Promo\u00e7\u00e3o da coopera\u00e7\u00e3o] 1.\u00aa edi\u00e7\u00e3o da Confer\u00eancia Industrial e Comercial para o Desenvolvimento da Grande Ba\u00eda Guangdong-Hong Kong-Macau ter\u00e1 lugar de 14 a 15 de Setembro em Macau | Commerce and Investment Promotion Institute","og_description":"Co-organizada pelo Conselho Chin\u00eas para a Promo\u00e7\u00e3o do Com\u00e9rcio Internacional (CCPIT, na sigla inglesa), pelo Governo Popular da Prov\u00edncia de Guangdong, pelo Governo da Regi\u00e3o [&hellip;]","og_url":"https:\/\/www.ipim.gov.mo\/pt-pt\/noticias-do-ipim\/promocao-da-cooperacao-1-a-edicao-da-conferencia-industrial-e-comercial-para-o-desenvolvimento-da-grande-baia-guangdong-hong-kong-macau-tera-lugar-de-14-a-15-de-setembro-em-macau\/","og_site_name":"Commerce and Investment Promotion Institute","article_published_time":"2023-09-12T13:27:48+00:00","article_modified_time":"2023-09-12T13:37:55+00:00","og_image":[{"width":603,"height":852,"url":"https:\/\/www.ipim.gov.mo\/wp-content\/uploads\/2023\/09\/pt.jpg","type":"image\/jpeg"}],"author":"admin","twitter_card":"summary_large_image","twitter_misc":{"Written by":"admin","Est. reading time":"3 minutes"},"schema":{"@context":"https:\/\/schema.org","@graph":[{"@type":"WebPage","@id":"https:\/\/www.ipim.gov.mo\/pt-pt\/noticias-do-ipim\/promocao-da-cooperacao-1-a-edicao-da-conferencia-industrial-e-comercial-para-o-desenvolvimento-da-grande-baia-guangdong-hong-kong-macau-tera-lugar-de-14-a-15-de-setembro-em-macau\/","url":"https:\/\/www.ipim.gov.mo\/pt-pt\/noticias-do-ipim\/promocao-da-cooperacao-1-a-edicao-da-conferencia-industrial-e-comercial-para-o-desenvolvimento-da-grande-baia-guangdong-hong-kong-macau-tera-lugar-de-14-a-15-de-setembro-em-macau\/","name":"[2023\/09\/12] [Promo\u00e7\u00e3o da coopera\u00e7\u00e3o] 1.\u00aa edi\u00e7\u00e3o da Confer\u00eancia Industrial e Comercial para o Desenvolvimento da Grande Ba\u00eda Guangdong-Hong Kong-Macau ter\u00e1 lugar de 14 a 15 de Setembro em Macau | Commerce and Investment Promotion Institute","isPartOf":{"@id":"https:\/\/www.ipim.gov.mo\/zh-hans\/#website"},"primaryImageOfPage":{"@id":"https:\/\/www.ipim.gov.mo\/pt-pt\/noticias-do-ipim\/promocao-da-cooperacao-1-a-edicao-da-conferencia-industrial-e-comercial-para-o-desenvolvimento-da-grande-baia-guangdong-hong-kong-macau-tera-lugar-de-14-a-15-de-setembro-em-macau\/#primaryimage"},"image":{"@id":"https:\/\/www.ipim.gov.mo\/pt-pt\/noticias-do-ipim\/promocao-da-cooperacao-1-a-edicao-da-conferencia-industrial-e-comercial-para-o-desenvolvimento-da-grande-baia-guangdong-hong-kong-macau-tera-lugar-de-14-a-15-de-setembro-em-macau\/#primaryimage"},"thumbnailUrl":"https:\/\/www.ipim.gov.mo\/wp-content\/uploads\/2023\/09\/pt.jpg","datePublished":"2023-09-12T13:27:48+00:00","dateModified":"2023-09-12T13:37:55+00:00","breadcrumb":{"@id":"https:\/\/www.ipim.gov.mo\/pt-pt\/noticias-do-ipim\/promocao-da-cooperacao-1-a-edicao-da-conferencia-industrial-e-comercial-para-o-desenvolvimento-da-grande-baia-guangdong-hong-kong-macau-tera-lugar-de-14-a-15-de-setembro-em-macau\/#breadcrumb"},"inLanguage":"pt-PT","potentialAction":[{"@type":"ReadAction","target":["https:\/\/www.ipim.gov.mo\/pt-pt\/noticias-do-ipim\/promocao-da-cooperacao-1-a-edicao-da-conferencia-industrial-e-comercial-para-o-desenvolvimento-da-grande-baia-guangdong-hong-kong-macau-tera-lugar-de-14-a-15-de-setembro-em-macau\/"]}]},{"@type":"ImageObject","inLanguage":"pt-PT","@id":"https:\/\/www.ipim.gov.mo\/pt-pt\/noticias-do-ipim\/promocao-da-cooperacao-1-a-edicao-da-conferencia-industrial-e-comercial-para-o-desenvolvimento-da-grande-baia-guangdong-hong-kong-macau-tera-lugar-de-14-a-15-de-setembro-em-macau\/#primaryimage","url":"https:\/\/www.ipim.gov.mo\/wp-content\/uploads\/2023\/09\/pt.jpg","contentUrl":"https:\/\/www.ipim.gov.mo\/wp-content\/uploads\/2023\/09\/pt.jpg","width":603,"height":852,"caption":"1.\u00aa edi\u00e7\u00e3o da Confer\u00eancia Industrial e Comercial para o Desenvolvimento da Grande Ba\u00eda Guangdong-Hong Kong-Macau ser\u00e1 realizada em Macau"},{"@type":"BreadcrumbList","@id":"https:\/\/www.ipim.gov.mo\/pt-pt\/noticias-do-ipim\/promocao-da-cooperacao-1-a-edicao-da-conferencia-industrial-e-comercial-para-o-desenvolvimento-da-grande-baia-guangdong-hong-kong-macau-tera-lugar-de-14-a-15-de-setembro-em-macau\/#breadcrumb","itemListElement":[{"@type":"ListItem","position":1,"name":"Home","item":"https:\/\/www.ipim.gov.mo\/pt-pt\/"},{"@type":"ListItem","position":2,"name":"[2023\/09\/12] [Promo\u00e7\u00e3o da coopera\u00e7\u00e3o] 1.\u00aa edi\u00e7\u00e3o da Confer\u00eancia Industrial e Comercial para o Desenvolvimento da Grande Ba\u00eda Guangdong-Hong Kong-Macau ter\u00e1 lugar de 14 a 15 de Setembro em Macau"}]},{"@type":"WebSite","@id":"https:\/\/www.ipim.gov.mo\/zh-hans\/#website","url":"https:\/\/www.ipim.gov.mo\/zh-hans\/","name":"Commerce and Investment Promotion Institute","description":"Commerce and Investment Promotion Institute","publisher":{"@id":"https:\/\/www.ipim.gov.mo\/zh-hans\/#organization"},"potentialAction":[{"@type":"SearchAction","target":{"@type":"EntryPoint","urlTemplate":"https:\/\/www.ipim.gov.mo\/zh-hans\/?s={search_term_string}"},"query-input":{"@type":"PropertyValueSpecification","valueRequired":true,"valueName":"search_term_string"}}],"inLanguage":"pt-PT"},{"@type":"Organization","@id":"https:\/\/www.ipim.gov.mo\/zh-hans\/#organization","name":"IPIM","url":"https:\/\/www.ipim.gov.mo\/zh-hans\/","logo":{"@type":"ImageObject","inLanguage":"pt-PT","@id":"https:\/\/www.ipim.gov.mo\/zh-hans\/#\/schema\/logo\/image\/","url":"https:\/\/www.ipim.gov.mo\/wp-content\/uploads\/2022\/10\/default-post-thumbnail-ipim-logo.png","contentUrl":"https:\/\/www.ipim.gov.mo\/wp-content\/uploads\/2022\/10\/default-post-thumbnail-ipim-logo.png","width":1024,"height":768,"caption":"IPIM"},"image":{"@id":"https:\/\/www.ipim.gov.mo\/zh-hans\/#\/schema\/logo\/image\/"}}]}},"author_meta":{"display_name":"admin","author_link":"https:\/\/www.ipim.gov.mo\/pt-pt\/author\/admin\/"},"featured_img":"https:\/\/www.ipim.gov.mo\/wp-content\/uploads\/2023\/09\/pt-212x300.jpg","coauthors":[],"tax_additional":{"categories":{"linked":["<a href=\"https:\/\/www.ipim.gov.mo\/pt-pt\/category\/noticias-do-ipim\/\" class=\"advgb-post-tax-term\">Not\u00edcias do IPIM<\/a>"],"unlinked":["<span class=\"advgb-post-tax-term\">Not\u00edcias do IPIM<\/span>"]}},"comment_count":"0","relative_dates":{"created":"Posted 3 years ago","modified":"Updated 3 years ago"},"absolute_dates":{"created":"Posted on Setembro 12, 2023","modified":"Updated on Setembro 12, 2023"},"absolute_dates_time":{"created":"Posted on Setembro 12, 2023 9:27 pm","modified":"Updated on Setembro 12, 2023 9:37 pm"},"featured_img_caption":"1.\u00aa edi\u00e7\u00e3o da Confer\u00eancia Industrial e Comercial para o Desenvolvimento da Grande Ba\u00eda Guangdong-Hong Kong-Macau ser\u00e1 realizada em Macau\n\n","series_order":"","_links":{"self":[{"href":"https:\/\/www.ipim.gov.mo\/pt-pt\/wp-json\/wp\/v2\/posts\/439221","targetHints":{"allow":["GET"]}}],"collection":[{"href":"https:\/\/www.ipim.gov.mo\/pt-pt\/wp-json\/wp\/v2\/posts"}],"about":[{"href":"https:\/\/www.ipim.gov.mo\/pt-pt\/wp-json\/wp\/v2\/types\/post"}],"author":[{"embeddable":true,"href":"https:\/\/www.ipim.gov.mo\/pt-pt\/wp-json\/wp\/v2\/users\/1"}],"replies":[{"embeddable":true,"href":"https:\/\/www.ipim.gov.mo\/pt-pt\/wp-json\/wp\/v2\/comments?post=439221"}],"version-history":[{"count":0,"href":"https:\/\/www.ipim.gov.mo\/pt-pt\/wp-json\/wp\/v2\/posts\/439221\/revisions"}],"wp:featuredmedia":[{"embeddable":true,"href":"https:\/\/www.ipim.gov.mo\/pt-pt\/wp-json\/wp\/v2\/media\/439222"}],"wp:attachment":[{"href":"https:\/\/www.ipim.gov.mo\/pt-pt\/wp-json\/wp\/v2\/media?parent=439221"}],"wp:term":[{"taxonomy":"category","embeddable":true,"href":"https:\/\/www.ipim.gov.mo\/pt-pt\/wp-json\/wp\/v2\/categories?post=439221"},{"taxonomy":"post_tag","embeddable":true,"href":"https:\/\/www.ipim.gov.mo\/pt-pt\/wp-json\/wp\/v2\/tags?post=439221"}],"curies":[{"name":"wp","href":"https:\/\/api.w.org\/{rel}","templated":true}]}}