{"id":438392,"date":"2023-09-04T17:08:00","date_gmt":"2023-09-04T09:08:00","guid":{"rendered":"https:\/\/www.ipim.gov.mo\/noticias-do-ipim\/2023-09-06-semana-de-macau-em-tianjin-atesta-a-popularidade-dos-produtos-de-macau-e-dos-paises-de-lingua-portuguesa-e-promove-a-expansao-de-mercados-de-pequim-tianjin-hebei\/"},"modified":"2023-09-04T17:08:00","modified_gmt":"2023-09-04T09:08:00","slug":"2023-09-06-semana-de-macau-em-tianjin-atesta-a-popularidade-dos-produtos-de-macau-e-dos-paises-de-lingua-portuguesa-e-promove-a-expansao-de-mercados-de-pequim-tianjin-hebei","status":"publish","type":"post","link":"https:\/\/www.ipim.gov.mo\/pt-pt\/noticias-do-ipim\/2023-09-06-semana-de-macau-em-tianjin-atesta-a-popularidade-dos-produtos-de-macau-e-dos-paises-de-lingua-portuguesa-e-promove-a-expansao-de-mercados-de-pequim-tianjin-hebei\/","title":{"rendered":"[2023\/09\/04] [Semana de Macau em Tianjin] Atesta a popularidade dos produtos de Macau e dos pa\u00edses de l\u00edngua portuguesa e promove a expans\u00e3o de mercados de Pequim-Tianjin-Hebei"},"content":{"rendered":"<p style=\"text-align:justify\">A \u201cSemana de Macau em Tianjin\u201d encerrou hoje (4 de Setembro) ap&oacute;s cinco dias consecutivos de actividades. No &acirc;mbito do evento, e sob a coordena&ccedil;&atilde;o do IPIM, 28 empresas de Macau instalaram uma zona de exposi&ccedil;&atilde;o na rua pedonal Heping Lu (Jinjie) na cidade de Tianjin onde divulgaram e venderam produtos de Macau e dos pa&iacute;ses de l&iacute;ngua portuguesa. O evento atraiu um grande n&uacute;mero de cidad&atilde;os e turistas de Tianjin.<\/p>\n<p style=\"text-align:justify\"><strong>Promo&ccedil;&atilde;o <em>online<\/em> e <em>offline<\/em> de produtos de Macau e dos pa&iacute;ses de l&iacute;ngua portuguesa<\/strong><\/p>\n<p style=\"text-align:justify\">Este evento itinerante contou com diversos pontos de <em>check-in<\/em> e um sistema de incentivo por acumula&ccedil;&atilde;o de carimbos a serem trocados por pr&eacute;mios. De forma a ir ao encontro dos padr&otilde;es de recep&ccedil;&atilde;o e consumo do p&uacute;blico do Interior da China, foram convidados v&aacute;rios influenciadores das redes sociais para visitarem a &aacute;rea de exposi&ccedil;&atilde;o e, por via de transmiss&atilde;o ao vivo, complementarem a vertente <em>online<\/em> do evento, que ofereceu tamb&eacute;m a possibilidade de encomenda atrav&eacute;s da plataforma <em>online<\/em>. Atrav&eacute;s destes canais, os participantes fizeram encomendas de lembran&ccedil;as comest&iacute;veis, vinhos, bebidas e produtos de sa&uacute;de. Os canais de divulga&ccedil;&atilde;o cobriram as principais plataformas electr&oacute;nicas e redes sociais como Taobao, Xiaohongshu, Douyin, Weibo, WeChat e Dianping.<\/p>\n<p style=\"text-align:justify\">Um morador de Tianjin que tinha visitado Macau disse que o evento lhe permitiu adquirir mais conhecimentos sobre as lembran&ccedil;as e bolos tradicionais de Macau, bem como sobre os cosm&eacute;ticos, roupas e outras marcas locais que n&atilde;o conhecia. O mesmo visitante manifestou tamb&eacute;m o desejo de voltar a Macau mais uma vez para explorar melhor as riquezas desta pequena cidade, o seu patrim&oacute;nio hist&oacute;rico e a sua variedade gastron&oacute;mica. Alguns expositores de Macau acreditam que a participa&ccedil;&atilde;o em eventos como este permite que mais consumidores do Interior da China fiquem a conhecer os produtos locais e dos pa&iacute;ses de l&iacute;ngua portuguesa, e s&atilde;o uma oportunidade de expandir os canais de vendas.<\/p>\n<p style=\"text-align:justify\"><strong>Evento contribuiu para a expans&atilde;o das empresas de Macau nos mercados de Pequim-Tianjin-Hebei<\/strong><\/p>\n<p style=\"text-align:justify\">Mais de 160 representantes de empresas de Tianjin e Macau participaram nas &quot;Sess&otilde;es de Bolsas de Contactos Tianjin-Macau&quot;, que tiveram lugar no dia 1 de Setembro e foram co-organizadas pelos IPIM, Servi&ccedil;os de Com&eacute;rcio de Tianjin e Delega&ccedil;&atilde;o de Tianjin do Conselho Chin&ecirc;s para a Promo&ccedil;&atilde;o do Com&eacute;rcio Internacional (CCPIT). Estas sess&otilde;es ocorreram no &acirc;mbito da &quot;Semana de Macau em Tianjin&quot; e procuraram incentivar o interc&acirc;mbio econ&oacute;mico e comercial entre ambas as cidades. Mais de 40 empresas de Macau e 90 empresas de Tianjin realizaram cerca de 140 negocia&ccedil;&otilde;es nos dom&iacute;nios da sa&uacute;de, com&eacute;rcio grossista, restaura&ccedil;&atilde;o, turismo cultural e exposi&ccedil;&otilde;es.<\/p>\n<p style=\"text-align:justify\">Ao mesmo tempo, as Sess&otilde;es facilitaram mais de 140 negocia&ccedil;&otilde;es comerciais, incluindo uma empresa alimentar de Macau que chegou a um acordo de venda de bolos da lua para o Interior da China.<\/p>\n<div class=\"wp-caption alignnone\">\n                <a href=\"https:\/\/www.gcs.gov.mo\/news\/p\/P23IDqnwnY\/l\" data-component=\"Popup\" data-fancybox=\"gallery\" data-caption=\"\u201cSemana de Macau em Tianjin\u201d encerra hoje (4 de Setembro)\" data-type=\"image\"><br \/>\n                <img decoding=\"async\" class=\"size-large\" src=\"https:\/\/www.gcs.gov.mo\/news\/p\/P23IDqnwnY\/l\" title=\"\u201cSemana de Macau em Tianjin\u201d encerra hoje (4 de Setembro)\" alt=\"\u201cSemana de Macau em Tianjin\u201d encerra hoje (4 de Setembro)\" width=\"1024\"><br \/>\n                <\/a><\/p>\n<p class=\"wp-caption-text\">\u201cSemana de Macau em Tianjin\u201d encerra hoje (4 de Setembro)<\/p>\n<\/p><\/div>\n<div class=\"wp-caption alignnone\">\n                <a href=\"https:\/\/www.gcs.gov.mo\/news\/p\/P23IDfEiJy\/l\" data-component=\"Popup\" data-fancybox=\"gallery\" data-caption=\"Produtos de Macau e dos pa\u00edses de l\u00edngua portuguesa tiveram uma boa aceita\u00e7\u00e3o na \u201cSemana de Macau em Tianjin\u201d\" data-type=\"image\"><br \/>\n                <img decoding=\"async\" class=\"size-large\" src=\"https:\/\/www.gcs.gov.mo\/news\/p\/P23IDfEiJy\/l\" title=\"Produtos de Macau e dos pa\u00edses de l\u00edngua portuguesa tiveram uma boa aceita\u00e7\u00e3o na \u201cSemana de Macau em Tianjin\u201d\" alt=\"Produtos de Macau e dos pa\u00edses de l\u00edngua portuguesa tiveram uma boa aceita\u00e7\u00e3o na \u201cSemana de Macau em Tianjin\u201d\" width=\"1024\"><br \/>\n                <\/a><\/p>\n<p class=\"wp-caption-text\">Produtos de Macau e dos pa\u00edses de l\u00edngua portuguesa tiveram uma boa aceita\u00e7\u00e3o na \u201cSemana de Macau em Tianjin\u201d<\/p>\n<\/p><\/div>\n<div class=\"wp-caption alignnone\">\n                <a href=\"https:\/\/www.gcs.gov.mo\/news\/p\/P23IDLCky1\/l\" data-component=\"Popup\" data-fancybox=\"gallery\" data-caption=\"Produtos de Macau e dos pa\u00edses de l\u00edngua portuguesa tiveram uma boa aceita\u00e7\u00e3o na \u201cSemana de Macau em Tianjin\u201d\" data-type=\"image\"><br \/>\n                <img decoding=\"async\" class=\"size-large\" src=\"https:\/\/www.gcs.gov.mo\/news\/p\/P23IDLCky1\/l\" title=\"Produtos de Macau e dos pa\u00edses de l\u00edngua portuguesa tiveram uma boa aceita\u00e7\u00e3o na \u201cSemana de Macau em Tianjin\u201d\" alt=\"Produtos de Macau e dos pa\u00edses de l\u00edngua portuguesa tiveram uma boa aceita\u00e7\u00e3o na \u201cSemana de Macau em Tianjin\u201d\" width=\"1024\"><br \/>\n                <\/a><\/p>\n<p class=\"wp-caption-text\">Produtos de Macau e dos pa\u00edses de l\u00edngua portuguesa tiveram uma boa aceita\u00e7\u00e3o na \u201cSemana de Macau em Tianjin\u201d<\/p>\n<\/p><\/div>\n<div class=\"wp-caption alignnone\">\n                <a href=\"https:\/\/www.gcs.gov.mo\/news\/p\/P23IDC7rfH\/l\" data-component=\"Popup\" data-fancybox=\"gallery\" data-caption=\"Produtos de Macau e dos pa\u00edses de l\u00edngua portuguesa tiveram uma boa aceita\u00e7\u00e3o na \u201cSemana de Macau em Tianjin\u201d\" data-type=\"image\"><br \/>\n                <img decoding=\"async\" class=\"size-large\" src=\"https:\/\/www.gcs.gov.mo\/news\/p\/P23IDC7rfH\/l\" title=\"Produtos de Macau e dos pa\u00edses de l\u00edngua portuguesa tiveram uma boa aceita\u00e7\u00e3o na \u201cSemana de Macau em Tianjin\u201d\" alt=\"Produtos de Macau e dos pa\u00edses de l\u00edngua portuguesa tiveram uma boa aceita\u00e7\u00e3o na \u201cSemana de Macau em Tianjin\u201d\" width=\"1024\"><br \/>\n                <\/a><\/p>\n<p class=\"wp-caption-text\">Produtos de Macau e dos pa\u00edses de l\u00edngua portuguesa tiveram uma boa aceita\u00e7\u00e3o na \u201cSemana de Macau em Tianjin\u201d<\/p>\n<\/p><\/div>\n<div class=\"wp-caption alignnone\">\n                <a href=\"https:\/\/www.gcs.gov.mo\/news\/p\/P23ID1Nq64\/l\" data-component=\"Popup\" data-fancybox=\"gallery\" data-caption=\"V\u00e1rios influenciadores das redes socias foram convidados a participar e fazer transmiss\u00f5es ao vivo no evento\" data-type=\"image\"><br \/>\n                <img decoding=\"async\" class=\"size-large\" src=\"https:\/\/www.gcs.gov.mo\/news\/p\/P23ID1Nq64\/l\" title=\"V\u00e1rios influenciadores das redes socias foram convidados a participar e fazer transmiss\u00f5es ao vivo no evento\" alt=\"V\u00e1rios influenciadores das redes socias foram convidados a participar e fazer transmiss\u00f5es ao vivo no evento\" width=\"1024\"><br \/>\n                <\/a><\/p>\n<p class=\"wp-caption-text\">V\u00e1rios influenciadores das redes socias foram convidados a participar e fazer transmiss\u00f5es ao vivo no evento<\/p>\n<\/p><\/div>\n<div class=\"wp-caption alignnone\">\n                <a href=\"https:\/\/www.gcs.gov.mo\/news\/p\/P23ID33jCh\/l\" data-component=\"Popup\" data-fancybox=\"gallery\" data-caption=\"Recolhendo carimbos nas tendinhas, os visitantes podem troc\u00e1-los por uma vasta gama de produtos caracter\u00edsticos de Macau e dos pa\u00edses de l\u00edngua portuguesa, assim como por lembran\u00e7as de estilo lus\u00f3fono\" data-type=\"image\"><br \/>\n                <img decoding=\"async\" class=\"size-large\" src=\"https:\/\/www.gcs.gov.mo\/news\/p\/P23ID33jCh\/l\" title=\"Recolhendo carimbos nas tendinhas, os visitantes podem troc\u00e1-los por uma vasta gama de produtos caracter\u00edsticos de Macau e dos pa\u00edses de l\u00edngua portuguesa, assim como por lembran\u00e7as de estilo lus\u00f3fono\" alt=\"Recolhendo carimbos nas tendinhas, os visitantes podem troc\u00e1-los por uma vasta gama de produtos caracter\u00edsticos de Macau e dos pa\u00edses de l\u00edngua portuguesa, assim como por lembran\u00e7as de estilo lus\u00f3fono\" width=\"1024\"><br \/>\n                <\/a><\/p>\n<p class=\"wp-caption-text\">Recolhendo carimbos nas tendinhas, os visitantes podem troc\u00e1-los por uma vasta gama de produtos caracter\u00edsticos de Macau e dos pa\u00edses de l\u00edngua portuguesa, assim como por lembran\u00e7as de estilo lus\u00f3fono<\/p>\n<\/p><\/div>\n<div class=\"wp-caption alignnone\">\n                <a href=\"https:\/\/www.gcs.gov.mo\/news\/p\/P23ID3VlHI\/l\" data-component=\"Popup\" data-fancybox=\"gallery\" data-caption=\"V\u00e1rios pontos de check-in na \u00e1rea de exposi\u00e7\u00e3o\" data-type=\"image\"><br \/>\n                <img decoding=\"async\" class=\"size-large\" src=\"https:\/\/www.gcs.gov.mo\/news\/p\/P23ID3VlHI\/l\" title=\"V\u00e1rios pontos de check-in na \u00e1rea de exposi\u00e7\u00e3o\" alt=\"V\u00e1rios pontos de check-in na \u00e1rea de exposi\u00e7\u00e3o\" width=\"1024\"><br \/>\n                <\/a><\/p>\n<p class=\"wp-caption-text\">V\u00e1rios pontos de check-in na \u00e1rea de exposi\u00e7\u00e3o<\/p>\n<\/p><\/div>\n<div class=\"wp-caption alignnone\">\n                <a href=\"https:\/\/www.gcs.gov.mo\/news\/p\/P23IDWEIoG\/l\" data-component=\"Popup\" data-fancybox=\"gallery\" data-caption=\"Mais de 160 representantes de empresas de Tianjin e Macau participaram nas &quot;Sess\u00f5es de Bolsas de Contactos Tianjin-Macau&quot;\" data-type=\"image\"><br \/>\n                <img decoding=\"async\" class=\"size-large\" src=\"https:\/\/www.gcs.gov.mo\/news\/p\/P23IDWEIoG\/l\" title=\"Mais de 160 representantes de empresas de Tianjin e Macau participaram nas &quot;Sess\u00f5es de Bolsas de Contactos Tianjin-Macau&quot;\" alt=\"Mais de 160 representantes de empresas de Tianjin e Macau participaram nas &quot;Sess\u00f5es de Bolsas de Contactos Tianjin-Macau&quot;\" width=\"1024\"><br \/>\n                <\/a><\/p>\n<p class=\"wp-caption-text\">Mais de 160 representantes de empresas de Tianjin e Macau participaram nas &quot;Sess\u00f5es de Bolsas de Contactos Tianjin-Macau&quot;<\/p>\n<\/p><\/div>\n","protected":false},"excerpt":{"rendered":"<p>A \u201cSemana de Macau em Tianjin\u201d encerrou hoje (4 de Setembro) ap&oacute;s cinco dias consecutivos de actividades. No &acirc;mbito do evento, e sob a coordena&ccedil;&atilde;o [&hellip;]<\/p>\n","protected":false},"author":1,"featured_media":467868,"comment_status":"closed","ping_status":"closed","sticky":false,"template":"","format":"standard","meta":{"_acf_changed":false,"inline_featured_image":false,"advgb_blocks_editor_width":"","advgb_blocks_columns_visual_guide":"","footnotes":""},"categories":[12],"tags":[],"class_list":["post-438392","post","type-post","status-publish","format-standard","has-post-thumbnail","hentry","category-noticias-do-ipim"],"acf":[],"yoast_head":"<!-- This site is optimized with the Yoast SEO plugin v26.2 - https:\/\/yoast.com\/wordpress\/plugins\/seo\/ -->\r\n<title>[2023\/09\/04] [Semana de Macau em Tianjin] Atesta a popularidade dos produtos de Macau e dos pa\u00edses de l\u00edngua portuguesa e promove a expans\u00e3o de mercados de Pequim-Tianjin-Hebei | Commerce and Investment Promotion Institute<\/title>\r\n<meta name=\"robots\" content=\"index, follow, max-snippet:-1, max-image-preview:large, max-video-preview:-1\" \/>\r\n<link rel=\"canonical\" href=\"https:\/\/www.ipim.gov.mo\/pt-pt\/noticias-do-ipim\/2023-09-06-semana-de-macau-em-tianjin-atesta-a-popularidade-dos-produtos-de-macau-e-dos-paises-de-lingua-portuguesa-e-promove-a-expansao-de-mercados-de-pequim-tianjin-hebei\/\" \/>\r\n<meta property=\"og:locale\" content=\"pt_PT\" \/>\r\n<meta property=\"og:type\" content=\"article\" \/>\r\n<meta property=\"og:title\" content=\"[2023\/09\/04] [Semana de Macau em Tianjin] Atesta a popularidade dos produtos de Macau e dos pa\u00edses de l\u00edngua portuguesa e promove a expans\u00e3o de mercados de Pequim-Tianjin-Hebei | Commerce and Investment Promotion Institute\" \/>\r\n<meta property=\"og:description\" content=\"A \u201cSemana de Macau em Tianjin\u201d encerrou hoje (4 de Setembro) ap&oacute;s cinco dias consecutivos de actividades. No &acirc;mbito do evento, e sob a coordena&ccedil;&atilde;o [&hellip;]\" \/>\r\n<meta property=\"og:url\" content=\"https:\/\/www.ipim.gov.mo\/pt-pt\/noticias-do-ipim\/2023-09-06-semana-de-macau-em-tianjin-atesta-a-popularidade-dos-produtos-de-macau-e-dos-paises-de-lingua-portuguesa-e-promove-a-expansao-de-mercados-de-pequim-tianjin-hebei\/\" \/>\r\n<meta property=\"og:site_name\" content=\"Commerce and Investment Promotion Institute\" \/>\r\n<meta property=\"article:published_time\" content=\"2023-09-04T09:08:00+00:00\" \/>\r\n<meta property=\"og:image\" content=\"https:\/\/www.ipim.gov.mo\/wp-content\/uploads\/2024\/07\/ipim-post-default.jpg\" \/>\r\n\t<meta property=\"og:image:width\" content=\"1024\" \/>\r\n\t<meta property=\"og:image:height\" content=\"768\" \/>\r\n\t<meta property=\"og:image:type\" content=\"image\/jpeg\" \/>\r\n<meta name=\"author\" content=\"admin\" \/>\r\n<meta name=\"twitter:card\" content=\"summary_large_image\" \/>\r\n<meta name=\"twitter:label1\" content=\"Written by\" \/>\n\t<meta name=\"twitter:data1\" content=\"admin\" \/>\n\t<meta name=\"twitter:label2\" content=\"Est. reading time\" \/>\n\t<meta name=\"twitter:data2\" content=\"4 minutes\" \/>\r\n<script type=\"application\/ld+json\" class=\"yoast-schema-graph\">{\"@context\":\"https:\/\/schema.org\",\"@graph\":[{\"@type\":\"WebPage\",\"@id\":\"https:\/\/www.ipim.gov.mo\/pt-pt\/noticias-do-ipim\/2023-09-06-semana-de-macau-em-tianjin-atesta-a-popularidade-dos-produtos-de-macau-e-dos-paises-de-lingua-portuguesa-e-promove-a-expansao-de-mercados-de-pequim-tianjin-hebei\/\",\"url\":\"https:\/\/www.ipim.gov.mo\/pt-pt\/noticias-do-ipim\/2023-09-06-semana-de-macau-em-tianjin-atesta-a-popularidade-dos-produtos-de-macau-e-dos-paises-de-lingua-portuguesa-e-promove-a-expansao-de-mercados-de-pequim-tianjin-hebei\/\",\"name\":\"[2023\/09\/04] [Semana de Macau em Tianjin] Atesta a popularidade dos produtos de Macau e dos pa\u00edses de l\u00edngua portuguesa e promove a expans\u00e3o de mercados de Pequim-Tianjin-Hebei | Commerce and Investment Promotion Institute\",\"isPartOf\":{\"@id\":\"https:\/\/www.ipim.gov.mo\/zh-hans\/#website\"},\"primaryImageOfPage\":{\"@id\":\"https:\/\/www.ipim.gov.mo\/pt-pt\/noticias-do-ipim\/2023-09-06-semana-de-macau-em-tianjin-atesta-a-popularidade-dos-produtos-de-macau-e-dos-paises-de-lingua-portuguesa-e-promove-a-expansao-de-mercados-de-pequim-tianjin-hebei\/#primaryimage\"},\"image\":{\"@id\":\"https:\/\/www.ipim.gov.mo\/pt-pt\/noticias-do-ipim\/2023-09-06-semana-de-macau-em-tianjin-atesta-a-popularidade-dos-produtos-de-macau-e-dos-paises-de-lingua-portuguesa-e-promove-a-expansao-de-mercados-de-pequim-tianjin-hebei\/#primaryimage\"},\"thumbnailUrl\":\"https:\/\/www.ipim.gov.mo\/wp-content\/uploads\/2024\/07\/ipim-post-default.jpg\",\"datePublished\":\"2023-09-04T09:08:00+00:00\",\"breadcrumb\":{\"@id\":\"https:\/\/www.ipim.gov.mo\/pt-pt\/noticias-do-ipim\/2023-09-06-semana-de-macau-em-tianjin-atesta-a-popularidade-dos-produtos-de-macau-e-dos-paises-de-lingua-portuguesa-e-promove-a-expansao-de-mercados-de-pequim-tianjin-hebei\/#breadcrumb\"},\"inLanguage\":\"pt-PT\",\"potentialAction\":[{\"@type\":\"ReadAction\",\"target\":[\"https:\/\/www.ipim.gov.mo\/pt-pt\/noticias-do-ipim\/2023-09-06-semana-de-macau-em-tianjin-atesta-a-popularidade-dos-produtos-de-macau-e-dos-paises-de-lingua-portuguesa-e-promove-a-expansao-de-mercados-de-pequim-tianjin-hebei\/\"]}]},{\"@type\":\"ImageObject\",\"inLanguage\":\"pt-PT\",\"@id\":\"https:\/\/www.ipim.gov.mo\/pt-pt\/noticias-do-ipim\/2023-09-06-semana-de-macau-em-tianjin-atesta-a-popularidade-dos-produtos-de-macau-e-dos-paises-de-lingua-portuguesa-e-promove-a-expansao-de-mercados-de-pequim-tianjin-hebei\/#primaryimage\",\"url\":\"https:\/\/www.ipim.gov.mo\/wp-content\/uploads\/2024\/07\/ipim-post-default.jpg\",\"contentUrl\":\"https:\/\/www.ipim.gov.mo\/wp-content\/uploads\/2024\/07\/ipim-post-default.jpg\",\"width\":1024,\"height\":768},{\"@type\":\"BreadcrumbList\",\"@id\":\"https:\/\/www.ipim.gov.mo\/pt-pt\/noticias-do-ipim\/2023-09-06-semana-de-macau-em-tianjin-atesta-a-popularidade-dos-produtos-de-macau-e-dos-paises-de-lingua-portuguesa-e-promove-a-expansao-de-mercados-de-pequim-tianjin-hebei\/#breadcrumb\",\"itemListElement\":[{\"@type\":\"ListItem\",\"position\":1,\"name\":\"Home\",\"item\":\"https:\/\/www.ipim.gov.mo\/pt-pt\/\"},{\"@type\":\"ListItem\",\"position\":2,\"name\":\"[2023\/09\/04] [Semana de Macau em Tianjin] Atesta a popularidade dos produtos de Macau e dos pa\u00edses de l\u00edngua portuguesa e promove a expans\u00e3o de mercados de Pequim-Tianjin-Hebei\"}]},{\"@type\":\"WebSite\",\"@id\":\"https:\/\/www.ipim.gov.mo\/zh-hans\/#website\",\"url\":\"https:\/\/www.ipim.gov.mo\/zh-hans\/\",\"name\":\"Commerce and Investment Promotion Institute\",\"description\":\"Commerce and Investment Promotion Institute\",\"publisher\":{\"@id\":\"https:\/\/www.ipim.gov.mo\/zh-hans\/#organization\"},\"potentialAction\":[{\"@type\":\"SearchAction\",\"target\":{\"@type\":\"EntryPoint\",\"urlTemplate\":\"https:\/\/www.ipim.gov.mo\/zh-hans\/?s={search_term_string}\"},\"query-input\":{\"@type\":\"PropertyValueSpecification\",\"valueRequired\":true,\"valueName\":\"search_term_string\"}}],\"inLanguage\":\"pt-PT\"},{\"@type\":\"Organization\",\"@id\":\"https:\/\/www.ipim.gov.mo\/zh-hans\/#organization\",\"name\":\"IPIM\",\"url\":\"https:\/\/www.ipim.gov.mo\/zh-hans\/\",\"logo\":{\"@type\":\"ImageObject\",\"inLanguage\":\"pt-PT\",\"@id\":\"https:\/\/www.ipim.gov.mo\/zh-hans\/#\/schema\/logo\/image\/\",\"url\":\"https:\/\/www.ipim.gov.mo\/wp-content\/uploads\/2022\/10\/default-post-thumbnail-ipim-logo.png\",\"contentUrl\":\"https:\/\/www.ipim.gov.mo\/wp-content\/uploads\/2022\/10\/default-post-thumbnail-ipim-logo.png\",\"width\":1024,\"height\":768,\"caption\":\"IPIM\"},\"image\":{\"@id\":\"https:\/\/www.ipim.gov.mo\/zh-hans\/#\/schema\/logo\/image\/\"}}]}<\/script>\r\n<!-- \/ Yoast SEO plugin. -->","yoast_head_json":{"title":"[2023\/09\/04] [Semana de Macau em Tianjin] Atesta a popularidade dos produtos de Macau e dos pa\u00edses de l\u00edngua portuguesa e promove a expans\u00e3o de mercados de Pequim-Tianjin-Hebei | Commerce and Investment Promotion Institute","robots":{"index":"index","follow":"follow","max-snippet":"max-snippet:-1","max-image-preview":"max-image-preview:large","max-video-preview":"max-video-preview:-1"},"canonical":"https:\/\/www.ipim.gov.mo\/pt-pt\/noticias-do-ipim\/2023-09-06-semana-de-macau-em-tianjin-atesta-a-popularidade-dos-produtos-de-macau-e-dos-paises-de-lingua-portuguesa-e-promove-a-expansao-de-mercados-de-pequim-tianjin-hebei\/","og_locale":"pt_PT","og_type":"article","og_title":"[2023\/09\/04] [Semana de Macau em Tianjin] Atesta a popularidade dos produtos de Macau e dos pa\u00edses de l\u00edngua portuguesa e promove a expans\u00e3o de mercados de Pequim-Tianjin-Hebei | Commerce and Investment Promotion Institute","og_description":"A \u201cSemana de Macau em Tianjin\u201d encerrou hoje (4 de Setembro) ap&oacute;s cinco dias consecutivos de actividades. No &acirc;mbito do evento, e sob a coordena&ccedil;&atilde;o [&hellip;]","og_url":"https:\/\/www.ipim.gov.mo\/pt-pt\/noticias-do-ipim\/2023-09-06-semana-de-macau-em-tianjin-atesta-a-popularidade-dos-produtos-de-macau-e-dos-paises-de-lingua-portuguesa-e-promove-a-expansao-de-mercados-de-pequim-tianjin-hebei\/","og_site_name":"Commerce and Investment Promotion Institute","article_published_time":"2023-09-04T09:08:00+00:00","og_image":[{"width":1024,"height":768,"url":"https:\/\/www.ipim.gov.mo\/wp-content\/uploads\/2024\/07\/ipim-post-default.jpg","type":"image\/jpeg"}],"author":"admin","twitter_card":"summary_large_image","twitter_misc":{"Written by":"admin","Est. reading time":"4 minutes"},"schema":{"@context":"https:\/\/schema.org","@graph":[{"@type":"WebPage","@id":"https:\/\/www.ipim.gov.mo\/pt-pt\/noticias-do-ipim\/2023-09-06-semana-de-macau-em-tianjin-atesta-a-popularidade-dos-produtos-de-macau-e-dos-paises-de-lingua-portuguesa-e-promove-a-expansao-de-mercados-de-pequim-tianjin-hebei\/","url":"https:\/\/www.ipim.gov.mo\/pt-pt\/noticias-do-ipim\/2023-09-06-semana-de-macau-em-tianjin-atesta-a-popularidade-dos-produtos-de-macau-e-dos-paises-de-lingua-portuguesa-e-promove-a-expansao-de-mercados-de-pequim-tianjin-hebei\/","name":"[2023\/09\/04] [Semana de Macau em Tianjin] Atesta a popularidade dos produtos de Macau e dos pa\u00edses de l\u00edngua portuguesa e promove a expans\u00e3o de mercados de Pequim-Tianjin-Hebei | Commerce and Investment Promotion Institute","isPartOf":{"@id":"https:\/\/www.ipim.gov.mo\/zh-hans\/#website"},"primaryImageOfPage":{"@id":"https:\/\/www.ipim.gov.mo\/pt-pt\/noticias-do-ipim\/2023-09-06-semana-de-macau-em-tianjin-atesta-a-popularidade-dos-produtos-de-macau-e-dos-paises-de-lingua-portuguesa-e-promove-a-expansao-de-mercados-de-pequim-tianjin-hebei\/#primaryimage"},"image":{"@id":"https:\/\/www.ipim.gov.mo\/pt-pt\/noticias-do-ipim\/2023-09-06-semana-de-macau-em-tianjin-atesta-a-popularidade-dos-produtos-de-macau-e-dos-paises-de-lingua-portuguesa-e-promove-a-expansao-de-mercados-de-pequim-tianjin-hebei\/#primaryimage"},"thumbnailUrl":"https:\/\/www.ipim.gov.mo\/wp-content\/uploads\/2024\/07\/ipim-post-default.jpg","datePublished":"2023-09-04T09:08:00+00:00","breadcrumb":{"@id":"https:\/\/www.ipim.gov.mo\/pt-pt\/noticias-do-ipim\/2023-09-06-semana-de-macau-em-tianjin-atesta-a-popularidade-dos-produtos-de-macau-e-dos-paises-de-lingua-portuguesa-e-promove-a-expansao-de-mercados-de-pequim-tianjin-hebei\/#breadcrumb"},"inLanguage":"pt-PT","potentialAction":[{"@type":"ReadAction","target":["https:\/\/www.ipim.gov.mo\/pt-pt\/noticias-do-ipim\/2023-09-06-semana-de-macau-em-tianjin-atesta-a-popularidade-dos-produtos-de-macau-e-dos-paises-de-lingua-portuguesa-e-promove-a-expansao-de-mercados-de-pequim-tianjin-hebei\/"]}]},{"@type":"ImageObject","inLanguage":"pt-PT","@id":"https:\/\/www.ipim.gov.mo\/pt-pt\/noticias-do-ipim\/2023-09-06-semana-de-macau-em-tianjin-atesta-a-popularidade-dos-produtos-de-macau-e-dos-paises-de-lingua-portuguesa-e-promove-a-expansao-de-mercados-de-pequim-tianjin-hebei\/#primaryimage","url":"https:\/\/www.ipim.gov.mo\/wp-content\/uploads\/2024\/07\/ipim-post-default.jpg","contentUrl":"https:\/\/www.ipim.gov.mo\/wp-content\/uploads\/2024\/07\/ipim-post-default.jpg","width":1024,"height":768},{"@type":"BreadcrumbList","@id":"https:\/\/www.ipim.gov.mo\/pt-pt\/noticias-do-ipim\/2023-09-06-semana-de-macau-em-tianjin-atesta-a-popularidade-dos-produtos-de-macau-e-dos-paises-de-lingua-portuguesa-e-promove-a-expansao-de-mercados-de-pequim-tianjin-hebei\/#breadcrumb","itemListElement":[{"@type":"ListItem","position":1,"name":"Home","item":"https:\/\/www.ipim.gov.mo\/pt-pt\/"},{"@type":"ListItem","position":2,"name":"[2023\/09\/04] [Semana de Macau em Tianjin] Atesta a popularidade dos produtos de Macau e dos pa\u00edses de l\u00edngua portuguesa e promove a expans\u00e3o de mercados de Pequim-Tianjin-Hebei"}]},{"@type":"WebSite","@id":"https:\/\/www.ipim.gov.mo\/zh-hans\/#website","url":"https:\/\/www.ipim.gov.mo\/zh-hans\/","name":"Commerce and Investment Promotion Institute","description":"Commerce and Investment Promotion Institute","publisher":{"@id":"https:\/\/www.ipim.gov.mo\/zh-hans\/#organization"},"potentialAction":[{"@type":"SearchAction","target":{"@type":"EntryPoint","urlTemplate":"https:\/\/www.ipim.gov.mo\/zh-hans\/?s={search_term_string}"},"query-input":{"@type":"PropertyValueSpecification","valueRequired":true,"valueName":"search_term_string"}}],"inLanguage":"pt-PT"},{"@type":"Organization","@id":"https:\/\/www.ipim.gov.mo\/zh-hans\/#organization","name":"IPIM","url":"https:\/\/www.ipim.gov.mo\/zh-hans\/","logo":{"@type":"ImageObject","inLanguage":"pt-PT","@id":"https:\/\/www.ipim.gov.mo\/zh-hans\/#\/schema\/logo\/image\/","url":"https:\/\/www.ipim.gov.mo\/wp-content\/uploads\/2022\/10\/default-post-thumbnail-ipim-logo.png","contentUrl":"https:\/\/www.ipim.gov.mo\/wp-content\/uploads\/2022\/10\/default-post-thumbnail-ipim-logo.png","width":1024,"height":768,"caption":"IPIM"},"image":{"@id":"https:\/\/www.ipim.gov.mo\/zh-hans\/#\/schema\/logo\/image\/"}}]}},"author_meta":{"display_name":"admin","author_link":"https:\/\/www.ipim.gov.mo\/pt-pt\/author\/admin\/"},"featured_img":"https:\/\/www.ipim.gov.mo\/wp-content\/uploads\/2024\/07\/ipim-post-default-300x225.jpg","coauthors":[],"tax_additional":{"categories":{"linked":["<a href=\"https:\/\/www.ipim.gov.mo\/pt-pt\/category\/noticias-do-ipim\/\" class=\"advgb-post-tax-term\">Not\u00edcias do IPIM<\/a>"],"unlinked":["<span class=\"advgb-post-tax-term\">Not\u00edcias do IPIM<\/span>"]}},"comment_count":"0","relative_dates":{"created":"Posted 3 years ago","modified":"Updated 3 years ago"},"absolute_dates":{"created":"Posted on Setembro 4, 2023","modified":"Updated on Setembro 4, 2023"},"absolute_dates_time":{"created":"Posted on Setembro 4, 2023 5:08 pm","modified":"Updated on Setembro 4, 2023 5:08 pm"},"featured_img_caption":"","series_order":"","_links":{"self":[{"href":"https:\/\/www.ipim.gov.mo\/pt-pt\/wp-json\/wp\/v2\/posts\/438392","targetHints":{"allow":["GET"]}}],"collection":[{"href":"https:\/\/www.ipim.gov.mo\/pt-pt\/wp-json\/wp\/v2\/posts"}],"about":[{"href":"https:\/\/www.ipim.gov.mo\/pt-pt\/wp-json\/wp\/v2\/types\/post"}],"author":[{"embeddable":true,"href":"https:\/\/www.ipim.gov.mo\/pt-pt\/wp-json\/wp\/v2\/users\/1"}],"replies":[{"embeddable":true,"href":"https:\/\/www.ipim.gov.mo\/pt-pt\/wp-json\/wp\/v2\/comments?post=438392"}],"version-history":[{"count":0,"href":"https:\/\/www.ipim.gov.mo\/pt-pt\/wp-json\/wp\/v2\/posts\/438392\/revisions"}],"wp:featuredmedia":[{"embeddable":true,"href":"https:\/\/www.ipim.gov.mo\/pt-pt\/wp-json\/wp\/v2\/media\/467868"}],"wp:attachment":[{"href":"https:\/\/www.ipim.gov.mo\/pt-pt\/wp-json\/wp\/v2\/media?parent=438392"}],"wp:term":[{"taxonomy":"category","embeddable":true,"href":"https:\/\/www.ipim.gov.mo\/pt-pt\/wp-json\/wp\/v2\/categories?post=438392"},{"taxonomy":"post_tag","embeddable":true,"href":"https:\/\/www.ipim.gov.mo\/pt-pt\/wp-json\/wp\/v2\/tags?post=438392"}],"curies":[{"name":"wp","href":"https:\/\/api.w.org\/{rel}","templated":true}]}}