{"id":436158,"date":"2023-08-20T16:41:00","date_gmt":"2023-08-20T08:41:00","guid":{"rendered":"https:\/\/www.ipim.gov.mo\/noticias-do-ipim\/2023-08-20-potenciar-o-papel-de-plataforma-verde-2023miecf-encerrado-com-exito-cerca-de-400-bolsas-de-contacto-realizadas-promovem-a-assinatura-de-40-protocolos-de-cooperacao\/"},"modified":"2023-08-20T16:41:00","modified_gmt":"2023-08-20T08:41:00","slug":"2023-08-20-potenciar-o-papel-de-plataforma-verde-2023miecf-encerrado-com-exito-cerca-de-400-bolsas-de-contacto-realizadas-promovem-a-assinatura-de-40-protocolos-de-cooperacao","status":"publish","type":"post","link":"https:\/\/www.ipim.gov.mo\/pt-pt\/noticias-do-ipim\/2023-08-20-potenciar-o-papel-de-plataforma-verde-2023miecf-encerrado-com-exito-cerca-de-400-bolsas-de-contacto-realizadas-promovem-a-assinatura-de-40-protocolos-de-cooperacao\/","title":{"rendered":"[2023\/08\/20] [Potenciar o papel de plataforma verde] 2023MIECF encerrado com \u00eaxito, cerca de 400 bolsas de contacto realizadas promovem a assinatura de 40 protocolos de coopera\u00e7\u00e3o"},"content":{"rendered":"<p style=\"text-align:justify\">Organizado pelo Governo da Regi&atilde;o Administrativa Especial de Macau, o F&oacute;rum e Exposi&ccedil;&atilde;o Internacional de Coopera&ccedil;&atilde;o Ambiental 2023 (2023MIECF) foi encerrado hoje (dia 20) com &ecirc;xito. Ao longo dos quatro dias, o evento acolheu cerca de 20 actividades organizadas por institui&ccedil;&otilde;es especializadas, que inclu&iacute;ram f&oacute;runs, confer&ecirc;ncias e cinco sess&otilde;es exclusivas de bolsas de contacto, promovidas pelo pr&oacute;prio MIECF. No total, foram realizadas cerca de 400 bolsas de contacto e assinados 40 protocolos de coopera&ccedil;&atilde;o, permitindo a explora&ccedil;&atilde;o cont&iacute;nua das oportunidades de neg&oacute;cio verdes.<\/p>\n<p style=\"text-align:justify\">O 2023MIECF &eacute; co-organizado pelos governos das prov&iacute;ncias e regi&otilde;es que integram o Pan-Delta do Rio das P&eacute;rolas, com a colabora&ccedil;&atilde;o, enquanto entidades especiais de apoio, da Comiss&atilde;o Nacional para o Desenvolvimento e Reforma da Rep&uacute;blica Popular da China, do Minist&eacute;rio da Ci&ecirc;ncia e Tecnologia da Rep&uacute;blica Popular da China, do Minist&eacute;rio da Ind&uacute;stria e Tecnologias da Informa&ccedil;&atilde;o da Rep&uacute;blica Popular da China e do Minist&eacute;rio da Ecologia e Meio Ambiente da Rep&uacute;blica Popular da China. A sua realiza&ccedil;&atilde;o conta ainda com a coordena&ccedil;&atilde;o do Instituto de Promo&ccedil;&atilde;o do Com&eacute;rcio e do Investimento de Macau (IPIM) e da Direc&ccedil;&atilde;o dos Servi&ccedil;os de Protec&ccedil;&atilde;o Ambiental (DSPA). Sob o tema principal \u201cIniciativas Inovadoras para a Constru&ccedil;&atilde;o de uma Civiliza&ccedil;&atilde;o Ecol&oacute;gica\u201d, a nova edi&ccedil;&atilde;o continua a desempenhar o papel da exposi&ccedil;&atilde;o profissional destinada a alcan&ccedil;ar a \u201cneutralidade de carbono\u201d.<\/p>\n<p style=\"text-align:justify\"><strong>Reuni&atilde;o de especialistas e acad&eacute;micos do sector nacional e internacional no F&oacute;rum Verde<\/strong><\/p>\n<p style=\"text-align:justify\">Na cerim&oacute;nia de abertura, o 2023MIECF contou com a presen&ccedil;a da Prof.&ordf; Doutora Lan Hong, para apresentar, na qualidade de oradora principal convidada, o discurso principal intitulado \u201cAprofundar a Coopera&ccedil;&atilde;o em Finan&ccedil;as Verdes para Alcan&ccedil;ar Conjuntamente a Neutralidade de Carbono\u201d. Al&eacute;m da qualidade de professora, a convidada &eacute; ainda Vice-Directora do Centro de Pesquisa em Finan&ccedil;as Ecol&oacute;gicas da Universidade Renmin da China, Vice-Directora da Filial de Finan&ccedil;as Verdes da Sociedade de Ci&ecirc;ncias Ambientais da China e Vice-Directora da Comiss&atilde;o dos Profissionais de Finan&ccedil;as Verdes da Associa&ccedil;&atilde;o Chinesa da Ind&uacute;stria de Protec&ccedil;&atilde;o Ambiental.<\/p>\n<p style=\"text-align:justify\">Durante dois dias consecutivos, o F&oacute;rum Verde promoveu quatro sess&otilde;es de debate tem&aacute;ticas, onde participaram, como oradores, mais de 30 especialistas, acad&eacute;micos e l&iacute;deres de sectores relacionados com a protec&ccedil;&atilde;o ambiental, provenientes do Interior da China, dos Pa&iacute;ses de L&iacute;ngua Portuguesa, dos pa&iacute;ses europeus, dos pa&iacute;ses do Sudeste Asi&aacute;tico, bem como das regi&otilde;es de Hong Kong e de Macau. As suas interven&ccedil;&otilde;es promoveram debates e trocas de opini&otilde;es em torno de t&oacute;picos de vanguarda sobre o desenvolvimento sustent&aacute;vel e de baixo carbono, como \u201cTurismo de Neg&oacute;cio e de Lazer\u201d, \u201cInova&ccedil;&atilde;o Verde\u201d, \u201cTratamento Inovador da Polui&ccedil;&atilde;o\u201d e \u201cCoopera&ccedil;&atilde;o das Ind&uacute;strias de Protec&ccedil;&atilde;o Ambiental do Pan-Delta do Rio das P&eacute;rolas\u201d, procurando contribuir para ajudar os sectores a conhecerem as &uacute;ltimas novidades internacionais sobre a protec&ccedil;&atilde;o ambiental, aproveitar as oportunidades de desenvolvimento sustent&aacute;vel e avan&ccedil;ar em conjunto para um futuro verde.<\/p>\n<p style=\"text-align:justify\"><strong>Actividades diversificadas para a explora&ccedil;&atilde;o conjunta de oportunidades de neg&oacute;cios ambientais<\/strong><\/p>\n<p style=\"text-align:justify\">A Mostra Verde desta edi&ccedil;&atilde;o ocupou uma &aacute;rea de mais de 10.000 metros quadrados e estabeleceu sete zonas de exposi&ccedil;&atilde;o com cerca de 500 <em>stands. <\/em>No total, mais de 400 expositores provenientes de diversos lugares participaram presencialmente, dos quais 40 s&atilde;o expositores estrangeiros. As &aacute;reas abrangidas incluem constru&ccedil;&atilde;o civil, finan&ccedil;as, restaura&ccedil;&atilde;o, transporte, recursos h&iacute;dricos, tecnologias de conserva&ccedil;&atilde;o de energia e de protec&ccedil;&atilde;o ambiental, gest&atilde;o de res&iacute;duos, entre outros, com o objectivo de construir uma plataforma comercial verde que ajude a explorar oportunidades de neg&oacute;cio internacionais no dom&iacute;nio ambiental.<\/p>\n<p style=\"text-align:justify\">Na edi&ccedil;&atilde;o deste ano, o MIECF realizou cinco sess&otilde;es exclusivas de bolsas de contacto, dedicadas a temas como coopera&ccedil;&atilde;o em protec&ccedil;&atilde;o ambiental entre os governos de Macau e de Hengqin, Pa&iacute;ses de L&iacute;ngua Portuguesa, contacto de projectos verdes sustent&aacute;veis, finan&ccedil;as verdes, sess&otilde;es especiais para grandes empresas integradas de turismo e lazer. Atrav&eacute;s de contactos e encontros individuais, estas sess&otilde;es promoveram a apresenta&ccedil;&atilde;o e a partilha de informa&ccedil;&otilde;es e oportunidades sobre projectos ambientais do sector nacional e internacional entre os participantes.<\/p>\n<p style=\"text-align:justify\">Durante o MIECF, tiveram ainda lugar outras ac&ccedil;&otilde;es paralelas, nomeadamente os tr&ecirc;s f&oacute;runs organizados pela iniciativa pr&oacute;pria do sector ambiental, que decorreram simultaneamente em Macau e Hengqin sob o formato de \u201cUm Evento, Dois Locais\u201d. Al&eacute;m disso, a entidade organizadora tamb&eacute;m preparou visitas a Hengqin para os representantes da Regi&atilde;o do Pan-Delta que participaram no MIECF.<\/p>\n<p style=\"text-align:justify\"><strong>Participantes do MIECF colhem resultados frut&iacute;feros<\/strong><\/p>\n<p style=\"text-align:justify\">Um expositor local que se especializa no fabrico de produtos ecol&oacute;gicos conseguiu, gra&ccedil;as &agrave; plataforma do MIECF, assinar protocolo de coopera&ccedil;&atilde;o com uma empresa da Europa, prevendo a exporta&ccedil;&atilde;o e o desenvolvimento dos produtos ecol&oacute;gicos de Macau para o mercado internacional. J&aacute; um comprador profissional proveniente do Sudoeste Asi&aacute;tico aproveitou o MIECF para estabelecer contacto com cinco a seis empresas especializadas no tratamento de res&iacute;duos s&oacute;lidos e de &aacute;guas residuais, estando neste momento a planear a futura parceria. Outra empresa do Brasil que se dedica &agrave; produ&ccedil;&atilde;o de baterias e postos de carregamento obteve um melhor conhecimento das pol&iacute;ticas preferenciais da Zona de Coopera&ccedil;&atilde;o Aprofundada entre Guangdong e Macau em Hengqin, atrav&eacute;s da participa&ccedil;&atilde;o no MIECF, mostrando forte interesse em estabelecer-se na referida zona. Por fim, um expositor de produtos ecol&oacute;gicos de Portugal obteve o interesse inicial de coopera&ccedil;&atilde;o com v&aacute;rias empresas.<\/p>\n<p style=\"text-align:justify\"><strong>Dia Verde do P&uacute;blico oferece divers&atilde;o para todos desfrutarem da vida verde<\/strong><\/p>\n<p style=\"text-align:justify\">Os dois dias do fim-de-semana do 2023MIECF foram abertos gratuitamente ao p&uacute;blico geral, enquanto o &uacute;ltimo dia (dia 20) foi dedicado ao \u201cDia Verde do P&uacute;blico\u201d, que atraiu uma quantidade consider&aacute;vel do p&uacute;blico. Os visitantes, ao participarem numa s&eacute;rie de actividades de educa&ccedil;&atilde;o e promo&ccedil;&atilde;o sobre a protec&ccedil;&atilde;o ambiental, n&atilde;o s&oacute; conheceram as informa&ccedil;&otilde;es e tecnologias ambientais mais recentes, mas tamb&eacute;m puderam sentir o ambiente verde e elevar a sua consci&ecirc;ncia ambiental, o que contribui para a sua adop&ccedil;&atilde;o de um estilo de vida verde. Paralelamente, para refor&ccedil;ar o conhecimento dos participantes sobre as tecnologias ambientais mais recentes, a entidade organizadora organizou visitas t&eacute;cnicas &agrave;s Zonas Ecol&oacute;gicas do Cotai e &agrave;s instala&ccedil;&otilde;es de recolha de dispositivos electr&oacute;nicos e el&eacute;ctricos para os participantes.<\/p>\n<p style=\"text-align:justify\"><strong>Entrar nos bairros comunit&aacute;rios e potenciar o efeito multiplicador de \u201cConven&ccedil;&otilde;es e Exposi&ccedil;&otilde;es + Turismo\u201d<\/strong><\/p>\n<p style=\"text-align:justify\">Com o objectivo de continuar a potenciar o efeito multiplicador da estrat&eacute;gia \u201cConven&ccedil;&otilde;es e Exposi&ccedil;&otilde;es + Turismo\u201d, o MIECF volta a organizar visitas aos estabelecimentos comerciais dos bairros comunit&aacute;rios para as empresas participantes., oferecendo oportunidades para que eles possam experimentar os ricos elementos culturais e tur&iacute;sticos de Macau e promover a imagem da cidade como destino ideal para visitar, investir e realizar actividades de conven&ccedil;&otilde;es e exposi&ccedil;&otilde;es, beneficiando ainda os diferentes sectores e estimulando a economia comunit&aacute;ria. De acordo com alguns expositores, as visitas ajudam conhecer de forma mais &iacute;ntima os valores culturais e hist&oacute;ricos de Macau e, por essa raz&atilde;o, pretendem voltar com a fam&iacute;lia no futuro.<\/p>\n<div class=\"wp-caption alignnone\">\n                <a href=\"https:\/\/www.gcs.gov.mo\/news\/p\/P23HTv1R07\/l\" data-component=\"Popup\" data-fancybox=\"gallery\" data-caption=\"As quatro sess\u00f5es do F\u00f3rum Verde reuniram especialistas, acad\u00e9micos e l\u00edderes de sectores relacionados com a protec\u00e7\u00e3o ambiental, para a partilha de vis\u00f5es e opini\u00f5es\" data-type=\"image\"><br \/>\n                <img decoding=\"async\" class=\"size-large\" src=\"https:\/\/www.gcs.gov.mo\/news\/p\/P23HTv1R07\/l\" title=\"As quatro sess\u00f5es do F\u00f3rum Verde reuniram especialistas, acad\u00e9micos e l\u00edderes de sectores relacionados com a protec\u00e7\u00e3o ambiental, para a partilha de vis\u00f5es e opini\u00f5es\" alt=\"As quatro sess\u00f5es do F\u00f3rum Verde reuniram especialistas, acad\u00e9micos e l\u00edderes de sectores relacionados com a protec\u00e7\u00e3o ambiental, para a partilha de vis\u00f5es e opini\u00f5es\" width=\"1024\"><br \/>\n                <\/a><\/p>\n<p class=\"wp-caption-text\">As quatro sess\u00f5es do F\u00f3rum Verde reuniram especialistas, acad\u00e9micos e l\u00edderes de sectores relacionados com a protec\u00e7\u00e3o ambiental, para a partilha de vis\u00f5es e opini\u00f5es<\/p>\n<\/p><\/div>\n<div class=\"wp-caption alignnone\">\n                <a href=\"https:\/\/www.gcs.gov.mo\/news\/p\/P23HTytZ4V\/l\" data-component=\"Popup\" data-fancybox=\"gallery\" data-caption=\"O 2023MIECF testemunhou a assinatura de v\u00e1rios protocolos de coopera\u00e7\u00e3o\" data-type=\"image\"><br \/>\n                <img decoding=\"async\" class=\"size-large\" src=\"https:\/\/www.gcs.gov.mo\/news\/p\/P23HTytZ4V\/l\" title=\"O 2023MIECF testemunhou a assinatura de v\u00e1rios protocolos de coopera\u00e7\u00e3o\" alt=\"O 2023MIECF testemunhou a assinatura de v\u00e1rios protocolos de coopera\u00e7\u00e3o\" width=\"1024\"><br \/>\n                <\/a><\/p>\n<p class=\"wp-caption-text\">O 2023MIECF testemunhou a assinatura de v\u00e1rios protocolos de coopera\u00e7\u00e3o<\/p>\n<\/p><\/div>\n<div class=\"wp-caption alignnone\">\n                <a href=\"https:\/\/www.gcs.gov.mo\/news\/p\/P23HTiYPm2\/l\" data-component=\"Popup\" data-fancybox=\"gallery\" data-caption=\"O 2023MIECF promoveu v\u00e1rias sess\u00f5es de bolsas de contacto\" data-type=\"image\"><br \/>\n                <img decoding=\"async\" class=\"size-large\" src=\"https:\/\/www.gcs.gov.mo\/news\/p\/P23HTiYPm2\/l\" title=\"O 2023MIECF promoveu v\u00e1rias sess\u00f5es de bolsas de contacto\" alt=\"O 2023MIECF promoveu v\u00e1rias sess\u00f5es de bolsas de contacto\" width=\"1024\"><br \/>\n                <\/a><\/p>\n<p class=\"wp-caption-text\">O 2023MIECF promoveu v\u00e1rias sess\u00f5es de bolsas de contacto<\/p>\n<\/p><\/div>\n<div class=\"wp-caption alignnone\">\n                <a href=\"https:\/\/www.gcs.gov.mo\/news\/p\/P23HTlR8MR\/l\" data-component=\"Popup\" data-fancybox=\"gallery\" data-caption=\"O 2023MIECF reuniu oportunidades de neg\u00f3cios ambientais de todo o mundo\" data-type=\"image\"><br \/>\n                <img decoding=\"async\" class=\"size-large\" src=\"https:\/\/www.gcs.gov.mo\/news\/p\/P23HTlR8MR\/l\" title=\"O 2023MIECF reuniu oportunidades de neg\u00f3cios ambientais de todo o mundo\" alt=\"O 2023MIECF reuniu oportunidades de neg\u00f3cios ambientais de todo o mundo\" width=\"1024\"><br \/>\n                <\/a><\/p>\n<p class=\"wp-caption-text\">O 2023MIECF reuniu oportunidades de neg\u00f3cios ambientais de todo o mundo<\/p>\n<\/p><\/div>\n<div class=\"wp-caption alignnone\">\n                <a href=\"https:\/\/www.gcs.gov.mo\/news\/p\/P23HTZb6NG\/l\" data-component=\"Popup\" data-fancybox=\"gallery\" data-caption=\"Muitos residentes participaram na s\u00e9rie de actividades de educa\u00e7\u00e3o e promo\u00e7\u00e3o sobre a protec\u00e7\u00e3o ambiental promovida no \u00e2mbito do \u201cDia Verde do P\u00fablico\u201d\" data-type=\"image\"><br \/>\n                <img decoding=\"async\" class=\"size-large\" src=\"https:\/\/www.gcs.gov.mo\/news\/p\/P23HTZb6NG\/l\" title=\"Muitos residentes participaram na s\u00e9rie de actividades de educa\u00e7\u00e3o e promo\u00e7\u00e3o sobre a protec\u00e7\u00e3o ambiental promovida no \u00e2mbito do \u201cDia Verde do P\u00fablico\u201d\" alt=\"Muitos residentes participaram na s\u00e9rie de actividades de educa\u00e7\u00e3o e promo\u00e7\u00e3o sobre a protec\u00e7\u00e3o ambiental promovida no \u00e2mbito do \u201cDia Verde do P\u00fablico\u201d\" width=\"1024\"><br \/>\n                <\/a><\/p>\n<p class=\"wp-caption-text\">Muitos residentes participaram na s\u00e9rie de actividades de educa\u00e7\u00e3o e promo\u00e7\u00e3o sobre a protec\u00e7\u00e3o ambiental promovida no \u00e2mbito do \u201cDia Verde do P\u00fablico\u201d<\/p>\n<\/p><\/div>\n<div class=\"wp-caption alignnone\">\n                <a href=\"https:\/\/www.gcs.gov.mo\/news\/p\/P23HTSOWgB\/l\" data-component=\"Popup\" data-fancybox=\"gallery\" data-caption=\"Empresas verdes de diferentes locais aproveitaram o MIECF para explorar oportunidades de neg\u00f3cio\" data-type=\"image\"><br \/>\n                <img decoding=\"async\" class=\"size-large\" src=\"https:\/\/www.gcs.gov.mo\/news\/p\/P23HTSOWgB\/l\" title=\"Empresas verdes de diferentes locais aproveitaram o MIECF para explorar oportunidades de neg\u00f3cio\" alt=\"Empresas verdes de diferentes locais aproveitaram o MIECF para explorar oportunidades de neg\u00f3cio\" width=\"1024\"><br \/>\n                <\/a><\/p>\n<p class=\"wp-caption-text\">Empresas verdes de diferentes locais aproveitaram o MIECF para explorar oportunidades de neg\u00f3cio<\/p>\n<\/p><\/div>\n<div class=\"wp-caption alignnone\">\n                <a href=\"https:\/\/www.gcs.gov.mo\/news\/p\/P23HTfMj47\/l\" data-component=\"Popup\" data-fancybox=\"gallery\" data-caption=\"Empresas verdes de diferentes locais aproveitaram o MIECF para explorar oportunidades de neg\u00f3cio\" data-type=\"image\"><br \/>\n                <img decoding=\"async\" class=\"size-large\" src=\"https:\/\/www.gcs.gov.mo\/news\/p\/P23HTfMj47\/l\" title=\"Empresas verdes de diferentes locais aproveitaram o MIECF para explorar oportunidades de neg\u00f3cio\" alt=\"Empresas verdes de diferentes locais aproveitaram o MIECF para explorar oportunidades de neg\u00f3cio\" width=\"1024\"><br \/>\n                <\/a><\/p>\n<p class=\"wp-caption-text\">Empresas verdes de diferentes locais aproveitaram o MIECF para explorar oportunidades de neg\u00f3cio<\/p>\n<\/p><\/div>\n<div class=\"wp-caption alignnone\">\n                <a href=\"https:\/\/www.gcs.gov.mo\/news\/p\/P23HT3UcQn\/l\" data-component=\"Popup\" data-fancybox=\"gallery\" data-caption=\"Expositores dos Pa\u00edses de L\u00edngua Portuguesa visitaram a Zona de Coopera\u00e7\u00e3o Aprofundada entre Guangdong e Macau em Hengqin durante o 2023MIECF\" data-type=\"image\"><br \/>\n                <img decoding=\"async\" class=\"size-large\" src=\"https:\/\/www.gcs.gov.mo\/news\/p\/P23HT3UcQn\/l\" title=\"Expositores dos Pa\u00edses de L\u00edngua Portuguesa visitaram a Zona de Coopera\u00e7\u00e3o Aprofundada entre Guangdong e Macau em Hengqin durante o 2023MIECF\" alt=\"Expositores dos Pa\u00edses de L\u00edngua Portuguesa visitaram a Zona de Coopera\u00e7\u00e3o Aprofundada entre Guangdong e Macau em Hengqin durante o 2023MIECF\" width=\"1024\"><br \/>\n                <\/a><\/p>\n<p class=\"wp-caption-text\">Expositores dos Pa\u00edses de L\u00edngua Portuguesa visitaram a Zona de Coopera\u00e7\u00e3o Aprofundada entre Guangdong e Macau em Hengqin durante o 2023MIECF<\/p>\n<\/p><\/div>\n<div class=\"wp-caption alignnone\">\n                <a href=\"https:\/\/www.gcs.gov.mo\/news\/p\/P23HTefLZe\/l\" data-component=\"Popup\" data-fancybox=\"gallery\" data-caption=\"Sector ambiental organizou actividades sob o formato \u201cUm Evento, Dois Locais\u201d em Macau e Hengqin durante o 2023MIECF\" data-type=\"image\"><br \/>\n                <img decoding=\"async\" class=\"size-large\" src=\"https:\/\/www.gcs.gov.mo\/news\/p\/P23HTefLZe\/l\" title=\"Sector ambiental organizou actividades sob o formato \u201cUm Evento, Dois Locais\u201d em Macau e Hengqin durante o 2023MIECF\" alt=\"Sector ambiental organizou actividades sob o formato \u201cUm Evento, Dois Locais\u201d em Macau e Hengqin durante o 2023MIECF\" width=\"1024\"><br \/>\n                <\/a><\/p>\n<p class=\"wp-caption-text\">Sector ambiental organizou actividades sob o formato \u201cUm Evento, Dois Locais\u201d em Macau e Hengqin durante o 2023MIECF<\/p>\n<\/p><\/div>\n<div class=\"wp-caption alignnone\">\n                <a href=\"https:\/\/www.gcs.gov.mo\/news\/p\/P23HTe6ezJ\/l\" data-component=\"Popup\" data-fancybox=\"gallery\" data-caption=\"Sector ambiental organizou actividades sob o formato \u201cUm Evento, Dois Locais\u201d em Macau e Hengqin durante o 2023MIECF\" data-type=\"image\"><br \/>\n                <img decoding=\"async\" class=\"size-large\" src=\"https:\/\/www.gcs.gov.mo\/news\/p\/P23HTe6ezJ\/l\" title=\"Sector ambiental organizou actividades sob o formato \u201cUm Evento, Dois Locais\u201d em Macau e Hengqin durante o 2023MIECF\" alt=\"Sector ambiental organizou actividades sob o formato \u201cUm Evento, Dois Locais\u201d em Macau e Hengqin durante o 2023MIECF\" width=\"1024\"><br \/>\n                <\/a><\/p>\n<p class=\"wp-caption-text\">Sector ambiental organizou actividades sob o formato \u201cUm Evento, Dois Locais\u201d em Macau e Hengqin durante o 2023MIECF<\/p>\n<\/p><\/div>\n<div class=\"wp-caption alignnone\">\n                <a href=\"https:\/\/www.gcs.gov.mo\/news\/p\/P23HTq52rl\/l\" data-component=\"Popup\" data-fancybox=\"gallery\" data-caption=\"Sector ambiental organizou actividades sob o formato \u201cUm Evento, Dois Locais\u201d em Macau e Hengqin durante o 2023MIECF\" data-type=\"image\"><br \/>\n                <img decoding=\"async\" class=\"size-large\" src=\"https:\/\/www.gcs.gov.mo\/news\/p\/P23HTq52rl\/l\" title=\"Sector ambiental organizou actividades sob o formato \u201cUm Evento, Dois Locais\u201d em Macau e Hengqin durante o 2023MIECF\" alt=\"Sector ambiental organizou actividades sob o formato \u201cUm Evento, Dois Locais\u201d em Macau e Hengqin durante o 2023MIECF\" width=\"1024\"><br \/>\n                <\/a><\/p>\n<p class=\"wp-caption-text\">Sector ambiental organizou actividades sob o formato \u201cUm Evento, Dois Locais\u201d em Macau e Hengqin durante o 2023MIECF<\/p>\n<\/p><\/div>\n<div class=\"wp-caption alignnone\">\n                <a href=\"https:\/\/www.gcs.gov.mo\/news\/p\/P23HTPekoX\/l\" data-component=\"Popup\" data-fancybox=\"gallery\" data-caption=\"O 2023MIECF introduziu pela primeira vez o mecanismo de \u201cTan Pu Hui\u201d\" data-type=\"image\"><br \/>\n                <img decoding=\"async\" class=\"size-large\" src=\"https:\/\/www.gcs.gov.mo\/news\/p\/P23HTPekoX\/l\" title=\"O 2023MIECF introduziu pela primeira vez o mecanismo de \u201cTan Pu Hui\u201d\" alt=\"O 2023MIECF introduziu pela primeira vez o mecanismo de \u201cTan Pu Hui\u201d\" width=\"1024\"><br \/>\n                <\/a><\/p>\n<p class=\"wp-caption-text\">O 2023MIECF introduziu pela primeira vez o mecanismo de \u201cTan Pu Hui\u201d<\/p>\n<\/p><\/div>\n<div class=\"wp-caption alignnone\">\n                <a href=\"https:\/\/www.gcs.gov.mo\/news\/p\/P23HTss3H6\/l\" data-component=\"Popup\" data-fancybox=\"gallery\" data-caption=\"O 2023MIECF organizou visitas aos estabelecimentos comerciais dos bairros comunit\u00e1rios para as empresas participantes\" data-type=\"image\"><br \/>\n                <img decoding=\"async\" class=\"size-large\" src=\"https:\/\/www.gcs.gov.mo\/news\/p\/P23HTss3H6\/l\" title=\"O 2023MIECF organizou visitas aos estabelecimentos comerciais dos bairros comunit\u00e1rios para as empresas participantes\" alt=\"O 2023MIECF organizou visitas aos estabelecimentos comerciais dos bairros comunit\u00e1rios para as empresas participantes\" width=\"1024\"><br \/>\n                <\/a><\/p>\n<p class=\"wp-caption-text\">O 2023MIECF organizou visitas aos estabelecimentos comerciais dos bairros comunit\u00e1rios para as empresas participantes<\/p>\n<\/p><\/div>\n<div class=\"wp-caption alignnone\">\n                <a href=\"https:\/\/www.gcs.gov.mo\/news\/p\/P23HTzAAs4\/l\" data-component=\"Popup\" data-fancybox=\"gallery\" data-caption=\"O 2023MIECF organizou visitas aos estabelecimentos comerciais dos bairros comunit\u00e1rios para as empresas participantes\" data-type=\"image\"><br \/>\n                <img decoding=\"async\" class=\"size-large\" src=\"https:\/\/www.gcs.gov.mo\/news\/p\/P23HTzAAs4\/l\" title=\"O 2023MIECF organizou visitas aos estabelecimentos comerciais dos bairros comunit\u00e1rios para as empresas participantes\" alt=\"O 2023MIECF organizou visitas aos estabelecimentos comerciais dos bairros comunit\u00e1rios para as empresas participantes\" width=\"1024\"><br \/>\n                <\/a><\/p>\n<p class=\"wp-caption-text\">O 2023MIECF organizou visitas aos estabelecimentos comerciais dos bairros comunit\u00e1rios para as empresas participantes<\/p>\n<\/p><\/div>\n<div class=\"wp-caption alignnone\">\n                <a href=\"https:\/\/www.gcs.gov.mo\/news\/p\/P23HTU3wPm\/l\" data-component=\"Popup\" data-fancybox=\"gallery\" data-caption=\"O 2023MIECF organizou visitas aos estabelecimentos comerciais dos bairros comunit\u00e1rios para as empresas participantes\" data-type=\"image\"><br \/>\n                <img decoding=\"async\" class=\"size-large\" src=\"https:\/\/www.gcs.gov.mo\/news\/p\/P23HTU3wPm\/l\" title=\"O 2023MIECF organizou visitas aos estabelecimentos comerciais dos bairros comunit\u00e1rios para as empresas participantes\" alt=\"O 2023MIECF organizou visitas aos estabelecimentos comerciais dos bairros comunit\u00e1rios para as empresas participantes\" width=\"1024\"><br \/>\n                <\/a><\/p>\n<p class=\"wp-caption-text\">O 2023MIECF organizou visitas aos estabelecimentos comerciais dos bairros comunit\u00e1rios para as empresas participantes<\/p>\n<\/p><\/div>\n","protected":false},"excerpt":{"rendered":"<p>Organizado pelo Governo da Regi&atilde;o Administrativa Especial de Macau, o F&oacute;rum e Exposi&ccedil;&atilde;o Internacional de Coopera&ccedil;&atilde;o Ambiental 2023 (2023MIECF) foi encerrado hoje (dia 20) com [&hellip;]<\/p>\n","protected":false},"author":1,"featured_media":467868,"comment_status":"closed","ping_status":"closed","sticky":false,"template":"","format":"standard","meta":{"_acf_changed":false,"inline_featured_image":false,"advgb_blocks_editor_width":"","advgb_blocks_columns_visual_guide":"","footnotes":""},"categories":[12],"tags":[],"class_list":["post-436158","post","type-post","status-publish","format-standard","has-post-thumbnail","hentry","category-noticias-do-ipim"],"acf":[],"yoast_head":"<!-- This site is optimized with the Yoast SEO plugin v26.2 - https:\/\/yoast.com\/wordpress\/plugins\/seo\/ -->\r\n<title>[2023\/08\/20] [Potenciar o papel de plataforma verde] 2023MIECF encerrado com \u00eaxito, cerca de 400 bolsas de contacto realizadas promovem a assinatura de 40 protocolos de coopera\u00e7\u00e3o | Commerce and Investment Promotion Institute<\/title>\r\n<meta name=\"robots\" content=\"index, follow, max-snippet:-1, max-image-preview:large, max-video-preview:-1\" \/>\r\n<link rel=\"canonical\" href=\"https:\/\/www.ipim.gov.mo\/pt-pt\/noticias-do-ipim\/2023-08-20-potenciar-o-papel-de-plataforma-verde-2023miecf-encerrado-com-exito-cerca-de-400-bolsas-de-contacto-realizadas-promovem-a-assinatura-de-40-protocolos-de-cooperacao\/\" \/>\r\n<meta property=\"og:locale\" content=\"pt_PT\" \/>\r\n<meta property=\"og:type\" content=\"article\" \/>\r\n<meta property=\"og:title\" content=\"[2023\/08\/20] [Potenciar o papel de plataforma verde] 2023MIECF encerrado com \u00eaxito, cerca de 400 bolsas de contacto realizadas promovem a assinatura de 40 protocolos de coopera\u00e7\u00e3o | Commerce and Investment Promotion Institute\" \/>\r\n<meta property=\"og:description\" content=\"Organizado pelo Governo da Regi&atilde;o Administrativa Especial de Macau, o F&oacute;rum e Exposi&ccedil;&atilde;o Internacional de Coopera&ccedil;&atilde;o Ambiental 2023 (2023MIECF) foi encerrado hoje (dia 20) com [&hellip;]\" \/>\r\n<meta property=\"og:url\" content=\"https:\/\/www.ipim.gov.mo\/pt-pt\/noticias-do-ipim\/2023-08-20-potenciar-o-papel-de-plataforma-verde-2023miecf-encerrado-com-exito-cerca-de-400-bolsas-de-contacto-realizadas-promovem-a-assinatura-de-40-protocolos-de-cooperacao\/\" \/>\r\n<meta property=\"og:site_name\" content=\"Commerce and Investment Promotion Institute\" \/>\r\n<meta property=\"article:published_time\" content=\"2023-08-20T08:41:00+00:00\" \/>\r\n<meta property=\"og:image\" content=\"https:\/\/www.ipim.gov.mo\/wp-content\/uploads\/2024\/07\/ipim-post-default.jpg\" \/>\r\n\t<meta property=\"og:image:width\" content=\"1024\" \/>\r\n\t<meta property=\"og:image:height\" content=\"768\" \/>\r\n\t<meta property=\"og:image:type\" content=\"image\/jpeg\" \/>\r\n<meta name=\"author\" content=\"admin\" \/>\r\n<meta name=\"twitter:card\" content=\"summary_large_image\" \/>\r\n<meta name=\"twitter:label1\" content=\"Written by\" \/>\n\t<meta name=\"twitter:data1\" content=\"admin\" \/>\n\t<meta name=\"twitter:label2\" content=\"Est. reading time\" \/>\n\t<meta name=\"twitter:data2\" content=\"9 minutes\" \/>\r\n<script type=\"application\/ld+json\" class=\"yoast-schema-graph\">{\"@context\":\"https:\/\/schema.org\",\"@graph\":[{\"@type\":\"WebPage\",\"@id\":\"https:\/\/www.ipim.gov.mo\/pt-pt\/noticias-do-ipim\/2023-08-20-potenciar-o-papel-de-plataforma-verde-2023miecf-encerrado-com-exito-cerca-de-400-bolsas-de-contacto-realizadas-promovem-a-assinatura-de-40-protocolos-de-cooperacao\/\",\"url\":\"https:\/\/www.ipim.gov.mo\/pt-pt\/noticias-do-ipim\/2023-08-20-potenciar-o-papel-de-plataforma-verde-2023miecf-encerrado-com-exito-cerca-de-400-bolsas-de-contacto-realizadas-promovem-a-assinatura-de-40-protocolos-de-cooperacao\/\",\"name\":\"[2023\/08\/20] [Potenciar o papel de plataforma verde] 2023MIECF encerrado com \u00eaxito, cerca de 400 bolsas de contacto realizadas promovem a assinatura de 40 protocolos de coopera\u00e7\u00e3o | Commerce and Investment Promotion Institute\",\"isPartOf\":{\"@id\":\"https:\/\/www.ipim.gov.mo\/zh-hans\/#website\"},\"primaryImageOfPage\":{\"@id\":\"https:\/\/www.ipim.gov.mo\/pt-pt\/noticias-do-ipim\/2023-08-20-potenciar-o-papel-de-plataforma-verde-2023miecf-encerrado-com-exito-cerca-de-400-bolsas-de-contacto-realizadas-promovem-a-assinatura-de-40-protocolos-de-cooperacao\/#primaryimage\"},\"image\":{\"@id\":\"https:\/\/www.ipim.gov.mo\/pt-pt\/noticias-do-ipim\/2023-08-20-potenciar-o-papel-de-plataforma-verde-2023miecf-encerrado-com-exito-cerca-de-400-bolsas-de-contacto-realizadas-promovem-a-assinatura-de-40-protocolos-de-cooperacao\/#primaryimage\"},\"thumbnailUrl\":\"https:\/\/www.ipim.gov.mo\/wp-content\/uploads\/2024\/07\/ipim-post-default.jpg\",\"datePublished\":\"2023-08-20T08:41:00+00:00\",\"breadcrumb\":{\"@id\":\"https:\/\/www.ipim.gov.mo\/pt-pt\/noticias-do-ipim\/2023-08-20-potenciar-o-papel-de-plataforma-verde-2023miecf-encerrado-com-exito-cerca-de-400-bolsas-de-contacto-realizadas-promovem-a-assinatura-de-40-protocolos-de-cooperacao\/#breadcrumb\"},\"inLanguage\":\"pt-PT\",\"potentialAction\":[{\"@type\":\"ReadAction\",\"target\":[\"https:\/\/www.ipim.gov.mo\/pt-pt\/noticias-do-ipim\/2023-08-20-potenciar-o-papel-de-plataforma-verde-2023miecf-encerrado-com-exito-cerca-de-400-bolsas-de-contacto-realizadas-promovem-a-assinatura-de-40-protocolos-de-cooperacao\/\"]}]},{\"@type\":\"ImageObject\",\"inLanguage\":\"pt-PT\",\"@id\":\"https:\/\/www.ipim.gov.mo\/pt-pt\/noticias-do-ipim\/2023-08-20-potenciar-o-papel-de-plataforma-verde-2023miecf-encerrado-com-exito-cerca-de-400-bolsas-de-contacto-realizadas-promovem-a-assinatura-de-40-protocolos-de-cooperacao\/#primaryimage\",\"url\":\"https:\/\/www.ipim.gov.mo\/wp-content\/uploads\/2024\/07\/ipim-post-default.jpg\",\"contentUrl\":\"https:\/\/www.ipim.gov.mo\/wp-content\/uploads\/2024\/07\/ipim-post-default.jpg\",\"width\":1024,\"height\":768},{\"@type\":\"BreadcrumbList\",\"@id\":\"https:\/\/www.ipim.gov.mo\/pt-pt\/noticias-do-ipim\/2023-08-20-potenciar-o-papel-de-plataforma-verde-2023miecf-encerrado-com-exito-cerca-de-400-bolsas-de-contacto-realizadas-promovem-a-assinatura-de-40-protocolos-de-cooperacao\/#breadcrumb\",\"itemListElement\":[{\"@type\":\"ListItem\",\"position\":1,\"name\":\"Home\",\"item\":\"https:\/\/www.ipim.gov.mo\/pt-pt\/\"},{\"@type\":\"ListItem\",\"position\":2,\"name\":\"[2023\/08\/20] [Potenciar o papel de plataforma verde] 2023MIECF encerrado com \u00eaxito, cerca de 400 bolsas de contacto realizadas promovem a assinatura de 40 protocolos de coopera\u00e7\u00e3o\"}]},{\"@type\":\"WebSite\",\"@id\":\"https:\/\/www.ipim.gov.mo\/zh-hans\/#website\",\"url\":\"https:\/\/www.ipim.gov.mo\/zh-hans\/\",\"name\":\"Commerce and Investment Promotion Institute\",\"description\":\"Commerce and Investment Promotion Institute\",\"publisher\":{\"@id\":\"https:\/\/www.ipim.gov.mo\/zh-hans\/#organization\"},\"potentialAction\":[{\"@type\":\"SearchAction\",\"target\":{\"@type\":\"EntryPoint\",\"urlTemplate\":\"https:\/\/www.ipim.gov.mo\/zh-hans\/?s={search_term_string}\"},\"query-input\":{\"@type\":\"PropertyValueSpecification\",\"valueRequired\":true,\"valueName\":\"search_term_string\"}}],\"inLanguage\":\"pt-PT\"},{\"@type\":\"Organization\",\"@id\":\"https:\/\/www.ipim.gov.mo\/zh-hans\/#organization\",\"name\":\"IPIM\",\"url\":\"https:\/\/www.ipim.gov.mo\/zh-hans\/\",\"logo\":{\"@type\":\"ImageObject\",\"inLanguage\":\"pt-PT\",\"@id\":\"https:\/\/www.ipim.gov.mo\/zh-hans\/#\/schema\/logo\/image\/\",\"url\":\"https:\/\/www.ipim.gov.mo\/wp-content\/uploads\/2022\/10\/default-post-thumbnail-ipim-logo.png\",\"contentUrl\":\"https:\/\/www.ipim.gov.mo\/wp-content\/uploads\/2022\/10\/default-post-thumbnail-ipim-logo.png\",\"width\":1024,\"height\":768,\"caption\":\"IPIM\"},\"image\":{\"@id\":\"https:\/\/www.ipim.gov.mo\/zh-hans\/#\/schema\/logo\/image\/\"}}]}<\/script>\r\n<!-- \/ Yoast SEO plugin. -->","yoast_head_json":{"title":"[2023\/08\/20] [Potenciar o papel de plataforma verde] 2023MIECF encerrado com \u00eaxito, cerca de 400 bolsas de contacto realizadas promovem a assinatura de 40 protocolos de coopera\u00e7\u00e3o | Commerce and Investment Promotion Institute","robots":{"index":"index","follow":"follow","max-snippet":"max-snippet:-1","max-image-preview":"max-image-preview:large","max-video-preview":"max-video-preview:-1"},"canonical":"https:\/\/www.ipim.gov.mo\/pt-pt\/noticias-do-ipim\/2023-08-20-potenciar-o-papel-de-plataforma-verde-2023miecf-encerrado-com-exito-cerca-de-400-bolsas-de-contacto-realizadas-promovem-a-assinatura-de-40-protocolos-de-cooperacao\/","og_locale":"pt_PT","og_type":"article","og_title":"[2023\/08\/20] [Potenciar o papel de plataforma verde] 2023MIECF encerrado com \u00eaxito, cerca de 400 bolsas de contacto realizadas promovem a assinatura de 40 protocolos de coopera\u00e7\u00e3o | Commerce and Investment Promotion Institute","og_description":"Organizado pelo Governo da Regi&atilde;o Administrativa Especial de Macau, o F&oacute;rum e Exposi&ccedil;&atilde;o Internacional de Coopera&ccedil;&atilde;o Ambiental 2023 (2023MIECF) foi encerrado hoje (dia 20) com [&hellip;]","og_url":"https:\/\/www.ipim.gov.mo\/pt-pt\/noticias-do-ipim\/2023-08-20-potenciar-o-papel-de-plataforma-verde-2023miecf-encerrado-com-exito-cerca-de-400-bolsas-de-contacto-realizadas-promovem-a-assinatura-de-40-protocolos-de-cooperacao\/","og_site_name":"Commerce and Investment Promotion Institute","article_published_time":"2023-08-20T08:41:00+00:00","og_image":[{"width":1024,"height":768,"url":"https:\/\/www.ipim.gov.mo\/wp-content\/uploads\/2024\/07\/ipim-post-default.jpg","type":"image\/jpeg"}],"author":"admin","twitter_card":"summary_large_image","twitter_misc":{"Written by":"admin","Est. reading time":"9 minutes"},"schema":{"@context":"https:\/\/schema.org","@graph":[{"@type":"WebPage","@id":"https:\/\/www.ipim.gov.mo\/pt-pt\/noticias-do-ipim\/2023-08-20-potenciar-o-papel-de-plataforma-verde-2023miecf-encerrado-com-exito-cerca-de-400-bolsas-de-contacto-realizadas-promovem-a-assinatura-de-40-protocolos-de-cooperacao\/","url":"https:\/\/www.ipim.gov.mo\/pt-pt\/noticias-do-ipim\/2023-08-20-potenciar-o-papel-de-plataforma-verde-2023miecf-encerrado-com-exito-cerca-de-400-bolsas-de-contacto-realizadas-promovem-a-assinatura-de-40-protocolos-de-cooperacao\/","name":"[2023\/08\/20] [Potenciar o papel de plataforma verde] 2023MIECF encerrado com \u00eaxito, cerca de 400 bolsas de contacto realizadas promovem a assinatura de 40 protocolos de coopera\u00e7\u00e3o | Commerce and Investment Promotion Institute","isPartOf":{"@id":"https:\/\/www.ipim.gov.mo\/zh-hans\/#website"},"primaryImageOfPage":{"@id":"https:\/\/www.ipim.gov.mo\/pt-pt\/noticias-do-ipim\/2023-08-20-potenciar-o-papel-de-plataforma-verde-2023miecf-encerrado-com-exito-cerca-de-400-bolsas-de-contacto-realizadas-promovem-a-assinatura-de-40-protocolos-de-cooperacao\/#primaryimage"},"image":{"@id":"https:\/\/www.ipim.gov.mo\/pt-pt\/noticias-do-ipim\/2023-08-20-potenciar-o-papel-de-plataforma-verde-2023miecf-encerrado-com-exito-cerca-de-400-bolsas-de-contacto-realizadas-promovem-a-assinatura-de-40-protocolos-de-cooperacao\/#primaryimage"},"thumbnailUrl":"https:\/\/www.ipim.gov.mo\/wp-content\/uploads\/2024\/07\/ipim-post-default.jpg","datePublished":"2023-08-20T08:41:00+00:00","breadcrumb":{"@id":"https:\/\/www.ipim.gov.mo\/pt-pt\/noticias-do-ipim\/2023-08-20-potenciar-o-papel-de-plataforma-verde-2023miecf-encerrado-com-exito-cerca-de-400-bolsas-de-contacto-realizadas-promovem-a-assinatura-de-40-protocolos-de-cooperacao\/#breadcrumb"},"inLanguage":"pt-PT","potentialAction":[{"@type":"ReadAction","target":["https:\/\/www.ipim.gov.mo\/pt-pt\/noticias-do-ipim\/2023-08-20-potenciar-o-papel-de-plataforma-verde-2023miecf-encerrado-com-exito-cerca-de-400-bolsas-de-contacto-realizadas-promovem-a-assinatura-de-40-protocolos-de-cooperacao\/"]}]},{"@type":"ImageObject","inLanguage":"pt-PT","@id":"https:\/\/www.ipim.gov.mo\/pt-pt\/noticias-do-ipim\/2023-08-20-potenciar-o-papel-de-plataforma-verde-2023miecf-encerrado-com-exito-cerca-de-400-bolsas-de-contacto-realizadas-promovem-a-assinatura-de-40-protocolos-de-cooperacao\/#primaryimage","url":"https:\/\/www.ipim.gov.mo\/wp-content\/uploads\/2024\/07\/ipim-post-default.jpg","contentUrl":"https:\/\/www.ipim.gov.mo\/wp-content\/uploads\/2024\/07\/ipim-post-default.jpg","width":1024,"height":768},{"@type":"BreadcrumbList","@id":"https:\/\/www.ipim.gov.mo\/pt-pt\/noticias-do-ipim\/2023-08-20-potenciar-o-papel-de-plataforma-verde-2023miecf-encerrado-com-exito-cerca-de-400-bolsas-de-contacto-realizadas-promovem-a-assinatura-de-40-protocolos-de-cooperacao\/#breadcrumb","itemListElement":[{"@type":"ListItem","position":1,"name":"Home","item":"https:\/\/www.ipim.gov.mo\/pt-pt\/"},{"@type":"ListItem","position":2,"name":"[2023\/08\/20] [Potenciar o papel de plataforma verde] 2023MIECF encerrado com \u00eaxito, cerca de 400 bolsas de contacto realizadas promovem a assinatura de 40 protocolos de coopera\u00e7\u00e3o"}]},{"@type":"WebSite","@id":"https:\/\/www.ipim.gov.mo\/zh-hans\/#website","url":"https:\/\/www.ipim.gov.mo\/zh-hans\/","name":"Commerce and Investment Promotion Institute","description":"Commerce and Investment Promotion Institute","publisher":{"@id":"https:\/\/www.ipim.gov.mo\/zh-hans\/#organization"},"potentialAction":[{"@type":"SearchAction","target":{"@type":"EntryPoint","urlTemplate":"https:\/\/www.ipim.gov.mo\/zh-hans\/?s={search_term_string}"},"query-input":{"@type":"PropertyValueSpecification","valueRequired":true,"valueName":"search_term_string"}}],"inLanguage":"pt-PT"},{"@type":"Organization","@id":"https:\/\/www.ipim.gov.mo\/zh-hans\/#organization","name":"IPIM","url":"https:\/\/www.ipim.gov.mo\/zh-hans\/","logo":{"@type":"ImageObject","inLanguage":"pt-PT","@id":"https:\/\/www.ipim.gov.mo\/zh-hans\/#\/schema\/logo\/image\/","url":"https:\/\/www.ipim.gov.mo\/wp-content\/uploads\/2022\/10\/default-post-thumbnail-ipim-logo.png","contentUrl":"https:\/\/www.ipim.gov.mo\/wp-content\/uploads\/2022\/10\/default-post-thumbnail-ipim-logo.png","width":1024,"height":768,"caption":"IPIM"},"image":{"@id":"https:\/\/www.ipim.gov.mo\/zh-hans\/#\/schema\/logo\/image\/"}}]}},"author_meta":{"display_name":"admin","author_link":"https:\/\/www.ipim.gov.mo\/pt-pt\/author\/admin\/"},"featured_img":"https:\/\/www.ipim.gov.mo\/wp-content\/uploads\/2024\/07\/ipim-post-default-300x225.jpg","coauthors":[],"tax_additional":{"categories":{"linked":["<a href=\"https:\/\/www.ipim.gov.mo\/pt-pt\/category\/noticias-do-ipim\/\" class=\"advgb-post-tax-term\">Not\u00edcias do IPIM<\/a>"],"unlinked":["<span class=\"advgb-post-tax-term\">Not\u00edcias do IPIM<\/span>"]}},"comment_count":"0","relative_dates":{"created":"Posted 3 years ago","modified":"Updated 3 years ago"},"absolute_dates":{"created":"Posted on Agosto 20, 2023","modified":"Updated on Agosto 20, 2023"},"absolute_dates_time":{"created":"Posted on Agosto 20, 2023 4:41 pm","modified":"Updated on Agosto 20, 2023 4:41 pm"},"featured_img_caption":"","series_order":"","_links":{"self":[{"href":"https:\/\/www.ipim.gov.mo\/pt-pt\/wp-json\/wp\/v2\/posts\/436158","targetHints":{"allow":["GET"]}}],"collection":[{"href":"https:\/\/www.ipim.gov.mo\/pt-pt\/wp-json\/wp\/v2\/posts"}],"about":[{"href":"https:\/\/www.ipim.gov.mo\/pt-pt\/wp-json\/wp\/v2\/types\/post"}],"author":[{"embeddable":true,"href":"https:\/\/www.ipim.gov.mo\/pt-pt\/wp-json\/wp\/v2\/users\/1"}],"replies":[{"embeddable":true,"href":"https:\/\/www.ipim.gov.mo\/pt-pt\/wp-json\/wp\/v2\/comments?post=436158"}],"version-history":[{"count":0,"href":"https:\/\/www.ipim.gov.mo\/pt-pt\/wp-json\/wp\/v2\/posts\/436158\/revisions"}],"wp:featuredmedia":[{"embeddable":true,"href":"https:\/\/www.ipim.gov.mo\/pt-pt\/wp-json\/wp\/v2\/media\/467868"}],"wp:attachment":[{"href":"https:\/\/www.ipim.gov.mo\/pt-pt\/wp-json\/wp\/v2\/media?parent=436158"}],"wp:term":[{"taxonomy":"category","embeddable":true,"href":"https:\/\/www.ipim.gov.mo\/pt-pt\/wp-json\/wp\/v2\/categories?post=436158"},{"taxonomy":"post_tag","embeddable":true,"href":"https:\/\/www.ipim.gov.mo\/pt-pt\/wp-json\/wp\/v2\/tags?post=436158"}],"curies":[{"name":"wp","href":"https:\/\/api.w.org\/{rel}","templated":true}]}}