{"id":436064,"date":"2023-08-17T19:33:00","date_gmt":"2023-08-17T11:33:00","guid":{"rendered":"https:\/\/www.ipim.gov.mo\/noticias-do-ipim\/2023-08-19-reunir-forcas-profissionais-dia-da-cooperacao-empresarial-verde-do-2023miecf-contribui-para-o-desenvolvimento-verde-e-sustentavel-de-turismo\/"},"modified":"2023-08-17T19:33:00","modified_gmt":"2023-08-17T11:33:00","slug":"2023-08-19-reunir-forcas-profissionais-dia-da-cooperacao-empresarial-verde-do-2023miecf-contribui-para-o-desenvolvimento-verde-e-sustentavel-de-turismo","status":"publish","type":"post","link":"https:\/\/www.ipim.gov.mo\/pt-pt\/noticias-do-ipim\/2023-08-19-reunir-forcas-profissionais-dia-da-cooperacao-empresarial-verde-do-2023miecf-contribui-para-o-desenvolvimento-verde-e-sustentavel-de-turismo\/","title":{"rendered":"[2023\/08\/17] [Reunir for\u00e7as profissionais] \u201cDia da Coopera\u00e7\u00e3o Empresarial Verde\u201d do 2023MIECF contribui para o desenvolvimento verde e sustent\u00e1vel de \u201cTurismo +\u201d"},"content":{"rendered":"<p style=\"text-align:justify\">No primeiro dia (dia 17 de Agosto) do F&oacute;rum e Exposi&ccedil;&atilde;o Internacional de Coopera&ccedil;&atilde;o Ambiental de Macau 2023 (2023MIECF), realizou-se o \u201cDia da Coopera&ccedil;&atilde;o Empresarial Verde: Sess&atilde;o I do F&oacute;rum Verde\u201d.<\/p>\n<p style=\"text-align:justify\">Trata-se de um evento organizado atrav&eacute;s de uma nova colabora&ccedil;&atilde;o entre o Instituto de Promo&ccedil;&atilde;o do Com&eacute;rcio e do Investimento de Macau (IPIM) e a empresa de contabilidade PricewaterhouseCoopers (PwC). Em articula&ccedil;&atilde;o com a estrat&eacute;gia de desenvolvimento da diversifica&ccedil;&atilde;o adequada \u201c1+4\u201d e subordinado ao tema \u201cVerde x Inova&ccedil;&atilde;o x Oportunidades de Neg&oacute;cio \u2014 Empoderar o Desenvolvimento Sustent&aacute;vel do Turismo de Neg&oacute;cios e de Lazer\u201d, o evento promoveu o debate conjunto sobre as cadeias de valor relacionadas e a aplica&ccedil;&atilde;o e a pr&aacute;tica de produtos e solu&ccedil;&otilde;es dotados de tecnologias verdes e inovadoras, tendo atra&iacute;do mais de 160 participantes no local.<\/p>\n<p style=\"text-align:justify\"><strong>Oradores convidados partilham suas vis&otilde;es, contribuindo para o desenvolvimento sustent&aacute;vel<\/strong><\/p>\n<p style=\"text-align:justify\">No seu discurso, o Presidente do IPIM, U U Sang, afirmou que, este ano, a nova colabora&ccedil;&atilde;o com a institui&ccedil;&atilde;o profissional, PwC, na organiza&ccedil;&atilde;o do evento aumentou ainda mais o profissionalismo do MIECF. Com o foco centrado no turismo de neg&oacute;cios e de lazer, uma das ind&uacute;strias da estrat&eacute;gia \u201c1+4\u201d, a edi&ccedil;&atilde;o deste ano reuniu v&aacute;rias l&iacute;deres e especialistas de dom&iacute;nios relacionados, para trocarem opini&otilde;es e debaterem, de forma aprofundada, sobre o papel promotor da inova&ccedil;&atilde;o verde no desenvolvimento da ind&uacute;stria do turismo de neg&oacute;cios e de lazer, com vista a alcan&ccedil;ar a interac&ccedil;&atilde;o do desenvolvimento verde com outros sectores e a estimular a promo&ccedil;&atilde;o m&uacute;tua.<\/p>\n<p style=\"text-align:justify\">O S&oacute;cio e Gestor da Economia Regional e do Mercado do Sul da PwC China, James Chang, referiu, no seu discurso, que o desenvolvimento verde e de baixo carbono j&aacute; se tornou um objectivo comum para o mundo inteiro. Referiu tamb&eacute;m que o turismo de neg&oacute;cios e de lazer, sendo uma ind&uacute;stria emergente cada vez mais popular, precisa urgentemente de se inovar constantemente no caminho em direc&ccedil;&atilde;o ao desenvolvimento sustent&aacute;vel. A aplica&ccedil;&atilde;o e a pr&aacute;tica de solu&ccedil;&otilde;es verdes e de baixo carbono revelam um enorme potencial e trazem grandes oportunidades para a cadeia de valor do turismo de neg&oacute;cios e de lazer. Isto &eacute;, atrav&eacute;s de tecnologias verdes, sistemas inteligentes e filosofias de gest&atilde;o sustent&aacute;vel, &eacute; poss&iacute;vel aproveitar, com alta efici&ecirc;ncia, os recursos e ajudar a proteger o meio ambiente, trazendo oportunidades de neg&oacute;cio prop&iacute;cias ao desenvolvimento sustent&aacute;vel da ind&uacute;stria do turismo de neg&oacute;cios e de lazer.<\/p>\n<p style=\"text-align:justify\"><strong>Relat<\/strong><strong>&oacute;rio <\/strong><strong>tem&aacute;tico para abordar o desenvolvimento verde de \u201cTurismo +<\/strong><strong>\u201d<\/strong><strong> <\/strong><\/p>\n<p style=\"text-align:justify\">No f&oacute;rum, a PwC divulgou o relat&oacute;rio tem&aacute;tico \u201cDesenvolvimento Integrado do Sector de Cultura, Turismo, e Conven&ccedil;&otilde;es e Exposi&ccedil;&otilde;es entre Guangdong e Macau 2023\u201d. Segundo o relat&oacute;rio, no primeiro trimestre de 2023, a propor&ccedil;&atilde;o de turistas que visitam Macau para participar em conven&ccedil;&otilde;es e exposi&ccedil;&otilde;es, em viagem de neg&oacute;cios ou com outros prop&oacute;sitos comerciais aumentou de 6,1%, antes da pandemia, para 33,6%. Este tornou-se um dos principais objectivos da visita dos turistas a Macau. O relat&oacute;rio apontou ainda que Macau precisa de aproveitar tr&ecirc;s oportunidades para o desenvolvimento do turismo de neg&oacute;cios e de lazer: expans&atilde;o das vantagens regionais para atrair mais clientes do turismo de neg&oacute;cios; moderniza&ccedil;&atilde;o industrial para oferecer instala&ccedil;&otilde;es com base nas necessidades dos turistas em viagem de neg&oacute;cio; e adapta&ccedil;&atilde;o da cadeia industrial para materializar o desenvolvimento verde. Por fim, o relat&oacute;rio tamb&eacute;m deixou reflex&otilde;es e inspira&ccedil;&otilde;es para aprofundar o desenvolvimento integrado entre Guangdong e Macau, especialmente entre Macau e Hengqin no dom&iacute;nio de conven&ccedil;&otilde;es e exposi&ccedil;&otilde;es.<\/p>\n<p style=\"text-align:justify\"><strong>Foco no turismo verde de neg<\/strong><strong>&oacute;cios <\/strong><strong>e de lazer<\/strong><\/p>\n<p style=\"text-align:justify\">Durante a sess&atilde;o de debate do F&oacute;rum, l&iacute;deres de v&aacute;rias institui&ccedil;&otilde;es profissionais de investiga&ccedil;&atilde;o e das empresas e institui&ccedil;&otilde;es renomadas das cadeias de valor relacionadas como conven&ccedil;&otilde;es e exposi&ccedil;&otilde;es, hotelaria, transporte, constru&ccedil;&atilde;o e concep&ccedil;&atilde;o de instala&ccedil;&otilde;es tur&iacute;sticas, abordaram em conjunto produtos e solu&ccedil;&otilde;es tecnol&oacute;gicas verdes e inovadoras que contribuem para a promo&ccedil;&atilde;o do desenvolvimento sustent&aacute;vel do turismo de neg&oacute;cios e de lazer, tendo tamb&eacute;m partilhado as suas experi&ecirc;ncias pr&aacute;ticas sobre a mat&eacute;ria.<\/p>\n<p style=\"text-align:justify\">Alguns dos convidados apontaram que o desenvolvimento sustent&aacute;vel global passou da era da constru&ccedil;&atilde;o verde para a era da constru&ccedil;&atilde;o saud&aacute;vel, pelo que propuseram que Macau introduza elementos da sa&uacute;de no processo de promo&ccedil;&atilde;o do desenvolvimento verde e ecol&oacute;gico de \u201cTurismo +\u201d. J&aacute; outros participantes afirmaram que, atrav&eacute;s do F&oacute;rum, ficaram a conhecer as &uacute;ltimas novidades verdes no &acirc;mbito do meio ambiente e de constru&ccedil;&atilde;o civil, proporcionando-lhes inspira&ccedil;&otilde;es profundas.<\/p>\n<div class=\"wp-caption alignnone\">\n                <a href=\"https:\/\/www.gcs.gov.mo\/news\/p\/P23HQBh5Ai\/l\" data-component=\"Popup\" data-fancybox=\"gallery\" data-caption=\"O \u201cDia da Coopera\u00e7\u00e3o Empresarial Verde\u201d foi realizado no primeiro dia do 2023MIECF\" data-type=\"image\"><br \/>\n                <img decoding=\"async\" class=\"size-large\" src=\"https:\/\/www.gcs.gov.mo\/news\/p\/P23HQBh5Ai\/l\" title=\"O \u201cDia da Coopera\u00e7\u00e3o Empresarial Verde\u201d foi realizado no primeiro dia do 2023MIECF\" alt=\"O \u201cDia da Coopera\u00e7\u00e3o Empresarial Verde\u201d foi realizado no primeiro dia do 2023MIECF\" width=\"1024\"><br \/>\n                <\/a><\/p>\n<p class=\"wp-caption-text\">O \u201cDia da Coopera\u00e7\u00e3o Empresarial Verde\u201d foi realizado no primeiro dia do 2023MIECF<\/p>\n<\/p><\/div>\n<div class=\"wp-caption alignnone\">\n                <a href=\"https:\/\/www.gcs.gov.mo\/news\/p\/P23HQXzeFE\/l\" data-component=\"Popup\" data-fancybox=\"gallery\" data-caption=\"O relat\u00f3rio tem\u00e1tico foi divulgado durante o F\u00f3rum\" data-type=\"image\"><br \/>\n                <img decoding=\"async\" class=\"size-large\" src=\"https:\/\/www.gcs.gov.mo\/news\/p\/P23HQXzeFE\/l\" title=\"O relat\u00f3rio tem\u00e1tico foi divulgado durante o F\u00f3rum\" alt=\"O relat\u00f3rio tem\u00e1tico foi divulgado durante o F\u00f3rum\" width=\"1024\"><br \/>\n                <\/a><\/p>\n<p class=\"wp-caption-text\">O relat\u00f3rio tem\u00e1tico foi divulgado durante o F\u00f3rum<\/p>\n<\/p><\/div>\n<div class=\"wp-caption alignnone\">\n                <a href=\"https:\/\/www.gcs.gov.mo\/news\/p\/P23HQKTCGV\/l\" data-component=\"Popup\" data-fancybox=\"gallery\" data-caption=\"O F\u00f3rum reuniu l\u00edderes, especialistas e acad\u00e9micos dos diversos sectores para explorarem em conjunto o caminho de desenvolvimento sustent\u00e1vel do turismo verde de neg\u00f3cios e de lazer\" data-type=\"image\"><br \/>\n                <img decoding=\"async\" class=\"size-large\" src=\"https:\/\/www.gcs.gov.mo\/news\/p\/P23HQKTCGV\/l\" title=\"O F\u00f3rum reuniu l\u00edderes, especialistas e acad\u00e9micos dos diversos sectores para explorarem em conjunto o caminho de desenvolvimento sustent\u00e1vel do turismo verde de neg\u00f3cios e de lazer\" alt=\"O F\u00f3rum reuniu l\u00edderes, especialistas e acad\u00e9micos dos diversos sectores para explorarem em conjunto o caminho de desenvolvimento sustent\u00e1vel do turismo verde de neg\u00f3cios e de lazer\" width=\"1024\"><br \/>\n                <\/a><\/p>\n<p class=\"wp-caption-text\">O F\u00f3rum reuniu l\u00edderes, especialistas e acad\u00e9micos dos diversos sectores para explorarem em conjunto o caminho de desenvolvimento sustent\u00e1vel do turismo verde de neg\u00f3cios e de lazer<\/p>\n<\/p><\/div>\n","protected":false},"excerpt":{"rendered":"<p>No primeiro dia (dia 17 de Agosto) do F&oacute;rum e Exposi&ccedil;&atilde;o Internacional de Coopera&ccedil;&atilde;o Ambiental de Macau 2023 (2023MIECF), realizou-se o \u201cDia da Coopera&ccedil;&atilde;o Empresarial [&hellip;]<\/p>\n","protected":false},"author":1,"featured_media":467868,"comment_status":"closed","ping_status":"closed","sticky":false,"template":"","format":"standard","meta":{"_acf_changed":false,"inline_featured_image":false,"advgb_blocks_editor_width":"","advgb_blocks_columns_visual_guide":"","footnotes":""},"categories":[12],"tags":[],"class_list":["post-436064","post","type-post","status-publish","format-standard","has-post-thumbnail","hentry","category-noticias-do-ipim"],"acf":[],"yoast_head":"<!-- This site is optimized with the Yoast SEO plugin v26.2 - https:\/\/yoast.com\/wordpress\/plugins\/seo\/ -->\r\n<title>[2023\/08\/17] [Reunir for\u00e7as profissionais] \u201cDia da Coopera\u00e7\u00e3o Empresarial Verde\u201d do 2023MIECF contribui para o desenvolvimento verde e sustent\u00e1vel de \u201cTurismo +\u201d | Commerce and Investment Promotion Institute<\/title>\r\n<meta name=\"robots\" content=\"index, follow, max-snippet:-1, max-image-preview:large, max-video-preview:-1\" \/>\r\n<link rel=\"canonical\" href=\"https:\/\/www.ipim.gov.mo\/pt-pt\/noticias-do-ipim\/2023-08-19-reunir-forcas-profissionais-dia-da-cooperacao-empresarial-verde-do-2023miecf-contribui-para-o-desenvolvimento-verde-e-sustentavel-de-turismo\/\" \/>\r\n<meta property=\"og:locale\" content=\"pt_PT\" \/>\r\n<meta property=\"og:type\" content=\"article\" \/>\r\n<meta property=\"og:title\" content=\"[2023\/08\/17] [Reunir for\u00e7as profissionais] \u201cDia da Coopera\u00e7\u00e3o Empresarial Verde\u201d do 2023MIECF contribui para o desenvolvimento verde e sustent\u00e1vel de \u201cTurismo +\u201d | Commerce and Investment Promotion Institute\" \/>\r\n<meta property=\"og:description\" content=\"No primeiro dia (dia 17 de Agosto) do F&oacute;rum e Exposi&ccedil;&atilde;o Internacional de Coopera&ccedil;&atilde;o Ambiental de Macau 2023 (2023MIECF), realizou-se o \u201cDia da Coopera&ccedil;&atilde;o Empresarial [&hellip;]\" \/>\r\n<meta property=\"og:url\" content=\"https:\/\/www.ipim.gov.mo\/pt-pt\/noticias-do-ipim\/2023-08-19-reunir-forcas-profissionais-dia-da-cooperacao-empresarial-verde-do-2023miecf-contribui-para-o-desenvolvimento-verde-e-sustentavel-de-turismo\/\" \/>\r\n<meta property=\"og:site_name\" content=\"Commerce and Investment Promotion Institute\" \/>\r\n<meta property=\"article:published_time\" content=\"2023-08-17T11:33:00+00:00\" \/>\r\n<meta property=\"og:image\" content=\"https:\/\/www.ipim.gov.mo\/wp-content\/uploads\/2024\/07\/ipim-post-default.jpg\" \/>\r\n\t<meta property=\"og:image:width\" content=\"1024\" \/>\r\n\t<meta property=\"og:image:height\" content=\"768\" \/>\r\n\t<meta property=\"og:image:type\" content=\"image\/jpeg\" \/>\r\n<meta name=\"author\" content=\"admin\" \/>\r\n<meta name=\"twitter:card\" content=\"summary_large_image\" \/>\r\n<meta name=\"twitter:label1\" content=\"Written by\" \/>\n\t<meta name=\"twitter:data1\" content=\"admin\" \/>\n\t<meta name=\"twitter:label2\" content=\"Est. reading time\" \/>\n\t<meta name=\"twitter:data2\" content=\"5 minutes\" \/>\r\n<script type=\"application\/ld+json\" class=\"yoast-schema-graph\">{\"@context\":\"https:\/\/schema.org\",\"@graph\":[{\"@type\":\"WebPage\",\"@id\":\"https:\/\/www.ipim.gov.mo\/pt-pt\/noticias-do-ipim\/2023-08-19-reunir-forcas-profissionais-dia-da-cooperacao-empresarial-verde-do-2023miecf-contribui-para-o-desenvolvimento-verde-e-sustentavel-de-turismo\/\",\"url\":\"https:\/\/www.ipim.gov.mo\/pt-pt\/noticias-do-ipim\/2023-08-19-reunir-forcas-profissionais-dia-da-cooperacao-empresarial-verde-do-2023miecf-contribui-para-o-desenvolvimento-verde-e-sustentavel-de-turismo\/\",\"name\":\"[2023\/08\/17] [Reunir for\u00e7as profissionais] \u201cDia da Coopera\u00e7\u00e3o Empresarial Verde\u201d do 2023MIECF contribui para o desenvolvimento verde e sustent\u00e1vel de \u201cTurismo +\u201d | Commerce and Investment Promotion Institute\",\"isPartOf\":{\"@id\":\"https:\/\/www.ipim.gov.mo\/zh-hans\/#website\"},\"primaryImageOfPage\":{\"@id\":\"https:\/\/www.ipim.gov.mo\/pt-pt\/noticias-do-ipim\/2023-08-19-reunir-forcas-profissionais-dia-da-cooperacao-empresarial-verde-do-2023miecf-contribui-para-o-desenvolvimento-verde-e-sustentavel-de-turismo\/#primaryimage\"},\"image\":{\"@id\":\"https:\/\/www.ipim.gov.mo\/pt-pt\/noticias-do-ipim\/2023-08-19-reunir-forcas-profissionais-dia-da-cooperacao-empresarial-verde-do-2023miecf-contribui-para-o-desenvolvimento-verde-e-sustentavel-de-turismo\/#primaryimage\"},\"thumbnailUrl\":\"https:\/\/www.ipim.gov.mo\/wp-content\/uploads\/2024\/07\/ipim-post-default.jpg\",\"datePublished\":\"2023-08-17T11:33:00+00:00\",\"breadcrumb\":{\"@id\":\"https:\/\/www.ipim.gov.mo\/pt-pt\/noticias-do-ipim\/2023-08-19-reunir-forcas-profissionais-dia-da-cooperacao-empresarial-verde-do-2023miecf-contribui-para-o-desenvolvimento-verde-e-sustentavel-de-turismo\/#breadcrumb\"},\"inLanguage\":\"pt-PT\",\"potentialAction\":[{\"@type\":\"ReadAction\",\"target\":[\"https:\/\/www.ipim.gov.mo\/pt-pt\/noticias-do-ipim\/2023-08-19-reunir-forcas-profissionais-dia-da-cooperacao-empresarial-verde-do-2023miecf-contribui-para-o-desenvolvimento-verde-e-sustentavel-de-turismo\/\"]}]},{\"@type\":\"ImageObject\",\"inLanguage\":\"pt-PT\",\"@id\":\"https:\/\/www.ipim.gov.mo\/pt-pt\/noticias-do-ipim\/2023-08-19-reunir-forcas-profissionais-dia-da-cooperacao-empresarial-verde-do-2023miecf-contribui-para-o-desenvolvimento-verde-e-sustentavel-de-turismo\/#primaryimage\",\"url\":\"https:\/\/www.ipim.gov.mo\/wp-content\/uploads\/2024\/07\/ipim-post-default.jpg\",\"contentUrl\":\"https:\/\/www.ipim.gov.mo\/wp-content\/uploads\/2024\/07\/ipim-post-default.jpg\",\"width\":1024,\"height\":768},{\"@type\":\"BreadcrumbList\",\"@id\":\"https:\/\/www.ipim.gov.mo\/pt-pt\/noticias-do-ipim\/2023-08-19-reunir-forcas-profissionais-dia-da-cooperacao-empresarial-verde-do-2023miecf-contribui-para-o-desenvolvimento-verde-e-sustentavel-de-turismo\/#breadcrumb\",\"itemListElement\":[{\"@type\":\"ListItem\",\"position\":1,\"name\":\"Home\",\"item\":\"https:\/\/www.ipim.gov.mo\/pt-pt\/\"},{\"@type\":\"ListItem\",\"position\":2,\"name\":\"[2023\/08\/17] [Reunir for\u00e7as profissionais] \u201cDia da Coopera\u00e7\u00e3o Empresarial Verde\u201d do 2023MIECF contribui para o desenvolvimento verde e sustent\u00e1vel de \u201cTurismo +\u201d\"}]},{\"@type\":\"WebSite\",\"@id\":\"https:\/\/www.ipim.gov.mo\/zh-hans\/#website\",\"url\":\"https:\/\/www.ipim.gov.mo\/zh-hans\/\",\"name\":\"Commerce and Investment Promotion Institute\",\"description\":\"Commerce and Investment Promotion Institute\",\"publisher\":{\"@id\":\"https:\/\/www.ipim.gov.mo\/zh-hans\/#organization\"},\"potentialAction\":[{\"@type\":\"SearchAction\",\"target\":{\"@type\":\"EntryPoint\",\"urlTemplate\":\"https:\/\/www.ipim.gov.mo\/zh-hans\/?s={search_term_string}\"},\"query-input\":{\"@type\":\"PropertyValueSpecification\",\"valueRequired\":true,\"valueName\":\"search_term_string\"}}],\"inLanguage\":\"pt-PT\"},{\"@type\":\"Organization\",\"@id\":\"https:\/\/www.ipim.gov.mo\/zh-hans\/#organization\",\"name\":\"IPIM\",\"url\":\"https:\/\/www.ipim.gov.mo\/zh-hans\/\",\"logo\":{\"@type\":\"ImageObject\",\"inLanguage\":\"pt-PT\",\"@id\":\"https:\/\/www.ipim.gov.mo\/zh-hans\/#\/schema\/logo\/image\/\",\"url\":\"https:\/\/www.ipim.gov.mo\/wp-content\/uploads\/2022\/10\/default-post-thumbnail-ipim-logo.png\",\"contentUrl\":\"https:\/\/www.ipim.gov.mo\/wp-content\/uploads\/2022\/10\/default-post-thumbnail-ipim-logo.png\",\"width\":1024,\"height\":768,\"caption\":\"IPIM\"},\"image\":{\"@id\":\"https:\/\/www.ipim.gov.mo\/zh-hans\/#\/schema\/logo\/image\/\"}}]}<\/script>\r\n<!-- \/ Yoast SEO plugin. -->","yoast_head_json":{"title":"[2023\/08\/17] [Reunir for\u00e7as profissionais] \u201cDia da Coopera\u00e7\u00e3o Empresarial Verde\u201d do 2023MIECF contribui para o desenvolvimento verde e sustent\u00e1vel de \u201cTurismo +\u201d | Commerce and Investment Promotion Institute","robots":{"index":"index","follow":"follow","max-snippet":"max-snippet:-1","max-image-preview":"max-image-preview:large","max-video-preview":"max-video-preview:-1"},"canonical":"https:\/\/www.ipim.gov.mo\/pt-pt\/noticias-do-ipim\/2023-08-19-reunir-forcas-profissionais-dia-da-cooperacao-empresarial-verde-do-2023miecf-contribui-para-o-desenvolvimento-verde-e-sustentavel-de-turismo\/","og_locale":"pt_PT","og_type":"article","og_title":"[2023\/08\/17] [Reunir for\u00e7as profissionais] \u201cDia da Coopera\u00e7\u00e3o Empresarial Verde\u201d do 2023MIECF contribui para o desenvolvimento verde e sustent\u00e1vel de \u201cTurismo +\u201d | Commerce and Investment Promotion Institute","og_description":"No primeiro dia (dia 17 de Agosto) do F&oacute;rum e Exposi&ccedil;&atilde;o Internacional de Coopera&ccedil;&atilde;o Ambiental de Macau 2023 (2023MIECF), realizou-se o \u201cDia da Coopera&ccedil;&atilde;o Empresarial [&hellip;]","og_url":"https:\/\/www.ipim.gov.mo\/pt-pt\/noticias-do-ipim\/2023-08-19-reunir-forcas-profissionais-dia-da-cooperacao-empresarial-verde-do-2023miecf-contribui-para-o-desenvolvimento-verde-e-sustentavel-de-turismo\/","og_site_name":"Commerce and Investment Promotion Institute","article_published_time":"2023-08-17T11:33:00+00:00","og_image":[{"width":1024,"height":768,"url":"https:\/\/www.ipim.gov.mo\/wp-content\/uploads\/2024\/07\/ipim-post-default.jpg","type":"image\/jpeg"}],"author":"admin","twitter_card":"summary_large_image","twitter_misc":{"Written by":"admin","Est. reading time":"5 minutes"},"schema":{"@context":"https:\/\/schema.org","@graph":[{"@type":"WebPage","@id":"https:\/\/www.ipim.gov.mo\/pt-pt\/noticias-do-ipim\/2023-08-19-reunir-forcas-profissionais-dia-da-cooperacao-empresarial-verde-do-2023miecf-contribui-para-o-desenvolvimento-verde-e-sustentavel-de-turismo\/","url":"https:\/\/www.ipim.gov.mo\/pt-pt\/noticias-do-ipim\/2023-08-19-reunir-forcas-profissionais-dia-da-cooperacao-empresarial-verde-do-2023miecf-contribui-para-o-desenvolvimento-verde-e-sustentavel-de-turismo\/","name":"[2023\/08\/17] [Reunir for\u00e7as profissionais] \u201cDia da Coopera\u00e7\u00e3o Empresarial Verde\u201d do 2023MIECF contribui para o desenvolvimento verde e sustent\u00e1vel de \u201cTurismo +\u201d | Commerce and Investment Promotion Institute","isPartOf":{"@id":"https:\/\/www.ipim.gov.mo\/zh-hans\/#website"},"primaryImageOfPage":{"@id":"https:\/\/www.ipim.gov.mo\/pt-pt\/noticias-do-ipim\/2023-08-19-reunir-forcas-profissionais-dia-da-cooperacao-empresarial-verde-do-2023miecf-contribui-para-o-desenvolvimento-verde-e-sustentavel-de-turismo\/#primaryimage"},"image":{"@id":"https:\/\/www.ipim.gov.mo\/pt-pt\/noticias-do-ipim\/2023-08-19-reunir-forcas-profissionais-dia-da-cooperacao-empresarial-verde-do-2023miecf-contribui-para-o-desenvolvimento-verde-e-sustentavel-de-turismo\/#primaryimage"},"thumbnailUrl":"https:\/\/www.ipim.gov.mo\/wp-content\/uploads\/2024\/07\/ipim-post-default.jpg","datePublished":"2023-08-17T11:33:00+00:00","breadcrumb":{"@id":"https:\/\/www.ipim.gov.mo\/pt-pt\/noticias-do-ipim\/2023-08-19-reunir-forcas-profissionais-dia-da-cooperacao-empresarial-verde-do-2023miecf-contribui-para-o-desenvolvimento-verde-e-sustentavel-de-turismo\/#breadcrumb"},"inLanguage":"pt-PT","potentialAction":[{"@type":"ReadAction","target":["https:\/\/www.ipim.gov.mo\/pt-pt\/noticias-do-ipim\/2023-08-19-reunir-forcas-profissionais-dia-da-cooperacao-empresarial-verde-do-2023miecf-contribui-para-o-desenvolvimento-verde-e-sustentavel-de-turismo\/"]}]},{"@type":"ImageObject","inLanguage":"pt-PT","@id":"https:\/\/www.ipim.gov.mo\/pt-pt\/noticias-do-ipim\/2023-08-19-reunir-forcas-profissionais-dia-da-cooperacao-empresarial-verde-do-2023miecf-contribui-para-o-desenvolvimento-verde-e-sustentavel-de-turismo\/#primaryimage","url":"https:\/\/www.ipim.gov.mo\/wp-content\/uploads\/2024\/07\/ipim-post-default.jpg","contentUrl":"https:\/\/www.ipim.gov.mo\/wp-content\/uploads\/2024\/07\/ipim-post-default.jpg","width":1024,"height":768},{"@type":"BreadcrumbList","@id":"https:\/\/www.ipim.gov.mo\/pt-pt\/noticias-do-ipim\/2023-08-19-reunir-forcas-profissionais-dia-da-cooperacao-empresarial-verde-do-2023miecf-contribui-para-o-desenvolvimento-verde-e-sustentavel-de-turismo\/#breadcrumb","itemListElement":[{"@type":"ListItem","position":1,"name":"Home","item":"https:\/\/www.ipim.gov.mo\/pt-pt\/"},{"@type":"ListItem","position":2,"name":"[2023\/08\/17] [Reunir for\u00e7as profissionais] \u201cDia da Coopera\u00e7\u00e3o Empresarial Verde\u201d do 2023MIECF contribui para o desenvolvimento verde e sustent\u00e1vel de \u201cTurismo +\u201d"}]},{"@type":"WebSite","@id":"https:\/\/www.ipim.gov.mo\/zh-hans\/#website","url":"https:\/\/www.ipim.gov.mo\/zh-hans\/","name":"Commerce and Investment Promotion Institute","description":"Commerce and Investment Promotion Institute","publisher":{"@id":"https:\/\/www.ipim.gov.mo\/zh-hans\/#organization"},"potentialAction":[{"@type":"SearchAction","target":{"@type":"EntryPoint","urlTemplate":"https:\/\/www.ipim.gov.mo\/zh-hans\/?s={search_term_string}"},"query-input":{"@type":"PropertyValueSpecification","valueRequired":true,"valueName":"search_term_string"}}],"inLanguage":"pt-PT"},{"@type":"Organization","@id":"https:\/\/www.ipim.gov.mo\/zh-hans\/#organization","name":"IPIM","url":"https:\/\/www.ipim.gov.mo\/zh-hans\/","logo":{"@type":"ImageObject","inLanguage":"pt-PT","@id":"https:\/\/www.ipim.gov.mo\/zh-hans\/#\/schema\/logo\/image\/","url":"https:\/\/www.ipim.gov.mo\/wp-content\/uploads\/2022\/10\/default-post-thumbnail-ipim-logo.png","contentUrl":"https:\/\/www.ipim.gov.mo\/wp-content\/uploads\/2022\/10\/default-post-thumbnail-ipim-logo.png","width":1024,"height":768,"caption":"IPIM"},"image":{"@id":"https:\/\/www.ipim.gov.mo\/zh-hans\/#\/schema\/logo\/image\/"}}]}},"author_meta":{"display_name":"admin","author_link":"https:\/\/www.ipim.gov.mo\/pt-pt\/author\/admin\/"},"featured_img":"https:\/\/www.ipim.gov.mo\/wp-content\/uploads\/2024\/07\/ipim-post-default-300x225.jpg","coauthors":[],"tax_additional":{"categories":{"linked":["<a href=\"https:\/\/www.ipim.gov.mo\/pt-pt\/category\/noticias-do-ipim\/\" class=\"advgb-post-tax-term\">Not\u00edcias do IPIM<\/a>"],"unlinked":["<span class=\"advgb-post-tax-term\">Not\u00edcias do IPIM<\/span>"]}},"comment_count":"0","relative_dates":{"created":"Posted 3 years ago","modified":"Updated 3 years ago"},"absolute_dates":{"created":"Posted on Agosto 17, 2023","modified":"Updated on Agosto 17, 2023"},"absolute_dates_time":{"created":"Posted on Agosto 17, 2023 7:33 pm","modified":"Updated on Agosto 17, 2023 7:33 pm"},"featured_img_caption":"","series_order":"","_links":{"self":[{"href":"https:\/\/www.ipim.gov.mo\/pt-pt\/wp-json\/wp\/v2\/posts\/436064","targetHints":{"allow":["GET"]}}],"collection":[{"href":"https:\/\/www.ipim.gov.mo\/pt-pt\/wp-json\/wp\/v2\/posts"}],"about":[{"href":"https:\/\/www.ipim.gov.mo\/pt-pt\/wp-json\/wp\/v2\/types\/post"}],"author":[{"embeddable":true,"href":"https:\/\/www.ipim.gov.mo\/pt-pt\/wp-json\/wp\/v2\/users\/1"}],"replies":[{"embeddable":true,"href":"https:\/\/www.ipim.gov.mo\/pt-pt\/wp-json\/wp\/v2\/comments?post=436064"}],"version-history":[{"count":0,"href":"https:\/\/www.ipim.gov.mo\/pt-pt\/wp-json\/wp\/v2\/posts\/436064\/revisions"}],"wp:featuredmedia":[{"embeddable":true,"href":"https:\/\/www.ipim.gov.mo\/pt-pt\/wp-json\/wp\/v2\/media\/467868"}],"wp:attachment":[{"href":"https:\/\/www.ipim.gov.mo\/pt-pt\/wp-json\/wp\/v2\/media?parent=436064"}],"wp:term":[{"taxonomy":"category","embeddable":true,"href":"https:\/\/www.ipim.gov.mo\/pt-pt\/wp-json\/wp\/v2\/categories?post=436064"},{"taxonomy":"post_tag","embeddable":true,"href":"https:\/\/www.ipim.gov.mo\/pt-pt\/wp-json\/wp\/v2\/tags?post=436064"}],"curies":[{"name":"wp","href":"https:\/\/api.w.org\/{rel}","templated":true}]}}