{"id":436061,"date":"2023-08-17T17:17:00","date_gmt":"2023-08-17T09:17:00","guid":{"rendered":"https:\/\/www.ipim.gov.mo\/noticias-do-ipim\/2023-08-19-prof-a-doutora-lan-hong-oradora-principal-convidada-do-2023miecf-partilha-opinioes-perspicazes-sobre-financas-verdes\/"},"modified":"2023-08-17T17:17:00","modified_gmt":"2023-08-17T09:17:00","slug":"2023-08-19-prof-a-doutora-lan-hong-oradora-principal-convidada-do-2023miecf-partilha-opinioes-perspicazes-sobre-financas-verdes","status":"publish","type":"post","link":"https:\/\/www.ipim.gov.mo\/pt-pt\/noticias-do-ipim\/2023-08-19-prof-a-doutora-lan-hong-oradora-principal-convidada-do-2023miecf-partilha-opinioes-perspicazes-sobre-financas-verdes\/","title":{"rendered":"[2023\/08\/17] Prof.\u00aa Doutora Lan Hong, oradora principal convidada do 2023MIECF, partilha opini\u00f5es perspicazes sobre finan\u00e7as verdes"},"content":{"rendered":"<p style=\"text-align:justify\">Na cerim&oacute;nia de abertura do F&oacute;rum e Exposi&ccedil;&atilde;o Internacional de Coopera&ccedil;&atilde;o Ambiental de Macau 2023 (2023MIECF), realizada hoje (dia 17), a Prof.&ordf; Doutora Lan Hong foi convidada como oradora principal para proferir o discurso principal intitulado \u201cAprofundar a Coopera&ccedil;&atilde;o em Finan&ccedil;as Verdes para Alcan&ccedil;ar Conjuntamente a Neutralidade de Carbono\u201d. Para al&eacute;m da qualidade de professora, a convidada &eacute; ainda Vice-Directora do Centro de Pesquisa em Finan&ccedil;as Ecol&oacute;gicas da Universidade Renmin da China, Vice-Directora da Filial de Finan&ccedil;as Verdes da Sociedade de Ci&ecirc;ncias Ambientais da China e Vice-Directora da Comiss&atilde;o dos Profissionais de Finan&ccedil;as Verdes da Associa&ccedil;&atilde;o Chinesa da Ind&uacute;stria de Protec&ccedil;&atilde;o Ambiental.<\/p>\n<p style=\"text-align:justify\"><strong>Centrar-se em finan&ccedil;as verdes para promover a concretiza&ccedil;&atilde;o da neutralidade de carbono<\/strong><\/p>\n<p style=\"text-align:justify\">Segundo a Prof.&ordf; Doutora Lan Hong, actualmente, o desenvolvimento de finan&ccedil;as verdes est&aacute; centrado na neutralidade de carbono. No momento, o Interior da China est&aacute; a esfor&ccedil;ar-se activamente para alcan&ccedil;ar o pico das emiss&otilde;es de carbono e a neutralidade de carbono, com um enorme d&eacute;fice de fundos para v&aacute;rios projectos de baixo carbono. Perante isto, pode-se analisar o desenvolvimento de seguros de carbono como uma forma de proporcionar garantia ao financiamento dos projectos de redu&ccedil;&atilde;o das emiss&otilde;es de carbono e de diversificar os riscos dos projectos de adapta&ccedil;&atilde;o &agrave;s altera&ccedil;&otilde;es clim&aacute;ticas. Em paralelo, atrav&eacute;s da diferencia&ccedil;&atilde;o de incentivos aos pr&eacute;mios, do investimento em projectos de baixo carbono e da implementa&ccedil;&atilde;o das medidas de redu&ccedil;&atilde;o das emiss&otilde;es de carbono na opera&ccedil;&atilde;o pr&oacute;pria, e em articula&ccedil;&atilde;o com a fun&ccedil;&atilde;o de supervis&atilde;o, ser&aacute; atingida a meta da neutralidade de carbono.<\/p>\n<p style=\"text-align:justify\"><strong>Aproveitar as vantagens de Macau para promover o desenvolvimento sustent&aacute;vel de finan&ccedil;as verdes<\/strong><\/p>\n<p style=\"text-align:justify\">Ainda segundo as sugest&otilde;es apresentadas pela Prof.&ordf; Doutora Lan Hong, as plataformas de obriga&ccedil;&otilde;es de Macau podem ser aproveitadas para financiar projectos verdes do Interior da China, no sentido de ajudar a atrair fundos verdes internacionais. A cria&ccedil;&atilde;o de uma plataforma transfronteiri&ccedil;a de transac&ccedil;&otilde;es de carbono em Macau permitir&aacute; que os produtos de transac&ccedil;&otilde;es de carbono do Interior da China sejam melhor ligados ao mercado internacional de transac&ccedil;&otilde;es de carbono. Al&eacute;m disso, conv&eacute;m explorar e criar em Macau uma plataforma transfronteiri&ccedil;a de transac&ccedil;&otilde;es de carbono denominada em Renminbi, um mercado de finan&ccedil;as verdes, uma plataforma sino-lus&oacute;fona de servi&ccedil;os de finan&ccedil;as verdes, entre outros.<\/p>\n<p style=\"text-align:justify\">O 2023MIECF &eacute; organizado pelo Governo da Regi&atilde;o Administrativa Especial de Macau e conta com a Comiss&atilde;o Nacional de Desenvolvimento e Reforma da Rep&uacute;blica Popular da China, o Minist&eacute;rio da Ci&ecirc;ncia e Tecnologia da Rep&uacute;blica Popular da China, o Minist&eacute;rio da Ind&uacute;stria e Tecnologias da Informa&ccedil;&atilde;o da Rep&uacute;blica Popular da China e o Minist&eacute;rio da Ecologia e Ambiente da Rep&uacute;blica Popular da China como entidades especiais de apoio. A realiza&ccedil;&atilde;o ainda tem a colabora&ccedil;&atilde;o dos governos das prov&iacute;ncias e regi&otilde;es que integram o Pan-Delta do Rio das P&eacute;rolas e a coordena&ccedil;&atilde;o do Instituto de Promo&ccedil;&atilde;o do Com&eacute;rcio e do Investimento de Macau (IPIM) e da Direc&ccedil;&atilde;o dos Servi&ccedil;os de Protec&ccedil;&atilde;o Ambiental (DSPA). Sob o tema principal \u201cIniciativas Inovadoras para a Constru&ccedil;&atilde;o de uma Civiliza&ccedil;&atilde;o Ecol&oacute;gica\u201d, o 2023MIECF tem lugar de 17 (hoje) a 20 de Agosto (quinta-feira a domingo) e tem como objectivo de promover o interc&acirc;mbio e a coopera&ccedil;&atilde;o internacional no dom&iacute;nio de protec&ccedil;&atilde;o ambiental entre as entidades governamentais, industriais, acad&eacute;micas, de investiga&ccedil;&atilde;o, de consumidores e financeiras.<\/p>\n<div class=\"wp-caption alignnone\">\n                <a href=\"https:\/\/www.gcs.gov.mo\/news\/p\/P23HQR51be\/l\" data-component=\"Popup\" data-fancybox=\"gallery\" data-caption=\"A Prof.\u00aa Doutora Lan Hong, Vice-Directora do Centro de Pesquisa em Finan\u00e7as Ecol\u00f3gicas da Universidade Renmin da China, Vice-Directora da Filial de Finan\u00e7as Verdes da Sociedade de Ci\u00eancias Ambientais da China e Vice-Directora da Comiss\u00e3o dos Profissionais de Finan\u00e7as Verdes da Associa\u00e7\u00e3o Chinesa da Ind\u00fastria de Protec\u00e7\u00e3o Ambiental, proferiu o discurso principal do evento\" data-type=\"image\"><br \/>\n                <img decoding=\"async\" class=\"size-large\" src=\"https:\/\/www.gcs.gov.mo\/news\/p\/P23HQR51be\/l\" title=\"A Prof.\u00aa Doutora Lan Hong, Vice-Directora do Centro de Pesquisa em Finan\u00e7as Ecol\u00f3gicas da Universidade Renmin da China, Vice-Directora da Filial de Finan\u00e7as Verdes da Sociedade de Ci\u00eancias Ambientais da China e Vice-Directora da Comiss\u00e3o dos Profissionais de Finan\u00e7as Verdes da Associa\u00e7\u00e3o Chinesa da Ind\u00fastria de Protec\u00e7\u00e3o Ambiental, proferiu o discurso principal do evento\" alt=\"A Prof.\u00aa Doutora Lan Hong, Vice-Directora do Centro de Pesquisa em Finan\u00e7as Ecol\u00f3gicas da Universidade Renmin da China, Vice-Directora da Filial de Finan\u00e7as Verdes da Sociedade de Ci\u00eancias Ambientais da China e Vice-Directora da Comiss\u00e3o dos Profissionais de Finan\u00e7as Verdes da Associa\u00e7\u00e3o Chinesa da Ind\u00fastria de Protec\u00e7\u00e3o Ambiental, proferiu o discurso principal do evento\" width=\"1024\"><br \/>\n                <\/a><\/p>\n<p class=\"wp-caption-text\">A Prof.\u00aa Doutora Lan Hong, Vice-Directora do Centro de Pesquisa em Finan\u00e7as Ecol\u00f3gicas da Universidade Renmin da China, Vice-Directora da Filial de Finan\u00e7as Verdes da Sociedade de Ci\u00eancias Ambientais da China e Vice-Directora da Comiss\u00e3o dos Profissionais de Finan\u00e7as Verdes da Associa\u00e7\u00e3o Chinesa da Ind\u00fastria de Protec\u00e7\u00e3o Ambiental, proferiu o discurso principal do evento<\/p>\n<\/p><\/div>\n<div class=\"wp-caption alignnone\">\n                <a href=\"https:\/\/www.gcs.gov.mo\/news\/p\/P23HQZrQBo\/l\" data-component=\"Popup\" data-fancybox=\"gallery\" data-caption=\"A Prof.\u00aa Doutora Lan Hong, Vice-Directora do Centro de Pesquisa em Finan\u00e7as Ecol\u00f3gicas da Universidade Renmin da China, Vice-Directora da Filial de Finan\u00e7as Verdes da Sociedade de Ci\u00eancias Ambientais da China e Vice-Directora da Comiss\u00e3o dos Profissionais de Finan\u00e7as Verdes da Associa\u00e7\u00e3o Chinesa da Ind\u00fastria de Protec\u00e7\u00e3o Ambiental, proferiu o discurso principal do evento\" data-type=\"image\"><br \/>\n                <img decoding=\"async\" class=\"size-large\" src=\"https:\/\/www.gcs.gov.mo\/news\/p\/P23HQZrQBo\/l\" title=\"A Prof.\u00aa Doutora Lan Hong, Vice-Directora do Centro de Pesquisa em Finan\u00e7as Ecol\u00f3gicas da Universidade Renmin da China, Vice-Directora da Filial de Finan\u00e7as Verdes da Sociedade de Ci\u00eancias Ambientais da China e Vice-Directora da Comiss\u00e3o dos Profissionais de Finan\u00e7as Verdes da Associa\u00e7\u00e3o Chinesa da Ind\u00fastria de Protec\u00e7\u00e3o Ambiental, proferiu o discurso principal do evento\" alt=\"A Prof.\u00aa Doutora Lan Hong, Vice-Directora do Centro de Pesquisa em Finan\u00e7as Ecol\u00f3gicas da Universidade Renmin da China, Vice-Directora da Filial de Finan\u00e7as Verdes da Sociedade de Ci\u00eancias Ambientais da China e Vice-Directora da Comiss\u00e3o dos Profissionais de Finan\u00e7as Verdes da Associa\u00e7\u00e3o Chinesa da Ind\u00fastria de Protec\u00e7\u00e3o Ambiental, proferiu o discurso principal do evento\" width=\"1024\"><br \/>\n                <\/a><\/p>\n<p class=\"wp-caption-text\">A Prof.\u00aa Doutora Lan Hong, Vice-Directora do Centro de Pesquisa em Finan\u00e7as Ecol\u00f3gicas da Universidade Renmin da China, Vice-Directora da Filial de Finan\u00e7as Verdes da Sociedade de Ci\u00eancias Ambientais da China e Vice-Directora da Comiss\u00e3o dos Profissionais de Finan\u00e7as Verdes da Associa\u00e7\u00e3o Chinesa da Ind\u00fastria de Protec\u00e7\u00e3o Ambiental, proferiu o discurso principal do evento<\/p>\n<\/p><\/div>\n","protected":false},"excerpt":{"rendered":"<p>Na cerim&oacute;nia de abertura do F&oacute;rum e Exposi&ccedil;&atilde;o Internacional de Coopera&ccedil;&atilde;o Ambiental de Macau 2023 (2023MIECF), realizada hoje (dia 17), a Prof.&ordf; Doutora Lan Hong [&hellip;]<\/p>\n","protected":false},"author":1,"featured_media":467868,"comment_status":"closed","ping_status":"closed","sticky":false,"template":"","format":"standard","meta":{"_acf_changed":false,"inline_featured_image":false,"advgb_blocks_editor_width":"","advgb_blocks_columns_visual_guide":"","footnotes":""},"categories":[12],"tags":[],"class_list":["post-436061","post","type-post","status-publish","format-standard","has-post-thumbnail","hentry","category-noticias-do-ipim"],"acf":[],"yoast_head":"<!-- This site is optimized with the Yoast SEO plugin v26.2 - https:\/\/yoast.com\/wordpress\/plugins\/seo\/ -->\r\n<title>[2023\/08\/17] Prof.\u00aa Doutora Lan Hong, oradora principal convidada do 2023MIECF, partilha opini\u00f5es perspicazes sobre finan\u00e7as verdes | Commerce and Investment Promotion Institute<\/title>\r\n<meta name=\"robots\" content=\"index, follow, max-snippet:-1, max-image-preview:large, max-video-preview:-1\" \/>\r\n<link rel=\"canonical\" href=\"https:\/\/www.ipim.gov.mo\/pt-pt\/noticias-do-ipim\/2023-08-19-prof-a-doutora-lan-hong-oradora-principal-convidada-do-2023miecf-partilha-opinioes-perspicazes-sobre-financas-verdes\/\" \/>\r\n<meta property=\"og:locale\" content=\"pt_PT\" \/>\r\n<meta property=\"og:type\" content=\"article\" \/>\r\n<meta property=\"og:title\" content=\"[2023\/08\/17] Prof.\u00aa Doutora Lan Hong, oradora principal convidada do 2023MIECF, partilha opini\u00f5es perspicazes sobre finan\u00e7as verdes | Commerce and Investment Promotion Institute\" \/>\r\n<meta property=\"og:description\" content=\"Na cerim&oacute;nia de abertura do F&oacute;rum e Exposi&ccedil;&atilde;o Internacional de Coopera&ccedil;&atilde;o Ambiental de Macau 2023 (2023MIECF), realizada hoje (dia 17), a Prof.&ordf; Doutora Lan Hong [&hellip;]\" \/>\r\n<meta property=\"og:url\" content=\"https:\/\/www.ipim.gov.mo\/pt-pt\/noticias-do-ipim\/2023-08-19-prof-a-doutora-lan-hong-oradora-principal-convidada-do-2023miecf-partilha-opinioes-perspicazes-sobre-financas-verdes\/\" \/>\r\n<meta property=\"og:site_name\" content=\"Commerce and Investment Promotion Institute\" \/>\r\n<meta property=\"article:published_time\" content=\"2023-08-17T09:17:00+00:00\" \/>\r\n<meta property=\"og:image\" content=\"https:\/\/www.ipim.gov.mo\/wp-content\/uploads\/2024\/07\/ipim-post-default.jpg\" \/>\r\n\t<meta property=\"og:image:width\" content=\"1024\" \/>\r\n\t<meta property=\"og:image:height\" content=\"768\" \/>\r\n\t<meta property=\"og:image:type\" content=\"image\/jpeg\" \/>\r\n<meta name=\"author\" content=\"admin\" \/>\r\n<meta name=\"twitter:card\" content=\"summary_large_image\" \/>\r\n<meta name=\"twitter:label1\" content=\"Written by\" \/>\n\t<meta name=\"twitter:data1\" content=\"admin\" \/>\n\t<meta name=\"twitter:label2\" content=\"Est. reading time\" \/>\n\t<meta name=\"twitter:data2\" content=\"4 minutes\" \/>\r\n<script type=\"application\/ld+json\" class=\"yoast-schema-graph\">{\"@context\":\"https:\/\/schema.org\",\"@graph\":[{\"@type\":\"WebPage\",\"@id\":\"https:\/\/www.ipim.gov.mo\/pt-pt\/noticias-do-ipim\/2023-08-19-prof-a-doutora-lan-hong-oradora-principal-convidada-do-2023miecf-partilha-opinioes-perspicazes-sobre-financas-verdes\/\",\"url\":\"https:\/\/www.ipim.gov.mo\/pt-pt\/noticias-do-ipim\/2023-08-19-prof-a-doutora-lan-hong-oradora-principal-convidada-do-2023miecf-partilha-opinioes-perspicazes-sobre-financas-verdes\/\",\"name\":\"[2023\/08\/17] Prof.\u00aa Doutora Lan Hong, oradora principal convidada do 2023MIECF, partilha opini\u00f5es perspicazes sobre finan\u00e7as verdes | Commerce and Investment Promotion Institute\",\"isPartOf\":{\"@id\":\"https:\/\/www.ipim.gov.mo\/zh-hans\/#website\"},\"primaryImageOfPage\":{\"@id\":\"https:\/\/www.ipim.gov.mo\/pt-pt\/noticias-do-ipim\/2023-08-19-prof-a-doutora-lan-hong-oradora-principal-convidada-do-2023miecf-partilha-opinioes-perspicazes-sobre-financas-verdes\/#primaryimage\"},\"image\":{\"@id\":\"https:\/\/www.ipim.gov.mo\/pt-pt\/noticias-do-ipim\/2023-08-19-prof-a-doutora-lan-hong-oradora-principal-convidada-do-2023miecf-partilha-opinioes-perspicazes-sobre-financas-verdes\/#primaryimage\"},\"thumbnailUrl\":\"https:\/\/www.ipim.gov.mo\/wp-content\/uploads\/2024\/07\/ipim-post-default.jpg\",\"datePublished\":\"2023-08-17T09:17:00+00:00\",\"breadcrumb\":{\"@id\":\"https:\/\/www.ipim.gov.mo\/pt-pt\/noticias-do-ipim\/2023-08-19-prof-a-doutora-lan-hong-oradora-principal-convidada-do-2023miecf-partilha-opinioes-perspicazes-sobre-financas-verdes\/#breadcrumb\"},\"inLanguage\":\"pt-PT\",\"potentialAction\":[{\"@type\":\"ReadAction\",\"target\":[\"https:\/\/www.ipim.gov.mo\/pt-pt\/noticias-do-ipim\/2023-08-19-prof-a-doutora-lan-hong-oradora-principal-convidada-do-2023miecf-partilha-opinioes-perspicazes-sobre-financas-verdes\/\"]}]},{\"@type\":\"ImageObject\",\"inLanguage\":\"pt-PT\",\"@id\":\"https:\/\/www.ipim.gov.mo\/pt-pt\/noticias-do-ipim\/2023-08-19-prof-a-doutora-lan-hong-oradora-principal-convidada-do-2023miecf-partilha-opinioes-perspicazes-sobre-financas-verdes\/#primaryimage\",\"url\":\"https:\/\/www.ipim.gov.mo\/wp-content\/uploads\/2024\/07\/ipim-post-default.jpg\",\"contentUrl\":\"https:\/\/www.ipim.gov.mo\/wp-content\/uploads\/2024\/07\/ipim-post-default.jpg\",\"width\":1024,\"height\":768},{\"@type\":\"BreadcrumbList\",\"@id\":\"https:\/\/www.ipim.gov.mo\/pt-pt\/noticias-do-ipim\/2023-08-19-prof-a-doutora-lan-hong-oradora-principal-convidada-do-2023miecf-partilha-opinioes-perspicazes-sobre-financas-verdes\/#breadcrumb\",\"itemListElement\":[{\"@type\":\"ListItem\",\"position\":1,\"name\":\"Home\",\"item\":\"https:\/\/www.ipim.gov.mo\/pt-pt\/\"},{\"@type\":\"ListItem\",\"position\":2,\"name\":\"[2023\/08\/17] Prof.\u00aa Doutora Lan Hong, oradora principal convidada do 2023MIECF, partilha opini\u00f5es perspicazes sobre finan\u00e7as verdes\"}]},{\"@type\":\"WebSite\",\"@id\":\"https:\/\/www.ipim.gov.mo\/zh-hans\/#website\",\"url\":\"https:\/\/www.ipim.gov.mo\/zh-hans\/\",\"name\":\"Commerce and Investment Promotion Institute\",\"description\":\"Commerce and Investment Promotion Institute\",\"publisher\":{\"@id\":\"https:\/\/www.ipim.gov.mo\/zh-hans\/#organization\"},\"potentialAction\":[{\"@type\":\"SearchAction\",\"target\":{\"@type\":\"EntryPoint\",\"urlTemplate\":\"https:\/\/www.ipim.gov.mo\/zh-hans\/?s={search_term_string}\"},\"query-input\":{\"@type\":\"PropertyValueSpecification\",\"valueRequired\":true,\"valueName\":\"search_term_string\"}}],\"inLanguage\":\"pt-PT\"},{\"@type\":\"Organization\",\"@id\":\"https:\/\/www.ipim.gov.mo\/zh-hans\/#organization\",\"name\":\"IPIM\",\"url\":\"https:\/\/www.ipim.gov.mo\/zh-hans\/\",\"logo\":{\"@type\":\"ImageObject\",\"inLanguage\":\"pt-PT\",\"@id\":\"https:\/\/www.ipim.gov.mo\/zh-hans\/#\/schema\/logo\/image\/\",\"url\":\"https:\/\/www.ipim.gov.mo\/wp-content\/uploads\/2022\/10\/default-post-thumbnail-ipim-logo.png\",\"contentUrl\":\"https:\/\/www.ipim.gov.mo\/wp-content\/uploads\/2022\/10\/default-post-thumbnail-ipim-logo.png\",\"width\":1024,\"height\":768,\"caption\":\"IPIM\"},\"image\":{\"@id\":\"https:\/\/www.ipim.gov.mo\/zh-hans\/#\/schema\/logo\/image\/\"}}]}<\/script>\r\n<!-- \/ Yoast SEO plugin. -->","yoast_head_json":{"title":"[2023\/08\/17] Prof.\u00aa Doutora Lan Hong, oradora principal convidada do 2023MIECF, partilha opini\u00f5es perspicazes sobre finan\u00e7as verdes | Commerce and Investment Promotion Institute","robots":{"index":"index","follow":"follow","max-snippet":"max-snippet:-1","max-image-preview":"max-image-preview:large","max-video-preview":"max-video-preview:-1"},"canonical":"https:\/\/www.ipim.gov.mo\/pt-pt\/noticias-do-ipim\/2023-08-19-prof-a-doutora-lan-hong-oradora-principal-convidada-do-2023miecf-partilha-opinioes-perspicazes-sobre-financas-verdes\/","og_locale":"pt_PT","og_type":"article","og_title":"[2023\/08\/17] Prof.\u00aa Doutora Lan Hong, oradora principal convidada do 2023MIECF, partilha opini\u00f5es perspicazes sobre finan\u00e7as verdes | Commerce and Investment Promotion Institute","og_description":"Na cerim&oacute;nia de abertura do F&oacute;rum e Exposi&ccedil;&atilde;o Internacional de Coopera&ccedil;&atilde;o Ambiental de Macau 2023 (2023MIECF), realizada hoje (dia 17), a Prof.&ordf; Doutora Lan Hong [&hellip;]","og_url":"https:\/\/www.ipim.gov.mo\/pt-pt\/noticias-do-ipim\/2023-08-19-prof-a-doutora-lan-hong-oradora-principal-convidada-do-2023miecf-partilha-opinioes-perspicazes-sobre-financas-verdes\/","og_site_name":"Commerce and Investment Promotion Institute","article_published_time":"2023-08-17T09:17:00+00:00","og_image":[{"width":1024,"height":768,"url":"https:\/\/www.ipim.gov.mo\/wp-content\/uploads\/2024\/07\/ipim-post-default.jpg","type":"image\/jpeg"}],"author":"admin","twitter_card":"summary_large_image","twitter_misc":{"Written by":"admin","Est. reading time":"4 minutes"},"schema":{"@context":"https:\/\/schema.org","@graph":[{"@type":"WebPage","@id":"https:\/\/www.ipim.gov.mo\/pt-pt\/noticias-do-ipim\/2023-08-19-prof-a-doutora-lan-hong-oradora-principal-convidada-do-2023miecf-partilha-opinioes-perspicazes-sobre-financas-verdes\/","url":"https:\/\/www.ipim.gov.mo\/pt-pt\/noticias-do-ipim\/2023-08-19-prof-a-doutora-lan-hong-oradora-principal-convidada-do-2023miecf-partilha-opinioes-perspicazes-sobre-financas-verdes\/","name":"[2023\/08\/17] Prof.\u00aa Doutora Lan Hong, oradora principal convidada do 2023MIECF, partilha opini\u00f5es perspicazes sobre finan\u00e7as verdes | Commerce and Investment Promotion Institute","isPartOf":{"@id":"https:\/\/www.ipim.gov.mo\/zh-hans\/#website"},"primaryImageOfPage":{"@id":"https:\/\/www.ipim.gov.mo\/pt-pt\/noticias-do-ipim\/2023-08-19-prof-a-doutora-lan-hong-oradora-principal-convidada-do-2023miecf-partilha-opinioes-perspicazes-sobre-financas-verdes\/#primaryimage"},"image":{"@id":"https:\/\/www.ipim.gov.mo\/pt-pt\/noticias-do-ipim\/2023-08-19-prof-a-doutora-lan-hong-oradora-principal-convidada-do-2023miecf-partilha-opinioes-perspicazes-sobre-financas-verdes\/#primaryimage"},"thumbnailUrl":"https:\/\/www.ipim.gov.mo\/wp-content\/uploads\/2024\/07\/ipim-post-default.jpg","datePublished":"2023-08-17T09:17:00+00:00","breadcrumb":{"@id":"https:\/\/www.ipim.gov.mo\/pt-pt\/noticias-do-ipim\/2023-08-19-prof-a-doutora-lan-hong-oradora-principal-convidada-do-2023miecf-partilha-opinioes-perspicazes-sobre-financas-verdes\/#breadcrumb"},"inLanguage":"pt-PT","potentialAction":[{"@type":"ReadAction","target":["https:\/\/www.ipim.gov.mo\/pt-pt\/noticias-do-ipim\/2023-08-19-prof-a-doutora-lan-hong-oradora-principal-convidada-do-2023miecf-partilha-opinioes-perspicazes-sobre-financas-verdes\/"]}]},{"@type":"ImageObject","inLanguage":"pt-PT","@id":"https:\/\/www.ipim.gov.mo\/pt-pt\/noticias-do-ipim\/2023-08-19-prof-a-doutora-lan-hong-oradora-principal-convidada-do-2023miecf-partilha-opinioes-perspicazes-sobre-financas-verdes\/#primaryimage","url":"https:\/\/www.ipim.gov.mo\/wp-content\/uploads\/2024\/07\/ipim-post-default.jpg","contentUrl":"https:\/\/www.ipim.gov.mo\/wp-content\/uploads\/2024\/07\/ipim-post-default.jpg","width":1024,"height":768},{"@type":"BreadcrumbList","@id":"https:\/\/www.ipim.gov.mo\/pt-pt\/noticias-do-ipim\/2023-08-19-prof-a-doutora-lan-hong-oradora-principal-convidada-do-2023miecf-partilha-opinioes-perspicazes-sobre-financas-verdes\/#breadcrumb","itemListElement":[{"@type":"ListItem","position":1,"name":"Home","item":"https:\/\/www.ipim.gov.mo\/pt-pt\/"},{"@type":"ListItem","position":2,"name":"[2023\/08\/17] Prof.\u00aa Doutora Lan Hong, oradora principal convidada do 2023MIECF, partilha opini\u00f5es perspicazes sobre finan\u00e7as verdes"}]},{"@type":"WebSite","@id":"https:\/\/www.ipim.gov.mo\/zh-hans\/#website","url":"https:\/\/www.ipim.gov.mo\/zh-hans\/","name":"Commerce and Investment Promotion Institute","description":"Commerce and Investment Promotion Institute","publisher":{"@id":"https:\/\/www.ipim.gov.mo\/zh-hans\/#organization"},"potentialAction":[{"@type":"SearchAction","target":{"@type":"EntryPoint","urlTemplate":"https:\/\/www.ipim.gov.mo\/zh-hans\/?s={search_term_string}"},"query-input":{"@type":"PropertyValueSpecification","valueRequired":true,"valueName":"search_term_string"}}],"inLanguage":"pt-PT"},{"@type":"Organization","@id":"https:\/\/www.ipim.gov.mo\/zh-hans\/#organization","name":"IPIM","url":"https:\/\/www.ipim.gov.mo\/zh-hans\/","logo":{"@type":"ImageObject","inLanguage":"pt-PT","@id":"https:\/\/www.ipim.gov.mo\/zh-hans\/#\/schema\/logo\/image\/","url":"https:\/\/www.ipim.gov.mo\/wp-content\/uploads\/2022\/10\/default-post-thumbnail-ipim-logo.png","contentUrl":"https:\/\/www.ipim.gov.mo\/wp-content\/uploads\/2022\/10\/default-post-thumbnail-ipim-logo.png","width":1024,"height":768,"caption":"IPIM"},"image":{"@id":"https:\/\/www.ipim.gov.mo\/zh-hans\/#\/schema\/logo\/image\/"}}]}},"author_meta":{"display_name":"admin","author_link":"https:\/\/www.ipim.gov.mo\/pt-pt\/author\/admin\/"},"featured_img":"https:\/\/www.ipim.gov.mo\/wp-content\/uploads\/2024\/07\/ipim-post-default-300x225.jpg","coauthors":[],"tax_additional":{"categories":{"linked":["<a href=\"https:\/\/www.ipim.gov.mo\/pt-pt\/category\/noticias-do-ipim\/\" class=\"advgb-post-tax-term\">Not\u00edcias do IPIM<\/a>"],"unlinked":["<span class=\"advgb-post-tax-term\">Not\u00edcias do IPIM<\/span>"]}},"comment_count":"0","relative_dates":{"created":"Posted 3 years ago","modified":"Updated 3 years ago"},"absolute_dates":{"created":"Posted on Agosto 17, 2023","modified":"Updated on Agosto 17, 2023"},"absolute_dates_time":{"created":"Posted on Agosto 17, 2023 5:17 pm","modified":"Updated on Agosto 17, 2023 5:17 pm"},"featured_img_caption":"","series_order":"","_links":{"self":[{"href":"https:\/\/www.ipim.gov.mo\/pt-pt\/wp-json\/wp\/v2\/posts\/436061","targetHints":{"allow":["GET"]}}],"collection":[{"href":"https:\/\/www.ipim.gov.mo\/pt-pt\/wp-json\/wp\/v2\/posts"}],"about":[{"href":"https:\/\/www.ipim.gov.mo\/pt-pt\/wp-json\/wp\/v2\/types\/post"}],"author":[{"embeddable":true,"href":"https:\/\/www.ipim.gov.mo\/pt-pt\/wp-json\/wp\/v2\/users\/1"}],"replies":[{"embeddable":true,"href":"https:\/\/www.ipim.gov.mo\/pt-pt\/wp-json\/wp\/v2\/comments?post=436061"}],"version-history":[{"count":0,"href":"https:\/\/www.ipim.gov.mo\/pt-pt\/wp-json\/wp\/v2\/posts\/436061\/revisions"}],"wp:featuredmedia":[{"embeddable":true,"href":"https:\/\/www.ipim.gov.mo\/pt-pt\/wp-json\/wp\/v2\/media\/467868"}],"wp:attachment":[{"href":"https:\/\/www.ipim.gov.mo\/pt-pt\/wp-json\/wp\/v2\/media?parent=436061"}],"wp:term":[{"taxonomy":"category","embeddable":true,"href":"https:\/\/www.ipim.gov.mo\/pt-pt\/wp-json\/wp\/v2\/categories?post=436061"},{"taxonomy":"post_tag","embeddable":true,"href":"https:\/\/www.ipim.gov.mo\/pt-pt\/wp-json\/wp\/v2\/tags?post=436061"}],"curies":[{"name":"wp","href":"https:\/\/api.w.org\/{rel}","templated":true}]}}