{"id":436055,"date":"2023-08-19T11:39:00","date_gmt":"2023-08-19T03:39:00","guid":{"rendered":"https:\/\/www.ipim.gov.mo\/noticias-do-ipim\/2023-08-19-o-dia-verde-do-publico-do-2023miecf-apela-a-construcao-de-uma-vida-verde\/"},"modified":"2023-08-19T11:39:00","modified_gmt":"2023-08-19T03:39:00","slug":"2023-08-19-o-dia-verde-do-publico-do-2023miecf-apela-a-construcao-de-uma-vida-verde","status":"publish","type":"post","link":"https:\/\/www.ipim.gov.mo\/pt-pt\/noticias-do-ipim\/2023-08-19-o-dia-verde-do-publico-do-2023miecf-apela-a-construcao-de-uma-vida-verde\/","title":{"rendered":"[2023\/08\/19] O Dia Verde do P\u00fablico do 2023MIECF apela \u00e0 constru\u00e7\u00e3o de uma vida verde"},"content":{"rendered":"<p style=\"text-align:justify\">Sob a organiza&ccedil;&atilde;o do Governo da Regi&atilde;o Administrativa Especial de Macau e a coordena&ccedil;&atilde;o do Instituto de Promo&ccedil;&atilde;o do Com&eacute;rcio e do Investimento de Macau e da Direc&ccedil;&atilde;o dos Servi&ccedil;os de Protec&ccedil;&atilde;o Ambiental, o F&oacute;rum e Exposi&ccedil;&atilde;o Internacional de Coopera&ccedil;&atilde;o Ambiental de Macau 2023 (2023MIECF) estar&aacute; aberto gratuitamente ao p&uacute;blico geral entre hoje e amanh&atilde; (19 e 20 de Agosto). Neste contexto, o Dia Verde do P&uacute;blico ter&aacute; lugar amanh&atilde; (dia 20), em que uma s&eacute;rie de actividades de educa&ccedil;&atilde;o e promo&ccedil;&atilde;o sobre a protec&ccedil;&atilde;o ambiental estar&aacute; dispon&iacute;vel no recinto, com o objectivo de sensibilizar o p&uacute;blico para a adop&ccedil;&atilde;o de comportamentos ecol&oacute;gicos na vida quotidiana e para o desenvolvimento de um estilo de vida ecol&oacute;gico e de baixo carbono.<\/p>\n<p style=\"text-align:justify\">A fim de deixar o p&uacute;blico mais actualizado sobre as informa&ccedil;&otilde;es e as tecnologias mais recentes do sector ambiental, o &uacute;ltimo dia do MIECF deste ano ser&aacute; dedicado ao Dia Verde do P&uacute;blico, para elevar a consci&ecirc;ncia ambiental do p&uacute;blico e estimular a sua maior ades&atilde;o &agrave; causa da protec&ccedil;&atilde;o ambiental. Durante o dia, estar&aacute; dispon&iacute;vel, no recinto, uma s&eacute;rie de actividades de educa&ccedil;&atilde;o e promo&ccedil;&atilde;o sobre a protec&ccedil;&atilde;o ambiental, incluindo exposi&ccedil;&otilde;es verdes, <em>workshops<\/em> com temas ambientais, jogos nos <em>stands<\/em>, jogos no palco e o grande sorteio. No recinto, ser&aacute; estabelecido o posto para a inscri&ccedil;&atilde;o no Centro Ambiental Alegria. As novas inscri&ccedil;&otilde;es feitas presencialmente poder&atilde;o ganhar 50 pontos. Por fim, a mascote da Direc&ccedil;&atilde;o dos Servi&ccedil;os de Protec&ccedil;&atilde;o Ambiental tamb&eacute;m estar&aacute; presente, para interagir e tirar fotografias com o p&uacute;blico.<\/p>\n<p style=\"text-align:justify\">Atrav&eacute;s desta s&eacute;rie de actividades de educa&ccedil;&atilde;o e promo&ccedil;&atilde;o sobre a protec&ccedil;&atilde;o ambiental, o MIECF tem a expectativa de difundir os princ&iacute;pios ecol&oacute;gicos e de baixo carbono e incentivar os residentes a porem em pr&aacute;tica os conceitos que aprenderam, incorporando-os na sua vida quotidiana, enquanto se divertem.<\/p>\n<p style=\"text-align:justify\">Durante os dias de hoje e amanh&atilde; (dias 19 e 20 de Agosto), o MIECF ir&aacute; ainda disponibilizar quatro autocarros gratuitos, que estabelecem liga&ccedil;&atilde;o directa entre o recinto e a Zona Central, a Zona Norte de Macau e a Taipa, para incentivar os residentes a aderirem &agrave; mobilidade verde.&nbsp; Para mais informa&ccedil;&otilde;es, visite a p&aacute;gina: www.macaomiecf.com<\/p>\n<p style=\"text-align:justify\">Al&eacute;m disso, para refor&ccedil;ar o conhecimento dos participantes sobre as tecnologias ambientais mais recentes, a entidade organizadora ir&aacute; realizar, na manh&atilde; de amanh&atilde;, visitas t&eacute;cnicas onde os participantes ser&atilde;o guiados na visita respectivamente &agrave;s instala&ccedil;&otilde;es de recolha de dispositivos electr&oacute;nicos e el&eacute;ctricos e &agrave;s Zonas Ecol&oacute;gicas do Cotai. Os interessados devem inscrever-se com anteced&ecirc;ncia.<\/p>\n<div class=\"wp-caption alignnone\">\n                <a href=\"https:\/\/www.gcs.gov.mo\/news\/p\/P23HSInLVU\/l\" data-component=\"Popup\" data-fancybox=\"gallery\" data-caption=\"2023MIECF continua a realizar o \u201cDia Verde do P\u00fablico\u201d.\" data-type=\"image\"><br \/>\n                <img decoding=\"async\" class=\"size-large\" src=\"https:\/\/www.gcs.gov.mo\/news\/p\/P23HSInLVU\/l\" title=\"2023MIECF continua a realizar o \u201cDia Verde do P\u00fablico\u201d.\" alt=\"2023MIECF continua a realizar o \u201cDia Verde do P\u00fablico\u201d.\" width=\"1024\"><br \/>\n                <\/a><\/p>\n<p class=\"wp-caption-text\">2023MIECF continua a realizar o \u201cDia Verde do P\u00fablico\u201d.<\/p>\n<\/p><\/div>\n<div class=\"wp-caption alignnone\">\n                <a href=\"https:\/\/www.gcs.gov.mo\/news\/p\/P23HSZsamR\/l\" data-component=\"Popup\" data-fancybox=\"gallery\" data-caption=\"2023MIECF apela ao p\u00fablico para adoptar comportamentos ecol\u00f3gicos.\" data-type=\"image\"><br \/>\n                <img decoding=\"async\" class=\"size-large\" src=\"https:\/\/www.gcs.gov.mo\/news\/p\/P23HSZsamR\/l\" title=\"2023MIECF apela ao p\u00fablico para adoptar comportamentos ecol\u00f3gicos.\" alt=\"2023MIECF apela ao p\u00fablico para adoptar comportamentos ecol\u00f3gicos.\" width=\"1024\"><br \/>\n                <\/a><\/p>\n<p class=\"wp-caption-text\">2023MIECF apela ao p\u00fablico para adoptar comportamentos ecol\u00f3gicos.<\/p>\n<\/p><\/div>\n","protected":false},"excerpt":{"rendered":"<p>Sob a organiza&ccedil;&atilde;o do Governo da Regi&atilde;o Administrativa Especial de Macau e a coordena&ccedil;&atilde;o do Instituto de Promo&ccedil;&atilde;o do Com&eacute;rcio e do Investimento de Macau [&hellip;]<\/p>\n","protected":false},"author":1,"featured_media":467868,"comment_status":"closed","ping_status":"closed","sticky":false,"template":"","format":"standard","meta":{"_acf_changed":false,"inline_featured_image":false,"advgb_blocks_editor_width":"","advgb_blocks_columns_visual_guide":"","footnotes":""},"categories":[12],"tags":[],"class_list":["post-436055","post","type-post","status-publish","format-standard","has-post-thumbnail","hentry","category-noticias-do-ipim"],"acf":[],"yoast_head":"<!-- This site is optimized with the Yoast SEO plugin v26.2 - https:\/\/yoast.com\/wordpress\/plugins\/seo\/ -->\r\n<title>[2023\/08\/19] O Dia Verde do P\u00fablico do 2023MIECF apela \u00e0 constru\u00e7\u00e3o de uma vida verde | Commerce and Investment Promotion Institute<\/title>\r\n<meta name=\"robots\" content=\"index, follow, max-snippet:-1, max-image-preview:large, max-video-preview:-1\" \/>\r\n<link rel=\"canonical\" href=\"https:\/\/www.ipim.gov.mo\/pt-pt\/noticias-do-ipim\/2023-08-19-o-dia-verde-do-publico-do-2023miecf-apela-a-construcao-de-uma-vida-verde\/\" \/>\r\n<meta property=\"og:locale\" content=\"pt_PT\" \/>\r\n<meta property=\"og:type\" content=\"article\" \/>\r\n<meta property=\"og:title\" content=\"[2023\/08\/19] O Dia Verde do P\u00fablico do 2023MIECF apela \u00e0 constru\u00e7\u00e3o de uma vida verde | Commerce and Investment Promotion Institute\" \/>\r\n<meta property=\"og:description\" content=\"Sob a organiza&ccedil;&atilde;o do Governo da Regi&atilde;o Administrativa Especial de Macau e a coordena&ccedil;&atilde;o do Instituto de Promo&ccedil;&atilde;o do Com&eacute;rcio e do Investimento de Macau [&hellip;]\" \/>\r\n<meta property=\"og:url\" content=\"https:\/\/www.ipim.gov.mo\/pt-pt\/noticias-do-ipim\/2023-08-19-o-dia-verde-do-publico-do-2023miecf-apela-a-construcao-de-uma-vida-verde\/\" \/>\r\n<meta property=\"og:site_name\" content=\"Commerce and Investment Promotion Institute\" \/>\r\n<meta property=\"article:published_time\" content=\"2023-08-19T03:39:00+00:00\" \/>\r\n<meta property=\"og:image\" content=\"https:\/\/www.ipim.gov.mo\/wp-content\/uploads\/2024\/07\/ipim-post-default.jpg\" \/>\r\n\t<meta property=\"og:image:width\" content=\"1024\" \/>\r\n\t<meta property=\"og:image:height\" content=\"768\" \/>\r\n\t<meta property=\"og:image:type\" content=\"image\/jpeg\" \/>\r\n<meta name=\"author\" content=\"admin\" \/>\r\n<meta name=\"twitter:card\" content=\"summary_large_image\" \/>\r\n<meta name=\"twitter:label1\" content=\"Written by\" \/>\n\t<meta name=\"twitter:data1\" content=\"admin\" \/>\n\t<meta name=\"twitter:label2\" content=\"Est. reading time\" \/>\n\t<meta name=\"twitter:data2\" content=\"3 minutes\" \/>\r\n<script type=\"application\/ld+json\" class=\"yoast-schema-graph\">{\"@context\":\"https:\/\/schema.org\",\"@graph\":[{\"@type\":\"WebPage\",\"@id\":\"https:\/\/www.ipim.gov.mo\/pt-pt\/noticias-do-ipim\/2023-08-19-o-dia-verde-do-publico-do-2023miecf-apela-a-construcao-de-uma-vida-verde\/\",\"url\":\"https:\/\/www.ipim.gov.mo\/pt-pt\/noticias-do-ipim\/2023-08-19-o-dia-verde-do-publico-do-2023miecf-apela-a-construcao-de-uma-vida-verde\/\",\"name\":\"[2023\/08\/19] O Dia Verde do P\u00fablico do 2023MIECF apela \u00e0 constru\u00e7\u00e3o de uma vida verde | Commerce and Investment Promotion Institute\",\"isPartOf\":{\"@id\":\"https:\/\/www.ipim.gov.mo\/zh-hans\/#website\"},\"primaryImageOfPage\":{\"@id\":\"https:\/\/www.ipim.gov.mo\/pt-pt\/noticias-do-ipim\/2023-08-19-o-dia-verde-do-publico-do-2023miecf-apela-a-construcao-de-uma-vida-verde\/#primaryimage\"},\"image\":{\"@id\":\"https:\/\/www.ipim.gov.mo\/pt-pt\/noticias-do-ipim\/2023-08-19-o-dia-verde-do-publico-do-2023miecf-apela-a-construcao-de-uma-vida-verde\/#primaryimage\"},\"thumbnailUrl\":\"https:\/\/www.ipim.gov.mo\/wp-content\/uploads\/2024\/07\/ipim-post-default.jpg\",\"datePublished\":\"2023-08-19T03:39:00+00:00\",\"breadcrumb\":{\"@id\":\"https:\/\/www.ipim.gov.mo\/pt-pt\/noticias-do-ipim\/2023-08-19-o-dia-verde-do-publico-do-2023miecf-apela-a-construcao-de-uma-vida-verde\/#breadcrumb\"},\"inLanguage\":\"pt-PT\",\"potentialAction\":[{\"@type\":\"ReadAction\",\"target\":[\"https:\/\/www.ipim.gov.mo\/pt-pt\/noticias-do-ipim\/2023-08-19-o-dia-verde-do-publico-do-2023miecf-apela-a-construcao-de-uma-vida-verde\/\"]}]},{\"@type\":\"ImageObject\",\"inLanguage\":\"pt-PT\",\"@id\":\"https:\/\/www.ipim.gov.mo\/pt-pt\/noticias-do-ipim\/2023-08-19-o-dia-verde-do-publico-do-2023miecf-apela-a-construcao-de-uma-vida-verde\/#primaryimage\",\"url\":\"https:\/\/www.ipim.gov.mo\/wp-content\/uploads\/2024\/07\/ipim-post-default.jpg\",\"contentUrl\":\"https:\/\/www.ipim.gov.mo\/wp-content\/uploads\/2024\/07\/ipim-post-default.jpg\",\"width\":1024,\"height\":768},{\"@type\":\"BreadcrumbList\",\"@id\":\"https:\/\/www.ipim.gov.mo\/pt-pt\/noticias-do-ipim\/2023-08-19-o-dia-verde-do-publico-do-2023miecf-apela-a-construcao-de-uma-vida-verde\/#breadcrumb\",\"itemListElement\":[{\"@type\":\"ListItem\",\"position\":1,\"name\":\"Home\",\"item\":\"https:\/\/www.ipim.gov.mo\/pt-pt\/\"},{\"@type\":\"ListItem\",\"position\":2,\"name\":\"[2023\/08\/19] O Dia Verde do P\u00fablico do 2023MIECF apela \u00e0 constru\u00e7\u00e3o de uma vida verde\"}]},{\"@type\":\"WebSite\",\"@id\":\"https:\/\/www.ipim.gov.mo\/zh-hans\/#website\",\"url\":\"https:\/\/www.ipim.gov.mo\/zh-hans\/\",\"name\":\"Commerce and Investment Promotion Institute\",\"description\":\"Commerce and Investment Promotion Institute\",\"publisher\":{\"@id\":\"https:\/\/www.ipim.gov.mo\/zh-hans\/#organization\"},\"potentialAction\":[{\"@type\":\"SearchAction\",\"target\":{\"@type\":\"EntryPoint\",\"urlTemplate\":\"https:\/\/www.ipim.gov.mo\/zh-hans\/?s={search_term_string}\"},\"query-input\":{\"@type\":\"PropertyValueSpecification\",\"valueRequired\":true,\"valueName\":\"search_term_string\"}}],\"inLanguage\":\"pt-PT\"},{\"@type\":\"Organization\",\"@id\":\"https:\/\/www.ipim.gov.mo\/zh-hans\/#organization\",\"name\":\"IPIM\",\"url\":\"https:\/\/www.ipim.gov.mo\/zh-hans\/\",\"logo\":{\"@type\":\"ImageObject\",\"inLanguage\":\"pt-PT\",\"@id\":\"https:\/\/www.ipim.gov.mo\/zh-hans\/#\/schema\/logo\/image\/\",\"url\":\"https:\/\/www.ipim.gov.mo\/wp-content\/uploads\/2022\/10\/default-post-thumbnail-ipim-logo.png\",\"contentUrl\":\"https:\/\/www.ipim.gov.mo\/wp-content\/uploads\/2022\/10\/default-post-thumbnail-ipim-logo.png\",\"width\":1024,\"height\":768,\"caption\":\"IPIM\"},\"image\":{\"@id\":\"https:\/\/www.ipim.gov.mo\/zh-hans\/#\/schema\/logo\/image\/\"}}]}<\/script>\r\n<!-- \/ Yoast SEO plugin. -->","yoast_head_json":{"title":"[2023\/08\/19] O Dia Verde do P\u00fablico do 2023MIECF apela \u00e0 constru\u00e7\u00e3o de uma vida verde | Commerce and Investment Promotion Institute","robots":{"index":"index","follow":"follow","max-snippet":"max-snippet:-1","max-image-preview":"max-image-preview:large","max-video-preview":"max-video-preview:-1"},"canonical":"https:\/\/www.ipim.gov.mo\/pt-pt\/noticias-do-ipim\/2023-08-19-o-dia-verde-do-publico-do-2023miecf-apela-a-construcao-de-uma-vida-verde\/","og_locale":"pt_PT","og_type":"article","og_title":"[2023\/08\/19] O Dia Verde do P\u00fablico do 2023MIECF apela \u00e0 constru\u00e7\u00e3o de uma vida verde | Commerce and Investment Promotion Institute","og_description":"Sob a organiza&ccedil;&atilde;o do Governo da Regi&atilde;o Administrativa Especial de Macau e a coordena&ccedil;&atilde;o do Instituto de Promo&ccedil;&atilde;o do Com&eacute;rcio e do Investimento de Macau [&hellip;]","og_url":"https:\/\/www.ipim.gov.mo\/pt-pt\/noticias-do-ipim\/2023-08-19-o-dia-verde-do-publico-do-2023miecf-apela-a-construcao-de-uma-vida-verde\/","og_site_name":"Commerce and Investment Promotion Institute","article_published_time":"2023-08-19T03:39:00+00:00","og_image":[{"width":1024,"height":768,"url":"https:\/\/www.ipim.gov.mo\/wp-content\/uploads\/2024\/07\/ipim-post-default.jpg","type":"image\/jpeg"}],"author":"admin","twitter_card":"summary_large_image","twitter_misc":{"Written by":"admin","Est. reading time":"3 minutes"},"schema":{"@context":"https:\/\/schema.org","@graph":[{"@type":"WebPage","@id":"https:\/\/www.ipim.gov.mo\/pt-pt\/noticias-do-ipim\/2023-08-19-o-dia-verde-do-publico-do-2023miecf-apela-a-construcao-de-uma-vida-verde\/","url":"https:\/\/www.ipim.gov.mo\/pt-pt\/noticias-do-ipim\/2023-08-19-o-dia-verde-do-publico-do-2023miecf-apela-a-construcao-de-uma-vida-verde\/","name":"[2023\/08\/19] O Dia Verde do P\u00fablico do 2023MIECF apela \u00e0 constru\u00e7\u00e3o de uma vida verde | Commerce and Investment Promotion Institute","isPartOf":{"@id":"https:\/\/www.ipim.gov.mo\/zh-hans\/#website"},"primaryImageOfPage":{"@id":"https:\/\/www.ipim.gov.mo\/pt-pt\/noticias-do-ipim\/2023-08-19-o-dia-verde-do-publico-do-2023miecf-apela-a-construcao-de-uma-vida-verde\/#primaryimage"},"image":{"@id":"https:\/\/www.ipim.gov.mo\/pt-pt\/noticias-do-ipim\/2023-08-19-o-dia-verde-do-publico-do-2023miecf-apela-a-construcao-de-uma-vida-verde\/#primaryimage"},"thumbnailUrl":"https:\/\/www.ipim.gov.mo\/wp-content\/uploads\/2024\/07\/ipim-post-default.jpg","datePublished":"2023-08-19T03:39:00+00:00","breadcrumb":{"@id":"https:\/\/www.ipim.gov.mo\/pt-pt\/noticias-do-ipim\/2023-08-19-o-dia-verde-do-publico-do-2023miecf-apela-a-construcao-de-uma-vida-verde\/#breadcrumb"},"inLanguage":"pt-PT","potentialAction":[{"@type":"ReadAction","target":["https:\/\/www.ipim.gov.mo\/pt-pt\/noticias-do-ipim\/2023-08-19-o-dia-verde-do-publico-do-2023miecf-apela-a-construcao-de-uma-vida-verde\/"]}]},{"@type":"ImageObject","inLanguage":"pt-PT","@id":"https:\/\/www.ipim.gov.mo\/pt-pt\/noticias-do-ipim\/2023-08-19-o-dia-verde-do-publico-do-2023miecf-apela-a-construcao-de-uma-vida-verde\/#primaryimage","url":"https:\/\/www.ipim.gov.mo\/wp-content\/uploads\/2024\/07\/ipim-post-default.jpg","contentUrl":"https:\/\/www.ipim.gov.mo\/wp-content\/uploads\/2024\/07\/ipim-post-default.jpg","width":1024,"height":768},{"@type":"BreadcrumbList","@id":"https:\/\/www.ipim.gov.mo\/pt-pt\/noticias-do-ipim\/2023-08-19-o-dia-verde-do-publico-do-2023miecf-apela-a-construcao-de-uma-vida-verde\/#breadcrumb","itemListElement":[{"@type":"ListItem","position":1,"name":"Home","item":"https:\/\/www.ipim.gov.mo\/pt-pt\/"},{"@type":"ListItem","position":2,"name":"[2023\/08\/19] O Dia Verde do P\u00fablico do 2023MIECF apela \u00e0 constru\u00e7\u00e3o de uma vida verde"}]},{"@type":"WebSite","@id":"https:\/\/www.ipim.gov.mo\/zh-hans\/#website","url":"https:\/\/www.ipim.gov.mo\/zh-hans\/","name":"Commerce and Investment Promotion Institute","description":"Commerce and Investment Promotion Institute","publisher":{"@id":"https:\/\/www.ipim.gov.mo\/zh-hans\/#organization"},"potentialAction":[{"@type":"SearchAction","target":{"@type":"EntryPoint","urlTemplate":"https:\/\/www.ipim.gov.mo\/zh-hans\/?s={search_term_string}"},"query-input":{"@type":"PropertyValueSpecification","valueRequired":true,"valueName":"search_term_string"}}],"inLanguage":"pt-PT"},{"@type":"Organization","@id":"https:\/\/www.ipim.gov.mo\/zh-hans\/#organization","name":"IPIM","url":"https:\/\/www.ipim.gov.mo\/zh-hans\/","logo":{"@type":"ImageObject","inLanguage":"pt-PT","@id":"https:\/\/www.ipim.gov.mo\/zh-hans\/#\/schema\/logo\/image\/","url":"https:\/\/www.ipim.gov.mo\/wp-content\/uploads\/2022\/10\/default-post-thumbnail-ipim-logo.png","contentUrl":"https:\/\/www.ipim.gov.mo\/wp-content\/uploads\/2022\/10\/default-post-thumbnail-ipim-logo.png","width":1024,"height":768,"caption":"IPIM"},"image":{"@id":"https:\/\/www.ipim.gov.mo\/zh-hans\/#\/schema\/logo\/image\/"}}]}},"author_meta":{"display_name":"admin","author_link":"https:\/\/www.ipim.gov.mo\/pt-pt\/author\/admin\/"},"featured_img":"https:\/\/www.ipim.gov.mo\/wp-content\/uploads\/2024\/07\/ipim-post-default-300x225.jpg","coauthors":[],"tax_additional":{"categories":{"linked":["<a href=\"https:\/\/www.ipim.gov.mo\/pt-pt\/category\/noticias-do-ipim\/\" class=\"advgb-post-tax-term\">Not\u00edcias do IPIM<\/a>"],"unlinked":["<span class=\"advgb-post-tax-term\">Not\u00edcias do IPIM<\/span>"]}},"comment_count":"0","relative_dates":{"created":"Posted 3 years ago","modified":"Updated 3 years ago"},"absolute_dates":{"created":"Posted on Agosto 19, 2023","modified":"Updated on Agosto 19, 2023"},"absolute_dates_time":{"created":"Posted on Agosto 19, 2023 11:39 am","modified":"Updated on Agosto 19, 2023 11:39 am"},"featured_img_caption":"","series_order":"","_links":{"self":[{"href":"https:\/\/www.ipim.gov.mo\/pt-pt\/wp-json\/wp\/v2\/posts\/436055","targetHints":{"allow":["GET"]}}],"collection":[{"href":"https:\/\/www.ipim.gov.mo\/pt-pt\/wp-json\/wp\/v2\/posts"}],"about":[{"href":"https:\/\/www.ipim.gov.mo\/pt-pt\/wp-json\/wp\/v2\/types\/post"}],"author":[{"embeddable":true,"href":"https:\/\/www.ipim.gov.mo\/pt-pt\/wp-json\/wp\/v2\/users\/1"}],"replies":[{"embeddable":true,"href":"https:\/\/www.ipim.gov.mo\/pt-pt\/wp-json\/wp\/v2\/comments?post=436055"}],"version-history":[{"count":0,"href":"https:\/\/www.ipim.gov.mo\/pt-pt\/wp-json\/wp\/v2\/posts\/436055\/revisions"}],"wp:featuredmedia":[{"embeddable":true,"href":"https:\/\/www.ipim.gov.mo\/pt-pt\/wp-json\/wp\/v2\/media\/467868"}],"wp:attachment":[{"href":"https:\/\/www.ipim.gov.mo\/pt-pt\/wp-json\/wp\/v2\/media?parent=436055"}],"wp:term":[{"taxonomy":"category","embeddable":true,"href":"https:\/\/www.ipim.gov.mo\/pt-pt\/wp-json\/wp\/v2\/categories?post=436055"},{"taxonomy":"post_tag","embeddable":true,"href":"https:\/\/www.ipim.gov.mo\/pt-pt\/wp-json\/wp\/v2\/tags?post=436055"}],"curies":[{"name":"wp","href":"https:\/\/api.w.org\/{rel}","templated":true}]}}