{"id":436053,"date":"2023-08-18T14:49:00","date_gmt":"2023-08-18T06:49:00","guid":{"rendered":"https:\/\/www.ipim.gov.mo\/noticias-do-ipim\/2023-08-19-sessao-do-forum-verde-do-2023miecf-promove-o-debate-sobre-o-desenvolvimento-verde-e-de-alta-qualidade\/"},"modified":"2023-08-18T14:49:00","modified_gmt":"2023-08-18T06:49:00","slug":"2023-08-19-sessao-do-forum-verde-do-2023miecf-promove-o-debate-sobre-o-desenvolvimento-verde-e-de-alta-qualidade","status":"publish","type":"post","link":"https:\/\/www.ipim.gov.mo\/pt-pt\/noticias-do-ipim\/2023-08-19-sessao-do-forum-verde-do-2023miecf-promove-o-debate-sobre-o-desenvolvimento-verde-e-de-alta-qualidade\/","title":{"rendered":"[2023\/08\/18] Sess\u00e3o do F\u00f3rum Verde do 2023MIECF promove o debate sobre o desenvolvimento verde e de alta qualidade"},"content":{"rendered":"<p style=\"text-align:justify\">O F&oacute;rum Verde do F&oacute;rum e Exposi&ccedil;&atilde;o Internacional de Coopera&ccedil;&atilde;o Ambiental de Macau 2023 continua a trazer temas ambientais de relev&acirc;ncia internacional para debate. Nesse &acirc;mbito, durante a manh&atilde; de hoje (dia 18), foi realizada a \u201cSess&atilde;o II: A inova&ccedil;&atilde;o verde promove o desenvolvimento de alta qualidade\u201d, que contou com a presen&ccedil;a de v&aacute;rias figuras de elite, especialistas e acad&eacute;micos do sector a n&iacute;vel nacional e internacional, para explorarem em conjunto solu&ccedil;&otilde;es inovadoras, ecol&oacute;gicas e de qualidade que contribuem para um futuro colectivo verde.<\/p>\n<p style=\"text-align:justify\">Enquanto uma das importantes directrizes para o mundo alcan&ccedil;ar o desenvolvimento sustent&aacute;vel, a inova&ccedil;&atilde;o verde j&aacute; &eacute; hoje em dia o foco dos governos, das empresas e dos sectores sociais de todo o mundo. A sess&atilde;o de debate contou com a presen&ccedil;a de v&aacute;rios convidados para assumir o papel de orador, entre eles o Inspector do Departamento de Assuntos Gerais do Minist&eacute;rio da Ecologia e Meio Ambiente da Rep&uacute;blica Popular da China, Ling Jiang, o Vice-Presidente da Ag&ecirc;ncia Portuguesa do Ambiente, Jos&eacute; Carlos Pimenta Machado, o Investigador de quarto n&iacute;vel da Divis&atilde;o de Investiga&ccedil;&atilde;o do Gabinete Geral do Minist&eacute;rio da Ecologia e Meio Ambiente da Rep&uacute;blica Popular da China, Liu Liming, o Director da Divis&atilde;o de Gest&atilde;o de Fontes de Polui&ccedil;&atilde;o da Ag&ecirc;ncia de Ecologia e Meio Ambiente do Munic&iacute;pio de Pequim, Liu Wei, o Professor titular da Faculdade de Meio Ambiente da Universidade Tsinghua, Wen Zongguo, e o Presidente do Instituto Brasileiro de Mobilidade Sustent&aacute;vel, Ricardo Guggisberg. A sess&atilde;o foi presidida pelo Vice-Presidente do Conselho Consultivo do Ambiente do Governo da Regi&atilde;o Administrativa Especial de Macau, Kou Kun Pang.<\/p>\n<p style=\"text-align:justify\">Durante a sua interven&ccedil;&atilde;o, intitulada \u201cPromover o Desenvolvimento Verde e Construir em Conjunto uma Bela &Aacute;rea da Ba&iacute;a\u201d, o inspector Ling Jiang afirmou que o ecossistema &eacute; uma importante base para a Grande Ba&iacute;a Guangdong-Hong Kong-Macau construir \u201cuma &aacute;rea com qualidade de vida elevada que ofere&ccedil;a boas condi&ccedil;&otilde;es para viver, trabalhar e viajar\u201d, Por isso, o Minist&eacute;rio da Ecologia e Ambiente tem apoiado e promovido a preserva&ccedil;&atilde;o do ecossistema da Grande Ba&iacute;a Guangdong-Hong Kong-Macau. Gra&ccedil;as a este esfor&ccedil;o, os resultados positivos alcan&ccedil;ados fizeram com que o n&iacute;vel de desenvolvimento verde e de baixo carbono na Grande Ba&iacute;a atingisse ao padr&atilde;o avan&ccedil;ado a n&iacute;vel mundial. Entretanto, os trabalhos no &acirc;mbito da coopera&ccedil;&atilde;o para a constru&ccedil;&atilde;o de cidade-floresta entre Guangdong e Hong Kong e entre Guangdong e Macau est&atilde;o a avan&ccedil;ar ordenadamente, o que tem salvaguardado eficazmente as esp&eacute;cies animais e vegetais end&eacute;micas. O inspector ainda elogiou a integra&ccedil;&atilde;o activa de Macau na causa de constru&ccedil;&atilde;o de uma civiliza&ccedil;&atilde;o ecol&oacute;gica promovida pelo pa&iacute;s, identificando, com discernimento, tarefas essenciais como impulsionar a constru&ccedil;&atilde;o conjunta de uma &aacute;rea com qualidade de vida na Grande Ba&iacute;a, estimular o interc&acirc;mbio cultural e intensificar a cria&ccedil;&atilde;o de infra-estruturas para atingir o tal objectivo.<\/p>\n<p style=\"text-align:justify\">J&aacute; outros oradores convidados fizeram a sua interven&ccedil;&atilde;o respectivamente com base em temas como \u201cEstrat&eacute;gias de Restaura&ccedil;&atilde;o de Rios em Portugal: Solu&ccedil;&otilde;es Baseadas na Natureza\u201d, \u201cPromover a Transforma&ccedil;&atilde;o Verde Abrangente do Desenvolvimento Econ&oacute;mico e Social\u201d, \u201cA Gest&atilde;o Inovadora Promove a Transforma&ccedil;&atilde;o Verde e Ajuda no Desenvolvimento Verde\u201d, \u201cA Ci&ecirc;ncia Ecoambiental e a Inova&ccedil;&atilde;o Tecnol&oacute;gica Apoiam o Desenvolvimento Verde e de Alta Qualidade\u201d e \u201cDesenvolvimento do Transporte Sustent&aacute;vel no Brasil\u201d.<\/p>\n<p style=\"text-align:justify\">A sess&atilde;o teve transmiss&atilde;o em directo <em>online<\/em> e servi&ccedil;o de interpreta&ccedil;&atilde;o simult&acirc;nea, com vista a encorajar a participa&ccedil;&atilde;o de mais audi&ecirc;ncias nacionais e estrangeiras. Al&eacute;m disso, este ano, o MIECF continua a solicitar a certifica&ccedil;&atilde;o profissional para os f&oacute;runs designados e emitir&aacute; certificados de participa&ccedil;&atilde;o para participantes <em>online<\/em> e <em>offline<\/em>, de forma a elevar efectivamente o papel do MIECF como uma plataforma de partilha de conhecimento profissional.<\/p>\n<div class=\"wp-caption alignnone\">\n                <a href=\"https:\/\/www.gcs.gov.mo\/news\/p\/P23HRH6Zke\/l\" data-component=\"Popup\" data-fancybox=\"gallery\" data-caption=\": A Sess\u00e3o II do F\u00f3rum Verde do 2023MIECF foi realizada na manh\u00e3 de hoje (dia 18) com vista a promover o desenvolvimento verde\" data-type=\"image\"><br \/>\n                <img decoding=\"async\" class=\"size-large\" src=\"https:\/\/www.gcs.gov.mo\/news\/p\/P23HRH6Zke\/l\" title=\": A Sess\u00e3o II do F\u00f3rum Verde do 2023MIECF foi realizada na manh\u00e3 de hoje (dia 18) com vista a promover o desenvolvimento verde\" alt=\": A Sess\u00e3o II do F\u00f3rum Verde do 2023MIECF foi realizada na manh\u00e3 de hoje (dia 18) com vista a promover o desenvolvimento verde\" width=\"1024\"><br \/>\n                <\/a><\/p>\n<p class=\"wp-caption-text\">: A Sess\u00e3o II do F\u00f3rum Verde do 2023MIECF foi realizada na manh\u00e3 de hoje (dia 18) com vista a promover o desenvolvimento verde<\/p>\n<\/p><\/div>\n<div class=\"wp-caption alignnone\">\n                <a href=\"https:\/\/www.gcs.gov.mo\/news\/p\/P23HREq3fu\/l\" data-component=\"Popup\" data-fancybox=\"gallery\" data-caption=\"A Sess\u00e3o II do F\u00f3rum Verde do 2023MIECF procurou explorar solu\u00e7\u00f5es inovadoras, ecol\u00f3gicas e de qualidade\" data-type=\"image\"><br \/>\n                <img decoding=\"async\" class=\"size-large\" src=\"https:\/\/www.gcs.gov.mo\/news\/p\/P23HREq3fu\/l\" title=\"A Sess\u00e3o II do F\u00f3rum Verde do 2023MIECF procurou explorar solu\u00e7\u00f5es inovadoras, ecol\u00f3gicas e de qualidade\" alt=\"A Sess\u00e3o II do F\u00f3rum Verde do 2023MIECF procurou explorar solu\u00e7\u00f5es inovadoras, ecol\u00f3gicas e de qualidade\" width=\"1024\"><br \/>\n                <\/a><\/p>\n<p class=\"wp-caption-text\">A Sess\u00e3o II do F\u00f3rum Verde do 2023MIECF procurou explorar solu\u00e7\u00f5es inovadoras, ecol\u00f3gicas e de qualidade<\/p>\n<\/p><\/div>\n","protected":false},"excerpt":{"rendered":"<p>O F&oacute;rum Verde do F&oacute;rum e Exposi&ccedil;&atilde;o Internacional de Coopera&ccedil;&atilde;o Ambiental de Macau 2023 continua a trazer temas ambientais de relev&acirc;ncia internacional para debate. Nesse [&hellip;]<\/p>\n","protected":false},"author":1,"featured_media":467868,"comment_status":"closed","ping_status":"closed","sticky":false,"template":"","format":"standard","meta":{"_acf_changed":false,"inline_featured_image":false,"advgb_blocks_editor_width":"","advgb_blocks_columns_visual_guide":"","footnotes":""},"categories":[12],"tags":[],"class_list":["post-436053","post","type-post","status-publish","format-standard","has-post-thumbnail","hentry","category-noticias-do-ipim"],"acf":[],"yoast_head":"<!-- This site is optimized with the Yoast SEO plugin v26.2 - https:\/\/yoast.com\/wordpress\/plugins\/seo\/ -->\r\n<title>[2023\/08\/18] Sess\u00e3o do F\u00f3rum Verde do 2023MIECF promove o debate sobre o desenvolvimento verde e de alta qualidade | Commerce and Investment Promotion Institute<\/title>\r\n<meta name=\"robots\" content=\"index, follow, max-snippet:-1, max-image-preview:large, max-video-preview:-1\" \/>\r\n<link rel=\"canonical\" href=\"https:\/\/www.ipim.gov.mo\/pt-pt\/noticias-do-ipim\/2023-08-19-sessao-do-forum-verde-do-2023miecf-promove-o-debate-sobre-o-desenvolvimento-verde-e-de-alta-qualidade\/\" \/>\r\n<meta property=\"og:locale\" content=\"pt_PT\" \/>\r\n<meta property=\"og:type\" content=\"article\" \/>\r\n<meta property=\"og:title\" content=\"[2023\/08\/18] Sess\u00e3o do F\u00f3rum Verde do 2023MIECF promove o debate sobre o desenvolvimento verde e de alta qualidade | Commerce and Investment Promotion Institute\" \/>\r\n<meta property=\"og:description\" content=\"O F&oacute;rum Verde do F&oacute;rum e Exposi&ccedil;&atilde;o Internacional de Coopera&ccedil;&atilde;o Ambiental de Macau 2023 continua a trazer temas ambientais de relev&acirc;ncia internacional para debate. Nesse [&hellip;]\" \/>\r\n<meta property=\"og:url\" content=\"https:\/\/www.ipim.gov.mo\/pt-pt\/noticias-do-ipim\/2023-08-19-sessao-do-forum-verde-do-2023miecf-promove-o-debate-sobre-o-desenvolvimento-verde-e-de-alta-qualidade\/\" \/>\r\n<meta property=\"og:site_name\" content=\"Commerce and Investment Promotion Institute\" \/>\r\n<meta property=\"article:published_time\" content=\"2023-08-18T06:49:00+00:00\" \/>\r\n<meta property=\"og:image\" content=\"https:\/\/www.ipim.gov.mo\/wp-content\/uploads\/2024\/07\/ipim-post-default.jpg\" \/>\r\n\t<meta property=\"og:image:width\" content=\"1024\" \/>\r\n\t<meta property=\"og:image:height\" content=\"768\" \/>\r\n\t<meta property=\"og:image:type\" content=\"image\/jpeg\" \/>\r\n<meta name=\"author\" content=\"admin\" \/>\r\n<meta name=\"twitter:card\" content=\"summary_large_image\" \/>\r\n<meta name=\"twitter:label1\" content=\"Written by\" \/>\n\t<meta name=\"twitter:data1\" content=\"admin\" \/>\n\t<meta name=\"twitter:label2\" content=\"Est. reading time\" \/>\n\t<meta name=\"twitter:data2\" content=\"4 minutes\" \/>\r\n<script type=\"application\/ld+json\" class=\"yoast-schema-graph\">{\"@context\":\"https:\/\/schema.org\",\"@graph\":[{\"@type\":\"WebPage\",\"@id\":\"https:\/\/www.ipim.gov.mo\/pt-pt\/noticias-do-ipim\/2023-08-19-sessao-do-forum-verde-do-2023miecf-promove-o-debate-sobre-o-desenvolvimento-verde-e-de-alta-qualidade\/\",\"url\":\"https:\/\/www.ipim.gov.mo\/pt-pt\/noticias-do-ipim\/2023-08-19-sessao-do-forum-verde-do-2023miecf-promove-o-debate-sobre-o-desenvolvimento-verde-e-de-alta-qualidade\/\",\"name\":\"[2023\/08\/18] Sess\u00e3o do F\u00f3rum Verde do 2023MIECF promove o debate sobre o desenvolvimento verde e de alta qualidade | Commerce and Investment Promotion Institute\",\"isPartOf\":{\"@id\":\"https:\/\/www.ipim.gov.mo\/zh-hans\/#website\"},\"primaryImageOfPage\":{\"@id\":\"https:\/\/www.ipim.gov.mo\/pt-pt\/noticias-do-ipim\/2023-08-19-sessao-do-forum-verde-do-2023miecf-promove-o-debate-sobre-o-desenvolvimento-verde-e-de-alta-qualidade\/#primaryimage\"},\"image\":{\"@id\":\"https:\/\/www.ipim.gov.mo\/pt-pt\/noticias-do-ipim\/2023-08-19-sessao-do-forum-verde-do-2023miecf-promove-o-debate-sobre-o-desenvolvimento-verde-e-de-alta-qualidade\/#primaryimage\"},\"thumbnailUrl\":\"https:\/\/www.ipim.gov.mo\/wp-content\/uploads\/2024\/07\/ipim-post-default.jpg\",\"datePublished\":\"2023-08-18T06:49:00+00:00\",\"breadcrumb\":{\"@id\":\"https:\/\/www.ipim.gov.mo\/pt-pt\/noticias-do-ipim\/2023-08-19-sessao-do-forum-verde-do-2023miecf-promove-o-debate-sobre-o-desenvolvimento-verde-e-de-alta-qualidade\/#breadcrumb\"},\"inLanguage\":\"pt-PT\",\"potentialAction\":[{\"@type\":\"ReadAction\",\"target\":[\"https:\/\/www.ipim.gov.mo\/pt-pt\/noticias-do-ipim\/2023-08-19-sessao-do-forum-verde-do-2023miecf-promove-o-debate-sobre-o-desenvolvimento-verde-e-de-alta-qualidade\/\"]}]},{\"@type\":\"ImageObject\",\"inLanguage\":\"pt-PT\",\"@id\":\"https:\/\/www.ipim.gov.mo\/pt-pt\/noticias-do-ipim\/2023-08-19-sessao-do-forum-verde-do-2023miecf-promove-o-debate-sobre-o-desenvolvimento-verde-e-de-alta-qualidade\/#primaryimage\",\"url\":\"https:\/\/www.ipim.gov.mo\/wp-content\/uploads\/2024\/07\/ipim-post-default.jpg\",\"contentUrl\":\"https:\/\/www.ipim.gov.mo\/wp-content\/uploads\/2024\/07\/ipim-post-default.jpg\",\"width\":1024,\"height\":768},{\"@type\":\"BreadcrumbList\",\"@id\":\"https:\/\/www.ipim.gov.mo\/pt-pt\/noticias-do-ipim\/2023-08-19-sessao-do-forum-verde-do-2023miecf-promove-o-debate-sobre-o-desenvolvimento-verde-e-de-alta-qualidade\/#breadcrumb\",\"itemListElement\":[{\"@type\":\"ListItem\",\"position\":1,\"name\":\"Home\",\"item\":\"https:\/\/www.ipim.gov.mo\/pt-pt\/\"},{\"@type\":\"ListItem\",\"position\":2,\"name\":\"[2023\/08\/18] Sess\u00e3o do F\u00f3rum Verde do 2023MIECF promove o debate sobre o desenvolvimento verde e de alta qualidade\"}]},{\"@type\":\"WebSite\",\"@id\":\"https:\/\/www.ipim.gov.mo\/zh-hans\/#website\",\"url\":\"https:\/\/www.ipim.gov.mo\/zh-hans\/\",\"name\":\"Commerce and Investment Promotion Institute\",\"description\":\"Commerce and Investment Promotion Institute\",\"publisher\":{\"@id\":\"https:\/\/www.ipim.gov.mo\/zh-hans\/#organization\"},\"potentialAction\":[{\"@type\":\"SearchAction\",\"target\":{\"@type\":\"EntryPoint\",\"urlTemplate\":\"https:\/\/www.ipim.gov.mo\/zh-hans\/?s={search_term_string}\"},\"query-input\":{\"@type\":\"PropertyValueSpecification\",\"valueRequired\":true,\"valueName\":\"search_term_string\"}}],\"inLanguage\":\"pt-PT\"},{\"@type\":\"Organization\",\"@id\":\"https:\/\/www.ipim.gov.mo\/zh-hans\/#organization\",\"name\":\"IPIM\",\"url\":\"https:\/\/www.ipim.gov.mo\/zh-hans\/\",\"logo\":{\"@type\":\"ImageObject\",\"inLanguage\":\"pt-PT\",\"@id\":\"https:\/\/www.ipim.gov.mo\/zh-hans\/#\/schema\/logo\/image\/\",\"url\":\"https:\/\/www.ipim.gov.mo\/wp-content\/uploads\/2022\/10\/default-post-thumbnail-ipim-logo.png\",\"contentUrl\":\"https:\/\/www.ipim.gov.mo\/wp-content\/uploads\/2022\/10\/default-post-thumbnail-ipim-logo.png\",\"width\":1024,\"height\":768,\"caption\":\"IPIM\"},\"image\":{\"@id\":\"https:\/\/www.ipim.gov.mo\/zh-hans\/#\/schema\/logo\/image\/\"}}]}<\/script>\r\n<!-- \/ Yoast SEO plugin. -->","yoast_head_json":{"title":"[2023\/08\/18] Sess\u00e3o do F\u00f3rum Verde do 2023MIECF promove o debate sobre o desenvolvimento verde e de alta qualidade | Commerce and Investment Promotion Institute","robots":{"index":"index","follow":"follow","max-snippet":"max-snippet:-1","max-image-preview":"max-image-preview:large","max-video-preview":"max-video-preview:-1"},"canonical":"https:\/\/www.ipim.gov.mo\/pt-pt\/noticias-do-ipim\/2023-08-19-sessao-do-forum-verde-do-2023miecf-promove-o-debate-sobre-o-desenvolvimento-verde-e-de-alta-qualidade\/","og_locale":"pt_PT","og_type":"article","og_title":"[2023\/08\/18] Sess\u00e3o do F\u00f3rum Verde do 2023MIECF promove o debate sobre o desenvolvimento verde e de alta qualidade | Commerce and Investment Promotion Institute","og_description":"O F&oacute;rum Verde do F&oacute;rum e Exposi&ccedil;&atilde;o Internacional de Coopera&ccedil;&atilde;o Ambiental de Macau 2023 continua a trazer temas ambientais de relev&acirc;ncia internacional para debate. Nesse [&hellip;]","og_url":"https:\/\/www.ipim.gov.mo\/pt-pt\/noticias-do-ipim\/2023-08-19-sessao-do-forum-verde-do-2023miecf-promove-o-debate-sobre-o-desenvolvimento-verde-e-de-alta-qualidade\/","og_site_name":"Commerce and Investment Promotion Institute","article_published_time":"2023-08-18T06:49:00+00:00","og_image":[{"width":1024,"height":768,"url":"https:\/\/www.ipim.gov.mo\/wp-content\/uploads\/2024\/07\/ipim-post-default.jpg","type":"image\/jpeg"}],"author":"admin","twitter_card":"summary_large_image","twitter_misc":{"Written by":"admin","Est. reading time":"4 minutes"},"schema":{"@context":"https:\/\/schema.org","@graph":[{"@type":"WebPage","@id":"https:\/\/www.ipim.gov.mo\/pt-pt\/noticias-do-ipim\/2023-08-19-sessao-do-forum-verde-do-2023miecf-promove-o-debate-sobre-o-desenvolvimento-verde-e-de-alta-qualidade\/","url":"https:\/\/www.ipim.gov.mo\/pt-pt\/noticias-do-ipim\/2023-08-19-sessao-do-forum-verde-do-2023miecf-promove-o-debate-sobre-o-desenvolvimento-verde-e-de-alta-qualidade\/","name":"[2023\/08\/18] Sess\u00e3o do F\u00f3rum Verde do 2023MIECF promove o debate sobre o desenvolvimento verde e de alta qualidade | Commerce and Investment Promotion Institute","isPartOf":{"@id":"https:\/\/www.ipim.gov.mo\/zh-hans\/#website"},"primaryImageOfPage":{"@id":"https:\/\/www.ipim.gov.mo\/pt-pt\/noticias-do-ipim\/2023-08-19-sessao-do-forum-verde-do-2023miecf-promove-o-debate-sobre-o-desenvolvimento-verde-e-de-alta-qualidade\/#primaryimage"},"image":{"@id":"https:\/\/www.ipim.gov.mo\/pt-pt\/noticias-do-ipim\/2023-08-19-sessao-do-forum-verde-do-2023miecf-promove-o-debate-sobre-o-desenvolvimento-verde-e-de-alta-qualidade\/#primaryimage"},"thumbnailUrl":"https:\/\/www.ipim.gov.mo\/wp-content\/uploads\/2024\/07\/ipim-post-default.jpg","datePublished":"2023-08-18T06:49:00+00:00","breadcrumb":{"@id":"https:\/\/www.ipim.gov.mo\/pt-pt\/noticias-do-ipim\/2023-08-19-sessao-do-forum-verde-do-2023miecf-promove-o-debate-sobre-o-desenvolvimento-verde-e-de-alta-qualidade\/#breadcrumb"},"inLanguage":"pt-PT","potentialAction":[{"@type":"ReadAction","target":["https:\/\/www.ipim.gov.mo\/pt-pt\/noticias-do-ipim\/2023-08-19-sessao-do-forum-verde-do-2023miecf-promove-o-debate-sobre-o-desenvolvimento-verde-e-de-alta-qualidade\/"]}]},{"@type":"ImageObject","inLanguage":"pt-PT","@id":"https:\/\/www.ipim.gov.mo\/pt-pt\/noticias-do-ipim\/2023-08-19-sessao-do-forum-verde-do-2023miecf-promove-o-debate-sobre-o-desenvolvimento-verde-e-de-alta-qualidade\/#primaryimage","url":"https:\/\/www.ipim.gov.mo\/wp-content\/uploads\/2024\/07\/ipim-post-default.jpg","contentUrl":"https:\/\/www.ipim.gov.mo\/wp-content\/uploads\/2024\/07\/ipim-post-default.jpg","width":1024,"height":768},{"@type":"BreadcrumbList","@id":"https:\/\/www.ipim.gov.mo\/pt-pt\/noticias-do-ipim\/2023-08-19-sessao-do-forum-verde-do-2023miecf-promove-o-debate-sobre-o-desenvolvimento-verde-e-de-alta-qualidade\/#breadcrumb","itemListElement":[{"@type":"ListItem","position":1,"name":"Home","item":"https:\/\/www.ipim.gov.mo\/pt-pt\/"},{"@type":"ListItem","position":2,"name":"[2023\/08\/18] Sess\u00e3o do F\u00f3rum Verde do 2023MIECF promove o debate sobre o desenvolvimento verde e de alta qualidade"}]},{"@type":"WebSite","@id":"https:\/\/www.ipim.gov.mo\/zh-hans\/#website","url":"https:\/\/www.ipim.gov.mo\/zh-hans\/","name":"Commerce and Investment Promotion Institute","description":"Commerce and Investment Promotion Institute","publisher":{"@id":"https:\/\/www.ipim.gov.mo\/zh-hans\/#organization"},"potentialAction":[{"@type":"SearchAction","target":{"@type":"EntryPoint","urlTemplate":"https:\/\/www.ipim.gov.mo\/zh-hans\/?s={search_term_string}"},"query-input":{"@type":"PropertyValueSpecification","valueRequired":true,"valueName":"search_term_string"}}],"inLanguage":"pt-PT"},{"@type":"Organization","@id":"https:\/\/www.ipim.gov.mo\/zh-hans\/#organization","name":"IPIM","url":"https:\/\/www.ipim.gov.mo\/zh-hans\/","logo":{"@type":"ImageObject","inLanguage":"pt-PT","@id":"https:\/\/www.ipim.gov.mo\/zh-hans\/#\/schema\/logo\/image\/","url":"https:\/\/www.ipim.gov.mo\/wp-content\/uploads\/2022\/10\/default-post-thumbnail-ipim-logo.png","contentUrl":"https:\/\/www.ipim.gov.mo\/wp-content\/uploads\/2022\/10\/default-post-thumbnail-ipim-logo.png","width":1024,"height":768,"caption":"IPIM"},"image":{"@id":"https:\/\/www.ipim.gov.mo\/zh-hans\/#\/schema\/logo\/image\/"}}]}},"author_meta":{"display_name":"admin","author_link":"https:\/\/www.ipim.gov.mo\/pt-pt\/author\/admin\/"},"featured_img":"https:\/\/www.ipim.gov.mo\/wp-content\/uploads\/2024\/07\/ipim-post-default-300x225.jpg","coauthors":[],"tax_additional":{"categories":{"linked":["<a href=\"https:\/\/www.ipim.gov.mo\/pt-pt\/category\/noticias-do-ipim\/\" class=\"advgb-post-tax-term\">Not\u00edcias do IPIM<\/a>"],"unlinked":["<span class=\"advgb-post-tax-term\">Not\u00edcias do IPIM<\/span>"]}},"comment_count":"0","relative_dates":{"created":"Posted 3 years ago","modified":"Updated 3 years ago"},"absolute_dates":{"created":"Posted on Agosto 18, 2023","modified":"Updated on Agosto 18, 2023"},"absolute_dates_time":{"created":"Posted on Agosto 18, 2023 2:49 pm","modified":"Updated on Agosto 18, 2023 2:49 pm"},"featured_img_caption":"","series_order":"","_links":{"self":[{"href":"https:\/\/www.ipim.gov.mo\/pt-pt\/wp-json\/wp\/v2\/posts\/436053","targetHints":{"allow":["GET"]}}],"collection":[{"href":"https:\/\/www.ipim.gov.mo\/pt-pt\/wp-json\/wp\/v2\/posts"}],"about":[{"href":"https:\/\/www.ipim.gov.mo\/pt-pt\/wp-json\/wp\/v2\/types\/post"}],"author":[{"embeddable":true,"href":"https:\/\/www.ipim.gov.mo\/pt-pt\/wp-json\/wp\/v2\/users\/1"}],"replies":[{"embeddable":true,"href":"https:\/\/www.ipim.gov.mo\/pt-pt\/wp-json\/wp\/v2\/comments?post=436053"}],"version-history":[{"count":0,"href":"https:\/\/www.ipim.gov.mo\/pt-pt\/wp-json\/wp\/v2\/posts\/436053\/revisions"}],"wp:featuredmedia":[{"embeddable":true,"href":"https:\/\/www.ipim.gov.mo\/pt-pt\/wp-json\/wp\/v2\/media\/467868"}],"wp:attachment":[{"href":"https:\/\/www.ipim.gov.mo\/pt-pt\/wp-json\/wp\/v2\/media?parent=436053"}],"wp:term":[{"taxonomy":"category","embeddable":true,"href":"https:\/\/www.ipim.gov.mo\/pt-pt\/wp-json\/wp\/v2\/categories?post=436053"},{"taxonomy":"post_tag","embeddable":true,"href":"https:\/\/www.ipim.gov.mo\/pt-pt\/wp-json\/wp\/v2\/tags?post=436053"}],"curies":[{"name":"wp","href":"https:\/\/api.w.org\/{rel}","templated":true}]}}