{"id":435949,"date":"2023-08-17T17:14:00","date_gmt":"2023-08-17T09:14:00","guid":{"rendered":"https:\/\/www.ipim.gov.mo\/noticias-do-ipim\/2023-08-17-promover-o-desenvolvimento-verde-forum-e-exposicao-internacional-de-cooperacao-ambiental-de-macau-2023-decorre-a-partir-de-hoje-17-durante-quatro-dias-consecutivos\/"},"modified":"2023-08-17T17:14:00","modified_gmt":"2023-08-17T09:14:00","slug":"2023-08-17-promover-o-desenvolvimento-verde-forum-e-exposicao-internacional-de-cooperacao-ambiental-de-macau-2023-decorre-a-partir-de-hoje-17-durante-quatro-dias-consecutivos","status":"publish","type":"post","link":"https:\/\/www.ipim.gov.mo\/pt-pt\/noticias-do-ipim\/2023-08-17-promover-o-desenvolvimento-verde-forum-e-exposicao-internacional-de-cooperacao-ambiental-de-macau-2023-decorre-a-partir-de-hoje-17-durante-quatro-dias-consecutivos\/","title":{"rendered":"[2023\/08\/17] [Promover o desenvolvimento verde] F\u00f3rum e Exposi\u00e7\u00e3o Internacional de Coopera\u00e7\u00e3o Ambiental de Macau 2023 decorre a partir de hoje (17) durante quatro dias consecutivos"},"content":{"rendered":"<p style=\"text-align:justify\">O F&oacute;rum e Exposi&ccedil;&atilde;o Internacional de Coopera&ccedil;&atilde;o Ambiental de Macau 2023 (2023MIECF), organizado pelo Governo da Regi&atilde;o Administrativa Especial de Macau, decorrer&aacute;, a partir de hoje (dia 17), durante quatro dias consecutivos no Cotai Expo, <em>The Venetian Macau<\/em>. Sob o tema principal \u201cIniciativas Inovadoras para a Constru&ccedil;&atilde;o de uma Civiliza&ccedil;&atilde;o Ecol&oacute;gica\u201d, a nova edi&ccedil;&atilde;o continua a desempenhar o papel da exposi&ccedil;&atilde;o profissional destinada a alcan&ccedil;ar a \u201cneutralidade de carbono\u201d, para construir uma plataforma de interc&acirc;mbio sobre mat&eacute;rias relacionadas com a protec&ccedil;&atilde;o ambiental.<\/p>\n<p style=\"text-align:justify\">O 2023MIECF &eacute; co-organizado pelos governos das prov&iacute;ncias e regi&otilde;es que integram o Pan-Delta do Rio das P&eacute;rolas, com a colabora&ccedil;&atilde;o, enquanto entidades especiais de apoio, da Comiss&atilde;o Nacional para o Desenvolvimento e Reforma da Rep&uacute;blica Popular da China, do Minist&eacute;rio da Ci&ecirc;ncia e Tecnologia da Rep&uacute;blica Popular da China, do Minist&eacute;rio da Ind&uacute;stria e Tecnologias da Informa&ccedil;&atilde;o da Rep&uacute;blica Popular da China e do Minist&eacute;rio da Ecologia e Meio Ambiente da Rep&uacute;blica Popular da China. A sua realiza&ccedil;&atilde;o conta ainda com a coordena&ccedil;&atilde;o do Instituto de Promo&ccedil;&atilde;o do Com&eacute;rcio e do Investimento de Macau (IPIM) e da Direc&ccedil;&atilde;o dos Servi&ccedil;os de Protec&ccedil;&atilde;o Ambiental (DSPA).<\/p>\n<p style=\"text-align:justify\">A cerim&oacute;nia de inaugura&ccedil;&atilde;o do 2023MIECF contou com a presen&ccedil;a de v&aacute;rios convidados de honra, entre eles o Chefe do Executivo da Regi&atilde;o Administrativa Especial de Macau, Ho Iat Seng, o Director do Gabinete de Liga&ccedil;&atilde;o do Governo Central na Regi&atilde;o Administrativa Especial de Macau, Zheng Xincong, o Vice-Director do Gabinete para os Assuntos de Hong Kong e Macau do Conselho do Estado, Yang Wanming, o Vice-Ministro da Ecologia e Meio Ambiente da Rep&uacute;blica Popular da China, Zhao Yingmin e o Comiss&aacute;rio do Comissariado do Minist&eacute;rio dos Neg&oacute;cios Estrangeiros da Rep&uacute;blica Popular da China na Regi&atilde;o Administrativa Especial de Macau, Liu Xianfa.<\/p>\n<p style=\"text-align:justify\"><strong>MIECF continua a impulsionar o desenvolvimento verde<\/strong><\/p>\n<p style=\"text-align:justify\">Durante o seu discurso na cerim&oacute;nia de inaugura&ccedil;&atilde;o, o Director da Direc&ccedil;&atilde;o dos Servi&ccedil;os de Protec&ccedil;&atilde;o Ambiental do Governo da Regi&atilde;o Administrativa Especial de Macau, Tam Vai Man, afirmou que o Governo da RAEM, com base na colabora&ccedil;&atilde;o activa com as estrat&eacute;gias ambientais promovidas pelo pa&iacute;s e em paralelo com o esfor&ccedil;o de estimular o crescimento econ&oacute;mico, tem desenvolvido, de forma ordenada, v&aacute;rios trabalhos no dom&iacute;nio de conserva&ccedil;&atilde;o de energia, redu&ccedil;&atilde;o da emiss&atilde;o de carbono e redu&ccedil;&atilde;o de res&iacute;duos a partir da fonte. Este conjunto de trabalhos tem como objectivo de promover o desenvolvimento da ind&uacute;stria ambiental e de aprofundar activamente a coopera&ccedil;&atilde;o regional nesta &aacute;rea, dando contributo na constru&ccedil;&atilde;o de um Macau verde, com baixa emiss&atilde;o de carbono e prop&iacute;cio &agrave; habita&ccedil;&atilde;o. J&aacute; sobre o MIECF, o Director explicou que as 15 edi&ccedil;&otilde;es realizadas at&eacute; hoje t&ecirc;m produzido sempre resultados positivos e conseguiram construir, ao longo destes anos, uma imagem internacional conhecida por ser a plataforma de interc&acirc;mbio e coopera&ccedil;&atilde;o para a ind&uacute;stria ambiental. Nesse sentido, espera que a edi&ccedil;&atilde;o deste ano possa apresentar melhorias a n&iacute;vel de qualidade e resultados, de modo a potenciar o papel de Macau enquanto o elo de liga&ccedil;&atilde;o e a promover contributos colectivos para a causa de protec&ccedil;&atilde;o do ambiente.<\/p>\n<p style=\"text-align:justify\">O evento tamb&eacute;m contou com a presen&ccedil;a de outros quatro convidados para proferir discursos tem&aacute;ticos: o Vice-Ministro da Ecologia e Meio Ambiente da Rep&uacute;blica Popular da China, Zhao Yingmin, o Director-Geral Adjunto do Departamento de Conserva&ccedil;&atilde;o Energ&eacute;tica e Protec&ccedil;&atilde;o Ambiental da Comiss&atilde;o Nacional de Desenvolvimento e Reforma da Rep&uacute;blica Popular da China, Zhao Penggao, o Director-Geral Adjunto do Departamento de Tecnologia de Desenvolvimento Social do Minist&eacute;rio da Ci&ecirc;ncia e Tecnologia da Rep&uacute;blica Popular da China, Fu Xiaofeng e o Director-Geral Adjunto do Departamento para Conserva&ccedil;&atilde;o e Aplica&ccedil;&atilde;o Integrada de Energia do Minist&eacute;rio da Ind&uacute;stria e Tecnologia da Informa&ccedil;&atilde;o da Rep&uacute;blica Popular da China, Ding Zhijun.<\/p>\n<p style=\"text-align:justify\">Depois dos discursos tem&aacute;ticos, a Prof.&ordf; Doutora Lan Hong proferiu, na qualidade da oradora principal convidada do 2023MIECF, o discurso principal intitulado \u201cAprofundar a Coopera&ccedil;&atilde;o em Finan&ccedil;as Verdes para Alcan&ccedil;ar Conjuntamente a Neutralidade de Carbono\u201d, onde partilhou com o p&uacute;blico as formas com que o pa&iacute;s aproveitou as finan&ccedil;as verdes para alcan&ccedil;ar a redu&ccedil;&atilde;o da emiss&atilde;o de carbono e criar oportunidades de desenvolvimento, durante o processo de concretizar a dupla meta de carbono. A professora &eacute; ainda Vice-Directora do Centro de Pesquisa em Finan&ccedil;as Ecol&oacute;gicas da Universidade Renmin da China, Vice-Directora da Filial de Finan&ccedil;as Verdes da Sociedade de Ci&ecirc;ncias Ambientais da China e Vice-Directora da Comiss&atilde;o dos Profissionais de Finan&ccedil;as Verdes da Associa&ccedil;&atilde;o Chinesa da Ind&uacute;stria de Protec&ccedil;&atilde;o Ambiental.<\/p>\n<p style=\"text-align:justify\"><strong>F&oacute;runs + exposi&ccedil;&otilde;es + bolsas de contacto proporcionam oportunidades de neg&oacute;cio verde<\/strong><\/p>\n<p style=\"text-align:justify\">Ao longo dos quatro dias, o MIECF ir&aacute; acolher cerca de 20 actividades organizadas por institui&ccedil;&otilde;es especializadas, que incluem f&oacute;runs, confer&ecirc;ncias e 5 sess&otilde;es exlcusivas de bolsas de contacto promovidas pelo pr&oacute;prio MIECF. Entre estas actividades, ter&aacute; lugar hoje &agrave; tarde o \u201cDia da Coopera&ccedil;&atilde;o Empresarial Verde: Sess&atilde;o I do F&oacute;rum Verde\u201d, cujo tema &eacute; dedicado a \u201cVerde x Inova&ccedil;&atilde;o x Oportunidades de Neg&oacute;cio \u2014 Empoderar o Desenvolvimento Sustent&aacute;vel do Turismo de Neg&oacute;cio e Lazer\u201d. A ocasi&atilde;o servir&aacute; para abordar em conjunto as cadeias de valor relacionadas e a aplica&ccedil;&atilde;o e a pr&aacute;tica de produtos e solu&ccedil;&otilde;es dotados de tecnologias verdes e inovadoras. No segundo dia, as sess&otilde;es II, III e IV ter&atilde;o sucessivamente lugar no &acirc;mbito do F&oacute;rum Verde e ter&atilde;o a presen&ccedil;a de v&aacute;rios l&iacute;deres industriais, especialistas e acad&eacute;micos do sector nacional e internacional, para explorar os caminhos para o desenvolvimento verde e com baixo carbono, em torno de t&oacute;picos como \u201cinova&ccedil;&atilde;o verde\u201d, \u201ctratamento inovador da polui&ccedil;&atilde;o\u201d e \u201ccoopera&ccedil;&atilde;o das ind&uacute;strias de protec&ccedil;&atilde;o ambiental do Pan-Delta do Rio das P&eacute;rolas\u201d.<\/p>\n<p style=\"text-align:justify\">J&aacute; as 5 sess&otilde;es exclusivas de bolsas de contacto ser&atilde;o dedicadas a temas como coopera&ccedil;&atilde;o em protec&ccedil;&atilde;o ambiental entre os governos de Macau e de Hengqin, Pa&iacute;ses de L&iacute;ngua Portuguesa, contacto de projectos verdes sustent&aacute;veis, finan&ccedil;as verdes, sess&otilde;es especiais para grandes empresas integradas de turismo e lazer. As sess&otilde;es t&ecirc;m como objectivo de promover contactos e encontros individuais, a fim de ajudar as empresas a criarem conjuntamente oportunidades de neg&oacute;cio verde atrav&eacute;s das bolsas de contactos.<\/p>\n<p style=\"text-align:justify\">Com &aacute;reas a abranger constru&ccedil;&atilde;o civil, finan&ccedil;as, restaura&ccedil;&atilde;o, transporte, recursos h&iacute;dricos, tecnologias ecol&oacute;gicas de conserva&ccedil;&atilde;o de energia e gest&atilde;o de res&iacute;duos, as 7 zonas de exposi&ccedil;&atilde;o verde estabelecidas para este ano atra&iacute;ram a participa&ccedil;&atilde;o de 40 expositores internacionais para promover uma maior coopera&ccedil;&atilde;o em mat&eacute;rias ambientais. Entre estas zonas de exposi&ccedil;&atilde;o, a \u201cZona de Vida Verde\u201d e a \u201cZona de Projectos Verdes e com Baixo Teor de Carbono\u201d s&atilde;o duas novas zonas introduzidas para esta edi&ccedil;&atilde;o e servir&atilde;o para lan&ccedil;ar v&aacute;rios novos produtos equipados de tecnologias ecol&oacute;gicas, assim como para demonstrar destaques como sistemas de tratamento de res&iacute;duos alimentares, utens&iacute;lios de mesa ecol&oacute;gicos e ve&iacute;culos el&eacute;ctricos.<\/p>\n<p style=\"text-align:justify\"><strong>Construir em conjunto uma vida verde<\/strong><\/p>\n<p style=\"text-align:justify\">No &uacute;ltimo dia do MIECF (dia 20), ter&aacute; lugar o Dia Verde do P&uacute;blico cuja entrada &eacute; gratuita. Nesse dia, o p&uacute;blico pode visitar as diferentes exposi&ccedil;&otilde;es verdes e participar em uma s&eacute;rie de actividades de educa&ccedil;&atilde;o e promo&ccedil;&atilde;o sobre a protec&ccedil;&atilde;o ambiental, que tem como objectivo de incentivar o p&uacute;blico a adoptar um estilo de vida verde. No mesmo dia, tamb&eacute;m ser&atilde;o organizadas visitas t&eacute;cnicas &agrave;s Zonas Ecol&oacute;gicas do Cotai e &agrave;s instala&ccedil;&otilde;es de recolha de dispositivos electr&oacute;nicos e el&eacute;ctricos.<\/p>\n<p style=\"text-align:justify\">Por fim, esta edi&ccedil;&atilde;o do MIECF ainda introduziu pela primeira vez o mecanismo de \u201cTan Pu Hui\u201d e ser&atilde;o lan&ccedil;adas, no &acirc;mbito do qual, as actividades de \u201cMIECF X Green Macao\u201d. Atrav&eacute;s do mini-programa \u201cGreen Macao\u201d, o p&uacute;blico pode completar as miss&otilde;es sobre a redu&ccedil;&atilde;o da emiss&atilde;o de carbono para obter \u201cmoedas de carbono\u201d, que poder&atilde;o ser torcadas por pr&eacute;mios uma vez acumuladas at&eacute; a um certo montante. Esta iniciativa visa incentivar o p&uacute;blico a aderir &agrave; causa de redu&ccedil;&atilde;o de carbono.<\/p>\n<div class=\"wp-caption alignnone\">\n                <a href=\"https:\/\/www.gcs.gov.mo\/news\/p\/P23HQnu4aj\/l\" data-component=\"Popup\" data-fancybox=\"gallery\" data-caption=\"A cerim\u00f3nia de inaugura\u00e7\u00e3o do F\u00f3rum e Exposi\u00e7\u00e3o Internacional de Coopera\u00e7\u00e3o Ambiental de Macau 2023 foi realizada hoje\" data-type=\"image\"><br \/>\n                <img decoding=\"async\" class=\"size-large\" src=\"https:\/\/www.gcs.gov.mo\/news\/p\/P23HQnu4aj\/l\" title=\"A cerim\u00f3nia de inaugura\u00e7\u00e3o do F\u00f3rum e Exposi\u00e7\u00e3o Internacional de Coopera\u00e7\u00e3o Ambiental de Macau 2023 foi realizada hoje\" alt=\"A cerim\u00f3nia de inaugura\u00e7\u00e3o do F\u00f3rum e Exposi\u00e7\u00e3o Internacional de Coopera\u00e7\u00e3o Ambiental de Macau 2023 foi realizada hoje\" width=\"1024\"><br \/>\n                <\/a><\/p>\n<p class=\"wp-caption-text\">A cerim\u00f3nia de inaugura\u00e7\u00e3o do F\u00f3rum e Exposi\u00e7\u00e3o Internacional de Coopera\u00e7\u00e3o Ambiental de Macau 2023 foi realizada hoje<\/p>\n<\/p><\/div>\n<div class=\"wp-caption alignnone\">\n                <a href=\"https:\/\/www.gcs.gov.mo\/news\/p\/P23HQaiKns\/l\" data-component=\"Popup\" data-fancybox=\"gallery\" data-caption=\"A cerim\u00f3nia de inaugura\u00e7\u00e3o do F\u00f3rum e Exposi\u00e7\u00e3o Internacional de Coopera\u00e7\u00e3o Ambiental de Macau 2023 foi realizada hoje\" data-type=\"image\"><br \/>\n                <img decoding=\"async\" class=\"size-large\" src=\"https:\/\/www.gcs.gov.mo\/news\/p\/P23HQaiKns\/l\" title=\"A cerim\u00f3nia de inaugura\u00e7\u00e3o do F\u00f3rum e Exposi\u00e7\u00e3o Internacional de Coopera\u00e7\u00e3o Ambiental de Macau 2023 foi realizada hoje\" alt=\"A cerim\u00f3nia de inaugura\u00e7\u00e3o do F\u00f3rum e Exposi\u00e7\u00e3o Internacional de Coopera\u00e7\u00e3o Ambiental de Macau 2023 foi realizada hoje\" width=\"1024\"><br \/>\n                <\/a><\/p>\n<p class=\"wp-caption-text\">A cerim\u00f3nia de inaugura\u00e7\u00e3o do F\u00f3rum e Exposi\u00e7\u00e3o Internacional de Coopera\u00e7\u00e3o Ambiental de Macau 2023 foi realizada hoje<\/p>\n<\/p><\/div>\n<div class=\"wp-caption alignnone\">\n                <a href=\"https:\/\/www.gcs.gov.mo\/news\/p\/P23HQlRPBJ\/l\" data-component=\"Popup\" data-fancybox=\"gallery\" data-caption=\"O Director da Direc\u00e7\u00e3o dos Servi\u00e7os de Protec\u00e7\u00e3o Ambiental do Governo da RAEM, Tam Vai Man, proferiu as palavras de boas-vindas\" data-type=\"image\"><br \/>\n                <img decoding=\"async\" class=\"size-large\" src=\"https:\/\/www.gcs.gov.mo\/news\/p\/P23HQlRPBJ\/l\" title=\"O Director da Direc\u00e7\u00e3o dos Servi\u00e7os de Protec\u00e7\u00e3o Ambiental do Governo da RAEM, Tam Vai Man, proferiu as palavras de boas-vindas\" alt=\"O Director da Direc\u00e7\u00e3o dos Servi\u00e7os de Protec\u00e7\u00e3o Ambiental do Governo da RAEM, Tam Vai Man, proferiu as palavras de boas-vindas\" width=\"1024\"><br \/>\n                <\/a><\/p>\n<p class=\"wp-caption-text\">O Director da Direc\u00e7\u00e3o dos Servi\u00e7os de Protec\u00e7\u00e3o Ambiental do Governo da RAEM, Tam Vai Man, proferiu as palavras de boas-vindas<\/p>\n<\/p><\/div>\n","protected":false},"excerpt":{"rendered":"<p>O F&oacute;rum e Exposi&ccedil;&atilde;o Internacional de Coopera&ccedil;&atilde;o Ambiental de Macau 2023 (2023MIECF), organizado pelo Governo da Regi&atilde;o Administrativa Especial de Macau, decorrer&aacute;, a partir de [&hellip;]<\/p>\n","protected":false},"author":1,"featured_media":467868,"comment_status":"closed","ping_status":"closed","sticky":false,"template":"","format":"standard","meta":{"_acf_changed":false,"inline_featured_image":false,"advgb_blocks_editor_width":"","advgb_blocks_columns_visual_guide":"","footnotes":""},"categories":[12],"tags":[],"class_list":["post-435949","post","type-post","status-publish","format-standard","has-post-thumbnail","hentry","category-noticias-do-ipim"],"acf":[],"yoast_head":"<!-- This site is optimized with the Yoast SEO plugin v26.2 - https:\/\/yoast.com\/wordpress\/plugins\/seo\/ -->\r\n<title>[2023\/08\/17] [Promover o desenvolvimento verde] F\u00f3rum e Exposi\u00e7\u00e3o Internacional de Coopera\u00e7\u00e3o Ambiental de Macau 2023 decorre a partir de hoje (17) durante quatro dias consecutivos | Commerce and Investment Promotion Institute<\/title>\r\n<meta name=\"robots\" content=\"index, follow, max-snippet:-1, max-image-preview:large, max-video-preview:-1\" \/>\r\n<link rel=\"canonical\" href=\"https:\/\/www.ipim.gov.mo\/pt-pt\/noticias-do-ipim\/2023-08-17-promover-o-desenvolvimento-verde-forum-e-exposicao-internacional-de-cooperacao-ambiental-de-macau-2023-decorre-a-partir-de-hoje-17-durante-quatro-dias-consecutivos\/\" \/>\r\n<meta property=\"og:locale\" content=\"pt_PT\" \/>\r\n<meta property=\"og:type\" content=\"article\" \/>\r\n<meta property=\"og:title\" content=\"[2023\/08\/17] [Promover o desenvolvimento verde] F\u00f3rum e Exposi\u00e7\u00e3o Internacional de Coopera\u00e7\u00e3o Ambiental de Macau 2023 decorre a partir de hoje (17) durante quatro dias consecutivos | Commerce and Investment Promotion Institute\" \/>\r\n<meta property=\"og:description\" content=\"O F&oacute;rum e Exposi&ccedil;&atilde;o Internacional de Coopera&ccedil;&atilde;o Ambiental de Macau 2023 (2023MIECF), organizado pelo Governo da Regi&atilde;o Administrativa Especial de Macau, decorrer&aacute;, a partir de [&hellip;]\" \/>\r\n<meta property=\"og:url\" content=\"https:\/\/www.ipim.gov.mo\/pt-pt\/noticias-do-ipim\/2023-08-17-promover-o-desenvolvimento-verde-forum-e-exposicao-internacional-de-cooperacao-ambiental-de-macau-2023-decorre-a-partir-de-hoje-17-durante-quatro-dias-consecutivos\/\" \/>\r\n<meta property=\"og:site_name\" content=\"Commerce and Investment Promotion Institute\" \/>\r\n<meta property=\"article:published_time\" content=\"2023-08-17T09:14:00+00:00\" \/>\r\n<meta property=\"og:image\" content=\"https:\/\/www.ipim.gov.mo\/wp-content\/uploads\/2024\/07\/ipim-post-default.jpg\" \/>\r\n\t<meta property=\"og:image:width\" content=\"1024\" \/>\r\n\t<meta property=\"og:image:height\" content=\"768\" \/>\r\n\t<meta property=\"og:image:type\" content=\"image\/jpeg\" \/>\r\n<meta name=\"author\" content=\"admin\" \/>\r\n<meta name=\"twitter:card\" content=\"summary_large_image\" \/>\r\n<meta name=\"twitter:label1\" content=\"Written by\" \/>\n\t<meta name=\"twitter:data1\" content=\"admin\" \/>\n\t<meta name=\"twitter:label2\" content=\"Est. reading time\" \/>\n\t<meta name=\"twitter:data2\" content=\"9 minutes\" \/>\r\n<script type=\"application\/ld+json\" class=\"yoast-schema-graph\">{\"@context\":\"https:\/\/schema.org\",\"@graph\":[{\"@type\":\"WebPage\",\"@id\":\"https:\/\/www.ipim.gov.mo\/pt-pt\/noticias-do-ipim\/2023-08-17-promover-o-desenvolvimento-verde-forum-e-exposicao-internacional-de-cooperacao-ambiental-de-macau-2023-decorre-a-partir-de-hoje-17-durante-quatro-dias-consecutivos\/\",\"url\":\"https:\/\/www.ipim.gov.mo\/pt-pt\/noticias-do-ipim\/2023-08-17-promover-o-desenvolvimento-verde-forum-e-exposicao-internacional-de-cooperacao-ambiental-de-macau-2023-decorre-a-partir-de-hoje-17-durante-quatro-dias-consecutivos\/\",\"name\":\"[2023\/08\/17] [Promover o desenvolvimento verde] F\u00f3rum e Exposi\u00e7\u00e3o Internacional de Coopera\u00e7\u00e3o Ambiental de Macau 2023 decorre a partir de hoje (17) durante quatro dias consecutivos | Commerce and Investment Promotion Institute\",\"isPartOf\":{\"@id\":\"https:\/\/www.ipim.gov.mo\/zh-hans\/#website\"},\"primaryImageOfPage\":{\"@id\":\"https:\/\/www.ipim.gov.mo\/pt-pt\/noticias-do-ipim\/2023-08-17-promover-o-desenvolvimento-verde-forum-e-exposicao-internacional-de-cooperacao-ambiental-de-macau-2023-decorre-a-partir-de-hoje-17-durante-quatro-dias-consecutivos\/#primaryimage\"},\"image\":{\"@id\":\"https:\/\/www.ipim.gov.mo\/pt-pt\/noticias-do-ipim\/2023-08-17-promover-o-desenvolvimento-verde-forum-e-exposicao-internacional-de-cooperacao-ambiental-de-macau-2023-decorre-a-partir-de-hoje-17-durante-quatro-dias-consecutivos\/#primaryimage\"},\"thumbnailUrl\":\"https:\/\/www.ipim.gov.mo\/wp-content\/uploads\/2024\/07\/ipim-post-default.jpg\",\"datePublished\":\"2023-08-17T09:14:00+00:00\",\"breadcrumb\":{\"@id\":\"https:\/\/www.ipim.gov.mo\/pt-pt\/noticias-do-ipim\/2023-08-17-promover-o-desenvolvimento-verde-forum-e-exposicao-internacional-de-cooperacao-ambiental-de-macau-2023-decorre-a-partir-de-hoje-17-durante-quatro-dias-consecutivos\/#breadcrumb\"},\"inLanguage\":\"pt-PT\",\"potentialAction\":[{\"@type\":\"ReadAction\",\"target\":[\"https:\/\/www.ipim.gov.mo\/pt-pt\/noticias-do-ipim\/2023-08-17-promover-o-desenvolvimento-verde-forum-e-exposicao-internacional-de-cooperacao-ambiental-de-macau-2023-decorre-a-partir-de-hoje-17-durante-quatro-dias-consecutivos\/\"]}]},{\"@type\":\"ImageObject\",\"inLanguage\":\"pt-PT\",\"@id\":\"https:\/\/www.ipim.gov.mo\/pt-pt\/noticias-do-ipim\/2023-08-17-promover-o-desenvolvimento-verde-forum-e-exposicao-internacional-de-cooperacao-ambiental-de-macau-2023-decorre-a-partir-de-hoje-17-durante-quatro-dias-consecutivos\/#primaryimage\",\"url\":\"https:\/\/www.ipim.gov.mo\/wp-content\/uploads\/2024\/07\/ipim-post-default.jpg\",\"contentUrl\":\"https:\/\/www.ipim.gov.mo\/wp-content\/uploads\/2024\/07\/ipim-post-default.jpg\",\"width\":1024,\"height\":768},{\"@type\":\"BreadcrumbList\",\"@id\":\"https:\/\/www.ipim.gov.mo\/pt-pt\/noticias-do-ipim\/2023-08-17-promover-o-desenvolvimento-verde-forum-e-exposicao-internacional-de-cooperacao-ambiental-de-macau-2023-decorre-a-partir-de-hoje-17-durante-quatro-dias-consecutivos\/#breadcrumb\",\"itemListElement\":[{\"@type\":\"ListItem\",\"position\":1,\"name\":\"Home\",\"item\":\"https:\/\/www.ipim.gov.mo\/pt-pt\/\"},{\"@type\":\"ListItem\",\"position\":2,\"name\":\"[2023\/08\/17] [Promover o desenvolvimento verde] F\u00f3rum e Exposi\u00e7\u00e3o Internacional de Coopera\u00e7\u00e3o Ambiental de Macau 2023 decorre a partir de hoje (17) durante quatro dias consecutivos\"}]},{\"@type\":\"WebSite\",\"@id\":\"https:\/\/www.ipim.gov.mo\/zh-hans\/#website\",\"url\":\"https:\/\/www.ipim.gov.mo\/zh-hans\/\",\"name\":\"Commerce and Investment Promotion Institute\",\"description\":\"Commerce and Investment Promotion Institute\",\"publisher\":{\"@id\":\"https:\/\/www.ipim.gov.mo\/zh-hans\/#organization\"},\"potentialAction\":[{\"@type\":\"SearchAction\",\"target\":{\"@type\":\"EntryPoint\",\"urlTemplate\":\"https:\/\/www.ipim.gov.mo\/zh-hans\/?s={search_term_string}\"},\"query-input\":{\"@type\":\"PropertyValueSpecification\",\"valueRequired\":true,\"valueName\":\"search_term_string\"}}],\"inLanguage\":\"pt-PT\"},{\"@type\":\"Organization\",\"@id\":\"https:\/\/www.ipim.gov.mo\/zh-hans\/#organization\",\"name\":\"IPIM\",\"url\":\"https:\/\/www.ipim.gov.mo\/zh-hans\/\",\"logo\":{\"@type\":\"ImageObject\",\"inLanguage\":\"pt-PT\",\"@id\":\"https:\/\/www.ipim.gov.mo\/zh-hans\/#\/schema\/logo\/image\/\",\"url\":\"https:\/\/www.ipim.gov.mo\/wp-content\/uploads\/2022\/10\/default-post-thumbnail-ipim-logo.png\",\"contentUrl\":\"https:\/\/www.ipim.gov.mo\/wp-content\/uploads\/2022\/10\/default-post-thumbnail-ipim-logo.png\",\"width\":1024,\"height\":768,\"caption\":\"IPIM\"},\"image\":{\"@id\":\"https:\/\/www.ipim.gov.mo\/zh-hans\/#\/schema\/logo\/image\/\"}}]}<\/script>\r\n<!-- \/ Yoast SEO plugin. -->","yoast_head_json":{"title":"[2023\/08\/17] [Promover o desenvolvimento verde] F\u00f3rum e Exposi\u00e7\u00e3o Internacional de Coopera\u00e7\u00e3o Ambiental de Macau 2023 decorre a partir de hoje (17) durante quatro dias consecutivos | Commerce and Investment Promotion Institute","robots":{"index":"index","follow":"follow","max-snippet":"max-snippet:-1","max-image-preview":"max-image-preview:large","max-video-preview":"max-video-preview:-1"},"canonical":"https:\/\/www.ipim.gov.mo\/pt-pt\/noticias-do-ipim\/2023-08-17-promover-o-desenvolvimento-verde-forum-e-exposicao-internacional-de-cooperacao-ambiental-de-macau-2023-decorre-a-partir-de-hoje-17-durante-quatro-dias-consecutivos\/","og_locale":"pt_PT","og_type":"article","og_title":"[2023\/08\/17] [Promover o desenvolvimento verde] F\u00f3rum e Exposi\u00e7\u00e3o Internacional de Coopera\u00e7\u00e3o Ambiental de Macau 2023 decorre a partir de hoje (17) durante quatro dias consecutivos | Commerce and Investment Promotion Institute","og_description":"O F&oacute;rum e Exposi&ccedil;&atilde;o Internacional de Coopera&ccedil;&atilde;o Ambiental de Macau 2023 (2023MIECF), organizado pelo Governo da Regi&atilde;o Administrativa Especial de Macau, decorrer&aacute;, a partir de [&hellip;]","og_url":"https:\/\/www.ipim.gov.mo\/pt-pt\/noticias-do-ipim\/2023-08-17-promover-o-desenvolvimento-verde-forum-e-exposicao-internacional-de-cooperacao-ambiental-de-macau-2023-decorre-a-partir-de-hoje-17-durante-quatro-dias-consecutivos\/","og_site_name":"Commerce and Investment Promotion Institute","article_published_time":"2023-08-17T09:14:00+00:00","og_image":[{"width":1024,"height":768,"url":"https:\/\/www.ipim.gov.mo\/wp-content\/uploads\/2024\/07\/ipim-post-default.jpg","type":"image\/jpeg"}],"author":"admin","twitter_card":"summary_large_image","twitter_misc":{"Written by":"admin","Est. reading time":"9 minutes"},"schema":{"@context":"https:\/\/schema.org","@graph":[{"@type":"WebPage","@id":"https:\/\/www.ipim.gov.mo\/pt-pt\/noticias-do-ipim\/2023-08-17-promover-o-desenvolvimento-verde-forum-e-exposicao-internacional-de-cooperacao-ambiental-de-macau-2023-decorre-a-partir-de-hoje-17-durante-quatro-dias-consecutivos\/","url":"https:\/\/www.ipim.gov.mo\/pt-pt\/noticias-do-ipim\/2023-08-17-promover-o-desenvolvimento-verde-forum-e-exposicao-internacional-de-cooperacao-ambiental-de-macau-2023-decorre-a-partir-de-hoje-17-durante-quatro-dias-consecutivos\/","name":"[2023\/08\/17] [Promover o desenvolvimento verde] F\u00f3rum e Exposi\u00e7\u00e3o Internacional de Coopera\u00e7\u00e3o Ambiental de Macau 2023 decorre a partir de hoje (17) durante quatro dias consecutivos | Commerce and Investment Promotion Institute","isPartOf":{"@id":"https:\/\/www.ipim.gov.mo\/zh-hans\/#website"},"primaryImageOfPage":{"@id":"https:\/\/www.ipim.gov.mo\/pt-pt\/noticias-do-ipim\/2023-08-17-promover-o-desenvolvimento-verde-forum-e-exposicao-internacional-de-cooperacao-ambiental-de-macau-2023-decorre-a-partir-de-hoje-17-durante-quatro-dias-consecutivos\/#primaryimage"},"image":{"@id":"https:\/\/www.ipim.gov.mo\/pt-pt\/noticias-do-ipim\/2023-08-17-promover-o-desenvolvimento-verde-forum-e-exposicao-internacional-de-cooperacao-ambiental-de-macau-2023-decorre-a-partir-de-hoje-17-durante-quatro-dias-consecutivos\/#primaryimage"},"thumbnailUrl":"https:\/\/www.ipim.gov.mo\/wp-content\/uploads\/2024\/07\/ipim-post-default.jpg","datePublished":"2023-08-17T09:14:00+00:00","breadcrumb":{"@id":"https:\/\/www.ipim.gov.mo\/pt-pt\/noticias-do-ipim\/2023-08-17-promover-o-desenvolvimento-verde-forum-e-exposicao-internacional-de-cooperacao-ambiental-de-macau-2023-decorre-a-partir-de-hoje-17-durante-quatro-dias-consecutivos\/#breadcrumb"},"inLanguage":"pt-PT","potentialAction":[{"@type":"ReadAction","target":["https:\/\/www.ipim.gov.mo\/pt-pt\/noticias-do-ipim\/2023-08-17-promover-o-desenvolvimento-verde-forum-e-exposicao-internacional-de-cooperacao-ambiental-de-macau-2023-decorre-a-partir-de-hoje-17-durante-quatro-dias-consecutivos\/"]}]},{"@type":"ImageObject","inLanguage":"pt-PT","@id":"https:\/\/www.ipim.gov.mo\/pt-pt\/noticias-do-ipim\/2023-08-17-promover-o-desenvolvimento-verde-forum-e-exposicao-internacional-de-cooperacao-ambiental-de-macau-2023-decorre-a-partir-de-hoje-17-durante-quatro-dias-consecutivos\/#primaryimage","url":"https:\/\/www.ipim.gov.mo\/wp-content\/uploads\/2024\/07\/ipim-post-default.jpg","contentUrl":"https:\/\/www.ipim.gov.mo\/wp-content\/uploads\/2024\/07\/ipim-post-default.jpg","width":1024,"height":768},{"@type":"BreadcrumbList","@id":"https:\/\/www.ipim.gov.mo\/pt-pt\/noticias-do-ipim\/2023-08-17-promover-o-desenvolvimento-verde-forum-e-exposicao-internacional-de-cooperacao-ambiental-de-macau-2023-decorre-a-partir-de-hoje-17-durante-quatro-dias-consecutivos\/#breadcrumb","itemListElement":[{"@type":"ListItem","position":1,"name":"Home","item":"https:\/\/www.ipim.gov.mo\/pt-pt\/"},{"@type":"ListItem","position":2,"name":"[2023\/08\/17] [Promover o desenvolvimento verde] F\u00f3rum e Exposi\u00e7\u00e3o Internacional de Coopera\u00e7\u00e3o Ambiental de Macau 2023 decorre a partir de hoje (17) durante quatro dias consecutivos"}]},{"@type":"WebSite","@id":"https:\/\/www.ipim.gov.mo\/zh-hans\/#website","url":"https:\/\/www.ipim.gov.mo\/zh-hans\/","name":"Commerce and Investment Promotion Institute","description":"Commerce and Investment Promotion Institute","publisher":{"@id":"https:\/\/www.ipim.gov.mo\/zh-hans\/#organization"},"potentialAction":[{"@type":"SearchAction","target":{"@type":"EntryPoint","urlTemplate":"https:\/\/www.ipim.gov.mo\/zh-hans\/?s={search_term_string}"},"query-input":{"@type":"PropertyValueSpecification","valueRequired":true,"valueName":"search_term_string"}}],"inLanguage":"pt-PT"},{"@type":"Organization","@id":"https:\/\/www.ipim.gov.mo\/zh-hans\/#organization","name":"IPIM","url":"https:\/\/www.ipim.gov.mo\/zh-hans\/","logo":{"@type":"ImageObject","inLanguage":"pt-PT","@id":"https:\/\/www.ipim.gov.mo\/zh-hans\/#\/schema\/logo\/image\/","url":"https:\/\/www.ipim.gov.mo\/wp-content\/uploads\/2022\/10\/default-post-thumbnail-ipim-logo.png","contentUrl":"https:\/\/www.ipim.gov.mo\/wp-content\/uploads\/2022\/10\/default-post-thumbnail-ipim-logo.png","width":1024,"height":768,"caption":"IPIM"},"image":{"@id":"https:\/\/www.ipim.gov.mo\/zh-hans\/#\/schema\/logo\/image\/"}}]}},"author_meta":{"display_name":"admin","author_link":"https:\/\/www.ipim.gov.mo\/pt-pt\/author\/admin\/"},"featured_img":"https:\/\/www.ipim.gov.mo\/wp-content\/uploads\/2024\/07\/ipim-post-default-300x225.jpg","coauthors":[],"tax_additional":{"categories":{"linked":["<a href=\"https:\/\/www.ipim.gov.mo\/pt-pt\/category\/noticias-do-ipim\/\" class=\"advgb-post-tax-term\">Not\u00edcias do IPIM<\/a>"],"unlinked":["<span class=\"advgb-post-tax-term\">Not\u00edcias do IPIM<\/span>"]}},"comment_count":"0","relative_dates":{"created":"Posted 3 years ago","modified":"Updated 3 years ago"},"absolute_dates":{"created":"Posted on Agosto 17, 2023","modified":"Updated on Agosto 17, 2023"},"absolute_dates_time":{"created":"Posted on Agosto 17, 2023 5:14 pm","modified":"Updated on Agosto 17, 2023 5:14 pm"},"featured_img_caption":"","series_order":"","_links":{"self":[{"href":"https:\/\/www.ipim.gov.mo\/pt-pt\/wp-json\/wp\/v2\/posts\/435949","targetHints":{"allow":["GET"]}}],"collection":[{"href":"https:\/\/www.ipim.gov.mo\/pt-pt\/wp-json\/wp\/v2\/posts"}],"about":[{"href":"https:\/\/www.ipim.gov.mo\/pt-pt\/wp-json\/wp\/v2\/types\/post"}],"author":[{"embeddable":true,"href":"https:\/\/www.ipim.gov.mo\/pt-pt\/wp-json\/wp\/v2\/users\/1"}],"replies":[{"embeddable":true,"href":"https:\/\/www.ipim.gov.mo\/pt-pt\/wp-json\/wp\/v2\/comments?post=435949"}],"version-history":[{"count":0,"href":"https:\/\/www.ipim.gov.mo\/pt-pt\/wp-json\/wp\/v2\/posts\/435949\/revisions"}],"wp:featuredmedia":[{"embeddable":true,"href":"https:\/\/www.ipim.gov.mo\/pt-pt\/wp-json\/wp\/v2\/media\/467868"}],"wp:attachment":[{"href":"https:\/\/www.ipim.gov.mo\/pt-pt\/wp-json\/wp\/v2\/media?parent=435949"}],"wp:term":[{"taxonomy":"category","embeddable":true,"href":"https:\/\/www.ipim.gov.mo\/pt-pt\/wp-json\/wp\/v2\/categories?post=435949"},{"taxonomy":"post_tag","embeddable":true,"href":"https:\/\/www.ipim.gov.mo\/pt-pt\/wp-json\/wp\/v2\/tags?post=435949"}],"curies":[{"name":"wp","href":"https:\/\/api.w.org\/{rel}","templated":true}]}}