{"id":435783,"date":"2023-08-15T17:31:00","date_gmt":"2023-08-15T09:31:00","guid":{"rendered":"https:\/\/www.ipim.gov.mo\/noticias-do-ipim\/2023-08-15-%e3%80%90inauguracao-em-17-de-agosto%e3%80%912023miecf-promove-iniciativas-inovadoras-em-prol-da-cooperacao-na-proteccao-ambiental\/"},"modified":"2023-08-15T17:31:00","modified_gmt":"2023-08-15T09:31:00","slug":"2023-08-15-%e3%80%90inauguracao-em-17-de-agosto%e3%80%912023miecf-promove-iniciativas-inovadoras-em-prol-da-cooperacao-na-proteccao-ambiental","status":"publish","type":"post","link":"https:\/\/www.ipim.gov.mo\/pt-pt\/noticias-do-ipim\/2023-08-15-%e3%80%90inauguracao-em-17-de-agosto%e3%80%912023miecf-promove-iniciativas-inovadoras-em-prol-da-cooperacao-na-proteccao-ambiental\/","title":{"rendered":"[2023\/08\/15] \u3010Inaugura\u00e7\u00e3o em 17 de Agosto\u30112023MIECF promove iniciativas inovadoras em prol da coopera\u00e7\u00e3o na protec\u00e7\u00e3o ambiental"},"content":{"rendered":"<p style=\"text-align:justify\">O F&oacute;rum e Exposi&ccedil;&atilde;o Internacional de Coopera&ccedil;&atilde;o Ambiental de Macau 2023 (2023MIECF) realiza-se entre os dias 17 e 20 de Agosto no Cotai Expo, <em>The Venetian Macau<\/em>. Sob o tema principal \u201cIniciativas Inovadoras para a Constru&ccedil;&atilde;o de uma Civiliza&ccedil;&atilde;o Ecol&oacute;gica\u201d, a nova edi&ccedil;&atilde;o continua a desempenhar o papel da exposi&ccedil;&atilde;o profissional destinada a alcan&ccedil;ar a \u201cneutralidade de carbono\u201d, que visa criar oportunidades de neg&oacute;cios verdes para expositores e visitantes nacionais e estrangeiros e construir uma plataforma de interc&acirc;mbio sobre mat&eacute;rias relacionadas com a protec&ccedil;&atilde;o ambiental.<\/p>\n<p style=\"text-align:justify\">O 2023MIECF &eacute; organizado pelo Governo da Regi&atilde;o Administrativa Especial de Macau e conta com a Comiss&atilde;o Nacional de Desenvolvimento e Reforma da Rep&uacute;blica Popular da China, o Minist&eacute;rio da Ci&ecirc;ncia e Tecnologia da Rep&uacute;blica Popular da China, o Minist&eacute;rio da Ind&uacute;stria e Tecnologias da Informa&ccedil;&atilde;o da Rep&uacute;blica Popular da China e o Minist&eacute;rio da Ecologia e Ambiente da Rep&uacute;blica Popular da China como entidades especiais de apoio. A realiza&ccedil;&atilde;o tem ainda a colabora&ccedil;&atilde;o dos governos das prov&iacute;ncias e regi&otilde;es que integram o Pan-Delta do Rio das P&eacute;rolas e a coordena&ccedil;&atilde;o do Instituto de Promo&ccedil;&atilde;o do Com&eacute;rcio e do Investimento de Macau (IPIM) e da Direc&ccedil;&atilde;o dos Servi&ccedil;os de Protec&ccedil;&atilde;o Ambiental (DSPA).<\/p>\n<p style=\"text-align:justify\">Enquanto uma exposi&ccedil;&atilde;o profissional certificada pela Associa&ccedil;&atilde;o Global da Ind&uacute;stria de Exposi&ccedil;&otilde;es (UFI), o MIECF assinala a sua 15.&ordf; edi&ccedil;&atilde;o este ano. Nesta edi&ccedil;&atilde;o, o per&iacute;odo de exposi&ccedil;&atilde;o ser&aacute; estendido de tr&ecirc;s para quatro dias e o foco, baseado novamente na directriz de \u201cInd&uacute;strias + Conven&ccedil;&otilde;es e Exposi&ccedil;&otilde;es\u201d e em articula&ccedil;&atilde;o com a estrat&eacute;gia de desenvolvimento da diversifica&ccedil;&atilde;o adequada \u201c1+4\u201d, ser&aacute; incidido no desenvolvimento sustent&aacute;vel do turismo de lazer e das quatro principais ind&uacute;strias, com vista a promover ainda mais o interc&acirc;mbio e a coopera&ccedil;&atilde;o internacional no dom&iacute;nio da protec&ccedil;&atilde;o ambiental entre as entidades governamentais, industriais, acad&eacute;micas, de investiga&ccedil;&atilde;o, de consumidores e financeiras.<\/p>\n<p style=\"text-align:justify\">As entidades coordenadoras oficiais e as institui&ccedil;&otilde;es envolvidas na organiza&ccedil;&atilde;o realizaram a confer&ecirc;ncia de imprensa, hoje (15 de Agosto), para apresentar o programa da exposi&ccedil;&atilde;o e dar a conhecer aos meios de comunica&ccedil;&atilde;o social o progresso da prepara&ccedil;&atilde;o da exposi&ccedil;&atilde;o.<\/p>\n<p style=\"text-align:justify\"><strong>Partilha de vis&otilde;es relevantes pela oradora principal<\/strong><\/p>\n<p style=\"text-align:justify\">O 2023MIECF contar&aacute; com a presen&ccedil;a da Prof.&ordf; Doutora Lan Hong como oradora principal convidada, para proferir o discurso principal intitulado \u201cAprofundar a Coopera&ccedil;&atilde;o em Finan&ccedil;as Verdes para Alcan&ccedil;ar Conjuntamente a Neutralidade de Carbono\u201d, na cerim&oacute;nia de abertura. Para al&eacute;m de professora, a convidada &eacute; ainda vice-directora do Centro de Pesquisa em Finan&ccedil;as Ecol&oacute;gicas da Universidade Renmin da China, vice-directora da Filial de Finan&ccedil;as Verdes da Sociedade de Ci&ecirc;ncias Ambientais da China e vice-directora da Comiss&atilde;o dos Profissionais de Finan&ccedil;as Verdes da Associa&ccedil;&atilde;o Chinesa da Ind&uacute;stria de Protec&ccedil;&atilde;o Ambiental.<\/p>\n<p style=\"text-align:justify\"><strong>F&oacute;rum Verde ajuda os sectores a aproveitarem as oportunidades de desenvolvimento sustent&aacute;vel<\/strong><\/p>\n<p style=\"text-align:justify\">Ao longo dos quatro dias do evento, realizam-se cerca de 20 f&oacute;runs e confer&ecirc;ncias organizados por institui&ccedil;&otilde;es profissionais, bem como cinco sess&otilde;es exclusivas de bolsas de contactos organizadas pela entidade organizadora.<\/p>\n<p style=\"text-align:justify\">O \u201cF&oacute;rum Verde\u201d, que decorrer&aacute; por dois dias consecutivos, contar&aacute; com a presen&ccedil;a, na qualidade de oradores, de mais de 30 especialistas, acad&eacute;micos, l&iacute;deres de sectores relacionados com a protec&ccedil;&atilde;o ambiental e directores executivos de empresas, provenientes do Interior da China, dos Pa&iacute;ses de L&iacute;ngua Portuguesa, dos pa&iacute;ses europeus, dos pa&iacute;ses do Sudeste Asi&aacute;tico, bem como das regi&otilde;es de Hong Kong e de Macau. As suas interven&ccedil;&otilde;es, divididas em quatro sess&otilde;es subordinadas, respectivamente, ao tema de \u201cTurismo de Neg&oacute;cio e de Lazer\u201d, \u201cInova&ccedil;&atilde;o Verde\u201d, \u201cTratamento Inovador da Polui&ccedil;&atilde;o\u201d e \u201cCoopera&ccedil;&atilde;o das Ind&uacute;strias de Protec&ccedil;&atilde;o Ambiental do Pan-Delta do Rio das P&eacute;rolas\u201d, promover&atilde;o debates e trocas de opini&otilde;es em torno de t&oacute;picos de vanguarda sobre o desenvolvimento sustent&aacute;vel e de baixo carbono, com o objectivo de ajudar os sectores a conhecerem as &uacute;ltimas novidades internacionais sobre a protec&ccedil;&atilde;o ambiental, de aproveitar as oportunidades de desenvolvimento sustent&aacute;vel e de avan&ccedil;ar em conjunto para um futuro verde.<\/p>\n<p style=\"text-align:justify\">No primeiro dia, sob a nova colabora&ccedil;&atilde;o entre o IPIM e a empresa de contabilidade <em>PricewaterhouseCoopers<\/em> (PwC), ser&aacute; realizado o \u201cDia da Coopera&ccedil;&atilde;o Empresarial Verde: Sess&atilde;o I do F&oacute;rum Verde\u201d, cujo tema &eacute; dedicado a \u201cVerde x Inova&ccedil;&atilde;o x Oportunidades de Neg&oacute;cio \u2014 Empoderar o Desenvolvimento Sustent&aacute;vel do Turismo de Neg&oacute;cios e Lazer\u201d. A ocasi&atilde;o servir&aacute; para abordar em conjunto a aplica&ccedil;&atilde;o e a pr&aacute;tica de produtos e solu&ccedil;&otilde;es dotados de tecnologias verdes e inovadoras nas cadeias de valor e ind&uacute;strias relevantes. Durante o evento, a PwC ir&aacute; tamb&eacute;m divulgar um relat&oacute;rio tem&aacute;tico sobre o desenvolvimento sustent&aacute;vel e integrado de cultura, turismo e conven&ccedil;&otilde;es e exposi&ccedil;&otilde;es entre Guangdong e Macau, na esperan&ccedil;a de oferecer refer&ecirc;ncias e inspira&ccedil;&otilde;es a Macau.<\/p>\n<p style=\"text-align:justify\">No segundo dia do evento, ser&aacute; realizada a \u201cSess&atilde;o II: A inova&ccedil;&atilde;o verde promove o desenvolvimento de alta qualidade\u201d, em que ser&atilde;o estimuladas discuss&otilde;es entre os especialistas e os acad&eacute;micos sobre as pol&iacute;ticas e os regimes actualmente em vigor, a fim de explorar, em conjunto e de um ponto de vista macro, as solu&ccedil;&otilde;es inovadoras, ambientais e de qualidade que impulsionam o desenvolvimento de qualidade do pa&iacute;s, da regi&atilde;o e at&eacute; do mundo, contribuindo para o progresso em conjunto para um futuro verde.<\/p>\n<p style=\"text-align:justify\">Ainda no segundo dia, ser&aacute; realizada a Sess&atilde;o III do F&oacute;rum Verde, subordinada ao tema \u201cEncontrar solu&ccedil;&otilde;es inovadoras para a gest&atilde;o da polui&ccedil;&atilde;o do ar, dos res&iacute;duos s&oacute;lidos e das &aacute;guas residuais\u201d, que explorar&aacute; as tecnologias mais completas e diversificadas para o tratamento ambiental inovador e a respectiva aplica&ccedil;&atilde;o, por forma a promover conjuntamente o desenvolvimento de um sistema moderno de gest&atilde;o ambiental, para alcan&ccedil;ar a meta social de civiliza&ccedil;&atilde;o ecol&oacute;gica sustent&aacute;vel.<\/p>\n<p style=\"text-align:justify\">As sess&otilde;es I, II e III do F&oacute;rum Verde ser&atilde;o transmitidas online em directo. A entidade organizadora ir&aacute; emitir certificados de participa&ccedil;&atilde;o a todos os participantes das sess&otilde;es tanto a n&iacute;vel <em>online<\/em> como a n&iacute;vel presencial, potenciando assim efectivamente o papel do MIECF enquanto uma plataforma de partilha de conhecimentos profissionais.<\/p>\n<p style=\"text-align:justify\"><strong>Os cerca de 500 <em>stands<\/em> nas sete zonas principais de exposi&ccedil;&atilde;o re&uacute;nem mais de 400 empresas<\/strong><\/p>\n<p style=\"text-align:justify\">Em rela&ccedil;&atilde;o &agrave; Mostra Verde, o MIECF deste ano ocupa uma &aacute;rea de mais de 10.000 metros quadrados e estabeleceu sete zonas de exposi&ccedil;&atilde;o, nomeadamente os \u201cPavilh&otilde;es da Regi&atilde;o do Pan-Delta do Rio das P&eacute;rolas\u201d, a \u201c&Aacute;rea de Exposi&ccedil;&atilde;o das Ind&uacute;strias de Protec&ccedil;&atilde;o Ambiental da China\u201d, a \u201c&Aacute;rea de Exposi&ccedil;&atilde;o Internacional das Ind&uacute;strias de Protecc&atilde;o Ambiental\u201d, a \u201c&Aacute;rea de Exposi&ccedil;&atilde;o das Ind&uacute;strias de Protec&ccedil;&atilde;o Ambiental de Macau\u201d, a \u201cZona de Exposi&ccedil;&atilde;o Premium\u201d, a \u201cZona de Vida Verde\u201d e a \u201cZona de Projectos Verdes e com Baixo Teor de Carbono\u201d. Os cerca de 500 <em>stands<\/em> contar&atilde;o com a participa&ccedil;&atilde;o presencial de mais de 400 expositores, provenientes de v&aacute;rios lugares, o que representa um aumento de mais de 50 por cento em compara&ccedil;&atilde;o com o ano passado. Especificamente, o n&uacute;mero de expositores estrangeiros aumentou quase duas vezes em compara&ccedil;&atilde;o com a edi&ccedil;&atilde;o anterior, aumentando para 40, o que representa um &iacute;ndice de recupera&ccedil;&atilde;o de 73% do n&iacute;vel antes da pandemia.<\/p>\n<p style=\"text-align:justify\"><strong>Cinco sess&otilde;es de bolsas de contactos tem&aacute;ticas contribuem para encontrar oportunidades de neg&oacute;cios internacionais na protec&ccedil;&atilde;o ambiental<\/strong><\/p>\n<p style=\"text-align:justify\">Com a finalidade de potenciar o seu papel de plataforma de coopera&ccedil;&atilde;o de neg&oacute;cios verdes, o 2023MIECF organizar&aacute; cinco sess&otilde;es de bolsas de contactos tem&aacute;ticas, cujos temas englobam a coopera&ccedil;&atilde;o de protec&ccedil;&atilde;o ambiental entre os governos de Macau e de Hengqin, Pa&iacute;ses de L&iacute;ngua Portuguesa, projectos sustent&aacute;veis, finan&ccedil;as verdes, sess&otilde;es especiais para grandes empresas integradas de turismo e lazer, entre outros. As sess&otilde;es t&ecirc;m como objectivo de promover contactos e encontros individuais, para ajudar as empresas a criar conjuntamente oportunidades de neg&oacute;cios verdes atrav&eacute;s das bolsas de contactos.<\/p>\n<p style=\"text-align:justify\">A fim de continuar a atrair investimentos atrav&eacute;s de exposi&ccedil;&otilde;es, de aprofundar o conhecimento dos investidores exteriores sobre o ambiente de investimento de Macau atrav&eacute;s da sua participa&ccedil;&atilde;o em exposi&ccedil;&otilde;es e conven&ccedil;&otilde;es, atraindo o seu investimento e empreendedorismo em Macau, o IPIM ir&aacute; enviar pessoal espec&iacute;fico para trabalhos de apresenta&ccedil;&atilde;o e de promo&ccedil;&atilde;o de investimentos no evento, ajudando as empresas a estabelecerem-se em Macau atrav&eacute;s do Servi&ccedil;o \u201cOne-Stop\u201d para Investidores.<\/p>\n<p style=\"text-align:justify\"><strong>Sectores<\/strong><strong> <\/strong><strong>de protec&ccedil;<\/strong><strong>&atilde;o ambiental <\/strong><strong>organizam v&aacute;rias actividades paralelas e ac&ccedil;&otilde;es sob o formato de \u201cUm Evento, Dois Locais\u201d<\/strong><\/p>\n<p style=\"text-align:justify\">O MIECF deste ano realizar&aacute; uma s&eacute;rie de actividades paralelas, incluindo f&oacute;runs, semin&aacute;rios e cerim&oacute;nias de entrega de pr&eacute;mios, com temas como <em>big health<\/em>, hot&eacute;is verdes, desenvolvimento de neutralidade de carbono, finan&ccedil;as verdes, intelig&ecirc;ncia artificial, entre outros.<\/p>\n<p style=\"text-align:justify\">Entre estas actividades, tr&ecirc;s f&oacute;runs s&atilde;o organizados sob a iniciativa pr&oacute;pria dos sectores de protec&ccedil;&atilde;o ambiental, nomeadamente o \u201cF&oacute;rum de Desenvolvimento Verde da Ind&uacute;stria de <em>Big Health<\/em> de Macau e de Hengqin\u201d, a \u201cConfer&ecirc;ncia de Interc&acirc;mbio de Projectos Inovadores para Alcan&ccedil;ar o Pico das Emiss&otilde;es de Carbono e a Neutralidade de Carbono da Associa&ccedil;&atilde;o Chinesa de Engenharia Industrial\u201d e o \u201cSemin&aacute;rio sobre o Desenvolvimento de Neutralidade de Carbono em Conven&ccedil;&otilde;es e Exposi&ccedil;&otilde;es Internacionais Verdes\u201d. Estes f&oacute;runs, que decorrer&atilde;o em Macau e em Hengqin sob o formato de \u201cUm Evento, Dois Locais\u201d, visam refor&ccedil;ar a liga&ccedil;&atilde;o e a partilha dos recursos e das fontes de clientes internacionais de conven&ccedil;&otilde;es e exposi&ccedil;&otilde;es dos dois locais, potenciando os efeitos multiplicador e sin&eacute;rgico. Al&eacute;m disso, a entidade organizadora ir&aacute; coordenar a visita da delega&ccedil;&atilde;o de participantes do Pan-Delta do Rio das P&eacute;rolas a Hengqin.<\/p>\n<p style=\"text-align:justify\"><strong>Mecanismo \u201cTan Pu Hui\u201d, Dia Verde do P&uacute;blico e v&aacute;rios outros programas incentivam a colabora&ccedil;&atilde;o na constru&ccedil;&atilde;o de uma vida amiga do ambiente<\/strong><\/p>\n<p style=\"text-align:justify\">A edi&ccedil;&atilde;o deste ano ir&aacute; tamb&eacute;m incentivar uma maior participa&ccedil;&atilde;o do p&uacute;blico, nesse sentido, nos dois dias do fim-de-semana (19 e 20 de Agosto), a entrada ser&aacute; gratuita para o p&uacute;blico em geral. O MIECF ir&aacute; ainda disponibilizar autocarros gratuitos que estabelecem liga&ccedil;&atilde;o directa entre o recinto e a Zona Central, a Zona Norte de Macau e a Taipa, para incentivar os residentes a aderirem &agrave; mobilidade verde. O &uacute;ltimo dia do MIECF (20 de Agosto) ser&aacute; o Dia Verde do P&uacute;blico, com uma s&eacute;rie de actividades de educa&ccedil;&atilde;o e promo&ccedil;&atilde;o sobre a protec&ccedil;&atilde;o ambiental dispon&iacute;vel no recinto, com o objectivo de sensibilizar o p&uacute;blico para o tema e promover a sua adop&ccedil;&atilde;o activa de comportamentos ecol&oacute;gicos na vida quotidiana.<\/p>\n<p style=\"text-align:justify\">O 2023MIECF introduz, pela primeira vez, o mecanismo \u201cTan Pu Hui\u201d, para incentivar o p&uacute;blico a juntar-se &agrave; causa de redu&ccedil;&atilde;o de emiss&otilde;es de carbono. Al&eacute;m disso, a introdu&ccedil;&atilde;o da \u201cZona de Vida Verde\u201d e da \u201cZona de Projectos Verdes e com Baixo Teor de Carbono\u201d ir&aacute; permitir o lan&ccedil;amento de v&aacute;rios novos produtos equipados de tecnologias ecol&oacute;gicas, assim como a demonstra&ccedil;&atilde;o de destaques como sistemas de tratamento de res&iacute;duos alimentares, utens&iacute;lios de mesa ecol&oacute;gicos e ve&iacute;culos el&eacute;ctricos.<\/p>\n<p style=\"text-align:justify\"><strong>Visitas guiadas &agrave;s comunidades e visitas t&eacute;cnicas alargam o efeito positivo do MIECF<\/strong><\/p>\n<p style=\"text-align:justify\">Com o objectivo de refor&ccedil;ar o conhecimento dos participantes sobre as tecnologias de protec&ccedil;&atilde;o ambiental mais recentes, a entidade organizadora ir&aacute; realizar visitas t&eacute;cnicas no dia 20 de Agosto, onde os participantes s&atilde;o guiados na visita respectivamente &agrave;s instala&ccedil;&otilde;es de recolha de dispositivos electr&oacute;nicos e el&eacute;ctricos e &agrave;s Zonas Ecol&oacute;gicas do Cotai. Paralelamente, a fim de promover a imagem de Macau como um destino ideal para viagens, neg&oacute;cios e conven&ccedil;&otilde;es e exposi&ccedil;&otilde;es, a entidade organizadora ir&aacute; levar os participantes do 2023MIECF a visitarem os estabelecimentos comerciais das comunidades, para dar a conhecer o ambiente cultural e tur&iacute;stico de Macau e potenciar ainda mais o efeito multiplicador de \u201cConven&ccedil;&otilde;es e Exposi&ccedil;&otilde;es + Turismo\u201d.<\/p>\n<p style=\"text-align:justify\">A confer&ecirc;ncia de imprensa contou com a presen&ccedil;a, como convidados, do presidente do Instituto de Promo&ccedil;&atilde;o do Com&eacute;rcio e do Investimento de Macau, Vincent U, do director dos Servi&ccedil;os de Protec&ccedil;&atilde;o Ambiental, Tam Vai Man, do representante da gest&atilde;o de projecto do 2023MIECF, He Haiming, e do representante do empreiteiro geral do 2023MIECF, Lam Chong In.<\/p>\n<div class=\"wp-caption alignnone\">\n                <a href=\"https:\/\/www.gcs.gov.mo\/news\/p\/P23HO55yfF\/l\" data-component=\"Popup\" data-fancybox=\"gallery\" data-caption=\"Confer\u00eancia de imprensa do F\u00f3rum e Exposi\u00e7\u00e3o Internacional de Coopera\u00e7\u00e3o Ambiental de Macau 2023\" data-type=\"image\"><br \/>\n                <img decoding=\"async\" class=\"size-large\" src=\"https:\/\/www.gcs.gov.mo\/news\/p\/P23HO55yfF\/l\" title=\"Confer\u00eancia de imprensa do F\u00f3rum e Exposi\u00e7\u00e3o Internacional de Coopera\u00e7\u00e3o Ambiental de Macau 2023\" alt=\"Confer\u00eancia de imprensa do F\u00f3rum e Exposi\u00e7\u00e3o Internacional de Coopera\u00e7\u00e3o Ambiental de Macau 2023\" width=\"1024\"><br \/>\n                <\/a><\/p>\n<p class=\"wp-caption-text\">Confer\u00eancia de imprensa do F\u00f3rum e Exposi\u00e7\u00e3o Internacional de Coopera\u00e7\u00e3o Ambiental de Macau 2023<\/p>\n<\/p><\/div>\n<div class=\"wp-caption alignnone\">\n                <a href=\"https:\/\/www.gcs.gov.mo\/news\/p\/P23HOUQp58\/l\" data-component=\"Popup\" data-fancybox=\"gallery\" data-caption=\"O F\u00f3rum e Exposi\u00e7\u00e3o Internacional de Coopera\u00e7\u00e3o Ambiental de Macau 2023 ser\u00e1 inaugurado a 17 de Agosto\" data-type=\"image\"><br \/>\n                <img decoding=\"async\" class=\"size-large\" src=\"https:\/\/www.gcs.gov.mo\/news\/p\/P23HOUQp58\/l\" title=\"O F\u00f3rum e Exposi\u00e7\u00e3o Internacional de Coopera\u00e7\u00e3o Ambiental de Macau 2023 ser\u00e1 inaugurado a 17 de Agosto\" alt=\"O F\u00f3rum e Exposi\u00e7\u00e3o Internacional de Coopera\u00e7\u00e3o Ambiental de Macau 2023 ser\u00e1 inaugurado a 17 de Agosto\" width=\"1024\"><br \/>\n                <\/a><\/p>\n<p class=\"wp-caption-text\">O F\u00f3rum e Exposi\u00e7\u00e3o Internacional de Coopera\u00e7\u00e3o Ambiental de Macau 2023 ser\u00e1 inaugurado a 17 de Agosto<\/p>\n<\/p><\/div>\n<div class=\"wp-caption alignnone\">\n                <a href=\"https:\/\/www.gcs.gov.mo\/news\/p\/P23HOhqXS5\/l\" data-component=\"Popup\" data-fancybox=\"gallery\" data-caption=\"O MIECF ir\u00e1 disponibilizar quatro carreiras de autocarros gratuitos\" data-type=\"image\"><br \/>\n                <img decoding=\"async\" class=\"size-large\" src=\"https:\/\/www.gcs.gov.mo\/news\/p\/P23HOhqXS5\/l\" title=\"O MIECF ir\u00e1 disponibilizar quatro carreiras de autocarros gratuitos\" alt=\"O MIECF ir\u00e1 disponibilizar quatro carreiras de autocarros gratuitos\" width=\"1024\"><br \/>\n                <\/a><\/p>\n<p class=\"wp-caption-text\">O MIECF ir\u00e1 disponibilizar quatro carreiras de autocarros gratuitos<\/p>\n<\/p><\/div>\n","protected":false},"excerpt":{"rendered":"<p>O F&oacute;rum e Exposi&ccedil;&atilde;o Internacional de Coopera&ccedil;&atilde;o Ambiental de Macau 2023 (2023MIECF) realiza-se entre os dias 17 e 20 de Agosto no Cotai Expo, The [&hellip;]<\/p>\n","protected":false},"author":1,"featured_media":467868,"comment_status":"closed","ping_status":"closed","sticky":false,"template":"","format":"standard","meta":{"_acf_changed":false,"inline_featured_image":false,"advgb_blocks_editor_width":"","advgb_blocks_columns_visual_guide":"","footnotes":""},"categories":[12],"tags":[],"class_list":["post-435783","post","type-post","status-publish","format-standard","has-post-thumbnail","hentry","category-noticias-do-ipim"],"acf":[],"yoast_head":"<!-- This site is optimized with the Yoast SEO plugin v26.2 - https:\/\/yoast.com\/wordpress\/plugins\/seo\/ -->\r\n<title>[2023\/08\/15] \u3010Inaugura\u00e7\u00e3o em 17 de Agosto\u30112023MIECF promove iniciativas inovadoras em prol da coopera\u00e7\u00e3o na protec\u00e7\u00e3o ambiental | Commerce and Investment Promotion Institute<\/title>\r\n<meta name=\"robots\" content=\"index, follow, max-snippet:-1, max-image-preview:large, max-video-preview:-1\" \/>\r\n<link rel=\"canonical\" href=\"https:\/\/www.ipim.gov.mo\/pt-pt\/noticias-do-ipim\/2023-08-15-\u3010inauguracao-em-17-de-agosto\u30112023miecf-promove-iniciativas-inovadoras-em-prol-da-cooperacao-na-proteccao-ambiental\/\" \/>\r\n<meta property=\"og:locale\" content=\"pt_PT\" \/>\r\n<meta property=\"og:type\" content=\"article\" \/>\r\n<meta property=\"og:title\" content=\"[2023\/08\/15] \u3010Inaugura\u00e7\u00e3o em 17 de Agosto\u30112023MIECF promove iniciativas inovadoras em prol da coopera\u00e7\u00e3o na protec\u00e7\u00e3o ambiental | Commerce and Investment Promotion Institute\" \/>\r\n<meta property=\"og:description\" content=\"O F&oacute;rum e Exposi&ccedil;&atilde;o Internacional de Coopera&ccedil;&atilde;o Ambiental de Macau 2023 (2023MIECF) realiza-se entre os dias 17 e 20 de Agosto no Cotai Expo, The [&hellip;]\" \/>\r\n<meta property=\"og:url\" content=\"https:\/\/www.ipim.gov.mo\/pt-pt\/noticias-do-ipim\/2023-08-15-\u3010inauguracao-em-17-de-agosto\u30112023miecf-promove-iniciativas-inovadoras-em-prol-da-cooperacao-na-proteccao-ambiental\/\" \/>\r\n<meta property=\"og:site_name\" content=\"Commerce and Investment Promotion Institute\" \/>\r\n<meta property=\"article:published_time\" content=\"2023-08-15T09:31:00+00:00\" \/>\r\n<meta property=\"og:image\" content=\"https:\/\/www.ipim.gov.mo\/wp-content\/uploads\/2024\/07\/ipim-post-default.jpg\" \/>\r\n\t<meta property=\"og:image:width\" content=\"1024\" \/>\r\n\t<meta property=\"og:image:height\" content=\"768\" \/>\r\n\t<meta property=\"og:image:type\" content=\"image\/jpeg\" \/>\r\n<meta name=\"author\" content=\"admin\" \/>\r\n<meta name=\"twitter:card\" content=\"summary_large_image\" \/>\r\n<meta name=\"twitter:label1\" content=\"Written by\" \/>\n\t<meta name=\"twitter:data1\" content=\"admin\" \/>\n\t<meta name=\"twitter:label2\" content=\"Est. reading time\" \/>\n\t<meta name=\"twitter:data2\" content=\"14 minutes\" \/>\r\n<script type=\"application\/ld+json\" class=\"yoast-schema-graph\">{\"@context\":\"https:\/\/schema.org\",\"@graph\":[{\"@type\":\"WebPage\",\"@id\":\"https:\/\/www.ipim.gov.mo\/pt-pt\/noticias-do-ipim\/2023-08-15-%e3%80%90inauguracao-em-17-de-agosto%e3%80%912023miecf-promove-iniciativas-inovadoras-em-prol-da-cooperacao-na-proteccao-ambiental\/\",\"url\":\"https:\/\/www.ipim.gov.mo\/pt-pt\/noticias-do-ipim\/2023-08-15-%e3%80%90inauguracao-em-17-de-agosto%e3%80%912023miecf-promove-iniciativas-inovadoras-em-prol-da-cooperacao-na-proteccao-ambiental\/\",\"name\":\"[2023\/08\/15] \u3010Inaugura\u00e7\u00e3o em 17 de Agosto\u30112023MIECF promove iniciativas inovadoras em prol da coopera\u00e7\u00e3o na protec\u00e7\u00e3o ambiental | Commerce and Investment Promotion Institute\",\"isPartOf\":{\"@id\":\"https:\/\/www.ipim.gov.mo\/zh-hans\/#website\"},\"primaryImageOfPage\":{\"@id\":\"https:\/\/www.ipim.gov.mo\/pt-pt\/noticias-do-ipim\/2023-08-15-%e3%80%90inauguracao-em-17-de-agosto%e3%80%912023miecf-promove-iniciativas-inovadoras-em-prol-da-cooperacao-na-proteccao-ambiental\/#primaryimage\"},\"image\":{\"@id\":\"https:\/\/www.ipim.gov.mo\/pt-pt\/noticias-do-ipim\/2023-08-15-%e3%80%90inauguracao-em-17-de-agosto%e3%80%912023miecf-promove-iniciativas-inovadoras-em-prol-da-cooperacao-na-proteccao-ambiental\/#primaryimage\"},\"thumbnailUrl\":\"https:\/\/www.ipim.gov.mo\/wp-content\/uploads\/2024\/07\/ipim-post-default.jpg\",\"datePublished\":\"2023-08-15T09:31:00+00:00\",\"breadcrumb\":{\"@id\":\"https:\/\/www.ipim.gov.mo\/pt-pt\/noticias-do-ipim\/2023-08-15-%e3%80%90inauguracao-em-17-de-agosto%e3%80%912023miecf-promove-iniciativas-inovadoras-em-prol-da-cooperacao-na-proteccao-ambiental\/#breadcrumb\"},\"inLanguage\":\"pt-PT\",\"potentialAction\":[{\"@type\":\"ReadAction\",\"target\":[\"https:\/\/www.ipim.gov.mo\/pt-pt\/noticias-do-ipim\/2023-08-15-%e3%80%90inauguracao-em-17-de-agosto%e3%80%912023miecf-promove-iniciativas-inovadoras-em-prol-da-cooperacao-na-proteccao-ambiental\/\"]}]},{\"@type\":\"ImageObject\",\"inLanguage\":\"pt-PT\",\"@id\":\"https:\/\/www.ipim.gov.mo\/pt-pt\/noticias-do-ipim\/2023-08-15-%e3%80%90inauguracao-em-17-de-agosto%e3%80%912023miecf-promove-iniciativas-inovadoras-em-prol-da-cooperacao-na-proteccao-ambiental\/#primaryimage\",\"url\":\"https:\/\/www.ipim.gov.mo\/wp-content\/uploads\/2024\/07\/ipim-post-default.jpg\",\"contentUrl\":\"https:\/\/www.ipim.gov.mo\/wp-content\/uploads\/2024\/07\/ipim-post-default.jpg\",\"width\":1024,\"height\":768},{\"@type\":\"BreadcrumbList\",\"@id\":\"https:\/\/www.ipim.gov.mo\/pt-pt\/noticias-do-ipim\/2023-08-15-%e3%80%90inauguracao-em-17-de-agosto%e3%80%912023miecf-promove-iniciativas-inovadoras-em-prol-da-cooperacao-na-proteccao-ambiental\/#breadcrumb\",\"itemListElement\":[{\"@type\":\"ListItem\",\"position\":1,\"name\":\"Home\",\"item\":\"https:\/\/www.ipim.gov.mo\/pt-pt\/\"},{\"@type\":\"ListItem\",\"position\":2,\"name\":\"[2023\/08\/15] \u3010Inaugura\u00e7\u00e3o em 17 de Agosto\u30112023MIECF promove iniciativas inovadoras em prol da coopera\u00e7\u00e3o na protec\u00e7\u00e3o ambiental\"}]},{\"@type\":\"WebSite\",\"@id\":\"https:\/\/www.ipim.gov.mo\/zh-hans\/#website\",\"url\":\"https:\/\/www.ipim.gov.mo\/zh-hans\/\",\"name\":\"Commerce and Investment Promotion Institute\",\"description\":\"Commerce and Investment Promotion Institute\",\"publisher\":{\"@id\":\"https:\/\/www.ipim.gov.mo\/zh-hans\/#organization\"},\"potentialAction\":[{\"@type\":\"SearchAction\",\"target\":{\"@type\":\"EntryPoint\",\"urlTemplate\":\"https:\/\/www.ipim.gov.mo\/zh-hans\/?s={search_term_string}\"},\"query-input\":{\"@type\":\"PropertyValueSpecification\",\"valueRequired\":true,\"valueName\":\"search_term_string\"}}],\"inLanguage\":\"pt-PT\"},{\"@type\":\"Organization\",\"@id\":\"https:\/\/www.ipim.gov.mo\/zh-hans\/#organization\",\"name\":\"IPIM\",\"url\":\"https:\/\/www.ipim.gov.mo\/zh-hans\/\",\"logo\":{\"@type\":\"ImageObject\",\"inLanguage\":\"pt-PT\",\"@id\":\"https:\/\/www.ipim.gov.mo\/zh-hans\/#\/schema\/logo\/image\/\",\"url\":\"https:\/\/www.ipim.gov.mo\/wp-content\/uploads\/2022\/10\/default-post-thumbnail-ipim-logo.png\",\"contentUrl\":\"https:\/\/www.ipim.gov.mo\/wp-content\/uploads\/2022\/10\/default-post-thumbnail-ipim-logo.png\",\"width\":1024,\"height\":768,\"caption\":\"IPIM\"},\"image\":{\"@id\":\"https:\/\/www.ipim.gov.mo\/zh-hans\/#\/schema\/logo\/image\/\"}}]}<\/script>\r\n<!-- \/ Yoast SEO plugin. -->","yoast_head_json":{"title":"[2023\/08\/15] \u3010Inaugura\u00e7\u00e3o em 17 de Agosto\u30112023MIECF promove iniciativas inovadoras em prol da coopera\u00e7\u00e3o na protec\u00e7\u00e3o ambiental | Commerce and Investment Promotion Institute","robots":{"index":"index","follow":"follow","max-snippet":"max-snippet:-1","max-image-preview":"max-image-preview:large","max-video-preview":"max-video-preview:-1"},"canonical":"https:\/\/www.ipim.gov.mo\/pt-pt\/noticias-do-ipim\/2023-08-15-\u3010inauguracao-em-17-de-agosto\u30112023miecf-promove-iniciativas-inovadoras-em-prol-da-cooperacao-na-proteccao-ambiental\/","og_locale":"pt_PT","og_type":"article","og_title":"[2023\/08\/15] \u3010Inaugura\u00e7\u00e3o em 17 de Agosto\u30112023MIECF promove iniciativas inovadoras em prol da coopera\u00e7\u00e3o na protec\u00e7\u00e3o ambiental | Commerce and Investment Promotion Institute","og_description":"O F&oacute;rum e Exposi&ccedil;&atilde;o Internacional de Coopera&ccedil;&atilde;o Ambiental de Macau 2023 (2023MIECF) realiza-se entre os dias 17 e 20 de Agosto no Cotai Expo, The [&hellip;]","og_url":"https:\/\/www.ipim.gov.mo\/pt-pt\/noticias-do-ipim\/2023-08-15-\u3010inauguracao-em-17-de-agosto\u30112023miecf-promove-iniciativas-inovadoras-em-prol-da-cooperacao-na-proteccao-ambiental\/","og_site_name":"Commerce and Investment Promotion Institute","article_published_time":"2023-08-15T09:31:00+00:00","og_image":[{"width":1024,"height":768,"url":"https:\/\/www.ipim.gov.mo\/wp-content\/uploads\/2024\/07\/ipim-post-default.jpg","type":"image\/jpeg"}],"author":"admin","twitter_card":"summary_large_image","twitter_misc":{"Written by":"admin","Est. reading time":"14 minutes"},"schema":{"@context":"https:\/\/schema.org","@graph":[{"@type":"WebPage","@id":"https:\/\/www.ipim.gov.mo\/pt-pt\/noticias-do-ipim\/2023-08-15-%e3%80%90inauguracao-em-17-de-agosto%e3%80%912023miecf-promove-iniciativas-inovadoras-em-prol-da-cooperacao-na-proteccao-ambiental\/","url":"https:\/\/www.ipim.gov.mo\/pt-pt\/noticias-do-ipim\/2023-08-15-%e3%80%90inauguracao-em-17-de-agosto%e3%80%912023miecf-promove-iniciativas-inovadoras-em-prol-da-cooperacao-na-proteccao-ambiental\/","name":"[2023\/08\/15] \u3010Inaugura\u00e7\u00e3o em 17 de Agosto\u30112023MIECF promove iniciativas inovadoras em prol da coopera\u00e7\u00e3o na protec\u00e7\u00e3o ambiental | Commerce and Investment Promotion Institute","isPartOf":{"@id":"https:\/\/www.ipim.gov.mo\/zh-hans\/#website"},"primaryImageOfPage":{"@id":"https:\/\/www.ipim.gov.mo\/pt-pt\/noticias-do-ipim\/2023-08-15-%e3%80%90inauguracao-em-17-de-agosto%e3%80%912023miecf-promove-iniciativas-inovadoras-em-prol-da-cooperacao-na-proteccao-ambiental\/#primaryimage"},"image":{"@id":"https:\/\/www.ipim.gov.mo\/pt-pt\/noticias-do-ipim\/2023-08-15-%e3%80%90inauguracao-em-17-de-agosto%e3%80%912023miecf-promove-iniciativas-inovadoras-em-prol-da-cooperacao-na-proteccao-ambiental\/#primaryimage"},"thumbnailUrl":"https:\/\/www.ipim.gov.mo\/wp-content\/uploads\/2024\/07\/ipim-post-default.jpg","datePublished":"2023-08-15T09:31:00+00:00","breadcrumb":{"@id":"https:\/\/www.ipim.gov.mo\/pt-pt\/noticias-do-ipim\/2023-08-15-%e3%80%90inauguracao-em-17-de-agosto%e3%80%912023miecf-promove-iniciativas-inovadoras-em-prol-da-cooperacao-na-proteccao-ambiental\/#breadcrumb"},"inLanguage":"pt-PT","potentialAction":[{"@type":"ReadAction","target":["https:\/\/www.ipim.gov.mo\/pt-pt\/noticias-do-ipim\/2023-08-15-%e3%80%90inauguracao-em-17-de-agosto%e3%80%912023miecf-promove-iniciativas-inovadoras-em-prol-da-cooperacao-na-proteccao-ambiental\/"]}]},{"@type":"ImageObject","inLanguage":"pt-PT","@id":"https:\/\/www.ipim.gov.mo\/pt-pt\/noticias-do-ipim\/2023-08-15-%e3%80%90inauguracao-em-17-de-agosto%e3%80%912023miecf-promove-iniciativas-inovadoras-em-prol-da-cooperacao-na-proteccao-ambiental\/#primaryimage","url":"https:\/\/www.ipim.gov.mo\/wp-content\/uploads\/2024\/07\/ipim-post-default.jpg","contentUrl":"https:\/\/www.ipim.gov.mo\/wp-content\/uploads\/2024\/07\/ipim-post-default.jpg","width":1024,"height":768},{"@type":"BreadcrumbList","@id":"https:\/\/www.ipim.gov.mo\/pt-pt\/noticias-do-ipim\/2023-08-15-%e3%80%90inauguracao-em-17-de-agosto%e3%80%912023miecf-promove-iniciativas-inovadoras-em-prol-da-cooperacao-na-proteccao-ambiental\/#breadcrumb","itemListElement":[{"@type":"ListItem","position":1,"name":"Home","item":"https:\/\/www.ipim.gov.mo\/pt-pt\/"},{"@type":"ListItem","position":2,"name":"[2023\/08\/15] \u3010Inaugura\u00e7\u00e3o em 17 de Agosto\u30112023MIECF promove iniciativas inovadoras em prol da coopera\u00e7\u00e3o na protec\u00e7\u00e3o ambiental"}]},{"@type":"WebSite","@id":"https:\/\/www.ipim.gov.mo\/zh-hans\/#website","url":"https:\/\/www.ipim.gov.mo\/zh-hans\/","name":"Commerce and Investment Promotion Institute","description":"Commerce and Investment Promotion Institute","publisher":{"@id":"https:\/\/www.ipim.gov.mo\/zh-hans\/#organization"},"potentialAction":[{"@type":"SearchAction","target":{"@type":"EntryPoint","urlTemplate":"https:\/\/www.ipim.gov.mo\/zh-hans\/?s={search_term_string}"},"query-input":{"@type":"PropertyValueSpecification","valueRequired":true,"valueName":"search_term_string"}}],"inLanguage":"pt-PT"},{"@type":"Organization","@id":"https:\/\/www.ipim.gov.mo\/zh-hans\/#organization","name":"IPIM","url":"https:\/\/www.ipim.gov.mo\/zh-hans\/","logo":{"@type":"ImageObject","inLanguage":"pt-PT","@id":"https:\/\/www.ipim.gov.mo\/zh-hans\/#\/schema\/logo\/image\/","url":"https:\/\/www.ipim.gov.mo\/wp-content\/uploads\/2022\/10\/default-post-thumbnail-ipim-logo.png","contentUrl":"https:\/\/www.ipim.gov.mo\/wp-content\/uploads\/2022\/10\/default-post-thumbnail-ipim-logo.png","width":1024,"height":768,"caption":"IPIM"},"image":{"@id":"https:\/\/www.ipim.gov.mo\/zh-hans\/#\/schema\/logo\/image\/"}}]}},"author_meta":{"display_name":"admin","author_link":"https:\/\/www.ipim.gov.mo\/pt-pt\/author\/admin\/"},"featured_img":"https:\/\/www.ipim.gov.mo\/wp-content\/uploads\/2024\/07\/ipim-post-default-300x225.jpg","coauthors":[],"tax_additional":{"categories":{"linked":["<a href=\"https:\/\/www.ipim.gov.mo\/pt-pt\/category\/noticias-do-ipim\/\" class=\"advgb-post-tax-term\">Not\u00edcias do IPIM<\/a>"],"unlinked":["<span class=\"advgb-post-tax-term\">Not\u00edcias do IPIM<\/span>"]}},"comment_count":"0","relative_dates":{"created":"Posted 3 years ago","modified":"Updated 3 years ago"},"absolute_dates":{"created":"Posted on Agosto 15, 2023","modified":"Updated on Agosto 15, 2023"},"absolute_dates_time":{"created":"Posted on Agosto 15, 2023 5:31 pm","modified":"Updated on Agosto 15, 2023 5:31 pm"},"featured_img_caption":"","series_order":"","_links":{"self":[{"href":"https:\/\/www.ipim.gov.mo\/pt-pt\/wp-json\/wp\/v2\/posts\/435783","targetHints":{"allow":["GET"]}}],"collection":[{"href":"https:\/\/www.ipim.gov.mo\/pt-pt\/wp-json\/wp\/v2\/posts"}],"about":[{"href":"https:\/\/www.ipim.gov.mo\/pt-pt\/wp-json\/wp\/v2\/types\/post"}],"author":[{"embeddable":true,"href":"https:\/\/www.ipim.gov.mo\/pt-pt\/wp-json\/wp\/v2\/users\/1"}],"replies":[{"embeddable":true,"href":"https:\/\/www.ipim.gov.mo\/pt-pt\/wp-json\/wp\/v2\/comments?post=435783"}],"version-history":[{"count":0,"href":"https:\/\/www.ipim.gov.mo\/pt-pt\/wp-json\/wp\/v2\/posts\/435783\/revisions"}],"wp:featuredmedia":[{"embeddable":true,"href":"https:\/\/www.ipim.gov.mo\/pt-pt\/wp-json\/wp\/v2\/media\/467868"}],"wp:attachment":[{"href":"https:\/\/www.ipim.gov.mo\/pt-pt\/wp-json\/wp\/v2\/media?parent=435783"}],"wp:term":[{"taxonomy":"category","embeddable":true,"href":"https:\/\/www.ipim.gov.mo\/pt-pt\/wp-json\/wp\/v2\/categories?post=435783"},{"taxonomy":"post_tag","embeddable":true,"href":"https:\/\/www.ipim.gov.mo\/pt-pt\/wp-json\/wp\/v2\/tags?post=435783"}],"curies":[{"name":"wp","href":"https:\/\/api.w.org\/{rel}","templated":true}]}}