{"id":435649,"date":"2023-08-13T10:00:00","date_gmt":"2023-08-13T02:00:00","guid":{"rendered":"https:\/\/www.ipim.gov.mo\/noticias-do-ipim\/2023-08-14-explorar-oportunidades-de-negocios-de-proteccao-ambiental-bolsas-de-contacto-verdes-do-2023miecf-promovem-o-intercambio-e-a-cooperacao-na-proteccao-ambiental-internacional\/"},"modified":"2023-08-13T10:00:00","modified_gmt":"2023-08-13T02:00:00","slug":"2023-08-14-explorar-oportunidades-de-negocios-de-proteccao-ambiental-bolsas-de-contacto-verdes-do-2023miecf-promovem-o-intercambio-e-a-cooperacao-na-proteccao-ambiental-internacional","status":"publish","type":"post","link":"https:\/\/www.ipim.gov.mo\/pt-pt\/noticias-do-ipim\/2023-08-14-explorar-oportunidades-de-negocios-de-proteccao-ambiental-bolsas-de-contacto-verdes-do-2023miecf-promovem-o-intercambio-e-a-cooperacao-na-proteccao-ambiental-internacional\/","title":{"rendered":"[2023\/08\/13] [Explorar oportunidades de neg\u00f3cios de protec\u00e7\u00e3o ambiental] Bolsas de Contacto Verdes do 2023MIECF promovem o interc\u00e2mbio e a coopera\u00e7\u00e3o na protec\u00e7\u00e3o ambiental internacional"},"content":{"rendered":"<p style=\"text-align:justify\">Com o objectivo de promover a coopera&ccedil;&atilde;o ambiental, de ajudar as empresas na transforma&ccedil;&atilde;o verde de baixo carbono e de alargar o amplo palco de neg&oacute;cios verdes, o F&oacute;rum e Exposi&ccedil;&atilde;o Internacional de Coopera&ccedil;&atilde;o Ambiental de Macau (MIECF) tem vindo a ajudar os comerciantes participantes em conven&ccedil;&otilde;es e exposi&ccedil;&otilde;es de todo o mundo a aproveitar novas oportunidades de coopera&ccedil;&atilde;o ambiental atrav&eacute;s de servi&ccedil;os como Bolsas de Contacto Verdes.<\/p>\n<p style=\"text-align:justify\"><strong>V&aacute;rias sess&otilde;es de bolsas de contacto tem&aacute;ticas para promover a coopera&ccedil;&atilde;o ambiental em m&uacute;ltiplas &aacute;reas<\/strong><\/p>\n<p style=\"text-align:justify\">Durante o 2023MIECF, ser&atilde;o convidadas associa&ccedil;&otilde;es comerciais de dentro e fora do territ&oacute;rio e organizar-se-&atilde;o v&aacute;rias sess&otilde;es de bolsas de contacto tem&aacute;ticas, abrangendo temas como coopera&ccedil;&atilde;o de protec&ccedil;&atilde;o ambiental entre os governos de Macau e de Hengqin, emparelhamento de projectos verdes sustent&aacute;veis, grandes empresas integradas de turismo e lazer, finan&ccedil;as verdes, Pa&iacute;ses de L&iacute;ngua Portuguesa, entre outros. O objectivo passa por realizar contactos e encontros personalizados, com vista a aproveitar plenamente a plataforma verde do MIECF, para promover o interc&acirc;mbio e a coopera&ccedil;&atilde;o internacional em mat&eacute;ria de protec&ccedil;&atilde;o ambiental.<\/p>\n<p style=\"text-align:justify\">Os comerciantes participantes interessados em participar nas Bolsas de Contacto Verdes podem ler o c&oacute;digo QR no cartaz anexado ou aceder a https:\/\/www.macaomiecf.com\/miecf2023\/event\/green_matching, para se inscreverem e indicarem as respectivas prefer&ecirc;ncias. O evento ir&aacute; programar encontros e negocia&ccedil;&otilde;es no local, de acordo com as inten&ccedil;&otilde;es dos comerciantes participantes no que toca a procurar parceiros adequados. O MIECF fornecer&aacute; interpreta&ccedil;&atilde;o profissional no local. Haver&aacute; tamb&eacute;m funcion&aacute;rios no local &nbsp;da Zona de Bolsas de Contacto Verdes, para providenciar consultas sobre correspond&ecirc;ncia comercial e outros servi&ccedil;os de apoio, pelo que os participantes poder&atilde;o contar com os funcion&aacute;rios no evento.<\/p>\n<p style=\"text-align:justify\"><strong>Actividades paralelas sob tema de \u201c1+4\u201d em prol de um desenvolvimento verde e diversificado em conjunto<\/strong><\/p>\n<p style=\"text-align:justify\">Em articula&ccedil;&atilde;o com a estrat&eacute;gia de desenvolvimento da diversifica&ccedil;&atilde;o adequada \u201c1+4\u201d do Governo da RAEM, o MIECF deste ano realizar&aacute; uma s&eacute;rie de actividades paralelas, incluindo f&oacute;runs, semin&aacute;rios e cerim&oacute;nias de entrega de pr&eacute;mios, abrangendo temas como <em>big health<\/em> no &acirc;mbito de medicina tradicional chinesa, hotelaria verde, desenvolvimento de neutralidade carb&oacute;nica, finan&ccedil;as verdes, intelig&ecirc;ncia artificial, entre outros. Isto permitir&aacute; que os participantes tenham uma compreens&atilde;o mais profunda das &uacute;ltimas tend&ecirc;ncias do desenvolvimento &nbsp;sustent&aacute;vel nos seus respectivos dom&iacute;nios e que aproveitem as oportunidades de investimento no mercado internacional de protec&ccedil;&atilde;o ambiental, o que, ao mesmo tempo, ajudar&aacute; a expandir ainda mais a efic&aacute;cia do evento e a aumentar a sua influ&ecirc;ncia na lideran&ccedil;a do desenvolvimento da ind&uacute;stria.<\/p>\n<p style=\"text-align:justify\"><strong>V&aacute;rios f&oacute;runs a serem realizados em Hengqin<\/strong><\/p>\n<p style=\"text-align:justify\">Al&eacute;m disso, com a finalidade de implementar e promover a coopera&ccedil;&atilde;o de \u201cUm Evento, Dois Locais\u201d entre Macau e Hengqin, ser&atilde;o realizados f&oacute;runs pela primeira vez durante o 2023MIECF nos dois locais, para refor&ccedil;ar a inter-conectividade e os benef&iacute;cios m&uacute;tuos dos recursos dos dois locais, ressaltando o efeito sin&eacute;rgico. Em paralelo, a delega&ccedil;&atilde;o do Pan-Delta do Rio das P&eacute;rolas participante &nbsp;realizar&aacute; visitas de estudo e bolsas de contacto no dom&iacute;nio da protec&ccedil;&atilde;o ambiental na Zona de Coopera&ccedil;&atilde;o Aprofundada entre Guangdong e Macau em Hengqin.<\/p>\n<p style=\"text-align:justify\">O 2023MIECF, organizado pelo Governo da RAEM, &nbsp;realiza-se de 17 a 20 de Agosto de 2023 (quinta-feira a domingo) sob o tema principal \u201cIniciativas Inovadoras para a Constru&ccedil;&atilde;o de uma Civiliza&ccedil;&atilde;o Ecol&oacute;gica\u201d, visando estimular o interc&acirc;mbio e a coopera&ccedil;&atilde;o internacional no dom&iacute;nio da protec&ccedil;&atilde;o ambiental entre as entidades governamentais, industriais, acad&eacute;micas, de investiga&ccedil;&atilde;o, de consumidores e financeiras.<\/p>\n<div class=\"wp-caption alignnone\">\n                <a href=\"https:\/\/www.gcs.gov.mo\/news\/p\/P23HLvS4pW\/l\" data-component=\"Popup\" data-fancybox=\"gallery\" data-caption=\"As inscri\u00e7\u00f5es para as Bolsas de Contacto Verdes j\u00e1 est\u00e3o dispon\u00edveis\" data-type=\"image\"><br \/>\n                <img decoding=\"async\" class=\"size-large\" src=\"https:\/\/www.gcs.gov.mo\/news\/p\/P23HLvS4pW\/l\" title=\"As inscri\u00e7\u00f5es para as Bolsas de Contacto Verdes j\u00e1 est\u00e3o dispon\u00edveis\" alt=\"As inscri\u00e7\u00f5es para as Bolsas de Contacto Verdes j\u00e1 est\u00e3o dispon\u00edveis\" width=\"1024\"><br \/>\n                <\/a><\/p>\n<p class=\"wp-caption-text\">As inscri\u00e7\u00f5es para as Bolsas de Contacto Verdes j\u00e1 est\u00e3o dispon\u00edveis<\/p>\n<\/p><\/div>\n<div class=\"wp-caption alignnone\">\n                <a href=\"https:\/\/www.gcs.gov.mo\/news\/p\/P23HLWUloV\/l\" data-component=\"Popup\" data-fancybox=\"gallery\" data-caption=\"O MIECF ajuda os expositores e os comerciantes participantes de dentro e fora do pa\u00eds a conectar-se em busca de oportunidades de neg\u00f3cios da protec\u00e7\u00e3o ambiental internacional\" data-type=\"image\"><br \/>\n                <img decoding=\"async\" class=\"size-large\" src=\"https:\/\/www.gcs.gov.mo\/news\/p\/P23HLWUloV\/l\" title=\"O MIECF ajuda os expositores e os comerciantes participantes de dentro e fora do pa\u00eds a conectar-se em busca de oportunidades de neg\u00f3cios da protec\u00e7\u00e3o ambiental internacional\" alt=\"O MIECF ajuda os expositores e os comerciantes participantes de dentro e fora do pa\u00eds a conectar-se em busca de oportunidades de neg\u00f3cios da protec\u00e7\u00e3o ambiental internacional\" width=\"1024\"><br \/>\n                <\/a><\/p>\n<p class=\"wp-caption-text\">O MIECF ajuda os expositores e os comerciantes participantes de dentro e fora do pa\u00eds a conectar-se em busca de oportunidades de neg\u00f3cios da protec\u00e7\u00e3o ambiental internacional<\/p>\n<\/p><\/div>\n","protected":false},"excerpt":{"rendered":"<p>Com o objectivo de promover a coopera&ccedil;&atilde;o ambiental, de ajudar as empresas na transforma&ccedil;&atilde;o verde de baixo carbono e de alargar o amplo palco de [&hellip;]<\/p>\n","protected":false},"author":1,"featured_media":467868,"comment_status":"closed","ping_status":"closed","sticky":false,"template":"","format":"standard","meta":{"_acf_changed":false,"inline_featured_image":false,"advgb_blocks_editor_width":"","advgb_blocks_columns_visual_guide":"","footnotes":""},"categories":[12],"tags":[],"class_list":["post-435649","post","type-post","status-publish","format-standard","has-post-thumbnail","hentry","category-noticias-do-ipim"],"acf":[],"yoast_head":"<!-- This site is optimized with the Yoast SEO plugin v26.2 - https:\/\/yoast.com\/wordpress\/plugins\/seo\/ -->\r\n<title>[2023\/08\/13] [Explorar oportunidades de neg\u00f3cios de protec\u00e7\u00e3o ambiental] Bolsas de Contacto Verdes do 2023MIECF promovem o interc\u00e2mbio e a coopera\u00e7\u00e3o na protec\u00e7\u00e3o ambiental internacional | Commerce and Investment Promotion Institute<\/title>\r\n<meta name=\"robots\" content=\"index, follow, max-snippet:-1, max-image-preview:large, max-video-preview:-1\" \/>\r\n<link rel=\"canonical\" href=\"https:\/\/www.ipim.gov.mo\/pt-pt\/noticias-do-ipim\/2023-08-14-explorar-oportunidades-de-negocios-de-proteccao-ambiental-bolsas-de-contacto-verdes-do-2023miecf-promovem-o-intercambio-e-a-cooperacao-na-proteccao-ambiental-internacional\/\" \/>\r\n<meta property=\"og:locale\" content=\"pt_PT\" \/>\r\n<meta property=\"og:type\" content=\"article\" \/>\r\n<meta property=\"og:title\" content=\"[2023\/08\/13] [Explorar oportunidades de neg\u00f3cios de protec\u00e7\u00e3o ambiental] Bolsas de Contacto Verdes do 2023MIECF promovem o interc\u00e2mbio e a coopera\u00e7\u00e3o na protec\u00e7\u00e3o ambiental internacional | Commerce and Investment Promotion Institute\" \/>\r\n<meta property=\"og:description\" content=\"Com o objectivo de promover a coopera&ccedil;&atilde;o ambiental, de ajudar as empresas na transforma&ccedil;&atilde;o verde de baixo carbono e de alargar o amplo palco de [&hellip;]\" \/>\r\n<meta property=\"og:url\" content=\"https:\/\/www.ipim.gov.mo\/pt-pt\/noticias-do-ipim\/2023-08-14-explorar-oportunidades-de-negocios-de-proteccao-ambiental-bolsas-de-contacto-verdes-do-2023miecf-promovem-o-intercambio-e-a-cooperacao-na-proteccao-ambiental-internacional\/\" \/>\r\n<meta property=\"og:site_name\" content=\"Commerce and Investment Promotion Institute\" \/>\r\n<meta property=\"article:published_time\" content=\"2023-08-13T02:00:00+00:00\" \/>\r\n<meta property=\"og:image\" content=\"https:\/\/www.ipim.gov.mo\/wp-content\/uploads\/2024\/07\/ipim-post-default.jpg\" \/>\r\n\t<meta property=\"og:image:width\" content=\"1024\" \/>\r\n\t<meta property=\"og:image:height\" content=\"768\" \/>\r\n\t<meta property=\"og:image:type\" content=\"image\/jpeg\" \/>\r\n<meta name=\"author\" content=\"admin\" \/>\r\n<meta name=\"twitter:card\" content=\"summary_large_image\" \/>\r\n<meta name=\"twitter:label1\" content=\"Written by\" \/>\n\t<meta name=\"twitter:data1\" content=\"admin\" \/>\n\t<meta name=\"twitter:label2\" content=\"Est. reading time\" \/>\n\t<meta name=\"twitter:data2\" content=\"4 minutes\" \/>\r\n<script type=\"application\/ld+json\" class=\"yoast-schema-graph\">{\"@context\":\"https:\/\/schema.org\",\"@graph\":[{\"@type\":\"WebPage\",\"@id\":\"https:\/\/www.ipim.gov.mo\/pt-pt\/noticias-do-ipim\/2023-08-14-explorar-oportunidades-de-negocios-de-proteccao-ambiental-bolsas-de-contacto-verdes-do-2023miecf-promovem-o-intercambio-e-a-cooperacao-na-proteccao-ambiental-internacional\/\",\"url\":\"https:\/\/www.ipim.gov.mo\/pt-pt\/noticias-do-ipim\/2023-08-14-explorar-oportunidades-de-negocios-de-proteccao-ambiental-bolsas-de-contacto-verdes-do-2023miecf-promovem-o-intercambio-e-a-cooperacao-na-proteccao-ambiental-internacional\/\",\"name\":\"[2023\/08\/13] [Explorar oportunidades de neg\u00f3cios de protec\u00e7\u00e3o ambiental] Bolsas de Contacto Verdes do 2023MIECF promovem o interc\u00e2mbio e a coopera\u00e7\u00e3o na protec\u00e7\u00e3o ambiental internacional | Commerce and Investment Promotion Institute\",\"isPartOf\":{\"@id\":\"https:\/\/www.ipim.gov.mo\/zh-hans\/#website\"},\"primaryImageOfPage\":{\"@id\":\"https:\/\/www.ipim.gov.mo\/pt-pt\/noticias-do-ipim\/2023-08-14-explorar-oportunidades-de-negocios-de-proteccao-ambiental-bolsas-de-contacto-verdes-do-2023miecf-promovem-o-intercambio-e-a-cooperacao-na-proteccao-ambiental-internacional\/#primaryimage\"},\"image\":{\"@id\":\"https:\/\/www.ipim.gov.mo\/pt-pt\/noticias-do-ipim\/2023-08-14-explorar-oportunidades-de-negocios-de-proteccao-ambiental-bolsas-de-contacto-verdes-do-2023miecf-promovem-o-intercambio-e-a-cooperacao-na-proteccao-ambiental-internacional\/#primaryimage\"},\"thumbnailUrl\":\"https:\/\/www.ipim.gov.mo\/wp-content\/uploads\/2024\/07\/ipim-post-default.jpg\",\"datePublished\":\"2023-08-13T02:00:00+00:00\",\"breadcrumb\":{\"@id\":\"https:\/\/www.ipim.gov.mo\/pt-pt\/noticias-do-ipim\/2023-08-14-explorar-oportunidades-de-negocios-de-proteccao-ambiental-bolsas-de-contacto-verdes-do-2023miecf-promovem-o-intercambio-e-a-cooperacao-na-proteccao-ambiental-internacional\/#breadcrumb\"},\"inLanguage\":\"pt-PT\",\"potentialAction\":[{\"@type\":\"ReadAction\",\"target\":[\"https:\/\/www.ipim.gov.mo\/pt-pt\/noticias-do-ipim\/2023-08-14-explorar-oportunidades-de-negocios-de-proteccao-ambiental-bolsas-de-contacto-verdes-do-2023miecf-promovem-o-intercambio-e-a-cooperacao-na-proteccao-ambiental-internacional\/\"]}]},{\"@type\":\"ImageObject\",\"inLanguage\":\"pt-PT\",\"@id\":\"https:\/\/www.ipim.gov.mo\/pt-pt\/noticias-do-ipim\/2023-08-14-explorar-oportunidades-de-negocios-de-proteccao-ambiental-bolsas-de-contacto-verdes-do-2023miecf-promovem-o-intercambio-e-a-cooperacao-na-proteccao-ambiental-internacional\/#primaryimage\",\"url\":\"https:\/\/www.ipim.gov.mo\/wp-content\/uploads\/2024\/07\/ipim-post-default.jpg\",\"contentUrl\":\"https:\/\/www.ipim.gov.mo\/wp-content\/uploads\/2024\/07\/ipim-post-default.jpg\",\"width\":1024,\"height\":768},{\"@type\":\"BreadcrumbList\",\"@id\":\"https:\/\/www.ipim.gov.mo\/pt-pt\/noticias-do-ipim\/2023-08-14-explorar-oportunidades-de-negocios-de-proteccao-ambiental-bolsas-de-contacto-verdes-do-2023miecf-promovem-o-intercambio-e-a-cooperacao-na-proteccao-ambiental-internacional\/#breadcrumb\",\"itemListElement\":[{\"@type\":\"ListItem\",\"position\":1,\"name\":\"Home\",\"item\":\"https:\/\/www.ipim.gov.mo\/pt-pt\/\"},{\"@type\":\"ListItem\",\"position\":2,\"name\":\"[2023\/08\/13] [Explorar oportunidades de neg\u00f3cios de protec\u00e7\u00e3o ambiental] Bolsas de Contacto Verdes do 2023MIECF promovem o interc\u00e2mbio e a coopera\u00e7\u00e3o na protec\u00e7\u00e3o ambiental internacional\"}]},{\"@type\":\"WebSite\",\"@id\":\"https:\/\/www.ipim.gov.mo\/zh-hans\/#website\",\"url\":\"https:\/\/www.ipim.gov.mo\/zh-hans\/\",\"name\":\"Commerce and Investment Promotion Institute\",\"description\":\"Commerce and Investment Promotion Institute\",\"publisher\":{\"@id\":\"https:\/\/www.ipim.gov.mo\/zh-hans\/#organization\"},\"potentialAction\":[{\"@type\":\"SearchAction\",\"target\":{\"@type\":\"EntryPoint\",\"urlTemplate\":\"https:\/\/www.ipim.gov.mo\/zh-hans\/?s={search_term_string}\"},\"query-input\":{\"@type\":\"PropertyValueSpecification\",\"valueRequired\":true,\"valueName\":\"search_term_string\"}}],\"inLanguage\":\"pt-PT\"},{\"@type\":\"Organization\",\"@id\":\"https:\/\/www.ipim.gov.mo\/zh-hans\/#organization\",\"name\":\"IPIM\",\"url\":\"https:\/\/www.ipim.gov.mo\/zh-hans\/\",\"logo\":{\"@type\":\"ImageObject\",\"inLanguage\":\"pt-PT\",\"@id\":\"https:\/\/www.ipim.gov.mo\/zh-hans\/#\/schema\/logo\/image\/\",\"url\":\"https:\/\/www.ipim.gov.mo\/wp-content\/uploads\/2022\/10\/default-post-thumbnail-ipim-logo.png\",\"contentUrl\":\"https:\/\/www.ipim.gov.mo\/wp-content\/uploads\/2022\/10\/default-post-thumbnail-ipim-logo.png\",\"width\":1024,\"height\":768,\"caption\":\"IPIM\"},\"image\":{\"@id\":\"https:\/\/www.ipim.gov.mo\/zh-hans\/#\/schema\/logo\/image\/\"}}]}<\/script>\r\n<!-- \/ Yoast SEO plugin. -->","yoast_head_json":{"title":"[2023\/08\/13] [Explorar oportunidades de neg\u00f3cios de protec\u00e7\u00e3o ambiental] Bolsas de Contacto Verdes do 2023MIECF promovem o interc\u00e2mbio e a coopera\u00e7\u00e3o na protec\u00e7\u00e3o ambiental internacional | Commerce and Investment Promotion Institute","robots":{"index":"index","follow":"follow","max-snippet":"max-snippet:-1","max-image-preview":"max-image-preview:large","max-video-preview":"max-video-preview:-1"},"canonical":"https:\/\/www.ipim.gov.mo\/pt-pt\/noticias-do-ipim\/2023-08-14-explorar-oportunidades-de-negocios-de-proteccao-ambiental-bolsas-de-contacto-verdes-do-2023miecf-promovem-o-intercambio-e-a-cooperacao-na-proteccao-ambiental-internacional\/","og_locale":"pt_PT","og_type":"article","og_title":"[2023\/08\/13] [Explorar oportunidades de neg\u00f3cios de protec\u00e7\u00e3o ambiental] Bolsas de Contacto Verdes do 2023MIECF promovem o interc\u00e2mbio e a coopera\u00e7\u00e3o na protec\u00e7\u00e3o ambiental internacional | Commerce and Investment Promotion Institute","og_description":"Com o objectivo de promover a coopera&ccedil;&atilde;o ambiental, de ajudar as empresas na transforma&ccedil;&atilde;o verde de baixo carbono e de alargar o amplo palco de [&hellip;]","og_url":"https:\/\/www.ipim.gov.mo\/pt-pt\/noticias-do-ipim\/2023-08-14-explorar-oportunidades-de-negocios-de-proteccao-ambiental-bolsas-de-contacto-verdes-do-2023miecf-promovem-o-intercambio-e-a-cooperacao-na-proteccao-ambiental-internacional\/","og_site_name":"Commerce and Investment Promotion Institute","article_published_time":"2023-08-13T02:00:00+00:00","og_image":[{"width":1024,"height":768,"url":"https:\/\/www.ipim.gov.mo\/wp-content\/uploads\/2024\/07\/ipim-post-default.jpg","type":"image\/jpeg"}],"author":"admin","twitter_card":"summary_large_image","twitter_misc":{"Written by":"admin","Est. reading time":"4 minutes"},"schema":{"@context":"https:\/\/schema.org","@graph":[{"@type":"WebPage","@id":"https:\/\/www.ipim.gov.mo\/pt-pt\/noticias-do-ipim\/2023-08-14-explorar-oportunidades-de-negocios-de-proteccao-ambiental-bolsas-de-contacto-verdes-do-2023miecf-promovem-o-intercambio-e-a-cooperacao-na-proteccao-ambiental-internacional\/","url":"https:\/\/www.ipim.gov.mo\/pt-pt\/noticias-do-ipim\/2023-08-14-explorar-oportunidades-de-negocios-de-proteccao-ambiental-bolsas-de-contacto-verdes-do-2023miecf-promovem-o-intercambio-e-a-cooperacao-na-proteccao-ambiental-internacional\/","name":"[2023\/08\/13] [Explorar oportunidades de neg\u00f3cios de protec\u00e7\u00e3o ambiental] Bolsas de Contacto Verdes do 2023MIECF promovem o interc\u00e2mbio e a coopera\u00e7\u00e3o na protec\u00e7\u00e3o ambiental internacional | Commerce and Investment Promotion Institute","isPartOf":{"@id":"https:\/\/www.ipim.gov.mo\/zh-hans\/#website"},"primaryImageOfPage":{"@id":"https:\/\/www.ipim.gov.mo\/pt-pt\/noticias-do-ipim\/2023-08-14-explorar-oportunidades-de-negocios-de-proteccao-ambiental-bolsas-de-contacto-verdes-do-2023miecf-promovem-o-intercambio-e-a-cooperacao-na-proteccao-ambiental-internacional\/#primaryimage"},"image":{"@id":"https:\/\/www.ipim.gov.mo\/pt-pt\/noticias-do-ipim\/2023-08-14-explorar-oportunidades-de-negocios-de-proteccao-ambiental-bolsas-de-contacto-verdes-do-2023miecf-promovem-o-intercambio-e-a-cooperacao-na-proteccao-ambiental-internacional\/#primaryimage"},"thumbnailUrl":"https:\/\/www.ipim.gov.mo\/wp-content\/uploads\/2024\/07\/ipim-post-default.jpg","datePublished":"2023-08-13T02:00:00+00:00","breadcrumb":{"@id":"https:\/\/www.ipim.gov.mo\/pt-pt\/noticias-do-ipim\/2023-08-14-explorar-oportunidades-de-negocios-de-proteccao-ambiental-bolsas-de-contacto-verdes-do-2023miecf-promovem-o-intercambio-e-a-cooperacao-na-proteccao-ambiental-internacional\/#breadcrumb"},"inLanguage":"pt-PT","potentialAction":[{"@type":"ReadAction","target":["https:\/\/www.ipim.gov.mo\/pt-pt\/noticias-do-ipim\/2023-08-14-explorar-oportunidades-de-negocios-de-proteccao-ambiental-bolsas-de-contacto-verdes-do-2023miecf-promovem-o-intercambio-e-a-cooperacao-na-proteccao-ambiental-internacional\/"]}]},{"@type":"ImageObject","inLanguage":"pt-PT","@id":"https:\/\/www.ipim.gov.mo\/pt-pt\/noticias-do-ipim\/2023-08-14-explorar-oportunidades-de-negocios-de-proteccao-ambiental-bolsas-de-contacto-verdes-do-2023miecf-promovem-o-intercambio-e-a-cooperacao-na-proteccao-ambiental-internacional\/#primaryimage","url":"https:\/\/www.ipim.gov.mo\/wp-content\/uploads\/2024\/07\/ipim-post-default.jpg","contentUrl":"https:\/\/www.ipim.gov.mo\/wp-content\/uploads\/2024\/07\/ipim-post-default.jpg","width":1024,"height":768},{"@type":"BreadcrumbList","@id":"https:\/\/www.ipim.gov.mo\/pt-pt\/noticias-do-ipim\/2023-08-14-explorar-oportunidades-de-negocios-de-proteccao-ambiental-bolsas-de-contacto-verdes-do-2023miecf-promovem-o-intercambio-e-a-cooperacao-na-proteccao-ambiental-internacional\/#breadcrumb","itemListElement":[{"@type":"ListItem","position":1,"name":"Home","item":"https:\/\/www.ipim.gov.mo\/pt-pt\/"},{"@type":"ListItem","position":2,"name":"[2023\/08\/13] [Explorar oportunidades de neg\u00f3cios de protec\u00e7\u00e3o ambiental] Bolsas de Contacto Verdes do 2023MIECF promovem o interc\u00e2mbio e a coopera\u00e7\u00e3o na protec\u00e7\u00e3o ambiental internacional"}]},{"@type":"WebSite","@id":"https:\/\/www.ipim.gov.mo\/zh-hans\/#website","url":"https:\/\/www.ipim.gov.mo\/zh-hans\/","name":"Commerce and Investment Promotion Institute","description":"Commerce and Investment Promotion Institute","publisher":{"@id":"https:\/\/www.ipim.gov.mo\/zh-hans\/#organization"},"potentialAction":[{"@type":"SearchAction","target":{"@type":"EntryPoint","urlTemplate":"https:\/\/www.ipim.gov.mo\/zh-hans\/?s={search_term_string}"},"query-input":{"@type":"PropertyValueSpecification","valueRequired":true,"valueName":"search_term_string"}}],"inLanguage":"pt-PT"},{"@type":"Organization","@id":"https:\/\/www.ipim.gov.mo\/zh-hans\/#organization","name":"IPIM","url":"https:\/\/www.ipim.gov.mo\/zh-hans\/","logo":{"@type":"ImageObject","inLanguage":"pt-PT","@id":"https:\/\/www.ipim.gov.mo\/zh-hans\/#\/schema\/logo\/image\/","url":"https:\/\/www.ipim.gov.mo\/wp-content\/uploads\/2022\/10\/default-post-thumbnail-ipim-logo.png","contentUrl":"https:\/\/www.ipim.gov.mo\/wp-content\/uploads\/2022\/10\/default-post-thumbnail-ipim-logo.png","width":1024,"height":768,"caption":"IPIM"},"image":{"@id":"https:\/\/www.ipim.gov.mo\/zh-hans\/#\/schema\/logo\/image\/"}}]}},"author_meta":{"display_name":"admin","author_link":"https:\/\/www.ipim.gov.mo\/pt-pt\/author\/admin\/"},"featured_img":"https:\/\/www.ipim.gov.mo\/wp-content\/uploads\/2024\/07\/ipim-post-default-300x225.jpg","coauthors":[],"tax_additional":{"categories":{"linked":["<a href=\"https:\/\/www.ipim.gov.mo\/pt-pt\/category\/noticias-do-ipim\/\" class=\"advgb-post-tax-term\">Not\u00edcias do IPIM<\/a>"],"unlinked":["<span class=\"advgb-post-tax-term\">Not\u00edcias do IPIM<\/span>"]}},"comment_count":"0","relative_dates":{"created":"Posted 3 years ago","modified":"Updated 3 years ago"},"absolute_dates":{"created":"Posted on Agosto 13, 2023","modified":"Updated on Agosto 13, 2023"},"absolute_dates_time":{"created":"Posted on Agosto 13, 2023 10:00 am","modified":"Updated on Agosto 13, 2023 10:00 am"},"featured_img_caption":"","series_order":"","_links":{"self":[{"href":"https:\/\/www.ipim.gov.mo\/pt-pt\/wp-json\/wp\/v2\/posts\/435649","targetHints":{"allow":["GET"]}}],"collection":[{"href":"https:\/\/www.ipim.gov.mo\/pt-pt\/wp-json\/wp\/v2\/posts"}],"about":[{"href":"https:\/\/www.ipim.gov.mo\/pt-pt\/wp-json\/wp\/v2\/types\/post"}],"author":[{"embeddable":true,"href":"https:\/\/www.ipim.gov.mo\/pt-pt\/wp-json\/wp\/v2\/users\/1"}],"replies":[{"embeddable":true,"href":"https:\/\/www.ipim.gov.mo\/pt-pt\/wp-json\/wp\/v2\/comments?post=435649"}],"version-history":[{"count":0,"href":"https:\/\/www.ipim.gov.mo\/pt-pt\/wp-json\/wp\/v2\/posts\/435649\/revisions"}],"wp:featuredmedia":[{"embeddable":true,"href":"https:\/\/www.ipim.gov.mo\/pt-pt\/wp-json\/wp\/v2\/media\/467868"}],"wp:attachment":[{"href":"https:\/\/www.ipim.gov.mo\/pt-pt\/wp-json\/wp\/v2\/media?parent=435649"}],"wp:term":[{"taxonomy":"category","embeddable":true,"href":"https:\/\/www.ipim.gov.mo\/pt-pt\/wp-json\/wp\/v2\/categories?post=435649"},{"taxonomy":"post_tag","embeddable":true,"href":"https:\/\/www.ipim.gov.mo\/pt-pt\/wp-json\/wp\/v2\/tags?post=435649"}],"curies":[{"name":"wp","href":"https:\/\/api.w.org\/{rel}","templated":true}]}}