{"id":435648,"date":"2023-08-12T10:00:00","date_gmt":"2023-08-12T02:00:00","guid":{"rendered":"https:\/\/www.ipim.gov.mo\/noticias-do-ipim\/2023-08-14-convencoes-e-exposicoes-turismo-sessao-i-do-forum-verde-do-2023miecf-abordara-o-desenvolvimento-sustentavel-do-turismo-de-negocios-e-lazer\/"},"modified":"2023-08-12T10:00:00","modified_gmt":"2023-08-12T02:00:00","slug":"2023-08-14-convencoes-e-exposicoes-turismo-sessao-i-do-forum-verde-do-2023miecf-abordara-o-desenvolvimento-sustentavel-do-turismo-de-negocios-e-lazer","status":"publish","type":"post","link":"https:\/\/www.ipim.gov.mo\/pt-pt\/noticias-do-ipim\/2023-08-14-convencoes-e-exposicoes-turismo-sessao-i-do-forum-verde-do-2023miecf-abordara-o-desenvolvimento-sustentavel-do-turismo-de-negocios-e-lazer\/","title":{"rendered":"[2023\/08\/12] [Conven\u00e7\u00f5es e Exposi\u00e7\u00f5es + Turismo] Sess\u00e3o I do F\u00f3rum Verde do 2023MIECF abordar\u00e1 o desenvolvimento sustent\u00e1vel do turismo de neg\u00f3cios e lazer"},"content":{"rendered":"<p style=\"text-align:justify\">O F&oacute;rum e Exposi&ccedil;&atilde;o Internacional de Coopera&ccedil;&atilde;o Ambiental de Macau 2023 (2023MIECF) &nbsp;realiza-se entre os dias 17 e 20 de Agosto. Um dos seus principais eventos, \u201cDia da Coopera&ccedil;&atilde;o Empresarial Verde: Sess&atilde;o I do F&oacute;rum Verde\u201d, ser&aacute; realizado no primeiro dia do MIECF (17 de Agosto) pelas 14h30, na Sala <em>Sicily<\/em> do <em>The Venetian Macao<\/em>. Dando continuidade aos resultados da coopera&ccedil;&atilde;o do ano passado, o F&oacute;rum Verde deste ano ser&aacute; novamente co-organizado pelo Instituto de Promo&ccedil;&atilde;o do Com&eacute;rcio e do Investimento de Macau (IPIM) e pela <em>PricewaterhouseCoopers<\/em> (PwC), estando subordinado ao tema \u201cVerde x Inova&ccedil;&atilde;o x Oportunidades de Neg&oacute;cio \u2014 Empoderar o Desenvolvimento Sustent&aacute;vel do Turismo de Neg&oacute;cios e Lazer\u201d. As inscri&ccedil;&otilde;es est&atilde;o abertas.<\/p>\n<p style=\"text-align:justify\"><strong>Relat&oacute;rios tem<\/strong><strong>&aacute;ticos <\/strong><strong>e interpreta&ccedil;&atilde;o por especialistas apoiam o desenvolvimento verde do \u201cTurismo +\u201d<\/strong><\/p>\n<p style=\"text-align:justify\">Em articula&ccedil;&atilde;o com a estrat&eacute;gia de desenvolvimento da diversifica&ccedil;&atilde;o adequada \u201c1+4\u201d, o f&oacute;rum deste ano ir&aacute; centrar-se no turismo verde de neg&oacute;cios e lazer, sendo dividido em tr&ecirc;s sec&ccedil;&otilde;es. Na sess&atilde;o de publica&ccedil;&atilde;o de relat&oacute;rios tem&aacute;ticos e da sua interpreta&ccedil;&atilde;o, a PwC ir&aacute; publicar um relat&oacute;rio sobre o desenvolvimento integrado e sustent&aacute;vel das ind&uacute;strias de cultura, turismo e conven&ccedil;&otilde;es e exposi&ccedil;&otilde;es de Guangdong e Macau, na esperan&ccedil;a de fornecer refer&ecirc;ncias e inspira&ccedil;&otilde;es para o desenvolvimento verde e sustent&aacute;vel do \u201cTurismo +\u201d em Macau e da integra&ccedil;&atilde;o de conven&ccedil;&otilde;es e exposi&ccedil;&otilde;es entre Macau e Hengqin. Na sec&ccedil;&atilde;o de discursos principais, por sua vez, ser&atilde;o convidados representantes da Academia de Turismo da China, para explicar as tend&ecirc;ncias e os potenciais do desenvolvimento sustent&aacute;vel do turismo de neg&oacute;cios e lazer. Enquanto institui&ccedil;&atilde;o de investiga&ccedil;&atilde;o profissional do Minist&eacute;rio da Cultura e Turismo da China, acredita-se que a Academia de Turismo da China ir&aacute; trazer an&aacute;lises e opini&otilde;es profissionais.<\/p>\n<p style=\"text-align:justify\"><strong>L&iacute;deres da ind&uacute;stria<\/strong><strong> partilham experi&ecirc;ncias de inova&ccedil;&atilde;o verde<\/strong><\/p>\n<p style=\"text-align:justify\">Para a terceira sess&atilde;o do F&oacute;rum Verde, a saber, discuss&atilde;o tem&aacute;tica, ser&atilde;o convidadas institui&ccedil;&otilde;es de investiga&ccedil;&atilde;o profissionais e l&iacute;deres de empresas e organiza&ccedil;&otilde;es de renome de cadeias de valor relevantes de servi&ccedil;os tur&iacute;sticos, viagens e transportes, constru&ccedil;&atilde;o e concep&ccedil;&atilde;o de instala&ccedil;&otilde;es tur&iacute;sticas, forma&ccedil;&atilde;o de talentos do sector de turismo, entre outros. Os convidados abordar&atilde;o em conjunto produtos e solu&ccedil;&otilde;es tecnol&oacute;gicas verdes e inovadoras que sejam favor&aacute;veis &agrave; promo&ccedil;&atilde;o do desenvolvimento sustent&aacute;vel do turismo de neg&oacute;cios e lazer, bem como partilhar&atilde;o as suas experi&ecirc;ncias pr&aacute;ticas. O f&oacute;rum contar&aacute; com interpreta&ccedil;&atilde;o simult&acirc;nea em canton&ecirc;s, mandarim, portugu&ecirc;s e ingl&ecirc;s, sendo tamb&eacute;m transmitido ao vivo <em>online<\/em>. A participa&ccedil;&atilde;o dos profissionais dos sectores tur&iacute;stico, industrial e comercial, ambiental e acad&eacute;mico &eacute; bem-vinda.<\/p>\n<p style=\"text-align:justify\">Para participar, &eacute; favor ler o c&oacute;digo QR na imagem anexa ou aceder a wj.qq.com\/s2\/12818846\/251&ordf;\/, para realizar a inscri&ccedil;&atilde;o. O F&oacute;rum Verde ir&aacute; continuar a requerer acredita&ccedil;&atilde;o como actividade de aperfei&ccedil;oamento cont&iacute;nuo no dom&iacute;nio da arquitectura, engenharia e urbanismo e todos os participantes podem obter o certificado de participa&ccedil;&atilde;o. Para mais informa&ccedil;&otilde;es, &eacute; favor contactar atrav&eacute;s dos n&uacute;meros 8798 9675 ou 8798 9364, durante o hor&aacute;rio de expediente.<\/p>\n<p style=\"text-align:justify\"><strong>MIECF cria uma plataforma para liderar o desenvolvimento &nbsp;sustent&aacute;vel<\/strong><\/p>\n<p style=\"text-align:justify\">Organizado pelo Governo da Regi&atilde;o Administrativa Especial de Macau, o 2023MIECF &eacute; uma exposi&ccedil;&atilde;o profissional continuamente organizada por Macau, para alcan&ccedil;ar a neutralidade carb&oacute;nica, criando uma plataforma de inova&ccedil;&atilde;o e coopera&ccedil;&atilde;o internacional para liderar o desenvolvimento verde atrav&eacute;s de uma s&eacute;rie de actividades como a Mostra Verde, o F&oacute;rum Verde, as Bolsas de Contacto Verdes e o Dia Verde do P&uacute;blico, entre outras.<\/p>\n<div class=\"wp-caption alignnone\">\n                <a href=\"https:\/\/www.gcs.gov.mo\/news\/p\/P23HKs5Bye\/l\" data-component=\"Popup\" data-fancybox=\"gallery\" data-caption=\"Dando continuidade aos resultados positivos alcan\u00e7ados na co-organiza\u00e7\u00e3o do F\u00f3rum Verde no ano passado, o IPIM e a PwC voltam a colaborar este ano\" data-type=\"image\"><br \/>\n                <img decoding=\"async\" class=\"size-large\" src=\"https:\/\/www.gcs.gov.mo\/news\/p\/P23HKs5Bye\/l\" title=\"Dando continuidade aos resultados positivos alcan\u00e7ados na co-organiza\u00e7\u00e3o do F\u00f3rum Verde no ano passado, o IPIM e a PwC voltam a colaborar este ano\" alt=\"Dando continuidade aos resultados positivos alcan\u00e7ados na co-organiza\u00e7\u00e3o do F\u00f3rum Verde no ano passado, o IPIM e a PwC voltam a colaborar este ano\" width=\"1024\"><br \/>\n                <\/a><\/p>\n<p class=\"wp-caption-text\">Dando continuidade aos resultados positivos alcan\u00e7ados na co-organiza\u00e7\u00e3o do F\u00f3rum Verde no ano passado, o IPIM e a PwC voltam a colaborar este ano<\/p>\n<\/p><\/div>\n<div class=\"wp-caption alignnone\">\n                <a href=\"https:\/\/www.gcs.gov.mo\/news\/p\/P23HK6bvom\/l\" data-component=\"Popup\" data-fancybox=\"gallery\" data-caption=\"C\u00f3digo QR para inscri\u00e7\u00e3o\" data-type=\"image\"><br \/>\n                <img decoding=\"async\" class=\"size-large\" src=\"https:\/\/www.gcs.gov.mo\/news\/p\/P23HK6bvom\/l\" title=\"C\u00f3digo QR para inscri\u00e7\u00e3o\" alt=\"C\u00f3digo QR para inscri\u00e7\u00e3o\" width=\"1024\"><br \/>\n                <\/a><\/p>\n<p class=\"wp-caption-text\">C\u00f3digo QR para inscri\u00e7\u00e3o<\/p>\n<\/p><\/div>\n","protected":false},"excerpt":{"rendered":"<p>O F&oacute;rum e Exposi&ccedil;&atilde;o Internacional de Coopera&ccedil;&atilde;o Ambiental de Macau 2023 (2023MIECF) &nbsp;realiza-se entre os dias 17 e 20 de Agosto. Um dos seus principais [&hellip;]<\/p>\n","protected":false},"author":1,"featured_media":467868,"comment_status":"closed","ping_status":"closed","sticky":false,"template":"","format":"standard","meta":{"_acf_changed":false,"inline_featured_image":false,"advgb_blocks_editor_width":"","advgb_blocks_columns_visual_guide":"","footnotes":""},"categories":[12],"tags":[],"class_list":["post-435648","post","type-post","status-publish","format-standard","has-post-thumbnail","hentry","category-noticias-do-ipim"],"acf":[],"yoast_head":"<!-- This site is optimized with the Yoast SEO plugin v26.2 - https:\/\/yoast.com\/wordpress\/plugins\/seo\/ -->\r\n<title>[2023\/08\/12] [Conven\u00e7\u00f5es e Exposi\u00e7\u00f5es + Turismo] Sess\u00e3o I do F\u00f3rum Verde do 2023MIECF abordar\u00e1 o desenvolvimento sustent\u00e1vel do turismo de neg\u00f3cios e lazer | Commerce and Investment Promotion Institute<\/title>\r\n<meta name=\"robots\" content=\"index, follow, max-snippet:-1, max-image-preview:large, max-video-preview:-1\" \/>\r\n<link rel=\"canonical\" href=\"https:\/\/www.ipim.gov.mo\/pt-pt\/noticias-do-ipim\/2023-08-14-convencoes-e-exposicoes-turismo-sessao-i-do-forum-verde-do-2023miecf-abordara-o-desenvolvimento-sustentavel-do-turismo-de-negocios-e-lazer\/\" \/>\r\n<meta property=\"og:locale\" content=\"pt_PT\" \/>\r\n<meta property=\"og:type\" content=\"article\" \/>\r\n<meta property=\"og:title\" content=\"[2023\/08\/12] [Conven\u00e7\u00f5es e Exposi\u00e7\u00f5es + Turismo] Sess\u00e3o I do F\u00f3rum Verde do 2023MIECF abordar\u00e1 o desenvolvimento sustent\u00e1vel do turismo de neg\u00f3cios e lazer | Commerce and Investment Promotion Institute\" \/>\r\n<meta property=\"og:description\" content=\"O F&oacute;rum e Exposi&ccedil;&atilde;o Internacional de Coopera&ccedil;&atilde;o Ambiental de Macau 2023 (2023MIECF) &nbsp;realiza-se entre os dias 17 e 20 de Agosto. Um dos seus principais [&hellip;]\" \/>\r\n<meta property=\"og:url\" content=\"https:\/\/www.ipim.gov.mo\/pt-pt\/noticias-do-ipim\/2023-08-14-convencoes-e-exposicoes-turismo-sessao-i-do-forum-verde-do-2023miecf-abordara-o-desenvolvimento-sustentavel-do-turismo-de-negocios-e-lazer\/\" \/>\r\n<meta property=\"og:site_name\" content=\"Commerce and Investment Promotion Institute\" \/>\r\n<meta property=\"article:published_time\" content=\"2023-08-12T02:00:00+00:00\" \/>\r\n<meta property=\"og:image\" content=\"https:\/\/www.ipim.gov.mo\/wp-content\/uploads\/2024\/07\/ipim-post-default.jpg\" \/>\r\n\t<meta property=\"og:image:width\" content=\"1024\" \/>\r\n\t<meta property=\"og:image:height\" content=\"768\" \/>\r\n\t<meta property=\"og:image:type\" content=\"image\/jpeg\" \/>\r\n<meta name=\"author\" content=\"admin\" \/>\r\n<meta name=\"twitter:card\" content=\"summary_large_image\" \/>\r\n<meta name=\"twitter:label1\" content=\"Written by\" \/>\n\t<meta name=\"twitter:data1\" content=\"admin\" \/>\n\t<meta name=\"twitter:label2\" content=\"Est. reading time\" \/>\n\t<meta name=\"twitter:data2\" content=\"4 minutes\" \/>\r\n<script type=\"application\/ld+json\" class=\"yoast-schema-graph\">{\"@context\":\"https:\/\/schema.org\",\"@graph\":[{\"@type\":\"WebPage\",\"@id\":\"https:\/\/www.ipim.gov.mo\/pt-pt\/noticias-do-ipim\/2023-08-14-convencoes-e-exposicoes-turismo-sessao-i-do-forum-verde-do-2023miecf-abordara-o-desenvolvimento-sustentavel-do-turismo-de-negocios-e-lazer\/\",\"url\":\"https:\/\/www.ipim.gov.mo\/pt-pt\/noticias-do-ipim\/2023-08-14-convencoes-e-exposicoes-turismo-sessao-i-do-forum-verde-do-2023miecf-abordara-o-desenvolvimento-sustentavel-do-turismo-de-negocios-e-lazer\/\",\"name\":\"[2023\/08\/12] [Conven\u00e7\u00f5es e Exposi\u00e7\u00f5es + Turismo] Sess\u00e3o I do F\u00f3rum Verde do 2023MIECF abordar\u00e1 o desenvolvimento sustent\u00e1vel do turismo de neg\u00f3cios e lazer | Commerce and Investment Promotion Institute\",\"isPartOf\":{\"@id\":\"https:\/\/www.ipim.gov.mo\/zh-hans\/#website\"},\"primaryImageOfPage\":{\"@id\":\"https:\/\/www.ipim.gov.mo\/pt-pt\/noticias-do-ipim\/2023-08-14-convencoes-e-exposicoes-turismo-sessao-i-do-forum-verde-do-2023miecf-abordara-o-desenvolvimento-sustentavel-do-turismo-de-negocios-e-lazer\/#primaryimage\"},\"image\":{\"@id\":\"https:\/\/www.ipim.gov.mo\/pt-pt\/noticias-do-ipim\/2023-08-14-convencoes-e-exposicoes-turismo-sessao-i-do-forum-verde-do-2023miecf-abordara-o-desenvolvimento-sustentavel-do-turismo-de-negocios-e-lazer\/#primaryimage\"},\"thumbnailUrl\":\"https:\/\/www.ipim.gov.mo\/wp-content\/uploads\/2024\/07\/ipim-post-default.jpg\",\"datePublished\":\"2023-08-12T02:00:00+00:00\",\"breadcrumb\":{\"@id\":\"https:\/\/www.ipim.gov.mo\/pt-pt\/noticias-do-ipim\/2023-08-14-convencoes-e-exposicoes-turismo-sessao-i-do-forum-verde-do-2023miecf-abordara-o-desenvolvimento-sustentavel-do-turismo-de-negocios-e-lazer\/#breadcrumb\"},\"inLanguage\":\"pt-PT\",\"potentialAction\":[{\"@type\":\"ReadAction\",\"target\":[\"https:\/\/www.ipim.gov.mo\/pt-pt\/noticias-do-ipim\/2023-08-14-convencoes-e-exposicoes-turismo-sessao-i-do-forum-verde-do-2023miecf-abordara-o-desenvolvimento-sustentavel-do-turismo-de-negocios-e-lazer\/\"]}]},{\"@type\":\"ImageObject\",\"inLanguage\":\"pt-PT\",\"@id\":\"https:\/\/www.ipim.gov.mo\/pt-pt\/noticias-do-ipim\/2023-08-14-convencoes-e-exposicoes-turismo-sessao-i-do-forum-verde-do-2023miecf-abordara-o-desenvolvimento-sustentavel-do-turismo-de-negocios-e-lazer\/#primaryimage\",\"url\":\"https:\/\/www.ipim.gov.mo\/wp-content\/uploads\/2024\/07\/ipim-post-default.jpg\",\"contentUrl\":\"https:\/\/www.ipim.gov.mo\/wp-content\/uploads\/2024\/07\/ipim-post-default.jpg\",\"width\":1024,\"height\":768},{\"@type\":\"BreadcrumbList\",\"@id\":\"https:\/\/www.ipim.gov.mo\/pt-pt\/noticias-do-ipim\/2023-08-14-convencoes-e-exposicoes-turismo-sessao-i-do-forum-verde-do-2023miecf-abordara-o-desenvolvimento-sustentavel-do-turismo-de-negocios-e-lazer\/#breadcrumb\",\"itemListElement\":[{\"@type\":\"ListItem\",\"position\":1,\"name\":\"Home\",\"item\":\"https:\/\/www.ipim.gov.mo\/pt-pt\/\"},{\"@type\":\"ListItem\",\"position\":2,\"name\":\"[2023\/08\/12] [Conven\u00e7\u00f5es e Exposi\u00e7\u00f5es + Turismo] Sess\u00e3o I do F\u00f3rum Verde do 2023MIECF abordar\u00e1 o desenvolvimento sustent\u00e1vel do turismo de neg\u00f3cios e lazer\"}]},{\"@type\":\"WebSite\",\"@id\":\"https:\/\/www.ipim.gov.mo\/zh-hans\/#website\",\"url\":\"https:\/\/www.ipim.gov.mo\/zh-hans\/\",\"name\":\"Commerce and Investment Promotion Institute\",\"description\":\"Commerce and Investment Promotion Institute\",\"publisher\":{\"@id\":\"https:\/\/www.ipim.gov.mo\/zh-hans\/#organization\"},\"potentialAction\":[{\"@type\":\"SearchAction\",\"target\":{\"@type\":\"EntryPoint\",\"urlTemplate\":\"https:\/\/www.ipim.gov.mo\/zh-hans\/?s={search_term_string}\"},\"query-input\":{\"@type\":\"PropertyValueSpecification\",\"valueRequired\":true,\"valueName\":\"search_term_string\"}}],\"inLanguage\":\"pt-PT\"},{\"@type\":\"Organization\",\"@id\":\"https:\/\/www.ipim.gov.mo\/zh-hans\/#organization\",\"name\":\"IPIM\",\"url\":\"https:\/\/www.ipim.gov.mo\/zh-hans\/\",\"logo\":{\"@type\":\"ImageObject\",\"inLanguage\":\"pt-PT\",\"@id\":\"https:\/\/www.ipim.gov.mo\/zh-hans\/#\/schema\/logo\/image\/\",\"url\":\"https:\/\/www.ipim.gov.mo\/wp-content\/uploads\/2022\/10\/default-post-thumbnail-ipim-logo.png\",\"contentUrl\":\"https:\/\/www.ipim.gov.mo\/wp-content\/uploads\/2022\/10\/default-post-thumbnail-ipim-logo.png\",\"width\":1024,\"height\":768,\"caption\":\"IPIM\"},\"image\":{\"@id\":\"https:\/\/www.ipim.gov.mo\/zh-hans\/#\/schema\/logo\/image\/\"}}]}<\/script>\r\n<!-- \/ Yoast SEO plugin. -->","yoast_head_json":{"title":"[2023\/08\/12] [Conven\u00e7\u00f5es e Exposi\u00e7\u00f5es + Turismo] Sess\u00e3o I do F\u00f3rum Verde do 2023MIECF abordar\u00e1 o desenvolvimento sustent\u00e1vel do turismo de neg\u00f3cios e lazer | Commerce and Investment Promotion Institute","robots":{"index":"index","follow":"follow","max-snippet":"max-snippet:-1","max-image-preview":"max-image-preview:large","max-video-preview":"max-video-preview:-1"},"canonical":"https:\/\/www.ipim.gov.mo\/pt-pt\/noticias-do-ipim\/2023-08-14-convencoes-e-exposicoes-turismo-sessao-i-do-forum-verde-do-2023miecf-abordara-o-desenvolvimento-sustentavel-do-turismo-de-negocios-e-lazer\/","og_locale":"pt_PT","og_type":"article","og_title":"[2023\/08\/12] [Conven\u00e7\u00f5es e Exposi\u00e7\u00f5es + Turismo] Sess\u00e3o I do F\u00f3rum Verde do 2023MIECF abordar\u00e1 o desenvolvimento sustent\u00e1vel do turismo de neg\u00f3cios e lazer | Commerce and Investment Promotion Institute","og_description":"O F&oacute;rum e Exposi&ccedil;&atilde;o Internacional de Coopera&ccedil;&atilde;o Ambiental de Macau 2023 (2023MIECF) &nbsp;realiza-se entre os dias 17 e 20 de Agosto. Um dos seus principais [&hellip;]","og_url":"https:\/\/www.ipim.gov.mo\/pt-pt\/noticias-do-ipim\/2023-08-14-convencoes-e-exposicoes-turismo-sessao-i-do-forum-verde-do-2023miecf-abordara-o-desenvolvimento-sustentavel-do-turismo-de-negocios-e-lazer\/","og_site_name":"Commerce and Investment Promotion Institute","article_published_time":"2023-08-12T02:00:00+00:00","og_image":[{"width":1024,"height":768,"url":"https:\/\/www.ipim.gov.mo\/wp-content\/uploads\/2024\/07\/ipim-post-default.jpg","type":"image\/jpeg"}],"author":"admin","twitter_card":"summary_large_image","twitter_misc":{"Written by":"admin","Est. reading time":"4 minutes"},"schema":{"@context":"https:\/\/schema.org","@graph":[{"@type":"WebPage","@id":"https:\/\/www.ipim.gov.mo\/pt-pt\/noticias-do-ipim\/2023-08-14-convencoes-e-exposicoes-turismo-sessao-i-do-forum-verde-do-2023miecf-abordara-o-desenvolvimento-sustentavel-do-turismo-de-negocios-e-lazer\/","url":"https:\/\/www.ipim.gov.mo\/pt-pt\/noticias-do-ipim\/2023-08-14-convencoes-e-exposicoes-turismo-sessao-i-do-forum-verde-do-2023miecf-abordara-o-desenvolvimento-sustentavel-do-turismo-de-negocios-e-lazer\/","name":"[2023\/08\/12] [Conven\u00e7\u00f5es e Exposi\u00e7\u00f5es + Turismo] Sess\u00e3o I do F\u00f3rum Verde do 2023MIECF abordar\u00e1 o desenvolvimento sustent\u00e1vel do turismo de neg\u00f3cios e lazer | Commerce and Investment Promotion Institute","isPartOf":{"@id":"https:\/\/www.ipim.gov.mo\/zh-hans\/#website"},"primaryImageOfPage":{"@id":"https:\/\/www.ipim.gov.mo\/pt-pt\/noticias-do-ipim\/2023-08-14-convencoes-e-exposicoes-turismo-sessao-i-do-forum-verde-do-2023miecf-abordara-o-desenvolvimento-sustentavel-do-turismo-de-negocios-e-lazer\/#primaryimage"},"image":{"@id":"https:\/\/www.ipim.gov.mo\/pt-pt\/noticias-do-ipim\/2023-08-14-convencoes-e-exposicoes-turismo-sessao-i-do-forum-verde-do-2023miecf-abordara-o-desenvolvimento-sustentavel-do-turismo-de-negocios-e-lazer\/#primaryimage"},"thumbnailUrl":"https:\/\/www.ipim.gov.mo\/wp-content\/uploads\/2024\/07\/ipim-post-default.jpg","datePublished":"2023-08-12T02:00:00+00:00","breadcrumb":{"@id":"https:\/\/www.ipim.gov.mo\/pt-pt\/noticias-do-ipim\/2023-08-14-convencoes-e-exposicoes-turismo-sessao-i-do-forum-verde-do-2023miecf-abordara-o-desenvolvimento-sustentavel-do-turismo-de-negocios-e-lazer\/#breadcrumb"},"inLanguage":"pt-PT","potentialAction":[{"@type":"ReadAction","target":["https:\/\/www.ipim.gov.mo\/pt-pt\/noticias-do-ipim\/2023-08-14-convencoes-e-exposicoes-turismo-sessao-i-do-forum-verde-do-2023miecf-abordara-o-desenvolvimento-sustentavel-do-turismo-de-negocios-e-lazer\/"]}]},{"@type":"ImageObject","inLanguage":"pt-PT","@id":"https:\/\/www.ipim.gov.mo\/pt-pt\/noticias-do-ipim\/2023-08-14-convencoes-e-exposicoes-turismo-sessao-i-do-forum-verde-do-2023miecf-abordara-o-desenvolvimento-sustentavel-do-turismo-de-negocios-e-lazer\/#primaryimage","url":"https:\/\/www.ipim.gov.mo\/wp-content\/uploads\/2024\/07\/ipim-post-default.jpg","contentUrl":"https:\/\/www.ipim.gov.mo\/wp-content\/uploads\/2024\/07\/ipim-post-default.jpg","width":1024,"height":768},{"@type":"BreadcrumbList","@id":"https:\/\/www.ipim.gov.mo\/pt-pt\/noticias-do-ipim\/2023-08-14-convencoes-e-exposicoes-turismo-sessao-i-do-forum-verde-do-2023miecf-abordara-o-desenvolvimento-sustentavel-do-turismo-de-negocios-e-lazer\/#breadcrumb","itemListElement":[{"@type":"ListItem","position":1,"name":"Home","item":"https:\/\/www.ipim.gov.mo\/pt-pt\/"},{"@type":"ListItem","position":2,"name":"[2023\/08\/12] [Conven\u00e7\u00f5es e Exposi\u00e7\u00f5es + Turismo] Sess\u00e3o I do F\u00f3rum Verde do 2023MIECF abordar\u00e1 o desenvolvimento sustent\u00e1vel do turismo de neg\u00f3cios e lazer"}]},{"@type":"WebSite","@id":"https:\/\/www.ipim.gov.mo\/zh-hans\/#website","url":"https:\/\/www.ipim.gov.mo\/zh-hans\/","name":"Commerce and Investment Promotion Institute","description":"Commerce and Investment Promotion Institute","publisher":{"@id":"https:\/\/www.ipim.gov.mo\/zh-hans\/#organization"},"potentialAction":[{"@type":"SearchAction","target":{"@type":"EntryPoint","urlTemplate":"https:\/\/www.ipim.gov.mo\/zh-hans\/?s={search_term_string}"},"query-input":{"@type":"PropertyValueSpecification","valueRequired":true,"valueName":"search_term_string"}}],"inLanguage":"pt-PT"},{"@type":"Organization","@id":"https:\/\/www.ipim.gov.mo\/zh-hans\/#organization","name":"IPIM","url":"https:\/\/www.ipim.gov.mo\/zh-hans\/","logo":{"@type":"ImageObject","inLanguage":"pt-PT","@id":"https:\/\/www.ipim.gov.mo\/zh-hans\/#\/schema\/logo\/image\/","url":"https:\/\/www.ipim.gov.mo\/wp-content\/uploads\/2022\/10\/default-post-thumbnail-ipim-logo.png","contentUrl":"https:\/\/www.ipim.gov.mo\/wp-content\/uploads\/2022\/10\/default-post-thumbnail-ipim-logo.png","width":1024,"height":768,"caption":"IPIM"},"image":{"@id":"https:\/\/www.ipim.gov.mo\/zh-hans\/#\/schema\/logo\/image\/"}}]}},"author_meta":{"display_name":"admin","author_link":"https:\/\/www.ipim.gov.mo\/pt-pt\/author\/admin\/"},"featured_img":"https:\/\/www.ipim.gov.mo\/wp-content\/uploads\/2024\/07\/ipim-post-default-300x225.jpg","coauthors":[],"tax_additional":{"categories":{"linked":["<a href=\"https:\/\/www.ipim.gov.mo\/pt-pt\/category\/noticias-do-ipim\/\" class=\"advgb-post-tax-term\">Not\u00edcias do IPIM<\/a>"],"unlinked":["<span class=\"advgb-post-tax-term\">Not\u00edcias do IPIM<\/span>"]}},"comment_count":"0","relative_dates":{"created":"Posted 3 years ago","modified":"Updated 3 years ago"},"absolute_dates":{"created":"Posted on Agosto 12, 2023","modified":"Updated on Agosto 12, 2023"},"absolute_dates_time":{"created":"Posted on Agosto 12, 2023 10:00 am","modified":"Updated on Agosto 12, 2023 10:00 am"},"featured_img_caption":"","series_order":"","_links":{"self":[{"href":"https:\/\/www.ipim.gov.mo\/pt-pt\/wp-json\/wp\/v2\/posts\/435648","targetHints":{"allow":["GET"]}}],"collection":[{"href":"https:\/\/www.ipim.gov.mo\/pt-pt\/wp-json\/wp\/v2\/posts"}],"about":[{"href":"https:\/\/www.ipim.gov.mo\/pt-pt\/wp-json\/wp\/v2\/types\/post"}],"author":[{"embeddable":true,"href":"https:\/\/www.ipim.gov.mo\/pt-pt\/wp-json\/wp\/v2\/users\/1"}],"replies":[{"embeddable":true,"href":"https:\/\/www.ipim.gov.mo\/pt-pt\/wp-json\/wp\/v2\/comments?post=435648"}],"version-history":[{"count":0,"href":"https:\/\/www.ipim.gov.mo\/pt-pt\/wp-json\/wp\/v2\/posts\/435648\/revisions"}],"wp:featuredmedia":[{"embeddable":true,"href":"https:\/\/www.ipim.gov.mo\/pt-pt\/wp-json\/wp\/v2\/media\/467868"}],"wp:attachment":[{"href":"https:\/\/www.ipim.gov.mo\/pt-pt\/wp-json\/wp\/v2\/media?parent=435648"}],"wp:term":[{"taxonomy":"category","embeddable":true,"href":"https:\/\/www.ipim.gov.mo\/pt-pt\/wp-json\/wp\/v2\/categories?post=435648"},{"taxonomy":"post_tag","embeddable":true,"href":"https:\/\/www.ipim.gov.mo\/pt-pt\/wp-json\/wp\/v2\/tags?post=435648"}],"curies":[{"name":"wp","href":"https:\/\/api.w.org\/{rel}","templated":true}]}}