{"id":435547,"date":"2023-08-14T12:34:00","date_gmt":"2023-08-14T04:34:00","guid":{"rendered":"https:\/\/www.ipim.gov.mo\/noticias-do-ipim\/2023-08-14-entrada-gratuita-no-dia-verde-do-publico-do-2023miecf\/"},"modified":"2023-08-14T12:34:00","modified_gmt":"2023-08-14T04:34:00","slug":"2023-08-14-entrada-gratuita-no-dia-verde-do-publico-do-2023miecf","status":"publish","type":"post","link":"https:\/\/www.ipim.gov.mo\/pt-pt\/noticias-do-ipim\/2023-08-14-entrada-gratuita-no-dia-verde-do-publico-do-2023miecf\/","title":{"rendered":"[2023\/08\/14] Entrada gratuita no \u201cDia Verde do P\u00fablico\u201d do 2023MIECF"},"content":{"rendered":"<p style=\"text-align:justify\">Organizado pelo Governo da RAEM e realizado pelo Instituto de Promo&ccedil;&atilde;o do Com&eacute;rcio e do Investimento de Macau (IPIM) em conjunto com a Direc&ccedil;&atilde;o dos Servi&ccedil;os de Protec&ccedil;&atilde;o Ambiental (DSPA), o F&oacute;rum e Exposi&ccedil;&atilde;o Internacional de Coopera&ccedil;&atilde;o Ambiental de Macau 2023 (doravante designado por \u201c2023MIECF\u201d) ter&aacute; lugar nos dias 17 a 20 de Agosto, no <em>Cotai Expo, The Venetian Macao<\/em>, sendo o tema desta edi&ccedil;&atilde;o \u201cIniciativas Inovadoras para a Constru&ccedil;&atilde;o de uma Civiliza&ccedil;&atilde;o Ecol&oacute;gica\u201d. O evento &eacute; aberto ao p&uacute;blico para visitas gratuitas durante o fim-de-semana e, no \u201cDia Verde do P&uacute;blico\u201d, que est&aacute; marcado para o &uacute;ltimo dia (20 de Agosto) do evento, o p&uacute;blico pode visitar a Mostra Verde e participar nas actividades de sensibiliza&ccedil;&atilde;o e educa&ccedil;&atilde;o ambiental, para conhecer as informa&ccedil;&otilde;es e tecnologias mais recentes na &aacute;rea de protec&ccedil;&atilde;o ambiental e elevar a sua consci&ecirc;ncia ambiental.<\/p>\n<p style=\"text-align:justify\"><strong>Actividades de sensibiliza&ccedil;&atilde;o e educa&ccedil;&atilde;o divertidas promovem a protec&ccedil;&atilde;o do meio ambiente junto do p&uacute;blico<\/strong><\/p>\n<p style=\"text-align:justify\">Com vista a promover o conceito de protec&ccedil;&atilde;o ambiental e alcan&ccedil;ar conjuntamente a \u201cDupla Meta de Carbono\u201d, ser&aacute; realizada no &acirc;mbito do \u201cDia Verde do P&uacute;blico\u201d uma s&eacute;rie de actividades de sensibiliza&ccedil;&atilde;o e educa&ccedil;&atilde;o ambiental, incluindo exposi&ccedil;&otilde;es verdes, <em>workshop<\/em> de protec&ccedil;&atilde;o ambiental, tendas de jogos, jogos no palco e um grande sorteio com pr&eacute;mios. Al&eacute;m disso, ser&aacute; montado um posto de inscri&ccedil;&atilde;o para o Programa de Pontos \u201cVerdes\u201d no recinto, no qual os interessados podem inscrever-se presencialmente e obter 50 pontos como b&oacute;nus. Ademais, as mascotes da DSPA estar&atilde;o presentes para interagir e tirar fotografias com os visitantes.<\/p>\n<p style=\"text-align:justify\">De modo a incentivar a pr&aacute;tica da desloca&ccedil;&atilde;o ecol&oacute;gica, no \u201cDia Verde do P&uacute;blico\u201d a entidade organizadora disponibilizar&aacute; um servi&ccedil;o de transporte gratuito com 4 carreiras de autocarros el&eacute;ctricos a circular entre a zona central, a zona norte, a Taipa e o recinto do MIECF. O hor&aacute;rio de abertura da zona de actividades de protec&ccedil;&atilde;o ambiental &eacute; das 10h00 &agrave;s 17h00.<\/p>\n<p style=\"text-align:justify\"><strong>Visitas t&eacute;cnicas para refor&ccedil;ar o interc&acirc;mbio ambiental<\/strong><\/p>\n<p style=\"text-align:justify\">Por outro lado, para refor&ccedil;ar o conhecimento e a compreens&atilde;o dos participantes sobre as mais recentes tecnologias na &aacute;rea de protec&ccedil;&atilde;o ambiental, encontra-se agendada, para a manh&atilde; do dia 20 de Agosto (Domingo), uma visita t&eacute;cnica &agrave;s instala&ccedil;&otilde;es de reciclagem de equipamentos electr&oacute;nicos e el&eacute;ctricos e &agrave;s Zonas Ecol&oacute;gicas do Cotai, pelo que os interessados podem fazer a pr&eacute;-inscri&ccedil;&atilde;o.<\/p>\n<p style=\"text-align:justify\">Para mais informa&ccedil;&otilde;es sobre o 2023MIECF podem contactar o gestor do projecto do 2023MIECF, atrav&eacute;s do e-mail: <span style=\"text-decoration:underline\">info@macaomiecf.com<\/span> ou pelo n&uacute;mero de telefone: (853) 8798 9675. Alternativamente, podem visitar a p&aacute;gina electr&oacute;nica oficial&nbsp;<span style=\"text-decoration:underline\">http:\/\/www.macaomiecf.com<\/span> ou subscrever a conta oficial do WeChat: MIECF.<\/p>\n<div class=\"wp-caption alignnone\">\n                <a href=\"https:\/\/www.gcs.gov.mo\/news\/p\/F23HNF9qVl\/l\" data-component=\"Popup\" data-fancybox=\"gallery\" data-caption=\"Realiza-se uma s\u00e9rie de actividades de sensibiliza\u00e7\u00e3o e educa\u00e7\u00e3o ambiental no dia verde do p\u00fablico do 2023MIECF\" data-type=\"image\"><br \/>\n                <img decoding=\"async\" class=\"size-large\" src=\"https:\/\/www.gcs.gov.mo\/news\/p\/F23HNF9qVl\/l\" title=\"Realiza-se uma s\u00e9rie de actividades de sensibiliza\u00e7\u00e3o e educa\u00e7\u00e3o ambiental no dia verde do p\u00fablico do 2023MIECF\" alt=\"Realiza-se uma s\u00e9rie de actividades de sensibiliza\u00e7\u00e3o e educa\u00e7\u00e3o ambiental no dia verde do p\u00fablico do 2023MIECF\" width=\"1024\"><br \/>\n                <\/a><\/p>\n<p class=\"wp-caption-text\">Realiza-se uma s\u00e9rie de actividades de sensibiliza\u00e7\u00e3o e educa\u00e7\u00e3o ambiental no dia verde do p\u00fablico do 2023MIECF<\/p>\n<\/p><\/div>\n<div class=\"wp-caption alignnone\">\n                <a href=\"https:\/\/www.gcs.gov.mo\/news\/p\/P23HNLtein\/l\" data-component=\"Popup\" data-fancybox=\"gallery\" data-caption=\"O Dia Verde do P\u00fablico do MIECF, de entrada gratuita, tem como objectivo incentivar a pr\u00e1tica de uma vida ecol\u00f3gica.\" data-type=\"image\"><br \/>\n                <img decoding=\"async\" class=\"size-large\" src=\"https:\/\/www.gcs.gov.mo\/news\/p\/P23HNLtein\/l\" title=\"O Dia Verde do P\u00fablico do MIECF, de entrada gratuita, tem como objectivo incentivar a pr\u00e1tica de uma vida ecol\u00f3gica.\" alt=\"O Dia Verde do P\u00fablico do MIECF, de entrada gratuita, tem como objectivo incentivar a pr\u00e1tica de uma vida ecol\u00f3gica.\" width=\"1024\"><br \/>\n                <\/a><\/p>\n<p class=\"wp-caption-text\">O Dia Verde do P\u00fablico do MIECF, de entrada gratuita, tem como objectivo incentivar a pr\u00e1tica de uma vida ecol\u00f3gica.<\/p>\n<\/p><\/div>\n<div class=\"wp-caption alignnone\">\n                <a href=\"https:\/\/www.gcs.gov.mo\/news\/p\/P23HNQKhE1\/l\" data-component=\"Popup\" data-fancybox=\"gallery\" data-caption=\"Visitas t\u00e9cnicas organizadas pela entidade organizadora para refor\u00e7ar o interc\u00e2mbio na \u00e1rea da tecnologia ambiental\" data-type=\"image\"><br \/>\n                <img decoding=\"async\" class=\"size-large\" src=\"https:\/\/www.gcs.gov.mo\/news\/p\/P23HNQKhE1\/l\" title=\"Visitas t\u00e9cnicas organizadas pela entidade organizadora para refor\u00e7ar o interc\u00e2mbio na \u00e1rea da tecnologia ambiental\" alt=\"Visitas t\u00e9cnicas organizadas pela entidade organizadora para refor\u00e7ar o interc\u00e2mbio na \u00e1rea da tecnologia ambiental\" width=\"1024\"><br \/>\n                <\/a><\/p>\n<p class=\"wp-caption-text\">Visitas t\u00e9cnicas organizadas pela entidade organizadora para refor\u00e7ar o interc\u00e2mbio na \u00e1rea da tecnologia ambiental<\/p>\n<\/p><\/div>\n","protected":false},"excerpt":{"rendered":"<p>Organizado pelo Governo da RAEM e realizado pelo Instituto de Promo&ccedil;&atilde;o do Com&eacute;rcio e do Investimento de Macau (IPIM) em conjunto com a Direc&ccedil;&atilde;o dos [&hellip;]<\/p>\n","protected":false},"author":1,"featured_media":467868,"comment_status":"closed","ping_status":"closed","sticky":false,"template":"","format":"standard","meta":{"_acf_changed":false,"inline_featured_image":false,"advgb_blocks_editor_width":"","advgb_blocks_columns_visual_guide":"","footnotes":""},"categories":[12],"tags":[],"class_list":["post-435547","post","type-post","status-publish","format-standard","has-post-thumbnail","hentry","category-noticias-do-ipim"],"acf":[],"yoast_head":"<!-- This site is optimized with the Yoast SEO plugin v26.2 - https:\/\/yoast.com\/wordpress\/plugins\/seo\/ -->\r\n<title>[2023\/08\/14] Entrada gratuita no \u201cDia Verde do P\u00fablico\u201d do 2023MIECF | Commerce and Investment Promotion Institute<\/title>\r\n<meta name=\"robots\" content=\"index, follow, max-snippet:-1, max-image-preview:large, max-video-preview:-1\" \/>\r\n<link rel=\"canonical\" href=\"https:\/\/www.ipim.gov.mo\/pt-pt\/noticias-do-ipim\/2023-08-14-entrada-gratuita-no-dia-verde-do-publico-do-2023miecf\/\" \/>\r\n<meta property=\"og:locale\" content=\"pt_PT\" \/>\r\n<meta property=\"og:type\" content=\"article\" \/>\r\n<meta property=\"og:title\" content=\"[2023\/08\/14] Entrada gratuita no \u201cDia Verde do P\u00fablico\u201d do 2023MIECF | Commerce and Investment Promotion Institute\" \/>\r\n<meta property=\"og:description\" content=\"Organizado pelo Governo da RAEM e realizado pelo Instituto de Promo&ccedil;&atilde;o do Com&eacute;rcio e do Investimento de Macau (IPIM) em conjunto com a Direc&ccedil;&atilde;o dos [&hellip;]\" \/>\r\n<meta property=\"og:url\" content=\"https:\/\/www.ipim.gov.mo\/pt-pt\/noticias-do-ipim\/2023-08-14-entrada-gratuita-no-dia-verde-do-publico-do-2023miecf\/\" \/>\r\n<meta property=\"og:site_name\" content=\"Commerce and Investment Promotion Institute\" \/>\r\n<meta property=\"article:published_time\" content=\"2023-08-14T04:34:00+00:00\" \/>\r\n<meta property=\"og:image\" content=\"https:\/\/www.ipim.gov.mo\/wp-content\/uploads\/2024\/07\/ipim-post-default.jpg\" \/>\r\n\t<meta property=\"og:image:width\" content=\"1024\" \/>\r\n\t<meta property=\"og:image:height\" content=\"768\" \/>\r\n\t<meta property=\"og:image:type\" content=\"image\/jpeg\" \/>\r\n<meta name=\"author\" content=\"admin\" \/>\r\n<meta name=\"twitter:card\" content=\"summary_large_image\" \/>\r\n<meta name=\"twitter:label1\" content=\"Written by\" \/>\n\t<meta name=\"twitter:data1\" content=\"admin\" \/>\n\t<meta name=\"twitter:label2\" content=\"Est. reading time\" \/>\n\t<meta name=\"twitter:data2\" content=\"3 minutes\" \/>\r\n<script type=\"application\/ld+json\" class=\"yoast-schema-graph\">{\"@context\":\"https:\/\/schema.org\",\"@graph\":[{\"@type\":\"WebPage\",\"@id\":\"https:\/\/www.ipim.gov.mo\/pt-pt\/noticias-do-ipim\/2023-08-14-entrada-gratuita-no-dia-verde-do-publico-do-2023miecf\/\",\"url\":\"https:\/\/www.ipim.gov.mo\/pt-pt\/noticias-do-ipim\/2023-08-14-entrada-gratuita-no-dia-verde-do-publico-do-2023miecf\/\",\"name\":\"[2023\/08\/14] Entrada gratuita no \u201cDia Verde do P\u00fablico\u201d do 2023MIECF | Commerce and Investment Promotion Institute\",\"isPartOf\":{\"@id\":\"https:\/\/www.ipim.gov.mo\/zh-hans\/#website\"},\"primaryImageOfPage\":{\"@id\":\"https:\/\/www.ipim.gov.mo\/pt-pt\/noticias-do-ipim\/2023-08-14-entrada-gratuita-no-dia-verde-do-publico-do-2023miecf\/#primaryimage\"},\"image\":{\"@id\":\"https:\/\/www.ipim.gov.mo\/pt-pt\/noticias-do-ipim\/2023-08-14-entrada-gratuita-no-dia-verde-do-publico-do-2023miecf\/#primaryimage\"},\"thumbnailUrl\":\"https:\/\/www.ipim.gov.mo\/wp-content\/uploads\/2024\/07\/ipim-post-default.jpg\",\"datePublished\":\"2023-08-14T04:34:00+00:00\",\"breadcrumb\":{\"@id\":\"https:\/\/www.ipim.gov.mo\/pt-pt\/noticias-do-ipim\/2023-08-14-entrada-gratuita-no-dia-verde-do-publico-do-2023miecf\/#breadcrumb\"},\"inLanguage\":\"pt-PT\",\"potentialAction\":[{\"@type\":\"ReadAction\",\"target\":[\"https:\/\/www.ipim.gov.mo\/pt-pt\/noticias-do-ipim\/2023-08-14-entrada-gratuita-no-dia-verde-do-publico-do-2023miecf\/\"]}]},{\"@type\":\"ImageObject\",\"inLanguage\":\"pt-PT\",\"@id\":\"https:\/\/www.ipim.gov.mo\/pt-pt\/noticias-do-ipim\/2023-08-14-entrada-gratuita-no-dia-verde-do-publico-do-2023miecf\/#primaryimage\",\"url\":\"https:\/\/www.ipim.gov.mo\/wp-content\/uploads\/2024\/07\/ipim-post-default.jpg\",\"contentUrl\":\"https:\/\/www.ipim.gov.mo\/wp-content\/uploads\/2024\/07\/ipim-post-default.jpg\",\"width\":1024,\"height\":768},{\"@type\":\"BreadcrumbList\",\"@id\":\"https:\/\/www.ipim.gov.mo\/pt-pt\/noticias-do-ipim\/2023-08-14-entrada-gratuita-no-dia-verde-do-publico-do-2023miecf\/#breadcrumb\",\"itemListElement\":[{\"@type\":\"ListItem\",\"position\":1,\"name\":\"Home\",\"item\":\"https:\/\/www.ipim.gov.mo\/pt-pt\/\"},{\"@type\":\"ListItem\",\"position\":2,\"name\":\"[2023\/08\/14] Entrada gratuita no \u201cDia Verde do P\u00fablico\u201d do 2023MIECF\"}]},{\"@type\":\"WebSite\",\"@id\":\"https:\/\/www.ipim.gov.mo\/zh-hans\/#website\",\"url\":\"https:\/\/www.ipim.gov.mo\/zh-hans\/\",\"name\":\"Commerce and Investment Promotion Institute\",\"description\":\"Commerce and Investment Promotion Institute\",\"publisher\":{\"@id\":\"https:\/\/www.ipim.gov.mo\/zh-hans\/#organization\"},\"potentialAction\":[{\"@type\":\"SearchAction\",\"target\":{\"@type\":\"EntryPoint\",\"urlTemplate\":\"https:\/\/www.ipim.gov.mo\/zh-hans\/?s={search_term_string}\"},\"query-input\":{\"@type\":\"PropertyValueSpecification\",\"valueRequired\":true,\"valueName\":\"search_term_string\"}}],\"inLanguage\":\"pt-PT\"},{\"@type\":\"Organization\",\"@id\":\"https:\/\/www.ipim.gov.mo\/zh-hans\/#organization\",\"name\":\"IPIM\",\"url\":\"https:\/\/www.ipim.gov.mo\/zh-hans\/\",\"logo\":{\"@type\":\"ImageObject\",\"inLanguage\":\"pt-PT\",\"@id\":\"https:\/\/www.ipim.gov.mo\/zh-hans\/#\/schema\/logo\/image\/\",\"url\":\"https:\/\/www.ipim.gov.mo\/wp-content\/uploads\/2022\/10\/default-post-thumbnail-ipim-logo.png\",\"contentUrl\":\"https:\/\/www.ipim.gov.mo\/wp-content\/uploads\/2022\/10\/default-post-thumbnail-ipim-logo.png\",\"width\":1024,\"height\":768,\"caption\":\"IPIM\"},\"image\":{\"@id\":\"https:\/\/www.ipim.gov.mo\/zh-hans\/#\/schema\/logo\/image\/\"}}]}<\/script>\r\n<!-- \/ Yoast SEO plugin. -->","yoast_head_json":{"title":"[2023\/08\/14] Entrada gratuita no \u201cDia Verde do P\u00fablico\u201d do 2023MIECF | Commerce and Investment Promotion Institute","robots":{"index":"index","follow":"follow","max-snippet":"max-snippet:-1","max-image-preview":"max-image-preview:large","max-video-preview":"max-video-preview:-1"},"canonical":"https:\/\/www.ipim.gov.mo\/pt-pt\/noticias-do-ipim\/2023-08-14-entrada-gratuita-no-dia-verde-do-publico-do-2023miecf\/","og_locale":"pt_PT","og_type":"article","og_title":"[2023\/08\/14] Entrada gratuita no \u201cDia Verde do P\u00fablico\u201d do 2023MIECF | Commerce and Investment Promotion Institute","og_description":"Organizado pelo Governo da RAEM e realizado pelo Instituto de Promo&ccedil;&atilde;o do Com&eacute;rcio e do Investimento de Macau (IPIM) em conjunto com a Direc&ccedil;&atilde;o dos [&hellip;]","og_url":"https:\/\/www.ipim.gov.mo\/pt-pt\/noticias-do-ipim\/2023-08-14-entrada-gratuita-no-dia-verde-do-publico-do-2023miecf\/","og_site_name":"Commerce and Investment Promotion Institute","article_published_time":"2023-08-14T04:34:00+00:00","og_image":[{"width":1024,"height":768,"url":"https:\/\/www.ipim.gov.mo\/wp-content\/uploads\/2024\/07\/ipim-post-default.jpg","type":"image\/jpeg"}],"author":"admin","twitter_card":"summary_large_image","twitter_misc":{"Written by":"admin","Est. reading time":"3 minutes"},"schema":{"@context":"https:\/\/schema.org","@graph":[{"@type":"WebPage","@id":"https:\/\/www.ipim.gov.mo\/pt-pt\/noticias-do-ipim\/2023-08-14-entrada-gratuita-no-dia-verde-do-publico-do-2023miecf\/","url":"https:\/\/www.ipim.gov.mo\/pt-pt\/noticias-do-ipim\/2023-08-14-entrada-gratuita-no-dia-verde-do-publico-do-2023miecf\/","name":"[2023\/08\/14] Entrada gratuita no \u201cDia Verde do P\u00fablico\u201d do 2023MIECF | Commerce and Investment Promotion Institute","isPartOf":{"@id":"https:\/\/www.ipim.gov.mo\/zh-hans\/#website"},"primaryImageOfPage":{"@id":"https:\/\/www.ipim.gov.mo\/pt-pt\/noticias-do-ipim\/2023-08-14-entrada-gratuita-no-dia-verde-do-publico-do-2023miecf\/#primaryimage"},"image":{"@id":"https:\/\/www.ipim.gov.mo\/pt-pt\/noticias-do-ipim\/2023-08-14-entrada-gratuita-no-dia-verde-do-publico-do-2023miecf\/#primaryimage"},"thumbnailUrl":"https:\/\/www.ipim.gov.mo\/wp-content\/uploads\/2024\/07\/ipim-post-default.jpg","datePublished":"2023-08-14T04:34:00+00:00","breadcrumb":{"@id":"https:\/\/www.ipim.gov.mo\/pt-pt\/noticias-do-ipim\/2023-08-14-entrada-gratuita-no-dia-verde-do-publico-do-2023miecf\/#breadcrumb"},"inLanguage":"pt-PT","potentialAction":[{"@type":"ReadAction","target":["https:\/\/www.ipim.gov.mo\/pt-pt\/noticias-do-ipim\/2023-08-14-entrada-gratuita-no-dia-verde-do-publico-do-2023miecf\/"]}]},{"@type":"ImageObject","inLanguage":"pt-PT","@id":"https:\/\/www.ipim.gov.mo\/pt-pt\/noticias-do-ipim\/2023-08-14-entrada-gratuita-no-dia-verde-do-publico-do-2023miecf\/#primaryimage","url":"https:\/\/www.ipim.gov.mo\/wp-content\/uploads\/2024\/07\/ipim-post-default.jpg","contentUrl":"https:\/\/www.ipim.gov.mo\/wp-content\/uploads\/2024\/07\/ipim-post-default.jpg","width":1024,"height":768},{"@type":"BreadcrumbList","@id":"https:\/\/www.ipim.gov.mo\/pt-pt\/noticias-do-ipim\/2023-08-14-entrada-gratuita-no-dia-verde-do-publico-do-2023miecf\/#breadcrumb","itemListElement":[{"@type":"ListItem","position":1,"name":"Home","item":"https:\/\/www.ipim.gov.mo\/pt-pt\/"},{"@type":"ListItem","position":2,"name":"[2023\/08\/14] Entrada gratuita no \u201cDia Verde do P\u00fablico\u201d do 2023MIECF"}]},{"@type":"WebSite","@id":"https:\/\/www.ipim.gov.mo\/zh-hans\/#website","url":"https:\/\/www.ipim.gov.mo\/zh-hans\/","name":"Commerce and Investment Promotion Institute","description":"Commerce and Investment Promotion Institute","publisher":{"@id":"https:\/\/www.ipim.gov.mo\/zh-hans\/#organization"},"potentialAction":[{"@type":"SearchAction","target":{"@type":"EntryPoint","urlTemplate":"https:\/\/www.ipim.gov.mo\/zh-hans\/?s={search_term_string}"},"query-input":{"@type":"PropertyValueSpecification","valueRequired":true,"valueName":"search_term_string"}}],"inLanguage":"pt-PT"},{"@type":"Organization","@id":"https:\/\/www.ipim.gov.mo\/zh-hans\/#organization","name":"IPIM","url":"https:\/\/www.ipim.gov.mo\/zh-hans\/","logo":{"@type":"ImageObject","inLanguage":"pt-PT","@id":"https:\/\/www.ipim.gov.mo\/zh-hans\/#\/schema\/logo\/image\/","url":"https:\/\/www.ipim.gov.mo\/wp-content\/uploads\/2022\/10\/default-post-thumbnail-ipim-logo.png","contentUrl":"https:\/\/www.ipim.gov.mo\/wp-content\/uploads\/2022\/10\/default-post-thumbnail-ipim-logo.png","width":1024,"height":768,"caption":"IPIM"},"image":{"@id":"https:\/\/www.ipim.gov.mo\/zh-hans\/#\/schema\/logo\/image\/"}}]}},"author_meta":{"display_name":"admin","author_link":"https:\/\/www.ipim.gov.mo\/pt-pt\/author\/admin\/"},"featured_img":"https:\/\/www.ipim.gov.mo\/wp-content\/uploads\/2024\/07\/ipim-post-default-300x225.jpg","coauthors":[],"tax_additional":{"categories":{"linked":["<a href=\"https:\/\/www.ipim.gov.mo\/pt-pt\/category\/noticias-do-ipim\/\" class=\"advgb-post-tax-term\">Not\u00edcias do IPIM<\/a>"],"unlinked":["<span class=\"advgb-post-tax-term\">Not\u00edcias do IPIM<\/span>"]}},"comment_count":"0","relative_dates":{"created":"Posted 3 years ago","modified":"Updated 3 years ago"},"absolute_dates":{"created":"Posted on Agosto 14, 2023","modified":"Updated on Agosto 14, 2023"},"absolute_dates_time":{"created":"Posted on Agosto 14, 2023 12:34 pm","modified":"Updated on Agosto 14, 2023 12:34 pm"},"featured_img_caption":"","series_order":"","_links":{"self":[{"href":"https:\/\/www.ipim.gov.mo\/pt-pt\/wp-json\/wp\/v2\/posts\/435547","targetHints":{"allow":["GET"]}}],"collection":[{"href":"https:\/\/www.ipim.gov.mo\/pt-pt\/wp-json\/wp\/v2\/posts"}],"about":[{"href":"https:\/\/www.ipim.gov.mo\/pt-pt\/wp-json\/wp\/v2\/types\/post"}],"author":[{"embeddable":true,"href":"https:\/\/www.ipim.gov.mo\/pt-pt\/wp-json\/wp\/v2\/users\/1"}],"replies":[{"embeddable":true,"href":"https:\/\/www.ipim.gov.mo\/pt-pt\/wp-json\/wp\/v2\/comments?post=435547"}],"version-history":[{"count":0,"href":"https:\/\/www.ipim.gov.mo\/pt-pt\/wp-json\/wp\/v2\/posts\/435547\/revisions"}],"wp:featuredmedia":[{"embeddable":true,"href":"https:\/\/www.ipim.gov.mo\/pt-pt\/wp-json\/wp\/v2\/media\/467868"}],"wp:attachment":[{"href":"https:\/\/www.ipim.gov.mo\/pt-pt\/wp-json\/wp\/v2\/media?parent=435547"}],"wp:term":[{"taxonomy":"category","embeddable":true,"href":"https:\/\/www.ipim.gov.mo\/pt-pt\/wp-json\/wp\/v2\/categories?post=435547"},{"taxonomy":"post_tag","embeddable":true,"href":"https:\/\/www.ipim.gov.mo\/pt-pt\/wp-json\/wp\/v2\/tags?post=435547"}],"curies":[{"name":"wp","href":"https:\/\/api.w.org\/{rel}","templated":true}]}}