{"id":399612,"date":"2022-09-11T10:30:00","date_gmt":"2022-09-11T02:30:00","guid":{"rendered":"https:\/\/www.ipim.gov.mo\/noticias-do-ipim\/2022-09-11-formacao-tematica-destinada-as-convencoes-e-exposicoes-sob-a-organizacao-do-ipim-ajudando-a-industria-a-conhecer-a-aplicacao-da-analise-de-big-data\/"},"modified":"2022-09-11T10:30:00","modified_gmt":"2022-09-11T02:30:00","slug":"2022-09-11-formacao-tematica-destinada-as-convencoes-e-exposicoes-sob-a-organizacao-do-ipim-ajudando-a-industria-a-conhecer-a-aplicacao-da-analise-de-big-data","status":"publish","type":"post","link":"https:\/\/www.ipim.gov.mo\/pt-pt\/noticias-do-ipim\/2022-09-11-formacao-tematica-destinada-as-convencoes-e-exposicoes-sob-a-organizacao-do-ipim-ajudando-a-industria-a-conhecer-a-aplicacao-da-analise-de-big-data\/","title":{"rendered":"[2022\/09\/11] Forma\u00e7\u00e3o tem\u00e1tica destinada \u00e0s conven\u00e7\u00f5es e exposi\u00e7\u00f5es sob a organiza\u00e7\u00e3o do IPIM, ajudando a ind\u00fastria a conhecer a aplica\u00e7\u00e3o da an\u00e1lise de Big Data"},"content":{"rendered":"<p style=\"text-align:justify\">Com vista &agrave; promo&ccedil;&atilde;o cont&iacute;nua do desenvolvimento profissional e orientado para o mercado do sector de conven&ccedil;&otilde;es e exposi&ccedil;&otilde;es, o Instituto de Promo&ccedil;&atilde;o do Com&eacute;rcio e do Investimento de Macau (IPIM) realizou, a 6 de Setembro, mais uma ac&ccedil;&atilde;o de forma&ccedil;&atilde;o <em>online<\/em> destinada &agrave; referida &aacute;rea, sob o tema \u201cAn&aacute;lise de dados de eventos \u2013 Novas op&ccedil;&otilde;es para melhorar os eventos\u201d (<em>Event Data Analytics \u2013 New Options for Improving Events<\/em>). Neste sentido, foram convidados representantes dos especialistas da ind&uacute;stria, para partilhar experi&ecirc;ncias e trocar ideais com os participantes, dando a conhecer as tend&ecirc;ncias mais recentes deste mercado, independentemente do fuso hor&aacute;rio e da localiza&ccedil;&atilde;o geogr&aacute;fica. O evento registou a participa&ccedil;&atilde;o <em>online<\/em> de 40 formandos, compostos por profissionais da ind&uacute;stria de conven&ccedil;&otilde;es e exposi&ccedil;&otilde;es do Interior da China e de Macau, estudantes e docentes de institui&ccedil;&otilde;es de ensino superior de Macau, entre outros.<\/p>\n<p style=\"text-align:justify\"><strong>Impulsionamento, de m&atilde;os dadas, do desenvolvimento da ind&uacute;stria de conven&ccedil;&otilde;es e exposi&ccedil;&otilde;es<\/strong><\/p>\n<p style=\"text-align:justify\">&Agrave; medida que se acrescenta continuamente os elementos <em>online<\/em> &agrave;s actividades de conven&ccedil;&otilde;es e exposi&ccedil;&otilde;es, a tecnologia de <em>Big Data<\/em> tem-se mostrado cada vez mais importante. A fim de que a ind&uacute;stria tire bom partido dos dados, para promover o seu pr&oacute;prio desenvolvimento, a presente forma&ccedil;&atilde;o <em>online<\/em> foi ministrada por Corbin Ball, o fundador da Corbin Ball &amp; Co., companhia de tecnologia em torno de conven&ccedil;&otilde;es e exposi&ccedil;&otilde;es. O formador ilustrou aos participantes como utilizar a <em>Big Data<\/em> para melhorar o retorno do investimento e optimizar a experi&ecirc;ncia dos participantes nos eventos.<\/p>\n<p style=\"text-align:justify\"><strong>Apoio na reconvers&atilde;o e valoriza&ccedil;&atilde;o digital das actividades de conven&ccedil;&otilde;es e exposi&ccedil;&otilde;es<\/strong><\/p>\n<p style=\"text-align:justify\">Os oradores referiram que a an&aacute;lise de dados constitui uma ferramenta de grande import&acirc;ncia na gest&atilde;o de diversos dados de conven&ccedil;&otilde;es e exposi&ccedil;&otilde;es. Atrav&eacute;s de v&aacute;rias tecnologias de dados relevantes, os organizadores das actividades de conven&ccedil;&otilde;es e exposi&ccedil;&otilde;es podem analisar o comportamento dos seus participantes, por forma a melhor identificar potenciais clientes e aumentar o sucesso de bolsas de contactos. Os participantes, por sua vez, consideraram que a presente ac&ccedil;&atilde;o foi bastante pr&aacute;tica e que a tecnologia de dados de conven&ccedil;&otilde;es e exposi&ccedil;&otilde;es favorece a sua reconvers&atilde;o e valoriza&ccedil;&atilde;o digital, esperando assim que a ind&uacute;stria de Macau possa introduzir mais tecnologias relevantes no futuro.<\/p>\n<p style=\"text-align:justify\"><strong>Divulga&ccedil;&atilde;o cont&iacute;nua de Macau enquanto destino ideal de realiza&ccedil;&atilde;o das actividades de conven&ccedil;&otilde;es e exposi&ccedil;&otilde;es<\/strong><\/p>\n<p style=\"text-align:justify\">O IPIM organizou, no passado, forma&ccedil;&otilde;es <em>online<\/em> em torno de temas como <em>marketing<\/em> nos media sociais, constru&ccedil;&atilde;o de um destino para as conven&ccedil;&otilde;es e exposi&ccedil;&otilde;es com desenvolvimento sustent&aacute;vel, tend&ecirc;ncias de desenvolvimento p&oacute;s-pand&eacute;mico do mercado de reuni&otilde;es das associa&ccedil;&otilde;es, perfil do mercado de conven&ccedil;&otilde;es e exposi&ccedil;&otilde;es do Interior da China, entre outros.<\/p>\n<p style=\"text-align:justify\">No futuro, o IPIM dar&aacute; continuidade &agrave; realiza&ccedil;&atilde;o de v&aacute;rios tipos de <em>workshops<\/em> na vertente <em>online<\/em>, para os quais ser&atilde;o convidados consultores ou especialistas da ind&uacute;stria de conven&ccedil;&otilde;es e exposi&ccedil;&otilde;es, no sentido de estes partilharem conhecimentos pr&aacute;ticos ou apresentarem as tend&ecirc;ncias internacionais mais recentes da ind&uacute;stria. A inten&ccedil;&atilde;o, por um lado, consiste em dar apoio cont&iacute;nuo &agrave; ind&uacute;stria no contexto da pandemia, traduzido no refor&ccedil;o do conhecimento profissional das pessoas dedicadas &agrave; ind&uacute;stria, e estimular o desenvolvimento da ind&uacute;stria rumo &agrave; profissionaliza&ccedil;&atilde;o e mercantiliza&ccedil;&atilde;o; por outro, reside tamb&eacute;m em incentivar a ind&uacute;stria a divulgar Macau enquanto um destino ideal para a realiza&ccedil;&atilde;o das actividades desta natureza, atraindo assim mais projectos de conven&ccedil;&otilde;es e exposi&ccedil;&otilde;es para Macau.<\/p>\n<p>Caso os interessados queiram ver o conte&uacute;do das ac&ccedil;&otilde;es de forma&ccedil;&atilde;o realizadas e acompanhar as &uacute;ltimas novidades de abertura de novos cursos de forma&ccedil;&atilde;o, podem visitar a p&aacute;gina de conven&ccedil;&otilde;es e exposi&ccedil;&otilde;es do IPIM: http:\/\/www.mice.gov.mo\/tc\/training_all.aspx.<\/p>\n<div class=\"wp-caption alignnone\">\n                <a href=\"https:\/\/www.gcs.gov.mo\/news\/p\/P22IKsSHBq\/l\" data-fancybox=\"gallery\" data-caption=\"O IPIM organizou mais uma ac\u00e7\u00e3o de forma\u00e7\u00e3o online para a ind\u00fastria de conven\u00e7\u00f5es e exposi\u00e7\u00f5es.\" data-type=\"image\"><br \/>\n                <img decoding=\"async\" class=\"size-large\" src=\"https:\/\/www.gcs.gov.mo\/news\/p\/P22IKsSHBq\/l\" alt=\"O IPIM organizou mais uma ac\u00e7\u00e3o de forma\u00e7\u00e3o online para a ind\u00fastria de conven\u00e7\u00f5es e exposi\u00e7\u00f5es.\" width=\"1024\"><br \/>\n                <\/a><\/p>\n<p class=\"wp-caption-text\">O IPIM organizou mais uma ac\u00e7\u00e3o de forma\u00e7\u00e3o online para a ind\u00fastria de conven\u00e7\u00f5es e exposi\u00e7\u00f5es.<\/p>\n<\/p><\/div>\n<div class=\"wp-caption alignnone\">\n                <a href=\"https:\/\/www.gcs.gov.mo\/news\/p\/P22IKOxwfB\/l\" data-fancybox=\"gallery\" data-caption=\"O evento atraiu a participa\u00e7\u00e3o online de 40 formandos, compostos por profissionais da ind\u00fastria de conven\u00e7\u00f5es e exposi\u00e7\u00f5es do Interior da China e de Macau, estudantes e docentes de institui\u00e7\u00f5es de ensino superior de Macau, entre outros.\" data-type=\"image\"><br \/>\n                <img decoding=\"async\" class=\"size-large\" src=\"https:\/\/www.gcs.gov.mo\/news\/p\/P22IKOxwfB\/l\" alt=\"O evento atraiu a participa\u00e7\u00e3o online de 40 formandos, compostos por profissionais da ind\u00fastria de conven\u00e7\u00f5es e exposi\u00e7\u00f5es do Interior da China e de Macau, estudantes e docentes de institui\u00e7\u00f5es de ensino superior de Macau, entre outros.\" width=\"1024\"><br \/>\n                <\/a><\/p>\n<p class=\"wp-caption-text\">O evento atraiu a participa\u00e7\u00e3o online de 40 formandos, compostos por profissionais da ind\u00fastria de conven\u00e7\u00f5es e exposi\u00e7\u00f5es do Interior da China e de Macau, estudantes e docentes de institui\u00e7\u00f5es de ensino superior de Macau, entre outros.<\/p>\n<\/p><\/div>\n<div class=\"wp-caption alignnone\">\n                <a href=\"https:\/\/www.gcs.gov.mo\/news\/p\/P22IKiVnC3\/l\" data-fancybox=\"gallery\" data-caption=\"O evento atraiu a participa\u00e7\u00e3o online de 40 formandos, compostos por profissionais da ind\u00fastria de conven\u00e7\u00f5es e exposi\u00e7\u00f5es do Interior da China e de Macau, estudantes e docentes de institui\u00e7\u00f5es de ensino superior de Macau, entre outros.\" data-type=\"image\"><br \/>\n                <img decoding=\"async\" class=\"size-large\" src=\"https:\/\/www.gcs.gov.mo\/news\/p\/P22IKiVnC3\/l\" alt=\"O evento atraiu a participa\u00e7\u00e3o online de 40 formandos, compostos por profissionais da ind\u00fastria de conven\u00e7\u00f5es e exposi\u00e7\u00f5es do Interior da China e de Macau, estudantes e docentes de institui\u00e7\u00f5es de ensino superior de Macau, entre outros.\" width=\"1024\"><br \/>\n                <\/a><\/p>\n<p class=\"wp-caption-text\">O evento atraiu a participa\u00e7\u00e3o online de 40 formandos, compostos por profissionais da ind\u00fastria de conven\u00e7\u00f5es e exposi\u00e7\u00f5es do Interior da China e de Macau, estudantes e docentes de institui\u00e7\u00f5es de ensino superior de Macau, entre outros.<\/p>\n<\/p><\/div>\n<div class=\"wp-caption alignnone\">\n                <a href=\"https:\/\/www.gcs.gov.mo\/news\/p\/P22IKXfg8L\/l\" data-fancybox=\"gallery\" data-caption=\"Digitalize o C\u00f3digo QR para assistir ao conte\u00fado das ac\u00e7\u00f5es de forma\u00e7\u00e3o anteriores.\" data-type=\"image\"><br \/>\n                <img decoding=\"async\" class=\"size-large\" src=\"https:\/\/www.gcs.gov.mo\/news\/p\/P22IKXfg8L\/l\" alt=\"Digitalize o C\u00f3digo QR para assistir ao conte\u00fado das ac\u00e7\u00f5es de forma\u00e7\u00e3o anteriores.\" width=\"1024\"><br \/>\n                <\/a><\/p>\n<p class=\"wp-caption-text\">Digitalize o C\u00f3digo QR para assistir ao conte\u00fado das ac\u00e7\u00f5es de forma\u00e7\u00e3o anteriores.<\/p>\n<\/p><\/div>\n","protected":false},"excerpt":{"rendered":"<p>Com vista &agrave; promo&ccedil;&atilde;o cont&iacute;nua do desenvolvimento profissional e orientado para o mercado do sector de conven&ccedil;&otilde;es e exposi&ccedil;&otilde;es, o Instituto de Promo&ccedil;&atilde;o do Com&eacute;rcio [&hellip;]<\/p>\n","protected":false},"author":1,"featured_media":467868,"comment_status":"closed","ping_status":"closed","sticky":false,"template":"","format":"standard","meta":{"_acf_changed":false,"inline_featured_image":false,"advgb_blocks_editor_width":"","advgb_blocks_columns_visual_guide":"","footnotes":""},"categories":[12],"tags":[],"class_list":["post-399612","post","type-post","status-publish","format-standard","has-post-thumbnail","hentry","category-noticias-do-ipim"],"acf":[],"yoast_head":"<!-- This site is optimized with the Yoast SEO plugin v26.2 - https:\/\/yoast.com\/wordpress\/plugins\/seo\/ -->\r\n<title>[2022\/09\/11] Forma\u00e7\u00e3o tem\u00e1tica destinada \u00e0s conven\u00e7\u00f5es e exposi\u00e7\u00f5es sob a organiza\u00e7\u00e3o do IPIM, ajudando a ind\u00fastria a conhecer a aplica\u00e7\u00e3o da an\u00e1lise de Big Data | Commerce and Investment Promotion Institute<\/title>\r\n<meta name=\"robots\" content=\"index, follow, max-snippet:-1, max-image-preview:large, max-video-preview:-1\" \/>\r\n<link rel=\"canonical\" href=\"https:\/\/www.ipim.gov.mo\/pt-pt\/noticias-do-ipim\/2022-09-11-formacao-tematica-destinada-as-convencoes-e-exposicoes-sob-a-organizacao-do-ipim-ajudando-a-industria-a-conhecer-a-aplicacao-da-analise-de-big-data\/\" \/>\r\n<meta property=\"og:locale\" content=\"pt_PT\" \/>\r\n<meta property=\"og:type\" content=\"article\" \/>\r\n<meta property=\"og:title\" content=\"[2022\/09\/11] Forma\u00e7\u00e3o tem\u00e1tica destinada \u00e0s conven\u00e7\u00f5es e exposi\u00e7\u00f5es sob a organiza\u00e7\u00e3o do IPIM, ajudando a ind\u00fastria a conhecer a aplica\u00e7\u00e3o da an\u00e1lise de Big Data | Commerce and Investment Promotion Institute\" \/>\r\n<meta property=\"og:description\" content=\"Com vista &agrave; promo&ccedil;&atilde;o cont&iacute;nua do desenvolvimento profissional e orientado para o mercado do sector de conven&ccedil;&otilde;es e exposi&ccedil;&otilde;es, o Instituto de Promo&ccedil;&atilde;o do Com&eacute;rcio [&hellip;]\" \/>\r\n<meta property=\"og:url\" content=\"https:\/\/www.ipim.gov.mo\/pt-pt\/noticias-do-ipim\/2022-09-11-formacao-tematica-destinada-as-convencoes-e-exposicoes-sob-a-organizacao-do-ipim-ajudando-a-industria-a-conhecer-a-aplicacao-da-analise-de-big-data\/\" \/>\r\n<meta property=\"og:site_name\" content=\"Commerce and Investment Promotion Institute\" \/>\r\n<meta property=\"article:published_time\" content=\"2022-09-11T02:30:00+00:00\" \/>\r\n<meta property=\"og:image\" content=\"https:\/\/www.ipim.gov.mo\/wp-content\/uploads\/2024\/07\/ipim-post-default.jpg\" \/>\r\n\t<meta property=\"og:image:width\" content=\"1024\" \/>\r\n\t<meta property=\"og:image:height\" content=\"768\" \/>\r\n\t<meta property=\"og:image:type\" content=\"image\/jpeg\" \/>\r\n<meta name=\"author\" content=\"admin\" \/>\r\n<meta name=\"twitter:card\" content=\"summary_large_image\" \/>\r\n<meta name=\"twitter:label1\" content=\"Written by\" \/>\n\t<meta name=\"twitter:data1\" content=\"admin\" \/>\n\t<meta name=\"twitter:label2\" content=\"Est. reading time\" \/>\n\t<meta name=\"twitter:data2\" content=\"5 minutes\" \/>\r\n<script type=\"application\/ld+json\" class=\"yoast-schema-graph\">{\"@context\":\"https:\/\/schema.org\",\"@graph\":[{\"@type\":\"WebPage\",\"@id\":\"https:\/\/www.ipim.gov.mo\/pt-pt\/noticias-do-ipim\/2022-09-11-formacao-tematica-destinada-as-convencoes-e-exposicoes-sob-a-organizacao-do-ipim-ajudando-a-industria-a-conhecer-a-aplicacao-da-analise-de-big-data\/\",\"url\":\"https:\/\/www.ipim.gov.mo\/pt-pt\/noticias-do-ipim\/2022-09-11-formacao-tematica-destinada-as-convencoes-e-exposicoes-sob-a-organizacao-do-ipim-ajudando-a-industria-a-conhecer-a-aplicacao-da-analise-de-big-data\/\",\"name\":\"[2022\/09\/11] Forma\u00e7\u00e3o tem\u00e1tica destinada \u00e0s conven\u00e7\u00f5es e exposi\u00e7\u00f5es sob a organiza\u00e7\u00e3o do IPIM, ajudando a ind\u00fastria a conhecer a aplica\u00e7\u00e3o da an\u00e1lise de Big Data | Commerce and Investment Promotion Institute\",\"isPartOf\":{\"@id\":\"https:\/\/www.ipim.gov.mo\/zh-hans\/#website\"},\"primaryImageOfPage\":{\"@id\":\"https:\/\/www.ipim.gov.mo\/pt-pt\/noticias-do-ipim\/2022-09-11-formacao-tematica-destinada-as-convencoes-e-exposicoes-sob-a-organizacao-do-ipim-ajudando-a-industria-a-conhecer-a-aplicacao-da-analise-de-big-data\/#primaryimage\"},\"image\":{\"@id\":\"https:\/\/www.ipim.gov.mo\/pt-pt\/noticias-do-ipim\/2022-09-11-formacao-tematica-destinada-as-convencoes-e-exposicoes-sob-a-organizacao-do-ipim-ajudando-a-industria-a-conhecer-a-aplicacao-da-analise-de-big-data\/#primaryimage\"},\"thumbnailUrl\":\"https:\/\/www.ipim.gov.mo\/wp-content\/uploads\/2024\/07\/ipim-post-default.jpg\",\"datePublished\":\"2022-09-11T02:30:00+00:00\",\"breadcrumb\":{\"@id\":\"https:\/\/www.ipim.gov.mo\/pt-pt\/noticias-do-ipim\/2022-09-11-formacao-tematica-destinada-as-convencoes-e-exposicoes-sob-a-organizacao-do-ipim-ajudando-a-industria-a-conhecer-a-aplicacao-da-analise-de-big-data\/#breadcrumb\"},\"inLanguage\":\"pt-PT\",\"potentialAction\":[{\"@type\":\"ReadAction\",\"target\":[\"https:\/\/www.ipim.gov.mo\/pt-pt\/noticias-do-ipim\/2022-09-11-formacao-tematica-destinada-as-convencoes-e-exposicoes-sob-a-organizacao-do-ipim-ajudando-a-industria-a-conhecer-a-aplicacao-da-analise-de-big-data\/\"]}]},{\"@type\":\"ImageObject\",\"inLanguage\":\"pt-PT\",\"@id\":\"https:\/\/www.ipim.gov.mo\/pt-pt\/noticias-do-ipim\/2022-09-11-formacao-tematica-destinada-as-convencoes-e-exposicoes-sob-a-organizacao-do-ipim-ajudando-a-industria-a-conhecer-a-aplicacao-da-analise-de-big-data\/#primaryimage\",\"url\":\"https:\/\/www.ipim.gov.mo\/wp-content\/uploads\/2024\/07\/ipim-post-default.jpg\",\"contentUrl\":\"https:\/\/www.ipim.gov.mo\/wp-content\/uploads\/2024\/07\/ipim-post-default.jpg\",\"width\":1024,\"height\":768},{\"@type\":\"BreadcrumbList\",\"@id\":\"https:\/\/www.ipim.gov.mo\/pt-pt\/noticias-do-ipim\/2022-09-11-formacao-tematica-destinada-as-convencoes-e-exposicoes-sob-a-organizacao-do-ipim-ajudando-a-industria-a-conhecer-a-aplicacao-da-analise-de-big-data\/#breadcrumb\",\"itemListElement\":[{\"@type\":\"ListItem\",\"position\":1,\"name\":\"Home\",\"item\":\"https:\/\/www.ipim.gov.mo\/pt-pt\/\"},{\"@type\":\"ListItem\",\"position\":2,\"name\":\"[2022\/09\/11] Forma\u00e7\u00e3o tem\u00e1tica destinada \u00e0s conven\u00e7\u00f5es e exposi\u00e7\u00f5es sob a organiza\u00e7\u00e3o do IPIM, ajudando a ind\u00fastria a conhecer a aplica\u00e7\u00e3o da an\u00e1lise de Big Data\"}]},{\"@type\":\"WebSite\",\"@id\":\"https:\/\/www.ipim.gov.mo\/zh-hans\/#website\",\"url\":\"https:\/\/www.ipim.gov.mo\/zh-hans\/\",\"name\":\"Commerce and Investment Promotion Institute\",\"description\":\"Commerce and Investment Promotion Institute\",\"publisher\":{\"@id\":\"https:\/\/www.ipim.gov.mo\/zh-hans\/#organization\"},\"potentialAction\":[{\"@type\":\"SearchAction\",\"target\":{\"@type\":\"EntryPoint\",\"urlTemplate\":\"https:\/\/www.ipim.gov.mo\/zh-hans\/?s={search_term_string}\"},\"query-input\":{\"@type\":\"PropertyValueSpecification\",\"valueRequired\":true,\"valueName\":\"search_term_string\"}}],\"inLanguage\":\"pt-PT\"},{\"@type\":\"Organization\",\"@id\":\"https:\/\/www.ipim.gov.mo\/zh-hans\/#organization\",\"name\":\"IPIM\",\"url\":\"https:\/\/www.ipim.gov.mo\/zh-hans\/\",\"logo\":{\"@type\":\"ImageObject\",\"inLanguage\":\"pt-PT\",\"@id\":\"https:\/\/www.ipim.gov.mo\/zh-hans\/#\/schema\/logo\/image\/\",\"url\":\"https:\/\/www.ipim.gov.mo\/wp-content\/uploads\/2022\/10\/default-post-thumbnail-ipim-logo.png\",\"contentUrl\":\"https:\/\/www.ipim.gov.mo\/wp-content\/uploads\/2022\/10\/default-post-thumbnail-ipim-logo.png\",\"width\":1024,\"height\":768,\"caption\":\"IPIM\"},\"image\":{\"@id\":\"https:\/\/www.ipim.gov.mo\/zh-hans\/#\/schema\/logo\/image\/\"}}]}<\/script>\r\n<!-- \/ Yoast SEO plugin. -->","yoast_head_json":{"title":"[2022\/09\/11] Forma\u00e7\u00e3o tem\u00e1tica destinada \u00e0s conven\u00e7\u00f5es e exposi\u00e7\u00f5es sob a organiza\u00e7\u00e3o do IPIM, ajudando a ind\u00fastria a conhecer a aplica\u00e7\u00e3o da an\u00e1lise de Big Data | Commerce and Investment Promotion Institute","robots":{"index":"index","follow":"follow","max-snippet":"max-snippet:-1","max-image-preview":"max-image-preview:large","max-video-preview":"max-video-preview:-1"},"canonical":"https:\/\/www.ipim.gov.mo\/pt-pt\/noticias-do-ipim\/2022-09-11-formacao-tematica-destinada-as-convencoes-e-exposicoes-sob-a-organizacao-do-ipim-ajudando-a-industria-a-conhecer-a-aplicacao-da-analise-de-big-data\/","og_locale":"pt_PT","og_type":"article","og_title":"[2022\/09\/11] Forma\u00e7\u00e3o tem\u00e1tica destinada \u00e0s conven\u00e7\u00f5es e exposi\u00e7\u00f5es sob a organiza\u00e7\u00e3o do IPIM, ajudando a ind\u00fastria a conhecer a aplica\u00e7\u00e3o da an\u00e1lise de Big Data | Commerce and Investment Promotion Institute","og_description":"Com vista &agrave; promo&ccedil;&atilde;o cont&iacute;nua do desenvolvimento profissional e orientado para o mercado do sector de conven&ccedil;&otilde;es e exposi&ccedil;&otilde;es, o Instituto de Promo&ccedil;&atilde;o do Com&eacute;rcio [&hellip;]","og_url":"https:\/\/www.ipim.gov.mo\/pt-pt\/noticias-do-ipim\/2022-09-11-formacao-tematica-destinada-as-convencoes-e-exposicoes-sob-a-organizacao-do-ipim-ajudando-a-industria-a-conhecer-a-aplicacao-da-analise-de-big-data\/","og_site_name":"Commerce and Investment Promotion Institute","article_published_time":"2022-09-11T02:30:00+00:00","og_image":[{"width":1024,"height":768,"url":"https:\/\/www.ipim.gov.mo\/wp-content\/uploads\/2024\/07\/ipim-post-default.jpg","type":"image\/jpeg"}],"author":"admin","twitter_card":"summary_large_image","twitter_misc":{"Written by":"admin","Est. reading time":"5 minutes"},"schema":{"@context":"https:\/\/schema.org","@graph":[{"@type":"WebPage","@id":"https:\/\/www.ipim.gov.mo\/pt-pt\/noticias-do-ipim\/2022-09-11-formacao-tematica-destinada-as-convencoes-e-exposicoes-sob-a-organizacao-do-ipim-ajudando-a-industria-a-conhecer-a-aplicacao-da-analise-de-big-data\/","url":"https:\/\/www.ipim.gov.mo\/pt-pt\/noticias-do-ipim\/2022-09-11-formacao-tematica-destinada-as-convencoes-e-exposicoes-sob-a-organizacao-do-ipim-ajudando-a-industria-a-conhecer-a-aplicacao-da-analise-de-big-data\/","name":"[2022\/09\/11] Forma\u00e7\u00e3o tem\u00e1tica destinada \u00e0s conven\u00e7\u00f5es e exposi\u00e7\u00f5es sob a organiza\u00e7\u00e3o do IPIM, ajudando a ind\u00fastria a conhecer a aplica\u00e7\u00e3o da an\u00e1lise de Big Data | Commerce and Investment Promotion Institute","isPartOf":{"@id":"https:\/\/www.ipim.gov.mo\/zh-hans\/#website"},"primaryImageOfPage":{"@id":"https:\/\/www.ipim.gov.mo\/pt-pt\/noticias-do-ipim\/2022-09-11-formacao-tematica-destinada-as-convencoes-e-exposicoes-sob-a-organizacao-do-ipim-ajudando-a-industria-a-conhecer-a-aplicacao-da-analise-de-big-data\/#primaryimage"},"image":{"@id":"https:\/\/www.ipim.gov.mo\/pt-pt\/noticias-do-ipim\/2022-09-11-formacao-tematica-destinada-as-convencoes-e-exposicoes-sob-a-organizacao-do-ipim-ajudando-a-industria-a-conhecer-a-aplicacao-da-analise-de-big-data\/#primaryimage"},"thumbnailUrl":"https:\/\/www.ipim.gov.mo\/wp-content\/uploads\/2024\/07\/ipim-post-default.jpg","datePublished":"2022-09-11T02:30:00+00:00","breadcrumb":{"@id":"https:\/\/www.ipim.gov.mo\/pt-pt\/noticias-do-ipim\/2022-09-11-formacao-tematica-destinada-as-convencoes-e-exposicoes-sob-a-organizacao-do-ipim-ajudando-a-industria-a-conhecer-a-aplicacao-da-analise-de-big-data\/#breadcrumb"},"inLanguage":"pt-PT","potentialAction":[{"@type":"ReadAction","target":["https:\/\/www.ipim.gov.mo\/pt-pt\/noticias-do-ipim\/2022-09-11-formacao-tematica-destinada-as-convencoes-e-exposicoes-sob-a-organizacao-do-ipim-ajudando-a-industria-a-conhecer-a-aplicacao-da-analise-de-big-data\/"]}]},{"@type":"ImageObject","inLanguage":"pt-PT","@id":"https:\/\/www.ipim.gov.mo\/pt-pt\/noticias-do-ipim\/2022-09-11-formacao-tematica-destinada-as-convencoes-e-exposicoes-sob-a-organizacao-do-ipim-ajudando-a-industria-a-conhecer-a-aplicacao-da-analise-de-big-data\/#primaryimage","url":"https:\/\/www.ipim.gov.mo\/wp-content\/uploads\/2024\/07\/ipim-post-default.jpg","contentUrl":"https:\/\/www.ipim.gov.mo\/wp-content\/uploads\/2024\/07\/ipim-post-default.jpg","width":1024,"height":768},{"@type":"BreadcrumbList","@id":"https:\/\/www.ipim.gov.mo\/pt-pt\/noticias-do-ipim\/2022-09-11-formacao-tematica-destinada-as-convencoes-e-exposicoes-sob-a-organizacao-do-ipim-ajudando-a-industria-a-conhecer-a-aplicacao-da-analise-de-big-data\/#breadcrumb","itemListElement":[{"@type":"ListItem","position":1,"name":"Home","item":"https:\/\/www.ipim.gov.mo\/pt-pt\/"},{"@type":"ListItem","position":2,"name":"[2022\/09\/11] Forma\u00e7\u00e3o tem\u00e1tica destinada \u00e0s conven\u00e7\u00f5es e exposi\u00e7\u00f5es sob a organiza\u00e7\u00e3o do IPIM, ajudando a ind\u00fastria a conhecer a aplica\u00e7\u00e3o da an\u00e1lise de Big Data"}]},{"@type":"WebSite","@id":"https:\/\/www.ipim.gov.mo\/zh-hans\/#website","url":"https:\/\/www.ipim.gov.mo\/zh-hans\/","name":"Commerce and Investment Promotion Institute","description":"Commerce and Investment Promotion Institute","publisher":{"@id":"https:\/\/www.ipim.gov.mo\/zh-hans\/#organization"},"potentialAction":[{"@type":"SearchAction","target":{"@type":"EntryPoint","urlTemplate":"https:\/\/www.ipim.gov.mo\/zh-hans\/?s={search_term_string}"},"query-input":{"@type":"PropertyValueSpecification","valueRequired":true,"valueName":"search_term_string"}}],"inLanguage":"pt-PT"},{"@type":"Organization","@id":"https:\/\/www.ipim.gov.mo\/zh-hans\/#organization","name":"IPIM","url":"https:\/\/www.ipim.gov.mo\/zh-hans\/","logo":{"@type":"ImageObject","inLanguage":"pt-PT","@id":"https:\/\/www.ipim.gov.mo\/zh-hans\/#\/schema\/logo\/image\/","url":"https:\/\/www.ipim.gov.mo\/wp-content\/uploads\/2022\/10\/default-post-thumbnail-ipim-logo.png","contentUrl":"https:\/\/www.ipim.gov.mo\/wp-content\/uploads\/2022\/10\/default-post-thumbnail-ipim-logo.png","width":1024,"height":768,"caption":"IPIM"},"image":{"@id":"https:\/\/www.ipim.gov.mo\/zh-hans\/#\/schema\/logo\/image\/"}}]}},"author_meta":{"display_name":"admin","author_link":"https:\/\/www.ipim.gov.mo\/pt-pt\/author\/admin\/"},"featured_img":"https:\/\/www.ipim.gov.mo\/wp-content\/uploads\/2024\/07\/ipim-post-default-300x225.jpg","coauthors":[],"tax_additional":{"categories":{"linked":["<a href=\"https:\/\/www.ipim.gov.mo\/pt-pt\/category\/noticias-do-ipim\/\" class=\"advgb-post-tax-term\">Not\u00edcias do IPIM<\/a>"],"unlinked":["<span class=\"advgb-post-tax-term\">Not\u00edcias do IPIM<\/span>"]}},"comment_count":"0","relative_dates":{"created":"Posted 4 years ago","modified":"Updated 4 years ago"},"absolute_dates":{"created":"Posted on Setembro 11, 2022","modified":"Updated on Setembro 11, 2022"},"absolute_dates_time":{"created":"Posted on Setembro 11, 2022 10:30 am","modified":"Updated on Setembro 11, 2022 10:30 am"},"featured_img_caption":"","series_order":"","_links":{"self":[{"href":"https:\/\/www.ipim.gov.mo\/pt-pt\/wp-json\/wp\/v2\/posts\/399612","targetHints":{"allow":["GET"]}}],"collection":[{"href":"https:\/\/www.ipim.gov.mo\/pt-pt\/wp-json\/wp\/v2\/posts"}],"about":[{"href":"https:\/\/www.ipim.gov.mo\/pt-pt\/wp-json\/wp\/v2\/types\/post"}],"author":[{"embeddable":true,"href":"https:\/\/www.ipim.gov.mo\/pt-pt\/wp-json\/wp\/v2\/users\/1"}],"replies":[{"embeddable":true,"href":"https:\/\/www.ipim.gov.mo\/pt-pt\/wp-json\/wp\/v2\/comments?post=399612"}],"version-history":[{"count":0,"href":"https:\/\/www.ipim.gov.mo\/pt-pt\/wp-json\/wp\/v2\/posts\/399612\/revisions"}],"wp:featuredmedia":[{"embeddable":true,"href":"https:\/\/www.ipim.gov.mo\/pt-pt\/wp-json\/wp\/v2\/media\/467868"}],"wp:attachment":[{"href":"https:\/\/www.ipim.gov.mo\/pt-pt\/wp-json\/wp\/v2\/media?parent=399612"}],"wp:term":[{"taxonomy":"category","embeddable":true,"href":"https:\/\/www.ipim.gov.mo\/pt-pt\/wp-json\/wp\/v2\/categories?post=399612"},{"taxonomy":"post_tag","embeddable":true,"href":"https:\/\/www.ipim.gov.mo\/pt-pt\/wp-json\/wp\/v2\/tags?post=399612"}],"curies":[{"name":"wp","href":"https:\/\/api.w.org\/{rel}","templated":true}]}}