{"id":398426,"date":"2022-09-03T10:00:00","date_gmt":"2022-09-03T02:00:00","guid":{"rendered":"https:\/\/www.ipim.gov.mo\/2022-09-03-%e6%be%b3%e7%90%b4%e5%90%88%e5%8a%9b%e6%8b%9b%e5%95%86%e5%bc%95%e8%b3%87-%e7%b7%9a%e4%b8%8a%e8%81%af%e5%8b%95%e8%91%a1%e8%aa%9e%e5%9c%8b%e5%ae%b6%e8%8f%af%e5%95%86%e3%80%81%e4%b8%ad\/"},"modified":"2022-09-05T19:02:56","modified_gmt":"2022-09-05T11:02:56","slug":"2022-09-03-%e6%be%b3%e7%90%b4%e5%90%88%e5%8a%9b%e6%8b%9b%e5%95%86%e5%bc%95%e8%b3%87-%e7%b7%9a%e4%b8%8a%e8%81%af%e5%8b%95%e8%91%a1%e8%aa%9e%e5%9c%8b%e5%ae%b6%e8%8f%af%e5%95%86%e3%80%81%e4%b8%ad","status":"publish","type":"post","link":"https:\/\/www.ipim.gov.mo\/pt-pt\/noticias-do-ipim\/2022-09-03-%e6%be%b3%e7%90%b4%e5%90%88%e5%8a%9b%e6%8b%9b%e5%95%86%e5%bc%95%e8%b3%87-%e7%b7%9a%e4%b8%8a%e8%81%af%e5%8b%95%e8%91%a1%e8%aa%9e%e5%9c%8b%e5%ae%b6%e8%8f%af%e5%95%86%e3%80%81%e4%b8%ad\/","title":{"rendered":"[2022\/09\/03] Macau coopera com Hengqin na atrac\u00e7\u00e3o de investimentos e de neg\u00f3cios, congregando, via online, os empres\u00e1rios chineses e pequenas e m\u00e9dias empresas dos pa\u00edses de l\u00edngua portuguesa"},"content":{"rendered":"<p style=\"text-align: justify;\">Com o objectivo de divulgar, as vantagens dos neg\u00f3cios de Macau e da Zona de Coopera\u00e7\u00e3o Aprofundada em Hengqin, o Instituto de Promo\u00e7\u00e3o do Com\u00e9rcio e do Investimento de Macau (IPIM), em coopera\u00e7\u00e3o com associa\u00e7\u00f5es e c\u00e2maras comerciais, organizou, nos dias 24 e 31 de Agosto, duas sess\u00f5es de apresenta\u00e7\u00e3o <em>online,<\/em> com o tema \u201cAproveite Macau, Aproveite as Oportunidades dos Pa\u00edses de L\u00edngua Portuguesa\u201d, apresentando os servi\u00e7os profissionais de Macau em finan\u00e7as e direito, bem como o ambiente comercial na Zona de Coopera\u00e7\u00e3o Aprofundada. No total, participaram, via <em>online<\/em>, mais de 100 membros e representantes de associa\u00e7\u00f5es e c\u00e2maras comerciais e de empresas dos Pa\u00edses de L\u00edngua Portuguesa. Alguns empres\u00e1rios chineses e pequenas e m\u00e9dias empresas do mundo lus\u00f3fono manifestaram inten\u00e7\u00f5es de se instalarem em Macau ou na Zona de Coopera\u00e7\u00e3o Aprofundada e, por isso, trocaram activamente opini\u00f5es com os oradores.<\/p>\n<p style=\"text-align: justify;\"><strong>Talentos nas \u00e1reas profissionais reunidos divulgam o ambiente comercial de Macau<\/strong><\/p>\n<p style=\"text-align: justify;\">A primeira sess\u00e3o de apresenta\u00e7\u00e3o <em>online<\/em> foi co-organizada pelo IPIM, pela PorCham Greater China e pelo Centro de Coopera\u00e7\u00e3o Internacional de Investimento e Com\u00e9rcio Sino-Portugu\u00eas (CCIICSP). Por sua vez, a segunda sess\u00e3o de apresenta\u00e7\u00e3o <em>online<\/em> foi co-organizada pelo IPIM e pela C\u00e2mara de Com\u00e9rcio de Pequenas e M\u00e9dias Empresas Portugal\u2013China. Nestas duas sess\u00f5es, foram convidados, respectivamente, respons\u00e1veis da Direc\u00e7\u00e3o dos Servi\u00e7os de Desenvolvimento Econ\u00f3mico da Zona de Coopera\u00e7\u00e3o Aprofundada entre Guangdong e Macau em Hengqin, para apresentarem o ambiente comercial da Zona de Coopera\u00e7\u00e3o Aprofundada, e profissionais da Associa\u00e7\u00e3o dos Advogados de Macau, da Associa\u00e7\u00e3o de Bancos de Macau e da China\u2013Portuguese Speaking Countries Investment Management Company Limited, para fazerem apresenta\u00e7\u00f5es tem\u00e1ticas, aproveitando as suas redes comerciais e os contactos com os Pa\u00edses de L\u00edngua Portuguesa e divulgando os seus servi\u00e7os profissionais bilingues chin\u00eas\u2013portugu\u00eas. As associa\u00e7\u00f5es e c\u00e2maras comerciais do mundo lus\u00f3fono tamb\u00e9m partilharam as suas experi\u00eancias de com\u00e9rcio e de investimento durante o evento.<\/p>\n<p style=\"text-align: justify;\"><strong>Servi\u00e7o de Conduta do Com\u00e9rcio China\u2013PLP abre mercados para investidores<\/strong><\/p>\n<p style=\"text-align: justify;\">Segundo o representante do IPIM, desde 2018 at\u00e9 agora, o servi\u00e7o de Conduta do Com\u00e9rcio China\u2013PLP tem atendido mais de 730 projectos, prestando servi\u00e7os como consultoria comercial, bolsas de contactos para projectos e funda\u00e7\u00e3o de novas empresas, em benef\u00edcio das empresas e institui\u00e7\u00f5es com interesse em expandir neg\u00f3cios nos mercados da China e dos Pa\u00edses de L\u00edngua Portuguesa, ajudando-as a aproveitar as oportunidades de desenvolvimento nestes pa\u00edses.<\/p>\n<p style=\"text-align: justify;\"><strong>Zona de Coopera\u00e7\u00e3o Aprofundada empenha-se em promover a diversifica\u00e7\u00e3o adequada da economia de Macau<\/strong><\/p>\n<p style=\"text-align: justify;\">Segundo o Director Interino da Direc\u00e7\u00e3o dos Servi\u00e7os de Desenvolvimento Econ\u00f3mico da Zona de Coopera\u00e7\u00e3o Aprofundada entre Guangdong e Macau em Hengqin, Dr. Ant\u00f3nio Lei Chi Wai, a Zona de Coopera\u00e7\u00e3o Aprofundada \u00e9 uma plataforma importante para promover a diversifica\u00e7\u00e3o adequada da economia de Macau. Desde a entrada em funcionamento dos \u00f3rg\u00e3os de gest\u00e3o da Zona de Coopera\u00e7\u00e3o Aprofundada, a mesma tem-se esfor\u00e7ado para impulsionar o desenvolvimento integrado de Macau e Hengqin. Actualmente, as pol\u00edticas preferenciais de \u201cduplo 15%\u201d, respectivamente do imposto sobre o rendimento das pessoas singulares e do imposto sobre o rendimento das pessoas colectivas, bem como as pol\u00edticas de benef\u00edcio do imposto sobre o rendimento das pessoas singulares para os residentes de Macau, est\u00e3o a ser implementadas de modo ordenado, enquanto outras pol\u00edticas industriais ser\u00e3o tamb\u00e9m lan\u00e7adas sucessivamente. Al\u00e9m disso, a Zona de Coopera\u00e7\u00e3o Aprofundada prev\u00ea que toda a ilha tenha condi\u00e7\u00f5es para funcionar como zona aduaneira aut\u00f3noma at\u00e9 ao final de 2022, o que ir\u00e1 acelerar ainda mais o processo da sua integra\u00e7\u00e3o com Macau. Nesse sentido, a Direc\u00e7\u00e3o manifestou as boas-vindas \u00e0s empresas, para aproveitarem a ind\u00fastria do com\u00e9rcio electr\u00f3nico transfronteiri\u00e7o como ponto de entrada para abrir o mercado do Interior da China atrav\u00e9s de Hengqin. Ali\u00e1s, o estabelecimento do Gabinete de Coopera\u00e7\u00e3o de Tributa\u00e7\u00e3o para os Pa\u00edses e Regi\u00f5es de L\u00edngua Portuguesa em Hengqin ir\u00e1 tamb\u00e9m facilitar os empres\u00e1rios do mundo lus\u00f3fono em rela\u00e7\u00e3o \u00e0 tributa\u00e7\u00e3o na ilha.<\/p>\n<p style=\"text-align: justify;\">No futuro, o IPIM ir\u00e1 continuar a organizar sess\u00f5es de apresenta\u00e7\u00e3o de mesma categoria e a trabalhar com as associa\u00e7\u00f5es e c\u00e2maras comerciais dos Pa\u00edses de L\u00edngua Portuguesa, para divulgar, de forma virtual e f\u00edsica, o ambiente comercial em Macau, com vista a atrair mais empresas lus\u00f3fonas para se estabelecerem em Macau e a promover as coopera\u00e7\u00f5es bilaterais em investimento e com\u00e9rcio entre os mercados do Interior da China e dos Pa\u00edses de L\u00edngua Portuguesa.<\/p>\n<div class=\"wp-caption alignnone\"><a href=\"https:\/\/www.gcs.gov.mo\/news\/p\/P22IBDkTnc\/l\" data-fancybox=\"gallery\" data-caption=\"O IPIM organizou, nos dias 24 e 31 de Agosto, em coopera\u00e7\u00e3o com associa\u00e7\u00f5es e c\u00e2maras comerciais, duas sess\u00f5es de apresenta\u00e7\u00e3o online, com o tema \u201cAproveite Macau, Aproveite as Oportunidades dos Pa\u00edses de L\u00edngua Portuguesa\u201d.\" data-type=\"image\"><br \/>\n<img decoding=\"async\" class=\"size-large\" src=\"https:\/\/www.gcs.gov.mo\/news\/p\/P22IBDkTnc\/l\" alt=\"O IPIM organizou, nos dias 24 e 31 de Agosto, em coopera\u00e7\u00e3o com associa\u00e7\u00f5es e c\u00e2maras comerciais, duas sess\u00f5es de apresenta\u00e7\u00e3o online, com o tema \u201cAproveite Macau, Aproveite as Oportunidades dos Pa\u00edses de L\u00edngua Portuguesa\u201d.\" width=\"1024\" \/><br \/>\n<\/a><\/p>\n<p class=\"wp-caption-text\">O IPIM organizou, nos dias 24 e 31 de Agosto, em coopera\u00e7\u00e3o com associa\u00e7\u00f5es e c\u00e2maras comerciais, duas sess\u00f5es de apresenta\u00e7\u00e3o online, com o tema \u201cAproveite Macau, Aproveite as Oportunidades dos Pa\u00edses de L\u00edngua Portuguesa\u201d.<\/p>\n<\/div>\n<div class=\"wp-caption alignnone\"><a href=\"https:\/\/www.gcs.gov.mo\/news\/p\/P22IBReHNN\/l\" data-fancybox=\"gallery\" data-caption=\"Nas duas sess\u00f5es de apresenta\u00e7\u00e3o online, participaram mais de 100 membros e representantes de associa\u00e7\u00f5es e c\u00e2maras comerciais e de empresas dos Pa\u00edses de L\u00edngua Portuguesa.\" data-type=\"image\"><br \/>\n<img decoding=\"async\" class=\"size-large\" src=\"https:\/\/www.gcs.gov.mo\/news\/p\/P22IBReHNN\/l\" alt=\"Nas duas sess\u00f5es de apresenta\u00e7\u00e3o online, participaram mais de 100 membros e representantes de associa\u00e7\u00f5es e c\u00e2maras comerciais e de empresas dos Pa\u00edses de L\u00edngua Portuguesa.\" width=\"1024\" \/><br \/>\n<\/a><\/p>\n<p class=\"wp-caption-text\">Nas duas sess\u00f5es de apresenta\u00e7\u00e3o online, participaram mais de 100 membros e representantes de associa\u00e7\u00f5es e c\u00e2maras comerciais e de empresas dos Pa\u00edses de L\u00edngua Portuguesa.<\/p>\n<\/div>\n<div class=\"wp-caption alignnone\"><a href=\"https:\/\/www.gcs.gov.mo\/news\/p\/P22IB2hSZf\/l\" data-fancybox=\"gallery\" data-caption=\"As entidades organizadoras das sess\u00f5es de apresenta\u00e7\u00e3o online fizeram apresenta\u00e7\u00f5es tem\u00e1ticas e partilharam experi\u00eancias com os participantes.\" data-type=\"image\"><br \/>\n<img decoding=\"async\" class=\"size-large\" src=\"https:\/\/www.gcs.gov.mo\/news\/p\/P22IB2hSZf\/l\" alt=\"As entidades organizadoras das sess\u00f5es de apresenta\u00e7\u00e3o online fizeram apresenta\u00e7\u00f5es tem\u00e1ticas e partilharam experi\u00eancias com os participantes.\" width=\"1024\" \/><br \/>\n<\/a><\/p>\n<p class=\"wp-caption-text\">As entidades organizadoras das sess\u00f5es de apresenta\u00e7\u00e3o online fizeram apresenta\u00e7\u00f5es tem\u00e1ticas e partilharam experi\u00eancias com os participantes.<\/p>\n<\/div>\n","protected":false},"excerpt":{"rendered":"<p>Com o objectivo de divulgar, as vantagens dos neg\u00f3cios de Macau e da Zona de Coopera\u00e7\u00e3o Aprofundada em Hengqin, o Instituto de Promo\u00e7\u00e3o do Com\u00e9rcio [&hellip;]<\/p>\n","protected":false},"author":1,"featured_media":467868,"comment_status":"closed","ping_status":"closed","sticky":false,"template":"","format":"standard","meta":{"_acf_changed":false,"inline_featured_image":false,"advgb_blocks_editor_width":"","advgb_blocks_columns_visual_guide":"","footnotes":""},"categories":[12],"tags":[],"class_list":["post-398426","post","type-post","status-publish","format-standard","has-post-thumbnail","hentry","category-noticias-do-ipim"],"acf":[],"yoast_head":"<!-- This site is optimized with the Yoast SEO plugin v26.2 - https:\/\/yoast.com\/wordpress\/plugins\/seo\/ -->\r\n<title>[2022\/09\/03] Macau coopera com Hengqin na atrac\u00e7\u00e3o de investimentos e de neg\u00f3cios, congregando, via online, os empres\u00e1rios chineses e pequenas e m\u00e9dias empresas dos pa\u00edses de l\u00edngua portuguesa | Commerce and Investment Promotion Institute<\/title>\r\n<meta name=\"robots\" content=\"index, follow, max-snippet:-1, max-image-preview:large, max-video-preview:-1\" \/>\r\n<link rel=\"canonical\" href=\"https:\/\/www.ipim.gov.mo\/pt-pt\/noticias-do-ipim\/2022-09-03-\u6fb3\u7434\u5408\u529b\u62db\u5546\u5f15\u8cc7-\u7dda\u4e0a\u806f\u52d5\u8461\u8a9e\u570b\u5bb6\u83ef\u5546\u3001\u4e2d\/\" \/>\r\n<meta property=\"og:locale\" content=\"pt_PT\" \/>\r\n<meta property=\"og:type\" content=\"article\" \/>\r\n<meta property=\"og:title\" content=\"[2022\/09\/03] Macau coopera com Hengqin na atrac\u00e7\u00e3o de investimentos e de neg\u00f3cios, congregando, via online, os empres\u00e1rios chineses e pequenas e m\u00e9dias empresas dos pa\u00edses de l\u00edngua portuguesa | Commerce and Investment Promotion Institute\" \/>\r\n<meta property=\"og:description\" content=\"Com o objectivo de divulgar, as vantagens dos neg\u00f3cios de Macau e da Zona de Coopera\u00e7\u00e3o Aprofundada em Hengqin, o Instituto de Promo\u00e7\u00e3o do Com\u00e9rcio [&hellip;]\" \/>\r\n<meta property=\"og:url\" content=\"https:\/\/www.ipim.gov.mo\/pt-pt\/noticias-do-ipim\/2022-09-03-\u6fb3\u7434\u5408\u529b\u62db\u5546\u5f15\u8cc7-\u7dda\u4e0a\u806f\u52d5\u8461\u8a9e\u570b\u5bb6\u83ef\u5546\u3001\u4e2d\/\" \/>\r\n<meta property=\"og:site_name\" content=\"Commerce and Investment Promotion Institute\" \/>\r\n<meta property=\"article:published_time\" content=\"2022-09-03T02:00:00+00:00\" \/>\r\n<meta property=\"article:modified_time\" content=\"2022-09-05T11:02:56+00:00\" \/>\r\n<meta property=\"og:image\" content=\"https:\/\/www.ipim.gov.mo\/wp-content\/uploads\/2024\/07\/ipim-post-default.jpg\" \/>\r\n\t<meta property=\"og:image:width\" content=\"1024\" \/>\r\n\t<meta property=\"og:image:height\" content=\"768\" \/>\r\n\t<meta property=\"og:image:type\" content=\"image\/jpeg\" \/>\r\n<meta name=\"author\" content=\"admin\" \/>\r\n<meta name=\"twitter:card\" content=\"summary_large_image\" \/>\r\n<meta name=\"twitter:label1\" content=\"Written by\" \/>\n\t<meta name=\"twitter:data1\" content=\"admin\" \/>\n\t<meta name=\"twitter:label2\" content=\"Est. reading time\" \/>\n\t<meta name=\"twitter:data2\" content=\"5 minutes\" \/>\r\n<script type=\"application\/ld+json\" class=\"yoast-schema-graph\">{\"@context\":\"https:\/\/schema.org\",\"@graph\":[{\"@type\":\"WebPage\",\"@id\":\"https:\/\/www.ipim.gov.mo\/pt-pt\/noticias-do-ipim\/2022-09-03-%e6%be%b3%e7%90%b4%e5%90%88%e5%8a%9b%e6%8b%9b%e5%95%86%e5%bc%95%e8%b3%87-%e7%b7%9a%e4%b8%8a%e8%81%af%e5%8b%95%e8%91%a1%e8%aa%9e%e5%9c%8b%e5%ae%b6%e8%8f%af%e5%95%86%e3%80%81%e4%b8%ad\/\",\"url\":\"https:\/\/www.ipim.gov.mo\/pt-pt\/noticias-do-ipim\/2022-09-03-%e6%be%b3%e7%90%b4%e5%90%88%e5%8a%9b%e6%8b%9b%e5%95%86%e5%bc%95%e8%b3%87-%e7%b7%9a%e4%b8%8a%e8%81%af%e5%8b%95%e8%91%a1%e8%aa%9e%e5%9c%8b%e5%ae%b6%e8%8f%af%e5%95%86%e3%80%81%e4%b8%ad\/\",\"name\":\"[2022\/09\/03] Macau coopera com Hengqin na atrac\u00e7\u00e3o de investimentos e de neg\u00f3cios, congregando, via online, os empres\u00e1rios chineses e pequenas e m\u00e9dias empresas dos pa\u00edses de l\u00edngua portuguesa | Commerce and Investment Promotion Institute\",\"isPartOf\":{\"@id\":\"https:\/\/www.ipim.gov.mo\/zh-hans\/#website\"},\"primaryImageOfPage\":{\"@id\":\"https:\/\/www.ipim.gov.mo\/pt-pt\/noticias-do-ipim\/2022-09-03-%e6%be%b3%e7%90%b4%e5%90%88%e5%8a%9b%e6%8b%9b%e5%95%86%e5%bc%95%e8%b3%87-%e7%b7%9a%e4%b8%8a%e8%81%af%e5%8b%95%e8%91%a1%e8%aa%9e%e5%9c%8b%e5%ae%b6%e8%8f%af%e5%95%86%e3%80%81%e4%b8%ad\/#primaryimage\"},\"image\":{\"@id\":\"https:\/\/www.ipim.gov.mo\/pt-pt\/noticias-do-ipim\/2022-09-03-%e6%be%b3%e7%90%b4%e5%90%88%e5%8a%9b%e6%8b%9b%e5%95%86%e5%bc%95%e8%b3%87-%e7%b7%9a%e4%b8%8a%e8%81%af%e5%8b%95%e8%91%a1%e8%aa%9e%e5%9c%8b%e5%ae%b6%e8%8f%af%e5%95%86%e3%80%81%e4%b8%ad\/#primaryimage\"},\"thumbnailUrl\":\"https:\/\/www.ipim.gov.mo\/wp-content\/uploads\/2024\/07\/ipim-post-default.jpg\",\"datePublished\":\"2022-09-03T02:00:00+00:00\",\"dateModified\":\"2022-09-05T11:02:56+00:00\",\"breadcrumb\":{\"@id\":\"https:\/\/www.ipim.gov.mo\/pt-pt\/noticias-do-ipim\/2022-09-03-%e6%be%b3%e7%90%b4%e5%90%88%e5%8a%9b%e6%8b%9b%e5%95%86%e5%bc%95%e8%b3%87-%e7%b7%9a%e4%b8%8a%e8%81%af%e5%8b%95%e8%91%a1%e8%aa%9e%e5%9c%8b%e5%ae%b6%e8%8f%af%e5%95%86%e3%80%81%e4%b8%ad\/#breadcrumb\"},\"inLanguage\":\"pt-PT\",\"potentialAction\":[{\"@type\":\"ReadAction\",\"target\":[\"https:\/\/www.ipim.gov.mo\/pt-pt\/noticias-do-ipim\/2022-09-03-%e6%be%b3%e7%90%b4%e5%90%88%e5%8a%9b%e6%8b%9b%e5%95%86%e5%bc%95%e8%b3%87-%e7%b7%9a%e4%b8%8a%e8%81%af%e5%8b%95%e8%91%a1%e8%aa%9e%e5%9c%8b%e5%ae%b6%e8%8f%af%e5%95%86%e3%80%81%e4%b8%ad\/\"]}]},{\"@type\":\"ImageObject\",\"inLanguage\":\"pt-PT\",\"@id\":\"https:\/\/www.ipim.gov.mo\/pt-pt\/noticias-do-ipim\/2022-09-03-%e6%be%b3%e7%90%b4%e5%90%88%e5%8a%9b%e6%8b%9b%e5%95%86%e5%bc%95%e8%b3%87-%e7%b7%9a%e4%b8%8a%e8%81%af%e5%8b%95%e8%91%a1%e8%aa%9e%e5%9c%8b%e5%ae%b6%e8%8f%af%e5%95%86%e3%80%81%e4%b8%ad\/#primaryimage\",\"url\":\"https:\/\/www.ipim.gov.mo\/wp-content\/uploads\/2024\/07\/ipim-post-default.jpg\",\"contentUrl\":\"https:\/\/www.ipim.gov.mo\/wp-content\/uploads\/2024\/07\/ipim-post-default.jpg\",\"width\":1024,\"height\":768},{\"@type\":\"BreadcrumbList\",\"@id\":\"https:\/\/www.ipim.gov.mo\/pt-pt\/noticias-do-ipim\/2022-09-03-%e6%be%b3%e7%90%b4%e5%90%88%e5%8a%9b%e6%8b%9b%e5%95%86%e5%bc%95%e8%b3%87-%e7%b7%9a%e4%b8%8a%e8%81%af%e5%8b%95%e8%91%a1%e8%aa%9e%e5%9c%8b%e5%ae%b6%e8%8f%af%e5%95%86%e3%80%81%e4%b8%ad\/#breadcrumb\",\"itemListElement\":[{\"@type\":\"ListItem\",\"position\":1,\"name\":\"Home\",\"item\":\"https:\/\/www.ipim.gov.mo\/pt-pt\/\"},{\"@type\":\"ListItem\",\"position\":2,\"name\":\"[2022\/09\/03] Macau coopera com Hengqin na atrac\u00e7\u00e3o de investimentos e de neg\u00f3cios, congregando, via online, os empres\u00e1rios chineses e pequenas e m\u00e9dias empresas dos pa\u00edses de l\u00edngua portuguesa\"}]},{\"@type\":\"WebSite\",\"@id\":\"https:\/\/www.ipim.gov.mo\/zh-hans\/#website\",\"url\":\"https:\/\/www.ipim.gov.mo\/zh-hans\/\",\"name\":\"Commerce and Investment Promotion Institute\",\"description\":\"Commerce and Investment Promotion Institute\",\"publisher\":{\"@id\":\"https:\/\/www.ipim.gov.mo\/zh-hans\/#organization\"},\"potentialAction\":[{\"@type\":\"SearchAction\",\"target\":{\"@type\":\"EntryPoint\",\"urlTemplate\":\"https:\/\/www.ipim.gov.mo\/zh-hans\/?s={search_term_string}\"},\"query-input\":{\"@type\":\"PropertyValueSpecification\",\"valueRequired\":true,\"valueName\":\"search_term_string\"}}],\"inLanguage\":\"pt-PT\"},{\"@type\":\"Organization\",\"@id\":\"https:\/\/www.ipim.gov.mo\/zh-hans\/#organization\",\"name\":\"IPIM\",\"url\":\"https:\/\/www.ipim.gov.mo\/zh-hans\/\",\"logo\":{\"@type\":\"ImageObject\",\"inLanguage\":\"pt-PT\",\"@id\":\"https:\/\/www.ipim.gov.mo\/zh-hans\/#\/schema\/logo\/image\/\",\"url\":\"https:\/\/www.ipim.gov.mo\/wp-content\/uploads\/2022\/10\/default-post-thumbnail-ipim-logo.png\",\"contentUrl\":\"https:\/\/www.ipim.gov.mo\/wp-content\/uploads\/2022\/10\/default-post-thumbnail-ipim-logo.png\",\"width\":1024,\"height\":768,\"caption\":\"IPIM\"},\"image\":{\"@id\":\"https:\/\/www.ipim.gov.mo\/zh-hans\/#\/schema\/logo\/image\/\"}}]}<\/script>\r\n<!-- \/ Yoast SEO plugin. -->","yoast_head_json":{"title":"[2022\/09\/03] Macau coopera com Hengqin na atrac\u00e7\u00e3o de investimentos e de neg\u00f3cios, congregando, via online, os empres\u00e1rios chineses e pequenas e m\u00e9dias empresas dos pa\u00edses de l\u00edngua portuguesa | Commerce and Investment Promotion Institute","robots":{"index":"index","follow":"follow","max-snippet":"max-snippet:-1","max-image-preview":"max-image-preview:large","max-video-preview":"max-video-preview:-1"},"canonical":"https:\/\/www.ipim.gov.mo\/pt-pt\/noticias-do-ipim\/2022-09-03-\u6fb3\u7434\u5408\u529b\u62db\u5546\u5f15\u8cc7-\u7dda\u4e0a\u806f\u52d5\u8461\u8a9e\u570b\u5bb6\u83ef\u5546\u3001\u4e2d\/","og_locale":"pt_PT","og_type":"article","og_title":"[2022\/09\/03] Macau coopera com Hengqin na atrac\u00e7\u00e3o de investimentos e de neg\u00f3cios, congregando, via online, os empres\u00e1rios chineses e pequenas e m\u00e9dias empresas dos pa\u00edses de l\u00edngua portuguesa | Commerce and Investment Promotion Institute","og_description":"Com o objectivo de divulgar, as vantagens dos neg\u00f3cios de Macau e da Zona de Coopera\u00e7\u00e3o Aprofundada em Hengqin, o Instituto de Promo\u00e7\u00e3o do Com\u00e9rcio [&hellip;]","og_url":"https:\/\/www.ipim.gov.mo\/pt-pt\/noticias-do-ipim\/2022-09-03-\u6fb3\u7434\u5408\u529b\u62db\u5546\u5f15\u8cc7-\u7dda\u4e0a\u806f\u52d5\u8461\u8a9e\u570b\u5bb6\u83ef\u5546\u3001\u4e2d\/","og_site_name":"Commerce and Investment Promotion Institute","article_published_time":"2022-09-03T02:00:00+00:00","article_modified_time":"2022-09-05T11:02:56+00:00","og_image":[{"width":1024,"height":768,"url":"https:\/\/www.ipim.gov.mo\/wp-content\/uploads\/2024\/07\/ipim-post-default.jpg","type":"image\/jpeg"}],"author":"admin","twitter_card":"summary_large_image","twitter_misc":{"Written by":"admin","Est. reading time":"5 minutes"},"schema":{"@context":"https:\/\/schema.org","@graph":[{"@type":"WebPage","@id":"https:\/\/www.ipim.gov.mo\/pt-pt\/noticias-do-ipim\/2022-09-03-%e6%be%b3%e7%90%b4%e5%90%88%e5%8a%9b%e6%8b%9b%e5%95%86%e5%bc%95%e8%b3%87-%e7%b7%9a%e4%b8%8a%e8%81%af%e5%8b%95%e8%91%a1%e8%aa%9e%e5%9c%8b%e5%ae%b6%e8%8f%af%e5%95%86%e3%80%81%e4%b8%ad\/","url":"https:\/\/www.ipim.gov.mo\/pt-pt\/noticias-do-ipim\/2022-09-03-%e6%be%b3%e7%90%b4%e5%90%88%e5%8a%9b%e6%8b%9b%e5%95%86%e5%bc%95%e8%b3%87-%e7%b7%9a%e4%b8%8a%e8%81%af%e5%8b%95%e8%91%a1%e8%aa%9e%e5%9c%8b%e5%ae%b6%e8%8f%af%e5%95%86%e3%80%81%e4%b8%ad\/","name":"[2022\/09\/03] Macau coopera com Hengqin na atrac\u00e7\u00e3o de investimentos e de neg\u00f3cios, congregando, via online, os empres\u00e1rios chineses e pequenas e m\u00e9dias empresas dos pa\u00edses de l\u00edngua portuguesa | Commerce and Investment Promotion Institute","isPartOf":{"@id":"https:\/\/www.ipim.gov.mo\/zh-hans\/#website"},"primaryImageOfPage":{"@id":"https:\/\/www.ipim.gov.mo\/pt-pt\/noticias-do-ipim\/2022-09-03-%e6%be%b3%e7%90%b4%e5%90%88%e5%8a%9b%e6%8b%9b%e5%95%86%e5%bc%95%e8%b3%87-%e7%b7%9a%e4%b8%8a%e8%81%af%e5%8b%95%e8%91%a1%e8%aa%9e%e5%9c%8b%e5%ae%b6%e8%8f%af%e5%95%86%e3%80%81%e4%b8%ad\/#primaryimage"},"image":{"@id":"https:\/\/www.ipim.gov.mo\/pt-pt\/noticias-do-ipim\/2022-09-03-%e6%be%b3%e7%90%b4%e5%90%88%e5%8a%9b%e6%8b%9b%e5%95%86%e5%bc%95%e8%b3%87-%e7%b7%9a%e4%b8%8a%e8%81%af%e5%8b%95%e8%91%a1%e8%aa%9e%e5%9c%8b%e5%ae%b6%e8%8f%af%e5%95%86%e3%80%81%e4%b8%ad\/#primaryimage"},"thumbnailUrl":"https:\/\/www.ipim.gov.mo\/wp-content\/uploads\/2024\/07\/ipim-post-default.jpg","datePublished":"2022-09-03T02:00:00+00:00","dateModified":"2022-09-05T11:02:56+00:00","breadcrumb":{"@id":"https:\/\/www.ipim.gov.mo\/pt-pt\/noticias-do-ipim\/2022-09-03-%e6%be%b3%e7%90%b4%e5%90%88%e5%8a%9b%e6%8b%9b%e5%95%86%e5%bc%95%e8%b3%87-%e7%b7%9a%e4%b8%8a%e8%81%af%e5%8b%95%e8%91%a1%e8%aa%9e%e5%9c%8b%e5%ae%b6%e8%8f%af%e5%95%86%e3%80%81%e4%b8%ad\/#breadcrumb"},"inLanguage":"pt-PT","potentialAction":[{"@type":"ReadAction","target":["https:\/\/www.ipim.gov.mo\/pt-pt\/noticias-do-ipim\/2022-09-03-%e6%be%b3%e7%90%b4%e5%90%88%e5%8a%9b%e6%8b%9b%e5%95%86%e5%bc%95%e8%b3%87-%e7%b7%9a%e4%b8%8a%e8%81%af%e5%8b%95%e8%91%a1%e8%aa%9e%e5%9c%8b%e5%ae%b6%e8%8f%af%e5%95%86%e3%80%81%e4%b8%ad\/"]}]},{"@type":"ImageObject","inLanguage":"pt-PT","@id":"https:\/\/www.ipim.gov.mo\/pt-pt\/noticias-do-ipim\/2022-09-03-%e6%be%b3%e7%90%b4%e5%90%88%e5%8a%9b%e6%8b%9b%e5%95%86%e5%bc%95%e8%b3%87-%e7%b7%9a%e4%b8%8a%e8%81%af%e5%8b%95%e8%91%a1%e8%aa%9e%e5%9c%8b%e5%ae%b6%e8%8f%af%e5%95%86%e3%80%81%e4%b8%ad\/#primaryimage","url":"https:\/\/www.ipim.gov.mo\/wp-content\/uploads\/2024\/07\/ipim-post-default.jpg","contentUrl":"https:\/\/www.ipim.gov.mo\/wp-content\/uploads\/2024\/07\/ipim-post-default.jpg","width":1024,"height":768},{"@type":"BreadcrumbList","@id":"https:\/\/www.ipim.gov.mo\/pt-pt\/noticias-do-ipim\/2022-09-03-%e6%be%b3%e7%90%b4%e5%90%88%e5%8a%9b%e6%8b%9b%e5%95%86%e5%bc%95%e8%b3%87-%e7%b7%9a%e4%b8%8a%e8%81%af%e5%8b%95%e8%91%a1%e8%aa%9e%e5%9c%8b%e5%ae%b6%e8%8f%af%e5%95%86%e3%80%81%e4%b8%ad\/#breadcrumb","itemListElement":[{"@type":"ListItem","position":1,"name":"Home","item":"https:\/\/www.ipim.gov.mo\/pt-pt\/"},{"@type":"ListItem","position":2,"name":"[2022\/09\/03] Macau coopera com Hengqin na atrac\u00e7\u00e3o de investimentos e de neg\u00f3cios, congregando, via online, os empres\u00e1rios chineses e pequenas e m\u00e9dias empresas dos pa\u00edses de l\u00edngua portuguesa"}]},{"@type":"WebSite","@id":"https:\/\/www.ipim.gov.mo\/zh-hans\/#website","url":"https:\/\/www.ipim.gov.mo\/zh-hans\/","name":"Commerce and Investment Promotion Institute","description":"Commerce and Investment Promotion Institute","publisher":{"@id":"https:\/\/www.ipim.gov.mo\/zh-hans\/#organization"},"potentialAction":[{"@type":"SearchAction","target":{"@type":"EntryPoint","urlTemplate":"https:\/\/www.ipim.gov.mo\/zh-hans\/?s={search_term_string}"},"query-input":{"@type":"PropertyValueSpecification","valueRequired":true,"valueName":"search_term_string"}}],"inLanguage":"pt-PT"},{"@type":"Organization","@id":"https:\/\/www.ipim.gov.mo\/zh-hans\/#organization","name":"IPIM","url":"https:\/\/www.ipim.gov.mo\/zh-hans\/","logo":{"@type":"ImageObject","inLanguage":"pt-PT","@id":"https:\/\/www.ipim.gov.mo\/zh-hans\/#\/schema\/logo\/image\/","url":"https:\/\/www.ipim.gov.mo\/wp-content\/uploads\/2022\/10\/default-post-thumbnail-ipim-logo.png","contentUrl":"https:\/\/www.ipim.gov.mo\/wp-content\/uploads\/2022\/10\/default-post-thumbnail-ipim-logo.png","width":1024,"height":768,"caption":"IPIM"},"image":{"@id":"https:\/\/www.ipim.gov.mo\/zh-hans\/#\/schema\/logo\/image\/"}}]}},"author_meta":{"display_name":"admin","author_link":"https:\/\/www.ipim.gov.mo\/pt-pt\/author\/admin\/"},"featured_img":"https:\/\/www.ipim.gov.mo\/wp-content\/uploads\/2024\/07\/ipim-post-default-300x225.jpg","coauthors":[],"tax_additional":{"categories":{"linked":["<a href=\"https:\/\/www.ipim.gov.mo\/pt-pt\/category\/noticias-do-ipim\/\" class=\"advgb-post-tax-term\">Not\u00edcias do IPIM<\/a>"],"unlinked":["<span class=\"advgb-post-tax-term\">Not\u00edcias do IPIM<\/span>"]}},"comment_count":"0","relative_dates":{"created":"Posted 4 years ago","modified":"Updated 4 years ago"},"absolute_dates":{"created":"Posted on Setembro 3, 2022","modified":"Updated on Setembro 5, 2022"},"absolute_dates_time":{"created":"Posted on Setembro 3, 2022 10:00 am","modified":"Updated on Setembro 5, 2022 7:02 pm"},"featured_img_caption":"","series_order":"","_links":{"self":[{"href":"https:\/\/www.ipim.gov.mo\/pt-pt\/wp-json\/wp\/v2\/posts\/398426","targetHints":{"allow":["GET"]}}],"collection":[{"href":"https:\/\/www.ipim.gov.mo\/pt-pt\/wp-json\/wp\/v2\/posts"}],"about":[{"href":"https:\/\/www.ipim.gov.mo\/pt-pt\/wp-json\/wp\/v2\/types\/post"}],"author":[{"embeddable":true,"href":"https:\/\/www.ipim.gov.mo\/pt-pt\/wp-json\/wp\/v2\/users\/1"}],"replies":[{"embeddable":true,"href":"https:\/\/www.ipim.gov.mo\/pt-pt\/wp-json\/wp\/v2\/comments?post=398426"}],"version-history":[{"count":0,"href":"https:\/\/www.ipim.gov.mo\/pt-pt\/wp-json\/wp\/v2\/posts\/398426\/revisions"}],"wp:featuredmedia":[{"embeddable":true,"href":"https:\/\/www.ipim.gov.mo\/pt-pt\/wp-json\/wp\/v2\/media\/467868"}],"wp:attachment":[{"href":"https:\/\/www.ipim.gov.mo\/pt-pt\/wp-json\/wp\/v2\/media?parent=398426"}],"wp:term":[{"taxonomy":"category","embeddable":true,"href":"https:\/\/www.ipim.gov.mo\/pt-pt\/wp-json\/wp\/v2\/categories?post=398426"},{"taxonomy":"post_tag","embeddable":true,"href":"https:\/\/www.ipim.gov.mo\/pt-pt\/wp-json\/wp\/v2\/tags?post=398426"}],"curies":[{"name":"wp","href":"https:\/\/api.w.org\/{rel}","templated":true}]}}