{"id":397089,"date":"2022-08-26T09:42:00","date_gmt":"2022-08-26T01:42:00","guid":{"rendered":"https:\/\/www.ipim.gov.mo\/2022-08-26-%e6%be%b3%e9%96%80%e4%b8%ad%e5%b0%8f%e4%bc%81%e6%a5%ad%e5%b1%95%e5%8d%80%e8%b6%85%e9%a1%8d%e5%a0%b1%e5%90%8d%e8%bf%911%e5%80%8d-%e7%ac%ac27%e5%b1%86mif%e5%a4%9a\/"},"modified":"2022-08-28T15:29:41","modified_gmt":"2022-08-28T07:29:41","slug":"2022-08-26-%e6%be%b3%e9%96%80%e4%b8%ad%e5%b0%8f%e4%bc%81%e6%a5%ad%e5%b1%95%e5%8d%80%e8%b6%85%e9%a1%8d%e5%a0%b1%e5%90%8d%e8%bf%911%e5%80%8d-%e7%ac%ac27%e5%b1%86mif%e5%a4%9a","status":"publish","type":"post","link":"https:\/\/www.ipim.gov.mo\/pt-pt\/noticias-do-ipim\/2022-08-26-%e6%be%b3%e9%96%80%e4%b8%ad%e5%b0%8f%e4%bc%81%e6%a5%ad%e5%b1%95%e5%8d%80%e8%b6%85%e9%a1%8d%e5%a0%b1%e5%90%8d%e8%bf%911%e5%80%8d-%e7%ac%ac27%e5%b1%86mif%e5%a4%9a\/","title":{"rendered":"[2022\/08\/26] N\u00famero de inscri\u00e7\u00f5es quase dobrou na \u201cPavilh\u00e3o das PMES de Macau\u201d 27.\u00aa MIF ajuda PMEs na actualiza\u00e7\u00e3o e na transforma\u00e7\u00e3o com m\u00faltiplas medidas"},"content":{"rendered":"<p style=\"text-align: justify;\">Foi conclu\u00eddo o trabalho de angaria\u00e7\u00e3o de expositores para a\u201cPavilh\u00e3o das PMES de Macau\u201d da \u201c27.\u00aa Feira Internacional de Macau\u201d (27.\u00aa MIF), organizada pelo Instituto de Promo\u00e7\u00e3o do Com\u00e9rcio e do Investimento de Macau (IPIM). O n\u00famero de <em>stands<\/em> nesta zona de exposi\u00e7\u00e3o aumentou de 80 para 160, sendo atra\u00edda a inscri\u00e7\u00e3o de 292 empresas, que representa quase o dobro da previs\u00e3o original.<\/p>\n<p style=\"text-align: justify;\">Com o objectivo de implementar a liga\u00e7\u00e3o intersectorial \u201cind\u00fastria + conven\u00e7\u00f5es e exposi\u00e7\u00f5es\u201d e de contribuir para a recupera\u00e7\u00e3o de v\u00e1rios sectores, a 27.\u00aa MIF adoptou v\u00e1rias medidas, tais como o aumento do n\u00famero de <em>stands<\/em> para PMEs, a redu\u00e7\u00e3o de taxa de inscri\u00e7\u00e3o, a organiza\u00e7\u00e3o de <em>workshops<\/em> de forma\u00e7\u00e3o, a pesquisa mais detalhada sobre as necessidades das empresas antes da exposi\u00e7\u00e3o (com o intuito de proporcionar contactos mais precisos e eficazes) e a cria\u00e7\u00e3o de uma zona especial de consulta para PMEs, permitindo que as empresas explorem oportunidades de desenvolvimento, transforma\u00e7\u00e3o e empreendedorismo atrav\u00e9s da participa\u00e7\u00e3o na exposi\u00e7\u00e3o.<\/p>\n<p style=\"text-align: justify;\"><strong><em>Workshops<\/em><\/strong><strong> em s\u00e9rie organizados antes da exposi\u00e7\u00e3o para ajudar PMEs a encontrar solu\u00e7\u00f5es no com\u00e9rcio electr\u00f3nico<\/strong><\/p>\n<p style=\"text-align: justify;\">O <em>workshop<\/em> em s\u00e9rie da 27.\u00aa MIF \u2014 \u201cAjudar as PMEs de Macau na actualiza\u00e7\u00e3o e transforma\u00e7\u00e3o\u201d realiza-se em duas sess\u00f5es, de forma virtual e presencial, respectivamente em 18 de Agosto e 1 de Setembro. O <em>workshop<\/em> tem como tema \u201cTransmiss\u00e3o ao Vivo e Com\u00e9rcio Electr\u00f3nico\u201d e convida especialistas e representantes industriais a partilharem as \u00faltimas informa\u00e7\u00f5es sobre as tend\u00eancias de desenvolvimento da ind\u00fastria e as t\u00e9cnicas b\u00e1sicas de opera\u00e7\u00e3o. O objectivo \u00e9 permitir que as PMEs de Macau fiquem bem preparadas antes da exposi\u00e7\u00e3o e que aproveitem elementos como salas de exposi\u00e7\u00e3o <em>online<\/em> e transmiss\u00e3o ao vivo, no sentido de expandirem canais de promo\u00e7\u00e3o e de venda de produtos, e de refor\u00e7arem o lado tecnol\u00f3gico das empresas.<\/p>\n<p style=\"text-align: justify;\">A primeira sess\u00e3o do <em>workshop<\/em> atraiu a participa\u00e7\u00e3o <em>online<\/em> e presencial de, no total, 141 representantes de PMEs de Macau. A segunda sess\u00e3o do <em>workshop<\/em> ter\u00e1 lugar no dia 1 de Setembro no Complexo da Plataforma de Servi\u00e7os para a Coopera\u00e7\u00e3o Comercial entre a China e os Pa\u00edses de L\u00edngua Portuguesa. Os interessados podem fazer a inscri\u00e7\u00e3o atrav\u00e9s da p\u00e1gina electr\u00f3nica do evento (www.mif.com.mo).<\/p>\n<p style=\"text-align: justify;\"><strong>M<\/strong><strong>\u00faltiplas medidas em a<\/strong><strong>poio \u00e0s PMEs, realiza\u00e7\u00e3o de feiras e exposi\u00e7<\/strong><strong>\u00f5es <\/strong><strong>para contribuir para a recupera\u00e7\u00e3o dos sectores<\/strong><\/p>\n<p style=\"text-align: justify;\">Com o objectivo de ajudar os expositores a melhor aproveitarem as oportunidades de neg\u00f3cio, a MIF desta edi\u00e7\u00e3o ir\u00e1 refor\u00e7ar os seus servi\u00e7os de contacto e correspond\u00eancia antes da exposi\u00e7\u00e3o, para prestar apoio \u00e0s PMEs no sentido de planear, com anteced\u00eancia, as suas necessidades priorit\u00e1rias e de negociar com potenciais compradores, com vista a proporcionar bolsas de contactos comerciais precisos e eficientes no decorrer da exposi\u00e7\u00e3o. Al\u00e9m disso, no local da exposi\u00e7\u00e3o, ser\u00e1 instalada uma \u201cZona Especial de Consulta para PMEs\u201d, onde ser\u00e3o convidados especialistas de v\u00e1rios dom\u00ednios para fornecerem sugest\u00f5es em rela\u00e7\u00e3o a canais de venda, reformula\u00e7\u00e3o e divulga\u00e7\u00e3o de marcas e combina\u00e7\u00e3o de recursos, ajudando, em v\u00e1rios aspectos, os expositores a melhorar a efic\u00e1cia da participa\u00e7\u00e3o na exposi\u00e7\u00e3o.<\/p>\n<p style=\"text-align: justify;\">A 27.\u00aa Feira Internacional de Macau (27.\u00aa MIF) ter\u00e1 lugar entre os dias 20 e 22 de Outubro de 2022 na <em>Cotai Expo, Venetian Macao<\/em>. Para as \u00faltimas informa\u00e7\u00f5es, siga a conta oficial do WeChat: MICE_IPIM ou visite o site da exposi\u00e7\u00e3o: www.mif.com.mo. Para quaisquer quest\u00f5es, contacte a entidade coordenadora da MIF pelo telefone (853) 2882 8711 ou envie e-mail para info@mif.com.mo.<\/p>\n<div class=\"wp-caption alignnone\"><a href=\"https:\/\/www.gcs.gov.mo\/news\/p\/P22HZ9eZNp\/l\" data-fancybox=\"gallery\" data-caption=\"Os 160 stands da \u201cZona de Exposi\u00e7\u00e3o das Pequenas e M\u00e9dias Empresas de Macau\u201d atra\u00edram a inscri\u00e7\u00e3o de 292 empresas.\" data-type=\"image\"><br \/>\n<img decoding=\"async\" class=\"size-large\" src=\"https:\/\/www.gcs.gov.mo\/news\/p\/P22HZ9eZNp\/l\" alt=\"Os 160 stands da \u201cZona de Exposi\u00e7\u00e3o das Pequenas e M\u00e9dias Empresas de Macau\u201d atra\u00edram a inscri\u00e7\u00e3o de 292 empresas.\" width=\"1024\" \/><br \/>\n<\/a><\/p>\n<p class=\"wp-caption-text\">Os 160 stands da \u201cZona de Exposi\u00e7\u00e3o das Pequenas e M\u00e9dias Empresas de Macau\u201d atra\u00edram a inscri\u00e7\u00e3o de 292 empresas.<\/p>\n<\/div>\n<div class=\"wp-caption alignnone\"><a href=\"https:\/\/www.gcs.gov.mo\/news\/p\/P22HZV7mC7\/l\" data-fancybox=\"gallery\" data-caption=\"A 27.\u00aa MIF organizou, de forma virtual e presencial, o workshop em s\u00e9rie \u2014 \u201cAjudar as PMEs de Macau na actualiza\u00e7\u00e3o e transforma\u00e7\u00e3o\u201d em 18 de Agosto.\" data-type=\"image\"><br \/>\n<img decoding=\"async\" class=\"size-large\" src=\"https:\/\/www.gcs.gov.mo\/news\/p\/P22HZV7mC7\/l\" alt=\"A 27.\u00aa MIF organizou, de forma virtual e presencial, o workshop em s\u00e9rie \u2014 \u201cAjudar as PMEs de Macau na actualiza\u00e7\u00e3o e transforma\u00e7\u00e3o\u201d em 18 de Agosto.\" width=\"1024\" \/><br \/>\n<\/a><\/p>\n<p class=\"wp-caption-text\">A 27.\u00aa MIF organizou, de forma virtual e presencial, o workshop em s\u00e9rie \u2014 \u201cAjudar as PMEs de Macau na actualiza\u00e7\u00e3o e transforma\u00e7\u00e3o\u201d em 18 de Agosto.<\/p>\n<\/div>\n<div class=\"wp-caption alignnone\"><a href=\"https:\/\/www.gcs.gov.mo\/news\/p\/P22HZFsGFL\/l\" data-fancybox=\"gallery\" data-caption=\"A primeira sess\u00e3o do workshop atraiu, no total, a participa\u00e7\u00e3o online e presencial de 141 representantes de PMEs de Macau.\" data-type=\"image\"><br \/>\n<img decoding=\"async\" class=\"size-large\" src=\"https:\/\/www.gcs.gov.mo\/news\/p\/P22HZFsGFL\/l\" alt=\"A primeira sess\u00e3o do workshop atraiu, no total, a participa\u00e7\u00e3o online e presencial de 141 representantes de PMEs de Macau.\" width=\"1024\" \/><br \/>\n<\/a><\/p>\n<p class=\"wp-caption-text\">A primeira sess\u00e3o do workshop atraiu, no total, a participa\u00e7\u00e3o online e presencial de 141 representantes de PMEs de Macau.<\/p>\n<\/div>\n","protected":false},"excerpt":{"rendered":"<p>Foi conclu\u00eddo o trabalho de angaria\u00e7\u00e3o de expositores para a\u201cPavilh\u00e3o das PMES de Macau\u201d da \u201c27.\u00aa Feira Internacional de Macau\u201d (27.\u00aa MIF), organizada pelo Instituto [&hellip;]<\/p>\n","protected":false},"author":1,"featured_media":467868,"comment_status":"closed","ping_status":"closed","sticky":false,"template":"","format":"standard","meta":{"_acf_changed":false,"inline_featured_image":false,"advgb_blocks_editor_width":"","advgb_blocks_columns_visual_guide":"","footnotes":""},"categories":[12],"tags":[],"class_list":["post-397089","post","type-post","status-publish","format-standard","has-post-thumbnail","hentry","category-noticias-do-ipim"],"acf":[],"yoast_head":"<!-- This site is optimized with the Yoast SEO plugin v26.2 - https:\/\/yoast.com\/wordpress\/plugins\/seo\/ -->\r\n<title>[2022\/08\/26] N\u00famero de inscri\u00e7\u00f5es quase dobrou na \u201cPavilh\u00e3o das PMES de Macau\u201d 27.\u00aa MIF ajuda PMEs na actualiza\u00e7\u00e3o e na transforma\u00e7\u00e3o com m\u00faltiplas medidas | Commerce and Investment Promotion Institute<\/title>\r\n<meta name=\"robots\" content=\"index, follow, max-snippet:-1, max-image-preview:large, max-video-preview:-1\" \/>\r\n<link rel=\"canonical\" href=\"https:\/\/www.ipim.gov.mo\/pt-pt\/noticias-do-ipim\/2022-08-26-\u6fb3\u9580\u4e2d\u5c0f\u4f01\u696d\u5c55\u5340\u8d85\u984d\u5831\u540d\u8fd11\u500d-\u7b2c27\u5c46mif\u591a\/\" \/>\r\n<meta property=\"og:locale\" content=\"pt_PT\" \/>\r\n<meta property=\"og:type\" content=\"article\" \/>\r\n<meta property=\"og:title\" content=\"[2022\/08\/26] N\u00famero de inscri\u00e7\u00f5es quase dobrou na \u201cPavilh\u00e3o das PMES de Macau\u201d 27.\u00aa MIF ajuda PMEs na actualiza\u00e7\u00e3o e na transforma\u00e7\u00e3o com m\u00faltiplas medidas | Commerce and Investment Promotion Institute\" \/>\r\n<meta property=\"og:description\" content=\"Foi conclu\u00eddo o trabalho de angaria\u00e7\u00e3o de expositores para a\u201cPavilh\u00e3o das PMES de Macau\u201d da \u201c27.\u00aa Feira Internacional de Macau\u201d (27.\u00aa MIF), organizada pelo Instituto [&hellip;]\" \/>\r\n<meta property=\"og:url\" content=\"https:\/\/www.ipim.gov.mo\/pt-pt\/noticias-do-ipim\/2022-08-26-\u6fb3\u9580\u4e2d\u5c0f\u4f01\u696d\u5c55\u5340\u8d85\u984d\u5831\u540d\u8fd11\u500d-\u7b2c27\u5c46mif\u591a\/\" \/>\r\n<meta property=\"og:site_name\" content=\"Commerce and Investment Promotion Institute\" \/>\r\n<meta property=\"article:published_time\" content=\"2022-08-26T01:42:00+00:00\" \/>\r\n<meta property=\"article:modified_time\" content=\"2022-08-28T07:29:41+00:00\" \/>\r\n<meta property=\"og:image\" content=\"https:\/\/www.ipim.gov.mo\/wp-content\/uploads\/2024\/07\/ipim-post-default.jpg\" \/>\r\n\t<meta property=\"og:image:width\" content=\"1024\" \/>\r\n\t<meta property=\"og:image:height\" content=\"768\" \/>\r\n\t<meta property=\"og:image:type\" content=\"image\/jpeg\" \/>\r\n<meta name=\"author\" content=\"admin\" \/>\r\n<meta name=\"twitter:card\" content=\"summary_large_image\" \/>\r\n<meta name=\"twitter:label1\" content=\"Written by\" \/>\n\t<meta name=\"twitter:data1\" content=\"admin\" \/>\n\t<meta name=\"twitter:label2\" content=\"Est. reading time\" \/>\n\t<meta name=\"twitter:data2\" content=\"4 minutes\" \/>\r\n<script type=\"application\/ld+json\" class=\"yoast-schema-graph\">{\"@context\":\"https:\/\/schema.org\",\"@graph\":[{\"@type\":\"WebPage\",\"@id\":\"https:\/\/www.ipim.gov.mo\/pt-pt\/noticias-do-ipim\/2022-08-26-%e6%be%b3%e9%96%80%e4%b8%ad%e5%b0%8f%e4%bc%81%e6%a5%ad%e5%b1%95%e5%8d%80%e8%b6%85%e9%a1%8d%e5%a0%b1%e5%90%8d%e8%bf%911%e5%80%8d-%e7%ac%ac27%e5%b1%86mif%e5%a4%9a\/\",\"url\":\"https:\/\/www.ipim.gov.mo\/pt-pt\/noticias-do-ipim\/2022-08-26-%e6%be%b3%e9%96%80%e4%b8%ad%e5%b0%8f%e4%bc%81%e6%a5%ad%e5%b1%95%e5%8d%80%e8%b6%85%e9%a1%8d%e5%a0%b1%e5%90%8d%e8%bf%911%e5%80%8d-%e7%ac%ac27%e5%b1%86mif%e5%a4%9a\/\",\"name\":\"[2022\/08\/26] N\u00famero de inscri\u00e7\u00f5es quase dobrou na \u201cPavilh\u00e3o das PMES de Macau\u201d 27.\u00aa MIF ajuda PMEs na actualiza\u00e7\u00e3o e na transforma\u00e7\u00e3o com m\u00faltiplas medidas | Commerce and Investment Promotion Institute\",\"isPartOf\":{\"@id\":\"https:\/\/www.ipim.gov.mo\/zh-hans\/#website\"},\"primaryImageOfPage\":{\"@id\":\"https:\/\/www.ipim.gov.mo\/pt-pt\/noticias-do-ipim\/2022-08-26-%e6%be%b3%e9%96%80%e4%b8%ad%e5%b0%8f%e4%bc%81%e6%a5%ad%e5%b1%95%e5%8d%80%e8%b6%85%e9%a1%8d%e5%a0%b1%e5%90%8d%e8%bf%911%e5%80%8d-%e7%ac%ac27%e5%b1%86mif%e5%a4%9a\/#primaryimage\"},\"image\":{\"@id\":\"https:\/\/www.ipim.gov.mo\/pt-pt\/noticias-do-ipim\/2022-08-26-%e6%be%b3%e9%96%80%e4%b8%ad%e5%b0%8f%e4%bc%81%e6%a5%ad%e5%b1%95%e5%8d%80%e8%b6%85%e9%a1%8d%e5%a0%b1%e5%90%8d%e8%bf%911%e5%80%8d-%e7%ac%ac27%e5%b1%86mif%e5%a4%9a\/#primaryimage\"},\"thumbnailUrl\":\"https:\/\/www.ipim.gov.mo\/wp-content\/uploads\/2024\/07\/ipim-post-default.jpg\",\"datePublished\":\"2022-08-26T01:42:00+00:00\",\"dateModified\":\"2022-08-28T07:29:41+00:00\",\"breadcrumb\":{\"@id\":\"https:\/\/www.ipim.gov.mo\/pt-pt\/noticias-do-ipim\/2022-08-26-%e6%be%b3%e9%96%80%e4%b8%ad%e5%b0%8f%e4%bc%81%e6%a5%ad%e5%b1%95%e5%8d%80%e8%b6%85%e9%a1%8d%e5%a0%b1%e5%90%8d%e8%bf%911%e5%80%8d-%e7%ac%ac27%e5%b1%86mif%e5%a4%9a\/#breadcrumb\"},\"inLanguage\":\"pt-PT\",\"potentialAction\":[{\"@type\":\"ReadAction\",\"target\":[\"https:\/\/www.ipim.gov.mo\/pt-pt\/noticias-do-ipim\/2022-08-26-%e6%be%b3%e9%96%80%e4%b8%ad%e5%b0%8f%e4%bc%81%e6%a5%ad%e5%b1%95%e5%8d%80%e8%b6%85%e9%a1%8d%e5%a0%b1%e5%90%8d%e8%bf%911%e5%80%8d-%e7%ac%ac27%e5%b1%86mif%e5%a4%9a\/\"]}]},{\"@type\":\"ImageObject\",\"inLanguage\":\"pt-PT\",\"@id\":\"https:\/\/www.ipim.gov.mo\/pt-pt\/noticias-do-ipim\/2022-08-26-%e6%be%b3%e9%96%80%e4%b8%ad%e5%b0%8f%e4%bc%81%e6%a5%ad%e5%b1%95%e5%8d%80%e8%b6%85%e9%a1%8d%e5%a0%b1%e5%90%8d%e8%bf%911%e5%80%8d-%e7%ac%ac27%e5%b1%86mif%e5%a4%9a\/#primaryimage\",\"url\":\"https:\/\/www.ipim.gov.mo\/wp-content\/uploads\/2024\/07\/ipim-post-default.jpg\",\"contentUrl\":\"https:\/\/www.ipim.gov.mo\/wp-content\/uploads\/2024\/07\/ipim-post-default.jpg\",\"width\":1024,\"height\":768},{\"@type\":\"BreadcrumbList\",\"@id\":\"https:\/\/www.ipim.gov.mo\/pt-pt\/noticias-do-ipim\/2022-08-26-%e6%be%b3%e9%96%80%e4%b8%ad%e5%b0%8f%e4%bc%81%e6%a5%ad%e5%b1%95%e5%8d%80%e8%b6%85%e9%a1%8d%e5%a0%b1%e5%90%8d%e8%bf%911%e5%80%8d-%e7%ac%ac27%e5%b1%86mif%e5%a4%9a\/#breadcrumb\",\"itemListElement\":[{\"@type\":\"ListItem\",\"position\":1,\"name\":\"Home\",\"item\":\"https:\/\/www.ipim.gov.mo\/pt-pt\/\"},{\"@type\":\"ListItem\",\"position\":2,\"name\":\"[2022\/08\/26] N\u00famero de inscri\u00e7\u00f5es quase dobrou na \u201cPavilh\u00e3o das PMES de Macau\u201d 27.\u00aa MIF ajuda PMEs na actualiza\u00e7\u00e3o e na transforma\u00e7\u00e3o com m\u00faltiplas medidas\"}]},{\"@type\":\"WebSite\",\"@id\":\"https:\/\/www.ipim.gov.mo\/zh-hans\/#website\",\"url\":\"https:\/\/www.ipim.gov.mo\/zh-hans\/\",\"name\":\"Commerce and Investment Promotion Institute\",\"description\":\"Commerce and Investment Promotion Institute\",\"publisher\":{\"@id\":\"https:\/\/www.ipim.gov.mo\/zh-hans\/#organization\"},\"potentialAction\":[{\"@type\":\"SearchAction\",\"target\":{\"@type\":\"EntryPoint\",\"urlTemplate\":\"https:\/\/www.ipim.gov.mo\/zh-hans\/?s={search_term_string}\"},\"query-input\":{\"@type\":\"PropertyValueSpecification\",\"valueRequired\":true,\"valueName\":\"search_term_string\"}}],\"inLanguage\":\"pt-PT\"},{\"@type\":\"Organization\",\"@id\":\"https:\/\/www.ipim.gov.mo\/zh-hans\/#organization\",\"name\":\"IPIM\",\"url\":\"https:\/\/www.ipim.gov.mo\/zh-hans\/\",\"logo\":{\"@type\":\"ImageObject\",\"inLanguage\":\"pt-PT\",\"@id\":\"https:\/\/www.ipim.gov.mo\/zh-hans\/#\/schema\/logo\/image\/\",\"url\":\"https:\/\/www.ipim.gov.mo\/wp-content\/uploads\/2022\/10\/default-post-thumbnail-ipim-logo.png\",\"contentUrl\":\"https:\/\/www.ipim.gov.mo\/wp-content\/uploads\/2022\/10\/default-post-thumbnail-ipim-logo.png\",\"width\":1024,\"height\":768,\"caption\":\"IPIM\"},\"image\":{\"@id\":\"https:\/\/www.ipim.gov.mo\/zh-hans\/#\/schema\/logo\/image\/\"}}]}<\/script>\r\n<!-- \/ Yoast SEO plugin. -->","yoast_head_json":{"title":"[2022\/08\/26] N\u00famero de inscri\u00e7\u00f5es quase dobrou na \u201cPavilh\u00e3o das PMES de Macau\u201d 27.\u00aa MIF ajuda PMEs na actualiza\u00e7\u00e3o e na transforma\u00e7\u00e3o com m\u00faltiplas medidas | Commerce and Investment Promotion Institute","robots":{"index":"index","follow":"follow","max-snippet":"max-snippet:-1","max-image-preview":"max-image-preview:large","max-video-preview":"max-video-preview:-1"},"canonical":"https:\/\/www.ipim.gov.mo\/pt-pt\/noticias-do-ipim\/2022-08-26-\u6fb3\u9580\u4e2d\u5c0f\u4f01\u696d\u5c55\u5340\u8d85\u984d\u5831\u540d\u8fd11\u500d-\u7b2c27\u5c46mif\u591a\/","og_locale":"pt_PT","og_type":"article","og_title":"[2022\/08\/26] N\u00famero de inscri\u00e7\u00f5es quase dobrou na \u201cPavilh\u00e3o das PMES de Macau\u201d 27.\u00aa MIF ajuda PMEs na actualiza\u00e7\u00e3o e na transforma\u00e7\u00e3o com m\u00faltiplas medidas | Commerce and Investment Promotion Institute","og_description":"Foi conclu\u00eddo o trabalho de angaria\u00e7\u00e3o de expositores para a\u201cPavilh\u00e3o das PMES de Macau\u201d da \u201c27.\u00aa Feira Internacional de Macau\u201d (27.\u00aa MIF), organizada pelo Instituto [&hellip;]","og_url":"https:\/\/www.ipim.gov.mo\/pt-pt\/noticias-do-ipim\/2022-08-26-\u6fb3\u9580\u4e2d\u5c0f\u4f01\u696d\u5c55\u5340\u8d85\u984d\u5831\u540d\u8fd11\u500d-\u7b2c27\u5c46mif\u591a\/","og_site_name":"Commerce and Investment Promotion Institute","article_published_time":"2022-08-26T01:42:00+00:00","article_modified_time":"2022-08-28T07:29:41+00:00","og_image":[{"width":1024,"height":768,"url":"https:\/\/www.ipim.gov.mo\/wp-content\/uploads\/2024\/07\/ipim-post-default.jpg","type":"image\/jpeg"}],"author":"admin","twitter_card":"summary_large_image","twitter_misc":{"Written by":"admin","Est. reading time":"4 minutes"},"schema":{"@context":"https:\/\/schema.org","@graph":[{"@type":"WebPage","@id":"https:\/\/www.ipim.gov.mo\/pt-pt\/noticias-do-ipim\/2022-08-26-%e6%be%b3%e9%96%80%e4%b8%ad%e5%b0%8f%e4%bc%81%e6%a5%ad%e5%b1%95%e5%8d%80%e8%b6%85%e9%a1%8d%e5%a0%b1%e5%90%8d%e8%bf%911%e5%80%8d-%e7%ac%ac27%e5%b1%86mif%e5%a4%9a\/","url":"https:\/\/www.ipim.gov.mo\/pt-pt\/noticias-do-ipim\/2022-08-26-%e6%be%b3%e9%96%80%e4%b8%ad%e5%b0%8f%e4%bc%81%e6%a5%ad%e5%b1%95%e5%8d%80%e8%b6%85%e9%a1%8d%e5%a0%b1%e5%90%8d%e8%bf%911%e5%80%8d-%e7%ac%ac27%e5%b1%86mif%e5%a4%9a\/","name":"[2022\/08\/26] N\u00famero de inscri\u00e7\u00f5es quase dobrou na \u201cPavilh\u00e3o das PMES de Macau\u201d 27.\u00aa MIF ajuda PMEs na actualiza\u00e7\u00e3o e na transforma\u00e7\u00e3o com m\u00faltiplas medidas | Commerce and Investment Promotion Institute","isPartOf":{"@id":"https:\/\/www.ipim.gov.mo\/zh-hans\/#website"},"primaryImageOfPage":{"@id":"https:\/\/www.ipim.gov.mo\/pt-pt\/noticias-do-ipim\/2022-08-26-%e6%be%b3%e9%96%80%e4%b8%ad%e5%b0%8f%e4%bc%81%e6%a5%ad%e5%b1%95%e5%8d%80%e8%b6%85%e9%a1%8d%e5%a0%b1%e5%90%8d%e8%bf%911%e5%80%8d-%e7%ac%ac27%e5%b1%86mif%e5%a4%9a\/#primaryimage"},"image":{"@id":"https:\/\/www.ipim.gov.mo\/pt-pt\/noticias-do-ipim\/2022-08-26-%e6%be%b3%e9%96%80%e4%b8%ad%e5%b0%8f%e4%bc%81%e6%a5%ad%e5%b1%95%e5%8d%80%e8%b6%85%e9%a1%8d%e5%a0%b1%e5%90%8d%e8%bf%911%e5%80%8d-%e7%ac%ac27%e5%b1%86mif%e5%a4%9a\/#primaryimage"},"thumbnailUrl":"https:\/\/www.ipim.gov.mo\/wp-content\/uploads\/2024\/07\/ipim-post-default.jpg","datePublished":"2022-08-26T01:42:00+00:00","dateModified":"2022-08-28T07:29:41+00:00","breadcrumb":{"@id":"https:\/\/www.ipim.gov.mo\/pt-pt\/noticias-do-ipim\/2022-08-26-%e6%be%b3%e9%96%80%e4%b8%ad%e5%b0%8f%e4%bc%81%e6%a5%ad%e5%b1%95%e5%8d%80%e8%b6%85%e9%a1%8d%e5%a0%b1%e5%90%8d%e8%bf%911%e5%80%8d-%e7%ac%ac27%e5%b1%86mif%e5%a4%9a\/#breadcrumb"},"inLanguage":"pt-PT","potentialAction":[{"@type":"ReadAction","target":["https:\/\/www.ipim.gov.mo\/pt-pt\/noticias-do-ipim\/2022-08-26-%e6%be%b3%e9%96%80%e4%b8%ad%e5%b0%8f%e4%bc%81%e6%a5%ad%e5%b1%95%e5%8d%80%e8%b6%85%e9%a1%8d%e5%a0%b1%e5%90%8d%e8%bf%911%e5%80%8d-%e7%ac%ac27%e5%b1%86mif%e5%a4%9a\/"]}]},{"@type":"ImageObject","inLanguage":"pt-PT","@id":"https:\/\/www.ipim.gov.mo\/pt-pt\/noticias-do-ipim\/2022-08-26-%e6%be%b3%e9%96%80%e4%b8%ad%e5%b0%8f%e4%bc%81%e6%a5%ad%e5%b1%95%e5%8d%80%e8%b6%85%e9%a1%8d%e5%a0%b1%e5%90%8d%e8%bf%911%e5%80%8d-%e7%ac%ac27%e5%b1%86mif%e5%a4%9a\/#primaryimage","url":"https:\/\/www.ipim.gov.mo\/wp-content\/uploads\/2024\/07\/ipim-post-default.jpg","contentUrl":"https:\/\/www.ipim.gov.mo\/wp-content\/uploads\/2024\/07\/ipim-post-default.jpg","width":1024,"height":768},{"@type":"BreadcrumbList","@id":"https:\/\/www.ipim.gov.mo\/pt-pt\/noticias-do-ipim\/2022-08-26-%e6%be%b3%e9%96%80%e4%b8%ad%e5%b0%8f%e4%bc%81%e6%a5%ad%e5%b1%95%e5%8d%80%e8%b6%85%e9%a1%8d%e5%a0%b1%e5%90%8d%e8%bf%911%e5%80%8d-%e7%ac%ac27%e5%b1%86mif%e5%a4%9a\/#breadcrumb","itemListElement":[{"@type":"ListItem","position":1,"name":"Home","item":"https:\/\/www.ipim.gov.mo\/pt-pt\/"},{"@type":"ListItem","position":2,"name":"[2022\/08\/26] N\u00famero de inscri\u00e7\u00f5es quase dobrou na \u201cPavilh\u00e3o das PMES de Macau\u201d 27.\u00aa MIF ajuda PMEs na actualiza\u00e7\u00e3o e na transforma\u00e7\u00e3o com m\u00faltiplas medidas"}]},{"@type":"WebSite","@id":"https:\/\/www.ipim.gov.mo\/zh-hans\/#website","url":"https:\/\/www.ipim.gov.mo\/zh-hans\/","name":"Commerce and Investment Promotion Institute","description":"Commerce and Investment Promotion Institute","publisher":{"@id":"https:\/\/www.ipim.gov.mo\/zh-hans\/#organization"},"potentialAction":[{"@type":"SearchAction","target":{"@type":"EntryPoint","urlTemplate":"https:\/\/www.ipim.gov.mo\/zh-hans\/?s={search_term_string}"},"query-input":{"@type":"PropertyValueSpecification","valueRequired":true,"valueName":"search_term_string"}}],"inLanguage":"pt-PT"},{"@type":"Organization","@id":"https:\/\/www.ipim.gov.mo\/zh-hans\/#organization","name":"IPIM","url":"https:\/\/www.ipim.gov.mo\/zh-hans\/","logo":{"@type":"ImageObject","inLanguage":"pt-PT","@id":"https:\/\/www.ipim.gov.mo\/zh-hans\/#\/schema\/logo\/image\/","url":"https:\/\/www.ipim.gov.mo\/wp-content\/uploads\/2022\/10\/default-post-thumbnail-ipim-logo.png","contentUrl":"https:\/\/www.ipim.gov.mo\/wp-content\/uploads\/2022\/10\/default-post-thumbnail-ipim-logo.png","width":1024,"height":768,"caption":"IPIM"},"image":{"@id":"https:\/\/www.ipim.gov.mo\/zh-hans\/#\/schema\/logo\/image\/"}}]}},"author_meta":{"display_name":"admin","author_link":"https:\/\/www.ipim.gov.mo\/pt-pt\/author\/admin\/"},"featured_img":"https:\/\/www.ipim.gov.mo\/wp-content\/uploads\/2024\/07\/ipim-post-default-300x225.jpg","coauthors":[],"tax_additional":{"categories":{"linked":["<a href=\"https:\/\/www.ipim.gov.mo\/pt-pt\/category\/noticias-do-ipim\/\" class=\"advgb-post-tax-term\">Not\u00edcias do IPIM<\/a>"],"unlinked":["<span class=\"advgb-post-tax-term\">Not\u00edcias do IPIM<\/span>"]}},"comment_count":"0","relative_dates":{"created":"Posted 4 years ago","modified":"Updated 4 years ago"},"absolute_dates":{"created":"Posted on Agosto 26, 2022","modified":"Updated on Agosto 28, 2022"},"absolute_dates_time":{"created":"Posted on Agosto 26, 2022 9:42 am","modified":"Updated on Agosto 28, 2022 3:29 pm"},"featured_img_caption":"","series_order":"","_links":{"self":[{"href":"https:\/\/www.ipim.gov.mo\/pt-pt\/wp-json\/wp\/v2\/posts\/397089","targetHints":{"allow":["GET"]}}],"collection":[{"href":"https:\/\/www.ipim.gov.mo\/pt-pt\/wp-json\/wp\/v2\/posts"}],"about":[{"href":"https:\/\/www.ipim.gov.mo\/pt-pt\/wp-json\/wp\/v2\/types\/post"}],"author":[{"embeddable":true,"href":"https:\/\/www.ipim.gov.mo\/pt-pt\/wp-json\/wp\/v2\/users\/1"}],"replies":[{"embeddable":true,"href":"https:\/\/www.ipim.gov.mo\/pt-pt\/wp-json\/wp\/v2\/comments?post=397089"}],"version-history":[{"count":0,"href":"https:\/\/www.ipim.gov.mo\/pt-pt\/wp-json\/wp\/v2\/posts\/397089\/revisions"}],"wp:featuredmedia":[{"embeddable":true,"href":"https:\/\/www.ipim.gov.mo\/pt-pt\/wp-json\/wp\/v2\/media\/467868"}],"wp:attachment":[{"href":"https:\/\/www.ipim.gov.mo\/pt-pt\/wp-json\/wp\/v2\/media?parent=397089"}],"wp:term":[{"taxonomy":"category","embeddable":true,"href":"https:\/\/www.ipim.gov.mo\/pt-pt\/wp-json\/wp\/v2\/categories?post=397089"},{"taxonomy":"post_tag","embeddable":true,"href":"https:\/\/www.ipim.gov.mo\/pt-pt\/wp-json\/wp\/v2\/tags?post=397089"}],"curies":[{"name":"wp","href":"https:\/\/api.w.org\/{rel}","templated":true}]}}