{"id":395666,"date":"2022-08-19T18:31:00","date_gmt":"2022-08-19T10:31:00","guid":{"rendered":"https:\/\/www.ipim.gov.mo\/2022-08-19-ipim-visits-the-permanent-secretariat-of-forum-macao\/"},"modified":"2022-08-19T20:16:39","modified_gmt":"2022-08-19T12:16:39","slug":"2022-08-19-ipim-visits-the-permanent-secretariat-of-forum-macao","status":"publish","type":"post","link":"https:\/\/www.ipim.gov.mo\/pt-pt\/noticias-do-ipim\/2022-08-19-ipim-visits-the-permanent-secretariat-of-forum-macao\/","title":{"rendered":"[2022\/08\/19] IPIM visitou o Secretariado Permanente do F\u00f3rum de Macau"},"content":{"rendered":"<p>A delega\u00e7\u00e3o liderada pelo Presidente Substituto do Instituto de Promo\u00e7\u00e3o do Com\u00e9rcio e do Investimento de Macau (IPIM), Dr. U U Sang, efectuou recentemente uma visita ao Secretariado Permanente do F\u00f3rum para a Coopera\u00e7\u00e3o Econ\u00f3mica e Comercial entre a China e os Pa\u00edses de L\u00edngua Portuguesa (Macau) (F\u00f3rum de Macau) e teve uma reuni\u00e3o de trabalho com o Secret\u00e1rio-Geral, Dr. Ji Xianzheng, e com outros representantes do estabelecimento.<\/p>\n<p>As duas partes abordaram os assuntos de como aproveitar ao m\u00e1ximo as vantagens de Macau enquanto Plataforma de Servi\u00e7os para a Coopera\u00e7\u00e3o Comercial entre a China e os Pa\u00edses de L\u00edngua Portuguesa. Focaram-se tamb\u00e9m no refor\u00e7o das fun\u00e7\u00f5es da plataforma sino-lus\u00f3fona e nos trabalhos desenvolvidos pelo IPIM durante a pandemia, com vista \u00e0 manuten\u00e7\u00e3o de contacto e coopera\u00e7\u00e3o com as associa\u00e7\u00f5es, c\u00e2maras de com\u00e9rcio e empresas dos Pa\u00edses de L\u00edngua Portuguesa para atrair empresas de qualidade a estabelecerem-se em Macau.<\/p>\n<p><strong>Optimiza\u00e7\u00e3o dos servi\u00e7os da plataforma sino-lus\u00f3fona, com vista \u00e0 atrac\u00e7\u00e3o das empresas lus\u00f3fonas para o estabelecimento de neg\u00f3cios em Macau<\/strong><\/p>\n<p>O representante do IPIM referiu que, durante a pandemia, a institui\u00e7\u00e3o manteve contacto atrav\u00e9s dos canais\u00a0<em>online<\/em>\u00a0com as associa\u00e7\u00f5es, c\u00e2maras de com\u00e9rcio e empresas dos Pa\u00edses de L\u00edngua Portuguesa, a fim de continuar a atrair empresas de qualidade a estabelecerem-se em Macau, nomeadamente a atrair mais empresas dos pa\u00edses lus\u00f3fonos a estabelecerem-se em Macau sob forma de investimento misto, aproveitando, assim, as oportunidades da Zona de Coopera\u00e7\u00e3o Aprofundada entre Guangdong e Macau em Hengqin e da Grande Ba\u00eda Guangdong-Hong Kong-Macau.<\/p>\n<p><strong>Articula\u00e7\u00e3o entre as actividades de conven\u00e7\u00f5es e exposi\u00e7\u00f5es e os elementos da coopera\u00e7\u00e3o sino-lus\u00f3fona<\/strong><\/p>\n<p>A \u201cExposi\u00e7\u00e3o de Produtos e Servi\u00e7os dos Pa\u00edses de L\u00edngua Portuguesa (Macau) 2022\u201d (PLPEX 2022), a ser realizada em simult\u00e2neo com a \u201c27.\u00aa Feira Internacional de Macau\u201d (27.\u00aa MIF), ter\u00e1 a primeira iniciativa de cooperar com o Concurso Profissional de Vinhos G100 no Interior da China, no sentido de divulgar a &#8220;Carta de Vinhos Recomendados dos Pa\u00edses de L\u00edngua Portuguesa com maior potencial para o G100 X 2022PLPEX&#8221;, classificando, designadamente os vinhos dos pa\u00edses de l\u00edngua portuguesa agenciadas em Macau e participantes na 2022PLPEX, de modo a refor\u00e7ar a popularidade e a influ\u00eancia das marcas de vinho dos pa\u00edses lus\u00f3fonos, promovendo mais elementos de coopera\u00e7\u00e3o sino-lus\u00f3fona no mercado do Interior da China.<\/p>\n<p>A reuni\u00e3o contou ainda com a presen\u00e7a dos Secret\u00e1rios-Gerais Adjuntos do Secretariado Permanente do F\u00f3rum, Dr. Ding Tian e Dr. Casimiro de Jesus Pinto, da Coordenadora do Gabinete de Administra\u00e7\u00e3o ao Secretariado Permanente, Dra. Li Xiaohui, da Coordenadora do Gabinete de Apoio ao Secretariado Permanente, Dra. Teresa Mok, do Vogal Executivo do IPIM, Dr. Sam Lei, da Directora do Departamento de Actividades Promocionais e de Desenvolvimento de Conven\u00e7\u00f5es e Exposi\u00e7\u00f5es do IPIM, Dra. Elaine Wong e Director Substituto do Departamento de Promo\u00e7\u00e3o Econ\u00f3mica e Comercial com os Mercados Lus\u00f3fonos, Dr. Tang Weng Hei.<\/p>\n<div class=\"wp-caption alignnone\"><a href=\"https:\/\/www.gcs.gov.mo\/news\/p\/P22HSqA7h0\/l\" data-fancybox=\"gallery\" data-caption=\"IPIM Visits the Permanent Secretariat of Forum Macao\" data-type=\"image\"><br \/>\n<img decoding=\"async\" class=\"size-large\" src=\"https:\/\/www.gcs.gov.mo\/news\/p\/P22HSqA7h0\/l\" alt=\"IPIM Visits the Permanent Secretariat of Forum Macao\" width=\"1024\" \/><br \/>\n<\/a><\/p>\n<p class=\"wp-caption-text\">Visita do IPIM ao Secretariado Permanente do F\u00f3rum de Macau<\/p>\n<\/div>\n","protected":false},"excerpt":{"rendered":"<p>A delega\u00e7\u00e3o liderada pelo Presidente Substituto do Instituto de Promo\u00e7\u00e3o do Com\u00e9rcio e do Investimento de Macau (IPIM), Dr. U U Sang, efectuou recentemente uma [&hellip;]<\/p>\n","protected":false},"author":1,"featured_media":467868,"comment_status":"closed","ping_status":"closed","sticky":false,"template":"","format":"standard","meta":{"_acf_changed":false,"inline_featured_image":false,"advgb_blocks_editor_width":"","advgb_blocks_columns_visual_guide":"","footnotes":""},"categories":[12],"tags":[],"class_list":["post-395666","post","type-post","status-publish","format-standard","has-post-thumbnail","hentry","category-noticias-do-ipim"],"acf":[],"yoast_head":"<!-- This site is optimized with the Yoast SEO plugin v26.2 - https:\/\/yoast.com\/wordpress\/plugins\/seo\/ -->\r\n<title>[2022\/08\/19] IPIM visitou o Secretariado Permanente do F\u00f3rum de Macau | Commerce and Investment Promotion Institute<\/title>\r\n<meta name=\"robots\" content=\"index, follow, max-snippet:-1, max-image-preview:large, max-video-preview:-1\" \/>\r\n<link rel=\"canonical\" href=\"https:\/\/www.ipim.gov.mo\/pt-pt\/noticias-do-ipim\/2022-08-19-ipim-visits-the-permanent-secretariat-of-forum-macao\/\" \/>\r\n<meta property=\"og:locale\" content=\"pt_PT\" \/>\r\n<meta property=\"og:type\" content=\"article\" \/>\r\n<meta property=\"og:title\" content=\"[2022\/08\/19] IPIM visitou o Secretariado Permanente do F\u00f3rum de Macau | Commerce and Investment Promotion Institute\" \/>\r\n<meta property=\"og:description\" content=\"A delega\u00e7\u00e3o liderada pelo Presidente Substituto do Instituto de Promo\u00e7\u00e3o do Com\u00e9rcio e do Investimento de Macau (IPIM), Dr. U U Sang, efectuou recentemente uma [&hellip;]\" \/>\r\n<meta property=\"og:url\" content=\"https:\/\/www.ipim.gov.mo\/pt-pt\/noticias-do-ipim\/2022-08-19-ipim-visits-the-permanent-secretariat-of-forum-macao\/\" \/>\r\n<meta property=\"og:site_name\" content=\"Commerce and Investment Promotion Institute\" \/>\r\n<meta property=\"article:published_time\" content=\"2022-08-19T10:31:00+00:00\" \/>\r\n<meta property=\"article:modified_time\" content=\"2022-08-19T12:16:39+00:00\" \/>\r\n<meta property=\"og:image\" content=\"https:\/\/www.ipim.gov.mo\/wp-content\/uploads\/2024\/07\/ipim-post-default.jpg\" \/>\r\n\t<meta property=\"og:image:width\" content=\"1024\" \/>\r\n\t<meta property=\"og:image:height\" content=\"768\" \/>\r\n\t<meta property=\"og:image:type\" content=\"image\/jpeg\" \/>\r\n<meta name=\"author\" content=\"admin\" \/>\r\n<meta name=\"twitter:card\" content=\"summary_large_image\" \/>\r\n<meta name=\"twitter:label1\" content=\"Written by\" \/>\n\t<meta name=\"twitter:data1\" content=\"admin\" \/>\n\t<meta name=\"twitter:label2\" content=\"Est. reading time\" \/>\n\t<meta name=\"twitter:data2\" content=\"3 minutes\" \/>\r\n<script type=\"application\/ld+json\" class=\"yoast-schema-graph\">{\"@context\":\"https:\/\/schema.org\",\"@graph\":[{\"@type\":\"WebPage\",\"@id\":\"https:\/\/www.ipim.gov.mo\/pt-pt\/noticias-do-ipim\/2022-08-19-ipim-visits-the-permanent-secretariat-of-forum-macao\/\",\"url\":\"https:\/\/www.ipim.gov.mo\/pt-pt\/noticias-do-ipim\/2022-08-19-ipim-visits-the-permanent-secretariat-of-forum-macao\/\",\"name\":\"[2022\/08\/19] IPIM visitou o Secretariado Permanente do F\u00f3rum de Macau | Commerce and Investment Promotion Institute\",\"isPartOf\":{\"@id\":\"https:\/\/www.ipim.gov.mo\/zh-hans\/#website\"},\"primaryImageOfPage\":{\"@id\":\"https:\/\/www.ipim.gov.mo\/pt-pt\/noticias-do-ipim\/2022-08-19-ipim-visits-the-permanent-secretariat-of-forum-macao\/#primaryimage\"},\"image\":{\"@id\":\"https:\/\/www.ipim.gov.mo\/pt-pt\/noticias-do-ipim\/2022-08-19-ipim-visits-the-permanent-secretariat-of-forum-macao\/#primaryimage\"},\"thumbnailUrl\":\"https:\/\/www.ipim.gov.mo\/wp-content\/uploads\/2024\/07\/ipim-post-default.jpg\",\"datePublished\":\"2022-08-19T10:31:00+00:00\",\"dateModified\":\"2022-08-19T12:16:39+00:00\",\"breadcrumb\":{\"@id\":\"https:\/\/www.ipim.gov.mo\/pt-pt\/noticias-do-ipim\/2022-08-19-ipim-visits-the-permanent-secretariat-of-forum-macao\/#breadcrumb\"},\"inLanguage\":\"pt-PT\",\"potentialAction\":[{\"@type\":\"ReadAction\",\"target\":[\"https:\/\/www.ipim.gov.mo\/pt-pt\/noticias-do-ipim\/2022-08-19-ipim-visits-the-permanent-secretariat-of-forum-macao\/\"]}]},{\"@type\":\"ImageObject\",\"inLanguage\":\"pt-PT\",\"@id\":\"https:\/\/www.ipim.gov.mo\/pt-pt\/noticias-do-ipim\/2022-08-19-ipim-visits-the-permanent-secretariat-of-forum-macao\/#primaryimage\",\"url\":\"https:\/\/www.ipim.gov.mo\/wp-content\/uploads\/2024\/07\/ipim-post-default.jpg\",\"contentUrl\":\"https:\/\/www.ipim.gov.mo\/wp-content\/uploads\/2024\/07\/ipim-post-default.jpg\",\"width\":1024,\"height\":768},{\"@type\":\"BreadcrumbList\",\"@id\":\"https:\/\/www.ipim.gov.mo\/pt-pt\/noticias-do-ipim\/2022-08-19-ipim-visits-the-permanent-secretariat-of-forum-macao\/#breadcrumb\",\"itemListElement\":[{\"@type\":\"ListItem\",\"position\":1,\"name\":\"Home\",\"item\":\"https:\/\/www.ipim.gov.mo\/pt-pt\/\"},{\"@type\":\"ListItem\",\"position\":2,\"name\":\"[2022\/08\/19] IPIM visitou o Secretariado Permanente do F\u00f3rum de Macau\"}]},{\"@type\":\"WebSite\",\"@id\":\"https:\/\/www.ipim.gov.mo\/zh-hans\/#website\",\"url\":\"https:\/\/www.ipim.gov.mo\/zh-hans\/\",\"name\":\"Commerce and Investment Promotion Institute\",\"description\":\"Commerce and Investment Promotion Institute\",\"publisher\":{\"@id\":\"https:\/\/www.ipim.gov.mo\/zh-hans\/#organization\"},\"potentialAction\":[{\"@type\":\"SearchAction\",\"target\":{\"@type\":\"EntryPoint\",\"urlTemplate\":\"https:\/\/www.ipim.gov.mo\/zh-hans\/?s={search_term_string}\"},\"query-input\":{\"@type\":\"PropertyValueSpecification\",\"valueRequired\":true,\"valueName\":\"search_term_string\"}}],\"inLanguage\":\"pt-PT\"},{\"@type\":\"Organization\",\"@id\":\"https:\/\/www.ipim.gov.mo\/zh-hans\/#organization\",\"name\":\"IPIM\",\"url\":\"https:\/\/www.ipim.gov.mo\/zh-hans\/\",\"logo\":{\"@type\":\"ImageObject\",\"inLanguage\":\"pt-PT\",\"@id\":\"https:\/\/www.ipim.gov.mo\/zh-hans\/#\/schema\/logo\/image\/\",\"url\":\"https:\/\/www.ipim.gov.mo\/wp-content\/uploads\/2022\/10\/default-post-thumbnail-ipim-logo.png\",\"contentUrl\":\"https:\/\/www.ipim.gov.mo\/wp-content\/uploads\/2022\/10\/default-post-thumbnail-ipim-logo.png\",\"width\":1024,\"height\":768,\"caption\":\"IPIM\"},\"image\":{\"@id\":\"https:\/\/www.ipim.gov.mo\/zh-hans\/#\/schema\/logo\/image\/\"}}]}<\/script>\r\n<!-- \/ Yoast SEO plugin. -->","yoast_head_json":{"title":"[2022\/08\/19] IPIM visitou o Secretariado Permanente do F\u00f3rum de Macau | Commerce and Investment Promotion Institute","robots":{"index":"index","follow":"follow","max-snippet":"max-snippet:-1","max-image-preview":"max-image-preview:large","max-video-preview":"max-video-preview:-1"},"canonical":"https:\/\/www.ipim.gov.mo\/pt-pt\/noticias-do-ipim\/2022-08-19-ipim-visits-the-permanent-secretariat-of-forum-macao\/","og_locale":"pt_PT","og_type":"article","og_title":"[2022\/08\/19] IPIM visitou o Secretariado Permanente do F\u00f3rum de Macau | Commerce and Investment Promotion Institute","og_description":"A delega\u00e7\u00e3o liderada pelo Presidente Substituto do Instituto de Promo\u00e7\u00e3o do Com\u00e9rcio e do Investimento de Macau (IPIM), Dr. U U Sang, efectuou recentemente uma [&hellip;]","og_url":"https:\/\/www.ipim.gov.mo\/pt-pt\/noticias-do-ipim\/2022-08-19-ipim-visits-the-permanent-secretariat-of-forum-macao\/","og_site_name":"Commerce and Investment Promotion Institute","article_published_time":"2022-08-19T10:31:00+00:00","article_modified_time":"2022-08-19T12:16:39+00:00","og_image":[{"width":1024,"height":768,"url":"https:\/\/www.ipim.gov.mo\/wp-content\/uploads\/2024\/07\/ipim-post-default.jpg","type":"image\/jpeg"}],"author":"admin","twitter_card":"summary_large_image","twitter_misc":{"Written by":"admin","Est. reading time":"3 minutes"},"schema":{"@context":"https:\/\/schema.org","@graph":[{"@type":"WebPage","@id":"https:\/\/www.ipim.gov.mo\/pt-pt\/noticias-do-ipim\/2022-08-19-ipim-visits-the-permanent-secretariat-of-forum-macao\/","url":"https:\/\/www.ipim.gov.mo\/pt-pt\/noticias-do-ipim\/2022-08-19-ipim-visits-the-permanent-secretariat-of-forum-macao\/","name":"[2022\/08\/19] IPIM visitou o Secretariado Permanente do F\u00f3rum de Macau | Commerce and Investment Promotion Institute","isPartOf":{"@id":"https:\/\/www.ipim.gov.mo\/zh-hans\/#website"},"primaryImageOfPage":{"@id":"https:\/\/www.ipim.gov.mo\/pt-pt\/noticias-do-ipim\/2022-08-19-ipim-visits-the-permanent-secretariat-of-forum-macao\/#primaryimage"},"image":{"@id":"https:\/\/www.ipim.gov.mo\/pt-pt\/noticias-do-ipim\/2022-08-19-ipim-visits-the-permanent-secretariat-of-forum-macao\/#primaryimage"},"thumbnailUrl":"https:\/\/www.ipim.gov.mo\/wp-content\/uploads\/2024\/07\/ipim-post-default.jpg","datePublished":"2022-08-19T10:31:00+00:00","dateModified":"2022-08-19T12:16:39+00:00","breadcrumb":{"@id":"https:\/\/www.ipim.gov.mo\/pt-pt\/noticias-do-ipim\/2022-08-19-ipim-visits-the-permanent-secretariat-of-forum-macao\/#breadcrumb"},"inLanguage":"pt-PT","potentialAction":[{"@type":"ReadAction","target":["https:\/\/www.ipim.gov.mo\/pt-pt\/noticias-do-ipim\/2022-08-19-ipim-visits-the-permanent-secretariat-of-forum-macao\/"]}]},{"@type":"ImageObject","inLanguage":"pt-PT","@id":"https:\/\/www.ipim.gov.mo\/pt-pt\/noticias-do-ipim\/2022-08-19-ipim-visits-the-permanent-secretariat-of-forum-macao\/#primaryimage","url":"https:\/\/www.ipim.gov.mo\/wp-content\/uploads\/2024\/07\/ipim-post-default.jpg","contentUrl":"https:\/\/www.ipim.gov.mo\/wp-content\/uploads\/2024\/07\/ipim-post-default.jpg","width":1024,"height":768},{"@type":"BreadcrumbList","@id":"https:\/\/www.ipim.gov.mo\/pt-pt\/noticias-do-ipim\/2022-08-19-ipim-visits-the-permanent-secretariat-of-forum-macao\/#breadcrumb","itemListElement":[{"@type":"ListItem","position":1,"name":"Home","item":"https:\/\/www.ipim.gov.mo\/pt-pt\/"},{"@type":"ListItem","position":2,"name":"[2022\/08\/19] IPIM visitou o Secretariado Permanente do F\u00f3rum de Macau"}]},{"@type":"WebSite","@id":"https:\/\/www.ipim.gov.mo\/zh-hans\/#website","url":"https:\/\/www.ipim.gov.mo\/zh-hans\/","name":"Commerce and Investment Promotion Institute","description":"Commerce and Investment Promotion Institute","publisher":{"@id":"https:\/\/www.ipim.gov.mo\/zh-hans\/#organization"},"potentialAction":[{"@type":"SearchAction","target":{"@type":"EntryPoint","urlTemplate":"https:\/\/www.ipim.gov.mo\/zh-hans\/?s={search_term_string}"},"query-input":{"@type":"PropertyValueSpecification","valueRequired":true,"valueName":"search_term_string"}}],"inLanguage":"pt-PT"},{"@type":"Organization","@id":"https:\/\/www.ipim.gov.mo\/zh-hans\/#organization","name":"IPIM","url":"https:\/\/www.ipim.gov.mo\/zh-hans\/","logo":{"@type":"ImageObject","inLanguage":"pt-PT","@id":"https:\/\/www.ipim.gov.mo\/zh-hans\/#\/schema\/logo\/image\/","url":"https:\/\/www.ipim.gov.mo\/wp-content\/uploads\/2022\/10\/default-post-thumbnail-ipim-logo.png","contentUrl":"https:\/\/www.ipim.gov.mo\/wp-content\/uploads\/2022\/10\/default-post-thumbnail-ipim-logo.png","width":1024,"height":768,"caption":"IPIM"},"image":{"@id":"https:\/\/www.ipim.gov.mo\/zh-hans\/#\/schema\/logo\/image\/"}}]}},"author_meta":{"display_name":"admin","author_link":"https:\/\/www.ipim.gov.mo\/pt-pt\/author\/admin\/"},"featured_img":"https:\/\/www.ipim.gov.mo\/wp-content\/uploads\/2024\/07\/ipim-post-default-300x225.jpg","coauthors":[],"tax_additional":{"categories":{"linked":["<a href=\"https:\/\/www.ipim.gov.mo\/pt-pt\/category\/noticias-do-ipim\/\" class=\"advgb-post-tax-term\">Not\u00edcias do IPIM<\/a>"],"unlinked":["<span class=\"advgb-post-tax-term\">Not\u00edcias do IPIM<\/span>"]}},"comment_count":"0","relative_dates":{"created":"Posted 4 years ago","modified":"Updated 4 years ago"},"absolute_dates":{"created":"Posted on Agosto 19, 2022","modified":"Updated on Agosto 19, 2022"},"absolute_dates_time":{"created":"Posted on Agosto 19, 2022 6:31 pm","modified":"Updated on Agosto 19, 2022 8:16 pm"},"featured_img_caption":"","series_order":"","_links":{"self":[{"href":"https:\/\/www.ipim.gov.mo\/pt-pt\/wp-json\/wp\/v2\/posts\/395666","targetHints":{"allow":["GET"]}}],"collection":[{"href":"https:\/\/www.ipim.gov.mo\/pt-pt\/wp-json\/wp\/v2\/posts"}],"about":[{"href":"https:\/\/www.ipim.gov.mo\/pt-pt\/wp-json\/wp\/v2\/types\/post"}],"author":[{"embeddable":true,"href":"https:\/\/www.ipim.gov.mo\/pt-pt\/wp-json\/wp\/v2\/users\/1"}],"replies":[{"embeddable":true,"href":"https:\/\/www.ipim.gov.mo\/pt-pt\/wp-json\/wp\/v2\/comments?post=395666"}],"version-history":[{"count":0,"href":"https:\/\/www.ipim.gov.mo\/pt-pt\/wp-json\/wp\/v2\/posts\/395666\/revisions"}],"wp:featuredmedia":[{"embeddable":true,"href":"https:\/\/www.ipim.gov.mo\/pt-pt\/wp-json\/wp\/v2\/media\/467868"}],"wp:attachment":[{"href":"https:\/\/www.ipim.gov.mo\/pt-pt\/wp-json\/wp\/v2\/media?parent=395666"}],"wp:term":[{"taxonomy":"category","embeddable":true,"href":"https:\/\/www.ipim.gov.mo\/pt-pt\/wp-json\/wp\/v2\/categories?post=395666"},{"taxonomy":"post_tag","embeddable":true,"href":"https:\/\/www.ipim.gov.mo\/pt-pt\/wp-json\/wp\/v2\/tags?post=395666"}],"curies":[{"name":"wp","href":"https:\/\/api.w.org\/{rel}","templated":true}]}}