{"id":394487,"date":"2022-08-12T09:48:00","date_gmt":"2022-08-12T01:48:00","guid":{"rendered":"https:\/\/www.ipim.gov.mo\/2022-08-12-%e8%b2%bf%e4%bf%83%e5%b1%80%e4%b8%8b%e5%8d%8a%e5%b9%b4%e5%a4%9a%e9%a0%85%e6%8e%aa%e6%96%bd%e6%8f%90%e5%8d%87%e6%9c%83%e5%b1%95%e6%a5%ad%e8%81%af%e5%8b%95%e6%95%88%e8%83%bd\/"},"modified":"2022-08-12T18:45:43","modified_gmt":"2022-08-12T10:45:43","slug":"2022-08-12-%e8%b2%bf%e4%bf%83%e5%b1%80%e4%b8%8b%e5%8d%8a%e5%b9%b4%e5%a4%9a%e9%a0%85%e6%8e%aa%e6%96%bd%e6%8f%90%e5%8d%87%e6%9c%83%e5%b1%95%e6%a5%ad%e8%81%af%e5%8b%95%e6%95%88%e8%83%bd","status":"publish","type":"post","link":"https:\/\/www.ipim.gov.mo\/pt-pt\/noticias-do-ipim\/2022-08-12-%e8%b2%bf%e4%bf%83%e5%b1%80%e4%b8%8b%e5%8d%8a%e5%b9%b4%e5%a4%9a%e9%a0%85%e6%8e%aa%e6%96%bd%e6%8f%90%e5%8d%87%e6%9c%83%e5%b1%95%e6%a5%ad%e8%81%af%e5%8b%95%e6%95%88%e8%83%bd\/","title":{"rendered":"[2022\/08\/12] O IPIM ir\u00e1 lan\u00e7ar uma s\u00e9rie de medidas para promover o efeito sinerg\u00e9tico da ind\u00fastria de conven\u00e7\u00f5es e exposi\u00e7\u00f5es na segunda metade do ano"},"content":{"rendered":"<p style=\"text-align: justify;\">Com o intuito de estimular a retomada ordenada dos eventos de conven\u00e7\u00f5es e exposi\u00e7\u00f5es em Macau, dada a normaliza\u00e7\u00e3o do controlo pand\u00e9mico, o Instituto de Promo\u00e7\u00e3o do Com\u00e9rcio e do Investimento de Macau (IPIM) realizou, recentemente, reuni\u00f5es de trabalho virtuais e f\u00edsicas com cinco associa\u00e7\u00f5es comerciais da ind\u00fastria local de conven\u00e7\u00f5es e exposi\u00e7\u00f5es.<\/p>\n<p style=\"text-align: justify;\">Nestas reuni\u00f5es, as duas partes abordaram e trocaram opini\u00f5es sobre v\u00e1rios assuntos, nomeadamente a coordena\u00e7\u00e3o para organiza\u00e7\u00e3o de v\u00e1rios eventos no segundo semestre do ano, a prolonga\u00e7\u00e3o de dura\u00e7\u00e3o da estadia dos visitantes comerciais em Macau, a expans\u00e3o do efeito impulsionador da ind\u00fastria de conven\u00e7\u00f5es e exposi\u00e7\u00f5es, assim como o apoio dado \u00e0 recupera\u00e7\u00e3o dos sectores de apoio relacionados, entre outros, visando contribuir, com a sua sabedoria colectiva, para impulsionar em conjunto a recupera\u00e7\u00e3o da ind\u00fastria de conven\u00e7\u00f5es e exposi\u00e7\u00f5es em Macau.<\/p>\n<p style=\"text-align: justify;\"><strong>Promo\u00e7\u00e3o do efeito sinerg\u00e9tico da ind\u00fastria de conven\u00e7\u00f5es e exposi\u00e7\u00f5es e divulga\u00e7\u00e3o das vantagens de Macau nesse sentido<\/strong><\/p>\n<p style=\"text-align: justify;\">No seu discurso, Vincent U, Presidente Substituto do IPIM, afirmou que nos pr\u00f3ximos seis meses, o IPIM ir\u00e1 promover, de forma din\u00e2mica, v\u00e1rias medidas para ajudar a recupera\u00e7\u00e3o do desenvolvimento da ind\u00fastria de conven\u00e7\u00f5es e exposi\u00e7\u00f5es e impulsionar a retomada dos sectores de apoio relacionados.<\/p>\n<p style=\"text-align: justify;\">Em termos mais concretos, destacam-se as seguintes sete medidas de apoio:<\/p>\n<ol>\n<li style=\"text-align: justify;\">Coordenar a ind\u00fastria de conven\u00e7\u00f5es e exposi\u00e7\u00f5es e as empresas de Macau na sua participa\u00e7\u00e3o em mais de 20 actividades econ\u00f3micas e comerciais organizadas em Macau e em v\u00e1rias cidades do Interior da China;<br \/>\n(Com tudo isto, o IPIM procura promover as vantagens de Macau no \u00e2mbito de conven\u00e7\u00f5es e exposi\u00e7\u00f5es, bem como encorajar a ind\u00fastria em causa a ter contacto com mais potenciais clientes. Al\u00e9m disso, o IPIM ir\u00e1 tamb\u00e9m trabalhar proactivamente para concretizar, em Macau, mais eventos de conven\u00e7\u00f5es e exposi\u00e7\u00f5es adequados de grande, m\u00e9dia e pequena escala, prolongando a dura\u00e7\u00e3o da estadia dos visitantes comerciais, em colabora\u00e7\u00e3o com outros eventos a ser realizados no mesmo per\u00edodo no segundo semestre deste ano, por forma a expandir o efeito estimulante da ind\u00fastria de conven\u00e7\u00f5es e exposi\u00e7\u00f5es aos outros sectores.)<\/li>\n<li style=\"text-align: justify;\">Elaborar directrizes sobre a preven\u00e7\u00e3o da pandemia na organiza\u00e7\u00e3o dos eventos de conven\u00e7\u00f5es e exposi\u00e7\u00f5es;<\/li>\n<li style=\"text-align: justify;\">Sob o cumprimento rigoroso das orienta\u00e7\u00f5es de preven\u00e7\u00e3o pand\u00e9mica, esfor\u00e7ar-se para preparar os diversos eventos de conven\u00e7\u00f5es e exposi\u00e7\u00f5es de marca local organizados\/coordenados pelo IPIM, tentando adiar os eventos em vez de os cancelar, quando necess\u00e1rio;<\/li>\n<li style=\"text-align: justify;\">Refor\u00e7ar o apoio \u00e0s PMEs, por exemplo, duplicando o n\u00famero de <em>stands <\/em>para PMEs de Macau na \u201c27.\u00aa Feira Internacional de Macau\u201d;<\/li>\n<li style=\"text-align: justify;\">Rever os regulamentos dos planos de apoio financeiro do \u00e2mbito da ind\u00fastria de conven\u00e7\u00f5es e exposi\u00e7\u00f5es, conforme as necessidades reais;<\/li>\n<li style=\"text-align: justify;\">Proporcionar forma\u00e7\u00e3o cont\u00ednua aos profissionais da ind\u00fastria de conven\u00e7\u00f5es e exposi\u00e7\u00f5es, com vista a aumentar a sua competitividade;<\/li>\n<li style=\"text-align: justify;\">Estabelecer mecanismos de comunica\u00e7\u00e3o com os departamentos da Zona de Coopera\u00e7\u00e3o Aprofundada entre Guangdong e Macau em Hengqin, no sentido de formular pol\u00edticas de apoio m\u00fatuo ao desenvolvimento da ind\u00fastria de conven\u00e7\u00f5es e exposi\u00e7\u00f5es e fomentar o melhor desenvolvimento desta ind\u00fastria em ambos os locais.<\/li>\n<\/ol>\n<p style=\"text-align: justify;\"><strong>Discuss\u00e3o conjunta sobre o desenvolvimento da ind\u00fastria de conven\u00e7\u00f5es e exposi\u00e7\u00f5es e confian\u00e7a no seu futuro <\/strong><\/p>\n<p style=\"text-align: justify;\">Os representantes presentes nas reuni\u00f5es afirmaram que a pandemia deixou um impacto \u00f3bvio em diversos sectores e esperam dar, por isso, um impulso positivo \u00e0 recupera\u00e7\u00e3o da ind\u00fastria de conven\u00e7\u00f5es e exposi\u00e7\u00f5es, sobretudo por meio de medidas como o aprofundamento da liga\u00e7\u00e3o entre Macau e Hengqin neste \u00e2mbito, o aperfei\u00e7oamento do Plano de Apoio Financeiro para Conven\u00e7\u00f5es e Exposi\u00e7\u00f5es, o desenvolvimento de profissionais nesta \u00e1rea, a normaliza\u00e7\u00e3o das directrizes antiepid\u00e9micas para a organiza\u00e7\u00e3o de eventos de conven\u00e7\u00f5es e exposi\u00e7\u00f5es, a introdu\u00e7\u00e3o de mais eventos de pequena e m\u00e9dia dimens\u00e3o e a explora\u00e7\u00e3o da integra\u00e7\u00e3o transectorial \u201cind\u00fastrias + conven\u00e7\u00f5es e exposi\u00e7\u00f5es\u201d, entre outras.<\/p>\n<p style=\"text-align: justify;\">Concordando com as medidas a serem introduzidas pelo IPIM no segundo semestre do ano, os representantes tamb\u00e9m expressaram a sua confian\u00e7a no desenvolvimento futuro da ind\u00fastria de conven\u00e7\u00f5es e exposi\u00e7\u00f5es e a sua disposi\u00e7\u00e3o para continuar a avan\u00e7ar, em conjunto com o Governo, de modo a desempenhar melhor o papel din\u00e2mico desta ind\u00fastria.<\/p>\n<p style=\"text-align: justify;\">As reuni\u00f5es em causa contaram com a presen\u00e7a dos seguintes elementos: Song Xiaodong e Poon Yiu Wing Irwin, Presidente e Presidente da Direc\u00e7\u00e3o da Associa\u00e7\u00e3o de Conven\u00e7\u00f5es e Exposi\u00e7\u00f5es de Macau; Lam Chong In e Sam Wai Nei, Presidente e Presidente do Conselho Fiscal da Associa\u00e7\u00e3o de Com\u00e9rcio e Exposi\u00e7\u00f5es de Macau; Wong I Mun e Chung Ching Yee, Presidente e Presidente da Direc\u00e7\u00e3o da Associa\u00e7\u00e3o das Companhias e Servi\u00e7os de Publicidade de Macau; Lo Wang Chun e Che Fok Sang, Presidente e Presidente da Direc\u00e7\u00e3o da Macau Federal Commercial Association of Convention &amp; Exhibition Industry; e He Haiming e Ho Chak Meng, Presidente e Presidente da Direc\u00e7\u00e3o da Associa\u00e7\u00e3o dos Sectores de Conven\u00e7\u00f5es, Exposi\u00e7\u00f5es e Turismo de Macau.<\/p>\n<div class=\"wp-caption alignnone\"><a href=\"https:\/\/www.gcs.gov.mo\/news\/p\/P22HLmqASq\/l\" data-fancybox=\"gallery\" data-caption=\"O IPIM ir\u00e1 coordenar a ind\u00fastria de conven\u00e7\u00f5es e exposi\u00e7\u00f5es e as empresas de Macau na sua participa\u00e7\u00e3o em mais de 20 actividades econ\u00f3micas e comerciais organizadas em Macau e em v\u00e1rias cidades do Interior da China.\" data-type=\"image\"><br \/>\n<img decoding=\"async\" class=\"size-large\" src=\"https:\/\/www.gcs.gov.mo\/news\/p\/P22HLmqASq\/l\" alt=\"O IPIM ir\u00e1 coordenar a ind\u00fastria de conven\u00e7\u00f5es e exposi\u00e7\u00f5es e as empresas de Macau na sua participa\u00e7\u00e3o em mais de 20 actividades econ\u00f3micas e comerciais organizadas em Macau e em v\u00e1rias cidades do Interior da China.\" width=\"1024\" \/><br \/>\n<\/a><\/p>\n<p class=\"wp-caption-text\">O IPIM ir\u00e1 coordenar a ind\u00fastria de conven\u00e7\u00f5es e exposi\u00e7\u00f5es e as empresas de Macau na sua participa\u00e7\u00e3o em mais de 20 actividades econ\u00f3micas e comerciais organizadas em Macau e em v\u00e1rias cidades do Interior da China.<\/p>\n<\/div>\n<div class=\"wp-caption alignnone\"><a href=\"https:\/\/www.gcs.gov.mo\/news\/p\/P22HLMcYoj\/l\" data-fancybox=\"gallery\" data-caption=\"O IPIM ir\u00e1 coordenar a ind\u00fastria de conven\u00e7\u00f5es e exposi\u00e7\u00f5es e as empresas de Macau na sua participa\u00e7\u00e3o em mais de 20 actividades econ\u00f3micas e comerciais organizadas em Macau e em v\u00e1rias cidades do Interior da China.\" data-type=\"image\"><br \/>\n<img decoding=\"async\" class=\"size-large\" src=\"https:\/\/www.gcs.gov.mo\/news\/p\/P22HLMcYoj\/l\" alt=\"O IPIM ir\u00e1 coordenar a ind\u00fastria de conven\u00e7\u00f5es e exposi\u00e7\u00f5es e as empresas de Macau na sua participa\u00e7\u00e3o em mais de 20 actividades econ\u00f3micas e comerciais organizadas em Macau e em v\u00e1rias cidades do Interior da China.\" width=\"1024\" \/><br \/>\n<\/a><\/p>\n<p class=\"wp-caption-text\">O IPIM ir\u00e1 coordenar a ind\u00fastria de conven\u00e7\u00f5es e exposi\u00e7\u00f5es e as empresas de Macau na sua participa\u00e7\u00e3o em mais de 20 actividades econ\u00f3micas e comerciais organizadas em Macau e em v\u00e1rias cidades do Interior da China.<\/p>\n<\/div>\n<div class=\"wp-caption alignnone\"><a href=\"https:\/\/www.gcs.gov.mo\/news\/p\/P22HLEIy7w\/l\" data-fancybox=\"gallery\" data-caption=\"O IPIM realizou uma reuni\u00e3o de trabalho com cinco associa\u00e7\u00f5es comerciais da ind\u00fastria de conven\u00e7\u00f5es e exposi\u00e7\u00f5es no dia 9 de Agosto.\" data-type=\"image\"><br \/>\n<img decoding=\"async\" class=\"size-large\" src=\"https:\/\/www.gcs.gov.mo\/news\/p\/P22HLEIy7w\/l\" alt=\"O IPIM realizou uma reuni\u00e3o de trabalho com cinco associa\u00e7\u00f5es comerciais da ind\u00fastria de conven\u00e7\u00f5es e exposi\u00e7\u00f5es no dia 9 de Agosto.\" width=\"1024\" \/><br \/>\n<\/a><\/p>\n<p class=\"wp-caption-text\">O IPIM realizou uma reuni\u00e3o de trabalho com cinco associa\u00e7\u00f5es comerciais da ind\u00fastria de conven\u00e7\u00f5es e exposi\u00e7\u00f5es no dia 9 de Agosto.<\/p>\n<\/div>\n<div class=\"wp-caption alignnone\"><a href=\"https:\/\/www.gcs.gov.mo\/news\/p\/P22HLpJt0m\/l\" data-fancybox=\"gallery\" data-caption=\"O IPIM organizou uma reuni\u00e3o de interc\u00e2mbio virtual com representantes das cinco associa\u00e7\u00f5es comerciais da ind\u00fastria de conven\u00e7\u00f5es e exposi\u00e7\u00f5es em 27 de Julho, para recolher sugest\u00f5es da ind\u00fastria imediatamente ap\u00f3s a retomada gradual do trabalho no \u201cper\u00edodo de consolida\u00e7\u00e3o\u201d.\" data-type=\"image\"><br \/>\n<img decoding=\"async\" class=\"size-large\" src=\"https:\/\/www.gcs.gov.mo\/news\/p\/P22HLpJt0m\/l\" alt=\"O IPIM organizou uma reuni\u00e3o de interc\u00e2mbio virtual com representantes das cinco associa\u00e7\u00f5es comerciais da ind\u00fastria de conven\u00e7\u00f5es e exposi\u00e7\u00f5es em 27 de Julho, para recolher sugest\u00f5es da ind\u00fastria imediatamente ap\u00f3s a retomada gradual do trabalho no \u201cper\u00edodo de consolida\u00e7\u00e3o\u201d.\" width=\"1024\" \/><br \/>\n<\/a><\/p>\n<p class=\"wp-caption-text\">O IPIM organizou uma reuni\u00e3o de interc\u00e2mbio virtual com representantes das cinco associa\u00e7\u00f5es comerciais da ind\u00fastria de conven\u00e7\u00f5es e exposi\u00e7\u00f5es em 27 de Julho, para recolher sugest\u00f5es da ind\u00fastria imediatamente ap\u00f3s a retomada gradual do trabalho no \u201cper\u00edodo de consolida\u00e7\u00e3o\u201d.<\/p>\n<\/div>\n","protected":false},"excerpt":{"rendered":"<p>Com o intuito de estimular a retomada ordenada dos eventos de conven\u00e7\u00f5es e exposi\u00e7\u00f5es em Macau, dada a normaliza\u00e7\u00e3o do controlo pand\u00e9mico, o Instituto de [&hellip;]<\/p>\n","protected":false},"author":1,"featured_media":467868,"comment_status":"closed","ping_status":"closed","sticky":false,"template":"","format":"standard","meta":{"_acf_changed":false,"inline_featured_image":false,"advgb_blocks_editor_width":"","advgb_blocks_columns_visual_guide":"","footnotes":""},"categories":[12],"tags":[],"class_list":["post-394487","post","type-post","status-publish","format-standard","has-post-thumbnail","hentry","category-noticias-do-ipim"],"acf":[],"yoast_head":"<!-- This site is optimized with the Yoast SEO plugin v26.2 - https:\/\/yoast.com\/wordpress\/plugins\/seo\/ -->\r\n<title>[2022\/08\/12] O IPIM ir\u00e1 lan\u00e7ar uma s\u00e9rie de medidas para promover o efeito sinerg\u00e9tico da ind\u00fastria de conven\u00e7\u00f5es e exposi\u00e7\u00f5es na segunda metade do ano | Commerce and Investment Promotion Institute<\/title>\r\n<meta name=\"robots\" content=\"index, follow, max-snippet:-1, max-image-preview:large, max-video-preview:-1\" \/>\r\n<link rel=\"canonical\" href=\"https:\/\/www.ipim.gov.mo\/pt-pt\/noticias-do-ipim\/2022-08-12-\u8cbf\u4fc3\u5c40\u4e0b\u534a\u5e74\u591a\u9805\u63aa\u65bd\u63d0\u5347\u6703\u5c55\u696d\u806f\u52d5\u6548\u80fd\/\" \/>\r\n<meta property=\"og:locale\" content=\"pt_PT\" \/>\r\n<meta property=\"og:type\" content=\"article\" \/>\r\n<meta property=\"og:title\" content=\"[2022\/08\/12] O IPIM ir\u00e1 lan\u00e7ar uma s\u00e9rie de medidas para promover o efeito sinerg\u00e9tico da ind\u00fastria de conven\u00e7\u00f5es e exposi\u00e7\u00f5es na segunda metade do ano | Commerce and Investment Promotion Institute\" \/>\r\n<meta property=\"og:description\" content=\"Com o intuito de estimular a retomada ordenada dos eventos de conven\u00e7\u00f5es e exposi\u00e7\u00f5es em Macau, dada a normaliza\u00e7\u00e3o do controlo pand\u00e9mico, o Instituto de [&hellip;]\" \/>\r\n<meta property=\"og:url\" content=\"https:\/\/www.ipim.gov.mo\/pt-pt\/noticias-do-ipim\/2022-08-12-\u8cbf\u4fc3\u5c40\u4e0b\u534a\u5e74\u591a\u9805\u63aa\u65bd\u63d0\u5347\u6703\u5c55\u696d\u806f\u52d5\u6548\u80fd\/\" \/>\r\n<meta property=\"og:site_name\" content=\"Commerce and Investment Promotion Institute\" \/>\r\n<meta property=\"article:published_time\" content=\"2022-08-12T01:48:00+00:00\" \/>\r\n<meta property=\"article:modified_time\" content=\"2022-08-12T10:45:43+00:00\" \/>\r\n<meta property=\"og:image\" content=\"https:\/\/www.ipim.gov.mo\/wp-content\/uploads\/2024\/07\/ipim-post-default.jpg\" \/>\r\n\t<meta property=\"og:image:width\" content=\"1024\" \/>\r\n\t<meta property=\"og:image:height\" content=\"768\" \/>\r\n\t<meta property=\"og:image:type\" content=\"image\/jpeg\" \/>\r\n<meta name=\"author\" content=\"admin\" \/>\r\n<meta name=\"twitter:card\" content=\"summary_large_image\" \/>\r\n<meta name=\"twitter:label1\" content=\"Written by\" \/>\n\t<meta name=\"twitter:data1\" content=\"admin\" \/>\n\t<meta name=\"twitter:label2\" content=\"Est. reading time\" \/>\n\t<meta name=\"twitter:data2\" content=\"5 minutes\" \/>\r\n<script type=\"application\/ld+json\" class=\"yoast-schema-graph\">{\"@context\":\"https:\/\/schema.org\",\"@graph\":[{\"@type\":\"WebPage\",\"@id\":\"https:\/\/www.ipim.gov.mo\/pt-pt\/noticias-do-ipim\/2022-08-12-%e8%b2%bf%e4%bf%83%e5%b1%80%e4%b8%8b%e5%8d%8a%e5%b9%b4%e5%a4%9a%e9%a0%85%e6%8e%aa%e6%96%bd%e6%8f%90%e5%8d%87%e6%9c%83%e5%b1%95%e6%a5%ad%e8%81%af%e5%8b%95%e6%95%88%e8%83%bd\/\",\"url\":\"https:\/\/www.ipim.gov.mo\/pt-pt\/noticias-do-ipim\/2022-08-12-%e8%b2%bf%e4%bf%83%e5%b1%80%e4%b8%8b%e5%8d%8a%e5%b9%b4%e5%a4%9a%e9%a0%85%e6%8e%aa%e6%96%bd%e6%8f%90%e5%8d%87%e6%9c%83%e5%b1%95%e6%a5%ad%e8%81%af%e5%8b%95%e6%95%88%e8%83%bd\/\",\"name\":\"[2022\/08\/12] O IPIM ir\u00e1 lan\u00e7ar uma s\u00e9rie de medidas para promover o efeito sinerg\u00e9tico da ind\u00fastria de conven\u00e7\u00f5es e exposi\u00e7\u00f5es na segunda metade do ano | Commerce and Investment Promotion Institute\",\"isPartOf\":{\"@id\":\"https:\/\/www.ipim.gov.mo\/zh-hans\/#website\"},\"primaryImageOfPage\":{\"@id\":\"https:\/\/www.ipim.gov.mo\/pt-pt\/noticias-do-ipim\/2022-08-12-%e8%b2%bf%e4%bf%83%e5%b1%80%e4%b8%8b%e5%8d%8a%e5%b9%b4%e5%a4%9a%e9%a0%85%e6%8e%aa%e6%96%bd%e6%8f%90%e5%8d%87%e6%9c%83%e5%b1%95%e6%a5%ad%e8%81%af%e5%8b%95%e6%95%88%e8%83%bd\/#primaryimage\"},\"image\":{\"@id\":\"https:\/\/www.ipim.gov.mo\/pt-pt\/noticias-do-ipim\/2022-08-12-%e8%b2%bf%e4%bf%83%e5%b1%80%e4%b8%8b%e5%8d%8a%e5%b9%b4%e5%a4%9a%e9%a0%85%e6%8e%aa%e6%96%bd%e6%8f%90%e5%8d%87%e6%9c%83%e5%b1%95%e6%a5%ad%e8%81%af%e5%8b%95%e6%95%88%e8%83%bd\/#primaryimage\"},\"thumbnailUrl\":\"https:\/\/www.ipim.gov.mo\/wp-content\/uploads\/2024\/07\/ipim-post-default.jpg\",\"datePublished\":\"2022-08-12T01:48:00+00:00\",\"dateModified\":\"2022-08-12T10:45:43+00:00\",\"breadcrumb\":{\"@id\":\"https:\/\/www.ipim.gov.mo\/pt-pt\/noticias-do-ipim\/2022-08-12-%e8%b2%bf%e4%bf%83%e5%b1%80%e4%b8%8b%e5%8d%8a%e5%b9%b4%e5%a4%9a%e9%a0%85%e6%8e%aa%e6%96%bd%e6%8f%90%e5%8d%87%e6%9c%83%e5%b1%95%e6%a5%ad%e8%81%af%e5%8b%95%e6%95%88%e8%83%bd\/#breadcrumb\"},\"inLanguage\":\"pt-PT\",\"potentialAction\":[{\"@type\":\"ReadAction\",\"target\":[\"https:\/\/www.ipim.gov.mo\/pt-pt\/noticias-do-ipim\/2022-08-12-%e8%b2%bf%e4%bf%83%e5%b1%80%e4%b8%8b%e5%8d%8a%e5%b9%b4%e5%a4%9a%e9%a0%85%e6%8e%aa%e6%96%bd%e6%8f%90%e5%8d%87%e6%9c%83%e5%b1%95%e6%a5%ad%e8%81%af%e5%8b%95%e6%95%88%e8%83%bd\/\"]}]},{\"@type\":\"ImageObject\",\"inLanguage\":\"pt-PT\",\"@id\":\"https:\/\/www.ipim.gov.mo\/pt-pt\/noticias-do-ipim\/2022-08-12-%e8%b2%bf%e4%bf%83%e5%b1%80%e4%b8%8b%e5%8d%8a%e5%b9%b4%e5%a4%9a%e9%a0%85%e6%8e%aa%e6%96%bd%e6%8f%90%e5%8d%87%e6%9c%83%e5%b1%95%e6%a5%ad%e8%81%af%e5%8b%95%e6%95%88%e8%83%bd\/#primaryimage\",\"url\":\"https:\/\/www.ipim.gov.mo\/wp-content\/uploads\/2024\/07\/ipim-post-default.jpg\",\"contentUrl\":\"https:\/\/www.ipim.gov.mo\/wp-content\/uploads\/2024\/07\/ipim-post-default.jpg\",\"width\":1024,\"height\":768},{\"@type\":\"BreadcrumbList\",\"@id\":\"https:\/\/www.ipim.gov.mo\/pt-pt\/noticias-do-ipim\/2022-08-12-%e8%b2%bf%e4%bf%83%e5%b1%80%e4%b8%8b%e5%8d%8a%e5%b9%b4%e5%a4%9a%e9%a0%85%e6%8e%aa%e6%96%bd%e6%8f%90%e5%8d%87%e6%9c%83%e5%b1%95%e6%a5%ad%e8%81%af%e5%8b%95%e6%95%88%e8%83%bd\/#breadcrumb\",\"itemListElement\":[{\"@type\":\"ListItem\",\"position\":1,\"name\":\"Home\",\"item\":\"https:\/\/www.ipim.gov.mo\/pt-pt\/\"},{\"@type\":\"ListItem\",\"position\":2,\"name\":\"[2022\/08\/12] O IPIM ir\u00e1 lan\u00e7ar uma s\u00e9rie de medidas para promover o efeito sinerg\u00e9tico da ind\u00fastria de conven\u00e7\u00f5es e exposi\u00e7\u00f5es na segunda metade do ano\"}]},{\"@type\":\"WebSite\",\"@id\":\"https:\/\/www.ipim.gov.mo\/zh-hans\/#website\",\"url\":\"https:\/\/www.ipim.gov.mo\/zh-hans\/\",\"name\":\"Commerce and Investment Promotion Institute\",\"description\":\"Commerce and Investment Promotion Institute\",\"publisher\":{\"@id\":\"https:\/\/www.ipim.gov.mo\/zh-hans\/#organization\"},\"potentialAction\":[{\"@type\":\"SearchAction\",\"target\":{\"@type\":\"EntryPoint\",\"urlTemplate\":\"https:\/\/www.ipim.gov.mo\/zh-hans\/?s={search_term_string}\"},\"query-input\":{\"@type\":\"PropertyValueSpecification\",\"valueRequired\":true,\"valueName\":\"search_term_string\"}}],\"inLanguage\":\"pt-PT\"},{\"@type\":\"Organization\",\"@id\":\"https:\/\/www.ipim.gov.mo\/zh-hans\/#organization\",\"name\":\"IPIM\",\"url\":\"https:\/\/www.ipim.gov.mo\/zh-hans\/\",\"logo\":{\"@type\":\"ImageObject\",\"inLanguage\":\"pt-PT\",\"@id\":\"https:\/\/www.ipim.gov.mo\/zh-hans\/#\/schema\/logo\/image\/\",\"url\":\"https:\/\/www.ipim.gov.mo\/wp-content\/uploads\/2022\/10\/default-post-thumbnail-ipim-logo.png\",\"contentUrl\":\"https:\/\/www.ipim.gov.mo\/wp-content\/uploads\/2022\/10\/default-post-thumbnail-ipim-logo.png\",\"width\":1024,\"height\":768,\"caption\":\"IPIM\"},\"image\":{\"@id\":\"https:\/\/www.ipim.gov.mo\/zh-hans\/#\/schema\/logo\/image\/\"}}]}<\/script>\r\n<!-- \/ Yoast SEO plugin. -->","yoast_head_json":{"title":"[2022\/08\/12] O IPIM ir\u00e1 lan\u00e7ar uma s\u00e9rie de medidas para promover o efeito sinerg\u00e9tico da ind\u00fastria de conven\u00e7\u00f5es e exposi\u00e7\u00f5es na segunda metade do ano | Commerce and Investment Promotion Institute","robots":{"index":"index","follow":"follow","max-snippet":"max-snippet:-1","max-image-preview":"max-image-preview:large","max-video-preview":"max-video-preview:-1"},"canonical":"https:\/\/www.ipim.gov.mo\/pt-pt\/noticias-do-ipim\/2022-08-12-\u8cbf\u4fc3\u5c40\u4e0b\u534a\u5e74\u591a\u9805\u63aa\u65bd\u63d0\u5347\u6703\u5c55\u696d\u806f\u52d5\u6548\u80fd\/","og_locale":"pt_PT","og_type":"article","og_title":"[2022\/08\/12] O IPIM ir\u00e1 lan\u00e7ar uma s\u00e9rie de medidas para promover o efeito sinerg\u00e9tico da ind\u00fastria de conven\u00e7\u00f5es e exposi\u00e7\u00f5es na segunda metade do ano | Commerce and Investment Promotion Institute","og_description":"Com o intuito de estimular a retomada ordenada dos eventos de conven\u00e7\u00f5es e exposi\u00e7\u00f5es em Macau, dada a normaliza\u00e7\u00e3o do controlo pand\u00e9mico, o Instituto de [&hellip;]","og_url":"https:\/\/www.ipim.gov.mo\/pt-pt\/noticias-do-ipim\/2022-08-12-\u8cbf\u4fc3\u5c40\u4e0b\u534a\u5e74\u591a\u9805\u63aa\u65bd\u63d0\u5347\u6703\u5c55\u696d\u806f\u52d5\u6548\u80fd\/","og_site_name":"Commerce and Investment Promotion Institute","article_published_time":"2022-08-12T01:48:00+00:00","article_modified_time":"2022-08-12T10:45:43+00:00","og_image":[{"width":1024,"height":768,"url":"https:\/\/www.ipim.gov.mo\/wp-content\/uploads\/2024\/07\/ipim-post-default.jpg","type":"image\/jpeg"}],"author":"admin","twitter_card":"summary_large_image","twitter_misc":{"Written by":"admin","Est. reading time":"5 minutes"},"schema":{"@context":"https:\/\/schema.org","@graph":[{"@type":"WebPage","@id":"https:\/\/www.ipim.gov.mo\/pt-pt\/noticias-do-ipim\/2022-08-12-%e8%b2%bf%e4%bf%83%e5%b1%80%e4%b8%8b%e5%8d%8a%e5%b9%b4%e5%a4%9a%e9%a0%85%e6%8e%aa%e6%96%bd%e6%8f%90%e5%8d%87%e6%9c%83%e5%b1%95%e6%a5%ad%e8%81%af%e5%8b%95%e6%95%88%e8%83%bd\/","url":"https:\/\/www.ipim.gov.mo\/pt-pt\/noticias-do-ipim\/2022-08-12-%e8%b2%bf%e4%bf%83%e5%b1%80%e4%b8%8b%e5%8d%8a%e5%b9%b4%e5%a4%9a%e9%a0%85%e6%8e%aa%e6%96%bd%e6%8f%90%e5%8d%87%e6%9c%83%e5%b1%95%e6%a5%ad%e8%81%af%e5%8b%95%e6%95%88%e8%83%bd\/","name":"[2022\/08\/12] O IPIM ir\u00e1 lan\u00e7ar uma s\u00e9rie de medidas para promover o efeito sinerg\u00e9tico da ind\u00fastria de conven\u00e7\u00f5es e exposi\u00e7\u00f5es na segunda metade do ano | Commerce and Investment Promotion Institute","isPartOf":{"@id":"https:\/\/www.ipim.gov.mo\/zh-hans\/#website"},"primaryImageOfPage":{"@id":"https:\/\/www.ipim.gov.mo\/pt-pt\/noticias-do-ipim\/2022-08-12-%e8%b2%bf%e4%bf%83%e5%b1%80%e4%b8%8b%e5%8d%8a%e5%b9%b4%e5%a4%9a%e9%a0%85%e6%8e%aa%e6%96%bd%e6%8f%90%e5%8d%87%e6%9c%83%e5%b1%95%e6%a5%ad%e8%81%af%e5%8b%95%e6%95%88%e8%83%bd\/#primaryimage"},"image":{"@id":"https:\/\/www.ipim.gov.mo\/pt-pt\/noticias-do-ipim\/2022-08-12-%e8%b2%bf%e4%bf%83%e5%b1%80%e4%b8%8b%e5%8d%8a%e5%b9%b4%e5%a4%9a%e9%a0%85%e6%8e%aa%e6%96%bd%e6%8f%90%e5%8d%87%e6%9c%83%e5%b1%95%e6%a5%ad%e8%81%af%e5%8b%95%e6%95%88%e8%83%bd\/#primaryimage"},"thumbnailUrl":"https:\/\/www.ipim.gov.mo\/wp-content\/uploads\/2024\/07\/ipim-post-default.jpg","datePublished":"2022-08-12T01:48:00+00:00","dateModified":"2022-08-12T10:45:43+00:00","breadcrumb":{"@id":"https:\/\/www.ipim.gov.mo\/pt-pt\/noticias-do-ipim\/2022-08-12-%e8%b2%bf%e4%bf%83%e5%b1%80%e4%b8%8b%e5%8d%8a%e5%b9%b4%e5%a4%9a%e9%a0%85%e6%8e%aa%e6%96%bd%e6%8f%90%e5%8d%87%e6%9c%83%e5%b1%95%e6%a5%ad%e8%81%af%e5%8b%95%e6%95%88%e8%83%bd\/#breadcrumb"},"inLanguage":"pt-PT","potentialAction":[{"@type":"ReadAction","target":["https:\/\/www.ipim.gov.mo\/pt-pt\/noticias-do-ipim\/2022-08-12-%e8%b2%bf%e4%bf%83%e5%b1%80%e4%b8%8b%e5%8d%8a%e5%b9%b4%e5%a4%9a%e9%a0%85%e6%8e%aa%e6%96%bd%e6%8f%90%e5%8d%87%e6%9c%83%e5%b1%95%e6%a5%ad%e8%81%af%e5%8b%95%e6%95%88%e8%83%bd\/"]}]},{"@type":"ImageObject","inLanguage":"pt-PT","@id":"https:\/\/www.ipim.gov.mo\/pt-pt\/noticias-do-ipim\/2022-08-12-%e8%b2%bf%e4%bf%83%e5%b1%80%e4%b8%8b%e5%8d%8a%e5%b9%b4%e5%a4%9a%e9%a0%85%e6%8e%aa%e6%96%bd%e6%8f%90%e5%8d%87%e6%9c%83%e5%b1%95%e6%a5%ad%e8%81%af%e5%8b%95%e6%95%88%e8%83%bd\/#primaryimage","url":"https:\/\/www.ipim.gov.mo\/wp-content\/uploads\/2024\/07\/ipim-post-default.jpg","contentUrl":"https:\/\/www.ipim.gov.mo\/wp-content\/uploads\/2024\/07\/ipim-post-default.jpg","width":1024,"height":768},{"@type":"BreadcrumbList","@id":"https:\/\/www.ipim.gov.mo\/pt-pt\/noticias-do-ipim\/2022-08-12-%e8%b2%bf%e4%bf%83%e5%b1%80%e4%b8%8b%e5%8d%8a%e5%b9%b4%e5%a4%9a%e9%a0%85%e6%8e%aa%e6%96%bd%e6%8f%90%e5%8d%87%e6%9c%83%e5%b1%95%e6%a5%ad%e8%81%af%e5%8b%95%e6%95%88%e8%83%bd\/#breadcrumb","itemListElement":[{"@type":"ListItem","position":1,"name":"Home","item":"https:\/\/www.ipim.gov.mo\/pt-pt\/"},{"@type":"ListItem","position":2,"name":"[2022\/08\/12] O IPIM ir\u00e1 lan\u00e7ar uma s\u00e9rie de medidas para promover o efeito sinerg\u00e9tico da ind\u00fastria de conven\u00e7\u00f5es e exposi\u00e7\u00f5es na segunda metade do ano"}]},{"@type":"WebSite","@id":"https:\/\/www.ipim.gov.mo\/zh-hans\/#website","url":"https:\/\/www.ipim.gov.mo\/zh-hans\/","name":"Commerce and Investment Promotion Institute","description":"Commerce and Investment Promotion Institute","publisher":{"@id":"https:\/\/www.ipim.gov.mo\/zh-hans\/#organization"},"potentialAction":[{"@type":"SearchAction","target":{"@type":"EntryPoint","urlTemplate":"https:\/\/www.ipim.gov.mo\/zh-hans\/?s={search_term_string}"},"query-input":{"@type":"PropertyValueSpecification","valueRequired":true,"valueName":"search_term_string"}}],"inLanguage":"pt-PT"},{"@type":"Organization","@id":"https:\/\/www.ipim.gov.mo\/zh-hans\/#organization","name":"IPIM","url":"https:\/\/www.ipim.gov.mo\/zh-hans\/","logo":{"@type":"ImageObject","inLanguage":"pt-PT","@id":"https:\/\/www.ipim.gov.mo\/zh-hans\/#\/schema\/logo\/image\/","url":"https:\/\/www.ipim.gov.mo\/wp-content\/uploads\/2022\/10\/default-post-thumbnail-ipim-logo.png","contentUrl":"https:\/\/www.ipim.gov.mo\/wp-content\/uploads\/2022\/10\/default-post-thumbnail-ipim-logo.png","width":1024,"height":768,"caption":"IPIM"},"image":{"@id":"https:\/\/www.ipim.gov.mo\/zh-hans\/#\/schema\/logo\/image\/"}}]}},"author_meta":{"display_name":"admin","author_link":"https:\/\/www.ipim.gov.mo\/pt-pt\/author\/admin\/"},"featured_img":"https:\/\/www.ipim.gov.mo\/wp-content\/uploads\/2024\/07\/ipim-post-default-300x225.jpg","coauthors":[],"tax_additional":{"categories":{"linked":["<a href=\"https:\/\/www.ipim.gov.mo\/pt-pt\/category\/noticias-do-ipim\/\" class=\"advgb-post-tax-term\">Not\u00edcias do IPIM<\/a>"],"unlinked":["<span class=\"advgb-post-tax-term\">Not\u00edcias do IPIM<\/span>"]}},"comment_count":"0","relative_dates":{"created":"Posted 4 years ago","modified":"Updated 4 years ago"},"absolute_dates":{"created":"Posted on Agosto 12, 2022","modified":"Updated on Agosto 12, 2022"},"absolute_dates_time":{"created":"Posted on Agosto 12, 2022 9:48 am","modified":"Updated on Agosto 12, 2022 6:45 pm"},"featured_img_caption":"","series_order":"","_links":{"self":[{"href":"https:\/\/www.ipim.gov.mo\/pt-pt\/wp-json\/wp\/v2\/posts\/394487","targetHints":{"allow":["GET"]}}],"collection":[{"href":"https:\/\/www.ipim.gov.mo\/pt-pt\/wp-json\/wp\/v2\/posts"}],"about":[{"href":"https:\/\/www.ipim.gov.mo\/pt-pt\/wp-json\/wp\/v2\/types\/post"}],"author":[{"embeddable":true,"href":"https:\/\/www.ipim.gov.mo\/pt-pt\/wp-json\/wp\/v2\/users\/1"}],"replies":[{"embeddable":true,"href":"https:\/\/www.ipim.gov.mo\/pt-pt\/wp-json\/wp\/v2\/comments?post=394487"}],"version-history":[{"count":0,"href":"https:\/\/www.ipim.gov.mo\/pt-pt\/wp-json\/wp\/v2\/posts\/394487\/revisions"}],"wp:featuredmedia":[{"embeddable":true,"href":"https:\/\/www.ipim.gov.mo\/pt-pt\/wp-json\/wp\/v2\/media\/467868"}],"wp:attachment":[{"href":"https:\/\/www.ipim.gov.mo\/pt-pt\/wp-json\/wp\/v2\/media?parent=394487"}],"wp:term":[{"taxonomy":"category","embeddable":true,"href":"https:\/\/www.ipim.gov.mo\/pt-pt\/wp-json\/wp\/v2\/categories?post=394487"},{"taxonomy":"post_tag","embeddable":true,"href":"https:\/\/www.ipim.gov.mo\/pt-pt\/wp-json\/wp\/v2\/tags?post=394487"}],"curies":[{"name":"wp","href":"https:\/\/api.w.org\/{rel}","templated":true}]}}