{"id":393123,"date":"2022-08-07T10:30:00","date_gmt":"2022-08-07T02:30:00","guid":{"rendered":"https:\/\/www.ipim.gov.mo\/2022-08-07-%e4%bb%8a%e5%b9%b4mif%e6%be%b3%e9%96%80%e4%b8%ad%e5%b0%8f%e4%bc%81%e6%a5%ad%e5%b1%95%e5%8d%80%e5%a2%9e%e4%b8%80%e5%80%8d%e5%b1%95%e4%bd%8d-500%e5%85%83%e5%84%aa%e6%83%a0\/"},"modified":"2022-08-08T14:06:45","modified_gmt":"2022-08-08T06:06:45","slug":"2022-08-07-%e4%bb%8a%e5%b9%b4mif%e6%be%b3%e9%96%80%e4%b8%ad%e5%b0%8f%e4%bc%81%e6%a5%ad%e5%b1%95%e5%8d%80%e5%a2%9e%e4%b8%80%e5%80%8d%e5%b1%95%e4%bd%8d-500%e5%85%83%e5%84%aa%e6%83%a0","status":"publish","type":"post","link":"https:\/\/www.ipim.gov.mo\/pt-pt\/noticias-do-ipim\/2022-08-07-%e4%bb%8a%e5%b9%b4mif%e6%be%b3%e9%96%80%e4%b8%ad%e5%b0%8f%e4%bc%81%e6%a5%ad%e5%b1%95%e5%8d%80%e5%a2%9e%e4%b8%80%e5%80%8d%e5%b1%95%e4%bd%8d-500%e5%85%83%e5%84%aa%e6%83%a0\/","title":{"rendered":"[2022\/08\/07] N\u00famero de stands de exposi\u00e7\u00e3o na Zona de Exposi\u00e7\u00e3o das Pequenas e M\u00e9dias Empresas de Macau da MIF deste ano aumentar\u00e1 para o dobro com o pre\u00e7o de inscri\u00e7\u00e3o preferencial de 500 patacas"},"content":{"rendered":"<p style=\"text-align: justify;\">Organizada pelo Instituto de Promo\u00e7\u00e3o do Com\u00e9rcio e do Investimento de Macau, a 27.\u00aa Feira Internacional de Macau (27.\u00aa MIF) ter\u00e1 lugar entre os dias 20 e 22 de Outubro de 2022 na <em>Cotai Expo<\/em>, <em>Venetian Macao<\/em>. A nova edi\u00e7\u00e3o da MIF contar\u00e1 com a Zona de Exposi\u00e7\u00e3o das Pequenas e M\u00e9dias Empresas de Macau, cujo n\u00famero de <em>stands<\/em> aumenta para o dobro (160 stands), e beneficiar\u00e1 a participa\u00e7\u00e3o das pequenas e m\u00e9dias empresas de Macau eleg\u00edveis, com a oferta de um pre\u00e7o de inscri\u00e7\u00e3o especial de 500 patacas (redu\u00e7\u00e3o de 26% em compara\u00e7\u00e3o com a edi\u00e7\u00e3o anterior), no sentido de ajudar a sua explora\u00e7\u00e3o de oportunidades de neg\u00f3cio. As empresas interessadas podem aceder ao sistema <em>online<\/em> para efectuar a sua inscri\u00e7\u00e3o, entre os dias 8 e 22 de Agosto.<\/p>\n<p style=\"text-align: justify;\"><strong>160 <em>stands<\/em> na Zona de Exposi\u00e7\u00e3o <\/strong><strong>das Pequenas e M\u00e9dias Empresas de Macau<\/strong><strong>  <\/strong><\/p>\n<p style=\"text-align: justify;\">A MIF tem vindo a refor\u00e7ar, ao longo das edi\u00e7\u00f5es dos \u00faltimos anos, os elementos de desenvolvimento empresarial direccionados \u00e0s empresas de Macau, permitindo que elas possam explorar, atrav\u00e9s da participa\u00e7\u00e3o na Feira, oportunidades de crescimento, transforma\u00e7\u00e3o e empreendedorismo.<\/p>\n<p style=\"text-align: justify;\">Na 27.\u00aa MIF, a Zona de Exposi\u00e7\u00e3o das Pequenas e M\u00e9dias Empresas de Macau ir\u00e1 ter uma \u00e1rea ainda maior, para acolher o dobro dos <em>stands<\/em>, ou seja, um aumento de 80 para 160 <em>stands<\/em>, contribuindo assim para estimular um maior consumo em Macau e ajudando as empresas de Macau a expandir os mercados. Relativamente ao conte\u00fado de exposi\u00e7\u00e3o, o plano passa por abranger produtos alimentares t\u00edpicos para oferta, artigos e brinquedos de tend\u00eancia, utens\u00edlios de casa de qualidade sofisticada, electrodom\u00e9sticos e produtos de vida saud\u00e1vel. Haver\u00e1 ainda uma feira de projectos culturais e criativos e uma zona de servi\u00e7os comerciais (conven\u00e7\u00f5es e exposi\u00e7\u00f5es, educa\u00e7\u00e3o, log\u00edstica, com\u00e9rcio, com\u00e9rcio electr\u00f3nico, <em>software<\/em> e <em>design<\/em> de sistemas do com\u00e9rcio a retalho), entre outros. Para esta zona de exposi\u00e7\u00e3o, incluir-se-\u00e3o os produtos \u201cFabricados em Macau\u201d, de \u201cMarcas de Macau\u201d e dos fornecedores em agenciamentos de produtos dos Pa\u00edses de L\u00edngua Portuguesa.<\/p>\n<p style=\"text-align: justify;\"><strong>Pre\u00e7o preferencial de 500 patacas encoraja a participa\u00e7\u00e3o das empresas de Macau<\/strong><\/p>\n<p>A 27.\u00aa MIF continua a manter as condi\u00e7\u00f5es preferenciais para beneficiar a participa\u00e7\u00e3o das pequenas e m\u00e9dias empresas de Macau eleg\u00edveis e para incentivar a sua ades\u00e3o activa, com a oferta de um pre\u00e7o de inscri\u00e7\u00e3o preferencial de 500 patacas. As inscri\u00e7\u00f5es para a 27.\u00aa MIF ser\u00e3o feitas totalmente <em>online<\/em>, pela primeira vez, pelo que as empresas interessadas em participar na exposi\u00e7\u00e3o podem apresentar a sua candidatura com facilidade atrav\u00e9s do sistema <em>online<\/em> do IPIM, em <strong><em>macaomice.ipim.gov.mo<\/em><\/strong>, entre 8 e 22 de Agosto. Caso n\u00e3o estejam familiarizados com a opera\u00e7\u00e3o de inscri\u00e7\u00e3o <em>online<\/em> ou necessitem de outras informa\u00e7\u00f5es, por favor contacte o n\u00famero telef\u00f3nico (853) 2882 8711. Devido ao n\u00famero limitado de <em>stands<\/em> de exposi\u00e7\u00e3o com pre\u00e7o especial, caso o n\u00famero de candidaturas for superior ao n\u00famero de <em>stands<\/em> dispon\u00edveis, a admiss\u00e3o ser\u00e1 feita por sorteio. A entidade organizadora reserva-se o direito de decis\u00e3o final.<\/p>\n<div class=\"wp-caption alignnone\"><a href=\"https:\/\/www.gcs.gov.mo\/news\/p\/P22HF2XD9z\/l\" data-fancybox=\"gallery\" data-caption=\"27.\u00aa MIF continua a oferecer condi\u00e7\u00f5es preferenciais \u00e0s pequenas e m\u00e9dias empresas de Macau eleg\u00edveis.\" data-type=\"image\"><br \/>\n<img decoding=\"async\" class=\"size-large\" src=\"https:\/\/www.gcs.gov.mo\/news\/p\/P22HF2XD9z\/l\" alt=\"27.\u00aa MIF continua a oferecer condi\u00e7\u00f5es preferenciais \u00e0s pequenas e m\u00e9dias empresas de Macau eleg\u00edveis.\" width=\"1024\" \/><br \/>\n<\/a><\/p>\n<p class=\"wp-caption-text\">27.\u00aa MIF continua a oferecer condi\u00e7\u00f5es preferenciais \u00e0s pequenas e m\u00e9dias empresas de Macau eleg\u00edveis.<\/p>\n<\/div>\n<div class=\"wp-caption alignnone\"><a href=\"https:\/\/www.gcs.gov.mo\/news\/p\/P22HF48RAl\/l\" data-fancybox=\"gallery\" data-caption=\"Abertura das inscri\u00e7\u00f5es para a Zona de Exposi\u00e7\u00e3o das Pequenas e M\u00e9dias Empresas de Macau da 27.\u00aa MIF entre 8 e 22 de Agosto\" data-type=\"image\"><br \/>\n<img decoding=\"async\" class=\"size-large\" src=\"https:\/\/www.gcs.gov.mo\/news\/p\/P22HF48RAl\/l\" alt=\"Abertura das inscri\u00e7\u00f5es para a Zona de Exposi\u00e7\u00e3o das Pequenas e M\u00e9dias Empresas de Macau da 27.\u00aa MIF entre 8 e 22 de Agosto\" width=\"1024\" \/><br \/>\n<\/a><\/p>\n<p class=\"wp-caption-text\">Abertura das inscri\u00e7\u00f5es para a Zona de Exposi\u00e7\u00e3o das Pequenas e M\u00e9dias Empresas de Macau da 27.\u00aa MIF entre 8 e 22 de Agosto<\/p>\n<\/div>\n","protected":false},"excerpt":{"rendered":"<p>Organizada pelo Instituto de Promo\u00e7\u00e3o do Com\u00e9rcio e do Investimento de Macau, a 27.\u00aa Feira Internacional de Macau (27.\u00aa MIF) ter\u00e1 lugar entre os dias [&hellip;]<\/p>\n","protected":false},"author":1,"featured_media":467868,"comment_status":"closed","ping_status":"closed","sticky":false,"template":"","format":"standard","meta":{"_acf_changed":false,"inline_featured_image":false,"advgb_blocks_editor_width":"","advgb_blocks_columns_visual_guide":"","footnotes":""},"categories":[12],"tags":[],"class_list":["post-393123","post","type-post","status-publish","format-standard","has-post-thumbnail","hentry","category-noticias-do-ipim"],"acf":[],"yoast_head":"<!-- This site is optimized with the Yoast SEO plugin v26.2 - https:\/\/yoast.com\/wordpress\/plugins\/seo\/ -->\r\n<title>[2022\/08\/07] N\u00famero de stands de exposi\u00e7\u00e3o na Zona de Exposi\u00e7\u00e3o das Pequenas e M\u00e9dias Empresas de Macau da MIF deste ano aumentar\u00e1 para o dobro com o pre\u00e7o de inscri\u00e7\u00e3o preferencial de 500 patacas | Commerce and Investment Promotion Institute<\/title>\r\n<meta name=\"robots\" content=\"index, follow, max-snippet:-1, max-image-preview:large, max-video-preview:-1\" \/>\r\n<link rel=\"canonical\" href=\"https:\/\/www.ipim.gov.mo\/pt-pt\/noticias-do-ipim\/2022-08-07-\u4eca\u5e74mif\u6fb3\u9580\u4e2d\u5c0f\u4f01\u696d\u5c55\u5340\u589e\u4e00\u500d\u5c55\u4f4d-500\u5143\u512a\u60e0\/\" \/>\r\n<meta property=\"og:locale\" content=\"pt_PT\" \/>\r\n<meta property=\"og:type\" content=\"article\" \/>\r\n<meta property=\"og:title\" content=\"[2022\/08\/07] N\u00famero de stands de exposi\u00e7\u00e3o na Zona de Exposi\u00e7\u00e3o das Pequenas e M\u00e9dias Empresas de Macau da MIF deste ano aumentar\u00e1 para o dobro com o pre\u00e7o de inscri\u00e7\u00e3o preferencial de 500 patacas | Commerce and Investment Promotion Institute\" \/>\r\n<meta property=\"og:description\" content=\"Organizada pelo Instituto de Promo\u00e7\u00e3o do Com\u00e9rcio e do Investimento de Macau, a 27.\u00aa Feira Internacional de Macau (27.\u00aa MIF) ter\u00e1 lugar entre os dias [&hellip;]\" \/>\r\n<meta property=\"og:url\" content=\"https:\/\/www.ipim.gov.mo\/pt-pt\/noticias-do-ipim\/2022-08-07-\u4eca\u5e74mif\u6fb3\u9580\u4e2d\u5c0f\u4f01\u696d\u5c55\u5340\u589e\u4e00\u500d\u5c55\u4f4d-500\u5143\u512a\u60e0\/\" \/>\r\n<meta property=\"og:site_name\" content=\"Commerce and Investment Promotion Institute\" \/>\r\n<meta property=\"article:published_time\" content=\"2022-08-07T02:30:00+00:00\" \/>\r\n<meta property=\"article:modified_time\" content=\"2022-08-08T06:06:45+00:00\" \/>\r\n<meta property=\"og:image\" content=\"https:\/\/www.ipim.gov.mo\/wp-content\/uploads\/2024\/07\/ipim-post-default.jpg\" \/>\r\n\t<meta property=\"og:image:width\" content=\"1024\" \/>\r\n\t<meta property=\"og:image:height\" content=\"768\" \/>\r\n\t<meta property=\"og:image:type\" content=\"image\/jpeg\" \/>\r\n<meta name=\"author\" content=\"admin\" \/>\r\n<meta name=\"twitter:card\" content=\"summary_large_image\" \/>\r\n<meta name=\"twitter:label1\" content=\"Written by\" \/>\n\t<meta name=\"twitter:data1\" content=\"admin\" \/>\n\t<meta name=\"twitter:label2\" content=\"Est. reading time\" \/>\n\t<meta name=\"twitter:data2\" content=\"3 minutes\" \/>\r\n<script type=\"application\/ld+json\" class=\"yoast-schema-graph\">{\"@context\":\"https:\/\/schema.org\",\"@graph\":[{\"@type\":\"WebPage\",\"@id\":\"https:\/\/www.ipim.gov.mo\/pt-pt\/noticias-do-ipim\/2022-08-07-%e4%bb%8a%e5%b9%b4mif%e6%be%b3%e9%96%80%e4%b8%ad%e5%b0%8f%e4%bc%81%e6%a5%ad%e5%b1%95%e5%8d%80%e5%a2%9e%e4%b8%80%e5%80%8d%e5%b1%95%e4%bd%8d-500%e5%85%83%e5%84%aa%e6%83%a0\/\",\"url\":\"https:\/\/www.ipim.gov.mo\/pt-pt\/noticias-do-ipim\/2022-08-07-%e4%bb%8a%e5%b9%b4mif%e6%be%b3%e9%96%80%e4%b8%ad%e5%b0%8f%e4%bc%81%e6%a5%ad%e5%b1%95%e5%8d%80%e5%a2%9e%e4%b8%80%e5%80%8d%e5%b1%95%e4%bd%8d-500%e5%85%83%e5%84%aa%e6%83%a0\/\",\"name\":\"[2022\/08\/07] N\u00famero de stands de exposi\u00e7\u00e3o na Zona de Exposi\u00e7\u00e3o das Pequenas e M\u00e9dias Empresas de Macau da MIF deste ano aumentar\u00e1 para o dobro com o pre\u00e7o de inscri\u00e7\u00e3o preferencial de 500 patacas | Commerce and Investment Promotion Institute\",\"isPartOf\":{\"@id\":\"https:\/\/www.ipim.gov.mo\/zh-hans\/#website\"},\"primaryImageOfPage\":{\"@id\":\"https:\/\/www.ipim.gov.mo\/pt-pt\/noticias-do-ipim\/2022-08-07-%e4%bb%8a%e5%b9%b4mif%e6%be%b3%e9%96%80%e4%b8%ad%e5%b0%8f%e4%bc%81%e6%a5%ad%e5%b1%95%e5%8d%80%e5%a2%9e%e4%b8%80%e5%80%8d%e5%b1%95%e4%bd%8d-500%e5%85%83%e5%84%aa%e6%83%a0\/#primaryimage\"},\"image\":{\"@id\":\"https:\/\/www.ipim.gov.mo\/pt-pt\/noticias-do-ipim\/2022-08-07-%e4%bb%8a%e5%b9%b4mif%e6%be%b3%e9%96%80%e4%b8%ad%e5%b0%8f%e4%bc%81%e6%a5%ad%e5%b1%95%e5%8d%80%e5%a2%9e%e4%b8%80%e5%80%8d%e5%b1%95%e4%bd%8d-500%e5%85%83%e5%84%aa%e6%83%a0\/#primaryimage\"},\"thumbnailUrl\":\"https:\/\/www.ipim.gov.mo\/wp-content\/uploads\/2024\/07\/ipim-post-default.jpg\",\"datePublished\":\"2022-08-07T02:30:00+00:00\",\"dateModified\":\"2022-08-08T06:06:45+00:00\",\"breadcrumb\":{\"@id\":\"https:\/\/www.ipim.gov.mo\/pt-pt\/noticias-do-ipim\/2022-08-07-%e4%bb%8a%e5%b9%b4mif%e6%be%b3%e9%96%80%e4%b8%ad%e5%b0%8f%e4%bc%81%e6%a5%ad%e5%b1%95%e5%8d%80%e5%a2%9e%e4%b8%80%e5%80%8d%e5%b1%95%e4%bd%8d-500%e5%85%83%e5%84%aa%e6%83%a0\/#breadcrumb\"},\"inLanguage\":\"pt-PT\",\"potentialAction\":[{\"@type\":\"ReadAction\",\"target\":[\"https:\/\/www.ipim.gov.mo\/pt-pt\/noticias-do-ipim\/2022-08-07-%e4%bb%8a%e5%b9%b4mif%e6%be%b3%e9%96%80%e4%b8%ad%e5%b0%8f%e4%bc%81%e6%a5%ad%e5%b1%95%e5%8d%80%e5%a2%9e%e4%b8%80%e5%80%8d%e5%b1%95%e4%bd%8d-500%e5%85%83%e5%84%aa%e6%83%a0\/\"]}]},{\"@type\":\"ImageObject\",\"inLanguage\":\"pt-PT\",\"@id\":\"https:\/\/www.ipim.gov.mo\/pt-pt\/noticias-do-ipim\/2022-08-07-%e4%bb%8a%e5%b9%b4mif%e6%be%b3%e9%96%80%e4%b8%ad%e5%b0%8f%e4%bc%81%e6%a5%ad%e5%b1%95%e5%8d%80%e5%a2%9e%e4%b8%80%e5%80%8d%e5%b1%95%e4%bd%8d-500%e5%85%83%e5%84%aa%e6%83%a0\/#primaryimage\",\"url\":\"https:\/\/www.ipim.gov.mo\/wp-content\/uploads\/2024\/07\/ipim-post-default.jpg\",\"contentUrl\":\"https:\/\/www.ipim.gov.mo\/wp-content\/uploads\/2024\/07\/ipim-post-default.jpg\",\"width\":1024,\"height\":768},{\"@type\":\"BreadcrumbList\",\"@id\":\"https:\/\/www.ipim.gov.mo\/pt-pt\/noticias-do-ipim\/2022-08-07-%e4%bb%8a%e5%b9%b4mif%e6%be%b3%e9%96%80%e4%b8%ad%e5%b0%8f%e4%bc%81%e6%a5%ad%e5%b1%95%e5%8d%80%e5%a2%9e%e4%b8%80%e5%80%8d%e5%b1%95%e4%bd%8d-500%e5%85%83%e5%84%aa%e6%83%a0\/#breadcrumb\",\"itemListElement\":[{\"@type\":\"ListItem\",\"position\":1,\"name\":\"Home\",\"item\":\"https:\/\/www.ipim.gov.mo\/pt-pt\/\"},{\"@type\":\"ListItem\",\"position\":2,\"name\":\"[2022\/08\/07] N\u00famero de stands de exposi\u00e7\u00e3o na Zona de Exposi\u00e7\u00e3o das Pequenas e M\u00e9dias Empresas de Macau da MIF deste ano aumentar\u00e1 para o dobro com o pre\u00e7o de inscri\u00e7\u00e3o preferencial de 500 patacas\"}]},{\"@type\":\"WebSite\",\"@id\":\"https:\/\/www.ipim.gov.mo\/zh-hans\/#website\",\"url\":\"https:\/\/www.ipim.gov.mo\/zh-hans\/\",\"name\":\"Commerce and Investment Promotion Institute\",\"description\":\"Commerce and Investment Promotion Institute\",\"publisher\":{\"@id\":\"https:\/\/www.ipim.gov.mo\/zh-hans\/#organization\"},\"potentialAction\":[{\"@type\":\"SearchAction\",\"target\":{\"@type\":\"EntryPoint\",\"urlTemplate\":\"https:\/\/www.ipim.gov.mo\/zh-hans\/?s={search_term_string}\"},\"query-input\":{\"@type\":\"PropertyValueSpecification\",\"valueRequired\":true,\"valueName\":\"search_term_string\"}}],\"inLanguage\":\"pt-PT\"},{\"@type\":\"Organization\",\"@id\":\"https:\/\/www.ipim.gov.mo\/zh-hans\/#organization\",\"name\":\"IPIM\",\"url\":\"https:\/\/www.ipim.gov.mo\/zh-hans\/\",\"logo\":{\"@type\":\"ImageObject\",\"inLanguage\":\"pt-PT\",\"@id\":\"https:\/\/www.ipim.gov.mo\/zh-hans\/#\/schema\/logo\/image\/\",\"url\":\"https:\/\/www.ipim.gov.mo\/wp-content\/uploads\/2022\/10\/default-post-thumbnail-ipim-logo.png\",\"contentUrl\":\"https:\/\/www.ipim.gov.mo\/wp-content\/uploads\/2022\/10\/default-post-thumbnail-ipim-logo.png\",\"width\":1024,\"height\":768,\"caption\":\"IPIM\"},\"image\":{\"@id\":\"https:\/\/www.ipim.gov.mo\/zh-hans\/#\/schema\/logo\/image\/\"}}]}<\/script>\r\n<!-- \/ Yoast SEO plugin. -->","yoast_head_json":{"title":"[2022\/08\/07] N\u00famero de stands de exposi\u00e7\u00e3o na Zona de Exposi\u00e7\u00e3o das Pequenas e M\u00e9dias Empresas de Macau da MIF deste ano aumentar\u00e1 para o dobro com o pre\u00e7o de inscri\u00e7\u00e3o preferencial de 500 patacas | Commerce and Investment Promotion Institute","robots":{"index":"index","follow":"follow","max-snippet":"max-snippet:-1","max-image-preview":"max-image-preview:large","max-video-preview":"max-video-preview:-1"},"canonical":"https:\/\/www.ipim.gov.mo\/pt-pt\/noticias-do-ipim\/2022-08-07-\u4eca\u5e74mif\u6fb3\u9580\u4e2d\u5c0f\u4f01\u696d\u5c55\u5340\u589e\u4e00\u500d\u5c55\u4f4d-500\u5143\u512a\u60e0\/","og_locale":"pt_PT","og_type":"article","og_title":"[2022\/08\/07] N\u00famero de stands de exposi\u00e7\u00e3o na Zona de Exposi\u00e7\u00e3o das Pequenas e M\u00e9dias Empresas de Macau da MIF deste ano aumentar\u00e1 para o dobro com o pre\u00e7o de inscri\u00e7\u00e3o preferencial de 500 patacas | Commerce and Investment Promotion Institute","og_description":"Organizada pelo Instituto de Promo\u00e7\u00e3o do Com\u00e9rcio e do Investimento de Macau, a 27.\u00aa Feira Internacional de Macau (27.\u00aa MIF) ter\u00e1 lugar entre os dias [&hellip;]","og_url":"https:\/\/www.ipim.gov.mo\/pt-pt\/noticias-do-ipim\/2022-08-07-\u4eca\u5e74mif\u6fb3\u9580\u4e2d\u5c0f\u4f01\u696d\u5c55\u5340\u589e\u4e00\u500d\u5c55\u4f4d-500\u5143\u512a\u60e0\/","og_site_name":"Commerce and Investment Promotion Institute","article_published_time":"2022-08-07T02:30:00+00:00","article_modified_time":"2022-08-08T06:06:45+00:00","og_image":[{"width":1024,"height":768,"url":"https:\/\/www.ipim.gov.mo\/wp-content\/uploads\/2024\/07\/ipim-post-default.jpg","type":"image\/jpeg"}],"author":"admin","twitter_card":"summary_large_image","twitter_misc":{"Written by":"admin","Est. reading time":"3 minutes"},"schema":{"@context":"https:\/\/schema.org","@graph":[{"@type":"WebPage","@id":"https:\/\/www.ipim.gov.mo\/pt-pt\/noticias-do-ipim\/2022-08-07-%e4%bb%8a%e5%b9%b4mif%e6%be%b3%e9%96%80%e4%b8%ad%e5%b0%8f%e4%bc%81%e6%a5%ad%e5%b1%95%e5%8d%80%e5%a2%9e%e4%b8%80%e5%80%8d%e5%b1%95%e4%bd%8d-500%e5%85%83%e5%84%aa%e6%83%a0\/","url":"https:\/\/www.ipim.gov.mo\/pt-pt\/noticias-do-ipim\/2022-08-07-%e4%bb%8a%e5%b9%b4mif%e6%be%b3%e9%96%80%e4%b8%ad%e5%b0%8f%e4%bc%81%e6%a5%ad%e5%b1%95%e5%8d%80%e5%a2%9e%e4%b8%80%e5%80%8d%e5%b1%95%e4%bd%8d-500%e5%85%83%e5%84%aa%e6%83%a0\/","name":"[2022\/08\/07] N\u00famero de stands de exposi\u00e7\u00e3o na Zona de Exposi\u00e7\u00e3o das Pequenas e M\u00e9dias Empresas de Macau da MIF deste ano aumentar\u00e1 para o dobro com o pre\u00e7o de inscri\u00e7\u00e3o preferencial de 500 patacas | Commerce and Investment Promotion Institute","isPartOf":{"@id":"https:\/\/www.ipim.gov.mo\/zh-hans\/#website"},"primaryImageOfPage":{"@id":"https:\/\/www.ipim.gov.mo\/pt-pt\/noticias-do-ipim\/2022-08-07-%e4%bb%8a%e5%b9%b4mif%e6%be%b3%e9%96%80%e4%b8%ad%e5%b0%8f%e4%bc%81%e6%a5%ad%e5%b1%95%e5%8d%80%e5%a2%9e%e4%b8%80%e5%80%8d%e5%b1%95%e4%bd%8d-500%e5%85%83%e5%84%aa%e6%83%a0\/#primaryimage"},"image":{"@id":"https:\/\/www.ipim.gov.mo\/pt-pt\/noticias-do-ipim\/2022-08-07-%e4%bb%8a%e5%b9%b4mif%e6%be%b3%e9%96%80%e4%b8%ad%e5%b0%8f%e4%bc%81%e6%a5%ad%e5%b1%95%e5%8d%80%e5%a2%9e%e4%b8%80%e5%80%8d%e5%b1%95%e4%bd%8d-500%e5%85%83%e5%84%aa%e6%83%a0\/#primaryimage"},"thumbnailUrl":"https:\/\/www.ipim.gov.mo\/wp-content\/uploads\/2024\/07\/ipim-post-default.jpg","datePublished":"2022-08-07T02:30:00+00:00","dateModified":"2022-08-08T06:06:45+00:00","breadcrumb":{"@id":"https:\/\/www.ipim.gov.mo\/pt-pt\/noticias-do-ipim\/2022-08-07-%e4%bb%8a%e5%b9%b4mif%e6%be%b3%e9%96%80%e4%b8%ad%e5%b0%8f%e4%bc%81%e6%a5%ad%e5%b1%95%e5%8d%80%e5%a2%9e%e4%b8%80%e5%80%8d%e5%b1%95%e4%bd%8d-500%e5%85%83%e5%84%aa%e6%83%a0\/#breadcrumb"},"inLanguage":"pt-PT","potentialAction":[{"@type":"ReadAction","target":["https:\/\/www.ipim.gov.mo\/pt-pt\/noticias-do-ipim\/2022-08-07-%e4%bb%8a%e5%b9%b4mif%e6%be%b3%e9%96%80%e4%b8%ad%e5%b0%8f%e4%bc%81%e6%a5%ad%e5%b1%95%e5%8d%80%e5%a2%9e%e4%b8%80%e5%80%8d%e5%b1%95%e4%bd%8d-500%e5%85%83%e5%84%aa%e6%83%a0\/"]}]},{"@type":"ImageObject","inLanguage":"pt-PT","@id":"https:\/\/www.ipim.gov.mo\/pt-pt\/noticias-do-ipim\/2022-08-07-%e4%bb%8a%e5%b9%b4mif%e6%be%b3%e9%96%80%e4%b8%ad%e5%b0%8f%e4%bc%81%e6%a5%ad%e5%b1%95%e5%8d%80%e5%a2%9e%e4%b8%80%e5%80%8d%e5%b1%95%e4%bd%8d-500%e5%85%83%e5%84%aa%e6%83%a0\/#primaryimage","url":"https:\/\/www.ipim.gov.mo\/wp-content\/uploads\/2024\/07\/ipim-post-default.jpg","contentUrl":"https:\/\/www.ipim.gov.mo\/wp-content\/uploads\/2024\/07\/ipim-post-default.jpg","width":1024,"height":768},{"@type":"BreadcrumbList","@id":"https:\/\/www.ipim.gov.mo\/pt-pt\/noticias-do-ipim\/2022-08-07-%e4%bb%8a%e5%b9%b4mif%e6%be%b3%e9%96%80%e4%b8%ad%e5%b0%8f%e4%bc%81%e6%a5%ad%e5%b1%95%e5%8d%80%e5%a2%9e%e4%b8%80%e5%80%8d%e5%b1%95%e4%bd%8d-500%e5%85%83%e5%84%aa%e6%83%a0\/#breadcrumb","itemListElement":[{"@type":"ListItem","position":1,"name":"Home","item":"https:\/\/www.ipim.gov.mo\/pt-pt\/"},{"@type":"ListItem","position":2,"name":"[2022\/08\/07] N\u00famero de stands de exposi\u00e7\u00e3o na Zona de Exposi\u00e7\u00e3o das Pequenas e M\u00e9dias Empresas de Macau da MIF deste ano aumentar\u00e1 para o dobro com o pre\u00e7o de inscri\u00e7\u00e3o preferencial de 500 patacas"}]},{"@type":"WebSite","@id":"https:\/\/www.ipim.gov.mo\/zh-hans\/#website","url":"https:\/\/www.ipim.gov.mo\/zh-hans\/","name":"Commerce and Investment Promotion Institute","description":"Commerce and Investment Promotion Institute","publisher":{"@id":"https:\/\/www.ipim.gov.mo\/zh-hans\/#organization"},"potentialAction":[{"@type":"SearchAction","target":{"@type":"EntryPoint","urlTemplate":"https:\/\/www.ipim.gov.mo\/zh-hans\/?s={search_term_string}"},"query-input":{"@type":"PropertyValueSpecification","valueRequired":true,"valueName":"search_term_string"}}],"inLanguage":"pt-PT"},{"@type":"Organization","@id":"https:\/\/www.ipim.gov.mo\/zh-hans\/#organization","name":"IPIM","url":"https:\/\/www.ipim.gov.mo\/zh-hans\/","logo":{"@type":"ImageObject","inLanguage":"pt-PT","@id":"https:\/\/www.ipim.gov.mo\/zh-hans\/#\/schema\/logo\/image\/","url":"https:\/\/www.ipim.gov.mo\/wp-content\/uploads\/2022\/10\/default-post-thumbnail-ipim-logo.png","contentUrl":"https:\/\/www.ipim.gov.mo\/wp-content\/uploads\/2022\/10\/default-post-thumbnail-ipim-logo.png","width":1024,"height":768,"caption":"IPIM"},"image":{"@id":"https:\/\/www.ipim.gov.mo\/zh-hans\/#\/schema\/logo\/image\/"}}]}},"author_meta":{"display_name":"admin","author_link":"https:\/\/www.ipim.gov.mo\/pt-pt\/author\/admin\/"},"featured_img":"https:\/\/www.ipim.gov.mo\/wp-content\/uploads\/2024\/07\/ipim-post-default-300x225.jpg","coauthors":[],"tax_additional":{"categories":{"linked":["<a href=\"https:\/\/www.ipim.gov.mo\/pt-pt\/category\/noticias-do-ipim\/\" class=\"advgb-post-tax-term\">Not\u00edcias do IPIM<\/a>"],"unlinked":["<span class=\"advgb-post-tax-term\">Not\u00edcias do IPIM<\/span>"]}},"comment_count":"0","relative_dates":{"created":"Posted 4 years ago","modified":"Updated 4 years ago"},"absolute_dates":{"created":"Posted on Agosto 7, 2022","modified":"Updated on Agosto 8, 2022"},"absolute_dates_time":{"created":"Posted on Agosto 7, 2022 10:30 am","modified":"Updated on Agosto 8, 2022 2:06 pm"},"featured_img_caption":"","series_order":"","_links":{"self":[{"href":"https:\/\/www.ipim.gov.mo\/pt-pt\/wp-json\/wp\/v2\/posts\/393123","targetHints":{"allow":["GET"]}}],"collection":[{"href":"https:\/\/www.ipim.gov.mo\/pt-pt\/wp-json\/wp\/v2\/posts"}],"about":[{"href":"https:\/\/www.ipim.gov.mo\/pt-pt\/wp-json\/wp\/v2\/types\/post"}],"author":[{"embeddable":true,"href":"https:\/\/www.ipim.gov.mo\/pt-pt\/wp-json\/wp\/v2\/users\/1"}],"replies":[{"embeddable":true,"href":"https:\/\/www.ipim.gov.mo\/pt-pt\/wp-json\/wp\/v2\/comments?post=393123"}],"version-history":[{"count":0,"href":"https:\/\/www.ipim.gov.mo\/pt-pt\/wp-json\/wp\/v2\/posts\/393123\/revisions"}],"wp:featuredmedia":[{"embeddable":true,"href":"https:\/\/www.ipim.gov.mo\/pt-pt\/wp-json\/wp\/v2\/media\/467868"}],"wp:attachment":[{"href":"https:\/\/www.ipim.gov.mo\/pt-pt\/wp-json\/wp\/v2\/media?parent=393123"}],"wp:term":[{"taxonomy":"category","embeddable":true,"href":"https:\/\/www.ipim.gov.mo\/pt-pt\/wp-json\/wp\/v2\/categories?post=393123"},{"taxonomy":"post_tag","embeddable":true,"href":"https:\/\/www.ipim.gov.mo\/pt-pt\/wp-json\/wp\/v2\/tags?post=393123"}],"curies":[{"name":"wp","href":"https:\/\/api.w.org\/{rel}","templated":true}]}}