{"id":389310,"date":"2022-07-21T00:07:00","date_gmt":"2022-07-20T16:07:00","guid":{"rendered":"https:\/\/www.ipim.gov.mo\/noticias-do-ipim\/2022-07-22-a-sessao-de-esclarecimentos-relativa-ao-concurso-publico-para-os-servicos-de-coordenacao-da-exposicao-de-franquia-de-macau-2022-e-2023-sera-realizada-no-dia-25-de-julho\/"},"modified":"2022-07-22T23:54:52","modified_gmt":"2022-07-22T15:54:52","slug":"2022-07-21-a-sessao-de-esclarecimentos-relativa-ao-concurso-publico-para-os-servicos-de-coordenacao-da-exposicao-de-franquia-de-macau-2022-e-2023-sera-realizada-no-dia-25-de-julho","status":"publish","type":"post","link":"https:\/\/www.ipim.gov.mo\/pt-pt\/noticias-do-ipim\/2022-07-21-a-sessao-de-esclarecimentos-relativa-ao-concurso-publico-para-os-servicos-de-coordenacao-da-exposicao-de-franquia-de-macau-2022-e-2023-sera-realizada-no-dia-25-de-julho\/","title":{"rendered":"[2022\/07\/21] A sess\u00e3o de esclarecimentos relativa ao concurso p\u00fablico para os servi\u00e7os de coordena\u00e7\u00e3o da \u201cExposi\u00e7\u00e3o de Franquia de Macau 2022 e 2023\u201d ser\u00e1 realizada no dia 25 de Julho"},"content":{"rendered":"<p style=\"text-align: justify;\">O an\u00fancio do concurso p\u00fablico para a \u201cExposi\u00e7\u00e3o de Franquia de Macau 2022 e 2023\u201d foi publicado no dia 20 de Julho do corrente ano. A sess\u00e3o de esclarecimentos deste concurso p\u00fablico ser\u00e1 realizada no dia 25 de Julho (originalmente agendada para o dia 22 de Julho), \u00e0s 10 horas da manh\u00e3, na sala de reuni\u00e3o do IPIM sita na Avenida de Amizade, n.\u00ba 918, Edif\u00edcio World Trade Center, 3.\u00ba andar.<\/p>\n<p style=\"text-align: justify;\">Em articula\u00e7\u00e3o com a implementa\u00e7\u00e3o das medidas de preven\u00e7\u00e3o e controlo epid\u00e9mico, n\u00e3o se exclui a possibilidade de serem ajustados a hora e o local em concreto da sess\u00e3o de esclarecimentos em conformidade com a evolu\u00e7\u00e3o da situa\u00e7\u00e3o epid\u00e9mica.<\/p>\n<p style=\"text-align: justify;\">Para quaisquer esclarecimentos, queira contactar o IPIM atrav\u00e9s de n\u00famero de telefone: 8798 9654. Em rela\u00e7\u00e3o \u00e0s \u00faltimas not\u00edcias, visite a p\u00e1gina electr\u00f3nica: https:\/\/www.ipim.gov.mo\/ ou a conta de WeChat \u201cIPIM_MACAU\u201d.<\/p>\n<p>&nbsp;<\/p>\n<p><a href=\"https:\/\/www.ipim.gov.mo\/wp-content\/uploads\/2022\/07\/PT_Guidelines.pdf\" target=\"_blank\" rel=\"noopener\">Orienta\u00e7\u00f5es de preven\u00e7\u00e3o epid\u00e9mica na Sess\u00e3o de Esclarecimento<\/a><\/p>\n<p>&nbsp;<\/p>\n<p><a href=\"https:\/\/www.ipim.gov.mo\/wp-content\/uploads\/2022\/07\/PT_Guidelines_page_0001.jpg\"><img loading=\"lazy\" decoding=\"async\" class=\"alignnone size-full wp-image-389493\" src=\"https:\/\/www.ipim.gov.mo\/wp-content\/uploads\/2022\/07\/PT_Guidelines_page_0001.jpg\" alt=\"\" width=\"1275\" height=\"1650\" srcset=\"https:\/\/www.ipim.gov.mo\/wp-content\/uploads\/2022\/07\/PT_Guidelines_page_0001.jpg 1275w, https:\/\/www.ipim.gov.mo\/wp-content\/uploads\/2022\/07\/PT_Guidelines_page_0001-232x300.jpg 232w, https:\/\/www.ipim.gov.mo\/wp-content\/uploads\/2022\/07\/PT_Guidelines_page_0001-791x1024.jpg 791w, https:\/\/www.ipim.gov.mo\/wp-content\/uploads\/2022\/07\/PT_Guidelines_page_0001-768x994.jpg 768w, https:\/\/www.ipim.gov.mo\/wp-content\/uploads\/2022\/07\/PT_Guidelines_page_0001-1187x1536.jpg 1187w, https:\/\/www.ipim.gov.mo\/wp-content\/uploads\/2022\/07\/PT_Guidelines_page_0001-715x925.jpg 715w\" sizes=\"auto, (max-width: 1275px) 100vw, 1275px\" \/><\/a><\/p>\n<p>&nbsp;<\/p>\n<p><a href=\"https:\/\/www.ipim.gov.mo\/wp-content\/uploads\/2022\/07\/PT_Guidelines_page_002.jpg\"><img loading=\"lazy\" decoding=\"async\" class=\"alignnone size-full wp-image-389497\" src=\"https:\/\/www.ipim.gov.mo\/wp-content\/uploads\/2022\/07\/PT_Guidelines_page_002.jpg\" alt=\"\" width=\"1275\" height=\"1650\" srcset=\"https:\/\/www.ipim.gov.mo\/wp-content\/uploads\/2022\/07\/PT_Guidelines_page_002.jpg 1275w, https:\/\/www.ipim.gov.mo\/wp-content\/uploads\/2022\/07\/PT_Guidelines_page_002-232x300.jpg 232w, https:\/\/www.ipim.gov.mo\/wp-content\/uploads\/2022\/07\/PT_Guidelines_page_002-791x1024.jpg 791w, https:\/\/www.ipim.gov.mo\/wp-content\/uploads\/2022\/07\/PT_Guidelines_page_002-768x994.jpg 768w, https:\/\/www.ipim.gov.mo\/wp-content\/uploads\/2022\/07\/PT_Guidelines_page_002-1187x1536.jpg 1187w, https:\/\/www.ipim.gov.mo\/wp-content\/uploads\/2022\/07\/PT_Guidelines_page_002-715x925.jpg 715w\" sizes=\"auto, (max-width: 1275px) 100vw, 1275px\" \/><\/a><\/p>\n","protected":false},"excerpt":{"rendered":"<p>O an\u00fancio do concurso p\u00fablico para a \u201cExposi\u00e7\u00e3o de Franquia de Macau 2022 e 2023\u201d foi publicado no dia 20 de Julho do corrente ano. [&hellip;]<\/p>\n","protected":false},"author":1,"featured_media":467868,"comment_status":"closed","ping_status":"closed","sticky":false,"template":"","format":"standard","meta":{"_acf_changed":false,"inline_featured_image":false,"advgb_blocks_editor_width":"","advgb_blocks_columns_visual_guide":"","footnotes":""},"categories":[12],"tags":[],"class_list":["post-389310","post","type-post","status-publish","format-standard","has-post-thumbnail","hentry","category-noticias-do-ipim"],"acf":[],"yoast_head":"<!-- This site is optimized with the Yoast SEO plugin v26.2 - https:\/\/yoast.com\/wordpress\/plugins\/seo\/ -->\r\n<title>[2022\/07\/21] A sess\u00e3o de esclarecimentos relativa ao concurso p\u00fablico para os servi\u00e7os de coordena\u00e7\u00e3o da \u201cExposi\u00e7\u00e3o de Franquia de Macau 2022 e 2023\u201d ser\u00e1 realizada no dia 25 de Julho | Commerce and Investment Promotion Institute<\/title>\r\n<meta name=\"robots\" content=\"index, follow, max-snippet:-1, max-image-preview:large, max-video-preview:-1\" \/>\r\n<link rel=\"canonical\" href=\"https:\/\/www.ipim.gov.mo\/pt-pt\/noticias-do-ipim\/2022-07-21-a-sessao-de-esclarecimentos-relativa-ao-concurso-publico-para-os-servicos-de-coordenacao-da-exposicao-de-franquia-de-macau-2022-e-2023-sera-realizada-no-dia-25-de-julho\/\" \/>\r\n<meta property=\"og:locale\" content=\"pt_PT\" \/>\r\n<meta property=\"og:type\" content=\"article\" \/>\r\n<meta property=\"og:title\" content=\"[2022\/07\/21] A sess\u00e3o de esclarecimentos relativa ao concurso p\u00fablico para os servi\u00e7os de coordena\u00e7\u00e3o da \u201cExposi\u00e7\u00e3o de Franquia de Macau 2022 e 2023\u201d ser\u00e1 realizada no dia 25 de Julho | Commerce and Investment Promotion Institute\" \/>\r\n<meta property=\"og:description\" content=\"O an\u00fancio do concurso p\u00fablico para a \u201cExposi\u00e7\u00e3o de Franquia de Macau 2022 e 2023\u201d foi publicado no dia 20 de Julho do corrente ano. [&hellip;]\" \/>\r\n<meta property=\"og:url\" content=\"https:\/\/www.ipim.gov.mo\/pt-pt\/noticias-do-ipim\/2022-07-21-a-sessao-de-esclarecimentos-relativa-ao-concurso-publico-para-os-servicos-de-coordenacao-da-exposicao-de-franquia-de-macau-2022-e-2023-sera-realizada-no-dia-25-de-julho\/\" \/>\r\n<meta property=\"og:site_name\" content=\"Commerce and Investment Promotion Institute\" \/>\r\n<meta property=\"article:published_time\" content=\"2022-07-20T16:07:00+00:00\" \/>\r\n<meta property=\"article:modified_time\" content=\"2022-07-22T15:54:52+00:00\" \/>\r\n<meta property=\"og:image\" content=\"https:\/\/www.ipim.gov.mo\/wp-content\/uploads\/2024\/07\/ipim-post-default.jpg\" \/>\r\n\t<meta property=\"og:image:width\" content=\"1024\" \/>\r\n\t<meta property=\"og:image:height\" content=\"768\" \/>\r\n\t<meta property=\"og:image:type\" content=\"image\/jpeg\" \/>\r\n<meta name=\"author\" content=\"admin\" \/>\r\n<meta name=\"twitter:card\" content=\"summary_large_image\" \/>\r\n<meta name=\"twitter:label1\" content=\"Written by\" \/>\n\t<meta name=\"twitter:data1\" content=\"admin\" \/>\n\t<meta name=\"twitter:label2\" content=\"Est. reading time\" \/>\n\t<meta name=\"twitter:data2\" content=\"1 minute\" \/>\r\n<script type=\"application\/ld+json\" class=\"yoast-schema-graph\">{\"@context\":\"https:\/\/schema.org\",\"@graph\":[{\"@type\":\"WebPage\",\"@id\":\"https:\/\/www.ipim.gov.mo\/pt-pt\/noticias-do-ipim\/2022-07-21-a-sessao-de-esclarecimentos-relativa-ao-concurso-publico-para-os-servicos-de-coordenacao-da-exposicao-de-franquia-de-macau-2022-e-2023-sera-realizada-no-dia-25-de-julho\/\",\"url\":\"https:\/\/www.ipim.gov.mo\/pt-pt\/noticias-do-ipim\/2022-07-21-a-sessao-de-esclarecimentos-relativa-ao-concurso-publico-para-os-servicos-de-coordenacao-da-exposicao-de-franquia-de-macau-2022-e-2023-sera-realizada-no-dia-25-de-julho\/\",\"name\":\"[2022\/07\/21] A sess\u00e3o de esclarecimentos relativa ao concurso p\u00fablico para os servi\u00e7os de coordena\u00e7\u00e3o da \u201cExposi\u00e7\u00e3o de Franquia de Macau 2022 e 2023\u201d ser\u00e1 realizada no dia 25 de Julho | Commerce and Investment Promotion Institute\",\"isPartOf\":{\"@id\":\"https:\/\/www.ipim.gov.mo\/zh-hans\/#website\"},\"primaryImageOfPage\":{\"@id\":\"https:\/\/www.ipim.gov.mo\/pt-pt\/noticias-do-ipim\/2022-07-21-a-sessao-de-esclarecimentos-relativa-ao-concurso-publico-para-os-servicos-de-coordenacao-da-exposicao-de-franquia-de-macau-2022-e-2023-sera-realizada-no-dia-25-de-julho\/#primaryimage\"},\"image\":{\"@id\":\"https:\/\/www.ipim.gov.mo\/pt-pt\/noticias-do-ipim\/2022-07-21-a-sessao-de-esclarecimentos-relativa-ao-concurso-publico-para-os-servicos-de-coordenacao-da-exposicao-de-franquia-de-macau-2022-e-2023-sera-realizada-no-dia-25-de-julho\/#primaryimage\"},\"thumbnailUrl\":\"https:\/\/www.ipim.gov.mo\/wp-content\/uploads\/2024\/07\/ipim-post-default.jpg\",\"datePublished\":\"2022-07-20T16:07:00+00:00\",\"dateModified\":\"2022-07-22T15:54:52+00:00\",\"breadcrumb\":{\"@id\":\"https:\/\/www.ipim.gov.mo\/pt-pt\/noticias-do-ipim\/2022-07-21-a-sessao-de-esclarecimentos-relativa-ao-concurso-publico-para-os-servicos-de-coordenacao-da-exposicao-de-franquia-de-macau-2022-e-2023-sera-realizada-no-dia-25-de-julho\/#breadcrumb\"},\"inLanguage\":\"pt-PT\",\"potentialAction\":[{\"@type\":\"ReadAction\",\"target\":[\"https:\/\/www.ipim.gov.mo\/pt-pt\/noticias-do-ipim\/2022-07-21-a-sessao-de-esclarecimentos-relativa-ao-concurso-publico-para-os-servicos-de-coordenacao-da-exposicao-de-franquia-de-macau-2022-e-2023-sera-realizada-no-dia-25-de-julho\/\"]}]},{\"@type\":\"ImageObject\",\"inLanguage\":\"pt-PT\",\"@id\":\"https:\/\/www.ipim.gov.mo\/pt-pt\/noticias-do-ipim\/2022-07-21-a-sessao-de-esclarecimentos-relativa-ao-concurso-publico-para-os-servicos-de-coordenacao-da-exposicao-de-franquia-de-macau-2022-e-2023-sera-realizada-no-dia-25-de-julho\/#primaryimage\",\"url\":\"https:\/\/www.ipim.gov.mo\/wp-content\/uploads\/2024\/07\/ipim-post-default.jpg\",\"contentUrl\":\"https:\/\/www.ipim.gov.mo\/wp-content\/uploads\/2024\/07\/ipim-post-default.jpg\",\"width\":1024,\"height\":768},{\"@type\":\"BreadcrumbList\",\"@id\":\"https:\/\/www.ipim.gov.mo\/pt-pt\/noticias-do-ipim\/2022-07-21-a-sessao-de-esclarecimentos-relativa-ao-concurso-publico-para-os-servicos-de-coordenacao-da-exposicao-de-franquia-de-macau-2022-e-2023-sera-realizada-no-dia-25-de-julho\/#breadcrumb\",\"itemListElement\":[{\"@type\":\"ListItem\",\"position\":1,\"name\":\"Home\",\"item\":\"https:\/\/www.ipim.gov.mo\/pt-pt\/\"},{\"@type\":\"ListItem\",\"position\":2,\"name\":\"[2022\/07\/21] A sess\u00e3o de esclarecimentos relativa ao concurso p\u00fablico para os servi\u00e7os de coordena\u00e7\u00e3o da \u201cExposi\u00e7\u00e3o de Franquia de Macau 2022 e 2023\u201d ser\u00e1 realizada no dia 25 de Julho\"}]},{\"@type\":\"WebSite\",\"@id\":\"https:\/\/www.ipim.gov.mo\/zh-hans\/#website\",\"url\":\"https:\/\/www.ipim.gov.mo\/zh-hans\/\",\"name\":\"Commerce and Investment Promotion Institute\",\"description\":\"Commerce and Investment Promotion Institute\",\"publisher\":{\"@id\":\"https:\/\/www.ipim.gov.mo\/zh-hans\/#organization\"},\"potentialAction\":[{\"@type\":\"SearchAction\",\"target\":{\"@type\":\"EntryPoint\",\"urlTemplate\":\"https:\/\/www.ipim.gov.mo\/zh-hans\/?s={search_term_string}\"},\"query-input\":{\"@type\":\"PropertyValueSpecification\",\"valueRequired\":true,\"valueName\":\"search_term_string\"}}],\"inLanguage\":\"pt-PT\"},{\"@type\":\"Organization\",\"@id\":\"https:\/\/www.ipim.gov.mo\/zh-hans\/#organization\",\"name\":\"IPIM\",\"url\":\"https:\/\/www.ipim.gov.mo\/zh-hans\/\",\"logo\":{\"@type\":\"ImageObject\",\"inLanguage\":\"pt-PT\",\"@id\":\"https:\/\/www.ipim.gov.mo\/zh-hans\/#\/schema\/logo\/image\/\",\"url\":\"https:\/\/www.ipim.gov.mo\/wp-content\/uploads\/2022\/10\/default-post-thumbnail-ipim-logo.png\",\"contentUrl\":\"https:\/\/www.ipim.gov.mo\/wp-content\/uploads\/2022\/10\/default-post-thumbnail-ipim-logo.png\",\"width\":1024,\"height\":768,\"caption\":\"IPIM\"},\"image\":{\"@id\":\"https:\/\/www.ipim.gov.mo\/zh-hans\/#\/schema\/logo\/image\/\"}}]}<\/script>\r\n<!-- \/ Yoast SEO plugin. -->","yoast_head_json":{"title":"[2022\/07\/21] A sess\u00e3o de esclarecimentos relativa ao concurso p\u00fablico para os servi\u00e7os de coordena\u00e7\u00e3o da \u201cExposi\u00e7\u00e3o de Franquia de Macau 2022 e 2023\u201d ser\u00e1 realizada no dia 25 de Julho | Commerce and Investment Promotion Institute","robots":{"index":"index","follow":"follow","max-snippet":"max-snippet:-1","max-image-preview":"max-image-preview:large","max-video-preview":"max-video-preview:-1"},"canonical":"https:\/\/www.ipim.gov.mo\/pt-pt\/noticias-do-ipim\/2022-07-21-a-sessao-de-esclarecimentos-relativa-ao-concurso-publico-para-os-servicos-de-coordenacao-da-exposicao-de-franquia-de-macau-2022-e-2023-sera-realizada-no-dia-25-de-julho\/","og_locale":"pt_PT","og_type":"article","og_title":"[2022\/07\/21] A sess\u00e3o de esclarecimentos relativa ao concurso p\u00fablico para os servi\u00e7os de coordena\u00e7\u00e3o da \u201cExposi\u00e7\u00e3o de Franquia de Macau 2022 e 2023\u201d ser\u00e1 realizada no dia 25 de Julho | Commerce and Investment Promotion Institute","og_description":"O an\u00fancio do concurso p\u00fablico para a \u201cExposi\u00e7\u00e3o de Franquia de Macau 2022 e 2023\u201d foi publicado no dia 20 de Julho do corrente ano. [&hellip;]","og_url":"https:\/\/www.ipim.gov.mo\/pt-pt\/noticias-do-ipim\/2022-07-21-a-sessao-de-esclarecimentos-relativa-ao-concurso-publico-para-os-servicos-de-coordenacao-da-exposicao-de-franquia-de-macau-2022-e-2023-sera-realizada-no-dia-25-de-julho\/","og_site_name":"Commerce and Investment Promotion Institute","article_published_time":"2022-07-20T16:07:00+00:00","article_modified_time":"2022-07-22T15:54:52+00:00","og_image":[{"width":1024,"height":768,"url":"https:\/\/www.ipim.gov.mo\/wp-content\/uploads\/2024\/07\/ipim-post-default.jpg","type":"image\/jpeg"}],"author":"admin","twitter_card":"summary_large_image","twitter_misc":{"Written by":"admin","Est. reading time":"1 minute"},"schema":{"@context":"https:\/\/schema.org","@graph":[{"@type":"WebPage","@id":"https:\/\/www.ipim.gov.mo\/pt-pt\/noticias-do-ipim\/2022-07-21-a-sessao-de-esclarecimentos-relativa-ao-concurso-publico-para-os-servicos-de-coordenacao-da-exposicao-de-franquia-de-macau-2022-e-2023-sera-realizada-no-dia-25-de-julho\/","url":"https:\/\/www.ipim.gov.mo\/pt-pt\/noticias-do-ipim\/2022-07-21-a-sessao-de-esclarecimentos-relativa-ao-concurso-publico-para-os-servicos-de-coordenacao-da-exposicao-de-franquia-de-macau-2022-e-2023-sera-realizada-no-dia-25-de-julho\/","name":"[2022\/07\/21] A sess\u00e3o de esclarecimentos relativa ao concurso p\u00fablico para os servi\u00e7os de coordena\u00e7\u00e3o da \u201cExposi\u00e7\u00e3o de Franquia de Macau 2022 e 2023\u201d ser\u00e1 realizada no dia 25 de Julho | Commerce and Investment Promotion Institute","isPartOf":{"@id":"https:\/\/www.ipim.gov.mo\/zh-hans\/#website"},"primaryImageOfPage":{"@id":"https:\/\/www.ipim.gov.mo\/pt-pt\/noticias-do-ipim\/2022-07-21-a-sessao-de-esclarecimentos-relativa-ao-concurso-publico-para-os-servicos-de-coordenacao-da-exposicao-de-franquia-de-macau-2022-e-2023-sera-realizada-no-dia-25-de-julho\/#primaryimage"},"image":{"@id":"https:\/\/www.ipim.gov.mo\/pt-pt\/noticias-do-ipim\/2022-07-21-a-sessao-de-esclarecimentos-relativa-ao-concurso-publico-para-os-servicos-de-coordenacao-da-exposicao-de-franquia-de-macau-2022-e-2023-sera-realizada-no-dia-25-de-julho\/#primaryimage"},"thumbnailUrl":"https:\/\/www.ipim.gov.mo\/wp-content\/uploads\/2024\/07\/ipim-post-default.jpg","datePublished":"2022-07-20T16:07:00+00:00","dateModified":"2022-07-22T15:54:52+00:00","breadcrumb":{"@id":"https:\/\/www.ipim.gov.mo\/pt-pt\/noticias-do-ipim\/2022-07-21-a-sessao-de-esclarecimentos-relativa-ao-concurso-publico-para-os-servicos-de-coordenacao-da-exposicao-de-franquia-de-macau-2022-e-2023-sera-realizada-no-dia-25-de-julho\/#breadcrumb"},"inLanguage":"pt-PT","potentialAction":[{"@type":"ReadAction","target":["https:\/\/www.ipim.gov.mo\/pt-pt\/noticias-do-ipim\/2022-07-21-a-sessao-de-esclarecimentos-relativa-ao-concurso-publico-para-os-servicos-de-coordenacao-da-exposicao-de-franquia-de-macau-2022-e-2023-sera-realizada-no-dia-25-de-julho\/"]}]},{"@type":"ImageObject","inLanguage":"pt-PT","@id":"https:\/\/www.ipim.gov.mo\/pt-pt\/noticias-do-ipim\/2022-07-21-a-sessao-de-esclarecimentos-relativa-ao-concurso-publico-para-os-servicos-de-coordenacao-da-exposicao-de-franquia-de-macau-2022-e-2023-sera-realizada-no-dia-25-de-julho\/#primaryimage","url":"https:\/\/www.ipim.gov.mo\/wp-content\/uploads\/2024\/07\/ipim-post-default.jpg","contentUrl":"https:\/\/www.ipim.gov.mo\/wp-content\/uploads\/2024\/07\/ipim-post-default.jpg","width":1024,"height":768},{"@type":"BreadcrumbList","@id":"https:\/\/www.ipim.gov.mo\/pt-pt\/noticias-do-ipim\/2022-07-21-a-sessao-de-esclarecimentos-relativa-ao-concurso-publico-para-os-servicos-de-coordenacao-da-exposicao-de-franquia-de-macau-2022-e-2023-sera-realizada-no-dia-25-de-julho\/#breadcrumb","itemListElement":[{"@type":"ListItem","position":1,"name":"Home","item":"https:\/\/www.ipim.gov.mo\/pt-pt\/"},{"@type":"ListItem","position":2,"name":"[2022\/07\/21] A sess\u00e3o de esclarecimentos relativa ao concurso p\u00fablico para os servi\u00e7os de coordena\u00e7\u00e3o da \u201cExposi\u00e7\u00e3o de Franquia de Macau 2022 e 2023\u201d ser\u00e1 realizada no dia 25 de Julho"}]},{"@type":"WebSite","@id":"https:\/\/www.ipim.gov.mo\/zh-hans\/#website","url":"https:\/\/www.ipim.gov.mo\/zh-hans\/","name":"Commerce and Investment Promotion Institute","description":"Commerce and Investment Promotion Institute","publisher":{"@id":"https:\/\/www.ipim.gov.mo\/zh-hans\/#organization"},"potentialAction":[{"@type":"SearchAction","target":{"@type":"EntryPoint","urlTemplate":"https:\/\/www.ipim.gov.mo\/zh-hans\/?s={search_term_string}"},"query-input":{"@type":"PropertyValueSpecification","valueRequired":true,"valueName":"search_term_string"}}],"inLanguage":"pt-PT"},{"@type":"Organization","@id":"https:\/\/www.ipim.gov.mo\/zh-hans\/#organization","name":"IPIM","url":"https:\/\/www.ipim.gov.mo\/zh-hans\/","logo":{"@type":"ImageObject","inLanguage":"pt-PT","@id":"https:\/\/www.ipim.gov.mo\/zh-hans\/#\/schema\/logo\/image\/","url":"https:\/\/www.ipim.gov.mo\/wp-content\/uploads\/2022\/10\/default-post-thumbnail-ipim-logo.png","contentUrl":"https:\/\/www.ipim.gov.mo\/wp-content\/uploads\/2022\/10\/default-post-thumbnail-ipim-logo.png","width":1024,"height":768,"caption":"IPIM"},"image":{"@id":"https:\/\/www.ipim.gov.mo\/zh-hans\/#\/schema\/logo\/image\/"}}]}},"author_meta":{"display_name":"admin","author_link":"https:\/\/www.ipim.gov.mo\/pt-pt\/author\/admin\/"},"featured_img":"https:\/\/www.ipim.gov.mo\/wp-content\/uploads\/2024\/07\/ipim-post-default-300x225.jpg","coauthors":[],"tax_additional":{"categories":{"linked":["<a href=\"https:\/\/www.ipim.gov.mo\/pt-pt\/category\/noticias-do-ipim\/\" class=\"advgb-post-tax-term\">Not\u00edcias do IPIM<\/a>"],"unlinked":["<span class=\"advgb-post-tax-term\">Not\u00edcias do IPIM<\/span>"]}},"comment_count":"0","relative_dates":{"created":"Posted 4 years ago","modified":"Updated 4 years ago"},"absolute_dates":{"created":"Posted on Julho 21, 2022","modified":"Updated on Julho 22, 2022"},"absolute_dates_time":{"created":"Posted on Julho 21, 2022 12:07 am","modified":"Updated on Julho 22, 2022 11:54 pm"},"featured_img_caption":"","series_order":"","_links":{"self":[{"href":"https:\/\/www.ipim.gov.mo\/pt-pt\/wp-json\/wp\/v2\/posts\/389310","targetHints":{"allow":["GET"]}}],"collection":[{"href":"https:\/\/www.ipim.gov.mo\/pt-pt\/wp-json\/wp\/v2\/posts"}],"about":[{"href":"https:\/\/www.ipim.gov.mo\/pt-pt\/wp-json\/wp\/v2\/types\/post"}],"author":[{"embeddable":true,"href":"https:\/\/www.ipim.gov.mo\/pt-pt\/wp-json\/wp\/v2\/users\/1"}],"replies":[{"embeddable":true,"href":"https:\/\/www.ipim.gov.mo\/pt-pt\/wp-json\/wp\/v2\/comments?post=389310"}],"version-history":[{"count":0,"href":"https:\/\/www.ipim.gov.mo\/pt-pt\/wp-json\/wp\/v2\/posts\/389310\/revisions"}],"wp:featuredmedia":[{"embeddable":true,"href":"https:\/\/www.ipim.gov.mo\/pt-pt\/wp-json\/wp\/v2\/media\/467868"}],"wp:attachment":[{"href":"https:\/\/www.ipim.gov.mo\/pt-pt\/wp-json\/wp\/v2\/media?parent=389310"}],"wp:term":[{"taxonomy":"category","embeddable":true,"href":"https:\/\/www.ipim.gov.mo\/pt-pt\/wp-json\/wp\/v2\/categories?post=389310"},{"taxonomy":"post_tag","embeddable":true,"href":"https:\/\/www.ipim.gov.mo\/pt-pt\/wp-json\/wp\/v2\/tags?post=389310"}],"curies":[{"name":"wp","href":"https:\/\/api.w.org\/{rel}","templated":true}]}}