{"id":383189,"date":"2022-06-19T10:02:00","date_gmt":"2022-06-19T02:02:00","guid":{"rendered":"https:\/\/www.ipim.gov.mo\/noticias-do-ipim\/2022-06-19-temporariamente-encerrado-ao-publico-do-centro-de-exposicao-dos-produtos-alimentares-dos-paises-de-lingua-portuguesa-a-partir-do-dia-19-de-junho-de-2022\/"},"modified":"2022-06-19T10:02:00","modified_gmt":"2022-06-19T02:02:00","slug":"2022-06-19-temporariamente-encerrado-ao-publico-do-centro-de-exposicao-dos-produtos-alimentares-dos-paises-de-lingua-portuguesa-a-partir-do-dia-19-de-junho-de-2022","status":"publish","type":"post","link":"https:\/\/www.ipim.gov.mo\/pt-pt\/noticias-do-ipim\/2022-06-19-temporariamente-encerrado-ao-publico-do-centro-de-exposicao-dos-produtos-alimentares-dos-paises-de-lingua-portuguesa-a-partir-do-dia-19-de-junho-de-2022\/","title":{"rendered":"[2022\/06\/19] Temporariamente encerrado ao p\u00fablico do Centro de Exposi\u00e7\u00e3o dos Produtos Alimentares dos Pa\u00edses de L\u00edngua Portuguesa, a partir do dia 19 de Junho de 2022"},"content":{"rendered":"<p>Em resposta &agrave; situa&ccedil;&atilde;o mais recente da pneumonia causada pelo novo tipo de coronav&iacute;rus e em articula&ccedil;&atilde;o com os trabalhos de preven&ccedil;&atilde;o e controlo da pandemia levado ao cabo pelo Governo da RAEM, o Centro de Exposi&ccedil;&atilde;o dos Produtos Alimentares dos Pa&iacute;ses de L&iacute;ngua Portuguesa do Instituto de Promo&ccedil;&atilde;o do Com&eacute;rcio e do Investimento de Macau (IPIM) encontra-se temporariamente encerrado ao p&uacute;blico, a partir do dia 19 de Junho de 2022, at&eacute; novo aviso a emitir oportunamente, pelo que se solicita a aten&ccedil;&atilde;o dos cidad&atilde;os.<\/p>\n","protected":false},"excerpt":{"rendered":"<p>Em resposta &agrave; situa&ccedil;&atilde;o mais recente da pneumonia causada pelo novo tipo de coronav&iacute;rus e em articula&ccedil;&atilde;o com os trabalhos de preven&ccedil;&atilde;o e controlo da [&hellip;]<\/p>\n","protected":false},"author":1,"featured_media":467868,"comment_status":"closed","ping_status":"closed","sticky":false,"template":"","format":"standard","meta":{"_acf_changed":false,"inline_featured_image":false,"advgb_blocks_editor_width":"","advgb_blocks_columns_visual_guide":"","footnotes":""},"categories":[12],"tags":[],"class_list":["post-383189","post","type-post","status-publish","format-standard","has-post-thumbnail","hentry","category-noticias-do-ipim"],"acf":[],"yoast_head":"<!-- This site is optimized with the Yoast SEO plugin v26.2 - https:\/\/yoast.com\/wordpress\/plugins\/seo\/ -->\r\n<title>[2022\/06\/19] Temporariamente encerrado ao p\u00fablico do Centro de Exposi\u00e7\u00e3o dos Produtos Alimentares dos Pa\u00edses de L\u00edngua Portuguesa, a partir do dia 19 de Junho de 2022 | Commerce and Investment Promotion Institute<\/title>\r\n<meta name=\"robots\" content=\"index, follow, max-snippet:-1, max-image-preview:large, max-video-preview:-1\" \/>\r\n<link rel=\"canonical\" href=\"https:\/\/www.ipim.gov.mo\/pt-pt\/noticias-do-ipim\/2022-06-19-temporariamente-encerrado-ao-publico-do-centro-de-exposicao-dos-produtos-alimentares-dos-paises-de-lingua-portuguesa-a-partir-do-dia-19-de-junho-de-2022\/\" \/>\r\n<meta property=\"og:locale\" content=\"pt_PT\" \/>\r\n<meta property=\"og:type\" content=\"article\" \/>\r\n<meta property=\"og:title\" content=\"[2022\/06\/19] Temporariamente encerrado ao p\u00fablico do Centro de Exposi\u00e7\u00e3o dos Produtos Alimentares dos Pa\u00edses de L\u00edngua Portuguesa, a partir do dia 19 de Junho de 2022 | Commerce and Investment Promotion Institute\" \/>\r\n<meta property=\"og:description\" content=\"Em resposta &agrave; situa&ccedil;&atilde;o mais recente da pneumonia causada pelo novo tipo de coronav&iacute;rus e em articula&ccedil;&atilde;o com os trabalhos de preven&ccedil;&atilde;o e controlo da [&hellip;]\" \/>\r\n<meta property=\"og:url\" content=\"https:\/\/www.ipim.gov.mo\/pt-pt\/noticias-do-ipim\/2022-06-19-temporariamente-encerrado-ao-publico-do-centro-de-exposicao-dos-produtos-alimentares-dos-paises-de-lingua-portuguesa-a-partir-do-dia-19-de-junho-de-2022\/\" \/>\r\n<meta property=\"og:site_name\" content=\"Commerce and Investment Promotion Institute\" \/>\r\n<meta property=\"article:published_time\" content=\"2022-06-19T02:02:00+00:00\" \/>\r\n<meta property=\"og:image\" content=\"https:\/\/www.ipim.gov.mo\/wp-content\/uploads\/2024\/07\/ipim-post-default.jpg\" \/>\r\n\t<meta property=\"og:image:width\" content=\"1024\" \/>\r\n\t<meta property=\"og:image:height\" content=\"768\" \/>\r\n\t<meta property=\"og:image:type\" content=\"image\/jpeg\" \/>\r\n<meta name=\"author\" content=\"admin\" \/>\r\n<meta name=\"twitter:card\" content=\"summary_large_image\" \/>\r\n<meta name=\"twitter:label1\" content=\"Written by\" \/>\n\t<meta name=\"twitter:data1\" content=\"admin\" \/>\n\t<meta name=\"twitter:label2\" content=\"Est. reading time\" \/>\n\t<meta name=\"twitter:data2\" content=\"1 minute\" \/>\r\n<script type=\"application\/ld+json\" class=\"yoast-schema-graph\">{\"@context\":\"https:\/\/schema.org\",\"@graph\":[{\"@type\":\"WebPage\",\"@id\":\"https:\/\/www.ipim.gov.mo\/pt-pt\/noticias-do-ipim\/2022-06-19-temporariamente-encerrado-ao-publico-do-centro-de-exposicao-dos-produtos-alimentares-dos-paises-de-lingua-portuguesa-a-partir-do-dia-19-de-junho-de-2022\/\",\"url\":\"https:\/\/www.ipim.gov.mo\/pt-pt\/noticias-do-ipim\/2022-06-19-temporariamente-encerrado-ao-publico-do-centro-de-exposicao-dos-produtos-alimentares-dos-paises-de-lingua-portuguesa-a-partir-do-dia-19-de-junho-de-2022\/\",\"name\":\"[2022\/06\/19] Temporariamente encerrado ao p\u00fablico do Centro de Exposi\u00e7\u00e3o dos Produtos Alimentares dos Pa\u00edses de L\u00edngua Portuguesa, a partir do dia 19 de Junho de 2022 | Commerce and Investment Promotion Institute\",\"isPartOf\":{\"@id\":\"https:\/\/www.ipim.gov.mo\/zh-hans\/#website\"},\"primaryImageOfPage\":{\"@id\":\"https:\/\/www.ipim.gov.mo\/pt-pt\/noticias-do-ipim\/2022-06-19-temporariamente-encerrado-ao-publico-do-centro-de-exposicao-dos-produtos-alimentares-dos-paises-de-lingua-portuguesa-a-partir-do-dia-19-de-junho-de-2022\/#primaryimage\"},\"image\":{\"@id\":\"https:\/\/www.ipim.gov.mo\/pt-pt\/noticias-do-ipim\/2022-06-19-temporariamente-encerrado-ao-publico-do-centro-de-exposicao-dos-produtos-alimentares-dos-paises-de-lingua-portuguesa-a-partir-do-dia-19-de-junho-de-2022\/#primaryimage\"},\"thumbnailUrl\":\"https:\/\/www.ipim.gov.mo\/wp-content\/uploads\/2024\/07\/ipim-post-default.jpg\",\"datePublished\":\"2022-06-19T02:02:00+00:00\",\"breadcrumb\":{\"@id\":\"https:\/\/www.ipim.gov.mo\/pt-pt\/noticias-do-ipim\/2022-06-19-temporariamente-encerrado-ao-publico-do-centro-de-exposicao-dos-produtos-alimentares-dos-paises-de-lingua-portuguesa-a-partir-do-dia-19-de-junho-de-2022\/#breadcrumb\"},\"inLanguage\":\"pt-PT\",\"potentialAction\":[{\"@type\":\"ReadAction\",\"target\":[\"https:\/\/www.ipim.gov.mo\/pt-pt\/noticias-do-ipim\/2022-06-19-temporariamente-encerrado-ao-publico-do-centro-de-exposicao-dos-produtos-alimentares-dos-paises-de-lingua-portuguesa-a-partir-do-dia-19-de-junho-de-2022\/\"]}]},{\"@type\":\"ImageObject\",\"inLanguage\":\"pt-PT\",\"@id\":\"https:\/\/www.ipim.gov.mo\/pt-pt\/noticias-do-ipim\/2022-06-19-temporariamente-encerrado-ao-publico-do-centro-de-exposicao-dos-produtos-alimentares-dos-paises-de-lingua-portuguesa-a-partir-do-dia-19-de-junho-de-2022\/#primaryimage\",\"url\":\"https:\/\/www.ipim.gov.mo\/wp-content\/uploads\/2024\/07\/ipim-post-default.jpg\",\"contentUrl\":\"https:\/\/www.ipim.gov.mo\/wp-content\/uploads\/2024\/07\/ipim-post-default.jpg\",\"width\":1024,\"height\":768},{\"@type\":\"BreadcrumbList\",\"@id\":\"https:\/\/www.ipim.gov.mo\/pt-pt\/noticias-do-ipim\/2022-06-19-temporariamente-encerrado-ao-publico-do-centro-de-exposicao-dos-produtos-alimentares-dos-paises-de-lingua-portuguesa-a-partir-do-dia-19-de-junho-de-2022\/#breadcrumb\",\"itemListElement\":[{\"@type\":\"ListItem\",\"position\":1,\"name\":\"Home\",\"item\":\"https:\/\/www.ipim.gov.mo\/pt-pt\/\"},{\"@type\":\"ListItem\",\"position\":2,\"name\":\"[2022\/06\/19] Temporariamente encerrado ao p\u00fablico do Centro de Exposi\u00e7\u00e3o dos Produtos Alimentares dos Pa\u00edses de L\u00edngua Portuguesa, a partir do dia 19 de Junho de 2022\"}]},{\"@type\":\"WebSite\",\"@id\":\"https:\/\/www.ipim.gov.mo\/zh-hans\/#website\",\"url\":\"https:\/\/www.ipim.gov.mo\/zh-hans\/\",\"name\":\"Commerce and Investment Promotion Institute\",\"description\":\"Commerce and Investment Promotion Institute\",\"publisher\":{\"@id\":\"https:\/\/www.ipim.gov.mo\/zh-hans\/#organization\"},\"potentialAction\":[{\"@type\":\"SearchAction\",\"target\":{\"@type\":\"EntryPoint\",\"urlTemplate\":\"https:\/\/www.ipim.gov.mo\/zh-hans\/?s={search_term_string}\"},\"query-input\":{\"@type\":\"PropertyValueSpecification\",\"valueRequired\":true,\"valueName\":\"search_term_string\"}}],\"inLanguage\":\"pt-PT\"},{\"@type\":\"Organization\",\"@id\":\"https:\/\/www.ipim.gov.mo\/zh-hans\/#organization\",\"name\":\"IPIM\",\"url\":\"https:\/\/www.ipim.gov.mo\/zh-hans\/\",\"logo\":{\"@type\":\"ImageObject\",\"inLanguage\":\"pt-PT\",\"@id\":\"https:\/\/www.ipim.gov.mo\/zh-hans\/#\/schema\/logo\/image\/\",\"url\":\"https:\/\/www.ipim.gov.mo\/wp-content\/uploads\/2022\/10\/default-post-thumbnail-ipim-logo.png\",\"contentUrl\":\"https:\/\/www.ipim.gov.mo\/wp-content\/uploads\/2022\/10\/default-post-thumbnail-ipim-logo.png\",\"width\":1024,\"height\":768,\"caption\":\"IPIM\"},\"image\":{\"@id\":\"https:\/\/www.ipim.gov.mo\/zh-hans\/#\/schema\/logo\/image\/\"}}]}<\/script>\r\n<!-- \/ Yoast SEO plugin. -->","yoast_head_json":{"title":"[2022\/06\/19] Temporariamente encerrado ao p\u00fablico do Centro de Exposi\u00e7\u00e3o dos Produtos Alimentares dos Pa\u00edses de L\u00edngua Portuguesa, a partir do dia 19 de Junho de 2022 | Commerce and Investment Promotion Institute","robots":{"index":"index","follow":"follow","max-snippet":"max-snippet:-1","max-image-preview":"max-image-preview:large","max-video-preview":"max-video-preview:-1"},"canonical":"https:\/\/www.ipim.gov.mo\/pt-pt\/noticias-do-ipim\/2022-06-19-temporariamente-encerrado-ao-publico-do-centro-de-exposicao-dos-produtos-alimentares-dos-paises-de-lingua-portuguesa-a-partir-do-dia-19-de-junho-de-2022\/","og_locale":"pt_PT","og_type":"article","og_title":"[2022\/06\/19] Temporariamente encerrado ao p\u00fablico do Centro de Exposi\u00e7\u00e3o dos Produtos Alimentares dos Pa\u00edses de L\u00edngua Portuguesa, a partir do dia 19 de Junho de 2022 | Commerce and Investment Promotion Institute","og_description":"Em resposta &agrave; situa&ccedil;&atilde;o mais recente da pneumonia causada pelo novo tipo de coronav&iacute;rus e em articula&ccedil;&atilde;o com os trabalhos de preven&ccedil;&atilde;o e controlo da [&hellip;]","og_url":"https:\/\/www.ipim.gov.mo\/pt-pt\/noticias-do-ipim\/2022-06-19-temporariamente-encerrado-ao-publico-do-centro-de-exposicao-dos-produtos-alimentares-dos-paises-de-lingua-portuguesa-a-partir-do-dia-19-de-junho-de-2022\/","og_site_name":"Commerce and Investment Promotion Institute","article_published_time":"2022-06-19T02:02:00+00:00","og_image":[{"width":1024,"height":768,"url":"https:\/\/www.ipim.gov.mo\/wp-content\/uploads\/2024\/07\/ipim-post-default.jpg","type":"image\/jpeg"}],"author":"admin","twitter_card":"summary_large_image","twitter_misc":{"Written by":"admin","Est. reading time":"1 minute"},"schema":{"@context":"https:\/\/schema.org","@graph":[{"@type":"WebPage","@id":"https:\/\/www.ipim.gov.mo\/pt-pt\/noticias-do-ipim\/2022-06-19-temporariamente-encerrado-ao-publico-do-centro-de-exposicao-dos-produtos-alimentares-dos-paises-de-lingua-portuguesa-a-partir-do-dia-19-de-junho-de-2022\/","url":"https:\/\/www.ipim.gov.mo\/pt-pt\/noticias-do-ipim\/2022-06-19-temporariamente-encerrado-ao-publico-do-centro-de-exposicao-dos-produtos-alimentares-dos-paises-de-lingua-portuguesa-a-partir-do-dia-19-de-junho-de-2022\/","name":"[2022\/06\/19] Temporariamente encerrado ao p\u00fablico do Centro de Exposi\u00e7\u00e3o dos Produtos Alimentares dos Pa\u00edses de L\u00edngua Portuguesa, a partir do dia 19 de Junho de 2022 | Commerce and Investment Promotion Institute","isPartOf":{"@id":"https:\/\/www.ipim.gov.mo\/zh-hans\/#website"},"primaryImageOfPage":{"@id":"https:\/\/www.ipim.gov.mo\/pt-pt\/noticias-do-ipim\/2022-06-19-temporariamente-encerrado-ao-publico-do-centro-de-exposicao-dos-produtos-alimentares-dos-paises-de-lingua-portuguesa-a-partir-do-dia-19-de-junho-de-2022\/#primaryimage"},"image":{"@id":"https:\/\/www.ipim.gov.mo\/pt-pt\/noticias-do-ipim\/2022-06-19-temporariamente-encerrado-ao-publico-do-centro-de-exposicao-dos-produtos-alimentares-dos-paises-de-lingua-portuguesa-a-partir-do-dia-19-de-junho-de-2022\/#primaryimage"},"thumbnailUrl":"https:\/\/www.ipim.gov.mo\/wp-content\/uploads\/2024\/07\/ipim-post-default.jpg","datePublished":"2022-06-19T02:02:00+00:00","breadcrumb":{"@id":"https:\/\/www.ipim.gov.mo\/pt-pt\/noticias-do-ipim\/2022-06-19-temporariamente-encerrado-ao-publico-do-centro-de-exposicao-dos-produtos-alimentares-dos-paises-de-lingua-portuguesa-a-partir-do-dia-19-de-junho-de-2022\/#breadcrumb"},"inLanguage":"pt-PT","potentialAction":[{"@type":"ReadAction","target":["https:\/\/www.ipim.gov.mo\/pt-pt\/noticias-do-ipim\/2022-06-19-temporariamente-encerrado-ao-publico-do-centro-de-exposicao-dos-produtos-alimentares-dos-paises-de-lingua-portuguesa-a-partir-do-dia-19-de-junho-de-2022\/"]}]},{"@type":"ImageObject","inLanguage":"pt-PT","@id":"https:\/\/www.ipim.gov.mo\/pt-pt\/noticias-do-ipim\/2022-06-19-temporariamente-encerrado-ao-publico-do-centro-de-exposicao-dos-produtos-alimentares-dos-paises-de-lingua-portuguesa-a-partir-do-dia-19-de-junho-de-2022\/#primaryimage","url":"https:\/\/www.ipim.gov.mo\/wp-content\/uploads\/2024\/07\/ipim-post-default.jpg","contentUrl":"https:\/\/www.ipim.gov.mo\/wp-content\/uploads\/2024\/07\/ipim-post-default.jpg","width":1024,"height":768},{"@type":"BreadcrumbList","@id":"https:\/\/www.ipim.gov.mo\/pt-pt\/noticias-do-ipim\/2022-06-19-temporariamente-encerrado-ao-publico-do-centro-de-exposicao-dos-produtos-alimentares-dos-paises-de-lingua-portuguesa-a-partir-do-dia-19-de-junho-de-2022\/#breadcrumb","itemListElement":[{"@type":"ListItem","position":1,"name":"Home","item":"https:\/\/www.ipim.gov.mo\/pt-pt\/"},{"@type":"ListItem","position":2,"name":"[2022\/06\/19] Temporariamente encerrado ao p\u00fablico do Centro de Exposi\u00e7\u00e3o dos Produtos Alimentares dos Pa\u00edses de L\u00edngua Portuguesa, a partir do dia 19 de Junho de 2022"}]},{"@type":"WebSite","@id":"https:\/\/www.ipim.gov.mo\/zh-hans\/#website","url":"https:\/\/www.ipim.gov.mo\/zh-hans\/","name":"Commerce and Investment Promotion Institute","description":"Commerce and Investment Promotion Institute","publisher":{"@id":"https:\/\/www.ipim.gov.mo\/zh-hans\/#organization"},"potentialAction":[{"@type":"SearchAction","target":{"@type":"EntryPoint","urlTemplate":"https:\/\/www.ipim.gov.mo\/zh-hans\/?s={search_term_string}"},"query-input":{"@type":"PropertyValueSpecification","valueRequired":true,"valueName":"search_term_string"}}],"inLanguage":"pt-PT"},{"@type":"Organization","@id":"https:\/\/www.ipim.gov.mo\/zh-hans\/#organization","name":"IPIM","url":"https:\/\/www.ipim.gov.mo\/zh-hans\/","logo":{"@type":"ImageObject","inLanguage":"pt-PT","@id":"https:\/\/www.ipim.gov.mo\/zh-hans\/#\/schema\/logo\/image\/","url":"https:\/\/www.ipim.gov.mo\/wp-content\/uploads\/2022\/10\/default-post-thumbnail-ipim-logo.png","contentUrl":"https:\/\/www.ipim.gov.mo\/wp-content\/uploads\/2022\/10\/default-post-thumbnail-ipim-logo.png","width":1024,"height":768,"caption":"IPIM"},"image":{"@id":"https:\/\/www.ipim.gov.mo\/zh-hans\/#\/schema\/logo\/image\/"}}]}},"author_meta":{"display_name":"admin","author_link":"https:\/\/www.ipim.gov.mo\/pt-pt\/author\/admin\/"},"featured_img":"https:\/\/www.ipim.gov.mo\/wp-content\/uploads\/2024\/07\/ipim-post-default-300x225.jpg","coauthors":[],"tax_additional":{"categories":{"linked":["<a href=\"https:\/\/www.ipim.gov.mo\/pt-pt\/category\/noticias-do-ipim\/\" class=\"advgb-post-tax-term\">Not\u00edcias do IPIM<\/a>"],"unlinked":["<span class=\"advgb-post-tax-term\">Not\u00edcias do IPIM<\/span>"]}},"comment_count":"0","relative_dates":{"created":"Posted 4 years ago","modified":"Updated 4 years ago"},"absolute_dates":{"created":"Posted on Junho 19, 2022","modified":"Updated on Junho 19, 2022"},"absolute_dates_time":{"created":"Posted on Junho 19, 2022 10:02 am","modified":"Updated on Junho 19, 2022 10:02 am"},"featured_img_caption":"","series_order":"","_links":{"self":[{"href":"https:\/\/www.ipim.gov.mo\/pt-pt\/wp-json\/wp\/v2\/posts\/383189","targetHints":{"allow":["GET"]}}],"collection":[{"href":"https:\/\/www.ipim.gov.mo\/pt-pt\/wp-json\/wp\/v2\/posts"}],"about":[{"href":"https:\/\/www.ipim.gov.mo\/pt-pt\/wp-json\/wp\/v2\/types\/post"}],"author":[{"embeddable":true,"href":"https:\/\/www.ipim.gov.mo\/pt-pt\/wp-json\/wp\/v2\/users\/1"}],"replies":[{"embeddable":true,"href":"https:\/\/www.ipim.gov.mo\/pt-pt\/wp-json\/wp\/v2\/comments?post=383189"}],"version-history":[{"count":0,"href":"https:\/\/www.ipim.gov.mo\/pt-pt\/wp-json\/wp\/v2\/posts\/383189\/revisions"}],"wp:featuredmedia":[{"embeddable":true,"href":"https:\/\/www.ipim.gov.mo\/pt-pt\/wp-json\/wp\/v2\/media\/467868"}],"wp:attachment":[{"href":"https:\/\/www.ipim.gov.mo\/pt-pt\/wp-json\/wp\/v2\/media?parent=383189"}],"wp:term":[{"taxonomy":"category","embeddable":true,"href":"https:\/\/www.ipim.gov.mo\/pt-pt\/wp-json\/wp\/v2\/categories?post=383189"},{"taxonomy":"post_tag","embeddable":true,"href":"https:\/\/www.ipim.gov.mo\/pt-pt\/wp-json\/wp\/v2\/tags?post=383189"}],"curies":[{"name":"wp","href":"https:\/\/api.w.org\/{rel}","templated":true}]}}