{"id":382695,"date":"2022-06-16T18:48:06","date_gmt":"2022-06-16T10:48:06","guid":{"rendered":"https:\/\/www.ipim.gov.mo\/?p=382695"},"modified":"2022-10-20T21:22:08","modified_gmt":"2022-10-20T13:22:08","slug":"sao-tome-and-principe-ep4","status":"publish","type":"post","link":"https:\/\/www.ipim.gov.mo\/pt-pt\/business-opportunities-for-portuguese-speaking-countries-videos\/sao-tome-and-principe-ep4\/","title":{"rendered":"S\u00e3o Tom\u00e9 e Principe &#8211; EP4"},"content":{"rendered":"\n<figure class=\"wp-block-video\"><video controls poster=\"https:\/\/www.ipim.gov.mo\/wp-content\/uploads\/2022\/06\/Banner_Sao-Tome-and-Principe_EP4.jpg\" src=\"https:\/\/www.ipim.gov.mo\/wp-content\/uploads\/2022\/06\/ep4_tome_tc.mp4\"><\/video><figcaption>*Por favor clique na imagem para ver o v\u00eddeo no site<\/figcaption><\/figure>\n\n\n\n<p>S\u00e3o Tom\u00e9 e Pr\u00edncipe,<br>um pa\u00eds insular africano localizado no centro do Oceano Atl\u00e2ntico Sul,<br>possui florestas tropicais bem conservadas.<br>A sua Ilha do Pr\u00edncipe,<br>\u00e9 o local ideal para as actividades de observa\u00e7\u00e3o de aves, escalada e mergulho com cilindro, etc..<\/p>\n\n\n\n<hr class=\"wp-block-separator has-alpha-channel-opacity is-style-wide\"\/>\n\n\n\n<p>V\u00eddeo facultado por: Gika Makeba da Gra\u00e7a Sim\u00e3o (Delegado de S\u00e3o Tom\u00e9 e Pr\u00edncipe junto do Secretariado Permanente do F\u00f3rum para a Coopera\u00e7\u00e3o Econ\u00f3mica e Comercial entre a China e os Pa\u00edses de L\u00edngua Portuguesa (Macau))<br>P\u00f3s-produ\u00e7\u00e3o: Equipa de tradu\u00e7\u00e3o do IPIM e equipa de legendagem<\/p>\n","protected":false},"excerpt":{"rendered":"<p>S\u00e3o Tom\u00e9 e Pr\u00edncipe,um pa\u00eds insular africano localizado no centro do Oceano Atl\u00e2ntico Sul,possui florestas tropicais bem conservadas.A sua Ilha do Pr\u00edncipe,\u00e9 o local ideal [&hellip;]<\/p>\n","protected":false},"author":1,"featured_media":382676,"comment_status":"closed","ping_status":"closed","sticky":false,"template":"","format":"standard","meta":{"_acf_changed":false,"inline_featured_image":false,"advgb_blocks_editor_width":"","advgb_blocks_columns_visual_guide":"","footnotes":""},"categories":[226],"tags":[],"class_list":["post-382695","post","type-post","status-publish","format-standard","has-post-thumbnail","hentry","category-business-opportunities-for-portuguese-speaking-countries-videos"],"acf":[],"yoast_head":"<!-- This site is optimized with the Yoast SEO plugin v26.2 - https:\/\/yoast.com\/wordpress\/plugins\/seo\/ -->\r\n<title>S\u00e3o Tom\u00e9 e Principe - EP4 | Commerce and Investment Promotion Institute<\/title>\r\n<meta name=\"robots\" content=\"index, follow, max-snippet:-1, max-image-preview:large, max-video-preview:-1\" \/>\r\n<link rel=\"canonical\" href=\"https:\/\/www.ipim.gov.mo\/pt-pt\/business-opportunities-for-portuguese-speaking-countries-videos\/sao-tome-and-principe-ep4\/\" \/>\r\n<meta property=\"og:locale\" content=\"pt_PT\" \/>\r\n<meta property=\"og:type\" content=\"article\" \/>\r\n<meta property=\"og:title\" content=\"S\u00e3o Tom\u00e9 e Principe - EP4 | Commerce and Investment Promotion Institute\" \/>\r\n<meta property=\"og:description\" content=\"S\u00e3o Tom\u00e9 e Pr\u00edncipe,um pa\u00eds insular africano localizado no centro do Oceano Atl\u00e2ntico Sul,possui florestas tropicais bem conservadas.A sua Ilha do Pr\u00edncipe,\u00e9 o local ideal [&hellip;]\" \/>\r\n<meta property=\"og:url\" content=\"https:\/\/www.ipim.gov.mo\/pt-pt\/business-opportunities-for-portuguese-speaking-countries-videos\/sao-tome-and-principe-ep4\/\" \/>\r\n<meta property=\"og:site_name\" content=\"Commerce and Investment Promotion Institute\" \/>\r\n<meta property=\"article:published_time\" content=\"2022-06-16T10:48:06+00:00\" \/>\r\n<meta property=\"article:modified_time\" content=\"2022-10-20T13:22:08+00:00\" \/>\r\n<meta property=\"og:image\" content=\"https:\/\/www.ipim.gov.mo\/wp-content\/uploads\/2022\/06\/Banner_Sao-Tome-and-Principe_EP4.jpg\" \/>\r\n\t<meta property=\"og:image:width\" content=\"900\" \/>\r\n\t<meta property=\"og:image:height\" content=\"500\" \/>\r\n\t<meta property=\"og:image:type\" content=\"image\/jpeg\" \/>\r\n<meta name=\"author\" content=\"admin\" \/>\r\n<meta name=\"twitter:card\" content=\"summary_large_image\" \/>\r\n<meta name=\"twitter:label1\" content=\"Written by\" \/>\n\t<meta name=\"twitter:data1\" content=\"admin\" \/>\n\t<meta name=\"twitter:label2\" content=\"Est. reading time\" \/>\n\t<meta name=\"twitter:data2\" content=\"1 minute\" \/>\r\n<script type=\"application\/ld+json\" class=\"yoast-schema-graph\">{\"@context\":\"https:\/\/schema.org\",\"@graph\":[{\"@type\":\"WebPage\",\"@id\":\"https:\/\/www.ipim.gov.mo\/pt-pt\/business-opportunities-for-portuguese-speaking-countries-videos\/sao-tome-and-principe-ep4\/\",\"url\":\"https:\/\/www.ipim.gov.mo\/pt-pt\/business-opportunities-for-portuguese-speaking-countries-videos\/sao-tome-and-principe-ep4\/\",\"name\":\"S\u00e3o Tom\u00e9 e Principe - EP4 | Commerce and Investment Promotion Institute\",\"isPartOf\":{\"@id\":\"https:\/\/www.ipim.gov.mo\/zh-hans\/#website\"},\"primaryImageOfPage\":{\"@id\":\"https:\/\/www.ipim.gov.mo\/pt-pt\/business-opportunities-for-portuguese-speaking-countries-videos\/sao-tome-and-principe-ep4\/#primaryimage\"},\"image\":{\"@id\":\"https:\/\/www.ipim.gov.mo\/pt-pt\/business-opportunities-for-portuguese-speaking-countries-videos\/sao-tome-and-principe-ep4\/#primaryimage\"},\"thumbnailUrl\":\"https:\/\/www.ipim.gov.mo\/wp-content\/uploads\/2022\/06\/Banner_Sao-Tome-and-Principe_EP4.jpg\",\"datePublished\":\"2022-06-16T10:48:06+00:00\",\"dateModified\":\"2022-10-20T13:22:08+00:00\",\"breadcrumb\":{\"@id\":\"https:\/\/www.ipim.gov.mo\/pt-pt\/business-opportunities-for-portuguese-speaking-countries-videos\/sao-tome-and-principe-ep4\/#breadcrumb\"},\"inLanguage\":\"pt-PT\",\"potentialAction\":[{\"@type\":\"ReadAction\",\"target\":[\"https:\/\/www.ipim.gov.mo\/pt-pt\/business-opportunities-for-portuguese-speaking-countries-videos\/sao-tome-and-principe-ep4\/\"]}]},{\"@type\":\"ImageObject\",\"inLanguage\":\"pt-PT\",\"@id\":\"https:\/\/www.ipim.gov.mo\/pt-pt\/business-opportunities-for-portuguese-speaking-countries-videos\/sao-tome-and-principe-ep4\/#primaryimage\",\"url\":\"https:\/\/www.ipim.gov.mo\/wp-content\/uploads\/2022\/06\/Banner_Sao-Tome-and-Principe_EP4.jpg\",\"contentUrl\":\"https:\/\/www.ipim.gov.mo\/wp-content\/uploads\/2022\/06\/Banner_Sao-Tome-and-Principe_EP4.jpg\",\"width\":900,\"height\":500},{\"@type\":\"BreadcrumbList\",\"@id\":\"https:\/\/www.ipim.gov.mo\/pt-pt\/business-opportunities-for-portuguese-speaking-countries-videos\/sao-tome-and-principe-ep4\/#breadcrumb\",\"itemListElement\":[{\"@type\":\"ListItem\",\"position\":1,\"name\":\"Home\",\"item\":\"https:\/\/www.ipim.gov.mo\/pt-pt\/\"},{\"@type\":\"ListItem\",\"position\":2,\"name\":\"S\u00e3o Tom\u00e9 e Principe &#8211; EP4\"}]},{\"@type\":\"WebSite\",\"@id\":\"https:\/\/www.ipim.gov.mo\/zh-hans\/#website\",\"url\":\"https:\/\/www.ipim.gov.mo\/zh-hans\/\",\"name\":\"Commerce and Investment Promotion Institute\",\"description\":\"Commerce and Investment Promotion Institute\",\"publisher\":{\"@id\":\"https:\/\/www.ipim.gov.mo\/zh-hans\/#organization\"},\"potentialAction\":[{\"@type\":\"SearchAction\",\"target\":{\"@type\":\"EntryPoint\",\"urlTemplate\":\"https:\/\/www.ipim.gov.mo\/zh-hans\/?s={search_term_string}\"},\"query-input\":{\"@type\":\"PropertyValueSpecification\",\"valueRequired\":true,\"valueName\":\"search_term_string\"}}],\"inLanguage\":\"pt-PT\"},{\"@type\":\"Organization\",\"@id\":\"https:\/\/www.ipim.gov.mo\/zh-hans\/#organization\",\"name\":\"IPIM\",\"url\":\"https:\/\/www.ipim.gov.mo\/zh-hans\/\",\"logo\":{\"@type\":\"ImageObject\",\"inLanguage\":\"pt-PT\",\"@id\":\"https:\/\/www.ipim.gov.mo\/zh-hans\/#\/schema\/logo\/image\/\",\"url\":\"https:\/\/www.ipim.gov.mo\/wp-content\/uploads\/2022\/10\/default-post-thumbnail-ipim-logo.png\",\"contentUrl\":\"https:\/\/www.ipim.gov.mo\/wp-content\/uploads\/2022\/10\/default-post-thumbnail-ipim-logo.png\",\"width\":1024,\"height\":768,\"caption\":\"IPIM\"},\"image\":{\"@id\":\"https:\/\/www.ipim.gov.mo\/zh-hans\/#\/schema\/logo\/image\/\"}}]}<\/script>\r\n<!-- \/ Yoast SEO plugin. -->","yoast_head_json":{"title":"S\u00e3o Tom\u00e9 e Principe - EP4 | Commerce and Investment Promotion Institute","robots":{"index":"index","follow":"follow","max-snippet":"max-snippet:-1","max-image-preview":"max-image-preview:large","max-video-preview":"max-video-preview:-1"},"canonical":"https:\/\/www.ipim.gov.mo\/pt-pt\/business-opportunities-for-portuguese-speaking-countries-videos\/sao-tome-and-principe-ep4\/","og_locale":"pt_PT","og_type":"article","og_title":"S\u00e3o Tom\u00e9 e Principe - EP4 | Commerce and Investment Promotion Institute","og_description":"S\u00e3o Tom\u00e9 e Pr\u00edncipe,um pa\u00eds insular africano localizado no centro do Oceano Atl\u00e2ntico Sul,possui florestas tropicais bem conservadas.A sua Ilha do Pr\u00edncipe,\u00e9 o local ideal [&hellip;]","og_url":"https:\/\/www.ipim.gov.mo\/pt-pt\/business-opportunities-for-portuguese-speaking-countries-videos\/sao-tome-and-principe-ep4\/","og_site_name":"Commerce and Investment Promotion Institute","article_published_time":"2022-06-16T10:48:06+00:00","article_modified_time":"2022-10-20T13:22:08+00:00","og_image":[{"width":900,"height":500,"url":"https:\/\/www.ipim.gov.mo\/wp-content\/uploads\/2022\/06\/Banner_Sao-Tome-and-Principe_EP4.jpg","type":"image\/jpeg"}],"author":"admin","twitter_card":"summary_large_image","twitter_misc":{"Written by":"admin","Est. reading time":"1 minute"},"schema":{"@context":"https:\/\/schema.org","@graph":[{"@type":"WebPage","@id":"https:\/\/www.ipim.gov.mo\/pt-pt\/business-opportunities-for-portuguese-speaking-countries-videos\/sao-tome-and-principe-ep4\/","url":"https:\/\/www.ipim.gov.mo\/pt-pt\/business-opportunities-for-portuguese-speaking-countries-videos\/sao-tome-and-principe-ep4\/","name":"S\u00e3o Tom\u00e9 e Principe - EP4 | Commerce and Investment Promotion Institute","isPartOf":{"@id":"https:\/\/www.ipim.gov.mo\/zh-hans\/#website"},"primaryImageOfPage":{"@id":"https:\/\/www.ipim.gov.mo\/pt-pt\/business-opportunities-for-portuguese-speaking-countries-videos\/sao-tome-and-principe-ep4\/#primaryimage"},"image":{"@id":"https:\/\/www.ipim.gov.mo\/pt-pt\/business-opportunities-for-portuguese-speaking-countries-videos\/sao-tome-and-principe-ep4\/#primaryimage"},"thumbnailUrl":"https:\/\/www.ipim.gov.mo\/wp-content\/uploads\/2022\/06\/Banner_Sao-Tome-and-Principe_EP4.jpg","datePublished":"2022-06-16T10:48:06+00:00","dateModified":"2022-10-20T13:22:08+00:00","breadcrumb":{"@id":"https:\/\/www.ipim.gov.mo\/pt-pt\/business-opportunities-for-portuguese-speaking-countries-videos\/sao-tome-and-principe-ep4\/#breadcrumb"},"inLanguage":"pt-PT","potentialAction":[{"@type":"ReadAction","target":["https:\/\/www.ipim.gov.mo\/pt-pt\/business-opportunities-for-portuguese-speaking-countries-videos\/sao-tome-and-principe-ep4\/"]}]},{"@type":"ImageObject","inLanguage":"pt-PT","@id":"https:\/\/www.ipim.gov.mo\/pt-pt\/business-opportunities-for-portuguese-speaking-countries-videos\/sao-tome-and-principe-ep4\/#primaryimage","url":"https:\/\/www.ipim.gov.mo\/wp-content\/uploads\/2022\/06\/Banner_Sao-Tome-and-Principe_EP4.jpg","contentUrl":"https:\/\/www.ipim.gov.mo\/wp-content\/uploads\/2022\/06\/Banner_Sao-Tome-and-Principe_EP4.jpg","width":900,"height":500},{"@type":"BreadcrumbList","@id":"https:\/\/www.ipim.gov.mo\/pt-pt\/business-opportunities-for-portuguese-speaking-countries-videos\/sao-tome-and-principe-ep4\/#breadcrumb","itemListElement":[{"@type":"ListItem","position":1,"name":"Home","item":"https:\/\/www.ipim.gov.mo\/pt-pt\/"},{"@type":"ListItem","position":2,"name":"S\u00e3o Tom\u00e9 e Principe &#8211; EP4"}]},{"@type":"WebSite","@id":"https:\/\/www.ipim.gov.mo\/zh-hans\/#website","url":"https:\/\/www.ipim.gov.mo\/zh-hans\/","name":"Commerce and Investment Promotion Institute","description":"Commerce and Investment Promotion Institute","publisher":{"@id":"https:\/\/www.ipim.gov.mo\/zh-hans\/#organization"},"potentialAction":[{"@type":"SearchAction","target":{"@type":"EntryPoint","urlTemplate":"https:\/\/www.ipim.gov.mo\/zh-hans\/?s={search_term_string}"},"query-input":{"@type":"PropertyValueSpecification","valueRequired":true,"valueName":"search_term_string"}}],"inLanguage":"pt-PT"},{"@type":"Organization","@id":"https:\/\/www.ipim.gov.mo\/zh-hans\/#organization","name":"IPIM","url":"https:\/\/www.ipim.gov.mo\/zh-hans\/","logo":{"@type":"ImageObject","inLanguage":"pt-PT","@id":"https:\/\/www.ipim.gov.mo\/zh-hans\/#\/schema\/logo\/image\/","url":"https:\/\/www.ipim.gov.mo\/wp-content\/uploads\/2022\/10\/default-post-thumbnail-ipim-logo.png","contentUrl":"https:\/\/www.ipim.gov.mo\/wp-content\/uploads\/2022\/10\/default-post-thumbnail-ipim-logo.png","width":1024,"height":768,"caption":"IPIM"},"image":{"@id":"https:\/\/www.ipim.gov.mo\/zh-hans\/#\/schema\/logo\/image\/"}}]}},"author_meta":{"display_name":"admin","author_link":"https:\/\/www.ipim.gov.mo\/pt-pt\/author\/admin\/"},"featured_img":"https:\/\/www.ipim.gov.mo\/wp-content\/uploads\/2022\/06\/Banner_Sao-Tome-and-Principe_EP4-300x167.jpg","coauthors":[],"tax_additional":{"categories":{"linked":["<a href=\"https:\/\/www.ipim.gov.mo\/pt-pt\/category\/business-opportunities-for-portuguese-speaking-countries-videos\/\" class=\"advgb-post-tax-term\">S\u00e9rie de Oportunidades de Neg\u00f3cios dos Pa\u00edses de L\u00edngua Portuguesa \u2013 Conjunto de V\u00eddeos Promocionais<\/a>"],"unlinked":["<span class=\"advgb-post-tax-term\">S\u00e9rie de Oportunidades de Neg\u00f3cios dos Pa\u00edses de L\u00edngua Portuguesa \u2013 Conjunto de V\u00eddeos Promocionais<\/span>"]}},"comment_count":"0","relative_dates":{"created":"Posted 4 years ago","modified":"Updated 4 years ago"},"absolute_dates":{"created":"Posted on Junho 16, 2022","modified":"Updated on Outubro 20, 2022"},"absolute_dates_time":{"created":"Posted on Junho 16, 2022 6:48 pm","modified":"Updated on Outubro 20, 2022 9:22 pm"},"featured_img_caption":"","series_order":"","_links":{"self":[{"href":"https:\/\/www.ipim.gov.mo\/pt-pt\/wp-json\/wp\/v2\/posts\/382695","targetHints":{"allow":["GET"]}}],"collection":[{"href":"https:\/\/www.ipim.gov.mo\/pt-pt\/wp-json\/wp\/v2\/posts"}],"about":[{"href":"https:\/\/www.ipim.gov.mo\/pt-pt\/wp-json\/wp\/v2\/types\/post"}],"author":[{"embeddable":true,"href":"https:\/\/www.ipim.gov.mo\/pt-pt\/wp-json\/wp\/v2\/users\/1"}],"replies":[{"embeddable":true,"href":"https:\/\/www.ipim.gov.mo\/pt-pt\/wp-json\/wp\/v2\/comments?post=382695"}],"version-history":[{"count":0,"href":"https:\/\/www.ipim.gov.mo\/pt-pt\/wp-json\/wp\/v2\/posts\/382695\/revisions"}],"wp:featuredmedia":[{"embeddable":true,"href":"https:\/\/www.ipim.gov.mo\/pt-pt\/wp-json\/wp\/v2\/media\/382676"}],"wp:attachment":[{"href":"https:\/\/www.ipim.gov.mo\/pt-pt\/wp-json\/wp\/v2\/media?parent=382695"}],"wp:term":[{"taxonomy":"category","embeddable":true,"href":"https:\/\/www.ipim.gov.mo\/pt-pt\/wp-json\/wp\/v2\/categories?post=382695"},{"taxonomy":"post_tag","embeddable":true,"href":"https:\/\/www.ipim.gov.mo\/pt-pt\/wp-json\/wp\/v2\/tags?post=382695"}],"curies":[{"name":"wp","href":"https:\/\/api.w.org\/{rel}","templated":true}]}}