{"id":346718,"date":"2021-12-01T11:48:00","date_gmt":"2021-12-01T03:48:00","guid":{"rendered":"https:\/\/www.ipim.gov.mo\/2021-12-01-%e8%b2%bf%e4%bf%83%e5%b1%80%e6%94%9c24%e5%ae%b6%e6%be%b3%e4%bc%81%e5%8f%83%e8%88%87%e9%87%8d%e6%85%b6%e6%be%b3%e9%96%80%e5%91%a8%e5%a4%9a%e6%b8%a0%e9%81%93%e5%b1%95\/"},"modified":"2021-12-03T19:12:21","modified_gmt":"2021-12-03T11:12:21","slug":"2021-12-01-%e8%b2%bf%e4%bf%83%e5%b1%80%e6%94%9c24%e5%ae%b6%e6%be%b3%e4%bc%81%e5%8f%83%e8%88%87%e9%87%8d%e6%85%b6%e6%be%b3%e9%96%80%e5%91%a8%e5%a4%9a%e6%b8%a0%e9%81%93%e5%b1%95","status":"publish","type":"post","link":"https:\/\/www.ipim.gov.mo\/pt-pt\/noticias-do-ipim\/2021-12-01-%e8%b2%bf%e4%bf%83%e5%b1%80%e6%94%9c24%e5%ae%b6%e6%be%b3%e4%bc%81%e5%8f%83%e8%88%87%e9%87%8d%e6%85%b6%e6%be%b3%e9%96%80%e5%91%a8%e5%a4%9a%e6%b8%a0%e9%81%93%e5%b1%95\/","title":{"rendered":"[2021\/12\/01] IPIM organiza 24 empresas de Macau para participar na \u201cSemana de Macau em Chongqing\u201d V\u00e1rios canais dispon\u00edveis para apresentar os recursos econ\u00f3micos, comerciais e de conven\u00e7\u00f5es e exposi\u00e7\u00f5es de Macau"},"content":{"rendered":"<p style=\"text-align:justify\">A \u201cSemana de Macau em Chongqing\u201d arranca amanh&atilde; (dia 2) e termina no dia 6 de Dezembro, com uma promo&ccedil;&atilde;o em grande escala na Pra&ccedil;a de Monumento de Liberta&ccedil;&atilde;o de Chongqing. O Instituto de Promo&ccedil;&atilde;o do Com&eacute;rcio e do Investimento de Macau (IPIM) organizou 24 empresas de Macau com produtos fabricados em Macau, produtos de marca de Macau e agenciamento de produtos dos Pa&iacute;ses de L&iacute;ngua Portuguesa para participar na exposi&ccedil;&atilde;o e venda, durante 5 dias consecutivos, dos produtos caracter&iacute;sticos de Macau e dos Pa&iacute;ses de L&iacute;ngua Portuguesa e, atrav&eacute;s da realiza&ccedil;&atilde;o de sess&otilde;es de apresenta&ccedil;&atilde;o sobre com&eacute;rcio e investimento, visa integrar os recursos econ&oacute;micos e comerciais e de conven&ccedil;&otilde;es e exposi&ccedil;&otilde;es dos dois locais, ajudando as empresas a encontrar novas oportunidades de neg&oacute;cios, promovendo a imagem de Macau enquanto um destino seguro para viagens e neg&oacute;cios, de modo a atrair mais turistas do Interior da China para visitar Macau e estimular a economia local.<\/p>\n<p style=\"text-align:justify\"><strong>Quatro zonas de exposi&ccedil;&atilde;o apresentam os recursos econ&oacute;micos e comerciais diversificados de Macau<\/strong><\/p>\n<p style=\"text-align:justify\">A \u201cSemana de Macau em Chongqing\u201d &eacute; a quinta paragem a seguir das actividades em Hangzhou, Jiangsu, Xangai e Chengdu no corrente ano. Com vista a permitir aos comerciantes locais sentirem a atrac&ccedil;&atilde;o diversificada de Macau, o IPIM continua a instalar a \u201cZona de Exposi&ccedil;&atilde;o e Venda de Produtos feitos em Macau, das Marcas de Macau e dos Pa&iacute;ses de L&iacute;ngua Portuguesa\u201d, a \u201cZona de Exposi&ccedil;&atilde;o de Produtos feitos em Macau e de Marcas de Macau\u201d e a \u201cZona de Exposi&ccedil;&atilde;o dos Pa&iacute;ses de L&iacute;ngua Portuguesa\u201d. 24 empresas de Macau juntam-se para a exposi&ccedil;&atilde;o e venda de souvenirs gastron&oacute;micos t&iacute;picos de Macau e dos Pa&iacute;ses de L&iacute;ngua Portuguesa, assim como bebidas alco&oacute;licas, vestu&aacute;rio, vinho tinto, alimentos enlatados, caf&eacute;, produtos m&eacute;dicos, etc., sensibilizando os comerciantes locais sobre o encanto da diversidade dos produtos de Macau.<\/p>\n<p style=\"text-align:justify\">Ao mesmo tempo, a \u201cZona de Produtos feitos em Macau e de Marcas de Macau\u201d continuam a refor&ccedil;ar a promo&ccedil;&atilde;o dos produtos reconhecidos pelo \u201cPrograma de Certifica&ccedil;&atilde;o da Qualidade dos Produtos de Macau\u201d (tamb&eacute;m conhecido por Programa \u201cM-Mark\u201d). Al&eacute;m disso, continua a exibir, na Zona de Exposi&ccedil;&atilde;o dos Pa&iacute;ses de L&iacute;ngua Portuguesa, artigos de artesanato, alimentos, caf&eacute;, entre outros produtos representativos dos 8 Pa&iacute;ses de L&iacute;ngua Portuguesa, desempenhando efectivamente o papel de Macau como Plataforma de Servi&ccedil;os para a Coopera&ccedil;&atilde;o Comercial entre a China e os Pa&iacute;ses de L&iacute;ngua Portuguesa.<\/p>\n<p style=\"text-align:justify\"><strong>Macau e Chongqing apresentam, em conjunto, osrecursos econ&oacute;micos e comerciais de Macau, da Zona de Coopera&ccedil;&atilde;o Aprofunda e dos Pa&iacute;ses de L&iacute;ngua Portuguesa<\/strong><\/p>\n<p style=\"text-align:justify\">Aproveitando a oportunidade da \u201cSemana de Macau em Chongqing\u201d, o IPIM organiza, em colabora&ccedil;&atilde;o com a Comiss&atilde;o do Com&eacute;rcio do Munic&iacute;pio de Chongqing, na manh&atilde; do dia 3 de Dezembro, o \u201cSemin&aacute;rio para a Promo&ccedil;&atilde;o do Com&eacute;rcio, do Investimento e das Conven&ccedil;&otilde;es e Exposi&ccedil;&otilde;es entre Chongqing e Macau\u201d, com vista a divulgar aos participantes o ambiente de neg&oacute;cios de Macau, o desenvolvimento da ind&uacute;stria de conven&ccedil;&otilde;es e exposi&ccedil;&otilde;es, a Zona de Coopera&ccedil;&atilde;o Aprofundada e as informa&ccedil;&otilde;es econ&oacute;micas e comerciais mais recentes dos Pa&iacute;ses de L&iacute;ngua Portuguesa, proporcionando uma plataforma para a coopera&ccedil;&atilde;o e a expans&atilde;o do mercado entre os empres&aacute;rios de Chongqing e de Macau.<\/p>\n<p style=\"text-align:justify\"><strong>Conectividade in loco para responder &agrave;s consultas sobre o investimento e a organiza&ccedil;&atilde;o de feiras e exposi&ccedil;&otilde;es<\/strong><\/p>\n<p style=\"text-align:justify\">Foi instalado um stand exclusivo pelo IPIM para apresentar a \u201cZona de Coopera&ccedil;&atilde;o Aprofundada entre Guangdong e Macau em Hengqin\u201d, o \u201cServi&ccedil;o de One-Stop\u201d para Licita&ccedil;&atilde;o e Apoio em Macau de Conven&ccedil;&otilde;es e Exposi&ccedil;&otilde;es\u201d, o \u201cServi&ccedil;o \u201cOne-Stop\u201d para Investidores\u201d e os \u201cServi&ccedil;os Comerciais para a Plataforma de Coopera&ccedil;&atilde;o Comercial entre a China e os Pa&iacute;ses de L&iacute;ngua Portuguesa\u201d. Atrav&eacute;s dos servi&ccedil;os de consultoria online via v&iacute;deo, os empres&aacute;rios podem inteirar-se, em tempo real, sobre os procedimentos para a realiza&ccedil;&atilde;o de exposi&ccedil;&otilde;es e investimento em Macau.<\/p>\n<p style=\"text-align:justify\"><strong>Promo&ccedil;&atilde;o das Marcas de Qualidade de Macau atrav&eacute;s de Diversos Descontos e Actividades Promocionais<\/strong><\/p>\n<p style=\"text-align:justify\">Durante a promo&ccedil;&atilde;o, ser&atilde;o oferecidos cup&otilde;es, pequenas prendas de Macau e dos pa&iacute;ses de l&iacute;ngua portuguesa em caixas de surpresa e c&aacute;psula com brinquedos, e foram organizadas v&aacute;rias celebridades da Internet para promover os produtos de qualidade online e, atrav&eacute;s da partilha de dados na plataforma social, espera-se atrair a aten&ccedil;&atilde;o de mais grupos para os produtos fabricado em Macau, as marcas de Macau e os produtos dos pa&iacute;ses de l&iacute;ngua portuguesa.<\/p>\n<p style=\"text-align:justify\"><strong>Sabor a Macau com papilas gustativas maravilhosas<\/strong><\/p>\n<p style=\"text-align:justify\">Para divulgar a hist&oacute;ria das marcas das empresas de Macau, realizar-se-&atilde;o actividades de degusta&ccedil;&atilde;o de produtos alimentares e vinhos em torno de diferentes temas, convidando os comerciantes e visitantes locais para apreciarem os vinhos e as iguarias t&iacute;picas de Macau e dos Pa&iacute;ses de L&iacute;ngua Portuguesa. Ao mesmo tempo, poder&atilde;o aprofundar o seu conhecimento sobre as informa&ccedil;&otilde;es dos produtos e as hist&oacute;rias das marcas.<\/p>\n<p style=\"text-align:justify\"><strong>Actividades diversificadas para promover a cultura dos Pa&iacute;ses de L&iacute;ngua Portuguesa<\/strong><\/p>\n<p>No Pavilh&atilde;o est&atilde;o instalados v&aacute;rios pontos de check-in, como o ponto de check-in interactivo para o evento \u201cVamos Desfrutar\u201d e o \u201cParede de Express&otilde;es Modernas\u201d, para divulgar a cultura dos Pa&iacute;ses de L&iacute;ngua Portuguesa de uma forma interessante e animada. As mascotes do evento \u201cVamos Desfrutar\u201d est&atilde;o presentes com encena&ccedil;&otilde;es espont&acirc;neas, conferindo um \u201ctoque portugu&ecirc;s\u201c ao evento.<\/p>\n<div class=\"wp-caption alignnone\">\n                <a href=\"https:\/\/www.gcs.gov.mo\/news\/p\/P21LAk6kcg\/l\" class=\"fancybox\" data-fancybox-type=\"image\"><br \/>\n                <img decoding=\"async\" class=\"size-large\" src=\"https:\/\/www.gcs.gov.mo\/news\/p\/P21LAk6kcg\/l\" alt=\"IPIM promove os produtos e servi\u00e7os de Macau na \u201cSemana de Macau em Chongqing\u201d em conjunto com as empresas representativas de Macau\" width=\"1024\"><br \/>\n                <\/a><\/p>\n<p class=\"wp-caption-text\">IPIM promove os produtos e servi\u00e7os de Macau na \u201cSemana de Macau em Chongqing\u201d em conjunto com as empresas representativas de Macau<\/p>\n<\/p><\/div>\n<div class=\"wp-caption alignnone\">\n                <a href=\"https:\/\/www.gcs.gov.mo\/news\/p\/P21LAMTMty\/l\" class=\"fancybox\" data-fancybox-type=\"image\"><br \/>\n                <img decoding=\"async\" class=\"size-large\" src=\"https:\/\/www.gcs.gov.mo\/news\/p\/P21LAMTMty\/l\" alt=\"Promo\u00e7\u00e3o de rua de grande escala da \u201cSemana de Macau em Chongqing\u201d arranca a 2 de Dezembro\" width=\"1024\"><br \/>\n                <\/a><\/p>\n<p class=\"wp-caption-text\">Promo\u00e7\u00e3o de rua de grande escala da \u201cSemana de Macau em Chongqing\u201d arranca a 2 de Dezembro<\/p>\n<\/p><\/div>\n<div class=\"wp-caption alignnone\">\n                <a href=\"https:\/\/www.gcs.gov.mo\/news\/p\/P21LATHsqm\/l\" class=\"fancybox\" data-fancybox-type=\"image\"><br \/>\n                <img decoding=\"async\" class=\"size-large\" src=\"https:\/\/www.gcs.gov.mo\/news\/p\/P21LATHsqm\/l\" alt=\"Encontram-se expostos e vendidos os produtos com caracter\u00edsticas pr\u00f3prias de Macau e dos pa\u00edses de l\u00edngua portuguesa na \u201cSemana de Macau em Sichuan \u2022 Chengdu\u201d\" width=\"1024\"><br \/>\n                <\/a><\/p>\n<p class=\"wp-caption-text\">Encontram-se expostos e vendidos os produtos com caracter\u00edsticas pr\u00f3prias de Macau e dos pa\u00edses de l\u00edngua portuguesa na \u201cSemana de Macau em Sichuan \u2022 Chengdu\u201d<\/p>\n<\/p><\/div>\n","protected":false},"excerpt":{"rendered":"<p>A \u201cSemana de Macau em Chongqing\u201d arranca amanh&atilde; (dia 2) e termina no dia 6 de Dezembro, com uma promo&ccedil;&atilde;o em grande escala na Pra&ccedil;a [&hellip;]<\/p>\n","protected":false},"author":1,"featured_media":467868,"comment_status":"closed","ping_status":"closed","sticky":false,"template":"","format":"standard","meta":{"_acf_changed":false,"inline_featured_image":false,"advgb_blocks_editor_width":"","advgb_blocks_columns_visual_guide":"","footnotes":""},"categories":[12],"tags":[],"class_list":["post-346718","post","type-post","status-publish","format-standard","has-post-thumbnail","hentry","category-noticias-do-ipim"],"acf":[],"yoast_head":"<!-- This site is optimized with the Yoast SEO plugin v26.2 - https:\/\/yoast.com\/wordpress\/plugins\/seo\/ -->\r\n<title>[2021\/12\/01] IPIM organiza 24 empresas de Macau para participar na \u201cSemana de Macau em Chongqing\u201d V\u00e1rios canais dispon\u00edveis para apresentar os recursos econ\u00f3micos, comerciais e de conven\u00e7\u00f5es e exposi\u00e7\u00f5es de Macau | Commerce and Investment Promotion Institute<\/title>\r\n<meta name=\"robots\" content=\"index, follow, max-snippet:-1, max-image-preview:large, max-video-preview:-1\" \/>\r\n<link rel=\"canonical\" href=\"https:\/\/www.ipim.gov.mo\/pt-pt\/noticias-do-ipim\/2021-12-01-\u8cbf\u4fc3\u5c40\u651c24\u5bb6\u6fb3\u4f01\u53c3\u8207\u91cd\u6176\u6fb3\u9580\u5468\u591a\u6e20\u9053\u5c55\/\" \/>\r\n<meta property=\"og:locale\" content=\"pt_PT\" \/>\r\n<meta property=\"og:type\" content=\"article\" \/>\r\n<meta property=\"og:title\" content=\"[2021\/12\/01] IPIM organiza 24 empresas de Macau para participar na \u201cSemana de Macau em Chongqing\u201d V\u00e1rios canais dispon\u00edveis para apresentar os recursos econ\u00f3micos, comerciais e de conven\u00e7\u00f5es e exposi\u00e7\u00f5es de Macau | Commerce and Investment Promotion Institute\" \/>\r\n<meta property=\"og:description\" content=\"A \u201cSemana de Macau em Chongqing\u201d arranca amanh&atilde; (dia 2) e termina no dia 6 de Dezembro, com uma promo&ccedil;&atilde;o em grande escala na Pra&ccedil;a [&hellip;]\" \/>\r\n<meta property=\"og:url\" content=\"https:\/\/www.ipim.gov.mo\/pt-pt\/noticias-do-ipim\/2021-12-01-\u8cbf\u4fc3\u5c40\u651c24\u5bb6\u6fb3\u4f01\u53c3\u8207\u91cd\u6176\u6fb3\u9580\u5468\u591a\u6e20\u9053\u5c55\/\" \/>\r\n<meta property=\"og:site_name\" content=\"Commerce and Investment Promotion Institute\" \/>\r\n<meta property=\"article:published_time\" content=\"2021-12-01T03:48:00+00:00\" \/>\r\n<meta property=\"article:modified_time\" content=\"2021-12-03T11:12:21+00:00\" \/>\r\n<meta property=\"og:image\" content=\"https:\/\/www.ipim.gov.mo\/wp-content\/uploads\/2024\/07\/ipim-post-default.jpg\" \/>\r\n\t<meta property=\"og:image:width\" content=\"1024\" \/>\r\n\t<meta property=\"og:image:height\" content=\"768\" \/>\r\n\t<meta property=\"og:image:type\" content=\"image\/jpeg\" \/>\r\n<meta name=\"author\" content=\"admin\" \/>\r\n<meta name=\"twitter:card\" content=\"summary_large_image\" \/>\r\n<meta name=\"twitter:label1\" content=\"Written by\" \/>\n\t<meta name=\"twitter:data1\" content=\"admin\" \/>\n\t<meta name=\"twitter:label2\" content=\"Est. reading time\" \/>\n\t<meta name=\"twitter:data2\" content=\"6 minutes\" \/>\r\n<script type=\"application\/ld+json\" class=\"yoast-schema-graph\">{\"@context\":\"https:\/\/schema.org\",\"@graph\":[{\"@type\":\"WebPage\",\"@id\":\"https:\/\/www.ipim.gov.mo\/pt-pt\/noticias-do-ipim\/2021-12-01-%e8%b2%bf%e4%bf%83%e5%b1%80%e6%94%9c24%e5%ae%b6%e6%be%b3%e4%bc%81%e5%8f%83%e8%88%87%e9%87%8d%e6%85%b6%e6%be%b3%e9%96%80%e5%91%a8%e5%a4%9a%e6%b8%a0%e9%81%93%e5%b1%95\/\",\"url\":\"https:\/\/www.ipim.gov.mo\/pt-pt\/noticias-do-ipim\/2021-12-01-%e8%b2%bf%e4%bf%83%e5%b1%80%e6%94%9c24%e5%ae%b6%e6%be%b3%e4%bc%81%e5%8f%83%e8%88%87%e9%87%8d%e6%85%b6%e6%be%b3%e9%96%80%e5%91%a8%e5%a4%9a%e6%b8%a0%e9%81%93%e5%b1%95\/\",\"name\":\"[2021\/12\/01] IPIM organiza 24 empresas de Macau para participar na \u201cSemana de Macau em Chongqing\u201d V\u00e1rios canais dispon\u00edveis para apresentar os recursos econ\u00f3micos, comerciais e de conven\u00e7\u00f5es e exposi\u00e7\u00f5es de Macau | Commerce and Investment Promotion Institute\",\"isPartOf\":{\"@id\":\"https:\/\/www.ipim.gov.mo\/zh-hans\/#website\"},\"primaryImageOfPage\":{\"@id\":\"https:\/\/www.ipim.gov.mo\/pt-pt\/noticias-do-ipim\/2021-12-01-%e8%b2%bf%e4%bf%83%e5%b1%80%e6%94%9c24%e5%ae%b6%e6%be%b3%e4%bc%81%e5%8f%83%e8%88%87%e9%87%8d%e6%85%b6%e6%be%b3%e9%96%80%e5%91%a8%e5%a4%9a%e6%b8%a0%e9%81%93%e5%b1%95\/#primaryimage\"},\"image\":{\"@id\":\"https:\/\/www.ipim.gov.mo\/pt-pt\/noticias-do-ipim\/2021-12-01-%e8%b2%bf%e4%bf%83%e5%b1%80%e6%94%9c24%e5%ae%b6%e6%be%b3%e4%bc%81%e5%8f%83%e8%88%87%e9%87%8d%e6%85%b6%e6%be%b3%e9%96%80%e5%91%a8%e5%a4%9a%e6%b8%a0%e9%81%93%e5%b1%95\/#primaryimage\"},\"thumbnailUrl\":\"https:\/\/www.ipim.gov.mo\/wp-content\/uploads\/2024\/07\/ipim-post-default.jpg\",\"datePublished\":\"2021-12-01T03:48:00+00:00\",\"dateModified\":\"2021-12-03T11:12:21+00:00\",\"breadcrumb\":{\"@id\":\"https:\/\/www.ipim.gov.mo\/pt-pt\/noticias-do-ipim\/2021-12-01-%e8%b2%bf%e4%bf%83%e5%b1%80%e6%94%9c24%e5%ae%b6%e6%be%b3%e4%bc%81%e5%8f%83%e8%88%87%e9%87%8d%e6%85%b6%e6%be%b3%e9%96%80%e5%91%a8%e5%a4%9a%e6%b8%a0%e9%81%93%e5%b1%95\/#breadcrumb\"},\"inLanguage\":\"pt-PT\",\"potentialAction\":[{\"@type\":\"ReadAction\",\"target\":[\"https:\/\/www.ipim.gov.mo\/pt-pt\/noticias-do-ipim\/2021-12-01-%e8%b2%bf%e4%bf%83%e5%b1%80%e6%94%9c24%e5%ae%b6%e6%be%b3%e4%bc%81%e5%8f%83%e8%88%87%e9%87%8d%e6%85%b6%e6%be%b3%e9%96%80%e5%91%a8%e5%a4%9a%e6%b8%a0%e9%81%93%e5%b1%95\/\"]}]},{\"@type\":\"ImageObject\",\"inLanguage\":\"pt-PT\",\"@id\":\"https:\/\/www.ipim.gov.mo\/pt-pt\/noticias-do-ipim\/2021-12-01-%e8%b2%bf%e4%bf%83%e5%b1%80%e6%94%9c24%e5%ae%b6%e6%be%b3%e4%bc%81%e5%8f%83%e8%88%87%e9%87%8d%e6%85%b6%e6%be%b3%e9%96%80%e5%91%a8%e5%a4%9a%e6%b8%a0%e9%81%93%e5%b1%95\/#primaryimage\",\"url\":\"https:\/\/www.ipim.gov.mo\/wp-content\/uploads\/2024\/07\/ipim-post-default.jpg\",\"contentUrl\":\"https:\/\/www.ipim.gov.mo\/wp-content\/uploads\/2024\/07\/ipim-post-default.jpg\",\"width\":1024,\"height\":768},{\"@type\":\"BreadcrumbList\",\"@id\":\"https:\/\/www.ipim.gov.mo\/pt-pt\/noticias-do-ipim\/2021-12-01-%e8%b2%bf%e4%bf%83%e5%b1%80%e6%94%9c24%e5%ae%b6%e6%be%b3%e4%bc%81%e5%8f%83%e8%88%87%e9%87%8d%e6%85%b6%e6%be%b3%e9%96%80%e5%91%a8%e5%a4%9a%e6%b8%a0%e9%81%93%e5%b1%95\/#breadcrumb\",\"itemListElement\":[{\"@type\":\"ListItem\",\"position\":1,\"name\":\"Home\",\"item\":\"https:\/\/www.ipim.gov.mo\/pt-pt\/\"},{\"@type\":\"ListItem\",\"position\":2,\"name\":\"[2021\/12\/01] IPIM organiza 24 empresas de Macau para participar na \u201cSemana de Macau em Chongqing\u201d V\u00e1rios canais dispon\u00edveis para apresentar os recursos econ\u00f3micos, comerciais e de conven\u00e7\u00f5es e exposi\u00e7\u00f5es de Macau\"}]},{\"@type\":\"WebSite\",\"@id\":\"https:\/\/www.ipim.gov.mo\/zh-hans\/#website\",\"url\":\"https:\/\/www.ipim.gov.mo\/zh-hans\/\",\"name\":\"Commerce and Investment Promotion Institute\",\"description\":\"Commerce and Investment Promotion Institute\",\"publisher\":{\"@id\":\"https:\/\/www.ipim.gov.mo\/zh-hans\/#organization\"},\"potentialAction\":[{\"@type\":\"SearchAction\",\"target\":{\"@type\":\"EntryPoint\",\"urlTemplate\":\"https:\/\/www.ipim.gov.mo\/zh-hans\/?s={search_term_string}\"},\"query-input\":{\"@type\":\"PropertyValueSpecification\",\"valueRequired\":true,\"valueName\":\"search_term_string\"}}],\"inLanguage\":\"pt-PT\"},{\"@type\":\"Organization\",\"@id\":\"https:\/\/www.ipim.gov.mo\/zh-hans\/#organization\",\"name\":\"IPIM\",\"url\":\"https:\/\/www.ipim.gov.mo\/zh-hans\/\",\"logo\":{\"@type\":\"ImageObject\",\"inLanguage\":\"pt-PT\",\"@id\":\"https:\/\/www.ipim.gov.mo\/zh-hans\/#\/schema\/logo\/image\/\",\"url\":\"https:\/\/www.ipim.gov.mo\/wp-content\/uploads\/2022\/10\/default-post-thumbnail-ipim-logo.png\",\"contentUrl\":\"https:\/\/www.ipim.gov.mo\/wp-content\/uploads\/2022\/10\/default-post-thumbnail-ipim-logo.png\",\"width\":1024,\"height\":768,\"caption\":\"IPIM\"},\"image\":{\"@id\":\"https:\/\/www.ipim.gov.mo\/zh-hans\/#\/schema\/logo\/image\/\"}}]}<\/script>\r\n<!-- \/ Yoast SEO plugin. -->","yoast_head_json":{"title":"[2021\/12\/01] IPIM organiza 24 empresas de Macau para participar na \u201cSemana de Macau em Chongqing\u201d V\u00e1rios canais dispon\u00edveis para apresentar os recursos econ\u00f3micos, comerciais e de conven\u00e7\u00f5es e exposi\u00e7\u00f5es de Macau | Commerce and Investment Promotion Institute","robots":{"index":"index","follow":"follow","max-snippet":"max-snippet:-1","max-image-preview":"max-image-preview:large","max-video-preview":"max-video-preview:-1"},"canonical":"https:\/\/www.ipim.gov.mo\/pt-pt\/noticias-do-ipim\/2021-12-01-\u8cbf\u4fc3\u5c40\u651c24\u5bb6\u6fb3\u4f01\u53c3\u8207\u91cd\u6176\u6fb3\u9580\u5468\u591a\u6e20\u9053\u5c55\/","og_locale":"pt_PT","og_type":"article","og_title":"[2021\/12\/01] IPIM organiza 24 empresas de Macau para participar na \u201cSemana de Macau em Chongqing\u201d V\u00e1rios canais dispon\u00edveis para apresentar os recursos econ\u00f3micos, comerciais e de conven\u00e7\u00f5es e exposi\u00e7\u00f5es de Macau | Commerce and Investment Promotion Institute","og_description":"A \u201cSemana de Macau em Chongqing\u201d arranca amanh&atilde; (dia 2) e termina no dia 6 de Dezembro, com uma promo&ccedil;&atilde;o em grande escala na Pra&ccedil;a [&hellip;]","og_url":"https:\/\/www.ipim.gov.mo\/pt-pt\/noticias-do-ipim\/2021-12-01-\u8cbf\u4fc3\u5c40\u651c24\u5bb6\u6fb3\u4f01\u53c3\u8207\u91cd\u6176\u6fb3\u9580\u5468\u591a\u6e20\u9053\u5c55\/","og_site_name":"Commerce and Investment Promotion Institute","article_published_time":"2021-12-01T03:48:00+00:00","article_modified_time":"2021-12-03T11:12:21+00:00","og_image":[{"width":1024,"height":768,"url":"https:\/\/www.ipim.gov.mo\/wp-content\/uploads\/2024\/07\/ipim-post-default.jpg","type":"image\/jpeg"}],"author":"admin","twitter_card":"summary_large_image","twitter_misc":{"Written by":"admin","Est. reading time":"6 minutes"},"schema":{"@context":"https:\/\/schema.org","@graph":[{"@type":"WebPage","@id":"https:\/\/www.ipim.gov.mo\/pt-pt\/noticias-do-ipim\/2021-12-01-%e8%b2%bf%e4%bf%83%e5%b1%80%e6%94%9c24%e5%ae%b6%e6%be%b3%e4%bc%81%e5%8f%83%e8%88%87%e9%87%8d%e6%85%b6%e6%be%b3%e9%96%80%e5%91%a8%e5%a4%9a%e6%b8%a0%e9%81%93%e5%b1%95\/","url":"https:\/\/www.ipim.gov.mo\/pt-pt\/noticias-do-ipim\/2021-12-01-%e8%b2%bf%e4%bf%83%e5%b1%80%e6%94%9c24%e5%ae%b6%e6%be%b3%e4%bc%81%e5%8f%83%e8%88%87%e9%87%8d%e6%85%b6%e6%be%b3%e9%96%80%e5%91%a8%e5%a4%9a%e6%b8%a0%e9%81%93%e5%b1%95\/","name":"[2021\/12\/01] IPIM organiza 24 empresas de Macau para participar na \u201cSemana de Macau em Chongqing\u201d V\u00e1rios canais dispon\u00edveis para apresentar os recursos econ\u00f3micos, comerciais e de conven\u00e7\u00f5es e exposi\u00e7\u00f5es de Macau | Commerce and Investment Promotion Institute","isPartOf":{"@id":"https:\/\/www.ipim.gov.mo\/zh-hans\/#website"},"primaryImageOfPage":{"@id":"https:\/\/www.ipim.gov.mo\/pt-pt\/noticias-do-ipim\/2021-12-01-%e8%b2%bf%e4%bf%83%e5%b1%80%e6%94%9c24%e5%ae%b6%e6%be%b3%e4%bc%81%e5%8f%83%e8%88%87%e9%87%8d%e6%85%b6%e6%be%b3%e9%96%80%e5%91%a8%e5%a4%9a%e6%b8%a0%e9%81%93%e5%b1%95\/#primaryimage"},"image":{"@id":"https:\/\/www.ipim.gov.mo\/pt-pt\/noticias-do-ipim\/2021-12-01-%e8%b2%bf%e4%bf%83%e5%b1%80%e6%94%9c24%e5%ae%b6%e6%be%b3%e4%bc%81%e5%8f%83%e8%88%87%e9%87%8d%e6%85%b6%e6%be%b3%e9%96%80%e5%91%a8%e5%a4%9a%e6%b8%a0%e9%81%93%e5%b1%95\/#primaryimage"},"thumbnailUrl":"https:\/\/www.ipim.gov.mo\/wp-content\/uploads\/2024\/07\/ipim-post-default.jpg","datePublished":"2021-12-01T03:48:00+00:00","dateModified":"2021-12-03T11:12:21+00:00","breadcrumb":{"@id":"https:\/\/www.ipim.gov.mo\/pt-pt\/noticias-do-ipim\/2021-12-01-%e8%b2%bf%e4%bf%83%e5%b1%80%e6%94%9c24%e5%ae%b6%e6%be%b3%e4%bc%81%e5%8f%83%e8%88%87%e9%87%8d%e6%85%b6%e6%be%b3%e9%96%80%e5%91%a8%e5%a4%9a%e6%b8%a0%e9%81%93%e5%b1%95\/#breadcrumb"},"inLanguage":"pt-PT","potentialAction":[{"@type":"ReadAction","target":["https:\/\/www.ipim.gov.mo\/pt-pt\/noticias-do-ipim\/2021-12-01-%e8%b2%bf%e4%bf%83%e5%b1%80%e6%94%9c24%e5%ae%b6%e6%be%b3%e4%bc%81%e5%8f%83%e8%88%87%e9%87%8d%e6%85%b6%e6%be%b3%e9%96%80%e5%91%a8%e5%a4%9a%e6%b8%a0%e9%81%93%e5%b1%95\/"]}]},{"@type":"ImageObject","inLanguage":"pt-PT","@id":"https:\/\/www.ipim.gov.mo\/pt-pt\/noticias-do-ipim\/2021-12-01-%e8%b2%bf%e4%bf%83%e5%b1%80%e6%94%9c24%e5%ae%b6%e6%be%b3%e4%bc%81%e5%8f%83%e8%88%87%e9%87%8d%e6%85%b6%e6%be%b3%e9%96%80%e5%91%a8%e5%a4%9a%e6%b8%a0%e9%81%93%e5%b1%95\/#primaryimage","url":"https:\/\/www.ipim.gov.mo\/wp-content\/uploads\/2024\/07\/ipim-post-default.jpg","contentUrl":"https:\/\/www.ipim.gov.mo\/wp-content\/uploads\/2024\/07\/ipim-post-default.jpg","width":1024,"height":768},{"@type":"BreadcrumbList","@id":"https:\/\/www.ipim.gov.mo\/pt-pt\/noticias-do-ipim\/2021-12-01-%e8%b2%bf%e4%bf%83%e5%b1%80%e6%94%9c24%e5%ae%b6%e6%be%b3%e4%bc%81%e5%8f%83%e8%88%87%e9%87%8d%e6%85%b6%e6%be%b3%e9%96%80%e5%91%a8%e5%a4%9a%e6%b8%a0%e9%81%93%e5%b1%95\/#breadcrumb","itemListElement":[{"@type":"ListItem","position":1,"name":"Home","item":"https:\/\/www.ipim.gov.mo\/pt-pt\/"},{"@type":"ListItem","position":2,"name":"[2021\/12\/01] IPIM organiza 24 empresas de Macau para participar na \u201cSemana de Macau em Chongqing\u201d V\u00e1rios canais dispon\u00edveis para apresentar os recursos econ\u00f3micos, comerciais e de conven\u00e7\u00f5es e exposi\u00e7\u00f5es de Macau"}]},{"@type":"WebSite","@id":"https:\/\/www.ipim.gov.mo\/zh-hans\/#website","url":"https:\/\/www.ipim.gov.mo\/zh-hans\/","name":"Commerce and Investment Promotion Institute","description":"Commerce and Investment Promotion Institute","publisher":{"@id":"https:\/\/www.ipim.gov.mo\/zh-hans\/#organization"},"potentialAction":[{"@type":"SearchAction","target":{"@type":"EntryPoint","urlTemplate":"https:\/\/www.ipim.gov.mo\/zh-hans\/?s={search_term_string}"},"query-input":{"@type":"PropertyValueSpecification","valueRequired":true,"valueName":"search_term_string"}}],"inLanguage":"pt-PT"},{"@type":"Organization","@id":"https:\/\/www.ipim.gov.mo\/zh-hans\/#organization","name":"IPIM","url":"https:\/\/www.ipim.gov.mo\/zh-hans\/","logo":{"@type":"ImageObject","inLanguage":"pt-PT","@id":"https:\/\/www.ipim.gov.mo\/zh-hans\/#\/schema\/logo\/image\/","url":"https:\/\/www.ipim.gov.mo\/wp-content\/uploads\/2022\/10\/default-post-thumbnail-ipim-logo.png","contentUrl":"https:\/\/www.ipim.gov.mo\/wp-content\/uploads\/2022\/10\/default-post-thumbnail-ipim-logo.png","width":1024,"height":768,"caption":"IPIM"},"image":{"@id":"https:\/\/www.ipim.gov.mo\/zh-hans\/#\/schema\/logo\/image\/"}}]}},"author_meta":{"display_name":"admin","author_link":"https:\/\/www.ipim.gov.mo\/pt-pt\/author\/admin\/"},"featured_img":"https:\/\/www.ipim.gov.mo\/wp-content\/uploads\/2024\/07\/ipim-post-default-300x225.jpg","coauthors":[],"tax_additional":{"categories":{"linked":["<a href=\"https:\/\/www.ipim.gov.mo\/pt-pt\/category\/noticias-do-ipim\/\" class=\"advgb-post-tax-term\">Not\u00edcias do IPIM<\/a>"],"unlinked":["<span class=\"advgb-post-tax-term\">Not\u00edcias do IPIM<\/span>"]}},"comment_count":"0","relative_dates":{"created":"Posted 4 years ago","modified":"Updated 4 years ago"},"absolute_dates":{"created":"Posted on Dezembro 1, 2021","modified":"Updated on Dezembro 3, 2021"},"absolute_dates_time":{"created":"Posted on Dezembro 1, 2021 11:48 am","modified":"Updated on Dezembro 3, 2021 7:12 pm"},"featured_img_caption":"","series_order":"","_links":{"self":[{"href":"https:\/\/www.ipim.gov.mo\/pt-pt\/wp-json\/wp\/v2\/posts\/346718","targetHints":{"allow":["GET"]}}],"collection":[{"href":"https:\/\/www.ipim.gov.mo\/pt-pt\/wp-json\/wp\/v2\/posts"}],"about":[{"href":"https:\/\/www.ipim.gov.mo\/pt-pt\/wp-json\/wp\/v2\/types\/post"}],"author":[{"embeddable":true,"href":"https:\/\/www.ipim.gov.mo\/pt-pt\/wp-json\/wp\/v2\/users\/1"}],"replies":[{"embeddable":true,"href":"https:\/\/www.ipim.gov.mo\/pt-pt\/wp-json\/wp\/v2\/comments?post=346718"}],"version-history":[{"count":0,"href":"https:\/\/www.ipim.gov.mo\/pt-pt\/wp-json\/wp\/v2\/posts\/346718\/revisions"}],"wp:featuredmedia":[{"embeddable":true,"href":"https:\/\/www.ipim.gov.mo\/pt-pt\/wp-json\/wp\/v2\/media\/467868"}],"wp:attachment":[{"href":"https:\/\/www.ipim.gov.mo\/pt-pt\/wp-json\/wp\/v2\/media?parent=346718"}],"wp:term":[{"taxonomy":"category","embeddable":true,"href":"https:\/\/www.ipim.gov.mo\/pt-pt\/wp-json\/wp\/v2\/categories?post=346718"},{"taxonomy":"post_tag","embeddable":true,"href":"https:\/\/www.ipim.gov.mo\/pt-pt\/wp-json\/wp\/v2\/tags?post=346718"}],"curies":[{"name":"wp","href":"https:\/\/api.w.org\/{rel}","templated":true}]}}