{"id":346285,"date":"2021-11-29T12:09:00","date_gmt":"2021-11-29T04:09:00","guid":{"rendered":"https:\/\/www.ipim.gov.mo\/2021-11-29-%e8%b2%bf%e4%bf%83%e5%b1%80%e6%88%90%e5%be%8c%e7%9b%be%e5%8a%a9%e5%8a%9b%e6%9c%83%e5%b1%95%e6%b4%bb%e5%8b%95%e8%90%bd%e6%88%b6%e6%be%b3%e9%96%80%e4%bf%83%e7%b6%93%e6%bf%9f%e9%81%a9\/"},"modified":"2021-11-30T20:21:52","modified_gmt":"2021-11-30T12:21:52","slug":"2021-11-29-%e8%b2%bf%e4%bf%83%e5%b1%80%e6%88%90%e5%be%8c%e7%9b%be%e5%8a%a9%e5%8a%9b%e6%9c%83%e5%b1%95%e6%b4%bb%e5%8b%95%e8%90%bd%e6%88%b6%e6%be%b3%e9%96%80%e4%bf%83%e7%b6%93%e6%bf%9f%e9%81%a9","status":"publish","type":"post","link":"https:\/\/www.ipim.gov.mo\/pt-pt\/noticias-do-ipim\/2021-11-29-%e8%b2%bf%e4%bf%83%e5%b1%80%e6%88%90%e5%be%8c%e7%9b%be%e5%8a%a9%e5%8a%9b%e6%9c%83%e5%b1%95%e6%b4%bb%e5%8b%95%e8%90%bd%e6%88%b6%e6%be%b3%e9%96%80%e4%bf%83%e7%b6%93%e6%bf%9f%e9%81%a9\/","title":{"rendered":"[2021\/11\/29] IPIM apoia a realiza\u00e7\u00e3o de conven\u00e7\u00f5es e exposi\u00e7\u00f5es em Macau como forma de promover o desenvolvimento da diversifica\u00e7\u00e3o adequada da economia"},"content":{"rendered":"<p style=\"text-align: justify;\">O Instituto de Promo\u00e7\u00e3o do Com\u00e9rcio e do Investimento de Macau (IPIM) continua a promover o desenvolvimento do sector de conven\u00e7\u00f5es e exposi\u00e7\u00f5es em Macau. Desde Janeiro a Outubro de 2021, o \u201cServi\u00e7o \u201cOne-Stop\u201d para Licita\u00e7\u00e3o e Apoio em Macau de Conven\u00e7\u00f5es e Exposi\u00e7\u00f5es\u201d acompanhou um total de 167 actividades de conven\u00e7\u00e3o e exposi\u00e7\u00e3o relacionadas com a \u00e1rea empresarial e comercial, sa\u00fade e cuidados m\u00e9dicos, tecnologias de informa\u00e7\u00e3o, entre outras. Um dos respons\u00e1veis pela organiza\u00e7\u00e3o de uma exposi\u00e7\u00e3o de grande escala na \u00e1rea das ci\u00eancias e tecnologia que ser\u00e1 realizada em Macau no in\u00edcio do m\u00eas de Dezembro, comentou que o Servi\u00e7o \u201cOne-Stop\u201d para Licita\u00e7\u00e3o e Apoio em Macau de Conven\u00e7\u00f5es e Exposi\u00e7\u00f5es fornece servi\u00e7os de acompanhamento de profissionais especializados que ajudam a resolver diversos problemas encontrados ao longo da organiza\u00e7\u00e3o da exposi\u00e7\u00e3o, dando assist\u00eancia na implementa\u00e7\u00e3o dos trabalhos.<\/p>\n<p style=\"text-align: justify;\">O IPIM tem fornecido um vasto leque de servi\u00e7os de apoio para as entidades organizadoras de conven\u00e7\u00f5es e exposi\u00e7\u00f5es que revelaram interesse em organizar os seus eventos em Macau. O Servi\u00e7o \u201cOne-Stop\u201d para Licita\u00e7\u00e3o e Apoio em Macau de Conven\u00e7\u00f5es e Exposi\u00e7\u00f5es est\u00e1 a envidar todos os esfor\u00e7os para que eventos de renome, a n\u00edvel nacional e internacional, possam ser realizados em Macau. Para esse efeito, s\u00e3o designados profissionais especializados na \u00e1rea para acompanhar todo o processo necess\u00e1rio para a realiza\u00e7\u00e3o de projectos de exposi\u00e7\u00f5es em Macau, ajudar nas candidaturas a programas especiais de assist\u00eancia para conven\u00e7\u00f5es e exposi\u00e7\u00f5es, divulgar e promover durante eventos dom\u00e9sticos e internacionais com a participa\u00e7\u00e3o do IPIM, disponibilizar informa\u00e7\u00e3o sobre recintos para a realiza\u00e7\u00e3o de exposi\u00e7\u00f5es e conven\u00e7\u00f5es e sobre fornecedores de servi\u00e7os em Macau, ajudar os organizadores a entrarem em contacto com fornecedores de servi\u00e7os locais, entre outros.<\/p>\n<p style=\"text-align: justify;\"><strong>Estabelecer um evento de tecnologia intersectorial de calibre internacional em Macau<\/strong><\/p>\n<p style=\"text-align: justify;\">O Sr. Lu, respons\u00e1vel pela organiza\u00e7\u00e3o da primeira exposi\u00e7\u00e3o de grande escala na \u00e1rea das ci\u00eancias e tecnologia a ser realizada em Macau no in\u00edcio do m\u00eas de Dezembro, comentou que v\u00e1rios factores influenciaram a sua escolha de realizar este evento em Macau. Por um lado, Macau possui uma localiza\u00e7\u00e3o geogr\u00e1fica privilegiada na conjuntura internacional e \u00e9 tamb\u00e9m uma important\u00edssima porta da China para o resto do mundo. Por outro lado, a organiza\u00e7\u00e3o pode tirar partido da distinta cultura urbana de Macau ao planear v\u00e1rias actividades para promover a troca de contactos e o aprofundamento de rela\u00e7\u00f5es entre os participantes da exposi\u00e7\u00e3o. Acrescentou ainda que, o per\u00edodo de prepara\u00e7\u00e3o durou mais de um ano e meio, com o objectivo de criar um evento internacional e intersectorial de ci\u00eancias e tecnologia. Embora o eixo central do evento seja as ci\u00eancias e a tecnologia, tamb\u00e9m contar\u00e1 com a presen\u00e7a de outras ind\u00fastrias como a da log\u00edstica, alimenta\u00e7\u00e3o, agricultura, entre outras. Os participantes ir\u00e3o ter uma melhor percep\u00e7\u00e3o sobre os efeitos e a influ\u00eancia da ci\u00eancia e tecnologia no desenvolvimento de todas estas ind\u00fastrias.<\/p>\n<p style=\"text-align: justify;\"><strong>Fortalecer os la\u00e7os entre as ind\u00fastrias ao realizar o evento <em>online<\/em> e <em>offline<\/em><\/strong><\/p>\n<p style=\"text-align: justify;\">O Sr. Lu referiu que a exposi\u00e7\u00e3o ser\u00e1 realizada de uma forma que combina as vertentes <em>online<\/em> e <em>offline<\/em>. Para al\u00e9m das v\u00e1rias empresas de renome da ind\u00fastria que se deslocar\u00e3o a Macau de modo a participar no evento, tamb\u00e9m ser\u00e3o realizadas confer\u00eancias simultaneamente <em>online<\/em> e no recinto. Esta estrat\u00e9gia permitir\u00e1 que as entidades governamentais, representantes de empresas, investidores, entre outros, n\u00e3o fiquem limitados por restri\u00e7\u00f5es geogr\u00e1ficas e possam interagir com os participantes no recinto, podendo assim comunicar, discutir novas oportunidades de neg\u00f3cios e fortalecer la\u00e7os entre as ind\u00fastrias.<\/p>\n<p style=\"text-align: justify;\"><strong>Tornar-se num forte apoio para os organizadores de exposi\u00e7\u00f5es<\/strong><\/p>\n<p style=\"text-align: justify;\">Durante o processo de prepara\u00e7\u00e3o para o seu evento, o Sr. Lu afirmou que contou com o apoio do Servi\u00e7o de \u201cOne-Stop\u201d para Licita\u00e7\u00e3o e Apoio em Macau de Conven\u00e7\u00f5es e Exposi\u00e7\u00f5es do IPIM, designando um profissional cujas responsabilidades inclu\u00edam acompanhar todo o processo, coordenar e contactar diferentes \u00f3rg\u00e3os do governo de modo a obter apoios para o evento, assim como ajudar na realiza\u00e7\u00e3o da exposi\u00e7\u00e3o. O Sr. Lu tamb\u00e9m espera que esta exposi\u00e7\u00e3o sirva para mostrar \u00e0s pessoas de todo o mundo que Macau tem capacidade para realizar conven\u00e7\u00f5es e exposi\u00e7\u00f5es de grande escala, para que no futuro Macau possa atrair mais exposi\u00e7\u00f5es e confer\u00eancias.<\/p>\n<p style=\"text-align: justify;\"><strong>Mais de 100.000 comerciantes de conven\u00e7\u00f5es e exposi\u00e7\u00f5es de Macau promovem o consumo nos bairros comunit\u00e1rios<\/strong><\/p>\n<p style=\"text-align: justify;\">Acrescenta-se ainda que o Servi\u00e7o de \u201cOne-Stop\u201d para Licita\u00e7\u00e3o e Apoio em Macau de Conven\u00e7\u00f5es e Exposi\u00e7\u00f5es do IPIM do IPIM oferece assist\u00eancia aos organizadores das conven\u00e7\u00f5es e exposi\u00e7\u00f5es que queiram organizar visitas aos bairros comunit\u00e1rios para expositores e comerciantes que participam nos seus eventos. Estas visitas d\u00e3o a oportunidade de vivenciar a cultura \u00fanica de Macau, conseguindo, ao mesmo tempo, atrair consumidores e clientes para os neg\u00f3cios nas comunidades, promovendo o desenvolvimento da diversifica\u00e7\u00e3o adequada da economia de Macau. As visitas aos bairros comunit\u00e1rios, que come\u00e7aram a ser realizadas em 2017, contam j\u00e1 com a participa\u00e7\u00e3o de mais de 100.000 expositores e comerciantes de conven\u00e7\u00f5es e exposi\u00e7\u00f5es.<\/p>\n<p style=\"text-align: justify;\"><strong>Fortalecer a promo\u00e7\u00e3o e divulga\u00e7\u00e3o \u201cno exterior\u201d<\/strong><\/p>\n<p style=\"text-align: justify;\">De modo a divulgar para mais ind\u00fastrias as vantagens dos servi\u00e7os de apoio \u00e0s conven\u00e7\u00f5es e exposi\u00e7\u00f5es dispon\u00edveis em Macau, o IPIM n\u00e3o s\u00f3 tem realizado um diverso leque de conven\u00e7\u00f5es e exposi\u00e7\u00f5es, mas tamb\u00e9m tem envidado esfor\u00e7o na participa\u00e7\u00e3o no exterior de conven\u00e7\u00f5es e exposi\u00e7\u00f5es de grande escala como a \u201cSemana de Macau\u201d e a \u201cExposi\u00e7\u00e3o Internacional de Importa\u00e7\u00e3o da China\u201d, optando por um modelo de divulga\u00e7\u00e3o e promo\u00e7\u00e3o que combina tanto a vertente presencial como <em>online<\/em>.<\/p>\n<p style=\"text-align: justify;\">No futuro, o IPIM continuar\u00e1 a promover uma estrat\u00e9gia de desenvolvimento profissional e orientado para o mercado do sector de conven\u00e7\u00f5es e exposi\u00e7\u00f5es. Ir\u00e1 envidar esfor\u00e7os para melhorar os processos de especializa\u00e7\u00e3o das conven\u00e7\u00f5es e exposi\u00e7\u00f5es e atrac\u00e7\u00e3o de comerciantes, construir uma plataforma transfronteiri\u00e7a para as conven\u00e7\u00f5es e exposi\u00e7\u00f5es e para fortalecer os la\u00e7os entre as ind\u00fastrias. Ao mesmo tempo, ser\u00e1 refor\u00e7ada a promo\u00e7\u00e3o das iniciativas \u201cTurismo+Conven\u00e7\u00f5es e Exposi\u00e7\u00f5es\u201d e \u201cLojas com caracter\u00edsticas pr\u00f3prias+Conven\u00e7\u00f5es e Exposi\u00e7\u00f5es\u201d, estendendo o efeito dos benef\u00edcios econ\u00f3micos trazidos por este sector para que possa alcan\u00e7ar os bairros comunit\u00e1rios.<\/p>\n<div class=\"wp-caption alignnone\"><a class=\"fancybox\" href=\"https:\/\/www.gcs.gov.mo\/news\/p\/P21Kc3uuXQ\/l\" data-fancybox-type=\"image\"><br \/>\n<img decoding=\"async\" class=\"size-large\" src=\"https:\/\/www.gcs.gov.mo\/news\/p\/P21Kc3uuXQ\/l\" alt=\"IPIM envida esfor\u00e7os na divulga\u00e7\u00e3o \u201cno exterior\u201d das vantagens para a realiza\u00e7\u00e3o de conven\u00e7\u00f5es e exposi\u00e7\u00f5es em Macau\" width=\"1024\" \/><br \/>\n<\/a><\/p>\n<p class=\"wp-caption-text\">IPIM envida esfor\u00e7os na divulga\u00e7\u00e3o \u201cno exterior\u201d das vantagens para a realiza\u00e7\u00e3o de conven\u00e7\u00f5es e exposi\u00e7\u00f5es em Macau<\/p>\n<\/div>\n<div class=\"wp-caption alignnone\"><a class=\"fancybox\" href=\"https:\/\/www.gcs.gov.mo\/news\/p\/P21Kc6WXAs\/l\" data-fancybox-type=\"image\"><br \/>\n<img decoding=\"async\" class=\"size-large\" src=\"https:\/\/www.gcs.gov.mo\/news\/p\/P21Kc6WXAs\/l\" alt=\"IPIM continua a melhorar os processos de especializa\u00e7\u00e3o das conven\u00e7\u00f5es e exposi\u00e7\u00f5es e atrac\u00e7\u00e3o de comerciantes e a fortalecer os la\u00e7os entre as ind\u00fastrias\" width=\"1024\" \/><br \/>\n<\/a><\/p>\n<p class=\"wp-caption-text\">IPIM continua a melhorar os processos de especializa\u00e7\u00e3o das conven\u00e7\u00f5es e exposi\u00e7\u00f5es e atrac\u00e7\u00e3o de comerciantes e a fortalecer os la\u00e7os entre as ind\u00fastrias<\/p>\n<\/div>\n<div class=\"wp-caption alignnone\"><a class=\"fancybox\" href=\"https:\/\/www.gcs.gov.mo\/news\/p\/P21KcPgQgr\/l\" data-fancybox-type=\"image\"><br \/>\n<img decoding=\"async\" class=\"size-large\" src=\"https:\/\/www.gcs.gov.mo\/news\/p\/P21KcPgQgr\/l\" alt=\"IPIM envida esfor\u00e7os na divulga\u00e7\u00e3o dos seus pr\u00f3prios servi\u00e7os \u201cno exterior\u201d\" width=\"1024\" \/><br \/>\n<\/a><\/p>\n<p class=\"wp-caption-text\">IPIM envida esfor\u00e7os na divulga\u00e7\u00e3o dos seus pr\u00f3prios servi\u00e7os \u201cno exterior\u201d<\/p>\n<\/div>\n<div class=\"wp-caption alignnone\"><a class=\"fancybox\" href=\"https:\/\/www.gcs.gov.mo\/news\/p\/P21KcMgeRC\/l\" data-fancybox-type=\"image\"><br \/>\n<img decoding=\"async\" class=\"size-large\" src=\"https:\/\/www.gcs.gov.mo\/news\/p\/P21KcMgeRC\/l\" alt=\"IPIM envida esfor\u00e7os na divulga\u00e7\u00e3o dos seus pr\u00f3prios servi\u00e7os \u201cno exterior\u201d\" width=\"1024\" \/><br \/>\n<\/a><\/p>\n<p class=\"wp-caption-text\">IPIM envida esfor\u00e7os na divulga\u00e7\u00e3o dos seus pr\u00f3prios servi\u00e7os \u201cno exterior\u201d<\/p>\n<\/div>\n<div class=\"wp-caption alignnone\"><a class=\"fancybox\" href=\"https:\/\/www.gcs.gov.mo\/news\/p\/P21KcxmsGu\/l\" data-fancybox-type=\"image\"><br \/>\n<img decoding=\"async\" class=\"size-large\" src=\"https:\/\/www.gcs.gov.mo\/news\/p\/P21KcxmsGu\/l\" alt=\"IPIM envida esfor\u00e7os na utiliza\u00e7\u00e3o de plataforma de conven\u00e7\u00f5es e exposi\u00e7\u00f5es de modo a fornecer servi\u00e7os de consultoria \u201cno exterior\u201d atrav\u00e9s de videochamada para o sector de conven\u00e7\u00f5es e exposi\u00e7\u00f5es\" width=\"1024\" \/><br \/>\n<\/a><\/p>\n<p class=\"wp-caption-text\">IPIM envida esfor\u00e7os na utiliza\u00e7\u00e3o de plataforma de conven\u00e7\u00f5es e exposi\u00e7\u00f5es de modo a fornecer servi\u00e7os de consultoria \u201cno exterior\u201d atrav\u00e9s de videochamada para o sector de conven\u00e7\u00f5es e exposi\u00e7\u00f5es<\/p>\n<\/div>\n<div class=\"wp-caption alignnone\"><a class=\"fancybox\" href=\"https:\/\/www.gcs.gov.mo\/news\/p\/P21Kc1PQC7\/l\" data-fancybox-type=\"image\"><br \/>\n<img decoding=\"async\" class=\"size-large\" src=\"https:\/\/www.gcs.gov.mo\/news\/p\/P21Kc1PQC7\/l\" alt=\"IPIM envida esfor\u00e7os na divulga\u00e7\u00e3o \u201cno exterior\u201d das vantagens de Macau para as conven\u00e7\u00f5es e exposi\u00e7\u00f5es, assim como dos seus pr\u00f3prios servi\u00e7os\" width=\"1024\" \/><br \/>\n<\/a><\/p>\n<p class=\"wp-caption-text\">IPIM envida esfor\u00e7os na divulga\u00e7\u00e3o \u201cno exterior\u201d das vantagens de Macau para as conven\u00e7\u00f5es e exposi\u00e7\u00f5es, assim como dos seus pr\u00f3prios servi\u00e7os<\/p>\n<\/div>\n<div class=\"wp-caption alignnone\"><a class=\"fancybox\" href=\"https:\/\/www.gcs.gov.mo\/news\/p\/P21KcZ0q1U\/l\" data-fancybox-type=\"image\"><br \/>\n<img decoding=\"async\" class=\"size-large\" src=\"https:\/\/www.gcs.gov.mo\/news\/p\/P21KcZ0q1U\/l\" alt=\"O Sr. Lu, respons\u00e1vel pela exposi\u00e7\u00e3o de ci\u00eancias e tecnologia de grande escala, comentou que o IPIM tinha sido de grande ajuda durante o processo de organiza\u00e7\u00e3o da exposi\u00e7\u00e3o\" width=\"1024\" \/><br \/>\n<\/a><\/p>\n<p class=\"wp-caption-text\">O Sr. Lu, respons\u00e1vel pela exposi\u00e7\u00e3o de ci\u00eancias e tecnologia de grande escala, comentou que o IPIM tinha sido de grande ajuda durante o processo de organiza\u00e7\u00e3o da exposi\u00e7\u00e3o<\/p>\n<\/div>\n<div class=\"wp-caption alignnone\"><a class=\"fancybox\" href=\"https:\/\/www.gcs.gov.mo\/news\/p\/P21Kc6op4x\/l\" data-fancybox-type=\"image\"><br \/>\n<img decoding=\"async\" class=\"size-large\" src=\"https:\/\/www.gcs.gov.mo\/news\/p\/P21Kc6op4x\/l\" alt=\"Visita dos empres\u00e1rios aos pontos tur\u00edsticos de Macau\" width=\"1024\" \/><br \/>\n<\/a><\/p>\n<p class=\"wp-caption-text\">Visita dos empres\u00e1rios aos pontos tur\u00edsticos de Macau<\/p>\n<\/div>\n","protected":false},"excerpt":{"rendered":"<p>O Instituto de Promo\u00e7\u00e3o do Com\u00e9rcio e do Investimento de Macau (IPIM) continua a promover o desenvolvimento do sector de conven\u00e7\u00f5es e exposi\u00e7\u00f5es em Macau. [&hellip;]<\/p>\n","protected":false},"author":1,"featured_media":467868,"comment_status":"closed","ping_status":"closed","sticky":false,"template":"","format":"standard","meta":{"_acf_changed":false,"inline_featured_image":false,"advgb_blocks_editor_width":"","advgb_blocks_columns_visual_guide":"","footnotes":""},"categories":[12],"tags":[],"class_list":["post-346285","post","type-post","status-publish","format-standard","has-post-thumbnail","hentry","category-noticias-do-ipim"],"acf":[],"yoast_head":"<!-- This site is optimized with the Yoast SEO plugin v26.2 - https:\/\/yoast.com\/wordpress\/plugins\/seo\/ -->\r\n<title>[2021\/11\/29] IPIM apoia a realiza\u00e7\u00e3o de conven\u00e7\u00f5es e exposi\u00e7\u00f5es em Macau como forma de promover o desenvolvimento da diversifica\u00e7\u00e3o adequada da economia | Commerce and Investment Promotion Institute<\/title>\r\n<meta name=\"robots\" content=\"index, follow, max-snippet:-1, max-image-preview:large, max-video-preview:-1\" \/>\r\n<link rel=\"canonical\" href=\"https:\/\/www.ipim.gov.mo\/pt-pt\/noticias-do-ipim\/2021-11-29-\u8cbf\u4fc3\u5c40\u6210\u5f8c\u76fe\u52a9\u529b\u6703\u5c55\u6d3b\u52d5\u843d\u6236\u6fb3\u9580\u4fc3\u7d93\u6fdf\u9069\/\" \/>\r\n<meta property=\"og:locale\" content=\"pt_PT\" \/>\r\n<meta property=\"og:type\" content=\"article\" \/>\r\n<meta property=\"og:title\" content=\"[2021\/11\/29] IPIM apoia a realiza\u00e7\u00e3o de conven\u00e7\u00f5es e exposi\u00e7\u00f5es em Macau como forma de promover o desenvolvimento da diversifica\u00e7\u00e3o adequada da economia | Commerce and Investment Promotion Institute\" \/>\r\n<meta property=\"og:description\" content=\"O Instituto de Promo\u00e7\u00e3o do Com\u00e9rcio e do Investimento de Macau (IPIM) continua a promover o desenvolvimento do sector de conven\u00e7\u00f5es e exposi\u00e7\u00f5es em Macau. [&hellip;]\" \/>\r\n<meta property=\"og:url\" content=\"https:\/\/www.ipim.gov.mo\/pt-pt\/noticias-do-ipim\/2021-11-29-\u8cbf\u4fc3\u5c40\u6210\u5f8c\u76fe\u52a9\u529b\u6703\u5c55\u6d3b\u52d5\u843d\u6236\u6fb3\u9580\u4fc3\u7d93\u6fdf\u9069\/\" \/>\r\n<meta property=\"og:site_name\" content=\"Commerce and Investment Promotion Institute\" \/>\r\n<meta property=\"article:published_time\" content=\"2021-11-29T04:09:00+00:00\" \/>\r\n<meta property=\"article:modified_time\" content=\"2021-11-30T12:21:52+00:00\" \/>\r\n<meta property=\"og:image\" content=\"https:\/\/www.ipim.gov.mo\/wp-content\/uploads\/2024\/07\/ipim-post-default.jpg\" \/>\r\n\t<meta property=\"og:image:width\" content=\"1024\" \/>\r\n\t<meta property=\"og:image:height\" content=\"768\" \/>\r\n\t<meta property=\"og:image:type\" content=\"image\/jpeg\" \/>\r\n<meta name=\"author\" content=\"admin\" \/>\r\n<meta name=\"twitter:card\" content=\"summary_large_image\" \/>\r\n<meta name=\"twitter:label1\" content=\"Written by\" \/>\n\t<meta name=\"twitter:data1\" content=\"admin\" \/>\n\t<meta name=\"twitter:label2\" content=\"Est. reading time\" \/>\n\t<meta name=\"twitter:data2\" content=\"7 minutes\" \/>\r\n<script type=\"application\/ld+json\" class=\"yoast-schema-graph\">{\"@context\":\"https:\/\/schema.org\",\"@graph\":[{\"@type\":\"WebPage\",\"@id\":\"https:\/\/www.ipim.gov.mo\/pt-pt\/noticias-do-ipim\/2021-11-29-%e8%b2%bf%e4%bf%83%e5%b1%80%e6%88%90%e5%be%8c%e7%9b%be%e5%8a%a9%e5%8a%9b%e6%9c%83%e5%b1%95%e6%b4%bb%e5%8b%95%e8%90%bd%e6%88%b6%e6%be%b3%e9%96%80%e4%bf%83%e7%b6%93%e6%bf%9f%e9%81%a9\/\",\"url\":\"https:\/\/www.ipim.gov.mo\/pt-pt\/noticias-do-ipim\/2021-11-29-%e8%b2%bf%e4%bf%83%e5%b1%80%e6%88%90%e5%be%8c%e7%9b%be%e5%8a%a9%e5%8a%9b%e6%9c%83%e5%b1%95%e6%b4%bb%e5%8b%95%e8%90%bd%e6%88%b6%e6%be%b3%e9%96%80%e4%bf%83%e7%b6%93%e6%bf%9f%e9%81%a9\/\",\"name\":\"[2021\/11\/29] IPIM apoia a realiza\u00e7\u00e3o de conven\u00e7\u00f5es e exposi\u00e7\u00f5es em Macau como forma de promover o desenvolvimento da diversifica\u00e7\u00e3o adequada da economia | Commerce and Investment Promotion Institute\",\"isPartOf\":{\"@id\":\"https:\/\/www.ipim.gov.mo\/zh-hans\/#website\"},\"primaryImageOfPage\":{\"@id\":\"https:\/\/www.ipim.gov.mo\/pt-pt\/noticias-do-ipim\/2021-11-29-%e8%b2%bf%e4%bf%83%e5%b1%80%e6%88%90%e5%be%8c%e7%9b%be%e5%8a%a9%e5%8a%9b%e6%9c%83%e5%b1%95%e6%b4%bb%e5%8b%95%e8%90%bd%e6%88%b6%e6%be%b3%e9%96%80%e4%bf%83%e7%b6%93%e6%bf%9f%e9%81%a9\/#primaryimage\"},\"image\":{\"@id\":\"https:\/\/www.ipim.gov.mo\/pt-pt\/noticias-do-ipim\/2021-11-29-%e8%b2%bf%e4%bf%83%e5%b1%80%e6%88%90%e5%be%8c%e7%9b%be%e5%8a%a9%e5%8a%9b%e6%9c%83%e5%b1%95%e6%b4%bb%e5%8b%95%e8%90%bd%e6%88%b6%e6%be%b3%e9%96%80%e4%bf%83%e7%b6%93%e6%bf%9f%e9%81%a9\/#primaryimage\"},\"thumbnailUrl\":\"https:\/\/www.ipim.gov.mo\/wp-content\/uploads\/2024\/07\/ipim-post-default.jpg\",\"datePublished\":\"2021-11-29T04:09:00+00:00\",\"dateModified\":\"2021-11-30T12:21:52+00:00\",\"breadcrumb\":{\"@id\":\"https:\/\/www.ipim.gov.mo\/pt-pt\/noticias-do-ipim\/2021-11-29-%e8%b2%bf%e4%bf%83%e5%b1%80%e6%88%90%e5%be%8c%e7%9b%be%e5%8a%a9%e5%8a%9b%e6%9c%83%e5%b1%95%e6%b4%bb%e5%8b%95%e8%90%bd%e6%88%b6%e6%be%b3%e9%96%80%e4%bf%83%e7%b6%93%e6%bf%9f%e9%81%a9\/#breadcrumb\"},\"inLanguage\":\"pt-PT\",\"potentialAction\":[{\"@type\":\"ReadAction\",\"target\":[\"https:\/\/www.ipim.gov.mo\/pt-pt\/noticias-do-ipim\/2021-11-29-%e8%b2%bf%e4%bf%83%e5%b1%80%e6%88%90%e5%be%8c%e7%9b%be%e5%8a%a9%e5%8a%9b%e6%9c%83%e5%b1%95%e6%b4%bb%e5%8b%95%e8%90%bd%e6%88%b6%e6%be%b3%e9%96%80%e4%bf%83%e7%b6%93%e6%bf%9f%e9%81%a9\/\"]}]},{\"@type\":\"ImageObject\",\"inLanguage\":\"pt-PT\",\"@id\":\"https:\/\/www.ipim.gov.mo\/pt-pt\/noticias-do-ipim\/2021-11-29-%e8%b2%bf%e4%bf%83%e5%b1%80%e6%88%90%e5%be%8c%e7%9b%be%e5%8a%a9%e5%8a%9b%e6%9c%83%e5%b1%95%e6%b4%bb%e5%8b%95%e8%90%bd%e6%88%b6%e6%be%b3%e9%96%80%e4%bf%83%e7%b6%93%e6%bf%9f%e9%81%a9\/#primaryimage\",\"url\":\"https:\/\/www.ipim.gov.mo\/wp-content\/uploads\/2024\/07\/ipim-post-default.jpg\",\"contentUrl\":\"https:\/\/www.ipim.gov.mo\/wp-content\/uploads\/2024\/07\/ipim-post-default.jpg\",\"width\":1024,\"height\":768},{\"@type\":\"BreadcrumbList\",\"@id\":\"https:\/\/www.ipim.gov.mo\/pt-pt\/noticias-do-ipim\/2021-11-29-%e8%b2%bf%e4%bf%83%e5%b1%80%e6%88%90%e5%be%8c%e7%9b%be%e5%8a%a9%e5%8a%9b%e6%9c%83%e5%b1%95%e6%b4%bb%e5%8b%95%e8%90%bd%e6%88%b6%e6%be%b3%e9%96%80%e4%bf%83%e7%b6%93%e6%bf%9f%e9%81%a9\/#breadcrumb\",\"itemListElement\":[{\"@type\":\"ListItem\",\"position\":1,\"name\":\"Home\",\"item\":\"https:\/\/www.ipim.gov.mo\/pt-pt\/\"},{\"@type\":\"ListItem\",\"position\":2,\"name\":\"[2021\/11\/29] IPIM apoia a realiza\u00e7\u00e3o de conven\u00e7\u00f5es e exposi\u00e7\u00f5es em Macau como forma de promover o desenvolvimento da diversifica\u00e7\u00e3o adequada da economia\"}]},{\"@type\":\"WebSite\",\"@id\":\"https:\/\/www.ipim.gov.mo\/zh-hans\/#website\",\"url\":\"https:\/\/www.ipim.gov.mo\/zh-hans\/\",\"name\":\"Commerce and Investment Promotion Institute\",\"description\":\"Commerce and Investment Promotion Institute\",\"publisher\":{\"@id\":\"https:\/\/www.ipim.gov.mo\/zh-hans\/#organization\"},\"potentialAction\":[{\"@type\":\"SearchAction\",\"target\":{\"@type\":\"EntryPoint\",\"urlTemplate\":\"https:\/\/www.ipim.gov.mo\/zh-hans\/?s={search_term_string}\"},\"query-input\":{\"@type\":\"PropertyValueSpecification\",\"valueRequired\":true,\"valueName\":\"search_term_string\"}}],\"inLanguage\":\"pt-PT\"},{\"@type\":\"Organization\",\"@id\":\"https:\/\/www.ipim.gov.mo\/zh-hans\/#organization\",\"name\":\"IPIM\",\"url\":\"https:\/\/www.ipim.gov.mo\/zh-hans\/\",\"logo\":{\"@type\":\"ImageObject\",\"inLanguage\":\"pt-PT\",\"@id\":\"https:\/\/www.ipim.gov.mo\/zh-hans\/#\/schema\/logo\/image\/\",\"url\":\"https:\/\/www.ipim.gov.mo\/wp-content\/uploads\/2022\/10\/default-post-thumbnail-ipim-logo.png\",\"contentUrl\":\"https:\/\/www.ipim.gov.mo\/wp-content\/uploads\/2022\/10\/default-post-thumbnail-ipim-logo.png\",\"width\":1024,\"height\":768,\"caption\":\"IPIM\"},\"image\":{\"@id\":\"https:\/\/www.ipim.gov.mo\/zh-hans\/#\/schema\/logo\/image\/\"}}]}<\/script>\r\n<!-- \/ Yoast SEO plugin. -->","yoast_head_json":{"title":"[2021\/11\/29] IPIM apoia a realiza\u00e7\u00e3o de conven\u00e7\u00f5es e exposi\u00e7\u00f5es em Macau como forma de promover o desenvolvimento da diversifica\u00e7\u00e3o adequada da economia | Commerce and Investment Promotion Institute","robots":{"index":"index","follow":"follow","max-snippet":"max-snippet:-1","max-image-preview":"max-image-preview:large","max-video-preview":"max-video-preview:-1"},"canonical":"https:\/\/www.ipim.gov.mo\/pt-pt\/noticias-do-ipim\/2021-11-29-\u8cbf\u4fc3\u5c40\u6210\u5f8c\u76fe\u52a9\u529b\u6703\u5c55\u6d3b\u52d5\u843d\u6236\u6fb3\u9580\u4fc3\u7d93\u6fdf\u9069\/","og_locale":"pt_PT","og_type":"article","og_title":"[2021\/11\/29] IPIM apoia a realiza\u00e7\u00e3o de conven\u00e7\u00f5es e exposi\u00e7\u00f5es em Macau como forma de promover o desenvolvimento da diversifica\u00e7\u00e3o adequada da economia | Commerce and Investment Promotion Institute","og_description":"O Instituto de Promo\u00e7\u00e3o do Com\u00e9rcio e do Investimento de Macau (IPIM) continua a promover o desenvolvimento do sector de conven\u00e7\u00f5es e exposi\u00e7\u00f5es em Macau. [&hellip;]","og_url":"https:\/\/www.ipim.gov.mo\/pt-pt\/noticias-do-ipim\/2021-11-29-\u8cbf\u4fc3\u5c40\u6210\u5f8c\u76fe\u52a9\u529b\u6703\u5c55\u6d3b\u52d5\u843d\u6236\u6fb3\u9580\u4fc3\u7d93\u6fdf\u9069\/","og_site_name":"Commerce and Investment Promotion Institute","article_published_time":"2021-11-29T04:09:00+00:00","article_modified_time":"2021-11-30T12:21:52+00:00","og_image":[{"width":1024,"height":768,"url":"https:\/\/www.ipim.gov.mo\/wp-content\/uploads\/2024\/07\/ipim-post-default.jpg","type":"image\/jpeg"}],"author":"admin","twitter_card":"summary_large_image","twitter_misc":{"Written by":"admin","Est. reading time":"7 minutes"},"schema":{"@context":"https:\/\/schema.org","@graph":[{"@type":"WebPage","@id":"https:\/\/www.ipim.gov.mo\/pt-pt\/noticias-do-ipim\/2021-11-29-%e8%b2%bf%e4%bf%83%e5%b1%80%e6%88%90%e5%be%8c%e7%9b%be%e5%8a%a9%e5%8a%9b%e6%9c%83%e5%b1%95%e6%b4%bb%e5%8b%95%e8%90%bd%e6%88%b6%e6%be%b3%e9%96%80%e4%bf%83%e7%b6%93%e6%bf%9f%e9%81%a9\/","url":"https:\/\/www.ipim.gov.mo\/pt-pt\/noticias-do-ipim\/2021-11-29-%e8%b2%bf%e4%bf%83%e5%b1%80%e6%88%90%e5%be%8c%e7%9b%be%e5%8a%a9%e5%8a%9b%e6%9c%83%e5%b1%95%e6%b4%bb%e5%8b%95%e8%90%bd%e6%88%b6%e6%be%b3%e9%96%80%e4%bf%83%e7%b6%93%e6%bf%9f%e9%81%a9\/","name":"[2021\/11\/29] IPIM apoia a realiza\u00e7\u00e3o de conven\u00e7\u00f5es e exposi\u00e7\u00f5es em Macau como forma de promover o desenvolvimento da diversifica\u00e7\u00e3o adequada da economia | Commerce and Investment Promotion Institute","isPartOf":{"@id":"https:\/\/www.ipim.gov.mo\/zh-hans\/#website"},"primaryImageOfPage":{"@id":"https:\/\/www.ipim.gov.mo\/pt-pt\/noticias-do-ipim\/2021-11-29-%e8%b2%bf%e4%bf%83%e5%b1%80%e6%88%90%e5%be%8c%e7%9b%be%e5%8a%a9%e5%8a%9b%e6%9c%83%e5%b1%95%e6%b4%bb%e5%8b%95%e8%90%bd%e6%88%b6%e6%be%b3%e9%96%80%e4%bf%83%e7%b6%93%e6%bf%9f%e9%81%a9\/#primaryimage"},"image":{"@id":"https:\/\/www.ipim.gov.mo\/pt-pt\/noticias-do-ipim\/2021-11-29-%e8%b2%bf%e4%bf%83%e5%b1%80%e6%88%90%e5%be%8c%e7%9b%be%e5%8a%a9%e5%8a%9b%e6%9c%83%e5%b1%95%e6%b4%bb%e5%8b%95%e8%90%bd%e6%88%b6%e6%be%b3%e9%96%80%e4%bf%83%e7%b6%93%e6%bf%9f%e9%81%a9\/#primaryimage"},"thumbnailUrl":"https:\/\/www.ipim.gov.mo\/wp-content\/uploads\/2024\/07\/ipim-post-default.jpg","datePublished":"2021-11-29T04:09:00+00:00","dateModified":"2021-11-30T12:21:52+00:00","breadcrumb":{"@id":"https:\/\/www.ipim.gov.mo\/pt-pt\/noticias-do-ipim\/2021-11-29-%e8%b2%bf%e4%bf%83%e5%b1%80%e6%88%90%e5%be%8c%e7%9b%be%e5%8a%a9%e5%8a%9b%e6%9c%83%e5%b1%95%e6%b4%bb%e5%8b%95%e8%90%bd%e6%88%b6%e6%be%b3%e9%96%80%e4%bf%83%e7%b6%93%e6%bf%9f%e9%81%a9\/#breadcrumb"},"inLanguage":"pt-PT","potentialAction":[{"@type":"ReadAction","target":["https:\/\/www.ipim.gov.mo\/pt-pt\/noticias-do-ipim\/2021-11-29-%e8%b2%bf%e4%bf%83%e5%b1%80%e6%88%90%e5%be%8c%e7%9b%be%e5%8a%a9%e5%8a%9b%e6%9c%83%e5%b1%95%e6%b4%bb%e5%8b%95%e8%90%bd%e6%88%b6%e6%be%b3%e9%96%80%e4%bf%83%e7%b6%93%e6%bf%9f%e9%81%a9\/"]}]},{"@type":"ImageObject","inLanguage":"pt-PT","@id":"https:\/\/www.ipim.gov.mo\/pt-pt\/noticias-do-ipim\/2021-11-29-%e8%b2%bf%e4%bf%83%e5%b1%80%e6%88%90%e5%be%8c%e7%9b%be%e5%8a%a9%e5%8a%9b%e6%9c%83%e5%b1%95%e6%b4%bb%e5%8b%95%e8%90%bd%e6%88%b6%e6%be%b3%e9%96%80%e4%bf%83%e7%b6%93%e6%bf%9f%e9%81%a9\/#primaryimage","url":"https:\/\/www.ipim.gov.mo\/wp-content\/uploads\/2024\/07\/ipim-post-default.jpg","contentUrl":"https:\/\/www.ipim.gov.mo\/wp-content\/uploads\/2024\/07\/ipim-post-default.jpg","width":1024,"height":768},{"@type":"BreadcrumbList","@id":"https:\/\/www.ipim.gov.mo\/pt-pt\/noticias-do-ipim\/2021-11-29-%e8%b2%bf%e4%bf%83%e5%b1%80%e6%88%90%e5%be%8c%e7%9b%be%e5%8a%a9%e5%8a%9b%e6%9c%83%e5%b1%95%e6%b4%bb%e5%8b%95%e8%90%bd%e6%88%b6%e6%be%b3%e9%96%80%e4%bf%83%e7%b6%93%e6%bf%9f%e9%81%a9\/#breadcrumb","itemListElement":[{"@type":"ListItem","position":1,"name":"Home","item":"https:\/\/www.ipim.gov.mo\/pt-pt\/"},{"@type":"ListItem","position":2,"name":"[2021\/11\/29] IPIM apoia a realiza\u00e7\u00e3o de conven\u00e7\u00f5es e exposi\u00e7\u00f5es em Macau como forma de promover o desenvolvimento da diversifica\u00e7\u00e3o adequada da economia"}]},{"@type":"WebSite","@id":"https:\/\/www.ipim.gov.mo\/zh-hans\/#website","url":"https:\/\/www.ipim.gov.mo\/zh-hans\/","name":"Commerce and Investment Promotion Institute","description":"Commerce and Investment Promotion Institute","publisher":{"@id":"https:\/\/www.ipim.gov.mo\/zh-hans\/#organization"},"potentialAction":[{"@type":"SearchAction","target":{"@type":"EntryPoint","urlTemplate":"https:\/\/www.ipim.gov.mo\/zh-hans\/?s={search_term_string}"},"query-input":{"@type":"PropertyValueSpecification","valueRequired":true,"valueName":"search_term_string"}}],"inLanguage":"pt-PT"},{"@type":"Organization","@id":"https:\/\/www.ipim.gov.mo\/zh-hans\/#organization","name":"IPIM","url":"https:\/\/www.ipim.gov.mo\/zh-hans\/","logo":{"@type":"ImageObject","inLanguage":"pt-PT","@id":"https:\/\/www.ipim.gov.mo\/zh-hans\/#\/schema\/logo\/image\/","url":"https:\/\/www.ipim.gov.mo\/wp-content\/uploads\/2022\/10\/default-post-thumbnail-ipim-logo.png","contentUrl":"https:\/\/www.ipim.gov.mo\/wp-content\/uploads\/2022\/10\/default-post-thumbnail-ipim-logo.png","width":1024,"height":768,"caption":"IPIM"},"image":{"@id":"https:\/\/www.ipim.gov.mo\/zh-hans\/#\/schema\/logo\/image\/"}}]}},"author_meta":{"display_name":"admin","author_link":"https:\/\/www.ipim.gov.mo\/pt-pt\/author\/admin\/"},"featured_img":"https:\/\/www.ipim.gov.mo\/wp-content\/uploads\/2024\/07\/ipim-post-default-300x225.jpg","coauthors":[],"tax_additional":{"categories":{"linked":["<a href=\"https:\/\/www.ipim.gov.mo\/pt-pt\/category\/noticias-do-ipim\/\" class=\"advgb-post-tax-term\">Not\u00edcias do IPIM<\/a>"],"unlinked":["<span class=\"advgb-post-tax-term\">Not\u00edcias do IPIM<\/span>"]}},"comment_count":"0","relative_dates":{"created":"Posted 4 years ago","modified":"Updated 4 years ago"},"absolute_dates":{"created":"Posted on Novembro 29, 2021","modified":"Updated on Novembro 30, 2021"},"absolute_dates_time":{"created":"Posted on Novembro 29, 2021 12:09 pm","modified":"Updated on Novembro 30, 2021 8:21 pm"},"featured_img_caption":"","series_order":"","_links":{"self":[{"href":"https:\/\/www.ipim.gov.mo\/pt-pt\/wp-json\/wp\/v2\/posts\/346285","targetHints":{"allow":["GET"]}}],"collection":[{"href":"https:\/\/www.ipim.gov.mo\/pt-pt\/wp-json\/wp\/v2\/posts"}],"about":[{"href":"https:\/\/www.ipim.gov.mo\/pt-pt\/wp-json\/wp\/v2\/types\/post"}],"author":[{"embeddable":true,"href":"https:\/\/www.ipim.gov.mo\/pt-pt\/wp-json\/wp\/v2\/users\/1"}],"replies":[{"embeddable":true,"href":"https:\/\/www.ipim.gov.mo\/pt-pt\/wp-json\/wp\/v2\/comments?post=346285"}],"version-history":[{"count":0,"href":"https:\/\/www.ipim.gov.mo\/pt-pt\/wp-json\/wp\/v2\/posts\/346285\/revisions"}],"wp:featuredmedia":[{"embeddable":true,"href":"https:\/\/www.ipim.gov.mo\/pt-pt\/wp-json\/wp\/v2\/media\/467868"}],"wp:attachment":[{"href":"https:\/\/www.ipim.gov.mo\/pt-pt\/wp-json\/wp\/v2\/media?parent=346285"}],"wp:term":[{"taxonomy":"category","embeddable":true,"href":"https:\/\/www.ipim.gov.mo\/pt-pt\/wp-json\/wp\/v2\/categories?post=346285"},{"taxonomy":"post_tag","embeddable":true,"href":"https:\/\/www.ipim.gov.mo\/pt-pt\/wp-json\/wp\/v2\/tags?post=346285"}],"curies":[{"name":"wp","href":"https:\/\/api.w.org\/{rel}","templated":true}]}}