{"id":341022,"date":"2021-10-20T12:41:00","date_gmt":"2021-10-20T04:41:00","guid":{"rendered":"https:\/\/www.ipim.gov.mo\/2021-10-20-%e8%91%a1%e8%aa%9e%e5%9c%8b%e5%ae%b6%e9%a3%9f%e5%93%81%e5%b1%95%e7%a4%ba%e4%b8%ad%e5%bf%83%e6%81%a2%e5%be%a9%e5%b0%8d%e5%a4%96%e9%96%8b%e6%94%be\/"},"modified":"2021-10-20T19:01:33","modified_gmt":"2021-10-20T11:01:33","slug":"2021-10-20-%e8%91%a1%e8%aa%9e%e5%9c%8b%e5%ae%b6%e9%a3%9f%e5%93%81%e5%b1%95%e7%a4%ba%e4%b8%ad%e5%bf%83%e6%81%a2%e5%be%a9%e5%b0%8d%e5%a4%96%e9%96%8b%e6%94%be","status":"publish","type":"post","link":"https:\/\/www.ipim.gov.mo\/pt-pt\/noticias-do-ipim\/2021-10-20-%e8%91%a1%e8%aa%9e%e5%9c%8b%e5%ae%b6%e9%a3%9f%e5%93%81%e5%b1%95%e7%a4%ba%e4%b8%ad%e5%bf%83%e6%81%a2%e5%be%a9%e5%b0%8d%e5%a4%96%e9%96%8b%e6%94%be\/","title":{"rendered":"[2021\/10\/20] Reabertura ao p\u00fablico do Centro de Exposi\u00e7\u00e3o dos Produtos Alimentares dos Pa\u00edses de L\u00edngua Portuguesa"},"content":{"rendered":"<p>Tendo em conta o abrandamento gradual da situa\u00e7\u00e3o pand\u00e9mica da pneumonia causada pelo novo tipo de coronav\u00edrus em Macau, o Centro de Exposi\u00e7\u00e3o dos Produtos Alimentares dos Pa\u00edses de L\u00edngua Portuguesa, sob a tutela do Instituto de Promo\u00e7\u00e3o do Com\u00e9rcio e do Investimento de Macau (IPIM), ser\u00e1 reaberto ao p\u00fablico a partir do dia 21 de Outubro de 2021.<\/p>\n<p>As instala\u00e7\u00f5es de servi\u00e7o p\u00fablico, sob a tutela do IPIM, continuar\u00e3o a implementar rigorosamente as medidas da preven\u00e7\u00e3o pand\u00e9mica de acordo com as respectivas orienta\u00e7\u00f5es. Ao mesmo tempo, continuamos a acompanhar de perto as evolu\u00e7\u00f5es da pandemia, coordenando activamente com os trabalhos de preven\u00e7\u00e3o e controlo em geral e ajustando oportunamente a disposi\u00e7\u00e3o dos nossos servi\u00e7os.<\/p>\n","protected":false},"excerpt":{"rendered":"<p>Tendo em conta o abrandamento gradual da situa\u00e7\u00e3o pand\u00e9mica da pneumonia causada pelo novo tipo de coronav\u00edrus em Macau, o Centro de Exposi\u00e7\u00e3o dos Produtos [&hellip;]<\/p>\n","protected":false},"author":1,"featured_media":467868,"comment_status":"closed","ping_status":"closed","sticky":false,"template":"","format":"standard","meta":{"_acf_changed":false,"inline_featured_image":false,"advgb_blocks_editor_width":"","advgb_blocks_columns_visual_guide":"","footnotes":""},"categories":[12],"tags":[],"class_list":["post-341022","post","type-post","status-publish","format-standard","has-post-thumbnail","hentry","category-noticias-do-ipim"],"acf":[],"yoast_head":"<!-- This site is optimized with the Yoast SEO plugin v26.2 - https:\/\/yoast.com\/wordpress\/plugins\/seo\/ -->\r\n<title>[2021\/10\/20] Reabertura ao p\u00fablico do Centro de Exposi\u00e7\u00e3o dos Produtos Alimentares dos Pa\u00edses de L\u00edngua Portuguesa | Commerce and Investment Promotion Institute<\/title>\r\n<meta name=\"robots\" content=\"index, follow, max-snippet:-1, max-image-preview:large, max-video-preview:-1\" \/>\r\n<link rel=\"canonical\" href=\"https:\/\/www.ipim.gov.mo\/pt-pt\/noticias-do-ipim\/2021-10-20-\u8461\u8a9e\u570b\u5bb6\u98df\u54c1\u5c55\u793a\u4e2d\u5fc3\u6062\u5fa9\u5c0d\u5916\u958b\u653e\/\" \/>\r\n<meta property=\"og:locale\" content=\"pt_PT\" \/>\r\n<meta property=\"og:type\" content=\"article\" \/>\r\n<meta property=\"og:title\" content=\"[2021\/10\/20] Reabertura ao p\u00fablico do Centro de Exposi\u00e7\u00e3o dos Produtos Alimentares dos Pa\u00edses de L\u00edngua Portuguesa | Commerce and Investment Promotion Institute\" \/>\r\n<meta property=\"og:description\" content=\"Tendo em conta o abrandamento gradual da situa\u00e7\u00e3o pand\u00e9mica da pneumonia causada pelo novo tipo de coronav\u00edrus em Macau, o Centro de Exposi\u00e7\u00e3o dos Produtos [&hellip;]\" \/>\r\n<meta property=\"og:url\" content=\"https:\/\/www.ipim.gov.mo\/pt-pt\/noticias-do-ipim\/2021-10-20-\u8461\u8a9e\u570b\u5bb6\u98df\u54c1\u5c55\u793a\u4e2d\u5fc3\u6062\u5fa9\u5c0d\u5916\u958b\u653e\/\" \/>\r\n<meta property=\"og:site_name\" content=\"Commerce and Investment Promotion Institute\" \/>\r\n<meta property=\"article:published_time\" content=\"2021-10-20T04:41:00+00:00\" \/>\r\n<meta property=\"article:modified_time\" content=\"2021-10-20T11:01:33+00:00\" \/>\r\n<meta property=\"og:image\" content=\"https:\/\/www.ipim.gov.mo\/wp-content\/uploads\/2024\/07\/ipim-post-default.jpg\" \/>\r\n\t<meta property=\"og:image:width\" content=\"1024\" \/>\r\n\t<meta property=\"og:image:height\" content=\"768\" \/>\r\n\t<meta property=\"og:image:type\" content=\"image\/jpeg\" \/>\r\n<meta name=\"author\" content=\"admin\" \/>\r\n<meta name=\"twitter:card\" content=\"summary_large_image\" \/>\r\n<meta name=\"twitter:label1\" content=\"Written by\" \/>\n\t<meta name=\"twitter:data1\" content=\"admin\" \/>\n\t<meta name=\"twitter:label2\" content=\"Est. reading time\" \/>\n\t<meta name=\"twitter:data2\" content=\"1 minute\" \/>\r\n<script type=\"application\/ld+json\" class=\"yoast-schema-graph\">{\"@context\":\"https:\/\/schema.org\",\"@graph\":[{\"@type\":\"WebPage\",\"@id\":\"https:\/\/www.ipim.gov.mo\/pt-pt\/noticias-do-ipim\/2021-10-20-%e8%91%a1%e8%aa%9e%e5%9c%8b%e5%ae%b6%e9%a3%9f%e5%93%81%e5%b1%95%e7%a4%ba%e4%b8%ad%e5%bf%83%e6%81%a2%e5%be%a9%e5%b0%8d%e5%a4%96%e9%96%8b%e6%94%be\/\",\"url\":\"https:\/\/www.ipim.gov.mo\/pt-pt\/noticias-do-ipim\/2021-10-20-%e8%91%a1%e8%aa%9e%e5%9c%8b%e5%ae%b6%e9%a3%9f%e5%93%81%e5%b1%95%e7%a4%ba%e4%b8%ad%e5%bf%83%e6%81%a2%e5%be%a9%e5%b0%8d%e5%a4%96%e9%96%8b%e6%94%be\/\",\"name\":\"[2021\/10\/20] Reabertura ao p\u00fablico do Centro de Exposi\u00e7\u00e3o dos Produtos Alimentares dos Pa\u00edses de L\u00edngua Portuguesa | Commerce and Investment Promotion Institute\",\"isPartOf\":{\"@id\":\"https:\/\/www.ipim.gov.mo\/zh-hans\/#website\"},\"primaryImageOfPage\":{\"@id\":\"https:\/\/www.ipim.gov.mo\/pt-pt\/noticias-do-ipim\/2021-10-20-%e8%91%a1%e8%aa%9e%e5%9c%8b%e5%ae%b6%e9%a3%9f%e5%93%81%e5%b1%95%e7%a4%ba%e4%b8%ad%e5%bf%83%e6%81%a2%e5%be%a9%e5%b0%8d%e5%a4%96%e9%96%8b%e6%94%be\/#primaryimage\"},\"image\":{\"@id\":\"https:\/\/www.ipim.gov.mo\/pt-pt\/noticias-do-ipim\/2021-10-20-%e8%91%a1%e8%aa%9e%e5%9c%8b%e5%ae%b6%e9%a3%9f%e5%93%81%e5%b1%95%e7%a4%ba%e4%b8%ad%e5%bf%83%e6%81%a2%e5%be%a9%e5%b0%8d%e5%a4%96%e9%96%8b%e6%94%be\/#primaryimage\"},\"thumbnailUrl\":\"https:\/\/www.ipim.gov.mo\/wp-content\/uploads\/2024\/07\/ipim-post-default.jpg\",\"datePublished\":\"2021-10-20T04:41:00+00:00\",\"dateModified\":\"2021-10-20T11:01:33+00:00\",\"breadcrumb\":{\"@id\":\"https:\/\/www.ipim.gov.mo\/pt-pt\/noticias-do-ipim\/2021-10-20-%e8%91%a1%e8%aa%9e%e5%9c%8b%e5%ae%b6%e9%a3%9f%e5%93%81%e5%b1%95%e7%a4%ba%e4%b8%ad%e5%bf%83%e6%81%a2%e5%be%a9%e5%b0%8d%e5%a4%96%e9%96%8b%e6%94%be\/#breadcrumb\"},\"inLanguage\":\"pt-PT\",\"potentialAction\":[{\"@type\":\"ReadAction\",\"target\":[\"https:\/\/www.ipim.gov.mo\/pt-pt\/noticias-do-ipim\/2021-10-20-%e8%91%a1%e8%aa%9e%e5%9c%8b%e5%ae%b6%e9%a3%9f%e5%93%81%e5%b1%95%e7%a4%ba%e4%b8%ad%e5%bf%83%e6%81%a2%e5%be%a9%e5%b0%8d%e5%a4%96%e9%96%8b%e6%94%be\/\"]}]},{\"@type\":\"ImageObject\",\"inLanguage\":\"pt-PT\",\"@id\":\"https:\/\/www.ipim.gov.mo\/pt-pt\/noticias-do-ipim\/2021-10-20-%e8%91%a1%e8%aa%9e%e5%9c%8b%e5%ae%b6%e9%a3%9f%e5%93%81%e5%b1%95%e7%a4%ba%e4%b8%ad%e5%bf%83%e6%81%a2%e5%be%a9%e5%b0%8d%e5%a4%96%e9%96%8b%e6%94%be\/#primaryimage\",\"url\":\"https:\/\/www.ipim.gov.mo\/wp-content\/uploads\/2024\/07\/ipim-post-default.jpg\",\"contentUrl\":\"https:\/\/www.ipim.gov.mo\/wp-content\/uploads\/2024\/07\/ipim-post-default.jpg\",\"width\":1024,\"height\":768},{\"@type\":\"BreadcrumbList\",\"@id\":\"https:\/\/www.ipim.gov.mo\/pt-pt\/noticias-do-ipim\/2021-10-20-%e8%91%a1%e8%aa%9e%e5%9c%8b%e5%ae%b6%e9%a3%9f%e5%93%81%e5%b1%95%e7%a4%ba%e4%b8%ad%e5%bf%83%e6%81%a2%e5%be%a9%e5%b0%8d%e5%a4%96%e9%96%8b%e6%94%be\/#breadcrumb\",\"itemListElement\":[{\"@type\":\"ListItem\",\"position\":1,\"name\":\"Home\",\"item\":\"https:\/\/www.ipim.gov.mo\/pt-pt\/\"},{\"@type\":\"ListItem\",\"position\":2,\"name\":\"[2021\/10\/20] Reabertura ao p\u00fablico do Centro de Exposi\u00e7\u00e3o dos Produtos Alimentares dos Pa\u00edses de L\u00edngua Portuguesa\"}]},{\"@type\":\"WebSite\",\"@id\":\"https:\/\/www.ipim.gov.mo\/zh-hans\/#website\",\"url\":\"https:\/\/www.ipim.gov.mo\/zh-hans\/\",\"name\":\"Commerce and Investment Promotion Institute\",\"description\":\"Commerce and Investment Promotion Institute\",\"publisher\":{\"@id\":\"https:\/\/www.ipim.gov.mo\/zh-hans\/#organization\"},\"potentialAction\":[{\"@type\":\"SearchAction\",\"target\":{\"@type\":\"EntryPoint\",\"urlTemplate\":\"https:\/\/www.ipim.gov.mo\/zh-hans\/?s={search_term_string}\"},\"query-input\":{\"@type\":\"PropertyValueSpecification\",\"valueRequired\":true,\"valueName\":\"search_term_string\"}}],\"inLanguage\":\"pt-PT\"},{\"@type\":\"Organization\",\"@id\":\"https:\/\/www.ipim.gov.mo\/zh-hans\/#organization\",\"name\":\"IPIM\",\"url\":\"https:\/\/www.ipim.gov.mo\/zh-hans\/\",\"logo\":{\"@type\":\"ImageObject\",\"inLanguage\":\"pt-PT\",\"@id\":\"https:\/\/www.ipim.gov.mo\/zh-hans\/#\/schema\/logo\/image\/\",\"url\":\"https:\/\/www.ipim.gov.mo\/wp-content\/uploads\/2022\/10\/default-post-thumbnail-ipim-logo.png\",\"contentUrl\":\"https:\/\/www.ipim.gov.mo\/wp-content\/uploads\/2022\/10\/default-post-thumbnail-ipim-logo.png\",\"width\":1024,\"height\":768,\"caption\":\"IPIM\"},\"image\":{\"@id\":\"https:\/\/www.ipim.gov.mo\/zh-hans\/#\/schema\/logo\/image\/\"}}]}<\/script>\r\n<!-- \/ Yoast SEO plugin. -->","yoast_head_json":{"title":"[2021\/10\/20] Reabertura ao p\u00fablico do Centro de Exposi\u00e7\u00e3o dos Produtos Alimentares dos Pa\u00edses de L\u00edngua Portuguesa | Commerce and Investment Promotion Institute","robots":{"index":"index","follow":"follow","max-snippet":"max-snippet:-1","max-image-preview":"max-image-preview:large","max-video-preview":"max-video-preview:-1"},"canonical":"https:\/\/www.ipim.gov.mo\/pt-pt\/noticias-do-ipim\/2021-10-20-\u8461\u8a9e\u570b\u5bb6\u98df\u54c1\u5c55\u793a\u4e2d\u5fc3\u6062\u5fa9\u5c0d\u5916\u958b\u653e\/","og_locale":"pt_PT","og_type":"article","og_title":"[2021\/10\/20] Reabertura ao p\u00fablico do Centro de Exposi\u00e7\u00e3o dos Produtos Alimentares dos Pa\u00edses de L\u00edngua Portuguesa | Commerce and Investment Promotion Institute","og_description":"Tendo em conta o abrandamento gradual da situa\u00e7\u00e3o pand\u00e9mica da pneumonia causada pelo novo tipo de coronav\u00edrus em Macau, o Centro de Exposi\u00e7\u00e3o dos Produtos [&hellip;]","og_url":"https:\/\/www.ipim.gov.mo\/pt-pt\/noticias-do-ipim\/2021-10-20-\u8461\u8a9e\u570b\u5bb6\u98df\u54c1\u5c55\u793a\u4e2d\u5fc3\u6062\u5fa9\u5c0d\u5916\u958b\u653e\/","og_site_name":"Commerce and Investment Promotion Institute","article_published_time":"2021-10-20T04:41:00+00:00","article_modified_time":"2021-10-20T11:01:33+00:00","og_image":[{"width":1024,"height":768,"url":"https:\/\/www.ipim.gov.mo\/wp-content\/uploads\/2024\/07\/ipim-post-default.jpg","type":"image\/jpeg"}],"author":"admin","twitter_card":"summary_large_image","twitter_misc":{"Written by":"admin","Est. reading time":"1 minute"},"schema":{"@context":"https:\/\/schema.org","@graph":[{"@type":"WebPage","@id":"https:\/\/www.ipim.gov.mo\/pt-pt\/noticias-do-ipim\/2021-10-20-%e8%91%a1%e8%aa%9e%e5%9c%8b%e5%ae%b6%e9%a3%9f%e5%93%81%e5%b1%95%e7%a4%ba%e4%b8%ad%e5%bf%83%e6%81%a2%e5%be%a9%e5%b0%8d%e5%a4%96%e9%96%8b%e6%94%be\/","url":"https:\/\/www.ipim.gov.mo\/pt-pt\/noticias-do-ipim\/2021-10-20-%e8%91%a1%e8%aa%9e%e5%9c%8b%e5%ae%b6%e9%a3%9f%e5%93%81%e5%b1%95%e7%a4%ba%e4%b8%ad%e5%bf%83%e6%81%a2%e5%be%a9%e5%b0%8d%e5%a4%96%e9%96%8b%e6%94%be\/","name":"[2021\/10\/20] Reabertura ao p\u00fablico do Centro de Exposi\u00e7\u00e3o dos Produtos Alimentares dos Pa\u00edses de L\u00edngua Portuguesa | Commerce and Investment Promotion Institute","isPartOf":{"@id":"https:\/\/www.ipim.gov.mo\/zh-hans\/#website"},"primaryImageOfPage":{"@id":"https:\/\/www.ipim.gov.mo\/pt-pt\/noticias-do-ipim\/2021-10-20-%e8%91%a1%e8%aa%9e%e5%9c%8b%e5%ae%b6%e9%a3%9f%e5%93%81%e5%b1%95%e7%a4%ba%e4%b8%ad%e5%bf%83%e6%81%a2%e5%be%a9%e5%b0%8d%e5%a4%96%e9%96%8b%e6%94%be\/#primaryimage"},"image":{"@id":"https:\/\/www.ipim.gov.mo\/pt-pt\/noticias-do-ipim\/2021-10-20-%e8%91%a1%e8%aa%9e%e5%9c%8b%e5%ae%b6%e9%a3%9f%e5%93%81%e5%b1%95%e7%a4%ba%e4%b8%ad%e5%bf%83%e6%81%a2%e5%be%a9%e5%b0%8d%e5%a4%96%e9%96%8b%e6%94%be\/#primaryimage"},"thumbnailUrl":"https:\/\/www.ipim.gov.mo\/wp-content\/uploads\/2024\/07\/ipim-post-default.jpg","datePublished":"2021-10-20T04:41:00+00:00","dateModified":"2021-10-20T11:01:33+00:00","breadcrumb":{"@id":"https:\/\/www.ipim.gov.mo\/pt-pt\/noticias-do-ipim\/2021-10-20-%e8%91%a1%e8%aa%9e%e5%9c%8b%e5%ae%b6%e9%a3%9f%e5%93%81%e5%b1%95%e7%a4%ba%e4%b8%ad%e5%bf%83%e6%81%a2%e5%be%a9%e5%b0%8d%e5%a4%96%e9%96%8b%e6%94%be\/#breadcrumb"},"inLanguage":"pt-PT","potentialAction":[{"@type":"ReadAction","target":["https:\/\/www.ipim.gov.mo\/pt-pt\/noticias-do-ipim\/2021-10-20-%e8%91%a1%e8%aa%9e%e5%9c%8b%e5%ae%b6%e9%a3%9f%e5%93%81%e5%b1%95%e7%a4%ba%e4%b8%ad%e5%bf%83%e6%81%a2%e5%be%a9%e5%b0%8d%e5%a4%96%e9%96%8b%e6%94%be\/"]}]},{"@type":"ImageObject","inLanguage":"pt-PT","@id":"https:\/\/www.ipim.gov.mo\/pt-pt\/noticias-do-ipim\/2021-10-20-%e8%91%a1%e8%aa%9e%e5%9c%8b%e5%ae%b6%e9%a3%9f%e5%93%81%e5%b1%95%e7%a4%ba%e4%b8%ad%e5%bf%83%e6%81%a2%e5%be%a9%e5%b0%8d%e5%a4%96%e9%96%8b%e6%94%be\/#primaryimage","url":"https:\/\/www.ipim.gov.mo\/wp-content\/uploads\/2024\/07\/ipim-post-default.jpg","contentUrl":"https:\/\/www.ipim.gov.mo\/wp-content\/uploads\/2024\/07\/ipim-post-default.jpg","width":1024,"height":768},{"@type":"BreadcrumbList","@id":"https:\/\/www.ipim.gov.mo\/pt-pt\/noticias-do-ipim\/2021-10-20-%e8%91%a1%e8%aa%9e%e5%9c%8b%e5%ae%b6%e9%a3%9f%e5%93%81%e5%b1%95%e7%a4%ba%e4%b8%ad%e5%bf%83%e6%81%a2%e5%be%a9%e5%b0%8d%e5%a4%96%e9%96%8b%e6%94%be\/#breadcrumb","itemListElement":[{"@type":"ListItem","position":1,"name":"Home","item":"https:\/\/www.ipim.gov.mo\/pt-pt\/"},{"@type":"ListItem","position":2,"name":"[2021\/10\/20] Reabertura ao p\u00fablico do Centro de Exposi\u00e7\u00e3o dos Produtos Alimentares dos Pa\u00edses de L\u00edngua Portuguesa"}]},{"@type":"WebSite","@id":"https:\/\/www.ipim.gov.mo\/zh-hans\/#website","url":"https:\/\/www.ipim.gov.mo\/zh-hans\/","name":"Commerce and Investment Promotion Institute","description":"Commerce and Investment Promotion Institute","publisher":{"@id":"https:\/\/www.ipim.gov.mo\/zh-hans\/#organization"},"potentialAction":[{"@type":"SearchAction","target":{"@type":"EntryPoint","urlTemplate":"https:\/\/www.ipim.gov.mo\/zh-hans\/?s={search_term_string}"},"query-input":{"@type":"PropertyValueSpecification","valueRequired":true,"valueName":"search_term_string"}}],"inLanguage":"pt-PT"},{"@type":"Organization","@id":"https:\/\/www.ipim.gov.mo\/zh-hans\/#organization","name":"IPIM","url":"https:\/\/www.ipim.gov.mo\/zh-hans\/","logo":{"@type":"ImageObject","inLanguage":"pt-PT","@id":"https:\/\/www.ipim.gov.mo\/zh-hans\/#\/schema\/logo\/image\/","url":"https:\/\/www.ipim.gov.mo\/wp-content\/uploads\/2022\/10\/default-post-thumbnail-ipim-logo.png","contentUrl":"https:\/\/www.ipim.gov.mo\/wp-content\/uploads\/2022\/10\/default-post-thumbnail-ipim-logo.png","width":1024,"height":768,"caption":"IPIM"},"image":{"@id":"https:\/\/www.ipim.gov.mo\/zh-hans\/#\/schema\/logo\/image\/"}}]}},"author_meta":{"display_name":"admin","author_link":"https:\/\/www.ipim.gov.mo\/pt-pt\/author\/admin\/"},"featured_img":"https:\/\/www.ipim.gov.mo\/wp-content\/uploads\/2024\/07\/ipim-post-default-300x225.jpg","coauthors":[],"tax_additional":{"categories":{"linked":["<a href=\"https:\/\/www.ipim.gov.mo\/pt-pt\/category\/noticias-do-ipim\/\" class=\"advgb-post-tax-term\">Not\u00edcias do IPIM<\/a>"],"unlinked":["<span class=\"advgb-post-tax-term\">Not\u00edcias do IPIM<\/span>"]}},"comment_count":"0","relative_dates":{"created":"Posted 5 years ago","modified":"Updated 5 years ago"},"absolute_dates":{"created":"Posted on Outubro 20, 2021","modified":"Updated on Outubro 20, 2021"},"absolute_dates_time":{"created":"Posted on Outubro 20, 2021 12:41 pm","modified":"Updated on Outubro 20, 2021 7:01 pm"},"featured_img_caption":"","series_order":"","_links":{"self":[{"href":"https:\/\/www.ipim.gov.mo\/pt-pt\/wp-json\/wp\/v2\/posts\/341022","targetHints":{"allow":["GET"]}}],"collection":[{"href":"https:\/\/www.ipim.gov.mo\/pt-pt\/wp-json\/wp\/v2\/posts"}],"about":[{"href":"https:\/\/www.ipim.gov.mo\/pt-pt\/wp-json\/wp\/v2\/types\/post"}],"author":[{"embeddable":true,"href":"https:\/\/www.ipim.gov.mo\/pt-pt\/wp-json\/wp\/v2\/users\/1"}],"replies":[{"embeddable":true,"href":"https:\/\/www.ipim.gov.mo\/pt-pt\/wp-json\/wp\/v2\/comments?post=341022"}],"version-history":[{"count":0,"href":"https:\/\/www.ipim.gov.mo\/pt-pt\/wp-json\/wp\/v2\/posts\/341022\/revisions"}],"wp:featuredmedia":[{"embeddable":true,"href":"https:\/\/www.ipim.gov.mo\/pt-pt\/wp-json\/wp\/v2\/media\/467868"}],"wp:attachment":[{"href":"https:\/\/www.ipim.gov.mo\/pt-pt\/wp-json\/wp\/v2\/media?parent=341022"}],"wp:term":[{"taxonomy":"category","embeddable":true,"href":"https:\/\/www.ipim.gov.mo\/pt-pt\/wp-json\/wp\/v2\/categories?post=341022"},{"taxonomy":"post_tag","embeddable":true,"href":"https:\/\/www.ipim.gov.mo\/pt-pt\/wp-json\/wp\/v2\/tags?post=341022"}],"curies":[{"name":"wp","href":"https:\/\/api.w.org\/{rel}","templated":true}]}}