{"id":335922,"date":"2021-09-01T15:00:00","date_gmt":"2021-09-01T07:00:00","guid":{"rendered":"https:\/\/www.ipim.gov.mo\/zh-hant\/noticias-do-ipim\/20210901-ipim-organizou-uma-accao-de-formacao-online-convidando-especialistas-do-sector-para-partilharem-as-tendencias-do-mercado-de-convencoes-e-exposicoes-apos-a-pandemia\/"},"modified":"2021-09-01T15:00:00","modified_gmt":"2021-09-01T07:00:00","slug":"20210901-ipim-organizou-uma-accao-de-formacao-online-convidando-especialistas-do-sector-para-partilharem-as-tendencias-do-mercado-de-convencoes-e-exposicoes-apos-a-pandemia","status":"publish","type":"post","link":"https:\/\/www.ipim.gov.mo\/pt-pt\/noticias-do-ipim\/20210901-ipim-organizou-uma-accao-de-formacao-online-convidando-especialistas-do-sector-para-partilharem-as-tendencias-do-mercado-de-convencoes-e-exposicoes-apos-a-pandemia\/","title":{"rendered":"[2021\/09\/01] IPIM organizou uma ac\u00e7\u00e3o de forma\u00e7\u00e3o online, convidando especialistas do sector para partilharem as tend\u00eancias do mercado de conven\u00e7\u00f5es e exposi\u00e7\u00f5es ap\u00f3s a pandemia"},"content":{"rendered":"<p style=\"text-align:justify\">No dia 24 de Agosto, o Instituto de Promo&ccedil;&atilde;o do Com&eacute;rcio e do Investimento de Macau (IPIM) organizou uma ac&ccedil;&atilde;o de forma&ccedil;&atilde;o <em>online<\/em>, sob o tema \u201cTend&ecirc;ncias de desenvolvimento p&oacute;s-pand&eacute;mico do mercado de reuni&otilde;es das associa&ccedil;&otilde;es\u201d, a qual se destina ajudar pessoas do sector das conven&ccedil;&otilde;es e exposi&ccedil;&otilde;es a entenderem as novas estrat&eacute;gias para o planeamento de reuni&otilde;es de membros das associa&ccedil;&otilde;es e c&acirc;maras comerciais no contexto da influ&ecirc;ncia da pandemia. Foram convidadas especialistas do sector para partilharem as suas experi&ecirc;ncias e conhecimentos, assim como, para discutirem e trocarem ideias com mais de 50 participantes.<\/p>\n<p style=\"text-align:justify\">Esta ac&ccedil;&atilde;o de forma&ccedil;&atilde;o <em>online<\/em> foi presidida pelo consultor da &aacute;rea de conven&ccedil;&otilde;es e exposi&ccedil;&otilde;es do IPIM, Mike Williams, tendo sido convidados para serem os oradores a Alicia Yao, Directora-Geral da empresa de consultoria distinguida no sector das conven&ccedil;&otilde;es e exposi&ccedil;&otilde;es IME Consulting Co., Ltd, Belinda Moore, Directora-Geral da empresa de consultoria de sociedades Strategic Membership Solutions, e Octavio Bobby Peralta, Fundador e Director Executivo do Philippine Council of Associations and Association Executives (PCAAE), todas especialistas do sector vindos do Interior da China, da Austr&aacute;lia e das Filipinas respectivamente. Foram discutidos e partilhados, com o apoio de casos de estudo para an&aacute;lises detalhadas, os factores considerados pelas associa&ccedil;&otilde;es na escolha do local de destino das reuni&otilde;es ap&oacute;s a pandemia, o m&eacute;todo de organiza&ccedil;&atilde;o das actividades, as estrat&eacute;gias futuras de licita&ccedil;&atilde;o para os congressos, entre outros. Durante o evento, os oradores puseram o foco nas quest&otilde;es de redu&ccedil;&atilde;o das receitas, altera&ccedil;&atilde;o do modelo de organiza&ccedil;&atilde;o das actividades, avalia&ccedil;&atilde;o de riscos, formas de resolu&ccedil;&atilde;o, entre outras. De acordo com o inqu&eacute;rito feito de imediato durante o evento, a maioria dos participantes considerou que o custo do evento foi a maior considera&ccedil;&atilde;o das associa&ccedil;&otilde;es na escolha do destino de reuni&otilde;es e, a seguir, foi as restri&ccedil;&otilde;es de migra&ccedil;&atilde;o do local de destino.<\/p>\n<p>Contando com este evento, o IPIM j&aacute; organizou, neste ano, tr&ecirc;s ac&ccedil;&otilde;es de forma&ccedil;&atilde;o <em>online<\/em> ligadas ao sector das conven&ccedil;&otilde;es e exposi&ccedil;&otilde;es. O IPIM ir&aacute; continuar a organizar v&aacute;rios tipos de <em>workshops<\/em> <em>online<\/em>, convidando consultores ou profissionais experientes da &aacute;rea para partilhar conhecimentos pr&aacute;ticos ou apresentar as tend&ecirc;ncias internacionais mais recentes do sector, de modo a, por um lado, apoiar continuamente o sector no contexto da pandemia, aumentando o conhecimento das pessoas dedicadas ao sector, por outro lado, a promover o desenvolvimento da profissionaliza&ccedil;&atilde;o e da mercantiliza&ccedil;&atilde;o do sector. Caso os interessados queiram ver o conte&uacute;do das ac&ccedil;&otilde;es de forma&ccedil;&atilde;o e acompanhar as &uacute;ltimas novidades destas, podem visitar a p&aacute;gina de conven&ccedil;&otilde;es e exposi&ccedil;&otilde;es do IPIM: www.mice.gov.mo.<\/p>\n<div class=\"wp-caption alignnone\">\n                <a href=\"https:\/\/www.gcs.gov.mo\/news\/p\/P21IA6WerS\/l\" class=\"fancybox\"><br \/>\n                <img decoding=\"async\" class=\"size-large\" src=\"https:\/\/www.gcs.gov.mo\/news\/p\/P21IA6WerS\/l\" alt=\"IPIM continua a organizar ac\u00e7\u00f5es de forma\u00e7\u00e3o online\" width=\"1024\"><br \/>\n                <\/a><\/p>\n<p class=\"wp-caption-text\">IPIM continua a organizar ac\u00e7\u00f5es de forma\u00e7\u00e3o online<\/p>\n<\/p><\/div>\n<div class=\"wp-caption alignnone\">\n                <a href=\"https:\/\/www.gcs.gov.mo\/news\/p\/P21IAltApm\/l\" class=\"fancybox\"><br \/>\n                <img decoding=\"async\" class=\"size-large\" src=\"https:\/\/www.gcs.gov.mo\/news\/p\/P21IAltApm\/l\" alt=\"Especialistas do sector partilham tend\u00eancias do mercado de conven\u00e7\u00f5es e exposi\u00e7\u00f5es ap\u00f3s a pandemia\" width=\"1024\"><br \/>\n                <\/a><\/p>\n<p class=\"wp-caption-text\">Especialistas do sector partilham tend\u00eancias do mercado de conven\u00e7\u00f5es e exposi\u00e7\u00f5es ap\u00f3s a pandemia<\/p>\n<\/p><\/div>\n","protected":false},"excerpt":{"rendered":"<p>No dia 24 de Agosto, o Instituto de Promo&ccedil;&atilde;o do Com&eacute;rcio e do Investimento de Macau (IPIM) organizou uma ac&ccedil;&atilde;o de forma&ccedil;&atilde;o online, sob o [&hellip;]<\/p>\n","protected":false},"author":1,"featured_media":467868,"comment_status":"closed","ping_status":"closed","sticky":false,"template":"","format":"standard","meta":{"_acf_changed":false,"inline_featured_image":false,"advgb_blocks_editor_width":"","advgb_blocks_columns_visual_guide":"","footnotes":""},"categories":[12],"tags":[],"class_list":["post-335922","post","type-post","status-publish","format-standard","has-post-thumbnail","hentry","category-noticias-do-ipim"],"acf":[],"yoast_head":"<!-- This site is optimized with the Yoast SEO plugin v26.2 - https:\/\/yoast.com\/wordpress\/plugins\/seo\/ -->\r\n<title>[2021\/09\/01] IPIM organizou uma ac\u00e7\u00e3o de forma\u00e7\u00e3o online, convidando especialistas do sector para partilharem as tend\u00eancias do mercado de conven\u00e7\u00f5es e exposi\u00e7\u00f5es ap\u00f3s a pandemia | Commerce and Investment Promotion Institute<\/title>\r\n<meta name=\"robots\" content=\"index, follow, max-snippet:-1, max-image-preview:large, max-video-preview:-1\" \/>\r\n<link rel=\"canonical\" href=\"https:\/\/www.ipim.gov.mo\/pt-pt\/noticias-do-ipim\/20210901-ipim-organizou-uma-accao-de-formacao-online-convidando-especialistas-do-sector-para-partilharem-as-tendencias-do-mercado-de-convencoes-e-exposicoes-apos-a-pandemia\/\" \/>\r\n<meta property=\"og:locale\" content=\"pt_PT\" \/>\r\n<meta property=\"og:type\" content=\"article\" \/>\r\n<meta property=\"og:title\" content=\"[2021\/09\/01] IPIM organizou uma ac\u00e7\u00e3o de forma\u00e7\u00e3o online, convidando especialistas do sector para partilharem as tend\u00eancias do mercado de conven\u00e7\u00f5es e exposi\u00e7\u00f5es ap\u00f3s a pandemia | Commerce and Investment Promotion Institute\" \/>\r\n<meta property=\"og:description\" content=\"No dia 24 de Agosto, o Instituto de Promo&ccedil;&atilde;o do Com&eacute;rcio e do Investimento de Macau (IPIM) organizou uma ac&ccedil;&atilde;o de forma&ccedil;&atilde;o online, sob o [&hellip;]\" \/>\r\n<meta property=\"og:url\" content=\"https:\/\/www.ipim.gov.mo\/pt-pt\/noticias-do-ipim\/20210901-ipim-organizou-uma-accao-de-formacao-online-convidando-especialistas-do-sector-para-partilharem-as-tendencias-do-mercado-de-convencoes-e-exposicoes-apos-a-pandemia\/\" \/>\r\n<meta property=\"og:site_name\" content=\"Commerce and Investment Promotion Institute\" \/>\r\n<meta property=\"article:published_time\" content=\"2021-09-01T07:00:00+00:00\" \/>\r\n<meta property=\"og:image\" content=\"https:\/\/www.ipim.gov.mo\/wp-content\/uploads\/2024\/07\/ipim-post-default.jpg\" \/>\r\n\t<meta property=\"og:image:width\" content=\"1024\" \/>\r\n\t<meta property=\"og:image:height\" content=\"768\" \/>\r\n\t<meta property=\"og:image:type\" content=\"image\/jpeg\" \/>\r\n<meta name=\"author\" content=\"admin\" \/>\r\n<meta name=\"twitter:card\" content=\"summary_large_image\" \/>\r\n<meta name=\"twitter:label1\" content=\"Written by\" \/>\n\t<meta name=\"twitter:data1\" content=\"admin\" \/>\n\t<meta name=\"twitter:label2\" content=\"Est. reading time\" \/>\n\t<meta name=\"twitter:data2\" content=\"3 minutes\" \/>\r\n<script type=\"application\/ld+json\" class=\"yoast-schema-graph\">{\"@context\":\"https:\/\/schema.org\",\"@graph\":[{\"@type\":\"WebPage\",\"@id\":\"https:\/\/www.ipim.gov.mo\/pt-pt\/noticias-do-ipim\/20210901-ipim-organizou-uma-accao-de-formacao-online-convidando-especialistas-do-sector-para-partilharem-as-tendencias-do-mercado-de-convencoes-e-exposicoes-apos-a-pandemia\/\",\"url\":\"https:\/\/www.ipim.gov.mo\/pt-pt\/noticias-do-ipim\/20210901-ipim-organizou-uma-accao-de-formacao-online-convidando-especialistas-do-sector-para-partilharem-as-tendencias-do-mercado-de-convencoes-e-exposicoes-apos-a-pandemia\/\",\"name\":\"[2021\/09\/01] IPIM organizou uma ac\u00e7\u00e3o de forma\u00e7\u00e3o online, convidando especialistas do sector para partilharem as tend\u00eancias do mercado de conven\u00e7\u00f5es e exposi\u00e7\u00f5es ap\u00f3s a pandemia | Commerce and Investment Promotion Institute\",\"isPartOf\":{\"@id\":\"https:\/\/www.ipim.gov.mo\/zh-hans\/#website\"},\"primaryImageOfPage\":{\"@id\":\"https:\/\/www.ipim.gov.mo\/pt-pt\/noticias-do-ipim\/20210901-ipim-organizou-uma-accao-de-formacao-online-convidando-especialistas-do-sector-para-partilharem-as-tendencias-do-mercado-de-convencoes-e-exposicoes-apos-a-pandemia\/#primaryimage\"},\"image\":{\"@id\":\"https:\/\/www.ipim.gov.mo\/pt-pt\/noticias-do-ipim\/20210901-ipim-organizou-uma-accao-de-formacao-online-convidando-especialistas-do-sector-para-partilharem-as-tendencias-do-mercado-de-convencoes-e-exposicoes-apos-a-pandemia\/#primaryimage\"},\"thumbnailUrl\":\"https:\/\/www.ipim.gov.mo\/wp-content\/uploads\/2024\/07\/ipim-post-default.jpg\",\"datePublished\":\"2021-09-01T07:00:00+00:00\",\"breadcrumb\":{\"@id\":\"https:\/\/www.ipim.gov.mo\/pt-pt\/noticias-do-ipim\/20210901-ipim-organizou-uma-accao-de-formacao-online-convidando-especialistas-do-sector-para-partilharem-as-tendencias-do-mercado-de-convencoes-e-exposicoes-apos-a-pandemia\/#breadcrumb\"},\"inLanguage\":\"pt-PT\",\"potentialAction\":[{\"@type\":\"ReadAction\",\"target\":[\"https:\/\/www.ipim.gov.mo\/pt-pt\/noticias-do-ipim\/20210901-ipim-organizou-uma-accao-de-formacao-online-convidando-especialistas-do-sector-para-partilharem-as-tendencias-do-mercado-de-convencoes-e-exposicoes-apos-a-pandemia\/\"]}]},{\"@type\":\"ImageObject\",\"inLanguage\":\"pt-PT\",\"@id\":\"https:\/\/www.ipim.gov.mo\/pt-pt\/noticias-do-ipim\/20210901-ipim-organizou-uma-accao-de-formacao-online-convidando-especialistas-do-sector-para-partilharem-as-tendencias-do-mercado-de-convencoes-e-exposicoes-apos-a-pandemia\/#primaryimage\",\"url\":\"https:\/\/www.ipim.gov.mo\/wp-content\/uploads\/2024\/07\/ipim-post-default.jpg\",\"contentUrl\":\"https:\/\/www.ipim.gov.mo\/wp-content\/uploads\/2024\/07\/ipim-post-default.jpg\",\"width\":1024,\"height\":768},{\"@type\":\"BreadcrumbList\",\"@id\":\"https:\/\/www.ipim.gov.mo\/pt-pt\/noticias-do-ipim\/20210901-ipim-organizou-uma-accao-de-formacao-online-convidando-especialistas-do-sector-para-partilharem-as-tendencias-do-mercado-de-convencoes-e-exposicoes-apos-a-pandemia\/#breadcrumb\",\"itemListElement\":[{\"@type\":\"ListItem\",\"position\":1,\"name\":\"Home\",\"item\":\"https:\/\/www.ipim.gov.mo\/pt-pt\/\"},{\"@type\":\"ListItem\",\"position\":2,\"name\":\"[2021\/09\/01] IPIM organizou uma ac\u00e7\u00e3o de forma\u00e7\u00e3o online, convidando especialistas do sector para partilharem as tend\u00eancias do mercado de conven\u00e7\u00f5es e exposi\u00e7\u00f5es ap\u00f3s a pandemia\"}]},{\"@type\":\"WebSite\",\"@id\":\"https:\/\/www.ipim.gov.mo\/zh-hans\/#website\",\"url\":\"https:\/\/www.ipim.gov.mo\/zh-hans\/\",\"name\":\"Commerce and Investment Promotion Institute\",\"description\":\"Commerce and Investment Promotion Institute\",\"publisher\":{\"@id\":\"https:\/\/www.ipim.gov.mo\/zh-hans\/#organization\"},\"potentialAction\":[{\"@type\":\"SearchAction\",\"target\":{\"@type\":\"EntryPoint\",\"urlTemplate\":\"https:\/\/www.ipim.gov.mo\/zh-hans\/?s={search_term_string}\"},\"query-input\":{\"@type\":\"PropertyValueSpecification\",\"valueRequired\":true,\"valueName\":\"search_term_string\"}}],\"inLanguage\":\"pt-PT\"},{\"@type\":\"Organization\",\"@id\":\"https:\/\/www.ipim.gov.mo\/zh-hans\/#organization\",\"name\":\"IPIM\",\"url\":\"https:\/\/www.ipim.gov.mo\/zh-hans\/\",\"logo\":{\"@type\":\"ImageObject\",\"inLanguage\":\"pt-PT\",\"@id\":\"https:\/\/www.ipim.gov.mo\/zh-hans\/#\/schema\/logo\/image\/\",\"url\":\"https:\/\/www.ipim.gov.mo\/wp-content\/uploads\/2022\/10\/default-post-thumbnail-ipim-logo.png\",\"contentUrl\":\"https:\/\/www.ipim.gov.mo\/wp-content\/uploads\/2022\/10\/default-post-thumbnail-ipim-logo.png\",\"width\":1024,\"height\":768,\"caption\":\"IPIM\"},\"image\":{\"@id\":\"https:\/\/www.ipim.gov.mo\/zh-hans\/#\/schema\/logo\/image\/\"}}]}<\/script>\r\n<!-- \/ Yoast SEO plugin. -->","yoast_head_json":{"title":"[2021\/09\/01] IPIM organizou uma ac\u00e7\u00e3o de forma\u00e7\u00e3o online, convidando especialistas do sector para partilharem as tend\u00eancias do mercado de conven\u00e7\u00f5es e exposi\u00e7\u00f5es ap\u00f3s a pandemia | Commerce and Investment Promotion Institute","robots":{"index":"index","follow":"follow","max-snippet":"max-snippet:-1","max-image-preview":"max-image-preview:large","max-video-preview":"max-video-preview:-1"},"canonical":"https:\/\/www.ipim.gov.mo\/pt-pt\/noticias-do-ipim\/20210901-ipim-organizou-uma-accao-de-formacao-online-convidando-especialistas-do-sector-para-partilharem-as-tendencias-do-mercado-de-convencoes-e-exposicoes-apos-a-pandemia\/","og_locale":"pt_PT","og_type":"article","og_title":"[2021\/09\/01] IPIM organizou uma ac\u00e7\u00e3o de forma\u00e7\u00e3o online, convidando especialistas do sector para partilharem as tend\u00eancias do mercado de conven\u00e7\u00f5es e exposi\u00e7\u00f5es ap\u00f3s a pandemia | Commerce and Investment Promotion Institute","og_description":"No dia 24 de Agosto, o Instituto de Promo&ccedil;&atilde;o do Com&eacute;rcio e do Investimento de Macau (IPIM) organizou uma ac&ccedil;&atilde;o de forma&ccedil;&atilde;o online, sob o [&hellip;]","og_url":"https:\/\/www.ipim.gov.mo\/pt-pt\/noticias-do-ipim\/20210901-ipim-organizou-uma-accao-de-formacao-online-convidando-especialistas-do-sector-para-partilharem-as-tendencias-do-mercado-de-convencoes-e-exposicoes-apos-a-pandemia\/","og_site_name":"Commerce and Investment Promotion Institute","article_published_time":"2021-09-01T07:00:00+00:00","og_image":[{"width":1024,"height":768,"url":"https:\/\/www.ipim.gov.mo\/wp-content\/uploads\/2024\/07\/ipim-post-default.jpg","type":"image\/jpeg"}],"author":"admin","twitter_card":"summary_large_image","twitter_misc":{"Written by":"admin","Est. reading time":"3 minutes"},"schema":{"@context":"https:\/\/schema.org","@graph":[{"@type":"WebPage","@id":"https:\/\/www.ipim.gov.mo\/pt-pt\/noticias-do-ipim\/20210901-ipim-organizou-uma-accao-de-formacao-online-convidando-especialistas-do-sector-para-partilharem-as-tendencias-do-mercado-de-convencoes-e-exposicoes-apos-a-pandemia\/","url":"https:\/\/www.ipim.gov.mo\/pt-pt\/noticias-do-ipim\/20210901-ipim-organizou-uma-accao-de-formacao-online-convidando-especialistas-do-sector-para-partilharem-as-tendencias-do-mercado-de-convencoes-e-exposicoes-apos-a-pandemia\/","name":"[2021\/09\/01] IPIM organizou uma ac\u00e7\u00e3o de forma\u00e7\u00e3o online, convidando especialistas do sector para partilharem as tend\u00eancias do mercado de conven\u00e7\u00f5es e exposi\u00e7\u00f5es ap\u00f3s a pandemia | Commerce and Investment Promotion Institute","isPartOf":{"@id":"https:\/\/www.ipim.gov.mo\/zh-hans\/#website"},"primaryImageOfPage":{"@id":"https:\/\/www.ipim.gov.mo\/pt-pt\/noticias-do-ipim\/20210901-ipim-organizou-uma-accao-de-formacao-online-convidando-especialistas-do-sector-para-partilharem-as-tendencias-do-mercado-de-convencoes-e-exposicoes-apos-a-pandemia\/#primaryimage"},"image":{"@id":"https:\/\/www.ipim.gov.mo\/pt-pt\/noticias-do-ipim\/20210901-ipim-organizou-uma-accao-de-formacao-online-convidando-especialistas-do-sector-para-partilharem-as-tendencias-do-mercado-de-convencoes-e-exposicoes-apos-a-pandemia\/#primaryimage"},"thumbnailUrl":"https:\/\/www.ipim.gov.mo\/wp-content\/uploads\/2024\/07\/ipim-post-default.jpg","datePublished":"2021-09-01T07:00:00+00:00","breadcrumb":{"@id":"https:\/\/www.ipim.gov.mo\/pt-pt\/noticias-do-ipim\/20210901-ipim-organizou-uma-accao-de-formacao-online-convidando-especialistas-do-sector-para-partilharem-as-tendencias-do-mercado-de-convencoes-e-exposicoes-apos-a-pandemia\/#breadcrumb"},"inLanguage":"pt-PT","potentialAction":[{"@type":"ReadAction","target":["https:\/\/www.ipim.gov.mo\/pt-pt\/noticias-do-ipim\/20210901-ipim-organizou-uma-accao-de-formacao-online-convidando-especialistas-do-sector-para-partilharem-as-tendencias-do-mercado-de-convencoes-e-exposicoes-apos-a-pandemia\/"]}]},{"@type":"ImageObject","inLanguage":"pt-PT","@id":"https:\/\/www.ipim.gov.mo\/pt-pt\/noticias-do-ipim\/20210901-ipim-organizou-uma-accao-de-formacao-online-convidando-especialistas-do-sector-para-partilharem-as-tendencias-do-mercado-de-convencoes-e-exposicoes-apos-a-pandemia\/#primaryimage","url":"https:\/\/www.ipim.gov.mo\/wp-content\/uploads\/2024\/07\/ipim-post-default.jpg","contentUrl":"https:\/\/www.ipim.gov.mo\/wp-content\/uploads\/2024\/07\/ipim-post-default.jpg","width":1024,"height":768},{"@type":"BreadcrumbList","@id":"https:\/\/www.ipim.gov.mo\/pt-pt\/noticias-do-ipim\/20210901-ipim-organizou-uma-accao-de-formacao-online-convidando-especialistas-do-sector-para-partilharem-as-tendencias-do-mercado-de-convencoes-e-exposicoes-apos-a-pandemia\/#breadcrumb","itemListElement":[{"@type":"ListItem","position":1,"name":"Home","item":"https:\/\/www.ipim.gov.mo\/pt-pt\/"},{"@type":"ListItem","position":2,"name":"[2021\/09\/01] IPIM organizou uma ac\u00e7\u00e3o de forma\u00e7\u00e3o online, convidando especialistas do sector para partilharem as tend\u00eancias do mercado de conven\u00e7\u00f5es e exposi\u00e7\u00f5es ap\u00f3s a pandemia"}]},{"@type":"WebSite","@id":"https:\/\/www.ipim.gov.mo\/zh-hans\/#website","url":"https:\/\/www.ipim.gov.mo\/zh-hans\/","name":"Commerce and Investment Promotion Institute","description":"Commerce and Investment Promotion Institute","publisher":{"@id":"https:\/\/www.ipim.gov.mo\/zh-hans\/#organization"},"potentialAction":[{"@type":"SearchAction","target":{"@type":"EntryPoint","urlTemplate":"https:\/\/www.ipim.gov.mo\/zh-hans\/?s={search_term_string}"},"query-input":{"@type":"PropertyValueSpecification","valueRequired":true,"valueName":"search_term_string"}}],"inLanguage":"pt-PT"},{"@type":"Organization","@id":"https:\/\/www.ipim.gov.mo\/zh-hans\/#organization","name":"IPIM","url":"https:\/\/www.ipim.gov.mo\/zh-hans\/","logo":{"@type":"ImageObject","inLanguage":"pt-PT","@id":"https:\/\/www.ipim.gov.mo\/zh-hans\/#\/schema\/logo\/image\/","url":"https:\/\/www.ipim.gov.mo\/wp-content\/uploads\/2022\/10\/default-post-thumbnail-ipim-logo.png","contentUrl":"https:\/\/www.ipim.gov.mo\/wp-content\/uploads\/2022\/10\/default-post-thumbnail-ipim-logo.png","width":1024,"height":768,"caption":"IPIM"},"image":{"@id":"https:\/\/www.ipim.gov.mo\/zh-hans\/#\/schema\/logo\/image\/"}}]}},"author_meta":{"display_name":"admin","author_link":"https:\/\/www.ipim.gov.mo\/pt-pt\/author\/admin\/"},"featured_img":"https:\/\/www.ipim.gov.mo\/wp-content\/uploads\/2024\/07\/ipim-post-default-300x225.jpg","coauthors":[],"tax_additional":{"categories":{"linked":["<a href=\"https:\/\/www.ipim.gov.mo\/pt-pt\/category\/noticias-do-ipim\/\" class=\"advgb-post-tax-term\">Not\u00edcias do IPIM<\/a>"],"unlinked":["<span class=\"advgb-post-tax-term\">Not\u00edcias do IPIM<\/span>"]}},"comment_count":"0","relative_dates":{"created":"Posted 5 years ago","modified":"Updated 5 years ago"},"absolute_dates":{"created":"Posted on Setembro 1, 2021","modified":"Updated on Setembro 1, 2021"},"absolute_dates_time":{"created":"Posted on Setembro 1, 2021 3:00 pm","modified":"Updated on Setembro 1, 2021 3:00 pm"},"featured_img_caption":"","series_order":"","_links":{"self":[{"href":"https:\/\/www.ipim.gov.mo\/pt-pt\/wp-json\/wp\/v2\/posts\/335922","targetHints":{"allow":["GET"]}}],"collection":[{"href":"https:\/\/www.ipim.gov.mo\/pt-pt\/wp-json\/wp\/v2\/posts"}],"about":[{"href":"https:\/\/www.ipim.gov.mo\/pt-pt\/wp-json\/wp\/v2\/types\/post"}],"author":[{"embeddable":true,"href":"https:\/\/www.ipim.gov.mo\/pt-pt\/wp-json\/wp\/v2\/users\/1"}],"replies":[{"embeddable":true,"href":"https:\/\/www.ipim.gov.mo\/pt-pt\/wp-json\/wp\/v2\/comments?post=335922"}],"version-history":[{"count":0,"href":"https:\/\/www.ipim.gov.mo\/pt-pt\/wp-json\/wp\/v2\/posts\/335922\/revisions"}],"wp:featuredmedia":[{"embeddable":true,"href":"https:\/\/www.ipim.gov.mo\/pt-pt\/wp-json\/wp\/v2\/media\/467868"}],"wp:attachment":[{"href":"https:\/\/www.ipim.gov.mo\/pt-pt\/wp-json\/wp\/v2\/media?parent=335922"}],"wp:term":[{"taxonomy":"category","embeddable":true,"href":"https:\/\/www.ipim.gov.mo\/pt-pt\/wp-json\/wp\/v2\/categories?post=335922"},{"taxonomy":"post_tag","embeddable":true,"href":"https:\/\/www.ipim.gov.mo\/pt-pt\/wp-json\/wp\/v2\/tags?post=335922"}],"curies":[{"name":"wp","href":"https:\/\/api.w.org\/{rel}","templated":true}]}}