{"id":335119,"date":"2021-08-23T11:55:00","date_gmt":"2021-08-23T03:55:00","guid":{"rendered":"https:\/\/www.ipim.gov.mo\/zh-hant\/noticias-do-ipim\/20210823-abertura-das-inscricoes-para-a-zona-de-exposicao-das-pequenas-e-medias-empresas-de-macau-da-26-a-feira-internacional-de-macau\/"},"modified":"2021-08-23T11:55:00","modified_gmt":"2021-08-23T03:55:00","slug":"20210823-abertura-das-inscricoes-para-a-zona-de-exposicao-das-pequenas-e-medias-empresas-de-macau-da-26-a-feira-internacional-de-macau","status":"publish","type":"post","link":"https:\/\/www.ipim.gov.mo\/pt-pt\/noticias-do-ipim\/20210823-abertura-das-inscricoes-para-a-zona-de-exposicao-das-pequenas-e-medias-empresas-de-macau-da-26-a-feira-internacional-de-macau\/","title":{"rendered":"[2021\/08\/23] Abertura das inscri\u00e7\u00f5es para a Zona de Exposi\u00e7\u00e3o das Pequenas e M\u00e9dias Empresas de Macau da 26.\u00aa Feira Internacional de Macau"},"content":{"rendered":"<p style=\"text-align:justify\">Sob a organiza&ccedil;&atilde;o do Instituto de Promo&ccedil;&atilde;o do Com&eacute;rcio e do Investimento de Macau, a 26.&ordf; Feira Internacional de Macau (26.&ordf; MIF) ter&aacute; lugar entre os dias 21 e 23 de Outubro no <em>Venetian Macao<\/em>. Nesta nova edi&ccedil;&atilde;o, contar&aacute; com a Zona de Exposi&ccedil;&atilde;o das Pequenas e M&eacute;dias Empresas de Macau, com vista a proporcionar, atrav&eacute;s da fixa&ccedil;&atilde;o de um pre&ccedil;o preferencial no contexto da preven&ccedil;&atilde;o pand&eacute;mica de 680 patacas, condi&ccedil;&otilde;es favor&aacute;veis &agrave; valoriza&ccedil;&atilde;o e reconvers&atilde;o das empresas locais eleg&iacute;veis e &agrave; revitaliza&ccedil;&atilde;o da economia local. As empresas interessadas podem efectuar a sua inscri&ccedil;&atilde;o a partir de hoje (23 de Agosto) at&eacute; 31 de Agosto.<\/p>\n<p style=\"text-align:justify\"><strong>Sinergia entre ac&ccedil;&otilde;es <em>online<\/em> e <em>offline<\/em> contribui para a reforma dos modelos de neg&oacute;cio das PMEs<\/strong><\/p>\n<p style=\"text-align:justify\">A MIF &eacute; um dos eventos econ&oacute;micos e comerciais realizados anualmente em Macau e tem como objectivo ajudar, por meio de exposi&ccedil;&otilde;es <em>online<\/em> e <em>offline<\/em>, f&oacute;runs\/confer&ecirc;ncias, sess&otilde;es de bolsas de contacto e entre outros, os participantes a explorar oportunidades de desenvolvimento, de reconvers&atilde;o ou de empreendedorismo. A Zona de Exposi&ccedil;&atilde;o das Pequenas e M&eacute;dias Empresas de Macau, como pr&oacute;prio nome indica, destina-se &agrave;s PMEs locais e as empresas de produtos \u201cFabricados em Macau\u201d, de \u201cMarcas de Macau\u201d e de \u201cProdutos dos Pa&iacute;ses de L&iacute;ngua Portuguesa\u201d ser&atilde;o dadas prioridades na admiss&atilde;o. Os principais produtos a expor abrangem lembran&ccedil;as locais, produtos alimentares, bebidas alco&oacute;licas, produtos de sa&uacute;de, produtos electr&oacute;nicos, artigos culturais e criativos, produtos de uso di&aacute;rio e dom&eacute;stico, artefactos e acess&oacute;rios de moda, entre outros.<\/p>\n<p style=\"text-align:justify\"><strong>Manuten&ccedil;&atilde;o das condi&ccedil;&otilde;es preferenciais em benef&iacute;cio das PMEs<\/strong><\/p>\n<p style=\"text-align:justify\">A fim de promover a revitaliza&ccedil;&atilde;o econ&oacute;mica no per&iacute;odo p&oacute;s-pand&eacute;mico e apoiar as empresas de Macau na explora&ccedil;&atilde;o de novas oportunidades de neg&oacute;cio, a presente edi&ccedil;&atilde;o da MIF ir&aacute; manter as condi&ccedil;&otilde;es preferenciais no contexto da preven&ccedil;&atilde;o pand&eacute;mica em benef&iacute;cio das PMEs, fixando o pre&ccedil;o de participa&ccedil;&atilde;o no montante de 680 patacas. O formul&aacute;rio de inscri&ccedil;&atilde;o pode ser descarregado na p&aacute;gina oficial do evento: www.mif.com.mo. As empresas interessadas podem efectuar a inscri&ccedil;&atilde;o no per&iacute;odo entre 23 e 31 de Agosto. Para esse efeito, podem apresentar o formul&aacute;rio devidamente preenchido e os restantes documentos necess&aacute;rios atrav&eacute;s do sistema <em>online<\/em> de candidatura do Instituto de Promo&ccedil;&atilde;o do Com&eacute;rcio e do Investimento de Macau: macaomice.ipim.gov.mo, por <em>fax<\/em> (+853 2882 8722) ou dirigir-se pessoalmente &agrave; sede da entidade coordenadora (Macau Expo Group, Ltd., sito na Avenida do Dr. Rodrigo Rodrigues, n.&ordm; 223-225, Edif&iacute;cio Nam Kwong, 8.&ordm; andar D). Para mais informa&ccedil;&otilde;es, &eacute; favor contactar via n&uacute;mero de telefone: +853 2882 8711, ou e-mail: mif.sme@macauexpogroup.com. Devido ao n&uacute;mero limitado de <em>stands<\/em> de exposi&ccedil;&atilde;o, caso o n&uacute;mero de empresas candidatas eleg&iacute;veis ultrapasse o n&uacute;mero de <em>stand<\/em>s originalmente fixado, a admiss&atilde;o ser&aacute; feita por sorteio. A organiza&ccedil;&atilde;o reserva-se o direito de decis&atilde;o final.<\/p>\n<div class=\"wp-caption alignnone\">\n                <a href=\"https:\/\/www.gcs.gov.mo\/news\/p\/P21HWgxDQm\/l\" class=\"fancybox\"><br \/>\n                <img decoding=\"async\" class=\"size-large\" src=\"https:\/\/www.gcs.gov.mo\/news\/p\/P21HWgxDQm\/l\" alt=\"A Feira Internacional de Macau (MIF) \u00e9 um dos eventos econ\u00f3micos e comerciais realizados anualmente em Macau.\" width=\"1024\"><br \/>\n                <\/a><\/p>\n<p class=\"wp-caption-text\">A Feira Internacional de Macau (MIF) \u00e9 um dos eventos econ\u00f3micos e comerciais realizados anualmente em Macau.<\/p>\n<\/p><\/div>\n<div class=\"wp-caption alignnone\">\n                <a href=\"https:\/\/www.gcs.gov.mo\/news\/p\/P21HWH0VJz\/l\" class=\"fancybox\"><br \/>\n                <img decoding=\"async\" class=\"size-large\" src=\"https:\/\/www.gcs.gov.mo\/news\/p\/P21HWH0VJz\/l\" alt=\"As inscri\u00e7\u00f5es para a Zona de Exposi\u00e7\u00e3o das Pequenas e M\u00e9dias Empresas de Macau da 26.\u00aa MIF decorrem entre 23 e 31 de Agosto.\" width=\"1024\"><br \/>\n                <\/a><\/p>\n<p class=\"wp-caption-text\">As inscri\u00e7\u00f5es para a Zona de Exposi\u00e7\u00e3o das Pequenas e M\u00e9dias Empresas de Macau da 26.\u00aa MIF decorrem entre 23 e 31 de Agosto.<\/p>\n<\/p><\/div>\n","protected":false},"excerpt":{"rendered":"<p>Sob a organiza&ccedil;&atilde;o do Instituto de Promo&ccedil;&atilde;o do Com&eacute;rcio e do Investimento de Macau, a 26.&ordf; Feira Internacional de Macau (26.&ordf; MIF) ter&aacute; lugar entre [&hellip;]<\/p>\n","protected":false},"author":1,"featured_media":467868,"comment_status":"closed","ping_status":"closed","sticky":false,"template":"","format":"standard","meta":{"_acf_changed":false,"inline_featured_image":false,"advgb_blocks_editor_width":"","advgb_blocks_columns_visual_guide":"","footnotes":""},"categories":[12],"tags":[],"class_list":["post-335119","post","type-post","status-publish","format-standard","has-post-thumbnail","hentry","category-noticias-do-ipim"],"acf":[],"yoast_head":"<!-- This site is optimized with the Yoast SEO plugin v26.2 - https:\/\/yoast.com\/wordpress\/plugins\/seo\/ -->\r\n<title>[2021\/08\/23] Abertura das inscri\u00e7\u00f5es para a Zona de Exposi\u00e7\u00e3o das Pequenas e M\u00e9dias Empresas de Macau da 26.\u00aa Feira Internacional de Macau | Commerce and Investment Promotion Institute<\/title>\r\n<meta name=\"robots\" content=\"index, follow, max-snippet:-1, max-image-preview:large, max-video-preview:-1\" \/>\r\n<link rel=\"canonical\" href=\"https:\/\/www.ipim.gov.mo\/pt-pt\/noticias-do-ipim\/20210823-abertura-das-inscricoes-para-a-zona-de-exposicao-das-pequenas-e-medias-empresas-de-macau-da-26-a-feira-internacional-de-macau\/\" \/>\r\n<meta property=\"og:locale\" content=\"pt_PT\" \/>\r\n<meta property=\"og:type\" content=\"article\" \/>\r\n<meta property=\"og:title\" content=\"[2021\/08\/23] Abertura das inscri\u00e7\u00f5es para a Zona de Exposi\u00e7\u00e3o das Pequenas e M\u00e9dias Empresas de Macau da 26.\u00aa Feira Internacional de Macau | Commerce and Investment Promotion Institute\" \/>\r\n<meta property=\"og:description\" content=\"Sob a organiza&ccedil;&atilde;o do Instituto de Promo&ccedil;&atilde;o do Com&eacute;rcio e do Investimento de Macau, a 26.&ordf; Feira Internacional de Macau (26.&ordf; MIF) ter&aacute; lugar entre [&hellip;]\" \/>\r\n<meta property=\"og:url\" content=\"https:\/\/www.ipim.gov.mo\/pt-pt\/noticias-do-ipim\/20210823-abertura-das-inscricoes-para-a-zona-de-exposicao-das-pequenas-e-medias-empresas-de-macau-da-26-a-feira-internacional-de-macau\/\" \/>\r\n<meta property=\"og:site_name\" content=\"Commerce and Investment Promotion Institute\" \/>\r\n<meta property=\"article:published_time\" content=\"2021-08-23T03:55:00+00:00\" \/>\r\n<meta property=\"og:image\" content=\"https:\/\/www.ipim.gov.mo\/wp-content\/uploads\/2024\/07\/ipim-post-default.jpg\" \/>\r\n\t<meta property=\"og:image:width\" content=\"1024\" \/>\r\n\t<meta property=\"og:image:height\" content=\"768\" \/>\r\n\t<meta property=\"og:image:type\" content=\"image\/jpeg\" \/>\r\n<meta name=\"author\" content=\"admin\" \/>\r\n<meta name=\"twitter:card\" content=\"summary_large_image\" \/>\r\n<meta name=\"twitter:label1\" content=\"Written by\" \/>\n\t<meta name=\"twitter:data1\" content=\"admin\" \/>\n\t<meta name=\"twitter:label2\" content=\"Est. reading time\" \/>\n\t<meta name=\"twitter:data2\" content=\"3 minutes\" \/>\r\n<script type=\"application\/ld+json\" class=\"yoast-schema-graph\">{\"@context\":\"https:\/\/schema.org\",\"@graph\":[{\"@type\":\"WebPage\",\"@id\":\"https:\/\/www.ipim.gov.mo\/pt-pt\/noticias-do-ipim\/20210823-abertura-das-inscricoes-para-a-zona-de-exposicao-das-pequenas-e-medias-empresas-de-macau-da-26-a-feira-internacional-de-macau\/\",\"url\":\"https:\/\/www.ipim.gov.mo\/pt-pt\/noticias-do-ipim\/20210823-abertura-das-inscricoes-para-a-zona-de-exposicao-das-pequenas-e-medias-empresas-de-macau-da-26-a-feira-internacional-de-macau\/\",\"name\":\"[2021\/08\/23] Abertura das inscri\u00e7\u00f5es para a Zona de Exposi\u00e7\u00e3o das Pequenas e M\u00e9dias Empresas de Macau da 26.\u00aa Feira Internacional de Macau | Commerce and Investment Promotion Institute\",\"isPartOf\":{\"@id\":\"https:\/\/www.ipim.gov.mo\/zh-hans\/#website\"},\"primaryImageOfPage\":{\"@id\":\"https:\/\/www.ipim.gov.mo\/pt-pt\/noticias-do-ipim\/20210823-abertura-das-inscricoes-para-a-zona-de-exposicao-das-pequenas-e-medias-empresas-de-macau-da-26-a-feira-internacional-de-macau\/#primaryimage\"},\"image\":{\"@id\":\"https:\/\/www.ipim.gov.mo\/pt-pt\/noticias-do-ipim\/20210823-abertura-das-inscricoes-para-a-zona-de-exposicao-das-pequenas-e-medias-empresas-de-macau-da-26-a-feira-internacional-de-macau\/#primaryimage\"},\"thumbnailUrl\":\"https:\/\/www.ipim.gov.mo\/wp-content\/uploads\/2024\/07\/ipim-post-default.jpg\",\"datePublished\":\"2021-08-23T03:55:00+00:00\",\"breadcrumb\":{\"@id\":\"https:\/\/www.ipim.gov.mo\/pt-pt\/noticias-do-ipim\/20210823-abertura-das-inscricoes-para-a-zona-de-exposicao-das-pequenas-e-medias-empresas-de-macau-da-26-a-feira-internacional-de-macau\/#breadcrumb\"},\"inLanguage\":\"pt-PT\",\"potentialAction\":[{\"@type\":\"ReadAction\",\"target\":[\"https:\/\/www.ipim.gov.mo\/pt-pt\/noticias-do-ipim\/20210823-abertura-das-inscricoes-para-a-zona-de-exposicao-das-pequenas-e-medias-empresas-de-macau-da-26-a-feira-internacional-de-macau\/\"]}]},{\"@type\":\"ImageObject\",\"inLanguage\":\"pt-PT\",\"@id\":\"https:\/\/www.ipim.gov.mo\/pt-pt\/noticias-do-ipim\/20210823-abertura-das-inscricoes-para-a-zona-de-exposicao-das-pequenas-e-medias-empresas-de-macau-da-26-a-feira-internacional-de-macau\/#primaryimage\",\"url\":\"https:\/\/www.ipim.gov.mo\/wp-content\/uploads\/2024\/07\/ipim-post-default.jpg\",\"contentUrl\":\"https:\/\/www.ipim.gov.mo\/wp-content\/uploads\/2024\/07\/ipim-post-default.jpg\",\"width\":1024,\"height\":768},{\"@type\":\"BreadcrumbList\",\"@id\":\"https:\/\/www.ipim.gov.mo\/pt-pt\/noticias-do-ipim\/20210823-abertura-das-inscricoes-para-a-zona-de-exposicao-das-pequenas-e-medias-empresas-de-macau-da-26-a-feira-internacional-de-macau\/#breadcrumb\",\"itemListElement\":[{\"@type\":\"ListItem\",\"position\":1,\"name\":\"Home\",\"item\":\"https:\/\/www.ipim.gov.mo\/pt-pt\/\"},{\"@type\":\"ListItem\",\"position\":2,\"name\":\"[2021\/08\/23] Abertura das inscri\u00e7\u00f5es para a Zona de Exposi\u00e7\u00e3o das Pequenas e M\u00e9dias Empresas de Macau da 26.\u00aa Feira Internacional de Macau\"}]},{\"@type\":\"WebSite\",\"@id\":\"https:\/\/www.ipim.gov.mo\/zh-hans\/#website\",\"url\":\"https:\/\/www.ipim.gov.mo\/zh-hans\/\",\"name\":\"Commerce and Investment Promotion Institute\",\"description\":\"Commerce and Investment Promotion Institute\",\"publisher\":{\"@id\":\"https:\/\/www.ipim.gov.mo\/zh-hans\/#organization\"},\"potentialAction\":[{\"@type\":\"SearchAction\",\"target\":{\"@type\":\"EntryPoint\",\"urlTemplate\":\"https:\/\/www.ipim.gov.mo\/zh-hans\/?s={search_term_string}\"},\"query-input\":{\"@type\":\"PropertyValueSpecification\",\"valueRequired\":true,\"valueName\":\"search_term_string\"}}],\"inLanguage\":\"pt-PT\"},{\"@type\":\"Organization\",\"@id\":\"https:\/\/www.ipim.gov.mo\/zh-hans\/#organization\",\"name\":\"IPIM\",\"url\":\"https:\/\/www.ipim.gov.mo\/zh-hans\/\",\"logo\":{\"@type\":\"ImageObject\",\"inLanguage\":\"pt-PT\",\"@id\":\"https:\/\/www.ipim.gov.mo\/zh-hans\/#\/schema\/logo\/image\/\",\"url\":\"https:\/\/www.ipim.gov.mo\/wp-content\/uploads\/2022\/10\/default-post-thumbnail-ipim-logo.png\",\"contentUrl\":\"https:\/\/www.ipim.gov.mo\/wp-content\/uploads\/2022\/10\/default-post-thumbnail-ipim-logo.png\",\"width\":1024,\"height\":768,\"caption\":\"IPIM\"},\"image\":{\"@id\":\"https:\/\/www.ipim.gov.mo\/zh-hans\/#\/schema\/logo\/image\/\"}}]}<\/script>\r\n<!-- \/ Yoast SEO plugin. -->","yoast_head_json":{"title":"[2021\/08\/23] Abertura das inscri\u00e7\u00f5es para a Zona de Exposi\u00e7\u00e3o das Pequenas e M\u00e9dias Empresas de Macau da 26.\u00aa Feira Internacional de Macau | Commerce and Investment Promotion Institute","robots":{"index":"index","follow":"follow","max-snippet":"max-snippet:-1","max-image-preview":"max-image-preview:large","max-video-preview":"max-video-preview:-1"},"canonical":"https:\/\/www.ipim.gov.mo\/pt-pt\/noticias-do-ipim\/20210823-abertura-das-inscricoes-para-a-zona-de-exposicao-das-pequenas-e-medias-empresas-de-macau-da-26-a-feira-internacional-de-macau\/","og_locale":"pt_PT","og_type":"article","og_title":"[2021\/08\/23] Abertura das inscri\u00e7\u00f5es para a Zona de Exposi\u00e7\u00e3o das Pequenas e M\u00e9dias Empresas de Macau da 26.\u00aa Feira Internacional de Macau | Commerce and Investment Promotion Institute","og_description":"Sob a organiza&ccedil;&atilde;o do Instituto de Promo&ccedil;&atilde;o do Com&eacute;rcio e do Investimento de Macau, a 26.&ordf; Feira Internacional de Macau (26.&ordf; MIF) ter&aacute; lugar entre [&hellip;]","og_url":"https:\/\/www.ipim.gov.mo\/pt-pt\/noticias-do-ipim\/20210823-abertura-das-inscricoes-para-a-zona-de-exposicao-das-pequenas-e-medias-empresas-de-macau-da-26-a-feira-internacional-de-macau\/","og_site_name":"Commerce and Investment Promotion Institute","article_published_time":"2021-08-23T03:55:00+00:00","og_image":[{"width":1024,"height":768,"url":"https:\/\/www.ipim.gov.mo\/wp-content\/uploads\/2024\/07\/ipim-post-default.jpg","type":"image\/jpeg"}],"author":"admin","twitter_card":"summary_large_image","twitter_misc":{"Written by":"admin","Est. reading time":"3 minutes"},"schema":{"@context":"https:\/\/schema.org","@graph":[{"@type":"WebPage","@id":"https:\/\/www.ipim.gov.mo\/pt-pt\/noticias-do-ipim\/20210823-abertura-das-inscricoes-para-a-zona-de-exposicao-das-pequenas-e-medias-empresas-de-macau-da-26-a-feira-internacional-de-macau\/","url":"https:\/\/www.ipim.gov.mo\/pt-pt\/noticias-do-ipim\/20210823-abertura-das-inscricoes-para-a-zona-de-exposicao-das-pequenas-e-medias-empresas-de-macau-da-26-a-feira-internacional-de-macau\/","name":"[2021\/08\/23] Abertura das inscri\u00e7\u00f5es para a Zona de Exposi\u00e7\u00e3o das Pequenas e M\u00e9dias Empresas de Macau da 26.\u00aa Feira Internacional de Macau | Commerce and Investment Promotion Institute","isPartOf":{"@id":"https:\/\/www.ipim.gov.mo\/zh-hans\/#website"},"primaryImageOfPage":{"@id":"https:\/\/www.ipim.gov.mo\/pt-pt\/noticias-do-ipim\/20210823-abertura-das-inscricoes-para-a-zona-de-exposicao-das-pequenas-e-medias-empresas-de-macau-da-26-a-feira-internacional-de-macau\/#primaryimage"},"image":{"@id":"https:\/\/www.ipim.gov.mo\/pt-pt\/noticias-do-ipim\/20210823-abertura-das-inscricoes-para-a-zona-de-exposicao-das-pequenas-e-medias-empresas-de-macau-da-26-a-feira-internacional-de-macau\/#primaryimage"},"thumbnailUrl":"https:\/\/www.ipim.gov.mo\/wp-content\/uploads\/2024\/07\/ipim-post-default.jpg","datePublished":"2021-08-23T03:55:00+00:00","breadcrumb":{"@id":"https:\/\/www.ipim.gov.mo\/pt-pt\/noticias-do-ipim\/20210823-abertura-das-inscricoes-para-a-zona-de-exposicao-das-pequenas-e-medias-empresas-de-macau-da-26-a-feira-internacional-de-macau\/#breadcrumb"},"inLanguage":"pt-PT","potentialAction":[{"@type":"ReadAction","target":["https:\/\/www.ipim.gov.mo\/pt-pt\/noticias-do-ipim\/20210823-abertura-das-inscricoes-para-a-zona-de-exposicao-das-pequenas-e-medias-empresas-de-macau-da-26-a-feira-internacional-de-macau\/"]}]},{"@type":"ImageObject","inLanguage":"pt-PT","@id":"https:\/\/www.ipim.gov.mo\/pt-pt\/noticias-do-ipim\/20210823-abertura-das-inscricoes-para-a-zona-de-exposicao-das-pequenas-e-medias-empresas-de-macau-da-26-a-feira-internacional-de-macau\/#primaryimage","url":"https:\/\/www.ipim.gov.mo\/wp-content\/uploads\/2024\/07\/ipim-post-default.jpg","contentUrl":"https:\/\/www.ipim.gov.mo\/wp-content\/uploads\/2024\/07\/ipim-post-default.jpg","width":1024,"height":768},{"@type":"BreadcrumbList","@id":"https:\/\/www.ipim.gov.mo\/pt-pt\/noticias-do-ipim\/20210823-abertura-das-inscricoes-para-a-zona-de-exposicao-das-pequenas-e-medias-empresas-de-macau-da-26-a-feira-internacional-de-macau\/#breadcrumb","itemListElement":[{"@type":"ListItem","position":1,"name":"Home","item":"https:\/\/www.ipim.gov.mo\/pt-pt\/"},{"@type":"ListItem","position":2,"name":"[2021\/08\/23] Abertura das inscri\u00e7\u00f5es para a Zona de Exposi\u00e7\u00e3o das Pequenas e M\u00e9dias Empresas de Macau da 26.\u00aa Feira Internacional de Macau"}]},{"@type":"WebSite","@id":"https:\/\/www.ipim.gov.mo\/zh-hans\/#website","url":"https:\/\/www.ipim.gov.mo\/zh-hans\/","name":"Commerce and Investment Promotion Institute","description":"Commerce and Investment Promotion Institute","publisher":{"@id":"https:\/\/www.ipim.gov.mo\/zh-hans\/#organization"},"potentialAction":[{"@type":"SearchAction","target":{"@type":"EntryPoint","urlTemplate":"https:\/\/www.ipim.gov.mo\/zh-hans\/?s={search_term_string}"},"query-input":{"@type":"PropertyValueSpecification","valueRequired":true,"valueName":"search_term_string"}}],"inLanguage":"pt-PT"},{"@type":"Organization","@id":"https:\/\/www.ipim.gov.mo\/zh-hans\/#organization","name":"IPIM","url":"https:\/\/www.ipim.gov.mo\/zh-hans\/","logo":{"@type":"ImageObject","inLanguage":"pt-PT","@id":"https:\/\/www.ipim.gov.mo\/zh-hans\/#\/schema\/logo\/image\/","url":"https:\/\/www.ipim.gov.mo\/wp-content\/uploads\/2022\/10\/default-post-thumbnail-ipim-logo.png","contentUrl":"https:\/\/www.ipim.gov.mo\/wp-content\/uploads\/2022\/10\/default-post-thumbnail-ipim-logo.png","width":1024,"height":768,"caption":"IPIM"},"image":{"@id":"https:\/\/www.ipim.gov.mo\/zh-hans\/#\/schema\/logo\/image\/"}}]}},"author_meta":{"display_name":"admin","author_link":"https:\/\/www.ipim.gov.mo\/pt-pt\/author\/admin\/"},"featured_img":"https:\/\/www.ipim.gov.mo\/wp-content\/uploads\/2024\/07\/ipim-post-default-300x225.jpg","coauthors":[],"tax_additional":{"categories":{"linked":["<a href=\"https:\/\/www.ipim.gov.mo\/pt-pt\/category\/noticias-do-ipim\/\" class=\"advgb-post-tax-term\">Not\u00edcias do IPIM<\/a>"],"unlinked":["<span class=\"advgb-post-tax-term\">Not\u00edcias do IPIM<\/span>"]}},"comment_count":"0","relative_dates":{"created":"Posted 5 years ago","modified":"Updated 5 years ago"},"absolute_dates":{"created":"Posted on Agosto 23, 2021","modified":"Updated on Agosto 23, 2021"},"absolute_dates_time":{"created":"Posted on Agosto 23, 2021 11:55 am","modified":"Updated on Agosto 23, 2021 11:55 am"},"featured_img_caption":"","series_order":"","_links":{"self":[{"href":"https:\/\/www.ipim.gov.mo\/pt-pt\/wp-json\/wp\/v2\/posts\/335119","targetHints":{"allow":["GET"]}}],"collection":[{"href":"https:\/\/www.ipim.gov.mo\/pt-pt\/wp-json\/wp\/v2\/posts"}],"about":[{"href":"https:\/\/www.ipim.gov.mo\/pt-pt\/wp-json\/wp\/v2\/types\/post"}],"author":[{"embeddable":true,"href":"https:\/\/www.ipim.gov.mo\/pt-pt\/wp-json\/wp\/v2\/users\/1"}],"replies":[{"embeddable":true,"href":"https:\/\/www.ipim.gov.mo\/pt-pt\/wp-json\/wp\/v2\/comments?post=335119"}],"version-history":[{"count":0,"href":"https:\/\/www.ipim.gov.mo\/pt-pt\/wp-json\/wp\/v2\/posts\/335119\/revisions"}],"wp:featuredmedia":[{"embeddable":true,"href":"https:\/\/www.ipim.gov.mo\/pt-pt\/wp-json\/wp\/v2\/media\/467868"}],"wp:attachment":[{"href":"https:\/\/www.ipim.gov.mo\/pt-pt\/wp-json\/wp\/v2\/media?parent=335119"}],"wp:term":[{"taxonomy":"category","embeddable":true,"href":"https:\/\/www.ipim.gov.mo\/pt-pt\/wp-json\/wp\/v2\/categories?post=335119"},{"taxonomy":"post_tag","embeddable":true,"href":"https:\/\/www.ipim.gov.mo\/pt-pt\/wp-json\/wp\/v2\/tags?post=335119"}],"curies":[{"name":"wp","href":"https:\/\/api.w.org\/{rel}","templated":true}]}}