{"id":309326,"date":"2020-11-27T16:50:00","date_gmt":"2020-11-27T08:50:00","guid":{"rendered":"https:\/\/www.ipim.gov.mo\/zh-hant\/noticias-do-ipim\/20201127-forum-internacional-sobre-o-investimento-e-construcao-de-infra-estruturas-contribui-para-a-integracao-das-empresas-de-macau-na-conjuntura-do-desenvolvimento-nacional-e-exploracao-do-merca\/"},"modified":"2020-11-27T16:50:00","modified_gmt":"2020-11-27T08:50:00","slug":"20201127-forum-internacional-sobre-o-investimento-e-construcao-de-infra-estruturas-contribui-para-a-integracao-das-empresas-de-macau-na-conjuntura-do-desenvolvimento-nacional-e-exploracao-do-merca","status":"publish","type":"post","link":"https:\/\/www.ipim.gov.mo\/pt-pt\/noticias-do-ipim\/20201127-forum-internacional-sobre-o-investimento-e-construcao-de-infra-estruturas-contribui-para-a-integracao-das-empresas-de-macau-na-conjuntura-do-desenvolvimento-nacional-e-exploracao-do-merca\/","title":{"rendered":"[2020\/11\/27] F\u00f3rum Internacional sobre o Investimento e Constru\u00e7\u00e3o de Infra-estruturas contribui para a integra\u00e7\u00e3o das empresas de Macau na conjuntura do desenvolvimento nacional e explora\u00e7\u00e3o do mercado estrangeiro"},"content":{"rendered":"<p style=\"text-align:justify\">O 11.&ordm; F&oacute;rum Internacional sobre o Investimento e Constru&ccedil;&atilde;o de Infraestruturas ir&aacute; ser realizado entre os dias 2 e 3 de Dezembro, em Macau. Ao longo das dez edi&ccedil;&otilde;es realizadas, o F&oacute;rum tem conseguido atrair anualmente a participa&ccedil;&atilde;o de mais de 70 pa&iacute;ses, regi&otilde;es e organiza&ccedil;&otilde;es internaciona<\/p>\n<p style=\"text-align:justify\">is multilaterais e mais de 2000 convidados, sendo j&aacute; um evento muito influente no &acirc;mbito de coopera&ccedil;&atilde;o na &aacute;rea de infra-estruturas que acontece anualmente. Desde que passou a ser realizado em Macau, em 2012, o F&oacute;rum tem apostado em enfatizar as caracter&iacute;sticas pr&oacute;prias da regi&atilde;o e em valorizar elementos que sejam favor&aacute;veis ao seu desenvolvimento socioecon&oacute;mico. De acordo com as opini&otilde;es das empresas de Macau que participaram neste evento no passado, a plataforma estabelecida pelo F&oacute;rum &eacute; um instrumento &uacute;til e eficaz que contribui para a negocia&ccedil;&atilde;o e a firma&ccedil;&atilde;o de parcerias com as delega&ccedil;&otilde;es oriundas de pa&iacute;ses e regi&otilde;es abrangidos pela iniciativa \u201cFaixa e Rota\u201d, ajudando, deste modo, as empresas da regi&atilde;o na explora&ccedil;&atilde;o do mercado estrangeiro.<\/p>\n<p style=\"text-align:justify\">Segundo as afirma&ccedil;&otilde;es do Presidente da Companhia de Obras e Constru&ccedil;&atilde;o Kong Sing Limitada, Sr. Ao, esta ser&aacute; a segunda participa&ccedil;&atilde;o da sua empresa no F&oacute;rum, sendo que a experi&ecirc;ncia da edi&ccedil;&atilde;o passada veio trazer um maior reconhecimento &agrave; empresa, o que permitiu o conhecimento das suas condi&ccedil;&otilde;es de gest&atilde;o e funcionamento a mais empresas hom&oacute;logas estrangeiras. Durante a edi&ccedil;&atilde;o anterior, a empresa estabeleceu parceria com uma empresa do Equador, atrav&eacute;s da assinatura de um acordo para a constru&ccedil;&atilde;o de habita&ccedil;&otilde;es pr&eacute;-fabricadas, assim como conseguiu firmar uma rela&ccedil;&atilde;o de coopera&ccedil;&atilde;o de neg&oacute;cio com representantes de pa&iacute;ses como a Mal&aacute;sia e Angola. Numa vis&atilde;o prospectiva sobre a edi&ccedil;&atilde;o deste ano, a empresa ir&aacute; procurar potenciais parceiros, sobretudo entidades de pa&iacute;ses envolvidos na iniciativa \u201cFaixa e Rota\u201d, com a esperan&ccedil;a de que a participa&ccedil;&atilde;o no F&oacute;rum possa promover o desenvolvimento dos neg&oacute;cios da empresa, expandindo o seu mercado at&eacute; aos quatro cantos do mundo.<\/p>\n<p style=\"text-align:justify\">Por outro lado, o Presidente da Charlestrong, Materiais de Desenvolvimento de Infraestruturas e Constru&ccedil;&atilde;o Limitada, , Sr. Shi, revela que a sua empresa j&aacute; participa no F&oacute;rum desde 2013, tendo obtido resultados muito positivos tanto na promo&ccedil;&atilde;o da visibilidade e popularidade da marca como no desenvolvimento do neg&oacute;cio. Ao longo dos anos, aproveitando as oportunidades oferecidas pelo F&oacute;rum, a empresa tem estabelecido diversos memorandos de entendimento com as empresas origin&aacute;rias de pa&iacute;ses abrangidos pela iniciativa \u201cFaixa e Rota\u201d, com destaque para empresas de Mo&ccedil;ambique, enquanto que, a n&iacute;vel interno, a empresa tamb&eacute;m tem acordos de coopera&ccedil;&atilde;o assinados com empresas de engenharia do Interior da China. Al&eacute;m disso, a participa&ccedil;&atilde;o no F&oacute;rum ainda trouxe &agrave; empresa v&aacute;rios parceiros estrat&eacute;gicos de longo prazo, que t&ecirc;m manifestado uma tend&ecirc;ncia muito favor&aacute;vel na promo&ccedil;&atilde;o da coopera&ccedil;&atilde;o entre ambos.<\/p>\n<p style=\"text-align:justify\">O Sr. Tang, o Presidente da Associa&ccedil;&atilde;o de Engenharia e Constru&ccedil;&atilde;o de Macau, uma das entidades de apoio &agrave; organiza&ccedil;&atilde;o do F&oacute;rum, explica que, com a realiza&ccedil;&atilde;o do F&oacute;rum, as empresas da regi&atilde;o t&ecirc;m uma excelente oportunidade &agrave; sua disposi&ccedil;&atilde;o para poderem comunicar, negociar e firmar parcerias com outras empresas provenientes de mais de 70 pa&iacute;ses e regi&otilde;es do mundo. A pr&oacute;pria Associa&ccedil;&atilde;o, em edi&ccedil;&otilde;es anteriores, tamb&eacute;m estabeleceu rela&ccedil;&otilde;es de coopera&ccedil;&atilde;o com entidades hom&oacute;logas do Interior da China, de Taiwan e de outras regi&otilde;es, no que diz respeito ao desenvolvimento de infraestruturas, com diversos acordos importantes assinados. Segundo ele, passada uma evolu&ccedil;&atilde;o de dez anos, o F&oacute;rum j&aacute; se tornou um dos eventos internacionais mais influentes e prestigiosos organizados pelo Pa&iacute;s em Macau, sendo considerada uma plataforma essencial da China para o impulsionamento da coopera&ccedil;&atilde;o e investimento nos projectos contratados destinados ao exterior, bem como para a promo&ccedil;&atilde;o da iniciativa \u201cFaixa e Rota\u201d. Por fim, o Sr. Tang manifesta optimismo no futuro risonho deste evento.<\/p>\n<div class=\"wp-caption alignnone\">\n                <a href=\"https:\/\/www.gcs.gov.mo\/news\/p\/P20KageM98\/l\" class=\"fancybox\"><br \/>\n                <img decoding=\"async\" class=\"size-large\" src=\"https:\/\/www.gcs.gov.mo\/news\/p\/P20KageM98\/l\" alt=\"O F\u00f3rum Internacional sobre o Investimento e Constru\u00e7\u00e3o de Infraestruturas apoia empresas na explora\u00e7\u00e3o do mercado estrangeiro.\" width=\"1024\"><br \/>\n                <\/a><\/p>\n<p class=\"wp-caption-text\">O F\u00f3rum Internacional sobre o Investimento e Constru\u00e7\u00e3o de Infraestruturas apoia empresas na explora\u00e7\u00e3o do mercado estrangeiro.<\/p>\n<\/p><\/div>\n","protected":false},"excerpt":{"rendered":"<p>O 11.&ordm; F&oacute;rum Internacional sobre o Investimento e Constru&ccedil;&atilde;o de Infraestruturas ir&aacute; ser realizado entre os dias 2 e 3 de Dezembro, em Macau. Ao [&hellip;]<\/p>\n","protected":false},"author":1,"featured_media":467868,"comment_status":"closed","ping_status":"closed","sticky":false,"template":"","format":"standard","meta":{"_acf_changed":false,"inline_featured_image":false,"advgb_blocks_editor_width":"","advgb_blocks_columns_visual_guide":"","footnotes":""},"categories":[12],"tags":[],"class_list":["post-309326","post","type-post","status-publish","format-standard","has-post-thumbnail","hentry","category-noticias-do-ipim"],"acf":[],"yoast_head":"<!-- This site is optimized with the Yoast SEO plugin v26.2 - https:\/\/yoast.com\/wordpress\/plugins\/seo\/ -->\r\n<title>[2020\/11\/27] F\u00f3rum Internacional sobre o Investimento e Constru\u00e7\u00e3o de Infra-estruturas contribui para a integra\u00e7\u00e3o das empresas de Macau na conjuntura do desenvolvimento nacional e explora\u00e7\u00e3o do mercado estrangeiro | Commerce and Investment Promotion Institute<\/title>\r\n<meta name=\"robots\" content=\"index, follow, max-snippet:-1, max-image-preview:large, max-video-preview:-1\" \/>\r\n<link rel=\"canonical\" href=\"https:\/\/www.ipim.gov.mo\/pt-pt\/noticias-do-ipim\/20201127-forum-internacional-sobre-o-investimento-e-construcao-de-infra-estruturas-contribui-para-a-integracao-das-empresas-de-macau-na-conjuntura-do-desenvolvimento-nacional-e-exploracao-do-merca\/\" \/>\r\n<meta property=\"og:locale\" content=\"pt_PT\" \/>\r\n<meta property=\"og:type\" content=\"article\" \/>\r\n<meta property=\"og:title\" content=\"[2020\/11\/27] F\u00f3rum Internacional sobre o Investimento e Constru\u00e7\u00e3o de Infra-estruturas contribui para a integra\u00e7\u00e3o das empresas de Macau na conjuntura do desenvolvimento nacional e explora\u00e7\u00e3o do mercado estrangeiro | Commerce and Investment Promotion Institute\" \/>\r\n<meta property=\"og:description\" content=\"O 11.&ordm; F&oacute;rum Internacional sobre o Investimento e Constru&ccedil;&atilde;o de Infraestruturas ir&aacute; ser realizado entre os dias 2 e 3 de Dezembro, em Macau. Ao [&hellip;]\" \/>\r\n<meta property=\"og:url\" content=\"https:\/\/www.ipim.gov.mo\/pt-pt\/noticias-do-ipim\/20201127-forum-internacional-sobre-o-investimento-e-construcao-de-infra-estruturas-contribui-para-a-integracao-das-empresas-de-macau-na-conjuntura-do-desenvolvimento-nacional-e-exploracao-do-merca\/\" \/>\r\n<meta property=\"og:site_name\" content=\"Commerce and Investment Promotion Institute\" \/>\r\n<meta property=\"article:published_time\" content=\"2020-11-27T08:50:00+00:00\" \/>\r\n<meta property=\"og:image\" content=\"https:\/\/www.ipim.gov.mo\/wp-content\/uploads\/2024\/07\/ipim-post-default.jpg\" \/>\r\n\t<meta property=\"og:image:width\" content=\"1024\" \/>\r\n\t<meta property=\"og:image:height\" content=\"768\" \/>\r\n\t<meta property=\"og:image:type\" content=\"image\/jpeg\" \/>\r\n<meta name=\"author\" content=\"admin\" \/>\r\n<meta name=\"twitter:card\" content=\"summary_large_image\" \/>\r\n<meta name=\"twitter:label1\" content=\"Written by\" \/>\n\t<meta name=\"twitter:data1\" content=\"admin\" \/>\n\t<meta name=\"twitter:label2\" content=\"Est. reading time\" \/>\n\t<meta name=\"twitter:data2\" content=\"4 minutes\" \/>\r\n<script type=\"application\/ld+json\" class=\"yoast-schema-graph\">{\"@context\":\"https:\/\/schema.org\",\"@graph\":[{\"@type\":\"WebPage\",\"@id\":\"https:\/\/www.ipim.gov.mo\/pt-pt\/noticias-do-ipim\/20201127-forum-internacional-sobre-o-investimento-e-construcao-de-infra-estruturas-contribui-para-a-integracao-das-empresas-de-macau-na-conjuntura-do-desenvolvimento-nacional-e-exploracao-do-merca\/\",\"url\":\"https:\/\/www.ipim.gov.mo\/pt-pt\/noticias-do-ipim\/20201127-forum-internacional-sobre-o-investimento-e-construcao-de-infra-estruturas-contribui-para-a-integracao-das-empresas-de-macau-na-conjuntura-do-desenvolvimento-nacional-e-exploracao-do-merca\/\",\"name\":\"[2020\/11\/27] F\u00f3rum Internacional sobre o Investimento e Constru\u00e7\u00e3o de Infra-estruturas contribui para a integra\u00e7\u00e3o das empresas de Macau na conjuntura do desenvolvimento nacional e explora\u00e7\u00e3o do mercado estrangeiro | Commerce and Investment Promotion Institute\",\"isPartOf\":{\"@id\":\"https:\/\/www.ipim.gov.mo\/zh-hans\/#website\"},\"primaryImageOfPage\":{\"@id\":\"https:\/\/www.ipim.gov.mo\/pt-pt\/noticias-do-ipim\/20201127-forum-internacional-sobre-o-investimento-e-construcao-de-infra-estruturas-contribui-para-a-integracao-das-empresas-de-macau-na-conjuntura-do-desenvolvimento-nacional-e-exploracao-do-merca\/#primaryimage\"},\"image\":{\"@id\":\"https:\/\/www.ipim.gov.mo\/pt-pt\/noticias-do-ipim\/20201127-forum-internacional-sobre-o-investimento-e-construcao-de-infra-estruturas-contribui-para-a-integracao-das-empresas-de-macau-na-conjuntura-do-desenvolvimento-nacional-e-exploracao-do-merca\/#primaryimage\"},\"thumbnailUrl\":\"https:\/\/www.ipim.gov.mo\/wp-content\/uploads\/2024\/07\/ipim-post-default.jpg\",\"datePublished\":\"2020-11-27T08:50:00+00:00\",\"breadcrumb\":{\"@id\":\"https:\/\/www.ipim.gov.mo\/pt-pt\/noticias-do-ipim\/20201127-forum-internacional-sobre-o-investimento-e-construcao-de-infra-estruturas-contribui-para-a-integracao-das-empresas-de-macau-na-conjuntura-do-desenvolvimento-nacional-e-exploracao-do-merca\/#breadcrumb\"},\"inLanguage\":\"pt-PT\",\"potentialAction\":[{\"@type\":\"ReadAction\",\"target\":[\"https:\/\/www.ipim.gov.mo\/pt-pt\/noticias-do-ipim\/20201127-forum-internacional-sobre-o-investimento-e-construcao-de-infra-estruturas-contribui-para-a-integracao-das-empresas-de-macau-na-conjuntura-do-desenvolvimento-nacional-e-exploracao-do-merca\/\"]}]},{\"@type\":\"ImageObject\",\"inLanguage\":\"pt-PT\",\"@id\":\"https:\/\/www.ipim.gov.mo\/pt-pt\/noticias-do-ipim\/20201127-forum-internacional-sobre-o-investimento-e-construcao-de-infra-estruturas-contribui-para-a-integracao-das-empresas-de-macau-na-conjuntura-do-desenvolvimento-nacional-e-exploracao-do-merca\/#primaryimage\",\"url\":\"https:\/\/www.ipim.gov.mo\/wp-content\/uploads\/2024\/07\/ipim-post-default.jpg\",\"contentUrl\":\"https:\/\/www.ipim.gov.mo\/wp-content\/uploads\/2024\/07\/ipim-post-default.jpg\",\"width\":1024,\"height\":768},{\"@type\":\"BreadcrumbList\",\"@id\":\"https:\/\/www.ipim.gov.mo\/pt-pt\/noticias-do-ipim\/20201127-forum-internacional-sobre-o-investimento-e-construcao-de-infra-estruturas-contribui-para-a-integracao-das-empresas-de-macau-na-conjuntura-do-desenvolvimento-nacional-e-exploracao-do-merca\/#breadcrumb\",\"itemListElement\":[{\"@type\":\"ListItem\",\"position\":1,\"name\":\"Home\",\"item\":\"https:\/\/www.ipim.gov.mo\/pt-pt\/\"},{\"@type\":\"ListItem\",\"position\":2,\"name\":\"[2020\/11\/27] F\u00f3rum Internacional sobre o Investimento e Constru\u00e7\u00e3o de Infra-estruturas contribui para a integra\u00e7\u00e3o das empresas de Macau na conjuntura do desenvolvimento nacional e explora\u00e7\u00e3o do mercado estrangeiro\"}]},{\"@type\":\"WebSite\",\"@id\":\"https:\/\/www.ipim.gov.mo\/zh-hans\/#website\",\"url\":\"https:\/\/www.ipim.gov.mo\/zh-hans\/\",\"name\":\"Commerce and Investment Promotion Institute\",\"description\":\"Commerce and Investment Promotion Institute\",\"publisher\":{\"@id\":\"https:\/\/www.ipim.gov.mo\/zh-hans\/#organization\"},\"potentialAction\":[{\"@type\":\"SearchAction\",\"target\":{\"@type\":\"EntryPoint\",\"urlTemplate\":\"https:\/\/www.ipim.gov.mo\/zh-hans\/?s={search_term_string}\"},\"query-input\":{\"@type\":\"PropertyValueSpecification\",\"valueRequired\":true,\"valueName\":\"search_term_string\"}}],\"inLanguage\":\"pt-PT\"},{\"@type\":\"Organization\",\"@id\":\"https:\/\/www.ipim.gov.mo\/zh-hans\/#organization\",\"name\":\"IPIM\",\"url\":\"https:\/\/www.ipim.gov.mo\/zh-hans\/\",\"logo\":{\"@type\":\"ImageObject\",\"inLanguage\":\"pt-PT\",\"@id\":\"https:\/\/www.ipim.gov.mo\/zh-hans\/#\/schema\/logo\/image\/\",\"url\":\"https:\/\/www.ipim.gov.mo\/wp-content\/uploads\/2022\/10\/default-post-thumbnail-ipim-logo.png\",\"contentUrl\":\"https:\/\/www.ipim.gov.mo\/wp-content\/uploads\/2022\/10\/default-post-thumbnail-ipim-logo.png\",\"width\":1024,\"height\":768,\"caption\":\"IPIM\"},\"image\":{\"@id\":\"https:\/\/www.ipim.gov.mo\/zh-hans\/#\/schema\/logo\/image\/\"}}]}<\/script>\r\n<!-- \/ Yoast SEO plugin. -->","yoast_head_json":{"title":"[2020\/11\/27] F\u00f3rum Internacional sobre o Investimento e Constru\u00e7\u00e3o de Infra-estruturas contribui para a integra\u00e7\u00e3o das empresas de Macau na conjuntura do desenvolvimento nacional e explora\u00e7\u00e3o do mercado estrangeiro | Commerce and Investment Promotion Institute","robots":{"index":"index","follow":"follow","max-snippet":"max-snippet:-1","max-image-preview":"max-image-preview:large","max-video-preview":"max-video-preview:-1"},"canonical":"https:\/\/www.ipim.gov.mo\/pt-pt\/noticias-do-ipim\/20201127-forum-internacional-sobre-o-investimento-e-construcao-de-infra-estruturas-contribui-para-a-integracao-das-empresas-de-macau-na-conjuntura-do-desenvolvimento-nacional-e-exploracao-do-merca\/","og_locale":"pt_PT","og_type":"article","og_title":"[2020\/11\/27] F\u00f3rum Internacional sobre o Investimento e Constru\u00e7\u00e3o de Infra-estruturas contribui para a integra\u00e7\u00e3o das empresas de Macau na conjuntura do desenvolvimento nacional e explora\u00e7\u00e3o do mercado estrangeiro | Commerce and Investment Promotion Institute","og_description":"O 11.&ordm; F&oacute;rum Internacional sobre o Investimento e Constru&ccedil;&atilde;o de Infraestruturas ir&aacute; ser realizado entre os dias 2 e 3 de Dezembro, em Macau. Ao [&hellip;]","og_url":"https:\/\/www.ipim.gov.mo\/pt-pt\/noticias-do-ipim\/20201127-forum-internacional-sobre-o-investimento-e-construcao-de-infra-estruturas-contribui-para-a-integracao-das-empresas-de-macau-na-conjuntura-do-desenvolvimento-nacional-e-exploracao-do-merca\/","og_site_name":"Commerce and Investment Promotion Institute","article_published_time":"2020-11-27T08:50:00+00:00","og_image":[{"width":1024,"height":768,"url":"https:\/\/www.ipim.gov.mo\/wp-content\/uploads\/2024\/07\/ipim-post-default.jpg","type":"image\/jpeg"}],"author":"admin","twitter_card":"summary_large_image","twitter_misc":{"Written by":"admin","Est. reading time":"4 minutes"},"schema":{"@context":"https:\/\/schema.org","@graph":[{"@type":"WebPage","@id":"https:\/\/www.ipim.gov.mo\/pt-pt\/noticias-do-ipim\/20201127-forum-internacional-sobre-o-investimento-e-construcao-de-infra-estruturas-contribui-para-a-integracao-das-empresas-de-macau-na-conjuntura-do-desenvolvimento-nacional-e-exploracao-do-merca\/","url":"https:\/\/www.ipim.gov.mo\/pt-pt\/noticias-do-ipim\/20201127-forum-internacional-sobre-o-investimento-e-construcao-de-infra-estruturas-contribui-para-a-integracao-das-empresas-de-macau-na-conjuntura-do-desenvolvimento-nacional-e-exploracao-do-merca\/","name":"[2020\/11\/27] F\u00f3rum Internacional sobre o Investimento e Constru\u00e7\u00e3o de Infra-estruturas contribui para a integra\u00e7\u00e3o das empresas de Macau na conjuntura do desenvolvimento nacional e explora\u00e7\u00e3o do mercado estrangeiro | Commerce and Investment Promotion Institute","isPartOf":{"@id":"https:\/\/www.ipim.gov.mo\/zh-hans\/#website"},"primaryImageOfPage":{"@id":"https:\/\/www.ipim.gov.mo\/pt-pt\/noticias-do-ipim\/20201127-forum-internacional-sobre-o-investimento-e-construcao-de-infra-estruturas-contribui-para-a-integracao-das-empresas-de-macau-na-conjuntura-do-desenvolvimento-nacional-e-exploracao-do-merca\/#primaryimage"},"image":{"@id":"https:\/\/www.ipim.gov.mo\/pt-pt\/noticias-do-ipim\/20201127-forum-internacional-sobre-o-investimento-e-construcao-de-infra-estruturas-contribui-para-a-integracao-das-empresas-de-macau-na-conjuntura-do-desenvolvimento-nacional-e-exploracao-do-merca\/#primaryimage"},"thumbnailUrl":"https:\/\/www.ipim.gov.mo\/wp-content\/uploads\/2024\/07\/ipim-post-default.jpg","datePublished":"2020-11-27T08:50:00+00:00","breadcrumb":{"@id":"https:\/\/www.ipim.gov.mo\/pt-pt\/noticias-do-ipim\/20201127-forum-internacional-sobre-o-investimento-e-construcao-de-infra-estruturas-contribui-para-a-integracao-das-empresas-de-macau-na-conjuntura-do-desenvolvimento-nacional-e-exploracao-do-merca\/#breadcrumb"},"inLanguage":"pt-PT","potentialAction":[{"@type":"ReadAction","target":["https:\/\/www.ipim.gov.mo\/pt-pt\/noticias-do-ipim\/20201127-forum-internacional-sobre-o-investimento-e-construcao-de-infra-estruturas-contribui-para-a-integracao-das-empresas-de-macau-na-conjuntura-do-desenvolvimento-nacional-e-exploracao-do-merca\/"]}]},{"@type":"ImageObject","inLanguage":"pt-PT","@id":"https:\/\/www.ipim.gov.mo\/pt-pt\/noticias-do-ipim\/20201127-forum-internacional-sobre-o-investimento-e-construcao-de-infra-estruturas-contribui-para-a-integracao-das-empresas-de-macau-na-conjuntura-do-desenvolvimento-nacional-e-exploracao-do-merca\/#primaryimage","url":"https:\/\/www.ipim.gov.mo\/wp-content\/uploads\/2024\/07\/ipim-post-default.jpg","contentUrl":"https:\/\/www.ipim.gov.mo\/wp-content\/uploads\/2024\/07\/ipim-post-default.jpg","width":1024,"height":768},{"@type":"BreadcrumbList","@id":"https:\/\/www.ipim.gov.mo\/pt-pt\/noticias-do-ipim\/20201127-forum-internacional-sobre-o-investimento-e-construcao-de-infra-estruturas-contribui-para-a-integracao-das-empresas-de-macau-na-conjuntura-do-desenvolvimento-nacional-e-exploracao-do-merca\/#breadcrumb","itemListElement":[{"@type":"ListItem","position":1,"name":"Home","item":"https:\/\/www.ipim.gov.mo\/pt-pt\/"},{"@type":"ListItem","position":2,"name":"[2020\/11\/27] F\u00f3rum Internacional sobre o Investimento e Constru\u00e7\u00e3o de Infra-estruturas contribui para a integra\u00e7\u00e3o das empresas de Macau na conjuntura do desenvolvimento nacional e explora\u00e7\u00e3o do mercado estrangeiro"}]},{"@type":"WebSite","@id":"https:\/\/www.ipim.gov.mo\/zh-hans\/#website","url":"https:\/\/www.ipim.gov.mo\/zh-hans\/","name":"Commerce and Investment Promotion Institute","description":"Commerce and Investment Promotion Institute","publisher":{"@id":"https:\/\/www.ipim.gov.mo\/zh-hans\/#organization"},"potentialAction":[{"@type":"SearchAction","target":{"@type":"EntryPoint","urlTemplate":"https:\/\/www.ipim.gov.mo\/zh-hans\/?s={search_term_string}"},"query-input":{"@type":"PropertyValueSpecification","valueRequired":true,"valueName":"search_term_string"}}],"inLanguage":"pt-PT"},{"@type":"Organization","@id":"https:\/\/www.ipim.gov.mo\/zh-hans\/#organization","name":"IPIM","url":"https:\/\/www.ipim.gov.mo\/zh-hans\/","logo":{"@type":"ImageObject","inLanguage":"pt-PT","@id":"https:\/\/www.ipim.gov.mo\/zh-hans\/#\/schema\/logo\/image\/","url":"https:\/\/www.ipim.gov.mo\/wp-content\/uploads\/2022\/10\/default-post-thumbnail-ipim-logo.png","contentUrl":"https:\/\/www.ipim.gov.mo\/wp-content\/uploads\/2022\/10\/default-post-thumbnail-ipim-logo.png","width":1024,"height":768,"caption":"IPIM"},"image":{"@id":"https:\/\/www.ipim.gov.mo\/zh-hans\/#\/schema\/logo\/image\/"}}]}},"author_meta":{"display_name":"admin","author_link":"https:\/\/www.ipim.gov.mo\/pt-pt\/author\/admin\/"},"featured_img":"https:\/\/www.ipim.gov.mo\/wp-content\/uploads\/2024\/07\/ipim-post-default-300x225.jpg","coauthors":[],"tax_additional":{"categories":{"linked":["<a href=\"https:\/\/www.ipim.gov.mo\/pt-pt\/category\/noticias-do-ipim\/\" class=\"advgb-post-tax-term\">Not\u00edcias do IPIM<\/a>"],"unlinked":["<span class=\"advgb-post-tax-term\">Not\u00edcias do IPIM<\/span>"]}},"comment_count":"0","relative_dates":{"created":"Posted 5 years ago","modified":"Updated 5 years ago"},"absolute_dates":{"created":"Posted on Novembro 27, 2020","modified":"Updated on Novembro 27, 2020"},"absolute_dates_time":{"created":"Posted on Novembro 27, 2020 4:50 pm","modified":"Updated on Novembro 27, 2020 4:50 pm"},"featured_img_caption":"","series_order":"","_links":{"self":[{"href":"https:\/\/www.ipim.gov.mo\/pt-pt\/wp-json\/wp\/v2\/posts\/309326","targetHints":{"allow":["GET"]}}],"collection":[{"href":"https:\/\/www.ipim.gov.mo\/pt-pt\/wp-json\/wp\/v2\/posts"}],"about":[{"href":"https:\/\/www.ipim.gov.mo\/pt-pt\/wp-json\/wp\/v2\/types\/post"}],"author":[{"embeddable":true,"href":"https:\/\/www.ipim.gov.mo\/pt-pt\/wp-json\/wp\/v2\/users\/1"}],"replies":[{"embeddable":true,"href":"https:\/\/www.ipim.gov.mo\/pt-pt\/wp-json\/wp\/v2\/comments?post=309326"}],"version-history":[{"count":0,"href":"https:\/\/www.ipim.gov.mo\/pt-pt\/wp-json\/wp\/v2\/posts\/309326\/revisions"}],"wp:featuredmedia":[{"embeddable":true,"href":"https:\/\/www.ipim.gov.mo\/pt-pt\/wp-json\/wp\/v2\/media\/467868"}],"wp:attachment":[{"href":"https:\/\/www.ipim.gov.mo\/pt-pt\/wp-json\/wp\/v2\/media?parent=309326"}],"wp:term":[{"taxonomy":"category","embeddable":true,"href":"https:\/\/www.ipim.gov.mo\/pt-pt\/wp-json\/wp\/v2\/categories?post=309326"},{"taxonomy":"post_tag","embeddable":true,"href":"https:\/\/www.ipim.gov.mo\/pt-pt\/wp-json\/wp\/v2\/tags?post=309326"}],"curies":[{"name":"wp","href":"https:\/\/api.w.org\/{rel}","templated":true}]}}