{"id":305249,"date":"2020-10-16T18:28:00","date_gmt":"2020-10-16T10:28:00","guid":{"rendered":"https:\/\/www.ipim.gov.mo\/zh-hant\/noticias-do-ipim\/20201016-aumento-do-numero-de-pmes-na-mif-sob-a-epidemia%e3%80%80os-elementos-online-da-plpex-ultrapassaram-os-limites-comunicado-de-imprensa\/"},"modified":"2020-10-16T18:28:00","modified_gmt":"2020-10-16T10:28:00","slug":"20201016-aumento-do-numero-de-pmes-na-mif-sob-a-epidemia%e3%80%80os-elementos-online-da-plpex-ultrapassaram-os-limites-comunicado-de-imprensa","status":"publish","type":"post","link":"https:\/\/www.ipim.gov.mo\/pt-pt\/noticias-do-ipim\/20201016-aumento-do-numero-de-pmes-na-mif-sob-a-epidemia%e3%80%80os-elementos-online-da-plpex-ultrapassaram-os-limites-comunicado-de-imprensa\/","title":{"rendered":"[2020\/10\/16] Aumento do n\u00famero de PMEs na MIF sob a epidemia\u3000Os elementos online da PLPEX ultrapassaram os limites Comunicado de imprensa"},"content":{"rendered":"<p style=\"text-align:justify\">A 25.&ordf; Feira Internacional de Macau (25.&ordf; MIF) e a Exposi&ccedil;&atilde;o de Produtos e Servi&ccedil;os dos Pa&iacute;ses de L&iacute;ngua Portuguesa (Macau) 2020 (2020PLPEX) ser&atilde;o realizadas entre os dias 22 e 24 de Outubro no <em>Venetian Macao<\/em>. Este ano, ser&atilde;o refor&ccedil;ados os elementos de \u201cexposi&ccedil;&atilde;o <em>online<\/em>\u201d, incluindo salas de exposi&ccedil;&atilde;o <em>online<\/em>, bolsas de contacto <em>online<\/em>, semin&aacute;rios <em>online<\/em> e transmiss&atilde;o ao vivo das actividades, de forma a elevar a efic&aacute;cia atrav&eacute;s da combina&ccedil;&atilde;o dos m&eacute;todos <em>online<\/em> e <em>offline<\/em>. Al&eacute;m disso, h&aacute; um aumento do n&uacute;mero de expositores na Zona de Exposi&ccedil;&atilde;o das Pequenas e M&eacute;dias Empresas de Macau, entre esses, 40% participam pela primeira vez.<\/p>\n<p style=\"text-align:justify\"><strong>A combina&ccedil;&atilde;o <em>online<\/em> e <em>offline<\/em> contribui para uma coopera&ccedil;&atilde;o perfeita<\/strong><\/p>\n<p style=\"text-align:justify\">Com os impactos trazidos pela epidemia causada pelo novo tipo de coronav&iacute;rus, os presentes eventos procuram ultrapassar os limites espaciais atrav&eacute;s da potencializa&ccedil;&atilde;o das salas de exposi&ccedil;&atilde;o <em>online<\/em>, construindo uma plataforma de interc&acirc;mbio e comunica&ccedil;&atilde;o para as empresas participantes de todo o mundo, em particular, para aquelas que n&atilde;o possam particip&aacute;-los presencialmente. A entidade organizadora tamb&eacute;m ir&aacute; organizar bolsas de contacto <em>online<\/em> direccionadas &agrave;s PMEs, ajud&aacute;-las a digitalizar os seus produtos e neg&oacute;cios, entre outros. A mesma ir&aacute; instalar a zona de bolsas de contactos em nuvem no Pavilh&atilde;o de Macau, onde est&aacute; equipada com salas de videoconfer&ecirc;ncia <em>online<\/em>, no sentido de prestar aos comerciantes servi&ccedil;os de bolsas de contacto \u201cum a um\u201d sob as formas \u201c<em>online<\/em>&#8211;<em>offline<\/em>\u201d e \u201c<em>online<\/em>&#8211;<em>online<\/em>\u201d. Por outro lado, para optimizar a experi&ecirc;ncia e os procedimentos de bolsas de contactos dos comerciantes mediante o aproveitamento de meios tecnol&oacute;gicos, o IPIM lan&ccedil;a a aplica&ccedil;&atilde;o de telem&oacute;vel \u201cScan2Match\u201d e, atrav&eacute;s da qual, os comerciantes podem, a qualquer momento, consultar a agenda das bolsas de contactos e, antes dos encontros e negocia&ccedil;&otilde;es, bastam digitalizar o c&oacute;digo QR espec&iacute;fico e os respectivos registos ser&atilde;o guardados automaticamente nessa aplica&ccedil;&atilde;o, para que possam ser consultados a qualquer momento. A \u201cScan2Match\u201d disp&otilde;e de uma lista de expositores, o que facilitar&aacute; a procura antecipada de empresas do seu interesse e o aceleramento dos procedimentos de bolsas de contactos <em>in loco<\/em>. A par disso, a entidade organizadora proceder&aacute; &agrave; recolha de dados e question&aacute;rios em tempo real para ter conhecimento das situa&ccedil;&otilde;es de negocia&ccedil;&otilde;es <em>in loco<\/em> e do <em>feedback<\/em> de comerciantes, contribuindo, assim, para a optimiza&ccedil;&atilde;o da experi&ecirc;ncia dos utilizadores nos aspectos da velocidade e da qualidade. No local dos eventos, ser&atilde;o adicionados elementos de transmiss&atilde;o ao vivo, a fim de alargar os canais de promo&ccedil;&atilde;o dos expositores.<\/p>\n<p style=\"text-align:justify\"><strong>Cria&ccedil;&atilde;o de oportunidades de neg&oacute;cios com as PMEs<\/strong><\/p>\n<p style=\"text-align:justify\">A 25.&ordf; MIF visa ajudar as PMEs a criarem oportunidades de neg&oacute;cios sob a epidemia. O n&uacute;mero de empresas participantes na Zona de Exposi&ccedil;&atilde;o das Pequenas e M&eacute;dias Empresas de Macau aumentou de dois d&iacute;gitos, no ano passado, para tr&ecirc;s d&iacute;gitos, mais de 100 empresas, dentro dos quais 40% participam no evento pela primeira vez. A 2020PLPEX disp&otilde;e ainda o Pavilh&atilde;o de Exposi&ccedil;&atilde;o de Produtos dos Pa&iacute;ses de L&iacute;ngua Portuguesa, dedicado aos expositores dos pa&iacute;ses de l&iacute;ngua portuguesa que n&atilde;o possam exibir os seus produtos e servi&ccedil;os <em>in loco<\/em>.<\/p>\n<p style=\"text-align:justify\">A MIF, sendo uma feira de Macau dedicada &agrave; promo&ccedil;&atilde;o do com&eacute;rcio e do investimento, tem envidado esfor&ccedil;os para estabelecer o com&eacute;rcio multilateral. A PLPEX, sendo uma exposi&ccedil;&atilde;o dedicada &agrave; promo&ccedil;&atilde;o de produtos e servi&ccedil;os dos pa&iacute;ses de l&iacute;ngua portuguesa, continuar&aacute; a impulsionar a constru&ccedil;&atilde;o de Macau enquanto plataforma sino-lus&oacute;fona e o seu papel de \u201cTr&ecirc;s Centros\u201d.<\/p>\n<p style=\"text-align:justify\">Para quaisquer esclarecimentos, agradecemos que contacte o Centro Administrativo e de Servi&ccedil;os da MIF, atrav&eacute;s do telefone (853) 2882 8711, ou por email, <span style=\"text-decoration:underline\">info@mif.com.mo<\/span> ou <span style=\"text-decoration:underline\">info@plpex.mo<\/span>. Para mais novidades, adicione a conta WeChat MICE_IPIM, ou visite a p&aacute;gina oficial dos eventos, atrav&eacute;s de <span style=\"text-decoration:underline\">www.mif.com.mo<\/span> e <span style=\"text-decoration:underline\">www.plpex.mo<\/span>.<\/p>\n<div class=\"wp-caption alignnone\">\n                <a href=\"https:\/\/www.gcs.gov.mo\/news\/p\/P20JPbFhu6\/l\" class=\"fancybox\"><br \/>\n                <img decoding=\"async\" class=\"size-large\" src=\"https:\/\/www.gcs.gov.mo\/news\/p\/P20JPbFhu6\/l\" alt=\"A realiza\u00e7\u00e3o simult\u00e2nea dos tr\u00eas eventos na presente edi\u00e7\u00e3o ultrapassou os limites espaciais mediante cria\u00e7\u00e3o de salas de exposi\u00e7\u00e3o online, construindo, assim, uma plataforma de interc\u00e2mbio e comunica\u00e7\u00e3o para as empresas de todo o mundo, em particular, para aqueles que n\u00e3o possam particip\u00e1-los presencialmente.\" width=\"1024\"><br \/>\n                <\/a><\/p>\n<p class=\"wp-caption-text\">A realiza\u00e7\u00e3o simult\u00e2nea dos tr\u00eas eventos na presente edi\u00e7\u00e3o ultrapassou os limites espaciais mediante cria\u00e7\u00e3o de salas de exposi\u00e7\u00e3o online, construindo, assim, uma plataforma de interc\u00e2mbio e comunica\u00e7\u00e3o para as empresas de todo o mundo, em particular, para aqueles que n\u00e3o possam particip\u00e1-los presencialmente.<\/p>\n<\/p><\/div>\n","protected":false},"excerpt":{"rendered":"<p>A 25.&ordf; Feira Internacional de Macau (25.&ordf; MIF) e a Exposi&ccedil;&atilde;o de Produtos e Servi&ccedil;os dos Pa&iacute;ses de L&iacute;ngua Portuguesa (Macau) 2020 (2020PLPEX) ser&atilde;o realizadas [&hellip;]<\/p>\n","protected":false},"author":1,"featured_media":467868,"comment_status":"closed","ping_status":"closed","sticky":false,"template":"","format":"standard","meta":{"_acf_changed":false,"inline_featured_image":false,"advgb_blocks_editor_width":"","advgb_blocks_columns_visual_guide":"","footnotes":""},"categories":[12],"tags":[],"class_list":["post-305249","post","type-post","status-publish","format-standard","has-post-thumbnail","hentry","category-noticias-do-ipim"],"acf":[],"yoast_head":"<!-- This site is optimized with the Yoast SEO plugin v26.2 - https:\/\/yoast.com\/wordpress\/plugins\/seo\/ -->\r\n<title>[2020\/10\/16] Aumento do n\u00famero de PMEs na MIF sob a epidemia\u3000Os elementos online da PLPEX ultrapassaram os limites Comunicado de imprensa | Commerce and Investment Promotion Institute<\/title>\r\n<meta name=\"robots\" content=\"index, follow, max-snippet:-1, max-image-preview:large, max-video-preview:-1\" \/>\r\n<link rel=\"canonical\" href=\"https:\/\/www.ipim.gov.mo\/pt-pt\/noticias-do-ipim\/20201016-aumento-do-numero-de-pmes-na-mif-sob-a-epidemia\u3000os-elementos-online-da-plpex-ultrapassaram-os-limites-comunicado-de-imprensa\/\" \/>\r\n<meta property=\"og:locale\" content=\"pt_PT\" \/>\r\n<meta property=\"og:type\" content=\"article\" \/>\r\n<meta property=\"og:title\" content=\"[2020\/10\/16] Aumento do n\u00famero de PMEs na MIF sob a epidemia\u3000Os elementos online da PLPEX ultrapassaram os limites Comunicado de imprensa | Commerce and Investment Promotion Institute\" \/>\r\n<meta property=\"og:description\" content=\"A 25.&ordf; Feira Internacional de Macau (25.&ordf; MIF) e a Exposi&ccedil;&atilde;o de Produtos e Servi&ccedil;os dos Pa&iacute;ses de L&iacute;ngua Portuguesa (Macau) 2020 (2020PLPEX) ser&atilde;o realizadas [&hellip;]\" \/>\r\n<meta property=\"og:url\" content=\"https:\/\/www.ipim.gov.mo\/pt-pt\/noticias-do-ipim\/20201016-aumento-do-numero-de-pmes-na-mif-sob-a-epidemia\u3000os-elementos-online-da-plpex-ultrapassaram-os-limites-comunicado-de-imprensa\/\" \/>\r\n<meta property=\"og:site_name\" content=\"Commerce and Investment Promotion Institute\" \/>\r\n<meta property=\"article:published_time\" content=\"2020-10-16T10:28:00+00:00\" \/>\r\n<meta property=\"og:image\" content=\"https:\/\/www.ipim.gov.mo\/wp-content\/uploads\/2024\/07\/ipim-post-default.jpg\" \/>\r\n\t<meta property=\"og:image:width\" content=\"1024\" \/>\r\n\t<meta property=\"og:image:height\" content=\"768\" \/>\r\n\t<meta property=\"og:image:type\" content=\"image\/jpeg\" \/>\r\n<meta name=\"author\" content=\"admin\" \/>\r\n<meta name=\"twitter:card\" content=\"summary_large_image\" \/>\r\n<meta name=\"twitter:label1\" content=\"Written by\" \/>\n\t<meta name=\"twitter:data1\" content=\"admin\" \/>\n\t<meta name=\"twitter:label2\" content=\"Est. reading time\" \/>\n\t<meta name=\"twitter:data2\" content=\"4 minutes\" \/>\r\n<script type=\"application\/ld+json\" class=\"yoast-schema-graph\">{\"@context\":\"https:\/\/schema.org\",\"@graph\":[{\"@type\":\"WebPage\",\"@id\":\"https:\/\/www.ipim.gov.mo\/pt-pt\/noticias-do-ipim\/20201016-aumento-do-numero-de-pmes-na-mif-sob-a-epidemia%e3%80%80os-elementos-online-da-plpex-ultrapassaram-os-limites-comunicado-de-imprensa\/\",\"url\":\"https:\/\/www.ipim.gov.mo\/pt-pt\/noticias-do-ipim\/20201016-aumento-do-numero-de-pmes-na-mif-sob-a-epidemia%e3%80%80os-elementos-online-da-plpex-ultrapassaram-os-limites-comunicado-de-imprensa\/\",\"name\":\"[2020\/10\/16] Aumento do n\u00famero de PMEs na MIF sob a epidemia\u3000Os elementos online da PLPEX ultrapassaram os limites Comunicado de imprensa | Commerce and Investment Promotion Institute\",\"isPartOf\":{\"@id\":\"https:\/\/www.ipim.gov.mo\/zh-hans\/#website\"},\"primaryImageOfPage\":{\"@id\":\"https:\/\/www.ipim.gov.mo\/pt-pt\/noticias-do-ipim\/20201016-aumento-do-numero-de-pmes-na-mif-sob-a-epidemia%e3%80%80os-elementos-online-da-plpex-ultrapassaram-os-limites-comunicado-de-imprensa\/#primaryimage\"},\"image\":{\"@id\":\"https:\/\/www.ipim.gov.mo\/pt-pt\/noticias-do-ipim\/20201016-aumento-do-numero-de-pmes-na-mif-sob-a-epidemia%e3%80%80os-elementos-online-da-plpex-ultrapassaram-os-limites-comunicado-de-imprensa\/#primaryimage\"},\"thumbnailUrl\":\"https:\/\/www.ipim.gov.mo\/wp-content\/uploads\/2024\/07\/ipim-post-default.jpg\",\"datePublished\":\"2020-10-16T10:28:00+00:00\",\"breadcrumb\":{\"@id\":\"https:\/\/www.ipim.gov.mo\/pt-pt\/noticias-do-ipim\/20201016-aumento-do-numero-de-pmes-na-mif-sob-a-epidemia%e3%80%80os-elementos-online-da-plpex-ultrapassaram-os-limites-comunicado-de-imprensa\/#breadcrumb\"},\"inLanguage\":\"pt-PT\",\"potentialAction\":[{\"@type\":\"ReadAction\",\"target\":[\"https:\/\/www.ipim.gov.mo\/pt-pt\/noticias-do-ipim\/20201016-aumento-do-numero-de-pmes-na-mif-sob-a-epidemia%e3%80%80os-elementos-online-da-plpex-ultrapassaram-os-limites-comunicado-de-imprensa\/\"]}]},{\"@type\":\"ImageObject\",\"inLanguage\":\"pt-PT\",\"@id\":\"https:\/\/www.ipim.gov.mo\/pt-pt\/noticias-do-ipim\/20201016-aumento-do-numero-de-pmes-na-mif-sob-a-epidemia%e3%80%80os-elementos-online-da-plpex-ultrapassaram-os-limites-comunicado-de-imprensa\/#primaryimage\",\"url\":\"https:\/\/www.ipim.gov.mo\/wp-content\/uploads\/2024\/07\/ipim-post-default.jpg\",\"contentUrl\":\"https:\/\/www.ipim.gov.mo\/wp-content\/uploads\/2024\/07\/ipim-post-default.jpg\",\"width\":1024,\"height\":768},{\"@type\":\"BreadcrumbList\",\"@id\":\"https:\/\/www.ipim.gov.mo\/pt-pt\/noticias-do-ipim\/20201016-aumento-do-numero-de-pmes-na-mif-sob-a-epidemia%e3%80%80os-elementos-online-da-plpex-ultrapassaram-os-limites-comunicado-de-imprensa\/#breadcrumb\",\"itemListElement\":[{\"@type\":\"ListItem\",\"position\":1,\"name\":\"Home\",\"item\":\"https:\/\/www.ipim.gov.mo\/pt-pt\/\"},{\"@type\":\"ListItem\",\"position\":2,\"name\":\"[2020\/10\/16] Aumento do n\u00famero de PMEs na MIF sob a epidemia\u3000Os elementos online da PLPEX ultrapassaram os limites Comunicado de imprensa\"}]},{\"@type\":\"WebSite\",\"@id\":\"https:\/\/www.ipim.gov.mo\/zh-hans\/#website\",\"url\":\"https:\/\/www.ipim.gov.mo\/zh-hans\/\",\"name\":\"Commerce and Investment Promotion Institute\",\"description\":\"Commerce and Investment Promotion Institute\",\"publisher\":{\"@id\":\"https:\/\/www.ipim.gov.mo\/zh-hans\/#organization\"},\"potentialAction\":[{\"@type\":\"SearchAction\",\"target\":{\"@type\":\"EntryPoint\",\"urlTemplate\":\"https:\/\/www.ipim.gov.mo\/zh-hans\/?s={search_term_string}\"},\"query-input\":{\"@type\":\"PropertyValueSpecification\",\"valueRequired\":true,\"valueName\":\"search_term_string\"}}],\"inLanguage\":\"pt-PT\"},{\"@type\":\"Organization\",\"@id\":\"https:\/\/www.ipim.gov.mo\/zh-hans\/#organization\",\"name\":\"IPIM\",\"url\":\"https:\/\/www.ipim.gov.mo\/zh-hans\/\",\"logo\":{\"@type\":\"ImageObject\",\"inLanguage\":\"pt-PT\",\"@id\":\"https:\/\/www.ipim.gov.mo\/zh-hans\/#\/schema\/logo\/image\/\",\"url\":\"https:\/\/www.ipim.gov.mo\/wp-content\/uploads\/2022\/10\/default-post-thumbnail-ipim-logo.png\",\"contentUrl\":\"https:\/\/www.ipim.gov.mo\/wp-content\/uploads\/2022\/10\/default-post-thumbnail-ipim-logo.png\",\"width\":1024,\"height\":768,\"caption\":\"IPIM\"},\"image\":{\"@id\":\"https:\/\/www.ipim.gov.mo\/zh-hans\/#\/schema\/logo\/image\/\"}}]}<\/script>\r\n<!-- \/ Yoast SEO plugin. -->","yoast_head_json":{"title":"[2020\/10\/16] Aumento do n\u00famero de PMEs na MIF sob a epidemia\u3000Os elementos online da PLPEX ultrapassaram os limites Comunicado de imprensa | Commerce and Investment Promotion Institute","robots":{"index":"index","follow":"follow","max-snippet":"max-snippet:-1","max-image-preview":"max-image-preview:large","max-video-preview":"max-video-preview:-1"},"canonical":"https:\/\/www.ipim.gov.mo\/pt-pt\/noticias-do-ipim\/20201016-aumento-do-numero-de-pmes-na-mif-sob-a-epidemia\u3000os-elementos-online-da-plpex-ultrapassaram-os-limites-comunicado-de-imprensa\/","og_locale":"pt_PT","og_type":"article","og_title":"[2020\/10\/16] Aumento do n\u00famero de PMEs na MIF sob a epidemia\u3000Os elementos online da PLPEX ultrapassaram os limites Comunicado de imprensa | Commerce and Investment Promotion Institute","og_description":"A 25.&ordf; Feira Internacional de Macau (25.&ordf; MIF) e a Exposi&ccedil;&atilde;o de Produtos e Servi&ccedil;os dos Pa&iacute;ses de L&iacute;ngua Portuguesa (Macau) 2020 (2020PLPEX) ser&atilde;o realizadas [&hellip;]","og_url":"https:\/\/www.ipim.gov.mo\/pt-pt\/noticias-do-ipim\/20201016-aumento-do-numero-de-pmes-na-mif-sob-a-epidemia\u3000os-elementos-online-da-plpex-ultrapassaram-os-limites-comunicado-de-imprensa\/","og_site_name":"Commerce and Investment Promotion Institute","article_published_time":"2020-10-16T10:28:00+00:00","og_image":[{"width":1024,"height":768,"url":"https:\/\/www.ipim.gov.mo\/wp-content\/uploads\/2024\/07\/ipim-post-default.jpg","type":"image\/jpeg"}],"author":"admin","twitter_card":"summary_large_image","twitter_misc":{"Written by":"admin","Est. reading time":"4 minutes"},"schema":{"@context":"https:\/\/schema.org","@graph":[{"@type":"WebPage","@id":"https:\/\/www.ipim.gov.mo\/pt-pt\/noticias-do-ipim\/20201016-aumento-do-numero-de-pmes-na-mif-sob-a-epidemia%e3%80%80os-elementos-online-da-plpex-ultrapassaram-os-limites-comunicado-de-imprensa\/","url":"https:\/\/www.ipim.gov.mo\/pt-pt\/noticias-do-ipim\/20201016-aumento-do-numero-de-pmes-na-mif-sob-a-epidemia%e3%80%80os-elementos-online-da-plpex-ultrapassaram-os-limites-comunicado-de-imprensa\/","name":"[2020\/10\/16] Aumento do n\u00famero de PMEs na MIF sob a epidemia\u3000Os elementos online da PLPEX ultrapassaram os limites Comunicado de imprensa | Commerce and Investment Promotion Institute","isPartOf":{"@id":"https:\/\/www.ipim.gov.mo\/zh-hans\/#website"},"primaryImageOfPage":{"@id":"https:\/\/www.ipim.gov.mo\/pt-pt\/noticias-do-ipim\/20201016-aumento-do-numero-de-pmes-na-mif-sob-a-epidemia%e3%80%80os-elementos-online-da-plpex-ultrapassaram-os-limites-comunicado-de-imprensa\/#primaryimage"},"image":{"@id":"https:\/\/www.ipim.gov.mo\/pt-pt\/noticias-do-ipim\/20201016-aumento-do-numero-de-pmes-na-mif-sob-a-epidemia%e3%80%80os-elementos-online-da-plpex-ultrapassaram-os-limites-comunicado-de-imprensa\/#primaryimage"},"thumbnailUrl":"https:\/\/www.ipim.gov.mo\/wp-content\/uploads\/2024\/07\/ipim-post-default.jpg","datePublished":"2020-10-16T10:28:00+00:00","breadcrumb":{"@id":"https:\/\/www.ipim.gov.mo\/pt-pt\/noticias-do-ipim\/20201016-aumento-do-numero-de-pmes-na-mif-sob-a-epidemia%e3%80%80os-elementos-online-da-plpex-ultrapassaram-os-limites-comunicado-de-imprensa\/#breadcrumb"},"inLanguage":"pt-PT","potentialAction":[{"@type":"ReadAction","target":["https:\/\/www.ipim.gov.mo\/pt-pt\/noticias-do-ipim\/20201016-aumento-do-numero-de-pmes-na-mif-sob-a-epidemia%e3%80%80os-elementos-online-da-plpex-ultrapassaram-os-limites-comunicado-de-imprensa\/"]}]},{"@type":"ImageObject","inLanguage":"pt-PT","@id":"https:\/\/www.ipim.gov.mo\/pt-pt\/noticias-do-ipim\/20201016-aumento-do-numero-de-pmes-na-mif-sob-a-epidemia%e3%80%80os-elementos-online-da-plpex-ultrapassaram-os-limites-comunicado-de-imprensa\/#primaryimage","url":"https:\/\/www.ipim.gov.mo\/wp-content\/uploads\/2024\/07\/ipim-post-default.jpg","contentUrl":"https:\/\/www.ipim.gov.mo\/wp-content\/uploads\/2024\/07\/ipim-post-default.jpg","width":1024,"height":768},{"@type":"BreadcrumbList","@id":"https:\/\/www.ipim.gov.mo\/pt-pt\/noticias-do-ipim\/20201016-aumento-do-numero-de-pmes-na-mif-sob-a-epidemia%e3%80%80os-elementos-online-da-plpex-ultrapassaram-os-limites-comunicado-de-imprensa\/#breadcrumb","itemListElement":[{"@type":"ListItem","position":1,"name":"Home","item":"https:\/\/www.ipim.gov.mo\/pt-pt\/"},{"@type":"ListItem","position":2,"name":"[2020\/10\/16] Aumento do n\u00famero de PMEs na MIF sob a epidemia\u3000Os elementos online da PLPEX ultrapassaram os limites Comunicado de imprensa"}]},{"@type":"WebSite","@id":"https:\/\/www.ipim.gov.mo\/zh-hans\/#website","url":"https:\/\/www.ipim.gov.mo\/zh-hans\/","name":"Commerce and Investment Promotion Institute","description":"Commerce and Investment Promotion Institute","publisher":{"@id":"https:\/\/www.ipim.gov.mo\/zh-hans\/#organization"},"potentialAction":[{"@type":"SearchAction","target":{"@type":"EntryPoint","urlTemplate":"https:\/\/www.ipim.gov.mo\/zh-hans\/?s={search_term_string}"},"query-input":{"@type":"PropertyValueSpecification","valueRequired":true,"valueName":"search_term_string"}}],"inLanguage":"pt-PT"},{"@type":"Organization","@id":"https:\/\/www.ipim.gov.mo\/zh-hans\/#organization","name":"IPIM","url":"https:\/\/www.ipim.gov.mo\/zh-hans\/","logo":{"@type":"ImageObject","inLanguage":"pt-PT","@id":"https:\/\/www.ipim.gov.mo\/zh-hans\/#\/schema\/logo\/image\/","url":"https:\/\/www.ipim.gov.mo\/wp-content\/uploads\/2022\/10\/default-post-thumbnail-ipim-logo.png","contentUrl":"https:\/\/www.ipim.gov.mo\/wp-content\/uploads\/2022\/10\/default-post-thumbnail-ipim-logo.png","width":1024,"height":768,"caption":"IPIM"},"image":{"@id":"https:\/\/www.ipim.gov.mo\/zh-hans\/#\/schema\/logo\/image\/"}}]}},"author_meta":{"display_name":"admin","author_link":"https:\/\/www.ipim.gov.mo\/pt-pt\/author\/admin\/"},"featured_img":"https:\/\/www.ipim.gov.mo\/wp-content\/uploads\/2024\/07\/ipim-post-default-300x225.jpg","coauthors":[],"tax_additional":{"categories":{"linked":["<a href=\"https:\/\/www.ipim.gov.mo\/pt-pt\/category\/noticias-do-ipim\/\" class=\"advgb-post-tax-term\">Not\u00edcias do IPIM<\/a>"],"unlinked":["<span class=\"advgb-post-tax-term\">Not\u00edcias do IPIM<\/span>"]}},"comment_count":"0","relative_dates":{"created":"Posted 6 years ago","modified":"Updated 6 years ago"},"absolute_dates":{"created":"Posted on Outubro 16, 2020","modified":"Updated on Outubro 16, 2020"},"absolute_dates_time":{"created":"Posted on Outubro 16, 2020 6:28 pm","modified":"Updated on Outubro 16, 2020 6:28 pm"},"featured_img_caption":"","series_order":"","_links":{"self":[{"href":"https:\/\/www.ipim.gov.mo\/pt-pt\/wp-json\/wp\/v2\/posts\/305249","targetHints":{"allow":["GET"]}}],"collection":[{"href":"https:\/\/www.ipim.gov.mo\/pt-pt\/wp-json\/wp\/v2\/posts"}],"about":[{"href":"https:\/\/www.ipim.gov.mo\/pt-pt\/wp-json\/wp\/v2\/types\/post"}],"author":[{"embeddable":true,"href":"https:\/\/www.ipim.gov.mo\/pt-pt\/wp-json\/wp\/v2\/users\/1"}],"replies":[{"embeddable":true,"href":"https:\/\/www.ipim.gov.mo\/pt-pt\/wp-json\/wp\/v2\/comments?post=305249"}],"version-history":[{"count":0,"href":"https:\/\/www.ipim.gov.mo\/pt-pt\/wp-json\/wp\/v2\/posts\/305249\/revisions"}],"wp:featuredmedia":[{"embeddable":true,"href":"https:\/\/www.ipim.gov.mo\/pt-pt\/wp-json\/wp\/v2\/media\/467868"}],"wp:attachment":[{"href":"https:\/\/www.ipim.gov.mo\/pt-pt\/wp-json\/wp\/v2\/media?parent=305249"}],"wp:term":[{"taxonomy":"category","embeddable":true,"href":"https:\/\/www.ipim.gov.mo\/pt-pt\/wp-json\/wp\/v2\/categories?post=305249"},{"taxonomy":"post_tag","embeddable":true,"href":"https:\/\/www.ipim.gov.mo\/pt-pt\/wp-json\/wp\/v2\/tags?post=305249"}],"curies":[{"name":"wp","href":"https:\/\/api.w.org\/{rel}","templated":true}]}}