{"id":268350,"date":"2019-10-17T03:43:36","date_gmt":"2019-10-16T19:43:36","guid":{"rendered":"https:\/\/www.ipim.gov.mo\/pt-pt\/20191017-the-24th-macao-international-trade-investment-fair-and-2019-portuguese-speaking-countries-products-and-services-exhibition-macao-kicks-off-following-the-trends-of-national-development\/"},"modified":"2019-10-21T15:50:56","modified_gmt":"2019-10-21T07:50:56","slug":"20191017-the-24th-macao-international-trade-investment-fair-and-2019-portuguese-speaking-countries-products-and-services-exhibition-macao-kicks-off-following-the-trends-of-national-development","status":"publish","type":"post","link":"https:\/\/www.ipim.gov.mo\/pt-pt\/noticias-do-ipim\/20191017-the-24th-macao-international-trade-investment-fair-and-2019-portuguese-speaking-countries-products-and-services-exhibition-macao-kicks-off-following-the-trends-of-national-development\/","title":{"rendered":"[2019\/10\/17] Foram hoje inauguradas a 24.\u00aa Feira Internacional de Macau e a Exposi\u00e7\u00e3o de Produtos e Servi\u00e7os do Pa\u00edses de L\u00edngua Portuguesa (Macau) 2019 Aproveitando o \u201cindicador de vento\u201d do desenvolvimento nacional para construir uma plataforma de emparelhamento eficaz"},"content":{"rendered":"<p>A 24.\u00aa Feira Internacional de Macau (24.\u00aa MIF) e a Exposi\u00e7\u00e3o de Produtos e Servi\u00e7os dos Pa\u00edses de L\u00edngua Portuguesa (Macau) 2019 (2019PLPEX) foram inauguradas hoje, dia 17 de Outubro, no <em>The <\/em><em>Venetian Macao<\/em>, contando com a presen\u00e7a dos convidados de honra, como o Doutor Chui Sai On, Chefe do Executivo da Regi\u00e3o Administrativa Especial de Macau (RAEM). Comerciantes oriundos de todo o mundo re\u00fanem-se em Macau para explorar em conjunto oportunidades de neg\u00f3cio.<\/p>\n<p>Na cerim\u00f3nia de abertura, o Secret\u00e1rio para a Economia e Finan\u00e7as do Governo da RAEM, Dr. Leong Vai Tac, apontou no seu discurso que o ano corrente coincide com o 70.\u00ba anivers\u00e1rio da funda\u00e7\u00e3o da Rep\u00fablica Popular da China e o 20.\u00ba anivers\u00e1rio do retorno de Macau \u00e0 p\u00e1tria, altura em que mais oportunidades de desenvolvimento est\u00e3o \u00e0 nossa espera. As Linhas Gerais do Planeamento para o Desenvolvimento da Grande Ba\u00eda Guangdong\u2013Hong Kong\u2013Macau, publicadas no in\u00edcio deste ano, chegaram a encarregar Macau da constru\u00e7\u00e3o de \u201cUm Centro, Uma Plataforma, Uma Base\u201d (O Centro Mundial de Turismo e Lazer, a Plataforma de Servi\u00e7os para a Coopera\u00e7\u00e3o Comercial entre a China e os Pa\u00edses de L\u00edngua Portuguesa e a Base de Interc\u00e2mbio e Coopera\u00e7\u00e3o que, tendo a cultura chinesa como a cultura predominante, promova a coexist\u00eancia de diversas culturas), tendo ainda definido Macau como uma das quatro cidades principais na constru\u00e7\u00e3o da Grande Ba\u00eda, bem como um dos motores essenciais no desenvolvimento regional. Al\u00e9m de dar maior for\u00e7a motivadora para acelerar o desenvolvimento da diversifica\u00e7\u00e3o adequada da economia, as Linhas Gerais tamb\u00e9m trazem a Macau desafios. Para o efeito, Macau ir\u00e1 potenciar melhor as suas vantagens, decorrentes do contacto estreito com os pa\u00edses lus\u00f3fonos, os pa\u00edses do Sudeste Asi\u00e1tico e os da Uni\u00e3o Europeia. Em conjuga\u00e7\u00e3o com o conceito de \u201c+Macau\u201d e tendo a l\u00edngua e a cultura como la\u00e7os, a coopera\u00e7\u00e3o econ\u00f3mica e comercial como tema, o emparelhamento industrial e os servi\u00e7os profissionais como suporte e o desenvolvimento comum como meta, Macau poder\u00e1 servir as diversas cidades da Grande Ba\u00eda na sua abertura ao exterior com boa qualidade, explorando, nomeadamente, os mercados dos pa\u00edses lus\u00f3fonos, os mercados ao longo da \u201cFaixa e Rota\u201d e outros mercados internacionais. Ir\u00e1 continuar empenhado em elevar o n\u00edvel dos servi\u00e7os de conven\u00e7\u00f5es e exposi\u00e7\u00f5es e a sua competitividade internacional, maximizar os efeitos sinerg\u00e9ticos e orientadores do sector das conven\u00e7\u00f5es e exposi\u00e7\u00f5es, no sentido de fornecer \u00e0s empresas e institui\u00e7\u00f5es de promo\u00e7\u00e3o do com\u00e9rcio locais e do exterior uma plataforma de emparelhamento eficaz e facilitar o desenvolvimento da diversifica\u00e7\u00e3o adequada da economia local e o desempenho das suas fun\u00e7\u00f5es de plataforma.<\/p>\n<p>No primeiro dia da MIF, tiveram lugar a 9.\u00aa Cimeira para o Desenvolvimento Comercial e Industrial da Prov\u00edncia de Jiangsu, Macau e dos Pa\u00edses de L\u00edngua Portuguesa e o F\u00f3rum de Coopera\u00e7\u00e3o Jiangsu\u2013Macau\u2013Cabo Verde, tendo como entidade organizadora o Governo Popular da Prov\u00edncia de Jiangsu e entidades especiais de coopera\u00e7\u00e3o a Ag\u00eancia de Promo\u00e7\u00e3o de Investimento e Exporta\u00e7\u00f5es de Cabo Verde e o Instituto de Promo\u00e7\u00e3o do Com\u00e9rcio e do Investimento de Macau (IPIM). Teve tamb\u00e9m lugar a cerim\u00f3nia de assinatura de acordos. Paralelamente, uma s\u00e9rie de actividades foi realizada, tais como o Workshop de Promo\u00e7\u00e3o dos Produtos do Macao Ideas; a Sess\u00e3o de Interc\u00e2mbio Econ\u00f3mico e Comercial entre os Pa\u00edses de L\u00edngua Portuguesa, Fujian e Macau; a Confer\u00eancia de Promo\u00e7\u00e3o da Coopera\u00e7\u00e3o Zhuhai\u2013Macau \u2014 Concretizar o Desenvolvimento Integrado de Zhuhai e Macau e Reunir For\u00e7as para uma Situa\u00e7\u00e3o de Benef\u00edcios M\u00fatuos; a Cerim\u00f3nia de Abertura do \u201cFestival de Moda de Macau 2019\u201d; o Desfile de Moda da Iniciativa \u201cUma Faixa Uma Rota\u201d; entre outras.<\/p>\n<p>A \u00e1rea de exposi\u00e7\u00e3o da presente edi\u00e7\u00e3o da MIF atinge cerca de 24 mil metros quadrados e conta com quase 1.500\u00a0<em>stands\u00a0<\/em>de exposi\u00e7\u00e3o, bem como com o Pavilh\u00e3o Tem\u00e1tico de Cabo Verde e o Pavilh\u00e3o Tem\u00e1tico da Prov\u00edncia de Jiangsu, instalados respectivamente pelo Pa\u00eds Parceiro e pela Prov\u00edncia Parceira deste ano. Foram criados, pela primeira vez, a Zona de Inova\u00e7\u00e3o Cient\u00edfica e Tecnol\u00f3gica, a Zona de Exposi\u00e7\u00e3o do Novo Modelo de Venda a Retalho Transfronteiri\u00e7a e o Pavilh\u00e3o de Produtos Brasileiros. Al\u00e9m disso, a MIF continua a ter pavilh\u00f5es tem\u00e1ticos de com\u00e9rcio e economia das prov\u00edncias e cidades do Interior da China e dos pa\u00edses e regi\u00f5es estrangeiros, assim como zonas de exposi\u00e7\u00e3o tem\u00e1ticas. Os conte\u00fados da exposi\u00e7\u00e3o abrangem o ambiente e projectos de investimentos, nacionais e estrangeiros, assim como o sector financeiro com caracter\u00edsticas pr\u00f3prias, produtos alimentares e vinhos, ind\u00fastrias culturais e criativas, tecnologias inteligentes, design de moda, cuidados de sa\u00fade, com\u00e9rcio electr\u00f3nico, etc., sendo exibidos e vendidos ainda produtos de pequenas e m\u00e9dias empresas.\u00a0 O primeiro dia da MIF testemunhou numerosos interc\u00e2mbios e negocia\u00e7\u00f5es entre os expositores e comerciantes.<\/p>\n<p>A presente edi\u00e7\u00e3o da PLPEX, por sua vez, ocupa uma \u00e1rea de cerca de 6 mil metros quadrados, e h\u00e1 aproximadamente 250\u00a0<em>stands\u00a0<\/em>de exposi\u00e7\u00e3o. Foi criada no recinto, pela primeira vez, a Zona de Exibi\u00e7\u00e3o dos Trabalhos da Plataforma de Coopera\u00e7\u00e3o entre a China e os Pa\u00edses de L\u00edngua Portuguesa, no sentido de apresentar o papel de Macau enquanto plataforma e ponte na promo\u00e7\u00e3o da coopera\u00e7\u00e3o entre os dois lados. Foram tamb\u00e9m realizados, neste primeiro dia, a Sess\u00e3o de Bolsa de Contactos Alusiva a Vinhos e Produtos Alimentares dos Pa\u00edses de L\u00edngua Portuguesa da 2019PLPEX, a Confer\u00eancia de Promo\u00e7\u00e3o do \u201cPavilh\u00e3o de Mercadorias de Macau e de Pa\u00edses de L\u00edngua Portuguesa, v\u00e1rias actua\u00e7\u00f5es culturais dos pa\u00edses lus\u00f3fonos e o Desfile de Moda PLP,\u00a0criando-se um ambiente com caracter\u00edsticas lus\u00f3fonas ricas e diversificadas.<\/p>\n<div id=\"attachment_268346\" style=\"width: 1034px\" class=\"wp-caption aligncenter\"><img loading=\"lazy\" decoding=\"async\" aria-describedby=\"caption-attachment-268346\" class=\"wp-image-268346 size-large\" src=\"https:\/\/www.ipim.gov.mo\/wp-content\/uploads\/2019\/10\/ipim-news-20191018-1-1024x377.jpg\" alt=\"ipim-news-20191018-1\" width=\"1024\" height=\"377\" srcset=\"https:\/\/www.ipim.gov.mo\/wp-content\/uploads\/2019\/10\/ipim-news-20191018-1-1024x377.jpg 1024w, https:\/\/www.ipim.gov.mo\/wp-content\/uploads\/2019\/10\/ipim-news-20191018-1-300x110.jpg 300w, https:\/\/www.ipim.gov.mo\/wp-content\/uploads\/2019\/10\/ipim-news-20191018-1-768x283.jpg 768w, https:\/\/www.ipim.gov.mo\/wp-content\/uploads\/2019\/10\/ipim-news-20191018-1-715x263.jpg 715w\" sizes=\"auto, (max-width: 1024px) 100vw, 1024px\" \/><p id=\"caption-attachment-268346\" class=\"wp-caption-text\">A 24.\u00aa Feira Internacional de Macau (24.\u00aa MIF) foi hoje inaugurada<\/p><\/div>\n<div style=\"width: 1034px\" class=\"wp-caption aligncenter\"><img loading=\"lazy\" decoding=\"async\" class=\"wp-image-268347 size-large\" src=\"https:\/\/www.ipim.gov.mo\/wp-content\/uploads\/2019\/10\/ipim-news-20191018-2-1024x379.jpg\" alt=\"ipim-news-20191018-2\" width=\"1024\" height=\"379\" srcset=\"https:\/\/www.ipim.gov.mo\/wp-content\/uploads\/2019\/10\/ipim-news-20191018-2-1024x379.jpg 1024w, https:\/\/www.ipim.gov.mo\/wp-content\/uploads\/2019\/10\/ipim-news-20191018-2-300x111.jpg 300w, https:\/\/www.ipim.gov.mo\/wp-content\/uploads\/2019\/10\/ipim-news-20191018-2-768x285.jpg 768w, https:\/\/www.ipim.gov.mo\/wp-content\/uploads\/2019\/10\/ipim-news-20191018-2-715x265.jpg 715w\" sizes=\"auto, (max-width: 1024px) 100vw, 1024px\" \/><p class=\"wp-caption-text\">A Exposi\u00e7\u00e3o de Produtos e Servi\u00e7os dos Pa\u00edses de L\u00edngua Portuguesa (Macau) 2019 (2019PLPEX) foi hoje inaugurada<\/p><\/div>\n","protected":false},"excerpt":{"rendered":"<p>A 24.\u00aa Feira Internacional de Macau (24.\u00aa MIF) e a Exposi\u00e7\u00e3o de Produtos e Servi\u00e7os dos Pa\u00edses de L\u00edngua Portuguesa (Macau) 2019 (2019PLPEX) foram inauguradas [&hellip;]<\/p>\n","protected":false},"author":1,"featured_media":467868,"comment_status":"closed","ping_status":"closed","sticky":false,"template":"","format":"standard","meta":{"_acf_changed":false,"inline_featured_image":false,"advgb_blocks_editor_width":"","advgb_blocks_columns_visual_guide":"","footnotes":""},"categories":[12],"tags":[],"class_list":["post-268350","post","type-post","status-publish","format-standard","has-post-thumbnail","hentry","category-noticias-do-ipim"],"acf":[],"yoast_head":"<!-- This site is optimized with the Yoast SEO plugin v26.2 - https:\/\/yoast.com\/wordpress\/plugins\/seo\/ -->\r\n<title>[2019\/10\/17] Foram hoje inauguradas a 24.\u00aa Feira Internacional de Macau e a Exposi\u00e7\u00e3o de Produtos e Servi\u00e7os do Pa\u00edses de L\u00edngua Portuguesa (Macau) 2019 Aproveitando o \u201cindicador de vento\u201d do desenvolvimento nacional para construir uma plataforma de emparelhamento eficaz | Commerce and Investment Promotion Institute<\/title>\r\n<meta name=\"robots\" content=\"index, follow, max-snippet:-1, max-image-preview:large, max-video-preview:-1\" \/>\r\n<link rel=\"canonical\" href=\"https:\/\/www.ipim.gov.mo\/pt-pt\/noticias-do-ipim\/20191017-the-24th-macao-international-trade-investment-fair-and-2019-portuguese-speaking-countries-products-and-services-exhibition-macao-kicks-off-following-the-trends-of-national-development\/\" \/>\r\n<meta property=\"og:locale\" content=\"pt_PT\" \/>\r\n<meta property=\"og:type\" content=\"article\" \/>\r\n<meta property=\"og:title\" content=\"[2019\/10\/17] Foram hoje inauguradas a 24.\u00aa Feira Internacional de Macau e a Exposi\u00e7\u00e3o de Produtos e Servi\u00e7os do Pa\u00edses de L\u00edngua Portuguesa (Macau) 2019 Aproveitando o \u201cindicador de vento\u201d do desenvolvimento nacional para construir uma plataforma de emparelhamento eficaz | Commerce and Investment Promotion Institute\" \/>\r\n<meta property=\"og:description\" content=\"A 24.\u00aa Feira Internacional de Macau (24.\u00aa MIF) e a Exposi\u00e7\u00e3o de Produtos e Servi\u00e7os dos Pa\u00edses de L\u00edngua Portuguesa (Macau) 2019 (2019PLPEX) foram inauguradas [&hellip;]\" \/>\r\n<meta property=\"og:url\" content=\"https:\/\/www.ipim.gov.mo\/pt-pt\/noticias-do-ipim\/20191017-the-24th-macao-international-trade-investment-fair-and-2019-portuguese-speaking-countries-products-and-services-exhibition-macao-kicks-off-following-the-trends-of-national-development\/\" \/>\r\n<meta property=\"og:site_name\" content=\"Commerce and Investment Promotion Institute\" \/>\r\n<meta property=\"article:published_time\" content=\"2019-10-16T19:43:36+00:00\" \/>\r\n<meta property=\"article:modified_time\" content=\"2019-10-21T07:50:56+00:00\" \/>\r\n<meta property=\"og:image\" content=\"https:\/\/www.ipim.gov.mo\/wp-content\/uploads\/2024\/07\/ipim-post-default.jpg\" \/>\r\n\t<meta property=\"og:image:width\" content=\"1024\" \/>\r\n\t<meta property=\"og:image:height\" content=\"768\" \/>\r\n\t<meta property=\"og:image:type\" content=\"image\/jpeg\" \/>\r\n<meta name=\"author\" content=\"admin\" \/>\r\n<meta name=\"twitter:card\" content=\"summary_large_image\" \/>\r\n<meta name=\"twitter:label1\" content=\"Written by\" \/>\n\t<meta name=\"twitter:data1\" content=\"admin\" \/>\n\t<meta name=\"twitter:label2\" content=\"Est. reading time\" \/>\n\t<meta name=\"twitter:data2\" content=\"5 minutes\" \/>\r\n<script type=\"application\/ld+json\" class=\"yoast-schema-graph\">{\"@context\":\"https:\/\/schema.org\",\"@graph\":[{\"@type\":\"WebPage\",\"@id\":\"https:\/\/www.ipim.gov.mo\/pt-pt\/noticias-do-ipim\/20191017-the-24th-macao-international-trade-investment-fair-and-2019-portuguese-speaking-countries-products-and-services-exhibition-macao-kicks-off-following-the-trends-of-national-development\/\",\"url\":\"https:\/\/www.ipim.gov.mo\/pt-pt\/noticias-do-ipim\/20191017-the-24th-macao-international-trade-investment-fair-and-2019-portuguese-speaking-countries-products-and-services-exhibition-macao-kicks-off-following-the-trends-of-national-development\/\",\"name\":\"[2019\/10\/17] Foram hoje inauguradas a 24.\u00aa Feira Internacional de Macau e a Exposi\u00e7\u00e3o de Produtos e Servi\u00e7os do Pa\u00edses de L\u00edngua Portuguesa (Macau) 2019 Aproveitando o \u201cindicador de vento\u201d do desenvolvimento nacional para construir uma plataforma de emparelhamento eficaz | Commerce and Investment Promotion Institute\",\"isPartOf\":{\"@id\":\"https:\/\/www.ipim.gov.mo\/zh-hans\/#website\"},\"primaryImageOfPage\":{\"@id\":\"https:\/\/www.ipim.gov.mo\/pt-pt\/noticias-do-ipim\/20191017-the-24th-macao-international-trade-investment-fair-and-2019-portuguese-speaking-countries-products-and-services-exhibition-macao-kicks-off-following-the-trends-of-national-development\/#primaryimage\"},\"image\":{\"@id\":\"https:\/\/www.ipim.gov.mo\/pt-pt\/noticias-do-ipim\/20191017-the-24th-macao-international-trade-investment-fair-and-2019-portuguese-speaking-countries-products-and-services-exhibition-macao-kicks-off-following-the-trends-of-national-development\/#primaryimage\"},\"thumbnailUrl\":\"https:\/\/www.ipim.gov.mo\/wp-content\/uploads\/2024\/07\/ipim-post-default.jpg\",\"datePublished\":\"2019-10-16T19:43:36+00:00\",\"dateModified\":\"2019-10-21T07:50:56+00:00\",\"breadcrumb\":{\"@id\":\"https:\/\/www.ipim.gov.mo\/pt-pt\/noticias-do-ipim\/20191017-the-24th-macao-international-trade-investment-fair-and-2019-portuguese-speaking-countries-products-and-services-exhibition-macao-kicks-off-following-the-trends-of-national-development\/#breadcrumb\"},\"inLanguage\":\"pt-PT\",\"potentialAction\":[{\"@type\":\"ReadAction\",\"target\":[\"https:\/\/www.ipim.gov.mo\/pt-pt\/noticias-do-ipim\/20191017-the-24th-macao-international-trade-investment-fair-and-2019-portuguese-speaking-countries-products-and-services-exhibition-macao-kicks-off-following-the-trends-of-national-development\/\"]}]},{\"@type\":\"ImageObject\",\"inLanguage\":\"pt-PT\",\"@id\":\"https:\/\/www.ipim.gov.mo\/pt-pt\/noticias-do-ipim\/20191017-the-24th-macao-international-trade-investment-fair-and-2019-portuguese-speaking-countries-products-and-services-exhibition-macao-kicks-off-following-the-trends-of-national-development\/#primaryimage\",\"url\":\"https:\/\/www.ipim.gov.mo\/wp-content\/uploads\/2024\/07\/ipim-post-default.jpg\",\"contentUrl\":\"https:\/\/www.ipim.gov.mo\/wp-content\/uploads\/2024\/07\/ipim-post-default.jpg\",\"width\":1024,\"height\":768},{\"@type\":\"BreadcrumbList\",\"@id\":\"https:\/\/www.ipim.gov.mo\/pt-pt\/noticias-do-ipim\/20191017-the-24th-macao-international-trade-investment-fair-and-2019-portuguese-speaking-countries-products-and-services-exhibition-macao-kicks-off-following-the-trends-of-national-development\/#breadcrumb\",\"itemListElement\":[{\"@type\":\"ListItem\",\"position\":1,\"name\":\"Home\",\"item\":\"https:\/\/www.ipim.gov.mo\/pt-pt\/\"},{\"@type\":\"ListItem\",\"position\":2,\"name\":\"[2019\/10\/17] Foram hoje inauguradas a 24.\u00aa Feira Internacional de Macau e a Exposi\u00e7\u00e3o de Produtos e Servi\u00e7os do Pa\u00edses de L\u00edngua Portuguesa (Macau) 2019 Aproveitando o \u201cindicador de vento\u201d do desenvolvimento nacional para construir uma plataforma de emparelhamento eficaz\"}]},{\"@type\":\"WebSite\",\"@id\":\"https:\/\/www.ipim.gov.mo\/zh-hans\/#website\",\"url\":\"https:\/\/www.ipim.gov.mo\/zh-hans\/\",\"name\":\"Commerce and Investment Promotion Institute\",\"description\":\"Commerce and Investment Promotion Institute\",\"publisher\":{\"@id\":\"https:\/\/www.ipim.gov.mo\/zh-hans\/#organization\"},\"potentialAction\":[{\"@type\":\"SearchAction\",\"target\":{\"@type\":\"EntryPoint\",\"urlTemplate\":\"https:\/\/www.ipim.gov.mo\/zh-hans\/?s={search_term_string}\"},\"query-input\":{\"@type\":\"PropertyValueSpecification\",\"valueRequired\":true,\"valueName\":\"search_term_string\"}}],\"inLanguage\":\"pt-PT\"},{\"@type\":\"Organization\",\"@id\":\"https:\/\/www.ipim.gov.mo\/zh-hans\/#organization\",\"name\":\"IPIM\",\"url\":\"https:\/\/www.ipim.gov.mo\/zh-hans\/\",\"logo\":{\"@type\":\"ImageObject\",\"inLanguage\":\"pt-PT\",\"@id\":\"https:\/\/www.ipim.gov.mo\/zh-hans\/#\/schema\/logo\/image\/\",\"url\":\"https:\/\/www.ipim.gov.mo\/wp-content\/uploads\/2022\/10\/default-post-thumbnail-ipim-logo.png\",\"contentUrl\":\"https:\/\/www.ipim.gov.mo\/wp-content\/uploads\/2022\/10\/default-post-thumbnail-ipim-logo.png\",\"width\":1024,\"height\":768,\"caption\":\"IPIM\"},\"image\":{\"@id\":\"https:\/\/www.ipim.gov.mo\/zh-hans\/#\/schema\/logo\/image\/\"}}]}<\/script>\r\n<!-- \/ Yoast SEO plugin. -->","yoast_head_json":{"title":"[2019\/10\/17] Foram hoje inauguradas a 24.\u00aa Feira Internacional de Macau e a Exposi\u00e7\u00e3o de Produtos e Servi\u00e7os do Pa\u00edses de L\u00edngua Portuguesa (Macau) 2019 Aproveitando o \u201cindicador de vento\u201d do desenvolvimento nacional para construir uma plataforma de emparelhamento eficaz | Commerce and Investment Promotion Institute","robots":{"index":"index","follow":"follow","max-snippet":"max-snippet:-1","max-image-preview":"max-image-preview:large","max-video-preview":"max-video-preview:-1"},"canonical":"https:\/\/www.ipim.gov.mo\/pt-pt\/noticias-do-ipim\/20191017-the-24th-macao-international-trade-investment-fair-and-2019-portuguese-speaking-countries-products-and-services-exhibition-macao-kicks-off-following-the-trends-of-national-development\/","og_locale":"pt_PT","og_type":"article","og_title":"[2019\/10\/17] Foram hoje inauguradas a 24.\u00aa Feira Internacional de Macau e a Exposi\u00e7\u00e3o de Produtos e Servi\u00e7os do Pa\u00edses de L\u00edngua Portuguesa (Macau) 2019 Aproveitando o \u201cindicador de vento\u201d do desenvolvimento nacional para construir uma plataforma de emparelhamento eficaz | Commerce and Investment Promotion Institute","og_description":"A 24.\u00aa Feira Internacional de Macau (24.\u00aa MIF) e a Exposi\u00e7\u00e3o de Produtos e Servi\u00e7os dos Pa\u00edses de L\u00edngua Portuguesa (Macau) 2019 (2019PLPEX) foram inauguradas [&hellip;]","og_url":"https:\/\/www.ipim.gov.mo\/pt-pt\/noticias-do-ipim\/20191017-the-24th-macao-international-trade-investment-fair-and-2019-portuguese-speaking-countries-products-and-services-exhibition-macao-kicks-off-following-the-trends-of-national-development\/","og_site_name":"Commerce and Investment Promotion Institute","article_published_time":"2019-10-16T19:43:36+00:00","article_modified_time":"2019-10-21T07:50:56+00:00","og_image":[{"width":1024,"height":768,"url":"https:\/\/www.ipim.gov.mo\/wp-content\/uploads\/2024\/07\/ipim-post-default.jpg","type":"image\/jpeg"}],"author":"admin","twitter_card":"summary_large_image","twitter_misc":{"Written by":"admin","Est. reading time":"5 minutes"},"schema":{"@context":"https:\/\/schema.org","@graph":[{"@type":"WebPage","@id":"https:\/\/www.ipim.gov.mo\/pt-pt\/noticias-do-ipim\/20191017-the-24th-macao-international-trade-investment-fair-and-2019-portuguese-speaking-countries-products-and-services-exhibition-macao-kicks-off-following-the-trends-of-national-development\/","url":"https:\/\/www.ipim.gov.mo\/pt-pt\/noticias-do-ipim\/20191017-the-24th-macao-international-trade-investment-fair-and-2019-portuguese-speaking-countries-products-and-services-exhibition-macao-kicks-off-following-the-trends-of-national-development\/","name":"[2019\/10\/17] Foram hoje inauguradas a 24.\u00aa Feira Internacional de Macau e a Exposi\u00e7\u00e3o de Produtos e Servi\u00e7os do Pa\u00edses de L\u00edngua Portuguesa (Macau) 2019 Aproveitando o \u201cindicador de vento\u201d do desenvolvimento nacional para construir uma plataforma de emparelhamento eficaz | Commerce and Investment Promotion Institute","isPartOf":{"@id":"https:\/\/www.ipim.gov.mo\/zh-hans\/#website"},"primaryImageOfPage":{"@id":"https:\/\/www.ipim.gov.mo\/pt-pt\/noticias-do-ipim\/20191017-the-24th-macao-international-trade-investment-fair-and-2019-portuguese-speaking-countries-products-and-services-exhibition-macao-kicks-off-following-the-trends-of-national-development\/#primaryimage"},"image":{"@id":"https:\/\/www.ipim.gov.mo\/pt-pt\/noticias-do-ipim\/20191017-the-24th-macao-international-trade-investment-fair-and-2019-portuguese-speaking-countries-products-and-services-exhibition-macao-kicks-off-following-the-trends-of-national-development\/#primaryimage"},"thumbnailUrl":"https:\/\/www.ipim.gov.mo\/wp-content\/uploads\/2024\/07\/ipim-post-default.jpg","datePublished":"2019-10-16T19:43:36+00:00","dateModified":"2019-10-21T07:50:56+00:00","breadcrumb":{"@id":"https:\/\/www.ipim.gov.mo\/pt-pt\/noticias-do-ipim\/20191017-the-24th-macao-international-trade-investment-fair-and-2019-portuguese-speaking-countries-products-and-services-exhibition-macao-kicks-off-following-the-trends-of-national-development\/#breadcrumb"},"inLanguage":"pt-PT","potentialAction":[{"@type":"ReadAction","target":["https:\/\/www.ipim.gov.mo\/pt-pt\/noticias-do-ipim\/20191017-the-24th-macao-international-trade-investment-fair-and-2019-portuguese-speaking-countries-products-and-services-exhibition-macao-kicks-off-following-the-trends-of-national-development\/"]}]},{"@type":"ImageObject","inLanguage":"pt-PT","@id":"https:\/\/www.ipim.gov.mo\/pt-pt\/noticias-do-ipim\/20191017-the-24th-macao-international-trade-investment-fair-and-2019-portuguese-speaking-countries-products-and-services-exhibition-macao-kicks-off-following-the-trends-of-national-development\/#primaryimage","url":"https:\/\/www.ipim.gov.mo\/wp-content\/uploads\/2024\/07\/ipim-post-default.jpg","contentUrl":"https:\/\/www.ipim.gov.mo\/wp-content\/uploads\/2024\/07\/ipim-post-default.jpg","width":1024,"height":768},{"@type":"BreadcrumbList","@id":"https:\/\/www.ipim.gov.mo\/pt-pt\/noticias-do-ipim\/20191017-the-24th-macao-international-trade-investment-fair-and-2019-portuguese-speaking-countries-products-and-services-exhibition-macao-kicks-off-following-the-trends-of-national-development\/#breadcrumb","itemListElement":[{"@type":"ListItem","position":1,"name":"Home","item":"https:\/\/www.ipim.gov.mo\/pt-pt\/"},{"@type":"ListItem","position":2,"name":"[2019\/10\/17] Foram hoje inauguradas a 24.\u00aa Feira Internacional de Macau e a Exposi\u00e7\u00e3o de Produtos e Servi\u00e7os do Pa\u00edses de L\u00edngua Portuguesa (Macau) 2019 Aproveitando o \u201cindicador de vento\u201d do desenvolvimento nacional para construir uma plataforma de emparelhamento eficaz"}]},{"@type":"WebSite","@id":"https:\/\/www.ipim.gov.mo\/zh-hans\/#website","url":"https:\/\/www.ipim.gov.mo\/zh-hans\/","name":"Commerce and Investment Promotion Institute","description":"Commerce and Investment Promotion Institute","publisher":{"@id":"https:\/\/www.ipim.gov.mo\/zh-hans\/#organization"},"potentialAction":[{"@type":"SearchAction","target":{"@type":"EntryPoint","urlTemplate":"https:\/\/www.ipim.gov.mo\/zh-hans\/?s={search_term_string}"},"query-input":{"@type":"PropertyValueSpecification","valueRequired":true,"valueName":"search_term_string"}}],"inLanguage":"pt-PT"},{"@type":"Organization","@id":"https:\/\/www.ipim.gov.mo\/zh-hans\/#organization","name":"IPIM","url":"https:\/\/www.ipim.gov.mo\/zh-hans\/","logo":{"@type":"ImageObject","inLanguage":"pt-PT","@id":"https:\/\/www.ipim.gov.mo\/zh-hans\/#\/schema\/logo\/image\/","url":"https:\/\/www.ipim.gov.mo\/wp-content\/uploads\/2022\/10\/default-post-thumbnail-ipim-logo.png","contentUrl":"https:\/\/www.ipim.gov.mo\/wp-content\/uploads\/2022\/10\/default-post-thumbnail-ipim-logo.png","width":1024,"height":768,"caption":"IPIM"},"image":{"@id":"https:\/\/www.ipim.gov.mo\/zh-hans\/#\/schema\/logo\/image\/"}}]}},"author_meta":{"display_name":"admin","author_link":"https:\/\/www.ipim.gov.mo\/pt-pt\/author\/admin\/"},"featured_img":"https:\/\/www.ipim.gov.mo\/wp-content\/uploads\/2024\/07\/ipim-post-default-300x225.jpg","coauthors":[],"tax_additional":{"categories":{"linked":["<a href=\"https:\/\/www.ipim.gov.mo\/pt-pt\/category\/noticias-do-ipim\/\" class=\"advgb-post-tax-term\">Not\u00edcias do IPIM<\/a>"],"unlinked":["<span class=\"advgb-post-tax-term\">Not\u00edcias do IPIM<\/span>"]}},"comment_count":"0","relative_dates":{"created":"Posted 7 years ago","modified":"Updated 7 years ago"},"absolute_dates":{"created":"Posted on Outubro 17, 2019","modified":"Updated on Outubro 21, 2019"},"absolute_dates_time":{"created":"Posted on Outubro 17, 2019 3:43 am","modified":"Updated on Outubro 21, 2019 3:50 pm"},"featured_img_caption":"","series_order":"","_links":{"self":[{"href":"https:\/\/www.ipim.gov.mo\/pt-pt\/wp-json\/wp\/v2\/posts\/268350","targetHints":{"allow":["GET"]}}],"collection":[{"href":"https:\/\/www.ipim.gov.mo\/pt-pt\/wp-json\/wp\/v2\/posts"}],"about":[{"href":"https:\/\/www.ipim.gov.mo\/pt-pt\/wp-json\/wp\/v2\/types\/post"}],"author":[{"embeddable":true,"href":"https:\/\/www.ipim.gov.mo\/pt-pt\/wp-json\/wp\/v2\/users\/1"}],"replies":[{"embeddable":true,"href":"https:\/\/www.ipim.gov.mo\/pt-pt\/wp-json\/wp\/v2\/comments?post=268350"}],"version-history":[{"count":0,"href":"https:\/\/www.ipim.gov.mo\/pt-pt\/wp-json\/wp\/v2\/posts\/268350\/revisions"}],"wp:featuredmedia":[{"embeddable":true,"href":"https:\/\/www.ipim.gov.mo\/pt-pt\/wp-json\/wp\/v2\/media\/467868"}],"wp:attachment":[{"href":"https:\/\/www.ipim.gov.mo\/pt-pt\/wp-json\/wp\/v2\/media?parent=268350"}],"wp:term":[{"taxonomy":"category","embeddable":true,"href":"https:\/\/www.ipim.gov.mo\/pt-pt\/wp-json\/wp\/v2\/categories?post=268350"},{"taxonomy":"post_tag","embeddable":true,"href":"https:\/\/www.ipim.gov.mo\/pt-pt\/wp-json\/wp\/v2\/tags?post=268350"}],"curies":[{"name":"wp","href":"https:\/\/api.w.org\/{rel}","templated":true}]}}