{"id":267947,"date":"2019-10-08T18:35:20","date_gmt":"2019-10-08T10:35:20","guid":{"rendered":"https:\/\/www.ipim.gov.mo\/pt-pt\/201910082019%e5%a4%ae%e4%bc%81%e6%94%af%e6%8c%81%e6%be%b3%e9%96%80%e4%b8%ad%e8%91%a1%e5%b9%b3%e5%8f%b0%e5%bb%ba%e8%a8%ad%e9%ab%98%e5%b3%b0%e6%9c%83%e5%b0%87%e6%96%bc10%e6%9c%8816%e6%97%a5\/"},"modified":"2019-10-08T18:40:10","modified_gmt":"2019-10-08T10:40:10","slug":"201910082019%e5%a4%ae%e4%bc%81%e6%94%af%e6%8c%81%e6%be%b3%e9%96%80%e4%b8%ad%e8%91%a1%e5%b9%b3%e5%8f%b0%e5%bb%ba%e8%a8%ad%e9%ab%98%e5%b3%b0%e6%9c%83%e5%b0%87%e6%96%bc10%e6%9c%8816%e6%97%a5","status":"publish","type":"post","link":"https:\/\/www.ipim.gov.mo\/pt-pt\/noticias-do-ipim\/201910082019%e5%a4%ae%e4%bc%81%e6%94%af%e6%8c%81%e6%be%b3%e9%96%80%e4%b8%ad%e8%91%a1%e5%b9%b3%e5%8f%b0%e5%bb%ba%e8%a8%ad%e9%ab%98%e5%b3%b0%e6%9c%83%e5%b0%87%e6%96%bc10%e6%9c%8816%e6%97%a5\/","title":{"rendered":"[2019\/10\/08]A \u201cCimeira sobre a constru\u00e7\u00e3o da Plataforma de Servi\u00e7os para a Coopera\u00e7\u00e3o Comercial entre a China e os Pa\u00edses de L\u00edngua Portuguesa de Macau, apoiada pelas Empresas P\u00fablicas Centrais da China 2019\u201d realiza-se no dia 16 de Outubro"},"content":{"rendered":"<p>A \u201cCimeira sobre a constru\u00e7\u00e3o da Plataforma de Servi\u00e7os para a Coopera\u00e7\u00e3o Comercial entre a China e os Pa\u00edses de L\u00edngua Portuguesa de Macau, apoiada pelas Empresas P\u00fablicas Centrais da China 2019\u201d decorrer\u00e1 em Macau, no dia 16 de Outubro. Sob o tema \u201cAvan\u00e7ando para Uma Nova Era de Coopera\u00e7\u00e3o e Explorando as Novas Oportunidades de Desenvolvimento\u201d, o evento \u00e9 organizado pelo Governo da Regi\u00e3o Administrativa Especial de Macau (RAEM) e pela Comiss\u00e3o de Supervis\u00e3o e Administra\u00e7\u00e3o de Activos Estatais do Conselho de Estado da China, coordenado pela Secretaria para a Economia e Finan\u00e7as do Governo da RAEM, apoiado pelo Gabinete de Liga\u00e7\u00e3o do Governo Popular Central na RAEM e co-organizado pelo Instituto de Promo\u00e7\u00e3o do Com\u00e9rcio e do Investimento de Macau (IPIM).<\/p>\n<p>O 12.\u00ba e o 13.\u00ba Planos Quinquenais definidos pelo Governo Central da China manifestaram apoio inequ\u00edvoco a Macau em construir a \u201cPlataforma de Servi\u00e7os para a Coopera\u00e7\u00e3o Comercial entre a China e os Pa\u00edses de L\u00edngua Portuguesa\u201d. Com um forte apoio do Governo Central, o Governo da RAEM avan\u00e7ou activamente com o impulso e desempenho do papel de plataforma sino-lus\u00f3fona, enquanto participou e contribuiu para a implementa\u00e7\u00e3o da Iniciativa \u201cFaixa e Rota\u201d, promovendo o papel de Macau como motor conforme as Linhas Gerais do Planeamento para o Desenvolvimento da Grande Ba\u00eda Guangdong-Hong Kong-Macau, visando impulsionar o desenvolvimento da diversifica\u00e7\u00e3o adequada da economia local.<\/p>\n<p>Face ao efeito positivo resultante da Cimeira realizada em 2017 pela primeira vez, a presente edi\u00e7\u00e3o ir\u00e1 convidar cerca de 400 representantes dos minist\u00e9rios e comiss\u00f5es do Governo Central, empresas p\u00fablicas centrais, empresas dos pa\u00edses de l\u00edngua portuguesa, empresas locais e associa\u00e7\u00f5es comerciais, entre outros organismos e institui\u00e7\u00f5es. V\u00e3o realizar-se discursos tem\u00e1ticos, cerim\u00f3nia de assinatura de acordos e pain\u00e9is de discuss\u00e3o, designadamente pain\u00e9is dedicados a infraestruturas, finan\u00e7as caracter\u00edsticas e inova\u00e7\u00e3o tecnol\u00f3gica. O evento pretende aproveitar a oportunidade para refor\u00e7ar o interc\u00e2mbio e interac\u00e7\u00e3o entre as empresas p\u00fablicas centrais e as empresas de Macau, tirando partido das vantagens das empresas estatais centrais como a integra\u00e7\u00e3o de capitais e talentos, tecnologia inovadora, rede ampla e vasta experi\u00eancia, para potenciar Macau enquanto plataforma sino-lus\u00f3fona. Visa ainda promover activamente as empresas estatais centrais, empresas lus\u00f3fonas e as de Macau na expans\u00e3o do mercado em colabora\u00e7\u00e3o, para procurarem oportunidades de coopera\u00e7\u00e3o e introduzirem capital externo e desenvolverem neg\u00f3cios no estrangeiro.<\/p>\n<p style=\"text-align: center;\"><img loading=\"lazy\" decoding=\"async\" class=\"alignnone size-large wp-image-267942\" src=\"https:\/\/www.ipim.gov.mo\/wp-content\/uploads\/2019\/10\/1_resized-1024x682.jpg\" alt=\"1_resized\" width=\"1024\" height=\"682\" srcset=\"https:\/\/www.ipim.gov.mo\/wp-content\/uploads\/2019\/10\/1_resized-1024x682.jpg 1024w, https:\/\/www.ipim.gov.mo\/wp-content\/uploads\/2019\/10\/1_resized-300x200.jpg 300w, https:\/\/www.ipim.gov.mo\/wp-content\/uploads\/2019\/10\/1_resized-768x512.jpg 768w, https:\/\/www.ipim.gov.mo\/wp-content\/uploads\/2019\/10\/1_resized-715x477.jpg 715w, https:\/\/www.ipim.gov.mo\/wp-content\/uploads\/2019\/10\/1_resized.jpg 2000w\" sizes=\"auto, (max-width: 1024px) 100vw, 1024px\" \/><\/p>\n<p style=\"text-align: center;\">A \u201cCimeira sobre a constru\u00e7\u00e3o da Plataforma de Servi\u00e7os para a Coopera\u00e7\u00e3o Comercial entre a China e os Pa\u00edses de L\u00edngua Portuguesa de Macau, apoiada pelas Empresas P\u00fablicas Centrais da China\u201d em 2017 contou com a participa\u00e7\u00e3o de v\u00e1rias empresas do Interior da China, dos pa\u00edses de l\u00edngua portuguesa e de Macau<\/p>\n","protected":false},"excerpt":{"rendered":"<p>A \u201cCimeira sobre a constru\u00e7\u00e3o da Plataforma de Servi\u00e7os para a Coopera\u00e7\u00e3o Comercial entre a China e os Pa\u00edses de L\u00edngua Portuguesa de Macau, apoiada [&hellip;]<\/p>\n","protected":false},"author":3,"featured_media":467868,"comment_status":"closed","ping_status":"closed","sticky":false,"template":"","format":"standard","meta":{"_acf_changed":false,"inline_featured_image":false,"advgb_blocks_editor_width":"","advgb_blocks_columns_visual_guide":"","footnotes":""},"categories":[12],"tags":[],"class_list":["post-267947","post","type-post","status-publish","format-standard","has-post-thumbnail","hentry","category-noticias-do-ipim"],"acf":[],"yoast_head":"<!-- This site is optimized with the Yoast SEO plugin v26.2 - https:\/\/yoast.com\/wordpress\/plugins\/seo\/ -->\r\n<title>[2019\/10\/08]A \u201cCimeira sobre a constru\u00e7\u00e3o da Plataforma de Servi\u00e7os para a Coopera\u00e7\u00e3o Comercial entre a China e os Pa\u00edses de L\u00edngua Portuguesa de Macau, apoiada pelas Empresas P\u00fablicas Centrais da China 2019\u201d realiza-se no dia 16 de Outubro | Commerce and Investment Promotion Institute<\/title>\r\n<meta name=\"robots\" content=\"index, follow, max-snippet:-1, max-image-preview:large, max-video-preview:-1\" \/>\r\n<link rel=\"canonical\" href=\"https:\/\/www.ipim.gov.mo\/pt-pt\/noticias-do-ipim\/201910082019\u592e\u4f01\u652f\u6301\u6fb3\u9580\u4e2d\u8461\u5e73\u53f0\u5efa\u8a2d\u9ad8\u5cf0\u6703\u5c07\u65bc10\u670816\u65e5\/\" \/>\r\n<meta property=\"og:locale\" content=\"pt_PT\" \/>\r\n<meta property=\"og:type\" content=\"article\" \/>\r\n<meta property=\"og:title\" content=\"[2019\/10\/08]A \u201cCimeira sobre a constru\u00e7\u00e3o da Plataforma de Servi\u00e7os para a Coopera\u00e7\u00e3o Comercial entre a China e os Pa\u00edses de L\u00edngua Portuguesa de Macau, apoiada pelas Empresas P\u00fablicas Centrais da China 2019\u201d realiza-se no dia 16 de Outubro | Commerce and Investment Promotion Institute\" \/>\r\n<meta property=\"og:description\" content=\"A \u201cCimeira sobre a constru\u00e7\u00e3o da Plataforma de Servi\u00e7os para a Coopera\u00e7\u00e3o Comercial entre a China e os Pa\u00edses de L\u00edngua Portuguesa de Macau, apoiada [&hellip;]\" \/>\r\n<meta property=\"og:url\" content=\"https:\/\/www.ipim.gov.mo\/pt-pt\/noticias-do-ipim\/201910082019\u592e\u4f01\u652f\u6301\u6fb3\u9580\u4e2d\u8461\u5e73\u53f0\u5efa\u8a2d\u9ad8\u5cf0\u6703\u5c07\u65bc10\u670816\u65e5\/\" \/>\r\n<meta property=\"og:site_name\" content=\"Commerce and Investment Promotion Institute\" \/>\r\n<meta property=\"article:published_time\" content=\"2019-10-08T10:35:20+00:00\" \/>\r\n<meta property=\"article:modified_time\" content=\"2019-10-08T10:40:10+00:00\" \/>\r\n<meta property=\"og:image\" content=\"https:\/\/www.ipim.gov.mo\/wp-content\/uploads\/2024\/07\/ipim-post-default.jpg\" \/>\r\n\t<meta property=\"og:image:width\" content=\"1024\" \/>\r\n\t<meta property=\"og:image:height\" content=\"768\" \/>\r\n\t<meta property=\"og:image:type\" content=\"image\/jpeg\" \/>\r\n<meta name=\"author\" content=\"IPIM\" \/>\r\n<meta name=\"twitter:card\" content=\"summary_large_image\" \/>\r\n<meta name=\"twitter:label1\" content=\"Written by\" \/>\n\t<meta name=\"twitter:data1\" content=\"IPIM\" \/>\n\t<meta name=\"twitter:label2\" content=\"Est. reading time\" \/>\n\t<meta name=\"twitter:data2\" content=\"2 minutes\" \/>\r\n<script type=\"application\/ld+json\" class=\"yoast-schema-graph\">{\"@context\":\"https:\/\/schema.org\",\"@graph\":[{\"@type\":\"WebPage\",\"@id\":\"https:\/\/www.ipim.gov.mo\/pt-pt\/noticias-do-ipim\/201910082019%e5%a4%ae%e4%bc%81%e6%94%af%e6%8c%81%e6%be%b3%e9%96%80%e4%b8%ad%e8%91%a1%e5%b9%b3%e5%8f%b0%e5%bb%ba%e8%a8%ad%e9%ab%98%e5%b3%b0%e6%9c%83%e5%b0%87%e6%96%bc10%e6%9c%8816%e6%97%a5\/\",\"url\":\"https:\/\/www.ipim.gov.mo\/pt-pt\/noticias-do-ipim\/201910082019%e5%a4%ae%e4%bc%81%e6%94%af%e6%8c%81%e6%be%b3%e9%96%80%e4%b8%ad%e8%91%a1%e5%b9%b3%e5%8f%b0%e5%bb%ba%e8%a8%ad%e9%ab%98%e5%b3%b0%e6%9c%83%e5%b0%87%e6%96%bc10%e6%9c%8816%e6%97%a5\/\",\"name\":\"[2019\/10\/08]A \u201cCimeira sobre a constru\u00e7\u00e3o da Plataforma de Servi\u00e7os para a Coopera\u00e7\u00e3o Comercial entre a China e os Pa\u00edses de L\u00edngua Portuguesa de Macau, apoiada pelas Empresas P\u00fablicas Centrais da China 2019\u201d realiza-se no dia 16 de Outubro | Commerce and Investment Promotion Institute\",\"isPartOf\":{\"@id\":\"https:\/\/www.ipim.gov.mo\/zh-hans\/#website\"},\"primaryImageOfPage\":{\"@id\":\"https:\/\/www.ipim.gov.mo\/pt-pt\/noticias-do-ipim\/201910082019%e5%a4%ae%e4%bc%81%e6%94%af%e6%8c%81%e6%be%b3%e9%96%80%e4%b8%ad%e8%91%a1%e5%b9%b3%e5%8f%b0%e5%bb%ba%e8%a8%ad%e9%ab%98%e5%b3%b0%e6%9c%83%e5%b0%87%e6%96%bc10%e6%9c%8816%e6%97%a5\/#primaryimage\"},\"image\":{\"@id\":\"https:\/\/www.ipim.gov.mo\/pt-pt\/noticias-do-ipim\/201910082019%e5%a4%ae%e4%bc%81%e6%94%af%e6%8c%81%e6%be%b3%e9%96%80%e4%b8%ad%e8%91%a1%e5%b9%b3%e5%8f%b0%e5%bb%ba%e8%a8%ad%e9%ab%98%e5%b3%b0%e6%9c%83%e5%b0%87%e6%96%bc10%e6%9c%8816%e6%97%a5\/#primaryimage\"},\"thumbnailUrl\":\"https:\/\/www.ipim.gov.mo\/wp-content\/uploads\/2024\/07\/ipim-post-default.jpg\",\"datePublished\":\"2019-10-08T10:35:20+00:00\",\"dateModified\":\"2019-10-08T10:40:10+00:00\",\"breadcrumb\":{\"@id\":\"https:\/\/www.ipim.gov.mo\/pt-pt\/noticias-do-ipim\/201910082019%e5%a4%ae%e4%bc%81%e6%94%af%e6%8c%81%e6%be%b3%e9%96%80%e4%b8%ad%e8%91%a1%e5%b9%b3%e5%8f%b0%e5%bb%ba%e8%a8%ad%e9%ab%98%e5%b3%b0%e6%9c%83%e5%b0%87%e6%96%bc10%e6%9c%8816%e6%97%a5\/#breadcrumb\"},\"inLanguage\":\"pt-PT\",\"potentialAction\":[{\"@type\":\"ReadAction\",\"target\":[\"https:\/\/www.ipim.gov.mo\/pt-pt\/noticias-do-ipim\/201910082019%e5%a4%ae%e4%bc%81%e6%94%af%e6%8c%81%e6%be%b3%e9%96%80%e4%b8%ad%e8%91%a1%e5%b9%b3%e5%8f%b0%e5%bb%ba%e8%a8%ad%e9%ab%98%e5%b3%b0%e6%9c%83%e5%b0%87%e6%96%bc10%e6%9c%8816%e6%97%a5\/\"]}]},{\"@type\":\"ImageObject\",\"inLanguage\":\"pt-PT\",\"@id\":\"https:\/\/www.ipim.gov.mo\/pt-pt\/noticias-do-ipim\/201910082019%e5%a4%ae%e4%bc%81%e6%94%af%e6%8c%81%e6%be%b3%e9%96%80%e4%b8%ad%e8%91%a1%e5%b9%b3%e5%8f%b0%e5%bb%ba%e8%a8%ad%e9%ab%98%e5%b3%b0%e6%9c%83%e5%b0%87%e6%96%bc10%e6%9c%8816%e6%97%a5\/#primaryimage\",\"url\":\"https:\/\/www.ipim.gov.mo\/wp-content\/uploads\/2024\/07\/ipim-post-default.jpg\",\"contentUrl\":\"https:\/\/www.ipim.gov.mo\/wp-content\/uploads\/2024\/07\/ipim-post-default.jpg\",\"width\":1024,\"height\":768},{\"@type\":\"BreadcrumbList\",\"@id\":\"https:\/\/www.ipim.gov.mo\/pt-pt\/noticias-do-ipim\/201910082019%e5%a4%ae%e4%bc%81%e6%94%af%e6%8c%81%e6%be%b3%e9%96%80%e4%b8%ad%e8%91%a1%e5%b9%b3%e5%8f%b0%e5%bb%ba%e8%a8%ad%e9%ab%98%e5%b3%b0%e6%9c%83%e5%b0%87%e6%96%bc10%e6%9c%8816%e6%97%a5\/#breadcrumb\",\"itemListElement\":[{\"@type\":\"ListItem\",\"position\":1,\"name\":\"Home\",\"item\":\"https:\/\/www.ipim.gov.mo\/pt-pt\/\"},{\"@type\":\"ListItem\",\"position\":2,\"name\":\"[2019\/10\/08]A \u201cCimeira sobre a constru\u00e7\u00e3o da Plataforma de Servi\u00e7os para a Coopera\u00e7\u00e3o Comercial entre a China e os Pa\u00edses de L\u00edngua Portuguesa de Macau, apoiada pelas Empresas P\u00fablicas Centrais da China 2019\u201d realiza-se no dia 16 de Outubro\"}]},{\"@type\":\"WebSite\",\"@id\":\"https:\/\/www.ipim.gov.mo\/zh-hans\/#website\",\"url\":\"https:\/\/www.ipim.gov.mo\/zh-hans\/\",\"name\":\"Commerce and Investment Promotion Institute\",\"description\":\"Commerce and Investment Promotion Institute\",\"publisher\":{\"@id\":\"https:\/\/www.ipim.gov.mo\/zh-hans\/#organization\"},\"potentialAction\":[{\"@type\":\"SearchAction\",\"target\":{\"@type\":\"EntryPoint\",\"urlTemplate\":\"https:\/\/www.ipim.gov.mo\/zh-hans\/?s={search_term_string}\"},\"query-input\":{\"@type\":\"PropertyValueSpecification\",\"valueRequired\":true,\"valueName\":\"search_term_string\"}}],\"inLanguage\":\"pt-PT\"},{\"@type\":\"Organization\",\"@id\":\"https:\/\/www.ipim.gov.mo\/zh-hans\/#organization\",\"name\":\"IPIM\",\"url\":\"https:\/\/www.ipim.gov.mo\/zh-hans\/\",\"logo\":{\"@type\":\"ImageObject\",\"inLanguage\":\"pt-PT\",\"@id\":\"https:\/\/www.ipim.gov.mo\/zh-hans\/#\/schema\/logo\/image\/\",\"url\":\"https:\/\/www.ipim.gov.mo\/wp-content\/uploads\/2022\/10\/default-post-thumbnail-ipim-logo.png\",\"contentUrl\":\"https:\/\/www.ipim.gov.mo\/wp-content\/uploads\/2022\/10\/default-post-thumbnail-ipim-logo.png\",\"width\":1024,\"height\":768,\"caption\":\"IPIM\"},\"image\":{\"@id\":\"https:\/\/www.ipim.gov.mo\/zh-hans\/#\/schema\/logo\/image\/\"}}]}<\/script>\r\n<!-- \/ Yoast SEO plugin. -->","yoast_head_json":{"title":"[2019\/10\/08]A \u201cCimeira sobre a constru\u00e7\u00e3o da Plataforma de Servi\u00e7os para a Coopera\u00e7\u00e3o Comercial entre a China e os Pa\u00edses de L\u00edngua Portuguesa de Macau, apoiada pelas Empresas P\u00fablicas Centrais da China 2019\u201d realiza-se no dia 16 de Outubro | Commerce and Investment Promotion Institute","robots":{"index":"index","follow":"follow","max-snippet":"max-snippet:-1","max-image-preview":"max-image-preview:large","max-video-preview":"max-video-preview:-1"},"canonical":"https:\/\/www.ipim.gov.mo\/pt-pt\/noticias-do-ipim\/201910082019\u592e\u4f01\u652f\u6301\u6fb3\u9580\u4e2d\u8461\u5e73\u53f0\u5efa\u8a2d\u9ad8\u5cf0\u6703\u5c07\u65bc10\u670816\u65e5\/","og_locale":"pt_PT","og_type":"article","og_title":"[2019\/10\/08]A \u201cCimeira sobre a constru\u00e7\u00e3o da Plataforma de Servi\u00e7os para a Coopera\u00e7\u00e3o Comercial entre a China e os Pa\u00edses de L\u00edngua Portuguesa de Macau, apoiada pelas Empresas P\u00fablicas Centrais da China 2019\u201d realiza-se no dia 16 de Outubro | Commerce and Investment Promotion Institute","og_description":"A \u201cCimeira sobre a constru\u00e7\u00e3o da Plataforma de Servi\u00e7os para a Coopera\u00e7\u00e3o Comercial entre a China e os Pa\u00edses de L\u00edngua Portuguesa de Macau, apoiada [&hellip;]","og_url":"https:\/\/www.ipim.gov.mo\/pt-pt\/noticias-do-ipim\/201910082019\u592e\u4f01\u652f\u6301\u6fb3\u9580\u4e2d\u8461\u5e73\u53f0\u5efa\u8a2d\u9ad8\u5cf0\u6703\u5c07\u65bc10\u670816\u65e5\/","og_site_name":"Commerce and Investment Promotion Institute","article_published_time":"2019-10-08T10:35:20+00:00","article_modified_time":"2019-10-08T10:40:10+00:00","og_image":[{"width":1024,"height":768,"url":"https:\/\/www.ipim.gov.mo\/wp-content\/uploads\/2024\/07\/ipim-post-default.jpg","type":"image\/jpeg"}],"author":"IPIM","twitter_card":"summary_large_image","twitter_misc":{"Written by":"IPIM","Est. reading time":"2 minutes"},"schema":{"@context":"https:\/\/schema.org","@graph":[{"@type":"WebPage","@id":"https:\/\/www.ipim.gov.mo\/pt-pt\/noticias-do-ipim\/201910082019%e5%a4%ae%e4%bc%81%e6%94%af%e6%8c%81%e6%be%b3%e9%96%80%e4%b8%ad%e8%91%a1%e5%b9%b3%e5%8f%b0%e5%bb%ba%e8%a8%ad%e9%ab%98%e5%b3%b0%e6%9c%83%e5%b0%87%e6%96%bc10%e6%9c%8816%e6%97%a5\/","url":"https:\/\/www.ipim.gov.mo\/pt-pt\/noticias-do-ipim\/201910082019%e5%a4%ae%e4%bc%81%e6%94%af%e6%8c%81%e6%be%b3%e9%96%80%e4%b8%ad%e8%91%a1%e5%b9%b3%e5%8f%b0%e5%bb%ba%e8%a8%ad%e9%ab%98%e5%b3%b0%e6%9c%83%e5%b0%87%e6%96%bc10%e6%9c%8816%e6%97%a5\/","name":"[2019\/10\/08]A \u201cCimeira sobre a constru\u00e7\u00e3o da Plataforma de Servi\u00e7os para a Coopera\u00e7\u00e3o Comercial entre a China e os Pa\u00edses de L\u00edngua Portuguesa de Macau, apoiada pelas Empresas P\u00fablicas Centrais da China 2019\u201d realiza-se no dia 16 de Outubro | Commerce and Investment Promotion Institute","isPartOf":{"@id":"https:\/\/www.ipim.gov.mo\/zh-hans\/#website"},"primaryImageOfPage":{"@id":"https:\/\/www.ipim.gov.mo\/pt-pt\/noticias-do-ipim\/201910082019%e5%a4%ae%e4%bc%81%e6%94%af%e6%8c%81%e6%be%b3%e9%96%80%e4%b8%ad%e8%91%a1%e5%b9%b3%e5%8f%b0%e5%bb%ba%e8%a8%ad%e9%ab%98%e5%b3%b0%e6%9c%83%e5%b0%87%e6%96%bc10%e6%9c%8816%e6%97%a5\/#primaryimage"},"image":{"@id":"https:\/\/www.ipim.gov.mo\/pt-pt\/noticias-do-ipim\/201910082019%e5%a4%ae%e4%bc%81%e6%94%af%e6%8c%81%e6%be%b3%e9%96%80%e4%b8%ad%e8%91%a1%e5%b9%b3%e5%8f%b0%e5%bb%ba%e8%a8%ad%e9%ab%98%e5%b3%b0%e6%9c%83%e5%b0%87%e6%96%bc10%e6%9c%8816%e6%97%a5\/#primaryimage"},"thumbnailUrl":"https:\/\/www.ipim.gov.mo\/wp-content\/uploads\/2024\/07\/ipim-post-default.jpg","datePublished":"2019-10-08T10:35:20+00:00","dateModified":"2019-10-08T10:40:10+00:00","breadcrumb":{"@id":"https:\/\/www.ipim.gov.mo\/pt-pt\/noticias-do-ipim\/201910082019%e5%a4%ae%e4%bc%81%e6%94%af%e6%8c%81%e6%be%b3%e9%96%80%e4%b8%ad%e8%91%a1%e5%b9%b3%e5%8f%b0%e5%bb%ba%e8%a8%ad%e9%ab%98%e5%b3%b0%e6%9c%83%e5%b0%87%e6%96%bc10%e6%9c%8816%e6%97%a5\/#breadcrumb"},"inLanguage":"pt-PT","potentialAction":[{"@type":"ReadAction","target":["https:\/\/www.ipim.gov.mo\/pt-pt\/noticias-do-ipim\/201910082019%e5%a4%ae%e4%bc%81%e6%94%af%e6%8c%81%e6%be%b3%e9%96%80%e4%b8%ad%e8%91%a1%e5%b9%b3%e5%8f%b0%e5%bb%ba%e8%a8%ad%e9%ab%98%e5%b3%b0%e6%9c%83%e5%b0%87%e6%96%bc10%e6%9c%8816%e6%97%a5\/"]}]},{"@type":"ImageObject","inLanguage":"pt-PT","@id":"https:\/\/www.ipim.gov.mo\/pt-pt\/noticias-do-ipim\/201910082019%e5%a4%ae%e4%bc%81%e6%94%af%e6%8c%81%e6%be%b3%e9%96%80%e4%b8%ad%e8%91%a1%e5%b9%b3%e5%8f%b0%e5%bb%ba%e8%a8%ad%e9%ab%98%e5%b3%b0%e6%9c%83%e5%b0%87%e6%96%bc10%e6%9c%8816%e6%97%a5\/#primaryimage","url":"https:\/\/www.ipim.gov.mo\/wp-content\/uploads\/2024\/07\/ipim-post-default.jpg","contentUrl":"https:\/\/www.ipim.gov.mo\/wp-content\/uploads\/2024\/07\/ipim-post-default.jpg","width":1024,"height":768},{"@type":"BreadcrumbList","@id":"https:\/\/www.ipim.gov.mo\/pt-pt\/noticias-do-ipim\/201910082019%e5%a4%ae%e4%bc%81%e6%94%af%e6%8c%81%e6%be%b3%e9%96%80%e4%b8%ad%e8%91%a1%e5%b9%b3%e5%8f%b0%e5%bb%ba%e8%a8%ad%e9%ab%98%e5%b3%b0%e6%9c%83%e5%b0%87%e6%96%bc10%e6%9c%8816%e6%97%a5\/#breadcrumb","itemListElement":[{"@type":"ListItem","position":1,"name":"Home","item":"https:\/\/www.ipim.gov.mo\/pt-pt\/"},{"@type":"ListItem","position":2,"name":"[2019\/10\/08]A \u201cCimeira sobre a constru\u00e7\u00e3o da Plataforma de Servi\u00e7os para a Coopera\u00e7\u00e3o Comercial entre a China e os Pa\u00edses de L\u00edngua Portuguesa de Macau, apoiada pelas Empresas P\u00fablicas Centrais da China 2019\u201d realiza-se no dia 16 de Outubro"}]},{"@type":"WebSite","@id":"https:\/\/www.ipim.gov.mo\/zh-hans\/#website","url":"https:\/\/www.ipim.gov.mo\/zh-hans\/","name":"Commerce and Investment Promotion Institute","description":"Commerce and Investment Promotion Institute","publisher":{"@id":"https:\/\/www.ipim.gov.mo\/zh-hans\/#organization"},"potentialAction":[{"@type":"SearchAction","target":{"@type":"EntryPoint","urlTemplate":"https:\/\/www.ipim.gov.mo\/zh-hans\/?s={search_term_string}"},"query-input":{"@type":"PropertyValueSpecification","valueRequired":true,"valueName":"search_term_string"}}],"inLanguage":"pt-PT"},{"@type":"Organization","@id":"https:\/\/www.ipim.gov.mo\/zh-hans\/#organization","name":"IPIM","url":"https:\/\/www.ipim.gov.mo\/zh-hans\/","logo":{"@type":"ImageObject","inLanguage":"pt-PT","@id":"https:\/\/www.ipim.gov.mo\/zh-hans\/#\/schema\/logo\/image\/","url":"https:\/\/www.ipim.gov.mo\/wp-content\/uploads\/2022\/10\/default-post-thumbnail-ipim-logo.png","contentUrl":"https:\/\/www.ipim.gov.mo\/wp-content\/uploads\/2022\/10\/default-post-thumbnail-ipim-logo.png","width":1024,"height":768,"caption":"IPIM"},"image":{"@id":"https:\/\/www.ipim.gov.mo\/zh-hans\/#\/schema\/logo\/image\/"}}]}},"author_meta":{"display_name":"IPIM","author_link":"https:\/\/www.ipim.gov.mo\/pt-pt\/author\/ipim-trainer\/"},"featured_img":"https:\/\/www.ipim.gov.mo\/wp-content\/uploads\/2024\/07\/ipim-post-default-300x225.jpg","coauthors":[],"tax_additional":{"categories":{"linked":["<a href=\"https:\/\/www.ipim.gov.mo\/pt-pt\/category\/noticias-do-ipim\/\" class=\"advgb-post-tax-term\">Not\u00edcias do IPIM<\/a>"],"unlinked":["<span class=\"advgb-post-tax-term\">Not\u00edcias do IPIM<\/span>"]}},"comment_count":"0","relative_dates":{"created":"Posted 7 years ago","modified":"Updated 7 years ago"},"absolute_dates":{"created":"Posted on Outubro 8, 2019","modified":"Updated on Outubro 8, 2019"},"absolute_dates_time":{"created":"Posted on Outubro 8, 2019 6:35 pm","modified":"Updated on Outubro 8, 2019 6:40 pm"},"featured_img_caption":"","series_order":"","_links":{"self":[{"href":"https:\/\/www.ipim.gov.mo\/pt-pt\/wp-json\/wp\/v2\/posts\/267947","targetHints":{"allow":["GET"]}}],"collection":[{"href":"https:\/\/www.ipim.gov.mo\/pt-pt\/wp-json\/wp\/v2\/posts"}],"about":[{"href":"https:\/\/www.ipim.gov.mo\/pt-pt\/wp-json\/wp\/v2\/types\/post"}],"author":[{"embeddable":true,"href":"https:\/\/www.ipim.gov.mo\/pt-pt\/wp-json\/wp\/v2\/users\/3"}],"replies":[{"embeddable":true,"href":"https:\/\/www.ipim.gov.mo\/pt-pt\/wp-json\/wp\/v2\/comments?post=267947"}],"version-history":[{"count":0,"href":"https:\/\/www.ipim.gov.mo\/pt-pt\/wp-json\/wp\/v2\/posts\/267947\/revisions"}],"wp:featuredmedia":[{"embeddable":true,"href":"https:\/\/www.ipim.gov.mo\/pt-pt\/wp-json\/wp\/v2\/media\/467868"}],"wp:attachment":[{"href":"https:\/\/www.ipim.gov.mo\/pt-pt\/wp-json\/wp\/v2\/media?parent=267947"}],"wp:term":[{"taxonomy":"category","embeddable":true,"href":"https:\/\/www.ipim.gov.mo\/pt-pt\/wp-json\/wp\/v2\/categories?post=267947"},{"taxonomy":"post_tag","embeddable":true,"href":"https:\/\/www.ipim.gov.mo\/pt-pt\/wp-json\/wp\/v2\/tags?post=267947"}],"curies":[{"name":"wp","href":"https:\/\/api.w.org\/{rel}","templated":true}]}}